{"id":98374,"date":"2025-05-27T13:41:13","date_gmt":"2025-05-27T10:41:13","guid":{"rendered":"https:\/\/denizcankizil.tr\/uncategorized-tr\/50-kilo-midye-ele-gecirildi\/"},"modified":"2025-05-27T13:41:13","modified_gmt":"2025-05-27T10:41:13","slug":"50-kilo-midye-ele-gecirildi","status":"publish","type":"post","link":"http:\/\/denizcankizil.tr\/ru\/haberler\/antalya\/50-kilo-midye-ele-gecirildi\/","title":{"rendered":"50 kilo midye ele ge\u00e7irildi"},"content":{"rendered":"<p>Alanya Belediyesi Zab\u0131ta M\u00fcd\u00fcrl\u00fc\u011f\u00fc ekipleri, kentin huzuru ve halk sa\u011fl\u0131\u011f\u0131n\u0131 korumak i\u00e7in \u00e7al\u0131\u015fmalar\u0131n\u0131 s\u00fcrd\u00fcr\u00fcyor. Alanya genelinde denetimlerine devam eden ekipler, gelen \u015fik\u00e2yetlere de an\u0131nda d\u00f6n\u00fc\u015f yaparak gerekli i\u015flemleri uyguluyor.<br \/>\nZab\u0131ta ekipleri, teknik takip sonucu \u015fehirleraras\u0131 sefer yapan bir otob\u00fcs\u00fcn bagaj\u0131nda so\u011fuk zincir kurallar\u0131na uyulmadan ta\u015f\u0131nan 50 kilogram midyeye el koydu. G\u0131da g\u00fcvenli\u011fi a\u00e7\u0131s\u0131ndan b\u00fcy\u00fck risk ta\u015f\u0131yan deniz \u00fcr\u00fcnleri ekiplerin kontrol\u00fcnde imha edilirken, midyeleri ta\u015f\u0131yan otob\u00fcs ile teslim edecek ve alacak ki\u015filer hakk\u0131nda tutanak d\u00fczenlendi.<\/p>\n<p>Cami avlusunda d\u00fcr\u00fcm tezgah\u0131 y\u0131kand\u0131<br \/>\nDenetimler kapsam\u0131nda \u015eekerhane Mahallesi&#8217;nde faaliyet g\u00f6steren bir i\u015fletmenin, d\u00fcr\u00fcm tezgah\u0131n\u0131 cami avlusunda hortumla y\u0131kad\u0131\u011f\u0131 tespit edildi. Kamuya a\u00e7\u0131k alanlar\u0131n hijyenine ayk\u0131r\u0131 \u015fekilde yap\u0131lan s\u00f6zkonusu durum nedeniyle i\u015fyerine cezai i\u015flem uygulan\u0131rken, \u00c7ar\u015f\u0131 Mahallesi&#8217;nde faaliyet g\u00f6steren bir bar\u0131n \u00f6n\u00fcndeki bariyerler \u00fczerinde dans eden \u015fah\u0131s nedeniyle kamu d\u00fczeninin bozuldu\u011fu belirlendi. Her iki i\u015fletme, Alanya Belediyesi Enc\u00fcmeni karar\u0131yla m\u00fch\u00fcrlenerek ge\u00e7ici s\u00fcreyle ticaretten men edildi.<\/p>\n<p>Denetimler artarak devam edecek<br \/>\nAlanya Belediyesi&#8217;nden yap\u0131lan a\u00e7\u0131klamada, yaz aylar\u0131nda artan g\u0131da sevkiyatlar\u0131n\u0131n hijyen konular\u0131na uygun yap\u0131lmas\u0131n\u0131n \u00f6nemine dikkat \u00e7ekilerek, &#8220;Halk sa\u011fl\u0131\u011f\u0131n\u0131 tehdit eden ki\u015fi ve i\u015fletmelere kar\u015f\u0131 tavizsiz denetimlerimiz s\u00fcrecek. Kamu d\u00fczenini bozan i\u015fletmelere kar\u015f\u0131 da ilgili mevzuat \u00e7er\u00e7evesinde gerekli i\u015flemler uygulanacakt\u0131r&#8221; ifadelerine yer verildi.<\/p>\n<p>Kaynak: www.kanalv.com.tr Haber Sitesinden Al\u0131nm\u0131\u015ft\u0131r.<\/p>","protected":false},"excerpt":{"rendered":"<p>Alanya Belediyesi Zab\u0131ta M\u00fcd\u00fcrl\u00fc\u011f\u00fc ekipleri, kentin huzuru ve halk sa\u011fl\u0131\u011f\u0131n\u0131 korumak i\u00e7in \u00e7al\u0131\u015fmalar\u0131n\u0131 s\u00fcrd\u00fcr\u00fcyor. Alanya genelinde denetimlerine devam eden ekipler, gelen \u015fik\u00e2yetlere de an\u0131nda d\u00f6n\u00fc\u015f yaparak gerekli i\u015flemleri uyguluyor. Zab\u0131ta ekipleri, teknik takip sonucu \u015fehirleraras\u0131 sefer yapan bir otob\u00fcs\u00fcn bagaj\u0131nda so\u011fuk zincir kurallar\u0131na uyulmadan ta\u015f\u0131nan 50 kilogram midyeye el koydu. G\u0131da g\u00fcvenli\u011fi a\u00e7\u0131s\u0131ndan b\u00fcy\u00fck risk ta\u015f\u0131yan deniz \u00fcr\u00fcnleri ekiplerin kontrol\u00fcnde imha edilirken, midyeleri ta\u015f\u0131yan otob\u00fcs ile teslim edecek ve alacak ki\u015filer hakk\u0131nda tutanak d\u00fczenlendi. Cami avlusunda d\u00fcr\u00fcm tezgah\u0131 y\u0131kand\u0131 Denetimler kapsam\u0131nda \u015eekerhane Mahallesi&#8217;nde faaliyet g\u00f6steren bir i\u015fletmenin, d\u00fcr\u00fcm tezgah\u0131n\u0131 cami avlusunda hortumla y\u0131kad\u0131\u011f\u0131 tespit edildi. Kamuya a\u00e7\u0131k alanlar\u0131n hijyenine ayk\u0131r\u0131 \u015fekilde yap\u0131lan s\u00f6zkonusu durum nedeniyle i\u015fyerine cezai i\u015flem uygulan\u0131rken, \u00c7ar\u015f\u0131 Mahallesi&#8217;nde faaliyet g\u00f6steren bir bar\u0131n \u00f6n\u00fcndeki bariyerler \u00fczerinde dans eden \u015fah\u0131s nedeniyle kamu d\u00fczeninin bozuldu\u011fu belirlendi. Her iki i\u015fletme, Alanya Belediyesi Enc\u00fcmeni karar\u0131yla m\u00fch\u00fcrlenerek ge\u00e7ici s\u00fcreyle ticaretten men edildi. Denetimler artarak devam edecek Alanya Belediyesi&#8217;nden yap\u0131lan a\u00e7\u0131klamada, yaz aylar\u0131nda artan g\u0131da sevkiyatlar\u0131n\u0131n hijyen konular\u0131na uygun yap\u0131lmas\u0131n\u0131n \u00f6nemine dikkat \u00e7ekilerek, &#8220;Halk sa\u011fl\u0131\u011f\u0131n\u0131 tehdit eden ki\u015fi ve i\u015fletmelere kar\u015f\u0131 tavizsiz denetimlerimiz s\u00fcrecek. Kamu d\u00fczenini bozan i\u015fletmelere kar\u015f\u0131 da ilgili mevzuat \u00e7er\u00e7evesinde gerekli i\u015flemler uygulanacakt\u0131r&#8221; ifadelerine yer verildi. Kaynak: www.kanalv.com.tr Haber Sitesinden Al\u0131nm\u0131\u015ft\u0131r.<\/p>","protected":false},"author":4,"featured_media":98375,"comment_status":"","ping_status":"open","sticky":false,"template":"","format":"standard","meta":{"_acf_changed":false,"footnotes":""},"categories":[26],"tags":[],"class_list":["post-98374","post","type-post","status-publish","format-standard","has-post-thumbnail","hentry","category-antalya"],"acf":[],"yoast_head":"<!-- This site is optimized with the Yoast SEO Premium plugin v26.6 (Yoast SEO v27.1.1) - https:\/\/yoast.com\/product\/yoast-seo-premium-wordpress\/ -->\n<title>50 kilo midye ele ge\u00e7irildi - Av. Deniz Can K\u0131z\u0131l<\/title>\n<meta name=\"robots\" content=\"index, follow, max-snippet:-1, max-image-preview:large, max-video-preview:-1\" \/>\n<link rel=\"canonical\" href=\"http:\/\/denizcankizil.tr\/ru\/haberler\/antalya\/50-kilo-midye-ele-gecirildi\/\" \/>\n<meta property=\"og:locale\" content=\"ru_RU\" \/>\n<meta property=\"og:type\" content=\"article\" \/>\n<meta property=\"og:title\" content=\"50 kilo midye ele ge\u00e7irildi\" \/>\n<meta property=\"og:description\" content=\"Alanya Belediyesi Zab\u0131ta M\u00fcd\u00fcrl\u00fc\u011f\u00fc ekipleri, kentin huzuru ve halk sa\u011fl\u0131\u011f\u0131n\u0131 korumak i\u00e7in \u00e7al\u0131\u015fmalar\u0131n\u0131 s\u00fcrd\u00fcr\u00fcyor. Alanya genelinde denetimlerine devam eden ekipler, gelen \u015fik\u00e2yetlere de an\u0131nda d\u00f6n\u00fc\u015f yaparak gerekli i\u015flemleri uyguluyor. Zab\u0131ta ekipleri, teknik takip sonucu \u015fehirleraras\u0131 sefer yapan bir otob\u00fcs\u00fcn bagaj\u0131nda so\u011fuk zincir kurallar\u0131na uyulmadan ta\u015f\u0131nan 50 kilogram midyeye el koydu. G\u0131da g\u00fcvenli\u011fi a\u00e7\u0131s\u0131ndan b\u00fcy\u00fck risk ta\u015f\u0131yan deniz \u00fcr\u00fcnleri ekiplerin kontrol\u00fcnde imha edilirken, midyeleri ta\u015f\u0131yan otob\u00fcs ile teslim edecek ve alacak ki\u015filer hakk\u0131nda tutanak d\u00fczenlendi. Cami avlusunda d\u00fcr\u00fcm tezgah\u0131 y\u0131kand\u0131 Denetimler kapsam\u0131nda \u015eekerhane Mahallesi&#8217;nde faaliyet g\u00f6steren bir i\u015fletmenin, d\u00fcr\u00fcm tezgah\u0131n\u0131 cami avlusunda hortumla y\u0131kad\u0131\u011f\u0131 tespit edildi. Kamuya a\u00e7\u0131k alanlar\u0131n hijyenine ayk\u0131r\u0131 \u015fekilde yap\u0131lan s\u00f6zkonusu durum nedeniyle i\u015fyerine cezai i\u015flem uygulan\u0131rken, \u00c7ar\u015f\u0131 Mahallesi&#8217;nde faaliyet g\u00f6steren bir bar\u0131n \u00f6n\u00fcndeki bariyerler \u00fczerinde dans eden \u015fah\u0131s nedeniyle kamu d\u00fczeninin bozuldu\u011fu belirlendi. Her iki i\u015fletme, Alanya Belediyesi Enc\u00fcmeni karar\u0131yla m\u00fch\u00fcrlenerek ge\u00e7ici s\u00fcreyle ticaretten men edildi. Denetimler artarak devam edecek Alanya Belediyesi&#8217;nden yap\u0131lan a\u00e7\u0131klamada, yaz aylar\u0131nda artan g\u0131da sevkiyatlar\u0131n\u0131n hijyen konular\u0131na uygun yap\u0131lmas\u0131n\u0131n \u00f6nemine dikkat \u00e7ekilerek, &#8220;Halk sa\u011fl\u0131\u011f\u0131n\u0131 tehdit eden ki\u015fi ve i\u015fletmelere kar\u015f\u0131 tavizsiz denetimlerimiz s\u00fcrecek. Kamu d\u00fczenini bozan i\u015fletmelere kar\u015f\u0131 da ilgili mevzuat \u00e7er\u00e7evesinde gerekli i\u015flemler uygulanacakt\u0131r&#8221; ifadelerine yer verildi. Kaynak: www.kanalv.com.tr Haber Sitesinden Al\u0131nm\u0131\u015ft\u0131r.\" \/>\n<meta property=\"og:url\" content=\"http:\/\/denizcankizil.tr\/ru\/haberler\/antalya\/50-kilo-midye-ele-gecirildi\/\" \/>\n<meta property=\"og:site_name\" content=\"Av. Deniz Can K\u0131z\u0131l\" \/>\n<meta property=\"article:published_time\" content=\"2025-05-27T10:41:13+00:00\" \/>\n<meta property=\"og:image\" content=\"http:\/\/denizcankizil.tr\/wp-content\/uploads\/2025\/05\/6567-01-h1rWBu.jpg\" \/>\n\t<meta property=\"og:image:width\" content=\"1280\" \/>\n\t<meta property=\"og:image:height\" content=\"720\" \/>\n\t<meta property=\"og:image:type\" content=\"image\/jpeg\" \/>\n<meta name=\"author\" content=\"Av. Deniz Can K\u0131z\u0131l\" \/>\n<meta name=\"twitter:card\" content=\"summary_large_image\" \/>\n<meta name=\"twitter:label1\" content=\"\u041d\u0430\u043f\u0438\u0441\u0430\u043d\u043e \u0430\u0432\u0442\u043e\u0440\u043e\u043c\" \/>\n\t<meta name=\"twitter:data1\" content=\"Av. Deniz Can K\u0131z\u0131l\" \/>\n\t<meta name=\"twitter:label2\" content=\"\u041f\u0440\u0438\u043c\u0435\u0440\u043d\u043e\u0435 \u0432\u0440\u0435\u043c\u044f \u0434\u043b\u044f \u0447\u0442\u0435\u043d\u0438\u044f\" \/>\n\t<meta name=\"twitter:data2\" content=\"1 \u043c\u0438\u043d\u0443\u0442\u0430\" \/>\n<script type=\"application\/ld+json\" class=\"yoast-schema-graph\">{\"@context\":\"https:\/\/schema.org\",\"@graph\":[{\"@type\":\"Article\",\"@id\":\"http:\/\/denizcankizil.tr\/ru\/haberler\/antalya\/50-kilo-midye-ele-gecirildi\/#article\",\"isPartOf\":{\"@id\":\"http:\/\/denizcankizil.tr\/ru\/haberler\/antalya\/50-kilo-midye-ele-gecirildi\/\"},\"author\":{\"name\":\"Av. Deniz Can K\u0131z\u0131l\",\"@id\":\"https:\/\/denizcankizil.tr\/#\/schema\/person\/5dc1b22991bd7ac833867c10afc9b0ff\"},\"headline\":\"50 kilo midye ele ge\u00e7irildi\",\"datePublished\":\"2025-05-27T10:41:13+00:00\",\"mainEntityOfPage\":{\"@id\":\"http:\/\/denizcankizil.tr\/ru\/haberler\/antalya\/50-kilo-midye-ele-gecirildi\/\"},\"wordCount\":291,\"publisher\":{\"@id\":\"https:\/\/denizcankizil.tr\/#organization\"},\"image\":{\"@id\":\"http:\/\/denizcankizil.tr\/ru\/haberler\/antalya\/50-kilo-midye-ele-gecirildi\/#primaryimage\"},\"thumbnailUrl\":\"http:\/\/denizcankizil.tr\/wp-content\/uploads\/2025\/05\/6567-01-h1rWBu.jpg\",\"articleSection\":[\"Antalya\"],\"inLanguage\":\"ru-RU\"},{\"@type\":\"WebPage\",\"@id\":\"http:\/\/denizcankizil.tr\/ru\/haberler\/antalya\/50-kilo-midye-ele-gecirildi\/\",\"url\":\"http:\/\/denizcankizil.tr\/ru\/haberler\/antalya\/50-kilo-midye-ele-gecirildi\/\",\"name\":\"50 kilo midye ele ge\u00e7irildi - Av. Deniz Can K\u0131z\u0131l\",\"isPartOf\":{\"@id\":\"https:\/\/denizcankizil.tr\/#website\"},\"primaryImageOfPage\":{\"@id\":\"http:\/\/denizcankizil.tr\/ru\/haberler\/antalya\/50-kilo-midye-ele-gecirildi\/#primaryimage\"},\"image\":{\"@id\":\"http:\/\/denizcankizil.tr\/ru\/haberler\/antalya\/50-kilo-midye-ele-gecirildi\/#primaryimage\"},\"thumbnailUrl\":\"http:\/\/denizcankizil.tr\/wp-content\/uploads\/2025\/05\/6567-01-h1rWBu.jpg\",\"datePublished\":\"2025-05-27T10:41:13+00:00\",\"breadcrumb\":{\"@id\":\"http:\/\/denizcankizil.tr\/ru\/haberler\/antalya\/50-kilo-midye-ele-gecirildi\/#breadcrumb\"},\"inLanguage\":\"ru-RU\",\"potentialAction\":[{\"@type\":\"ReadAction\",\"target\":[\"http:\/\/denizcankizil.tr\/ru\/haberler\/antalya\/50-kilo-midye-ele-gecirildi\/\"]}]},{\"@type\":\"ImageObject\",\"inLanguage\":\"ru-RU\",\"@id\":\"http:\/\/denizcankizil.tr\/ru\/haberler\/antalya\/50-kilo-midye-ele-gecirildi\/#primaryimage\",\"url\":\"http:\/\/denizcankizil.tr\/wp-content\/uploads\/2025\/05\/6567-01-h1rWBu.jpg\",\"contentUrl\":\"http:\/\/denizcankizil.tr\/wp-content\/uploads\/2025\/05\/6567-01-h1rWBu.jpg\",\"width\":1280,\"height\":720},{\"@type\":\"BreadcrumbList\",\"@id\":\"http:\/\/denizcankizil.tr\/ru\/haberler\/antalya\/50-kilo-midye-ele-gecirildi\/#breadcrumb\",\"itemListElement\":[{\"@type\":\"ListItem\",\"position\":1,\"name\":\"Home\",\"item\":\"https:\/\/denizcankizil.tr\/de\/\"},{\"@type\":\"ListItem\",\"position\":2,\"name\":\"50 kilo midye ele ge\u00e7irildi\"}]},{\"@type\":\"WebSite\",\"@id\":\"https:\/\/denizcankizil.tr\/#website\",\"url\":\"https:\/\/denizcankizil.tr\/\",\"name\":\"Av. Deniz Can K\u0131z\u0131l\",\"description\":\"Avukat Deniz Can K\u0131z\u0131l Antalya Barosu\",\"publisher\":{\"@id\":\"https:\/\/denizcankizil.tr\/#organization\"},\"potentialAction\":[{\"@type\":\"SearchAction\",\"target\":{\"@type\":\"EntryPoint\",\"urlTemplate\":\"https:\/\/denizcankizil.tr\/?s={search_term_string}\"},\"query-input\":{\"@type\":\"PropertyValueSpecification\",\"valueRequired\":true,\"valueName\":\"search_term_string\"}}],\"inLanguage\":\"ru-RU\"},{\"@type\":\"Organization\",\"@id\":\"https:\/\/denizcankizil.tr\/#organization\",\"name\":\"Av. Deniz Can K\u0131z\u0131l\",\"url\":\"https:\/\/denizcankizil.tr\/\",\"logo\":{\"@type\":\"ImageObject\",\"inLanguage\":\"ru-RU\",\"@id\":\"https:\/\/denizcankizil.tr\/#\/schema\/logo\/image\/\",\"url\":\"http:\/\/denizcankizil.tr\/wp-content\/uploads\/2024\/10\/siyah-logo-svg.svg\",\"contentUrl\":\"http:\/\/denizcankizil.tr\/wp-content\/uploads\/2024\/10\/siyah-logo-svg.svg\",\"width\":1080,\"height\":1080,\"caption\":\"Av. Deniz Can K\u0131z\u0131l\"},\"image\":{\"@id\":\"https:\/\/denizcankizil.tr\/#\/schema\/logo\/image\/\"}},{\"@type\":\"Person\",\"@id\":\"https:\/\/denizcankizil.tr\/#\/schema\/person\/5dc1b22991bd7ac833867c10afc9b0ff\",\"name\":\"Av. Deniz Can K\u0131z\u0131l\",\"image\":{\"@type\":\"ImageObject\",\"inLanguage\":\"ru-RU\",\"@id\":\"https:\/\/denizcankizil.tr\/#\/schema\/person\/image\/\",\"url\":\"https:\/\/secure.gravatar.com\/avatar\/a0b128fb9855c79efc976d5640eedb31dc35ec297594d6016d2cf7c60e975bb6?s=96&d=mm&r=g\",\"contentUrl\":\"https:\/\/secure.gravatar.com\/avatar\/a0b128fb9855c79efc976d5640eedb31dc35ec297594d6016d2cf7c60e975bb6?s=96&d=mm&r=g\",\"caption\":\"Av. Deniz Can K\u0131z\u0131l\"},\"sameAs\":[\"http:\/\/www.denizcankizil.tr\"],\"url\":\"http:\/\/denizcankizil.tr\/ru\/author\/denizcankizil\/\"}]}<\/script>\n<!-- \/ Yoast SEO Premium plugin. -->","yoast_head_json":{"title":"50 kilo midye ele ge\u00e7irildi - Av. Deniz Can K\u0131z\u0131l","robots":{"index":"index","follow":"follow","max-snippet":"max-snippet:-1","max-image-preview":"max-image-preview:large","max-video-preview":"max-video-preview:-1"},"canonical":"http:\/\/denizcankizil.tr\/ru\/haberler\/antalya\/50-kilo-midye-ele-gecirildi\/","og_locale":"ru_RU","og_type":"article","og_title":"50 kilo midye ele ge\u00e7irildi","og_description":"Alanya Belediyesi Zab\u0131ta M\u00fcd\u00fcrl\u00fc\u011f\u00fc ekipleri, kentin huzuru ve halk sa\u011fl\u0131\u011f\u0131n\u0131 korumak i\u00e7in \u00e7al\u0131\u015fmalar\u0131n\u0131 s\u00fcrd\u00fcr\u00fcyor. Alanya genelinde denetimlerine devam eden ekipler, gelen \u015fik\u00e2yetlere de an\u0131nda d\u00f6n\u00fc\u015f yaparak gerekli i\u015flemleri uyguluyor. Zab\u0131ta ekipleri, teknik takip sonucu \u015fehirleraras\u0131 sefer yapan bir otob\u00fcs\u00fcn bagaj\u0131nda so\u011fuk zincir kurallar\u0131na uyulmadan ta\u015f\u0131nan 50 kilogram midyeye el koydu. G\u0131da g\u00fcvenli\u011fi a\u00e7\u0131s\u0131ndan b\u00fcy\u00fck risk ta\u015f\u0131yan deniz \u00fcr\u00fcnleri ekiplerin kontrol\u00fcnde imha edilirken, midyeleri ta\u015f\u0131yan otob\u00fcs ile teslim edecek ve alacak ki\u015filer hakk\u0131nda tutanak d\u00fczenlendi. Cami avlusunda d\u00fcr\u00fcm tezgah\u0131 y\u0131kand\u0131 Denetimler kapsam\u0131nda \u015eekerhane Mahallesi&#8217;nde faaliyet g\u00f6steren bir i\u015fletmenin, d\u00fcr\u00fcm tezgah\u0131n\u0131 cami avlusunda hortumla y\u0131kad\u0131\u011f\u0131 tespit edildi. Kamuya a\u00e7\u0131k alanlar\u0131n hijyenine ayk\u0131r\u0131 \u015fekilde yap\u0131lan s\u00f6zkonusu durum nedeniyle i\u015fyerine cezai i\u015flem uygulan\u0131rken, \u00c7ar\u015f\u0131 Mahallesi&#8217;nde faaliyet g\u00f6steren bir bar\u0131n \u00f6n\u00fcndeki bariyerler \u00fczerinde dans eden \u015fah\u0131s nedeniyle kamu d\u00fczeninin bozuldu\u011fu belirlendi. Her iki i\u015fletme, Alanya Belediyesi Enc\u00fcmeni karar\u0131yla m\u00fch\u00fcrlenerek ge\u00e7ici s\u00fcreyle ticaretten men edildi. Denetimler artarak devam edecek Alanya Belediyesi&#8217;nden yap\u0131lan a\u00e7\u0131klamada, yaz aylar\u0131nda artan g\u0131da sevkiyatlar\u0131n\u0131n hijyen konular\u0131na uygun yap\u0131lmas\u0131n\u0131n \u00f6nemine dikkat \u00e7ekilerek, &#8220;Halk sa\u011fl\u0131\u011f\u0131n\u0131 tehdit eden ki\u015fi ve i\u015fletmelere kar\u015f\u0131 tavizsiz denetimlerimiz s\u00fcrecek. Kamu d\u00fczenini bozan i\u015fletmelere kar\u015f\u0131 da ilgili mevzuat \u00e7er\u00e7evesinde gerekli i\u015flemler uygulanacakt\u0131r&#8221; ifadelerine yer verildi. Kaynak: www.kanalv.com.tr Haber Sitesinden Al\u0131nm\u0131\u015ft\u0131r.","og_url":"http:\/\/denizcankizil.tr\/ru\/haberler\/antalya\/50-kilo-midye-ele-gecirildi\/","og_site_name":"Av. Deniz Can K\u0131z\u0131l","article_published_time":"2025-05-27T10:41:13+00:00","og_image":[{"width":1280,"height":720,"url":"http:\/\/denizcankizil.tr\/wp-content\/uploads\/2025\/05\/6567-01-h1rWBu.jpg","type":"image\/jpeg"}],"author":"Av. Deniz Can K\u0131z\u0131l","twitter_card":"summary_large_image","twitter_misc":{"\u041d\u0430\u043f\u0438\u0441\u0430\u043d\u043e \u0430\u0432\u0442\u043e\u0440\u043e\u043c":"Av. Deniz Can K\u0131z\u0131l","\u041f\u0440\u0438\u043c\u0435\u0440\u043d\u043e\u0435 \u0432\u0440\u0435\u043c\u044f \u0434\u043b\u044f \u0447\u0442\u0435\u043d\u0438\u044f":"1 \u043c\u0438\u043d\u0443\u0442\u0430"},"schema":{"@context":"https:\/\/schema.org","@graph":[{"@type":"Article","@id":"http:\/\/denizcankizil.tr\/ru\/haberler\/antalya\/50-kilo-midye-ele-gecirildi\/#article","isPartOf":{"@id":"http:\/\/denizcankizil.tr\/ru\/haberler\/antalya\/50-kilo-midye-ele-gecirildi\/"},"author":{"name":"Av. Deniz Can K\u0131z\u0131l","@id":"https:\/\/denizcankizil.tr\/#\/schema\/person\/5dc1b22991bd7ac833867c10afc9b0ff"},"headline":"50 kilo midye ele ge\u00e7irildi","datePublished":"2025-05-27T10:41:13+00:00","mainEntityOfPage":{"@id":"http:\/\/denizcankizil.tr\/ru\/haberler\/antalya\/50-kilo-midye-ele-gecirildi\/"},"wordCount":291,"publisher":{"@id":"https:\/\/denizcankizil.tr\/#organization"},"image":{"@id":"http:\/\/denizcankizil.tr\/ru\/haberler\/antalya\/50-kilo-midye-ele-gecirildi\/#primaryimage"},"thumbnailUrl":"http:\/\/denizcankizil.tr\/wp-content\/uploads\/2025\/05\/6567-01-h1rWBu.jpg","articleSection":["Antalya"],"inLanguage":"ru-RU"},{"@type":"WebPage","@id":"http:\/\/denizcankizil.tr\/ru\/haberler\/antalya\/50-kilo-midye-ele-gecirildi\/","url":"http:\/\/denizcankizil.tr\/ru\/haberler\/antalya\/50-kilo-midye-ele-gecirildi\/","name":"50 kilo midye ele ge\u00e7irildi - Av. Deniz Can K\u0131z\u0131l","isPartOf":{"@id":"https:\/\/denizcankizil.tr\/#website"},"primaryImageOfPage":{"@id":"http:\/\/denizcankizil.tr\/ru\/haberler\/antalya\/50-kilo-midye-ele-gecirildi\/#primaryimage"},"image":{"@id":"http:\/\/denizcankizil.tr\/ru\/haberler\/antalya\/50-kilo-midye-ele-gecirildi\/#primaryimage"},"thumbnailUrl":"http:\/\/denizcankizil.tr\/wp-content\/uploads\/2025\/05\/6567-01-h1rWBu.jpg","datePublished":"2025-05-27T10:41:13+00:00","breadcrumb":{"@id":"http:\/\/denizcankizil.tr\/ru\/haberler\/antalya\/50-kilo-midye-ele-gecirildi\/#breadcrumb"},"inLanguage":"ru-RU","potentialAction":[{"@type":"ReadAction","target":["http:\/\/denizcankizil.tr\/ru\/haberler\/antalya\/50-kilo-midye-ele-gecirildi\/"]}]},{"@type":"ImageObject","inLanguage":"ru-RU","@id":"http:\/\/denizcankizil.tr\/ru\/haberler\/antalya\/50-kilo-midye-ele-gecirildi\/#primaryimage","url":"http:\/\/denizcankizil.tr\/wp-content\/uploads\/2025\/05\/6567-01-h1rWBu.jpg","contentUrl":"http:\/\/denizcankizil.tr\/wp-content\/uploads\/2025\/05\/6567-01-h1rWBu.jpg","width":1280,"height":720},{"@type":"BreadcrumbList","@id":"http:\/\/denizcankizil.tr\/ru\/haberler\/antalya\/50-kilo-midye-ele-gecirildi\/#breadcrumb","itemListElement":[{"@type":"ListItem","position":1,"name":"Home","item":"https:\/\/denizcankizil.tr\/de\/"},{"@type":"ListItem","position":2,"name":"50 kilo midye ele ge\u00e7irildi"}]},{"@type":"WebSite","@id":"https:\/\/denizcankizil.tr\/#website","url":"https:\/\/denizcankizil.tr\/","name":"Av. Deniz Can K\u0131z\u0131l","description":"Avukat Deniz Can K\u0131z\u0131l Antalya Barosu","publisher":{"@id":"https:\/\/denizcankizil.tr\/#organization"},"potentialAction":[{"@type":"SearchAction","target":{"@type":"EntryPoint","urlTemplate":"https:\/\/denizcankizil.tr\/?s={search_term_string}"},"query-input":{"@type":"PropertyValueSpecification","valueRequired":true,"valueName":"search_term_string"}}],"inLanguage":"ru-RU"},{"@type":"Organization","@id":"https:\/\/denizcankizil.tr\/#organization","name":"Av. Deniz Can K\u0131z\u0131l","url":"https:\/\/denizcankizil.tr\/","logo":{"@type":"ImageObject","inLanguage":"ru-RU","@id":"https:\/\/denizcankizil.tr\/#\/schema\/logo\/image\/","url":"http:\/\/denizcankizil.tr\/wp-content\/uploads\/2024\/10\/siyah-logo-svg.svg","contentUrl":"http:\/\/denizcankizil.tr\/wp-content\/uploads\/2024\/10\/siyah-logo-svg.svg","width":1080,"height":1080,"caption":"Av. Deniz Can K\u0131z\u0131l"},"image":{"@id":"https:\/\/denizcankizil.tr\/#\/schema\/logo\/image\/"}},{"@type":"Person","@id":"https:\/\/denizcankizil.tr\/#\/schema\/person\/5dc1b22991bd7ac833867c10afc9b0ff","name":"Av. Deniz Can K\u0131z\u0131l","image":{"@type":"ImageObject","inLanguage":"ru-RU","@id":"https:\/\/denizcankizil.tr\/#\/schema\/person\/image\/","url":"https:\/\/secure.gravatar.com\/avatar\/a0b128fb9855c79efc976d5640eedb31dc35ec297594d6016d2cf7c60e975bb6?s=96&d=mm&r=g","contentUrl":"https:\/\/secure.gravatar.com\/avatar\/a0b128fb9855c79efc976d5640eedb31dc35ec297594d6016d2cf7c60e975bb6?s=96&d=mm&r=g","caption":"Av. Deniz Can K\u0131z\u0131l"},"sameAs":["http:\/\/www.denizcankizil.tr"],"url":"http:\/\/denizcankizil.tr\/ru\/author\/denizcankizil\/"}]}},"_links":{"self":[{"href":"http:\/\/denizcankizil.tr\/ru\/wp-json\/wp\/v2\/posts\/98374","targetHints":{"allow":["GET"]}}],"collection":[{"href":"http:\/\/denizcankizil.tr\/ru\/wp-json\/wp\/v2\/posts"}],"about":[{"href":"http:\/\/denizcankizil.tr\/ru\/wp-json\/wp\/v2\/types\/post"}],"author":[{"embeddable":true,"href":"http:\/\/denizcankizil.tr\/ru\/wp-json\/wp\/v2\/users\/4"}],"replies":[{"embeddable":true,"href":"http:\/\/denizcankizil.tr\/ru\/wp-json\/wp\/v2\/comments?post=98374"}],"version-history":[{"count":0,"href":"http:\/\/denizcankizil.tr\/ru\/wp-json\/wp\/v2\/posts\/98374\/revisions"}],"wp:featuredmedia":[{"embeddable":true,"href":"http:\/\/denizcankizil.tr\/ru\/wp-json\/wp\/v2\/media\/98375"}],"wp:attachment":[{"href":"http:\/\/denizcankizil.tr\/ru\/wp-json\/wp\/v2\/media?parent=98374"}],"wp:term":[{"taxonomy":"category","embeddable":true,"href":"http:\/\/denizcankizil.tr\/ru\/wp-json\/wp\/v2\/categories?post=98374"},{"taxonomy":"post_tag","embeddable":true,"href":"http:\/\/denizcankizil.tr\/ru\/wp-json\/wp\/v2\/tags?post=98374"}],"curies":[{"name":"wp","href":"https:\/\/api.w.org\/{rel}","templated":true}]}}