{"id":97468,"date":"2025-05-26T17:41:14","date_gmt":"2025-05-26T14:41:14","guid":{"rendered":"https:\/\/denizcankizil.tr\/uncategorized-tr\/ogrencilerinden-mezuniyet-defilesi\/"},"modified":"2025-05-26T17:41:14","modified_gmt":"2025-05-26T14:41:14","slug":"ogrencilerinden-mezuniyet-defilesi","status":"publish","type":"post","link":"http:\/\/denizcankizil.tr\/ru\/haberler\/antalya\/ogrencilerinden-mezuniyet-defilesi\/","title":{"rendered":"\u00d6\u011frencilerinden mezuniyet defilesi"},"content":{"rendered":"<p>Do\u00e7. Dr. Kezban S\u00f6nmez\u2019in b\u00f6l\u00fcm ba\u015fkanl\u0131\u011f\u0131n\u0131 y\u00fcr\u00fctt\u00fc\u011f\u00fc Tekstil ve Moda Tasar\u0131m\u0131 B\u00f6l\u00fcm\u00fc\u2019nde e\u011fitim g\u00f6ren son s\u0131n\u0131f \u00f6\u011frencileri, 2024- 2025 e\u011fitim- \u00f6\u011fretim y\u0131l\u0131 boyunca \u00fczerinde \u00e7al\u0131\u015ft\u0131klar\u0131 27 \u00f6zg\u00fcn tasar\u0131m\u0131 podyuma ta\u015f\u0131d\u0131. Renkli g\u00f6r\u00fcnt\u00fclere sahne olan etkinlik, izleyicilere g\u00f6rsel bir \u015f\u00f6len ya\u015fatt\u0131.<\/p>\n<p>ESERLER\u0130 S\u0130ZLERLE PAYLA\u015eMAKTAN ONUR DUYUYORUZ<\/p>\n<p>Program\u0131n a\u00e7\u0131l\u0131\u015f konu\u015fmalar\u0131n\u0131 ger\u00e7ekle\u015ftiren Akdeniz \u00dcniversitesi Tekstil Ve Moda Tasar\u0131m\u0131 B\u00f6l\u00fcm Ba\u015fkan\u0131 Do\u00e7. Dr. Kezban S\u00f6nmez, &#8220;G\u00fczel Sanatlar Fak\u00fcltesi Tekstil Ve Moda Tasar\u0131m\u0131 B\u00f6l\u00fcm\u00fc 2024- 2025 e\u011fitim \u00f6\u011fretim y\u0131l\u0131 mezuniyet defilemize hepiniz ho\u015f geldiniz. Moda sadece giysilerden ibaret de\u011fil, bir ifade bi\u00e7imi bir sanat ve bir ya\u015fam tarz\u0131d\u0131r. Bug\u00fcn burada mezun a\u015famas\u0131ndaki 9 \u00f6\u011frencimizin b\u00f6l\u00fcm\u00fcm\u00fczde ald\u0131klar\u0131 4 y\u0131ll\u0131k e\u011fitim sonucunda elde ettikleri birikimle diploma projesi dersi kapsam\u0131nda haz\u0131rlad\u0131klar\u0131 27 adet avangart giysiden olu\u015fan koleksiyonu izleyece\u011fiz. Bu koleksiyonla \u00f6\u011frencilerimizin \u00f6zg\u00fcvenlerini kutlamak, hayal g\u00fcc\u00fcn\u00fcn s\u0131n\u0131rlar\u0131n\u0131 zorlamak istedik. Bu s\u00fcre\u00e7, kolay de\u011fildi. Aylard\u0131r s\u00fcren yo\u011fun \u00e7al\u0131\u015fmalar\u0131n, tutkunun ve yarat\u0131c\u0131l\u0131\u011f\u0131n \u00fcr\u00fcn\u00fc olan bu eserleri sizlerle payla\u015fmaktan onur duyuyoruz. B\u00fcy\u00fck bir sab\u0131r, emek ve \u00f6zveriyle haz\u0131rlanan bu koleksiyonlar i\u00e7in t\u00fcm \u00f6\u011frencilerimizi ve b\u00f6l\u00fcm\u00fcm\u00fcz\u00fcn \u00e7ok de\u011ferli hocalar\u0131n\u0131 tebrik ediyorum&#8221; dedi.<\/p>\n<p>REKT\u00d6R \u00d6ZKAN\u2019A TE\u015eEKK\u00dcR<\/p>\n<p>Tekstil ve Moda Tasar\u0131m\u0131 B\u00f6l\u00fcm\u00fc Ba\u015fkan\u0131 Do\u00e7. Dr. Kezban S\u00f6nmez, Akdeniz \u00dcniversitesi Rekt\u00f6r\u00fc Prof. Dr. \u00d6zlenen \u00d6zkan ve G\u00fczel Sanatlar Fak\u00fcltesi Dekan\u0131 Prof. Dr. Sibel Pa\u015fao\u011flu Y\u00f6ndem&#8217;e sanata ve tasar\u0131ma verdikleri destekten dolay\u0131 te\u015fekk\u00fcr etti. Defile, profesyonel dans\u00e7\u0131lar taraf\u0131ndan sergilenen salsa g\u00f6sterisiyle son buldu.<\/p>\n<p>Kaynak: www.kanalv.com.tr Haber Sitesinden Al\u0131nm\u0131\u015ft\u0131r.<\/p>","protected":false},"excerpt":{"rendered":"<p>Do\u00e7. Dr. Kezban S\u00f6nmez\u2019in b\u00f6l\u00fcm ba\u015fkanl\u0131\u011f\u0131n\u0131 y\u00fcr\u00fctt\u00fc\u011f\u00fc Tekstil ve Moda Tasar\u0131m\u0131 B\u00f6l\u00fcm\u00fc\u2019nde e\u011fitim g\u00f6ren son s\u0131n\u0131f \u00f6\u011frencileri, 2024- 2025 e\u011fitim- \u00f6\u011fretim y\u0131l\u0131 boyunca \u00fczerinde \u00e7al\u0131\u015ft\u0131klar\u0131 27 \u00f6zg\u00fcn tasar\u0131m\u0131 podyuma ta\u015f\u0131d\u0131. Renkli g\u00f6r\u00fcnt\u00fclere sahne olan etkinlik, izleyicilere g\u00f6rsel bir \u015f\u00f6len ya\u015fatt\u0131. ESERLER\u0130 S\u0130ZLERLE PAYLA\u015eMAKTAN ONUR DUYUYORUZ Program\u0131n a\u00e7\u0131l\u0131\u015f konu\u015fmalar\u0131n\u0131 ger\u00e7ekle\u015ftiren Akdeniz \u00dcniversitesi Tekstil Ve Moda Tasar\u0131m\u0131 B\u00f6l\u00fcm Ba\u015fkan\u0131 Do\u00e7. Dr. Kezban S\u00f6nmez, &#8220;G\u00fczel Sanatlar Fak\u00fcltesi Tekstil Ve Moda Tasar\u0131m\u0131 B\u00f6l\u00fcm\u00fc 2024- 2025 e\u011fitim \u00f6\u011fretim y\u0131l\u0131 mezuniyet defilemize hepiniz ho\u015f geldiniz. Moda sadece giysilerden ibaret de\u011fil, bir ifade bi\u00e7imi bir sanat ve bir ya\u015fam tarz\u0131d\u0131r. Bug\u00fcn burada mezun a\u015famas\u0131ndaki 9 \u00f6\u011frencimizin b\u00f6l\u00fcm\u00fcm\u00fczde ald\u0131klar\u0131 4 y\u0131ll\u0131k e\u011fitim sonucunda elde ettikleri birikimle diploma projesi dersi kapsam\u0131nda haz\u0131rlad\u0131klar\u0131 27 adet avangart giysiden olu\u015fan koleksiyonu izleyece\u011fiz. Bu koleksiyonla \u00f6\u011frencilerimizin \u00f6zg\u00fcvenlerini kutlamak, hayal g\u00fcc\u00fcn\u00fcn s\u0131n\u0131rlar\u0131n\u0131 zorlamak istedik. Bu s\u00fcre\u00e7, kolay de\u011fildi. Aylard\u0131r s\u00fcren yo\u011fun \u00e7al\u0131\u015fmalar\u0131n, tutkunun ve yarat\u0131c\u0131l\u0131\u011f\u0131n \u00fcr\u00fcn\u00fc olan bu eserleri sizlerle payla\u015fmaktan onur duyuyoruz. B\u00fcy\u00fck bir sab\u0131r, emek ve \u00f6zveriyle haz\u0131rlanan bu koleksiyonlar i\u00e7in t\u00fcm \u00f6\u011frencilerimizi ve b\u00f6l\u00fcm\u00fcm\u00fcz\u00fcn \u00e7ok de\u011ferli hocalar\u0131n\u0131 tebrik ediyorum&#8221; dedi. REKT\u00d6R \u00d6ZKAN\u2019A TE\u015eEKK\u00dcR Tekstil ve Moda Tasar\u0131m\u0131 B\u00f6l\u00fcm\u00fc Ba\u015fkan\u0131 Do\u00e7. Dr. Kezban S\u00f6nmez, Akdeniz \u00dcniversitesi Rekt\u00f6r\u00fc Prof. Dr. \u00d6zlenen \u00d6zkan ve G\u00fczel Sanatlar Fak\u00fcltesi Dekan\u0131 Prof. Dr. Sibel Pa\u015fao\u011flu Y\u00f6ndem&#8217;e sanata &hellip;<\/p>","protected":false},"author":4,"featured_media":0,"comment_status":"","ping_status":"open","sticky":false,"template":"","format":"standard","meta":{"_acf_changed":false,"footnotes":""},"categories":[26],"tags":[],"class_list":["post-97468","post","type-post","status-publish","format-standard","hentry","category-antalya"],"acf":[],"yoast_head":"<!-- This site is optimized with the Yoast SEO Premium plugin v26.6 (Yoast SEO v27.1.1) - https:\/\/yoast.com\/product\/yoast-seo-premium-wordpress\/ -->\n<title>\u00d6\u011frencilerinden mezuniyet defilesi - Av. Deniz Can K\u0131z\u0131l<\/title>\n<meta name=\"robots\" content=\"index, follow, max-snippet:-1, max-image-preview:large, max-video-preview:-1\" \/>\n<link rel=\"canonical\" href=\"http:\/\/denizcankizil.tr\/ru\/haberler\/antalya\/ogrencilerinden-mezuniyet-defilesi\/\" \/>\n<meta property=\"og:locale\" content=\"ru_RU\" \/>\n<meta property=\"og:type\" content=\"article\" \/>\n<meta property=\"og:title\" content=\"\u00d6\u011frencilerinden mezuniyet defilesi\" \/>\n<meta property=\"og:description\" content=\"Do\u00e7. Dr. Kezban S\u00f6nmez\u2019in b\u00f6l\u00fcm ba\u015fkanl\u0131\u011f\u0131n\u0131 y\u00fcr\u00fctt\u00fc\u011f\u00fc Tekstil ve Moda Tasar\u0131m\u0131 B\u00f6l\u00fcm\u00fc\u2019nde e\u011fitim g\u00f6ren son s\u0131n\u0131f \u00f6\u011frencileri, 2024- 2025 e\u011fitim- \u00f6\u011fretim y\u0131l\u0131 boyunca \u00fczerinde \u00e7al\u0131\u015ft\u0131klar\u0131 27 \u00f6zg\u00fcn tasar\u0131m\u0131 podyuma ta\u015f\u0131d\u0131. Renkli g\u00f6r\u00fcnt\u00fclere sahne olan etkinlik, izleyicilere g\u00f6rsel bir \u015f\u00f6len ya\u015fatt\u0131. ESERLER\u0130 S\u0130ZLERLE PAYLA\u015eMAKTAN ONUR DUYUYORUZ Program\u0131n a\u00e7\u0131l\u0131\u015f konu\u015fmalar\u0131n\u0131 ger\u00e7ekle\u015ftiren Akdeniz \u00dcniversitesi Tekstil Ve Moda Tasar\u0131m\u0131 B\u00f6l\u00fcm Ba\u015fkan\u0131 Do\u00e7. Dr. Kezban S\u00f6nmez, &#8220;G\u00fczel Sanatlar Fak\u00fcltesi Tekstil Ve Moda Tasar\u0131m\u0131 B\u00f6l\u00fcm\u00fc 2024- 2025 e\u011fitim \u00f6\u011fretim y\u0131l\u0131 mezuniyet defilemize hepiniz ho\u015f geldiniz. Moda sadece giysilerden ibaret de\u011fil, bir ifade bi\u00e7imi bir sanat ve bir ya\u015fam tarz\u0131d\u0131r. Bug\u00fcn burada mezun a\u015famas\u0131ndaki 9 \u00f6\u011frencimizin b\u00f6l\u00fcm\u00fcm\u00fczde ald\u0131klar\u0131 4 y\u0131ll\u0131k e\u011fitim sonucunda elde ettikleri birikimle diploma projesi dersi kapsam\u0131nda haz\u0131rlad\u0131klar\u0131 27 adet avangart giysiden olu\u015fan koleksiyonu izleyece\u011fiz. Bu koleksiyonla \u00f6\u011frencilerimizin \u00f6zg\u00fcvenlerini kutlamak, hayal g\u00fcc\u00fcn\u00fcn s\u0131n\u0131rlar\u0131n\u0131 zorlamak istedik. Bu s\u00fcre\u00e7, kolay de\u011fildi. Aylard\u0131r s\u00fcren yo\u011fun \u00e7al\u0131\u015fmalar\u0131n, tutkunun ve yarat\u0131c\u0131l\u0131\u011f\u0131n \u00fcr\u00fcn\u00fc olan bu eserleri sizlerle payla\u015fmaktan onur duyuyoruz. B\u00fcy\u00fck bir sab\u0131r, emek ve \u00f6zveriyle haz\u0131rlanan bu koleksiyonlar i\u00e7in t\u00fcm \u00f6\u011frencilerimizi ve b\u00f6l\u00fcm\u00fcm\u00fcz\u00fcn \u00e7ok de\u011ferli hocalar\u0131n\u0131 tebrik ediyorum&#8221; dedi. REKT\u00d6R \u00d6ZKAN\u2019A TE\u015eEKK\u00dcR Tekstil ve Moda Tasar\u0131m\u0131 B\u00f6l\u00fcm\u00fc Ba\u015fkan\u0131 Do\u00e7. Dr. Kezban S\u00f6nmez, Akdeniz \u00dcniversitesi Rekt\u00f6r\u00fc Prof. Dr. \u00d6zlenen \u00d6zkan ve G\u00fczel Sanatlar Fak\u00fcltesi Dekan\u0131 Prof. Dr. Sibel Pa\u015fao\u011flu Y\u00f6ndem&#8217;e sanata &hellip;\" \/>\n<meta property=\"og:url\" content=\"http:\/\/denizcankizil.tr\/ru\/haberler\/antalya\/ogrencilerinden-mezuniyet-defilesi\/\" \/>\n<meta property=\"og:site_name\" content=\"Av. Deniz Can K\u0131z\u0131l\" \/>\n<meta property=\"article:published_time\" content=\"2025-05-26T14:41:14+00:00\" \/>\n<meta name=\"author\" content=\"Av. Deniz Can K\u0131z\u0131l\" \/>\n<meta name=\"twitter:card\" content=\"summary_large_image\" \/>\n<meta name=\"twitter:label1\" content=\"\u041d\u0430\u043f\u0438\u0441\u0430\u043d\u043e \u0430\u0432\u0442\u043e\u0440\u043e\u043c\" \/>\n\t<meta name=\"twitter:data1\" content=\"Av. Deniz Can K\u0131z\u0131l\" \/>\n\t<meta name=\"twitter:label2\" content=\"\u041f\u0440\u0438\u043c\u0435\u0440\u043d\u043e\u0435 \u0432\u0440\u0435\u043c\u044f \u0434\u043b\u044f \u0447\u0442\u0435\u043d\u0438\u044f\" \/>\n\t<meta name=\"twitter:data2\" content=\"2 \u043c\u0438\u043d\u0443\u0442\u044b\" \/>\n<script type=\"application\/ld+json\" class=\"yoast-schema-graph\">{\"@context\":\"https:\/\/schema.org\",\"@graph\":[{\"@type\":\"Article\",\"@id\":\"http:\/\/denizcankizil.tr\/ru\/haberler\/antalya\/ogrencilerinden-mezuniyet-defilesi\/#article\",\"isPartOf\":{\"@id\":\"http:\/\/denizcankizil.tr\/ru\/haberler\/antalya\/ogrencilerinden-mezuniyet-defilesi\/\"},\"author\":{\"name\":\"Av. Deniz Can K\u0131z\u0131l\",\"@id\":\"https:\/\/denizcankizil.tr\/#\/schema\/person\/5dc1b22991bd7ac833867c10afc9b0ff\"},\"headline\":\"\u00d6\u011frencilerinden mezuniyet defilesi\",\"datePublished\":\"2025-05-26T14:41:14+00:00\",\"mainEntityOfPage\":{\"@id\":\"http:\/\/denizcankizil.tr\/ru\/haberler\/antalya\/ogrencilerinden-mezuniyet-defilesi\/\"},\"wordCount\":347,\"publisher\":{\"@id\":\"https:\/\/denizcankizil.tr\/#organization\"},\"articleSection\":[\"Antalya\"],\"inLanguage\":\"ru-RU\"},{\"@type\":\"WebPage\",\"@id\":\"http:\/\/denizcankizil.tr\/ru\/haberler\/antalya\/ogrencilerinden-mezuniyet-defilesi\/\",\"url\":\"http:\/\/denizcankizil.tr\/ru\/haberler\/antalya\/ogrencilerinden-mezuniyet-defilesi\/\",\"name\":\"\u00d6\u011frencilerinden mezuniyet defilesi - Av. Deniz Can K\u0131z\u0131l\",\"isPartOf\":{\"@id\":\"https:\/\/denizcankizil.tr\/#website\"},\"datePublished\":\"2025-05-26T14:41:14+00:00\",\"breadcrumb\":{\"@id\":\"http:\/\/denizcankizil.tr\/ru\/haberler\/antalya\/ogrencilerinden-mezuniyet-defilesi\/#breadcrumb\"},\"inLanguage\":\"ru-RU\",\"potentialAction\":[{\"@type\":\"ReadAction\",\"target\":[\"http:\/\/denizcankizil.tr\/ru\/haberler\/antalya\/ogrencilerinden-mezuniyet-defilesi\/\"]}]},{\"@type\":\"BreadcrumbList\",\"@id\":\"http:\/\/denizcankizil.tr\/ru\/haberler\/antalya\/ogrencilerinden-mezuniyet-defilesi\/#breadcrumb\",\"itemListElement\":[{\"@type\":\"ListItem\",\"position\":1,\"name\":\"Home\",\"item\":\"https:\/\/denizcankizil.tr\/uk\/\"},{\"@type\":\"ListItem\",\"position\":2,\"name\":\"\u00d6\u011frencilerinden mezuniyet defilesi\"}]},{\"@type\":\"WebSite\",\"@id\":\"https:\/\/denizcankizil.tr\/#website\",\"url\":\"https:\/\/denizcankizil.tr\/\",\"name\":\"Av. Deniz Can K\u0131z\u0131l\",\"description\":\"Avukat Deniz Can K\u0131z\u0131l Antalya Barosu\",\"publisher\":{\"@id\":\"https:\/\/denizcankizil.tr\/#organization\"},\"potentialAction\":[{\"@type\":\"SearchAction\",\"target\":{\"@type\":\"EntryPoint\",\"urlTemplate\":\"https:\/\/denizcankizil.tr\/?s={search_term_string}\"},\"query-input\":{\"@type\":\"PropertyValueSpecification\",\"valueRequired\":true,\"valueName\":\"search_term_string\"}}],\"inLanguage\":\"ru-RU\"},{\"@type\":\"Organization\",\"@id\":\"https:\/\/denizcankizil.tr\/#organization\",\"name\":\"Av. Deniz Can K\u0131z\u0131l\",\"url\":\"https:\/\/denizcankizil.tr\/\",\"logo\":{\"@type\":\"ImageObject\",\"inLanguage\":\"ru-RU\",\"@id\":\"https:\/\/denizcankizil.tr\/#\/schema\/logo\/image\/\",\"url\":\"http:\/\/denizcankizil.tr\/wp-content\/uploads\/2024\/10\/siyah-logo-svg.svg\",\"contentUrl\":\"http:\/\/denizcankizil.tr\/wp-content\/uploads\/2024\/10\/siyah-logo-svg.svg\",\"width\":1080,\"height\":1080,\"caption\":\"Av. Deniz Can K\u0131z\u0131l\"},\"image\":{\"@id\":\"https:\/\/denizcankizil.tr\/#\/schema\/logo\/image\/\"}},{\"@type\":\"Person\",\"@id\":\"https:\/\/denizcankizil.tr\/#\/schema\/person\/5dc1b22991bd7ac833867c10afc9b0ff\",\"name\":\"Av. Deniz Can K\u0131z\u0131l\",\"image\":{\"@type\":\"ImageObject\",\"inLanguage\":\"ru-RU\",\"@id\":\"https:\/\/denizcankizil.tr\/#\/schema\/person\/image\/\",\"url\":\"https:\/\/secure.gravatar.com\/avatar\/a0b128fb9855c79efc976d5640eedb31dc35ec297594d6016d2cf7c60e975bb6?s=96&d=mm&r=g\",\"contentUrl\":\"https:\/\/secure.gravatar.com\/avatar\/a0b128fb9855c79efc976d5640eedb31dc35ec297594d6016d2cf7c60e975bb6?s=96&d=mm&r=g\",\"caption\":\"Av. Deniz Can K\u0131z\u0131l\"},\"sameAs\":[\"http:\/\/www.denizcankizil.tr\"],\"url\":\"http:\/\/denizcankizil.tr\/ru\/author\/denizcankizil\/\"}]}<\/script>\n<!-- \/ Yoast SEO Premium plugin. -->","yoast_head_json":{"title":"\u00d6\u011frencilerinden mezuniyet defilesi - Av. Deniz Can K\u0131z\u0131l","robots":{"index":"index","follow":"follow","max-snippet":"max-snippet:-1","max-image-preview":"max-image-preview:large","max-video-preview":"max-video-preview:-1"},"canonical":"http:\/\/denizcankizil.tr\/ru\/haberler\/antalya\/ogrencilerinden-mezuniyet-defilesi\/","og_locale":"ru_RU","og_type":"article","og_title":"\u00d6\u011frencilerinden mezuniyet defilesi","og_description":"Do\u00e7. Dr. Kezban S\u00f6nmez\u2019in b\u00f6l\u00fcm ba\u015fkanl\u0131\u011f\u0131n\u0131 y\u00fcr\u00fctt\u00fc\u011f\u00fc Tekstil ve Moda Tasar\u0131m\u0131 B\u00f6l\u00fcm\u00fc\u2019nde e\u011fitim g\u00f6ren son s\u0131n\u0131f \u00f6\u011frencileri, 2024- 2025 e\u011fitim- \u00f6\u011fretim y\u0131l\u0131 boyunca \u00fczerinde \u00e7al\u0131\u015ft\u0131klar\u0131 27 \u00f6zg\u00fcn tasar\u0131m\u0131 podyuma ta\u015f\u0131d\u0131. Renkli g\u00f6r\u00fcnt\u00fclere sahne olan etkinlik, izleyicilere g\u00f6rsel bir \u015f\u00f6len ya\u015fatt\u0131. ESERLER\u0130 S\u0130ZLERLE PAYLA\u015eMAKTAN ONUR DUYUYORUZ Program\u0131n a\u00e7\u0131l\u0131\u015f konu\u015fmalar\u0131n\u0131 ger\u00e7ekle\u015ftiren Akdeniz \u00dcniversitesi Tekstil Ve Moda Tasar\u0131m\u0131 B\u00f6l\u00fcm Ba\u015fkan\u0131 Do\u00e7. Dr. Kezban S\u00f6nmez, &#8220;G\u00fczel Sanatlar Fak\u00fcltesi Tekstil Ve Moda Tasar\u0131m\u0131 B\u00f6l\u00fcm\u00fc 2024- 2025 e\u011fitim \u00f6\u011fretim y\u0131l\u0131 mezuniyet defilemize hepiniz ho\u015f geldiniz. Moda sadece giysilerden ibaret de\u011fil, bir ifade bi\u00e7imi bir sanat ve bir ya\u015fam tarz\u0131d\u0131r. Bug\u00fcn burada mezun a\u015famas\u0131ndaki 9 \u00f6\u011frencimizin b\u00f6l\u00fcm\u00fcm\u00fczde ald\u0131klar\u0131 4 y\u0131ll\u0131k e\u011fitim sonucunda elde ettikleri birikimle diploma projesi dersi kapsam\u0131nda haz\u0131rlad\u0131klar\u0131 27 adet avangart giysiden olu\u015fan koleksiyonu izleyece\u011fiz. Bu koleksiyonla \u00f6\u011frencilerimizin \u00f6zg\u00fcvenlerini kutlamak, hayal g\u00fcc\u00fcn\u00fcn s\u0131n\u0131rlar\u0131n\u0131 zorlamak istedik. Bu s\u00fcre\u00e7, kolay de\u011fildi. Aylard\u0131r s\u00fcren yo\u011fun \u00e7al\u0131\u015fmalar\u0131n, tutkunun ve yarat\u0131c\u0131l\u0131\u011f\u0131n \u00fcr\u00fcn\u00fc olan bu eserleri sizlerle payla\u015fmaktan onur duyuyoruz. B\u00fcy\u00fck bir sab\u0131r, emek ve \u00f6zveriyle haz\u0131rlanan bu koleksiyonlar i\u00e7in t\u00fcm \u00f6\u011frencilerimizi ve b\u00f6l\u00fcm\u00fcm\u00fcz\u00fcn \u00e7ok de\u011ferli hocalar\u0131n\u0131 tebrik ediyorum&#8221; dedi. REKT\u00d6R \u00d6ZKAN\u2019A TE\u015eEKK\u00dcR Tekstil ve Moda Tasar\u0131m\u0131 B\u00f6l\u00fcm\u00fc Ba\u015fkan\u0131 Do\u00e7. Dr. Kezban S\u00f6nmez, Akdeniz \u00dcniversitesi Rekt\u00f6r\u00fc Prof. Dr. \u00d6zlenen \u00d6zkan ve G\u00fczel Sanatlar Fak\u00fcltesi Dekan\u0131 Prof. Dr. Sibel Pa\u015fao\u011flu Y\u00f6ndem&#8217;e sanata &hellip;","og_url":"http:\/\/denizcankizil.tr\/ru\/haberler\/antalya\/ogrencilerinden-mezuniyet-defilesi\/","og_site_name":"Av. Deniz Can K\u0131z\u0131l","article_published_time":"2025-05-26T14:41:14+00:00","author":"Av. Deniz Can K\u0131z\u0131l","twitter_card":"summary_large_image","twitter_misc":{"\u041d\u0430\u043f\u0438\u0441\u0430\u043d\u043e \u0430\u0432\u0442\u043e\u0440\u043e\u043c":"Av. Deniz Can K\u0131z\u0131l","\u041f\u0440\u0438\u043c\u0435\u0440\u043d\u043e\u0435 \u0432\u0440\u0435\u043c\u044f \u0434\u043b\u044f \u0447\u0442\u0435\u043d\u0438\u044f":"2 \u043c\u0438\u043d\u0443\u0442\u044b"},"schema":{"@context":"https:\/\/schema.org","@graph":[{"@type":"Article","@id":"http:\/\/denizcankizil.tr\/ru\/haberler\/antalya\/ogrencilerinden-mezuniyet-defilesi\/#article","isPartOf":{"@id":"http:\/\/denizcankizil.tr\/ru\/haberler\/antalya\/ogrencilerinden-mezuniyet-defilesi\/"},"author":{"name":"Av. Deniz Can K\u0131z\u0131l","@id":"https:\/\/denizcankizil.tr\/#\/schema\/person\/5dc1b22991bd7ac833867c10afc9b0ff"},"headline":"\u00d6\u011frencilerinden mezuniyet defilesi","datePublished":"2025-05-26T14:41:14+00:00","mainEntityOfPage":{"@id":"http:\/\/denizcankizil.tr\/ru\/haberler\/antalya\/ogrencilerinden-mezuniyet-defilesi\/"},"wordCount":347,"publisher":{"@id":"https:\/\/denizcankizil.tr\/#organization"},"articleSection":["Antalya"],"inLanguage":"ru-RU"},{"@type":"WebPage","@id":"http:\/\/denizcankizil.tr\/ru\/haberler\/antalya\/ogrencilerinden-mezuniyet-defilesi\/","url":"http:\/\/denizcankizil.tr\/ru\/haberler\/antalya\/ogrencilerinden-mezuniyet-defilesi\/","name":"\u00d6\u011frencilerinden mezuniyet defilesi - Av. Deniz Can K\u0131z\u0131l","isPartOf":{"@id":"https:\/\/denizcankizil.tr\/#website"},"datePublished":"2025-05-26T14:41:14+00:00","breadcrumb":{"@id":"http:\/\/denizcankizil.tr\/ru\/haberler\/antalya\/ogrencilerinden-mezuniyet-defilesi\/#breadcrumb"},"inLanguage":"ru-RU","potentialAction":[{"@type":"ReadAction","target":["http:\/\/denizcankizil.tr\/ru\/haberler\/antalya\/ogrencilerinden-mezuniyet-defilesi\/"]}]},{"@type":"BreadcrumbList","@id":"http:\/\/denizcankizil.tr\/ru\/haberler\/antalya\/ogrencilerinden-mezuniyet-defilesi\/#breadcrumb","itemListElement":[{"@type":"ListItem","position":1,"name":"Home","item":"https:\/\/denizcankizil.tr\/uk\/"},{"@type":"ListItem","position":2,"name":"\u00d6\u011frencilerinden mezuniyet defilesi"}]},{"@type":"WebSite","@id":"https:\/\/denizcankizil.tr\/#website","url":"https:\/\/denizcankizil.tr\/","name":"Av. Deniz Can K\u0131z\u0131l","description":"Avukat Deniz Can K\u0131z\u0131l Antalya Barosu","publisher":{"@id":"https:\/\/denizcankizil.tr\/#organization"},"potentialAction":[{"@type":"SearchAction","target":{"@type":"EntryPoint","urlTemplate":"https:\/\/denizcankizil.tr\/?s={search_term_string}"},"query-input":{"@type":"PropertyValueSpecification","valueRequired":true,"valueName":"search_term_string"}}],"inLanguage":"ru-RU"},{"@type":"Organization","@id":"https:\/\/denizcankizil.tr\/#organization","name":"Av. Deniz Can K\u0131z\u0131l","url":"https:\/\/denizcankizil.tr\/","logo":{"@type":"ImageObject","inLanguage":"ru-RU","@id":"https:\/\/denizcankizil.tr\/#\/schema\/logo\/image\/","url":"http:\/\/denizcankizil.tr\/wp-content\/uploads\/2024\/10\/siyah-logo-svg.svg","contentUrl":"http:\/\/denizcankizil.tr\/wp-content\/uploads\/2024\/10\/siyah-logo-svg.svg","width":1080,"height":1080,"caption":"Av. Deniz Can K\u0131z\u0131l"},"image":{"@id":"https:\/\/denizcankizil.tr\/#\/schema\/logo\/image\/"}},{"@type":"Person","@id":"https:\/\/denizcankizil.tr\/#\/schema\/person\/5dc1b22991bd7ac833867c10afc9b0ff","name":"Av. Deniz Can K\u0131z\u0131l","image":{"@type":"ImageObject","inLanguage":"ru-RU","@id":"https:\/\/denizcankizil.tr\/#\/schema\/person\/image\/","url":"https:\/\/secure.gravatar.com\/avatar\/a0b128fb9855c79efc976d5640eedb31dc35ec297594d6016d2cf7c60e975bb6?s=96&d=mm&r=g","contentUrl":"https:\/\/secure.gravatar.com\/avatar\/a0b128fb9855c79efc976d5640eedb31dc35ec297594d6016d2cf7c60e975bb6?s=96&d=mm&r=g","caption":"Av. Deniz Can K\u0131z\u0131l"},"sameAs":["http:\/\/www.denizcankizil.tr"],"url":"http:\/\/denizcankizil.tr\/ru\/author\/denizcankizil\/"}]}},"_links":{"self":[{"href":"http:\/\/denizcankizil.tr\/ru\/wp-json\/wp\/v2\/posts\/97468","targetHints":{"allow":["GET"]}}],"collection":[{"href":"http:\/\/denizcankizil.tr\/ru\/wp-json\/wp\/v2\/posts"}],"about":[{"href":"http:\/\/denizcankizil.tr\/ru\/wp-json\/wp\/v2\/types\/post"}],"author":[{"embeddable":true,"href":"http:\/\/denizcankizil.tr\/ru\/wp-json\/wp\/v2\/users\/4"}],"replies":[{"embeddable":true,"href":"http:\/\/denizcankizil.tr\/ru\/wp-json\/wp\/v2\/comments?post=97468"}],"version-history":[{"count":0,"href":"http:\/\/denizcankizil.tr\/ru\/wp-json\/wp\/v2\/posts\/97468\/revisions"}],"wp:attachment":[{"href":"http:\/\/denizcankizil.tr\/ru\/wp-json\/wp\/v2\/media?parent=97468"}],"wp:term":[{"taxonomy":"category","embeddable":true,"href":"http:\/\/denizcankizil.tr\/ru\/wp-json\/wp\/v2\/categories?post=97468"},{"taxonomy":"post_tag","embeddable":true,"href":"http:\/\/denizcankizil.tr\/ru\/wp-json\/wp\/v2\/tags?post=97468"}],"curies":[{"name":"wp","href":"https:\/\/api.w.org\/{rel}","templated":true}]}}