{"id":96360,"date":"2025-05-25T14:42:20","date_gmt":"2025-05-25T11:42:20","guid":{"rendered":"https:\/\/denizcankizil.tr\/uncategorized-tr\/izmir-buyuksehirden-bayramlik-gida-kolisi-destegi\/"},"modified":"2025-05-25T14:42:20","modified_gmt":"2025-05-25T11:42:20","slug":"izmir-buyuksehirden-bayramlik-gida-kolisi-destegi","status":"publish","type":"post","link":"http:\/\/denizcankizil.tr\/ru\/haberler\/gundem\/izmir-buyuksehirden-bayramlik-gida-kolisi-destegi\/","title":{"rendered":"\u0130zmir B\u00fcy\u00fck\u015fehir\u2019den bayraml\u0131k g\u0131da kolisi deste\u011fi"},"content":{"rendered":"<p>\u0130zmir B\u00fcy\u00fck\u015fehir Belediyesi, sosyal belediyecilik anlay\u0131\u015f\u0131yla toplumun her kesimini g\u00f6zeterek dayan\u0131\u015fmay\u0131 b\u00fcy\u00fctmeye devam ediyor. Kurban Bayram\u0131 \u00f6ncesinde yakla\u015f\u0131k 40 bin ihtiya\u00e7 sahibi hane i\u00e7in haz\u0131rlanan g\u0131da kolilerinin da\u011f\u0131t\u0131m\u0131na ba\u015fland\u0131.\u0130ZM\u0130R (\u0130GFA) &#8211; \u0130zmir B\u00fcy\u00fck\u015fehir Belediyesi, Kurban Bayram\u0131 \u00f6ncesinde ihtiya\u00e7 sahibi hanelere y\u00f6nelik g\u0131da paketi da\u011f\u0131t\u0131m\u0131n\u0131 ba\u015flatt\u0131.<br \/>\n\u0130zmir B\u00fcy\u00fck\u015fehir Belediyesi Sosyal Hizmetler Dairesi Ba\u015fkanl\u0131\u011f\u0131 ekiplerince haz\u0131rlanan g\u0131da paketleri, belirlenen kriterler do\u011frultusunda kentteki yakla\u015f\u0131k 40 bin aileye ula\u015ft\u0131r\u0131lacak. Dayan\u0131\u015fmay\u0131 b\u00fcy\u00fctmek amac\u0131yla hareket eden \u0130zmir B\u00fcy\u00fck\u015fehir Belediyesi, sosyal yard\u0131m takip sisteminde kay\u0131tl\u0131 yakla\u015f\u0131k 40 bin \u0130zmirliye 1000\u2019er liral\u0131k bayram katk\u0131s\u0131 da verecek. 1000 TL\u2019lik tutar \u0130zmir \u015eehir Kart\u0131\u2019na aktar\u0131lacak. Vatanda\u015flar al\u0131\u015fveri\u015f deste\u011fi olarak yat\u0131r\u0131lan miktarla bizvariz.izmir.bel.tr sitesinde yer alan \u00fcye i\u015f yerlerinde harcama yapabilecek.<br \/>\nG\u0131da paketleri, i\u00e7inde \u0130zmir B\u00fcy\u00fck\u015fehir Belediye Ba\u015fkan\u0131 Dr. Cemil Tugay\u2019\u0131n notuyla yurtta\u015flara ula\u015ft\u0131r\u0131l\u0131yor.<\/p>\n<p>O notta Ba\u015fkan Tugay s\u00f6zlerine \u201cDayan\u0131\u015fman\u0131n ve payla\u015fman\u0131n \u015fehri \u0130zmir\u2019de hepimiz kom\u015fusu a\u00e7ken tok yatmayan bir k\u00fclt\u00fcrden geliyoruz. Bu anlay\u0131\u015fla hem\u015fehrilerimizin kendini yaln\u0131z hissetmemesi i\u00e7in var g\u00fcc\u00fcm\u00fczle \u00e7al\u0131\u015f\u0131yoruz\u201d diye ba\u015fl\u0131yor.  Hayat \u015fartlar\u0131n\u0131n zorla\u015ft\u0131\u011f\u0131n\u0131 dile getiren Tugay, \u201cYa\u015fam m\u00fccadelesi ve ge\u00e7im s\u0131k\u0131nt\u0131s\u0131 bir\u00e7ok ailemizi derinden etkiliyor. Bu g\u0131da paketi hizmet ve dayan\u0131\u015fma arzumuzun bir g\u00f6stergesidir. \u0130zmir B\u00fcy\u00fck\u015fehir Belediyesi olarak sosyal desteklerimizle her zaman yan\u0131n\u0131zda olaca\u011f\u0131z. Unutmay\u0131n, biz b\u00fcy\u00fck bir aileyiz ve zor g\u00fcnleri birlikte a\u015faca\u011f\u0131z. Umudu b\u00fcy\u00fct\u00fcp yar\u0131nlar\u0131 beraber kuraca\u011f\u0131z&#8221; ifadeleri yer al\u0131yor.<br \/>\n\u00d6te yandan emeklilere y\u00f6nelik \u00f6zel desteklere devam eden \u0130zmir B\u00fcy\u00fck\u015fehir Belediyesi, bin lira tutar\u0131ndaki emekli kira deste\u011fi 147 ki\u015fiye, bn lira tutar\u0131ndaki emekli al\u0131\u015fveri\u015f deste\u011fi ise 3 bin 869 vatanda\u015fa ula\u015ft\u0131r\u0131lmaya haz\u0131rlan\u0131rken, binlerce emeklinin bayram \u00f6ncesi rahat bir nefes almas\u0131 sa\u011flayacak.<\/p>\n<p>\u200b\u0130zmir B\u00fcy\u00fck\u015fehir Belediyesi, sosyal belediyecilik anlay\u0131\u015f\u0131yla toplumun her kesimini g\u00f6zeterek dayan\u0131\u015fmay\u0131 b\u00fcy\u00fctmeye devam ediyor. Kurban Bayram\u0131 \u00f6ncesinde yakla\u015f\u0131k 40 bin ihtiya\u00e7 sahibi hane i\u00e7in haz\u0131rlanan g\u0131da kolilerinin da\u011f\u0131t\u0131m\u0131na ba\u015fland\u0131.\u0130ZM\u0130R (\u0130GFA) &#8211; \u0130zmir B\u00fcy\u00fck\u015fehir Belediyesi, Kurban Bayram\u0131 \u00f6ncesinde ihtiya\u00e7 sahibi hanelere y\u00f6nelik g\u0131da paketi da\u011f\u0131t\u0131m\u0131n\u0131 ba\u015flatt\u0131.<br \/>\n\u0130zmir B\u00fcy\u00fck\u015fehir Belediyesi Sosyal Hizmetler Dairesi Ba\u015fkanl\u0131\u011f\u0131 ekiplerince haz\u0131rlanan g\u0131da paketleri, belirlenen kriterler do\u011frultusunda kentteki yakla\u015f\u0131k 40 bin aileye ula\u015ft\u0131r\u0131lacak. Dayan\u0131\u015fmay\u0131 b\u00fcy\u00fctmek amac\u0131yla hareket eden \u0130zmir B\u00fcy\u00fck\u015fehir Belediyesi, sosyal yard\u0131m takip sisteminde kay\u0131tl\u0131 yakla\u015f\u0131k 40 bin \u0130zmirliye 1000\u2019er liral\u0131k bayram katk\u0131s\u0131 da verecek. 1000 TL\u2019lik tutar \u0130zmir \u015eehir Kart\u0131\u2019na aktar\u0131lacak. Vatanda\u015flar al\u0131\u015fveri\u015f deste\u011fi olarak yat\u0131r\u0131lan miktarla bizvariz.izmir.bel.tr sitesinde yer alan \u00fcye i\u015f yerlerinde harcama yapabilecek.<br \/>\nG\u0131da paketleri, i\u00e7inde \u0130zmir B\u00fcy\u00fck\u015fehir Belediye Ba\u015fkan\u0131 Dr. Cemil Tugay\u2019\u0131n notuyla yurtta\u015flara ula\u015ft\u0131r\u0131l\u0131yor.<\/p>\n<p>O notta Ba\u015fkan Tugay s\u00f6zlerine \u201cDayan\u0131\u015fman\u0131n ve payla\u015fman\u0131n \u015fehri \u0130zmir\u2019de hepimiz kom\u015fusu a\u00e7ken tok yatmayan bir k\u00fclt\u00fcrden geliyoruz. Bu anlay\u0131\u015fla hem\u015fehrilerimizin kendini yaln\u0131z hissetmemesi i\u00e7in var g\u00fcc\u00fcm\u00fczle \u00e7al\u0131\u015f\u0131yoruz\u201d diye ba\u015fl\u0131yor.  Hayat \u015fartlar\u0131n\u0131n zorla\u015ft\u0131\u011f\u0131n\u0131 dile getiren Tugay, \u201cYa\u015fam m\u00fccadelesi ve ge\u00e7im s\u0131k\u0131nt\u0131s\u0131 bir\u00e7ok ailemizi derinden etkiliyor. Bu g\u0131da paketi hizmet ve dayan\u0131\u015fma arzumuzun bir g\u00f6stergesidir. \u0130zmir B\u00fcy\u00fck\u015fehir Belediyesi olarak sosyal desteklerimizle her zaman yan\u0131n\u0131zda olaca\u011f\u0131z. Unutmay\u0131n, biz b\u00fcy\u00fck bir aileyiz ve zor g\u00fcnleri birlikte a\u015faca\u011f\u0131z. Umudu b\u00fcy\u00fct\u00fcp yar\u0131nlar\u0131 beraber kuraca\u011f\u0131z&#8221; ifadeleri yer al\u0131yor.<br \/>\n\u00d6te yandan emeklilere y\u00f6nelik \u00f6zel desteklere devam eden \u0130zmir B\u00fcy\u00fck\u015fehir Belediyesi, bin lira tutar\u0131ndaki emekli kira deste\u011fi 147 ki\u015fiye, bn lira tutar\u0131ndaki emekli al\u0131\u015fveri\u015f deste\u011fi ise 3 bin 869 vatanda\u015fa ula\u015ft\u0131r\u0131lmaya haz\u0131rlan\u0131rken, binlerce emeklinin bayram \u00f6ncesi rahat bir nefes almas\u0131 sa\u011flayacak.\u00a0<\/p>\n<p>\u200bHaberin Al\u0131nt\u0131land\u0131\u011f\u0131 Kaynak: www.iskenderun.org<\/p>","protected":false},"excerpt":{"rendered":"<p>\u0130zmir B\u00fcy\u00fck\u015fehir Belediyesi, sosyal belediyecilik anlay\u0131\u015f\u0131yla toplumun her kesimini g\u00f6zeterek dayan\u0131\u015fmay\u0131 b\u00fcy\u00fctmeye devam ediyor. Kurban Bayram\u0131 \u00f6ncesinde yakla\u015f\u0131k 40 bin ihtiya\u00e7 sahibi hane i\u00e7in haz\u0131rlanan g\u0131da kolilerinin da\u011f\u0131t\u0131m\u0131na ba\u015fland\u0131.\u0130ZM\u0130R (\u0130GFA) &#8211; \u0130zmir B\u00fcy\u00fck\u015fehir Belediyesi, Kurban Bayram\u0131 \u00f6ncesinde ihtiya\u00e7 sahibi hanelere y\u00f6nelik g\u0131da paketi da\u011f\u0131t\u0131m\u0131n\u0131 ba\u015flatt\u0131. \u0130zmir B\u00fcy\u00fck\u015fehir Belediyesi Sosyal Hizmetler Dairesi Ba\u015fkanl\u0131\u011f\u0131 ekiplerince haz\u0131rlanan g\u0131da paketleri, belirlenen kriterler do\u011frultusunda kentteki yakla\u015f\u0131k 40 bin aileye ula\u015ft\u0131r\u0131lacak. Dayan\u0131\u015fmay\u0131 b\u00fcy\u00fctmek amac\u0131yla hareket eden \u0130zmir B\u00fcy\u00fck\u015fehir Belediyesi, sosyal yard\u0131m takip sisteminde kay\u0131tl\u0131 yakla\u015f\u0131k 40 bin \u0130zmirliye 1000\u2019er liral\u0131k bayram katk\u0131s\u0131 da verecek. 1000 TL\u2019lik tutar \u0130zmir \u015eehir Kart\u0131\u2019na aktar\u0131lacak. Vatanda\u015flar al\u0131\u015fveri\u015f deste\u011fi olarak yat\u0131r\u0131lan miktarla bizvariz.izmir.bel.tr sitesinde yer alan \u00fcye i\u015f yerlerinde harcama yapabilecek. G\u0131da paketleri, i\u00e7inde \u0130zmir B\u00fcy\u00fck\u015fehir Belediye Ba\u015fkan\u0131 Dr. Cemil Tugay\u2019\u0131n notuyla yurtta\u015flara ula\u015ft\u0131r\u0131l\u0131yor. O notta Ba\u015fkan Tugay s\u00f6zlerine \u201cDayan\u0131\u015fman\u0131n ve payla\u015fman\u0131n \u015fehri \u0130zmir\u2019de hepimiz kom\u015fusu a\u00e7ken tok yatmayan bir k\u00fclt\u00fcrden geliyoruz. Bu anlay\u0131\u015fla hem\u015fehrilerimizin kendini yaln\u0131z hissetmemesi i\u00e7in var g\u00fcc\u00fcm\u00fczle \u00e7al\u0131\u015f\u0131yoruz\u201d diye ba\u015fl\u0131yor. Hayat \u015fartlar\u0131n\u0131n zorla\u015ft\u0131\u011f\u0131n\u0131 dile getiren Tugay, \u201cYa\u015fam m\u00fccadelesi ve ge\u00e7im s\u0131k\u0131nt\u0131s\u0131 bir\u00e7ok ailemizi derinden etkiliyor. Bu g\u0131da paketi hizmet ve dayan\u0131\u015fma arzumuzun bir g\u00f6stergesidir. \u0130zmir B\u00fcy\u00fck\u015fehir Belediyesi olarak sosyal desteklerimizle her zaman yan\u0131n\u0131zda olaca\u011f\u0131z. Unutmay\u0131n, biz b\u00fcy\u00fck bir aileyiz ve zor g\u00fcnleri birlikte a\u015faca\u011f\u0131z. Umudu b\u00fcy\u00fct\u00fcp yar\u0131nlar\u0131 &hellip;<\/p>","protected":false},"author":1,"featured_media":0,"comment_status":"","ping_status":"open","sticky":false,"template":"","format":"standard","meta":{"_acf_changed":false,"footnotes":""},"categories":[24],"tags":[],"class_list":["post-96360","post","type-post","status-publish","format-standard","has-post-thumbnail","hentry","category-gundem"],"acf":[],"yoast_head":"<!-- This site is optimized with the Yoast SEO Premium plugin v26.6 (Yoast SEO v27.1.1) - https:\/\/yoast.com\/product\/yoast-seo-premium-wordpress\/ -->\n<title>\u0130zmir B\u00fcy\u00fck\u015fehir\u2019den bayraml\u0131k g\u0131da kolisi deste\u011fi - Av. Deniz Can K\u0131z\u0131l<\/title>\n<meta name=\"robots\" content=\"index, follow, max-snippet:-1, max-image-preview:large, max-video-preview:-1\" \/>\n<link rel=\"canonical\" href=\"http:\/\/denizcankizil.tr\/ru\/haberler\/gundem\/izmir-buyuksehirden-bayramlik-gida-kolisi-destegi\/\" \/>\n<meta property=\"og:locale\" content=\"ru_RU\" \/>\n<meta property=\"og:type\" content=\"article\" \/>\n<meta property=\"og:title\" content=\"\u0130zmir B\u00fcy\u00fck\u015fehir\u2019den bayraml\u0131k g\u0131da kolisi deste\u011fi\" \/>\n<meta property=\"og:description\" content=\"\u0130zmir B\u00fcy\u00fck\u015fehir Belediyesi, sosyal belediyecilik anlay\u0131\u015f\u0131yla toplumun her kesimini g\u00f6zeterek dayan\u0131\u015fmay\u0131 b\u00fcy\u00fctmeye devam ediyor. Kurban Bayram\u0131 \u00f6ncesinde yakla\u015f\u0131k 40 bin ihtiya\u00e7 sahibi hane i\u00e7in haz\u0131rlanan g\u0131da kolilerinin da\u011f\u0131t\u0131m\u0131na ba\u015fland\u0131.\u0130ZM\u0130R (\u0130GFA) &#8211; \u0130zmir B\u00fcy\u00fck\u015fehir Belediyesi, Kurban Bayram\u0131 \u00f6ncesinde ihtiya\u00e7 sahibi hanelere y\u00f6nelik g\u0131da paketi da\u011f\u0131t\u0131m\u0131n\u0131 ba\u015flatt\u0131. \u0130zmir B\u00fcy\u00fck\u015fehir Belediyesi Sosyal Hizmetler Dairesi Ba\u015fkanl\u0131\u011f\u0131 ekiplerince haz\u0131rlanan g\u0131da paketleri, belirlenen kriterler do\u011frultusunda kentteki yakla\u015f\u0131k 40 bin aileye ula\u015ft\u0131r\u0131lacak. Dayan\u0131\u015fmay\u0131 b\u00fcy\u00fctmek amac\u0131yla hareket eden \u0130zmir B\u00fcy\u00fck\u015fehir Belediyesi, sosyal yard\u0131m takip sisteminde kay\u0131tl\u0131 yakla\u015f\u0131k 40 bin \u0130zmirliye 1000\u2019er liral\u0131k bayram katk\u0131s\u0131 da verecek. 1000 TL\u2019lik tutar \u0130zmir \u015eehir Kart\u0131\u2019na aktar\u0131lacak. Vatanda\u015flar al\u0131\u015fveri\u015f deste\u011fi olarak yat\u0131r\u0131lan miktarla bizvariz.izmir.bel.tr sitesinde yer alan \u00fcye i\u015f yerlerinde harcama yapabilecek. G\u0131da paketleri, i\u00e7inde \u0130zmir B\u00fcy\u00fck\u015fehir Belediye Ba\u015fkan\u0131 Dr. Cemil Tugay\u2019\u0131n notuyla yurtta\u015flara ula\u015ft\u0131r\u0131l\u0131yor. O notta Ba\u015fkan Tugay s\u00f6zlerine \u201cDayan\u0131\u015fman\u0131n ve payla\u015fman\u0131n \u015fehri \u0130zmir\u2019de hepimiz kom\u015fusu a\u00e7ken tok yatmayan bir k\u00fclt\u00fcrden geliyoruz. Bu anlay\u0131\u015fla hem\u015fehrilerimizin kendini yaln\u0131z hissetmemesi i\u00e7in var g\u00fcc\u00fcm\u00fczle \u00e7al\u0131\u015f\u0131yoruz\u201d diye ba\u015fl\u0131yor. Hayat \u015fartlar\u0131n\u0131n zorla\u015ft\u0131\u011f\u0131n\u0131 dile getiren Tugay, \u201cYa\u015fam m\u00fccadelesi ve ge\u00e7im s\u0131k\u0131nt\u0131s\u0131 bir\u00e7ok ailemizi derinden etkiliyor. Bu g\u0131da paketi hizmet ve dayan\u0131\u015fma arzumuzun bir g\u00f6stergesidir. \u0130zmir B\u00fcy\u00fck\u015fehir Belediyesi olarak sosyal desteklerimizle her zaman yan\u0131n\u0131zda olaca\u011f\u0131z. Unutmay\u0131n, biz b\u00fcy\u00fck bir aileyiz ve zor g\u00fcnleri birlikte a\u015faca\u011f\u0131z. Umudu b\u00fcy\u00fct\u00fcp yar\u0131nlar\u0131 &hellip;\" \/>\n<meta property=\"og:url\" content=\"http:\/\/denizcankizil.tr\/ru\/haberler\/gundem\/izmir-buyuksehirden-bayramlik-gida-kolisi-destegi\/\" \/>\n<meta property=\"og:site_name\" content=\"Av. Deniz Can K\u0131z\u0131l\" \/>\n<meta property=\"article:published_time\" content=\"2025-05-25T11:42:20+00:00\" \/>\n<meta name=\"author\" content=\"admin\" \/>\n<meta name=\"twitter:card\" content=\"summary_large_image\" \/>\n<meta name=\"twitter:label1\" content=\"\u041d\u0430\u043f\u0438\u0441\u0430\u043d\u043e \u0430\u0432\u0442\u043e\u0440\u043e\u043c\" \/>\n\t<meta name=\"twitter:data1\" content=\"admin\" \/>\n\t<meta name=\"twitter:label2\" content=\"\u041f\u0440\u0438\u043c\u0435\u0440\u043d\u043e\u0435 \u0432\u0440\u0435\u043c\u044f \u0434\u043b\u044f \u0447\u0442\u0435\u043d\u0438\u044f\" \/>\n\t<meta name=\"twitter:data2\" content=\"4 \u043c\u0438\u043d\u0443\u0442\u044b\" \/>\n<script type=\"application\/ld+json\" class=\"yoast-schema-graph\">{\"@context\":\"https:\/\/schema.org\",\"@graph\":[{\"@type\":\"Article\",\"@id\":\"http:\/\/denizcankizil.tr\/ru\/haberler\/gundem\/izmir-buyuksehirden-bayramlik-gida-kolisi-destegi\/#article\",\"isPartOf\":{\"@id\":\"http:\/\/denizcankizil.tr\/ru\/haberler\/gundem\/izmir-buyuksehirden-bayramlik-gida-kolisi-destegi\/\"},\"author\":{\"name\":\"admin\",\"@id\":\"https:\/\/denizcankizil.tr\/#\/schema\/person\/be3c05fe6a12686905512445d8185489\"},\"headline\":\"\u0130zmir B\u00fcy\u00fck\u015fehir\u2019den bayraml\u0131k g\u0131da kolisi deste\u011fi\",\"datePublished\":\"2025-05-25T11:42:20+00:00\",\"mainEntityOfPage\":{\"@id\":\"http:\/\/denizcankizil.tr\/ru\/haberler\/gundem\/izmir-buyuksehirden-bayramlik-gida-kolisi-destegi\/\"},\"wordCount\":785,\"publisher\":{\"@id\":\"https:\/\/denizcankizil.tr\/#organization\"},\"articleSection\":[\"G\u00fcndem\"],\"inLanguage\":\"ru-RU\"},{\"@type\":\"WebPage\",\"@id\":\"http:\/\/denizcankizil.tr\/ru\/haberler\/gundem\/izmir-buyuksehirden-bayramlik-gida-kolisi-destegi\/\",\"url\":\"http:\/\/denizcankizil.tr\/ru\/haberler\/gundem\/izmir-buyuksehirden-bayramlik-gida-kolisi-destegi\/\",\"name\":\"\u0130zmir B\u00fcy\u00fck\u015fehir\u2019den bayraml\u0131k g\u0131da kolisi deste\u011fi - Av. Deniz Can K\u0131z\u0131l\",\"isPartOf\":{\"@id\":\"https:\/\/denizcankizil.tr\/#website\"},\"datePublished\":\"2025-05-25T11:42:20+00:00\",\"breadcrumb\":{\"@id\":\"http:\/\/denizcankizil.tr\/ru\/haberler\/gundem\/izmir-buyuksehirden-bayramlik-gida-kolisi-destegi\/#breadcrumb\"},\"inLanguage\":\"ru-RU\",\"potentialAction\":[{\"@type\":\"ReadAction\",\"target\":[\"http:\/\/denizcankizil.tr\/ru\/haberler\/gundem\/izmir-buyuksehirden-bayramlik-gida-kolisi-destegi\/\"]}]},{\"@type\":\"BreadcrumbList\",\"@id\":\"http:\/\/denizcankizil.tr\/ru\/haberler\/gundem\/izmir-buyuksehirden-bayramlik-gida-kolisi-destegi\/#breadcrumb\",\"itemListElement\":[{\"@type\":\"ListItem\",\"position\":1,\"name\":\"Home\",\"item\":\"https:\/\/denizcankizil.tr\/de\/\"},{\"@type\":\"ListItem\",\"position\":2,\"name\":\"\u0130zmir B\u00fcy\u00fck\u015fehir\u2019den bayraml\u0131k g\u0131da kolisi deste\u011fi\"}]},{\"@type\":\"WebSite\",\"@id\":\"https:\/\/denizcankizil.tr\/#website\",\"url\":\"https:\/\/denizcankizil.tr\/\",\"name\":\"Av. Deniz Can K\u0131z\u0131l\",\"description\":\"Avukat Deniz Can K\u0131z\u0131l Antalya Barosu\",\"publisher\":{\"@id\":\"https:\/\/denizcankizil.tr\/#organization\"},\"potentialAction\":[{\"@type\":\"SearchAction\",\"target\":{\"@type\":\"EntryPoint\",\"urlTemplate\":\"https:\/\/denizcankizil.tr\/?s={search_term_string}\"},\"query-input\":{\"@type\":\"PropertyValueSpecification\",\"valueRequired\":true,\"valueName\":\"search_term_string\"}}],\"inLanguage\":\"ru-RU\"},{\"@type\":\"Organization\",\"@id\":\"https:\/\/denizcankizil.tr\/#organization\",\"name\":\"Av. Deniz Can K\u0131z\u0131l\",\"url\":\"https:\/\/denizcankizil.tr\/\",\"logo\":{\"@type\":\"ImageObject\",\"inLanguage\":\"ru-RU\",\"@id\":\"https:\/\/denizcankizil.tr\/#\/schema\/logo\/image\/\",\"url\":\"http:\/\/denizcankizil.tr\/wp-content\/uploads\/2024\/10\/siyah-logo-svg.svg\",\"contentUrl\":\"http:\/\/denizcankizil.tr\/wp-content\/uploads\/2024\/10\/siyah-logo-svg.svg\",\"width\":1080,\"height\":1080,\"caption\":\"Av. Deniz Can K\u0131z\u0131l\"},\"image\":{\"@id\":\"https:\/\/denizcankizil.tr\/#\/schema\/logo\/image\/\"}},{\"@type\":\"Person\",\"@id\":\"https:\/\/denizcankizil.tr\/#\/schema\/person\/be3c05fe6a12686905512445d8185489\",\"name\":\"admin\",\"image\":{\"@type\":\"ImageObject\",\"inLanguage\":\"ru-RU\",\"@id\":\"https:\/\/denizcankizil.tr\/#\/schema\/person\/image\/\",\"url\":\"https:\/\/secure.gravatar.com\/avatar\/c1fce94c830dc79107e174f890d7210541c4a63e8e5d816341794a2151c9d58c?s=96&d=mm&r=g\",\"contentUrl\":\"https:\/\/secure.gravatar.com\/avatar\/c1fce94c830dc79107e174f890d7210541c4a63e8e5d816341794a2151c9d58c?s=96&d=mm&r=g\",\"caption\":\"admin\"},\"sameAs\":[\"http:\/\/denizcankizil.tr\"],\"url\":\"https:\/\/www.iskenderun.org\/izmir-buyuksehirden-bayramlik-gida-kolisi-destegi\"}]}<\/script>\n<!-- \/ Yoast SEO Premium plugin. -->","yoast_head_json":{"title":"\u0130zmir B\u00fcy\u00fck\u015fehir\u2019den bayraml\u0131k g\u0131da kolisi deste\u011fi - Av. Deniz Can K\u0131z\u0131l","robots":{"index":"index","follow":"follow","max-snippet":"max-snippet:-1","max-image-preview":"max-image-preview:large","max-video-preview":"max-video-preview:-1"},"canonical":"http:\/\/denizcankizil.tr\/ru\/haberler\/gundem\/izmir-buyuksehirden-bayramlik-gida-kolisi-destegi\/","og_locale":"ru_RU","og_type":"article","og_title":"\u0130zmir B\u00fcy\u00fck\u015fehir\u2019den bayraml\u0131k g\u0131da kolisi deste\u011fi","og_description":"\u0130zmir B\u00fcy\u00fck\u015fehir Belediyesi, sosyal belediyecilik anlay\u0131\u015f\u0131yla toplumun her kesimini g\u00f6zeterek dayan\u0131\u015fmay\u0131 b\u00fcy\u00fctmeye devam ediyor. Kurban Bayram\u0131 \u00f6ncesinde yakla\u015f\u0131k 40 bin ihtiya\u00e7 sahibi hane i\u00e7in haz\u0131rlanan g\u0131da kolilerinin da\u011f\u0131t\u0131m\u0131na ba\u015fland\u0131.\u0130ZM\u0130R (\u0130GFA) &#8211; \u0130zmir B\u00fcy\u00fck\u015fehir Belediyesi, Kurban Bayram\u0131 \u00f6ncesinde ihtiya\u00e7 sahibi hanelere y\u00f6nelik g\u0131da paketi da\u011f\u0131t\u0131m\u0131n\u0131 ba\u015flatt\u0131. \u0130zmir B\u00fcy\u00fck\u015fehir Belediyesi Sosyal Hizmetler Dairesi Ba\u015fkanl\u0131\u011f\u0131 ekiplerince haz\u0131rlanan g\u0131da paketleri, belirlenen kriterler do\u011frultusunda kentteki yakla\u015f\u0131k 40 bin aileye ula\u015ft\u0131r\u0131lacak. Dayan\u0131\u015fmay\u0131 b\u00fcy\u00fctmek amac\u0131yla hareket eden \u0130zmir B\u00fcy\u00fck\u015fehir Belediyesi, sosyal yard\u0131m takip sisteminde kay\u0131tl\u0131 yakla\u015f\u0131k 40 bin \u0130zmirliye 1000\u2019er liral\u0131k bayram katk\u0131s\u0131 da verecek. 1000 TL\u2019lik tutar \u0130zmir \u015eehir Kart\u0131\u2019na aktar\u0131lacak. Vatanda\u015flar al\u0131\u015fveri\u015f deste\u011fi olarak yat\u0131r\u0131lan miktarla bizvariz.izmir.bel.tr sitesinde yer alan \u00fcye i\u015f yerlerinde harcama yapabilecek. G\u0131da paketleri, i\u00e7inde \u0130zmir B\u00fcy\u00fck\u015fehir Belediye Ba\u015fkan\u0131 Dr. Cemil Tugay\u2019\u0131n notuyla yurtta\u015flara ula\u015ft\u0131r\u0131l\u0131yor. O notta Ba\u015fkan Tugay s\u00f6zlerine \u201cDayan\u0131\u015fman\u0131n ve payla\u015fman\u0131n \u015fehri \u0130zmir\u2019de hepimiz kom\u015fusu a\u00e7ken tok yatmayan bir k\u00fclt\u00fcrden geliyoruz. Bu anlay\u0131\u015fla hem\u015fehrilerimizin kendini yaln\u0131z hissetmemesi i\u00e7in var g\u00fcc\u00fcm\u00fczle \u00e7al\u0131\u015f\u0131yoruz\u201d diye ba\u015fl\u0131yor. Hayat \u015fartlar\u0131n\u0131n zorla\u015ft\u0131\u011f\u0131n\u0131 dile getiren Tugay, \u201cYa\u015fam m\u00fccadelesi ve ge\u00e7im s\u0131k\u0131nt\u0131s\u0131 bir\u00e7ok ailemizi derinden etkiliyor. Bu g\u0131da paketi hizmet ve dayan\u0131\u015fma arzumuzun bir g\u00f6stergesidir. \u0130zmir B\u00fcy\u00fck\u015fehir Belediyesi olarak sosyal desteklerimizle her zaman yan\u0131n\u0131zda olaca\u011f\u0131z. Unutmay\u0131n, biz b\u00fcy\u00fck bir aileyiz ve zor g\u00fcnleri birlikte a\u015faca\u011f\u0131z. Umudu b\u00fcy\u00fct\u00fcp yar\u0131nlar\u0131 &hellip;","og_url":"http:\/\/denizcankizil.tr\/ru\/haberler\/gundem\/izmir-buyuksehirden-bayramlik-gida-kolisi-destegi\/","og_site_name":"Av. Deniz Can K\u0131z\u0131l","article_published_time":"2025-05-25T11:42:20+00:00","author":"admin","twitter_card":"summary_large_image","twitter_misc":{"\u041d\u0430\u043f\u0438\u0441\u0430\u043d\u043e \u0430\u0432\u0442\u043e\u0440\u043e\u043c":"admin","\u041f\u0440\u0438\u043c\u0435\u0440\u043d\u043e\u0435 \u0432\u0440\u0435\u043c\u044f \u0434\u043b\u044f \u0447\u0442\u0435\u043d\u0438\u044f":"4 \u043c\u0438\u043d\u0443\u0442\u044b"},"schema":{"@context":"https:\/\/schema.org","@graph":[{"@type":"Article","@id":"http:\/\/denizcankizil.tr\/ru\/haberler\/gundem\/izmir-buyuksehirden-bayramlik-gida-kolisi-destegi\/#article","isPartOf":{"@id":"http:\/\/denizcankizil.tr\/ru\/haberler\/gundem\/izmir-buyuksehirden-bayramlik-gida-kolisi-destegi\/"},"author":{"name":"admin","@id":"https:\/\/denizcankizil.tr\/#\/schema\/person\/be3c05fe6a12686905512445d8185489"},"headline":"\u0130zmir B\u00fcy\u00fck\u015fehir\u2019den bayraml\u0131k g\u0131da kolisi deste\u011fi","datePublished":"2025-05-25T11:42:20+00:00","mainEntityOfPage":{"@id":"http:\/\/denizcankizil.tr\/ru\/haberler\/gundem\/izmir-buyuksehirden-bayramlik-gida-kolisi-destegi\/"},"wordCount":785,"publisher":{"@id":"https:\/\/denizcankizil.tr\/#organization"},"articleSection":["G\u00fcndem"],"inLanguage":"ru-RU"},{"@type":"WebPage","@id":"http:\/\/denizcankizil.tr\/ru\/haberler\/gundem\/izmir-buyuksehirden-bayramlik-gida-kolisi-destegi\/","url":"http:\/\/denizcankizil.tr\/ru\/haberler\/gundem\/izmir-buyuksehirden-bayramlik-gida-kolisi-destegi\/","name":"\u0130zmir B\u00fcy\u00fck\u015fehir\u2019den bayraml\u0131k g\u0131da kolisi deste\u011fi - Av. Deniz Can K\u0131z\u0131l","isPartOf":{"@id":"https:\/\/denizcankizil.tr\/#website"},"datePublished":"2025-05-25T11:42:20+00:00","breadcrumb":{"@id":"http:\/\/denizcankizil.tr\/ru\/haberler\/gundem\/izmir-buyuksehirden-bayramlik-gida-kolisi-destegi\/#breadcrumb"},"inLanguage":"ru-RU","potentialAction":[{"@type":"ReadAction","target":["http:\/\/denizcankizil.tr\/ru\/haberler\/gundem\/izmir-buyuksehirden-bayramlik-gida-kolisi-destegi\/"]}]},{"@type":"BreadcrumbList","@id":"http:\/\/denizcankizil.tr\/ru\/haberler\/gundem\/izmir-buyuksehirden-bayramlik-gida-kolisi-destegi\/#breadcrumb","itemListElement":[{"@type":"ListItem","position":1,"name":"Home","item":"https:\/\/denizcankizil.tr\/de\/"},{"@type":"ListItem","position":2,"name":"\u0130zmir B\u00fcy\u00fck\u015fehir\u2019den bayraml\u0131k g\u0131da kolisi deste\u011fi"}]},{"@type":"WebSite","@id":"https:\/\/denizcankizil.tr\/#website","url":"https:\/\/denizcankizil.tr\/","name":"Av. Deniz Can K\u0131z\u0131l","description":"Avukat Deniz Can K\u0131z\u0131l Antalya Barosu","publisher":{"@id":"https:\/\/denizcankizil.tr\/#organization"},"potentialAction":[{"@type":"SearchAction","target":{"@type":"EntryPoint","urlTemplate":"https:\/\/denizcankizil.tr\/?s={search_term_string}"},"query-input":{"@type":"PropertyValueSpecification","valueRequired":true,"valueName":"search_term_string"}}],"inLanguage":"ru-RU"},{"@type":"Organization","@id":"https:\/\/denizcankizil.tr\/#organization","name":"Av. Deniz Can K\u0131z\u0131l","url":"https:\/\/denizcankizil.tr\/","logo":{"@type":"ImageObject","inLanguage":"ru-RU","@id":"https:\/\/denizcankizil.tr\/#\/schema\/logo\/image\/","url":"http:\/\/denizcankizil.tr\/wp-content\/uploads\/2024\/10\/siyah-logo-svg.svg","contentUrl":"http:\/\/denizcankizil.tr\/wp-content\/uploads\/2024\/10\/siyah-logo-svg.svg","width":1080,"height":1080,"caption":"Av. Deniz Can K\u0131z\u0131l"},"image":{"@id":"https:\/\/denizcankizil.tr\/#\/schema\/logo\/image\/"}},{"@type":"Person","@id":"https:\/\/denizcankizil.tr\/#\/schema\/person\/be3c05fe6a12686905512445d8185489","name":"\u0430\u0434\u043c\u0438\u043d","image":{"@type":"ImageObject","inLanguage":"ru-RU","@id":"https:\/\/denizcankizil.tr\/#\/schema\/person\/image\/","url":"https:\/\/secure.gravatar.com\/avatar\/c1fce94c830dc79107e174f890d7210541c4a63e8e5d816341794a2151c9d58c?s=96&d=mm&r=g","contentUrl":"https:\/\/secure.gravatar.com\/avatar\/c1fce94c830dc79107e174f890d7210541c4a63e8e5d816341794a2151c9d58c?s=96&d=mm&r=g","caption":"admin"},"sameAs":["http:\/\/denizcankizil.tr"],"url":"https:\/\/www.iskenderun.org\/izmir-buyuksehirden-bayramlik-gida-kolisi-destegi"}]}},"_links":{"self":[{"href":"http:\/\/denizcankizil.tr\/ru\/wp-json\/wp\/v2\/posts\/96360","targetHints":{"allow":["GET"]}}],"collection":[{"href":"http:\/\/denizcankizil.tr\/ru\/wp-json\/wp\/v2\/posts"}],"about":[{"href":"http:\/\/denizcankizil.tr\/ru\/wp-json\/wp\/v2\/types\/post"}],"author":[{"embeddable":true,"href":"http:\/\/denizcankizil.tr\/ru\/wp-json\/wp\/v2\/users\/1"}],"replies":[{"embeddable":true,"href":"http:\/\/denizcankizil.tr\/ru\/wp-json\/wp\/v2\/comments?post=96360"}],"version-history":[{"count":0,"href":"http:\/\/denizcankizil.tr\/ru\/wp-json\/wp\/v2\/posts\/96360\/revisions"}],"wp:attachment":[{"href":"http:\/\/denizcankizil.tr\/ru\/wp-json\/wp\/v2\/media?parent=96360"}],"wp:term":[{"taxonomy":"category","embeddable":true,"href":"http:\/\/denizcankizil.tr\/ru\/wp-json\/wp\/v2\/categories?post=96360"},{"taxonomy":"post_tag","embeddable":true,"href":"http:\/\/denizcankizil.tr\/ru\/wp-json\/wp\/v2\/tags?post=96360"}],"curies":[{"name":"wp","href":"https:\/\/api.w.org\/{rel}","templated":true}]}}