{"id":9429,"date":"2024-10-28T13:41:15","date_gmt":"2024-10-28T10:41:15","guid":{"rendered":"https:\/\/denizcankizil.tr\/uncategorized-tr\/koray-avci-en-ozel-sarkilarini-kepezde-cumhuriyet-icin-soyledi\/"},"modified":"2024-10-28T13:41:15","modified_gmt":"2024-10-28T10:41:15","slug":"koray-avci-en-ozel-sarkilarini-kepezde-cumhuriyet-icin-soyledi","status":"publish","type":"post","link":"http:\/\/denizcankizil.tr\/ru\/haberler\/gundem\/koray-avci-en-ozel-sarkilarini-kepezde-cumhuriyet-icin-soyledi\/","title":{"rendered":"Koray Avc\u0131 en \u00f6zel \u015fark\u0131lar\u0131n\u0131 Kepez\u2019de Cumhuriyet i\u00e7in s\u00f6yledi"},"content":{"rendered":"<p>Antalya Kepez\u2019de Cumhuriyet Bayram\u0131 co\u015fkusu etkinlikler kutlanmaya devam ediyor. Cumhuriyet Korteji ile 29 Ekim etkinliklerinin start\u0131n\u0131 veren Kepez Belediyesi, kutlamalar\u0131 \u00fcnl\u00fc sanat\u00e7\u0131 Koray Avc\u0131 konseriyle ta\u00e7land\u0131rd\u0131. Kepez Kent Meydan\u0131\u2019nda d\u00fczenlenen halk konserinde T\u00fcrk pop m\u00fczi\u011finin sevilen sanat\u00e7\u0131s\u0131, en g\u00fczel \u015fark\u0131lar\u0131n\u0131 Cumhuriyet\u2019in 101. Y\u0131l\u0131 i\u00e7in s\u00f6yledi.\u00a0<\/p>\n<p>ANTALYALILAR KONSERE AKIN ETT\u0130\u00a0<\/p>\n<p>Konser alan\u0131n\u0131n h\u0131nca h\u0131n\u00e7 doldu\u011fu konserde, Cumhuriyet\u2019in co\u015fkusu, bayram heyecan\u0131 payla\u015f\u0131ld\u0131. Binlerce ki\u015fiyi bulu\u015fturan konser de, Antalyal\u0131lar ellerinde T\u00fcrk bayraklar\u0131, telefon \u0131\u015f\u0131klar\u0131 ile Koray Avc\u0131\u2019ya e\u015flik ederek, Cumhuriyet\u2019i co\u015fkuyla kutlad\u0131. Cumhuriyet co\u015fkusunun derinden hissedildi\u011fi konserin ard\u0131ndan Ba\u015fkan Kocag\u00f6z, \u00fcnl\u00fc sanat\u00e7\u0131 Koray Avc\u0131\u2019ya, Antalya giri\u015finde yer alan Atat\u00fcrk mask\u0131n\u0131n bulundu\u011fu, Kepez\u2019in simgesi olan tabloyu hediye etti. Kepez Belediyesi\u2019nin Cumhuriyet Konserine, CHP Antalya Milletvekili Aykut Kaya, CHP \u0130l Ba\u015fkan\u0131 Nail Kamac\u0131, CHP Kepez \u0130l\u00e7e Ba\u015fkan\u0131 G\u00f6khan \u00d6lmez ve binlerce Antalyal\u0131 kat\u0131ld\u0131.<\/p>\n<p>\u201cATAT\u00dcRK\u2019\u00dc ANMAMIZI ENGELLEYEMEZLER\u201d<\/p>\n<p>Konseri, Kepez Belediye Ba\u015fkan\u0131 Mesut Kocag\u00f6z, Kepez Kent Meydan\u0131n\u0131 dolduran Antalyal\u0131larla birlikte izledi. Bayram co\u015fkusunu hem\u015fehrileriyle birlikte ya\u015fayan Ba\u015fkan Kocag\u00f6z, Cumhuriyet\u2019in 101. Y\u0131l\u0131n\u0131 kutlaman\u0131n heyecan\u0131n\u0131 ya\u015fad\u0131klar\u0131n\u0131 dile getirerek, nice y\u00fczy\u0131l dileklerinde bulundu. Konser alan\u0131nda Antalyal\u0131lara seslenen Ba\u015fkan Kocag\u00f6z, ge\u00e7ti\u011fimiz hafta Ankara\u2019da ger\u00e7ekle\u015fen sald\u0131r\u0131ya de\u011finerek; \u201c\u015eehitlerimize Allah\u2019tan rahmet diliyorum. Bu t\u00fcr olaylar bizim bir araya gelmemizi, Cumhuriyetimizi anmam\u0131z\u0131, Atat\u00fcrk\u2019\u00fc anmam\u0131z\u0131 engelleyemez. Korkmayaca\u011f\u0131z, birlik ve beraberli\u011fimizi bozdurmayaca\u011f\u0131z. Bizim hep birlikte, aram\u0131za nifak sokmadan dik durmam\u0131z, g\u00fcvenli durmam\u0131z, moralimizi y\u00fcksek tutup teslim olmad\u0131\u011f\u0131m\u0131z\u0131 g\u00f6stermemiz gerekir. Ter\u00f6r ve sava\u015f nefretten beslenir, kalplerin kurumas\u0131ndan beslenir. Gazze\u2019de \u00e7ocuklar\u0131 \u00f6ld\u00fcren \u015fey nefrettir. Ter\u00f6r\u00fcn beslendi\u011fi \u015fey de nefrettir. Buna kar\u015f\u0131 bizim sevgiyi, karde\u015fli\u011fi ye\u015fertip b\u00fcy\u00fctmemiz gerekir. \u00a0Bunun i\u00e7in burada t\u00fcrk\u00fclerle bunu yap\u0131yoruz. M\u00fczik ve sanat sevgidir, insan sevgisidir, ya\u015fam sevgisidir. \u00a0Bizim t\u00fcrk\u00fclerimiz bu topraklar\u0131n bin y\u0131ll\u0131k karde\u015fli\u011finin t\u00fcrk\u00fcleridir. T\u00fcrk\u00fclerle nefrete kar\u015f\u0131 sevgiyi y\u00fcceltiyoruz. Kararl\u0131 oldu\u011fumuzu, dik durdu\u011fumuzu, bir ve beraber oldu\u011fumuzu g\u00f6steriyoruz \u201c dedi.\u00a0<\/p>\n<p>BA\u015eKAN KOCAG\u00d6Z GEN\u00c7LERE SESLEND\u0130\u00a0<\/p>\n<p>Yar\u0131n\u0131n umudu gen\u00e7lere seslenen Ba\u015fkan Kocag\u00f6z, \u201cCumhuriyet Atat\u00fcrk\u2019\u00fcn sizlere emanetidir. Ey T\u00fcrk Gen\u00e7li\u011fi, Birinci vazifen; T\u00fcrk istiklalini, T\u00fcrk Cumhuriyetini, ilelebet muhafaza ve m\u00fcdafaa etmektir, diyerek bu emaneti gen\u00e7lere vermi\u015ftir. Atat\u00fcrk inan\u00e7, etnik k\u00f6ken, hayat tarz\u0131 ayr\u0131m\u0131 yapmadan herkesi Cumhuriyetin e\u015fit vatanda\u015f\u0131 olarak g\u00f6rm\u00fc\u015ft\u00fcr. Cumhuriyet, e\u015fitliktir, Cumhuriyet \u00f6zg\u00fcrl\u00fckt\u00fcr, Cumhuriyet karde\u015fliktir, Cumhuriyet hukuk ve adalettir. Cumhuriyet erdemli olmakt\u0131r. Cumhuriyet kula kulluk etmemektir. \u0130\u015fte 29 Ekim bunun bayram\u0131d\u0131r. \u0130\u015fte bunun i\u00e7indir ki Cumhuriyet bayram\u0131 D\u00fcnya y\u0131k\u0131lsa sahip \u00e7\u0131kmam\u0131z, gurur duymam\u0131z, hayk\u0131rmam\u0131z gereken bir bayramd\u0131r\u201d diye konu\u015ftu.\u00a0<\/p>\n<p>YA\u015eASIN T\u00dcRK\u0130YE CUMHUR\u0130YET\u0130<\/p>\n<p>\u201cKepez\u2019de bug\u00fcn burada Cumhuriyet bayram\u0131n\u0131 kutlayarak buradan ilan ediyoruz\u201d diyerek s\u00f6zlerini s\u00fcrd\u00fcren Ba\u015fkan Kocag\u00f6z, \u201cBizler hep birlikte Atat\u00fcrk\u2019\u00fcn \u00e7izdi\u011fi yolda, hi\u00e7bir ayr\u0131m yapmadan \u00fclkemize ve Cumhuriyetimize gururla sahip \u00e7\u0131k\u0131yoruz. Biz k\u00f6kenimiz, fikrimiz, inanc\u0131m\u0131z ne olursa olsun, biriz, e\u015fitiz, karde\u015fiz, ayn\u0131 g\u00fczel topra\u011f\u0131n evlatlar\u0131y\u0131z. Ayn\u0131 saz\u0131n telleriyiz, ayn\u0131 a\u011fac\u0131n dallar\u0131y\u0131z. \u00c7ocuklar\u0131m\u0131zla, siz gen\u00e7lerimizle, kad\u0131nlar\u0131m\u0131zla, ya\u015fl\u0131lar\u0131m\u0131zla tek y\u00fcrek olaca\u011f\u0131z. Yard\u0131ma ihtiyac\u0131 olana yard\u0131m edece\u011fiz sevgiyi, sayg\u0131y\u0131, vicdan\u0131, karde\u015fli\u011fi b\u00fcy\u00fctece\u011fiz. Bug\u00fcn burada t\u00fcrk\u00fclerimizle korkmad\u0131\u011f\u0131m\u0131z\u0131, g\u00f6n\u00fcllerimizin bir oldu\u011funu, bizi kimsenin b\u00f6lemeyece\u011fini ilan ediyoruz. Diyorum ki; o yoksul, \u00fcsts\u00fcz, ba\u015fs\u0131z, t\u00fcm olanaklardan mahrum, y\u00fcreklerindeki inan\u00e7tan ve heyecandan ba\u015fka hi\u00e7bir \u015feyleri olmayan insanlar Atat\u00fcrk\u2019\u00fcn liderli\u011finde Cumhuriyeti kurmay\u0131 ba\u015fard\u0131larsa, biz de sonsuza kadar ya\u015fataca\u011f\u0131z. Sizleri seviyorum. B\u00fct\u00fcn kalbimle Cumhuriyet bayram\u0131n\u0131z\u0131 kutluyorum. \u00a0Ya\u015fas\u0131n Mustafa Kemal Atat\u00fcrk, Ya\u015fas\u0131n T\u00fcrkiye Cumhuriyeti\u201d dedi.\u00a0<\/p>\n<p>\u200bAntalya Kepez Belediyesi taraf\u0131ndan d\u00fczenlenen 29 Ekim kutlama etkinliklerinde \u00fcnl\u00fc sanat\u00e7\u0131 Koray Avc\u0131 sahne ald\u0131. Binlerce insan\u0131n ak\u0131n etti\u011fi konserde \u00fcnl\u00fc sanat\u00e7\u0131 en \u00f6zel par\u00e7alar\u0131n\u0131 Cumhuriyet\u2019in 101. Y\u0131l\u0131 i\u00e7in s\u00f6yledi\u00a0<\/p>\n<p>\u200bHaberin Al\u0131nt\u0131land\u0131\u011f\u0131 Kaynak: www.antalyakorfez.com<\/p>","protected":false},"excerpt":{"rendered":"<p>Antalya Kepez\u2019de Cumhuriyet Bayram\u0131 co\u015fkusu etkinlikler kutlanmaya devam ediyor. Cumhuriyet Korteji ile 29 Ekim etkinliklerinin start\u0131n\u0131 veren Kepez Belediyesi, kutlamalar\u0131 \u00fcnl\u00fc sanat\u00e7\u0131 Koray Avc\u0131 konseriyle ta\u00e7land\u0131rd\u0131. Kepez Kent Meydan\u0131\u2019nda d\u00fczenlenen halk konserinde T\u00fcrk pop m\u00fczi\u011finin sevilen sanat\u00e7\u0131s\u0131, en g\u00fczel \u015fark\u0131lar\u0131n\u0131 Cumhuriyet\u2019in 101. Y\u0131l\u0131 i\u00e7in s\u00f6yledi.\u00a0 ANTALYALILAR KONSERE AKIN ETT\u0130\u00a0 Konser alan\u0131n\u0131n h\u0131nca h\u0131n\u00e7 doldu\u011fu konserde, Cumhuriyet\u2019in co\u015fkusu, bayram heyecan\u0131 payla\u015f\u0131ld\u0131. Binlerce ki\u015fiyi bulu\u015fturan konser de, Antalyal\u0131lar ellerinde T\u00fcrk bayraklar\u0131, telefon \u0131\u015f\u0131klar\u0131 ile Koray Avc\u0131\u2019ya e\u015flik ederek, Cumhuriyet\u2019i co\u015fkuyla kutlad\u0131. Cumhuriyet co\u015fkusunun derinden hissedildi\u011fi konserin ard\u0131ndan Ba\u015fkan Kocag\u00f6z, \u00fcnl\u00fc sanat\u00e7\u0131 Koray Avc\u0131\u2019ya, Antalya giri\u015finde yer alan Atat\u00fcrk mask\u0131n\u0131n bulundu\u011fu, Kepez\u2019in simgesi olan tabloyu hediye etti. Kepez Belediyesi\u2019nin Cumhuriyet Konserine, CHP Antalya Milletvekili Aykut Kaya, CHP \u0130l Ba\u015fkan\u0131 Nail Kamac\u0131, CHP Kepez \u0130l\u00e7e Ba\u015fkan\u0131 G\u00f6khan \u00d6lmez ve binlerce Antalyal\u0131 kat\u0131ld\u0131. \u201cATAT\u00dcRK\u2019\u00dc ANMAMIZI ENGELLEYEMEZLER\u201d Konseri, Kepez Belediye Ba\u015fkan\u0131 Mesut Kocag\u00f6z, Kepez Kent Meydan\u0131n\u0131 dolduran Antalyal\u0131larla birlikte izledi. Bayram co\u015fkusunu hem\u015fehrileriyle birlikte ya\u015fayan Ba\u015fkan Kocag\u00f6z, Cumhuriyet\u2019in 101. Y\u0131l\u0131n\u0131 kutlaman\u0131n heyecan\u0131n\u0131 ya\u015fad\u0131klar\u0131n\u0131 dile getirerek, nice y\u00fczy\u0131l dileklerinde bulundu. Konser alan\u0131nda Antalyal\u0131lara seslenen Ba\u015fkan Kocag\u00f6z, ge\u00e7ti\u011fimiz hafta Ankara\u2019da ger\u00e7ekle\u015fen sald\u0131r\u0131ya de\u011finerek; \u201c\u015eehitlerimize Allah\u2019tan rahmet diliyorum. Bu t\u00fcr olaylar bizim bir araya gelmemizi, Cumhuriyetimizi anmam\u0131z\u0131, Atat\u00fcrk\u2019\u00fc anmam\u0131z\u0131 engelleyemez. Korkmayaca\u011f\u0131z, birlik ve beraberli\u011fimizi bozdurmayaca\u011f\u0131z. Bizim hep birlikte, aram\u0131za &hellip;<\/p>","protected":false},"author":0,"featured_media":0,"comment_status":"open","ping_status":"open","sticky":false,"template":"","format":"standard","meta":{"_acf_changed":false,"footnotes":""},"categories":[24,535],"tags":[],"class_list":["post-9429","post","type-post","status-publish","format-standard","has-post-thumbnail","hentry","category-gundem","category-uncategorized-tr"],"acf":[],"yoast_head":"<!-- This site is optimized with the Yoast SEO Premium plugin v26.6 (Yoast SEO v27.1.1) - https:\/\/yoast.com\/product\/yoast-seo-premium-wordpress\/ -->\n<title>Koray Avc\u0131 en \u00f6zel \u015fark\u0131lar\u0131n\u0131 Kepez\u2019de Cumhuriyet i\u00e7in s\u00f6yledi - Av. Deniz Can K\u0131z\u0131l<\/title>\n<meta name=\"robots\" content=\"index, follow, max-snippet:-1, max-image-preview:large, max-video-preview:-1\" \/>\n<link rel=\"canonical\" href=\"http:\/\/denizcankizil.tr\/ru\/haberler\/gundem\/koray-avci-en-ozel-sarkilarini-kepezde-cumhuriyet-icin-soyledi\/\" \/>\n<meta property=\"og:locale\" content=\"ru_RU\" \/>\n<meta property=\"og:type\" content=\"article\" \/>\n<meta property=\"og:title\" content=\"Koray Avc\u0131 en \u00f6zel \u015fark\u0131lar\u0131n\u0131 Kepez\u2019de Cumhuriyet i\u00e7in s\u00f6yledi\" \/>\n<meta property=\"og:description\" content=\"Antalya Kepez\u2019de Cumhuriyet Bayram\u0131 co\u015fkusu etkinlikler kutlanmaya devam ediyor. Cumhuriyet Korteji ile 29 Ekim etkinliklerinin start\u0131n\u0131 veren Kepez Belediyesi, kutlamalar\u0131 \u00fcnl\u00fc sanat\u00e7\u0131 Koray Avc\u0131 konseriyle ta\u00e7land\u0131rd\u0131. Kepez Kent Meydan\u0131\u2019nda d\u00fczenlenen halk konserinde T\u00fcrk pop m\u00fczi\u011finin sevilen sanat\u00e7\u0131s\u0131, en g\u00fczel \u015fark\u0131lar\u0131n\u0131 Cumhuriyet\u2019in 101. Y\u0131l\u0131 i\u00e7in s\u00f6yledi.\u00a0 ANTALYALILAR KONSERE AKIN ETT\u0130\u00a0 Konser alan\u0131n\u0131n h\u0131nca h\u0131n\u00e7 doldu\u011fu konserde, Cumhuriyet\u2019in co\u015fkusu, bayram heyecan\u0131 payla\u015f\u0131ld\u0131. Binlerce ki\u015fiyi bulu\u015fturan konser de, Antalyal\u0131lar ellerinde T\u00fcrk bayraklar\u0131, telefon \u0131\u015f\u0131klar\u0131 ile Koray Avc\u0131\u2019ya e\u015flik ederek, Cumhuriyet\u2019i co\u015fkuyla kutlad\u0131. Cumhuriyet co\u015fkusunun derinden hissedildi\u011fi konserin ard\u0131ndan Ba\u015fkan Kocag\u00f6z, \u00fcnl\u00fc sanat\u00e7\u0131 Koray Avc\u0131\u2019ya, Antalya giri\u015finde yer alan Atat\u00fcrk mask\u0131n\u0131n bulundu\u011fu, Kepez\u2019in simgesi olan tabloyu hediye etti. Kepez Belediyesi\u2019nin Cumhuriyet Konserine, CHP Antalya Milletvekili Aykut Kaya, CHP \u0130l Ba\u015fkan\u0131 Nail Kamac\u0131, CHP Kepez \u0130l\u00e7e Ba\u015fkan\u0131 G\u00f6khan \u00d6lmez ve binlerce Antalyal\u0131 kat\u0131ld\u0131. \u201cATAT\u00dcRK\u2019\u00dc ANMAMIZI ENGELLEYEMEZLER\u201d Konseri, Kepez Belediye Ba\u015fkan\u0131 Mesut Kocag\u00f6z, Kepez Kent Meydan\u0131n\u0131 dolduran Antalyal\u0131larla birlikte izledi. Bayram co\u015fkusunu hem\u015fehrileriyle birlikte ya\u015fayan Ba\u015fkan Kocag\u00f6z, Cumhuriyet\u2019in 101. Y\u0131l\u0131n\u0131 kutlaman\u0131n heyecan\u0131n\u0131 ya\u015fad\u0131klar\u0131n\u0131 dile getirerek, nice y\u00fczy\u0131l dileklerinde bulundu. Konser alan\u0131nda Antalyal\u0131lara seslenen Ba\u015fkan Kocag\u00f6z, ge\u00e7ti\u011fimiz hafta Ankara\u2019da ger\u00e7ekle\u015fen sald\u0131r\u0131ya de\u011finerek; \u201c\u015eehitlerimize Allah\u2019tan rahmet diliyorum. Bu t\u00fcr olaylar bizim bir araya gelmemizi, Cumhuriyetimizi anmam\u0131z\u0131, Atat\u00fcrk\u2019\u00fc anmam\u0131z\u0131 engelleyemez. Korkmayaca\u011f\u0131z, birlik ve beraberli\u011fimizi bozdurmayaca\u011f\u0131z. Bizim hep birlikte, aram\u0131za &hellip;\" \/>\n<meta property=\"og:url\" content=\"http:\/\/denizcankizil.tr\/ru\/haberler\/gundem\/koray-avci-en-ozel-sarkilarini-kepezde-cumhuriyet-icin-soyledi\/\" \/>\n<meta property=\"og:site_name\" content=\"Av. Deniz Can K\u0131z\u0131l\" \/>\n<meta property=\"article:published_time\" content=\"2024-10-28T10:41:15+00:00\" \/>\n<meta name=\"twitter:card\" content=\"summary_large_image\" \/>\n<meta name=\"twitter:label1\" content=\"\u041f\u0440\u0438\u043c\u0435\u0440\u043d\u043e\u0435 \u0432\u0440\u0435\u043c\u044f \u0434\u043b\u044f \u0447\u0442\u0435\u043d\u0438\u044f\" \/>\n\t<meta name=\"twitter:data1\" content=\"4 \u043c\u0438\u043d\u0443\u0442\u044b\" \/>\n<script type=\"application\/ld+json\" class=\"yoast-schema-graph\">{\"@context\":\"https:\/\/schema.org\",\"@graph\":[{\"@type\":\"Article\",\"@id\":\"http:\/\/denizcankizil.tr\/ru\/haberler\/gundem\/koray-avci-en-ozel-sarkilarini-kepezde-cumhuriyet-icin-soyledi\/#article\",\"isPartOf\":{\"@id\":\"http:\/\/denizcankizil.tr\/ru\/haberler\/gundem\/koray-avci-en-ozel-sarkilarini-kepezde-cumhuriyet-icin-soyledi\/\"},\"author\":{\"name\":\"\",\"@id\":\"\"},\"headline\":\"Koray Avc\u0131 en \u00f6zel \u015fark\u0131lar\u0131n\u0131 Kepez\u2019de Cumhuriyet i\u00e7in s\u00f6yledi\",\"datePublished\":\"2024-10-28T10:41:15+00:00\",\"mainEntityOfPage\":{\"@id\":\"http:\/\/denizcankizil.tr\/ru\/haberler\/gundem\/koray-avci-en-ozel-sarkilarini-kepezde-cumhuriyet-icin-soyledi\/\"},\"wordCount\":810,\"commentCount\":0,\"publisher\":{\"@id\":\"https:\/\/denizcankizil.tr\/de\/#organization\"},\"articleSection\":[\"G\u00fcndem\",\"Uncategorized\"],\"inLanguage\":\"ru-RU\",\"potentialAction\":[{\"@type\":\"CommentAction\",\"name\":\"Comment\",\"target\":[\"http:\/\/denizcankizil.tr\/ru\/haberler\/gundem\/koray-avci-en-ozel-sarkilarini-kepezde-cumhuriyet-icin-soyledi\/#respond\"]}]},{\"@type\":\"WebPage\",\"@id\":\"http:\/\/denizcankizil.tr\/ru\/haberler\/gundem\/koray-avci-en-ozel-sarkilarini-kepezde-cumhuriyet-icin-soyledi\/\",\"url\":\"http:\/\/denizcankizil.tr\/ru\/haberler\/gundem\/koray-avci-en-ozel-sarkilarini-kepezde-cumhuriyet-icin-soyledi\/\",\"name\":\"Koray Avc\u0131 en \u00f6zel \u015fark\u0131lar\u0131n\u0131 Kepez\u2019de Cumhuriyet i\u00e7in s\u00f6yledi - Av. Deniz Can K\u0131z\u0131l\",\"isPartOf\":{\"@id\":\"https:\/\/denizcankizil.tr\/de\/#website\"},\"datePublished\":\"2024-10-28T10:41:15+00:00\",\"breadcrumb\":{\"@id\":\"http:\/\/denizcankizil.tr\/ru\/haberler\/gundem\/koray-avci-en-ozel-sarkilarini-kepezde-cumhuriyet-icin-soyledi\/#breadcrumb\"},\"inLanguage\":\"ru-RU\",\"potentialAction\":[{\"@type\":\"ReadAction\",\"target\":[\"http:\/\/denizcankizil.tr\/ru\/haberler\/gundem\/koray-avci-en-ozel-sarkilarini-kepezde-cumhuriyet-icin-soyledi\/\"]}]},{\"@type\":\"BreadcrumbList\",\"@id\":\"http:\/\/denizcankizil.tr\/ru\/haberler\/gundem\/koray-avci-en-ozel-sarkilarini-kepezde-cumhuriyet-icin-soyledi\/#breadcrumb\",\"itemListElement\":[{\"@type\":\"ListItem\",\"position\":1,\"name\":\"Home\",\"item\":\"https:\/\/denizcankizil.tr\/de\/\"},{\"@type\":\"ListItem\",\"position\":2,\"name\":\"Koray Avc\u0131 en \u00f6zel \u015fark\u0131lar\u0131n\u0131 Kepez\u2019de Cumhuriyet i\u00e7in s\u00f6yledi\"}]},{\"@type\":\"WebSite\",\"@id\":\"https:\/\/denizcankizil.tr\/de\/#website\",\"url\":\"https:\/\/denizcankizil.tr\/de\/\",\"name\":\"Av. Deniz Can K\u0131z\u0131l\",\"description\":\"Avukat Deniz Can K\u0131z\u0131l Antalya Barosu\",\"publisher\":{\"@id\":\"https:\/\/denizcankizil.tr\/de\/#organization\"},\"potentialAction\":[{\"@type\":\"SearchAction\",\"target\":{\"@type\":\"EntryPoint\",\"urlTemplate\":\"https:\/\/denizcankizil.tr\/de\/?s={search_term_string}\"},\"query-input\":{\"@type\":\"PropertyValueSpecification\",\"valueRequired\":true,\"valueName\":\"search_term_string\"}}],\"inLanguage\":\"ru-RU\"},{\"@type\":\"Organization\",\"@id\":\"https:\/\/denizcankizil.tr\/de\/#organization\",\"name\":\"Av. Deniz Can K\u0131z\u0131l\",\"url\":\"https:\/\/denizcankizil.tr\/de\/\",\"logo\":{\"@type\":\"ImageObject\",\"inLanguage\":\"ru-RU\",\"@id\":\"https:\/\/denizcankizil.tr\/de\/#\/schema\/logo\/image\/\",\"url\":\"http:\/\/denizcankizil.tr\/wp-content\/uploads\/2024\/10\/siyah-logo-svg.svg\",\"contentUrl\":\"http:\/\/denizcankizil.tr\/wp-content\/uploads\/2024\/10\/siyah-logo-svg.svg\",\"width\":1080,\"height\":1080,\"caption\":\"Av. Deniz Can K\u0131z\u0131l\"},\"image\":{\"@id\":\"https:\/\/denizcankizil.tr\/de\/#\/schema\/logo\/image\/\"}}]}<\/script>\n<!-- \/ Yoast SEO Premium plugin. -->","yoast_head_json":{"title":"Koray Avc\u0131 en \u00f6zel \u015fark\u0131lar\u0131n\u0131 Kepez\u2019de Cumhuriyet i\u00e7in s\u00f6yledi - Av. Deniz Can K\u0131z\u0131l","robots":{"index":"index","follow":"follow","max-snippet":"max-snippet:-1","max-image-preview":"max-image-preview:large","max-video-preview":"max-video-preview:-1"},"canonical":"http:\/\/denizcankizil.tr\/ru\/haberler\/gundem\/koray-avci-en-ozel-sarkilarini-kepezde-cumhuriyet-icin-soyledi\/","og_locale":"ru_RU","og_type":"article","og_title":"Koray Avc\u0131 en \u00f6zel \u015fark\u0131lar\u0131n\u0131 Kepez\u2019de Cumhuriyet i\u00e7in s\u00f6yledi","og_description":"Antalya Kepez\u2019de Cumhuriyet Bayram\u0131 co\u015fkusu etkinlikler kutlanmaya devam ediyor. Cumhuriyet Korteji ile 29 Ekim etkinliklerinin start\u0131n\u0131 veren Kepez Belediyesi, kutlamalar\u0131 \u00fcnl\u00fc sanat\u00e7\u0131 Koray Avc\u0131 konseriyle ta\u00e7land\u0131rd\u0131. Kepez Kent Meydan\u0131\u2019nda d\u00fczenlenen halk konserinde T\u00fcrk pop m\u00fczi\u011finin sevilen sanat\u00e7\u0131s\u0131, en g\u00fczel \u015fark\u0131lar\u0131n\u0131 Cumhuriyet\u2019in 101. Y\u0131l\u0131 i\u00e7in s\u00f6yledi.\u00a0 ANTALYALILAR KONSERE AKIN ETT\u0130\u00a0 Konser alan\u0131n\u0131n h\u0131nca h\u0131n\u00e7 doldu\u011fu konserde, Cumhuriyet\u2019in co\u015fkusu, bayram heyecan\u0131 payla\u015f\u0131ld\u0131. Binlerce ki\u015fiyi bulu\u015fturan konser de, Antalyal\u0131lar ellerinde T\u00fcrk bayraklar\u0131, telefon \u0131\u015f\u0131klar\u0131 ile Koray Avc\u0131\u2019ya e\u015flik ederek, Cumhuriyet\u2019i co\u015fkuyla kutlad\u0131. Cumhuriyet co\u015fkusunun derinden hissedildi\u011fi konserin ard\u0131ndan Ba\u015fkan Kocag\u00f6z, \u00fcnl\u00fc sanat\u00e7\u0131 Koray Avc\u0131\u2019ya, Antalya giri\u015finde yer alan Atat\u00fcrk mask\u0131n\u0131n bulundu\u011fu, Kepez\u2019in simgesi olan tabloyu hediye etti. Kepez Belediyesi\u2019nin Cumhuriyet Konserine, CHP Antalya Milletvekili Aykut Kaya, CHP \u0130l Ba\u015fkan\u0131 Nail Kamac\u0131, CHP Kepez \u0130l\u00e7e Ba\u015fkan\u0131 G\u00f6khan \u00d6lmez ve binlerce Antalyal\u0131 kat\u0131ld\u0131. \u201cATAT\u00dcRK\u2019\u00dc ANMAMIZI ENGELLEYEMEZLER\u201d Konseri, Kepez Belediye Ba\u015fkan\u0131 Mesut Kocag\u00f6z, Kepez Kent Meydan\u0131n\u0131 dolduran Antalyal\u0131larla birlikte izledi. Bayram co\u015fkusunu hem\u015fehrileriyle birlikte ya\u015fayan Ba\u015fkan Kocag\u00f6z, Cumhuriyet\u2019in 101. Y\u0131l\u0131n\u0131 kutlaman\u0131n heyecan\u0131n\u0131 ya\u015fad\u0131klar\u0131n\u0131 dile getirerek, nice y\u00fczy\u0131l dileklerinde bulundu. Konser alan\u0131nda Antalyal\u0131lara seslenen Ba\u015fkan Kocag\u00f6z, ge\u00e7ti\u011fimiz hafta Ankara\u2019da ger\u00e7ekle\u015fen sald\u0131r\u0131ya de\u011finerek; \u201c\u015eehitlerimize Allah\u2019tan rahmet diliyorum. Bu t\u00fcr olaylar bizim bir araya gelmemizi, Cumhuriyetimizi anmam\u0131z\u0131, Atat\u00fcrk\u2019\u00fc anmam\u0131z\u0131 engelleyemez. Korkmayaca\u011f\u0131z, birlik ve beraberli\u011fimizi bozdurmayaca\u011f\u0131z. Bizim hep birlikte, aram\u0131za &hellip;","og_url":"http:\/\/denizcankizil.tr\/ru\/haberler\/gundem\/koray-avci-en-ozel-sarkilarini-kepezde-cumhuriyet-icin-soyledi\/","og_site_name":"Av. Deniz Can K\u0131z\u0131l","article_published_time":"2024-10-28T10:41:15+00:00","twitter_card":"summary_large_image","twitter_misc":{"\u041f\u0440\u0438\u043c\u0435\u0440\u043d\u043e\u0435 \u0432\u0440\u0435\u043c\u044f \u0434\u043b\u044f \u0447\u0442\u0435\u043d\u0438\u044f":"4 \u043c\u0438\u043d\u0443\u0442\u044b"},"schema":{"@context":"https:\/\/schema.org","@graph":[{"@type":"Article","@id":"http:\/\/denizcankizil.tr\/ru\/haberler\/gundem\/koray-avci-en-ozel-sarkilarini-kepezde-cumhuriyet-icin-soyledi\/#article","isPartOf":{"@id":"http:\/\/denizcankizil.tr\/ru\/haberler\/gundem\/koray-avci-en-ozel-sarkilarini-kepezde-cumhuriyet-icin-soyledi\/"},"author":{"name":"","@id":""},"headline":"Koray Avc\u0131 en \u00f6zel \u015fark\u0131lar\u0131n\u0131 Kepez\u2019de Cumhuriyet i\u00e7in s\u00f6yledi","datePublished":"2024-10-28T10:41:15+00:00","mainEntityOfPage":{"@id":"http:\/\/denizcankizil.tr\/ru\/haberler\/gundem\/koray-avci-en-ozel-sarkilarini-kepezde-cumhuriyet-icin-soyledi\/"},"wordCount":810,"commentCount":0,"publisher":{"@id":"https:\/\/denizcankizil.tr\/de\/#organization"},"articleSection":["G\u00fcndem","Uncategorized"],"inLanguage":"ru-RU","potentialAction":[{"@type":"CommentAction","name":"Comment","target":["http:\/\/denizcankizil.tr\/ru\/haberler\/gundem\/koray-avci-en-ozel-sarkilarini-kepezde-cumhuriyet-icin-soyledi\/#respond"]}]},{"@type":"WebPage","@id":"http:\/\/denizcankizil.tr\/ru\/haberler\/gundem\/koray-avci-en-ozel-sarkilarini-kepezde-cumhuriyet-icin-soyledi\/","url":"http:\/\/denizcankizil.tr\/ru\/haberler\/gundem\/koray-avci-en-ozel-sarkilarini-kepezde-cumhuriyet-icin-soyledi\/","name":"Koray Avc\u0131 en \u00f6zel \u015fark\u0131lar\u0131n\u0131 Kepez\u2019de Cumhuriyet i\u00e7in s\u00f6yledi - Av. Deniz Can K\u0131z\u0131l","isPartOf":{"@id":"https:\/\/denizcankizil.tr\/de\/#website"},"datePublished":"2024-10-28T10:41:15+00:00","breadcrumb":{"@id":"http:\/\/denizcankizil.tr\/ru\/haberler\/gundem\/koray-avci-en-ozel-sarkilarini-kepezde-cumhuriyet-icin-soyledi\/#breadcrumb"},"inLanguage":"ru-RU","potentialAction":[{"@type":"ReadAction","target":["http:\/\/denizcankizil.tr\/ru\/haberler\/gundem\/koray-avci-en-ozel-sarkilarini-kepezde-cumhuriyet-icin-soyledi\/"]}]},{"@type":"BreadcrumbList","@id":"http:\/\/denizcankizil.tr\/ru\/haberler\/gundem\/koray-avci-en-ozel-sarkilarini-kepezde-cumhuriyet-icin-soyledi\/#breadcrumb","itemListElement":[{"@type":"ListItem","position":1,"name":"Home","item":"https:\/\/denizcankizil.tr\/de\/"},{"@type":"ListItem","position":2,"name":"Koray Avc\u0131 en \u00f6zel \u015fark\u0131lar\u0131n\u0131 Kepez\u2019de Cumhuriyet i\u00e7in s\u00f6yledi"}]},{"@type":"WebSite","@id":"https:\/\/denizcankizil.tr\/de\/#website","url":"https:\/\/denizcankizil.tr\/de\/","name":"Av. Deniz Can K\u0131z\u0131l","description":"Avukat Deniz Can K\u0131z\u0131l Antalya Barosu","publisher":{"@id":"https:\/\/denizcankizil.tr\/de\/#organization"},"potentialAction":[{"@type":"SearchAction","target":{"@type":"EntryPoint","urlTemplate":"https:\/\/denizcankizil.tr\/de\/?s={search_term_string}"},"query-input":{"@type":"PropertyValueSpecification","valueRequired":true,"valueName":"search_term_string"}}],"inLanguage":"ru-RU"},{"@type":"Organization","@id":"https:\/\/denizcankizil.tr\/de\/#organization","name":"Av. Deniz Can K\u0131z\u0131l","url":"https:\/\/denizcankizil.tr\/de\/","logo":{"@type":"ImageObject","inLanguage":"ru-RU","@id":"https:\/\/denizcankizil.tr\/de\/#\/schema\/logo\/image\/","url":"http:\/\/denizcankizil.tr\/wp-content\/uploads\/2024\/10\/siyah-logo-svg.svg","contentUrl":"http:\/\/denizcankizil.tr\/wp-content\/uploads\/2024\/10\/siyah-logo-svg.svg","width":1080,"height":1080,"caption":"Av. Deniz Can K\u0131z\u0131l"},"image":{"@id":"https:\/\/denizcankizil.tr\/de\/#\/schema\/logo\/image\/"}}]}},"_links":{"self":[{"href":"http:\/\/denizcankizil.tr\/ru\/wp-json\/wp\/v2\/posts\/9429","targetHints":{"allow":["GET"]}}],"collection":[{"href":"http:\/\/denizcankizil.tr\/ru\/wp-json\/wp\/v2\/posts"}],"about":[{"href":"http:\/\/denizcankizil.tr\/ru\/wp-json\/wp\/v2\/types\/post"}],"replies":[{"embeddable":true,"href":"http:\/\/denizcankizil.tr\/ru\/wp-json\/wp\/v2\/comments?post=9429"}],"version-history":[{"count":0,"href":"http:\/\/denizcankizil.tr\/ru\/wp-json\/wp\/v2\/posts\/9429\/revisions"}],"wp:attachment":[{"href":"http:\/\/denizcankizil.tr\/ru\/wp-json\/wp\/v2\/media?parent=9429"}],"wp:term":[{"taxonomy":"category","embeddable":true,"href":"http:\/\/denizcankizil.tr\/ru\/wp-json\/wp\/v2\/categories?post=9429"},{"taxonomy":"post_tag","embeddable":true,"href":"http:\/\/denizcankizil.tr\/ru\/wp-json\/wp\/v2\/tags?post=9429"}],"curies":[{"name":"wp","href":"https:\/\/api.w.org\/{rel}","templated":true}]}}