{"id":94244,"date":"2025-05-22T16:42:16","date_gmt":"2025-05-22T13:42:16","guid":{"rendered":"https:\/\/denizcankizil.tr\/uncategorized-tr\/duzensiz-goc-orani-yuzde-18e-dustu-509-duzensiz-gocmen-geri-gonderiliyor\/"},"modified":"2025-05-22T16:42:16","modified_gmt":"2025-05-22T13:42:16","slug":"duzensiz-goc-orani-yuzde-18e-dustu-509-duzensiz-gocmen-geri-gonderiliyor","status":"publish","type":"post","link":"http:\/\/denizcankizil.tr\/ru\/haberler\/gundem\/duzensiz-goc-orani-yuzde-18e-dustu-509-duzensiz-gocmen-geri-gonderiliyor\/","title":{"rendered":"D\u00fczensiz g\u00f6\u00e7 oran\u0131 y\u00fczde 1,8\u2019e d\u00fc\u015ft\u00fc! 509 d\u00fczensiz g\u00f6\u00e7men geri g\u00f6nderiliyor"},"content":{"rendered":"<p>D\u00fczensiz g\u00f6\u00e7 ve g\u00f6\u00e7men ka\u00e7ak\u00e7\u0131l\u0131\u011f\u0131yla m\u00fccadele kapsam\u0131nda \u00fclke genelinde geni\u015f \u00e7apl\u0131 denetim ve operasyonlar ger\u00e7ekle\u015ftirildi.ANKARA (\u0130GFA) &#8211; \u0130\u00e7i\u015fleri Bakanl\u0131\u011f\u0131 koordinesinde G\u00f6\u00e7 \u0130daresi Ba\u015fkanl\u0131\u011f\u0131, Emniyet Genel M\u00fcd\u00fcrl\u00fc\u011f\u00fc, Jandarma Genel Komutanl\u0131\u011f\u0131 ve Sahil G\u00fcvenlik Komutanl\u0131\u011f\u0131 taraf\u0131ndan y\u00fcr\u00fct\u00fclen  operasyonlarda, 432 bin 630 ki\u015finin kimlik kontrol\u00fc yap\u0131ld\u0131. Bu denetimlerde, 27\u2019si yabanc\u0131 uyruklu olmak \u00fczere toplam 49 g\u00f6\u00e7men ka\u00e7ak\u00e7\u0131l\u0131\u011f\u0131 organizat\u00f6r\u00fc ile 509 d\u00fczensiz g\u00f6\u00e7men yakaland\u0131.<br \/>\nD\u00dcZENS\u0130Z G\u00d6\u00c7 ORANI Y\u00dcZDE 74,5\u2019TEN Y\u00dcZDE 1,8\u2019E D\u00dc\u015eT\u00dc<br \/>\n\u0130\u00e7i\u015fleri Bakan\u0131 Ali Yerlikaya, \u0130ki y\u0131l \u00f6nce mobil g\u00f6\u00e7 ara\u00e7lar\u0131yla ba\u015flayan kimlik kontrollerinde, o d\u00f6nemde kontrol edilen her 4 ki\u015fiden yakla\u015f\u0131k 3\u2019\u00fc (y\u00fczde 74,5) d\u00fczensiz g\u00f6\u00e7men \u00e7\u0131karken, ge\u00e7ti\u011fimiz ay bu oran y\u00fczde 1,8\u2019e geriledi. Art\u0131k kimlik kontrol\u00fc yap\u0131lan her 100 ki\u015fiden sadece 2\u2019si d\u00fczensiz g\u00f6\u00e7men olarak tespit ediliyor. Bu ba\u015far\u0131, T\u00fcrkiye\u2019nin d\u00fczensiz g\u00f6\u00e7e hedef olmaktan ve transit g\u00f6\u00e7 rotas\u0131 olmaktan \u00e7\u0131kt\u0131\u011f\u0131n\u0131 g\u00f6steriyor. Yetkililer, d\u00fczensiz g\u00f6\u00e7 rotas\u0131n\u0131n de\u011fi\u015fti\u011fini vurgulad\u0131.<br \/>\nOperasyonlar kapsam\u0131nda, metruk binalar, umuma a\u00e7\u0131k e\u011flence mekanlar\u0131, t\u0131r garajlar\u0131, terminaller, limanlar, toplu ta\u015f\u0131ma duraklar\u0131 ve istasyonlar\u0131 gibi toplam 18 bin 317 yer kontrol edildi.<br \/>\n\u0130\u00e7i\u015fleri Bakanl\u0131\u011f\u0131 sosyal medyadan yapt\u0131\u011f\u0131 payla\u015f\u0131m\u0131nda &#8221; Tespit edilen d\u00fczensiz g\u00f6\u00e7menlerin \u00fclkelerine geri g\u00f6nderilme i\u015flemleri ba\u015flat\u0131ld\u0131.<br \/>\nValilerimizi, kaymakamlar\u0131m\u0131z\u0131 ve denetimleri ger\u00e7ekle\u015ftiren Kahraman Polislerimizi, Jandarmam\u0131z\u0131, Sahil G\u00fcvenli\u011fimizi ve G\u00f6\u00e7 \u0130daresi Ba\u015fkanl\u0131\u011f\u0131m\u0131z personelini tebrik ediyorum.T\u00fcrkiye; g\u00f6\u00e7 y\u00f6netiminde, insan hak ve h\u00fcrriyetlerine sayg\u0131l\u0131, hukuk ve medeniyet de\u011ferlerine ba\u011fl\u0131, kamu d\u00fczeni ve g\u00fcvenli\u011finden asla taviz vermeden t\u00fcm d\u00fcnyaya \u00f6rnek bir model sunmaktad\u0131r. G\u00f6\u00e7 konusunu; d\u00fczenli-d\u00fczensiz g\u00f6\u00e7, uluslararas\u0131 koruma, g\u00f6n\u00fcll\u00fc, g\u00fcvenli ve onurlu geri d\u00f6n\u00fc\u015f, g\u00f6\u00e7men ka\u00e7ak\u00e7\u0131l\u0131\u011f\u0131yla m\u00fccadele ve s\u0131n\u0131r y\u00f6netimi gibi t\u00fcm boyutlar\u0131yla ele al\u0131yoruz.&#8221; ifadelerine yer verildi. <\/p>\n<p><blockquote class=\"twitter-tweet\" data-width=\"550\" data-dnt=\"true\"><p lang=\"tr\" dir=\"ltr\">\u00dclke genelinde g\u00f6\u00e7men ka\u00e7ak\u00e7\u0131l\u0131\u011f\u0131 organizat\u00f6rleri ve d\u00fczensiz g\u00f6\u00e7e y\u00f6nelik d\u00fcn (21 May\u0131s) d\u00fczenledi\u011fimiz denetim ve operasyonlarda;<br>\ud83d\udccd432 bin 630 ki\u015finin kimlik kontrol\u00fc yap\u0131ld\u0131.<br>\u2757\ufe0f 27\u2019si yabanc\u0131 uyruklu olmak \u00fczere toplam 49 g\u00f6\u00e7men ka\u00e7ak\u00e7\u0131l\u0131\u011f\u0131 organizat\u00f6r\u00fc ve<br>\u2757\ufe0f509 d\u00fczensiz\u2026 <a href=\"https:\/\/t.co\/S4fij7fdna\">pic.twitter.com\/S4fij7fdna<\/a><\/p>&mdash; Ali Yerlikaya (@AliYerlikaya) <a href=\"https:\/\/twitter.com\/AliYerlikaya\/status\/1925518639169511824?ref_src=twsrc%5Etfw\">May 22, 2025<\/a><\/blockquote><script async src=\"https:\/\/platform.twitter.com\/widgets.js\" charset=\"utf-8\"><\/script><\/p>\n<p>\u200bD\u00fczensiz g\u00f6\u00e7 ve g\u00f6\u00e7men ka\u00e7ak\u00e7\u0131l\u0131\u011f\u0131yla m\u00fccadele kapsam\u0131nda \u00fclke genelinde geni\u015f \u00e7apl\u0131 denetim ve operasyonlar ger\u00e7ekle\u015ftirildi.ANKARA (\u0130GFA) &#8211; \u0130\u00e7i\u015fleri Bakanl\u0131\u011f\u0131 koordinesinde G\u00f6\u00e7 \u0130daresi Ba\u015fkanl\u0131\u011f\u0131, Emniyet Genel M\u00fcd\u00fcrl\u00fc\u011f\u00fc, Jandarma Genel Komutanl\u0131\u011f\u0131 ve Sahil G\u00fcvenlik Komutanl\u0131\u011f\u0131 taraf\u0131ndan y\u00fcr\u00fct\u00fclen  operasyonlarda, 432 bin 630 ki\u015finin kimlik kontrol\u00fc yap\u0131ld\u0131. Bu denetimlerde, 27\u2019si yabanc\u0131 uyruklu olmak \u00fczere toplam 49 g\u00f6\u00e7men ka\u00e7ak\u00e7\u0131l\u0131\u011f\u0131 organizat\u00f6r\u00fc ile 509 d\u00fczensiz g\u00f6\u00e7men yakaland\u0131.<br \/>\nD\u00dcZENS\u0130Z G\u00d6\u00c7 ORANI Y\u00dcZDE 74,5\u2019TEN Y\u00dcZDE 1,8\u2019E D\u00dc\u015eT\u00dc<br \/>\n\u0130\u00e7i\u015fleri Bakan\u0131 Ali Yerlikaya, \u0130ki y\u0131l \u00f6nce mobil g\u00f6\u00e7 ara\u00e7lar\u0131yla ba\u015flayan kimlik kontrollerinde, o d\u00f6nemde kontrol edilen her 4 ki\u015fiden yakla\u015f\u0131k 3\u2019\u00fc (y\u00fczde 74,5) d\u00fczensiz g\u00f6\u00e7men \u00e7\u0131karken, ge\u00e7ti\u011fimiz ay bu oran y\u00fczde 1,8\u2019e geriledi. Art\u0131k kimlik kontrol\u00fc yap\u0131lan her 100 ki\u015fiden sadece 2\u2019si d\u00fczensiz g\u00f6\u00e7men olarak tespit ediliyor. Bu ba\u015far\u0131, T\u00fcrkiye\u2019nin d\u00fczensiz g\u00f6\u00e7e hedef olmaktan ve transit g\u00f6\u00e7 rotas\u0131 olmaktan \u00e7\u0131kt\u0131\u011f\u0131n\u0131 g\u00f6steriyor. Yetkililer, d\u00fczensiz g\u00f6\u00e7 rotas\u0131n\u0131n de\u011fi\u015fti\u011fini vurgulad\u0131.<br \/>\nOperasyonlar kapsam\u0131nda, metruk binalar, umuma a\u00e7\u0131k e\u011flence mekanlar\u0131, t\u0131r garajlar\u0131, terminaller, limanlar, toplu ta\u015f\u0131ma duraklar\u0131 ve istasyonlar\u0131 gibi toplam 18 bin 317 yer kontrol edildi.<br \/>\n\u0130\u00e7i\u015fleri Bakanl\u0131\u011f\u0131 sosyal medyadan yapt\u0131\u011f\u0131 payla\u015f\u0131m\u0131nda &#8221; Tespit edilen d\u00fczensiz g\u00f6\u00e7menlerin \u00fclkelerine geri g\u00f6nderilme i\u015flemleri ba\u015flat\u0131ld\u0131.<br \/>\nValilerimizi, kaymakamlar\u0131m\u0131z\u0131 ve denetimleri ger\u00e7ekle\u015ftiren Kahraman Polislerimizi, Jandarmam\u0131z\u0131, Sahil G\u00fcvenli\u011fimizi ve G\u00f6\u00e7 \u0130daresi Ba\u015fkanl\u0131\u011f\u0131m\u0131z personelini tebrik ediyorum.T\u00fcrkiye; g\u00f6\u00e7 y\u00f6netiminde, insan hak ve h\u00fcrriyetlerine sayg\u0131l\u0131, hukuk ve medeniyet de\u011ferlerine ba\u011fl\u0131, kamu d\u00fczeni ve g\u00fcvenli\u011finden asla taviz vermeden t\u00fcm d\u00fcnyaya \u00f6rnek bir model sunmaktad\u0131r. G\u00f6\u00e7 konusunu; d\u00fczenli-d\u00fczensiz g\u00f6\u00e7, uluslararas\u0131 koruma, g\u00f6n\u00fcll\u00fc, g\u00fcvenli ve onurlu geri d\u00f6n\u00fc\u015f, g\u00f6\u00e7men ka\u00e7ak\u00e7\u0131l\u0131\u011f\u0131yla m\u00fccadele ve s\u0131n\u0131r y\u00f6netimi gibi t\u00fcm boyutlar\u0131yla ele al\u0131yoruz.&#8221; ifadelerine yer verildi. <\/p>\n<p>https:\/\/twitter.com\/AliYerlikaya\/status\/1925518639169511824\u00a0<\/p>\n<p>\u200bHaberin Al\u0131nt\u0131land\u0131\u011f\u0131 Kaynak: www.iskenderun.org<\/p>","protected":false},"excerpt":{"rendered":"<p>D\u00fczensiz g\u00f6\u00e7 ve g\u00f6\u00e7men ka\u00e7ak\u00e7\u0131l\u0131\u011f\u0131yla m\u00fccadele kapsam\u0131nda \u00fclke genelinde geni\u015f \u00e7apl\u0131 denetim ve operasyonlar ger\u00e7ekle\u015ftirildi.ANKARA (\u0130GFA) &#8211; \u0130\u00e7i\u015fleri Bakanl\u0131\u011f\u0131 koordinesinde G\u00f6\u00e7 \u0130daresi Ba\u015fkanl\u0131\u011f\u0131, Emniyet Genel M\u00fcd\u00fcrl\u00fc\u011f\u00fc, Jandarma Genel Komutanl\u0131\u011f\u0131 ve Sahil G\u00fcvenlik Komutanl\u0131\u011f\u0131 taraf\u0131ndan y\u00fcr\u00fct\u00fclen operasyonlarda, 432 bin 630 ki\u015finin kimlik kontrol\u00fc yap\u0131ld\u0131. Bu denetimlerde, 27\u2019si yabanc\u0131 uyruklu olmak \u00fczere toplam 49 g\u00f6\u00e7men ka\u00e7ak\u00e7\u0131l\u0131\u011f\u0131 organizat\u00f6r\u00fc ile 509 d\u00fczensiz g\u00f6\u00e7men yakaland\u0131. D\u00dcZENS\u0130Z G\u00d6\u00c7 ORANI Y\u00dcZDE 74,5\u2019TEN Y\u00dcZDE 1,8\u2019E D\u00dc\u015eT\u00dc \u0130\u00e7i\u015fleri Bakan\u0131 Ali Yerlikaya, \u0130ki y\u0131l \u00f6nce mobil g\u00f6\u00e7 ara\u00e7lar\u0131yla ba\u015flayan kimlik kontrollerinde, o d\u00f6nemde kontrol edilen her 4 ki\u015fiden yakla\u015f\u0131k 3\u2019\u00fc (y\u00fczde 74,5) d\u00fczensiz g\u00f6\u00e7men \u00e7\u0131karken, ge\u00e7ti\u011fimiz ay bu oran y\u00fczde 1,8\u2019e geriledi. Art\u0131k kimlik kontrol\u00fc yap\u0131lan her 100 ki\u015fiden sadece 2\u2019si d\u00fczensiz g\u00f6\u00e7men olarak tespit ediliyor. Bu ba\u015far\u0131, T\u00fcrkiye\u2019nin d\u00fczensiz g\u00f6\u00e7e hedef olmaktan ve transit g\u00f6\u00e7 rotas\u0131 olmaktan \u00e7\u0131kt\u0131\u011f\u0131n\u0131 g\u00f6steriyor. Yetkililer, d\u00fczensiz g\u00f6\u00e7 rotas\u0131n\u0131n de\u011fi\u015fti\u011fini vurgulad\u0131. Operasyonlar kapsam\u0131nda, metruk binalar, umuma a\u00e7\u0131k e\u011flence mekanlar\u0131, t\u0131r garajlar\u0131, terminaller, limanlar, toplu ta\u015f\u0131ma duraklar\u0131 ve istasyonlar\u0131 gibi toplam 18 bin 317 yer kontrol edildi. \u0130\u00e7i\u015fleri Bakanl\u0131\u011f\u0131 sosyal medyadan yapt\u0131\u011f\u0131 payla\u015f\u0131m\u0131nda &#8221; Tespit edilen d\u00fczensiz g\u00f6\u00e7menlerin \u00fclkelerine geri g\u00f6nderilme i\u015flemleri ba\u015flat\u0131ld\u0131. Valilerimizi, kaymakamlar\u0131m\u0131z\u0131 ve denetimleri ger\u00e7ekle\u015ftiren Kahraman Polislerimizi, Jandarmam\u0131z\u0131, Sahil G\u00fcvenli\u011fimizi ve G\u00f6\u00e7 \u0130daresi Ba\u015fkanl\u0131\u011f\u0131m\u0131z personelini tebrik ediyorum.T\u00fcrkiye; g\u00f6\u00e7 y\u00f6netiminde, insan hak ve h\u00fcrriyetlerine &hellip;<\/p>","protected":false},"author":1,"featured_media":0,"comment_status":"","ping_status":"open","sticky":false,"template":"","format":"standard","meta":{"_acf_changed":false,"footnotes":""},"categories":[24],"tags":[],"class_list":["post-94244","post","type-post","status-publish","format-standard","has-post-thumbnail","hentry","category-gundem"],"acf":[],"yoast_head":"<!-- This site is optimized with the Yoast SEO Premium plugin v26.6 (Yoast SEO v27.1.1) - https:\/\/yoast.com\/product\/yoast-seo-premium-wordpress\/ -->\n<title>D\u00fczensiz g\u00f6\u00e7 oran\u0131 y\u00fczde 1,8\u2019e d\u00fc\u015ft\u00fc! 509 d\u00fczensiz g\u00f6\u00e7men geri g\u00f6nderiliyor - Av. Deniz Can K\u0131z\u0131l<\/title>\n<meta name=\"robots\" content=\"index, follow, max-snippet:-1, max-image-preview:large, max-video-preview:-1\" \/>\n<link rel=\"canonical\" href=\"http:\/\/denizcankizil.tr\/ru\/haberler\/gundem\/duzensiz-goc-orani-yuzde-18e-dustu-509-duzensiz-gocmen-geri-gonderiliyor\/\" \/>\n<meta property=\"og:locale\" content=\"ru_RU\" \/>\n<meta property=\"og:type\" content=\"article\" \/>\n<meta property=\"og:title\" content=\"D\u00fczensiz g\u00f6\u00e7 oran\u0131 y\u00fczde 1,8\u2019e d\u00fc\u015ft\u00fc! 509 d\u00fczensiz g\u00f6\u00e7men geri g\u00f6nderiliyor\" \/>\n<meta property=\"og:description\" content=\"D\u00fczensiz g\u00f6\u00e7 ve g\u00f6\u00e7men ka\u00e7ak\u00e7\u0131l\u0131\u011f\u0131yla m\u00fccadele kapsam\u0131nda \u00fclke genelinde geni\u015f \u00e7apl\u0131 denetim ve operasyonlar ger\u00e7ekle\u015ftirildi.ANKARA (\u0130GFA) &#8211; \u0130\u00e7i\u015fleri Bakanl\u0131\u011f\u0131 koordinesinde G\u00f6\u00e7 \u0130daresi Ba\u015fkanl\u0131\u011f\u0131, Emniyet Genel M\u00fcd\u00fcrl\u00fc\u011f\u00fc, Jandarma Genel Komutanl\u0131\u011f\u0131 ve Sahil G\u00fcvenlik Komutanl\u0131\u011f\u0131 taraf\u0131ndan y\u00fcr\u00fct\u00fclen operasyonlarda, 432 bin 630 ki\u015finin kimlik kontrol\u00fc yap\u0131ld\u0131. Bu denetimlerde, 27\u2019si yabanc\u0131 uyruklu olmak \u00fczere toplam 49 g\u00f6\u00e7men ka\u00e7ak\u00e7\u0131l\u0131\u011f\u0131 organizat\u00f6r\u00fc ile 509 d\u00fczensiz g\u00f6\u00e7men yakaland\u0131. D\u00dcZENS\u0130Z G\u00d6\u00c7 ORANI Y\u00dcZDE 74,5\u2019TEN Y\u00dcZDE 1,8\u2019E D\u00dc\u015eT\u00dc \u0130\u00e7i\u015fleri Bakan\u0131 Ali Yerlikaya, \u0130ki y\u0131l \u00f6nce mobil g\u00f6\u00e7 ara\u00e7lar\u0131yla ba\u015flayan kimlik kontrollerinde, o d\u00f6nemde kontrol edilen her 4 ki\u015fiden yakla\u015f\u0131k 3\u2019\u00fc (y\u00fczde 74,5) d\u00fczensiz g\u00f6\u00e7men \u00e7\u0131karken, ge\u00e7ti\u011fimiz ay bu oran y\u00fczde 1,8\u2019e geriledi. Art\u0131k kimlik kontrol\u00fc yap\u0131lan her 100 ki\u015fiden sadece 2\u2019si d\u00fczensiz g\u00f6\u00e7men olarak tespit ediliyor. Bu ba\u015far\u0131, T\u00fcrkiye\u2019nin d\u00fczensiz g\u00f6\u00e7e hedef olmaktan ve transit g\u00f6\u00e7 rotas\u0131 olmaktan \u00e7\u0131kt\u0131\u011f\u0131n\u0131 g\u00f6steriyor. Yetkililer, d\u00fczensiz g\u00f6\u00e7 rotas\u0131n\u0131n de\u011fi\u015fti\u011fini vurgulad\u0131. Operasyonlar kapsam\u0131nda, metruk binalar, umuma a\u00e7\u0131k e\u011flence mekanlar\u0131, t\u0131r garajlar\u0131, terminaller, limanlar, toplu ta\u015f\u0131ma duraklar\u0131 ve istasyonlar\u0131 gibi toplam 18 bin 317 yer kontrol edildi. \u0130\u00e7i\u015fleri Bakanl\u0131\u011f\u0131 sosyal medyadan yapt\u0131\u011f\u0131 payla\u015f\u0131m\u0131nda &#8221; Tespit edilen d\u00fczensiz g\u00f6\u00e7menlerin \u00fclkelerine geri g\u00f6nderilme i\u015flemleri ba\u015flat\u0131ld\u0131. Valilerimizi, kaymakamlar\u0131m\u0131z\u0131 ve denetimleri ger\u00e7ekle\u015ftiren Kahraman Polislerimizi, Jandarmam\u0131z\u0131, Sahil G\u00fcvenli\u011fimizi ve G\u00f6\u00e7 \u0130daresi Ba\u015fkanl\u0131\u011f\u0131m\u0131z personelini tebrik ediyorum.T\u00fcrkiye; g\u00f6\u00e7 y\u00f6netiminde, insan hak ve h\u00fcrriyetlerine &hellip;\" \/>\n<meta property=\"og:url\" content=\"http:\/\/denizcankizil.tr\/ru\/haberler\/gundem\/duzensiz-goc-orani-yuzde-18e-dustu-509-duzensiz-gocmen-geri-gonderiliyor\/\" \/>\n<meta property=\"og:site_name\" content=\"Av. Deniz Can K\u0131z\u0131l\" \/>\n<meta property=\"article:published_time\" content=\"2025-05-22T13:42:16+00:00\" \/>\n<meta name=\"author\" content=\"admin\" \/>\n<meta name=\"twitter:card\" content=\"summary_large_image\" \/>\n<meta name=\"twitter:label1\" content=\"\u041d\u0430\u043f\u0438\u0441\u0430\u043d\u043e \u0430\u0432\u0442\u043e\u0440\u043e\u043c\" \/>\n\t<meta name=\"twitter:data1\" content=\"admin\" \/>\n\t<meta name=\"twitter:label2\" content=\"\u041f\u0440\u0438\u043c\u0435\u0440\u043d\u043e\u0435 \u0432\u0440\u0435\u043c\u044f \u0434\u043b\u044f \u0447\u0442\u0435\u043d\u0438\u044f\" \/>\n\t<meta name=\"twitter:data2\" content=\"4 \u043c\u0438\u043d\u0443\u0442\u044b\" \/>\n<script type=\"application\/ld+json\" class=\"yoast-schema-graph\">{\"@context\":\"https:\/\/schema.org\",\"@graph\":[{\"@type\":\"Article\",\"@id\":\"http:\/\/denizcankizil.tr\/en\/haberler\/gundem\/duzensiz-goc-orani-yuzde-18e-dustu-509-duzensiz-gocmen-geri-gonderiliyor\/#article\",\"isPartOf\":{\"@id\":\"http:\/\/denizcankizil.tr\/en\/haberler\/gundem\/duzensiz-goc-orani-yuzde-18e-dustu-509-duzensiz-gocmen-geri-gonderiliyor\/\"},\"author\":{\"name\":\"admin\",\"@id\":\"https:\/\/denizcankizil.tr\/de\/#\/schema\/person\/be3c05fe6a12686905512445d8185489\"},\"headline\":\"D\u00fczensiz g\u00f6\u00e7 oran\u0131 y\u00fczde 1,8\u2019e d\u00fc\u015ft\u00fc! 509 d\u00fczensiz g\u00f6\u00e7men geri g\u00f6nderiliyor\",\"datePublished\":\"2025-05-22T13:42:16+00:00\",\"mainEntityOfPage\":{\"@id\":\"http:\/\/denizcankizil.tr\/en\/haberler\/gundem\/duzensiz-goc-orani-yuzde-18e-dustu-509-duzensiz-gocmen-geri-gonderiliyor\/\"},\"wordCount\":738,\"publisher\":{\"@id\":\"https:\/\/denizcankizil.tr\/de\/#organization\"},\"articleSection\":[\"G\u00fcndem\"],\"inLanguage\":\"ru-RU\"},{\"@type\":\"WebPage\",\"@id\":\"http:\/\/denizcankizil.tr\/en\/haberler\/gundem\/duzensiz-goc-orani-yuzde-18e-dustu-509-duzensiz-gocmen-geri-gonderiliyor\/\",\"url\":\"http:\/\/denizcankizil.tr\/en\/haberler\/gundem\/duzensiz-goc-orani-yuzde-18e-dustu-509-duzensiz-gocmen-geri-gonderiliyor\/\",\"name\":\"D\u00fczensiz g\u00f6\u00e7 oran\u0131 y\u00fczde 1,8\u2019e d\u00fc\u015ft\u00fc! 509 d\u00fczensiz g\u00f6\u00e7men geri g\u00f6nderiliyor - Av. Deniz Can K\u0131z\u0131l\",\"isPartOf\":{\"@id\":\"https:\/\/denizcankizil.tr\/de\/#website\"},\"datePublished\":\"2025-05-22T13:42:16+00:00\",\"breadcrumb\":{\"@id\":\"http:\/\/denizcankizil.tr\/en\/haberler\/gundem\/duzensiz-goc-orani-yuzde-18e-dustu-509-duzensiz-gocmen-geri-gonderiliyor\/#breadcrumb\"},\"inLanguage\":\"ru-RU\",\"potentialAction\":[{\"@type\":\"ReadAction\",\"target\":[\"http:\/\/denizcankizil.tr\/en\/haberler\/gundem\/duzensiz-goc-orani-yuzde-18e-dustu-509-duzensiz-gocmen-geri-gonderiliyor\/\"]}]},{\"@type\":\"BreadcrumbList\",\"@id\":\"http:\/\/denizcankizil.tr\/en\/haberler\/gundem\/duzensiz-goc-orani-yuzde-18e-dustu-509-duzensiz-gocmen-geri-gonderiliyor\/#breadcrumb\",\"itemListElement\":[{\"@type\":\"ListItem\",\"position\":1,\"name\":\"Home\",\"item\":\"https:\/\/denizcankizil.tr\/de\/\"},{\"@type\":\"ListItem\",\"position\":2,\"name\":\"D\u00fczensiz g\u00f6\u00e7 oran\u0131 y\u00fczde 1,8\u2019e d\u00fc\u015ft\u00fc! 509 d\u00fczensiz g\u00f6\u00e7men geri g\u00f6nderiliyor\"}]},{\"@type\":\"WebSite\",\"@id\":\"https:\/\/denizcankizil.tr\/de\/#website\",\"url\":\"https:\/\/denizcankizil.tr\/de\/\",\"name\":\"Av. Deniz Can K\u0131z\u0131l\",\"description\":\"Avukat Deniz Can K\u0131z\u0131l Antalya Barosu\",\"publisher\":{\"@id\":\"https:\/\/denizcankizil.tr\/de\/#organization\"},\"potentialAction\":[{\"@type\":\"SearchAction\",\"target\":{\"@type\":\"EntryPoint\",\"urlTemplate\":\"https:\/\/denizcankizil.tr\/de\/?s={search_term_string}\"},\"query-input\":{\"@type\":\"PropertyValueSpecification\",\"valueRequired\":true,\"valueName\":\"search_term_string\"}}],\"inLanguage\":\"ru-RU\"},{\"@type\":\"Organization\",\"@id\":\"https:\/\/denizcankizil.tr\/de\/#organization\",\"name\":\"Av. Deniz Can K\u0131z\u0131l\",\"url\":\"https:\/\/denizcankizil.tr\/de\/\",\"logo\":{\"@type\":\"ImageObject\",\"inLanguage\":\"ru-RU\",\"@id\":\"https:\/\/denizcankizil.tr\/de\/#\/schema\/logo\/image\/\",\"url\":\"http:\/\/denizcankizil.tr\/wp-content\/uploads\/2024\/10\/siyah-logo-svg.svg\",\"contentUrl\":\"http:\/\/denizcankizil.tr\/wp-content\/uploads\/2024\/10\/siyah-logo-svg.svg\",\"width\":1080,\"height\":1080,\"caption\":\"Av. Deniz Can K\u0131z\u0131l\"},\"image\":{\"@id\":\"https:\/\/denizcankizil.tr\/de\/#\/schema\/logo\/image\/\"}},{\"@type\":\"Person\",\"@id\":\"https:\/\/denizcankizil.tr\/de\/#\/schema\/person\/be3c05fe6a12686905512445d8185489\",\"name\":\"admin\",\"image\":{\"@type\":\"ImageObject\",\"inLanguage\":\"ru-RU\",\"@id\":\"https:\/\/denizcankizil.tr\/de\/#\/schema\/person\/image\/\",\"url\":\"https:\/\/secure.gravatar.com\/avatar\/c1fce94c830dc79107e174f890d7210541c4a63e8e5d816341794a2151c9d58c?s=96&d=mm&r=g\",\"contentUrl\":\"https:\/\/secure.gravatar.com\/avatar\/c1fce94c830dc79107e174f890d7210541c4a63e8e5d816341794a2151c9d58c?s=96&d=mm&r=g\",\"caption\":\"admin\"},\"sameAs\":[\"http:\/\/denizcankizil.tr\"],\"url\":\"https:\/\/www.iskenderun.org\/duzensiz-goc-orani-yuzde-18e-dustu-509-duzensiz-gocmen-geri-gonderiliyor\"}]}<\/script>\n<!-- \/ Yoast SEO Premium plugin. -->","yoast_head_json":{"title":"D\u00fczensiz g\u00f6\u00e7 oran\u0131 y\u00fczde 1,8\u2019e d\u00fc\u015ft\u00fc! 509 d\u00fczensiz g\u00f6\u00e7men geri g\u00f6nderiliyor - Av. Deniz Can K\u0131z\u0131l","robots":{"index":"index","follow":"follow","max-snippet":"max-snippet:-1","max-image-preview":"max-image-preview:large","max-video-preview":"max-video-preview:-1"},"canonical":"http:\/\/denizcankizil.tr\/ru\/haberler\/gundem\/duzensiz-goc-orani-yuzde-18e-dustu-509-duzensiz-gocmen-geri-gonderiliyor\/","og_locale":"ru_RU","og_type":"article","og_title":"D\u00fczensiz g\u00f6\u00e7 oran\u0131 y\u00fczde 1,8\u2019e d\u00fc\u015ft\u00fc! 509 d\u00fczensiz g\u00f6\u00e7men geri g\u00f6nderiliyor","og_description":"D\u00fczensiz g\u00f6\u00e7 ve g\u00f6\u00e7men ka\u00e7ak\u00e7\u0131l\u0131\u011f\u0131yla m\u00fccadele kapsam\u0131nda \u00fclke genelinde geni\u015f \u00e7apl\u0131 denetim ve operasyonlar ger\u00e7ekle\u015ftirildi.ANKARA (\u0130GFA) &#8211; \u0130\u00e7i\u015fleri Bakanl\u0131\u011f\u0131 koordinesinde G\u00f6\u00e7 \u0130daresi Ba\u015fkanl\u0131\u011f\u0131, Emniyet Genel M\u00fcd\u00fcrl\u00fc\u011f\u00fc, Jandarma Genel Komutanl\u0131\u011f\u0131 ve Sahil G\u00fcvenlik Komutanl\u0131\u011f\u0131 taraf\u0131ndan y\u00fcr\u00fct\u00fclen operasyonlarda, 432 bin 630 ki\u015finin kimlik kontrol\u00fc yap\u0131ld\u0131. Bu denetimlerde, 27\u2019si yabanc\u0131 uyruklu olmak \u00fczere toplam 49 g\u00f6\u00e7men ka\u00e7ak\u00e7\u0131l\u0131\u011f\u0131 organizat\u00f6r\u00fc ile 509 d\u00fczensiz g\u00f6\u00e7men yakaland\u0131. D\u00dcZENS\u0130Z G\u00d6\u00c7 ORANI Y\u00dcZDE 74,5\u2019TEN Y\u00dcZDE 1,8\u2019E D\u00dc\u015eT\u00dc \u0130\u00e7i\u015fleri Bakan\u0131 Ali Yerlikaya, \u0130ki y\u0131l \u00f6nce mobil g\u00f6\u00e7 ara\u00e7lar\u0131yla ba\u015flayan kimlik kontrollerinde, o d\u00f6nemde kontrol edilen her 4 ki\u015fiden yakla\u015f\u0131k 3\u2019\u00fc (y\u00fczde 74,5) d\u00fczensiz g\u00f6\u00e7men \u00e7\u0131karken, ge\u00e7ti\u011fimiz ay bu oran y\u00fczde 1,8\u2019e geriledi. Art\u0131k kimlik kontrol\u00fc yap\u0131lan her 100 ki\u015fiden sadece 2\u2019si d\u00fczensiz g\u00f6\u00e7men olarak tespit ediliyor. Bu ba\u015far\u0131, T\u00fcrkiye\u2019nin d\u00fczensiz g\u00f6\u00e7e hedef olmaktan ve transit g\u00f6\u00e7 rotas\u0131 olmaktan \u00e7\u0131kt\u0131\u011f\u0131n\u0131 g\u00f6steriyor. Yetkililer, d\u00fczensiz g\u00f6\u00e7 rotas\u0131n\u0131n de\u011fi\u015fti\u011fini vurgulad\u0131. Operasyonlar kapsam\u0131nda, metruk binalar, umuma a\u00e7\u0131k e\u011flence mekanlar\u0131, t\u0131r garajlar\u0131, terminaller, limanlar, toplu ta\u015f\u0131ma duraklar\u0131 ve istasyonlar\u0131 gibi toplam 18 bin 317 yer kontrol edildi. \u0130\u00e7i\u015fleri Bakanl\u0131\u011f\u0131 sosyal medyadan yapt\u0131\u011f\u0131 payla\u015f\u0131m\u0131nda &#8221; Tespit edilen d\u00fczensiz g\u00f6\u00e7menlerin \u00fclkelerine geri g\u00f6nderilme i\u015flemleri ba\u015flat\u0131ld\u0131. Valilerimizi, kaymakamlar\u0131m\u0131z\u0131 ve denetimleri ger\u00e7ekle\u015ftiren Kahraman Polislerimizi, Jandarmam\u0131z\u0131, Sahil G\u00fcvenli\u011fimizi ve G\u00f6\u00e7 \u0130daresi Ba\u015fkanl\u0131\u011f\u0131m\u0131z personelini tebrik ediyorum.T\u00fcrkiye; g\u00f6\u00e7 y\u00f6netiminde, insan hak ve h\u00fcrriyetlerine &hellip;","og_url":"http:\/\/denizcankizil.tr\/ru\/haberler\/gundem\/duzensiz-goc-orani-yuzde-18e-dustu-509-duzensiz-gocmen-geri-gonderiliyor\/","og_site_name":"Av. Deniz Can K\u0131z\u0131l","article_published_time":"2025-05-22T13:42:16+00:00","author":"admin","twitter_card":"summary_large_image","twitter_misc":{"\u041d\u0430\u043f\u0438\u0441\u0430\u043d\u043e \u0430\u0432\u0442\u043e\u0440\u043e\u043c":"admin","\u041f\u0440\u0438\u043c\u0435\u0440\u043d\u043e\u0435 \u0432\u0440\u0435\u043c\u044f \u0434\u043b\u044f \u0447\u0442\u0435\u043d\u0438\u044f":"4 \u043c\u0438\u043d\u0443\u0442\u044b"},"schema":{"@context":"https:\/\/schema.org","@graph":[{"@type":"Article","@id":"http:\/\/denizcankizil.tr\/en\/haberler\/gundem\/duzensiz-goc-orani-yuzde-18e-dustu-509-duzensiz-gocmen-geri-gonderiliyor\/#article","isPartOf":{"@id":"http:\/\/denizcankizil.tr\/en\/haberler\/gundem\/duzensiz-goc-orani-yuzde-18e-dustu-509-duzensiz-gocmen-geri-gonderiliyor\/"},"author":{"name":"admin","@id":"https:\/\/denizcankizil.tr\/de\/#\/schema\/person\/be3c05fe6a12686905512445d8185489"},"headline":"D\u00fczensiz g\u00f6\u00e7 oran\u0131 y\u00fczde 1,8\u2019e d\u00fc\u015ft\u00fc! 509 d\u00fczensiz g\u00f6\u00e7men geri g\u00f6nderiliyor","datePublished":"2025-05-22T13:42:16+00:00","mainEntityOfPage":{"@id":"http:\/\/denizcankizil.tr\/en\/haberler\/gundem\/duzensiz-goc-orani-yuzde-18e-dustu-509-duzensiz-gocmen-geri-gonderiliyor\/"},"wordCount":738,"publisher":{"@id":"https:\/\/denizcankizil.tr\/de\/#organization"},"articleSection":["G\u00fcndem"],"inLanguage":"ru-RU"},{"@type":"WebPage","@id":"http:\/\/denizcankizil.tr\/en\/haberler\/gundem\/duzensiz-goc-orani-yuzde-18e-dustu-509-duzensiz-gocmen-geri-gonderiliyor\/","url":"http:\/\/denizcankizil.tr\/en\/haberler\/gundem\/duzensiz-goc-orani-yuzde-18e-dustu-509-duzensiz-gocmen-geri-gonderiliyor\/","name":"D\u00fczensiz g\u00f6\u00e7 oran\u0131 y\u00fczde 1,8\u2019e d\u00fc\u015ft\u00fc! 509 d\u00fczensiz g\u00f6\u00e7men geri g\u00f6nderiliyor - Av. Deniz Can K\u0131z\u0131l","isPartOf":{"@id":"https:\/\/denizcankizil.tr\/de\/#website"},"datePublished":"2025-05-22T13:42:16+00:00","breadcrumb":{"@id":"http:\/\/denizcankizil.tr\/en\/haberler\/gundem\/duzensiz-goc-orani-yuzde-18e-dustu-509-duzensiz-gocmen-geri-gonderiliyor\/#breadcrumb"},"inLanguage":"ru-RU","potentialAction":[{"@type":"ReadAction","target":["http:\/\/denizcankizil.tr\/en\/haberler\/gundem\/duzensiz-goc-orani-yuzde-18e-dustu-509-duzensiz-gocmen-geri-gonderiliyor\/"]}]},{"@type":"BreadcrumbList","@id":"http:\/\/denizcankizil.tr\/en\/haberler\/gundem\/duzensiz-goc-orani-yuzde-18e-dustu-509-duzensiz-gocmen-geri-gonderiliyor\/#breadcrumb","itemListElement":[{"@type":"ListItem","position":1,"name":"Home","item":"https:\/\/denizcankizil.tr\/de\/"},{"@type":"ListItem","position":2,"name":"D\u00fczensiz g\u00f6\u00e7 oran\u0131 y\u00fczde 1,8\u2019e d\u00fc\u015ft\u00fc! 509 d\u00fczensiz g\u00f6\u00e7men geri g\u00f6nderiliyor"}]},{"@type":"WebSite","@id":"https:\/\/denizcankizil.tr\/de\/#website","url":"https:\/\/denizcankizil.tr\/de\/","name":"Av. Deniz Can K\u0131z\u0131l","description":"Avukat Deniz Can K\u0131z\u0131l Antalya Barosu","publisher":{"@id":"https:\/\/denizcankizil.tr\/de\/#organization"},"potentialAction":[{"@type":"SearchAction","target":{"@type":"EntryPoint","urlTemplate":"https:\/\/denizcankizil.tr\/de\/?s={search_term_string}"},"query-input":{"@type":"PropertyValueSpecification","valueRequired":true,"valueName":"search_term_string"}}],"inLanguage":"ru-RU"},{"@type":"Organization","@id":"https:\/\/denizcankizil.tr\/de\/#organization","name":"Av. Deniz Can K\u0131z\u0131l","url":"https:\/\/denizcankizil.tr\/de\/","logo":{"@type":"ImageObject","inLanguage":"ru-RU","@id":"https:\/\/denizcankizil.tr\/de\/#\/schema\/logo\/image\/","url":"http:\/\/denizcankizil.tr\/wp-content\/uploads\/2024\/10\/siyah-logo-svg.svg","contentUrl":"http:\/\/denizcankizil.tr\/wp-content\/uploads\/2024\/10\/siyah-logo-svg.svg","width":1080,"height":1080,"caption":"Av. Deniz Can K\u0131z\u0131l"},"image":{"@id":"https:\/\/denizcankizil.tr\/de\/#\/schema\/logo\/image\/"}},{"@type":"Person","@id":"https:\/\/denizcankizil.tr\/de\/#\/schema\/person\/be3c05fe6a12686905512445d8185489","name":"\u0430\u0434\u043c\u0438\u043d","image":{"@type":"ImageObject","inLanguage":"ru-RU","@id":"https:\/\/denizcankizil.tr\/de\/#\/schema\/person\/image\/","url":"https:\/\/secure.gravatar.com\/avatar\/c1fce94c830dc79107e174f890d7210541c4a63e8e5d816341794a2151c9d58c?s=96&d=mm&r=g","contentUrl":"https:\/\/secure.gravatar.com\/avatar\/c1fce94c830dc79107e174f890d7210541c4a63e8e5d816341794a2151c9d58c?s=96&d=mm&r=g","caption":"admin"},"sameAs":["http:\/\/denizcankizil.tr"],"url":"https:\/\/www.iskenderun.org\/duzensiz-goc-orani-yuzde-18e-dustu-509-duzensiz-gocmen-geri-gonderiliyor"}]}},"_links":{"self":[{"href":"http:\/\/denizcankizil.tr\/ru\/wp-json\/wp\/v2\/posts\/94244","targetHints":{"allow":["GET"]}}],"collection":[{"href":"http:\/\/denizcankizil.tr\/ru\/wp-json\/wp\/v2\/posts"}],"about":[{"href":"http:\/\/denizcankizil.tr\/ru\/wp-json\/wp\/v2\/types\/post"}],"author":[{"embeddable":true,"href":"http:\/\/denizcankizil.tr\/ru\/wp-json\/wp\/v2\/users\/1"}],"replies":[{"embeddable":true,"href":"http:\/\/denizcankizil.tr\/ru\/wp-json\/wp\/v2\/comments?post=94244"}],"version-history":[{"count":0,"href":"http:\/\/denizcankizil.tr\/ru\/wp-json\/wp\/v2\/posts\/94244\/revisions"}],"wp:attachment":[{"href":"http:\/\/denizcankizil.tr\/ru\/wp-json\/wp\/v2\/media?parent=94244"}],"wp:term":[{"taxonomy":"category","embeddable":true,"href":"http:\/\/denizcankizil.tr\/ru\/wp-json\/wp\/v2\/categories?post=94244"},{"taxonomy":"post_tag","embeddable":true,"href":"http:\/\/denizcankizil.tr\/ru\/wp-json\/wp\/v2\/tags?post=94244"}],"curies":[{"name":"wp","href":"https:\/\/api.w.org\/{rel}","templated":true}]}}