{"id":9419,"date":"2024-10-28T12:41:24","date_gmt":"2024-10-28T09:41:24","guid":{"rendered":"https:\/\/denizcankizil.tr\/uncategorized-tr\/8-altinozu-zeytin-ve-zeytinyagi-festivali-basladi\/"},"modified":"2024-10-28T12:41:24","modified_gmt":"2024-10-28T09:41:24","slug":"8-altinozu-zeytin-ve-zeytinyagi-festivali-basladi","status":"publish","type":"post","link":"http:\/\/denizcankizil.tr\/ru\/haberler\/gundem\/8-altinozu-zeytin-ve-zeytinyagi-festivali-basladi\/","title":{"rendered":"8. Alt\u0131n\u00f6z\u00fc Zeytin ve Zeytinya\u011f\u0131 Festivali Ba\u015flad\u0131\u2026"},"content":{"rendered":"<p>Hatay B\u00fcy\u00fck\u015fehir Belediyesi\u2019nin 7 ayda yapt\u0131\u011f\u0131 hizmetlerin damga vurdu\u011fu a\u00e7\u0131l\u0131\u015f konu\u015fmalar\u0131nda kentin de\u011ferlerinin tan\u0131t\u0131lmas\u0131nda i\u015fbirli\u011fi ve b\u00fcy\u00fck\u015fehrin desteklerinin \u00f6nemi konusunda siyasiler birle\u015fti.<\/p>\n<p>SARI \u201c H\u0130ZMETLER\u0130N CANLI \u015eAH\u0130D\u0130Y\u0130Z\u201d<\/p>\n<p>Festivalin A\u00e7\u0131l\u0131\u015f konu\u015fmas\u0131n\u0131 yapan Alt\u0131n\u00f6z\u00fc Belediye Ba\u015fkan\u0131 R\u0131fat Sar\u0131, festivalde Hatay B\u00fcy\u00fck\u015fehri yanlar\u0131nda g\u00f6rmenin mutluluk verici oldu\u011funu belirterek, s\u00fcratle hayata ge\u00e7irilen hizmetlerin canl\u0131 \u015fahidi oluklar\u0131n\u0131 s\u00f6yledi.<\/p>\n<p>Ba\u015fkan Sar\u0131, k\u0131sa s\u00fcrede il genelinde bin 300 kilometrelik yolu tamamlayan, Alt\u0131n\u00f6z\u00fc il\u00e7esinde de 120 kilometrelik yolu yapan B\u00fcy\u00fck\u015fehir Belediye Ba\u015fkan\u0131 Mehmet \u00d6nt\u00fcrk ve ekibine te\u015fekk\u00fcr etti.<\/p>\n<p>HBB Genel Sekreteri Hayrettin G\u00fcng\u00f6r Anadolu&#8217;nun her bir \u015fehrinin kendine \u00f6zg\u00fc de\u011ferleri ve \u00fcretiminin oldu\u011funu dile getirerek Alt\u0131n\u00f6z\u00fc Zeytin- Zeytinya\u011f\u0131 ve Gastronomi Festivali\u2019ne eme\u011fi ge\u00e7en herkese te\u015fekk\u00fcr etti.<\/p>\n<p>Hatay&#8217;\u0131n sahip oldu\u011fu de\u011ferlerle bu konuda zengin olan iller aras\u0131nda geldi\u011fine dikkat \u00e7eken HBB Genel Sekreteri G\u00fcng\u00f6r, \u201cTabii ki bu \u00fcr\u00fcnlerimizin festival ve benzeri etkinliklerle tan\u0131t\u0131lmas\u0131n\u0131n ve katma de\u011ferinin artt\u0131r\u0131lmas\u0131n\u0131n ne kadar k\u0131ymetli oldu\u011funu biliyoruz. \u00d6zellikle bu b\u00f6lgedeki zeytinimizin, zeytinya\u011f\u0131m\u0131z\u0131n katma de\u011ferinin artt\u0131r\u0131lmas\u0131 ve tan\u0131t\u0131lmas\u0131 i\u00e7in bu gibi etkinliklere daha fazla ihtiya\u00e7 oldu\u011funu biliyoruz. \u00d6zellikle kurumlar\u0131n uyumu; merkezi idare ile b\u00fcy\u00fck\u015fehir, b\u00fcy\u00fck\u015fehir ile il\u00e7e belediyesi ve di\u011fer kurumlar\u0131m\u0131z\u0131n uyum i\u00e7erisinde \u00e7al\u0131\u015fmas\u0131n\u0131n ne kadar daha b\u00fcy\u00fck sinerji yaratt\u0131\u011f\u0131n\u0131 hep birlikte g\u00f6r\u00fcyoruz.\u201d diye konu\u015ftu.<\/p>\n<p>Bu manada da Hatay&#8217;da \u00e7ok g\u00fczel bir birliktelik oldu\u011funu g\u00f6rmenin mutlulu\u011funu ya\u015fad\u0131\u011f\u0131n\u0131 kaydeden G\u00fcng\u00f6r, festivalde eme\u011fi ge\u00e7en herkese te\u015fekk\u00fcr ederek, festivalin hay\u0131rl\u0131 olmas\u0131n\u0131 diledi.<\/p>\n<p>A\u00e7\u0131l\u0131\u015f konu\u015fmalar\u0131n\u0131n ard\u0131ndan okunan kuran tilavetinin ard\u0131nda t\u00fcm protokol \u00fcyelerinin kat\u0131l\u0131m\u0131yla Zeytincilik Ara\u015ft\u0131rma Enstit\u00fcs\u00fc A\u00e7\u0131l\u0131\u015f\u0131 kurdelesi kesilerek, festivalde kurulan standlar gezildi.<\/p>\n<p>8. Zeytin- Zeytinya\u011f\u0131 ve Gastronomi Festivali kapsam\u0131nda ger\u00e7ekle\u015ftirilen Zeytin K\u0131rma, Yemek, En G\u00fczel Trakt\u00f6r S\u00fcsleme ve Zeytin Yeme Yar\u0131\u015fmalar\u0131 b\u00fcy\u00fck \u00e7eki\u015fmelere sahne oldu. Festival kapsam\u0131nda ayr\u0131ca \u00e7e\u015fitli g\u00f6steriler, at\u00f6lye \u00e7al\u0131\u015fmalar\u0131, Mo\u011folistan Sirk G\u00f6sterisi, \u015fehir turu ve y\u00fcr\u00fcy\u00fc\u015f etkinlikleri ger\u00e7ekle\u015ftirildi.<\/p>\n<p>\u200bZeytin, zeytinya\u011f\u0131, Hatay ve Alt\u0131n\u00f6z\u00fc mutfa\u011f\u0131 ile il\u00e7e k\u00fclt\u00fcr\u00fcn\u00fcn tan\u0131t\u0131lmas\u0131 hedefiyle bu y\u0131l 8\u2019incisi d\u00fczenlenen Alt\u0131n\u00f6z\u00fc Zeytin, Zeytinya\u011f\u0131 ve Gastronomi Festivali renkli g\u00f6r\u00fcnt\u00fclerle ba\u015flad\u0131.\u00a0<\/p>\n<p>\u200bHaberin Al\u0131nt\u0131land\u0131\u011f\u0131 Kaynak: www.iskenderun.org<\/p>","protected":false},"excerpt":{"rendered":"<p>Hatay B\u00fcy\u00fck\u015fehir Belediyesi\u2019nin 7 ayda yapt\u0131\u011f\u0131 hizmetlerin damga vurdu\u011fu a\u00e7\u0131l\u0131\u015f konu\u015fmalar\u0131nda kentin de\u011ferlerinin tan\u0131t\u0131lmas\u0131nda i\u015fbirli\u011fi ve b\u00fcy\u00fck\u015fehrin desteklerinin \u00f6nemi konusunda siyasiler birle\u015fti. SARI \u201c H\u0130ZMETLER\u0130N CANLI \u015eAH\u0130D\u0130Y\u0130Z\u201d Festivalin A\u00e7\u0131l\u0131\u015f konu\u015fmas\u0131n\u0131 yapan Alt\u0131n\u00f6z\u00fc Belediye Ba\u015fkan\u0131 R\u0131fat Sar\u0131, festivalde Hatay B\u00fcy\u00fck\u015fehri yanlar\u0131nda g\u00f6rmenin mutluluk verici oldu\u011funu belirterek, s\u00fcratle hayata ge\u00e7irilen hizmetlerin canl\u0131 \u015fahidi oluklar\u0131n\u0131 s\u00f6yledi. Ba\u015fkan Sar\u0131, k\u0131sa s\u00fcrede il genelinde bin 300 kilometrelik yolu tamamlayan, Alt\u0131n\u00f6z\u00fc il\u00e7esinde de 120 kilometrelik yolu yapan B\u00fcy\u00fck\u015fehir Belediye Ba\u015fkan\u0131 Mehmet \u00d6nt\u00fcrk ve ekibine te\u015fekk\u00fcr etti. HBB Genel Sekreteri Hayrettin G\u00fcng\u00f6r Anadolu&#8217;nun her bir \u015fehrinin kendine \u00f6zg\u00fc de\u011ferleri ve \u00fcretiminin oldu\u011funu dile getirerek Alt\u0131n\u00f6z\u00fc Zeytin- Zeytinya\u011f\u0131 ve Gastronomi Festivali\u2019ne eme\u011fi ge\u00e7en herkese te\u015fekk\u00fcr etti. Hatay&#8217;\u0131n sahip oldu\u011fu de\u011ferlerle bu konuda zengin olan iller aras\u0131nda geldi\u011fine dikkat \u00e7eken HBB Genel Sekreteri G\u00fcng\u00f6r, \u201cTabii ki bu \u00fcr\u00fcnlerimizin festival ve benzeri etkinliklerle tan\u0131t\u0131lmas\u0131n\u0131n ve katma de\u011ferinin artt\u0131r\u0131lmas\u0131n\u0131n ne kadar k\u0131ymetli oldu\u011funu biliyoruz. \u00d6zellikle bu b\u00f6lgedeki zeytinimizin, zeytinya\u011f\u0131m\u0131z\u0131n katma de\u011ferinin artt\u0131r\u0131lmas\u0131 ve tan\u0131t\u0131lmas\u0131 i\u00e7in bu gibi etkinliklere daha fazla ihtiya\u00e7 oldu\u011funu biliyoruz. \u00d6zellikle kurumlar\u0131n uyumu; merkezi idare ile b\u00fcy\u00fck\u015fehir, b\u00fcy\u00fck\u015fehir ile il\u00e7e belediyesi ve di\u011fer kurumlar\u0131m\u0131z\u0131n uyum i\u00e7erisinde \u00e7al\u0131\u015fmas\u0131n\u0131n ne kadar daha b\u00fcy\u00fck sinerji yaratt\u0131\u011f\u0131n\u0131 hep birlikte g\u00f6r\u00fcyoruz.\u201d diye konu\u015ftu. Bu manada da Hatay&#8217;da \u00e7ok g\u00fczel bir birliktelik oldu\u011funu g\u00f6rmenin &hellip;<\/p>","protected":false},"author":0,"featured_media":0,"comment_status":"open","ping_status":"open","sticky":false,"template":"","format":"standard","meta":{"_acf_changed":false,"footnotes":""},"categories":[24,535],"tags":[],"class_list":["post-9419","post","type-post","status-publish","format-standard","has-post-thumbnail","hentry","category-gundem","category-uncategorized-tr"],"acf":[],"yoast_head":"<!-- This site is optimized with the Yoast SEO Premium plugin v26.6 (Yoast SEO v27.1.1) - https:\/\/yoast.com\/product\/yoast-seo-premium-wordpress\/ -->\n<title>8. Alt\u0131n\u00f6z\u00fc Zeytin ve Zeytinya\u011f\u0131 Festivali Ba\u015flad\u0131\u2026 - Av. Deniz Can K\u0131z\u0131l<\/title>\n<meta name=\"robots\" content=\"index, follow, max-snippet:-1, max-image-preview:large, max-video-preview:-1\" \/>\n<link rel=\"canonical\" href=\"http:\/\/denizcankizil.tr\/ru\/haberler\/gundem\/8-altinozu-zeytin-ve-zeytinyagi-festivali-basladi\/\" \/>\n<meta property=\"og:locale\" content=\"ru_RU\" \/>\n<meta property=\"og:type\" content=\"article\" \/>\n<meta property=\"og:title\" content=\"8. Alt\u0131n\u00f6z\u00fc Zeytin ve Zeytinya\u011f\u0131 Festivali Ba\u015flad\u0131\u2026\" \/>\n<meta property=\"og:description\" content=\"Hatay B\u00fcy\u00fck\u015fehir Belediyesi\u2019nin 7 ayda yapt\u0131\u011f\u0131 hizmetlerin damga vurdu\u011fu a\u00e7\u0131l\u0131\u015f konu\u015fmalar\u0131nda kentin de\u011ferlerinin tan\u0131t\u0131lmas\u0131nda i\u015fbirli\u011fi ve b\u00fcy\u00fck\u015fehrin desteklerinin \u00f6nemi konusunda siyasiler birle\u015fti. SARI \u201c H\u0130ZMETLER\u0130N CANLI \u015eAH\u0130D\u0130Y\u0130Z\u201d Festivalin A\u00e7\u0131l\u0131\u015f konu\u015fmas\u0131n\u0131 yapan Alt\u0131n\u00f6z\u00fc Belediye Ba\u015fkan\u0131 R\u0131fat Sar\u0131, festivalde Hatay B\u00fcy\u00fck\u015fehri yanlar\u0131nda g\u00f6rmenin mutluluk verici oldu\u011funu belirterek, s\u00fcratle hayata ge\u00e7irilen hizmetlerin canl\u0131 \u015fahidi oluklar\u0131n\u0131 s\u00f6yledi. Ba\u015fkan Sar\u0131, k\u0131sa s\u00fcrede il genelinde bin 300 kilometrelik yolu tamamlayan, Alt\u0131n\u00f6z\u00fc il\u00e7esinde de 120 kilometrelik yolu yapan B\u00fcy\u00fck\u015fehir Belediye Ba\u015fkan\u0131 Mehmet \u00d6nt\u00fcrk ve ekibine te\u015fekk\u00fcr etti. HBB Genel Sekreteri Hayrettin G\u00fcng\u00f6r Anadolu&#8217;nun her bir \u015fehrinin kendine \u00f6zg\u00fc de\u011ferleri ve \u00fcretiminin oldu\u011funu dile getirerek Alt\u0131n\u00f6z\u00fc Zeytin- Zeytinya\u011f\u0131 ve Gastronomi Festivali\u2019ne eme\u011fi ge\u00e7en herkese te\u015fekk\u00fcr etti. Hatay&#8217;\u0131n sahip oldu\u011fu de\u011ferlerle bu konuda zengin olan iller aras\u0131nda geldi\u011fine dikkat \u00e7eken HBB Genel Sekreteri G\u00fcng\u00f6r, \u201cTabii ki bu \u00fcr\u00fcnlerimizin festival ve benzeri etkinliklerle tan\u0131t\u0131lmas\u0131n\u0131n ve katma de\u011ferinin artt\u0131r\u0131lmas\u0131n\u0131n ne kadar k\u0131ymetli oldu\u011funu biliyoruz. \u00d6zellikle bu b\u00f6lgedeki zeytinimizin, zeytinya\u011f\u0131m\u0131z\u0131n katma de\u011ferinin artt\u0131r\u0131lmas\u0131 ve tan\u0131t\u0131lmas\u0131 i\u00e7in bu gibi etkinliklere daha fazla ihtiya\u00e7 oldu\u011funu biliyoruz. \u00d6zellikle kurumlar\u0131n uyumu; merkezi idare ile b\u00fcy\u00fck\u015fehir, b\u00fcy\u00fck\u015fehir ile il\u00e7e belediyesi ve di\u011fer kurumlar\u0131m\u0131z\u0131n uyum i\u00e7erisinde \u00e7al\u0131\u015fmas\u0131n\u0131n ne kadar daha b\u00fcy\u00fck sinerji yaratt\u0131\u011f\u0131n\u0131 hep birlikte g\u00f6r\u00fcyoruz.\u201d diye konu\u015ftu. Bu manada da Hatay&#8217;da \u00e7ok g\u00fczel bir birliktelik oldu\u011funu g\u00f6rmenin &hellip;\" \/>\n<meta property=\"og:url\" content=\"http:\/\/denizcankizil.tr\/ru\/haberler\/gundem\/8-altinozu-zeytin-ve-zeytinyagi-festivali-basladi\/\" \/>\n<meta property=\"og:site_name\" content=\"Av. Deniz Can K\u0131z\u0131l\" \/>\n<meta property=\"article:published_time\" content=\"2024-10-28T09:41:24+00:00\" \/>\n<meta name=\"twitter:card\" content=\"summary_large_image\" \/>\n<meta name=\"twitter:label1\" content=\"\u041f\u0440\u0438\u043c\u0435\u0440\u043d\u043e\u0435 \u0432\u0440\u0435\u043c\u044f \u0434\u043b\u044f \u0447\u0442\u0435\u043d\u0438\u044f\" \/>\n\t<meta name=\"twitter:data1\" content=\"2 \u043c\u0438\u043d\u0443\u0442\u044b\" \/>\n<script type=\"application\/ld+json\" class=\"yoast-schema-graph\">{\"@context\":\"https:\/\/schema.org\",\"@graph\":[{\"@type\":\"Article\",\"@id\":\"http:\/\/denizcankizil.tr\/ru\/haberler\/gundem\/8-altinozu-zeytin-ve-zeytinyagi-festivali-basladi\/#article\",\"isPartOf\":{\"@id\":\"http:\/\/denizcankizil.tr\/ru\/haberler\/gundem\/8-altinozu-zeytin-ve-zeytinyagi-festivali-basladi\/\"},\"author\":{\"name\":\"\",\"@id\":\"\"},\"headline\":\"8. Alt\u0131n\u00f6z\u00fc Zeytin ve Zeytinya\u011f\u0131 Festivali Ba\u015flad\u0131\u2026\",\"datePublished\":\"2024-10-28T09:41:24+00:00\",\"mainEntityOfPage\":{\"@id\":\"http:\/\/denizcankizil.tr\/ru\/haberler\/gundem\/8-altinozu-zeytin-ve-zeytinyagi-festivali-basladi\/\"},\"wordCount\":496,\"commentCount\":0,\"publisher\":{\"@id\":\"https:\/\/denizcankizil.tr\/de\/#organization\"},\"articleSection\":[\"G\u00fcndem\",\"Uncategorized\"],\"inLanguage\":\"ru-RU\",\"potentialAction\":[{\"@type\":\"CommentAction\",\"name\":\"Comment\",\"target\":[\"http:\/\/denizcankizil.tr\/ru\/haberler\/gundem\/8-altinozu-zeytin-ve-zeytinyagi-festivali-basladi\/#respond\"]}]},{\"@type\":\"WebPage\",\"@id\":\"http:\/\/denizcankizil.tr\/ru\/haberler\/gundem\/8-altinozu-zeytin-ve-zeytinyagi-festivali-basladi\/\",\"url\":\"http:\/\/denizcankizil.tr\/ru\/haberler\/gundem\/8-altinozu-zeytin-ve-zeytinyagi-festivali-basladi\/\",\"name\":\"8. Alt\u0131n\u00f6z\u00fc Zeytin ve Zeytinya\u011f\u0131 Festivali Ba\u015flad\u0131\u2026 - Av. Deniz Can K\u0131z\u0131l\",\"isPartOf\":{\"@id\":\"https:\/\/denizcankizil.tr\/de\/#website\"},\"datePublished\":\"2024-10-28T09:41:24+00:00\",\"breadcrumb\":{\"@id\":\"http:\/\/denizcankizil.tr\/ru\/haberler\/gundem\/8-altinozu-zeytin-ve-zeytinyagi-festivali-basladi\/#breadcrumb\"},\"inLanguage\":\"ru-RU\",\"potentialAction\":[{\"@type\":\"ReadAction\",\"target\":[\"http:\/\/denizcankizil.tr\/ru\/haberler\/gundem\/8-altinozu-zeytin-ve-zeytinyagi-festivali-basladi\/\"]}]},{\"@type\":\"BreadcrumbList\",\"@id\":\"http:\/\/denizcankizil.tr\/ru\/haberler\/gundem\/8-altinozu-zeytin-ve-zeytinyagi-festivali-basladi\/#breadcrumb\",\"itemListElement\":[{\"@type\":\"ListItem\",\"position\":1,\"name\":\"Home\",\"item\":\"https:\/\/denizcankizil.tr\/de\/\"},{\"@type\":\"ListItem\",\"position\":2,\"name\":\"8. Alt\u0131n\u00f6z\u00fc Zeytin ve Zeytinya\u011f\u0131 Festivali Ba\u015flad\u0131\u2026\"}]},{\"@type\":\"WebSite\",\"@id\":\"https:\/\/denizcankizil.tr\/de\/#website\",\"url\":\"https:\/\/denizcankizil.tr\/de\/\",\"name\":\"Av. Deniz Can K\u0131z\u0131l\",\"description\":\"Avukat Deniz Can K\u0131z\u0131l Antalya Barosu\",\"publisher\":{\"@id\":\"https:\/\/denizcankizil.tr\/de\/#organization\"},\"potentialAction\":[{\"@type\":\"SearchAction\",\"target\":{\"@type\":\"EntryPoint\",\"urlTemplate\":\"https:\/\/denizcankizil.tr\/de\/?s={search_term_string}\"},\"query-input\":{\"@type\":\"PropertyValueSpecification\",\"valueRequired\":true,\"valueName\":\"search_term_string\"}}],\"inLanguage\":\"ru-RU\"},{\"@type\":\"Organization\",\"@id\":\"https:\/\/denizcankizil.tr\/de\/#organization\",\"name\":\"Av. Deniz Can K\u0131z\u0131l\",\"url\":\"https:\/\/denizcankizil.tr\/de\/\",\"logo\":{\"@type\":\"ImageObject\",\"inLanguage\":\"ru-RU\",\"@id\":\"https:\/\/denizcankizil.tr\/de\/#\/schema\/logo\/image\/\",\"url\":\"http:\/\/denizcankizil.tr\/wp-content\/uploads\/2024\/10\/siyah-logo-svg.svg\",\"contentUrl\":\"http:\/\/denizcankizil.tr\/wp-content\/uploads\/2024\/10\/siyah-logo-svg.svg\",\"width\":1080,\"height\":1080,\"caption\":\"Av. Deniz Can K\u0131z\u0131l\"},\"image\":{\"@id\":\"https:\/\/denizcankizil.tr\/de\/#\/schema\/logo\/image\/\"}}]}<\/script>\n<!-- \/ Yoast SEO Premium plugin. -->","yoast_head_json":{"title":"8. Alt\u0131n\u00f6z\u00fc Zeytin ve Zeytinya\u011f\u0131 Festivali Ba\u015flad\u0131\u2026 - Av. Deniz Can K\u0131z\u0131l","robots":{"index":"index","follow":"follow","max-snippet":"max-snippet:-1","max-image-preview":"max-image-preview:large","max-video-preview":"max-video-preview:-1"},"canonical":"http:\/\/denizcankizil.tr\/ru\/haberler\/gundem\/8-altinozu-zeytin-ve-zeytinyagi-festivali-basladi\/","og_locale":"ru_RU","og_type":"article","og_title":"8. Alt\u0131n\u00f6z\u00fc Zeytin ve Zeytinya\u011f\u0131 Festivali Ba\u015flad\u0131\u2026","og_description":"Hatay B\u00fcy\u00fck\u015fehir Belediyesi\u2019nin 7 ayda yapt\u0131\u011f\u0131 hizmetlerin damga vurdu\u011fu a\u00e7\u0131l\u0131\u015f konu\u015fmalar\u0131nda kentin de\u011ferlerinin tan\u0131t\u0131lmas\u0131nda i\u015fbirli\u011fi ve b\u00fcy\u00fck\u015fehrin desteklerinin \u00f6nemi konusunda siyasiler birle\u015fti. SARI \u201c H\u0130ZMETLER\u0130N CANLI \u015eAH\u0130D\u0130Y\u0130Z\u201d Festivalin A\u00e7\u0131l\u0131\u015f konu\u015fmas\u0131n\u0131 yapan Alt\u0131n\u00f6z\u00fc Belediye Ba\u015fkan\u0131 R\u0131fat Sar\u0131, festivalde Hatay B\u00fcy\u00fck\u015fehri yanlar\u0131nda g\u00f6rmenin mutluluk verici oldu\u011funu belirterek, s\u00fcratle hayata ge\u00e7irilen hizmetlerin canl\u0131 \u015fahidi oluklar\u0131n\u0131 s\u00f6yledi. Ba\u015fkan Sar\u0131, k\u0131sa s\u00fcrede il genelinde bin 300 kilometrelik yolu tamamlayan, Alt\u0131n\u00f6z\u00fc il\u00e7esinde de 120 kilometrelik yolu yapan B\u00fcy\u00fck\u015fehir Belediye Ba\u015fkan\u0131 Mehmet \u00d6nt\u00fcrk ve ekibine te\u015fekk\u00fcr etti. HBB Genel Sekreteri Hayrettin G\u00fcng\u00f6r Anadolu&#8217;nun her bir \u015fehrinin kendine \u00f6zg\u00fc de\u011ferleri ve \u00fcretiminin oldu\u011funu dile getirerek Alt\u0131n\u00f6z\u00fc Zeytin- Zeytinya\u011f\u0131 ve Gastronomi Festivali\u2019ne eme\u011fi ge\u00e7en herkese te\u015fekk\u00fcr etti. Hatay&#8217;\u0131n sahip oldu\u011fu de\u011ferlerle bu konuda zengin olan iller aras\u0131nda geldi\u011fine dikkat \u00e7eken HBB Genel Sekreteri G\u00fcng\u00f6r, \u201cTabii ki bu \u00fcr\u00fcnlerimizin festival ve benzeri etkinliklerle tan\u0131t\u0131lmas\u0131n\u0131n ve katma de\u011ferinin artt\u0131r\u0131lmas\u0131n\u0131n ne kadar k\u0131ymetli oldu\u011funu biliyoruz. \u00d6zellikle bu b\u00f6lgedeki zeytinimizin, zeytinya\u011f\u0131m\u0131z\u0131n katma de\u011ferinin artt\u0131r\u0131lmas\u0131 ve tan\u0131t\u0131lmas\u0131 i\u00e7in bu gibi etkinliklere daha fazla ihtiya\u00e7 oldu\u011funu biliyoruz. \u00d6zellikle kurumlar\u0131n uyumu; merkezi idare ile b\u00fcy\u00fck\u015fehir, b\u00fcy\u00fck\u015fehir ile il\u00e7e belediyesi ve di\u011fer kurumlar\u0131m\u0131z\u0131n uyum i\u00e7erisinde \u00e7al\u0131\u015fmas\u0131n\u0131n ne kadar daha b\u00fcy\u00fck sinerji yaratt\u0131\u011f\u0131n\u0131 hep birlikte g\u00f6r\u00fcyoruz.\u201d diye konu\u015ftu. Bu manada da Hatay&#8217;da \u00e7ok g\u00fczel bir birliktelik oldu\u011funu g\u00f6rmenin &hellip;","og_url":"http:\/\/denizcankizil.tr\/ru\/haberler\/gundem\/8-altinozu-zeytin-ve-zeytinyagi-festivali-basladi\/","og_site_name":"Av. Deniz Can K\u0131z\u0131l","article_published_time":"2024-10-28T09:41:24+00:00","twitter_card":"summary_large_image","twitter_misc":{"\u041f\u0440\u0438\u043c\u0435\u0440\u043d\u043e\u0435 \u0432\u0440\u0435\u043c\u044f \u0434\u043b\u044f \u0447\u0442\u0435\u043d\u0438\u044f":"2 \u043c\u0438\u043d\u0443\u0442\u044b"},"schema":{"@context":"https:\/\/schema.org","@graph":[{"@type":"Article","@id":"http:\/\/denizcankizil.tr\/ru\/haberler\/gundem\/8-altinozu-zeytin-ve-zeytinyagi-festivali-basladi\/#article","isPartOf":{"@id":"http:\/\/denizcankizil.tr\/ru\/haberler\/gundem\/8-altinozu-zeytin-ve-zeytinyagi-festivali-basladi\/"},"author":{"name":"","@id":""},"headline":"8. Alt\u0131n\u00f6z\u00fc Zeytin ve Zeytinya\u011f\u0131 Festivali Ba\u015flad\u0131\u2026","datePublished":"2024-10-28T09:41:24+00:00","mainEntityOfPage":{"@id":"http:\/\/denizcankizil.tr\/ru\/haberler\/gundem\/8-altinozu-zeytin-ve-zeytinyagi-festivali-basladi\/"},"wordCount":496,"commentCount":0,"publisher":{"@id":"https:\/\/denizcankizil.tr\/de\/#organization"},"articleSection":["G\u00fcndem","Uncategorized"],"inLanguage":"ru-RU","potentialAction":[{"@type":"CommentAction","name":"Comment","target":["http:\/\/denizcankizil.tr\/ru\/haberler\/gundem\/8-altinozu-zeytin-ve-zeytinyagi-festivali-basladi\/#respond"]}]},{"@type":"WebPage","@id":"http:\/\/denizcankizil.tr\/ru\/haberler\/gundem\/8-altinozu-zeytin-ve-zeytinyagi-festivali-basladi\/","url":"http:\/\/denizcankizil.tr\/ru\/haberler\/gundem\/8-altinozu-zeytin-ve-zeytinyagi-festivali-basladi\/","name":"8. Alt\u0131n\u00f6z\u00fc Zeytin ve Zeytinya\u011f\u0131 Festivali Ba\u015flad\u0131\u2026 - Av. Deniz Can K\u0131z\u0131l","isPartOf":{"@id":"https:\/\/denizcankizil.tr\/de\/#website"},"datePublished":"2024-10-28T09:41:24+00:00","breadcrumb":{"@id":"http:\/\/denizcankizil.tr\/ru\/haberler\/gundem\/8-altinozu-zeytin-ve-zeytinyagi-festivali-basladi\/#breadcrumb"},"inLanguage":"ru-RU","potentialAction":[{"@type":"ReadAction","target":["http:\/\/denizcankizil.tr\/ru\/haberler\/gundem\/8-altinozu-zeytin-ve-zeytinyagi-festivali-basladi\/"]}]},{"@type":"BreadcrumbList","@id":"http:\/\/denizcankizil.tr\/ru\/haberler\/gundem\/8-altinozu-zeytin-ve-zeytinyagi-festivali-basladi\/#breadcrumb","itemListElement":[{"@type":"ListItem","position":1,"name":"Home","item":"https:\/\/denizcankizil.tr\/de\/"},{"@type":"ListItem","position":2,"name":"8. Alt\u0131n\u00f6z\u00fc Zeytin ve Zeytinya\u011f\u0131 Festivali Ba\u015flad\u0131\u2026"}]},{"@type":"WebSite","@id":"https:\/\/denizcankizil.tr\/de\/#website","url":"https:\/\/denizcankizil.tr\/de\/","name":"Av. Deniz Can K\u0131z\u0131l","description":"Avukat Deniz Can K\u0131z\u0131l Antalya Barosu","publisher":{"@id":"https:\/\/denizcankizil.tr\/de\/#organization"},"potentialAction":[{"@type":"SearchAction","target":{"@type":"EntryPoint","urlTemplate":"https:\/\/denizcankizil.tr\/de\/?s={search_term_string}"},"query-input":{"@type":"PropertyValueSpecification","valueRequired":true,"valueName":"search_term_string"}}],"inLanguage":"ru-RU"},{"@type":"Organization","@id":"https:\/\/denizcankizil.tr\/de\/#organization","name":"Av. Deniz Can K\u0131z\u0131l","url":"https:\/\/denizcankizil.tr\/de\/","logo":{"@type":"ImageObject","inLanguage":"ru-RU","@id":"https:\/\/denizcankizil.tr\/de\/#\/schema\/logo\/image\/","url":"http:\/\/denizcankizil.tr\/wp-content\/uploads\/2024\/10\/siyah-logo-svg.svg","contentUrl":"http:\/\/denizcankizil.tr\/wp-content\/uploads\/2024\/10\/siyah-logo-svg.svg","width":1080,"height":1080,"caption":"Av. Deniz Can K\u0131z\u0131l"},"image":{"@id":"https:\/\/denizcankizil.tr\/de\/#\/schema\/logo\/image\/"}}]}},"_links":{"self":[{"href":"http:\/\/denizcankizil.tr\/ru\/wp-json\/wp\/v2\/posts\/9419","targetHints":{"allow":["GET"]}}],"collection":[{"href":"http:\/\/denizcankizil.tr\/ru\/wp-json\/wp\/v2\/posts"}],"about":[{"href":"http:\/\/denizcankizil.tr\/ru\/wp-json\/wp\/v2\/types\/post"}],"replies":[{"embeddable":true,"href":"http:\/\/denizcankizil.tr\/ru\/wp-json\/wp\/v2\/comments?post=9419"}],"version-history":[{"count":0,"href":"http:\/\/denizcankizil.tr\/ru\/wp-json\/wp\/v2\/posts\/9419\/revisions"}],"wp:attachment":[{"href":"http:\/\/denizcankizil.tr\/ru\/wp-json\/wp\/v2\/media?parent=9419"}],"wp:term":[{"taxonomy":"category","embeddable":true,"href":"http:\/\/denizcankizil.tr\/ru\/wp-json\/wp\/v2\/categories?post=9419"},{"taxonomy":"post_tag","embeddable":true,"href":"http:\/\/denizcankizil.tr\/ru\/wp-json\/wp\/v2\/tags?post=9419"}],"curies":[{"name":"wp","href":"https:\/\/api.w.org\/{rel}","templated":true}]}}