{"id":91556,"date":"2025-05-19T12:42:26","date_gmt":"2025-05-19T09:42:26","guid":{"rendered":"https:\/\/denizcankizil.tr\/uncategorized-tr\/buyuksehirden-manisali-kadinlara-ozel-korfez-turu\/"},"modified":"2025-05-19T12:42:26","modified_gmt":"2025-05-19T09:42:26","slug":"buyuksehirden-manisali-kadinlara-ozel-korfez-turu","status":"publish","type":"post","link":"http:\/\/denizcankizil.tr\/ru\/haberler\/gundem\/buyuksehirden-manisali-kadinlara-ozel-korfez-turu\/","title":{"rendered":"B\u00fcy\u00fck\u015fehir\u2019den Manisal\u0131 Kad\u0131nlara \u00d6zel K\u00f6rfez Turu"},"content":{"rendered":"<p>Manisa B\u00fcy\u00fck\u015fehir Belediyesi\u2019nin d\u00fczenledi\u011fi ve \u0130zmir B\u00fcy\u00fck\u015fehir Belediyesi i\u015f birli\u011fiyle hayata ge\u00e7irilen \u2018\u2019K\u00f6rfez Turu\u201d, Manisal\u0131 kad\u0131nlara unutulmaz bir g\u00fcn ya\u015fatt\u0131.<\/p>\n<p>\u200bManisa B\u00fcy\u00fck\u015fehir Belediyesi\u2019nin d\u00fczenledi\u011fi ve \u0130zmir B\u00fcy\u00fck\u015fehir Belediyesi i\u015f birli\u011fiyle hayata ge\u00e7irilen \u2018\u2019K\u00f6rfez Turu\u201d, Manisal\u0131 kad\u0131nlara unutulmaz bir g\u00fcn ya\u015fatt\u0131.\u00a0<\/p>\n<p>\u200bHaberin Al\u0131nt\u0131land\u0131\u011f\u0131 Kaynak: www.iskenderun.org<\/p>","protected":false},"excerpt":{"rendered":"<p>Manisa B\u00fcy\u00fck\u015fehir Belediyesi\u2019nin d\u00fczenledi\u011fi ve \u0130zmir B\u00fcy\u00fck\u015fehir Belediyesi i\u015f birli\u011fiyle hayata ge\u00e7irilen \u2018\u2019K\u00f6rfez Turu\u201d, Manisal\u0131 kad\u0131nlara unutulmaz bir g\u00fcn ya\u015fatt\u0131. \u200bManisa B\u00fcy\u00fck\u015fehir Belediyesi\u2019nin d\u00fczenledi\u011fi ve \u0130zmir B\u00fcy\u00fck\u015fehir Belediyesi i\u015f birli\u011fiyle hayata ge\u00e7irilen \u2018\u2019K\u00f6rfez Turu\u201d, Manisal\u0131 kad\u0131nlara unutulmaz bir g\u00fcn ya\u015fatt\u0131.\u00a0 \u200bHaberin Al\u0131nt\u0131land\u0131\u011f\u0131 Kaynak: www.iskenderun.org<\/p>","protected":false},"author":1,"featured_media":0,"comment_status":"","ping_status":"open","sticky":false,"template":"","format":"standard","meta":{"_acf_changed":false,"footnotes":""},"categories":[24],"tags":[],"class_list":["post-91556","post","type-post","status-publish","format-standard","has-post-thumbnail","hentry","category-gundem"],"acf":[],"yoast_head":"<!-- This site is optimized with the Yoast SEO Premium plugin v26.6 (Yoast SEO v27.1.1) - https:\/\/yoast.com\/product\/yoast-seo-premium-wordpress\/ -->\n<title>B\u00fcy\u00fck\u015fehir\u2019den Manisal\u0131 Kad\u0131nlara \u00d6zel K\u00f6rfez Turu - Av. Deniz Can K\u0131z\u0131l<\/title>\n<meta name=\"robots\" content=\"index, follow, max-snippet:-1, max-image-preview:large, max-video-preview:-1\" \/>\n<link rel=\"canonical\" href=\"http:\/\/denizcankizil.tr\/ru\/haberler\/gundem\/buyuksehirden-manisali-kadinlara-ozel-korfez-turu\/\" \/>\n<meta property=\"og:locale\" content=\"ru_RU\" \/>\n<meta property=\"og:type\" content=\"article\" \/>\n<meta property=\"og:title\" content=\"B\u00fcy\u00fck\u015fehir\u2019den Manisal\u0131 Kad\u0131nlara \u00d6zel K\u00f6rfez Turu\" \/>\n<meta property=\"og:description\" content=\"Manisa B\u00fcy\u00fck\u015fehir Belediyesi\u2019nin d\u00fczenledi\u011fi ve \u0130zmir B\u00fcy\u00fck\u015fehir Belediyesi i\u015f birli\u011fiyle hayata ge\u00e7irilen \u2018\u2019K\u00f6rfez Turu\u201d, Manisal\u0131 kad\u0131nlara unutulmaz bir g\u00fcn ya\u015fatt\u0131. \u200bManisa B\u00fcy\u00fck\u015fehir Belediyesi\u2019nin d\u00fczenledi\u011fi ve \u0130zmir B\u00fcy\u00fck\u015fehir Belediyesi i\u015f birli\u011fiyle hayata ge\u00e7irilen \u2018\u2019K\u00f6rfez Turu\u201d, Manisal\u0131 kad\u0131nlara unutulmaz bir g\u00fcn ya\u015fatt\u0131.\u00a0 \u200bHaberin Al\u0131nt\u0131land\u0131\u011f\u0131 Kaynak: www.iskenderun.org\" \/>\n<meta property=\"og:url\" content=\"http:\/\/denizcankizil.tr\/ru\/haberler\/gundem\/buyuksehirden-manisali-kadinlara-ozel-korfez-turu\/\" \/>\n<meta property=\"og:site_name\" content=\"Av. Deniz Can K\u0131z\u0131l\" \/>\n<meta property=\"article:published_time\" content=\"2025-05-19T09:42:26+00:00\" \/>\n<meta name=\"author\" content=\"admin\" \/>\n<meta name=\"twitter:card\" content=\"summary_large_image\" \/>\n<meta name=\"twitter:label1\" content=\"\u041d\u0430\u043f\u0438\u0441\u0430\u043d\u043e \u0430\u0432\u0442\u043e\u0440\u043e\u043c\" \/>\n\t<meta name=\"twitter:data1\" content=\"admin\" \/>\n<script type=\"application\/ld+json\" class=\"yoast-schema-graph\">{\"@context\":\"https:\/\/schema.org\",\"@graph\":[{\"@type\":\"Article\",\"@id\":\"http:\/\/denizcankizil.tr\/ru\/haberler\/gundem\/buyuksehirden-manisali-kadinlara-ozel-korfez-turu\/#article\",\"isPartOf\":{\"@id\":\"http:\/\/denizcankizil.tr\/ru\/haberler\/gundem\/buyuksehirden-manisali-kadinlara-ozel-korfez-turu\/\"},\"author\":{\"name\":\"admin\",\"@id\":\"https:\/\/denizcankizil.tr\/#\/schema\/person\/be3c05fe6a12686905512445d8185489\"},\"headline\":\"B\u00fcy\u00fck\u015fehir\u2019den Manisal\u0131 Kad\u0131nlara \u00d6zel K\u00f6rfez Turu\",\"datePublished\":\"2025-05-19T09:42:26+00:00\",\"mainEntityOfPage\":{\"@id\":\"http:\/\/denizcankizil.tr\/ru\/haberler\/gundem\/buyuksehirden-manisali-kadinlara-ozel-korfez-turu\/\"},\"wordCount\":90,\"publisher\":{\"@id\":\"https:\/\/denizcankizil.tr\/#organization\"},\"articleSection\":[\"G\u00fcndem\"],\"inLanguage\":\"ru-RU\"},{\"@type\":\"WebPage\",\"@id\":\"http:\/\/denizcankizil.tr\/ru\/haberler\/gundem\/buyuksehirden-manisali-kadinlara-ozel-korfez-turu\/\",\"url\":\"http:\/\/denizcankizil.tr\/ru\/haberler\/gundem\/buyuksehirden-manisali-kadinlara-ozel-korfez-turu\/\",\"name\":\"B\u00fcy\u00fck\u015fehir\u2019den Manisal\u0131 Kad\u0131nlara \u00d6zel K\u00f6rfez Turu - Av. Deniz Can K\u0131z\u0131l\",\"isPartOf\":{\"@id\":\"https:\/\/denizcankizil.tr\/#website\"},\"datePublished\":\"2025-05-19T09:42:26+00:00\",\"breadcrumb\":{\"@id\":\"http:\/\/denizcankizil.tr\/ru\/haberler\/gundem\/buyuksehirden-manisali-kadinlara-ozel-korfez-turu\/#breadcrumb\"},\"inLanguage\":\"ru-RU\",\"potentialAction\":[{\"@type\":\"ReadAction\",\"target\":[\"http:\/\/denizcankizil.tr\/ru\/haberler\/gundem\/buyuksehirden-manisali-kadinlara-ozel-korfez-turu\/\"]}]},{\"@type\":\"BreadcrumbList\",\"@id\":\"http:\/\/denizcankizil.tr\/ru\/haberler\/gundem\/buyuksehirden-manisali-kadinlara-ozel-korfez-turu\/#breadcrumb\",\"itemListElement\":[{\"@type\":\"ListItem\",\"position\":1,\"name\":\"Home\",\"item\":\"https:\/\/denizcankizil.tr\/uk\/\"},{\"@type\":\"ListItem\",\"position\":2,\"name\":\"B\u00fcy\u00fck\u015fehir\u2019den Manisal\u0131 Kad\u0131nlara \u00d6zel K\u00f6rfez Turu\"}]},{\"@type\":\"WebSite\",\"@id\":\"https:\/\/denizcankizil.tr\/#website\",\"url\":\"https:\/\/denizcankizil.tr\/\",\"name\":\"Av. Deniz Can K\u0131z\u0131l\",\"description\":\"Avukat Deniz Can K\u0131z\u0131l Antalya Barosu\",\"publisher\":{\"@id\":\"https:\/\/denizcankizil.tr\/#organization\"},\"potentialAction\":[{\"@type\":\"SearchAction\",\"target\":{\"@type\":\"EntryPoint\",\"urlTemplate\":\"https:\/\/denizcankizil.tr\/?s={search_term_string}\"},\"query-input\":{\"@type\":\"PropertyValueSpecification\",\"valueRequired\":true,\"valueName\":\"search_term_string\"}}],\"inLanguage\":\"ru-RU\"},{\"@type\":\"Organization\",\"@id\":\"https:\/\/denizcankizil.tr\/#organization\",\"name\":\"Av. Deniz Can K\u0131z\u0131l\",\"url\":\"https:\/\/denizcankizil.tr\/\",\"logo\":{\"@type\":\"ImageObject\",\"inLanguage\":\"ru-RU\",\"@id\":\"https:\/\/denizcankizil.tr\/#\/schema\/logo\/image\/\",\"url\":\"http:\/\/denizcankizil.tr\/wp-content\/uploads\/2024\/10\/siyah-logo-svg.svg\",\"contentUrl\":\"http:\/\/denizcankizil.tr\/wp-content\/uploads\/2024\/10\/siyah-logo-svg.svg\",\"width\":1080,\"height\":1080,\"caption\":\"Av. Deniz Can K\u0131z\u0131l\"},\"image\":{\"@id\":\"https:\/\/denizcankizil.tr\/#\/schema\/logo\/image\/\"}},{\"@type\":\"Person\",\"@id\":\"https:\/\/denizcankizil.tr\/#\/schema\/person\/be3c05fe6a12686905512445d8185489\",\"name\":\"admin\",\"image\":{\"@type\":\"ImageObject\",\"inLanguage\":\"ru-RU\",\"@id\":\"https:\/\/denizcankizil.tr\/#\/schema\/person\/image\/\",\"url\":\"https:\/\/secure.gravatar.com\/avatar\/c1fce94c830dc79107e174f890d7210541c4a63e8e5d816341794a2151c9d58c?s=96&d=mm&r=g\",\"contentUrl\":\"https:\/\/secure.gravatar.com\/avatar\/c1fce94c830dc79107e174f890d7210541c4a63e8e5d816341794a2151c9d58c?s=96&d=mm&r=g\",\"caption\":\"admin\"},\"sameAs\":[\"http:\/\/denizcankizil.tr\"],\"url\":\"https:\/\/www.iskenderun.org\/buyuksehirden-manisali-kadinlara-ozel-korfez-turu\"}]}<\/script>\n<!-- \/ Yoast SEO Premium plugin. -->","yoast_head_json":{"title":"B\u00fcy\u00fck\u015fehir\u2019den Manisal\u0131 Kad\u0131nlara \u00d6zel K\u00f6rfez Turu - Av. Deniz Can K\u0131z\u0131l","robots":{"index":"index","follow":"follow","max-snippet":"max-snippet:-1","max-image-preview":"max-image-preview:large","max-video-preview":"max-video-preview:-1"},"canonical":"http:\/\/denizcankizil.tr\/ru\/haberler\/gundem\/buyuksehirden-manisali-kadinlara-ozel-korfez-turu\/","og_locale":"ru_RU","og_type":"article","og_title":"B\u00fcy\u00fck\u015fehir\u2019den Manisal\u0131 Kad\u0131nlara \u00d6zel K\u00f6rfez Turu","og_description":"Manisa B\u00fcy\u00fck\u015fehir Belediyesi\u2019nin d\u00fczenledi\u011fi ve \u0130zmir B\u00fcy\u00fck\u015fehir Belediyesi i\u015f birli\u011fiyle hayata ge\u00e7irilen \u2018\u2019K\u00f6rfez Turu\u201d, Manisal\u0131 kad\u0131nlara unutulmaz bir g\u00fcn ya\u015fatt\u0131. \u200bManisa B\u00fcy\u00fck\u015fehir Belediyesi\u2019nin d\u00fczenledi\u011fi ve \u0130zmir B\u00fcy\u00fck\u015fehir Belediyesi i\u015f birli\u011fiyle hayata ge\u00e7irilen \u2018\u2019K\u00f6rfez Turu\u201d, Manisal\u0131 kad\u0131nlara unutulmaz bir g\u00fcn ya\u015fatt\u0131.\u00a0 \u200bHaberin Al\u0131nt\u0131land\u0131\u011f\u0131 Kaynak: www.iskenderun.org","og_url":"http:\/\/denizcankizil.tr\/ru\/haberler\/gundem\/buyuksehirden-manisali-kadinlara-ozel-korfez-turu\/","og_site_name":"Av. Deniz Can K\u0131z\u0131l","article_published_time":"2025-05-19T09:42:26+00:00","author":"admin","twitter_card":"summary_large_image","twitter_misc":{"\u041d\u0430\u043f\u0438\u0441\u0430\u043d\u043e \u0430\u0432\u0442\u043e\u0440\u043e\u043c":"admin"},"schema":{"@context":"https:\/\/schema.org","@graph":[{"@type":"Article","@id":"http:\/\/denizcankizil.tr\/ru\/haberler\/gundem\/buyuksehirden-manisali-kadinlara-ozel-korfez-turu\/#article","isPartOf":{"@id":"http:\/\/denizcankizil.tr\/ru\/haberler\/gundem\/buyuksehirden-manisali-kadinlara-ozel-korfez-turu\/"},"author":{"name":"admin","@id":"https:\/\/denizcankizil.tr\/#\/schema\/person\/be3c05fe6a12686905512445d8185489"},"headline":"B\u00fcy\u00fck\u015fehir\u2019den Manisal\u0131 Kad\u0131nlara \u00d6zel K\u00f6rfez Turu","datePublished":"2025-05-19T09:42:26+00:00","mainEntityOfPage":{"@id":"http:\/\/denizcankizil.tr\/ru\/haberler\/gundem\/buyuksehirden-manisali-kadinlara-ozel-korfez-turu\/"},"wordCount":90,"publisher":{"@id":"https:\/\/denizcankizil.tr\/#organization"},"articleSection":["G\u00fcndem"],"inLanguage":"ru-RU"},{"@type":"WebPage","@id":"http:\/\/denizcankizil.tr\/ru\/haberler\/gundem\/buyuksehirden-manisali-kadinlara-ozel-korfez-turu\/","url":"http:\/\/denizcankizil.tr\/ru\/haberler\/gundem\/buyuksehirden-manisali-kadinlara-ozel-korfez-turu\/","name":"B\u00fcy\u00fck\u015fehir\u2019den Manisal\u0131 Kad\u0131nlara \u00d6zel K\u00f6rfez Turu - Av. Deniz Can K\u0131z\u0131l","isPartOf":{"@id":"https:\/\/denizcankizil.tr\/#website"},"datePublished":"2025-05-19T09:42:26+00:00","breadcrumb":{"@id":"http:\/\/denizcankizil.tr\/ru\/haberler\/gundem\/buyuksehirden-manisali-kadinlara-ozel-korfez-turu\/#breadcrumb"},"inLanguage":"ru-RU","potentialAction":[{"@type":"ReadAction","target":["http:\/\/denizcankizil.tr\/ru\/haberler\/gundem\/buyuksehirden-manisali-kadinlara-ozel-korfez-turu\/"]}]},{"@type":"BreadcrumbList","@id":"http:\/\/denizcankizil.tr\/ru\/haberler\/gundem\/buyuksehirden-manisali-kadinlara-ozel-korfez-turu\/#breadcrumb","itemListElement":[{"@type":"ListItem","position":1,"name":"Home","item":"https:\/\/denizcankizil.tr\/uk\/"},{"@type":"ListItem","position":2,"name":"B\u00fcy\u00fck\u015fehir\u2019den Manisal\u0131 Kad\u0131nlara \u00d6zel K\u00f6rfez Turu"}]},{"@type":"WebSite","@id":"https:\/\/denizcankizil.tr\/#website","url":"https:\/\/denizcankizil.tr\/","name":"Av. Deniz Can K\u0131z\u0131l","description":"Avukat Deniz Can K\u0131z\u0131l Antalya Barosu","publisher":{"@id":"https:\/\/denizcankizil.tr\/#organization"},"potentialAction":[{"@type":"SearchAction","target":{"@type":"EntryPoint","urlTemplate":"https:\/\/denizcankizil.tr\/?s={search_term_string}"},"query-input":{"@type":"PropertyValueSpecification","valueRequired":true,"valueName":"search_term_string"}}],"inLanguage":"ru-RU"},{"@type":"Organization","@id":"https:\/\/denizcankizil.tr\/#organization","name":"Av. Deniz Can K\u0131z\u0131l","url":"https:\/\/denizcankizil.tr\/","logo":{"@type":"ImageObject","inLanguage":"ru-RU","@id":"https:\/\/denizcankizil.tr\/#\/schema\/logo\/image\/","url":"http:\/\/denizcankizil.tr\/wp-content\/uploads\/2024\/10\/siyah-logo-svg.svg","contentUrl":"http:\/\/denizcankizil.tr\/wp-content\/uploads\/2024\/10\/siyah-logo-svg.svg","width":1080,"height":1080,"caption":"Av. Deniz Can K\u0131z\u0131l"},"image":{"@id":"https:\/\/denizcankizil.tr\/#\/schema\/logo\/image\/"}},{"@type":"Person","@id":"https:\/\/denizcankizil.tr\/#\/schema\/person\/be3c05fe6a12686905512445d8185489","name":"\u0430\u0434\u043c\u0438\u043d","image":{"@type":"ImageObject","inLanguage":"ru-RU","@id":"https:\/\/denizcankizil.tr\/#\/schema\/person\/image\/","url":"https:\/\/secure.gravatar.com\/avatar\/c1fce94c830dc79107e174f890d7210541c4a63e8e5d816341794a2151c9d58c?s=96&d=mm&r=g","contentUrl":"https:\/\/secure.gravatar.com\/avatar\/c1fce94c830dc79107e174f890d7210541c4a63e8e5d816341794a2151c9d58c?s=96&d=mm&r=g","caption":"admin"},"sameAs":["http:\/\/denizcankizil.tr"],"url":"https:\/\/www.iskenderun.org\/buyuksehirden-manisali-kadinlara-ozel-korfez-turu"}]}},"_links":{"self":[{"href":"http:\/\/denizcankizil.tr\/ru\/wp-json\/wp\/v2\/posts\/91556","targetHints":{"allow":["GET"]}}],"collection":[{"href":"http:\/\/denizcankizil.tr\/ru\/wp-json\/wp\/v2\/posts"}],"about":[{"href":"http:\/\/denizcankizil.tr\/ru\/wp-json\/wp\/v2\/types\/post"}],"author":[{"embeddable":true,"href":"http:\/\/denizcankizil.tr\/ru\/wp-json\/wp\/v2\/users\/1"}],"replies":[{"embeddable":true,"href":"http:\/\/denizcankizil.tr\/ru\/wp-json\/wp\/v2\/comments?post=91556"}],"version-history":[{"count":0,"href":"http:\/\/denizcankizil.tr\/ru\/wp-json\/wp\/v2\/posts\/91556\/revisions"}],"wp:attachment":[{"href":"http:\/\/denizcankizil.tr\/ru\/wp-json\/wp\/v2\/media?parent=91556"}],"wp:term":[{"taxonomy":"category","embeddable":true,"href":"http:\/\/denizcankizil.tr\/ru\/wp-json\/wp\/v2\/categories?post=91556"},{"taxonomy":"post_tag","embeddable":true,"href":"http:\/\/denizcankizil.tr\/ru\/wp-json\/wp\/v2\/tags?post=91556"}],"curies":[{"name":"wp","href":"https:\/\/api.w.org\/{rel}","templated":true}]}}