{"id":9130,"date":"2024-10-27T23:41:46","date_gmt":"2024-10-27T20:41:46","guid":{"rendered":"https:\/\/denizcankizil.tr\/uncategorized-tr\/antalyada-cumhuriyete-saygi-yuruyusu\/"},"modified":"2024-10-27T23:41:46","modified_gmt":"2024-10-27T20:41:46","slug":"antalyada-cumhuriyete-saygi-yuruyusu","status":"publish","type":"post","link":"http:\/\/denizcankizil.tr\/ru\/haberler\/gundem\/antalyada-cumhuriyete-saygi-yuruyusu\/","title":{"rendered":"Antalya&#8217;da Cumhuriyet&#8217;e Sayg\u0131 Y\u00fcr\u00fcy\u00fc\u015f\u00fc"},"content":{"rendered":"<p>Antalya Ka\u015f Kaymakaml\u0131\u011f\u0131 taraf\u0131ndan d\u00fczenlenen y\u00fcr\u00fcy\u00fc\u015f, Birinci D\u00fcnya Sava\u015f\u0131 s\u0131ras\u0131nda Ka\u015f a\u00e7\u0131klar\u0131ndaki \u0130ngilizlere ait u\u00e7ak gemisi Ben My Chree&#8217;yi bat\u0131ran Top\u00e7u Y\u00fczba\u015f\u0131 Mustafa Ertu\u011frul Aker&#8217;in bataryalar\u0131n\u0131 kat\u0131rlarla ta\u015f\u0131d\u0131\u011f\u0131 ve o d\u00f6nem &#8220;top\u00e7u rotas\u0131&#8221; olarak kullan\u0131lan Top\u00e7u Dostluk ve Bar\u0131\u015f Yolu&#8217;nda yap\u0131ld\u0131.<\/p>\n<p>GEL\u0130BOLU MEVK\u0130\u0130NDE BA\u015eLAYAN Y\u00dcR\u00dcY\u00dc\u015e KEPEZ TEPES\u0130NDE SONA ERD\u0130\u00a0<\/p>\n<p>Yakla\u015f\u0131k 14 kilometrelik etapta yap\u0131lan y\u00fcr\u00fcy\u00fc\u015fe, Antalya Valisi Hulusi \u015eahin, Ka\u015f Kaymakam\u0131 Tevfik Kumbasar, Ka\u015f Belediye Ba\u015fkan\u0131 Erol Demirhan, kamu kurum m\u00fcd\u00fcrleri, siyasi parti temsilcileri, \u00f6\u011fretmenler, \u00f6\u011frenciler ve \u00e7ok say\u0131da vatanda\u015f kat\u0131ld\u0131. Gelibolu mevkisinde ba\u015flayan &#8220;Ecdad\u0131n Yolunda Cumhuriyet&#8217;e Sayg\u0131 Y\u00fcr\u00fcy\u00fc\u015f\u00fc&#8221;, Kepez tepesi \u00fczerinde son buldu.<\/p>\n<p>37 \u015eEH\u0130T ANISINA \u00c7ELENK BIRAKILDI\u00a0<\/p>\n<p>Y\u00fcr\u00fcy\u00fc\u015f\u00fcn ard\u0131ndan Limana\u011fz\u0131 Koyu&#8217;ndan teknelerle hareket eden Vali \u015eahin ve beraberindeki protokol \u00fcyeleri, Be\u015f adalar mevkisinde Meis taarruzunda hayat\u0131n\u0131 kaybeden 37 \u015fehit an\u0131s\u0131na denize \u00e7elenk b\u0131rakt\u0131. Bu esnada 37 dalg\u0131\u00e7 da su alt\u0131ndan T\u00fcrk bayraklar\u0131yla y\u00fczeye \u00e7\u0131kt\u0131.<\/p>\n<p>\u00a0<\/p>\n<p>\u200bAntalya Ka\u015f\u2019ta 29 Ekim Cumhuriyet Bayram\u0131 ve Cumhuriyet&#8217;in 101. y\u0131l d\u00f6n\u00fcm\u00fc dolay\u0131s\u0131yla &#8220;Ecdad\u0131n Yolunda Cumhuriyet&#8217;e Sayg\u0131 Y\u00fcr\u00fcy\u00fc\u015f\u00fc&#8221; ger\u00e7ekle\u015ftirildi. I.D\u00fcnya Sava\u015f\u2019\u0131nda Meis taarruzunda hayat\u0131n\u0131 kaybeden 37 \u015fehit an\u0131s\u0131na denize \u00e7elenk b\u0131rak\u0131ld\u0131\u00a0<\/p>\n<p>\u200bHaberin Al\u0131nt\u0131land\u0131\u011f\u0131 Kaynak: www.antalyakorfez.com<\/p>","protected":false},"excerpt":{"rendered":"<p>Antalya Ka\u015f Kaymakaml\u0131\u011f\u0131 taraf\u0131ndan d\u00fczenlenen y\u00fcr\u00fcy\u00fc\u015f, Birinci D\u00fcnya Sava\u015f\u0131 s\u0131ras\u0131nda Ka\u015f a\u00e7\u0131klar\u0131ndaki \u0130ngilizlere ait u\u00e7ak gemisi Ben My Chree&#8217;yi bat\u0131ran Top\u00e7u Y\u00fczba\u015f\u0131 Mustafa Ertu\u011frul Aker&#8217;in bataryalar\u0131n\u0131 kat\u0131rlarla ta\u015f\u0131d\u0131\u011f\u0131 ve o d\u00f6nem &#8220;top\u00e7u rotas\u0131&#8221; olarak kullan\u0131lan Top\u00e7u Dostluk ve Bar\u0131\u015f Yolu&#8217;nda yap\u0131ld\u0131. GEL\u0130BOLU MEVK\u0130\u0130NDE BA\u015eLAYAN Y\u00dcR\u00dcY\u00dc\u015e KEPEZ TEPES\u0130NDE SONA ERD\u0130\u00a0 Yakla\u015f\u0131k 14 kilometrelik etapta yap\u0131lan y\u00fcr\u00fcy\u00fc\u015fe, Antalya Valisi Hulusi \u015eahin, Ka\u015f Kaymakam\u0131 Tevfik Kumbasar, Ka\u015f Belediye Ba\u015fkan\u0131 Erol Demirhan, kamu kurum m\u00fcd\u00fcrleri, siyasi parti temsilcileri, \u00f6\u011fretmenler, \u00f6\u011frenciler ve \u00e7ok say\u0131da vatanda\u015f kat\u0131ld\u0131. Gelibolu mevkisinde ba\u015flayan &#8220;Ecdad\u0131n Yolunda Cumhuriyet&#8217;e Sayg\u0131 Y\u00fcr\u00fcy\u00fc\u015f\u00fc&#8221;, Kepez tepesi \u00fczerinde son buldu. 37 \u015eEH\u0130T ANISINA \u00c7ELENK BIRAKILDI\u00a0 Y\u00fcr\u00fcy\u00fc\u015f\u00fcn ard\u0131ndan Limana\u011fz\u0131 Koyu&#8217;ndan teknelerle hareket eden Vali \u015eahin ve beraberindeki protokol \u00fcyeleri, Be\u015f adalar mevkisinde Meis taarruzunda hayat\u0131n\u0131 kaybeden 37 \u015fehit an\u0131s\u0131na denize \u00e7elenk b\u0131rakt\u0131. Bu esnada 37 dalg\u0131\u00e7 da su alt\u0131ndan T\u00fcrk bayraklar\u0131yla y\u00fczeye \u00e7\u0131kt\u0131. \u00a0 \u200bAntalya Ka\u015f\u2019ta 29 Ekim Cumhuriyet Bayram\u0131 ve Cumhuriyet&#8217;in 101. y\u0131l d\u00f6n\u00fcm\u00fc dolay\u0131s\u0131yla &#8220;Ecdad\u0131n Yolunda Cumhuriyet&#8217;e Sayg\u0131 Y\u00fcr\u00fcy\u00fc\u015f\u00fc&#8221; ger\u00e7ekle\u015ftirildi. I.D\u00fcnya Sava\u015f\u2019\u0131nda Meis taarruzunda hayat\u0131n\u0131 kaybeden 37 \u015fehit an\u0131s\u0131na denize \u00e7elenk b\u0131rak\u0131ld\u0131\u00a0 \u200bHaberin Al\u0131nt\u0131land\u0131\u011f\u0131 Kaynak: www.antalyakorfez.com<\/p>","protected":false},"author":0,"featured_media":0,"comment_status":"open","ping_status":"open","sticky":false,"template":"","format":"standard","meta":{"_acf_changed":false,"footnotes":""},"categories":[24,535],"tags":[],"class_list":["post-9130","post","type-post","status-publish","format-standard","has-post-thumbnail","hentry","category-gundem","category-uncategorized-tr"],"acf":[],"yoast_head":"<!-- This site is optimized with the Yoast SEO Premium plugin v26.6 (Yoast SEO v27.1.1) - https:\/\/yoast.com\/product\/yoast-seo-premium-wordpress\/ -->\n<title>Antalya&#039;da Cumhuriyet&#039;e Sayg\u0131 Y\u00fcr\u00fcy\u00fc\u015f\u00fc - Av. Deniz Can K\u0131z\u0131l<\/title>\n<meta name=\"robots\" content=\"index, follow, max-snippet:-1, max-image-preview:large, max-video-preview:-1\" \/>\n<link rel=\"canonical\" href=\"http:\/\/denizcankizil.tr\/ru\/haberler\/gundem\/antalyada-cumhuriyete-saygi-yuruyusu\/\" \/>\n<meta property=\"og:locale\" content=\"ru_RU\" \/>\n<meta property=\"og:type\" content=\"article\" \/>\n<meta property=\"og:title\" content=\"Antalya&#039;da Cumhuriyet&#039;e Sayg\u0131 Y\u00fcr\u00fcy\u00fc\u015f\u00fc\" \/>\n<meta property=\"og:description\" content=\"Antalya Ka\u015f Kaymakaml\u0131\u011f\u0131 taraf\u0131ndan d\u00fczenlenen y\u00fcr\u00fcy\u00fc\u015f, Birinci D\u00fcnya Sava\u015f\u0131 s\u0131ras\u0131nda Ka\u015f a\u00e7\u0131klar\u0131ndaki \u0130ngilizlere ait u\u00e7ak gemisi Ben My Chree&#8217;yi bat\u0131ran Top\u00e7u Y\u00fczba\u015f\u0131 Mustafa Ertu\u011frul Aker&#8217;in bataryalar\u0131n\u0131 kat\u0131rlarla ta\u015f\u0131d\u0131\u011f\u0131 ve o d\u00f6nem &#8220;top\u00e7u rotas\u0131&#8221; olarak kullan\u0131lan Top\u00e7u Dostluk ve Bar\u0131\u015f Yolu&#8217;nda yap\u0131ld\u0131. GEL\u0130BOLU MEVK\u0130\u0130NDE BA\u015eLAYAN Y\u00dcR\u00dcY\u00dc\u015e KEPEZ TEPES\u0130NDE SONA ERD\u0130\u00a0 Yakla\u015f\u0131k 14 kilometrelik etapta yap\u0131lan y\u00fcr\u00fcy\u00fc\u015fe, Antalya Valisi Hulusi \u015eahin, Ka\u015f Kaymakam\u0131 Tevfik Kumbasar, Ka\u015f Belediye Ba\u015fkan\u0131 Erol Demirhan, kamu kurum m\u00fcd\u00fcrleri, siyasi parti temsilcileri, \u00f6\u011fretmenler, \u00f6\u011frenciler ve \u00e7ok say\u0131da vatanda\u015f kat\u0131ld\u0131. Gelibolu mevkisinde ba\u015flayan &#8220;Ecdad\u0131n Yolunda Cumhuriyet&#8217;e Sayg\u0131 Y\u00fcr\u00fcy\u00fc\u015f\u00fc&#8221;, Kepez tepesi \u00fczerinde son buldu. 37 \u015eEH\u0130T ANISINA \u00c7ELENK BIRAKILDI\u00a0 Y\u00fcr\u00fcy\u00fc\u015f\u00fcn ard\u0131ndan Limana\u011fz\u0131 Koyu&#8217;ndan teknelerle hareket eden Vali \u015eahin ve beraberindeki protokol \u00fcyeleri, Be\u015f adalar mevkisinde Meis taarruzunda hayat\u0131n\u0131 kaybeden 37 \u015fehit an\u0131s\u0131na denize \u00e7elenk b\u0131rakt\u0131. Bu esnada 37 dalg\u0131\u00e7 da su alt\u0131ndan T\u00fcrk bayraklar\u0131yla y\u00fczeye \u00e7\u0131kt\u0131. \u00a0 \u200bAntalya Ka\u015f\u2019ta 29 Ekim Cumhuriyet Bayram\u0131 ve Cumhuriyet&#8217;in 101. y\u0131l d\u00f6n\u00fcm\u00fc dolay\u0131s\u0131yla &#8220;Ecdad\u0131n Yolunda Cumhuriyet&#8217;e Sayg\u0131 Y\u00fcr\u00fcy\u00fc\u015f\u00fc&#8221; ger\u00e7ekle\u015ftirildi. I.D\u00fcnya Sava\u015f\u2019\u0131nda Meis taarruzunda hayat\u0131n\u0131 kaybeden 37 \u015fehit an\u0131s\u0131na denize \u00e7elenk b\u0131rak\u0131ld\u0131\u00a0 \u200bHaberin Al\u0131nt\u0131land\u0131\u011f\u0131 Kaynak: www.antalyakorfez.com\" \/>\n<meta property=\"og:url\" content=\"http:\/\/denizcankizil.tr\/ru\/haberler\/gundem\/antalyada-cumhuriyete-saygi-yuruyusu\/\" \/>\n<meta property=\"og:site_name\" content=\"Av. Deniz Can K\u0131z\u0131l\" \/>\n<meta property=\"article:published_time\" content=\"2024-10-27T20:41:46+00:00\" \/>\n<meta name=\"twitter:card\" content=\"summary_large_image\" \/>\n<meta name=\"twitter:label1\" content=\"\u041f\u0440\u0438\u043c\u0435\u0440\u043d\u043e\u0435 \u0432\u0440\u0435\u043c\u044f \u0434\u043b\u044f \u0447\u0442\u0435\u043d\u0438\u044f\" \/>\n\t<meta name=\"twitter:data1\" content=\"1 \u043c\u0438\u043d\u0443\u0442\u0430\" \/>\n<script type=\"application\/ld+json\" class=\"yoast-schema-graph\">{\"@context\":\"https:\/\/schema.org\",\"@graph\":[{\"@type\":\"Article\",\"@id\":\"http:\/\/denizcankizil.tr\/ru\/haberler\/gundem\/antalyada-cumhuriyete-saygi-yuruyusu\/#article\",\"isPartOf\":{\"@id\":\"http:\/\/denizcankizil.tr\/ru\/haberler\/gundem\/antalyada-cumhuriyete-saygi-yuruyusu\/\"},\"author\":{\"name\":\"\",\"@id\":\"\"},\"headline\":\"Antalya&#8217;da Cumhuriyet&#8217;e Sayg\u0131 Y\u00fcr\u00fcy\u00fc\u015f\u00fc\",\"datePublished\":\"2024-10-27T20:41:46+00:00\",\"mainEntityOfPage\":{\"@id\":\"http:\/\/denizcankizil.tr\/ru\/haberler\/gundem\/antalyada-cumhuriyete-saygi-yuruyusu\/\"},\"wordCount\":257,\"commentCount\":0,\"publisher\":{\"@id\":\"https:\/\/denizcankizil.tr\/de\/#organization\"},\"articleSection\":[\"G\u00fcndem\",\"Uncategorized\"],\"inLanguage\":\"ru-RU\",\"potentialAction\":[{\"@type\":\"CommentAction\",\"name\":\"Comment\",\"target\":[\"http:\/\/denizcankizil.tr\/ru\/haberler\/gundem\/antalyada-cumhuriyete-saygi-yuruyusu\/#respond\"]}]},{\"@type\":\"WebPage\",\"@id\":\"http:\/\/denizcankizil.tr\/ru\/haberler\/gundem\/antalyada-cumhuriyete-saygi-yuruyusu\/\",\"url\":\"http:\/\/denizcankizil.tr\/ru\/haberler\/gundem\/antalyada-cumhuriyete-saygi-yuruyusu\/\",\"name\":\"Antalya'da Cumhuriyet'e Sayg\u0131 Y\u00fcr\u00fcy\u00fc\u015f\u00fc - Av. Deniz Can K\u0131z\u0131l\",\"isPartOf\":{\"@id\":\"https:\/\/denizcankizil.tr\/de\/#website\"},\"datePublished\":\"2024-10-27T20:41:46+00:00\",\"breadcrumb\":{\"@id\":\"http:\/\/denizcankizil.tr\/ru\/haberler\/gundem\/antalyada-cumhuriyete-saygi-yuruyusu\/#breadcrumb\"},\"inLanguage\":\"ru-RU\",\"potentialAction\":[{\"@type\":\"ReadAction\",\"target\":[\"http:\/\/denizcankizil.tr\/ru\/haberler\/gundem\/antalyada-cumhuriyete-saygi-yuruyusu\/\"]}]},{\"@type\":\"BreadcrumbList\",\"@id\":\"http:\/\/denizcankizil.tr\/ru\/haberler\/gundem\/antalyada-cumhuriyete-saygi-yuruyusu\/#breadcrumb\",\"itemListElement\":[{\"@type\":\"ListItem\",\"position\":1,\"name\":\"Home\",\"item\":\"https:\/\/denizcankizil.tr\/de\/\"},{\"@type\":\"ListItem\",\"position\":2,\"name\":\"Antalya&#8217;da Cumhuriyet&#8217;e Sayg\u0131 Y\u00fcr\u00fcy\u00fc\u015f\u00fc\"}]},{\"@type\":\"WebSite\",\"@id\":\"https:\/\/denizcankizil.tr\/de\/#website\",\"url\":\"https:\/\/denizcankizil.tr\/de\/\",\"name\":\"Av. Deniz Can K\u0131z\u0131l\",\"description\":\"Avukat Deniz Can K\u0131z\u0131l Antalya Barosu\",\"publisher\":{\"@id\":\"https:\/\/denizcankizil.tr\/de\/#organization\"},\"potentialAction\":[{\"@type\":\"SearchAction\",\"target\":{\"@type\":\"EntryPoint\",\"urlTemplate\":\"https:\/\/denizcankizil.tr\/de\/?s={search_term_string}\"},\"query-input\":{\"@type\":\"PropertyValueSpecification\",\"valueRequired\":true,\"valueName\":\"search_term_string\"}}],\"inLanguage\":\"ru-RU\"},{\"@type\":\"Organization\",\"@id\":\"https:\/\/denizcankizil.tr\/de\/#organization\",\"name\":\"Av. Deniz Can K\u0131z\u0131l\",\"url\":\"https:\/\/denizcankizil.tr\/de\/\",\"logo\":{\"@type\":\"ImageObject\",\"inLanguage\":\"ru-RU\",\"@id\":\"https:\/\/denizcankizil.tr\/de\/#\/schema\/logo\/image\/\",\"url\":\"http:\/\/denizcankizil.tr\/wp-content\/uploads\/2024\/10\/siyah-logo-svg.svg\",\"contentUrl\":\"http:\/\/denizcankizil.tr\/wp-content\/uploads\/2024\/10\/siyah-logo-svg.svg\",\"width\":1080,\"height\":1080,\"caption\":\"Av. Deniz Can K\u0131z\u0131l\"},\"image\":{\"@id\":\"https:\/\/denizcankizil.tr\/de\/#\/schema\/logo\/image\/\"}}]}<\/script>\n<!-- \/ Yoast SEO Premium plugin. -->","yoast_head_json":{"title":"Antalya'da Cumhuriyet'e Sayg\u0131 Y\u00fcr\u00fcy\u00fc\u015f\u00fc - Av. Deniz Can K\u0131z\u0131l","robots":{"index":"index","follow":"follow","max-snippet":"max-snippet:-1","max-image-preview":"max-image-preview:large","max-video-preview":"max-video-preview:-1"},"canonical":"http:\/\/denizcankizil.tr\/ru\/haberler\/gundem\/antalyada-cumhuriyete-saygi-yuruyusu\/","og_locale":"ru_RU","og_type":"article","og_title":"Antalya'da Cumhuriyet'e Sayg\u0131 Y\u00fcr\u00fcy\u00fc\u015f\u00fc","og_description":"Antalya Ka\u015f Kaymakaml\u0131\u011f\u0131 taraf\u0131ndan d\u00fczenlenen y\u00fcr\u00fcy\u00fc\u015f, Birinci D\u00fcnya Sava\u015f\u0131 s\u0131ras\u0131nda Ka\u015f a\u00e7\u0131klar\u0131ndaki \u0130ngilizlere ait u\u00e7ak gemisi Ben My Chree&#8217;yi bat\u0131ran Top\u00e7u Y\u00fczba\u015f\u0131 Mustafa Ertu\u011frul Aker&#8217;in bataryalar\u0131n\u0131 kat\u0131rlarla ta\u015f\u0131d\u0131\u011f\u0131 ve o d\u00f6nem &#8220;top\u00e7u rotas\u0131&#8221; olarak kullan\u0131lan Top\u00e7u Dostluk ve Bar\u0131\u015f Yolu&#8217;nda yap\u0131ld\u0131. GEL\u0130BOLU MEVK\u0130\u0130NDE BA\u015eLAYAN Y\u00dcR\u00dcY\u00dc\u015e KEPEZ TEPES\u0130NDE SONA ERD\u0130\u00a0 Yakla\u015f\u0131k 14 kilometrelik etapta yap\u0131lan y\u00fcr\u00fcy\u00fc\u015fe, Antalya Valisi Hulusi \u015eahin, Ka\u015f Kaymakam\u0131 Tevfik Kumbasar, Ka\u015f Belediye Ba\u015fkan\u0131 Erol Demirhan, kamu kurum m\u00fcd\u00fcrleri, siyasi parti temsilcileri, \u00f6\u011fretmenler, \u00f6\u011frenciler ve \u00e7ok say\u0131da vatanda\u015f kat\u0131ld\u0131. Gelibolu mevkisinde ba\u015flayan &#8220;Ecdad\u0131n Yolunda Cumhuriyet&#8217;e Sayg\u0131 Y\u00fcr\u00fcy\u00fc\u015f\u00fc&#8221;, Kepez tepesi \u00fczerinde son buldu. 37 \u015eEH\u0130T ANISINA \u00c7ELENK BIRAKILDI\u00a0 Y\u00fcr\u00fcy\u00fc\u015f\u00fcn ard\u0131ndan Limana\u011fz\u0131 Koyu&#8217;ndan teknelerle hareket eden Vali \u015eahin ve beraberindeki protokol \u00fcyeleri, Be\u015f adalar mevkisinde Meis taarruzunda hayat\u0131n\u0131 kaybeden 37 \u015fehit an\u0131s\u0131na denize \u00e7elenk b\u0131rakt\u0131. Bu esnada 37 dalg\u0131\u00e7 da su alt\u0131ndan T\u00fcrk bayraklar\u0131yla y\u00fczeye \u00e7\u0131kt\u0131. \u00a0 \u200bAntalya Ka\u015f\u2019ta 29 Ekim Cumhuriyet Bayram\u0131 ve Cumhuriyet&#8217;in 101. y\u0131l d\u00f6n\u00fcm\u00fc dolay\u0131s\u0131yla &#8220;Ecdad\u0131n Yolunda Cumhuriyet&#8217;e Sayg\u0131 Y\u00fcr\u00fcy\u00fc\u015f\u00fc&#8221; ger\u00e7ekle\u015ftirildi. I.D\u00fcnya Sava\u015f\u2019\u0131nda Meis taarruzunda hayat\u0131n\u0131 kaybeden 37 \u015fehit an\u0131s\u0131na denize \u00e7elenk b\u0131rak\u0131ld\u0131\u00a0 \u200bHaberin Al\u0131nt\u0131land\u0131\u011f\u0131 Kaynak: www.antalyakorfez.com","og_url":"http:\/\/denizcankizil.tr\/ru\/haberler\/gundem\/antalyada-cumhuriyete-saygi-yuruyusu\/","og_site_name":"Av. Deniz Can K\u0131z\u0131l","article_published_time":"2024-10-27T20:41:46+00:00","twitter_card":"summary_large_image","twitter_misc":{"\u041f\u0440\u0438\u043c\u0435\u0440\u043d\u043e\u0435 \u0432\u0440\u0435\u043c\u044f \u0434\u043b\u044f \u0447\u0442\u0435\u043d\u0438\u044f":"1 \u043c\u0438\u043d\u0443\u0442\u0430"},"schema":{"@context":"https:\/\/schema.org","@graph":[{"@type":"Article","@id":"http:\/\/denizcankizil.tr\/ru\/haberler\/gundem\/antalyada-cumhuriyete-saygi-yuruyusu\/#article","isPartOf":{"@id":"http:\/\/denizcankizil.tr\/ru\/haberler\/gundem\/antalyada-cumhuriyete-saygi-yuruyusu\/"},"author":{"name":"","@id":""},"headline":"Antalya&#8217;da Cumhuriyet&#8217;e Sayg\u0131 Y\u00fcr\u00fcy\u00fc\u015f\u00fc","datePublished":"2024-10-27T20:41:46+00:00","mainEntityOfPage":{"@id":"http:\/\/denizcankizil.tr\/ru\/haberler\/gundem\/antalyada-cumhuriyete-saygi-yuruyusu\/"},"wordCount":257,"commentCount":0,"publisher":{"@id":"https:\/\/denizcankizil.tr\/de\/#organization"},"articleSection":["G\u00fcndem","Uncategorized"],"inLanguage":"ru-RU","potentialAction":[{"@type":"CommentAction","name":"Comment","target":["http:\/\/denizcankizil.tr\/ru\/haberler\/gundem\/antalyada-cumhuriyete-saygi-yuruyusu\/#respond"]}]},{"@type":"WebPage","@id":"http:\/\/denizcankizil.tr\/ru\/haberler\/gundem\/antalyada-cumhuriyete-saygi-yuruyusu\/","url":"http:\/\/denizcankizil.tr\/ru\/haberler\/gundem\/antalyada-cumhuriyete-saygi-yuruyusu\/","name":"Antalya'da Cumhuriyet'e Sayg\u0131 Y\u00fcr\u00fcy\u00fc\u015f\u00fc - Av. Deniz Can K\u0131z\u0131l","isPartOf":{"@id":"https:\/\/denizcankizil.tr\/de\/#website"},"datePublished":"2024-10-27T20:41:46+00:00","breadcrumb":{"@id":"http:\/\/denizcankizil.tr\/ru\/haberler\/gundem\/antalyada-cumhuriyete-saygi-yuruyusu\/#breadcrumb"},"inLanguage":"ru-RU","potentialAction":[{"@type":"ReadAction","target":["http:\/\/denizcankizil.tr\/ru\/haberler\/gundem\/antalyada-cumhuriyete-saygi-yuruyusu\/"]}]},{"@type":"BreadcrumbList","@id":"http:\/\/denizcankizil.tr\/ru\/haberler\/gundem\/antalyada-cumhuriyete-saygi-yuruyusu\/#breadcrumb","itemListElement":[{"@type":"ListItem","position":1,"name":"Home","item":"https:\/\/denizcankizil.tr\/de\/"},{"@type":"ListItem","position":2,"name":"Antalya&#8217;da Cumhuriyet&#8217;e Sayg\u0131 Y\u00fcr\u00fcy\u00fc\u015f\u00fc"}]},{"@type":"WebSite","@id":"https:\/\/denizcankizil.tr\/de\/#website","url":"https:\/\/denizcankizil.tr\/de\/","name":"Av. Deniz Can K\u0131z\u0131l","description":"Avukat Deniz Can K\u0131z\u0131l Antalya Barosu","publisher":{"@id":"https:\/\/denizcankizil.tr\/de\/#organization"},"potentialAction":[{"@type":"SearchAction","target":{"@type":"EntryPoint","urlTemplate":"https:\/\/denizcankizil.tr\/de\/?s={search_term_string}"},"query-input":{"@type":"PropertyValueSpecification","valueRequired":true,"valueName":"search_term_string"}}],"inLanguage":"ru-RU"},{"@type":"Organization","@id":"https:\/\/denizcankizil.tr\/de\/#organization","name":"Av. Deniz Can K\u0131z\u0131l","url":"https:\/\/denizcankizil.tr\/de\/","logo":{"@type":"ImageObject","inLanguage":"ru-RU","@id":"https:\/\/denizcankizil.tr\/de\/#\/schema\/logo\/image\/","url":"http:\/\/denizcankizil.tr\/wp-content\/uploads\/2024\/10\/siyah-logo-svg.svg","contentUrl":"http:\/\/denizcankizil.tr\/wp-content\/uploads\/2024\/10\/siyah-logo-svg.svg","width":1080,"height":1080,"caption":"Av. Deniz Can K\u0131z\u0131l"},"image":{"@id":"https:\/\/denizcankizil.tr\/de\/#\/schema\/logo\/image\/"}}]}},"_links":{"self":[{"href":"http:\/\/denizcankizil.tr\/ru\/wp-json\/wp\/v2\/posts\/9130","targetHints":{"allow":["GET"]}}],"collection":[{"href":"http:\/\/denizcankizil.tr\/ru\/wp-json\/wp\/v2\/posts"}],"about":[{"href":"http:\/\/denizcankizil.tr\/ru\/wp-json\/wp\/v2\/types\/post"}],"replies":[{"embeddable":true,"href":"http:\/\/denizcankizil.tr\/ru\/wp-json\/wp\/v2\/comments?post=9130"}],"version-history":[{"count":0,"href":"http:\/\/denizcankizil.tr\/ru\/wp-json\/wp\/v2\/posts\/9130\/revisions"}],"wp:attachment":[{"href":"http:\/\/denizcankizil.tr\/ru\/wp-json\/wp\/v2\/media?parent=9130"}],"wp:term":[{"taxonomy":"category","embeddable":true,"href":"http:\/\/denizcankizil.tr\/ru\/wp-json\/wp\/v2\/categories?post=9130"},{"taxonomy":"post_tag","embeddable":true,"href":"http:\/\/denizcankizil.tr\/ru\/wp-json\/wp\/v2\/tags?post=9130"}],"curies":[{"name":"wp","href":"https:\/\/api.w.org\/{rel}","templated":true}]}}