{"id":88374,"date":"2025-05-16T13:41:40","date_gmt":"2025-05-16T10:41:40","guid":{"rendered":"https:\/\/denizcankizil.tr\/uncategorized-tr\/yeniden-refah-antalyadan-vergi-sosyal-yardim-ve-tarim-cikisi\/"},"modified":"2025-05-16T13:41:40","modified_gmt":"2025-05-16T10:41:40","slug":"yeniden-refah-antalyadan-vergi-sosyal-yardim-ve-tarim-cikisi","status":"publish","type":"post","link":"http:\/\/denizcankizil.tr\/ru\/haberler\/gundem\/yeniden-refah-antalyadan-vergi-sosyal-yardim-ve-tarim-cikisi\/","title":{"rendered":"Yeniden Refah Antalya&#8217;dan vergi, sosyal yard\u0131m ve tar\u0131m \u00e7\u0131k\u0131\u015f\u0131!"},"content":{"rendered":"<p>Yeniden Refah Partisi Antalya \u0130l Ba\u015fkan\u0131 At\u0131n\u00e7 Korkmaz, partisinin Antalya \u0130l Ba\u015fkanl\u0131\u011f\u0131\u2019nda d\u00fczenledi\u011fi bas\u0131n toplant\u0131s\u0131nda h\u00fck\u00fcmete y\u00f6nelik dikkat \u00e7eken ele\u015ftirilerde bulundu. Korkmaz, y\u00fcksek enflasyon, artan vergiler, \u00e7ift\u00e7inin i\u00e7inde bulundu\u011fu zor durum ve engelli vatanda\u015flara y\u00f6nelik yetersiz desteklerin ve maa\u015f \u00f6demelerinin alt\u0131n\u0131 \u00e7izdi. Korkmaz, \u201cMillet ge\u00e7inemiyor, siz ise \u2018ara zam yok\u2019 diyorsunuz. Hangi dengeden, hangi ger\u00e7eklikten bahsediyorsunuz?\u201d diye sordu.<\/p>\n<p>\u201cSEBZE HAL\u0130NE DE\u011e\u0130L, \u0130HALELERE M\u00dcFETT\u0130\u015e YOLLAYACA\u011eIZ\u201d<\/p>\n<p>Ekonomik darbo\u011faz\u0131n halk\u0131 \u00e7\u00f6k\u00fc\u015fe s\u00fcr\u00fckledi\u011fini ifade eden \u0130l Ba\u015fkan\u0131 At\u0131n\u00e7 Korkmaz, vergi politikalar\u0131n\u0131 hedef alarak \u015fu ifadelerini kulland\u0131: \u201cHer 100 liral\u0131k \u00fcr\u00fcn\u00fcn i\u00e7inde 65 lira vergi var. Hazine ve Maliye Bakan\u0131, \u201c\u015eehirlere vergi memurlar\u0131 koyaca\u011f\u0131m\u201d diyor. Bu anlay\u0131\u015f \u00fcreticiyi ve pazarc\u0131y\u0131 bo\u011farken b\u00fcy\u00fck patronlar\u0131 g\u00f6rmezden geliyor. Yeniden Refah Partisi olarak vergi denetimlerini halka de\u011fil, harami d\u00fczene yapaca\u011f\u0131z. Sebze haline de\u011fil, israfa akan ihalelere m\u00fcfetti\u015f yollayaca\u011f\u0131z.\u201d<\/p>\n<p>\u201c\u00c7\u0130FT\u00c7\u0130 \u00dcRET\u0130M YAPAMAZ HALE GELD\u0130\u201d<\/p>\n<p>Tar\u0131m sekt\u00f6r\u00fcn\u00fcn b\u00fcy\u00fck kriz ya\u015fad\u0131\u011f\u0131n\u0131 s\u00f6yleyen Korkmaz, \u00e7ift\u00e7inin \u00fcretim yapamaz hale geldi\u011fini belirtti. G\u00fcbre, mazot ve ila\u00e7 gibi girdi maliyetlerinin her ge\u00e7en g\u00fcn katlanarak artt\u0131\u011f\u0131n\u0131 vurgulayan Korkmaz, \u201cT\u00fcrkiye, kendi topra\u011f\u0131nda \u00fcretemedi\u011fi \u00fcr\u00fcn\u00fc ithal etmek zorunda kal\u0131yor. Nerede bizim yerli \u00fcr\u00fcn\u00fcm\u00fcz, nerede bu milletin kendi \u00e7ift\u00e7isine verdi\u011fi destek? G\u0131da g\u00fcvenli\u011fimizi g\u00fcn ge\u00e7tik\u00e7e kaybediyoruz. Yeniden Refah iktidar\u0131nda faiz de\u011fil, tar\u0131m desteklenecek. Kaynak tarlaya, trakt\u00f6re, g\u00fcbreye ve tohuma gidecek\u201d \u0130fadelerini kulland\u0131.<\/p>\n<p>\u201cENGELL\u0130 AYLI\u011eIYLA \u0130STANBUL-ANKARA B\u0130LET\u0130 ALINMIYOR\u201d<\/p>\n<p>Korkmaz, engelli bireylerin ya\u015fad\u0131\u011f\u0131 zorluklara da dikkat \u00e7ekti. Mevcut yard\u0131mlar\u0131n yetersizli\u011fini vurgulayan Korkmaz, \u201cBir engelli vatanda\u015f ayda 3 bin 700 TL yard\u0131m al\u0131yor. Ald\u0131klar\u0131 destek a\u00e7l\u0131k s\u0131n\u0131r\u0131n\u0131n bile alt\u0131nda. En d\u00fc\u015f\u00fck emekli ayl\u0131\u011f\u0131n\u0131n 3\u2019te 1\u2019i bile de\u011fil. 30 g\u00fcnl\u00fck engelli ayl\u0131\u011f\u0131yla Ankara-\u0130stanbul gidi\u015f-d\u00f6n\u00fc\u015f u\u00e7ak bile almak bile m\u00fcmk\u00fcn de\u011fil. Devlet, engelli istihdam kotas\u0131n\u0131 bile ihlal ediyor. Biz, engelli kotas\u0131n\u0131 y\u00fczde 6\u2019ya \u00e7\u0131karacak ve yard\u0131m\u0131 insanca bir seviyeye getirece\u011fiz\u201d dedi.<\/p>\n<p>\u201cT\u00dcRK\u0130YE\u2019N\u0130N \u0130HT\u0130YACI ADALET, V\u0130CDAN VE \u00dcRET\u0130MD\u0130R\u201d<\/p>\n<p>Konu\u015fmas\u0131n\u0131n sonunda T\u00fcrkiye\u2019nin ger\u00e7ek ihtiyac\u0131n\u0131n \u015fatafatl\u0131 projeler de\u011fil, adil bir d\u00fczen oldu\u011funu belirten Korkmaz \u015fu s\u00f6zlerle \u00e7a\u011fr\u0131da bulundu:<\/p>\n<p>\u201cT\u00fcrkiye\u2019nin ihtiyac\u0131 ne s\u00fcsl\u00fc projeler ne \u015fatafatl\u0131 a\u00e7\u0131l\u0131\u015flard\u0131r. T\u00fcrkiye\u2019nin ihtiyac\u0131 adalettir, \u00fcretimdir, vicdand\u0131r. Biz bu milletin kaynaklar\u0131n\u0131 sadece y\u00fczde 1\u2019ini de\u011fil y\u00fczde 99\u2019unu refah i\u00e7in harcayaca\u011f\u0131z. Biz rant ekonomisini y\u0131k\u0131p, \u00fcretim ekonomisi kuraca\u011f\u0131z. Biz sosyal adaleti, sadece tabelalarda de\u011fil, her sofrada, sokakta ve hanede sa\u011flayaca\u011f\u0131z\u201d<\/p>\n<p>\u200bYeniden Refah Partisi Antalya \u0130l Ba\u015fkan\u0131 At\u0131n\u00e7 Korkmaz, h\u00fck\u00fcmete ekonomi, tar\u0131m, vergi politikalar\u0131 ve sosyal yard\u0131mlar \u00fczerinden sert ele\u015ftirilerde bulundu. Korkmaz, vergi denetimini halka de\u011fil, harami d\u00fczene yapacaklar\u0131n\u0131 ifade ederek milletin sofras\u0131na konan lokman\u0131n enflasyon sebebi olamayaca\u011f\u0131n\u0131 vurgulad\u0131.\u00a0<\/p>\n<p>\u200bHaberin Al\u0131nt\u0131land\u0131\u011f\u0131 Kaynak: www.antalyakorfez.com<\/p>","protected":false},"excerpt":{"rendered":"<p>Yeniden Refah Partisi Antalya \u0130l Ba\u015fkan\u0131 At\u0131n\u00e7 Korkmaz, partisinin Antalya \u0130l Ba\u015fkanl\u0131\u011f\u0131\u2019nda d\u00fczenledi\u011fi bas\u0131n toplant\u0131s\u0131nda h\u00fck\u00fcmete y\u00f6nelik dikkat \u00e7eken ele\u015ftirilerde bulundu. Korkmaz, y\u00fcksek enflasyon, artan vergiler, \u00e7ift\u00e7inin i\u00e7inde bulundu\u011fu zor durum ve engelli vatanda\u015flara y\u00f6nelik yetersiz desteklerin ve maa\u015f \u00f6demelerinin alt\u0131n\u0131 \u00e7izdi. Korkmaz, \u201cMillet ge\u00e7inemiyor, siz ise \u2018ara zam yok\u2019 diyorsunuz. Hangi dengeden, hangi ger\u00e7eklikten bahsediyorsunuz?\u201d diye sordu. \u201cSEBZE HAL\u0130NE DE\u011e\u0130L, \u0130HALELERE M\u00dcFETT\u0130\u015e YOLLAYACA\u011eIZ\u201d Ekonomik darbo\u011faz\u0131n halk\u0131 \u00e7\u00f6k\u00fc\u015fe s\u00fcr\u00fckledi\u011fini ifade eden \u0130l Ba\u015fkan\u0131 At\u0131n\u00e7 Korkmaz, vergi politikalar\u0131n\u0131 hedef alarak \u015fu ifadelerini kulland\u0131: \u201cHer 100 liral\u0131k \u00fcr\u00fcn\u00fcn i\u00e7inde 65 lira vergi var. Hazine ve Maliye Bakan\u0131, \u201c\u015eehirlere vergi memurlar\u0131 koyaca\u011f\u0131m\u201d diyor. Bu anlay\u0131\u015f \u00fcreticiyi ve pazarc\u0131y\u0131 bo\u011farken b\u00fcy\u00fck patronlar\u0131 g\u00f6rmezden geliyor. Yeniden Refah Partisi olarak vergi denetimlerini halka de\u011fil, harami d\u00fczene yapaca\u011f\u0131z. Sebze haline de\u011fil, israfa akan ihalelere m\u00fcfetti\u015f yollayaca\u011f\u0131z.\u201d \u201c\u00c7\u0130FT\u00c7\u0130 \u00dcRET\u0130M YAPAMAZ HALE GELD\u0130\u201d Tar\u0131m sekt\u00f6r\u00fcn\u00fcn b\u00fcy\u00fck kriz ya\u015fad\u0131\u011f\u0131n\u0131 s\u00f6yleyen Korkmaz, \u00e7ift\u00e7inin \u00fcretim yapamaz hale geldi\u011fini belirtti. G\u00fcbre, mazot ve ila\u00e7 gibi girdi maliyetlerinin her ge\u00e7en g\u00fcn katlanarak artt\u0131\u011f\u0131n\u0131 vurgulayan Korkmaz, \u201cT\u00fcrkiye, kendi topra\u011f\u0131nda \u00fcretemedi\u011fi \u00fcr\u00fcn\u00fc ithal etmek zorunda kal\u0131yor. Nerede bizim yerli \u00fcr\u00fcn\u00fcm\u00fcz, nerede bu milletin kendi \u00e7ift\u00e7isine verdi\u011fi destek? G\u0131da g\u00fcvenli\u011fimizi g\u00fcn ge\u00e7tik\u00e7e kaybediyoruz. Yeniden Refah iktidar\u0131nda faiz de\u011fil, tar\u0131m desteklenecek. Kaynak tarlaya, trakt\u00f6re, g\u00fcbreye ve tohuma gidecek\u201d &hellip;<\/p>","protected":false},"author":5,"featured_media":0,"comment_status":"","ping_status":"open","sticky":false,"template":"","format":"standard","meta":{"_acf_changed":false,"footnotes":""},"categories":[24],"tags":[],"class_list":["post-88374","post","type-post","status-publish","format-standard","has-post-thumbnail","hentry","category-gundem"],"acf":[],"yoast_head":"<!-- This site is optimized with the Yoast SEO Premium plugin v26.6 (Yoast SEO v27.1.1) - https:\/\/yoast.com\/product\/yoast-seo-premium-wordpress\/ -->\n<title>Yeniden Refah Antalya&#039;dan vergi, sosyal yard\u0131m ve tar\u0131m \u00e7\u0131k\u0131\u015f\u0131! - Av. Deniz Can K\u0131z\u0131l<\/title>\n<meta name=\"robots\" content=\"index, follow, max-snippet:-1, max-image-preview:large, max-video-preview:-1\" \/>\n<link rel=\"canonical\" href=\"http:\/\/denizcankizil.tr\/ru\/haberler\/gundem\/yeniden-refah-antalyadan-vergi-sosyal-yardim-ve-tarim-cikisi\/\" \/>\n<meta property=\"og:locale\" content=\"ru_RU\" \/>\n<meta property=\"og:type\" content=\"article\" \/>\n<meta property=\"og:title\" content=\"Yeniden Refah Antalya&#039;dan vergi, sosyal yard\u0131m ve tar\u0131m \u00e7\u0131k\u0131\u015f\u0131!\" \/>\n<meta property=\"og:description\" content=\"Yeniden Refah Partisi Antalya \u0130l Ba\u015fkan\u0131 At\u0131n\u00e7 Korkmaz, partisinin Antalya \u0130l Ba\u015fkanl\u0131\u011f\u0131\u2019nda d\u00fczenledi\u011fi bas\u0131n toplant\u0131s\u0131nda h\u00fck\u00fcmete y\u00f6nelik dikkat \u00e7eken ele\u015ftirilerde bulundu. Korkmaz, y\u00fcksek enflasyon, artan vergiler, \u00e7ift\u00e7inin i\u00e7inde bulundu\u011fu zor durum ve engelli vatanda\u015flara y\u00f6nelik yetersiz desteklerin ve maa\u015f \u00f6demelerinin alt\u0131n\u0131 \u00e7izdi. Korkmaz, \u201cMillet ge\u00e7inemiyor, siz ise \u2018ara zam yok\u2019 diyorsunuz. Hangi dengeden, hangi ger\u00e7eklikten bahsediyorsunuz?\u201d diye sordu. \u201cSEBZE HAL\u0130NE DE\u011e\u0130L, \u0130HALELERE M\u00dcFETT\u0130\u015e YOLLAYACA\u011eIZ\u201d Ekonomik darbo\u011faz\u0131n halk\u0131 \u00e7\u00f6k\u00fc\u015fe s\u00fcr\u00fckledi\u011fini ifade eden \u0130l Ba\u015fkan\u0131 At\u0131n\u00e7 Korkmaz, vergi politikalar\u0131n\u0131 hedef alarak \u015fu ifadelerini kulland\u0131: \u201cHer 100 liral\u0131k \u00fcr\u00fcn\u00fcn i\u00e7inde 65 lira vergi var. Hazine ve Maliye Bakan\u0131, \u201c\u015eehirlere vergi memurlar\u0131 koyaca\u011f\u0131m\u201d diyor. Bu anlay\u0131\u015f \u00fcreticiyi ve pazarc\u0131y\u0131 bo\u011farken b\u00fcy\u00fck patronlar\u0131 g\u00f6rmezden geliyor. Yeniden Refah Partisi olarak vergi denetimlerini halka de\u011fil, harami d\u00fczene yapaca\u011f\u0131z. Sebze haline de\u011fil, israfa akan ihalelere m\u00fcfetti\u015f yollayaca\u011f\u0131z.\u201d \u201c\u00c7\u0130FT\u00c7\u0130 \u00dcRET\u0130M YAPAMAZ HALE GELD\u0130\u201d Tar\u0131m sekt\u00f6r\u00fcn\u00fcn b\u00fcy\u00fck kriz ya\u015fad\u0131\u011f\u0131n\u0131 s\u00f6yleyen Korkmaz, \u00e7ift\u00e7inin \u00fcretim yapamaz hale geldi\u011fini belirtti. G\u00fcbre, mazot ve ila\u00e7 gibi girdi maliyetlerinin her ge\u00e7en g\u00fcn katlanarak artt\u0131\u011f\u0131n\u0131 vurgulayan Korkmaz, \u201cT\u00fcrkiye, kendi topra\u011f\u0131nda \u00fcretemedi\u011fi \u00fcr\u00fcn\u00fc ithal etmek zorunda kal\u0131yor. Nerede bizim yerli \u00fcr\u00fcn\u00fcm\u00fcz, nerede bu milletin kendi \u00e7ift\u00e7isine verdi\u011fi destek? G\u0131da g\u00fcvenli\u011fimizi g\u00fcn ge\u00e7tik\u00e7e kaybediyoruz. Yeniden Refah iktidar\u0131nda faiz de\u011fil, tar\u0131m desteklenecek. Kaynak tarlaya, trakt\u00f6re, g\u00fcbreye ve tohuma gidecek\u201d &hellip;\" \/>\n<meta property=\"og:url\" content=\"http:\/\/denizcankizil.tr\/ru\/haberler\/gundem\/yeniden-refah-antalyadan-vergi-sosyal-yardim-ve-tarim-cikisi\/\" \/>\n<meta property=\"og:site_name\" content=\"Av. Deniz Can K\u0131z\u0131l\" \/>\n<meta property=\"article:published_time\" content=\"2025-05-16T10:41:40+00:00\" \/>\n<meta name=\"author\" content=\"Antalya K\u00f6rfez\" \/>\n<meta name=\"twitter:card\" content=\"summary_large_image\" \/>\n<meta name=\"twitter:label1\" content=\"\u041d\u0430\u043f\u0438\u0441\u0430\u043d\u043e \u0430\u0432\u0442\u043e\u0440\u043e\u043c\" \/>\n\t<meta name=\"twitter:data1\" content=\"Antalya K\u00f6rfez\" \/>\n\t<meta name=\"twitter:label2\" content=\"\u041f\u0440\u0438\u043c\u0435\u0440\u043d\u043e\u0435 \u0432\u0440\u0435\u043c\u044f \u0434\u043b\u044f \u0447\u0442\u0435\u043d\u0438\u044f\" \/>\n\t<meta name=\"twitter:data2\" content=\"3 \u043c\u0438\u043d\u0443\u0442\u044b\" \/>\n<script type=\"application\/ld+json\" class=\"yoast-schema-graph\">{\"@context\":\"https:\/\/schema.org\",\"@graph\":[{\"@type\":\"Article\",\"@id\":\"http:\/\/denizcankizil.tr\/ru\/haberler\/gundem\/yeniden-refah-antalyadan-vergi-sosyal-yardim-ve-tarim-cikisi\/#article\",\"isPartOf\":{\"@id\":\"http:\/\/denizcankizil.tr\/ru\/haberler\/gundem\/yeniden-refah-antalyadan-vergi-sosyal-yardim-ve-tarim-cikisi\/\"},\"author\":{\"name\":\"Antalya K\u00f6rfez\",\"@id\":\"https:\/\/denizcankizil.tr\/#\/schema\/person\/e1eb71bb4dd684d46563f0af307e1234\"},\"headline\":\"Yeniden Refah Antalya&#8217;dan vergi, sosyal yard\u0131m ve tar\u0131m \u00e7\u0131k\u0131\u015f\u0131!\",\"datePublished\":\"2025-05-16T10:41:40+00:00\",\"mainEntityOfPage\":{\"@id\":\"http:\/\/denizcankizil.tr\/ru\/haberler\/gundem\/yeniden-refah-antalyadan-vergi-sosyal-yardim-ve-tarim-cikisi\/\"},\"wordCount\":577,\"publisher\":{\"@id\":\"https:\/\/denizcankizil.tr\/#organization\"},\"articleSection\":[\"G\u00fcndem\"],\"inLanguage\":\"ru-RU\"},{\"@type\":\"WebPage\",\"@id\":\"http:\/\/denizcankizil.tr\/ru\/haberler\/gundem\/yeniden-refah-antalyadan-vergi-sosyal-yardim-ve-tarim-cikisi\/\",\"url\":\"http:\/\/denizcankizil.tr\/ru\/haberler\/gundem\/yeniden-refah-antalyadan-vergi-sosyal-yardim-ve-tarim-cikisi\/\",\"name\":\"Yeniden Refah Antalya'dan vergi, sosyal yard\u0131m ve tar\u0131m \u00e7\u0131k\u0131\u015f\u0131! - Av. Deniz Can K\u0131z\u0131l\",\"isPartOf\":{\"@id\":\"https:\/\/denizcankizil.tr\/#website\"},\"datePublished\":\"2025-05-16T10:41:40+00:00\",\"breadcrumb\":{\"@id\":\"http:\/\/denizcankizil.tr\/ru\/haberler\/gundem\/yeniden-refah-antalyadan-vergi-sosyal-yardim-ve-tarim-cikisi\/#breadcrumb\"},\"inLanguage\":\"ru-RU\",\"potentialAction\":[{\"@type\":\"ReadAction\",\"target\":[\"http:\/\/denizcankizil.tr\/ru\/haberler\/gundem\/yeniden-refah-antalyadan-vergi-sosyal-yardim-ve-tarim-cikisi\/\"]}]},{\"@type\":\"BreadcrumbList\",\"@id\":\"http:\/\/denizcankizil.tr\/ru\/haberler\/gundem\/yeniden-refah-antalyadan-vergi-sosyal-yardim-ve-tarim-cikisi\/#breadcrumb\",\"itemListElement\":[{\"@type\":\"ListItem\",\"position\":1,\"name\":\"Home\",\"item\":\"https:\/\/denizcankizil.tr\/de\/\"},{\"@type\":\"ListItem\",\"position\":2,\"name\":\"Yeniden Refah Antalya&#8217;dan vergi, sosyal yard\u0131m ve tar\u0131m \u00e7\u0131k\u0131\u015f\u0131!\"}]},{\"@type\":\"WebSite\",\"@id\":\"https:\/\/denizcankizil.tr\/#website\",\"url\":\"https:\/\/denizcankizil.tr\/\",\"name\":\"Av. Deniz Can K\u0131z\u0131l\",\"description\":\"Avukat Deniz Can K\u0131z\u0131l Antalya Barosu\",\"publisher\":{\"@id\":\"https:\/\/denizcankizil.tr\/#organization\"},\"potentialAction\":[{\"@type\":\"SearchAction\",\"target\":{\"@type\":\"EntryPoint\",\"urlTemplate\":\"https:\/\/denizcankizil.tr\/?s={search_term_string}\"},\"query-input\":{\"@type\":\"PropertyValueSpecification\",\"valueRequired\":true,\"valueName\":\"search_term_string\"}}],\"inLanguage\":\"ru-RU\"},{\"@type\":\"Organization\",\"@id\":\"https:\/\/denizcankizil.tr\/#organization\",\"name\":\"Av. Deniz Can K\u0131z\u0131l\",\"url\":\"https:\/\/denizcankizil.tr\/\",\"logo\":{\"@type\":\"ImageObject\",\"inLanguage\":\"ru-RU\",\"@id\":\"https:\/\/denizcankizil.tr\/#\/schema\/logo\/image\/\",\"url\":\"http:\/\/denizcankizil.tr\/wp-content\/uploads\/2024\/10\/siyah-logo-svg.svg\",\"contentUrl\":\"http:\/\/denizcankizil.tr\/wp-content\/uploads\/2024\/10\/siyah-logo-svg.svg\",\"width\":1080,\"height\":1080,\"caption\":\"Av. Deniz Can K\u0131z\u0131l\"},\"image\":{\"@id\":\"https:\/\/denizcankizil.tr\/#\/schema\/logo\/image\/\"}},{\"@type\":\"Person\",\"@id\":\"https:\/\/denizcankizil.tr\/#\/schema\/person\/e1eb71bb4dd684d46563f0af307e1234\",\"name\":\"Antalya K\u00f6rfez\",\"image\":{\"@type\":\"ImageObject\",\"inLanguage\":\"ru-RU\",\"@id\":\"https:\/\/denizcankizil.tr\/#\/schema\/person\/image\/\",\"url\":\"https:\/\/secure.gravatar.com\/avatar\/42b01982558a48a0b501fdcab6a408d3717ea5919095ee2e67b0e521799c5905?s=96&d=mm&r=g\",\"contentUrl\":\"https:\/\/secure.gravatar.com\/avatar\/42b01982558a48a0b501fdcab6a408d3717ea5919095ee2e67b0e521799c5905?s=96&d=mm&r=g\",\"caption\":\"Antalya K\u00f6rfez\"},\"sameAs\":[\"http:\/\/www.antalyakorfez.com\"],\"url\":\"https:\/\/www.antalyakorfez.com\/yeniden-refah-antalyadan-vergi-sosyal-yardim-ve-tarim-cikisi\"}]}<\/script>\n<!-- \/ Yoast SEO Premium plugin. -->","yoast_head_json":{"title":"Yeniden Refah Antalya'dan vergi, sosyal yard\u0131m ve tar\u0131m \u00e7\u0131k\u0131\u015f\u0131! - Av. Deniz Can K\u0131z\u0131l","robots":{"index":"index","follow":"follow","max-snippet":"max-snippet:-1","max-image-preview":"max-image-preview:large","max-video-preview":"max-video-preview:-1"},"canonical":"http:\/\/denizcankizil.tr\/ru\/haberler\/gundem\/yeniden-refah-antalyadan-vergi-sosyal-yardim-ve-tarim-cikisi\/","og_locale":"ru_RU","og_type":"article","og_title":"Yeniden Refah Antalya'dan vergi, sosyal yard\u0131m ve tar\u0131m \u00e7\u0131k\u0131\u015f\u0131!","og_description":"Yeniden Refah Partisi Antalya \u0130l Ba\u015fkan\u0131 At\u0131n\u00e7 Korkmaz, partisinin Antalya \u0130l Ba\u015fkanl\u0131\u011f\u0131\u2019nda d\u00fczenledi\u011fi bas\u0131n toplant\u0131s\u0131nda h\u00fck\u00fcmete y\u00f6nelik dikkat \u00e7eken ele\u015ftirilerde bulundu. Korkmaz, y\u00fcksek enflasyon, artan vergiler, \u00e7ift\u00e7inin i\u00e7inde bulundu\u011fu zor durum ve engelli vatanda\u015flara y\u00f6nelik yetersiz desteklerin ve maa\u015f \u00f6demelerinin alt\u0131n\u0131 \u00e7izdi. Korkmaz, \u201cMillet ge\u00e7inemiyor, siz ise \u2018ara zam yok\u2019 diyorsunuz. Hangi dengeden, hangi ger\u00e7eklikten bahsediyorsunuz?\u201d diye sordu. \u201cSEBZE HAL\u0130NE DE\u011e\u0130L, \u0130HALELERE M\u00dcFETT\u0130\u015e YOLLAYACA\u011eIZ\u201d Ekonomik darbo\u011faz\u0131n halk\u0131 \u00e7\u00f6k\u00fc\u015fe s\u00fcr\u00fckledi\u011fini ifade eden \u0130l Ba\u015fkan\u0131 At\u0131n\u00e7 Korkmaz, vergi politikalar\u0131n\u0131 hedef alarak \u015fu ifadelerini kulland\u0131: \u201cHer 100 liral\u0131k \u00fcr\u00fcn\u00fcn i\u00e7inde 65 lira vergi var. Hazine ve Maliye Bakan\u0131, \u201c\u015eehirlere vergi memurlar\u0131 koyaca\u011f\u0131m\u201d diyor. Bu anlay\u0131\u015f \u00fcreticiyi ve pazarc\u0131y\u0131 bo\u011farken b\u00fcy\u00fck patronlar\u0131 g\u00f6rmezden geliyor. Yeniden Refah Partisi olarak vergi denetimlerini halka de\u011fil, harami d\u00fczene yapaca\u011f\u0131z. Sebze haline de\u011fil, israfa akan ihalelere m\u00fcfetti\u015f yollayaca\u011f\u0131z.\u201d \u201c\u00c7\u0130FT\u00c7\u0130 \u00dcRET\u0130M YAPAMAZ HALE GELD\u0130\u201d Tar\u0131m sekt\u00f6r\u00fcn\u00fcn b\u00fcy\u00fck kriz ya\u015fad\u0131\u011f\u0131n\u0131 s\u00f6yleyen Korkmaz, \u00e7ift\u00e7inin \u00fcretim yapamaz hale geldi\u011fini belirtti. G\u00fcbre, mazot ve ila\u00e7 gibi girdi maliyetlerinin her ge\u00e7en g\u00fcn katlanarak artt\u0131\u011f\u0131n\u0131 vurgulayan Korkmaz, \u201cT\u00fcrkiye, kendi topra\u011f\u0131nda \u00fcretemedi\u011fi \u00fcr\u00fcn\u00fc ithal etmek zorunda kal\u0131yor. Nerede bizim yerli \u00fcr\u00fcn\u00fcm\u00fcz, nerede bu milletin kendi \u00e7ift\u00e7isine verdi\u011fi destek? G\u0131da g\u00fcvenli\u011fimizi g\u00fcn ge\u00e7tik\u00e7e kaybediyoruz. Yeniden Refah iktidar\u0131nda faiz de\u011fil, tar\u0131m desteklenecek. Kaynak tarlaya, trakt\u00f6re, g\u00fcbreye ve tohuma gidecek\u201d &hellip;","og_url":"http:\/\/denizcankizil.tr\/ru\/haberler\/gundem\/yeniden-refah-antalyadan-vergi-sosyal-yardim-ve-tarim-cikisi\/","og_site_name":"Av. Deniz Can K\u0131z\u0131l","article_published_time":"2025-05-16T10:41:40+00:00","author":"Antalya K\u00f6rfez","twitter_card":"summary_large_image","twitter_misc":{"\u041d\u0430\u043f\u0438\u0441\u0430\u043d\u043e \u0430\u0432\u0442\u043e\u0440\u043e\u043c":"Antalya K\u00f6rfez","\u041f\u0440\u0438\u043c\u0435\u0440\u043d\u043e\u0435 \u0432\u0440\u0435\u043c\u044f \u0434\u043b\u044f \u0447\u0442\u0435\u043d\u0438\u044f":"3 \u043c\u0438\u043d\u0443\u0442\u044b"},"schema":{"@context":"https:\/\/schema.org","@graph":[{"@type":"Article","@id":"http:\/\/denizcankizil.tr\/ru\/haberler\/gundem\/yeniden-refah-antalyadan-vergi-sosyal-yardim-ve-tarim-cikisi\/#article","isPartOf":{"@id":"http:\/\/denizcankizil.tr\/ru\/haberler\/gundem\/yeniden-refah-antalyadan-vergi-sosyal-yardim-ve-tarim-cikisi\/"},"author":{"name":"Antalya K\u00f6rfez","@id":"https:\/\/denizcankizil.tr\/#\/schema\/person\/e1eb71bb4dd684d46563f0af307e1234"},"headline":"Yeniden Refah Antalya&#8217;dan vergi, sosyal yard\u0131m ve tar\u0131m \u00e7\u0131k\u0131\u015f\u0131!","datePublished":"2025-05-16T10:41:40+00:00","mainEntityOfPage":{"@id":"http:\/\/denizcankizil.tr\/ru\/haberler\/gundem\/yeniden-refah-antalyadan-vergi-sosyal-yardim-ve-tarim-cikisi\/"},"wordCount":577,"publisher":{"@id":"https:\/\/denizcankizil.tr\/#organization"},"articleSection":["G\u00fcndem"],"inLanguage":"ru-RU"},{"@type":"WebPage","@id":"http:\/\/denizcankizil.tr\/ru\/haberler\/gundem\/yeniden-refah-antalyadan-vergi-sosyal-yardim-ve-tarim-cikisi\/","url":"http:\/\/denizcankizil.tr\/ru\/haberler\/gundem\/yeniden-refah-antalyadan-vergi-sosyal-yardim-ve-tarim-cikisi\/","name":"Yeniden Refah Antalya'dan vergi, sosyal yard\u0131m ve tar\u0131m \u00e7\u0131k\u0131\u015f\u0131! - Av. Deniz Can K\u0131z\u0131l","isPartOf":{"@id":"https:\/\/denizcankizil.tr\/#website"},"datePublished":"2025-05-16T10:41:40+00:00","breadcrumb":{"@id":"http:\/\/denizcankizil.tr\/ru\/haberler\/gundem\/yeniden-refah-antalyadan-vergi-sosyal-yardim-ve-tarim-cikisi\/#breadcrumb"},"inLanguage":"ru-RU","potentialAction":[{"@type":"ReadAction","target":["http:\/\/denizcankizil.tr\/ru\/haberler\/gundem\/yeniden-refah-antalyadan-vergi-sosyal-yardim-ve-tarim-cikisi\/"]}]},{"@type":"BreadcrumbList","@id":"http:\/\/denizcankizil.tr\/ru\/haberler\/gundem\/yeniden-refah-antalyadan-vergi-sosyal-yardim-ve-tarim-cikisi\/#breadcrumb","itemListElement":[{"@type":"ListItem","position":1,"name":"Home","item":"https:\/\/denizcankizil.tr\/de\/"},{"@type":"ListItem","position":2,"name":"Yeniden Refah Antalya&#8217;dan vergi, sosyal yard\u0131m ve tar\u0131m \u00e7\u0131k\u0131\u015f\u0131!"}]},{"@type":"WebSite","@id":"https:\/\/denizcankizil.tr\/#website","url":"https:\/\/denizcankizil.tr\/","name":"Av. Deniz Can K\u0131z\u0131l","description":"Avukat Deniz Can K\u0131z\u0131l Antalya Barosu","publisher":{"@id":"https:\/\/denizcankizil.tr\/#organization"},"potentialAction":[{"@type":"SearchAction","target":{"@type":"EntryPoint","urlTemplate":"https:\/\/denizcankizil.tr\/?s={search_term_string}"},"query-input":{"@type":"PropertyValueSpecification","valueRequired":true,"valueName":"search_term_string"}}],"inLanguage":"ru-RU"},{"@type":"Organization","@id":"https:\/\/denizcankizil.tr\/#organization","name":"Av. Deniz Can K\u0131z\u0131l","url":"https:\/\/denizcankizil.tr\/","logo":{"@type":"ImageObject","inLanguage":"ru-RU","@id":"https:\/\/denizcankizil.tr\/#\/schema\/logo\/image\/","url":"http:\/\/denizcankizil.tr\/wp-content\/uploads\/2024\/10\/siyah-logo-svg.svg","contentUrl":"http:\/\/denizcankizil.tr\/wp-content\/uploads\/2024\/10\/siyah-logo-svg.svg","width":1080,"height":1080,"caption":"Av. Deniz Can K\u0131z\u0131l"},"image":{"@id":"https:\/\/denizcankizil.tr\/#\/schema\/logo\/image\/"}},{"@type":"Person","@id":"https:\/\/denizcankizil.tr\/#\/schema\/person\/e1eb71bb4dd684d46563f0af307e1234","name":"Antalya K\u00f6rfez","image":{"@type":"ImageObject","inLanguage":"ru-RU","@id":"https:\/\/denizcankizil.tr\/#\/schema\/person\/image\/","url":"https:\/\/secure.gravatar.com\/avatar\/42b01982558a48a0b501fdcab6a408d3717ea5919095ee2e67b0e521799c5905?s=96&d=mm&r=g","contentUrl":"https:\/\/secure.gravatar.com\/avatar\/42b01982558a48a0b501fdcab6a408d3717ea5919095ee2e67b0e521799c5905?s=96&d=mm&r=g","caption":"Antalya K\u00f6rfez"},"sameAs":["http:\/\/www.antalyakorfez.com"],"url":"https:\/\/www.antalyakorfez.com\/yeniden-refah-antalyadan-vergi-sosyal-yardim-ve-tarim-cikisi"}]}},"_links":{"self":[{"href":"http:\/\/denizcankizil.tr\/ru\/wp-json\/wp\/v2\/posts\/88374","targetHints":{"allow":["GET"]}}],"collection":[{"href":"http:\/\/denizcankizil.tr\/ru\/wp-json\/wp\/v2\/posts"}],"about":[{"href":"http:\/\/denizcankizil.tr\/ru\/wp-json\/wp\/v2\/types\/post"}],"author":[{"embeddable":true,"href":"http:\/\/denizcankizil.tr\/ru\/wp-json\/wp\/v2\/users\/5"}],"replies":[{"embeddable":true,"href":"http:\/\/denizcankizil.tr\/ru\/wp-json\/wp\/v2\/comments?post=88374"}],"version-history":[{"count":0,"href":"http:\/\/denizcankizil.tr\/ru\/wp-json\/wp\/v2\/posts\/88374\/revisions"}],"wp:attachment":[{"href":"http:\/\/denizcankizil.tr\/ru\/wp-json\/wp\/v2\/media?parent=88374"}],"wp:term":[{"taxonomy":"category","embeddable":true,"href":"http:\/\/denizcankizil.tr\/ru\/wp-json\/wp\/v2\/categories?post=88374"},{"taxonomy":"post_tag","embeddable":true,"href":"http:\/\/denizcankizil.tr\/ru\/wp-json\/wp\/v2\/tags?post=88374"}],"curies":[{"name":"wp","href":"https:\/\/api.w.org\/{rel}","templated":true}]}}