{"id":87144,"date":"2025-05-15T09:42:36","date_gmt":"2025-05-15T06:42:36","guid":{"rendered":"https:\/\/denizcankizil.tr\/uncategorized-tr\/depremde-kitabi-8-hayat-kurtaran-yazar\/"},"modified":"2025-05-15T09:42:36","modified_gmt":"2025-05-15T06:42:36","slug":"depremde-kitabi-8-hayat-kurtaran-yazar","status":"publish","type":"post","link":"http:\/\/denizcankizil.tr\/ru\/haberler\/gundem\/depremde-kitabi-8-hayat-kurtaran-yazar\/","title":{"rendered":"Depremde kitab\u0131 8 hayat kurtaran yazar\u2026"},"content":{"rendered":"<p>Y\u00fczy\u0131l\u0131n felaketine neden olan depremlerde \u0130skenderun\u2019da y\u0131k\u0131lan Arzu Apartman\u0131 enkaz\u0131nda bulunan, \u00fczerine &#8220;Umut varsa gelecek de var&#8221; notu d\u00fc\u015f\u00fclm\u00fc\u015f bir kitap, arama kurtarma ekiplerine ilham vererek 8 ki\u015finin sa\u011f kurtar\u0131lmas\u0131na vesile olmu\u015ftu. O kitab\u0131n yazar\u0131, Emekli Emniyet M\u00fcd\u00fcr\u00fc Mehmet Akif Can, iki yeni eseriyle yeniden okurlarla bulu\u015ftu.<\/p>\n<p>Deriko ve Mican adl\u0131 yeni romanlar\u0131 2025 y\u0131l\u0131 itibariyle Anadolu \u00c7\u0131nar Yay\u0131nlar\u0131 etiketiyle yay\u0131mland\u0131. Ger\u00e7ek olaylardan yola \u00e7\u0131karak yazd\u0131\u011f\u0131 kitaplar\u0131yla dikkat \u00e7eken Mehmet Akif Can, yeni eserlerinde de toplumsal \u00f6nyarg\u0131lar\u0131, inan\u00e7 ve k\u00fclt\u00fcr farkl\u0131l\u0131klar\u0131n\u0131 a\u015fan insani ba\u011flar\u0131 \u00f6n plana \u00e7\u0131kar\u0131yor.<\/p>\n<p>\u201cK\u0130TAPLAR SESS\u0130Z \u00d6\u011eRETMENLERD\u0130R\u201d<\/p>\n<p>1993 y\u0131l\u0131nda Emniyet Te\u015fkilat\u0131\u2019na giren, 2015 y\u0131l\u0131nda Emniyet M\u00fcd\u00fcr\u00fc r\u00fctbesiyle emekli olan Mehmet Akif Can, uzun y\u0131llar \u0130skenderun\u2019da \u00e7e\u015fitli birimlerde g\u00f6rev yapt\u0131. Kitap yazma ser\u00fcvenini aktaran eski emniyet m\u00fcd\u00fcr\u00fc Mehmet Akif Can \u201cKitap okumak bir sevda i\u015fidir. Kitaplar sessiz \u00f6\u011fretmenlerdir. Okunmad\u0131klar\u0131nda asl\u0131nda sessizce \u00e7\u0131\u011fl\u0131k atarlar. Emeklilik sonras\u0131 y\u0131llar\u0131n birikimini, g\u00f6revdeyken ya\u015fad\u0131klar\u0131m\u0131 ve g\u00f6zlemlerimi kaleme almak istedim. Herkesin bir eser b\u0131rakmas\u0131 gerekti\u011fine inan\u0131yorum\u201d dedi.<\/p>\n<p>\u0130LK K\u0130TABI HAYAT KURTARDI<\/p>\n<p>Yazar\u0131n 2021 y\u0131l\u0131nda yay\u0131mlanan ilk kitab\u0131 &#8220;Namlunun Ucundaki Hayatlar&#8221;, G\u00fcneydo\u011fu&#8217;da g\u00f6rev yapan g\u00fcvenlik g\u00fc\u00e7lerinin ve yerel halk\u0131n ya\u015fad\u0131\u011f\u0131 zorluklar\u0131, 1990&#8217;l\u0131 y\u0131llar\u0131n ter\u00f6r ortam\u0131n\u0131 ger\u00e7ek olaylardan yola \u00e7\u0131karak kurguluyor. Kitab\u0131n 2024 y\u0131l\u0131nda ikinci bask\u0131s\u0131 da yap\u0131ld\u0131.<\/p>\n<p>Depremde umut olan kitap ise yazar\u0131n ikinci eseri &#8220;Beni U\u00e7arken Vursunlar&#8221; oldu. Gaziantep y\u00f6resinde Kurtulu\u015f Sava\u015f\u0131 d\u00f6neminde ge\u00e7en olaylar\u0131 anlatan romanda, Ali adl\u0131 karakterin direni\u015fi ve m\u00fccadelesi anlat\u0131l\u0131yor. \u201cU\u00e7arken vurulmak\u201d ise, \u00f6zg\u00fcrl\u00fck ve m\u00fccadele temalar\u0131n\u0131 simgeliyor.<\/p>\n<p>DER\u0130KO VE M\u0130CAN<\/p>\n<p>Yazar\u0131n yeni kitaplar\u0131ndan &#8220;Deriko&#8221;, Suriye i\u00e7 sava\u015f\u0131nda ya\u015fanan dramatik olaylar\u0131 konu al\u0131yor. S\u00fcryani bir k\u0131z olan Deriko ile T\u00fcrkmen Alican\u2019\u0131n, zorluklara ra\u011fmen din, mezhep ve etnik k\u00f6ken ayr\u0131m\u0131n\u0131 a\u015fan a\u015fklar\u0131 anlat\u0131l\u0131yor. Kitapta ayr\u0131ca Suriye rejiminin T\u00fcrkmenlere y\u00f6nelik bask\u0131lar\u0131 ve cezaevlerinde ya\u015fanan ger\u00e7ek olaylar da yer al\u0131yor. Eser, Suriyeli m\u00fcltecilerle yap\u0131lan birebir g\u00f6r\u00fc\u015fmelerden derlenen bilgilerle kurguland\u0131.<\/p>\n<p>&#8220;Mican&#8221; ise, Ezidi bir gen\u00e7 k\u0131z ile atanamayan bir T\u00fcrk \u00f6\u011fretmenin a\u015fk hikayesini konu ediyor. Deprem sonras\u0131 yard\u0131m amac\u0131yla Gaziantep\u2019e gelen Mican ve Can\u2019\u0131n, toplumun ve ailelerin \u00f6n yarg\u0131lar\u0131na kar\u015f\u0131 verdikleri m\u00fccadele, kitab\u0131n temel temas\u0131n\u0131 olu\u015fturuyor. Eserde, inan\u00e7 ve k\u00fclt\u00fcr farkl\u0131l\u0131klar\u0131na ra\u011fmen sevgiyle \u00f6r\u00fclen bir ili\u015fkinin izleri s\u00fcr\u00fcl\u00fcyor.<\/p>\n<p>\u201cUMUT VARSA GELECEK DE VAR\u201d<\/p>\n<p>6 \u015eubat depreminde \u0130skenderun\u2019daki Arzu Apartman\u0131\u2019n\u0131n enkaz\u0131nda, yazar\u0131n &#8220;Beni U\u00e7arken Vursunlar&#8221; adl\u0131 kitab\u0131 bulunmu\u015ftu. Kitab\u0131n i\u00e7ine d\u00fc\u015f\u00fclen &#8220;Umut varsa, gelecek de var&#8221; notu, arama kurtarma ekiplerine ilham vererek \u00e7al\u0131\u015fmalar\u0131n sabaha kadar devam etmesini sa\u011flad\u0131. Sonu\u00e7ta, 8 vatanda\u015f enkazdan sa\u011f \u00e7\u0131kar\u0131ld\u0131.<\/p>\n<p>Mehmet Akif Can\u2019\u0131n t\u00fcm kitaplar\u0131, T\u00fcrkiye\u2019nin se\u00e7kin internet kitap ma\u011fazalar\u0131nda ve Anadolu Ay Yay\u0131nlar\u0131\u2019ndan temin edilebiliyor.<\/p>\n<p>\u200b6 \u015eubat depreminde kurtarma \u00e7al\u0131\u015fmalar\u0131 s\u0131ras\u0131nda kitab\u0131na d\u00fc\u015ft\u00fc\u011f\u00fc \u2018Umut varsa Gelecek var\u2019 notuyla enkazdan 8 can kurtar\u0131lmas\u0131na vesile olan yazar Eski Emniyet M\u00fcd\u00fcr\u00fc Mehmet Akif Can, yeni iki kitab\u0131n\u0131 daha okurlar\u0131yla bulu\u015fturdu.\u00a0<\/p>\n<p>\u200bHaberin Al\u0131nt\u0131land\u0131\u011f\u0131 Kaynak: www.iskenderun.org<\/p>","protected":false},"excerpt":{"rendered":"<p>Y\u00fczy\u0131l\u0131n felaketine neden olan depremlerde \u0130skenderun\u2019da y\u0131k\u0131lan Arzu Apartman\u0131 enkaz\u0131nda bulunan, \u00fczerine &#8220;Umut varsa gelecek de var&#8221; notu d\u00fc\u015f\u00fclm\u00fc\u015f bir kitap, arama kurtarma ekiplerine ilham vererek 8 ki\u015finin sa\u011f kurtar\u0131lmas\u0131na vesile olmu\u015ftu. O kitab\u0131n yazar\u0131, Emekli Emniyet M\u00fcd\u00fcr\u00fc Mehmet Akif Can, iki yeni eseriyle yeniden okurlarla bulu\u015ftu. Deriko ve Mican adl\u0131 yeni romanlar\u0131 2025 y\u0131l\u0131 itibariyle Anadolu \u00c7\u0131nar Yay\u0131nlar\u0131 etiketiyle yay\u0131mland\u0131. Ger\u00e7ek olaylardan yola \u00e7\u0131karak yazd\u0131\u011f\u0131 kitaplar\u0131yla dikkat \u00e7eken Mehmet Akif Can, yeni eserlerinde de toplumsal \u00f6nyarg\u0131lar\u0131, inan\u00e7 ve k\u00fclt\u00fcr farkl\u0131l\u0131klar\u0131n\u0131 a\u015fan insani ba\u011flar\u0131 \u00f6n plana \u00e7\u0131kar\u0131yor. \u201cK\u0130TAPLAR SESS\u0130Z \u00d6\u011eRETMENLERD\u0130R\u201d 1993 y\u0131l\u0131nda Emniyet Te\u015fkilat\u0131\u2019na giren, 2015 y\u0131l\u0131nda Emniyet M\u00fcd\u00fcr\u00fc r\u00fctbesiyle emekli olan Mehmet Akif Can, uzun y\u0131llar \u0130skenderun\u2019da \u00e7e\u015fitli birimlerde g\u00f6rev yapt\u0131. Kitap yazma ser\u00fcvenini aktaran eski emniyet m\u00fcd\u00fcr\u00fc Mehmet Akif Can \u201cKitap okumak bir sevda i\u015fidir. Kitaplar sessiz \u00f6\u011fretmenlerdir. Okunmad\u0131klar\u0131nda asl\u0131nda sessizce \u00e7\u0131\u011fl\u0131k atarlar. Emeklilik sonras\u0131 y\u0131llar\u0131n birikimini, g\u00f6revdeyken ya\u015fad\u0131klar\u0131m\u0131 ve g\u00f6zlemlerimi kaleme almak istedim. Herkesin bir eser b\u0131rakmas\u0131 gerekti\u011fine inan\u0131yorum\u201d dedi. \u0130LK K\u0130TABI HAYAT KURTARDI Yazar\u0131n 2021 y\u0131l\u0131nda yay\u0131mlanan ilk kitab\u0131 &#8220;Namlunun Ucundaki Hayatlar&#8221;, G\u00fcneydo\u011fu&#8217;da g\u00f6rev yapan g\u00fcvenlik g\u00fc\u00e7lerinin ve yerel halk\u0131n ya\u015fad\u0131\u011f\u0131 zorluklar\u0131, 1990&#8217;l\u0131 y\u0131llar\u0131n ter\u00f6r ortam\u0131n\u0131 ger\u00e7ek olaylardan yola \u00e7\u0131karak kurguluyor. Kitab\u0131n 2024 y\u0131l\u0131nda ikinci bask\u0131s\u0131 da yap\u0131ld\u0131. Depremde umut olan kitap ise yazar\u0131n ikinci eseri &hellip;<\/p>","protected":false},"author":1,"featured_media":0,"comment_status":"","ping_status":"open","sticky":false,"template":"","format":"standard","meta":{"_acf_changed":false,"footnotes":""},"categories":[24],"tags":[],"class_list":["post-87144","post","type-post","status-publish","format-standard","has-post-thumbnail","hentry","category-gundem"],"acf":[],"yoast_head":"<!-- This site is optimized with the Yoast SEO Premium plugin v26.6 (Yoast SEO v27.1.1) - https:\/\/yoast.com\/product\/yoast-seo-premium-wordpress\/ -->\n<title>Depremde kitab\u0131 8 hayat kurtaran yazar\u2026 - Av. Deniz Can K\u0131z\u0131l<\/title>\n<meta name=\"robots\" content=\"index, follow, max-snippet:-1, max-image-preview:large, max-video-preview:-1\" \/>\n<link rel=\"canonical\" href=\"http:\/\/denizcankizil.tr\/ru\/haberler\/gundem\/depremde-kitabi-8-hayat-kurtaran-yazar\/\" \/>\n<meta property=\"og:locale\" content=\"ru_RU\" \/>\n<meta property=\"og:type\" content=\"article\" \/>\n<meta property=\"og:title\" content=\"Depremde kitab\u0131 8 hayat kurtaran yazar\u2026\" \/>\n<meta property=\"og:description\" content=\"Y\u00fczy\u0131l\u0131n felaketine neden olan depremlerde \u0130skenderun\u2019da y\u0131k\u0131lan Arzu Apartman\u0131 enkaz\u0131nda bulunan, \u00fczerine &#8220;Umut varsa gelecek de var&#8221; notu d\u00fc\u015f\u00fclm\u00fc\u015f bir kitap, arama kurtarma ekiplerine ilham vererek 8 ki\u015finin sa\u011f kurtar\u0131lmas\u0131na vesile olmu\u015ftu. O kitab\u0131n yazar\u0131, Emekli Emniyet M\u00fcd\u00fcr\u00fc Mehmet Akif Can, iki yeni eseriyle yeniden okurlarla bulu\u015ftu. Deriko ve Mican adl\u0131 yeni romanlar\u0131 2025 y\u0131l\u0131 itibariyle Anadolu \u00c7\u0131nar Yay\u0131nlar\u0131 etiketiyle yay\u0131mland\u0131. Ger\u00e7ek olaylardan yola \u00e7\u0131karak yazd\u0131\u011f\u0131 kitaplar\u0131yla dikkat \u00e7eken Mehmet Akif Can, yeni eserlerinde de toplumsal \u00f6nyarg\u0131lar\u0131, inan\u00e7 ve k\u00fclt\u00fcr farkl\u0131l\u0131klar\u0131n\u0131 a\u015fan insani ba\u011flar\u0131 \u00f6n plana \u00e7\u0131kar\u0131yor. \u201cK\u0130TAPLAR SESS\u0130Z \u00d6\u011eRETMENLERD\u0130R\u201d 1993 y\u0131l\u0131nda Emniyet Te\u015fkilat\u0131\u2019na giren, 2015 y\u0131l\u0131nda Emniyet M\u00fcd\u00fcr\u00fc r\u00fctbesiyle emekli olan Mehmet Akif Can, uzun y\u0131llar \u0130skenderun\u2019da \u00e7e\u015fitli birimlerde g\u00f6rev yapt\u0131. Kitap yazma ser\u00fcvenini aktaran eski emniyet m\u00fcd\u00fcr\u00fc Mehmet Akif Can \u201cKitap okumak bir sevda i\u015fidir. Kitaplar sessiz \u00f6\u011fretmenlerdir. Okunmad\u0131klar\u0131nda asl\u0131nda sessizce \u00e7\u0131\u011fl\u0131k atarlar. Emeklilik sonras\u0131 y\u0131llar\u0131n birikimini, g\u00f6revdeyken ya\u015fad\u0131klar\u0131m\u0131 ve g\u00f6zlemlerimi kaleme almak istedim. Herkesin bir eser b\u0131rakmas\u0131 gerekti\u011fine inan\u0131yorum\u201d dedi. \u0130LK K\u0130TABI HAYAT KURTARDI Yazar\u0131n 2021 y\u0131l\u0131nda yay\u0131mlanan ilk kitab\u0131 &#8220;Namlunun Ucundaki Hayatlar&#8221;, G\u00fcneydo\u011fu&#8217;da g\u00f6rev yapan g\u00fcvenlik g\u00fc\u00e7lerinin ve yerel halk\u0131n ya\u015fad\u0131\u011f\u0131 zorluklar\u0131, 1990&#8217;l\u0131 y\u0131llar\u0131n ter\u00f6r ortam\u0131n\u0131 ger\u00e7ek olaylardan yola \u00e7\u0131karak kurguluyor. Kitab\u0131n 2024 y\u0131l\u0131nda ikinci bask\u0131s\u0131 da yap\u0131ld\u0131. Depremde umut olan kitap ise yazar\u0131n ikinci eseri &hellip;\" \/>\n<meta property=\"og:url\" content=\"http:\/\/denizcankizil.tr\/ru\/haberler\/gundem\/depremde-kitabi-8-hayat-kurtaran-yazar\/\" \/>\n<meta property=\"og:site_name\" content=\"Av. Deniz Can K\u0131z\u0131l\" \/>\n<meta property=\"article:published_time\" content=\"2025-05-15T06:42:36+00:00\" \/>\n<meta name=\"author\" content=\"admin\" \/>\n<meta name=\"twitter:card\" content=\"summary_large_image\" \/>\n<meta name=\"twitter:label1\" content=\"\u041d\u0430\u043f\u0438\u0441\u0430\u043d\u043e \u0430\u0432\u0442\u043e\u0440\u043e\u043c\" \/>\n\t<meta name=\"twitter:data1\" content=\"admin\" \/>\n\t<meta name=\"twitter:label2\" content=\"\u041f\u0440\u0438\u043c\u0435\u0440\u043d\u043e\u0435 \u0432\u0440\u0435\u043c\u044f \u0434\u043b\u044f \u0447\u0442\u0435\u043d\u0438\u044f\" \/>\n\t<meta name=\"twitter:data2\" content=\"3 \u043c\u0438\u043d\u0443\u0442\u044b\" \/>\n<script type=\"application\/ld+json\" class=\"yoast-schema-graph\">{\"@context\":\"https:\/\/schema.org\",\"@graph\":[{\"@type\":\"Article\",\"@id\":\"http:\/\/denizcankizil.tr\/ru\/haberler\/gundem\/depremde-kitabi-8-hayat-kurtaran-yazar\/#article\",\"isPartOf\":{\"@id\":\"http:\/\/denizcankizil.tr\/ru\/haberler\/gundem\/depremde-kitabi-8-hayat-kurtaran-yazar\/\"},\"author\":{\"name\":\"admin\",\"@id\":\"https:\/\/denizcankizil.tr\/de\/#\/schema\/person\/be3c05fe6a12686905512445d8185489\"},\"headline\":\"Depremde kitab\u0131 8 hayat kurtaran yazar\u2026\",\"datePublished\":\"2025-05-15T06:42:36+00:00\",\"mainEntityOfPage\":{\"@id\":\"http:\/\/denizcankizil.tr\/ru\/haberler\/gundem\/depremde-kitabi-8-hayat-kurtaran-yazar\/\"},\"wordCount\":621,\"publisher\":{\"@id\":\"https:\/\/denizcankizil.tr\/de\/#organization\"},\"articleSection\":[\"G\u00fcndem\"],\"inLanguage\":\"ru-RU\"},{\"@type\":\"WebPage\",\"@id\":\"http:\/\/denizcankizil.tr\/ru\/haberler\/gundem\/depremde-kitabi-8-hayat-kurtaran-yazar\/\",\"url\":\"http:\/\/denizcankizil.tr\/ru\/haberler\/gundem\/depremde-kitabi-8-hayat-kurtaran-yazar\/\",\"name\":\"Depremde kitab\u0131 8 hayat kurtaran yazar\u2026 - Av. Deniz Can K\u0131z\u0131l\",\"isPartOf\":{\"@id\":\"https:\/\/denizcankizil.tr\/de\/#website\"},\"datePublished\":\"2025-05-15T06:42:36+00:00\",\"breadcrumb\":{\"@id\":\"http:\/\/denizcankizil.tr\/ru\/haberler\/gundem\/depremde-kitabi-8-hayat-kurtaran-yazar\/#breadcrumb\"},\"inLanguage\":\"ru-RU\",\"potentialAction\":[{\"@type\":\"ReadAction\",\"target\":[\"http:\/\/denizcankizil.tr\/ru\/haberler\/gundem\/depremde-kitabi-8-hayat-kurtaran-yazar\/\"]}]},{\"@type\":\"BreadcrumbList\",\"@id\":\"http:\/\/denizcankizil.tr\/ru\/haberler\/gundem\/depremde-kitabi-8-hayat-kurtaran-yazar\/#breadcrumb\",\"itemListElement\":[{\"@type\":\"ListItem\",\"position\":1,\"name\":\"Home\",\"item\":\"https:\/\/denizcankizil.tr\/de\/\"},{\"@type\":\"ListItem\",\"position\":2,\"name\":\"Depremde kitab\u0131 8 hayat kurtaran yazar\u2026\"}]},{\"@type\":\"WebSite\",\"@id\":\"https:\/\/denizcankizil.tr\/de\/#website\",\"url\":\"https:\/\/denizcankizil.tr\/de\/\",\"name\":\"Av. Deniz Can K\u0131z\u0131l\",\"description\":\"Avukat Deniz Can K\u0131z\u0131l Antalya Barosu\",\"publisher\":{\"@id\":\"https:\/\/denizcankizil.tr\/de\/#organization\"},\"potentialAction\":[{\"@type\":\"SearchAction\",\"target\":{\"@type\":\"EntryPoint\",\"urlTemplate\":\"https:\/\/denizcankizil.tr\/de\/?s={search_term_string}\"},\"query-input\":{\"@type\":\"PropertyValueSpecification\",\"valueRequired\":true,\"valueName\":\"search_term_string\"}}],\"inLanguage\":\"ru-RU\"},{\"@type\":\"Organization\",\"@id\":\"https:\/\/denizcankizil.tr\/de\/#organization\",\"name\":\"Av. Deniz Can K\u0131z\u0131l\",\"url\":\"https:\/\/denizcankizil.tr\/de\/\",\"logo\":{\"@type\":\"ImageObject\",\"inLanguage\":\"ru-RU\",\"@id\":\"https:\/\/denizcankizil.tr\/de\/#\/schema\/logo\/image\/\",\"url\":\"http:\/\/denizcankizil.tr\/wp-content\/uploads\/2024\/10\/siyah-logo-svg.svg\",\"contentUrl\":\"http:\/\/denizcankizil.tr\/wp-content\/uploads\/2024\/10\/siyah-logo-svg.svg\",\"width\":1080,\"height\":1080,\"caption\":\"Av. Deniz Can K\u0131z\u0131l\"},\"image\":{\"@id\":\"https:\/\/denizcankizil.tr\/de\/#\/schema\/logo\/image\/\"}},{\"@type\":\"Person\",\"@id\":\"https:\/\/denizcankizil.tr\/de\/#\/schema\/person\/be3c05fe6a12686905512445d8185489\",\"name\":\"admin\",\"image\":{\"@type\":\"ImageObject\",\"inLanguage\":\"ru-RU\",\"@id\":\"https:\/\/denizcankizil.tr\/de\/#\/schema\/person\/image\/\",\"url\":\"https:\/\/secure.gravatar.com\/avatar\/c1fce94c830dc79107e174f890d7210541c4a63e8e5d816341794a2151c9d58c?s=96&d=mm&r=g\",\"contentUrl\":\"https:\/\/secure.gravatar.com\/avatar\/c1fce94c830dc79107e174f890d7210541c4a63e8e5d816341794a2151c9d58c?s=96&d=mm&r=g\",\"caption\":\"admin\"},\"sameAs\":[\"http:\/\/denizcankizil.tr\"],\"url\":\"https:\/\/www.iskenderun.org\/depremde-kitabi-8-hayat-kurtaran-yazar\"}]}<\/script>\n<!-- \/ Yoast SEO Premium plugin. -->","yoast_head_json":{"title":"Depremde kitab\u0131 8 hayat kurtaran yazar\u2026 - Av. Deniz Can K\u0131z\u0131l","robots":{"index":"index","follow":"follow","max-snippet":"max-snippet:-1","max-image-preview":"max-image-preview:large","max-video-preview":"max-video-preview:-1"},"canonical":"http:\/\/denizcankizil.tr\/ru\/haberler\/gundem\/depremde-kitabi-8-hayat-kurtaran-yazar\/","og_locale":"ru_RU","og_type":"article","og_title":"Depremde kitab\u0131 8 hayat kurtaran yazar\u2026","og_description":"Y\u00fczy\u0131l\u0131n felaketine neden olan depremlerde \u0130skenderun\u2019da y\u0131k\u0131lan Arzu Apartman\u0131 enkaz\u0131nda bulunan, \u00fczerine &#8220;Umut varsa gelecek de var&#8221; notu d\u00fc\u015f\u00fclm\u00fc\u015f bir kitap, arama kurtarma ekiplerine ilham vererek 8 ki\u015finin sa\u011f kurtar\u0131lmas\u0131na vesile olmu\u015ftu. O kitab\u0131n yazar\u0131, Emekli Emniyet M\u00fcd\u00fcr\u00fc Mehmet Akif Can, iki yeni eseriyle yeniden okurlarla bulu\u015ftu. Deriko ve Mican adl\u0131 yeni romanlar\u0131 2025 y\u0131l\u0131 itibariyle Anadolu \u00c7\u0131nar Yay\u0131nlar\u0131 etiketiyle yay\u0131mland\u0131. Ger\u00e7ek olaylardan yola \u00e7\u0131karak yazd\u0131\u011f\u0131 kitaplar\u0131yla dikkat \u00e7eken Mehmet Akif Can, yeni eserlerinde de toplumsal \u00f6nyarg\u0131lar\u0131, inan\u00e7 ve k\u00fclt\u00fcr farkl\u0131l\u0131klar\u0131n\u0131 a\u015fan insani ba\u011flar\u0131 \u00f6n plana \u00e7\u0131kar\u0131yor. \u201cK\u0130TAPLAR SESS\u0130Z \u00d6\u011eRETMENLERD\u0130R\u201d 1993 y\u0131l\u0131nda Emniyet Te\u015fkilat\u0131\u2019na giren, 2015 y\u0131l\u0131nda Emniyet M\u00fcd\u00fcr\u00fc r\u00fctbesiyle emekli olan Mehmet Akif Can, uzun y\u0131llar \u0130skenderun\u2019da \u00e7e\u015fitli birimlerde g\u00f6rev yapt\u0131. Kitap yazma ser\u00fcvenini aktaran eski emniyet m\u00fcd\u00fcr\u00fc Mehmet Akif Can \u201cKitap okumak bir sevda i\u015fidir. Kitaplar sessiz \u00f6\u011fretmenlerdir. Okunmad\u0131klar\u0131nda asl\u0131nda sessizce \u00e7\u0131\u011fl\u0131k atarlar. Emeklilik sonras\u0131 y\u0131llar\u0131n birikimini, g\u00f6revdeyken ya\u015fad\u0131klar\u0131m\u0131 ve g\u00f6zlemlerimi kaleme almak istedim. Herkesin bir eser b\u0131rakmas\u0131 gerekti\u011fine inan\u0131yorum\u201d dedi. \u0130LK K\u0130TABI HAYAT KURTARDI Yazar\u0131n 2021 y\u0131l\u0131nda yay\u0131mlanan ilk kitab\u0131 &#8220;Namlunun Ucundaki Hayatlar&#8221;, G\u00fcneydo\u011fu&#8217;da g\u00f6rev yapan g\u00fcvenlik g\u00fc\u00e7lerinin ve yerel halk\u0131n ya\u015fad\u0131\u011f\u0131 zorluklar\u0131, 1990&#8217;l\u0131 y\u0131llar\u0131n ter\u00f6r ortam\u0131n\u0131 ger\u00e7ek olaylardan yola \u00e7\u0131karak kurguluyor. Kitab\u0131n 2024 y\u0131l\u0131nda ikinci bask\u0131s\u0131 da yap\u0131ld\u0131. Depremde umut olan kitap ise yazar\u0131n ikinci eseri &hellip;","og_url":"http:\/\/denizcankizil.tr\/ru\/haberler\/gundem\/depremde-kitabi-8-hayat-kurtaran-yazar\/","og_site_name":"Av. Deniz Can K\u0131z\u0131l","article_published_time":"2025-05-15T06:42:36+00:00","author":"admin","twitter_card":"summary_large_image","twitter_misc":{"\u041d\u0430\u043f\u0438\u0441\u0430\u043d\u043e \u0430\u0432\u0442\u043e\u0440\u043e\u043c":"admin","\u041f\u0440\u0438\u043c\u0435\u0440\u043d\u043e\u0435 \u0432\u0440\u0435\u043c\u044f \u0434\u043b\u044f \u0447\u0442\u0435\u043d\u0438\u044f":"3 \u043c\u0438\u043d\u0443\u0442\u044b"},"schema":{"@context":"https:\/\/schema.org","@graph":[{"@type":"Article","@id":"http:\/\/denizcankizil.tr\/ru\/haberler\/gundem\/depremde-kitabi-8-hayat-kurtaran-yazar\/#article","isPartOf":{"@id":"http:\/\/denizcankizil.tr\/ru\/haberler\/gundem\/depremde-kitabi-8-hayat-kurtaran-yazar\/"},"author":{"name":"admin","@id":"https:\/\/denizcankizil.tr\/de\/#\/schema\/person\/be3c05fe6a12686905512445d8185489"},"headline":"Depremde kitab\u0131 8 hayat kurtaran yazar\u2026","datePublished":"2025-05-15T06:42:36+00:00","mainEntityOfPage":{"@id":"http:\/\/denizcankizil.tr\/ru\/haberler\/gundem\/depremde-kitabi-8-hayat-kurtaran-yazar\/"},"wordCount":621,"publisher":{"@id":"https:\/\/denizcankizil.tr\/de\/#organization"},"articleSection":["G\u00fcndem"],"inLanguage":"ru-RU"},{"@type":"WebPage","@id":"http:\/\/denizcankizil.tr\/ru\/haberler\/gundem\/depremde-kitabi-8-hayat-kurtaran-yazar\/","url":"http:\/\/denizcankizil.tr\/ru\/haberler\/gundem\/depremde-kitabi-8-hayat-kurtaran-yazar\/","name":"Depremde kitab\u0131 8 hayat kurtaran yazar\u2026 - Av. Deniz Can K\u0131z\u0131l","isPartOf":{"@id":"https:\/\/denizcankizil.tr\/de\/#website"},"datePublished":"2025-05-15T06:42:36+00:00","breadcrumb":{"@id":"http:\/\/denizcankizil.tr\/ru\/haberler\/gundem\/depremde-kitabi-8-hayat-kurtaran-yazar\/#breadcrumb"},"inLanguage":"ru-RU","potentialAction":[{"@type":"ReadAction","target":["http:\/\/denizcankizil.tr\/ru\/haberler\/gundem\/depremde-kitabi-8-hayat-kurtaran-yazar\/"]}]},{"@type":"BreadcrumbList","@id":"http:\/\/denizcankizil.tr\/ru\/haberler\/gundem\/depremde-kitabi-8-hayat-kurtaran-yazar\/#breadcrumb","itemListElement":[{"@type":"ListItem","position":1,"name":"Home","item":"https:\/\/denizcankizil.tr\/de\/"},{"@type":"ListItem","position":2,"name":"Depremde kitab\u0131 8 hayat kurtaran yazar\u2026"}]},{"@type":"WebSite","@id":"https:\/\/denizcankizil.tr\/de\/#website","url":"https:\/\/denizcankizil.tr\/de\/","name":"Av. Deniz Can K\u0131z\u0131l","description":"Avukat Deniz Can K\u0131z\u0131l Antalya Barosu","publisher":{"@id":"https:\/\/denizcankizil.tr\/de\/#organization"},"potentialAction":[{"@type":"SearchAction","target":{"@type":"EntryPoint","urlTemplate":"https:\/\/denizcankizil.tr\/de\/?s={search_term_string}"},"query-input":{"@type":"PropertyValueSpecification","valueRequired":true,"valueName":"search_term_string"}}],"inLanguage":"ru-RU"},{"@type":"Organization","@id":"https:\/\/denizcankizil.tr\/de\/#organization","name":"Av. Deniz Can K\u0131z\u0131l","url":"https:\/\/denizcankizil.tr\/de\/","logo":{"@type":"ImageObject","inLanguage":"ru-RU","@id":"https:\/\/denizcankizil.tr\/de\/#\/schema\/logo\/image\/","url":"http:\/\/denizcankizil.tr\/wp-content\/uploads\/2024\/10\/siyah-logo-svg.svg","contentUrl":"http:\/\/denizcankizil.tr\/wp-content\/uploads\/2024\/10\/siyah-logo-svg.svg","width":1080,"height":1080,"caption":"Av. Deniz Can K\u0131z\u0131l"},"image":{"@id":"https:\/\/denizcankizil.tr\/de\/#\/schema\/logo\/image\/"}},{"@type":"Person","@id":"https:\/\/denizcankizil.tr\/de\/#\/schema\/person\/be3c05fe6a12686905512445d8185489","name":"\u0430\u0434\u043c\u0438\u043d","image":{"@type":"ImageObject","inLanguage":"ru-RU","@id":"https:\/\/denizcankizil.tr\/de\/#\/schema\/person\/image\/","url":"https:\/\/secure.gravatar.com\/avatar\/c1fce94c830dc79107e174f890d7210541c4a63e8e5d816341794a2151c9d58c?s=96&d=mm&r=g","contentUrl":"https:\/\/secure.gravatar.com\/avatar\/c1fce94c830dc79107e174f890d7210541c4a63e8e5d816341794a2151c9d58c?s=96&d=mm&r=g","caption":"admin"},"sameAs":["http:\/\/denizcankizil.tr"],"url":"https:\/\/www.iskenderun.org\/depremde-kitabi-8-hayat-kurtaran-yazar"}]}},"_links":{"self":[{"href":"http:\/\/denizcankizil.tr\/ru\/wp-json\/wp\/v2\/posts\/87144","targetHints":{"allow":["GET"]}}],"collection":[{"href":"http:\/\/denizcankizil.tr\/ru\/wp-json\/wp\/v2\/posts"}],"about":[{"href":"http:\/\/denizcankizil.tr\/ru\/wp-json\/wp\/v2\/types\/post"}],"author":[{"embeddable":true,"href":"http:\/\/denizcankizil.tr\/ru\/wp-json\/wp\/v2\/users\/1"}],"replies":[{"embeddable":true,"href":"http:\/\/denizcankizil.tr\/ru\/wp-json\/wp\/v2\/comments?post=87144"}],"version-history":[{"count":0,"href":"http:\/\/denizcankizil.tr\/ru\/wp-json\/wp\/v2\/posts\/87144\/revisions"}],"wp:attachment":[{"href":"http:\/\/denizcankizil.tr\/ru\/wp-json\/wp\/v2\/media?parent=87144"}],"wp:term":[{"taxonomy":"category","embeddable":true,"href":"http:\/\/denizcankizil.tr\/ru\/wp-json\/wp\/v2\/categories?post=87144"},{"taxonomy":"post_tag","embeddable":true,"href":"http:\/\/denizcankizil.tr\/ru\/wp-json\/wp\/v2\/tags?post=87144"}],"curies":[{"name":"wp","href":"https:\/\/api.w.org\/{rel}","templated":true}]}}