{"id":86393,"date":"2025-05-14T16:42:03","date_gmt":"2025-05-14T13:42:03","guid":{"rendered":"https:\/\/denizcankizil.tr\/uncategorized-tr\/akdeniz-universitesinin-aci-gunu-prof-dr-coskun-usta-son-yolculuguna-ugurlandi\/"},"modified":"2025-05-14T16:42:03","modified_gmt":"2025-05-14T13:42:03","slug":"akdeniz-universitesinin-aci-gunu-prof-dr-coskun-usta-son-yolculuguna-ugurlandi","status":"publish","type":"post","link":"http:\/\/denizcankizil.tr\/ru\/haberler\/gundem\/akdeniz-universitesinin-aci-gunu-prof-dr-coskun-usta-son-yolculuguna-ugurlandi\/","title":{"rendered":"Akdeniz \u00dcniversitesi\u2019nin ac\u0131 g\u00fcn\u00fc! Prof. Dr. Co\u015fkun Usta son yolculu\u011funa u\u011furland\u0131"},"content":{"rendered":"<p>Akdeniz \u00dcniversitesi T\u0131p Fak\u00fcltesi T\u0131bbi Farmakoloji Ana Bilim Dal\u0131 \u00d6\u011fretim \u00dcyesi Prof. Dr. Co\u015fkun Usta, ge\u00e7ti\u011fimiz g\u00fcn ge\u00e7irdi\u011fi akci\u011fer enfeksiyonu sonucu hayat\u0131n\u0131 kaybetti etti. Usta, bug\u00fcn yap\u0131lan cenaze t\u00f6reninde meslekta\u015flar\u0131 ve \u00f6\u011frencilerinin omzunda son yolculu\u011funa u\u011furland\u0131. Akdeniz \u00dcniversitesi T\u0131p Fak\u00fcltesi T\u0131bbi Farmakoloji Ana Bilim Dal\u0131 \u00d6\u011fretim \u00dcyesi Prof. Dr. Co\u015fkun Usta i\u00e7in T\u0131p Fak\u00fcltesi Dekanl\u0131k Binas\u0131 B Blok alan\u0131nda cenaze t\u00f6reni d\u00fczenlendi. T\u00f6rene Akdeniz \u00dcniversitesi Rekt\u00f6r\u00fc Prof. Dr. \u00d6zlenen \u00d6zkan, Rekt\u00f6r Yard\u0131mc\u0131lar\u0131 Prof. Dr. Ay\u015fe G\u00fclbin Ar\u0131c\u0131, T\u0131p Fak\u00fcltesi Dekan\u0131 Prof. Dr. Ye\u015fim \u015eenol, Hastane Ba\u015fhekimi Prof. Dr. Y\u0131ld\u0131ray \u00c7ete, T\u0131p Fak\u00fcltesi Dekan Yard\u0131mc\u0131lar\u0131 Prof. Dr. Neval Boztu\u011f, Prof. Dr. G\u00fcler Leyla Sat\u0131 Duran, hastane ba\u015fhekim yard\u0131mc\u0131lar\u0131, akademisyenler, Prof. Dr. Co\u015fkun Usta\u2019n\u0131n ailesi ve yak\u0131nlar\u0131 ile \u00f6\u011frenciler kat\u0131ld\u0131.<\/p>\n<p>\u201c\u00c7OK HAYATA BA\u011eLI B\u0130R \u0130NSANDI\u201d<\/p>\n<p>Akdeniz \u00dcniversitesi Rekt\u00f6r\u00fc Prof. Dr. \u00d6zlenen \u00d6zkan, \u201cProf. Dr. Co\u015fkun Usta, cenaze t\u00f6reninden de anla\u015f\u0131laca\u011f\u0131 \u00fczere \u00e7ok sevilen bir hocayd\u0131. Bir akci\u011fer enfeksiyonu nedeniyle yat\u0131rm\u0131\u015ft\u0131k. \u00c7ok m\u00fccadele edildi ama maalesef Co\u015fkun hocam\u0131z\u0131 kaybettik. \u00c7ok hayata ba\u011fl\u0131 bir insand\u0131 kendisi, \u00e7ok ne\u015feli, her \u015feye \u00e7ok pozitif bakan bir insand\u0131. Gen\u00e7ti ve altta yatan bir sebep yoktu bizim bildi\u011fimiz, sa\u011fl\u0131kl\u0131 ya\u015fayan birisiydi. Anlam veremedi\u011fimiz ciddi bir enfeksiyon nedeniyle kaybettik. Ba\u015f\u0131m\u0131z sa\u011f olsun. Allah rahmet eylesin.\u201d dedi.<\/p>\n<p>\u201cCO\u015eKULU KIZAR, CO\u015eKULU DERS ANLATIRDI\u201d<\/p>\n<p>T\u0131p Fak\u00fcltesi Dekan\u0131 Prof. Dr. Ye\u015fim \u015eenol \u201cCo\u015fkun Usta Hoca ile \u00e7ok benzer zamanlarda uzmanl\u0131k e\u011fitimini ald\u0131k. Akademisyenlikte bir aradayd\u0131k. Ger\u00e7ekten ismi gibi co\u015fkulu bir insand\u0131. Ge\u00e7ti\u011fi yerde r\u00fczg\u00e2r estirirdi. Duygular\u0131n\u0131 \u00e7ok b\u00fcy\u00fck ya\u015fayan bir insand\u0131. Co\u015fkulu g\u00fcler, co\u015fkulu k\u0131zar, co\u015fkulu ders anlat\u0131rd\u0131. Kalplere dokunan bir \u00f6\u011fretim \u00fcyesiydi. Farmakoloji dersini sevdiren farmakolojinin e\u011flenceli y\u00f6nlerini de anlatan kendisi gibi dersi de g\u00fczel olan bir arkada\u015f\u0131m\u0131zd\u0131. \u00c7ok erken ayr\u0131ld\u0131 aram\u0131zdan. Ba\u015fta ailesi olmak \u00fczere, yak\u0131nlar\u0131na ve fak\u00fcltemize sab\u0131rlar diliyorum. Mek\u00e2n\u0131 cennet olsun. Ger\u00e7ekten yerini dolduramayaca\u011f\u0131m\u0131z\u0131 d\u00fc\u015f\u00fcn\u00fcyorum&#8221; diye konu\u015ftu.<\/p>\n<p>\u201cO NE YAPTIYSA AYNISINI YAPTIM\u201d<\/p>\n<p>Prof. Dr. Co\u015fkun Usta\u2019n\u0131n karde\u015fi \u00c7anakkale Onsekiz Mart \u00dcniversitesi T\u0131p Fak\u00fcltesi Dekan\u0131 Prof. Dr. Semra Usta, \u201cAbim ailesinin her zaman gurur duydu\u011fu bir evlat, fedak\u00e2r bir baba, e\u015f, \u00f6\u011frencilerine \u00f6rnek bir hoca, \u00e7ok dost, \u00e7ok sevecen, duayen bir akademisyendi. Ben onu hep bir y\u0131l arayla pe\u015finden ko\u015farak takip ettim. O ne yapt\u0131ysa ayn\u0131s\u0131n\u0131 yapt\u0131m. Fak\u00fcltesini okudum diye ben de t\u0131p okudum. Hep ard\u0131ndan ko\u015ftum ama ona yeti\u015femedim. \u00c7ok farkl\u0131 bir ki\u015filikti ger\u00e7ekten. Nazik, sevecen, sportmen, asil bamba\u015fka bir insand\u0131&#8221; ifadelerini kulland\u0131. Prof. Dr. Co\u015fkun Usta i\u00e7in d\u00fczenlenen cenaze t\u00f6reninin ard\u0131ndan naa\u015f\u0131, Kur\u015funlu Mezarl\u0131\u011f\u0131\u2019na defnedildi.<\/p>\n<p>\u200bHayat\u0131n\u0131 kaybeden Akdeniz \u00dcniversitesi T\u0131p Fak\u00fcltesi T\u0131bbi Farmakoloji Ana Bilim Dal\u0131 \u00d6\u011fretim \u00dcyesi Prof. Dr. Co\u015fkun Usta i\u00e7in Akdeniz \u00dcniversitesi&#8217;nde t\u00f6ren d\u00fczenlendi. Usta&#8217;n\u0131n cenaze t\u00f6reninde \u00f6\u011frencileri g\u00f6z ya\u015flar\u0131na hakim olamad\u0131\u00a0<\/p>\n<p>\u200bHaberin Al\u0131nt\u0131land\u0131\u011f\u0131 Kaynak: www.antalyakorfez.com<\/p>","protected":false},"excerpt":{"rendered":"<p>Akdeniz \u00dcniversitesi T\u0131p Fak\u00fcltesi T\u0131bbi Farmakoloji Ana Bilim Dal\u0131 \u00d6\u011fretim \u00dcyesi Prof. Dr. Co\u015fkun Usta, ge\u00e7ti\u011fimiz g\u00fcn ge\u00e7irdi\u011fi akci\u011fer enfeksiyonu sonucu hayat\u0131n\u0131 kaybetti etti. Usta, bug\u00fcn yap\u0131lan cenaze t\u00f6reninde meslekta\u015flar\u0131 ve \u00f6\u011frencilerinin omzunda son yolculu\u011funa u\u011furland\u0131. Akdeniz \u00dcniversitesi T\u0131p Fak\u00fcltesi T\u0131bbi Farmakoloji Ana Bilim Dal\u0131 \u00d6\u011fretim \u00dcyesi Prof. Dr. Co\u015fkun Usta i\u00e7in T\u0131p Fak\u00fcltesi Dekanl\u0131k Binas\u0131 B Blok alan\u0131nda cenaze t\u00f6reni d\u00fczenlendi. T\u00f6rene Akdeniz \u00dcniversitesi Rekt\u00f6r\u00fc Prof. Dr. \u00d6zlenen \u00d6zkan, Rekt\u00f6r Yard\u0131mc\u0131lar\u0131 Prof. Dr. Ay\u015fe G\u00fclbin Ar\u0131c\u0131, T\u0131p Fak\u00fcltesi Dekan\u0131 Prof. Dr. Ye\u015fim \u015eenol, Hastane Ba\u015fhekimi Prof. Dr. Y\u0131ld\u0131ray \u00c7ete, T\u0131p Fak\u00fcltesi Dekan Yard\u0131mc\u0131lar\u0131 Prof. Dr. Neval Boztu\u011f, Prof. Dr. G\u00fcler Leyla Sat\u0131 Duran, hastane ba\u015fhekim yard\u0131mc\u0131lar\u0131, akademisyenler, Prof. Dr. Co\u015fkun Usta\u2019n\u0131n ailesi ve yak\u0131nlar\u0131 ile \u00f6\u011frenciler kat\u0131ld\u0131. \u201c\u00c7OK HAYATA BA\u011eLI B\u0130R \u0130NSANDI\u201d Akdeniz \u00dcniversitesi Rekt\u00f6r\u00fc Prof. Dr. \u00d6zlenen \u00d6zkan, \u201cProf. Dr. Co\u015fkun Usta, cenaze t\u00f6reninden de anla\u015f\u0131laca\u011f\u0131 \u00fczere \u00e7ok sevilen bir hocayd\u0131. Bir akci\u011fer enfeksiyonu nedeniyle yat\u0131rm\u0131\u015ft\u0131k. \u00c7ok m\u00fccadele edildi ama maalesef Co\u015fkun hocam\u0131z\u0131 kaybettik. \u00c7ok hayata ba\u011fl\u0131 bir insand\u0131 kendisi, \u00e7ok ne\u015feli, her \u015feye \u00e7ok pozitif bakan bir insand\u0131. Gen\u00e7ti ve altta yatan bir sebep yoktu bizim bildi\u011fimiz, sa\u011fl\u0131kl\u0131 ya\u015fayan birisiydi. Anlam veremedi\u011fimiz ciddi bir enfeksiyon nedeniyle kaybettik. Ba\u015f\u0131m\u0131z sa\u011f olsun. Allah rahmet eylesin.\u201d dedi. \u201cCO\u015eKULU KIZAR, CO\u015eKULU &hellip;<\/p>","protected":false},"author":5,"featured_media":0,"comment_status":"","ping_status":"open","sticky":false,"template":"","format":"standard","meta":{"_acf_changed":false,"footnotes":""},"categories":[24],"tags":[],"class_list":["post-86393","post","type-post","status-publish","format-standard","has-post-thumbnail","hentry","category-gundem"],"acf":[],"yoast_head":"<!-- This site is optimized with the Yoast SEO Premium plugin v26.6 (Yoast SEO v27.1.1) - https:\/\/yoast.com\/product\/yoast-seo-premium-wordpress\/ -->\n<title>Akdeniz \u00dcniversitesi\u2019nin ac\u0131 g\u00fcn\u00fc! Prof. Dr. Co\u015fkun Usta son yolculu\u011funa u\u011furland\u0131 - Av. Deniz Can K\u0131z\u0131l<\/title>\n<meta name=\"robots\" content=\"index, follow, max-snippet:-1, max-image-preview:large, max-video-preview:-1\" \/>\n<link rel=\"canonical\" href=\"http:\/\/denizcankizil.tr\/ru\/haberler\/gundem\/akdeniz-universitesinin-aci-gunu-prof-dr-coskun-usta-son-yolculuguna-ugurlandi\/\" \/>\n<meta property=\"og:locale\" content=\"ru_RU\" \/>\n<meta property=\"og:type\" content=\"article\" \/>\n<meta property=\"og:title\" content=\"Akdeniz \u00dcniversitesi\u2019nin ac\u0131 g\u00fcn\u00fc! Prof. Dr. Co\u015fkun Usta son yolculu\u011funa u\u011furland\u0131\" \/>\n<meta property=\"og:description\" content=\"Akdeniz \u00dcniversitesi T\u0131p Fak\u00fcltesi T\u0131bbi Farmakoloji Ana Bilim Dal\u0131 \u00d6\u011fretim \u00dcyesi Prof. Dr. Co\u015fkun Usta, ge\u00e7ti\u011fimiz g\u00fcn ge\u00e7irdi\u011fi akci\u011fer enfeksiyonu sonucu hayat\u0131n\u0131 kaybetti etti. Usta, bug\u00fcn yap\u0131lan cenaze t\u00f6reninde meslekta\u015flar\u0131 ve \u00f6\u011frencilerinin omzunda son yolculu\u011funa u\u011furland\u0131. Akdeniz \u00dcniversitesi T\u0131p Fak\u00fcltesi T\u0131bbi Farmakoloji Ana Bilim Dal\u0131 \u00d6\u011fretim \u00dcyesi Prof. Dr. Co\u015fkun Usta i\u00e7in T\u0131p Fak\u00fcltesi Dekanl\u0131k Binas\u0131 B Blok alan\u0131nda cenaze t\u00f6reni d\u00fczenlendi. T\u00f6rene Akdeniz \u00dcniversitesi Rekt\u00f6r\u00fc Prof. Dr. \u00d6zlenen \u00d6zkan, Rekt\u00f6r Yard\u0131mc\u0131lar\u0131 Prof. Dr. Ay\u015fe G\u00fclbin Ar\u0131c\u0131, T\u0131p Fak\u00fcltesi Dekan\u0131 Prof. Dr. Ye\u015fim \u015eenol, Hastane Ba\u015fhekimi Prof. Dr. Y\u0131ld\u0131ray \u00c7ete, T\u0131p Fak\u00fcltesi Dekan Yard\u0131mc\u0131lar\u0131 Prof. Dr. Neval Boztu\u011f, Prof. Dr. G\u00fcler Leyla Sat\u0131 Duran, hastane ba\u015fhekim yard\u0131mc\u0131lar\u0131, akademisyenler, Prof. Dr. Co\u015fkun Usta\u2019n\u0131n ailesi ve yak\u0131nlar\u0131 ile \u00f6\u011frenciler kat\u0131ld\u0131. \u201c\u00c7OK HAYATA BA\u011eLI B\u0130R \u0130NSANDI\u201d Akdeniz \u00dcniversitesi Rekt\u00f6r\u00fc Prof. Dr. \u00d6zlenen \u00d6zkan, \u201cProf. Dr. Co\u015fkun Usta, cenaze t\u00f6reninden de anla\u015f\u0131laca\u011f\u0131 \u00fczere \u00e7ok sevilen bir hocayd\u0131. Bir akci\u011fer enfeksiyonu nedeniyle yat\u0131rm\u0131\u015ft\u0131k. \u00c7ok m\u00fccadele edildi ama maalesef Co\u015fkun hocam\u0131z\u0131 kaybettik. \u00c7ok hayata ba\u011fl\u0131 bir insand\u0131 kendisi, \u00e7ok ne\u015feli, her \u015feye \u00e7ok pozitif bakan bir insand\u0131. Gen\u00e7ti ve altta yatan bir sebep yoktu bizim bildi\u011fimiz, sa\u011fl\u0131kl\u0131 ya\u015fayan birisiydi. Anlam veremedi\u011fimiz ciddi bir enfeksiyon nedeniyle kaybettik. Ba\u015f\u0131m\u0131z sa\u011f olsun. Allah rahmet eylesin.\u201d dedi. \u201cCO\u015eKULU KIZAR, CO\u015eKULU &hellip;\" \/>\n<meta property=\"og:url\" content=\"http:\/\/denizcankizil.tr\/ru\/haberler\/gundem\/akdeniz-universitesinin-aci-gunu-prof-dr-coskun-usta-son-yolculuguna-ugurlandi\/\" \/>\n<meta property=\"og:site_name\" content=\"Av. Deniz Can K\u0131z\u0131l\" \/>\n<meta property=\"article:published_time\" content=\"2025-05-14T13:42:03+00:00\" \/>\n<meta name=\"author\" content=\"Antalya K\u00f6rfez\" \/>\n<meta name=\"twitter:card\" content=\"summary_large_image\" \/>\n<meta name=\"twitter:label1\" content=\"\u041d\u0430\u043f\u0438\u0441\u0430\u043d\u043e \u0430\u0432\u0442\u043e\u0440\u043e\u043c\" \/>\n\t<meta name=\"twitter:data1\" content=\"Antalya K\u00f6rfez\" \/>\n\t<meta name=\"twitter:label2\" content=\"\u041f\u0440\u0438\u043c\u0435\u0440\u043d\u043e\u0435 \u0432\u0440\u0435\u043c\u044f \u0434\u043b\u044f \u0447\u0442\u0435\u043d\u0438\u044f\" \/>\n\t<meta name=\"twitter:data2\" content=\"3 \u043c\u0438\u043d\u0443\u0442\u044b\" \/>\n<script type=\"application\/ld+json\" class=\"yoast-schema-graph\">{\"@context\":\"https:\/\/schema.org\",\"@graph\":[{\"@type\":\"Article\",\"@id\":\"http:\/\/denizcankizil.tr\/ru\/haberler\/gundem\/akdeniz-universitesinin-aci-gunu-prof-dr-coskun-usta-son-yolculuguna-ugurlandi\/#article\",\"isPartOf\":{\"@id\":\"http:\/\/denizcankizil.tr\/ru\/haberler\/gundem\/akdeniz-universitesinin-aci-gunu-prof-dr-coskun-usta-son-yolculuguna-ugurlandi\/\"},\"author\":{\"name\":\"Antalya K\u00f6rfez\",\"@id\":\"https:\/\/denizcankizil.tr\/de\/#\/schema\/person\/e1eb71bb4dd684d46563f0af307e1234\"},\"headline\":\"Akdeniz \u00dcniversitesi\u2019nin ac\u0131 g\u00fcn\u00fc! Prof. Dr. Co\u015fkun Usta son yolculu\u011funa u\u011furland\u0131\",\"datePublished\":\"2025-05-14T13:42:03+00:00\",\"mainEntityOfPage\":{\"@id\":\"http:\/\/denizcankizil.tr\/ru\/haberler\/gundem\/akdeniz-universitesinin-aci-gunu-prof-dr-coskun-usta-son-yolculuguna-ugurlandi\/\"},\"wordCount\":609,\"publisher\":{\"@id\":\"https:\/\/denizcankizil.tr\/de\/#organization\"},\"articleSection\":[\"G\u00fcndem\"],\"inLanguage\":\"ru-RU\"},{\"@type\":\"WebPage\",\"@id\":\"http:\/\/denizcankizil.tr\/ru\/haberler\/gundem\/akdeniz-universitesinin-aci-gunu-prof-dr-coskun-usta-son-yolculuguna-ugurlandi\/\",\"url\":\"http:\/\/denizcankizil.tr\/ru\/haberler\/gundem\/akdeniz-universitesinin-aci-gunu-prof-dr-coskun-usta-son-yolculuguna-ugurlandi\/\",\"name\":\"Akdeniz \u00dcniversitesi\u2019nin ac\u0131 g\u00fcn\u00fc! Prof. Dr. Co\u015fkun Usta son yolculu\u011funa u\u011furland\u0131 - Av. Deniz Can K\u0131z\u0131l\",\"isPartOf\":{\"@id\":\"https:\/\/denizcankizil.tr\/de\/#website\"},\"datePublished\":\"2025-05-14T13:42:03+00:00\",\"breadcrumb\":{\"@id\":\"http:\/\/denizcankizil.tr\/ru\/haberler\/gundem\/akdeniz-universitesinin-aci-gunu-prof-dr-coskun-usta-son-yolculuguna-ugurlandi\/#breadcrumb\"},\"inLanguage\":\"ru-RU\",\"potentialAction\":[{\"@type\":\"ReadAction\",\"target\":[\"http:\/\/denizcankizil.tr\/ru\/haberler\/gundem\/akdeniz-universitesinin-aci-gunu-prof-dr-coskun-usta-son-yolculuguna-ugurlandi\/\"]}]},{\"@type\":\"BreadcrumbList\",\"@id\":\"http:\/\/denizcankizil.tr\/ru\/haberler\/gundem\/akdeniz-universitesinin-aci-gunu-prof-dr-coskun-usta-son-yolculuguna-ugurlandi\/#breadcrumb\",\"itemListElement\":[{\"@type\":\"ListItem\",\"position\":1,\"name\":\"Home\",\"item\":\"https:\/\/denizcankizil.tr\/de\/\"},{\"@type\":\"ListItem\",\"position\":2,\"name\":\"Akdeniz \u00dcniversitesi\u2019nin ac\u0131 g\u00fcn\u00fc! Prof. Dr. Co\u015fkun Usta son yolculu\u011funa u\u011furland\u0131\"}]},{\"@type\":\"WebSite\",\"@id\":\"https:\/\/denizcankizil.tr\/de\/#website\",\"url\":\"https:\/\/denizcankizil.tr\/de\/\",\"name\":\"Av. Deniz Can K\u0131z\u0131l\",\"description\":\"Avukat Deniz Can K\u0131z\u0131l Antalya Barosu\",\"publisher\":{\"@id\":\"https:\/\/denizcankizil.tr\/de\/#organization\"},\"potentialAction\":[{\"@type\":\"SearchAction\",\"target\":{\"@type\":\"EntryPoint\",\"urlTemplate\":\"https:\/\/denizcankizil.tr\/de\/?s={search_term_string}\"},\"query-input\":{\"@type\":\"PropertyValueSpecification\",\"valueRequired\":true,\"valueName\":\"search_term_string\"}}],\"inLanguage\":\"ru-RU\"},{\"@type\":\"Organization\",\"@id\":\"https:\/\/denizcankizil.tr\/de\/#organization\",\"name\":\"Av. Deniz Can K\u0131z\u0131l\",\"url\":\"https:\/\/denizcankizil.tr\/de\/\",\"logo\":{\"@type\":\"ImageObject\",\"inLanguage\":\"ru-RU\",\"@id\":\"https:\/\/denizcankizil.tr\/de\/#\/schema\/logo\/image\/\",\"url\":\"http:\/\/denizcankizil.tr\/wp-content\/uploads\/2024\/10\/siyah-logo-svg.svg\",\"contentUrl\":\"http:\/\/denizcankizil.tr\/wp-content\/uploads\/2024\/10\/siyah-logo-svg.svg\",\"width\":1080,\"height\":1080,\"caption\":\"Av. Deniz Can K\u0131z\u0131l\"},\"image\":{\"@id\":\"https:\/\/denizcankizil.tr\/de\/#\/schema\/logo\/image\/\"}},{\"@type\":\"Person\",\"@id\":\"https:\/\/denizcankizil.tr\/de\/#\/schema\/person\/e1eb71bb4dd684d46563f0af307e1234\",\"name\":\"Antalya K\u00f6rfez\",\"image\":{\"@type\":\"ImageObject\",\"inLanguage\":\"ru-RU\",\"@id\":\"https:\/\/denizcankizil.tr\/de\/#\/schema\/person\/image\/\",\"url\":\"https:\/\/secure.gravatar.com\/avatar\/42b01982558a48a0b501fdcab6a408d3717ea5919095ee2e67b0e521799c5905?s=96&d=mm&r=g\",\"contentUrl\":\"https:\/\/secure.gravatar.com\/avatar\/42b01982558a48a0b501fdcab6a408d3717ea5919095ee2e67b0e521799c5905?s=96&d=mm&r=g\",\"caption\":\"Antalya K\u00f6rfez\"},\"sameAs\":[\"http:\/\/www.antalyakorfez.com\"],\"url\":\"https:\/\/www.antalyakorfez.com\/akdeniz-universitesinin-aci-gunu-prof-dr-coskun-usta-son-yolculuguna-ugurlandi\"}]}<\/script>\n<!-- \/ Yoast SEO Premium plugin. -->","yoast_head_json":{"title":"Akdeniz \u00dcniversitesi\u2019nin ac\u0131 g\u00fcn\u00fc! Prof. Dr. Co\u015fkun Usta son yolculu\u011funa u\u011furland\u0131 - Av. Deniz Can K\u0131z\u0131l","robots":{"index":"index","follow":"follow","max-snippet":"max-snippet:-1","max-image-preview":"max-image-preview:large","max-video-preview":"max-video-preview:-1"},"canonical":"http:\/\/denizcankizil.tr\/ru\/haberler\/gundem\/akdeniz-universitesinin-aci-gunu-prof-dr-coskun-usta-son-yolculuguna-ugurlandi\/","og_locale":"ru_RU","og_type":"article","og_title":"Akdeniz \u00dcniversitesi\u2019nin ac\u0131 g\u00fcn\u00fc! Prof. Dr. Co\u015fkun Usta son yolculu\u011funa u\u011furland\u0131","og_description":"Akdeniz \u00dcniversitesi T\u0131p Fak\u00fcltesi T\u0131bbi Farmakoloji Ana Bilim Dal\u0131 \u00d6\u011fretim \u00dcyesi Prof. Dr. Co\u015fkun Usta, ge\u00e7ti\u011fimiz g\u00fcn ge\u00e7irdi\u011fi akci\u011fer enfeksiyonu sonucu hayat\u0131n\u0131 kaybetti etti. Usta, bug\u00fcn yap\u0131lan cenaze t\u00f6reninde meslekta\u015flar\u0131 ve \u00f6\u011frencilerinin omzunda son yolculu\u011funa u\u011furland\u0131. Akdeniz \u00dcniversitesi T\u0131p Fak\u00fcltesi T\u0131bbi Farmakoloji Ana Bilim Dal\u0131 \u00d6\u011fretim \u00dcyesi Prof. Dr. Co\u015fkun Usta i\u00e7in T\u0131p Fak\u00fcltesi Dekanl\u0131k Binas\u0131 B Blok alan\u0131nda cenaze t\u00f6reni d\u00fczenlendi. T\u00f6rene Akdeniz \u00dcniversitesi Rekt\u00f6r\u00fc Prof. Dr. \u00d6zlenen \u00d6zkan, Rekt\u00f6r Yard\u0131mc\u0131lar\u0131 Prof. Dr. Ay\u015fe G\u00fclbin Ar\u0131c\u0131, T\u0131p Fak\u00fcltesi Dekan\u0131 Prof. Dr. Ye\u015fim \u015eenol, Hastane Ba\u015fhekimi Prof. Dr. Y\u0131ld\u0131ray \u00c7ete, T\u0131p Fak\u00fcltesi Dekan Yard\u0131mc\u0131lar\u0131 Prof. Dr. Neval Boztu\u011f, Prof. Dr. G\u00fcler Leyla Sat\u0131 Duran, hastane ba\u015fhekim yard\u0131mc\u0131lar\u0131, akademisyenler, Prof. Dr. Co\u015fkun Usta\u2019n\u0131n ailesi ve yak\u0131nlar\u0131 ile \u00f6\u011frenciler kat\u0131ld\u0131. \u201c\u00c7OK HAYATA BA\u011eLI B\u0130R \u0130NSANDI\u201d Akdeniz \u00dcniversitesi Rekt\u00f6r\u00fc Prof. Dr. \u00d6zlenen \u00d6zkan, \u201cProf. Dr. Co\u015fkun Usta, cenaze t\u00f6reninden de anla\u015f\u0131laca\u011f\u0131 \u00fczere \u00e7ok sevilen bir hocayd\u0131. Bir akci\u011fer enfeksiyonu nedeniyle yat\u0131rm\u0131\u015ft\u0131k. \u00c7ok m\u00fccadele edildi ama maalesef Co\u015fkun hocam\u0131z\u0131 kaybettik. \u00c7ok hayata ba\u011fl\u0131 bir insand\u0131 kendisi, \u00e7ok ne\u015feli, her \u015feye \u00e7ok pozitif bakan bir insand\u0131. Gen\u00e7ti ve altta yatan bir sebep yoktu bizim bildi\u011fimiz, sa\u011fl\u0131kl\u0131 ya\u015fayan birisiydi. Anlam veremedi\u011fimiz ciddi bir enfeksiyon nedeniyle kaybettik. Ba\u015f\u0131m\u0131z sa\u011f olsun. Allah rahmet eylesin.\u201d dedi. \u201cCO\u015eKULU KIZAR, CO\u015eKULU &hellip;","og_url":"http:\/\/denizcankizil.tr\/ru\/haberler\/gundem\/akdeniz-universitesinin-aci-gunu-prof-dr-coskun-usta-son-yolculuguna-ugurlandi\/","og_site_name":"Av. Deniz Can K\u0131z\u0131l","article_published_time":"2025-05-14T13:42:03+00:00","author":"Antalya K\u00f6rfez","twitter_card":"summary_large_image","twitter_misc":{"\u041d\u0430\u043f\u0438\u0441\u0430\u043d\u043e \u0430\u0432\u0442\u043e\u0440\u043e\u043c":"Antalya K\u00f6rfez","\u041f\u0440\u0438\u043c\u0435\u0440\u043d\u043e\u0435 \u0432\u0440\u0435\u043c\u044f \u0434\u043b\u044f \u0447\u0442\u0435\u043d\u0438\u044f":"3 \u043c\u0438\u043d\u0443\u0442\u044b"},"schema":{"@context":"https:\/\/schema.org","@graph":[{"@type":"Article","@id":"http:\/\/denizcankizil.tr\/ru\/haberler\/gundem\/akdeniz-universitesinin-aci-gunu-prof-dr-coskun-usta-son-yolculuguna-ugurlandi\/#article","isPartOf":{"@id":"http:\/\/denizcankizil.tr\/ru\/haberler\/gundem\/akdeniz-universitesinin-aci-gunu-prof-dr-coskun-usta-son-yolculuguna-ugurlandi\/"},"author":{"name":"Antalya K\u00f6rfez","@id":"https:\/\/denizcankizil.tr\/de\/#\/schema\/person\/e1eb71bb4dd684d46563f0af307e1234"},"headline":"Akdeniz \u00dcniversitesi\u2019nin ac\u0131 g\u00fcn\u00fc! Prof. Dr. Co\u015fkun Usta son yolculu\u011funa u\u011furland\u0131","datePublished":"2025-05-14T13:42:03+00:00","mainEntityOfPage":{"@id":"http:\/\/denizcankizil.tr\/ru\/haberler\/gundem\/akdeniz-universitesinin-aci-gunu-prof-dr-coskun-usta-son-yolculuguna-ugurlandi\/"},"wordCount":609,"publisher":{"@id":"https:\/\/denizcankizil.tr\/de\/#organization"},"articleSection":["G\u00fcndem"],"inLanguage":"ru-RU"},{"@type":"WebPage","@id":"http:\/\/denizcankizil.tr\/ru\/haberler\/gundem\/akdeniz-universitesinin-aci-gunu-prof-dr-coskun-usta-son-yolculuguna-ugurlandi\/","url":"http:\/\/denizcankizil.tr\/ru\/haberler\/gundem\/akdeniz-universitesinin-aci-gunu-prof-dr-coskun-usta-son-yolculuguna-ugurlandi\/","name":"Akdeniz \u00dcniversitesi\u2019nin ac\u0131 g\u00fcn\u00fc! Prof. Dr. Co\u015fkun Usta son yolculu\u011funa u\u011furland\u0131 - Av. Deniz Can K\u0131z\u0131l","isPartOf":{"@id":"https:\/\/denizcankizil.tr\/de\/#website"},"datePublished":"2025-05-14T13:42:03+00:00","breadcrumb":{"@id":"http:\/\/denizcankizil.tr\/ru\/haberler\/gundem\/akdeniz-universitesinin-aci-gunu-prof-dr-coskun-usta-son-yolculuguna-ugurlandi\/#breadcrumb"},"inLanguage":"ru-RU","potentialAction":[{"@type":"ReadAction","target":["http:\/\/denizcankizil.tr\/ru\/haberler\/gundem\/akdeniz-universitesinin-aci-gunu-prof-dr-coskun-usta-son-yolculuguna-ugurlandi\/"]}]},{"@type":"BreadcrumbList","@id":"http:\/\/denizcankizil.tr\/ru\/haberler\/gundem\/akdeniz-universitesinin-aci-gunu-prof-dr-coskun-usta-son-yolculuguna-ugurlandi\/#breadcrumb","itemListElement":[{"@type":"ListItem","position":1,"name":"Home","item":"https:\/\/denizcankizil.tr\/de\/"},{"@type":"ListItem","position":2,"name":"Akdeniz \u00dcniversitesi\u2019nin ac\u0131 g\u00fcn\u00fc! Prof. Dr. Co\u015fkun Usta son yolculu\u011funa u\u011furland\u0131"}]},{"@type":"WebSite","@id":"https:\/\/denizcankizil.tr\/de\/#website","url":"https:\/\/denizcankizil.tr\/de\/","name":"Av. Deniz Can K\u0131z\u0131l","description":"Avukat Deniz Can K\u0131z\u0131l Antalya Barosu","publisher":{"@id":"https:\/\/denizcankizil.tr\/de\/#organization"},"potentialAction":[{"@type":"SearchAction","target":{"@type":"EntryPoint","urlTemplate":"https:\/\/denizcankizil.tr\/de\/?s={search_term_string}"},"query-input":{"@type":"PropertyValueSpecification","valueRequired":true,"valueName":"search_term_string"}}],"inLanguage":"ru-RU"},{"@type":"Organization","@id":"https:\/\/denizcankizil.tr\/de\/#organization","name":"Av. Deniz Can K\u0131z\u0131l","url":"https:\/\/denizcankizil.tr\/de\/","logo":{"@type":"ImageObject","inLanguage":"ru-RU","@id":"https:\/\/denizcankizil.tr\/de\/#\/schema\/logo\/image\/","url":"http:\/\/denizcankizil.tr\/wp-content\/uploads\/2024\/10\/siyah-logo-svg.svg","contentUrl":"http:\/\/denizcankizil.tr\/wp-content\/uploads\/2024\/10\/siyah-logo-svg.svg","width":1080,"height":1080,"caption":"Av. Deniz Can K\u0131z\u0131l"},"image":{"@id":"https:\/\/denizcankizil.tr\/de\/#\/schema\/logo\/image\/"}},{"@type":"Person","@id":"https:\/\/denizcankizil.tr\/de\/#\/schema\/person\/e1eb71bb4dd684d46563f0af307e1234","name":"Antalya K\u00f6rfez","image":{"@type":"ImageObject","inLanguage":"ru-RU","@id":"https:\/\/denizcankizil.tr\/de\/#\/schema\/person\/image\/","url":"https:\/\/secure.gravatar.com\/avatar\/42b01982558a48a0b501fdcab6a408d3717ea5919095ee2e67b0e521799c5905?s=96&d=mm&r=g","contentUrl":"https:\/\/secure.gravatar.com\/avatar\/42b01982558a48a0b501fdcab6a408d3717ea5919095ee2e67b0e521799c5905?s=96&d=mm&r=g","caption":"Antalya K\u00f6rfez"},"sameAs":["http:\/\/www.antalyakorfez.com"],"url":"https:\/\/www.antalyakorfez.com\/akdeniz-universitesinin-aci-gunu-prof-dr-coskun-usta-son-yolculuguna-ugurlandi"}]}},"_links":{"self":[{"href":"http:\/\/denizcankizil.tr\/ru\/wp-json\/wp\/v2\/posts\/86393","targetHints":{"allow":["GET"]}}],"collection":[{"href":"http:\/\/denizcankizil.tr\/ru\/wp-json\/wp\/v2\/posts"}],"about":[{"href":"http:\/\/denizcankizil.tr\/ru\/wp-json\/wp\/v2\/types\/post"}],"author":[{"embeddable":true,"href":"http:\/\/denizcankizil.tr\/ru\/wp-json\/wp\/v2\/users\/5"}],"replies":[{"embeddable":true,"href":"http:\/\/denizcankizil.tr\/ru\/wp-json\/wp\/v2\/comments?post=86393"}],"version-history":[{"count":0,"href":"http:\/\/denizcankizil.tr\/ru\/wp-json\/wp\/v2\/posts\/86393\/revisions"}],"wp:attachment":[{"href":"http:\/\/denizcankizil.tr\/ru\/wp-json\/wp\/v2\/media?parent=86393"}],"wp:term":[{"taxonomy":"category","embeddable":true,"href":"http:\/\/denizcankizil.tr\/ru\/wp-json\/wp\/v2\/categories?post=86393"},{"taxonomy":"post_tag","embeddable":true,"href":"http:\/\/denizcankizil.tr\/ru\/wp-json\/wp\/v2\/tags?post=86393"}],"curies":[{"name":"wp","href":"https:\/\/api.w.org\/{rel}","templated":true}]}}