{"id":85351,"date":"2025-05-13T17:41:16","date_gmt":"2025-05-13T14:41:16","guid":{"rendered":"https:\/\/denizcankizil.tr\/uncategorized-tr\/kumlucada-bilim-fuari-acildi\/"},"modified":"2025-05-13T17:41:16","modified_gmt":"2025-05-13T14:41:16","slug":"kumlucada-bilim-fuari-acildi","status":"publish","type":"post","link":"http:\/\/denizcankizil.tr\/ru\/haberler\/antalya\/kumlucada-bilim-fuari-acildi\/","title":{"rendered":"Kumluca&#8217;da Bilim Fuar\u0131 a\u00e7\u0131ld\u0131"},"content":{"rendered":"<p>Havva Sedat Avc\u0131o\u011flu Fen Lisesi&#8217;nde ger\u00e7ekle\u015ftirilen T\u00dcB\u0130TAK 4006 Bilim Fuar\u0131&#8217;n\u0131n a\u00e7\u0131l\u0131\u015f\u0131na Belediye Ba\u015fkan\u0131 Mesut Avc\u0131o\u011flu, \u0130l\u00e7e Milli E\u011fitim M\u00fcd\u00fcr\u00fc Yusuf Tekdemir, siyasi parti temsilcileri, kamu kurum ve kuru\u015flar\u0131n\u0131n temsilcileri ve okul m\u00fcd\u00fcrleri kat\u0131ld\u0131.<\/p>\n<p>Sayg\u0131 duru\u015fu ve \u0130stiklal Mar\u015f\u0131&#8217;n\u0131n ard\u0131ndan konu\u015fan proje koordinat\u00f6r\u00fc Deniz Karaarslan, &#8220;2018 y\u0131l\u0131ndan beri gelenekselle\u015ftirmeye \u00e7al\u0131\u015ft\u0131\u011f\u0131m\u0131z T\u00dcB\u0130TAK Bilim Fuar\u0131&#8217;n\u0131n bu y\u0131l 6&#8217;nc\u0131s\u0131n\u0131 d\u00fczenliyoruz. T\u00fcm T\u00fcrkiye&#8217;den 63 tematik konu ve 12 ana alan \u00e7er\u00e7evesinde 9 bin 653 okul taraf\u0131ndan 14 bin 255 proje ba\u015fvurusu yap\u0131lm\u0131\u015f olup t\u00fcm ba\u015fvurular benzerlik sorgulamas\u0131na tabii tutularak 109 bin 110 proje de\u011ferlendirme a\u015famas\u0131na ge\u00e7meyi hak kazanm\u0131\u015ft\u0131r. 7 bin 225 okuldan, 1054 akademisyen ve uzman taraf\u0131ndan de\u011ferlendirilen projelerden 3 bin 670 ortaokul ve liseden 8 bin 775 proje desteklenmeye hak kazanm\u0131\u015ft\u0131r. T\u00fcm bu elemelerin sonunda festivalde il\u00e7emizde tek okul olarak 11 tematik konu alt\u0131nda 14 inceleme alt proje ile 53 \u00f6\u011frenci ve 10 \u00f6\u011fretmenle kat\u0131l\u0131m sa\u011flad\u0131k&#8221; dedi.<\/p>\n<p>\u0130l\u00e7e Milli E\u011fitim M\u00fcd\u00fcr\u00fc Yusuf Tekdemir de &#8220;T\u00dcB\u0130TAK 4006 Bilim Fuarlar\u0131, \u00f6\u011frencilerimizin bilimsel d\u00fc\u015f\u00fcnme becerilerini geli\u015ftirmek, onlar\u0131 ara\u015ft\u0131rmaya te\u015fvik etmek ve projelerini sergilemeleri i\u00e7in de\u011ferli bir platform sunmaktad\u0131r. Havva Sedat Avc\u0131o\u011flu Fen Lisesi ev sahipli\u011finde ger\u00e7ekle\u015fecek olan bu bilim \u015fenli\u011fi, \u00f6\u011frencilerimizin hayal g\u00fc\u00e7lerini, yarat\u0131c\u0131l\u0131klar\u0131n\u0131 ve bilimsel meraklar\u0131n\u0131 ortaya koyduklar\u0131 birbirinden \u00f6zg\u00fcn projelerle dolu olacak. 13- 14 May\u0131s tarihlerinde okul bah\u00e7emizde a\u00e7\u0131k kalacak olan bu \u015fenlikte, gen\u00e7lerimizin bilime olan tutkusunu ve projelerdeki \u00f6zg\u00fcn yakla\u015f\u0131mlar\u0131n\u0131 g\u00f6rmekten b\u00fcy\u00fck heyecan duyuyoruz&#8221; diye konu\u015ftu.<\/p>\n<p>\u00d6\u011frenciler taraf\u0131ndan haz\u0131rlanan 20 \u00e7al\u0131\u015fman\u0131n sergilendi\u011fi fuar\u0131n 13-14 May\u0131s tarihlerinde a\u00e7\u0131k kalaca\u011f\u0131 belirtildi.<\/p>\n<p>Kaynak: www.kanalv.com.tr Haber Sitesinden Al\u0131nm\u0131\u015ft\u0131r.<\/p>","protected":false},"excerpt":{"rendered":"<p>Havva Sedat Avc\u0131o\u011flu Fen Lisesi&#8217;nde ger\u00e7ekle\u015ftirilen T\u00dcB\u0130TAK 4006 Bilim Fuar\u0131&#8217;n\u0131n a\u00e7\u0131l\u0131\u015f\u0131na Belediye Ba\u015fkan\u0131 Mesut Avc\u0131o\u011flu, \u0130l\u00e7e Milli E\u011fitim M\u00fcd\u00fcr\u00fc Yusuf Tekdemir, siyasi parti temsilcileri, kamu kurum ve kuru\u015flar\u0131n\u0131n temsilcileri ve okul m\u00fcd\u00fcrleri kat\u0131ld\u0131. Sayg\u0131 duru\u015fu ve \u0130stiklal Mar\u015f\u0131&#8217;n\u0131n ard\u0131ndan konu\u015fan proje koordinat\u00f6r\u00fc Deniz Karaarslan, &#8220;2018 y\u0131l\u0131ndan beri gelenekselle\u015ftirmeye \u00e7al\u0131\u015ft\u0131\u011f\u0131m\u0131z T\u00dcB\u0130TAK Bilim Fuar\u0131&#8217;n\u0131n bu y\u0131l 6&#8217;nc\u0131s\u0131n\u0131 d\u00fczenliyoruz. T\u00fcm T\u00fcrkiye&#8217;den 63 tematik konu ve 12 ana alan \u00e7er\u00e7evesinde 9 bin 653 okul taraf\u0131ndan 14 bin 255 proje ba\u015fvurusu yap\u0131lm\u0131\u015f olup t\u00fcm ba\u015fvurular benzerlik sorgulamas\u0131na tabii tutularak 109 bin 110 proje de\u011ferlendirme a\u015famas\u0131na ge\u00e7meyi hak kazanm\u0131\u015ft\u0131r. 7 bin 225 okuldan, 1054 akademisyen ve uzman taraf\u0131ndan de\u011ferlendirilen projelerden 3 bin 670 ortaokul ve liseden 8 bin 775 proje desteklenmeye hak kazanm\u0131\u015ft\u0131r. T\u00fcm bu elemelerin sonunda festivalde il\u00e7emizde tek okul olarak 11 tematik konu alt\u0131nda 14 inceleme alt proje ile 53 \u00f6\u011frenci ve 10 \u00f6\u011fretmenle kat\u0131l\u0131m sa\u011flad\u0131k&#8221; dedi. \u0130l\u00e7e Milli E\u011fitim M\u00fcd\u00fcr\u00fc Yusuf Tekdemir de &#8220;T\u00dcB\u0130TAK 4006 Bilim Fuarlar\u0131, \u00f6\u011frencilerimizin bilimsel d\u00fc\u015f\u00fcnme becerilerini geli\u015ftirmek, onlar\u0131 ara\u015ft\u0131rmaya te\u015fvik etmek ve projelerini sergilemeleri i\u00e7in de\u011ferli bir platform sunmaktad\u0131r. Havva Sedat Avc\u0131o\u011flu Fen Lisesi ev sahipli\u011finde ger\u00e7ekle\u015fecek olan bu bilim \u015fenli\u011fi, \u00f6\u011frencilerimizin hayal g\u00fc\u00e7lerini, yarat\u0131c\u0131l\u0131klar\u0131n\u0131 ve bilimsel meraklar\u0131n\u0131 ortaya koyduklar\u0131 birbirinden \u00f6zg\u00fcn projelerle dolu olacak. 13- 14 May\u0131s &hellip;<\/p>","protected":false},"author":4,"featured_media":85352,"comment_status":"","ping_status":"open","sticky":false,"template":"","format":"standard","meta":{"_acf_changed":false,"footnotes":""},"categories":[26],"tags":[],"class_list":["post-85351","post","type-post","status-publish","format-standard","has-post-thumbnail","hentry","category-antalya"],"acf":[],"yoast_head":"<!-- This site is optimized with the Yoast SEO Premium plugin v26.6 (Yoast SEO v27.1.1) - https:\/\/yoast.com\/product\/yoast-seo-premium-wordpress\/ -->\n<title>Kumluca&#039;da Bilim Fuar\u0131 a\u00e7\u0131ld\u0131 - Av. Deniz Can K\u0131z\u0131l<\/title>\n<meta name=\"robots\" content=\"index, follow, max-snippet:-1, max-image-preview:large, max-video-preview:-1\" \/>\n<link rel=\"canonical\" href=\"http:\/\/denizcankizil.tr\/ru\/haberler\/antalya\/kumlucada-bilim-fuari-acildi\/\" \/>\n<meta property=\"og:locale\" content=\"ru_RU\" \/>\n<meta property=\"og:type\" content=\"article\" \/>\n<meta property=\"og:title\" content=\"Kumluca&#039;da Bilim Fuar\u0131 a\u00e7\u0131ld\u0131\" \/>\n<meta property=\"og:description\" content=\"Havva Sedat Avc\u0131o\u011flu Fen Lisesi&#8217;nde ger\u00e7ekle\u015ftirilen T\u00dcB\u0130TAK 4006 Bilim Fuar\u0131&#8217;n\u0131n a\u00e7\u0131l\u0131\u015f\u0131na Belediye Ba\u015fkan\u0131 Mesut Avc\u0131o\u011flu, \u0130l\u00e7e Milli E\u011fitim M\u00fcd\u00fcr\u00fc Yusuf Tekdemir, siyasi parti temsilcileri, kamu kurum ve kuru\u015flar\u0131n\u0131n temsilcileri ve okul m\u00fcd\u00fcrleri kat\u0131ld\u0131. Sayg\u0131 duru\u015fu ve \u0130stiklal Mar\u015f\u0131&#8217;n\u0131n ard\u0131ndan konu\u015fan proje koordinat\u00f6r\u00fc Deniz Karaarslan, &#8220;2018 y\u0131l\u0131ndan beri gelenekselle\u015ftirmeye \u00e7al\u0131\u015ft\u0131\u011f\u0131m\u0131z T\u00dcB\u0130TAK Bilim Fuar\u0131&#8217;n\u0131n bu y\u0131l 6&#8217;nc\u0131s\u0131n\u0131 d\u00fczenliyoruz. T\u00fcm T\u00fcrkiye&#8217;den 63 tematik konu ve 12 ana alan \u00e7er\u00e7evesinde 9 bin 653 okul taraf\u0131ndan 14 bin 255 proje ba\u015fvurusu yap\u0131lm\u0131\u015f olup t\u00fcm ba\u015fvurular benzerlik sorgulamas\u0131na tabii tutularak 109 bin 110 proje de\u011ferlendirme a\u015famas\u0131na ge\u00e7meyi hak kazanm\u0131\u015ft\u0131r. 7 bin 225 okuldan, 1054 akademisyen ve uzman taraf\u0131ndan de\u011ferlendirilen projelerden 3 bin 670 ortaokul ve liseden 8 bin 775 proje desteklenmeye hak kazanm\u0131\u015ft\u0131r. T\u00fcm bu elemelerin sonunda festivalde il\u00e7emizde tek okul olarak 11 tematik konu alt\u0131nda 14 inceleme alt proje ile 53 \u00f6\u011frenci ve 10 \u00f6\u011fretmenle kat\u0131l\u0131m sa\u011flad\u0131k&#8221; dedi. \u0130l\u00e7e Milli E\u011fitim M\u00fcd\u00fcr\u00fc Yusuf Tekdemir de &#8220;T\u00dcB\u0130TAK 4006 Bilim Fuarlar\u0131, \u00f6\u011frencilerimizin bilimsel d\u00fc\u015f\u00fcnme becerilerini geli\u015ftirmek, onlar\u0131 ara\u015ft\u0131rmaya te\u015fvik etmek ve projelerini sergilemeleri i\u00e7in de\u011ferli bir platform sunmaktad\u0131r. Havva Sedat Avc\u0131o\u011flu Fen Lisesi ev sahipli\u011finde ger\u00e7ekle\u015fecek olan bu bilim \u015fenli\u011fi, \u00f6\u011frencilerimizin hayal g\u00fc\u00e7lerini, yarat\u0131c\u0131l\u0131klar\u0131n\u0131 ve bilimsel meraklar\u0131n\u0131 ortaya koyduklar\u0131 birbirinden \u00f6zg\u00fcn projelerle dolu olacak. 13- 14 May\u0131s &hellip;\" \/>\n<meta property=\"og:url\" content=\"http:\/\/denizcankizil.tr\/ru\/haberler\/antalya\/kumlucada-bilim-fuari-acildi\/\" \/>\n<meta property=\"og:site_name\" content=\"Av. Deniz Can K\u0131z\u0131l\" \/>\n<meta property=\"article:published_time\" content=\"2025-05-13T14:41:16+00:00\" \/>\n<meta property=\"og:image\" content=\"http:\/\/denizcankizil.tr\/wp-content\/uploads\/2025\/05\/6310-01-kxdZZj.jpg\" \/>\n\t<meta property=\"og:image:width\" content=\"1280\" \/>\n\t<meta property=\"og:image:height\" content=\"720\" \/>\n\t<meta property=\"og:image:type\" content=\"image\/jpeg\" \/>\n<meta name=\"author\" content=\"Av. Deniz Can K\u0131z\u0131l\" \/>\n<meta name=\"twitter:card\" content=\"summary_large_image\" \/>\n<meta name=\"twitter:label1\" content=\"\u041d\u0430\u043f\u0438\u0441\u0430\u043d\u043e \u0430\u0432\u0442\u043e\u0440\u043e\u043c\" \/>\n\t<meta name=\"twitter:data1\" content=\"Av. Deniz Can K\u0131z\u0131l\" \/>\n\t<meta name=\"twitter:label2\" content=\"\u041f\u0440\u0438\u043c\u0435\u0440\u043d\u043e\u0435 \u0432\u0440\u0435\u043c\u044f \u0434\u043b\u044f \u0447\u0442\u0435\u043d\u0438\u044f\" \/>\n\t<meta name=\"twitter:data2\" content=\"2 \u043c\u0438\u043d\u0443\u0442\u044b\" \/>\n<script type=\"application\/ld+json\" class=\"yoast-schema-graph\">{\"@context\":\"https:\/\/schema.org\",\"@graph\":[{\"@type\":\"Article\",\"@id\":\"http:\/\/denizcankizil.tr\/ru\/haberler\/antalya\/kumlucada-bilim-fuari-acildi\/#article\",\"isPartOf\":{\"@id\":\"http:\/\/denizcankizil.tr\/ru\/haberler\/antalya\/kumlucada-bilim-fuari-acildi\/\"},\"author\":{\"name\":\"Av. Deniz Can K\u0131z\u0131l\",\"@id\":\"https:\/\/denizcankizil.tr\/de\/#\/schema\/person\/5dc1b22991bd7ac833867c10afc9b0ff\"},\"headline\":\"Kumluca&#8217;da Bilim Fuar\u0131 a\u00e7\u0131ld\u0131\",\"datePublished\":\"2025-05-13T14:41:16+00:00\",\"mainEntityOfPage\":{\"@id\":\"http:\/\/denizcankizil.tr\/ru\/haberler\/antalya\/kumlucada-bilim-fuari-acildi\/\"},\"wordCount\":345,\"publisher\":{\"@id\":\"https:\/\/denizcankizil.tr\/de\/#organization\"},\"image\":{\"@id\":\"http:\/\/denizcankizil.tr\/ru\/haberler\/antalya\/kumlucada-bilim-fuari-acildi\/#primaryimage\"},\"thumbnailUrl\":\"http:\/\/denizcankizil.tr\/wp-content\/uploads\/2025\/05\/6310-01-kxdZZj.jpg\",\"articleSection\":[\"Antalya\"],\"inLanguage\":\"ru-RU\"},{\"@type\":\"WebPage\",\"@id\":\"http:\/\/denizcankizil.tr\/ru\/haberler\/antalya\/kumlucada-bilim-fuari-acildi\/\",\"url\":\"http:\/\/denizcankizil.tr\/ru\/haberler\/antalya\/kumlucada-bilim-fuari-acildi\/\",\"name\":\"Kumluca'da Bilim Fuar\u0131 a\u00e7\u0131ld\u0131 - Av. Deniz Can K\u0131z\u0131l\",\"isPartOf\":{\"@id\":\"https:\/\/denizcankizil.tr\/de\/#website\"},\"primaryImageOfPage\":{\"@id\":\"http:\/\/denizcankizil.tr\/ru\/haberler\/antalya\/kumlucada-bilim-fuari-acildi\/#primaryimage\"},\"image\":{\"@id\":\"http:\/\/denizcankizil.tr\/ru\/haberler\/antalya\/kumlucada-bilim-fuari-acildi\/#primaryimage\"},\"thumbnailUrl\":\"http:\/\/denizcankizil.tr\/wp-content\/uploads\/2025\/05\/6310-01-kxdZZj.jpg\",\"datePublished\":\"2025-05-13T14:41:16+00:00\",\"breadcrumb\":{\"@id\":\"http:\/\/denizcankizil.tr\/ru\/haberler\/antalya\/kumlucada-bilim-fuari-acildi\/#breadcrumb\"},\"inLanguage\":\"ru-RU\",\"potentialAction\":[{\"@type\":\"ReadAction\",\"target\":[\"http:\/\/denizcankizil.tr\/ru\/haberler\/antalya\/kumlucada-bilim-fuari-acildi\/\"]}]},{\"@type\":\"ImageObject\",\"inLanguage\":\"ru-RU\",\"@id\":\"http:\/\/denizcankizil.tr\/ru\/haberler\/antalya\/kumlucada-bilim-fuari-acildi\/#primaryimage\",\"url\":\"http:\/\/denizcankizil.tr\/wp-content\/uploads\/2025\/05\/6310-01-kxdZZj.jpg\",\"contentUrl\":\"http:\/\/denizcankizil.tr\/wp-content\/uploads\/2025\/05\/6310-01-kxdZZj.jpg\",\"width\":1280,\"height\":720},{\"@type\":\"BreadcrumbList\",\"@id\":\"http:\/\/denizcankizil.tr\/ru\/haberler\/antalya\/kumlucada-bilim-fuari-acildi\/#breadcrumb\",\"itemListElement\":[{\"@type\":\"ListItem\",\"position\":1,\"name\":\"Home\",\"item\":\"https:\/\/denizcankizil.tr\/de\/\"},{\"@type\":\"ListItem\",\"position\":2,\"name\":\"Kumluca&#8217;da Bilim Fuar\u0131 a\u00e7\u0131ld\u0131\"}]},{\"@type\":\"WebSite\",\"@id\":\"https:\/\/denizcankizil.tr\/de\/#website\",\"url\":\"https:\/\/denizcankizil.tr\/de\/\",\"name\":\"Av. Deniz Can K\u0131z\u0131l\",\"description\":\"Avukat Deniz Can K\u0131z\u0131l Antalya Barosu\",\"publisher\":{\"@id\":\"https:\/\/denizcankizil.tr\/de\/#organization\"},\"potentialAction\":[{\"@type\":\"SearchAction\",\"target\":{\"@type\":\"EntryPoint\",\"urlTemplate\":\"https:\/\/denizcankizil.tr\/de\/?s={search_term_string}\"},\"query-input\":{\"@type\":\"PropertyValueSpecification\",\"valueRequired\":true,\"valueName\":\"search_term_string\"}}],\"inLanguage\":\"ru-RU\"},{\"@type\":\"Organization\",\"@id\":\"https:\/\/denizcankizil.tr\/de\/#organization\",\"name\":\"Av. Deniz Can K\u0131z\u0131l\",\"url\":\"https:\/\/denizcankizil.tr\/de\/\",\"logo\":{\"@type\":\"ImageObject\",\"inLanguage\":\"ru-RU\",\"@id\":\"https:\/\/denizcankizil.tr\/de\/#\/schema\/logo\/image\/\",\"url\":\"http:\/\/denizcankizil.tr\/wp-content\/uploads\/2024\/10\/siyah-logo-svg.svg\",\"contentUrl\":\"http:\/\/denizcankizil.tr\/wp-content\/uploads\/2024\/10\/siyah-logo-svg.svg\",\"width\":1080,\"height\":1080,\"caption\":\"Av. Deniz Can K\u0131z\u0131l\"},\"image\":{\"@id\":\"https:\/\/denizcankizil.tr\/de\/#\/schema\/logo\/image\/\"}},{\"@type\":\"Person\",\"@id\":\"https:\/\/denizcankizil.tr\/de\/#\/schema\/person\/5dc1b22991bd7ac833867c10afc9b0ff\",\"name\":\"Av. Deniz Can K\u0131z\u0131l\",\"image\":{\"@type\":\"ImageObject\",\"inLanguage\":\"ru-RU\",\"@id\":\"https:\/\/denizcankizil.tr\/de\/#\/schema\/person\/image\/\",\"url\":\"https:\/\/secure.gravatar.com\/avatar\/a0b128fb9855c79efc976d5640eedb31dc35ec297594d6016d2cf7c60e975bb6?s=96&d=mm&r=g\",\"contentUrl\":\"https:\/\/secure.gravatar.com\/avatar\/a0b128fb9855c79efc976d5640eedb31dc35ec297594d6016d2cf7c60e975bb6?s=96&d=mm&r=g\",\"caption\":\"Av. Deniz Can K\u0131z\u0131l\"},\"sameAs\":[\"http:\/\/www.denizcankizil.tr\"],\"url\":\"http:\/\/denizcankizil.tr\/ru\/author\/denizcankizil\/\"}]}<\/script>\n<!-- \/ Yoast SEO Premium plugin. -->","yoast_head_json":{"title":"Kumluca'da Bilim Fuar\u0131 a\u00e7\u0131ld\u0131 - Av. Deniz Can K\u0131z\u0131l","robots":{"index":"index","follow":"follow","max-snippet":"max-snippet:-1","max-image-preview":"max-image-preview:large","max-video-preview":"max-video-preview:-1"},"canonical":"http:\/\/denizcankizil.tr\/ru\/haberler\/antalya\/kumlucada-bilim-fuari-acildi\/","og_locale":"ru_RU","og_type":"article","og_title":"Kumluca'da Bilim Fuar\u0131 a\u00e7\u0131ld\u0131","og_description":"Havva Sedat Avc\u0131o\u011flu Fen Lisesi&#8217;nde ger\u00e7ekle\u015ftirilen T\u00dcB\u0130TAK 4006 Bilim Fuar\u0131&#8217;n\u0131n a\u00e7\u0131l\u0131\u015f\u0131na Belediye Ba\u015fkan\u0131 Mesut Avc\u0131o\u011flu, \u0130l\u00e7e Milli E\u011fitim M\u00fcd\u00fcr\u00fc Yusuf Tekdemir, siyasi parti temsilcileri, kamu kurum ve kuru\u015flar\u0131n\u0131n temsilcileri ve okul m\u00fcd\u00fcrleri kat\u0131ld\u0131. Sayg\u0131 duru\u015fu ve \u0130stiklal Mar\u015f\u0131&#8217;n\u0131n ard\u0131ndan konu\u015fan proje koordinat\u00f6r\u00fc Deniz Karaarslan, &#8220;2018 y\u0131l\u0131ndan beri gelenekselle\u015ftirmeye \u00e7al\u0131\u015ft\u0131\u011f\u0131m\u0131z T\u00dcB\u0130TAK Bilim Fuar\u0131&#8217;n\u0131n bu y\u0131l 6&#8217;nc\u0131s\u0131n\u0131 d\u00fczenliyoruz. T\u00fcm T\u00fcrkiye&#8217;den 63 tematik konu ve 12 ana alan \u00e7er\u00e7evesinde 9 bin 653 okul taraf\u0131ndan 14 bin 255 proje ba\u015fvurusu yap\u0131lm\u0131\u015f olup t\u00fcm ba\u015fvurular benzerlik sorgulamas\u0131na tabii tutularak 109 bin 110 proje de\u011ferlendirme a\u015famas\u0131na ge\u00e7meyi hak kazanm\u0131\u015ft\u0131r. 7 bin 225 okuldan, 1054 akademisyen ve uzman taraf\u0131ndan de\u011ferlendirilen projelerden 3 bin 670 ortaokul ve liseden 8 bin 775 proje desteklenmeye hak kazanm\u0131\u015ft\u0131r. T\u00fcm bu elemelerin sonunda festivalde il\u00e7emizde tek okul olarak 11 tematik konu alt\u0131nda 14 inceleme alt proje ile 53 \u00f6\u011frenci ve 10 \u00f6\u011fretmenle kat\u0131l\u0131m sa\u011flad\u0131k&#8221; dedi. \u0130l\u00e7e Milli E\u011fitim M\u00fcd\u00fcr\u00fc Yusuf Tekdemir de &#8220;T\u00dcB\u0130TAK 4006 Bilim Fuarlar\u0131, \u00f6\u011frencilerimizin bilimsel d\u00fc\u015f\u00fcnme becerilerini geli\u015ftirmek, onlar\u0131 ara\u015ft\u0131rmaya te\u015fvik etmek ve projelerini sergilemeleri i\u00e7in de\u011ferli bir platform sunmaktad\u0131r. Havva Sedat Avc\u0131o\u011flu Fen Lisesi ev sahipli\u011finde ger\u00e7ekle\u015fecek olan bu bilim \u015fenli\u011fi, \u00f6\u011frencilerimizin hayal g\u00fc\u00e7lerini, yarat\u0131c\u0131l\u0131klar\u0131n\u0131 ve bilimsel meraklar\u0131n\u0131 ortaya koyduklar\u0131 birbirinden \u00f6zg\u00fcn projelerle dolu olacak. 13- 14 May\u0131s &hellip;","og_url":"http:\/\/denizcankizil.tr\/ru\/haberler\/antalya\/kumlucada-bilim-fuari-acildi\/","og_site_name":"Av. Deniz Can K\u0131z\u0131l","article_published_time":"2025-05-13T14:41:16+00:00","og_image":[{"width":1280,"height":720,"url":"http:\/\/denizcankizil.tr\/wp-content\/uploads\/2025\/05\/6310-01-kxdZZj.jpg","type":"image\/jpeg"}],"author":"Av. Deniz Can K\u0131z\u0131l","twitter_card":"summary_large_image","twitter_misc":{"\u041d\u0430\u043f\u0438\u0441\u0430\u043d\u043e \u0430\u0432\u0442\u043e\u0440\u043e\u043c":"Av. Deniz Can K\u0131z\u0131l","\u041f\u0440\u0438\u043c\u0435\u0440\u043d\u043e\u0435 \u0432\u0440\u0435\u043c\u044f \u0434\u043b\u044f \u0447\u0442\u0435\u043d\u0438\u044f":"2 \u043c\u0438\u043d\u0443\u0442\u044b"},"schema":{"@context":"https:\/\/schema.org","@graph":[{"@type":"Article","@id":"http:\/\/denizcankizil.tr\/ru\/haberler\/antalya\/kumlucada-bilim-fuari-acildi\/#article","isPartOf":{"@id":"http:\/\/denizcankizil.tr\/ru\/haberler\/antalya\/kumlucada-bilim-fuari-acildi\/"},"author":{"name":"Av. Deniz Can K\u0131z\u0131l","@id":"https:\/\/denizcankizil.tr\/de\/#\/schema\/person\/5dc1b22991bd7ac833867c10afc9b0ff"},"headline":"Kumluca&#8217;da Bilim Fuar\u0131 a\u00e7\u0131ld\u0131","datePublished":"2025-05-13T14:41:16+00:00","mainEntityOfPage":{"@id":"http:\/\/denizcankizil.tr\/ru\/haberler\/antalya\/kumlucada-bilim-fuari-acildi\/"},"wordCount":345,"publisher":{"@id":"https:\/\/denizcankizil.tr\/de\/#organization"},"image":{"@id":"http:\/\/denizcankizil.tr\/ru\/haberler\/antalya\/kumlucada-bilim-fuari-acildi\/#primaryimage"},"thumbnailUrl":"http:\/\/denizcankizil.tr\/wp-content\/uploads\/2025\/05\/6310-01-kxdZZj.jpg","articleSection":["Antalya"],"inLanguage":"ru-RU"},{"@type":"WebPage","@id":"http:\/\/denizcankizil.tr\/ru\/haberler\/antalya\/kumlucada-bilim-fuari-acildi\/","url":"http:\/\/denizcankizil.tr\/ru\/haberler\/antalya\/kumlucada-bilim-fuari-acildi\/","name":"Kumluca'da Bilim Fuar\u0131 a\u00e7\u0131ld\u0131 - Av. Deniz Can K\u0131z\u0131l","isPartOf":{"@id":"https:\/\/denizcankizil.tr\/de\/#website"},"primaryImageOfPage":{"@id":"http:\/\/denizcankizil.tr\/ru\/haberler\/antalya\/kumlucada-bilim-fuari-acildi\/#primaryimage"},"image":{"@id":"http:\/\/denizcankizil.tr\/ru\/haberler\/antalya\/kumlucada-bilim-fuari-acildi\/#primaryimage"},"thumbnailUrl":"http:\/\/denizcankizil.tr\/wp-content\/uploads\/2025\/05\/6310-01-kxdZZj.jpg","datePublished":"2025-05-13T14:41:16+00:00","breadcrumb":{"@id":"http:\/\/denizcankizil.tr\/ru\/haberler\/antalya\/kumlucada-bilim-fuari-acildi\/#breadcrumb"},"inLanguage":"ru-RU","potentialAction":[{"@type":"ReadAction","target":["http:\/\/denizcankizil.tr\/ru\/haberler\/antalya\/kumlucada-bilim-fuari-acildi\/"]}]},{"@type":"ImageObject","inLanguage":"ru-RU","@id":"http:\/\/denizcankizil.tr\/ru\/haberler\/antalya\/kumlucada-bilim-fuari-acildi\/#primaryimage","url":"http:\/\/denizcankizil.tr\/wp-content\/uploads\/2025\/05\/6310-01-kxdZZj.jpg","contentUrl":"http:\/\/denizcankizil.tr\/wp-content\/uploads\/2025\/05\/6310-01-kxdZZj.jpg","width":1280,"height":720},{"@type":"BreadcrumbList","@id":"http:\/\/denizcankizil.tr\/ru\/haberler\/antalya\/kumlucada-bilim-fuari-acildi\/#breadcrumb","itemListElement":[{"@type":"ListItem","position":1,"name":"Home","item":"https:\/\/denizcankizil.tr\/de\/"},{"@type":"ListItem","position":2,"name":"Kumluca&#8217;da Bilim Fuar\u0131 a\u00e7\u0131ld\u0131"}]},{"@type":"WebSite","@id":"https:\/\/denizcankizil.tr\/de\/#website","url":"https:\/\/denizcankizil.tr\/de\/","name":"Av. Deniz Can K\u0131z\u0131l","description":"Avukat Deniz Can K\u0131z\u0131l Antalya Barosu","publisher":{"@id":"https:\/\/denizcankizil.tr\/de\/#organization"},"potentialAction":[{"@type":"SearchAction","target":{"@type":"EntryPoint","urlTemplate":"https:\/\/denizcankizil.tr\/de\/?s={search_term_string}"},"query-input":{"@type":"PropertyValueSpecification","valueRequired":true,"valueName":"search_term_string"}}],"inLanguage":"ru-RU"},{"@type":"Organization","@id":"https:\/\/denizcankizil.tr\/de\/#organization","name":"Av. Deniz Can K\u0131z\u0131l","url":"https:\/\/denizcankizil.tr\/de\/","logo":{"@type":"ImageObject","inLanguage":"ru-RU","@id":"https:\/\/denizcankizil.tr\/de\/#\/schema\/logo\/image\/","url":"http:\/\/denizcankizil.tr\/wp-content\/uploads\/2024\/10\/siyah-logo-svg.svg","contentUrl":"http:\/\/denizcankizil.tr\/wp-content\/uploads\/2024\/10\/siyah-logo-svg.svg","width":1080,"height":1080,"caption":"Av. Deniz Can K\u0131z\u0131l"},"image":{"@id":"https:\/\/denizcankizil.tr\/de\/#\/schema\/logo\/image\/"}},{"@type":"Person","@id":"https:\/\/denizcankizil.tr\/de\/#\/schema\/person\/5dc1b22991bd7ac833867c10afc9b0ff","name":"Av. Deniz Can K\u0131z\u0131l","image":{"@type":"ImageObject","inLanguage":"ru-RU","@id":"https:\/\/denizcankizil.tr\/de\/#\/schema\/person\/image\/","url":"https:\/\/secure.gravatar.com\/avatar\/a0b128fb9855c79efc976d5640eedb31dc35ec297594d6016d2cf7c60e975bb6?s=96&d=mm&r=g","contentUrl":"https:\/\/secure.gravatar.com\/avatar\/a0b128fb9855c79efc976d5640eedb31dc35ec297594d6016d2cf7c60e975bb6?s=96&d=mm&r=g","caption":"Av. Deniz Can K\u0131z\u0131l"},"sameAs":["http:\/\/www.denizcankizil.tr"],"url":"http:\/\/denizcankizil.tr\/ru\/author\/denizcankizil\/"}]}},"_links":{"self":[{"href":"http:\/\/denizcankizil.tr\/ru\/wp-json\/wp\/v2\/posts\/85351","targetHints":{"allow":["GET"]}}],"collection":[{"href":"http:\/\/denizcankizil.tr\/ru\/wp-json\/wp\/v2\/posts"}],"about":[{"href":"http:\/\/denizcankizil.tr\/ru\/wp-json\/wp\/v2\/types\/post"}],"author":[{"embeddable":true,"href":"http:\/\/denizcankizil.tr\/ru\/wp-json\/wp\/v2\/users\/4"}],"replies":[{"embeddable":true,"href":"http:\/\/denizcankizil.tr\/ru\/wp-json\/wp\/v2\/comments?post=85351"}],"version-history":[{"count":0,"href":"http:\/\/denizcankizil.tr\/ru\/wp-json\/wp\/v2\/posts\/85351\/revisions"}],"wp:featuredmedia":[{"embeddable":true,"href":"http:\/\/denizcankizil.tr\/ru\/wp-json\/wp\/v2\/media\/85352"}],"wp:attachment":[{"href":"http:\/\/denizcankizil.tr\/ru\/wp-json\/wp\/v2\/media?parent=85351"}],"wp:term":[{"taxonomy":"category","embeddable":true,"href":"http:\/\/denizcankizil.tr\/ru\/wp-json\/wp\/v2\/categories?post=85351"},{"taxonomy":"post_tag","embeddable":true,"href":"http:\/\/denizcankizil.tr\/ru\/wp-json\/wp\/v2\/tags?post=85351"}],"curies":[{"name":"wp","href":"https:\/\/api.w.org\/{rel}","templated":true}]}}