{"id":85302,"date":"2025-05-13T16:41:19","date_gmt":"2025-05-13T13:41:19","guid":{"rendered":"https:\/\/denizcankizil.tr\/uncategorized-tr\/engelsiz-halk-plaji-hizmete-acildi\/"},"modified":"2025-05-13T16:41:19","modified_gmt":"2025-05-13T13:41:19","slug":"engelsiz-halk-plaji-hizmete-acildi","status":"publish","type":"post","link":"http:\/\/denizcankizil.tr\/ru\/haberler\/antalya\/engelsiz-halk-plaji-hizmete-acildi\/","title":{"rendered":"Engelsiz halk plaj\u0131 hizmete a\u00e7\u0131ld\u0131"},"content":{"rendered":"<p>Alanya Kaymakaml\u0131\u011f\u0131 ve Alanya Belediyesi&#8217;nin i\u015f birli\u011fiyle d\u00fczenlenen festival, \u0130l\u00e7e Milli E\u011fitim M\u00fcd\u00fcrl\u00fc\u011f\u00fc \u00f6n\u00fcnden ba\u015flayan kortej y\u00fcr\u00fcy\u00fc\u015f\u00fcyle ba\u015flad\u0131. Programa, Kaymakam Fatih \u00dcrkmezer, Belediye Ba\u015fkan\u0131 Osman Tar\u0131k \u00d6z\u00e7elik, ALK\u00dc Rekt\u00f6r Yard\u0131mc\u0131s\u0131 Prof. Dr. Mehmet K\u0131l\u0131\u00e7, belediye ba\u015fkan yard\u0131mc\u0131lar\u0131 ve meclis \u00fcyeleri, \u0130l\u00e7e Milli E\u011fitim M\u00fcd\u00fcr\u00fc Yusuf Y\u0131lmaz, Kent Konseyi Ba\u015fkan\u0131 Nurhan \u00d6zcan, siyasi parti il\u00e7e ba\u015fkanlar\u0131, oda, dernek, STK, kurum ve kurulu\u015f m\u00fcd\u00fcrleri, engelli bireyler ve aileleri, \u00f6zel e\u011fitim kurumlar\u0131n\u0131n \u00f6\u011frenci ve \u00f6\u011fretmenleri ile vatanda\u015flar kat\u0131ld\u0131. Heyet, ellerinde bayrak ve pankartlarla eski belediye binas\u0131 arkas\u0131ndaki etkinlik alan\u0131na y\u00fcr\u00fcd\u00fc. Program sayg\u0131 duru\u015fu ve \u0130stiklal Mar\u015f\u0131 ile devam etti.<\/p>\n<p>M\u00dcD\u00dcR YILMAZ&#8217;DAN \u00d6ZEL E\u011e\u0130T\u0130M \u00d6\u011eRETMENLER\u0130NE TE\u015eEKK\u00dcR<\/p>\n<p>Programda konu\u015fan \u0130l\u00e7e Milli E\u011fitim M\u00fcd\u00fcr\u00fc Yusuf Y\u0131lmaz, kentteki e\u011fitim olanaklar\u0131 hakk\u0131nda bilgi verdi. Y\u0131lmaz, &#8220;Engelli bireylerimizin kar\u015f\u0131la\u015ft\u0131klar\u0131 zorluklara dikkati \u00e7ekmek i\u00e7in bu hafta, bir f\u0131rsatt\u0131r. \u0130l\u00e7emizde 6 adet engelli bireylere hizmet veren okulumuz var. Toplamda 288 \u00f6zel e\u011fitim \u00f6\u011frencimiz var. Ayr\u0131ca 46 farkl\u0131 okulumuzda 72 \u00f6zel e\u011fitim s\u0131n\u0131f\u0131 a\u00e7t\u0131k ve 369 \u00f6\u011frenci bu s\u0131n\u0131flarda e\u011fitim g\u00f6r\u00fcyor. Toplamda 657 \u00f6zel gereksinimli \u00f6\u011frencimiz var. 23 \u00f6\u011frencimiz de okula eri\u015femiyor ve biz onlara evde e\u011fitim hizmeti veriyoruz. \u00d6zel e\u011fitim okullar\u0131nda ve s\u0131n\u0131flar\u0131nda 259 \u00f6\u011fretmenimiz g\u00f6rev yap\u0131yor. \u00d6zel e\u011fitim \u00f6\u011frencilerimizin tamam\u0131 evlerinden ara\u00e7, \u015fof\u00f6r ve hostes e\u015fli\u011finde al\u0131n\u0131yor, yeme i\u00e7me ihtiya\u00e7lar\u0131 da devletimiz taraf\u0131ndan kar\u015f\u0131lan\u0131yor. \u00d6zel e\u011fitim meslek lisemizin de fiziki \u015fartlar\u0131n\u0131 iyile\u015ftirmek ad\u0131na yeni bir binaya ta\u015f\u0131yaca\u011f\u0131z. Meslekta\u015flar\u0131m\u0131za te\u015fekk\u00fcr ediyorum. B\u00fcy\u00fck bir \u00f6zveriyle \u00f6\u011frencilerimiz i\u00e7in \u00e7al\u0131\u015f\u0131yorlar. Ayr\u0131ca engelsiz halk plaj\u0131n\u0131 burada hayata ge\u00e7iren belediye ba\u015fkan\u0131m\u0131za ve eme\u011fi ge\u00e7en herkese te\u015fekk\u00fcr ediyorum&#8221; dedi.<\/p>\n<p>BA\u015eKAN \u00d6Z\u00c7EL\u0130K: HEDEF\u0130M\u0130Z ALANYA&#8217;MIZIN HER K\u00d6\u015eES\u0130N\u0130 ENGELS\u0130Z HALE GET\u0130RMEKT\u0130R<\/p>\n<p>Alanya Belediye Ba\u015fkan\u0131 Osman Tar\u0131k \u00d6z\u00e7elik, &#8220;Bu \u00f6zel ve anlaml\u0131 haftada Alanya Belediyesi olarak, belki de \u00fclkemizin en kapsaml\u0131 plaj\u0131n\u0131n a\u00e7\u0131l\u0131\u015f\u0131n\u0131 ger\u00e7ekle\u015ftiriyoruz. Galip Dere Engelsiz Halk Plaj\u0131&#8217;n\u0131 hizmete a\u00e7mak, ge\u00e7en y\u0131l planlad\u0131\u011f\u0131m\u0131z bir projeydi ve bu projeyi hizmete sunmaktan b\u00fcy\u00fck gurur duyuyoruz. Bu \u00f6zel haftada burada olmam\u0131z\u0131n amac\u0131 yaln\u0131zca a\u00e7\u0131l\u0131\u015f de\u011fil. As\u0131l amac\u0131m\u0131z bu haftan\u0131n ta\u015f\u0131d\u0131\u011f\u0131 derin anlam\u0131 daha fazla kalbe ula\u015ft\u0131rmak ve toplumsal fark\u0131ndal\u0131\u011f\u0131 y\u00fckseltmektir. Birlikte att\u0131\u011f\u0131m\u0131z her ad\u0131m, Alanya&#8217;da engelleri kald\u0131rmak i\u00e7in ne kadar b\u00fcy\u00fck bir iradeye sahip oldu\u011fumuzun g\u00f6stergesidir. Bu plaj sadece bir sahil d\u00fczenlemesi de\u011fil, ayn\u0131 zamanda bir vicdan projesidir. Burada engelli vatanda\u015flar\u0131m\u0131z\u0131n \u00f6zg\u00fcrce denize girip g\u00fcne\u015flenmesini sa\u011flayaca\u011f\u0131m\u0131z, emniyet i\u00e7inde vakit ge\u00e7irecekleri bir alan olu\u015fturduk. Onlar i\u00e7in huzurlu bir ya\u015fam alan\u0131 kurduk. Alanya&#8217;da ya\u015famak hakikaten bir ayr\u0131cal\u0131k ama bu g\u00fczellikleri hep birlikte payla\u015ft\u0131\u011f\u0131m\u0131z da sokaklar\u0131m\u0131z\u0131 eri\u015filebilir k\u0131ld\u0131\u011f\u0131m\u0131zda bizler i\u00e7in \u00e7ok daha daha g\u00fczel olacakt\u0131r. Eri\u015filebilirlik bir l\u00fctuf de\u011fil en temel vatanda\u015fl\u0131k hakk\u0131d\u0131r, bu bizim y\u00f6netim anlay\u0131\u015f\u0131m\u0131zd\u0131r. Bu plajda da \u00f6zel du\u015flar, tuvaletler ve \u00f6zel plaj sandalyelerine kadar her detay\u0131 d\u00fc\u015f\u00fcnd\u00fck, eksiksiz bir \u015fekilde yapt\u0131k. Yaz aylar\u0131 itibar\u0131yla fiziksel engelli vatanda\u015flar\u0131m\u0131z i\u00e7in asans\u00f6rl\u00fc ara\u00e7lar hizmete girecek. Bu bizim i\u00e7in sadece bir ba\u015flang\u0131\u00e7. Hedefimiz Alanya&#8217;m\u0131z\u0131n her k\u00f6\u015fesine engelsiz hale getirmektir. Alanya&#8217;n\u0131n her k\u00f6\u015fesinde vatanda\u015flar\u0131m\u0131z\u0131n e\u015fit bir \u015fekilde ya\u015fayaca\u011f\u0131 s\u00f6z\u00fcn\u00fc vermi\u015ftik. Engelsiz bir Alanya hayalinin ba\u015flang\u0131c\u0131 buras\u0131 olacakt\u0131r. Engelli vatanda\u015flar\u0131m\u0131zla ilgili toplumsal bilincin artmas\u0131n\u0131 temenni ediyoruz. T\u00fcm \u00f6zel karde\u015flerime ve onlar\u0131n ailelerine \u015f\u00fckranlar\u0131m\u0131 sunuyorum. Daha eri\u015filebilir, daha g\u00fczel ve daha insani bir Alanya i\u00e7in \u00e7al\u0131\u015fmaya devam edece\u011fiz&#8221; diye konu\u015ftu.<\/p>\n<p>KAYMAKAM \u00dcRKMEZER: T\u00dcM KURUMLAR OLARAK \u00c7ALI\u015eIYORUZ<\/p>\n<p>Engelliler Haftas\u0131&#8217;n\u0131 kutlayan Kaymakam Fatih \u00dcrkmezer, &#8220;Alanya&#8217;da engelleri kald\u0131rmak i\u00e7in pek \u00e7ok okulumuzda hizmet veriyoruz. Amac\u0131m\u0131z b\u00fct\u00fcn engelli bireylerimizin haklar\u0131n\u0131n korunmas\u0131n\u0131 sa\u011flayacak her t\u00fcrl\u00fc hizmeti vermek. Bu anlamda Alanya&#8217;daki t\u00fcm kurumlar olarak \u00e7al\u0131\u015f\u0131yoruz. 2013&#8217;te \u00e7\u0131kan y\u00f6netmelikle b\u00fct\u00fcn kamu binalar\u0131m\u0131z\u0131 engelli vatanda\u015flar\u0131m\u0131z\u0131n rahat eri\u015fmesi i\u00e7in d\u00fczenliyoruz. Yeni yap\u0131lan kaymakaml\u0131k binam\u0131z tamamen engelliler i\u00e7in uygun bir \u015fekilde yap\u0131l\u0131yor. Engelsiz plaj\u0131m\u0131z\u0131n a\u00e7\u0131l\u0131\u015f\u0131n\u0131 da bug\u00fcn yapaca\u011f\u0131z. Buraya emek veren ba\u015fta belediye ba\u015fkan\u0131m\u0131za ve t\u00fcm ekibine te\u015fekk\u00fcr ediyorum. Bu alan b\u00f6ylece daha kullan\u0131\u015fl\u0131 bir hale geldi ve t\u00fcm vatanda\u015flar\u0131m\u0131z\u0131n Alanya&#8217;n\u0131n g\u00fczelli\u011finden faydalanmas\u0131na imkan sa\u011flayacak&#8221; ifadelerine yer verdi.<\/p>\n<p>G\u00d6STER\u0130LER B\u00dcY\u00dcK BE\u011eEN\u0130 TOPLADI<\/p>\n<p>Protokol konu\u015fmalar\u0131n\u0131n ard\u0131ndan engelli \u00f6\u011frenciler ve \u00f6\u011fretmenleri taraf\u0131ndan haz\u0131rlanan g\u00f6steriler sergilendi. Dans ve halk oyunlar\u0131 ile ba\u015flayan g\u00f6steriler, Sakine Nesibe Zamano\u011flu \u00d6zel E\u011fitim Uygulama Okulu \u00f6\u011frencileri ile di\u011fer okullar\u0131n \u00f6\u011frencileri taraf\u0131ndan hayata ge\u00e7irilen &#8216;Benimle Oynar M\u0131s\u0131n Projesi&#8217; kapsam\u0131nda haz\u0131rlanan dans ve m\u00fczik g\u00f6sterisiyle devam etti. Down sendromlu \u00f6\u011frencilerin ger\u00e7ekle\u015ftirdi\u011fi &#8216;Art\u0131 1 step&#8217; g\u00f6sterisi kat\u0131l\u0131mc\u0131lar\u0131n b\u00fcy\u00fck be\u011fenisini toplad\u0131. Festivalde, Alanya Belediyesi taraf\u0131ndan kat\u0131l\u0131mc\u0131lara limonata ve patlam\u0131\u015f m\u0131s\u0131r ikram\u0131 yap\u0131ld\u0131.<\/p>\n<p>ENGELS\u0130Z HALK PLAJI H\u0130ZMETE A\u00c7ILDI<\/p>\n<p>Festival program\u0131n\u0131n ard\u0131ndan Alanya Belediyesi Engelsiz Halk Plaj\u0131&#8217;n\u0131n a\u00e7\u0131l\u0131\u015f\u0131 ger\u00e7ekle\u015ftirildi. Galip Dere Plaj\u0131&#8217;nda kurulan \u00f6zel alan\u0131n a\u00e7\u0131l\u0131\u015f\u0131, protokol \u00fcyelerinin kurdele kesimiyle yap\u0131ld\u0131. Protokol \u00fcyeleri ve kat\u0131l\u0131mc\u0131lar, a\u00e7\u0131l\u0131\u015ftan sonra engelsiz halk plaj\u0131n\u0131 gezdi. Engelli bireylerin rahat\u00e7a kullanaca\u011f\u0131 \u015fekilde dizayn edilen plajda; cankurtaran hizmeti, \u00f6zel du\u015f ve tuvaletler, g\u00fcne\u015flenmek i\u00e7in \u00f6zel tasar\u0131m plaj sandalyeleri ve fiziksel engelli bireylerin sahilden denize ula\u015fmas\u0131 i\u00e7in kurulan platform yer ald\u0131. Plaj, hem kentte ya\u015fayan engelli bireylere hem de Alanya&#8217;ya tatile gelen yerli ve yabanc\u0131 misafirlere hizmet verecek. Engelli vatanda\u015flar denize girerek, plaj\u0131 ilk kez kulland\u0131. Vatanda\u015flar, b\u00f6yle bir imkan\u0131 sa\u011flad\u0131\u011f\u0131 i\u00e7in Ba\u015fkan \u00d6z\u00e7elik ve ekibine te\u015fekk\u00fcr etti.<\/p>\n<p>\u00d6\u011eRENC\u0130LER\u0130N EL EME\u011e\u0130 \u00dcR\u00dcNLER\u0130 PLAJDA SERG\u0130LEND\u0130<\/p>\n<p>\u00c7evresel s\u00fcrd\u00fcr\u00fclebilirlik, sanat ve toplumsal kapsay\u0131c\u0131l\u0131\u011f\u0131 bir araya getiren, &#8216;Yalos ile S\u00fcrd\u00fcr\u00fclebilirlik Tasar\u0131mlar\u0131&#8217; adl\u0131 \u00e7evreci sanat projesi de festival kapsam\u0131nda tan\u0131t\u0131ld\u0131. Alanya Belediyesi&#8217;nin \u00f6nc\u00fcl\u00fc\u011f\u00fcnde, Alanya T\u00fcrkler G\u00fczel Sanatlar Lisesi \u00f6\u011frencileri Galip Dere Plaj\u0131&#8217;ndan toplanan at\u0131k yalos dallar\u0131ndan birer sanat eseri yapt\u0131. Festivale kat\u0131lan vatanda\u015flar, geri d\u00f6n\u00fc\u015f\u00fcm\u00fcn sanatla bulu\u015ftu\u011fu sergi alan\u0131n\u0131 b\u00fcy\u00fck bir ilgi ve be\u011feniyle gezdi. Protokol \u00fcyeleri eserleri hayata ge\u00e7iren \u00f6\u011frencileri tebrik ederek, ba\u015far\u0131lar\u0131n\u0131n devam\u0131n\u0131 diledi.<\/p>\n<p>Kaynak: www.kanalv.com.tr Haber Sitesinden Al\u0131nm\u0131\u015ft\u0131r.<\/p>","protected":false},"excerpt":{"rendered":"<p>Alanya Kaymakaml\u0131\u011f\u0131 ve Alanya Belediyesi&#8217;nin i\u015f birli\u011fiyle d\u00fczenlenen festival, \u0130l\u00e7e Milli E\u011fitim M\u00fcd\u00fcrl\u00fc\u011f\u00fc \u00f6n\u00fcnden ba\u015flayan kortej y\u00fcr\u00fcy\u00fc\u015f\u00fcyle ba\u015flad\u0131. Programa, Kaymakam Fatih \u00dcrkmezer, Belediye Ba\u015fkan\u0131 Osman Tar\u0131k \u00d6z\u00e7elik, ALK\u00dc Rekt\u00f6r Yard\u0131mc\u0131s\u0131 Prof. Dr. Mehmet K\u0131l\u0131\u00e7, belediye ba\u015fkan yard\u0131mc\u0131lar\u0131 ve meclis \u00fcyeleri, \u0130l\u00e7e Milli E\u011fitim M\u00fcd\u00fcr\u00fc Yusuf Y\u0131lmaz, Kent Konseyi Ba\u015fkan\u0131 Nurhan \u00d6zcan, siyasi parti il\u00e7e ba\u015fkanlar\u0131, oda, dernek, STK, kurum ve kurulu\u015f m\u00fcd\u00fcrleri, engelli bireyler ve aileleri, \u00f6zel e\u011fitim kurumlar\u0131n\u0131n \u00f6\u011frenci ve \u00f6\u011fretmenleri ile vatanda\u015flar kat\u0131ld\u0131. Heyet, ellerinde bayrak ve pankartlarla eski belediye binas\u0131 arkas\u0131ndaki etkinlik alan\u0131na y\u00fcr\u00fcd\u00fc. Program sayg\u0131 duru\u015fu ve \u0130stiklal Mar\u015f\u0131 ile devam etti. M\u00dcD\u00dcR YILMAZ&#8217;DAN \u00d6ZEL E\u011e\u0130T\u0130M \u00d6\u011eRETMENLER\u0130NE TE\u015eEKK\u00dcR Programda konu\u015fan \u0130l\u00e7e Milli E\u011fitim M\u00fcd\u00fcr\u00fc Yusuf Y\u0131lmaz, kentteki e\u011fitim olanaklar\u0131 hakk\u0131nda bilgi verdi. Y\u0131lmaz, &#8220;Engelli bireylerimizin kar\u015f\u0131la\u015ft\u0131klar\u0131 zorluklara dikkati \u00e7ekmek i\u00e7in bu hafta, bir f\u0131rsatt\u0131r. \u0130l\u00e7emizde 6 adet engelli bireylere hizmet veren okulumuz var. Toplamda 288 \u00f6zel e\u011fitim \u00f6\u011frencimiz var. Ayr\u0131ca 46 farkl\u0131 okulumuzda 72 \u00f6zel e\u011fitim s\u0131n\u0131f\u0131 a\u00e7t\u0131k ve 369 \u00f6\u011frenci bu s\u0131n\u0131flarda e\u011fitim g\u00f6r\u00fcyor. Toplamda 657 \u00f6zel gereksinimli \u00f6\u011frencimiz var. 23 \u00f6\u011frencimiz de okula eri\u015femiyor ve biz onlara evde e\u011fitim hizmeti veriyoruz. \u00d6zel e\u011fitim okullar\u0131nda ve s\u0131n\u0131flar\u0131nda 259 \u00f6\u011fretmenimiz g\u00f6rev yap\u0131yor. \u00d6zel e\u011fitim \u00f6\u011frencilerimizin tamam\u0131 evlerinden ara\u00e7, \u015fof\u00f6r ve hostes e\u015fli\u011finde al\u0131n\u0131yor, yeme i\u00e7me ihtiya\u00e7lar\u0131 &hellip;<\/p>","protected":false},"author":4,"featured_media":85303,"comment_status":"","ping_status":"open","sticky":false,"template":"","format":"standard","meta":{"_acf_changed":false,"footnotes":""},"categories":[26],"tags":[],"class_list":["post-85302","post","type-post","status-publish","format-standard","has-post-thumbnail","hentry","category-antalya"],"acf":[],"yoast_head":"<!-- This site is optimized with the Yoast SEO Premium plugin v26.6 (Yoast SEO v27.1.1) - https:\/\/yoast.com\/product\/yoast-seo-premium-wordpress\/ -->\n<title>Engelsiz halk plaj\u0131 hizmete a\u00e7\u0131ld\u0131 - Av. Deniz Can K\u0131z\u0131l<\/title>\n<meta name=\"robots\" content=\"index, follow, max-snippet:-1, max-image-preview:large, max-video-preview:-1\" \/>\n<link rel=\"canonical\" href=\"http:\/\/denizcankizil.tr\/ru\/haberler\/antalya\/engelsiz-halk-plaji-hizmete-acildi\/\" \/>\n<meta property=\"og:locale\" content=\"ru_RU\" \/>\n<meta property=\"og:type\" content=\"article\" \/>\n<meta property=\"og:title\" content=\"Engelsiz halk plaj\u0131 hizmete a\u00e7\u0131ld\u0131\" \/>\n<meta property=\"og:description\" content=\"Alanya Kaymakaml\u0131\u011f\u0131 ve Alanya Belediyesi&#8217;nin i\u015f birli\u011fiyle d\u00fczenlenen festival, \u0130l\u00e7e Milli E\u011fitim M\u00fcd\u00fcrl\u00fc\u011f\u00fc \u00f6n\u00fcnden ba\u015flayan kortej y\u00fcr\u00fcy\u00fc\u015f\u00fcyle ba\u015flad\u0131. Programa, Kaymakam Fatih \u00dcrkmezer, Belediye Ba\u015fkan\u0131 Osman Tar\u0131k \u00d6z\u00e7elik, ALK\u00dc Rekt\u00f6r Yard\u0131mc\u0131s\u0131 Prof. Dr. Mehmet K\u0131l\u0131\u00e7, belediye ba\u015fkan yard\u0131mc\u0131lar\u0131 ve meclis \u00fcyeleri, \u0130l\u00e7e Milli E\u011fitim M\u00fcd\u00fcr\u00fc Yusuf Y\u0131lmaz, Kent Konseyi Ba\u015fkan\u0131 Nurhan \u00d6zcan, siyasi parti il\u00e7e ba\u015fkanlar\u0131, oda, dernek, STK, kurum ve kurulu\u015f m\u00fcd\u00fcrleri, engelli bireyler ve aileleri, \u00f6zel e\u011fitim kurumlar\u0131n\u0131n \u00f6\u011frenci ve \u00f6\u011fretmenleri ile vatanda\u015flar kat\u0131ld\u0131. Heyet, ellerinde bayrak ve pankartlarla eski belediye binas\u0131 arkas\u0131ndaki etkinlik alan\u0131na y\u00fcr\u00fcd\u00fc. Program sayg\u0131 duru\u015fu ve \u0130stiklal Mar\u015f\u0131 ile devam etti. M\u00dcD\u00dcR YILMAZ&#8217;DAN \u00d6ZEL E\u011e\u0130T\u0130M \u00d6\u011eRETMENLER\u0130NE TE\u015eEKK\u00dcR Programda konu\u015fan \u0130l\u00e7e Milli E\u011fitim M\u00fcd\u00fcr\u00fc Yusuf Y\u0131lmaz, kentteki e\u011fitim olanaklar\u0131 hakk\u0131nda bilgi verdi. Y\u0131lmaz, &#8220;Engelli bireylerimizin kar\u015f\u0131la\u015ft\u0131klar\u0131 zorluklara dikkati \u00e7ekmek i\u00e7in bu hafta, bir f\u0131rsatt\u0131r. \u0130l\u00e7emizde 6 adet engelli bireylere hizmet veren okulumuz var. Toplamda 288 \u00f6zel e\u011fitim \u00f6\u011frencimiz var. Ayr\u0131ca 46 farkl\u0131 okulumuzda 72 \u00f6zel e\u011fitim s\u0131n\u0131f\u0131 a\u00e7t\u0131k ve 369 \u00f6\u011frenci bu s\u0131n\u0131flarda e\u011fitim g\u00f6r\u00fcyor. Toplamda 657 \u00f6zel gereksinimli \u00f6\u011frencimiz var. 23 \u00f6\u011frencimiz de okula eri\u015femiyor ve biz onlara evde e\u011fitim hizmeti veriyoruz. \u00d6zel e\u011fitim okullar\u0131nda ve s\u0131n\u0131flar\u0131nda 259 \u00f6\u011fretmenimiz g\u00f6rev yap\u0131yor. \u00d6zel e\u011fitim \u00f6\u011frencilerimizin tamam\u0131 evlerinden ara\u00e7, \u015fof\u00f6r ve hostes e\u015fli\u011finde al\u0131n\u0131yor, yeme i\u00e7me ihtiya\u00e7lar\u0131 &hellip;\" \/>\n<meta property=\"og:url\" content=\"http:\/\/denizcankizil.tr\/ru\/haberler\/antalya\/engelsiz-halk-plaji-hizmete-acildi\/\" \/>\n<meta property=\"og:site_name\" content=\"Av. Deniz Can K\u0131z\u0131l\" \/>\n<meta property=\"article:published_time\" content=\"2025-05-13T13:41:19+00:00\" \/>\n<meta property=\"og:image\" content=\"http:\/\/denizcankizil.tr\/wp-content\/uploads\/2025\/05\/6309-01-aFdnBR.jpg\" \/>\n\t<meta property=\"og:image:width\" content=\"1280\" \/>\n\t<meta property=\"og:image:height\" content=\"720\" \/>\n\t<meta property=\"og:image:type\" content=\"image\/jpeg\" \/>\n<meta name=\"author\" content=\"Av. Deniz Can K\u0131z\u0131l\" \/>\n<meta name=\"twitter:card\" content=\"summary_large_image\" \/>\n<meta name=\"twitter:label1\" content=\"\u041d\u0430\u043f\u0438\u0441\u0430\u043d\u043e \u0430\u0432\u0442\u043e\u0440\u043e\u043c\" \/>\n\t<meta name=\"twitter:data1\" content=\"Av. Deniz Can K\u0131z\u0131l\" \/>\n\t<meta name=\"twitter:label2\" content=\"\u041f\u0440\u0438\u043c\u0435\u0440\u043d\u043e\u0435 \u0432\u0440\u0435\u043c\u044f \u0434\u043b\u044f \u0447\u0442\u0435\u043d\u0438\u044f\" \/>\n\t<meta name=\"twitter:data2\" content=\"6 \u043c\u0438\u043d\u0443\u0442\" \/>\n<script type=\"application\/ld+json\" class=\"yoast-schema-graph\">{\"@context\":\"https:\/\/schema.org\",\"@graph\":[{\"@type\":\"Article\",\"@id\":\"http:\/\/denizcankizil.tr\/ru\/haberler\/antalya\/engelsiz-halk-plaji-hizmete-acildi\/#article\",\"isPartOf\":{\"@id\":\"http:\/\/denizcankizil.tr\/ru\/haberler\/antalya\/engelsiz-halk-plaji-hizmete-acildi\/\"},\"author\":{\"name\":\"Av. Deniz Can K\u0131z\u0131l\",\"@id\":\"https:\/\/denizcankizil.tr\/de\/#\/schema\/person\/5dc1b22991bd7ac833867c10afc9b0ff\"},\"headline\":\"Engelsiz halk plaj\u0131 hizmete a\u00e7\u0131ld\u0131\",\"datePublished\":\"2025-05-13T13:41:19+00:00\",\"mainEntityOfPage\":{\"@id\":\"http:\/\/denizcankizil.tr\/ru\/haberler\/antalya\/engelsiz-halk-plaji-hizmete-acildi\/\"},\"wordCount\":1302,\"publisher\":{\"@id\":\"https:\/\/denizcankizil.tr\/de\/#organization\"},\"image\":{\"@id\":\"http:\/\/denizcankizil.tr\/ru\/haberler\/antalya\/engelsiz-halk-plaji-hizmete-acildi\/#primaryimage\"},\"thumbnailUrl\":\"http:\/\/denizcankizil.tr\/wp-content\/uploads\/2025\/05\/6309-01-aFdnBR.jpg\",\"articleSection\":[\"Antalya\"],\"inLanguage\":\"ru-RU\"},{\"@type\":\"WebPage\",\"@id\":\"http:\/\/denizcankizil.tr\/ru\/haberler\/antalya\/engelsiz-halk-plaji-hizmete-acildi\/\",\"url\":\"http:\/\/denizcankizil.tr\/ru\/haberler\/antalya\/engelsiz-halk-plaji-hizmete-acildi\/\",\"name\":\"Engelsiz halk plaj\u0131 hizmete a\u00e7\u0131ld\u0131 - Av. Deniz Can K\u0131z\u0131l\",\"isPartOf\":{\"@id\":\"https:\/\/denizcankizil.tr\/de\/#website\"},\"primaryImageOfPage\":{\"@id\":\"http:\/\/denizcankizil.tr\/ru\/haberler\/antalya\/engelsiz-halk-plaji-hizmete-acildi\/#primaryimage\"},\"image\":{\"@id\":\"http:\/\/denizcankizil.tr\/ru\/haberler\/antalya\/engelsiz-halk-plaji-hizmete-acildi\/#primaryimage\"},\"thumbnailUrl\":\"http:\/\/denizcankizil.tr\/wp-content\/uploads\/2025\/05\/6309-01-aFdnBR.jpg\",\"datePublished\":\"2025-05-13T13:41:19+00:00\",\"breadcrumb\":{\"@id\":\"http:\/\/denizcankizil.tr\/ru\/haberler\/antalya\/engelsiz-halk-plaji-hizmete-acildi\/#breadcrumb\"},\"inLanguage\":\"ru-RU\",\"potentialAction\":[{\"@type\":\"ReadAction\",\"target\":[\"http:\/\/denizcankizil.tr\/ru\/haberler\/antalya\/engelsiz-halk-plaji-hizmete-acildi\/\"]}]},{\"@type\":\"ImageObject\",\"inLanguage\":\"ru-RU\",\"@id\":\"http:\/\/denizcankizil.tr\/ru\/haberler\/antalya\/engelsiz-halk-plaji-hizmete-acildi\/#primaryimage\",\"url\":\"http:\/\/denizcankizil.tr\/wp-content\/uploads\/2025\/05\/6309-01-aFdnBR.jpg\",\"contentUrl\":\"http:\/\/denizcankizil.tr\/wp-content\/uploads\/2025\/05\/6309-01-aFdnBR.jpg\",\"width\":1280,\"height\":720},{\"@type\":\"BreadcrumbList\",\"@id\":\"http:\/\/denizcankizil.tr\/ru\/haberler\/antalya\/engelsiz-halk-plaji-hizmete-acildi\/#breadcrumb\",\"itemListElement\":[{\"@type\":\"ListItem\",\"position\":1,\"name\":\"Home\",\"item\":\"https:\/\/denizcankizil.tr\/de\/\"},{\"@type\":\"ListItem\",\"position\":2,\"name\":\"Engelsiz halk plaj\u0131 hizmete a\u00e7\u0131ld\u0131\"}]},{\"@type\":\"WebSite\",\"@id\":\"https:\/\/denizcankizil.tr\/de\/#website\",\"url\":\"https:\/\/denizcankizil.tr\/de\/\",\"name\":\"Av. Deniz Can K\u0131z\u0131l\",\"description\":\"Avukat Deniz Can K\u0131z\u0131l Antalya Barosu\",\"publisher\":{\"@id\":\"https:\/\/denizcankizil.tr\/de\/#organization\"},\"potentialAction\":[{\"@type\":\"SearchAction\",\"target\":{\"@type\":\"EntryPoint\",\"urlTemplate\":\"https:\/\/denizcankizil.tr\/de\/?s={search_term_string}\"},\"query-input\":{\"@type\":\"PropertyValueSpecification\",\"valueRequired\":true,\"valueName\":\"search_term_string\"}}],\"inLanguage\":\"ru-RU\"},{\"@type\":\"Organization\",\"@id\":\"https:\/\/denizcankizil.tr\/de\/#organization\",\"name\":\"Av. Deniz Can K\u0131z\u0131l\",\"url\":\"https:\/\/denizcankizil.tr\/de\/\",\"logo\":{\"@type\":\"ImageObject\",\"inLanguage\":\"ru-RU\",\"@id\":\"https:\/\/denizcankizil.tr\/de\/#\/schema\/logo\/image\/\",\"url\":\"http:\/\/denizcankizil.tr\/wp-content\/uploads\/2024\/10\/siyah-logo-svg.svg\",\"contentUrl\":\"http:\/\/denizcankizil.tr\/wp-content\/uploads\/2024\/10\/siyah-logo-svg.svg\",\"width\":1080,\"height\":1080,\"caption\":\"Av. Deniz Can K\u0131z\u0131l\"},\"image\":{\"@id\":\"https:\/\/denizcankizil.tr\/de\/#\/schema\/logo\/image\/\"}},{\"@type\":\"Person\",\"@id\":\"https:\/\/denizcankizil.tr\/de\/#\/schema\/person\/5dc1b22991bd7ac833867c10afc9b0ff\",\"name\":\"Av. Deniz Can K\u0131z\u0131l\",\"image\":{\"@type\":\"ImageObject\",\"inLanguage\":\"ru-RU\",\"@id\":\"https:\/\/denizcankizil.tr\/de\/#\/schema\/person\/image\/\",\"url\":\"https:\/\/secure.gravatar.com\/avatar\/a0b128fb9855c79efc976d5640eedb31dc35ec297594d6016d2cf7c60e975bb6?s=96&d=mm&r=g\",\"contentUrl\":\"https:\/\/secure.gravatar.com\/avatar\/a0b128fb9855c79efc976d5640eedb31dc35ec297594d6016d2cf7c60e975bb6?s=96&d=mm&r=g\",\"caption\":\"Av. Deniz Can K\u0131z\u0131l\"},\"sameAs\":[\"http:\/\/www.denizcankizil.tr\"],\"url\":\"http:\/\/denizcankizil.tr\/ru\/author\/denizcankizil\/\"}]}<\/script>\n<!-- \/ Yoast SEO Premium plugin. -->","yoast_head_json":{"title":"Engelsiz halk plaj\u0131 hizmete a\u00e7\u0131ld\u0131 - Av. Deniz Can K\u0131z\u0131l","robots":{"index":"index","follow":"follow","max-snippet":"max-snippet:-1","max-image-preview":"max-image-preview:large","max-video-preview":"max-video-preview:-1"},"canonical":"http:\/\/denizcankizil.tr\/ru\/haberler\/antalya\/engelsiz-halk-plaji-hizmete-acildi\/","og_locale":"ru_RU","og_type":"article","og_title":"Engelsiz halk plaj\u0131 hizmete a\u00e7\u0131ld\u0131","og_description":"Alanya Kaymakaml\u0131\u011f\u0131 ve Alanya Belediyesi&#8217;nin i\u015f birli\u011fiyle d\u00fczenlenen festival, \u0130l\u00e7e Milli E\u011fitim M\u00fcd\u00fcrl\u00fc\u011f\u00fc \u00f6n\u00fcnden ba\u015flayan kortej y\u00fcr\u00fcy\u00fc\u015f\u00fcyle ba\u015flad\u0131. Programa, Kaymakam Fatih \u00dcrkmezer, Belediye Ba\u015fkan\u0131 Osman Tar\u0131k \u00d6z\u00e7elik, ALK\u00dc Rekt\u00f6r Yard\u0131mc\u0131s\u0131 Prof. Dr. Mehmet K\u0131l\u0131\u00e7, belediye ba\u015fkan yard\u0131mc\u0131lar\u0131 ve meclis \u00fcyeleri, \u0130l\u00e7e Milli E\u011fitim M\u00fcd\u00fcr\u00fc Yusuf Y\u0131lmaz, Kent Konseyi Ba\u015fkan\u0131 Nurhan \u00d6zcan, siyasi parti il\u00e7e ba\u015fkanlar\u0131, oda, dernek, STK, kurum ve kurulu\u015f m\u00fcd\u00fcrleri, engelli bireyler ve aileleri, \u00f6zel e\u011fitim kurumlar\u0131n\u0131n \u00f6\u011frenci ve \u00f6\u011fretmenleri ile vatanda\u015flar kat\u0131ld\u0131. Heyet, ellerinde bayrak ve pankartlarla eski belediye binas\u0131 arkas\u0131ndaki etkinlik alan\u0131na y\u00fcr\u00fcd\u00fc. Program sayg\u0131 duru\u015fu ve \u0130stiklal Mar\u015f\u0131 ile devam etti. M\u00dcD\u00dcR YILMAZ&#8217;DAN \u00d6ZEL E\u011e\u0130T\u0130M \u00d6\u011eRETMENLER\u0130NE TE\u015eEKK\u00dcR Programda konu\u015fan \u0130l\u00e7e Milli E\u011fitim M\u00fcd\u00fcr\u00fc Yusuf Y\u0131lmaz, kentteki e\u011fitim olanaklar\u0131 hakk\u0131nda bilgi verdi. Y\u0131lmaz, &#8220;Engelli bireylerimizin kar\u015f\u0131la\u015ft\u0131klar\u0131 zorluklara dikkati \u00e7ekmek i\u00e7in bu hafta, bir f\u0131rsatt\u0131r. \u0130l\u00e7emizde 6 adet engelli bireylere hizmet veren okulumuz var. Toplamda 288 \u00f6zel e\u011fitim \u00f6\u011frencimiz var. Ayr\u0131ca 46 farkl\u0131 okulumuzda 72 \u00f6zel e\u011fitim s\u0131n\u0131f\u0131 a\u00e7t\u0131k ve 369 \u00f6\u011frenci bu s\u0131n\u0131flarda e\u011fitim g\u00f6r\u00fcyor. Toplamda 657 \u00f6zel gereksinimli \u00f6\u011frencimiz var. 23 \u00f6\u011frencimiz de okula eri\u015femiyor ve biz onlara evde e\u011fitim hizmeti veriyoruz. \u00d6zel e\u011fitim okullar\u0131nda ve s\u0131n\u0131flar\u0131nda 259 \u00f6\u011fretmenimiz g\u00f6rev yap\u0131yor. \u00d6zel e\u011fitim \u00f6\u011frencilerimizin tamam\u0131 evlerinden ara\u00e7, \u015fof\u00f6r ve hostes e\u015fli\u011finde al\u0131n\u0131yor, yeme i\u00e7me ihtiya\u00e7lar\u0131 &hellip;","og_url":"http:\/\/denizcankizil.tr\/ru\/haberler\/antalya\/engelsiz-halk-plaji-hizmete-acildi\/","og_site_name":"Av. Deniz Can K\u0131z\u0131l","article_published_time":"2025-05-13T13:41:19+00:00","og_image":[{"width":1280,"height":720,"url":"http:\/\/denizcankizil.tr\/wp-content\/uploads\/2025\/05\/6309-01-aFdnBR.jpg","type":"image\/jpeg"}],"author":"Av. Deniz Can K\u0131z\u0131l","twitter_card":"summary_large_image","twitter_misc":{"\u041d\u0430\u043f\u0438\u0441\u0430\u043d\u043e \u0430\u0432\u0442\u043e\u0440\u043e\u043c":"Av. Deniz Can K\u0131z\u0131l","\u041f\u0440\u0438\u043c\u0435\u0440\u043d\u043e\u0435 \u0432\u0440\u0435\u043c\u044f \u0434\u043b\u044f \u0447\u0442\u0435\u043d\u0438\u044f":"6 \u043c\u0438\u043d\u0443\u0442"},"schema":{"@context":"https:\/\/schema.org","@graph":[{"@type":"Article","@id":"http:\/\/denizcankizil.tr\/ru\/haberler\/antalya\/engelsiz-halk-plaji-hizmete-acildi\/#article","isPartOf":{"@id":"http:\/\/denizcankizil.tr\/ru\/haberler\/antalya\/engelsiz-halk-plaji-hizmete-acildi\/"},"author":{"name":"Av. Deniz Can K\u0131z\u0131l","@id":"https:\/\/denizcankizil.tr\/de\/#\/schema\/person\/5dc1b22991bd7ac833867c10afc9b0ff"},"headline":"Engelsiz halk plaj\u0131 hizmete a\u00e7\u0131ld\u0131","datePublished":"2025-05-13T13:41:19+00:00","mainEntityOfPage":{"@id":"http:\/\/denizcankizil.tr\/ru\/haberler\/antalya\/engelsiz-halk-plaji-hizmete-acildi\/"},"wordCount":1302,"publisher":{"@id":"https:\/\/denizcankizil.tr\/de\/#organization"},"image":{"@id":"http:\/\/denizcankizil.tr\/ru\/haberler\/antalya\/engelsiz-halk-plaji-hizmete-acildi\/#primaryimage"},"thumbnailUrl":"http:\/\/denizcankizil.tr\/wp-content\/uploads\/2025\/05\/6309-01-aFdnBR.jpg","articleSection":["Antalya"],"inLanguage":"ru-RU"},{"@type":"WebPage","@id":"http:\/\/denizcankizil.tr\/ru\/haberler\/antalya\/engelsiz-halk-plaji-hizmete-acildi\/","url":"http:\/\/denizcankizil.tr\/ru\/haberler\/antalya\/engelsiz-halk-plaji-hizmete-acildi\/","name":"Engelsiz halk plaj\u0131 hizmete a\u00e7\u0131ld\u0131 - Av. Deniz Can K\u0131z\u0131l","isPartOf":{"@id":"https:\/\/denizcankizil.tr\/de\/#website"},"primaryImageOfPage":{"@id":"http:\/\/denizcankizil.tr\/ru\/haberler\/antalya\/engelsiz-halk-plaji-hizmete-acildi\/#primaryimage"},"image":{"@id":"http:\/\/denizcankizil.tr\/ru\/haberler\/antalya\/engelsiz-halk-plaji-hizmete-acildi\/#primaryimage"},"thumbnailUrl":"http:\/\/denizcankizil.tr\/wp-content\/uploads\/2025\/05\/6309-01-aFdnBR.jpg","datePublished":"2025-05-13T13:41:19+00:00","breadcrumb":{"@id":"http:\/\/denizcankizil.tr\/ru\/haberler\/antalya\/engelsiz-halk-plaji-hizmete-acildi\/#breadcrumb"},"inLanguage":"ru-RU","potentialAction":[{"@type":"ReadAction","target":["http:\/\/denizcankizil.tr\/ru\/haberler\/antalya\/engelsiz-halk-plaji-hizmete-acildi\/"]}]},{"@type":"ImageObject","inLanguage":"ru-RU","@id":"http:\/\/denizcankizil.tr\/ru\/haberler\/antalya\/engelsiz-halk-plaji-hizmete-acildi\/#primaryimage","url":"http:\/\/denizcankizil.tr\/wp-content\/uploads\/2025\/05\/6309-01-aFdnBR.jpg","contentUrl":"http:\/\/denizcankizil.tr\/wp-content\/uploads\/2025\/05\/6309-01-aFdnBR.jpg","width":1280,"height":720},{"@type":"BreadcrumbList","@id":"http:\/\/denizcankizil.tr\/ru\/haberler\/antalya\/engelsiz-halk-plaji-hizmete-acildi\/#breadcrumb","itemListElement":[{"@type":"ListItem","position":1,"name":"Home","item":"https:\/\/denizcankizil.tr\/de\/"},{"@type":"ListItem","position":2,"name":"Engelsiz halk plaj\u0131 hizmete a\u00e7\u0131ld\u0131"}]},{"@type":"WebSite","@id":"https:\/\/denizcankizil.tr\/de\/#website","url":"https:\/\/denizcankizil.tr\/de\/","name":"Av. Deniz Can K\u0131z\u0131l","description":"Avukat Deniz Can K\u0131z\u0131l Antalya Barosu","publisher":{"@id":"https:\/\/denizcankizil.tr\/de\/#organization"},"potentialAction":[{"@type":"SearchAction","target":{"@type":"EntryPoint","urlTemplate":"https:\/\/denizcankizil.tr\/de\/?s={search_term_string}"},"query-input":{"@type":"PropertyValueSpecification","valueRequired":true,"valueName":"search_term_string"}}],"inLanguage":"ru-RU"},{"@type":"Organization","@id":"https:\/\/denizcankizil.tr\/de\/#organization","name":"Av. Deniz Can K\u0131z\u0131l","url":"https:\/\/denizcankizil.tr\/de\/","logo":{"@type":"ImageObject","inLanguage":"ru-RU","@id":"https:\/\/denizcankizil.tr\/de\/#\/schema\/logo\/image\/","url":"http:\/\/denizcankizil.tr\/wp-content\/uploads\/2024\/10\/siyah-logo-svg.svg","contentUrl":"http:\/\/denizcankizil.tr\/wp-content\/uploads\/2024\/10\/siyah-logo-svg.svg","width":1080,"height":1080,"caption":"Av. Deniz Can K\u0131z\u0131l"},"image":{"@id":"https:\/\/denizcankizil.tr\/de\/#\/schema\/logo\/image\/"}},{"@type":"Person","@id":"https:\/\/denizcankizil.tr\/de\/#\/schema\/person\/5dc1b22991bd7ac833867c10afc9b0ff","name":"Av. Deniz Can K\u0131z\u0131l","image":{"@type":"ImageObject","inLanguage":"ru-RU","@id":"https:\/\/denizcankizil.tr\/de\/#\/schema\/person\/image\/","url":"https:\/\/secure.gravatar.com\/avatar\/a0b128fb9855c79efc976d5640eedb31dc35ec297594d6016d2cf7c60e975bb6?s=96&d=mm&r=g","contentUrl":"https:\/\/secure.gravatar.com\/avatar\/a0b128fb9855c79efc976d5640eedb31dc35ec297594d6016d2cf7c60e975bb6?s=96&d=mm&r=g","caption":"Av. Deniz Can K\u0131z\u0131l"},"sameAs":["http:\/\/www.denizcankizil.tr"],"url":"http:\/\/denizcankizil.tr\/ru\/author\/denizcankizil\/"}]}},"_links":{"self":[{"href":"http:\/\/denizcankizil.tr\/ru\/wp-json\/wp\/v2\/posts\/85302","targetHints":{"allow":["GET"]}}],"collection":[{"href":"http:\/\/denizcankizil.tr\/ru\/wp-json\/wp\/v2\/posts"}],"about":[{"href":"http:\/\/denizcankizil.tr\/ru\/wp-json\/wp\/v2\/types\/post"}],"author":[{"embeddable":true,"href":"http:\/\/denizcankizil.tr\/ru\/wp-json\/wp\/v2\/users\/4"}],"replies":[{"embeddable":true,"href":"http:\/\/denizcankizil.tr\/ru\/wp-json\/wp\/v2\/comments?post=85302"}],"version-history":[{"count":0,"href":"http:\/\/denizcankizil.tr\/ru\/wp-json\/wp\/v2\/posts\/85302\/revisions"}],"wp:featuredmedia":[{"embeddable":true,"href":"http:\/\/denizcankizil.tr\/ru\/wp-json\/wp\/v2\/media\/85303"}],"wp:attachment":[{"href":"http:\/\/denizcankizil.tr\/ru\/wp-json\/wp\/v2\/media?parent=85302"}],"wp:term":[{"taxonomy":"category","embeddable":true,"href":"http:\/\/denizcankizil.tr\/ru\/wp-json\/wp\/v2\/categories?post=85302"},{"taxonomy":"post_tag","embeddable":true,"href":"http:\/\/denizcankizil.tr\/ru\/wp-json\/wp\/v2\/tags?post=85302"}],"curies":[{"name":"wp","href":"https:\/\/api.w.org\/{rel}","templated":true}]}}