{"id":84992,"date":"2025-05-13T09:42:26","date_gmt":"2025-05-13T06:42:26","guid":{"rendered":"https:\/\/denizcankizil.tr\/uncategorized-tr\/25-ilde-dolandiriciliga-41-tutuklama\/"},"modified":"2025-05-13T09:42:26","modified_gmt":"2025-05-13T06:42:26","slug":"25-ilde-dolandiriciliga-41-tutuklama","status":"publish","type":"post","link":"http:\/\/denizcankizil.tr\/ru\/haberler\/gundem\/25-ilde-dolandiriciliga-41-tutuklama\/","title":{"rendered":"25 ilde doland\u0131r\u0131c\u0131l\u0131\u011fa 41 tutuklama!"},"content":{"rendered":"<p>\u015eanl\u0131urfa merkezli 25 ildeki doland\u0131r\u0131c\u0131l\u0131k \u015febekesine yap\u0131lan operasyonda g\u00f6zalt\u0131na al\u0131nan 84 \u015f\u00fcpheliden 41&#8217;i tutukland\u0131.ANKARA (\u0130GFA) &#8211; \u0130\u00e7i\u015fleri Bakanl\u0131\u011f\u0131, \u015eanl\u0131urfa merkezli 25 ilde kendilerini kamu g\u00f6revlisi olarak tan\u0131tarak 116 vatanda\u015f\u0131m\u0131z\u0131 doland\u0131rd\u0131\u011f\u0131 tespit edilen \u015fah\u0131slara y\u00f6nelik d\u00fczenlenen operasyonlarda; 84 \u015f\u00fcphelinin yakaland\u0131\u011f\u0131n\u0131 duyurdu.<br \/>\n\u015e\u00fcphelilerden 41&#8217;inin tutukland\u0131\u011f\u0131, 43&#8217;\u00fc hakk\u0131nda ise adli kontrol karar\u0131 verildi\u011fini duyuran Bakan ali Yerlikaya, \u015eanl\u0131urfa ve Ak\u00e7akale Cumhuriyet Ba\u015fsavc\u0131l\u0131klar\u0131m\u0131z ile Emniyet Genel M\u00fcd\u00fcrl\u00fc\u011f\u00fc Asayi\u015f Daire Ba\u015fkanl\u0131\u011f\u0131 koordinasyonunda; \u015eanl\u0131urfa \u0130l Emniyet M\u00fcd\u00fcrl\u00fc\u011f\u00fc Asayi\u015f \u015eube M\u00fcd\u00fcrl\u00fc\u011f\u00fcnce yap\u0131lan \u00e7al\u0131\u015fmalar sonucunda 25 ilde y\u00fcr\u00fct\u00fclen operasyonun detaylar\u0131n\u0131 sosyal medya hesab\u0131ndan payla\u015ft\u0131.<\/p>\n<p><blockquote class=\"twitter-tweet\" data-width=\"550\" data-dnt=\"true\"><p lang=\"tr\" dir=\"ltr\">\u201c\u015eanl\u0131urfa\u2019daki Doland\u0131r\u0131c\u0131l\u0131k \u015eebekesine Yapt\u0131\u011f\u0131m\u0131z Operasyonumuzda 41 Tutuklama\u201d<br><br>\u015eanl\u0131urfa merkezli 25 ilde kendilerini kamu g\u00f6revlisi olarak tan\u0131tarak 116 vatanda\u015f\u0131m\u0131z\u0131 doland\u0131rd\u0131\u011f\u0131 tespit edilen \u015fah\u0131slara y\u00f6nelik d\u00fczenlendi\u011fimiz operasyonlarda; 84 \u015f\u00fcpheli yakaland\u0131.\u2757\u2026 <a href=\"https:\/\/t.co\/XfUe2qGuME\">pic.twitter.com\/XfUe2qGuME<\/a><\/p>&mdash; Ali Yerlikaya (@AliYerlikaya) <a href=\"https:\/\/twitter.com\/AliYerlikaya\/status\/1922153193862991974?ref_src=twsrc%5Etfw\">May 13, 2025<\/a><\/blockquote><script async src=\"https:\/\/platform.twitter.com\/widgets.js\" charset=\"utf-8\"><\/script><\/p>\n<p>Valileri, operasyonlar\u0131 koordine eden \u015eanl\u0131urfa ve Ak\u00e7akale Cumhuriyet Ba\u015fsavc\u0131l\u0131klar\u0131m\u0131z\u0131 ve operasyonlar\u0131 ger\u00e7ekle\u015ftiren Kahraman Polisleri tebrik eden Bakan Yerlikaya, &#8220;G\u00fcvenlik g\u00fc\u00e7lerimizle birlikte, vatanda\u015flar\u0131m\u0131z\u0131 doland\u0131ran su\u00e7 \u015febekelerine ve yasa d\u0131\u015f\u0131 yap\u0131lanmalara kar\u015f\u0131 m\u00fccadelemize aral\u0131ks\u0131z devam ediyoruz&#8221; mesaj\u0131n\u0131 verdi.<\/p>\n<p>\u200b\u015eanl\u0131urfa merkezli 25 ildeki doland\u0131r\u0131c\u0131l\u0131k \u015febekesine yap\u0131lan operasyonda g\u00f6zalt\u0131na al\u0131nan 84 \u015f\u00fcpheliden 41&#8217;i tutukland\u0131.ANKARA (\u0130GFA) &#8211; \u0130\u00e7i\u015fleri Bakanl\u0131\u011f\u0131, \u015eanl\u0131urfa merkezli 25 ilde kendilerini kamu g\u00f6revlisi olarak tan\u0131tarak 116 vatanda\u015f\u0131m\u0131z\u0131 doland\u0131rd\u0131\u011f\u0131 tespit edilen \u015fah\u0131slara y\u00f6nelik d\u00fczenlenen operasyonlarda; 84 \u015f\u00fcphelinin yakaland\u0131\u011f\u0131n\u0131 duyurdu.<br \/>\n\u015e\u00fcphelilerden 41&#8217;inin tutukland\u0131\u011f\u0131, 43&#8217;\u00fc hakk\u0131nda ise adli kontrol karar\u0131 verildi\u011fini duyuran Bakan ali Yerlikaya, \u015eanl\u0131urfa ve Ak\u00e7akale Cumhuriyet Ba\u015fsavc\u0131l\u0131klar\u0131m\u0131z ile Emniyet Genel M\u00fcd\u00fcrl\u00fc\u011f\u00fc Asayi\u015f Daire Ba\u015fkanl\u0131\u011f\u0131 koordinasyonunda; \u015eanl\u0131urfa \u0130l Emniyet M\u00fcd\u00fcrl\u00fc\u011f\u00fc Asayi\u015f \u015eube M\u00fcd\u00fcrl\u00fc\u011f\u00fcnce yap\u0131lan \u00e7al\u0131\u015fmalar sonucunda 25 ilde y\u00fcr\u00fct\u00fclen operasyonun detaylar\u0131n\u0131 sosyal medya hesab\u0131ndan payla\u015ft\u0131.<\/p>\n<p><blockquote class=\"twitter-tweet\" data-width=\"550\" data-dnt=\"true\"><p lang=\"tr\" dir=\"ltr\">\u201c\u015eanl\u0131urfa\u2019daki Doland\u0131r\u0131c\u0131l\u0131k \u015eebekesine Yapt\u0131\u011f\u0131m\u0131z Operasyonumuzda 41 Tutuklama\u201d<br><br>\u015eanl\u0131urfa merkezli 25 ilde kendilerini kamu g\u00f6revlisi olarak tan\u0131tarak 116 vatanda\u015f\u0131m\u0131z\u0131 doland\u0131rd\u0131\u011f\u0131 tespit edilen \u015fah\u0131slara y\u00f6nelik d\u00fczenlendi\u011fimiz operasyonlarda; 84 \u015f\u00fcpheli yakaland\u0131.\u2757\u2026 <a href=\"https:\/\/t.co\/XfUe2qGuME\">pic.twitter.com\/XfUe2qGuME<\/a><\/p>&mdash; Ali Yerlikaya (@AliYerlikaya) <a href=\"https:\/\/twitter.com\/AliYerlikaya\/status\/1922153193862991974?ref_src=twsrc%5Etfw\">May 13, 2025<\/a><\/blockquote><script async src=\"https:\/\/platform.twitter.com\/widgets.js\" charset=\"utf-8\"><\/script><\/p>\n<p>Valileri, operasyonlar\u0131 koordine eden \u015eanl\u0131urfa ve Ak\u00e7akale Cumhuriyet Ba\u015fsavc\u0131l\u0131klar\u0131m\u0131z\u0131 ve operasyonlar\u0131 ger\u00e7ekle\u015ftiren Kahraman Polisleri tebrik eden Bakan Yerlikaya, &#8220;G\u00fcvenlik g\u00fc\u00e7lerimizle birlikte, vatanda\u015flar\u0131m\u0131z\u0131 doland\u0131ran su\u00e7 \u015febekelerine ve yasa d\u0131\u015f\u0131 yap\u0131lanmalara kar\u015f\u0131 m\u00fccadelemize aral\u0131ks\u0131z devam ediyoruz&#8221; mesaj\u0131n\u0131 verdi.\u00a0<\/p>\n<p>\u200bHaberin Al\u0131nt\u0131land\u0131\u011f\u0131 Kaynak: www.iskenderun.org<\/p>","protected":false},"excerpt":{"rendered":"<p>\u015eanl\u0131urfa merkezli 25 ildeki doland\u0131r\u0131c\u0131l\u0131k \u015febekesine yap\u0131lan operasyonda g\u00f6zalt\u0131na al\u0131nan 84 \u015f\u00fcpheliden 41&#8217;i tutukland\u0131.ANKARA (\u0130GFA) &#8211; \u0130\u00e7i\u015fleri Bakanl\u0131\u011f\u0131, \u015eanl\u0131urfa merkezli 25 ilde kendilerini kamu g\u00f6revlisi olarak tan\u0131tarak 116 vatanda\u015f\u0131m\u0131z\u0131 doland\u0131rd\u0131\u011f\u0131 tespit edilen \u015fah\u0131slara y\u00f6nelik d\u00fczenlenen operasyonlarda; 84 \u015f\u00fcphelinin yakaland\u0131\u011f\u0131n\u0131 duyurdu. \u015e\u00fcphelilerden 41&#8217;inin tutukland\u0131\u011f\u0131, 43&#8217;\u00fc hakk\u0131nda ise adli kontrol karar\u0131 verildi\u011fini duyuran Bakan ali Yerlikaya, \u015eanl\u0131urfa ve Ak\u00e7akale Cumhuriyet Ba\u015fsavc\u0131l\u0131klar\u0131m\u0131z ile Emniyet Genel M\u00fcd\u00fcrl\u00fc\u011f\u00fc Asayi\u015f Daire Ba\u015fkanl\u0131\u011f\u0131 koordinasyonunda; \u015eanl\u0131urfa \u0130l Emniyet M\u00fcd\u00fcrl\u00fc\u011f\u00fc Asayi\u015f \u015eube M\u00fcd\u00fcrl\u00fc\u011f\u00fcnce yap\u0131lan \u00e7al\u0131\u015fmalar sonucunda 25 ilde y\u00fcr\u00fct\u00fclen operasyonun detaylar\u0131n\u0131 sosyal medya hesab\u0131ndan payla\u015ft\u0131. \u201c\u015eanl\u0131urfa\u2019daki Doland\u0131r\u0131c\u0131l\u0131k \u015eebekesine Yapt\u0131\u011f\u0131m\u0131z Operasyonumuzda 41 Tutuklama\u201d \u015eanl\u0131urfa merkezli 25 ilde kendilerini kamu g\u00f6revlisi olarak tan\u0131tarak 116 vatanda\u015f\u0131m\u0131z\u0131 doland\u0131rd\u0131\u011f\u0131 tespit edilen \u015fah\u0131slara y\u00f6nelik d\u00fczenlendi\u011fimiz operasyonlarda; 84 \u015f\u00fcpheli yakaland\u0131.\u2757\u2026 pic.twitter.com\/XfUe2qGuME &mdash; Ali Yerlikaya (@AliYerlikaya) May 13, 2025 Valileri, operasyonlar\u0131 koordine eden \u015eanl\u0131urfa ve Ak\u00e7akale Cumhuriyet Ba\u015fsavc\u0131l\u0131klar\u0131m\u0131z\u0131 ve operasyonlar\u0131 ger\u00e7ekle\u015ftiren Kahraman Polisleri tebrik eden Bakan Yerlikaya, &#8220;G\u00fcvenlik g\u00fc\u00e7lerimizle birlikte, vatanda\u015flar\u0131m\u0131z\u0131 doland\u0131ran su\u00e7 \u015febekelerine ve yasa d\u0131\u015f\u0131 yap\u0131lanmalara kar\u015f\u0131 m\u00fccadelemize aral\u0131ks\u0131z devam ediyoruz&#8221; mesaj\u0131n\u0131 verdi. \u200b\u015eanl\u0131urfa merkezli 25 ildeki doland\u0131r\u0131c\u0131l\u0131k \u015febekesine yap\u0131lan operasyonda g\u00f6zalt\u0131na al\u0131nan 84 \u015f\u00fcpheliden 41&#8217;i tutukland\u0131.ANKARA (\u0130GFA) &#8211; \u0130\u00e7i\u015fleri Bakanl\u0131\u011f\u0131, \u015eanl\u0131urfa merkezli 25 ilde kendilerini kamu g\u00f6revlisi olarak tan\u0131tarak 116 vatanda\u015f\u0131m\u0131z\u0131 doland\u0131rd\u0131\u011f\u0131 tespit edilen \u015fah\u0131slara y\u00f6nelik d\u00fczenlenen operasyonlarda; 84 \u015f\u00fcphelinin yakaland\u0131\u011f\u0131n\u0131 duyurdu. \u015e\u00fcphelilerden 41&#8217;inin &hellip;<\/p>","protected":false},"author":1,"featured_media":0,"comment_status":"","ping_status":"open","sticky":false,"template":"","format":"standard","meta":{"_acf_changed":false,"footnotes":""},"categories":[24],"tags":[],"class_list":["post-84992","post","type-post","status-publish","format-standard","has-post-thumbnail","hentry","category-gundem"],"acf":[],"yoast_head":"<!-- This site is optimized with the Yoast SEO Premium plugin v26.6 (Yoast SEO v27.1.1) - https:\/\/yoast.com\/product\/yoast-seo-premium-wordpress\/ -->\n<title>25 ilde doland\u0131r\u0131c\u0131l\u0131\u011fa 41 tutuklama! - Av. Deniz Can K\u0131z\u0131l<\/title>\n<meta name=\"robots\" content=\"index, follow, max-snippet:-1, max-image-preview:large, max-video-preview:-1\" \/>\n<link rel=\"canonical\" href=\"http:\/\/denizcankizil.tr\/ru\/haberler\/gundem\/25-ilde-dolandiriciliga-41-tutuklama\/\" \/>\n<meta property=\"og:locale\" content=\"ru_RU\" \/>\n<meta property=\"og:type\" content=\"article\" \/>\n<meta property=\"og:title\" content=\"25 ilde doland\u0131r\u0131c\u0131l\u0131\u011fa 41 tutuklama!\" \/>\n<meta property=\"og:description\" content=\"\u015eanl\u0131urfa merkezli 25 ildeki doland\u0131r\u0131c\u0131l\u0131k \u015febekesine yap\u0131lan operasyonda g\u00f6zalt\u0131na al\u0131nan 84 \u015f\u00fcpheliden 41&#8217;i tutukland\u0131.ANKARA (\u0130GFA) &#8211; \u0130\u00e7i\u015fleri Bakanl\u0131\u011f\u0131, \u015eanl\u0131urfa merkezli 25 ilde kendilerini kamu g\u00f6revlisi olarak tan\u0131tarak 116 vatanda\u015f\u0131m\u0131z\u0131 doland\u0131rd\u0131\u011f\u0131 tespit edilen \u015fah\u0131slara y\u00f6nelik d\u00fczenlenen operasyonlarda; 84 \u015f\u00fcphelinin yakaland\u0131\u011f\u0131n\u0131 duyurdu. \u015e\u00fcphelilerden 41&#8217;inin tutukland\u0131\u011f\u0131, 43&#8217;\u00fc hakk\u0131nda ise adli kontrol karar\u0131 verildi\u011fini duyuran Bakan ali Yerlikaya, \u015eanl\u0131urfa ve Ak\u00e7akale Cumhuriyet Ba\u015fsavc\u0131l\u0131klar\u0131m\u0131z ile Emniyet Genel M\u00fcd\u00fcrl\u00fc\u011f\u00fc Asayi\u015f Daire Ba\u015fkanl\u0131\u011f\u0131 koordinasyonunda; \u015eanl\u0131urfa \u0130l Emniyet M\u00fcd\u00fcrl\u00fc\u011f\u00fc Asayi\u015f \u015eube M\u00fcd\u00fcrl\u00fc\u011f\u00fcnce yap\u0131lan \u00e7al\u0131\u015fmalar sonucunda 25 ilde y\u00fcr\u00fct\u00fclen operasyonun detaylar\u0131n\u0131 sosyal medya hesab\u0131ndan payla\u015ft\u0131. \u201c\u015eanl\u0131urfa\u2019daki Doland\u0131r\u0131c\u0131l\u0131k \u015eebekesine Yapt\u0131\u011f\u0131m\u0131z Operasyonumuzda 41 Tutuklama\u201d \u015eanl\u0131urfa merkezli 25 ilde kendilerini kamu g\u00f6revlisi olarak tan\u0131tarak 116 vatanda\u015f\u0131m\u0131z\u0131 doland\u0131rd\u0131\u011f\u0131 tespit edilen \u015fah\u0131slara y\u00f6nelik d\u00fczenlendi\u011fimiz operasyonlarda; 84 \u015f\u00fcpheli yakaland\u0131.\u2757\u2026 pic.twitter.com\/XfUe2qGuME &mdash; Ali Yerlikaya (@AliYerlikaya) May 13, 2025 Valileri, operasyonlar\u0131 koordine eden \u015eanl\u0131urfa ve Ak\u00e7akale Cumhuriyet Ba\u015fsavc\u0131l\u0131klar\u0131m\u0131z\u0131 ve operasyonlar\u0131 ger\u00e7ekle\u015ftiren Kahraman Polisleri tebrik eden Bakan Yerlikaya, &#8220;G\u00fcvenlik g\u00fc\u00e7lerimizle birlikte, vatanda\u015flar\u0131m\u0131z\u0131 doland\u0131ran su\u00e7 \u015febekelerine ve yasa d\u0131\u015f\u0131 yap\u0131lanmalara kar\u015f\u0131 m\u00fccadelemize aral\u0131ks\u0131z devam ediyoruz&#8221; mesaj\u0131n\u0131 verdi. \u200b\u015eanl\u0131urfa merkezli 25 ildeki doland\u0131r\u0131c\u0131l\u0131k \u015febekesine yap\u0131lan operasyonda g\u00f6zalt\u0131na al\u0131nan 84 \u015f\u00fcpheliden 41&#8217;i tutukland\u0131.ANKARA (\u0130GFA) &#8211; \u0130\u00e7i\u015fleri Bakanl\u0131\u011f\u0131, \u015eanl\u0131urfa merkezli 25 ilde kendilerini kamu g\u00f6revlisi olarak tan\u0131tarak 116 vatanda\u015f\u0131m\u0131z\u0131 doland\u0131rd\u0131\u011f\u0131 tespit edilen \u015fah\u0131slara y\u00f6nelik d\u00fczenlenen operasyonlarda; 84 \u015f\u00fcphelinin yakaland\u0131\u011f\u0131n\u0131 duyurdu. \u015e\u00fcphelilerden 41&#8217;inin &hellip;\" \/>\n<meta property=\"og:url\" content=\"http:\/\/denizcankizil.tr\/ru\/haberler\/gundem\/25-ilde-dolandiriciliga-41-tutuklama\/\" \/>\n<meta property=\"og:site_name\" content=\"Av. Deniz Can K\u0131z\u0131l\" \/>\n<meta property=\"article:published_time\" content=\"2025-05-13T06:42:26+00:00\" \/>\n<meta name=\"author\" content=\"admin\" \/>\n<meta name=\"twitter:card\" content=\"summary_large_image\" \/>\n<meta name=\"twitter:label1\" content=\"\u041d\u0430\u043f\u0438\u0441\u0430\u043d\u043e \u0430\u0432\u0442\u043e\u0440\u043e\u043c\" \/>\n\t<meta name=\"twitter:data1\" content=\"admin\" \/>\n\t<meta name=\"twitter:label2\" content=\"\u041f\u0440\u0438\u043c\u0435\u0440\u043d\u043e\u0435 \u0432\u0440\u0435\u043c\u044f \u0434\u043b\u044f \u0447\u0442\u0435\u043d\u0438\u044f\" \/>\n\t<meta name=\"twitter:data2\" content=\"2 \u043c\u0438\u043d\u0443\u0442\u044b\" \/>\n<script type=\"application\/ld+json\" class=\"yoast-schema-graph\">{\"@context\":\"https:\/\/schema.org\",\"@graph\":[{\"@type\":\"Article\",\"@id\":\"http:\/\/denizcankizil.tr\/ru\/haberler\/gundem\/25-ilde-dolandiriciliga-41-tutuklama\/#article\",\"isPartOf\":{\"@id\":\"http:\/\/denizcankizil.tr\/ru\/haberler\/gundem\/25-ilde-dolandiriciliga-41-tutuklama\/\"},\"author\":{\"name\":\"admin\",\"@id\":\"https:\/\/denizcankizil.tr\/#\/schema\/person\/be3c05fe6a12686905512445d8185489\"},\"headline\":\"25 ilde doland\u0131r\u0131c\u0131l\u0131\u011fa 41 tutuklama!\",\"datePublished\":\"2025-05-13T06:42:26+00:00\",\"mainEntityOfPage\":{\"@id\":\"http:\/\/denizcankizil.tr\/ru\/haberler\/gundem\/25-ilde-dolandiriciliga-41-tutuklama\/\"},\"wordCount\":389,\"publisher\":{\"@id\":\"https:\/\/denizcankizil.tr\/#organization\"},\"articleSection\":[\"G\u00fcndem\"],\"inLanguage\":\"ru-RU\"},{\"@type\":\"WebPage\",\"@id\":\"http:\/\/denizcankizil.tr\/ru\/haberler\/gundem\/25-ilde-dolandiriciliga-41-tutuklama\/\",\"url\":\"http:\/\/denizcankizil.tr\/ru\/haberler\/gundem\/25-ilde-dolandiriciliga-41-tutuklama\/\",\"name\":\"25 ilde doland\u0131r\u0131c\u0131l\u0131\u011fa 41 tutuklama! - Av. Deniz Can K\u0131z\u0131l\",\"isPartOf\":{\"@id\":\"https:\/\/denizcankizil.tr\/#website\"},\"datePublished\":\"2025-05-13T06:42:26+00:00\",\"breadcrumb\":{\"@id\":\"http:\/\/denizcankizil.tr\/ru\/haberler\/gundem\/25-ilde-dolandiriciliga-41-tutuklama\/#breadcrumb\"},\"inLanguage\":\"ru-RU\",\"potentialAction\":[{\"@type\":\"ReadAction\",\"target\":[\"http:\/\/denizcankizil.tr\/ru\/haberler\/gundem\/25-ilde-dolandiriciliga-41-tutuklama\/\"]}]},{\"@type\":\"BreadcrumbList\",\"@id\":\"http:\/\/denizcankizil.tr\/ru\/haberler\/gundem\/25-ilde-dolandiriciliga-41-tutuklama\/#breadcrumb\",\"itemListElement\":[{\"@type\":\"ListItem\",\"position\":1,\"name\":\"Home\",\"item\":\"https:\/\/denizcankizil.tr\/de\/\"},{\"@type\":\"ListItem\",\"position\":2,\"name\":\"25 ilde doland\u0131r\u0131c\u0131l\u0131\u011fa 41 tutuklama!\"}]},{\"@type\":\"WebSite\",\"@id\":\"https:\/\/denizcankizil.tr\/#website\",\"url\":\"https:\/\/denizcankizil.tr\/\",\"name\":\"Av. Deniz Can K\u0131z\u0131l\",\"description\":\"Avukat Deniz Can K\u0131z\u0131l Antalya Barosu\",\"publisher\":{\"@id\":\"https:\/\/denizcankizil.tr\/#organization\"},\"potentialAction\":[{\"@type\":\"SearchAction\",\"target\":{\"@type\":\"EntryPoint\",\"urlTemplate\":\"https:\/\/denizcankizil.tr\/?s={search_term_string}\"},\"query-input\":{\"@type\":\"PropertyValueSpecification\",\"valueRequired\":true,\"valueName\":\"search_term_string\"}}],\"inLanguage\":\"ru-RU\"},{\"@type\":\"Organization\",\"@id\":\"https:\/\/denizcankizil.tr\/#organization\",\"name\":\"Av. Deniz Can K\u0131z\u0131l\",\"url\":\"https:\/\/denizcankizil.tr\/\",\"logo\":{\"@type\":\"ImageObject\",\"inLanguage\":\"ru-RU\",\"@id\":\"https:\/\/denizcankizil.tr\/#\/schema\/logo\/image\/\",\"url\":\"http:\/\/denizcankizil.tr\/wp-content\/uploads\/2024\/10\/siyah-logo-svg.svg\",\"contentUrl\":\"http:\/\/denizcankizil.tr\/wp-content\/uploads\/2024\/10\/siyah-logo-svg.svg\",\"width\":1080,\"height\":1080,\"caption\":\"Av. Deniz Can K\u0131z\u0131l\"},\"image\":{\"@id\":\"https:\/\/denizcankizil.tr\/#\/schema\/logo\/image\/\"}},{\"@type\":\"Person\",\"@id\":\"https:\/\/denizcankizil.tr\/#\/schema\/person\/be3c05fe6a12686905512445d8185489\",\"name\":\"admin\",\"image\":{\"@type\":\"ImageObject\",\"inLanguage\":\"ru-RU\",\"@id\":\"https:\/\/denizcankizil.tr\/#\/schema\/person\/image\/\",\"url\":\"https:\/\/secure.gravatar.com\/avatar\/c1fce94c830dc79107e174f890d7210541c4a63e8e5d816341794a2151c9d58c?s=96&d=mm&r=g\",\"contentUrl\":\"https:\/\/secure.gravatar.com\/avatar\/c1fce94c830dc79107e174f890d7210541c4a63e8e5d816341794a2151c9d58c?s=96&d=mm&r=g\",\"caption\":\"admin\"},\"sameAs\":[\"http:\/\/denizcankizil.tr\"],\"url\":\"https:\/\/www.iskenderun.org\/25-ilde-dolandiriciliga-41-tutuklama\"}]}<\/script>\n<!-- \/ Yoast SEO Premium plugin. -->","yoast_head_json":{"title":"25 ilde doland\u0131r\u0131c\u0131l\u0131\u011fa 41 tutuklama! - Av. Deniz Can K\u0131z\u0131l","robots":{"index":"index","follow":"follow","max-snippet":"max-snippet:-1","max-image-preview":"max-image-preview:large","max-video-preview":"max-video-preview:-1"},"canonical":"http:\/\/denizcankizil.tr\/ru\/haberler\/gundem\/25-ilde-dolandiriciliga-41-tutuklama\/","og_locale":"ru_RU","og_type":"article","og_title":"25 ilde doland\u0131r\u0131c\u0131l\u0131\u011fa 41 tutuklama!","og_description":"\u015eanl\u0131urfa merkezli 25 ildeki doland\u0131r\u0131c\u0131l\u0131k \u015febekesine yap\u0131lan operasyonda g\u00f6zalt\u0131na al\u0131nan 84 \u015f\u00fcpheliden 41&#8217;i tutukland\u0131.ANKARA (\u0130GFA) &#8211; \u0130\u00e7i\u015fleri Bakanl\u0131\u011f\u0131, \u015eanl\u0131urfa merkezli 25 ilde kendilerini kamu g\u00f6revlisi olarak tan\u0131tarak 116 vatanda\u015f\u0131m\u0131z\u0131 doland\u0131rd\u0131\u011f\u0131 tespit edilen \u015fah\u0131slara y\u00f6nelik d\u00fczenlenen operasyonlarda; 84 \u015f\u00fcphelinin yakaland\u0131\u011f\u0131n\u0131 duyurdu. \u015e\u00fcphelilerden 41&#8217;inin tutukland\u0131\u011f\u0131, 43&#8217;\u00fc hakk\u0131nda ise adli kontrol karar\u0131 verildi\u011fini duyuran Bakan ali Yerlikaya, \u015eanl\u0131urfa ve Ak\u00e7akale Cumhuriyet Ba\u015fsavc\u0131l\u0131klar\u0131m\u0131z ile Emniyet Genel M\u00fcd\u00fcrl\u00fc\u011f\u00fc Asayi\u015f Daire Ba\u015fkanl\u0131\u011f\u0131 koordinasyonunda; \u015eanl\u0131urfa \u0130l Emniyet M\u00fcd\u00fcrl\u00fc\u011f\u00fc Asayi\u015f \u015eube M\u00fcd\u00fcrl\u00fc\u011f\u00fcnce yap\u0131lan \u00e7al\u0131\u015fmalar sonucunda 25 ilde y\u00fcr\u00fct\u00fclen operasyonun detaylar\u0131n\u0131 sosyal medya hesab\u0131ndan payla\u015ft\u0131. \u201c\u015eanl\u0131urfa\u2019daki Doland\u0131r\u0131c\u0131l\u0131k \u015eebekesine Yapt\u0131\u011f\u0131m\u0131z Operasyonumuzda 41 Tutuklama\u201d \u015eanl\u0131urfa merkezli 25 ilde kendilerini kamu g\u00f6revlisi olarak tan\u0131tarak 116 vatanda\u015f\u0131m\u0131z\u0131 doland\u0131rd\u0131\u011f\u0131 tespit edilen \u015fah\u0131slara y\u00f6nelik d\u00fczenlendi\u011fimiz operasyonlarda; 84 \u015f\u00fcpheli yakaland\u0131.\u2757\u2026 pic.twitter.com\/XfUe2qGuME &mdash; Ali Yerlikaya (@AliYerlikaya) May 13, 2025 Valileri, operasyonlar\u0131 koordine eden \u015eanl\u0131urfa ve Ak\u00e7akale Cumhuriyet Ba\u015fsavc\u0131l\u0131klar\u0131m\u0131z\u0131 ve operasyonlar\u0131 ger\u00e7ekle\u015ftiren Kahraman Polisleri tebrik eden Bakan Yerlikaya, &#8220;G\u00fcvenlik g\u00fc\u00e7lerimizle birlikte, vatanda\u015flar\u0131m\u0131z\u0131 doland\u0131ran su\u00e7 \u015febekelerine ve yasa d\u0131\u015f\u0131 yap\u0131lanmalara kar\u015f\u0131 m\u00fccadelemize aral\u0131ks\u0131z devam ediyoruz&#8221; mesaj\u0131n\u0131 verdi. \u200b\u015eanl\u0131urfa merkezli 25 ildeki doland\u0131r\u0131c\u0131l\u0131k \u015febekesine yap\u0131lan operasyonda g\u00f6zalt\u0131na al\u0131nan 84 \u015f\u00fcpheliden 41&#8217;i tutukland\u0131.ANKARA (\u0130GFA) &#8211; \u0130\u00e7i\u015fleri Bakanl\u0131\u011f\u0131, \u015eanl\u0131urfa merkezli 25 ilde kendilerini kamu g\u00f6revlisi olarak tan\u0131tarak 116 vatanda\u015f\u0131m\u0131z\u0131 doland\u0131rd\u0131\u011f\u0131 tespit edilen \u015fah\u0131slara y\u00f6nelik d\u00fczenlenen operasyonlarda; 84 \u015f\u00fcphelinin yakaland\u0131\u011f\u0131n\u0131 duyurdu. \u015e\u00fcphelilerden 41&#8217;inin &hellip;","og_url":"http:\/\/denizcankizil.tr\/ru\/haberler\/gundem\/25-ilde-dolandiriciliga-41-tutuklama\/","og_site_name":"Av. Deniz Can K\u0131z\u0131l","article_published_time":"2025-05-13T06:42:26+00:00","author":"admin","twitter_card":"summary_large_image","twitter_misc":{"\u041d\u0430\u043f\u0438\u0441\u0430\u043d\u043e \u0430\u0432\u0442\u043e\u0440\u043e\u043c":"admin","\u041f\u0440\u0438\u043c\u0435\u0440\u043d\u043e\u0435 \u0432\u0440\u0435\u043c\u044f \u0434\u043b\u044f \u0447\u0442\u0435\u043d\u0438\u044f":"2 \u043c\u0438\u043d\u0443\u0442\u044b"},"schema":{"@context":"https:\/\/schema.org","@graph":[{"@type":"Article","@id":"http:\/\/denizcankizil.tr\/ru\/haberler\/gundem\/25-ilde-dolandiriciliga-41-tutuklama\/#article","isPartOf":{"@id":"http:\/\/denizcankizil.tr\/ru\/haberler\/gundem\/25-ilde-dolandiriciliga-41-tutuklama\/"},"author":{"name":"admin","@id":"https:\/\/denizcankizil.tr\/#\/schema\/person\/be3c05fe6a12686905512445d8185489"},"headline":"25 ilde doland\u0131r\u0131c\u0131l\u0131\u011fa 41 tutuklama!","datePublished":"2025-05-13T06:42:26+00:00","mainEntityOfPage":{"@id":"http:\/\/denizcankizil.tr\/ru\/haberler\/gundem\/25-ilde-dolandiriciliga-41-tutuklama\/"},"wordCount":389,"publisher":{"@id":"https:\/\/denizcankizil.tr\/#organization"},"articleSection":["G\u00fcndem"],"inLanguage":"ru-RU"},{"@type":"WebPage","@id":"http:\/\/denizcankizil.tr\/ru\/haberler\/gundem\/25-ilde-dolandiriciliga-41-tutuklama\/","url":"http:\/\/denizcankizil.tr\/ru\/haberler\/gundem\/25-ilde-dolandiriciliga-41-tutuklama\/","name":"25 ilde doland\u0131r\u0131c\u0131l\u0131\u011fa 41 tutuklama! - Av. Deniz Can K\u0131z\u0131l","isPartOf":{"@id":"https:\/\/denizcankizil.tr\/#website"},"datePublished":"2025-05-13T06:42:26+00:00","breadcrumb":{"@id":"http:\/\/denizcankizil.tr\/ru\/haberler\/gundem\/25-ilde-dolandiriciliga-41-tutuklama\/#breadcrumb"},"inLanguage":"ru-RU","potentialAction":[{"@type":"ReadAction","target":["http:\/\/denizcankizil.tr\/ru\/haberler\/gundem\/25-ilde-dolandiriciliga-41-tutuklama\/"]}]},{"@type":"BreadcrumbList","@id":"http:\/\/denizcankizil.tr\/ru\/haberler\/gundem\/25-ilde-dolandiriciliga-41-tutuklama\/#breadcrumb","itemListElement":[{"@type":"ListItem","position":1,"name":"Home","item":"https:\/\/denizcankizil.tr\/de\/"},{"@type":"ListItem","position":2,"name":"25 ilde doland\u0131r\u0131c\u0131l\u0131\u011fa 41 tutuklama!"}]},{"@type":"WebSite","@id":"https:\/\/denizcankizil.tr\/#website","url":"https:\/\/denizcankizil.tr\/","name":"Av. Deniz Can K\u0131z\u0131l","description":"Avukat Deniz Can K\u0131z\u0131l Antalya Barosu","publisher":{"@id":"https:\/\/denizcankizil.tr\/#organization"},"potentialAction":[{"@type":"SearchAction","target":{"@type":"EntryPoint","urlTemplate":"https:\/\/denizcankizil.tr\/?s={search_term_string}"},"query-input":{"@type":"PropertyValueSpecification","valueRequired":true,"valueName":"search_term_string"}}],"inLanguage":"ru-RU"},{"@type":"Organization","@id":"https:\/\/denizcankizil.tr\/#organization","name":"Av. Deniz Can K\u0131z\u0131l","url":"https:\/\/denizcankizil.tr\/","logo":{"@type":"ImageObject","inLanguage":"ru-RU","@id":"https:\/\/denizcankizil.tr\/#\/schema\/logo\/image\/","url":"http:\/\/denizcankizil.tr\/wp-content\/uploads\/2024\/10\/siyah-logo-svg.svg","contentUrl":"http:\/\/denizcankizil.tr\/wp-content\/uploads\/2024\/10\/siyah-logo-svg.svg","width":1080,"height":1080,"caption":"Av. Deniz Can K\u0131z\u0131l"},"image":{"@id":"https:\/\/denizcankizil.tr\/#\/schema\/logo\/image\/"}},{"@type":"Person","@id":"https:\/\/denizcankizil.tr\/#\/schema\/person\/be3c05fe6a12686905512445d8185489","name":"\u0430\u0434\u043c\u0438\u043d","image":{"@type":"ImageObject","inLanguage":"ru-RU","@id":"https:\/\/denizcankizil.tr\/#\/schema\/person\/image\/","url":"https:\/\/secure.gravatar.com\/avatar\/c1fce94c830dc79107e174f890d7210541c4a63e8e5d816341794a2151c9d58c?s=96&d=mm&r=g","contentUrl":"https:\/\/secure.gravatar.com\/avatar\/c1fce94c830dc79107e174f890d7210541c4a63e8e5d816341794a2151c9d58c?s=96&d=mm&r=g","caption":"admin"},"sameAs":["http:\/\/denizcankizil.tr"],"url":"https:\/\/www.iskenderun.org\/25-ilde-dolandiriciliga-41-tutuklama"}]}},"_links":{"self":[{"href":"http:\/\/denizcankizil.tr\/ru\/wp-json\/wp\/v2\/posts\/84992","targetHints":{"allow":["GET"]}}],"collection":[{"href":"http:\/\/denizcankizil.tr\/ru\/wp-json\/wp\/v2\/posts"}],"about":[{"href":"http:\/\/denizcankizil.tr\/ru\/wp-json\/wp\/v2\/types\/post"}],"author":[{"embeddable":true,"href":"http:\/\/denizcankizil.tr\/ru\/wp-json\/wp\/v2\/users\/1"}],"replies":[{"embeddable":true,"href":"http:\/\/denizcankizil.tr\/ru\/wp-json\/wp\/v2\/comments?post=84992"}],"version-history":[{"count":0,"href":"http:\/\/denizcankizil.tr\/ru\/wp-json\/wp\/v2\/posts\/84992\/revisions"}],"wp:attachment":[{"href":"http:\/\/denizcankizil.tr\/ru\/wp-json\/wp\/v2\/media?parent=84992"}],"wp:term":[{"taxonomy":"category","embeddable":true,"href":"http:\/\/denizcankizil.tr\/ru\/wp-json\/wp\/v2\/categories?post=84992"},{"taxonomy":"post_tag","embeddable":true,"href":"http:\/\/denizcankizil.tr\/ru\/wp-json\/wp\/v2\/tags?post=84992"}],"curies":[{"name":"wp","href":"https:\/\/api.w.org\/{rel}","templated":true}]}}