{"id":79961,"date":"2025-05-08T12:42:39","date_gmt":"2025-05-08T09:42:39","guid":{"rendered":"https:\/\/denizcankizil.tr\/uncategorized-tr\/baskan-onturk-igc-ziyaretinde-konustu\/"},"modified":"2025-05-08T12:42:39","modified_gmt":"2025-05-08T09:42:39","slug":"baskan-onturk-igc-ziyaretinde-konustu","status":"publish","type":"post","link":"http:\/\/denizcankizil.tr\/ru\/haberler\/gundem\/baskan-onturk-igc-ziyaretinde-konustu\/","title":{"rendered":"Ba\u015fkan \u00d6nt\u00fcrk \u0130GC Ziyaretinde konu\u015ftu\u2026"},"content":{"rendered":"<p>Toplant\u0131da g\u00f6reve geldikleri g\u00fcnden bu yana ge\u00e7en bir y\u0131ll\u0131k s\u00fcre\u00e7te y\u00fcr\u00fct\u00fclen hizmetleri de\u011ferlendiren Ba\u015fkan \u00d6nt\u00fcrk, Hatay genelinde e\u015fit ve adil bir y\u00f6netim anlay\u0131\u015f\u0131yla \u00e7al\u0131\u015ft\u0131klar\u0131n\u0131 vurgulad\u0131.<\/p>\n<p>\u201cHi\u00e7bir Ayr\u0131m Yapmadan Hizmet Ediyoruz\u201d<\/p>\n<p>\u0130skenderun\u2019un Hatay\u2019\u0131n ikinci b\u00fcy\u00fck il\u00e7esi oldu\u011funu hat\u0131rlatan Ba\u015fkan \u00d6nt\u00fcrk, il genelinde hizmetleri hi\u00e7bir ayr\u0131m yapmadan s\u00fcrd\u00fcrd\u00fcklerini belirtti. \u00d6nt\u00fcrk, \u201c15 il\u00e7emizin tamam\u0131nda \u00e7al\u0131\u015f\u0131yoruz. Herkesin hizmete eri\u015fimini \u00f6nemsiyoruz\u201d dedi.<\/p>\n<p>\u201cProjelerde En B\u00fcy\u00fck Engel Arsa Sorunu\u201d<\/p>\n<p>Hayata ge\u00e7irmeyi planlad\u0131klar\u0131 projelerin \u00f6n\u00fcndeki en b\u00fcy\u00fck engelin arsa s\u0131k\u0131nt\u0131s\u0131 oldu\u011funu ifade eden \u00d6nt\u00fcrk, Frans\u0131z i\u015fgali d\u00f6neminden kalma tapulama sorunlar\u0131n\u0131n bug\u00fcn de projeleri sekteye u\u011fratt\u0131\u011f\u0131n\u0131 belirtti. Hazine arazilerinin yetersizli\u011fi nedeniyle \u00e7evre yolu, sanayi sitesi gibi projelerde kamula\u015ft\u0131rma sorunlar\u0131 ya\u015fand\u0131\u011f\u0131n\u0131 ancak bu zorluklara ra\u011fmen t\u00fcm projeleri vatanda\u015flar\u0131 ma\u011fdur etmeden ger\u00e7ekle\u015ftireceklerini s\u00f6yledi.<\/p>\n<p>\u201cB\u00fcy\u00fck Projelere B\u00fct\u00fcnc\u00fcl Yakla\u015fmak \u015eart\u201d<\/p>\n<p>Ba\u015fkan \u00d6nt\u00fcrk, sanayi sitesi, otogar, kre\u015f gibi projelerin her il\u00e7eye \u00f6zel planland\u0131\u011f\u0131n\u0131; ancak \u015fehir hastanesi, b\u00f6lge hali gibi b\u00fcy\u00fck projelerde il\u00e7e s\u0131n\u0131rlar\u0131 yerine kentsel b\u00fct\u00fcnl\u00fck g\u00f6zetilmesi gerekti\u011fini vurgulad\u0131.<\/p>\n<p>\u0130skenderun\u2019da Yap\u0131lacak Projeler<\/p>\n<p>\u00d6nt\u00fcrk, \u0130skenderun \u00f6zelinde y\u00fcr\u00fct\u00fclen ve planlanan projeler hakk\u0131nda da bilgi verdi. Deprem sonras\u0131 hasar g\u00f6ren otogar alan\u0131ndaki hafriyat\u0131n kald\u0131r\u0131lmas\u0131n\u0131n ard\u0131ndan ihaleye \u00e7\u0131kacaklar\u0131n\u0131 a\u00e7\u0131klayan Ba\u015fkan \u00d6nt\u00fcrk, yap\u0131lacak projeleri \u015f\u00f6yle s\u0131ralad\u0131: K\u00fc\u00e7\u00fck Sanayi Sitesi i\u00e7in \u00e7al\u0131\u015fmalar ba\u015flat\u0131lacak. Numune Hastanesi yan\u0131nda Orman Park\u0131\u2019n\u0131n yap\u0131m\u0131 ba\u015flad\u0131. B\u00fcy\u00fckdere Plaj\u0131 yap\u0131m\u0131 s\u00fcr\u00fcyor. Feyezan Kanal\u0131 yaz aylar\u0131nda tamamlanacak. Sahil d\u00fczenlemesi 29 Ekim\u2019e kadar bitecek. B\u00f6lge hali i\u00e7in \u00e7al\u0131\u015fmalar gelecek y\u0131l ba\u015flayacak. Tar\u0131msal sulamada %60-70 oran\u0131nda iyile\u015ftirme sa\u011fland\u0131. Psikoloji Merkezi Antakya\u2019n\u0131n ard\u0131ndan \u0130skenderun\u2019da da yap\u0131lacak.\u201d<\/p>\n<p>\u201cVah\u015fi Depolama Tarih Olacak\u201d<\/p>\n<p>Son olarak \u00e7evre yat\u0131r\u0131mlar\u0131na da de\u011finen Ba\u015fkan \u00d6nt\u00fcrk, Cumhurba\u015fkan\u0131 Recep Tayyip Erdo\u011fan\u2019\u0131n deste\u011fiyle \u0130skenderun\u2019da 20-25 milyon Euro maliyetli kat\u0131 at\u0131k tesisi kuracaklar\u0131n\u0131 belirterek vah\u015fi depolama y\u00f6ntemine son vereceklerini s\u00f6yledi.<\/p>\n<p>\u200bHBB (Hatay B\u00fcy\u00fck\u015fehir Belediye) Ba\u015fkan\u0131 Mehmet \u00d6nt\u00fcrk, \u0130GC (\u0130skenderun Gazeteciler Cemiyeti)\u2019nde d\u00fczenlenen toplant\u0131da il geneli ile il\u00e7ede y\u00fcr\u00fct\u00fclen \u00e7al\u0131\u015fmalar, planlad\u0131klar\u0131 ve devam eden projeleri tek tek hayata ge\u00e7ireceklerini s\u00f6yledi.\u00a0<\/p>\n<p>\u200bHaberin Al\u0131nt\u0131land\u0131\u011f\u0131 Kaynak: www.iskenderun.org<\/p>","protected":false},"excerpt":{"rendered":"<p>Toplant\u0131da g\u00f6reve geldikleri g\u00fcnden bu yana ge\u00e7en bir y\u0131ll\u0131k s\u00fcre\u00e7te y\u00fcr\u00fct\u00fclen hizmetleri de\u011ferlendiren Ba\u015fkan \u00d6nt\u00fcrk, Hatay genelinde e\u015fit ve adil bir y\u00f6netim anlay\u0131\u015f\u0131yla \u00e7al\u0131\u015ft\u0131klar\u0131n\u0131 vurgulad\u0131. \u201cHi\u00e7bir Ayr\u0131m Yapmadan Hizmet Ediyoruz\u201d \u0130skenderun\u2019un Hatay\u2019\u0131n ikinci b\u00fcy\u00fck il\u00e7esi oldu\u011funu hat\u0131rlatan Ba\u015fkan \u00d6nt\u00fcrk, il genelinde hizmetleri hi\u00e7bir ayr\u0131m yapmadan s\u00fcrd\u00fcrd\u00fcklerini belirtti. \u00d6nt\u00fcrk, \u201c15 il\u00e7emizin tamam\u0131nda \u00e7al\u0131\u015f\u0131yoruz. Herkesin hizmete eri\u015fimini \u00f6nemsiyoruz\u201d dedi. \u201cProjelerde En B\u00fcy\u00fck Engel Arsa Sorunu\u201d Hayata ge\u00e7irmeyi planlad\u0131klar\u0131 projelerin \u00f6n\u00fcndeki en b\u00fcy\u00fck engelin arsa s\u0131k\u0131nt\u0131s\u0131 oldu\u011funu ifade eden \u00d6nt\u00fcrk, Frans\u0131z i\u015fgali d\u00f6neminden kalma tapulama sorunlar\u0131n\u0131n bug\u00fcn de projeleri sekteye u\u011fratt\u0131\u011f\u0131n\u0131 belirtti. Hazine arazilerinin yetersizli\u011fi nedeniyle \u00e7evre yolu, sanayi sitesi gibi projelerde kamula\u015ft\u0131rma sorunlar\u0131 ya\u015fand\u0131\u011f\u0131n\u0131 ancak bu zorluklara ra\u011fmen t\u00fcm projeleri vatanda\u015flar\u0131 ma\u011fdur etmeden ger\u00e7ekle\u015ftireceklerini s\u00f6yledi. \u201cB\u00fcy\u00fck Projelere B\u00fct\u00fcnc\u00fcl Yakla\u015fmak \u015eart\u201d Ba\u015fkan \u00d6nt\u00fcrk, sanayi sitesi, otogar, kre\u015f gibi projelerin her il\u00e7eye \u00f6zel planland\u0131\u011f\u0131n\u0131; ancak \u015fehir hastanesi, b\u00f6lge hali gibi b\u00fcy\u00fck projelerde il\u00e7e s\u0131n\u0131rlar\u0131 yerine kentsel b\u00fct\u00fcnl\u00fck g\u00f6zetilmesi gerekti\u011fini vurgulad\u0131. \u0130skenderun\u2019da Yap\u0131lacak Projeler \u00d6nt\u00fcrk, \u0130skenderun \u00f6zelinde y\u00fcr\u00fct\u00fclen ve planlanan projeler hakk\u0131nda da bilgi verdi. Deprem sonras\u0131 hasar g\u00f6ren otogar alan\u0131ndaki hafriyat\u0131n kald\u0131r\u0131lmas\u0131n\u0131n ard\u0131ndan ihaleye \u00e7\u0131kacaklar\u0131n\u0131 a\u00e7\u0131klayan Ba\u015fkan \u00d6nt\u00fcrk, yap\u0131lacak projeleri \u015f\u00f6yle s\u0131ralad\u0131: K\u00fc\u00e7\u00fck Sanayi Sitesi i\u00e7in \u00e7al\u0131\u015fmalar ba\u015flat\u0131lacak. Numune Hastanesi yan\u0131nda Orman Park\u0131\u2019n\u0131n yap\u0131m\u0131 ba\u015flad\u0131. B\u00fcy\u00fckdere Plaj\u0131 yap\u0131m\u0131 s\u00fcr\u00fcyor. Feyezan Kanal\u0131 yaz aylar\u0131nda tamamlanacak. &hellip;<\/p>","protected":false},"author":1,"featured_media":0,"comment_status":"","ping_status":"open","sticky":false,"template":"","format":"standard","meta":{"_acf_changed":false,"footnotes":""},"categories":[24],"tags":[],"class_list":["post-79961","post","type-post","status-publish","format-standard","has-post-thumbnail","hentry","category-gundem"],"acf":[],"yoast_head":"<!-- This site is optimized with the Yoast SEO Premium plugin v26.6 (Yoast SEO v27.1.1) - https:\/\/yoast.com\/product\/yoast-seo-premium-wordpress\/ -->\n<title>Ba\u015fkan \u00d6nt\u00fcrk \u0130GC Ziyaretinde konu\u015ftu\u2026 - Av. Deniz Can K\u0131z\u0131l<\/title>\n<meta name=\"robots\" content=\"index, follow, max-snippet:-1, max-image-preview:large, max-video-preview:-1\" \/>\n<link rel=\"canonical\" href=\"http:\/\/denizcankizil.tr\/ru\/haberler\/gundem\/baskan-onturk-igc-ziyaretinde-konustu\/\" \/>\n<meta property=\"og:locale\" content=\"ru_RU\" \/>\n<meta property=\"og:type\" content=\"article\" \/>\n<meta property=\"og:title\" content=\"Ba\u015fkan \u00d6nt\u00fcrk \u0130GC Ziyaretinde konu\u015ftu\u2026\" \/>\n<meta property=\"og:description\" content=\"Toplant\u0131da g\u00f6reve geldikleri g\u00fcnden bu yana ge\u00e7en bir y\u0131ll\u0131k s\u00fcre\u00e7te y\u00fcr\u00fct\u00fclen hizmetleri de\u011ferlendiren Ba\u015fkan \u00d6nt\u00fcrk, Hatay genelinde e\u015fit ve adil bir y\u00f6netim anlay\u0131\u015f\u0131yla \u00e7al\u0131\u015ft\u0131klar\u0131n\u0131 vurgulad\u0131. \u201cHi\u00e7bir Ayr\u0131m Yapmadan Hizmet Ediyoruz\u201d \u0130skenderun\u2019un Hatay\u2019\u0131n ikinci b\u00fcy\u00fck il\u00e7esi oldu\u011funu hat\u0131rlatan Ba\u015fkan \u00d6nt\u00fcrk, il genelinde hizmetleri hi\u00e7bir ayr\u0131m yapmadan s\u00fcrd\u00fcrd\u00fcklerini belirtti. \u00d6nt\u00fcrk, \u201c15 il\u00e7emizin tamam\u0131nda \u00e7al\u0131\u015f\u0131yoruz. Herkesin hizmete eri\u015fimini \u00f6nemsiyoruz\u201d dedi. \u201cProjelerde En B\u00fcy\u00fck Engel Arsa Sorunu\u201d Hayata ge\u00e7irmeyi planlad\u0131klar\u0131 projelerin \u00f6n\u00fcndeki en b\u00fcy\u00fck engelin arsa s\u0131k\u0131nt\u0131s\u0131 oldu\u011funu ifade eden \u00d6nt\u00fcrk, Frans\u0131z i\u015fgali d\u00f6neminden kalma tapulama sorunlar\u0131n\u0131n bug\u00fcn de projeleri sekteye u\u011fratt\u0131\u011f\u0131n\u0131 belirtti. Hazine arazilerinin yetersizli\u011fi nedeniyle \u00e7evre yolu, sanayi sitesi gibi projelerde kamula\u015ft\u0131rma sorunlar\u0131 ya\u015fand\u0131\u011f\u0131n\u0131 ancak bu zorluklara ra\u011fmen t\u00fcm projeleri vatanda\u015flar\u0131 ma\u011fdur etmeden ger\u00e7ekle\u015ftireceklerini s\u00f6yledi. \u201cB\u00fcy\u00fck Projelere B\u00fct\u00fcnc\u00fcl Yakla\u015fmak \u015eart\u201d Ba\u015fkan \u00d6nt\u00fcrk, sanayi sitesi, otogar, kre\u015f gibi projelerin her il\u00e7eye \u00f6zel planland\u0131\u011f\u0131n\u0131; ancak \u015fehir hastanesi, b\u00f6lge hali gibi b\u00fcy\u00fck projelerde il\u00e7e s\u0131n\u0131rlar\u0131 yerine kentsel b\u00fct\u00fcnl\u00fck g\u00f6zetilmesi gerekti\u011fini vurgulad\u0131. \u0130skenderun\u2019da Yap\u0131lacak Projeler \u00d6nt\u00fcrk, \u0130skenderun \u00f6zelinde y\u00fcr\u00fct\u00fclen ve planlanan projeler hakk\u0131nda da bilgi verdi. Deprem sonras\u0131 hasar g\u00f6ren otogar alan\u0131ndaki hafriyat\u0131n kald\u0131r\u0131lmas\u0131n\u0131n ard\u0131ndan ihaleye \u00e7\u0131kacaklar\u0131n\u0131 a\u00e7\u0131klayan Ba\u015fkan \u00d6nt\u00fcrk, yap\u0131lacak projeleri \u015f\u00f6yle s\u0131ralad\u0131: K\u00fc\u00e7\u00fck Sanayi Sitesi i\u00e7in \u00e7al\u0131\u015fmalar ba\u015flat\u0131lacak. Numune Hastanesi yan\u0131nda Orman Park\u0131\u2019n\u0131n yap\u0131m\u0131 ba\u015flad\u0131. B\u00fcy\u00fckdere Plaj\u0131 yap\u0131m\u0131 s\u00fcr\u00fcyor. Feyezan Kanal\u0131 yaz aylar\u0131nda tamamlanacak. &hellip;\" \/>\n<meta property=\"og:url\" content=\"http:\/\/denizcankizil.tr\/ru\/haberler\/gundem\/baskan-onturk-igc-ziyaretinde-konustu\/\" \/>\n<meta property=\"og:site_name\" content=\"Av. Deniz Can K\u0131z\u0131l\" \/>\n<meta property=\"article:published_time\" content=\"2025-05-08T09:42:39+00:00\" \/>\n<meta name=\"author\" content=\"admin\" \/>\n<meta name=\"twitter:card\" content=\"summary_large_image\" \/>\n<meta name=\"twitter:label1\" content=\"\u041d\u0430\u043f\u0438\u0441\u0430\u043d\u043e \u0430\u0432\u0442\u043e\u0440\u043e\u043c\" \/>\n\t<meta name=\"twitter:data1\" content=\"admin\" \/>\n\t<meta name=\"twitter:label2\" content=\"\u041f\u0440\u0438\u043c\u0435\u0440\u043d\u043e\u0435 \u0432\u0440\u0435\u043c\u044f \u0434\u043b\u044f \u0447\u0442\u0435\u043d\u0438\u044f\" \/>\n\t<meta name=\"twitter:data2\" content=\"2 \u043c\u0438\u043d\u0443\u0442\u044b\" \/>\n<script type=\"application\/ld+json\" class=\"yoast-schema-graph\">{\"@context\":\"https:\/\/schema.org\",\"@graph\":[{\"@type\":\"Article\",\"@id\":\"http:\/\/denizcankizil.tr\/ru\/haberler\/gundem\/baskan-onturk-igc-ziyaretinde-konustu\/#article\",\"isPartOf\":{\"@id\":\"http:\/\/denizcankizil.tr\/ru\/haberler\/gundem\/baskan-onturk-igc-ziyaretinde-konustu\/\"},\"author\":{\"name\":\"admin\",\"@id\":\"https:\/\/denizcankizil.tr\/de\/#\/schema\/person\/be3c05fe6a12686905512445d8185489\"},\"headline\":\"Ba\u015fkan \u00d6nt\u00fcrk \u0130GC Ziyaretinde konu\u015ftu\u2026\",\"datePublished\":\"2025-05-08T09:42:39+00:00\",\"mainEntityOfPage\":{\"@id\":\"http:\/\/denizcankizil.tr\/ru\/haberler\/gundem\/baskan-onturk-igc-ziyaretinde-konustu\/\"},\"wordCount\":482,\"publisher\":{\"@id\":\"https:\/\/denizcankizil.tr\/de\/#organization\"},\"articleSection\":[\"G\u00fcndem\"],\"inLanguage\":\"ru-RU\"},{\"@type\":\"WebPage\",\"@id\":\"http:\/\/denizcankizil.tr\/ru\/haberler\/gundem\/baskan-onturk-igc-ziyaretinde-konustu\/\",\"url\":\"http:\/\/denizcankizil.tr\/ru\/haberler\/gundem\/baskan-onturk-igc-ziyaretinde-konustu\/\",\"name\":\"Ba\u015fkan \u00d6nt\u00fcrk \u0130GC Ziyaretinde konu\u015ftu\u2026 - Av. Deniz Can K\u0131z\u0131l\",\"isPartOf\":{\"@id\":\"https:\/\/denizcankizil.tr\/de\/#website\"},\"datePublished\":\"2025-05-08T09:42:39+00:00\",\"breadcrumb\":{\"@id\":\"http:\/\/denizcankizil.tr\/ru\/haberler\/gundem\/baskan-onturk-igc-ziyaretinde-konustu\/#breadcrumb\"},\"inLanguage\":\"ru-RU\",\"potentialAction\":[{\"@type\":\"ReadAction\",\"target\":[\"http:\/\/denizcankizil.tr\/ru\/haberler\/gundem\/baskan-onturk-igc-ziyaretinde-konustu\/\"]}]},{\"@type\":\"BreadcrumbList\",\"@id\":\"http:\/\/denizcankizil.tr\/ru\/haberler\/gundem\/baskan-onturk-igc-ziyaretinde-konustu\/#breadcrumb\",\"itemListElement\":[{\"@type\":\"ListItem\",\"position\":1,\"name\":\"Home\",\"item\":\"https:\/\/denizcankizil.tr\/de\/\"},{\"@type\":\"ListItem\",\"position\":2,\"name\":\"Ba\u015fkan \u00d6nt\u00fcrk \u0130GC Ziyaretinde konu\u015ftu\u2026\"}]},{\"@type\":\"WebSite\",\"@id\":\"https:\/\/denizcankizil.tr\/de\/#website\",\"url\":\"https:\/\/denizcankizil.tr\/de\/\",\"name\":\"Av. Deniz Can K\u0131z\u0131l\",\"description\":\"Avukat Deniz Can K\u0131z\u0131l Antalya Barosu\",\"publisher\":{\"@id\":\"https:\/\/denizcankizil.tr\/de\/#organization\"},\"potentialAction\":[{\"@type\":\"SearchAction\",\"target\":{\"@type\":\"EntryPoint\",\"urlTemplate\":\"https:\/\/denizcankizil.tr\/de\/?s={search_term_string}\"},\"query-input\":{\"@type\":\"PropertyValueSpecification\",\"valueRequired\":true,\"valueName\":\"search_term_string\"}}],\"inLanguage\":\"ru-RU\"},{\"@type\":\"Organization\",\"@id\":\"https:\/\/denizcankizil.tr\/de\/#organization\",\"name\":\"Av. Deniz Can K\u0131z\u0131l\",\"url\":\"https:\/\/denizcankizil.tr\/de\/\",\"logo\":{\"@type\":\"ImageObject\",\"inLanguage\":\"ru-RU\",\"@id\":\"https:\/\/denizcankizil.tr\/de\/#\/schema\/logo\/image\/\",\"url\":\"http:\/\/denizcankizil.tr\/wp-content\/uploads\/2024\/10\/siyah-logo-svg.svg\",\"contentUrl\":\"http:\/\/denizcankizil.tr\/wp-content\/uploads\/2024\/10\/siyah-logo-svg.svg\",\"width\":1080,\"height\":1080,\"caption\":\"Av. Deniz Can K\u0131z\u0131l\"},\"image\":{\"@id\":\"https:\/\/denizcankizil.tr\/de\/#\/schema\/logo\/image\/\"}},{\"@type\":\"Person\",\"@id\":\"https:\/\/denizcankizil.tr\/de\/#\/schema\/person\/be3c05fe6a12686905512445d8185489\",\"name\":\"admin\",\"image\":{\"@type\":\"ImageObject\",\"inLanguage\":\"ru-RU\",\"@id\":\"https:\/\/denizcankizil.tr\/de\/#\/schema\/person\/image\/\",\"url\":\"https:\/\/secure.gravatar.com\/avatar\/c1fce94c830dc79107e174f890d7210541c4a63e8e5d816341794a2151c9d58c?s=96&d=mm&r=g\",\"contentUrl\":\"https:\/\/secure.gravatar.com\/avatar\/c1fce94c830dc79107e174f890d7210541c4a63e8e5d816341794a2151c9d58c?s=96&d=mm&r=g\",\"caption\":\"admin\"},\"sameAs\":[\"http:\/\/denizcankizil.tr\"],\"url\":\"https:\/\/www.iskenderun.org\/baskan-onturk-igc-ziyaretinde-konustu\"}]}<\/script>\n<!-- \/ Yoast SEO Premium plugin. -->","yoast_head_json":{"title":"Ba\u015fkan \u00d6nt\u00fcrk \u0130GC Ziyaretinde konu\u015ftu\u2026 - Av. Deniz Can K\u0131z\u0131l","robots":{"index":"index","follow":"follow","max-snippet":"max-snippet:-1","max-image-preview":"max-image-preview:large","max-video-preview":"max-video-preview:-1"},"canonical":"http:\/\/denizcankizil.tr\/ru\/haberler\/gundem\/baskan-onturk-igc-ziyaretinde-konustu\/","og_locale":"ru_RU","og_type":"article","og_title":"Ba\u015fkan \u00d6nt\u00fcrk \u0130GC Ziyaretinde konu\u015ftu\u2026","og_description":"Toplant\u0131da g\u00f6reve geldikleri g\u00fcnden bu yana ge\u00e7en bir y\u0131ll\u0131k s\u00fcre\u00e7te y\u00fcr\u00fct\u00fclen hizmetleri de\u011ferlendiren Ba\u015fkan \u00d6nt\u00fcrk, Hatay genelinde e\u015fit ve adil bir y\u00f6netim anlay\u0131\u015f\u0131yla \u00e7al\u0131\u015ft\u0131klar\u0131n\u0131 vurgulad\u0131. \u201cHi\u00e7bir Ayr\u0131m Yapmadan Hizmet Ediyoruz\u201d \u0130skenderun\u2019un Hatay\u2019\u0131n ikinci b\u00fcy\u00fck il\u00e7esi oldu\u011funu hat\u0131rlatan Ba\u015fkan \u00d6nt\u00fcrk, il genelinde hizmetleri hi\u00e7bir ayr\u0131m yapmadan s\u00fcrd\u00fcrd\u00fcklerini belirtti. \u00d6nt\u00fcrk, \u201c15 il\u00e7emizin tamam\u0131nda \u00e7al\u0131\u015f\u0131yoruz. Herkesin hizmete eri\u015fimini \u00f6nemsiyoruz\u201d dedi. \u201cProjelerde En B\u00fcy\u00fck Engel Arsa Sorunu\u201d Hayata ge\u00e7irmeyi planlad\u0131klar\u0131 projelerin \u00f6n\u00fcndeki en b\u00fcy\u00fck engelin arsa s\u0131k\u0131nt\u0131s\u0131 oldu\u011funu ifade eden \u00d6nt\u00fcrk, Frans\u0131z i\u015fgali d\u00f6neminden kalma tapulama sorunlar\u0131n\u0131n bug\u00fcn de projeleri sekteye u\u011fratt\u0131\u011f\u0131n\u0131 belirtti. Hazine arazilerinin yetersizli\u011fi nedeniyle \u00e7evre yolu, sanayi sitesi gibi projelerde kamula\u015ft\u0131rma sorunlar\u0131 ya\u015fand\u0131\u011f\u0131n\u0131 ancak bu zorluklara ra\u011fmen t\u00fcm projeleri vatanda\u015flar\u0131 ma\u011fdur etmeden ger\u00e7ekle\u015ftireceklerini s\u00f6yledi. \u201cB\u00fcy\u00fck Projelere B\u00fct\u00fcnc\u00fcl Yakla\u015fmak \u015eart\u201d Ba\u015fkan \u00d6nt\u00fcrk, sanayi sitesi, otogar, kre\u015f gibi projelerin her il\u00e7eye \u00f6zel planland\u0131\u011f\u0131n\u0131; ancak \u015fehir hastanesi, b\u00f6lge hali gibi b\u00fcy\u00fck projelerde il\u00e7e s\u0131n\u0131rlar\u0131 yerine kentsel b\u00fct\u00fcnl\u00fck g\u00f6zetilmesi gerekti\u011fini vurgulad\u0131. \u0130skenderun\u2019da Yap\u0131lacak Projeler \u00d6nt\u00fcrk, \u0130skenderun \u00f6zelinde y\u00fcr\u00fct\u00fclen ve planlanan projeler hakk\u0131nda da bilgi verdi. Deprem sonras\u0131 hasar g\u00f6ren otogar alan\u0131ndaki hafriyat\u0131n kald\u0131r\u0131lmas\u0131n\u0131n ard\u0131ndan ihaleye \u00e7\u0131kacaklar\u0131n\u0131 a\u00e7\u0131klayan Ba\u015fkan \u00d6nt\u00fcrk, yap\u0131lacak projeleri \u015f\u00f6yle s\u0131ralad\u0131: K\u00fc\u00e7\u00fck Sanayi Sitesi i\u00e7in \u00e7al\u0131\u015fmalar ba\u015flat\u0131lacak. Numune Hastanesi yan\u0131nda Orman Park\u0131\u2019n\u0131n yap\u0131m\u0131 ba\u015flad\u0131. B\u00fcy\u00fckdere Plaj\u0131 yap\u0131m\u0131 s\u00fcr\u00fcyor. Feyezan Kanal\u0131 yaz aylar\u0131nda tamamlanacak. &hellip;","og_url":"http:\/\/denizcankizil.tr\/ru\/haberler\/gundem\/baskan-onturk-igc-ziyaretinde-konustu\/","og_site_name":"Av. Deniz Can K\u0131z\u0131l","article_published_time":"2025-05-08T09:42:39+00:00","author":"admin","twitter_card":"summary_large_image","twitter_misc":{"\u041d\u0430\u043f\u0438\u0441\u0430\u043d\u043e \u0430\u0432\u0442\u043e\u0440\u043e\u043c":"admin","\u041f\u0440\u0438\u043c\u0435\u0440\u043d\u043e\u0435 \u0432\u0440\u0435\u043c\u044f \u0434\u043b\u044f \u0447\u0442\u0435\u043d\u0438\u044f":"2 \u043c\u0438\u043d\u0443\u0442\u044b"},"schema":{"@context":"https:\/\/schema.org","@graph":[{"@type":"Article","@id":"http:\/\/denizcankizil.tr\/ru\/haberler\/gundem\/baskan-onturk-igc-ziyaretinde-konustu\/#article","isPartOf":{"@id":"http:\/\/denizcankizil.tr\/ru\/haberler\/gundem\/baskan-onturk-igc-ziyaretinde-konustu\/"},"author":{"name":"admin","@id":"https:\/\/denizcankizil.tr\/de\/#\/schema\/person\/be3c05fe6a12686905512445d8185489"},"headline":"Ba\u015fkan \u00d6nt\u00fcrk \u0130GC Ziyaretinde konu\u015ftu\u2026","datePublished":"2025-05-08T09:42:39+00:00","mainEntityOfPage":{"@id":"http:\/\/denizcankizil.tr\/ru\/haberler\/gundem\/baskan-onturk-igc-ziyaretinde-konustu\/"},"wordCount":482,"publisher":{"@id":"https:\/\/denizcankizil.tr\/de\/#organization"},"articleSection":["G\u00fcndem"],"inLanguage":"ru-RU"},{"@type":"WebPage","@id":"http:\/\/denizcankizil.tr\/ru\/haberler\/gundem\/baskan-onturk-igc-ziyaretinde-konustu\/","url":"http:\/\/denizcankizil.tr\/ru\/haberler\/gundem\/baskan-onturk-igc-ziyaretinde-konustu\/","name":"Ba\u015fkan \u00d6nt\u00fcrk \u0130GC Ziyaretinde konu\u015ftu\u2026 - Av. Deniz Can K\u0131z\u0131l","isPartOf":{"@id":"https:\/\/denizcankizil.tr\/de\/#website"},"datePublished":"2025-05-08T09:42:39+00:00","breadcrumb":{"@id":"http:\/\/denizcankizil.tr\/ru\/haberler\/gundem\/baskan-onturk-igc-ziyaretinde-konustu\/#breadcrumb"},"inLanguage":"ru-RU","potentialAction":[{"@type":"ReadAction","target":["http:\/\/denizcankizil.tr\/ru\/haberler\/gundem\/baskan-onturk-igc-ziyaretinde-konustu\/"]}]},{"@type":"BreadcrumbList","@id":"http:\/\/denizcankizil.tr\/ru\/haberler\/gundem\/baskan-onturk-igc-ziyaretinde-konustu\/#breadcrumb","itemListElement":[{"@type":"ListItem","position":1,"name":"Home","item":"https:\/\/denizcankizil.tr\/de\/"},{"@type":"ListItem","position":2,"name":"Ba\u015fkan \u00d6nt\u00fcrk \u0130GC Ziyaretinde konu\u015ftu\u2026"}]},{"@type":"WebSite","@id":"https:\/\/denizcankizil.tr\/de\/#website","url":"https:\/\/denizcankizil.tr\/de\/","name":"Av. Deniz Can K\u0131z\u0131l","description":"Avukat Deniz Can K\u0131z\u0131l Antalya Barosu","publisher":{"@id":"https:\/\/denizcankizil.tr\/de\/#organization"},"potentialAction":[{"@type":"SearchAction","target":{"@type":"EntryPoint","urlTemplate":"https:\/\/denizcankizil.tr\/de\/?s={search_term_string}"},"query-input":{"@type":"PropertyValueSpecification","valueRequired":true,"valueName":"search_term_string"}}],"inLanguage":"ru-RU"},{"@type":"Organization","@id":"https:\/\/denizcankizil.tr\/de\/#organization","name":"Av. Deniz Can K\u0131z\u0131l","url":"https:\/\/denizcankizil.tr\/de\/","logo":{"@type":"ImageObject","inLanguage":"ru-RU","@id":"https:\/\/denizcankizil.tr\/de\/#\/schema\/logo\/image\/","url":"http:\/\/denizcankizil.tr\/wp-content\/uploads\/2024\/10\/siyah-logo-svg.svg","contentUrl":"http:\/\/denizcankizil.tr\/wp-content\/uploads\/2024\/10\/siyah-logo-svg.svg","width":1080,"height":1080,"caption":"Av. Deniz Can K\u0131z\u0131l"},"image":{"@id":"https:\/\/denizcankizil.tr\/de\/#\/schema\/logo\/image\/"}},{"@type":"Person","@id":"https:\/\/denizcankizil.tr\/de\/#\/schema\/person\/be3c05fe6a12686905512445d8185489","name":"\u0430\u0434\u043c\u0438\u043d","image":{"@type":"ImageObject","inLanguage":"ru-RU","@id":"https:\/\/denizcankizil.tr\/de\/#\/schema\/person\/image\/","url":"https:\/\/secure.gravatar.com\/avatar\/c1fce94c830dc79107e174f890d7210541c4a63e8e5d816341794a2151c9d58c?s=96&d=mm&r=g","contentUrl":"https:\/\/secure.gravatar.com\/avatar\/c1fce94c830dc79107e174f890d7210541c4a63e8e5d816341794a2151c9d58c?s=96&d=mm&r=g","caption":"admin"},"sameAs":["http:\/\/denizcankizil.tr"],"url":"https:\/\/www.iskenderun.org\/baskan-onturk-igc-ziyaretinde-konustu"}]}},"_links":{"self":[{"href":"http:\/\/denizcankizil.tr\/ru\/wp-json\/wp\/v2\/posts\/79961","targetHints":{"allow":["GET"]}}],"collection":[{"href":"http:\/\/denizcankizil.tr\/ru\/wp-json\/wp\/v2\/posts"}],"about":[{"href":"http:\/\/denizcankizil.tr\/ru\/wp-json\/wp\/v2\/types\/post"}],"author":[{"embeddable":true,"href":"http:\/\/denizcankizil.tr\/ru\/wp-json\/wp\/v2\/users\/1"}],"replies":[{"embeddable":true,"href":"http:\/\/denizcankizil.tr\/ru\/wp-json\/wp\/v2\/comments?post=79961"}],"version-history":[{"count":0,"href":"http:\/\/denizcankizil.tr\/ru\/wp-json\/wp\/v2\/posts\/79961\/revisions"}],"wp:attachment":[{"href":"http:\/\/denizcankizil.tr\/ru\/wp-json\/wp\/v2\/media?parent=79961"}],"wp:term":[{"taxonomy":"category","embeddable":true,"href":"http:\/\/denizcankizil.tr\/ru\/wp-json\/wp\/v2\/categories?post=79961"},{"taxonomy":"post_tag","embeddable":true,"href":"http:\/\/denizcankizil.tr\/ru\/wp-json\/wp\/v2\/tags?post=79961"}],"curies":[{"name":"wp","href":"https:\/\/api.w.org\/{rel}","templated":true}]}}