{"id":78467,"date":"2025-05-07T00:43:00","date_gmt":"2025-05-06T21:43:00","guid":{"rendered":"https:\/\/denizcankizil.tr\/uncategorized-tr\/hsk-uyeligi-secimi-icin-15-aday-belirlendi\/"},"modified":"2025-05-07T00:43:00","modified_gmt":"2025-05-06T21:43:00","slug":"hsk-uyeligi-secimi-icin-15-aday-belirlendi","status":"publish","type":"post","link":"http:\/\/denizcankizil.tr\/ru\/hukukihaber\/hsk-uyeligi-secimi-icin-15-aday-belirlendi\/","title":{"rendered":"HSK \u00fcyeli\u011fi se\u00e7imi i\u00e7in 15 aday belirlendi"},"content":{"rendered":"<p>TBMM Anayasa ve Adalet Karma Komisyonu&#8217;nda H\u00e2kimler ve Savc\u0131lar Kurulu se\u00e7imi i\u00e7in topland\u0131. Toplant\u0131 \u00f6ncesinde AK Parti ve CHP aras\u0131nda anla\u015fma sa\u011flanm\u0131\u015ft\u0131. Buna g\u00f6re; Meclis Genel Kurulu\u2019nda se\u00e7ilecek 5 \u00fcyeden 3\u2019\u00fcn\u00fcn AK Parti, 1\u2019nin MHP, 1\u2019nin ise CHP kontenjan\u0131ndan olmas\u0131 kararla\u015ft\u0131r\u0131ld\u0131. Ancak; toplant\u0131ya saatler kala CHP, 5 HSK \u00fcyeli\u011finden 2\u2019sinin kendilerine verilmesini isteyince uzla\u015f\u0131 bozuldu. 101 isim i\u00e7in oylama yap\u0131ld\u0131.<\/p>\n<p>Se\u00e7imlerin 1&#8217;inci turunda sonu\u00e7 \u00e7\u0131kmay\u0131nca 2&#8217;inci tura ge\u00e7ildi. 2&#8217;inci turda CHP usul tart\u0131\u015fmas\u0131 a\u00e7t\u0131. CHP&#8217;li komisyon \u00fcyeleri, se\u00e7imde i\u00e7 t\u00fcz\u00fck ve anayasa ihlali oldu\u011funu belirterek se\u00e7imden \u00e7ekildi. CHP ile birlikte Yeni Yol Grubu da se\u00e7imi terk etti. CHP\u2019nin Anayasa Mahkemesi\u2019ne gidece\u011fi \u00f6\u011frenildi.<\/p>\n<p>GENEL KURUL BEL\u0130RLEND\u0130<\/p>\n<p>Karma Komisyonda daha sonra 5\u2019te 3 \u00e7o\u011funlukla 15 \u00fcye belirlendi. 15 isimden 5\u2019i Meclis Genel Kurulu\u2019nda yeni HSK \u00fcyesi olarak belirlenecek. Bu isimlerden 3\u2019\u00fc Yarg\u0131tay, 1\u2019i Dan\u0131\u015ftay, 1\u2019i ise avukat ya da akademisyen kontenjan\u0131ndan se\u00e7ilecek.<\/p>\n<p>\u0130\u015eTE 15 \u0130S\u0130M<\/p>\n<p>Karma Komisyonda belirlenen 15 isim \u015f\u00f6yle;<\/p>\n<p>Yarg\u0131tay kontenjan\u0131 adaylar\u0131;<\/p>\n<p>1. \u00dcyelik; Fuzuli Aydo\u011fdu, \u00d6mer Faruk Ayd\u0131ner, Mustafa Yap\u0131c\u0131<\/p>\n<p>2. \u00dcyelik; \u0130brahim Temir, Hakan T\u00fcrk\u00f6n, Hakan Y\u00fcksel<\/p>\n<p>3. \u00dcyelik; Seyfi Han, \u015eerafettin Saka, Erg\u00fcn \u015eahin<\/p>\n<p>Dan\u0131\u015ftay \u00fcyeleri kontenjan\u0131 adaylar\u0131; Kemal A\u00e7\u0131kg\u00f6z, Aysel Demirel, Cengiz Aydemir<\/p>\n<p>Y\u00fcksek\u00f6\u011fretim ve avukat kontenjan\u0131 adaylar\u0131; Hasan O\u011fuz Alt\u0131nkaynak, Figen \u015ea\u015ft\u0131m, Ali\u015fan Tiryaki<\/p>\n<p>HSK\u2019NIN YAPISI<\/p>\n<p>H\u00e2kimler ve Savc\u0131lar Kurulu 13 \u00fcyeden olu\u015fuyor; ve iki daire halinde \u00e7al\u0131\u015f\u0131yor. Kurulun Ba\u015fkan\u0131 Adalet Bakan\u0131. Adalet Bakan Yard\u0131mc\u0131s\u0131 Kurulun tabi\u00ee \u00fcyesi. Kurulun, \u00fc\u00e7 \u00fcyesi birinci s\u0131n\u0131f olup, birinci s\u0131n\u0131fa ayr\u0131lmay\u0131 gerektiren nitelikleri yitirmemi\u015f adl\u00ee yarg\u0131 h\u00e2kim ve savc\u0131lar\u0131 aras\u0131ndan, bir \u00fcyesi birinci s\u0131n\u0131f olup, birinci s\u0131n\u0131fa ayr\u0131lmay\u0131 gerektiren nitelikleri yitirmemi\u015f idar\u00ee yarg\u0131 h\u00e2kim ve savc\u0131lar\u0131 aras\u0131ndan Cumhurba\u015fkan\u0131nca; \u00fc\u00e7 \u00fcyesi Yarg\u0131tay \u00fcyeleri, bir \u00fcyesi Dan\u0131\u015ftay \u00fcyeleri, \u00fc\u00e7 \u00fcyesi nitelikleri kanunda belirtilen y\u00fcksek\u00f6\u011fretim kurumlar\u0131n\u0131n hukuk dallar\u0131nda g\u00f6rev yapan \u00f6\u011fretim \u00fcyeleri ile avukatlar aras\u0131ndan T\u00fcrkiye B\u00fcy\u00fck Millet Meclisi taraf\u0131ndan se\u00e7iliyor. (Fevzi \u00c7ak\u0131r \/HaberT\u00fcrk)<\/p>\n<p>\u200bTBMM Anayasa ve Adalet Karma Komisyonu&#8217;nda H\u00e2kimler ve Savc\u0131lar Kurulu se\u00e7imi tamamland\u0131. Meclis Genel Kurulu&#8217;nda g\u00f6nderilecek 15 isim belirlendi. 15 isimden 5\u2019i Meclis Genel Kurulu\u2019nda yeni HSK \u00fcyesi olarak belirlenecek.\u00a0Hukuki Haber<\/p>","protected":false},"excerpt":{"rendered":"<p>TBMM Anayasa ve Adalet Karma Komisyonu&#8217;nda H\u00e2kimler ve Savc\u0131lar Kurulu se\u00e7imi i\u00e7in topland\u0131. Toplant\u0131 \u00f6ncesinde AK Parti ve CHP aras\u0131nda anla\u015fma sa\u011flanm\u0131\u015ft\u0131. Buna g\u00f6re; Meclis Genel Kurulu\u2019nda se\u00e7ilecek 5 \u00fcyeden 3\u2019\u00fcn\u00fcn AK Parti, 1\u2019nin MHP, 1\u2019nin ise CHP kontenjan\u0131ndan olmas\u0131 kararla\u015ft\u0131r\u0131ld\u0131. Ancak; toplant\u0131ya saatler kala CHP, 5 HSK \u00fcyeli\u011finden 2\u2019sinin kendilerine verilmesini isteyince uzla\u015f\u0131 bozuldu. 101 isim i\u00e7in oylama yap\u0131ld\u0131. Se\u00e7imlerin 1&#8217;inci turunda sonu\u00e7 \u00e7\u0131kmay\u0131nca 2&#8217;inci tura ge\u00e7ildi. 2&#8217;inci turda CHP usul tart\u0131\u015fmas\u0131 a\u00e7t\u0131. CHP&#8217;li komisyon \u00fcyeleri, se\u00e7imde i\u00e7 t\u00fcz\u00fck ve anayasa ihlali oldu\u011funu belirterek se\u00e7imden \u00e7ekildi. CHP ile birlikte Yeni Yol Grubu da se\u00e7imi terk etti. CHP\u2019nin Anayasa Mahkemesi\u2019ne gidece\u011fi \u00f6\u011frenildi. GENEL KURUL BEL\u0130RLEND\u0130 Karma Komisyonda daha sonra 5\u2019te 3 \u00e7o\u011funlukla 15 \u00fcye belirlendi. 15 isimden 5\u2019i Meclis Genel Kurulu\u2019nda yeni HSK \u00fcyesi olarak belirlenecek. Bu isimlerden 3\u2019\u00fc Yarg\u0131tay, 1\u2019i Dan\u0131\u015ftay, 1\u2019i ise avukat ya da akademisyen kontenjan\u0131ndan se\u00e7ilecek. \u0130\u015eTE 15 \u0130S\u0130M Karma Komisyonda belirlenen 15 isim \u015f\u00f6yle; Yarg\u0131tay kontenjan\u0131 adaylar\u0131; 1. \u00dcyelik; Fuzuli Aydo\u011fdu, \u00d6mer Faruk Ayd\u0131ner, Mustafa Yap\u0131c\u0131 2. \u00dcyelik; \u0130brahim Temir, Hakan T\u00fcrk\u00f6n, Hakan Y\u00fcksel 3. \u00dcyelik; Seyfi Han, \u015eerafettin Saka, Erg\u00fcn \u015eahin Dan\u0131\u015ftay \u00fcyeleri kontenjan\u0131 adaylar\u0131; Kemal A\u00e7\u0131kg\u00f6z, Aysel Demirel, Cengiz Aydemir Y\u00fcksek\u00f6\u011fretim ve avukat kontenjan\u0131 adaylar\u0131; Hasan O\u011fuz Alt\u0131nkaynak, Figen \u015ea\u015ft\u0131m, Ali\u015fan Tiryaki HSK\u2019NIN &hellip;<\/p>","protected":false},"author":3,"featured_media":0,"comment_status":"","ping_status":"open","sticky":false,"template":"","format":"standard","meta":{"_acf_changed":false,"footnotes":""},"categories":[27],"tags":[],"class_list":["post-78467","post","type-post","status-publish","format-standard","has-post-thumbnail","hentry","category-hukukihaber"],"acf":[],"yoast_head":"<!-- This site is optimized with the Yoast SEO Premium plugin v26.6 (Yoast SEO v27.1.1) - https:\/\/yoast.com\/product\/yoast-seo-premium-wordpress\/ -->\n<title>HSK \u00fcyeli\u011fi se\u00e7imi i\u00e7in 15 aday belirlendi - Av. Deniz Can K\u0131z\u0131l<\/title>\n<meta name=\"robots\" content=\"index, follow, max-snippet:-1, max-image-preview:large, max-video-preview:-1\" \/>\n<link rel=\"canonical\" href=\"https:\/\/denizcankizil.tr\/ru\/hukukihaber\/hsk-uyeligi-secimi-icin-15-aday-belirlendi\/\" \/>\n<meta property=\"og:locale\" content=\"ru_RU\" \/>\n<meta property=\"og:type\" content=\"article\" \/>\n<meta property=\"og:title\" content=\"HSK \u00fcyeli\u011fi se\u00e7imi i\u00e7in 15 aday belirlendi\" \/>\n<meta property=\"og:description\" content=\"TBMM Anayasa ve Adalet Karma Komisyonu&#8217;nda H\u00e2kimler ve Savc\u0131lar Kurulu se\u00e7imi i\u00e7in topland\u0131. Toplant\u0131 \u00f6ncesinde AK Parti ve CHP aras\u0131nda anla\u015fma sa\u011flanm\u0131\u015ft\u0131. Buna g\u00f6re; Meclis Genel Kurulu\u2019nda se\u00e7ilecek 5 \u00fcyeden 3\u2019\u00fcn\u00fcn AK Parti, 1\u2019nin MHP, 1\u2019nin ise CHP kontenjan\u0131ndan olmas\u0131 kararla\u015ft\u0131r\u0131ld\u0131. Ancak; toplant\u0131ya saatler kala CHP, 5 HSK \u00fcyeli\u011finden 2\u2019sinin kendilerine verilmesini isteyince uzla\u015f\u0131 bozuldu. 101 isim i\u00e7in oylama yap\u0131ld\u0131. Se\u00e7imlerin 1&#8217;inci turunda sonu\u00e7 \u00e7\u0131kmay\u0131nca 2&#8217;inci tura ge\u00e7ildi. 2&#8217;inci turda CHP usul tart\u0131\u015fmas\u0131 a\u00e7t\u0131. CHP&#8217;li komisyon \u00fcyeleri, se\u00e7imde i\u00e7 t\u00fcz\u00fck ve anayasa ihlali oldu\u011funu belirterek se\u00e7imden \u00e7ekildi. CHP ile birlikte Yeni Yol Grubu da se\u00e7imi terk etti. CHP\u2019nin Anayasa Mahkemesi\u2019ne gidece\u011fi \u00f6\u011frenildi. GENEL KURUL BEL\u0130RLEND\u0130 Karma Komisyonda daha sonra 5\u2019te 3 \u00e7o\u011funlukla 15 \u00fcye belirlendi. 15 isimden 5\u2019i Meclis Genel Kurulu\u2019nda yeni HSK \u00fcyesi olarak belirlenecek. Bu isimlerden 3\u2019\u00fc Yarg\u0131tay, 1\u2019i Dan\u0131\u015ftay, 1\u2019i ise avukat ya da akademisyen kontenjan\u0131ndan se\u00e7ilecek. \u0130\u015eTE 15 \u0130S\u0130M Karma Komisyonda belirlenen 15 isim \u015f\u00f6yle; Yarg\u0131tay kontenjan\u0131 adaylar\u0131; 1. \u00dcyelik; Fuzuli Aydo\u011fdu, \u00d6mer Faruk Ayd\u0131ner, Mustafa Yap\u0131c\u0131 2. \u00dcyelik; \u0130brahim Temir, Hakan T\u00fcrk\u00f6n, Hakan Y\u00fcksel 3. \u00dcyelik; Seyfi Han, \u015eerafettin Saka, Erg\u00fcn \u015eahin Dan\u0131\u015ftay \u00fcyeleri kontenjan\u0131 adaylar\u0131; Kemal A\u00e7\u0131kg\u00f6z, Aysel Demirel, Cengiz Aydemir Y\u00fcksek\u00f6\u011fretim ve avukat kontenjan\u0131 adaylar\u0131; Hasan O\u011fuz Alt\u0131nkaynak, Figen \u015ea\u015ft\u0131m, Ali\u015fan Tiryaki HSK\u2019NIN &hellip;\" \/>\n<meta property=\"og:url\" content=\"https:\/\/denizcankizil.tr\/ru\/hukukihaber\/hsk-uyeligi-secimi-icin-15-aday-belirlendi\/\" \/>\n<meta property=\"og:site_name\" content=\"Av. Deniz Can K\u0131z\u0131l\" \/>\n<meta property=\"article:published_time\" content=\"2025-05-06T21:43:00+00:00\" \/>\n<meta name=\"author\" content=\"Hukuki Haber.net\" \/>\n<meta name=\"twitter:card\" content=\"summary_large_image\" \/>\n<meta name=\"twitter:label1\" content=\"\u041d\u0430\u043f\u0438\u0441\u0430\u043d\u043e \u0430\u0432\u0442\u043e\u0440\u043e\u043c\" \/>\n\t<meta name=\"twitter:data1\" content=\"Hukuki Haber.net\" \/>\n\t<meta name=\"twitter:label2\" content=\"\u041f\u0440\u0438\u043c\u0435\u0440\u043d\u043e\u0435 \u0432\u0440\u0435\u043c\u044f \u0434\u043b\u044f \u0447\u0442\u0435\u043d\u0438\u044f\" \/>\n\t<meta name=\"twitter:data2\" content=\"2 \u043c\u0438\u043d\u0443\u0442\u044b\" \/>\n<script type=\"application\/ld+json\" class=\"yoast-schema-graph\">{\"@context\":\"https:\/\/schema.org\",\"@graph\":[{\"@type\":\"Article\",\"@id\":\"https:\/\/denizcankizil.tr\/de\/hukukihaber\/hsk-uyeligi-secimi-icin-15-aday-belirlendi\/#article\",\"isPartOf\":{\"@id\":\"https:\/\/denizcankizil.tr\/de\/hukukihaber\/hsk-uyeligi-secimi-icin-15-aday-belirlendi\/\"},\"author\":{\"name\":\"Hukuki Haber.net\",\"@id\":\"https:\/\/denizcankizil.tr\/de\/#\/schema\/person\/001a271de994a0aa3f90eea084424822\"},\"headline\":\"HSK \u00fcyeli\u011fi se\u00e7imi i\u00e7in 15 aday belirlendi\",\"datePublished\":\"2025-05-06T21:43:00+00:00\",\"mainEntityOfPage\":{\"@id\":\"https:\/\/denizcankizil.tr\/de\/hukukihaber\/hsk-uyeligi-secimi-icin-15-aday-belirlendi\/\"},\"wordCount\":426,\"publisher\":{\"@id\":\"https:\/\/denizcankizil.tr\/de\/#organization\"},\"articleSection\":[\"Hukuki Haberler\"],\"inLanguage\":\"ru-RU\"},{\"@type\":\"WebPage\",\"@id\":\"https:\/\/denizcankizil.tr\/de\/hukukihaber\/hsk-uyeligi-secimi-icin-15-aday-belirlendi\/\",\"url\":\"https:\/\/denizcankizil.tr\/de\/hukukihaber\/hsk-uyeligi-secimi-icin-15-aday-belirlendi\/\",\"name\":\"HSK \u00fcyeli\u011fi se\u00e7imi i\u00e7in 15 aday belirlendi - Av. Deniz Can K\u0131z\u0131l\",\"isPartOf\":{\"@id\":\"https:\/\/denizcankizil.tr\/de\/#website\"},\"datePublished\":\"2025-05-06T21:43:00+00:00\",\"breadcrumb\":{\"@id\":\"https:\/\/denizcankizil.tr\/de\/hukukihaber\/hsk-uyeligi-secimi-icin-15-aday-belirlendi\/#breadcrumb\"},\"inLanguage\":\"ru-RU\",\"potentialAction\":[{\"@type\":\"ReadAction\",\"target\":[\"https:\/\/denizcankizil.tr\/de\/hukukihaber\/hsk-uyeligi-secimi-icin-15-aday-belirlendi\/\"]}]},{\"@type\":\"BreadcrumbList\",\"@id\":\"https:\/\/denizcankizil.tr\/de\/hukukihaber\/hsk-uyeligi-secimi-icin-15-aday-belirlendi\/#breadcrumb\",\"itemListElement\":[{\"@type\":\"ListItem\",\"position\":1,\"name\":\"Home\",\"item\":\"https:\/\/denizcankizil.tr\/de\/\"},{\"@type\":\"ListItem\",\"position\":2,\"name\":\"HSK \u00fcyeli\u011fi se\u00e7imi i\u00e7in 15 aday belirlendi\"}]},{\"@type\":\"WebSite\",\"@id\":\"https:\/\/denizcankizil.tr\/de\/#website\",\"url\":\"https:\/\/denizcankizil.tr\/de\/\",\"name\":\"Av. Deniz Can K\u0131z\u0131l\",\"description\":\"Avukat Deniz Can K\u0131z\u0131l Antalya Barosu\",\"publisher\":{\"@id\":\"https:\/\/denizcankizil.tr\/de\/#organization\"},\"potentialAction\":[{\"@type\":\"SearchAction\",\"target\":{\"@type\":\"EntryPoint\",\"urlTemplate\":\"https:\/\/denizcankizil.tr\/de\/?s={search_term_string}\"},\"query-input\":{\"@type\":\"PropertyValueSpecification\",\"valueRequired\":true,\"valueName\":\"search_term_string\"}}],\"inLanguage\":\"ru-RU\"},{\"@type\":\"Organization\",\"@id\":\"https:\/\/denizcankizil.tr\/de\/#organization\",\"name\":\"Av. Deniz Can K\u0131z\u0131l\",\"url\":\"https:\/\/denizcankizil.tr\/de\/\",\"logo\":{\"@type\":\"ImageObject\",\"inLanguage\":\"ru-RU\",\"@id\":\"https:\/\/denizcankizil.tr\/de\/#\/schema\/logo\/image\/\",\"url\":\"http:\/\/denizcankizil.tr\/wp-content\/uploads\/2024\/10\/siyah-logo-svg.svg\",\"contentUrl\":\"http:\/\/denizcankizil.tr\/wp-content\/uploads\/2024\/10\/siyah-logo-svg.svg\",\"width\":1080,\"height\":1080,\"caption\":\"Av. Deniz Can K\u0131z\u0131l\"},\"image\":{\"@id\":\"https:\/\/denizcankizil.tr\/de\/#\/schema\/logo\/image\/\"}},{\"@type\":\"Person\",\"@id\":\"https:\/\/denizcankizil.tr\/de\/#\/schema\/person\/001a271de994a0aa3f90eea084424822\",\"name\":\"Hukuki Haber.net\",\"image\":{\"@type\":\"ImageObject\",\"inLanguage\":\"ru-RU\",\"@id\":\"https:\/\/denizcankizil.tr\/de\/#\/schema\/person\/image\/\",\"url\":\"https:\/\/secure.gravatar.com\/avatar\/57d8a49151495586611a149d29fc42865b951dc053a84709a3172ccb5abf3118?s=96&d=mm&r=g\",\"contentUrl\":\"https:\/\/secure.gravatar.com\/avatar\/57d8a49151495586611a149d29fc42865b951dc053a84709a3172ccb5abf3118?s=96&d=mm&r=g\",\"caption\":\"Hukuki Haber.net\"},\"sameAs\":[\"http:\/\/www.hukukihaber.net\"],\"url\":\"https:\/\/www.hukukihaber.net\/hsk-uyeligi-secimi-icin-15-aday-belirlendi\"}]}<\/script>\n<!-- \/ Yoast SEO Premium plugin. -->","yoast_head_json":{"title":"HSK \u00fcyeli\u011fi se\u00e7imi i\u00e7in 15 aday belirlendi - Av. Deniz Can K\u0131z\u0131l","robots":{"index":"index","follow":"follow","max-snippet":"max-snippet:-1","max-image-preview":"max-image-preview:large","max-video-preview":"max-video-preview:-1"},"canonical":"https:\/\/denizcankizil.tr\/ru\/hukukihaber\/hsk-uyeligi-secimi-icin-15-aday-belirlendi\/","og_locale":"ru_RU","og_type":"article","og_title":"HSK \u00fcyeli\u011fi se\u00e7imi i\u00e7in 15 aday belirlendi","og_description":"TBMM Anayasa ve Adalet Karma Komisyonu&#8217;nda H\u00e2kimler ve Savc\u0131lar Kurulu se\u00e7imi i\u00e7in topland\u0131. Toplant\u0131 \u00f6ncesinde AK Parti ve CHP aras\u0131nda anla\u015fma sa\u011flanm\u0131\u015ft\u0131. Buna g\u00f6re; Meclis Genel Kurulu\u2019nda se\u00e7ilecek 5 \u00fcyeden 3\u2019\u00fcn\u00fcn AK Parti, 1\u2019nin MHP, 1\u2019nin ise CHP kontenjan\u0131ndan olmas\u0131 kararla\u015ft\u0131r\u0131ld\u0131. Ancak; toplant\u0131ya saatler kala CHP, 5 HSK \u00fcyeli\u011finden 2\u2019sinin kendilerine verilmesini isteyince uzla\u015f\u0131 bozuldu. 101 isim i\u00e7in oylama yap\u0131ld\u0131. Se\u00e7imlerin 1&#8217;inci turunda sonu\u00e7 \u00e7\u0131kmay\u0131nca 2&#8217;inci tura ge\u00e7ildi. 2&#8217;inci turda CHP usul tart\u0131\u015fmas\u0131 a\u00e7t\u0131. CHP&#8217;li komisyon \u00fcyeleri, se\u00e7imde i\u00e7 t\u00fcz\u00fck ve anayasa ihlali oldu\u011funu belirterek se\u00e7imden \u00e7ekildi. CHP ile birlikte Yeni Yol Grubu da se\u00e7imi terk etti. CHP\u2019nin Anayasa Mahkemesi\u2019ne gidece\u011fi \u00f6\u011frenildi. GENEL KURUL BEL\u0130RLEND\u0130 Karma Komisyonda daha sonra 5\u2019te 3 \u00e7o\u011funlukla 15 \u00fcye belirlendi. 15 isimden 5\u2019i Meclis Genel Kurulu\u2019nda yeni HSK \u00fcyesi olarak belirlenecek. Bu isimlerden 3\u2019\u00fc Yarg\u0131tay, 1\u2019i Dan\u0131\u015ftay, 1\u2019i ise avukat ya da akademisyen kontenjan\u0131ndan se\u00e7ilecek. \u0130\u015eTE 15 \u0130S\u0130M Karma Komisyonda belirlenen 15 isim \u015f\u00f6yle; Yarg\u0131tay kontenjan\u0131 adaylar\u0131; 1. \u00dcyelik; Fuzuli Aydo\u011fdu, \u00d6mer Faruk Ayd\u0131ner, Mustafa Yap\u0131c\u0131 2. \u00dcyelik; \u0130brahim Temir, Hakan T\u00fcrk\u00f6n, Hakan Y\u00fcksel 3. \u00dcyelik; Seyfi Han, \u015eerafettin Saka, Erg\u00fcn \u015eahin Dan\u0131\u015ftay \u00fcyeleri kontenjan\u0131 adaylar\u0131; Kemal A\u00e7\u0131kg\u00f6z, Aysel Demirel, Cengiz Aydemir Y\u00fcksek\u00f6\u011fretim ve avukat kontenjan\u0131 adaylar\u0131; Hasan O\u011fuz Alt\u0131nkaynak, Figen \u015ea\u015ft\u0131m, Ali\u015fan Tiryaki HSK\u2019NIN &hellip;","og_url":"https:\/\/denizcankizil.tr\/ru\/hukukihaber\/hsk-uyeligi-secimi-icin-15-aday-belirlendi\/","og_site_name":"Av. Deniz Can K\u0131z\u0131l","article_published_time":"2025-05-06T21:43:00+00:00","author":"Hukuki Haber.net","twitter_card":"summary_large_image","twitter_misc":{"\u041d\u0430\u043f\u0438\u0441\u0430\u043d\u043e \u0430\u0432\u0442\u043e\u0440\u043e\u043c":"Hukuki Haber.net","\u041f\u0440\u0438\u043c\u0435\u0440\u043d\u043e\u0435 \u0432\u0440\u0435\u043c\u044f \u0434\u043b\u044f \u0447\u0442\u0435\u043d\u0438\u044f":"2 \u043c\u0438\u043d\u0443\u0442\u044b"},"schema":{"@context":"https:\/\/schema.org","@graph":[{"@type":"Article","@id":"https:\/\/denizcankizil.tr\/de\/hukukihaber\/hsk-uyeligi-secimi-icin-15-aday-belirlendi\/#article","isPartOf":{"@id":"https:\/\/denizcankizil.tr\/de\/hukukihaber\/hsk-uyeligi-secimi-icin-15-aday-belirlendi\/"},"author":{"name":"Hukuki Haber.net","@id":"https:\/\/denizcankizil.tr\/de\/#\/schema\/person\/001a271de994a0aa3f90eea084424822"},"headline":"HSK \u00fcyeli\u011fi se\u00e7imi i\u00e7in 15 aday belirlendi","datePublished":"2025-05-06T21:43:00+00:00","mainEntityOfPage":{"@id":"https:\/\/denizcankizil.tr\/de\/hukukihaber\/hsk-uyeligi-secimi-icin-15-aday-belirlendi\/"},"wordCount":426,"publisher":{"@id":"https:\/\/denizcankizil.tr\/de\/#organization"},"articleSection":["Hukuki Haberler"],"inLanguage":"ru-RU"},{"@type":"WebPage","@id":"https:\/\/denizcankizil.tr\/de\/hukukihaber\/hsk-uyeligi-secimi-icin-15-aday-belirlendi\/","url":"https:\/\/denizcankizil.tr\/de\/hukukihaber\/hsk-uyeligi-secimi-icin-15-aday-belirlendi\/","name":"HSK \u00fcyeli\u011fi se\u00e7imi i\u00e7in 15 aday belirlendi - Av. Deniz Can K\u0131z\u0131l","isPartOf":{"@id":"https:\/\/denizcankizil.tr\/de\/#website"},"datePublished":"2025-05-06T21:43:00+00:00","breadcrumb":{"@id":"https:\/\/denizcankizil.tr\/de\/hukukihaber\/hsk-uyeligi-secimi-icin-15-aday-belirlendi\/#breadcrumb"},"inLanguage":"ru-RU","potentialAction":[{"@type":"ReadAction","target":["https:\/\/denizcankizil.tr\/de\/hukukihaber\/hsk-uyeligi-secimi-icin-15-aday-belirlendi\/"]}]},{"@type":"BreadcrumbList","@id":"https:\/\/denizcankizil.tr\/de\/hukukihaber\/hsk-uyeligi-secimi-icin-15-aday-belirlendi\/#breadcrumb","itemListElement":[{"@type":"ListItem","position":1,"name":"Home","item":"https:\/\/denizcankizil.tr\/de\/"},{"@type":"ListItem","position":2,"name":"HSK \u00fcyeli\u011fi se\u00e7imi i\u00e7in 15 aday belirlendi"}]},{"@type":"WebSite","@id":"https:\/\/denizcankizil.tr\/de\/#website","url":"https:\/\/denizcankizil.tr\/de\/","name":"Av. Deniz Can K\u0131z\u0131l","description":"Avukat Deniz Can K\u0131z\u0131l Antalya Barosu","publisher":{"@id":"https:\/\/denizcankizil.tr\/de\/#organization"},"potentialAction":[{"@type":"SearchAction","target":{"@type":"EntryPoint","urlTemplate":"https:\/\/denizcankizil.tr\/de\/?s={search_term_string}"},"query-input":{"@type":"PropertyValueSpecification","valueRequired":true,"valueName":"search_term_string"}}],"inLanguage":"ru-RU"},{"@type":"Organization","@id":"https:\/\/denizcankizil.tr\/de\/#organization","name":"Av. Deniz Can K\u0131z\u0131l","url":"https:\/\/denizcankizil.tr\/de\/","logo":{"@type":"ImageObject","inLanguage":"ru-RU","@id":"https:\/\/denizcankizil.tr\/de\/#\/schema\/logo\/image\/","url":"http:\/\/denizcankizil.tr\/wp-content\/uploads\/2024\/10\/siyah-logo-svg.svg","contentUrl":"http:\/\/denizcankizil.tr\/wp-content\/uploads\/2024\/10\/siyah-logo-svg.svg","width":1080,"height":1080,"caption":"Av. Deniz Can K\u0131z\u0131l"},"image":{"@id":"https:\/\/denizcankizil.tr\/de\/#\/schema\/logo\/image\/"}},{"@type":"Person","@id":"https:\/\/denizcankizil.tr\/de\/#\/schema\/person\/001a271de994a0aa3f90eea084424822","name":"Hukuki Haber.net","image":{"@type":"ImageObject","inLanguage":"ru-RU","@id":"https:\/\/denizcankizil.tr\/de\/#\/schema\/person\/image\/","url":"https:\/\/secure.gravatar.com\/avatar\/57d8a49151495586611a149d29fc42865b951dc053a84709a3172ccb5abf3118?s=96&d=mm&r=g","contentUrl":"https:\/\/secure.gravatar.com\/avatar\/57d8a49151495586611a149d29fc42865b951dc053a84709a3172ccb5abf3118?s=96&d=mm&r=g","caption":"Hukuki Haber.net"},"sameAs":["http:\/\/www.hukukihaber.net"],"url":"https:\/\/www.hukukihaber.net\/hsk-uyeligi-secimi-icin-15-aday-belirlendi"}]}},"_links":{"self":[{"href":"http:\/\/denizcankizil.tr\/ru\/wp-json\/wp\/v2\/posts\/78467","targetHints":{"allow":["GET"]}}],"collection":[{"href":"http:\/\/denizcankizil.tr\/ru\/wp-json\/wp\/v2\/posts"}],"about":[{"href":"http:\/\/denizcankizil.tr\/ru\/wp-json\/wp\/v2\/types\/post"}],"author":[{"embeddable":true,"href":"http:\/\/denizcankizil.tr\/ru\/wp-json\/wp\/v2\/users\/3"}],"replies":[{"embeddable":true,"href":"http:\/\/denizcankizil.tr\/ru\/wp-json\/wp\/v2\/comments?post=78467"}],"version-history":[{"count":0,"href":"http:\/\/denizcankizil.tr\/ru\/wp-json\/wp\/v2\/posts\/78467\/revisions"}],"wp:attachment":[{"href":"http:\/\/denizcankizil.tr\/ru\/wp-json\/wp\/v2\/media?parent=78467"}],"wp:term":[{"taxonomy":"category","embeddable":true,"href":"http:\/\/denizcankizil.tr\/ru\/wp-json\/wp\/v2\/categories?post=78467"},{"taxonomy":"post_tag","embeddable":true,"href":"http:\/\/denizcankizil.tr\/ru\/wp-json\/wp\/v2\/tags?post=78467"}],"curies":[{"name":"wp","href":"https:\/\/api.w.org\/{rel}","templated":true}]}}