{"id":77767,"date":"2025-05-06T10:41:38","date_gmt":"2025-05-06T07:41:38","guid":{"rendered":"https:\/\/denizcankizil.tr\/uncategorized-tr\/dilekler-denizle-bulustu\/"},"modified":"2025-05-06T10:41:38","modified_gmt":"2025-05-06T07:41:38","slug":"dilekler-denizle-bulustu","status":"publish","type":"post","link":"http:\/\/denizcankizil.tr\/ru\/haberler\/antalya\/dilekler-denizle-bulustu\/","title":{"rendered":"Dilekler denizle bulu\u015ftu"},"content":{"rendered":"<p>Bahar\u0131n habercisi olan H\u0131d\u0131rellez, Antalya&#8217;da \u00e7e\u015fitli rit\u00fcellerle kutland\u0131. Dileklerini ve isteklerini, \u00e7izdikleri ka\u011f\u0131tlar\u0131 g\u00fcn\u00fcn ilk \u0131\u015f\u0131klar\u0131yla suyla bulu\u015fturmak isteyenler, sabah erken saatlerde Konyaalt\u0131 Sahili ve D\u00fcden \u015eelalesi&#8217;nin denize d\u00f6k\u00fcld\u00fc\u011f\u00fc Gen\u00e7lik Park\u0131&#8217;nda yo\u011funluk olu\u015fturdu. Vatanda\u015flar, dileklerini \u00e7izdikleri ka\u011f\u0131tlar\u0131 ve yanlar\u0131nda getirdikleri \u00e7ak\u0131l ta\u015flar\u0131n\u0131 suya b\u0131rakt\u0131. Dileklerini ak\u015fam haz\u0131rlayamayanlar ise \u015felalenin ba\u015f\u0131nda yazd\u0131. Baz\u0131 ki\u015filer, denize att\u0131klar\u0131 ka\u011f\u0131tlar\u0131n arkas\u0131ndan dilekleri i\u00e7in dua ederken, baz\u0131lar\u0131 ise sahil kenar\u0131nda oturarak Kur&#8217;an okuyup namaz k\u0131ld\u0131.<\/p>\n<p>Bu sene H\u0131d\u0131rellez i\u00e7in Konyaalt\u0131 Sahili&#8217;ne gelenlerin yo\u011funlu\u011fu dikkati \u00e7ekti. Yazdan kalma havayla beraber vatanda\u015flar, g\u00fcn\u00fcn ilk \u0131\u015f\u0131klar\u0131nda solu\u011fu sahilde ald\u0131. Sahile gelenler dualar\u0131n\u0131 edip dileklerini suya att\u0131ktan sonra bir s\u00fcre kumsalda oturdu.<\/p>\n<p>D\u0130LEKLER \u015eELALEDEN BIRAKILDI<\/p>\n<p>Yine \u00e7ok say\u0131da ki\u015fi, dileklerini ger\u00e7ekle\u015ftirmek umuduyla Gen\u00e7lik Park\u0131&#8217;na ak\u0131n etti. Vatanda\u015flar, ellerinde dilek ka\u011f\u0131tlar\u0131 ve g\u00fcl yapraklar\u0131yla D\u00fcden \u015eelalesi&#8217;nin denize d\u00f6k\u00fcld\u00fc\u011f\u00fc noktada yo\u011funluk olu\u015fturdu. Ya\u015fl\u0131s\u0131ndan gencine bir\u00e7ok ki\u015fi dileklerini \u015felaleye b\u0131rak\u0131rken, kimileri ise ka\u011f\u0131tlara yazd\u0131klar\u0131 dileklerini suya b\u0131rakmadan \u00f6nce mum yakt\u0131. Baz\u0131 ki\u015filer de dua ederken g\u00f6zya\u015flar\u0131na hakim olamad\u0131. Duygusal anlar\u0131n ya\u015fand\u0131\u011f\u0131 parkta, geleneksel H\u0131d\u0131rellez rit\u00fcelleri g\u00fcne\u015f do\u011fana kadar s\u00fcrd\u00fc.<\/p>\n<p>&#8216;SA\u011eLIK, MUTLULUK VE HUZUR D\u0130LED\u0130K&#8217;<\/p>\n<p>Her y\u0131l d\u00fczenli olarak dileklerini denize b\u0131rakt\u0131\u011f\u0131n\u0131 belirten Bircan Y\u0131lmaz, &#8220;K\u0131rm\u0131z\u0131 bir kesenin i\u00e7ine hem dileklerimizi yazar\u0131z hem de bozuk para koyar\u0131z. Ak\u015famdan bir g\u00fcl dibine ya da saks\u0131ya b\u0131rak\u0131r\u0131z. Sabah erken saatlerinde de \u015felaleye gelip dileklerimizi suyla bulu\u015ftururuz. \u00c7ocuklar\u0131m\u0131z i\u00e7in dileklerde bulunduk. Sa\u011fl\u0131k, mutluluk ve huzur diledik&#8221; dedi.<\/p>\n<p>Evde de farkl\u0131 rit\u00fceller yapt\u0131klar\u0131n\u0131 kaydeden Duygu Duymazer ise &#8220;Ba\u015fta sa\u011fl\u0131k, mutluluk ve huzur diledik. \u00dclkemiz i\u00e7in bar\u0131\u015f dolu bir y\u0131l olmas\u0131n\u0131 istiyoruz. Ekonomik a\u00e7\u0131dan daha iyi bir hayat diledik. 9 y\u0131ld\u0131r bu gelene\u011fi devam ettiriyorum. C\u00fczdan\u0131m\u0131 ve camlar\u0131 ak\u015famdan a\u00e7\u0131k b\u0131rak\u0131yorum. Evin i\u00e7inde k\u00fc\u00e7\u00fck kaselere \u015feker, tuz ve pirin\u00e7 koyup evin farkl\u0131 noktalar\u0131na yerle\u015ftiriyorum. Dileklerimi yazd\u0131\u011f\u0131m ka\u011f\u0131d\u0131 da erkenden gelip denize at\u0131yoruz&#8221; ifadelerini kulland\u0131.<\/p>\n<p>&#8216;ZAMANLA GELENEK VE MODERNL\u0130K \u0130\u00c7 \u0130\u00c7E GE\u00c7T\u0130&#8217;<\/p>\n<p>H\u0131d\u0131rellez rit\u00fcellerinin y\u0131llar i\u00e7inde de\u011fi\u015fiklik g\u00f6sterdi\u011fini kaydeden Akdeniz \u00dcniversitesi Edebiyat Fak\u00fcltesi&#8217;nden Halk Edebiyat\u0131 Uzman\u0131 Prof. Dr. Zekeriya Karadavut, &#8220;H\u0131d\u0131rellez, genel olarak bir bahar bayram\u0131 gibi alg\u0131lansa da asl\u0131nda daha derin bir anlam ta\u015f\u0131r ve bir &#8216;y\u0131lba\u015f\u0131&#8217; olarak kutlan\u0131r. H\u0131d\u0131rellez, yeniden do\u011fu\u015fu ve ba\u015flang\u0131c\u0131 temsil eder. Hem g\u00fcnl\u00fck ya\u015fam\u0131m\u0131z\u0131n baz\u0131 a\u015famalar\u0131n\u0131 bu t\u00f6renle ili\u015fkilendiririz hem de geleneksel k\u00fclt\u00fcr\u00fcm\u00fcz\u00fcn unsurlar\u0131n\u0131 bu inan\u00e7tan beslenen \u00f6\u011felerle s\u00fcsleriz. Zamanla gelenekle modernlik i\u00e7 i\u00e7e ge\u00e7ti. Eskiden daha geleneksel rit\u00fcellerle kutlan\u0131rken, bug\u00fcn bu kutlamalar modern bir form kazand\u0131. Ancak insanlar hala bu k\u00fclt\u00fcre ba\u011fl\u0131 kal\u0131yor. Ba\u015flang\u0131\u00e7ta, H\u0131d\u0131rellez daha \u00e7ok dinsel \u00f6geler i\u00e7eren, rit\u00fcel k\u00f6kenli bir yap\u0131dayd\u0131. Eskiden H\u0131d\u0131rellez&#8217;de suyun etraf\u0131nda dola\u015fmak, \u00e7imenlerde yuvarlanmak, ate\u015f yakmak ve onun \u00fczerinden atlamak gibi rit\u00fceller yap\u0131l\u0131rd\u0131. Bug\u00fcn ise inan\u00e7 unsurlar\u0131 zay\u0131flad\u0131\u011f\u0131 i\u00e7in kutlamalar daha \u00e7ok e\u011flenceye d\u00f6n\u00fc\u015ft\u00fc&#8221; dedi.<\/p>\n<p>Kaynak: www.kanalv.com.tr Haber Sitesinden Al\u0131nm\u0131\u015ft\u0131r.<\/p>","protected":false},"excerpt":{"rendered":"<p>Bahar\u0131n habercisi olan H\u0131d\u0131rellez, Antalya&#8217;da \u00e7e\u015fitli rit\u00fcellerle kutland\u0131. Dileklerini ve isteklerini, \u00e7izdikleri ka\u011f\u0131tlar\u0131 g\u00fcn\u00fcn ilk \u0131\u015f\u0131klar\u0131yla suyla bulu\u015fturmak isteyenler, sabah erken saatlerde Konyaalt\u0131 Sahili ve D\u00fcden \u015eelalesi&#8217;nin denize d\u00f6k\u00fcld\u00fc\u011f\u00fc Gen\u00e7lik Park\u0131&#8217;nda yo\u011funluk olu\u015fturdu. Vatanda\u015flar, dileklerini \u00e7izdikleri ka\u011f\u0131tlar\u0131 ve yanlar\u0131nda getirdikleri \u00e7ak\u0131l ta\u015flar\u0131n\u0131 suya b\u0131rakt\u0131. Dileklerini ak\u015fam haz\u0131rlayamayanlar ise \u015felalenin ba\u015f\u0131nda yazd\u0131. Baz\u0131 ki\u015filer, denize att\u0131klar\u0131 ka\u011f\u0131tlar\u0131n arkas\u0131ndan dilekleri i\u00e7in dua ederken, baz\u0131lar\u0131 ise sahil kenar\u0131nda oturarak Kur&#8217;an okuyup namaz k\u0131ld\u0131. Bu sene H\u0131d\u0131rellez i\u00e7in Konyaalt\u0131 Sahili&#8217;ne gelenlerin yo\u011funlu\u011fu dikkati \u00e7ekti. Yazdan kalma havayla beraber vatanda\u015flar, g\u00fcn\u00fcn ilk \u0131\u015f\u0131klar\u0131nda solu\u011fu sahilde ald\u0131. Sahile gelenler dualar\u0131n\u0131 edip dileklerini suya att\u0131ktan sonra bir s\u00fcre kumsalda oturdu. D\u0130LEKLER \u015eELALEDEN BIRAKILDI Yine \u00e7ok say\u0131da ki\u015fi, dileklerini ger\u00e7ekle\u015ftirmek umuduyla Gen\u00e7lik Park\u0131&#8217;na ak\u0131n etti. Vatanda\u015flar, ellerinde dilek ka\u011f\u0131tlar\u0131 ve g\u00fcl yapraklar\u0131yla D\u00fcden \u015eelalesi&#8217;nin denize d\u00f6k\u00fcld\u00fc\u011f\u00fc noktada yo\u011funluk olu\u015fturdu. Ya\u015fl\u0131s\u0131ndan gencine bir\u00e7ok ki\u015fi dileklerini \u015felaleye b\u0131rak\u0131rken, kimileri ise ka\u011f\u0131tlara yazd\u0131klar\u0131 dileklerini suya b\u0131rakmadan \u00f6nce mum yakt\u0131. Baz\u0131 ki\u015filer de dua ederken g\u00f6zya\u015flar\u0131na hakim olamad\u0131. Duygusal anlar\u0131n ya\u015fand\u0131\u011f\u0131 parkta, geleneksel H\u0131d\u0131rellez rit\u00fcelleri g\u00fcne\u015f do\u011fana kadar s\u00fcrd\u00fc. &#8216;SA\u011eLIK, MUTLULUK VE HUZUR D\u0130LED\u0130K&#8217; Her y\u0131l d\u00fczenli olarak dileklerini denize b\u0131rakt\u0131\u011f\u0131n\u0131 belirten Bircan Y\u0131lmaz, &#8220;K\u0131rm\u0131z\u0131 bir kesenin i\u00e7ine hem dileklerimizi yazar\u0131z hem de bozuk para koyar\u0131z. Ak\u015famdan bir g\u00fcl dibine ya da &hellip;<\/p>","protected":false},"author":4,"featured_media":77768,"comment_status":"","ping_status":"open","sticky":false,"template":"","format":"standard","meta":{"_acf_changed":false,"footnotes":""},"categories":[26],"tags":[],"class_list":["post-77767","post","type-post","status-publish","format-standard","has-post-thumbnail","hentry","category-antalya"],"acf":[],"yoast_head":"<!-- This site is optimized with the Yoast SEO Premium plugin v26.6 (Yoast SEO v27.1.1) - https:\/\/yoast.com\/product\/yoast-seo-premium-wordpress\/ -->\n<title>Dilekler denizle bulu\u015ftu - Av. Deniz Can K\u0131z\u0131l<\/title>\n<meta name=\"robots\" content=\"index, follow, max-snippet:-1, max-image-preview:large, max-video-preview:-1\" \/>\n<link rel=\"canonical\" href=\"http:\/\/denizcankizil.tr\/ru\/haberler\/antalya\/dilekler-denizle-bulustu\/\" \/>\n<meta property=\"og:locale\" content=\"ru_RU\" \/>\n<meta property=\"og:type\" content=\"article\" \/>\n<meta property=\"og:title\" content=\"Dilekler denizle bulu\u015ftu\" \/>\n<meta property=\"og:description\" content=\"Bahar\u0131n habercisi olan H\u0131d\u0131rellez, Antalya&#8217;da \u00e7e\u015fitli rit\u00fcellerle kutland\u0131. Dileklerini ve isteklerini, \u00e7izdikleri ka\u011f\u0131tlar\u0131 g\u00fcn\u00fcn ilk \u0131\u015f\u0131klar\u0131yla suyla bulu\u015fturmak isteyenler, sabah erken saatlerde Konyaalt\u0131 Sahili ve D\u00fcden \u015eelalesi&#8217;nin denize d\u00f6k\u00fcld\u00fc\u011f\u00fc Gen\u00e7lik Park\u0131&#8217;nda yo\u011funluk olu\u015fturdu. Vatanda\u015flar, dileklerini \u00e7izdikleri ka\u011f\u0131tlar\u0131 ve yanlar\u0131nda getirdikleri \u00e7ak\u0131l ta\u015flar\u0131n\u0131 suya b\u0131rakt\u0131. Dileklerini ak\u015fam haz\u0131rlayamayanlar ise \u015felalenin ba\u015f\u0131nda yazd\u0131. Baz\u0131 ki\u015filer, denize att\u0131klar\u0131 ka\u011f\u0131tlar\u0131n arkas\u0131ndan dilekleri i\u00e7in dua ederken, baz\u0131lar\u0131 ise sahil kenar\u0131nda oturarak Kur&#8217;an okuyup namaz k\u0131ld\u0131. Bu sene H\u0131d\u0131rellez i\u00e7in Konyaalt\u0131 Sahili&#8217;ne gelenlerin yo\u011funlu\u011fu dikkati \u00e7ekti. Yazdan kalma havayla beraber vatanda\u015flar, g\u00fcn\u00fcn ilk \u0131\u015f\u0131klar\u0131nda solu\u011fu sahilde ald\u0131. Sahile gelenler dualar\u0131n\u0131 edip dileklerini suya att\u0131ktan sonra bir s\u00fcre kumsalda oturdu. D\u0130LEKLER \u015eELALEDEN BIRAKILDI Yine \u00e7ok say\u0131da ki\u015fi, dileklerini ger\u00e7ekle\u015ftirmek umuduyla Gen\u00e7lik Park\u0131&#8217;na ak\u0131n etti. Vatanda\u015flar, ellerinde dilek ka\u011f\u0131tlar\u0131 ve g\u00fcl yapraklar\u0131yla D\u00fcden \u015eelalesi&#8217;nin denize d\u00f6k\u00fcld\u00fc\u011f\u00fc noktada yo\u011funluk olu\u015fturdu. Ya\u015fl\u0131s\u0131ndan gencine bir\u00e7ok ki\u015fi dileklerini \u015felaleye b\u0131rak\u0131rken, kimileri ise ka\u011f\u0131tlara yazd\u0131klar\u0131 dileklerini suya b\u0131rakmadan \u00f6nce mum yakt\u0131. Baz\u0131 ki\u015filer de dua ederken g\u00f6zya\u015flar\u0131na hakim olamad\u0131. Duygusal anlar\u0131n ya\u015fand\u0131\u011f\u0131 parkta, geleneksel H\u0131d\u0131rellez rit\u00fcelleri g\u00fcne\u015f do\u011fana kadar s\u00fcrd\u00fc. &#8216;SA\u011eLIK, MUTLULUK VE HUZUR D\u0130LED\u0130K&#8217; Her y\u0131l d\u00fczenli olarak dileklerini denize b\u0131rakt\u0131\u011f\u0131n\u0131 belirten Bircan Y\u0131lmaz, &#8220;K\u0131rm\u0131z\u0131 bir kesenin i\u00e7ine hem dileklerimizi yazar\u0131z hem de bozuk para koyar\u0131z. Ak\u015famdan bir g\u00fcl dibine ya da &hellip;\" \/>\n<meta property=\"og:url\" content=\"http:\/\/denizcankizil.tr\/ru\/haberler\/antalya\/dilekler-denizle-bulustu\/\" \/>\n<meta property=\"og:site_name\" content=\"Av. Deniz Can K\u0131z\u0131l\" \/>\n<meta property=\"article:published_time\" content=\"2025-05-06T07:41:38+00:00\" \/>\n<meta property=\"og:image\" content=\"http:\/\/denizcankizil.tr\/wp-content\/uploads\/2025\/05\/6174-01-cNZzyv.jpg\" \/>\n\t<meta property=\"og:image:width\" content=\"1280\" \/>\n\t<meta property=\"og:image:height\" content=\"720\" \/>\n\t<meta property=\"og:image:type\" content=\"image\/jpeg\" \/>\n<meta name=\"author\" content=\"Av. Deniz Can K\u0131z\u0131l\" \/>\n<meta name=\"twitter:card\" content=\"summary_large_image\" \/>\n<meta name=\"twitter:label1\" content=\"\u041d\u0430\u043f\u0438\u0441\u0430\u043d\u043e \u0430\u0432\u0442\u043e\u0440\u043e\u043c\" \/>\n\t<meta name=\"twitter:data1\" content=\"Av. Deniz Can K\u0131z\u0131l\" \/>\n\t<meta name=\"twitter:label2\" content=\"\u041f\u0440\u0438\u043c\u0435\u0440\u043d\u043e\u0435 \u0432\u0440\u0435\u043c\u044f \u0434\u043b\u044f \u0447\u0442\u0435\u043d\u0438\u044f\" \/>\n\t<meta name=\"twitter:data2\" content=\"3 \u043c\u0438\u043d\u0443\u0442\u044b\" \/>\n<script type=\"application\/ld+json\" class=\"yoast-schema-graph\">{\"@context\":\"https:\/\/schema.org\",\"@graph\":[{\"@type\":\"Article\",\"@id\":\"http:\/\/denizcankizil.tr\/ru\/haberler\/antalya\/dilekler-denizle-bulustu\/#article\",\"isPartOf\":{\"@id\":\"http:\/\/denizcankizil.tr\/ru\/haberler\/antalya\/dilekler-denizle-bulustu\/\"},\"author\":{\"name\":\"Av. Deniz Can K\u0131z\u0131l\",\"@id\":\"https:\/\/denizcankizil.tr\/#\/schema\/person\/5dc1b22991bd7ac833867c10afc9b0ff\"},\"headline\":\"Dilekler denizle bulu\u015ftu\",\"datePublished\":\"2025-05-06T07:41:38+00:00\",\"mainEntityOfPage\":{\"@id\":\"http:\/\/denizcankizil.tr\/ru\/haberler\/antalya\/dilekler-denizle-bulustu\/\"},\"wordCount\":652,\"publisher\":{\"@id\":\"https:\/\/denizcankizil.tr\/#organization\"},\"image\":{\"@id\":\"http:\/\/denizcankizil.tr\/ru\/haberler\/antalya\/dilekler-denizle-bulustu\/#primaryimage\"},\"thumbnailUrl\":\"http:\/\/denizcankizil.tr\/wp-content\/uploads\/2025\/05\/6174-01-cNZzyv.jpg\",\"articleSection\":[\"Antalya\"],\"inLanguage\":\"ru-RU\"},{\"@type\":\"WebPage\",\"@id\":\"http:\/\/denizcankizil.tr\/ru\/haberler\/antalya\/dilekler-denizle-bulustu\/\",\"url\":\"http:\/\/denizcankizil.tr\/ru\/haberler\/antalya\/dilekler-denizle-bulustu\/\",\"name\":\"Dilekler denizle bulu\u015ftu - Av. Deniz Can K\u0131z\u0131l\",\"isPartOf\":{\"@id\":\"https:\/\/denizcankizil.tr\/#website\"},\"primaryImageOfPage\":{\"@id\":\"http:\/\/denizcankizil.tr\/ru\/haberler\/antalya\/dilekler-denizle-bulustu\/#primaryimage\"},\"image\":{\"@id\":\"http:\/\/denizcankizil.tr\/ru\/haberler\/antalya\/dilekler-denizle-bulustu\/#primaryimage\"},\"thumbnailUrl\":\"http:\/\/denizcankizil.tr\/wp-content\/uploads\/2025\/05\/6174-01-cNZzyv.jpg\",\"datePublished\":\"2025-05-06T07:41:38+00:00\",\"breadcrumb\":{\"@id\":\"http:\/\/denizcankizil.tr\/ru\/haberler\/antalya\/dilekler-denizle-bulustu\/#breadcrumb\"},\"inLanguage\":\"ru-RU\",\"potentialAction\":[{\"@type\":\"ReadAction\",\"target\":[\"http:\/\/denizcankizil.tr\/ru\/haberler\/antalya\/dilekler-denizle-bulustu\/\"]}]},{\"@type\":\"ImageObject\",\"inLanguage\":\"ru-RU\",\"@id\":\"http:\/\/denizcankizil.tr\/ru\/haberler\/antalya\/dilekler-denizle-bulustu\/#primaryimage\",\"url\":\"http:\/\/denizcankizil.tr\/wp-content\/uploads\/2025\/05\/6174-01-cNZzyv.jpg\",\"contentUrl\":\"http:\/\/denizcankizil.tr\/wp-content\/uploads\/2025\/05\/6174-01-cNZzyv.jpg\",\"width\":1280,\"height\":720},{\"@type\":\"BreadcrumbList\",\"@id\":\"http:\/\/denizcankizil.tr\/ru\/haberler\/antalya\/dilekler-denizle-bulustu\/#breadcrumb\",\"itemListElement\":[{\"@type\":\"ListItem\",\"position\":1,\"name\":\"Home\",\"item\":\"https:\/\/denizcankizil.tr\/uk\/\"},{\"@type\":\"ListItem\",\"position\":2,\"name\":\"Dilekler denizle bulu\u015ftu\"}]},{\"@type\":\"WebSite\",\"@id\":\"https:\/\/denizcankizil.tr\/#website\",\"url\":\"https:\/\/denizcankizil.tr\/\",\"name\":\"Av. Deniz Can K\u0131z\u0131l\",\"description\":\"Avukat Deniz Can K\u0131z\u0131l Antalya Barosu\",\"publisher\":{\"@id\":\"https:\/\/denizcankizil.tr\/#organization\"},\"potentialAction\":[{\"@type\":\"SearchAction\",\"target\":{\"@type\":\"EntryPoint\",\"urlTemplate\":\"https:\/\/denizcankizil.tr\/?s={search_term_string}\"},\"query-input\":{\"@type\":\"PropertyValueSpecification\",\"valueRequired\":true,\"valueName\":\"search_term_string\"}}],\"inLanguage\":\"ru-RU\"},{\"@type\":\"Organization\",\"@id\":\"https:\/\/denizcankizil.tr\/#organization\",\"name\":\"Av. Deniz Can K\u0131z\u0131l\",\"url\":\"https:\/\/denizcankizil.tr\/\",\"logo\":{\"@type\":\"ImageObject\",\"inLanguage\":\"ru-RU\",\"@id\":\"https:\/\/denizcankizil.tr\/#\/schema\/logo\/image\/\",\"url\":\"http:\/\/denizcankizil.tr\/wp-content\/uploads\/2024\/10\/siyah-logo-svg.svg\",\"contentUrl\":\"http:\/\/denizcankizil.tr\/wp-content\/uploads\/2024\/10\/siyah-logo-svg.svg\",\"width\":1080,\"height\":1080,\"caption\":\"Av. Deniz Can K\u0131z\u0131l\"},\"image\":{\"@id\":\"https:\/\/denizcankizil.tr\/#\/schema\/logo\/image\/\"}},{\"@type\":\"Person\",\"@id\":\"https:\/\/denizcankizil.tr\/#\/schema\/person\/5dc1b22991bd7ac833867c10afc9b0ff\",\"name\":\"Av. Deniz Can K\u0131z\u0131l\",\"image\":{\"@type\":\"ImageObject\",\"inLanguage\":\"ru-RU\",\"@id\":\"https:\/\/denizcankizil.tr\/#\/schema\/person\/image\/\",\"url\":\"https:\/\/secure.gravatar.com\/avatar\/a0b128fb9855c79efc976d5640eedb31dc35ec297594d6016d2cf7c60e975bb6?s=96&d=mm&r=g\",\"contentUrl\":\"https:\/\/secure.gravatar.com\/avatar\/a0b128fb9855c79efc976d5640eedb31dc35ec297594d6016d2cf7c60e975bb6?s=96&d=mm&r=g\",\"caption\":\"Av. Deniz Can K\u0131z\u0131l\"},\"sameAs\":[\"http:\/\/www.denizcankizil.tr\"],\"url\":\"http:\/\/denizcankizil.tr\/ru\/author\/denizcankizil\/\"}]}<\/script>\n<!-- \/ Yoast SEO Premium plugin. -->","yoast_head_json":{"title":"Dilekler denizle bulu\u015ftu - Av. Deniz Can K\u0131z\u0131l","robots":{"index":"index","follow":"follow","max-snippet":"max-snippet:-1","max-image-preview":"max-image-preview:large","max-video-preview":"max-video-preview:-1"},"canonical":"http:\/\/denizcankizil.tr\/ru\/haberler\/antalya\/dilekler-denizle-bulustu\/","og_locale":"ru_RU","og_type":"article","og_title":"Dilekler denizle bulu\u015ftu","og_description":"Bahar\u0131n habercisi olan H\u0131d\u0131rellez, Antalya&#8217;da \u00e7e\u015fitli rit\u00fcellerle kutland\u0131. Dileklerini ve isteklerini, \u00e7izdikleri ka\u011f\u0131tlar\u0131 g\u00fcn\u00fcn ilk \u0131\u015f\u0131klar\u0131yla suyla bulu\u015fturmak isteyenler, sabah erken saatlerde Konyaalt\u0131 Sahili ve D\u00fcden \u015eelalesi&#8217;nin denize d\u00f6k\u00fcld\u00fc\u011f\u00fc Gen\u00e7lik Park\u0131&#8217;nda yo\u011funluk olu\u015fturdu. Vatanda\u015flar, dileklerini \u00e7izdikleri ka\u011f\u0131tlar\u0131 ve yanlar\u0131nda getirdikleri \u00e7ak\u0131l ta\u015flar\u0131n\u0131 suya b\u0131rakt\u0131. Dileklerini ak\u015fam haz\u0131rlayamayanlar ise \u015felalenin ba\u015f\u0131nda yazd\u0131. Baz\u0131 ki\u015filer, denize att\u0131klar\u0131 ka\u011f\u0131tlar\u0131n arkas\u0131ndan dilekleri i\u00e7in dua ederken, baz\u0131lar\u0131 ise sahil kenar\u0131nda oturarak Kur&#8217;an okuyup namaz k\u0131ld\u0131. Bu sene H\u0131d\u0131rellez i\u00e7in Konyaalt\u0131 Sahili&#8217;ne gelenlerin yo\u011funlu\u011fu dikkati \u00e7ekti. Yazdan kalma havayla beraber vatanda\u015flar, g\u00fcn\u00fcn ilk \u0131\u015f\u0131klar\u0131nda solu\u011fu sahilde ald\u0131. Sahile gelenler dualar\u0131n\u0131 edip dileklerini suya att\u0131ktan sonra bir s\u00fcre kumsalda oturdu. D\u0130LEKLER \u015eELALEDEN BIRAKILDI Yine \u00e7ok say\u0131da ki\u015fi, dileklerini ger\u00e7ekle\u015ftirmek umuduyla Gen\u00e7lik Park\u0131&#8217;na ak\u0131n etti. Vatanda\u015flar, ellerinde dilek ka\u011f\u0131tlar\u0131 ve g\u00fcl yapraklar\u0131yla D\u00fcden \u015eelalesi&#8217;nin denize d\u00f6k\u00fcld\u00fc\u011f\u00fc noktada yo\u011funluk olu\u015fturdu. Ya\u015fl\u0131s\u0131ndan gencine bir\u00e7ok ki\u015fi dileklerini \u015felaleye b\u0131rak\u0131rken, kimileri ise ka\u011f\u0131tlara yazd\u0131klar\u0131 dileklerini suya b\u0131rakmadan \u00f6nce mum yakt\u0131. Baz\u0131 ki\u015filer de dua ederken g\u00f6zya\u015flar\u0131na hakim olamad\u0131. Duygusal anlar\u0131n ya\u015fand\u0131\u011f\u0131 parkta, geleneksel H\u0131d\u0131rellez rit\u00fcelleri g\u00fcne\u015f do\u011fana kadar s\u00fcrd\u00fc. &#8216;SA\u011eLIK, MUTLULUK VE HUZUR D\u0130LED\u0130K&#8217; Her y\u0131l d\u00fczenli olarak dileklerini denize b\u0131rakt\u0131\u011f\u0131n\u0131 belirten Bircan Y\u0131lmaz, &#8220;K\u0131rm\u0131z\u0131 bir kesenin i\u00e7ine hem dileklerimizi yazar\u0131z hem de bozuk para koyar\u0131z. Ak\u015famdan bir g\u00fcl dibine ya da &hellip;","og_url":"http:\/\/denizcankizil.tr\/ru\/haberler\/antalya\/dilekler-denizle-bulustu\/","og_site_name":"Av. Deniz Can K\u0131z\u0131l","article_published_time":"2025-05-06T07:41:38+00:00","og_image":[{"width":1280,"height":720,"url":"http:\/\/denizcankizil.tr\/wp-content\/uploads\/2025\/05\/6174-01-cNZzyv.jpg","type":"image\/jpeg"}],"author":"Av. Deniz Can K\u0131z\u0131l","twitter_card":"summary_large_image","twitter_misc":{"\u041d\u0430\u043f\u0438\u0441\u0430\u043d\u043e \u0430\u0432\u0442\u043e\u0440\u043e\u043c":"Av. Deniz Can K\u0131z\u0131l","\u041f\u0440\u0438\u043c\u0435\u0440\u043d\u043e\u0435 \u0432\u0440\u0435\u043c\u044f \u0434\u043b\u044f \u0447\u0442\u0435\u043d\u0438\u044f":"3 \u043c\u0438\u043d\u0443\u0442\u044b"},"schema":{"@context":"https:\/\/schema.org","@graph":[{"@type":"Article","@id":"http:\/\/denizcankizil.tr\/ru\/haberler\/antalya\/dilekler-denizle-bulustu\/#article","isPartOf":{"@id":"http:\/\/denizcankizil.tr\/ru\/haberler\/antalya\/dilekler-denizle-bulustu\/"},"author":{"name":"Av. Deniz Can K\u0131z\u0131l","@id":"https:\/\/denizcankizil.tr\/#\/schema\/person\/5dc1b22991bd7ac833867c10afc9b0ff"},"headline":"Dilekler denizle bulu\u015ftu","datePublished":"2025-05-06T07:41:38+00:00","mainEntityOfPage":{"@id":"http:\/\/denizcankizil.tr\/ru\/haberler\/antalya\/dilekler-denizle-bulustu\/"},"wordCount":652,"publisher":{"@id":"https:\/\/denizcankizil.tr\/#organization"},"image":{"@id":"http:\/\/denizcankizil.tr\/ru\/haberler\/antalya\/dilekler-denizle-bulustu\/#primaryimage"},"thumbnailUrl":"http:\/\/denizcankizil.tr\/wp-content\/uploads\/2025\/05\/6174-01-cNZzyv.jpg","articleSection":["Antalya"],"inLanguage":"ru-RU"},{"@type":"WebPage","@id":"http:\/\/denizcankizil.tr\/ru\/haberler\/antalya\/dilekler-denizle-bulustu\/","url":"http:\/\/denizcankizil.tr\/ru\/haberler\/antalya\/dilekler-denizle-bulustu\/","name":"Dilekler denizle bulu\u015ftu - Av. Deniz Can K\u0131z\u0131l","isPartOf":{"@id":"https:\/\/denizcankizil.tr\/#website"},"primaryImageOfPage":{"@id":"http:\/\/denizcankizil.tr\/ru\/haberler\/antalya\/dilekler-denizle-bulustu\/#primaryimage"},"image":{"@id":"http:\/\/denizcankizil.tr\/ru\/haberler\/antalya\/dilekler-denizle-bulustu\/#primaryimage"},"thumbnailUrl":"http:\/\/denizcankizil.tr\/wp-content\/uploads\/2025\/05\/6174-01-cNZzyv.jpg","datePublished":"2025-05-06T07:41:38+00:00","breadcrumb":{"@id":"http:\/\/denizcankizil.tr\/ru\/haberler\/antalya\/dilekler-denizle-bulustu\/#breadcrumb"},"inLanguage":"ru-RU","potentialAction":[{"@type":"ReadAction","target":["http:\/\/denizcankizil.tr\/ru\/haberler\/antalya\/dilekler-denizle-bulustu\/"]}]},{"@type":"ImageObject","inLanguage":"ru-RU","@id":"http:\/\/denizcankizil.tr\/ru\/haberler\/antalya\/dilekler-denizle-bulustu\/#primaryimage","url":"http:\/\/denizcankizil.tr\/wp-content\/uploads\/2025\/05\/6174-01-cNZzyv.jpg","contentUrl":"http:\/\/denizcankizil.tr\/wp-content\/uploads\/2025\/05\/6174-01-cNZzyv.jpg","width":1280,"height":720},{"@type":"BreadcrumbList","@id":"http:\/\/denizcankizil.tr\/ru\/haberler\/antalya\/dilekler-denizle-bulustu\/#breadcrumb","itemListElement":[{"@type":"ListItem","position":1,"name":"Home","item":"https:\/\/denizcankizil.tr\/uk\/"},{"@type":"ListItem","position":2,"name":"Dilekler denizle bulu\u015ftu"}]},{"@type":"WebSite","@id":"https:\/\/denizcankizil.tr\/#website","url":"https:\/\/denizcankizil.tr\/","name":"Av. Deniz Can K\u0131z\u0131l","description":"Avukat Deniz Can K\u0131z\u0131l Antalya Barosu","publisher":{"@id":"https:\/\/denizcankizil.tr\/#organization"},"potentialAction":[{"@type":"SearchAction","target":{"@type":"EntryPoint","urlTemplate":"https:\/\/denizcankizil.tr\/?s={search_term_string}"},"query-input":{"@type":"PropertyValueSpecification","valueRequired":true,"valueName":"search_term_string"}}],"inLanguage":"ru-RU"},{"@type":"Organization","@id":"https:\/\/denizcankizil.tr\/#organization","name":"Av. Deniz Can K\u0131z\u0131l","url":"https:\/\/denizcankizil.tr\/","logo":{"@type":"ImageObject","inLanguage":"ru-RU","@id":"https:\/\/denizcankizil.tr\/#\/schema\/logo\/image\/","url":"http:\/\/denizcankizil.tr\/wp-content\/uploads\/2024\/10\/siyah-logo-svg.svg","contentUrl":"http:\/\/denizcankizil.tr\/wp-content\/uploads\/2024\/10\/siyah-logo-svg.svg","width":1080,"height":1080,"caption":"Av. Deniz Can K\u0131z\u0131l"},"image":{"@id":"https:\/\/denizcankizil.tr\/#\/schema\/logo\/image\/"}},{"@type":"Person","@id":"https:\/\/denizcankizil.tr\/#\/schema\/person\/5dc1b22991bd7ac833867c10afc9b0ff","name":"Av. Deniz Can K\u0131z\u0131l","image":{"@type":"ImageObject","inLanguage":"ru-RU","@id":"https:\/\/denizcankizil.tr\/#\/schema\/person\/image\/","url":"https:\/\/secure.gravatar.com\/avatar\/a0b128fb9855c79efc976d5640eedb31dc35ec297594d6016d2cf7c60e975bb6?s=96&d=mm&r=g","contentUrl":"https:\/\/secure.gravatar.com\/avatar\/a0b128fb9855c79efc976d5640eedb31dc35ec297594d6016d2cf7c60e975bb6?s=96&d=mm&r=g","caption":"Av. Deniz Can K\u0131z\u0131l"},"sameAs":["http:\/\/www.denizcankizil.tr"],"url":"http:\/\/denizcankizil.tr\/ru\/author\/denizcankizil\/"}]}},"_links":{"self":[{"href":"http:\/\/denizcankizil.tr\/ru\/wp-json\/wp\/v2\/posts\/77767","targetHints":{"allow":["GET"]}}],"collection":[{"href":"http:\/\/denizcankizil.tr\/ru\/wp-json\/wp\/v2\/posts"}],"about":[{"href":"http:\/\/denizcankizil.tr\/ru\/wp-json\/wp\/v2\/types\/post"}],"author":[{"embeddable":true,"href":"http:\/\/denizcankizil.tr\/ru\/wp-json\/wp\/v2\/users\/4"}],"replies":[{"embeddable":true,"href":"http:\/\/denizcankizil.tr\/ru\/wp-json\/wp\/v2\/comments?post=77767"}],"version-history":[{"count":0,"href":"http:\/\/denizcankizil.tr\/ru\/wp-json\/wp\/v2\/posts\/77767\/revisions"}],"wp:featuredmedia":[{"embeddable":true,"href":"http:\/\/denizcankizil.tr\/ru\/wp-json\/wp\/v2\/media\/77768"}],"wp:attachment":[{"href":"http:\/\/denizcankizil.tr\/ru\/wp-json\/wp\/v2\/media?parent=77767"}],"wp:term":[{"taxonomy":"category","embeddable":true,"href":"http:\/\/denizcankizil.tr\/ru\/wp-json\/wp\/v2\/categories?post=77767"},{"taxonomy":"post_tag","embeddable":true,"href":"http:\/\/denizcankizil.tr\/ru\/wp-json\/wp\/v2\/tags?post=77767"}],"curies":[{"name":"wp","href":"https:\/\/api.w.org\/{rel}","templated":true}]}}