{"id":77726,"date":"2025-05-06T09:41:25","date_gmt":"2025-05-06T06:41:25","guid":{"rendered":"https:\/\/denizcankizil.tr\/uncategorized-tr\/prof-dr-ahmet-ercan-hastanede-beyin-kanamasi-gecirdi\/"},"modified":"2025-05-06T09:41:25","modified_gmt":"2025-05-06T06:41:25","slug":"prof-dr-ahmet-ercan-hastanede-beyin-kanamasi-gecirdi","status":"publish","type":"post","link":"http:\/\/denizcankizil.tr\/ru\/haberler\/gundem\/prof-dr-ahmet-ercan-hastanede-beyin-kanamasi-gecirdi\/","title":{"rendered":"Prof. Dr. Ahmet Ercan hastanede beyin kanamas\u0131 ge\u00e7irdi"},"content":{"rendered":"<p>Deprem zaman\u0131nda yapt\u0131\u011f\u0131 a\u00e7\u0131klamalar ile kamuoyunun takip etti\u011fi \u00f6nemli bir bilim adam\u0131 olan Jeofizik Y\u00fcksek M\u00fchendisi Prof. Dr. \u00d6vg\u00fcn Ahmet Ercan, beyin kanamas\u0131 ge\u00e7irdi.<\/p>\n<p>AC\u0130LE KALDIRILDI<\/p>\n<p>Sosyal medya hesab\u0131ndan a\u00e7\u0131klama yapan Prof. Dr. \u00d6vg\u00fcn Ahmet Ercan, Bosna-Hersek gezisi s\u0131ras\u0131nda s\u0131rt a\u011fr\u0131s\u0131 \u015fikayeti ile hastanenin aciline kald\u0131r\u0131ld\u0131\u011f\u0131n\u0131 ve Sarayova hastanesinde \u015fu anda g\u00f6zlem alt\u0131nda olup, dinlendi\u011fini a\u00e7\u0131klad\u0131.<\/p>\n<p>YAPILAN A\u00c7IKLAMA <\/p>\n<p>Ercan taraf\u0131ndan yap\u0131lan a\u00e7\u0131klamada, &#8220;Bosna-Hersek\u2019te boyundan bele omurilik boyunca gelen s\u0131rt a\u011fr\u0131s\u0131yla 22\/12 tansiyonlar ambulans ile Sarayova hastanesi aciline kald\u0131r\u0131ld\u0131m. 10 g\u00fcn \u00f6nce kalbime stent tak\u0131lm\u0131\u015ft\u0131. 3 saat s\u00fcren sa\u011fl\u0131k\u00e7\u0131 m\u00fcdahaleleri ile tansiyon 13\/7,5\u2019a d\u00fc\u015f\u00fcr\u00fcld\u00fc. Beyin kanamas\u0131 ile inme atlatt\u0131m. \u015eimdi Sarayova\u2019ya g\u00f6zlem alt\u0131nda dinlenmekteyim. \u0130lgi g\u00f6steren kardiyolog ile arkada\u015flar\u0131ma, yak\u0131nlar\u0131ma te\u015fekk\u00fcr ederim\u201d ifadelerini kullan\u0131ld\u0131.<\/p>\n<p>Bosna-Hersek\u2019te boyundan bele omirilik boyunca gelen s\u0131rt a\u011fr\u0131s\u0131yla 22\/12 tansiyonlar ambulans ile Sarayova hastanesi acile kald\u0131r\u0131ld\u0131m. 10 g\u00fcn \u00f6nce kalbime stent tak\u0131lm\u0131\u015ft\u0131. 3 saat s\u00fcren sa\u011fl\u0131k\u00e7\u0131 m\u00fcdahaleleri ile tansiyon 13\/7,5\u2019a d\u00fc\u015f\u00fcr\u00fcld\u00fc. Beyin kanamas\u0131 ile inme atlatt\u0131m.\u2026 pic.twitter.com\/6G3Q3JFPTQ<br \/>\n\u2014 Prof. Dr. \u00d6vg\u00fcn Ahmet Ercan (@ovgunaercan) May 6, 2025<\/p>\n<p>\u200bJeofizik Y\u00fcksek M\u00fchendisi Prof. Dr. \u00d6vg\u00fcn Ahmet Ercan, s\u0131rt a\u011fr\u0131s\u0131 \u015fik\u00e2yetiyle gitti\u011fi hastanede beyin kanamas\u0131 ge\u00e7irdi.\u00a0<\/p>\n<p>\u200bHaberin Al\u0131nt\u0131land\u0131\u011f\u0131 Kaynak: www.antalyakorfez.com<\/p>","protected":false},"excerpt":{"rendered":"<p>Deprem zaman\u0131nda yapt\u0131\u011f\u0131 a\u00e7\u0131klamalar ile kamuoyunun takip etti\u011fi \u00f6nemli bir bilim adam\u0131 olan Jeofizik Y\u00fcksek M\u00fchendisi Prof. Dr. \u00d6vg\u00fcn Ahmet Ercan, beyin kanamas\u0131 ge\u00e7irdi. AC\u0130LE KALDIRILDI Sosyal medya hesab\u0131ndan a\u00e7\u0131klama yapan Prof. Dr. \u00d6vg\u00fcn Ahmet Ercan, Bosna-Hersek gezisi s\u0131ras\u0131nda s\u0131rt a\u011fr\u0131s\u0131 \u015fikayeti ile hastanenin aciline kald\u0131r\u0131ld\u0131\u011f\u0131n\u0131 ve Sarayova hastanesinde \u015fu anda g\u00f6zlem alt\u0131nda olup, dinlendi\u011fini a\u00e7\u0131klad\u0131. YAPILAN A\u00c7IKLAMA Ercan taraf\u0131ndan yap\u0131lan a\u00e7\u0131klamada, &#8220;Bosna-Hersek\u2019te boyundan bele omurilik boyunca gelen s\u0131rt a\u011fr\u0131s\u0131yla 22\/12 tansiyonlar ambulans ile Sarayova hastanesi aciline kald\u0131r\u0131ld\u0131m. 10 g\u00fcn \u00f6nce kalbime stent tak\u0131lm\u0131\u015ft\u0131. 3 saat s\u00fcren sa\u011fl\u0131k\u00e7\u0131 m\u00fcdahaleleri ile tansiyon 13\/7,5\u2019a d\u00fc\u015f\u00fcr\u00fcld\u00fc. Beyin kanamas\u0131 ile inme atlatt\u0131m. \u015eimdi Sarayova\u2019ya g\u00f6zlem alt\u0131nda dinlenmekteyim. \u0130lgi g\u00f6steren kardiyolog ile arkada\u015flar\u0131ma, yak\u0131nlar\u0131ma te\u015fekk\u00fcr ederim\u201d ifadelerini kullan\u0131ld\u0131. Bosna-Hersek\u2019te boyundan bele omirilik boyunca gelen s\u0131rt a\u011fr\u0131s\u0131yla 22\/12 tansiyonlar ambulans ile Sarayova hastanesi acile kald\u0131r\u0131ld\u0131m. 10 g\u00fcn \u00f6nce kalbime stent tak\u0131lm\u0131\u015ft\u0131. 3 saat s\u00fcren sa\u011fl\u0131k\u00e7\u0131 m\u00fcdahaleleri ile tansiyon 13\/7,5\u2019a d\u00fc\u015f\u00fcr\u00fcld\u00fc. Beyin kanamas\u0131 ile inme atlatt\u0131m.\u2026 pic.twitter.com\/6G3Q3JFPTQ \u2014 Prof. Dr. \u00d6vg\u00fcn Ahmet Ercan (@ovgunaercan) May 6, 2025 \u200bJeofizik Y\u00fcksek M\u00fchendisi Prof. Dr. \u00d6vg\u00fcn Ahmet Ercan, s\u0131rt a\u011fr\u0131s\u0131 \u015fik\u00e2yetiyle gitti\u011fi hastanede beyin kanamas\u0131 ge\u00e7irdi.\u00a0 \u200bHaberin Al\u0131nt\u0131land\u0131\u011f\u0131 Kaynak: www.antalyakorfez.com<\/p>","protected":false},"author":5,"featured_media":0,"comment_status":"","ping_status":"open","sticky":false,"template":"","format":"standard","meta":{"_acf_changed":false,"footnotes":""},"categories":[24],"tags":[],"class_list":["post-77726","post","type-post","status-publish","format-standard","has-post-thumbnail","hentry","category-gundem"],"acf":[],"yoast_head":"<!-- This site is optimized with the Yoast SEO Premium plugin v26.6 (Yoast SEO v27.1.1) - https:\/\/yoast.com\/product\/yoast-seo-premium-wordpress\/ -->\n<title>Prof. Dr. Ahmet Ercan hastanede beyin kanamas\u0131 ge\u00e7irdi - Av. Deniz Can K\u0131z\u0131l<\/title>\n<meta name=\"robots\" content=\"index, follow, max-snippet:-1, max-image-preview:large, max-video-preview:-1\" \/>\n<link rel=\"canonical\" href=\"http:\/\/denizcankizil.tr\/ru\/haberler\/gundem\/prof-dr-ahmet-ercan-hastanede-beyin-kanamasi-gecirdi\/\" \/>\n<meta property=\"og:locale\" content=\"ru_RU\" \/>\n<meta property=\"og:type\" content=\"article\" \/>\n<meta property=\"og:title\" content=\"Prof. Dr. Ahmet Ercan hastanede beyin kanamas\u0131 ge\u00e7irdi\" \/>\n<meta property=\"og:description\" content=\"Deprem zaman\u0131nda yapt\u0131\u011f\u0131 a\u00e7\u0131klamalar ile kamuoyunun takip etti\u011fi \u00f6nemli bir bilim adam\u0131 olan Jeofizik Y\u00fcksek M\u00fchendisi Prof. Dr. \u00d6vg\u00fcn Ahmet Ercan, beyin kanamas\u0131 ge\u00e7irdi. AC\u0130LE KALDIRILDI Sosyal medya hesab\u0131ndan a\u00e7\u0131klama yapan Prof. Dr. \u00d6vg\u00fcn Ahmet Ercan, Bosna-Hersek gezisi s\u0131ras\u0131nda s\u0131rt a\u011fr\u0131s\u0131 \u015fikayeti ile hastanenin aciline kald\u0131r\u0131ld\u0131\u011f\u0131n\u0131 ve Sarayova hastanesinde \u015fu anda g\u00f6zlem alt\u0131nda olup, dinlendi\u011fini a\u00e7\u0131klad\u0131. YAPILAN A\u00c7IKLAMA Ercan taraf\u0131ndan yap\u0131lan a\u00e7\u0131klamada, &#8220;Bosna-Hersek\u2019te boyundan bele omurilik boyunca gelen s\u0131rt a\u011fr\u0131s\u0131yla 22\/12 tansiyonlar ambulans ile Sarayova hastanesi aciline kald\u0131r\u0131ld\u0131m. 10 g\u00fcn \u00f6nce kalbime stent tak\u0131lm\u0131\u015ft\u0131. 3 saat s\u00fcren sa\u011fl\u0131k\u00e7\u0131 m\u00fcdahaleleri ile tansiyon 13\/7,5\u2019a d\u00fc\u015f\u00fcr\u00fcld\u00fc. Beyin kanamas\u0131 ile inme atlatt\u0131m. \u015eimdi Sarayova\u2019ya g\u00f6zlem alt\u0131nda dinlenmekteyim. \u0130lgi g\u00f6steren kardiyolog ile arkada\u015flar\u0131ma, yak\u0131nlar\u0131ma te\u015fekk\u00fcr ederim\u201d ifadelerini kullan\u0131ld\u0131. Bosna-Hersek\u2019te boyundan bele omirilik boyunca gelen s\u0131rt a\u011fr\u0131s\u0131yla 22\/12 tansiyonlar ambulans ile Sarayova hastanesi acile kald\u0131r\u0131ld\u0131m. 10 g\u00fcn \u00f6nce kalbime stent tak\u0131lm\u0131\u015ft\u0131. 3 saat s\u00fcren sa\u011fl\u0131k\u00e7\u0131 m\u00fcdahaleleri ile tansiyon 13\/7,5\u2019a d\u00fc\u015f\u00fcr\u00fcld\u00fc. Beyin kanamas\u0131 ile inme atlatt\u0131m.\u2026 pic.twitter.com\/6G3Q3JFPTQ \u2014 Prof. Dr. \u00d6vg\u00fcn Ahmet Ercan (@ovgunaercan) May 6, 2025 \u200bJeofizik Y\u00fcksek M\u00fchendisi Prof. Dr. \u00d6vg\u00fcn Ahmet Ercan, s\u0131rt a\u011fr\u0131s\u0131 \u015fik\u00e2yetiyle gitti\u011fi hastanede beyin kanamas\u0131 ge\u00e7irdi.\u00a0 \u200bHaberin Al\u0131nt\u0131land\u0131\u011f\u0131 Kaynak: www.antalyakorfez.com\" \/>\n<meta property=\"og:url\" content=\"http:\/\/denizcankizil.tr\/ru\/haberler\/gundem\/prof-dr-ahmet-ercan-hastanede-beyin-kanamasi-gecirdi\/\" \/>\n<meta property=\"og:site_name\" content=\"Av. Deniz Can K\u0131z\u0131l\" \/>\n<meta property=\"article:published_time\" content=\"2025-05-06T06:41:25+00:00\" \/>\n<meta name=\"author\" content=\"Antalya K\u00f6rfez\" \/>\n<meta name=\"twitter:card\" content=\"summary_large_image\" \/>\n<meta name=\"twitter:label1\" content=\"\u041d\u0430\u043f\u0438\u0441\u0430\u043d\u043e \u0430\u0432\u0442\u043e\u0440\u043e\u043c\" \/>\n\t<meta name=\"twitter:data1\" content=\"Antalya K\u00f6rfez\" \/>\n\t<meta name=\"twitter:label2\" content=\"\u041f\u0440\u0438\u043c\u0435\u0440\u043d\u043e\u0435 \u0432\u0440\u0435\u043c\u044f \u0434\u043b\u044f \u0447\u0442\u0435\u043d\u0438\u044f\" \/>\n\t<meta name=\"twitter:data2\" content=\"1 \u043c\u0438\u043d\u0443\u0442\u0430\" \/>\n<script type=\"application\/ld+json\" class=\"yoast-schema-graph\">{\"@context\":\"https:\/\/schema.org\",\"@graph\":[{\"@type\":\"Article\",\"@id\":\"http:\/\/denizcankizil.tr\/ru\/haberler\/gundem\/prof-dr-ahmet-ercan-hastanede-beyin-kanamasi-gecirdi\/#article\",\"isPartOf\":{\"@id\":\"http:\/\/denizcankizil.tr\/ru\/haberler\/gundem\/prof-dr-ahmet-ercan-hastanede-beyin-kanamasi-gecirdi\/\"},\"author\":{\"name\":\"Antalya K\u00f6rfez\",\"@id\":\"https:\/\/denizcankizil.tr\/#\/schema\/person\/e1eb71bb4dd684d46563f0af307e1234\"},\"headline\":\"Prof. Dr. Ahmet Ercan hastanede beyin kanamas\u0131 ge\u00e7irdi\",\"datePublished\":\"2025-05-06T06:41:25+00:00\",\"mainEntityOfPage\":{\"@id\":\"http:\/\/denizcankizil.tr\/ru\/haberler\/gundem\/prof-dr-ahmet-ercan-hastanede-beyin-kanamasi-gecirdi\/\"},\"wordCount\":273,\"publisher\":{\"@id\":\"https:\/\/denizcankizil.tr\/#organization\"},\"articleSection\":[\"G\u00fcndem\"],\"inLanguage\":\"ru-RU\"},{\"@type\":\"WebPage\",\"@id\":\"http:\/\/denizcankizil.tr\/ru\/haberler\/gundem\/prof-dr-ahmet-ercan-hastanede-beyin-kanamasi-gecirdi\/\",\"url\":\"http:\/\/denizcankizil.tr\/ru\/haberler\/gundem\/prof-dr-ahmet-ercan-hastanede-beyin-kanamasi-gecirdi\/\",\"name\":\"Prof. Dr. Ahmet Ercan hastanede beyin kanamas\u0131 ge\u00e7irdi - Av. Deniz Can K\u0131z\u0131l\",\"isPartOf\":{\"@id\":\"https:\/\/denizcankizil.tr\/#website\"},\"datePublished\":\"2025-05-06T06:41:25+00:00\",\"breadcrumb\":{\"@id\":\"http:\/\/denizcankizil.tr\/ru\/haberler\/gundem\/prof-dr-ahmet-ercan-hastanede-beyin-kanamasi-gecirdi\/#breadcrumb\"},\"inLanguage\":\"ru-RU\",\"potentialAction\":[{\"@type\":\"ReadAction\",\"target\":[\"http:\/\/denizcankizil.tr\/ru\/haberler\/gundem\/prof-dr-ahmet-ercan-hastanede-beyin-kanamasi-gecirdi\/\"]}]},{\"@type\":\"BreadcrumbList\",\"@id\":\"http:\/\/denizcankizil.tr\/ru\/haberler\/gundem\/prof-dr-ahmet-ercan-hastanede-beyin-kanamasi-gecirdi\/#breadcrumb\",\"itemListElement\":[{\"@type\":\"ListItem\",\"position\":1,\"name\":\"Home\",\"item\":\"https:\/\/denizcankizil.tr\/uk\/\"},{\"@type\":\"ListItem\",\"position\":2,\"name\":\"Prof. Dr. Ahmet Ercan hastanede beyin kanamas\u0131 ge\u00e7irdi\"}]},{\"@type\":\"WebSite\",\"@id\":\"https:\/\/denizcankizil.tr\/#website\",\"url\":\"https:\/\/denizcankizil.tr\/\",\"name\":\"Av. Deniz Can K\u0131z\u0131l\",\"description\":\"Avukat Deniz Can K\u0131z\u0131l Antalya Barosu\",\"publisher\":{\"@id\":\"https:\/\/denizcankizil.tr\/#organization\"},\"potentialAction\":[{\"@type\":\"SearchAction\",\"target\":{\"@type\":\"EntryPoint\",\"urlTemplate\":\"https:\/\/denizcankizil.tr\/?s={search_term_string}\"},\"query-input\":{\"@type\":\"PropertyValueSpecification\",\"valueRequired\":true,\"valueName\":\"search_term_string\"}}],\"inLanguage\":\"ru-RU\"},{\"@type\":\"Organization\",\"@id\":\"https:\/\/denizcankizil.tr\/#organization\",\"name\":\"Av. Deniz Can K\u0131z\u0131l\",\"url\":\"https:\/\/denizcankizil.tr\/\",\"logo\":{\"@type\":\"ImageObject\",\"inLanguage\":\"ru-RU\",\"@id\":\"https:\/\/denizcankizil.tr\/#\/schema\/logo\/image\/\",\"url\":\"http:\/\/denizcankizil.tr\/wp-content\/uploads\/2024\/10\/siyah-logo-svg.svg\",\"contentUrl\":\"http:\/\/denizcankizil.tr\/wp-content\/uploads\/2024\/10\/siyah-logo-svg.svg\",\"width\":1080,\"height\":1080,\"caption\":\"Av. Deniz Can K\u0131z\u0131l\"},\"image\":{\"@id\":\"https:\/\/denizcankizil.tr\/#\/schema\/logo\/image\/\"}},{\"@type\":\"Person\",\"@id\":\"https:\/\/denizcankizil.tr\/#\/schema\/person\/e1eb71bb4dd684d46563f0af307e1234\",\"name\":\"Antalya K\u00f6rfez\",\"image\":{\"@type\":\"ImageObject\",\"inLanguage\":\"ru-RU\",\"@id\":\"https:\/\/denizcankizil.tr\/#\/schema\/person\/image\/\",\"url\":\"https:\/\/secure.gravatar.com\/avatar\/42b01982558a48a0b501fdcab6a408d3717ea5919095ee2e67b0e521799c5905?s=96&d=mm&r=g\",\"contentUrl\":\"https:\/\/secure.gravatar.com\/avatar\/42b01982558a48a0b501fdcab6a408d3717ea5919095ee2e67b0e521799c5905?s=96&d=mm&r=g\",\"caption\":\"Antalya K\u00f6rfez\"},\"sameAs\":[\"http:\/\/www.antalyakorfez.com\"],\"url\":\"https:\/\/www.antalyakorfez.com\/prof-dr-ahmet-ercan-hastanede-beyin-kanamasi-gecirdi\"}]}<\/script>\n<!-- \/ Yoast SEO Premium plugin. -->","yoast_head_json":{"title":"Prof. Dr. Ahmet Ercan hastanede beyin kanamas\u0131 ge\u00e7irdi - Av. Deniz Can K\u0131z\u0131l","robots":{"index":"index","follow":"follow","max-snippet":"max-snippet:-1","max-image-preview":"max-image-preview:large","max-video-preview":"max-video-preview:-1"},"canonical":"http:\/\/denizcankizil.tr\/ru\/haberler\/gundem\/prof-dr-ahmet-ercan-hastanede-beyin-kanamasi-gecirdi\/","og_locale":"ru_RU","og_type":"article","og_title":"Prof. Dr. Ahmet Ercan hastanede beyin kanamas\u0131 ge\u00e7irdi","og_description":"Deprem zaman\u0131nda yapt\u0131\u011f\u0131 a\u00e7\u0131klamalar ile kamuoyunun takip etti\u011fi \u00f6nemli bir bilim adam\u0131 olan Jeofizik Y\u00fcksek M\u00fchendisi Prof. Dr. \u00d6vg\u00fcn Ahmet Ercan, beyin kanamas\u0131 ge\u00e7irdi. AC\u0130LE KALDIRILDI Sosyal medya hesab\u0131ndan a\u00e7\u0131klama yapan Prof. Dr. \u00d6vg\u00fcn Ahmet Ercan, Bosna-Hersek gezisi s\u0131ras\u0131nda s\u0131rt a\u011fr\u0131s\u0131 \u015fikayeti ile hastanenin aciline kald\u0131r\u0131ld\u0131\u011f\u0131n\u0131 ve Sarayova hastanesinde \u015fu anda g\u00f6zlem alt\u0131nda olup, dinlendi\u011fini a\u00e7\u0131klad\u0131. YAPILAN A\u00c7IKLAMA Ercan taraf\u0131ndan yap\u0131lan a\u00e7\u0131klamada, &#8220;Bosna-Hersek\u2019te boyundan bele omurilik boyunca gelen s\u0131rt a\u011fr\u0131s\u0131yla 22\/12 tansiyonlar ambulans ile Sarayova hastanesi aciline kald\u0131r\u0131ld\u0131m. 10 g\u00fcn \u00f6nce kalbime stent tak\u0131lm\u0131\u015ft\u0131. 3 saat s\u00fcren sa\u011fl\u0131k\u00e7\u0131 m\u00fcdahaleleri ile tansiyon 13\/7,5\u2019a d\u00fc\u015f\u00fcr\u00fcld\u00fc. Beyin kanamas\u0131 ile inme atlatt\u0131m. \u015eimdi Sarayova\u2019ya g\u00f6zlem alt\u0131nda dinlenmekteyim. \u0130lgi g\u00f6steren kardiyolog ile arkada\u015flar\u0131ma, yak\u0131nlar\u0131ma te\u015fekk\u00fcr ederim\u201d ifadelerini kullan\u0131ld\u0131. Bosna-Hersek\u2019te boyundan bele omirilik boyunca gelen s\u0131rt a\u011fr\u0131s\u0131yla 22\/12 tansiyonlar ambulans ile Sarayova hastanesi acile kald\u0131r\u0131ld\u0131m. 10 g\u00fcn \u00f6nce kalbime stent tak\u0131lm\u0131\u015ft\u0131. 3 saat s\u00fcren sa\u011fl\u0131k\u00e7\u0131 m\u00fcdahaleleri ile tansiyon 13\/7,5\u2019a d\u00fc\u015f\u00fcr\u00fcld\u00fc. Beyin kanamas\u0131 ile inme atlatt\u0131m.\u2026 pic.twitter.com\/6G3Q3JFPTQ \u2014 Prof. Dr. \u00d6vg\u00fcn Ahmet Ercan (@ovgunaercan) May 6, 2025 \u200bJeofizik Y\u00fcksek M\u00fchendisi Prof. Dr. \u00d6vg\u00fcn Ahmet Ercan, s\u0131rt a\u011fr\u0131s\u0131 \u015fik\u00e2yetiyle gitti\u011fi hastanede beyin kanamas\u0131 ge\u00e7irdi.\u00a0 \u200bHaberin Al\u0131nt\u0131land\u0131\u011f\u0131 Kaynak: www.antalyakorfez.com","og_url":"http:\/\/denizcankizil.tr\/ru\/haberler\/gundem\/prof-dr-ahmet-ercan-hastanede-beyin-kanamasi-gecirdi\/","og_site_name":"Av. Deniz Can K\u0131z\u0131l","article_published_time":"2025-05-06T06:41:25+00:00","author":"Antalya K\u00f6rfez","twitter_card":"summary_large_image","twitter_misc":{"\u041d\u0430\u043f\u0438\u0441\u0430\u043d\u043e \u0430\u0432\u0442\u043e\u0440\u043e\u043c":"Antalya K\u00f6rfez","\u041f\u0440\u0438\u043c\u0435\u0440\u043d\u043e\u0435 \u0432\u0440\u0435\u043c\u044f \u0434\u043b\u044f \u0447\u0442\u0435\u043d\u0438\u044f":"1 \u043c\u0438\u043d\u0443\u0442\u0430"},"schema":{"@context":"https:\/\/schema.org","@graph":[{"@type":"Article","@id":"http:\/\/denizcankizil.tr\/ru\/haberler\/gundem\/prof-dr-ahmet-ercan-hastanede-beyin-kanamasi-gecirdi\/#article","isPartOf":{"@id":"http:\/\/denizcankizil.tr\/ru\/haberler\/gundem\/prof-dr-ahmet-ercan-hastanede-beyin-kanamasi-gecirdi\/"},"author":{"name":"Antalya K\u00f6rfez","@id":"https:\/\/denizcankizil.tr\/#\/schema\/person\/e1eb71bb4dd684d46563f0af307e1234"},"headline":"Prof. Dr. Ahmet Ercan hastanede beyin kanamas\u0131 ge\u00e7irdi","datePublished":"2025-05-06T06:41:25+00:00","mainEntityOfPage":{"@id":"http:\/\/denizcankizil.tr\/ru\/haberler\/gundem\/prof-dr-ahmet-ercan-hastanede-beyin-kanamasi-gecirdi\/"},"wordCount":273,"publisher":{"@id":"https:\/\/denizcankizil.tr\/#organization"},"articleSection":["G\u00fcndem"],"inLanguage":"ru-RU"},{"@type":"WebPage","@id":"http:\/\/denizcankizil.tr\/ru\/haberler\/gundem\/prof-dr-ahmet-ercan-hastanede-beyin-kanamasi-gecirdi\/","url":"http:\/\/denizcankizil.tr\/ru\/haberler\/gundem\/prof-dr-ahmet-ercan-hastanede-beyin-kanamasi-gecirdi\/","name":"Prof. Dr. Ahmet Ercan hastanede beyin kanamas\u0131 ge\u00e7irdi - Av. Deniz Can K\u0131z\u0131l","isPartOf":{"@id":"https:\/\/denizcankizil.tr\/#website"},"datePublished":"2025-05-06T06:41:25+00:00","breadcrumb":{"@id":"http:\/\/denizcankizil.tr\/ru\/haberler\/gundem\/prof-dr-ahmet-ercan-hastanede-beyin-kanamasi-gecirdi\/#breadcrumb"},"inLanguage":"ru-RU","potentialAction":[{"@type":"ReadAction","target":["http:\/\/denizcankizil.tr\/ru\/haberler\/gundem\/prof-dr-ahmet-ercan-hastanede-beyin-kanamasi-gecirdi\/"]}]},{"@type":"BreadcrumbList","@id":"http:\/\/denizcankizil.tr\/ru\/haberler\/gundem\/prof-dr-ahmet-ercan-hastanede-beyin-kanamasi-gecirdi\/#breadcrumb","itemListElement":[{"@type":"ListItem","position":1,"name":"Home","item":"https:\/\/denizcankizil.tr\/uk\/"},{"@type":"ListItem","position":2,"name":"Prof. Dr. Ahmet Ercan hastanede beyin kanamas\u0131 ge\u00e7irdi"}]},{"@type":"WebSite","@id":"https:\/\/denizcankizil.tr\/#website","url":"https:\/\/denizcankizil.tr\/","name":"Av. Deniz Can K\u0131z\u0131l","description":"Avukat Deniz Can K\u0131z\u0131l Antalya Barosu","publisher":{"@id":"https:\/\/denizcankizil.tr\/#organization"},"potentialAction":[{"@type":"SearchAction","target":{"@type":"EntryPoint","urlTemplate":"https:\/\/denizcankizil.tr\/?s={search_term_string}"},"query-input":{"@type":"PropertyValueSpecification","valueRequired":true,"valueName":"search_term_string"}}],"inLanguage":"ru-RU"},{"@type":"Organization","@id":"https:\/\/denizcankizil.tr\/#organization","name":"Av. Deniz Can K\u0131z\u0131l","url":"https:\/\/denizcankizil.tr\/","logo":{"@type":"ImageObject","inLanguage":"ru-RU","@id":"https:\/\/denizcankizil.tr\/#\/schema\/logo\/image\/","url":"http:\/\/denizcankizil.tr\/wp-content\/uploads\/2024\/10\/siyah-logo-svg.svg","contentUrl":"http:\/\/denizcankizil.tr\/wp-content\/uploads\/2024\/10\/siyah-logo-svg.svg","width":1080,"height":1080,"caption":"Av. Deniz Can K\u0131z\u0131l"},"image":{"@id":"https:\/\/denizcankizil.tr\/#\/schema\/logo\/image\/"}},{"@type":"Person","@id":"https:\/\/denizcankizil.tr\/#\/schema\/person\/e1eb71bb4dd684d46563f0af307e1234","name":"Antalya K\u00f6rfez","image":{"@type":"ImageObject","inLanguage":"ru-RU","@id":"https:\/\/denizcankizil.tr\/#\/schema\/person\/image\/","url":"https:\/\/secure.gravatar.com\/avatar\/42b01982558a48a0b501fdcab6a408d3717ea5919095ee2e67b0e521799c5905?s=96&d=mm&r=g","contentUrl":"https:\/\/secure.gravatar.com\/avatar\/42b01982558a48a0b501fdcab6a408d3717ea5919095ee2e67b0e521799c5905?s=96&d=mm&r=g","caption":"Antalya K\u00f6rfez"},"sameAs":["http:\/\/www.antalyakorfez.com"],"url":"https:\/\/www.antalyakorfez.com\/prof-dr-ahmet-ercan-hastanede-beyin-kanamasi-gecirdi"}]}},"_links":{"self":[{"href":"http:\/\/denizcankizil.tr\/ru\/wp-json\/wp\/v2\/posts\/77726","targetHints":{"allow":["GET"]}}],"collection":[{"href":"http:\/\/denizcankizil.tr\/ru\/wp-json\/wp\/v2\/posts"}],"about":[{"href":"http:\/\/denizcankizil.tr\/ru\/wp-json\/wp\/v2\/types\/post"}],"author":[{"embeddable":true,"href":"http:\/\/denizcankizil.tr\/ru\/wp-json\/wp\/v2\/users\/5"}],"replies":[{"embeddable":true,"href":"http:\/\/denizcankizil.tr\/ru\/wp-json\/wp\/v2\/comments?post=77726"}],"version-history":[{"count":0,"href":"http:\/\/denizcankizil.tr\/ru\/wp-json\/wp\/v2\/posts\/77726\/revisions"}],"wp:attachment":[{"href":"http:\/\/denizcankizil.tr\/ru\/wp-json\/wp\/v2\/media?parent=77726"}],"wp:term":[{"taxonomy":"category","embeddable":true,"href":"http:\/\/denizcankizil.tr\/ru\/wp-json\/wp\/v2\/categories?post=77726"},{"taxonomy":"post_tag","embeddable":true,"href":"http:\/\/denizcankizil.tr\/ru\/wp-json\/wp\/v2\/tags?post=77726"}],"curies":[{"name":"wp","href":"https:\/\/api.w.org\/{rel}","templated":true}]}}