{"id":75979,"date":"2025-05-04T18:42:23","date_gmt":"2025-05-04T15:42:23","guid":{"rendered":"https:\/\/denizcankizil.tr\/uncategorized-tr\/cumhurbaskani-erdogan-kentsel-donusum-hayat-memat-meselesi\/"},"modified":"2025-05-04T18:42:23","modified_gmt":"2025-05-04T15:42:23","slug":"cumhurbaskani-erdogan-kentsel-donusum-hayat-memat-meselesi","status":"publish","type":"post","link":"http:\/\/denizcankizil.tr\/ru\/haberler\/gundem\/cumhurbaskani-erdogan-kentsel-donusum-hayat-memat-meselesi\/","title":{"rendered":"Cumhurba\u015fkan\u0131 Erdo\u011fan: Kentsel d\u00f6n\u00fc\u015f\u00fcm hayat memat meselesi!"},"content":{"rendered":"<p>Cumhurba\u015fkan\u0131 Erdo\u011fan, KKTC d\u00f6n\u00fc\u015f\u00fc u\u00e7akta deprem haz\u0131rl\u0131klar\u0131na ili\u015fkin konu\u015ftu. Kentsel d\u00f6n\u00fc\u015f\u00fcm\u00fcn bir hayat memat meselesi oldu\u011funu ifade eden Cumhurba\u015fkan\u0131 Erdo\u011fan, &#8220;Depreme haz\u0131rl\u0131k i\u00e7in kentsel d\u00f6n\u00fc\u015f\u00fcm \u015fart. Devlet-vatanda\u015f i\u015f birli\u011fini g\u00fc\u00e7lendirece\u011fiz&#8221; dedi.ANKARA (\u0130GFA) &#8211; Cumhurba\u015fkan\u0131 Recep Tayyip Erdo\u011fan, Kuzey K\u0131br\u0131s T\u00fcrk Cumhuriyeti (KKTC) ziyareti d\u00f6n\u00fc\u015f\u00fc u\u00e7akta gazetecilere g\u00fcndeme ili\u015fkin a\u00e7\u0131klamalarda bulundu.<br \/>\n\u0130stanbul\u2019daki deprem sonras\u0131 T\u00fcrkiye genelinde depreme haz\u0131rl\u0131k konusundaki soruya yan\u0131t veren Cumhurba\u015fkan\u0131 Erdo\u011fan, depremin bir ger\u00e7ek oldu\u011funu ve kay\u0131plar\u0131n ancak sa\u011flam yap\u0131larla \u00f6nlenebilece\u011fini vurgulad\u0131. Erdo\u011fan, \u201cDeprem meselesini sembolik binalar ve alg\u0131 operasyonlar\u0131yla ele alm\u0131yoruz. Kal\u0131c\u0131 \u00e7\u00f6z\u00fcmler pe\u015findeyiz\u201d dedi.<br \/>\nCumhurba\u015fkan\u0131 Erdo\u011fan, 11 ili etkileyen asr\u0131n felaketinin sa\u011flam yap\u0131lar\u0131n \u00f6nemini g\u00f6sterdi\u011fini belirterek, \u201cKentsel d\u00f6n\u00fc\u015f\u00fcm, T\u00fcrkiye i\u00e7in bir hayat memat meselesi. En dayan\u0131kl\u0131, son teknolojiyle yap\u0131lm\u0131\u015f ve \u015fehir dokusuna uygun yap\u0131lar in\u015fa etmeliyiz. Bu konuyu ideolojik saplant\u0131lara kurban edemeyiz\u201d diye konu\u015ftu.<br \/>\nDepreme haz\u0131r \u015fehirlerin T\u00fcrkiye\u2019nin gelece\u011fini kurtaraca\u011f\u0131n\u0131 ifade eden Cumhurba\u015fkan\u0131 Erdo\u011fan, yerinde d\u00f6n\u00fc\u015f\u00fcm\u00fc te\u015fvik edeceklerini ve devlet-vatanda\u015f i\u015f birli\u011fini g\u00fc\u00e7lendireceklerini s\u00f6yledi.<br \/>\nAFAD\u2019\u0131n \u00e7al\u0131\u015fmalar\u0131n\u0131 da \u00f6ven Cumhurba\u015fkan\u0131 Erdo\u011fan, \u201c\u0130stanbul depreminde Ka\u011f\u0131thane\u2019deki merkeze giderek \u00e7al\u0131\u015fmalar\u0131 koordine ettik. Hasbah\u00e7e\u2019de vatanda\u015flar\u0131m\u0131zla bir araya geldik, \u00e7ad\u0131rlarda konaklayanlarla ge\u00e7 saate kadar hasbihal ettik. Ka\u011f\u0131thane Belediyesi yemek ikram\u0131nda bulundu. Deprem an\u0131 korku yarat\u0131yor ama tedbirlerimizi her an almal\u0131y\u0131z\u201d diye konu\u015ftu.<br \/>\nHalk\u0131n deprem bilincinin artt\u0131\u011f\u0131n\u0131 belirten Cumhurba\u015fkan\u0131 Erdo\u011fan, \u201cHocalar\u0131m\u0131z uyar\u0131larda bulunuyor, bilin\u00e7lenme ile ya\u015fam devam ediyor. Allah yar ve yard\u0131mc\u0131m\u0131z olsun\u201d temennisinde bulundu.<\/p>\n<p>\u200bCumhurba\u015fkan\u0131 Erdo\u011fan, KKTC d\u00f6n\u00fc\u015f\u00fc u\u00e7akta deprem haz\u0131rl\u0131klar\u0131na ili\u015fkin konu\u015ftu. Kentsel d\u00f6n\u00fc\u015f\u00fcm\u00fcn bir hayat memat meselesi oldu\u011funu ifade eden Cumhurba\u015fkan\u0131 Erdo\u011fan, &#8220;Depreme haz\u0131rl\u0131k i\u00e7in kentsel d\u00f6n\u00fc\u015f\u00fcm \u015fart. Devlet-vatanda\u015f i\u015f birli\u011fini g\u00fc\u00e7lendirece\u011fiz&#8221; dedi.ANKARA (\u0130GFA) &#8211; Cumhurba\u015fkan\u0131 Recep Tayyip Erdo\u011fan, Kuzey K\u0131br\u0131s T\u00fcrk Cumhuriyeti (KKTC) ziyareti d\u00f6n\u00fc\u015f\u00fc u\u00e7akta gazetecilere g\u00fcndeme ili\u015fkin a\u00e7\u0131klamalarda bulundu.<br \/>\n\u0130stanbul\u2019daki deprem sonras\u0131 T\u00fcrkiye genelinde depreme haz\u0131rl\u0131k konusundaki soruya yan\u0131t veren Cumhurba\u015fkan\u0131 Erdo\u011fan, depremin bir ger\u00e7ek oldu\u011funu ve kay\u0131plar\u0131n ancak sa\u011flam yap\u0131larla \u00f6nlenebilece\u011fini vurgulad\u0131. Erdo\u011fan, \u201cDeprem meselesini sembolik binalar ve alg\u0131 operasyonlar\u0131yla ele alm\u0131yoruz. Kal\u0131c\u0131 \u00e7\u00f6z\u00fcmler pe\u015findeyiz\u201d dedi.<br \/>\nCumhurba\u015fkan\u0131 Erdo\u011fan, 11 ili etkileyen asr\u0131n felaketinin sa\u011flam yap\u0131lar\u0131n \u00f6nemini g\u00f6sterdi\u011fini belirterek, \u201cKentsel d\u00f6n\u00fc\u015f\u00fcm, T\u00fcrkiye i\u00e7in bir hayat memat meselesi. En dayan\u0131kl\u0131, son teknolojiyle yap\u0131lm\u0131\u015f ve \u015fehir dokusuna uygun yap\u0131lar in\u015fa etmeliyiz. Bu konuyu ideolojik saplant\u0131lara kurban edemeyiz\u201d diye konu\u015ftu.<br \/>\nDepreme haz\u0131r \u015fehirlerin T\u00fcrkiye\u2019nin gelece\u011fini kurtaraca\u011f\u0131n\u0131 ifade eden Cumhurba\u015fkan\u0131 Erdo\u011fan, yerinde d\u00f6n\u00fc\u015f\u00fcm\u00fc te\u015fvik edeceklerini ve devlet-vatanda\u015f i\u015f birli\u011fini g\u00fc\u00e7lendireceklerini s\u00f6yledi.<br \/>\nAFAD\u2019\u0131n \u00e7al\u0131\u015fmalar\u0131n\u0131 da \u00f6ven Cumhurba\u015fkan\u0131 Erdo\u011fan, \u201c\u0130stanbul depreminde Ka\u011f\u0131thane\u2019deki merkeze giderek \u00e7al\u0131\u015fmalar\u0131 koordine ettik. Hasbah\u00e7e\u2019de vatanda\u015flar\u0131m\u0131zla bir araya geldik, \u00e7ad\u0131rlarda konaklayanlarla ge\u00e7 saate kadar hasbihal ettik. Ka\u011f\u0131thane Belediyesi yemek ikram\u0131nda bulundu. Deprem an\u0131 korku yarat\u0131yor ama tedbirlerimizi her an almal\u0131y\u0131z\u201d diye konu\u015ftu.<br \/>\nHalk\u0131n deprem bilincinin artt\u0131\u011f\u0131n\u0131 belirten Cumhurba\u015fkan\u0131 Erdo\u011fan, \u201cHocalar\u0131m\u0131z uyar\u0131larda bulunuyor, bilin\u00e7lenme ile ya\u015fam devam ediyor. Allah yar ve yard\u0131mc\u0131m\u0131z olsun\u201d temennisinde bulundu.\u00a0<\/p>\n<p>\u200bHaberin Al\u0131nt\u0131land\u0131\u011f\u0131 Kaynak: www.iskenderun.org<\/p>","protected":false},"excerpt":{"rendered":"<p>Cumhurba\u015fkan\u0131 Erdo\u011fan, KKTC d\u00f6n\u00fc\u015f\u00fc u\u00e7akta deprem haz\u0131rl\u0131klar\u0131na ili\u015fkin konu\u015ftu. Kentsel d\u00f6n\u00fc\u015f\u00fcm\u00fcn bir hayat memat meselesi oldu\u011funu ifade eden Cumhurba\u015fkan\u0131 Erdo\u011fan, &#8220;Depreme haz\u0131rl\u0131k i\u00e7in kentsel d\u00f6n\u00fc\u015f\u00fcm \u015fart. Devlet-vatanda\u015f i\u015f birli\u011fini g\u00fc\u00e7lendirece\u011fiz&#8221; dedi.ANKARA (\u0130GFA) &#8211; Cumhurba\u015fkan\u0131 Recep Tayyip Erdo\u011fan, Kuzey K\u0131br\u0131s T\u00fcrk Cumhuriyeti (KKTC) ziyareti d\u00f6n\u00fc\u015f\u00fc u\u00e7akta gazetecilere g\u00fcndeme ili\u015fkin a\u00e7\u0131klamalarda bulundu. \u0130stanbul\u2019daki deprem sonras\u0131 T\u00fcrkiye genelinde depreme haz\u0131rl\u0131k konusundaki soruya yan\u0131t veren Cumhurba\u015fkan\u0131 Erdo\u011fan, depremin bir ger\u00e7ek oldu\u011funu ve kay\u0131plar\u0131n ancak sa\u011flam yap\u0131larla \u00f6nlenebilece\u011fini vurgulad\u0131. Erdo\u011fan, \u201cDeprem meselesini sembolik binalar ve alg\u0131 operasyonlar\u0131yla ele alm\u0131yoruz. Kal\u0131c\u0131 \u00e7\u00f6z\u00fcmler pe\u015findeyiz\u201d dedi. Cumhurba\u015fkan\u0131 Erdo\u011fan, 11 ili etkileyen asr\u0131n felaketinin sa\u011flam yap\u0131lar\u0131n \u00f6nemini g\u00f6sterdi\u011fini belirterek, \u201cKentsel d\u00f6n\u00fc\u015f\u00fcm, T\u00fcrkiye i\u00e7in bir hayat memat meselesi. En dayan\u0131kl\u0131, son teknolojiyle yap\u0131lm\u0131\u015f ve \u015fehir dokusuna uygun yap\u0131lar in\u015fa etmeliyiz. Bu konuyu ideolojik saplant\u0131lara kurban edemeyiz\u201d diye konu\u015ftu. Depreme haz\u0131r \u015fehirlerin T\u00fcrkiye\u2019nin gelece\u011fini kurtaraca\u011f\u0131n\u0131 ifade eden Cumhurba\u015fkan\u0131 Erdo\u011fan, yerinde d\u00f6n\u00fc\u015f\u00fcm\u00fc te\u015fvik edeceklerini ve devlet-vatanda\u015f i\u015f birli\u011fini g\u00fc\u00e7lendireceklerini s\u00f6yledi. AFAD\u2019\u0131n \u00e7al\u0131\u015fmalar\u0131n\u0131 da \u00f6ven Cumhurba\u015fkan\u0131 Erdo\u011fan, \u201c\u0130stanbul depreminde Ka\u011f\u0131thane\u2019deki merkeze giderek \u00e7al\u0131\u015fmalar\u0131 koordine ettik. Hasbah\u00e7e\u2019de vatanda\u015flar\u0131m\u0131zla bir araya geldik, \u00e7ad\u0131rlarda konaklayanlarla ge\u00e7 saate kadar hasbihal ettik. Ka\u011f\u0131thane Belediyesi yemek ikram\u0131nda bulundu. Deprem an\u0131 korku yarat\u0131yor ama tedbirlerimizi her an almal\u0131y\u0131z\u201d diye konu\u015ftu. Halk\u0131n deprem bilincinin artt\u0131\u011f\u0131n\u0131 belirten Cumhurba\u015fkan\u0131 Erdo\u011fan, \u201cHocalar\u0131m\u0131z uyar\u0131larda bulunuyor, &hellip;<\/p>","protected":false},"author":1,"featured_media":0,"comment_status":"","ping_status":"open","sticky":false,"template":"","format":"standard","meta":{"_acf_changed":false,"footnotes":""},"categories":[24],"tags":[],"class_list":["post-75979","post","type-post","status-publish","format-standard","has-post-thumbnail","hentry","category-gundem"],"acf":[],"yoast_head":"<!-- This site is optimized with the Yoast SEO Premium plugin v26.6 (Yoast SEO v27.1.1) - https:\/\/yoast.com\/product\/yoast-seo-premium-wordpress\/ -->\n<title>Cumhurba\u015fkan\u0131 Erdo\u011fan: Kentsel d\u00f6n\u00fc\u015f\u00fcm hayat memat meselesi! - Av. Deniz Can K\u0131z\u0131l<\/title>\n<meta name=\"robots\" content=\"index, follow, max-snippet:-1, max-image-preview:large, max-video-preview:-1\" \/>\n<link rel=\"canonical\" href=\"http:\/\/denizcankizil.tr\/ru\/haberler\/gundem\/cumhurbaskani-erdogan-kentsel-donusum-hayat-memat-meselesi\/\" \/>\n<meta property=\"og:locale\" content=\"ru_RU\" \/>\n<meta property=\"og:type\" content=\"article\" \/>\n<meta property=\"og:title\" content=\"Cumhurba\u015fkan\u0131 Erdo\u011fan: Kentsel d\u00f6n\u00fc\u015f\u00fcm hayat memat meselesi!\" \/>\n<meta property=\"og:description\" content=\"Cumhurba\u015fkan\u0131 Erdo\u011fan, KKTC d\u00f6n\u00fc\u015f\u00fc u\u00e7akta deprem haz\u0131rl\u0131klar\u0131na ili\u015fkin konu\u015ftu. Kentsel d\u00f6n\u00fc\u015f\u00fcm\u00fcn bir hayat memat meselesi oldu\u011funu ifade eden Cumhurba\u015fkan\u0131 Erdo\u011fan, &#8220;Depreme haz\u0131rl\u0131k i\u00e7in kentsel d\u00f6n\u00fc\u015f\u00fcm \u015fart. Devlet-vatanda\u015f i\u015f birli\u011fini g\u00fc\u00e7lendirece\u011fiz&#8221; dedi.ANKARA (\u0130GFA) &#8211; Cumhurba\u015fkan\u0131 Recep Tayyip Erdo\u011fan, Kuzey K\u0131br\u0131s T\u00fcrk Cumhuriyeti (KKTC) ziyareti d\u00f6n\u00fc\u015f\u00fc u\u00e7akta gazetecilere g\u00fcndeme ili\u015fkin a\u00e7\u0131klamalarda bulundu. \u0130stanbul\u2019daki deprem sonras\u0131 T\u00fcrkiye genelinde depreme haz\u0131rl\u0131k konusundaki soruya yan\u0131t veren Cumhurba\u015fkan\u0131 Erdo\u011fan, depremin bir ger\u00e7ek oldu\u011funu ve kay\u0131plar\u0131n ancak sa\u011flam yap\u0131larla \u00f6nlenebilece\u011fini vurgulad\u0131. Erdo\u011fan, \u201cDeprem meselesini sembolik binalar ve alg\u0131 operasyonlar\u0131yla ele alm\u0131yoruz. Kal\u0131c\u0131 \u00e7\u00f6z\u00fcmler pe\u015findeyiz\u201d dedi. Cumhurba\u015fkan\u0131 Erdo\u011fan, 11 ili etkileyen asr\u0131n felaketinin sa\u011flam yap\u0131lar\u0131n \u00f6nemini g\u00f6sterdi\u011fini belirterek, \u201cKentsel d\u00f6n\u00fc\u015f\u00fcm, T\u00fcrkiye i\u00e7in bir hayat memat meselesi. En dayan\u0131kl\u0131, son teknolojiyle yap\u0131lm\u0131\u015f ve \u015fehir dokusuna uygun yap\u0131lar in\u015fa etmeliyiz. Bu konuyu ideolojik saplant\u0131lara kurban edemeyiz\u201d diye konu\u015ftu. Depreme haz\u0131r \u015fehirlerin T\u00fcrkiye\u2019nin gelece\u011fini kurtaraca\u011f\u0131n\u0131 ifade eden Cumhurba\u015fkan\u0131 Erdo\u011fan, yerinde d\u00f6n\u00fc\u015f\u00fcm\u00fc te\u015fvik edeceklerini ve devlet-vatanda\u015f i\u015f birli\u011fini g\u00fc\u00e7lendireceklerini s\u00f6yledi. AFAD\u2019\u0131n \u00e7al\u0131\u015fmalar\u0131n\u0131 da \u00f6ven Cumhurba\u015fkan\u0131 Erdo\u011fan, \u201c\u0130stanbul depreminde Ka\u011f\u0131thane\u2019deki merkeze giderek \u00e7al\u0131\u015fmalar\u0131 koordine ettik. Hasbah\u00e7e\u2019de vatanda\u015flar\u0131m\u0131zla bir araya geldik, \u00e7ad\u0131rlarda konaklayanlarla ge\u00e7 saate kadar hasbihal ettik. Ka\u011f\u0131thane Belediyesi yemek ikram\u0131nda bulundu. Deprem an\u0131 korku yarat\u0131yor ama tedbirlerimizi her an almal\u0131y\u0131z\u201d diye konu\u015ftu. Halk\u0131n deprem bilincinin artt\u0131\u011f\u0131n\u0131 belirten Cumhurba\u015fkan\u0131 Erdo\u011fan, \u201cHocalar\u0131m\u0131z uyar\u0131larda bulunuyor, &hellip;\" \/>\n<meta property=\"og:url\" content=\"http:\/\/denizcankizil.tr\/ru\/haberler\/gundem\/cumhurbaskani-erdogan-kentsel-donusum-hayat-memat-meselesi\/\" \/>\n<meta property=\"og:site_name\" content=\"Av. Deniz Can K\u0131z\u0131l\" \/>\n<meta property=\"article:published_time\" content=\"2025-05-04T15:42:23+00:00\" \/>\n<meta name=\"author\" content=\"admin\" \/>\n<meta name=\"twitter:card\" content=\"summary_large_image\" \/>\n<meta name=\"twitter:label1\" content=\"\u041d\u0430\u043f\u0438\u0441\u0430\u043d\u043e \u0430\u0432\u0442\u043e\u0440\u043e\u043c\" \/>\n\t<meta name=\"twitter:data1\" content=\"admin\" \/>\n\t<meta name=\"twitter:label2\" content=\"\u041f\u0440\u0438\u043c\u0435\u0440\u043d\u043e\u0435 \u0432\u0440\u0435\u043c\u044f \u0434\u043b\u044f \u0447\u0442\u0435\u043d\u0438\u044f\" \/>\n\t<meta name=\"twitter:data2\" content=\"3 \u043c\u0438\u043d\u0443\u0442\u044b\" \/>\n<script type=\"application\/ld+json\" class=\"yoast-schema-graph\">{\"@context\":\"https:\/\/schema.org\",\"@graph\":[{\"@type\":\"Article\",\"@id\":\"http:\/\/denizcankizil.tr\/de\/haberler\/gundem\/cumhurbaskani-erdogan-kentsel-donusum-hayat-memat-meselesi\/#article\",\"isPartOf\":{\"@id\":\"http:\/\/denizcankizil.tr\/de\/haberler\/gundem\/cumhurbaskani-erdogan-kentsel-donusum-hayat-memat-meselesi\/\"},\"author\":{\"name\":\"admin\",\"@id\":\"https:\/\/denizcankizil.tr\/de\/#\/schema\/person\/be3c05fe6a12686905512445d8185489\"},\"headline\":\"Cumhurba\u015fkan\u0131 Erdo\u011fan: Kentsel d\u00f6n\u00fc\u015f\u00fcm hayat memat meselesi!\",\"datePublished\":\"2025-05-04T15:42:23+00:00\",\"mainEntityOfPage\":{\"@id\":\"http:\/\/denizcankizil.tr\/de\/haberler\/gundem\/cumhurbaskani-erdogan-kentsel-donusum-hayat-memat-meselesi\/\"},\"wordCount\":675,\"publisher\":{\"@id\":\"https:\/\/denizcankizil.tr\/de\/#organization\"},\"articleSection\":[\"G\u00fcndem\"],\"inLanguage\":\"ru-RU\"},{\"@type\":\"WebPage\",\"@id\":\"http:\/\/denizcankizil.tr\/de\/haberler\/gundem\/cumhurbaskani-erdogan-kentsel-donusum-hayat-memat-meselesi\/\",\"url\":\"http:\/\/denizcankizil.tr\/de\/haberler\/gundem\/cumhurbaskani-erdogan-kentsel-donusum-hayat-memat-meselesi\/\",\"name\":\"Cumhurba\u015fkan\u0131 Erdo\u011fan: Kentsel d\u00f6n\u00fc\u015f\u00fcm hayat memat meselesi! - Av. Deniz Can K\u0131z\u0131l\",\"isPartOf\":{\"@id\":\"https:\/\/denizcankizil.tr\/de\/#website\"},\"datePublished\":\"2025-05-04T15:42:23+00:00\",\"breadcrumb\":{\"@id\":\"http:\/\/denizcankizil.tr\/de\/haberler\/gundem\/cumhurbaskani-erdogan-kentsel-donusum-hayat-memat-meselesi\/#breadcrumb\"},\"inLanguage\":\"ru-RU\",\"potentialAction\":[{\"@type\":\"ReadAction\",\"target\":[\"http:\/\/denizcankizil.tr\/de\/haberler\/gundem\/cumhurbaskani-erdogan-kentsel-donusum-hayat-memat-meselesi\/\"]}]},{\"@type\":\"BreadcrumbList\",\"@id\":\"http:\/\/denizcankizil.tr\/de\/haberler\/gundem\/cumhurbaskani-erdogan-kentsel-donusum-hayat-memat-meselesi\/#breadcrumb\",\"itemListElement\":[{\"@type\":\"ListItem\",\"position\":1,\"name\":\"Home\",\"item\":\"https:\/\/denizcankizil.tr\/de\/\"},{\"@type\":\"ListItem\",\"position\":2,\"name\":\"Cumhurba\u015fkan\u0131 Erdo\u011fan: Kentsel d\u00f6n\u00fc\u015f\u00fcm hayat memat meselesi!\"}]},{\"@type\":\"WebSite\",\"@id\":\"https:\/\/denizcankizil.tr\/de\/#website\",\"url\":\"https:\/\/denizcankizil.tr\/de\/\",\"name\":\"Av. Deniz Can K\u0131z\u0131l\",\"description\":\"Avukat Deniz Can K\u0131z\u0131l Antalya Barosu\",\"publisher\":{\"@id\":\"https:\/\/denizcankizil.tr\/de\/#organization\"},\"potentialAction\":[{\"@type\":\"SearchAction\",\"target\":{\"@type\":\"EntryPoint\",\"urlTemplate\":\"https:\/\/denizcankizil.tr\/de\/?s={search_term_string}\"},\"query-input\":{\"@type\":\"PropertyValueSpecification\",\"valueRequired\":true,\"valueName\":\"search_term_string\"}}],\"inLanguage\":\"ru-RU\"},{\"@type\":\"Organization\",\"@id\":\"https:\/\/denizcankizil.tr\/de\/#organization\",\"name\":\"Av. Deniz Can K\u0131z\u0131l\",\"url\":\"https:\/\/denizcankizil.tr\/de\/\",\"logo\":{\"@type\":\"ImageObject\",\"inLanguage\":\"ru-RU\",\"@id\":\"https:\/\/denizcankizil.tr\/de\/#\/schema\/logo\/image\/\",\"url\":\"http:\/\/denizcankizil.tr\/wp-content\/uploads\/2024\/10\/siyah-logo-svg.svg\",\"contentUrl\":\"http:\/\/denizcankizil.tr\/wp-content\/uploads\/2024\/10\/siyah-logo-svg.svg\",\"width\":1080,\"height\":1080,\"caption\":\"Av. Deniz Can K\u0131z\u0131l\"},\"image\":{\"@id\":\"https:\/\/denizcankizil.tr\/de\/#\/schema\/logo\/image\/\"}},{\"@type\":\"Person\",\"@id\":\"https:\/\/denizcankizil.tr\/de\/#\/schema\/person\/be3c05fe6a12686905512445d8185489\",\"name\":\"admin\",\"image\":{\"@type\":\"ImageObject\",\"inLanguage\":\"ru-RU\",\"@id\":\"https:\/\/denizcankizil.tr\/de\/#\/schema\/person\/image\/\",\"url\":\"https:\/\/secure.gravatar.com\/avatar\/c1fce94c830dc79107e174f890d7210541c4a63e8e5d816341794a2151c9d58c?s=96&d=mm&r=g\",\"contentUrl\":\"https:\/\/secure.gravatar.com\/avatar\/c1fce94c830dc79107e174f890d7210541c4a63e8e5d816341794a2151c9d58c?s=96&d=mm&r=g\",\"caption\":\"admin\"},\"sameAs\":[\"http:\/\/denizcankizil.tr\"],\"url\":\"https:\/\/www.iskenderun.org\/cumhurbaskani-erdogan-kentsel-donusum-hayat-memat-meselesi\"}]}<\/script>\n<!-- \/ Yoast SEO Premium plugin. -->","yoast_head_json":{"title":"Cumhurba\u015fkan\u0131 Erdo\u011fan: Kentsel d\u00f6n\u00fc\u015f\u00fcm hayat memat meselesi! - Av. Deniz Can K\u0131z\u0131l","robots":{"index":"index","follow":"follow","max-snippet":"max-snippet:-1","max-image-preview":"max-image-preview:large","max-video-preview":"max-video-preview:-1"},"canonical":"http:\/\/denizcankizil.tr\/ru\/haberler\/gundem\/cumhurbaskani-erdogan-kentsel-donusum-hayat-memat-meselesi\/","og_locale":"ru_RU","og_type":"article","og_title":"Cumhurba\u015fkan\u0131 Erdo\u011fan: Kentsel d\u00f6n\u00fc\u015f\u00fcm hayat memat meselesi!","og_description":"Cumhurba\u015fkan\u0131 Erdo\u011fan, KKTC d\u00f6n\u00fc\u015f\u00fc u\u00e7akta deprem haz\u0131rl\u0131klar\u0131na ili\u015fkin konu\u015ftu. Kentsel d\u00f6n\u00fc\u015f\u00fcm\u00fcn bir hayat memat meselesi oldu\u011funu ifade eden Cumhurba\u015fkan\u0131 Erdo\u011fan, &#8220;Depreme haz\u0131rl\u0131k i\u00e7in kentsel d\u00f6n\u00fc\u015f\u00fcm \u015fart. Devlet-vatanda\u015f i\u015f birli\u011fini g\u00fc\u00e7lendirece\u011fiz&#8221; dedi.ANKARA (\u0130GFA) &#8211; Cumhurba\u015fkan\u0131 Recep Tayyip Erdo\u011fan, Kuzey K\u0131br\u0131s T\u00fcrk Cumhuriyeti (KKTC) ziyareti d\u00f6n\u00fc\u015f\u00fc u\u00e7akta gazetecilere g\u00fcndeme ili\u015fkin a\u00e7\u0131klamalarda bulundu. \u0130stanbul\u2019daki deprem sonras\u0131 T\u00fcrkiye genelinde depreme haz\u0131rl\u0131k konusundaki soruya yan\u0131t veren Cumhurba\u015fkan\u0131 Erdo\u011fan, depremin bir ger\u00e7ek oldu\u011funu ve kay\u0131plar\u0131n ancak sa\u011flam yap\u0131larla \u00f6nlenebilece\u011fini vurgulad\u0131. Erdo\u011fan, \u201cDeprem meselesini sembolik binalar ve alg\u0131 operasyonlar\u0131yla ele alm\u0131yoruz. Kal\u0131c\u0131 \u00e7\u00f6z\u00fcmler pe\u015findeyiz\u201d dedi. Cumhurba\u015fkan\u0131 Erdo\u011fan, 11 ili etkileyen asr\u0131n felaketinin sa\u011flam yap\u0131lar\u0131n \u00f6nemini g\u00f6sterdi\u011fini belirterek, \u201cKentsel d\u00f6n\u00fc\u015f\u00fcm, T\u00fcrkiye i\u00e7in bir hayat memat meselesi. En dayan\u0131kl\u0131, son teknolojiyle yap\u0131lm\u0131\u015f ve \u015fehir dokusuna uygun yap\u0131lar in\u015fa etmeliyiz. Bu konuyu ideolojik saplant\u0131lara kurban edemeyiz\u201d diye konu\u015ftu. Depreme haz\u0131r \u015fehirlerin T\u00fcrkiye\u2019nin gelece\u011fini kurtaraca\u011f\u0131n\u0131 ifade eden Cumhurba\u015fkan\u0131 Erdo\u011fan, yerinde d\u00f6n\u00fc\u015f\u00fcm\u00fc te\u015fvik edeceklerini ve devlet-vatanda\u015f i\u015f birli\u011fini g\u00fc\u00e7lendireceklerini s\u00f6yledi. AFAD\u2019\u0131n \u00e7al\u0131\u015fmalar\u0131n\u0131 da \u00f6ven Cumhurba\u015fkan\u0131 Erdo\u011fan, \u201c\u0130stanbul depreminde Ka\u011f\u0131thane\u2019deki merkeze giderek \u00e7al\u0131\u015fmalar\u0131 koordine ettik. Hasbah\u00e7e\u2019de vatanda\u015flar\u0131m\u0131zla bir araya geldik, \u00e7ad\u0131rlarda konaklayanlarla ge\u00e7 saate kadar hasbihal ettik. Ka\u011f\u0131thane Belediyesi yemek ikram\u0131nda bulundu. Deprem an\u0131 korku yarat\u0131yor ama tedbirlerimizi her an almal\u0131y\u0131z\u201d diye konu\u015ftu. Halk\u0131n deprem bilincinin artt\u0131\u011f\u0131n\u0131 belirten Cumhurba\u015fkan\u0131 Erdo\u011fan, \u201cHocalar\u0131m\u0131z uyar\u0131larda bulunuyor, &hellip;","og_url":"http:\/\/denizcankizil.tr\/ru\/haberler\/gundem\/cumhurbaskani-erdogan-kentsel-donusum-hayat-memat-meselesi\/","og_site_name":"Av. Deniz Can K\u0131z\u0131l","article_published_time":"2025-05-04T15:42:23+00:00","author":"admin","twitter_card":"summary_large_image","twitter_misc":{"\u041d\u0430\u043f\u0438\u0441\u0430\u043d\u043e \u0430\u0432\u0442\u043e\u0440\u043e\u043c":"admin","\u041f\u0440\u0438\u043c\u0435\u0440\u043d\u043e\u0435 \u0432\u0440\u0435\u043c\u044f \u0434\u043b\u044f \u0447\u0442\u0435\u043d\u0438\u044f":"3 \u043c\u0438\u043d\u0443\u0442\u044b"},"schema":{"@context":"https:\/\/schema.org","@graph":[{"@type":"Article","@id":"http:\/\/denizcankizil.tr\/de\/haberler\/gundem\/cumhurbaskani-erdogan-kentsel-donusum-hayat-memat-meselesi\/#article","isPartOf":{"@id":"http:\/\/denizcankizil.tr\/de\/haberler\/gundem\/cumhurbaskani-erdogan-kentsel-donusum-hayat-memat-meselesi\/"},"author":{"name":"admin","@id":"https:\/\/denizcankizil.tr\/de\/#\/schema\/person\/be3c05fe6a12686905512445d8185489"},"headline":"Cumhurba\u015fkan\u0131 Erdo\u011fan: Kentsel d\u00f6n\u00fc\u015f\u00fcm hayat memat meselesi!","datePublished":"2025-05-04T15:42:23+00:00","mainEntityOfPage":{"@id":"http:\/\/denizcankizil.tr\/de\/haberler\/gundem\/cumhurbaskani-erdogan-kentsel-donusum-hayat-memat-meselesi\/"},"wordCount":675,"publisher":{"@id":"https:\/\/denizcankizil.tr\/de\/#organization"},"articleSection":["G\u00fcndem"],"inLanguage":"ru-RU"},{"@type":"WebPage","@id":"http:\/\/denizcankizil.tr\/de\/haberler\/gundem\/cumhurbaskani-erdogan-kentsel-donusum-hayat-memat-meselesi\/","url":"http:\/\/denizcankizil.tr\/de\/haberler\/gundem\/cumhurbaskani-erdogan-kentsel-donusum-hayat-memat-meselesi\/","name":"Cumhurba\u015fkan\u0131 Erdo\u011fan: Kentsel d\u00f6n\u00fc\u015f\u00fcm hayat memat meselesi! - Av. Deniz Can K\u0131z\u0131l","isPartOf":{"@id":"https:\/\/denizcankizil.tr\/de\/#website"},"datePublished":"2025-05-04T15:42:23+00:00","breadcrumb":{"@id":"http:\/\/denizcankizil.tr\/de\/haberler\/gundem\/cumhurbaskani-erdogan-kentsel-donusum-hayat-memat-meselesi\/#breadcrumb"},"inLanguage":"ru-RU","potentialAction":[{"@type":"ReadAction","target":["http:\/\/denizcankizil.tr\/de\/haberler\/gundem\/cumhurbaskani-erdogan-kentsel-donusum-hayat-memat-meselesi\/"]}]},{"@type":"BreadcrumbList","@id":"http:\/\/denizcankizil.tr\/de\/haberler\/gundem\/cumhurbaskani-erdogan-kentsel-donusum-hayat-memat-meselesi\/#breadcrumb","itemListElement":[{"@type":"ListItem","position":1,"name":"Home","item":"https:\/\/denizcankizil.tr\/de\/"},{"@type":"ListItem","position":2,"name":"Cumhurba\u015fkan\u0131 Erdo\u011fan: Kentsel d\u00f6n\u00fc\u015f\u00fcm hayat memat meselesi!"}]},{"@type":"WebSite","@id":"https:\/\/denizcankizil.tr\/de\/#website","url":"https:\/\/denizcankizil.tr\/de\/","name":"Av. Deniz Can K\u0131z\u0131l","description":"Avukat Deniz Can K\u0131z\u0131l Antalya Barosu","publisher":{"@id":"https:\/\/denizcankizil.tr\/de\/#organization"},"potentialAction":[{"@type":"SearchAction","target":{"@type":"EntryPoint","urlTemplate":"https:\/\/denizcankizil.tr\/de\/?s={search_term_string}"},"query-input":{"@type":"PropertyValueSpecification","valueRequired":true,"valueName":"search_term_string"}}],"inLanguage":"ru-RU"},{"@type":"Organization","@id":"https:\/\/denizcankizil.tr\/de\/#organization","name":"Av. Deniz Can K\u0131z\u0131l","url":"https:\/\/denizcankizil.tr\/de\/","logo":{"@type":"ImageObject","inLanguage":"ru-RU","@id":"https:\/\/denizcankizil.tr\/de\/#\/schema\/logo\/image\/","url":"http:\/\/denizcankizil.tr\/wp-content\/uploads\/2024\/10\/siyah-logo-svg.svg","contentUrl":"http:\/\/denizcankizil.tr\/wp-content\/uploads\/2024\/10\/siyah-logo-svg.svg","width":1080,"height":1080,"caption":"Av. Deniz Can K\u0131z\u0131l"},"image":{"@id":"https:\/\/denizcankizil.tr\/de\/#\/schema\/logo\/image\/"}},{"@type":"Person","@id":"https:\/\/denizcankizil.tr\/de\/#\/schema\/person\/be3c05fe6a12686905512445d8185489","name":"\u0430\u0434\u043c\u0438\u043d","image":{"@type":"ImageObject","inLanguage":"ru-RU","@id":"https:\/\/denizcankizil.tr\/de\/#\/schema\/person\/image\/","url":"https:\/\/secure.gravatar.com\/avatar\/c1fce94c830dc79107e174f890d7210541c4a63e8e5d816341794a2151c9d58c?s=96&d=mm&r=g","contentUrl":"https:\/\/secure.gravatar.com\/avatar\/c1fce94c830dc79107e174f890d7210541c4a63e8e5d816341794a2151c9d58c?s=96&d=mm&r=g","caption":"admin"},"sameAs":["http:\/\/denizcankizil.tr"],"url":"https:\/\/www.iskenderun.org\/cumhurbaskani-erdogan-kentsel-donusum-hayat-memat-meselesi"}]}},"_links":{"self":[{"href":"http:\/\/denizcankizil.tr\/ru\/wp-json\/wp\/v2\/posts\/75979","targetHints":{"allow":["GET"]}}],"collection":[{"href":"http:\/\/denizcankizil.tr\/ru\/wp-json\/wp\/v2\/posts"}],"about":[{"href":"http:\/\/denizcankizil.tr\/ru\/wp-json\/wp\/v2\/types\/post"}],"author":[{"embeddable":true,"href":"http:\/\/denizcankizil.tr\/ru\/wp-json\/wp\/v2\/users\/1"}],"replies":[{"embeddable":true,"href":"http:\/\/denizcankizil.tr\/ru\/wp-json\/wp\/v2\/comments?post=75979"}],"version-history":[{"count":0,"href":"http:\/\/denizcankizil.tr\/ru\/wp-json\/wp\/v2\/posts\/75979\/revisions"}],"wp:attachment":[{"href":"http:\/\/denizcankizil.tr\/ru\/wp-json\/wp\/v2\/media?parent=75979"}],"wp:term":[{"taxonomy":"category","embeddable":true,"href":"http:\/\/denizcankizil.tr\/ru\/wp-json\/wp\/v2\/categories?post=75979"},{"taxonomy":"post_tag","embeddable":true,"href":"http:\/\/denizcankizil.tr\/ru\/wp-json\/wp\/v2\/tags?post=75979"}],"curies":[{"name":"wp","href":"https:\/\/api.w.org\/{rel}","templated":true}]}}