{"id":7442,"date":"2024-10-24T11:41:52","date_gmt":"2024-10-24T08:41:52","guid":{"rendered":"https:\/\/denizcankizil.tr\/uncategorized-tr\/tbmm-baskani-kurtulmus-teror-turkiyede-artik-tutunamayacak\/"},"modified":"2024-10-24T11:41:52","modified_gmt":"2024-10-24T08:41:52","slug":"tbmm-baskani-kurtulmus-teror-turkiyede-artik-tutunamayacak","status":"publish","type":"post","link":"http:\/\/denizcankizil.tr\/ru\/haberler\/gundem\/tbmm-baskani-kurtulmus-teror-turkiyede-artik-tutunamayacak\/","title":{"rendered":"TBMM Ba\u015fkan\u0131 Kurtulmu\u015f: Ter\u00f6r T\u00fcrkiye&#8217;de art\u0131k tutunamayacak"},"content":{"rendered":"<p>TBMM Ba\u015fkan\u0131 Numan Kurtulmu\u015f, TUSA\u015e&#8217;\u0131n yerle\u015fkesine y\u00f6nelik ter\u00f6r sald\u0131r\u0131s\u0131na ili\u015fkin, &#8220;Sald\u0131r\u0131n\u0131n ger\u00e7ekle\u015ftirilmesinin arkas\u0131nda kimler var, nereden ne \u015fekilde destek ald\u0131lar, nas\u0131l bunu ger\u00e7ekle\u015ftirdiler in\u015fallah b\u00fct\u00fcn detaylar\u0131yla ortaya \u00e7\u0131kar\u0131lacakt\u0131r.&#8221; dedi.ANKARA (\u0130GFA) &#8211; TBMM Meclis Ba\u015fkan\u0131 Numan Kurtulmu\u015f, Sa\u011fl\u0131k Bakan\u0131 Kemal Memi\u015fo\u011flu, Aile ve Sosyal Hizmetler Bakan\u0131 Mahinur \u00d6zdemir G\u00f6kta\u015f ve AK Parti Grup Ba\u015fkan\u0131 Abdullah G\u00fcler ile TUSA\u015e&#8217;\u0131n Kahramankazan il\u00e7esindeki yerle\u015fkesine y\u00f6nelik ter\u00f6r sald\u0131r\u0131s\u0131nda yaralananlar\u0131 Bilkent \u015eehir Hastanesinde ziyaret etti.<br \/>\nBurada yapt\u0131\u011f\u0131 a\u00e7\u0131klamada, \u015fehitlere Allah&#8217;tan rahmet ve yak\u0131nlar\u0131na ba\u015fsa\u011fl\u0131\u011f\u0131 dileyen Kurtulmu\u015f, &#8220;Sald\u0131r\u0131n\u0131n ger\u00e7ekle\u015ftirilmesinin arkas\u0131nda kimler var, nereden ne \u015fekilde destek ald\u0131lar, nas\u0131l bunu ger\u00e7ekle\u015ftirdiler in\u015fallah b\u00fct\u00fcn detaylar\u0131yla ortaya \u00e7\u0131kar\u0131lacakt\u0131r.&#8221; ifadesini kulland\u0131. 40 y\u0131l\u0131 a\u015fk\u0131n s\u00fcredir T\u00fcrkiye&#8217;nin ter\u00f6re kar\u015f\u0131 m\u00fccadele verdi\u011fini vurgulayan Kurtulmu\u015f, &#8220;Millet\u00e7e ter\u00f6r\u00fcn kar\u015f\u0131s\u0131nda yekv\u00fccut olarak durduk ve bu m\u00fccadeleyi bug\u00fcnlere kadar getirdik. Ter\u00f6r T\u00fcrkiye&#8217;de art\u0131k tutunamayacak.&#8221; diye konu\u015ftu.<br \/>\nMillet\u00e7e birlik olunmas\u0131 ve ter\u00f6re kar\u015f\u0131 ses y\u00fckseltilmesi gerekti\u011fine vurgu yapan Kurtulmu\u015f, &#8220;Sald\u0131r\u0131n\u0131n \u00fczerinden birtak\u0131m \u015fifreler okunabilir ama olay\u0131n s\u0131cakl\u0131\u011f\u0131 dolay\u0131s\u0131yla bunlar\u0131 sonraya b\u0131rakarak \u00f6ncelikle yaralar\u0131m\u0131z\u0131n sar\u0131lmas\u0131yla me\u015fgul\u00fcz. 22 insan\u0131m\u0131z yaraland\u0131 bu karde\u015flerimizden 3&#8217;\u00fc taburcu edildi 19&#8217;unun hastanelerde tedavisi s\u00fcr\u00fcyor.&#8221; dedi.\u00a0\u00d6zel harekat polisi ve g\u00fcvenlik g\u00f6revlilerini g\u00f6sterdikleri \u00fcst\u00fcn kararl\u0131l\u0131k ve cesaret dolay\u0131s\u0131yla tebrik eden Kurtulmu\u015f, etkili m\u00fcdahaleleri sayesinde tablonun \u00e7ok daha a\u011f\u0131r olmas\u0131n\u0131n \u00f6n\u00fcne ge\u00e7ildi\u011fini s\u00f6yledi.\u00a0Kurtulmu\u015f, Bilkent \u015eehir Hastanesinde tedavi g\u00f6ren bir yaral\u0131n\u0131n durumunun a\u011f\u0131r oldu\u011funu ve kritik durumu atlatmas\u0131n\u0131 \u00fcmit ettiklerini dile getirdi. Di\u011fer yaral\u0131lar\u0131n sa\u011fl\u0131k durumunun iyi oldu\u011funu belirten Kurtulmu\u015f, bu s\u00fcre\u00e7teki fedakarl\u0131klar\u0131 nedeniyle sa\u011fl\u0131k \u00e7al\u0131\u015fanlar\u0131na da te\u015fekk\u00fcr etti.<br \/>\nTBMM Ba\u015fkan\u0131 Numan Kurtulmu\u015f, &#8220;2 ter\u00f6risti oraya g\u00f6nderenlerin, onlara siyasi, askeri, lojistik destek veren ve T\u00fcrkiye&#8217;nin \u00f6n\u00fcn\u00fc t\u0131kamak i\u00e7in, T\u00fcrkiye&#8217;nin b\u00fcy\u00fck hedeflerini ger\u00e7ekle\u015ftirmesine engel olmak i\u00e7in oyun kuranlar\u0131n kimler oldu\u011funu biliyoruz ve onlara kar\u015f\u0131 m\u00fccadelemize devam edece\u011fiz.&#8221; ifadesini kulland\u0131.<br \/>\nT\u00fcrkiye&#8217;nin yekv\u00fccut olarak, b\u00fct\u00fcn imkanlar\u0131n\u0131 seferber ederek, savunma sanayisindeki en \u00f6nemli \u00fclkelerden biri olmaya devam edece\u011fini vurgulayan Kurtulmu\u015f, &#8220;Allah milletimizin \u00f6n\u00fcne engel \u00e7\u0131karmaya \u00e7al\u0131\u015fanlara, birli\u011fimizi ve beraberli\u011fimizi yok etmeye \u00e7al\u0131\u015fanlara f\u0131rsat vermesin.&#8221; dedi.<\/p>\n<p>Kurtulmu\u015f, Bilkent \u015eehir Hastanesinde yaral\u0131lar\u0131 ziyaretinin ard\u0131ndan, Etlik \u015eehir Hastanesine ge\u00e7erek, TUSA\u015e&#8217;\u0131n Kahramankazan il\u00e7esindeki yerle\u015fkesine y\u00f6nelik ter\u00f6r sald\u0131r\u0131s\u0131nda yaralananlara ge\u00e7mi\u015f olsun dileklerini iletti, yaral\u0131lar\u0131n durumlar\u0131 hakk\u0131nda bilgi ald\u0131.<br \/>\n&#8220;SIRADAN B\u0130R TER\u00d6R SALDIRISI DE\u011e\u0130L&#8221;<br \/>\n\u00d6te yandan TBMM Ba\u015fkan\u0131 Numan Kurtulmu\u015f bunun s\u0131radan bir ter\u00f6r sald\u0131r\u0131s\u0131 olmad\u0131\u011f\u0131n\u0131 vurgulayan Kurtulmu\u015f, millet olarak fevkalade b\u00fcy\u00fck bir dikkatle bundan sonraki s\u00fcrecin takip edilmesi gerekti\u011fini s\u00f6yledi.\u00a0Kurtulmu\u015f, &#8220;\u00d6zellikle savunma sanayi tesislerimizden, en \u00f6nemlilerinden birisi olan TUSA\u015e&#8217;a b\u00f6ylesine hain bir sald\u0131r\u0131n\u0131n yap\u0131lm\u0131\u015f olmas\u0131 tesad\u00fcfi de\u011fildir. Say\u0131n Cumhurba\u015fkan\u0131&#8217;m\u0131z\u0131n Rusya&#8217;daki temaslar\u0131 s\u0131ras\u0131nda bu sald\u0131r\u0131n\u0131n yap\u0131lm\u0131\u015f olmas\u0131 da tesad\u00fcf de\u011fildir.&#8221; ifadelerini kulland\u0131.<br \/>\nTer\u00f6r\u00fcn hi\u00e7bir t\u00fcr\u00fcne m\u00fcsaade edilmeyecek \u015fekilde m\u00fccadelenin devam ettirilmesi gerekti\u011fini vurgulayan Kurtulmu\u015f, bu m\u00fccadelede en \u00f6nemli kazan\u0131m\u0131n milli birlik ve beraberlik oldu\u011funu dile getirdi.<\/p>\n<p>\u200bTBMM Ba\u015fkan\u0131 Numan Kurtulmu\u015f, TUSA\u015e&#8217;\u0131n yerle\u015fkesine y\u00f6nelik ter\u00f6r sald\u0131r\u0131s\u0131na ili\u015fkin, &#8220;Sald\u0131r\u0131n\u0131n ger\u00e7ekle\u015ftirilmesinin arkas\u0131nda kimler var, nereden ne \u015fekilde destek ald\u0131lar, nas\u0131l bunu ger\u00e7ekle\u015ftirdiler in\u015fallah b\u00fct\u00fcn detaylar\u0131yla ortaya \u00e7\u0131kar\u0131lacakt\u0131r &#8221; dedi\u00a0<\/p>\n<p>\u200bHaberin Al\u0131nt\u0131land\u0131\u011f\u0131 Kaynak: www.iskenderun.org<\/p>","protected":false},"excerpt":{"rendered":"<p>TBMM Ba\u015fkan\u0131 Numan Kurtulmu\u015f, TUSA\u015e&#8217;\u0131n yerle\u015fkesine y\u00f6nelik ter\u00f6r sald\u0131r\u0131s\u0131na ili\u015fkin, &#8220;Sald\u0131r\u0131n\u0131n ger\u00e7ekle\u015ftirilmesinin arkas\u0131nda kimler var, nereden ne \u015fekilde destek ald\u0131lar, nas\u0131l bunu ger\u00e7ekle\u015ftirdiler in\u015fallah b\u00fct\u00fcn detaylar\u0131yla ortaya \u00e7\u0131kar\u0131lacakt\u0131r.&#8221; dedi.ANKARA (\u0130GFA) &#8211; TBMM Meclis Ba\u015fkan\u0131 Numan Kurtulmu\u015f, Sa\u011fl\u0131k Bakan\u0131 Kemal Memi\u015fo\u011flu, Aile ve Sosyal Hizmetler Bakan\u0131 Mahinur \u00d6zdemir G\u00f6kta\u015f ve AK Parti Grup Ba\u015fkan\u0131 Abdullah G\u00fcler ile TUSA\u015e&#8217;\u0131n Kahramankazan il\u00e7esindeki yerle\u015fkesine y\u00f6nelik ter\u00f6r sald\u0131r\u0131s\u0131nda yaralananlar\u0131 Bilkent \u015eehir Hastanesinde ziyaret etti. Burada yapt\u0131\u011f\u0131 a\u00e7\u0131klamada, \u015fehitlere Allah&#8217;tan rahmet ve yak\u0131nlar\u0131na ba\u015fsa\u011fl\u0131\u011f\u0131 dileyen Kurtulmu\u015f, &#8220;Sald\u0131r\u0131n\u0131n ger\u00e7ekle\u015ftirilmesinin arkas\u0131nda kimler var, nereden ne \u015fekilde destek ald\u0131lar, nas\u0131l bunu ger\u00e7ekle\u015ftirdiler in\u015fallah b\u00fct\u00fcn detaylar\u0131yla ortaya \u00e7\u0131kar\u0131lacakt\u0131r.&#8221; ifadesini kulland\u0131. 40 y\u0131l\u0131 a\u015fk\u0131n s\u00fcredir T\u00fcrkiye&#8217;nin ter\u00f6re kar\u015f\u0131 m\u00fccadele verdi\u011fini vurgulayan Kurtulmu\u015f, &#8220;Millet\u00e7e ter\u00f6r\u00fcn kar\u015f\u0131s\u0131nda yekv\u00fccut olarak durduk ve bu m\u00fccadeleyi bug\u00fcnlere kadar getirdik. Ter\u00f6r T\u00fcrkiye&#8217;de art\u0131k tutunamayacak.&#8221; diye konu\u015ftu. Millet\u00e7e birlik olunmas\u0131 ve ter\u00f6re kar\u015f\u0131 ses y\u00fckseltilmesi gerekti\u011fine vurgu yapan Kurtulmu\u015f, &#8220;Sald\u0131r\u0131n\u0131n \u00fczerinden birtak\u0131m \u015fifreler okunabilir ama olay\u0131n s\u0131cakl\u0131\u011f\u0131 dolay\u0131s\u0131yla bunlar\u0131 sonraya b\u0131rakarak \u00f6ncelikle yaralar\u0131m\u0131z\u0131n sar\u0131lmas\u0131yla me\u015fgul\u00fcz. 22 insan\u0131m\u0131z yaraland\u0131 bu karde\u015flerimizden 3&#8217;\u00fc taburcu edildi 19&#8217;unun hastanelerde tedavisi s\u00fcr\u00fcyor.&#8221; dedi.\u00a0\u00d6zel harekat polisi ve g\u00fcvenlik g\u00f6revlilerini g\u00f6sterdikleri \u00fcst\u00fcn kararl\u0131l\u0131k ve cesaret dolay\u0131s\u0131yla tebrik eden Kurtulmu\u015f, etkili m\u00fcdahaleleri sayesinde tablonun \u00e7ok daha a\u011f\u0131r olmas\u0131n\u0131n \u00f6n\u00fcne ge\u00e7ildi\u011fini s\u00f6yledi.\u00a0Kurtulmu\u015f, Bilkent \u015eehir Hastanesinde tedavi g\u00f6ren &hellip;<\/p>","protected":false},"author":0,"featured_media":0,"comment_status":"open","ping_status":"open","sticky":false,"template":"","format":"standard","meta":{"_acf_changed":false,"footnotes":""},"categories":[24,535],"tags":[],"class_list":["post-7442","post","type-post","status-publish","format-standard","has-post-thumbnail","hentry","category-gundem","category-uncategorized-tr"],"acf":[],"yoast_head":"<!-- This site is optimized with the Yoast SEO Premium plugin v26.6 (Yoast SEO v27.1.1) - https:\/\/yoast.com\/product\/yoast-seo-premium-wordpress\/ -->\n<title>TBMM Ba\u015fkan\u0131 Kurtulmu\u015f: Ter\u00f6r T\u00fcrkiye&#039;de art\u0131k tutunamayacak - Av. Deniz Can K\u0131z\u0131l<\/title>\n<meta name=\"robots\" content=\"index, follow, max-snippet:-1, max-image-preview:large, max-video-preview:-1\" \/>\n<link rel=\"canonical\" href=\"http:\/\/denizcankizil.tr\/ru\/haberler\/gundem\/tbmm-baskani-kurtulmus-teror-turkiyede-artik-tutunamayacak\/\" \/>\n<meta property=\"og:locale\" content=\"ru_RU\" \/>\n<meta property=\"og:type\" content=\"article\" \/>\n<meta property=\"og:title\" content=\"TBMM Ba\u015fkan\u0131 Kurtulmu\u015f: Ter\u00f6r T\u00fcrkiye&#039;de art\u0131k tutunamayacak\" \/>\n<meta property=\"og:description\" content=\"TBMM Ba\u015fkan\u0131 Numan Kurtulmu\u015f, TUSA\u015e&#8217;\u0131n yerle\u015fkesine y\u00f6nelik ter\u00f6r sald\u0131r\u0131s\u0131na ili\u015fkin, &#8220;Sald\u0131r\u0131n\u0131n ger\u00e7ekle\u015ftirilmesinin arkas\u0131nda kimler var, nereden ne \u015fekilde destek ald\u0131lar, nas\u0131l bunu ger\u00e7ekle\u015ftirdiler in\u015fallah b\u00fct\u00fcn detaylar\u0131yla ortaya \u00e7\u0131kar\u0131lacakt\u0131r.&#8221; dedi.ANKARA (\u0130GFA) &#8211; TBMM Meclis Ba\u015fkan\u0131 Numan Kurtulmu\u015f, Sa\u011fl\u0131k Bakan\u0131 Kemal Memi\u015fo\u011flu, Aile ve Sosyal Hizmetler Bakan\u0131 Mahinur \u00d6zdemir G\u00f6kta\u015f ve AK Parti Grup Ba\u015fkan\u0131 Abdullah G\u00fcler ile TUSA\u015e&#8217;\u0131n Kahramankazan il\u00e7esindeki yerle\u015fkesine y\u00f6nelik ter\u00f6r sald\u0131r\u0131s\u0131nda yaralananlar\u0131 Bilkent \u015eehir Hastanesinde ziyaret etti. Burada yapt\u0131\u011f\u0131 a\u00e7\u0131klamada, \u015fehitlere Allah&#8217;tan rahmet ve yak\u0131nlar\u0131na ba\u015fsa\u011fl\u0131\u011f\u0131 dileyen Kurtulmu\u015f, &#8220;Sald\u0131r\u0131n\u0131n ger\u00e7ekle\u015ftirilmesinin arkas\u0131nda kimler var, nereden ne \u015fekilde destek ald\u0131lar, nas\u0131l bunu ger\u00e7ekle\u015ftirdiler in\u015fallah b\u00fct\u00fcn detaylar\u0131yla ortaya \u00e7\u0131kar\u0131lacakt\u0131r.&#8221; ifadesini kulland\u0131. 40 y\u0131l\u0131 a\u015fk\u0131n s\u00fcredir T\u00fcrkiye&#8217;nin ter\u00f6re kar\u015f\u0131 m\u00fccadele verdi\u011fini vurgulayan Kurtulmu\u015f, &#8220;Millet\u00e7e ter\u00f6r\u00fcn kar\u015f\u0131s\u0131nda yekv\u00fccut olarak durduk ve bu m\u00fccadeleyi bug\u00fcnlere kadar getirdik. Ter\u00f6r T\u00fcrkiye&#8217;de art\u0131k tutunamayacak.&#8221; diye konu\u015ftu. Millet\u00e7e birlik olunmas\u0131 ve ter\u00f6re kar\u015f\u0131 ses y\u00fckseltilmesi gerekti\u011fine vurgu yapan Kurtulmu\u015f, &#8220;Sald\u0131r\u0131n\u0131n \u00fczerinden birtak\u0131m \u015fifreler okunabilir ama olay\u0131n s\u0131cakl\u0131\u011f\u0131 dolay\u0131s\u0131yla bunlar\u0131 sonraya b\u0131rakarak \u00f6ncelikle yaralar\u0131m\u0131z\u0131n sar\u0131lmas\u0131yla me\u015fgul\u00fcz. 22 insan\u0131m\u0131z yaraland\u0131 bu karde\u015flerimizden 3&#8217;\u00fc taburcu edildi 19&#8217;unun hastanelerde tedavisi s\u00fcr\u00fcyor.&#8221; dedi.\u00a0\u00d6zel harekat polisi ve g\u00fcvenlik g\u00f6revlilerini g\u00f6sterdikleri \u00fcst\u00fcn kararl\u0131l\u0131k ve cesaret dolay\u0131s\u0131yla tebrik eden Kurtulmu\u015f, etkili m\u00fcdahaleleri sayesinde tablonun \u00e7ok daha a\u011f\u0131r olmas\u0131n\u0131n \u00f6n\u00fcne ge\u00e7ildi\u011fini s\u00f6yledi.\u00a0Kurtulmu\u015f, Bilkent \u015eehir Hastanesinde tedavi g\u00f6ren &hellip;\" \/>\n<meta property=\"og:url\" content=\"http:\/\/denizcankizil.tr\/ru\/haberler\/gundem\/tbmm-baskani-kurtulmus-teror-turkiyede-artik-tutunamayacak\/\" \/>\n<meta property=\"og:site_name\" content=\"Av. Deniz Can K\u0131z\u0131l\" \/>\n<meta property=\"article:published_time\" content=\"2024-10-24T08:41:52+00:00\" \/>\n<meta name=\"twitter:card\" content=\"summary_large_image\" \/>\n<meta name=\"twitter:label1\" content=\"\u041f\u0440\u0438\u043c\u0435\u0440\u043d\u043e\u0435 \u0432\u0440\u0435\u043c\u044f \u0434\u043b\u044f \u0447\u0442\u0435\u043d\u0438\u044f\" \/>\n\t<meta name=\"twitter:data1\" content=\"4 \u043c\u0438\u043d\u0443\u0442\u044b\" \/>\n<script type=\"application\/ld+json\" class=\"yoast-schema-graph\">{\"@context\":\"https:\/\/schema.org\",\"@graph\":[{\"@type\":\"Article\",\"@id\":\"http:\/\/denizcankizil.tr\/ru\/haberler\/gundem\/tbmm-baskani-kurtulmus-teror-turkiyede-artik-tutunamayacak\/#article\",\"isPartOf\":{\"@id\":\"http:\/\/denizcankizil.tr\/ru\/haberler\/gundem\/tbmm-baskani-kurtulmus-teror-turkiyede-artik-tutunamayacak\/\"},\"author\":{\"name\":\"\",\"@id\":\"\"},\"headline\":\"TBMM Ba\u015fkan\u0131 Kurtulmu\u015f: Ter\u00f6r T\u00fcrkiye&#8217;de art\u0131k tutunamayacak\",\"datePublished\":\"2024-10-24T08:41:52+00:00\",\"mainEntityOfPage\":{\"@id\":\"http:\/\/denizcankizil.tr\/ru\/haberler\/gundem\/tbmm-baskani-kurtulmus-teror-turkiyede-artik-tutunamayacak\/\"},\"wordCount\":733,\"commentCount\":0,\"publisher\":{\"@id\":\"https:\/\/denizcankizil.tr\/#organization\"},\"articleSection\":[\"G\u00fcndem\",\"Uncategorized\"],\"inLanguage\":\"ru-RU\",\"potentialAction\":[{\"@type\":\"CommentAction\",\"name\":\"Comment\",\"target\":[\"http:\/\/denizcankizil.tr\/ru\/haberler\/gundem\/tbmm-baskani-kurtulmus-teror-turkiyede-artik-tutunamayacak\/#respond\"]}]},{\"@type\":\"WebPage\",\"@id\":\"http:\/\/denizcankizil.tr\/ru\/haberler\/gundem\/tbmm-baskani-kurtulmus-teror-turkiyede-artik-tutunamayacak\/\",\"url\":\"http:\/\/denizcankizil.tr\/ru\/haberler\/gundem\/tbmm-baskani-kurtulmus-teror-turkiyede-artik-tutunamayacak\/\",\"name\":\"TBMM Ba\u015fkan\u0131 Kurtulmu\u015f: Ter\u00f6r T\u00fcrkiye'de art\u0131k tutunamayacak - Av. Deniz Can K\u0131z\u0131l\",\"isPartOf\":{\"@id\":\"https:\/\/denizcankizil.tr\/#website\"},\"datePublished\":\"2024-10-24T08:41:52+00:00\",\"breadcrumb\":{\"@id\":\"http:\/\/denizcankizil.tr\/ru\/haberler\/gundem\/tbmm-baskani-kurtulmus-teror-turkiyede-artik-tutunamayacak\/#breadcrumb\"},\"inLanguage\":\"ru-RU\",\"potentialAction\":[{\"@type\":\"ReadAction\",\"target\":[\"http:\/\/denizcankizil.tr\/ru\/haberler\/gundem\/tbmm-baskani-kurtulmus-teror-turkiyede-artik-tutunamayacak\/\"]}]},{\"@type\":\"BreadcrumbList\",\"@id\":\"http:\/\/denizcankizil.tr\/ru\/haberler\/gundem\/tbmm-baskani-kurtulmus-teror-turkiyede-artik-tutunamayacak\/#breadcrumb\",\"itemListElement\":[{\"@type\":\"ListItem\",\"position\":1,\"name\":\"Home\",\"item\":\"https:\/\/denizcankizil.tr\/de\/\"},{\"@type\":\"ListItem\",\"position\":2,\"name\":\"TBMM Ba\u015fkan\u0131 Kurtulmu\u015f: Ter\u00f6r T\u00fcrkiye&#8217;de art\u0131k tutunamayacak\"}]},{\"@type\":\"WebSite\",\"@id\":\"https:\/\/denizcankizil.tr\/#website\",\"url\":\"https:\/\/denizcankizil.tr\/\",\"name\":\"Av. Deniz Can K\u0131z\u0131l\",\"description\":\"Avukat Deniz Can K\u0131z\u0131l Antalya Barosu\",\"publisher\":{\"@id\":\"https:\/\/denizcankizil.tr\/#organization\"},\"potentialAction\":[{\"@type\":\"SearchAction\",\"target\":{\"@type\":\"EntryPoint\",\"urlTemplate\":\"https:\/\/denizcankizil.tr\/?s={search_term_string}\"},\"query-input\":{\"@type\":\"PropertyValueSpecification\",\"valueRequired\":true,\"valueName\":\"search_term_string\"}}],\"inLanguage\":\"ru-RU\"},{\"@type\":\"Organization\",\"@id\":\"https:\/\/denizcankizil.tr\/#organization\",\"name\":\"Av. Deniz Can K\u0131z\u0131l\",\"url\":\"https:\/\/denizcankizil.tr\/\",\"logo\":{\"@type\":\"ImageObject\",\"inLanguage\":\"ru-RU\",\"@id\":\"https:\/\/denizcankizil.tr\/#\/schema\/logo\/image\/\",\"url\":\"http:\/\/denizcankizil.tr\/wp-content\/uploads\/2024\/10\/siyah-logo-svg.svg\",\"contentUrl\":\"http:\/\/denizcankizil.tr\/wp-content\/uploads\/2024\/10\/siyah-logo-svg.svg\",\"width\":1080,\"height\":1080,\"caption\":\"Av. Deniz Can K\u0131z\u0131l\"},\"image\":{\"@id\":\"https:\/\/denizcankizil.tr\/#\/schema\/logo\/image\/\"}}]}<\/script>\n<!-- \/ Yoast SEO Premium plugin. -->","yoast_head_json":{"title":"TBMM Ba\u015fkan\u0131 Kurtulmu\u015f: Ter\u00f6r T\u00fcrkiye'de art\u0131k tutunamayacak - Av. Deniz Can K\u0131z\u0131l","robots":{"index":"index","follow":"follow","max-snippet":"max-snippet:-1","max-image-preview":"max-image-preview:large","max-video-preview":"max-video-preview:-1"},"canonical":"http:\/\/denizcankizil.tr\/ru\/haberler\/gundem\/tbmm-baskani-kurtulmus-teror-turkiyede-artik-tutunamayacak\/","og_locale":"ru_RU","og_type":"article","og_title":"TBMM Ba\u015fkan\u0131 Kurtulmu\u015f: Ter\u00f6r T\u00fcrkiye'de art\u0131k tutunamayacak","og_description":"TBMM Ba\u015fkan\u0131 Numan Kurtulmu\u015f, TUSA\u015e&#8217;\u0131n yerle\u015fkesine y\u00f6nelik ter\u00f6r sald\u0131r\u0131s\u0131na ili\u015fkin, &#8220;Sald\u0131r\u0131n\u0131n ger\u00e7ekle\u015ftirilmesinin arkas\u0131nda kimler var, nereden ne \u015fekilde destek ald\u0131lar, nas\u0131l bunu ger\u00e7ekle\u015ftirdiler in\u015fallah b\u00fct\u00fcn detaylar\u0131yla ortaya \u00e7\u0131kar\u0131lacakt\u0131r.&#8221; dedi.ANKARA (\u0130GFA) &#8211; TBMM Meclis Ba\u015fkan\u0131 Numan Kurtulmu\u015f, Sa\u011fl\u0131k Bakan\u0131 Kemal Memi\u015fo\u011flu, Aile ve Sosyal Hizmetler Bakan\u0131 Mahinur \u00d6zdemir G\u00f6kta\u015f ve AK Parti Grup Ba\u015fkan\u0131 Abdullah G\u00fcler ile TUSA\u015e&#8217;\u0131n Kahramankazan il\u00e7esindeki yerle\u015fkesine y\u00f6nelik ter\u00f6r sald\u0131r\u0131s\u0131nda yaralananlar\u0131 Bilkent \u015eehir Hastanesinde ziyaret etti. Burada yapt\u0131\u011f\u0131 a\u00e7\u0131klamada, \u015fehitlere Allah&#8217;tan rahmet ve yak\u0131nlar\u0131na ba\u015fsa\u011fl\u0131\u011f\u0131 dileyen Kurtulmu\u015f, &#8220;Sald\u0131r\u0131n\u0131n ger\u00e7ekle\u015ftirilmesinin arkas\u0131nda kimler var, nereden ne \u015fekilde destek ald\u0131lar, nas\u0131l bunu ger\u00e7ekle\u015ftirdiler in\u015fallah b\u00fct\u00fcn detaylar\u0131yla ortaya \u00e7\u0131kar\u0131lacakt\u0131r.&#8221; ifadesini kulland\u0131. 40 y\u0131l\u0131 a\u015fk\u0131n s\u00fcredir T\u00fcrkiye&#8217;nin ter\u00f6re kar\u015f\u0131 m\u00fccadele verdi\u011fini vurgulayan Kurtulmu\u015f, &#8220;Millet\u00e7e ter\u00f6r\u00fcn kar\u015f\u0131s\u0131nda yekv\u00fccut olarak durduk ve bu m\u00fccadeleyi bug\u00fcnlere kadar getirdik. Ter\u00f6r T\u00fcrkiye&#8217;de art\u0131k tutunamayacak.&#8221; diye konu\u015ftu. Millet\u00e7e birlik olunmas\u0131 ve ter\u00f6re kar\u015f\u0131 ses y\u00fckseltilmesi gerekti\u011fine vurgu yapan Kurtulmu\u015f, &#8220;Sald\u0131r\u0131n\u0131n \u00fczerinden birtak\u0131m \u015fifreler okunabilir ama olay\u0131n s\u0131cakl\u0131\u011f\u0131 dolay\u0131s\u0131yla bunlar\u0131 sonraya b\u0131rakarak \u00f6ncelikle yaralar\u0131m\u0131z\u0131n sar\u0131lmas\u0131yla me\u015fgul\u00fcz. 22 insan\u0131m\u0131z yaraland\u0131 bu karde\u015flerimizden 3&#8217;\u00fc taburcu edildi 19&#8217;unun hastanelerde tedavisi s\u00fcr\u00fcyor.&#8221; dedi.\u00a0\u00d6zel harekat polisi ve g\u00fcvenlik g\u00f6revlilerini g\u00f6sterdikleri \u00fcst\u00fcn kararl\u0131l\u0131k ve cesaret dolay\u0131s\u0131yla tebrik eden Kurtulmu\u015f, etkili m\u00fcdahaleleri sayesinde tablonun \u00e7ok daha a\u011f\u0131r olmas\u0131n\u0131n \u00f6n\u00fcne ge\u00e7ildi\u011fini s\u00f6yledi.\u00a0Kurtulmu\u015f, Bilkent \u015eehir Hastanesinde tedavi g\u00f6ren &hellip;","og_url":"http:\/\/denizcankizil.tr\/ru\/haberler\/gundem\/tbmm-baskani-kurtulmus-teror-turkiyede-artik-tutunamayacak\/","og_site_name":"Av. Deniz Can K\u0131z\u0131l","article_published_time":"2024-10-24T08:41:52+00:00","twitter_card":"summary_large_image","twitter_misc":{"\u041f\u0440\u0438\u043c\u0435\u0440\u043d\u043e\u0435 \u0432\u0440\u0435\u043c\u044f \u0434\u043b\u044f \u0447\u0442\u0435\u043d\u0438\u044f":"4 \u043c\u0438\u043d\u0443\u0442\u044b"},"schema":{"@context":"https:\/\/schema.org","@graph":[{"@type":"Article","@id":"http:\/\/denizcankizil.tr\/ru\/haberler\/gundem\/tbmm-baskani-kurtulmus-teror-turkiyede-artik-tutunamayacak\/#article","isPartOf":{"@id":"http:\/\/denizcankizil.tr\/ru\/haberler\/gundem\/tbmm-baskani-kurtulmus-teror-turkiyede-artik-tutunamayacak\/"},"author":{"name":"","@id":""},"headline":"TBMM Ba\u015fkan\u0131 Kurtulmu\u015f: Ter\u00f6r T\u00fcrkiye&#8217;de art\u0131k tutunamayacak","datePublished":"2024-10-24T08:41:52+00:00","mainEntityOfPage":{"@id":"http:\/\/denizcankizil.tr\/ru\/haberler\/gundem\/tbmm-baskani-kurtulmus-teror-turkiyede-artik-tutunamayacak\/"},"wordCount":733,"commentCount":0,"publisher":{"@id":"https:\/\/denizcankizil.tr\/#organization"},"articleSection":["G\u00fcndem","Uncategorized"],"inLanguage":"ru-RU","potentialAction":[{"@type":"CommentAction","name":"Comment","target":["http:\/\/denizcankizil.tr\/ru\/haberler\/gundem\/tbmm-baskani-kurtulmus-teror-turkiyede-artik-tutunamayacak\/#respond"]}]},{"@type":"WebPage","@id":"http:\/\/denizcankizil.tr\/ru\/haberler\/gundem\/tbmm-baskani-kurtulmus-teror-turkiyede-artik-tutunamayacak\/","url":"http:\/\/denizcankizil.tr\/ru\/haberler\/gundem\/tbmm-baskani-kurtulmus-teror-turkiyede-artik-tutunamayacak\/","name":"TBMM Ba\u015fkan\u0131 Kurtulmu\u015f: Ter\u00f6r T\u00fcrkiye'de art\u0131k tutunamayacak - Av. Deniz Can K\u0131z\u0131l","isPartOf":{"@id":"https:\/\/denizcankizil.tr\/#website"},"datePublished":"2024-10-24T08:41:52+00:00","breadcrumb":{"@id":"http:\/\/denizcankizil.tr\/ru\/haberler\/gundem\/tbmm-baskani-kurtulmus-teror-turkiyede-artik-tutunamayacak\/#breadcrumb"},"inLanguage":"ru-RU","potentialAction":[{"@type":"ReadAction","target":["http:\/\/denizcankizil.tr\/ru\/haberler\/gundem\/tbmm-baskani-kurtulmus-teror-turkiyede-artik-tutunamayacak\/"]}]},{"@type":"BreadcrumbList","@id":"http:\/\/denizcankizil.tr\/ru\/haberler\/gundem\/tbmm-baskani-kurtulmus-teror-turkiyede-artik-tutunamayacak\/#breadcrumb","itemListElement":[{"@type":"ListItem","position":1,"name":"Home","item":"https:\/\/denizcankizil.tr\/de\/"},{"@type":"ListItem","position":2,"name":"TBMM Ba\u015fkan\u0131 Kurtulmu\u015f: Ter\u00f6r T\u00fcrkiye&#8217;de art\u0131k tutunamayacak"}]},{"@type":"WebSite","@id":"https:\/\/denizcankizil.tr\/#website","url":"https:\/\/denizcankizil.tr\/","name":"Av. Deniz Can K\u0131z\u0131l","description":"Avukat Deniz Can K\u0131z\u0131l Antalya Barosu","publisher":{"@id":"https:\/\/denizcankizil.tr\/#organization"},"potentialAction":[{"@type":"SearchAction","target":{"@type":"EntryPoint","urlTemplate":"https:\/\/denizcankizil.tr\/?s={search_term_string}"},"query-input":{"@type":"PropertyValueSpecification","valueRequired":true,"valueName":"search_term_string"}}],"inLanguage":"ru-RU"},{"@type":"Organization","@id":"https:\/\/denizcankizil.tr\/#organization","name":"Av. Deniz Can K\u0131z\u0131l","url":"https:\/\/denizcankizil.tr\/","logo":{"@type":"ImageObject","inLanguage":"ru-RU","@id":"https:\/\/denizcankizil.tr\/#\/schema\/logo\/image\/","url":"http:\/\/denizcankizil.tr\/wp-content\/uploads\/2024\/10\/siyah-logo-svg.svg","contentUrl":"http:\/\/denizcankizil.tr\/wp-content\/uploads\/2024\/10\/siyah-logo-svg.svg","width":1080,"height":1080,"caption":"Av. Deniz Can K\u0131z\u0131l"},"image":{"@id":"https:\/\/denizcankizil.tr\/#\/schema\/logo\/image\/"}}]}},"_links":{"self":[{"href":"http:\/\/denizcankizil.tr\/ru\/wp-json\/wp\/v2\/posts\/7442","targetHints":{"allow":["GET"]}}],"collection":[{"href":"http:\/\/denizcankizil.tr\/ru\/wp-json\/wp\/v2\/posts"}],"about":[{"href":"http:\/\/denizcankizil.tr\/ru\/wp-json\/wp\/v2\/types\/post"}],"replies":[{"embeddable":true,"href":"http:\/\/denizcankizil.tr\/ru\/wp-json\/wp\/v2\/comments?post=7442"}],"version-history":[{"count":0,"href":"http:\/\/denizcankizil.tr\/ru\/wp-json\/wp\/v2\/posts\/7442\/revisions"}],"wp:attachment":[{"href":"http:\/\/denizcankizil.tr\/ru\/wp-json\/wp\/v2\/media?parent=7442"}],"wp:term":[{"taxonomy":"category","embeddable":true,"href":"http:\/\/denizcankizil.tr\/ru\/wp-json\/wp\/v2\/categories?post=7442"},{"taxonomy":"post_tag","embeddable":true,"href":"http:\/\/denizcankizil.tr\/ru\/wp-json\/wp\/v2\/tags?post=7442"}],"curies":[{"name":"wp","href":"https:\/\/api.w.org\/{rel}","templated":true}]}}