{"id":7431,"date":"2024-10-24T11:24:00","date_gmt":"2024-10-24T08:24:00","guid":{"rendered":"https:\/\/denizcankizil.tr\/uncategorized-tr\/istanbul-2-nolu-barosunda-6-avukat-ruhsatnamesini-aldi\/"},"modified":"2024-10-24T11:24:00","modified_gmt":"2024-10-24T08:24:00","slug":"istanbul-2-nolu-barosunda-6-avukat-ruhsatnamesini-aldi","status":"publish","type":"post","link":"http:\/\/denizcankizil.tr\/ru\/hukukihaber\/istanbul-2-nolu-barosunda-6-avukat-ruhsatnamesini-aldi\/","title":{"rendered":"\u041e\u043d \u043f\u043e\u043b\u0443\u0447\u0438\u043b \u043b\u0438\u0446\u0435\u043d\u0437\u0438\u044e \u0430\u0434\u0432\u043e\u043a\u0430\u0442\u0430 \u2116 2 \u0432 \u0421\u0442\u0430\u043c\u0431\u0443\u043b\u044c\u0441\u043a\u043e\u0439 \u043a\u043e\u043b\u043b\u0435\u0433\u0438\u0438 \u0430\u0434\u0432\u043e\u043a\u0430\u0442\u043e\u0432 \u2116 6"},"content":{"rendered":"<p>\u0130stanbul 2 Nolu Barosu&#8217;nda ger\u00e7ekle\u015ftirilen\u00a0t\u00f6renle; Av. Rumeysa Bakar, Av. Eren Y\u00fccel, Av. Mustafa Kemal Dalan, Av. Muzaffer Alptu\u011f Bilen, Av. Mustafa Kaan Aksoy, Av. Tar\u0131k \u00d6zkan, ruhsatlar\u0131n\u0131 ald\u0131.<\/p>\n<p>Baro Ba\u015fkan\u0131 avukat Yasin \u015eaml\u0131,\u00a0&#8220;Gen\u00e7 karde\u015flerimize ba\u015far\u0131lar diliyorum. Baromuz hayat boyu yanlar\u0131nda olacakt\u0131r.&#8221; dedi.<\/p>\n<p>\u200b\u0130stanbul 2 Nolu Barosu&#8217;nda staj d\u00f6nemlerini ba\u015far\u0131yla tamamlayan 6 avukat ruhsatnamesini ald\u0131.\u00a0Hukuki Haber<\/p>","protected":false},"excerpt":{"rendered":"<p>\u0130stanbul 2 Nolu Barosu&#8217;nda ger\u00e7ekle\u015ftirilen\u00a0t\u00f6renle; Av. Rumeysa Bakar, Av. Eren Y\u00fccel, Av. Mustafa Kemal Dalan, Av. Muzaffer Alptu\u011f Bilen, Av. Mustafa Kaan Aksoy, Av. Tar\u0131k \u00d6zkan, ruhsatlar\u0131n\u0131 ald\u0131. Baro Ba\u015fkan\u0131 avukat Yasin \u015eaml\u0131,\u00a0&#8220;Gen\u00e7 karde\u015flerimize ba\u015far\u0131lar diliyorum. Baromuz hayat boyu yanlar\u0131nda olacakt\u0131r.&#8221; dedi. \u200b\u0130stanbul 2 Nolu Barosu&#8217;nda staj d\u00f6nemlerini ba\u015far\u0131yla tamamlayan 6 avukat ruhsatnamesini ald\u0131.\u00a0Hukuki Haber<\/p>","protected":false},"author":0,"featured_media":0,"comment_status":"open","ping_status":"open","sticky":false,"template":"","format":"standard","meta":{"_acf_changed":false,"footnotes":""},"categories":[27,535],"tags":[],"class_list":["post-7431","post","type-post","status-publish","format-standard","has-post-thumbnail","hentry","category-hukukihaber","category-uncategorized-tr"],"acf":[],"yoast_head":"<!-- This site is optimized with the Yoast SEO Premium plugin v26.6 (Yoast SEO v27.1.1) - https:\/\/yoast.com\/product\/yoast-seo-premium-wordpress\/ -->\n<title>\u0130stanbul 2 Nolu Barosu&#039;nda 6 avukat ruhsatnamesini ald\u0131 - Av. Deniz Can K\u0131z\u0131l<\/title>\n<meta name=\"robots\" content=\"index, follow, max-snippet:-1, max-image-preview:large, max-video-preview:-1\" \/>\n<link rel=\"canonical\" href=\"http:\/\/denizcankizil.tr\/ru\/hukukihaber\/istanbul-2-nolu-barosunda-6-avukat-ruhsatnamesini-aldi\/\" \/>\n<meta property=\"og:locale\" content=\"ru_RU\" \/>\n<meta property=\"og:type\" content=\"article\" \/>\n<meta property=\"og:title\" content=\"\u0130stanbul 2 Nolu Barosu&#039;nda 6 avukat ruhsatnamesini ald\u0131\" \/>\n<meta property=\"og:description\" content=\"\u0130stanbul 2 Nolu Barosu&#8217;nda ger\u00e7ekle\u015ftirilen\u00a0t\u00f6renle; Av. Rumeysa Bakar, Av. Eren Y\u00fccel, Av. Mustafa Kemal Dalan, Av. Muzaffer Alptu\u011f Bilen, Av. Mustafa Kaan Aksoy, Av. Tar\u0131k \u00d6zkan, ruhsatlar\u0131n\u0131 ald\u0131. Baro Ba\u015fkan\u0131 avukat Yasin \u015eaml\u0131,\u00a0&#8220;Gen\u00e7 karde\u015flerimize ba\u015far\u0131lar diliyorum. Baromuz hayat boyu yanlar\u0131nda olacakt\u0131r.&#8221; dedi. \u200b\u0130stanbul 2 Nolu Barosu&#8217;nda staj d\u00f6nemlerini ba\u015far\u0131yla tamamlayan 6 avukat ruhsatnamesini ald\u0131.\u00a0Hukuki Haber\" \/>\n<meta property=\"og:url\" content=\"http:\/\/denizcankizil.tr\/ru\/hukukihaber\/istanbul-2-nolu-barosunda-6-avukat-ruhsatnamesini-aldi\/\" \/>\n<meta property=\"og:site_name\" content=\"Av. Deniz Can K\u0131z\u0131l\" \/>\n<meta property=\"article:published_time\" content=\"2024-10-24T08:24:00+00:00\" \/>\n<meta name=\"twitter:card\" content=\"summary_large_image\" \/>\n<script type=\"application\/ld+json\" class=\"yoast-schema-graph\">{\"@context\":\"https:\/\/schema.org\",\"@graph\":[{\"@type\":\"Article\",\"@id\":\"http:\/\/denizcankizil.tr\/ru\/hukukihaber\/istanbul-2-nolu-barosunda-6-avukat-ruhsatnamesini-aldi\/#article\",\"isPartOf\":{\"@id\":\"http:\/\/denizcankizil.tr\/ru\/hukukihaber\/istanbul-2-nolu-barosunda-6-avukat-ruhsatnamesini-aldi\/\"},\"author\":{\"name\":\"\",\"@id\":\"\"},\"headline\":\"\u0130stanbul 2 Nolu Barosu&#8217;nda 6 avukat ruhsatnamesini ald\u0131\",\"datePublished\":\"2024-10-24T08:24:00+00:00\",\"mainEntityOfPage\":{\"@id\":\"http:\/\/denizcankizil.tr\/ru\/hukukihaber\/istanbul-2-nolu-barosunda-6-avukat-ruhsatnamesini-aldi\/\"},\"wordCount\":79,\"commentCount\":0,\"publisher\":{\"@id\":\"https:\/\/denizcankizil.tr\/de\/#organization\"},\"articleSection\":[\"Hukuki Haberler\",\"Uncategorized\"],\"inLanguage\":\"ru-RU\",\"potentialAction\":[{\"@type\":\"CommentAction\",\"name\":\"Comment\",\"target\":[\"http:\/\/denizcankizil.tr\/ru\/hukukihaber\/istanbul-2-nolu-barosunda-6-avukat-ruhsatnamesini-aldi\/#respond\"]}]},{\"@type\":\"WebPage\",\"@id\":\"http:\/\/denizcankizil.tr\/ru\/hukukihaber\/istanbul-2-nolu-barosunda-6-avukat-ruhsatnamesini-aldi\/\",\"url\":\"http:\/\/denizcankizil.tr\/ru\/hukukihaber\/istanbul-2-nolu-barosunda-6-avukat-ruhsatnamesini-aldi\/\",\"name\":\"\u0130stanbul 2 Nolu Barosu'nda 6 avukat ruhsatnamesini ald\u0131 - Av. Deniz Can K\u0131z\u0131l\",\"isPartOf\":{\"@id\":\"https:\/\/denizcankizil.tr\/de\/#website\"},\"datePublished\":\"2024-10-24T08:24:00+00:00\",\"breadcrumb\":{\"@id\":\"http:\/\/denizcankizil.tr\/ru\/hukukihaber\/istanbul-2-nolu-barosunda-6-avukat-ruhsatnamesini-aldi\/#breadcrumb\"},\"inLanguage\":\"ru-RU\",\"potentialAction\":[{\"@type\":\"ReadAction\",\"target\":[\"http:\/\/denizcankizil.tr\/ru\/hukukihaber\/istanbul-2-nolu-barosunda-6-avukat-ruhsatnamesini-aldi\/\"]}]},{\"@type\":\"BreadcrumbList\",\"@id\":\"http:\/\/denizcankizil.tr\/ru\/hukukihaber\/istanbul-2-nolu-barosunda-6-avukat-ruhsatnamesini-aldi\/#breadcrumb\",\"itemListElement\":[{\"@type\":\"ListItem\",\"position\":1,\"name\":\"Home\",\"item\":\"https:\/\/denizcankizil.tr\/de\/\"},{\"@type\":\"ListItem\",\"position\":2,\"name\":\"\u0130stanbul 2 Nolu Barosu&#8217;nda 6 avukat ruhsatnamesini ald\u0131\"}]},{\"@type\":\"WebSite\",\"@id\":\"https:\/\/denizcankizil.tr\/de\/#website\",\"url\":\"https:\/\/denizcankizil.tr\/de\/\",\"name\":\"Av. Deniz Can K\u0131z\u0131l\",\"description\":\"Avukat Deniz Can K\u0131z\u0131l Antalya Barosu\",\"publisher\":{\"@id\":\"https:\/\/denizcankizil.tr\/de\/#organization\"},\"potentialAction\":[{\"@type\":\"SearchAction\",\"target\":{\"@type\":\"EntryPoint\",\"urlTemplate\":\"https:\/\/denizcankizil.tr\/de\/?s={search_term_string}\"},\"query-input\":{\"@type\":\"PropertyValueSpecification\",\"valueRequired\":true,\"valueName\":\"search_term_string\"}}],\"inLanguage\":\"ru-RU\"},{\"@type\":\"Organization\",\"@id\":\"https:\/\/denizcankizil.tr\/de\/#organization\",\"name\":\"Av. Deniz Can K\u0131z\u0131l\",\"url\":\"https:\/\/denizcankizil.tr\/de\/\",\"logo\":{\"@type\":\"ImageObject\",\"inLanguage\":\"ru-RU\",\"@id\":\"https:\/\/denizcankizil.tr\/de\/#\/schema\/logo\/image\/\",\"url\":\"http:\/\/denizcankizil.tr\/wp-content\/uploads\/2024\/10\/siyah-logo-svg.svg\",\"contentUrl\":\"http:\/\/denizcankizil.tr\/wp-content\/uploads\/2024\/10\/siyah-logo-svg.svg\",\"width\":1080,\"height\":1080,\"caption\":\"Av. Deniz Can K\u0131z\u0131l\"},\"image\":{\"@id\":\"https:\/\/denizcankizil.tr\/de\/#\/schema\/logo\/image\/\"}}]}<\/script>\n<!-- \/ Yoast SEO Premium plugin. -->","yoast_head_json":{"title":"\u0130stanbul 2 Nolu Barosu'nda 6 avukat ruhsatnamesini ald\u0131 - Av. Deniz Can K\u0131z\u0131l","robots":{"index":"index","follow":"follow","max-snippet":"max-snippet:-1","max-image-preview":"max-image-preview:large","max-video-preview":"max-video-preview:-1"},"canonical":"http:\/\/denizcankizil.tr\/ru\/hukukihaber\/istanbul-2-nolu-barosunda-6-avukat-ruhsatnamesini-aldi\/","og_locale":"ru_RU","og_type":"article","og_title":"\u0130stanbul 2 Nolu Barosu'nda 6 avukat ruhsatnamesini ald\u0131","og_description":"\u0130stanbul 2 Nolu Barosu&#8217;nda ger\u00e7ekle\u015ftirilen\u00a0t\u00f6renle; Av. Rumeysa Bakar, Av. Eren Y\u00fccel, Av. Mustafa Kemal Dalan, Av. Muzaffer Alptu\u011f Bilen, Av. Mustafa Kaan Aksoy, Av. Tar\u0131k \u00d6zkan, ruhsatlar\u0131n\u0131 ald\u0131. Baro Ba\u015fkan\u0131 avukat Yasin \u015eaml\u0131,\u00a0&#8220;Gen\u00e7 karde\u015flerimize ba\u015far\u0131lar diliyorum. Baromuz hayat boyu yanlar\u0131nda olacakt\u0131r.&#8221; dedi. \u200b\u0130stanbul 2 Nolu Barosu&#8217;nda staj d\u00f6nemlerini ba\u015far\u0131yla tamamlayan 6 avukat ruhsatnamesini ald\u0131.\u00a0Hukuki Haber","og_url":"http:\/\/denizcankizil.tr\/ru\/hukukihaber\/istanbul-2-nolu-barosunda-6-avukat-ruhsatnamesini-aldi\/","og_site_name":"Av. Deniz Can K\u0131z\u0131l","article_published_time":"2024-10-24T08:24:00+00:00","twitter_card":"summary_large_image","schema":{"@context":"https:\/\/schema.org","@graph":[{"@type":"Article","@id":"http:\/\/denizcankizil.tr\/ru\/hukukihaber\/istanbul-2-nolu-barosunda-6-avukat-ruhsatnamesini-aldi\/#article","isPartOf":{"@id":"http:\/\/denizcankizil.tr\/ru\/hukukihaber\/istanbul-2-nolu-barosunda-6-avukat-ruhsatnamesini-aldi\/"},"author":{"name":"","@id":""},"headline":"\u0130stanbul 2 Nolu Barosu&#8217;nda 6 avukat ruhsatnamesini ald\u0131","datePublished":"2024-10-24T08:24:00+00:00","mainEntityOfPage":{"@id":"http:\/\/denizcankizil.tr\/ru\/hukukihaber\/istanbul-2-nolu-barosunda-6-avukat-ruhsatnamesini-aldi\/"},"wordCount":79,"commentCount":0,"publisher":{"@id":"https:\/\/denizcankizil.tr\/de\/#organization"},"articleSection":["Hukuki Haberler","Uncategorized"],"inLanguage":"ru-RU","potentialAction":[{"@type":"CommentAction","name":"Comment","target":["http:\/\/denizcankizil.tr\/ru\/hukukihaber\/istanbul-2-nolu-barosunda-6-avukat-ruhsatnamesini-aldi\/#respond"]}]},{"@type":"WebPage","@id":"http:\/\/denizcankizil.tr\/ru\/hukukihaber\/istanbul-2-nolu-barosunda-6-avukat-ruhsatnamesini-aldi\/","url":"http:\/\/denizcankizil.tr\/ru\/hukukihaber\/istanbul-2-nolu-barosunda-6-avukat-ruhsatnamesini-aldi\/","name":"\u0130stanbul 2 Nolu Barosu'nda 6 avukat ruhsatnamesini ald\u0131 - Av. Deniz Can K\u0131z\u0131l","isPartOf":{"@id":"https:\/\/denizcankizil.tr\/de\/#website"},"datePublished":"2024-10-24T08:24:00+00:00","breadcrumb":{"@id":"http:\/\/denizcankizil.tr\/ru\/hukukihaber\/istanbul-2-nolu-barosunda-6-avukat-ruhsatnamesini-aldi\/#breadcrumb"},"inLanguage":"ru-RU","potentialAction":[{"@type":"ReadAction","target":["http:\/\/denizcankizil.tr\/ru\/hukukihaber\/istanbul-2-nolu-barosunda-6-avukat-ruhsatnamesini-aldi\/"]}]},{"@type":"BreadcrumbList","@id":"http:\/\/denizcankizil.tr\/ru\/hukukihaber\/istanbul-2-nolu-barosunda-6-avukat-ruhsatnamesini-aldi\/#breadcrumb","itemListElement":[{"@type":"ListItem","position":1,"name":"Home","item":"https:\/\/denizcankizil.tr\/de\/"},{"@type":"ListItem","position":2,"name":"\u0130stanbul 2 Nolu Barosu&#8217;nda 6 avukat ruhsatnamesini ald\u0131"}]},{"@type":"WebSite","@id":"https:\/\/denizcankizil.tr\/de\/#website","url":"https:\/\/denizcankizil.tr\/de\/","name":"Av. Deniz Can K\u0131z\u0131l","description":"Avukat Deniz Can K\u0131z\u0131l Antalya Barosu","publisher":{"@id":"https:\/\/denizcankizil.tr\/de\/#organization"},"potentialAction":[{"@type":"SearchAction","target":{"@type":"EntryPoint","urlTemplate":"https:\/\/denizcankizil.tr\/de\/?s={search_term_string}"},"query-input":{"@type":"PropertyValueSpecification","valueRequired":true,"valueName":"search_term_string"}}],"inLanguage":"ru-RU"},{"@type":"Organization","@id":"https:\/\/denizcankizil.tr\/de\/#organization","name":"Av. Deniz Can K\u0131z\u0131l","url":"https:\/\/denizcankizil.tr\/de\/","logo":{"@type":"ImageObject","inLanguage":"ru-RU","@id":"https:\/\/denizcankizil.tr\/de\/#\/schema\/logo\/image\/","url":"http:\/\/denizcankizil.tr\/wp-content\/uploads\/2024\/10\/siyah-logo-svg.svg","contentUrl":"http:\/\/denizcankizil.tr\/wp-content\/uploads\/2024\/10\/siyah-logo-svg.svg","width":1080,"height":1080,"caption":"Av. Deniz Can K\u0131z\u0131l"},"image":{"@id":"https:\/\/denizcankizil.tr\/de\/#\/schema\/logo\/image\/"}}]}},"_links":{"self":[{"href":"http:\/\/denizcankizil.tr\/ru\/wp-json\/wp\/v2\/posts\/7431","targetHints":{"allow":["GET"]}}],"collection":[{"href":"http:\/\/denizcankizil.tr\/ru\/wp-json\/wp\/v2\/posts"}],"about":[{"href":"http:\/\/denizcankizil.tr\/ru\/wp-json\/wp\/v2\/types\/post"}],"replies":[{"embeddable":true,"href":"http:\/\/denizcankizil.tr\/ru\/wp-json\/wp\/v2\/comments?post=7431"}],"version-history":[{"count":0,"href":"http:\/\/denizcankizil.tr\/ru\/wp-json\/wp\/v2\/posts\/7431\/revisions"}],"wp:attachment":[{"href":"http:\/\/denizcankizil.tr\/ru\/wp-json\/wp\/v2\/media?parent=7431"}],"wp:term":[{"taxonomy":"category","embeddable":true,"href":"http:\/\/denizcankizil.tr\/ru\/wp-json\/wp\/v2\/categories?post=7431"},{"taxonomy":"post_tag","embeddable":true,"href":"http:\/\/denizcankizil.tr\/ru\/wp-json\/wp\/v2\/tags?post=7431"}],"curies":[{"name":"wp","href":"https:\/\/api.w.org\/{rel}","templated":true}]}}