{"id":73405,"date":"2025-05-02T08:42:22","date_gmt":"2025-05-02T05:42:22","guid":{"rendered":"https:\/\/denizcankizil.tr\/uncategorized-tr\/baskan-tugay-siz-tasarlayin-birlikte-uygulayalim\/"},"modified":"2025-05-02T08:42:22","modified_gmt":"2025-05-02T05:42:22","slug":"baskan-tugay-siz-tasarlayin-birlikte-uygulayalim","status":"publish","type":"post","link":"http:\/\/denizcankizil.tr\/ru\/haberler\/gundem\/baskan-tugay-siz-tasarlayin-birlikte-uygulayalim\/","title":{"rendered":"Ba\u015fkan Tugay: Siz tasarlay\u0131n birlikte uygulayal\u0131m"},"content":{"rendered":"<p>\u0130zmir B\u00fcy\u00fck\u015fehir Belediye Ba\u015fkan\u0131 Dr. Cemil Tugay\u2019\u0131n kat\u0131l\u0131mc\u0131 belediyecilik anlay\u0131\u015f\u0131yla \u0130zmirlilerin kamusal alanlardan daha nitelikli ve daha g\u00fcvenli bir \u015fekilde faydalanabilmeleri i\u00e7in ba\u015flatt\u0131\u011f\u0131 G\u00fczel \u0130zmir Hareketi s\u00fcr\u00fcyor.\u0130ZM\u0130R (\u0130GFA) &#8211; Ba\u015fkan Tugay, uzmanlar ve \u00fcniversite \u00f6\u011frencileriyle bir araya geldi\u011fi \u201cG\u00fczel \u0130zmir Hareketi B\u00fcy\u00fcyor, Kente Yay\u0131l\u0131yor\u201d panelinde konu\u015ftu. Gen\u00e7lere seslenen Tugay, \u201cSizler tasarlay\u0131n, sonra birlikte uygulayal\u0131m. Hepimiz k\u00f6\u015felerimize \u00e7ekildi\u011fimizde ke\u015fke bu \u015fehirde daha fazla s\u00f6z\u00fcm\u00fcz ge\u00e7se, daha fazla fikirlerimiz hayata ge\u00e7se diyoruz. \u0130\u015fte bu bir uygulama f\u0131rsat\u0131. Bu hareketin b\u00fcy\u00fcyerek geli\u015fece\u011fine inan\u0131yorum\u201d dedi.<br \/>\n\u0130zmir B\u00fcy\u00fck\u015fehir Belediye Ba\u015fkan\u0131 Dr. Cemil Tugay, kamusal alanlar\u0131n daha nitelikli hale getirilmesi amac\u0131yla \u0130zmirlilerle birlikte kat\u0131l\u0131mc\u0131 belediyecilik anlay\u0131\u015f\u0131yla ba\u015flat\u0131lan G\u00fczel \u0130zmir Hareketi kapsam\u0131nda d\u00fczenlenen panele kat\u0131ld\u0131. Kemeralt\u0131 \u00c7ar\u015f\u0131s\u0131 Havra Soka\u011f\u0131\u2019nda yer alan Tarihi Ak\u0131n Pasaj\u0131\u2019ndaki \u201cG\u00fczel \u0130zmir Hareketi B\u00fcy\u00fcyor, Kente Yay\u0131l\u0131yor\u201d panelinde \u00fcniversite \u00f6\u011frencileri, tasar\u0131mc\u0131lar, \u015fehir planc\u0131lar\u0131, yerel y\u00f6netim temsilcileri ve b\u00fcrokratlar bulu\u015ftu. \u015eehir Planc\u0131s\u0131 Ali Faruk G\u00f6ksu\u2019nun moderat\u00f6rl\u00fc\u011f\u00fcnde yap\u0131lan panelde G\u00fczel \u0130zmir Hareketi Koordinat\u00f6r\u00fc Esra Y\u0131lmaz Keskin de \u0130zmir B\u00fcy\u00fck\u015fehir Belediyesi\u2019nin i\u015ftiraki Ege\u015fehir A\u015e b\u00fcnyesinde geli\u015ftirilen proje hakk\u0131nda bilgi verdi. Etkinlikte kat\u0131l\u0131mc\u0131lar aras\u0131nda fikir al\u0131\u015fveri\u015finde de bulunuldu.<br \/>\nKATILIMCILIK VURGUSU<br \/>\nPanelde konu\u015fan \u0130zmir B\u00fcy\u00fck\u015fehir Belediye Ba\u015fkan\u0131 Dr. Cemil Tugay, kat\u0131l\u0131mc\u0131 y\u00f6netim anlay\u0131\u015f\u0131n\u0131n \u00f6nemine dikkat \u00e7ekerek \u201cKat\u0131l\u0131mc\u0131l\u0131\u011f\u0131 pek \u00e7ok alanda sa\u011flamam\u0131z laz\u0131m. Bir birim kurduk. O birim kendisine G\u00fczel \u0130zmir Hareketi ad\u0131n\u0131 verdi. \u0130zmir\u2019in kamusal alanlar\u0131n\u0131n tasar\u0131m\u0131nda ba\u015fta konuyla ilgili olan gen\u00e7 arkada\u015flar\u0131m\u0131z olmak \u00fczere g\u00f6n\u00fcll\u00fc herkesin kat\u0131l\u0131m\u0131n\u0131 sa\u011flayan bir sistem kural\u0131m istedik. \u0130zmir\u2019imizi beraberce tasarlamak \u00fczere yola \u00e7\u0131kt\u0131k\u201d dedi.Panelin \u00f6zellikle Kemeralt\u0131\u2019nda Tarihi Ak\u0131n Pasaj\u0131\u2019nda yap\u0131ld\u0131\u011f\u0131n\u0131 belirten Tugay, \u201cBuras\u0131 belediyenin TARKEM ile beraber restore etti\u011fi ve tekrar kullan\u0131ma a\u00e7t\u0131\u011f\u0131 bir alan. Agora, Kadifekale gibi alanlar\u0131n yak\u0131n\u0131nda olan, Tarihi Liman B\u00f6lgesi denen b\u00f6lge, i\u00e7inde gizli hazineler bar\u0131nd\u0131r\u0131yor. Tekrar kullan\u0131ma kazand\u0131r\u0131lmay\u0131 bekleyen pek \u00e7ok alan var burada.\u00a0 Tarihi ve k\u00fclt\u00fcrel mirasa vurgu yapmak i\u00e7in bu toplant\u0131y\u0131 burada yapmak istedik. Bizim \u0130zmir\u2019e dair hayalimizde tarihten, k\u00f6klerinden gelen zenginli\u011fi, g\u00fcc\u00fc tasar\u0131mla bulu\u015fturmak var\u201d diye konu\u015ftu. \u00a0<br \/>\n4 \u0130L\u00c7EDE MARATON<br \/>\nG\u00fczel \u0130zmir Hareketi kapsam\u0131nda \u015fimdiye kadar pek \u00e7ok proje, fikir geli\u015ftirildi\u011fini, baz\u0131lar\u0131nda uygulamaya ge\u00e7ildi\u011fini, baz\u0131lar\u0131nda ilk ad\u0131mlar\u0131n at\u0131ld\u0131\u011f\u0131n\u0131 belirten Tugay, Karaba\u011flar Cevdet G\u00fc\u00e7l\u00fcer \u0130lkokulu ve Yunus Emre Ortaokulu \u00e7evresinde ger\u00e7ekle\u015ftirilen \u00e7al\u0131\u015fmay\u0131 \u00f6rnek g\u00f6sterdi. Tugay, b\u00f6lgede daha g\u00fcvenli bir ortam yarat\u0131ld\u0131\u011f\u0131n\u0131 ve daha estetik bir g\u00f6r\u00fcn\u00fcm elde edildi\u011fini belirterek \u201cAyn\u0131 zamanda arabalar\u0131n rastgele park etti\u011fi, adeta izbe halinde olan bir sokak \u00e7ocuklar\u0131n ve ailelerin kullanabildi\u011fi yayala\u015fm\u0131\u015f bir oyun soka\u011f\u0131 haline getirildi. Arkada\u015flar\u0131m\u0131z bunu \u0130zmir\u2019in d\u00f6rt bir k\u00f6\u015fesinde, ba\u015fka okullar\u0131n \u00e7evresinde de uygulamaya \u00e7al\u0131\u015f\u0131yor. \u015eu an \u00c7i\u011fli\u2019de bir \u00e7al\u0131\u015fma s\u00fcr\u00fcyor. Bunun gibi kentin \u00f6zellikle d\u0131\u015f mahallelerinde ihmal edilmi\u015f alanlarda benzer kamusal alan tasar\u0131mlar\u0131 yapaca\u011f\u0131z. Burada yak\u0131n zamanda geli\u015ftirdi\u011fimiz bir ba\u015fka fikri de konu\u015faca\u011f\u0131z. O da 16-19 May\u0131s tarihleri aras\u0131nda d\u00f6rt il\u00e7emizde kamusal alanlarda \u00f6zg\u00fcrce fikirsel tasar\u0131m geli\u015ftirilmesi i\u00e7in k\u00fc\u00e7\u00fck bir maraton ger\u00e7ekle\u015ftirece\u011fiz. Gen\u00e7lerimizle birlikte bunu yapaca\u011f\u0131z. Seferihisar, \u00c7e\u015fme, Karaburun ve Fo\u00e7a ilk etap i\u00e7in d\u00fc\u015f\u00fcnd\u00fc\u011f\u00fcm\u00fcz il\u00e7eler. Turistik b\u00f6lgeler oldu\u011fu i\u00e7in yapaca\u011f\u0131m\u0131z h\u0131zl\u0131 bir \u00e7al\u0131\u015fmayla sezon \u00f6ncesinde uygulama yapabiliriz\u201d dedi.<br \/>\nT\u00dcM \u0130ZM\u0130RL\u0130LER DAVETL\u0130<br \/>\nGen\u00e7ler ba\u015fta olmak \u00fczere t\u00fcm \u0130zmirlileri tasar\u0131m hareketine davet eden Ba\u015fkan Tugay, gen\u00e7lere seslenerek \u201cSizler tasarlay\u0131n ve sonra birlikte uygulayal\u0131m. Bug\u00fcn burada bulunman\u0131z, bu fikirleri sahiplenmeniz hepimiz i\u00e7in \u00e7ok \u00f6nemli. Hepimiz k\u00f6\u015felerimize \u00e7ekildi\u011fimizde, ke\u015fke bu \u015fehirde daha fazla s\u00f6z\u00fcm\u00fcz ge\u00e7se, daha fazla fikirlerimiz hayata ge\u00e7se diyoruz. \u0130\u015fte bu bir uygulama f\u0131rsat\u0131. Bu hareketin b\u00fcy\u00fcyerek geli\u015fece\u011fine inan\u0131yorum. T\u00fcrkiye ve belki d\u00fcnya i\u00e7in \u00f6rnek bir \u00e7al\u0131\u015fman\u0131n i\u00e7inde olacaksan\u0131z\u201d dedi.Cesur olmak gerekti\u011fini de belirten Tugay, s\u00f6zlerini \u015f\u00f6yle s\u00fcrd\u00fcrd\u00fc: \u201c\u0130nand\u0131\u011f\u0131m\u0131z yolda y\u00fcr\u00fcmek, kararl\u0131l\u0131k ve cesaret istiyor. Konu\u015fup konu\u015fup hi\u00e7bir \u015fey yapmamak de\u011fil, konu\u015fulanlar\u0131 hayata ge\u00e7irmek \u00fczere emek ortaya koymak \u00f6nemli. Bu, sadece \u0130zmir i\u00e7in de\u011fil T\u00fcrkiye, d\u00fcnya i\u00e7in \u00e7ok de\u011ferli bir \u00e7aba olacak. \u015eimdiden 19 May\u0131s Atat\u00fcrk\u2019\u00fc Anma, Gen\u00e7lik ve Spor Bayram\u0131n\u0131z\u0131 kutluyorum. Sizlerin \u00e7ok g\u00fczel i\u015fler yapaca\u011f\u0131na dair inanc\u0131m tam. Bana ihtiya\u00e7 duydu\u011funuz her zaman yan\u0131n\u0131zda olaca\u011f\u0131ma da s\u00f6z veriyorum.\u201d \u00a0<br \/>\n\u201cKAMUSALLI\u011eI \u00c7O\u011eALTMAK \u0130ST\u0130YORUZ\u201d<br \/>\n\u201c\u0130zmir\u2019i seven, bu kente dair s\u00f6z\u00fc olan, kentin sorunlar\u0131n\u0131 dert edinen ve \u00e7\u00f6z\u00fcm i\u00e7in emek harcayan akt\u00f6rlerin, sizlerin kat\u0131l\u0131m\u0131 \u00e7ok \u00f6nemli, iyi ki geldiniz\u201d diyerek s\u00f6zlerine ba\u015flayan G\u00fczel \u0130zmir Hareketi Koordinat\u00f6r\u00fc Esra Y\u0131lmaz Keskin ise \u00e7al\u0131\u015fma hakk\u0131nda bilgilendirmede bulundu. Hareketin kentin sorunlar\u0131n\u0131n \u0130zmirliler ile belirlenmesini ve ortak \u00e7\u00f6z\u00fcm \u00fcretilmesini sa\u011flad\u0131\u011f\u0131n\u0131 belirten Keskin, \u201c\u00c7ocuklara, gen\u00e7lere dokunmay\u0131 \u00e7ok \u00f6nemsiyoruz. Kamusall\u0131\u011f\u0131 \u00e7o\u011faltmak istiyoruz. \u0130lk k\u0131v\u0131lc\u0131mlar olu\u015ftu. G\u00f6r\u00fc\u015fmeler ger\u00e7ekle\u015ftirdik. \u00c7al\u0131\u015fmalar\u0131m\u0131z i\u015f birli\u011fiyle devam ediyor\u201d dedi.<br \/>\n\u201cEN \u00d6NEML\u0130 NOKTA KATILIMCILIK VE KAPSAYICILIK\u201d<br \/>\nG\u00fczel \u0130zmir Hareketi gibi uygulamalar\u0131n d\u00fcnyada 1990\u2019l\u0131 y\u0131llarda ba\u015flad\u0131\u011f\u0131n\u0131 belirten moderat\u00f6r Ali Faruk G\u00f6ksu da, \u201cD\u00fcnyada m\u00fcthi\u015f deneyimler var. T\u00fcrkiye\u2019de de 10 y\u0131ld\u0131r g\u00fcndemde. Farkl\u0131 topluluklar, belediyeler bu gibi programlar\u0131 uyguluyorlar. Burada en \u00f6nemli \u015fey kat\u0131l\u0131mc\u0131l\u0131k ve kapsay\u0131c\u0131l\u0131k. Kendi fikrinizden ziyade o sorundan etkilenenleri bu hareketin par\u00e7as\u0131 yapmak zorundas\u0131n\u0131z. \u00c7\u00fcnk\u00fc yap\u0131lan t\u00fcm uygulamalar orada ya\u015fayanlar\u0131 etkiliyor. Tasar\u0131m d\u00fc\u015f\u00fcncesi yoluyla sorunlar\u0131 birlikte ke\u015ffetme diyebiliriz. Bu ba\u015far\u0131l\u0131 bir hareket. Beni heyecanland\u0131r\u0131yor\u201d dedi.<br \/>\nG\u00dcZEL \u0130ZM\u0130R HAREKET\u0130 NED\u0130R?<br \/>\n\u0130zmir B\u00fcy\u00fck\u015fehir Belediye Ba\u015fkan\u0131 Dr. Cemil Tugay, \u00a0kamusal alanlar\u0131n \u0130zmirlilerin iste\u011fi do\u011frultusunda daha nitelikli bir yap\u0131ya d\u00f6n\u00fc\u015fmesi i\u00e7in\u00a0G\u00fczel \u0130zmir Hareketi&#8217;ni ba\u015flatt\u0131. \u0130zmir B\u00fcy\u00fck\u015fehir Belediyesi \u00f6nderli\u011finde, mahalle sakinleri, yerel y\u00f6netimler, sivil toplum kurulu\u015flar\u0131, \u00fcniversiteler, tasar\u0131mc\u0131lar, gen\u00e7ler ve \u0130zmirlilerin kat\u0131l\u0131m\u0131yla kolektif \u00e7aban\u0131n hayata ge\u00e7irilmesi ama\u00e7land\u0131.\u2018\u0130zmir\u2019i Birlikte G\u00fczelle\u015ftirelim\u201d anlay\u0131\u015f\u0131n\u0131n temelde oldu\u011fu proje; \u0130zmir\u2019in hem kentsel hem de k\u0131rsal kamusal alanlar\u0131n\u0131 kapsayacak. Hareket, 8 ana tematik eylem \u00fczerinden ilerleyecek. Bunlar; kentsel bulu\u015fma noktalar\u0131, canlanan sokaklar, davetkar parklar\/ ye\u015fil alanlar, yeni nesil pazar yerleri, k\u0131y\u0131-k\u00f6\u015fe kentsel y\u00fczeyler, keyifli sosyal mekanlar, kentsel bellek noktalar\u0131, g\u00fcvenli okul \u00e7evreleri olarak belirlendi.<br \/>\nNELER YAPILDI?<br \/>\n\u0130lk proje uygulamas\u0131 G\u00fcvenli Okul \u00c7evreleri temas\u0131 kapsam\u0131nda Karaba\u011flar Cevdet G\u00fc\u00e7l\u00fcer \u0130lkokulu ve Yunus Emre Ortaokulu \u00e7evresinde ger\u00e7ekle\u015ftirildi. G\u00fcvenli okul \u00e7evresi olu\u015fturuldu ve 4238 sokak yayala\u015ft\u0131r\u0131larak oyun soka\u011f\u0131na d\u00f6n\u00fc\u015ft\u00fcr\u00fcld\u00fc. 4237 ve 4239 sokaklar tek y\u00f6ne \u00e7evrilerek okul \u00e7\u0131k\u0131\u015flar\u0131 rahatlat\u0131ld\u0131 ve trafik yava\u015flat\u0131ld\u0131. S\u0131rr\u0131 Atalay Caddesi\u2019ndeki okul ana giri\u015f aks\u0131 yaya alan\u0131 geni\u015fletildi. Sabit bekleyen manav kamyonu gibi b\u00fcy\u00fck ta\u015f\u0131tlar kald\u0131r\u0131ld\u0131. Okul \u00e7evresi boyunca yap\u0131lan delinat\u00f6r ve peyzaj \u00e7al\u0131\u015fmalar\u0131yla ara\u00e7 parklanmas\u0131 \u00f6nlendi. Peyzaj ve oturma birimleriyle kamusal kullan\u0131m art\u0131r\u0131ld\u0131. \u00a0Kat\u0131l\u0131mc\u0131l\u0131k anlay\u0131\u015f\u0131yla ba\u015flat\u0131lan hareket \u00e7er\u00e7evesinde yurtta\u015flar\u0131n ya\u015fad\u0131klar\u0131 mahallelerle ilgili talepleri al\u0131narak \u0130zmir\u2019in birlikte tasar\u0131m\u0131na devam ediliyor. Davetkar Parklar \/ Ye\u015fil Alanlar temas\u0131 kapsam\u0131nda, Ball\u0131kuyu Park Projesi i\u00e7in d\u00fczenlenen \u201cBall\u0131kuyu &#8211; K\u00fc\u00e7\u00fck Varyant\u0131 Birlikte Tasarl\u0131yoruz\u201d Anne-\u00c7ocuk Kat\u0131l\u0131mc\u0131 Tasar\u0131m At\u00f6lyesi\u2019yle Ball\u0131kuyu\u2019da ya\u015fayan yurtta\u015flarla bir araya gelindi. Mahalleliye nas\u0131l bir park istedikleri soruldu ve elde edilen veriler tasar\u0131mda dikkate al\u0131nd\u0131. Proje tasar\u0131m a\u015famas\u0131 tamamland\u0131, ilgili daire ba\u015fkanl\u0131klar\u0131 ile s\u00fcre\u00e7 devam ediyor. G\u00fcvenli Okul \u00c7evreleri ve Davetkar Parklar \/ Ye\u015fil Alanlar temalar\u0131 kapsam\u0131nda \u00c7i\u011fli \u015eirintepe Mahallesi G\u00fczeltepe \u0130lkokulu \u00e7evresinde tasarlanan projenin yerinde uygulamas\u0131 da en k\u0131sa s\u00fcrede tamamlanacak.<\/p>\n<p>\u200b\u0130zmir B\u00fcy\u00fck\u015fehir Belediye Ba\u015fkan\u0131 Dr. Cemil Tugay\u2019\u0131n kat\u0131l\u0131mc\u0131 belediyecilik anlay\u0131\u015f\u0131yla \u0130zmirlilerin kamusal alanlardan daha nitelikli ve daha g\u00fcvenli bir \u015fekilde faydalanabilmeleri i\u00e7in ba\u015flatt\u0131\u011f\u0131 G\u00fczel \u0130zmir Hareketi s\u00fcr\u00fcyor.\u0130ZM\u0130R (\u0130GFA) &#8211; Ba\u015fkan Tugay, uzmanlar ve \u00fcniversite \u00f6\u011frencileriyle bir araya geldi\u011fi \u201cG\u00fczel \u0130zmir Hareketi B\u00fcy\u00fcyor, Kente Yay\u0131l\u0131yor\u201d panelinde konu\u015ftu. Gen\u00e7lere seslenen Tugay, \u201cSizler tasarlay\u0131n, sonra birlikte uygulayal\u0131m. Hepimiz k\u00f6\u015felerimize \u00e7ekildi\u011fimizde ke\u015fke bu \u015fehirde daha fazla s\u00f6z\u00fcm\u00fcz ge\u00e7se, daha fazla fikirlerimiz hayata ge\u00e7se diyoruz. \u0130\u015fte bu bir uygulama f\u0131rsat\u0131. Bu hareketin b\u00fcy\u00fcyerek geli\u015fece\u011fine inan\u0131yorum\u201d dedi.<br \/>\n\u0130zmir B\u00fcy\u00fck\u015fehir Belediye Ba\u015fkan\u0131 Dr. Cemil Tugay, kamusal alanlar\u0131n daha nitelikli hale getirilmesi amac\u0131yla \u0130zmirlilerle birlikte kat\u0131l\u0131mc\u0131 belediyecilik anlay\u0131\u015f\u0131yla ba\u015flat\u0131lan G\u00fczel \u0130zmir Hareketi kapsam\u0131nda d\u00fczenlenen panele kat\u0131ld\u0131. Kemeralt\u0131 \u00c7ar\u015f\u0131s\u0131 Havra Soka\u011f\u0131\u2019nda yer alan Tarihi Ak\u0131n Pasaj\u0131\u2019ndaki \u201cG\u00fczel \u0130zmir Hareketi B\u00fcy\u00fcyor, Kente Yay\u0131l\u0131yor\u201d panelinde \u00fcniversite \u00f6\u011frencileri, tasar\u0131mc\u0131lar, \u015fehir planc\u0131lar\u0131, yerel y\u00f6netim temsilcileri ve b\u00fcrokratlar bulu\u015ftu. \u015eehir Planc\u0131s\u0131 Ali Faruk G\u00f6ksu\u2019nun moderat\u00f6rl\u00fc\u011f\u00fcnde yap\u0131lan panelde G\u00fczel \u0130zmir Hareketi Koordinat\u00f6r\u00fc Esra Y\u0131lmaz Keskin de \u0130zmir B\u00fcy\u00fck\u015fehir Belediyesi\u2019nin i\u015ftiraki Ege\u015fehir A\u015e b\u00fcnyesinde geli\u015ftirilen proje hakk\u0131nda bilgi verdi. Etkinlikte kat\u0131l\u0131mc\u0131lar aras\u0131nda fikir al\u0131\u015fveri\u015finde de bulunuldu.<br \/>\nKATILIMCILIK VURGUSU<br \/>\nPanelde konu\u015fan \u0130zmir B\u00fcy\u00fck\u015fehir Belediye Ba\u015fkan\u0131 Dr. Cemil Tugay, kat\u0131l\u0131mc\u0131 y\u00f6netim anlay\u0131\u015f\u0131n\u0131n \u00f6nemine dikkat \u00e7ekerek \u201cKat\u0131l\u0131mc\u0131l\u0131\u011f\u0131 pek \u00e7ok alanda sa\u011flamam\u0131z laz\u0131m. Bir birim kurduk. O birim kendisine G\u00fczel \u0130zmir Hareketi ad\u0131n\u0131 verdi. \u0130zmir\u2019in kamusal alanlar\u0131n\u0131n tasar\u0131m\u0131nda ba\u015fta konuyla ilgili olan gen\u00e7 arkada\u015flar\u0131m\u0131z olmak \u00fczere g\u00f6n\u00fcll\u00fc herkesin kat\u0131l\u0131m\u0131n\u0131 sa\u011flayan bir sistem kural\u0131m istedik. \u0130zmir\u2019imizi beraberce tasarlamak \u00fczere yola \u00e7\u0131kt\u0131k\u201d dedi.Panelin \u00f6zellikle Kemeralt\u0131\u2019nda Tarihi Ak\u0131n Pasaj\u0131\u2019nda yap\u0131ld\u0131\u011f\u0131n\u0131 belirten Tugay, \u201cBuras\u0131 belediyenin TARKEM ile beraber restore etti\u011fi ve tekrar kullan\u0131ma a\u00e7t\u0131\u011f\u0131 bir alan. Agora, Kadifekale gibi alanlar\u0131n yak\u0131n\u0131nda olan, Tarihi Liman B\u00f6lgesi denen b\u00f6lge, i\u00e7inde gizli hazineler bar\u0131nd\u0131r\u0131yor. Tekrar kullan\u0131ma kazand\u0131r\u0131lmay\u0131 bekleyen pek \u00e7ok alan var burada.\u00a0 Tarihi ve k\u00fclt\u00fcrel mirasa vurgu yapmak i\u00e7in bu toplant\u0131y\u0131 burada yapmak istedik. Bizim \u0130zmir\u2019e dair hayalimizde tarihten, k\u00f6klerinden gelen zenginli\u011fi, g\u00fcc\u00fc tasar\u0131mla bulu\u015fturmak var\u201d diye konu\u015ftu. \u00a0<br \/>\n4 \u0130L\u00c7EDE MARATON<br \/>\nG\u00fczel \u0130zmir Hareketi kapsam\u0131nda \u015fimdiye kadar pek \u00e7ok proje, fikir geli\u015ftirildi\u011fini, baz\u0131lar\u0131nda uygulamaya ge\u00e7ildi\u011fini, baz\u0131lar\u0131nda ilk ad\u0131mlar\u0131n at\u0131ld\u0131\u011f\u0131n\u0131 belirten Tugay, Karaba\u011flar Cevdet G\u00fc\u00e7l\u00fcer \u0130lkokulu ve Yunus Emre Ortaokulu \u00e7evresinde ger\u00e7ekle\u015ftirilen \u00e7al\u0131\u015fmay\u0131 \u00f6rnek g\u00f6sterdi. Tugay, b\u00f6lgede daha g\u00fcvenli bir ortam yarat\u0131ld\u0131\u011f\u0131n\u0131 ve daha estetik bir g\u00f6r\u00fcn\u00fcm elde edildi\u011fini belirterek \u201cAyn\u0131 zamanda arabalar\u0131n rastgele park etti\u011fi, adeta izbe halinde olan bir sokak \u00e7ocuklar\u0131n ve ailelerin kullanabildi\u011fi yayala\u015fm\u0131\u015f bir oyun soka\u011f\u0131 haline getirildi. Arkada\u015flar\u0131m\u0131z bunu \u0130zmir\u2019in d\u00f6rt bir k\u00f6\u015fesinde, ba\u015fka okullar\u0131n \u00e7evresinde de uygulamaya \u00e7al\u0131\u015f\u0131yor. \u015eu an \u00c7i\u011fli\u2019de bir \u00e7al\u0131\u015fma s\u00fcr\u00fcyor. Bunun gibi kentin \u00f6zellikle d\u0131\u015f mahallelerinde ihmal edilmi\u015f alanlarda benzer kamusal alan tasar\u0131mlar\u0131 yapaca\u011f\u0131z. Burada yak\u0131n zamanda geli\u015ftirdi\u011fimiz bir ba\u015fka fikri de konu\u015faca\u011f\u0131z. O da 16-19 May\u0131s tarihleri aras\u0131nda d\u00f6rt il\u00e7emizde kamusal alanlarda \u00f6zg\u00fcrce fikirsel tasar\u0131m geli\u015ftirilmesi i\u00e7in k\u00fc\u00e7\u00fck bir maraton ger\u00e7ekle\u015ftirece\u011fiz. Gen\u00e7lerimizle birlikte bunu yapaca\u011f\u0131z. Seferihisar, \u00c7e\u015fme, Karaburun ve Fo\u00e7a ilk etap i\u00e7in d\u00fc\u015f\u00fcnd\u00fc\u011f\u00fcm\u00fcz il\u00e7eler. Turistik b\u00f6lgeler oldu\u011fu i\u00e7in yapaca\u011f\u0131m\u0131z h\u0131zl\u0131 bir \u00e7al\u0131\u015fmayla sezon \u00f6ncesinde uygulama yapabiliriz\u201d dedi.<br \/>\nT\u00dcM \u0130ZM\u0130RL\u0130LER DAVETL\u0130<br \/>\nGen\u00e7ler ba\u015fta olmak \u00fczere t\u00fcm \u0130zmirlileri tasar\u0131m hareketine davet eden Ba\u015fkan Tugay, gen\u00e7lere seslenerek \u201cSizler tasarlay\u0131n ve sonra birlikte uygulayal\u0131m. Bug\u00fcn burada bulunman\u0131z, bu fikirleri sahiplenmeniz hepimiz i\u00e7in \u00e7ok \u00f6nemli. Hepimiz k\u00f6\u015felerimize \u00e7ekildi\u011fimizde, ke\u015fke bu \u015fehirde daha fazla s\u00f6z\u00fcm\u00fcz ge\u00e7se, daha fazla fikirlerimiz hayata ge\u00e7se diyoruz. \u0130\u015fte bu bir uygulama f\u0131rsat\u0131. Bu hareketin b\u00fcy\u00fcyerek geli\u015fece\u011fine inan\u0131yorum. T\u00fcrkiye ve belki d\u00fcnya i\u00e7in \u00f6rnek bir \u00e7al\u0131\u015fman\u0131n i\u00e7inde olacaksan\u0131z\u201d dedi.Cesur olmak gerekti\u011fini de belirten Tugay, s\u00f6zlerini \u015f\u00f6yle s\u00fcrd\u00fcrd\u00fc: \u201c\u0130nand\u0131\u011f\u0131m\u0131z yolda y\u00fcr\u00fcmek, kararl\u0131l\u0131k ve cesaret istiyor. Konu\u015fup konu\u015fup hi\u00e7bir \u015fey yapmamak de\u011fil, konu\u015fulanlar\u0131 hayata ge\u00e7irmek \u00fczere emek ortaya koymak \u00f6nemli. Bu, sadece \u0130zmir i\u00e7in de\u011fil T\u00fcrkiye, d\u00fcnya i\u00e7in \u00e7ok de\u011ferli bir \u00e7aba olacak. \u015eimdiden 19 May\u0131s Atat\u00fcrk\u2019\u00fc Anma, Gen\u00e7lik ve Spor Bayram\u0131n\u0131z\u0131 kutluyorum. Sizlerin \u00e7ok g\u00fczel i\u015fler yapaca\u011f\u0131na dair inanc\u0131m tam. Bana ihtiya\u00e7 duydu\u011funuz her zaman yan\u0131n\u0131zda olaca\u011f\u0131ma da s\u00f6z veriyorum.\u201d \u00a0<br \/>\n\u201cKAMUSALLI\u011eI \u00c7O\u011eALTMAK \u0130ST\u0130YORUZ\u201d<br \/>\n\u201c\u0130zmir\u2019i seven, bu kente dair s\u00f6z\u00fc olan, kentin sorunlar\u0131n\u0131 dert edinen ve \u00e7\u00f6z\u00fcm i\u00e7in emek harcayan akt\u00f6rlerin, sizlerin kat\u0131l\u0131m\u0131 \u00e7ok \u00f6nemli, iyi ki geldiniz\u201d diyerek s\u00f6zlerine ba\u015flayan G\u00fczel \u0130zmir Hareketi Koordinat\u00f6r\u00fc Esra Y\u0131lmaz Keskin ise \u00e7al\u0131\u015fma hakk\u0131nda bilgilendirmede bulundu. Hareketin kentin sorunlar\u0131n\u0131n \u0130zmirliler ile belirlenmesini ve ortak \u00e7\u00f6z\u00fcm \u00fcretilmesini sa\u011flad\u0131\u011f\u0131n\u0131 belirten Keskin, \u201c\u00c7ocuklara, gen\u00e7lere dokunmay\u0131 \u00e7ok \u00f6nemsiyoruz. Kamusall\u0131\u011f\u0131 \u00e7o\u011faltmak istiyoruz. \u0130lk k\u0131v\u0131lc\u0131mlar olu\u015ftu. G\u00f6r\u00fc\u015fmeler ger\u00e7ekle\u015ftirdik. \u00c7al\u0131\u015fmalar\u0131m\u0131z i\u015f birli\u011fiyle devam ediyor\u201d dedi.<br \/>\n\u201cEN \u00d6NEML\u0130 NOKTA KATILIMCILIK VE KAPSAYICILIK\u201d<br \/>\nG\u00fczel \u0130zmir Hareketi gibi uygulamalar\u0131n d\u00fcnyada 1990\u2019l\u0131 y\u0131llarda ba\u015flad\u0131\u011f\u0131n\u0131 belirten moderat\u00f6r Ali Faruk G\u00f6ksu da, \u201cD\u00fcnyada m\u00fcthi\u015f deneyimler var. T\u00fcrkiye\u2019de de 10 y\u0131ld\u0131r g\u00fcndemde. Farkl\u0131 topluluklar, belediyeler bu gibi programlar\u0131 uyguluyorlar. Burada en \u00f6nemli \u015fey kat\u0131l\u0131mc\u0131l\u0131k ve kapsay\u0131c\u0131l\u0131k. Kendi fikrinizden ziyade o sorundan etkilenenleri bu hareketin par\u00e7as\u0131 yapmak zorundas\u0131n\u0131z. \u00c7\u00fcnk\u00fc yap\u0131lan t\u00fcm uygulamalar orada ya\u015fayanlar\u0131 etkiliyor. Tasar\u0131m d\u00fc\u015f\u00fcncesi yoluyla sorunlar\u0131 birlikte ke\u015ffetme diyebiliriz. Bu ba\u015far\u0131l\u0131 bir hareket. Beni heyecanland\u0131r\u0131yor\u201d dedi.<br \/>\nG\u00dcZEL \u0130ZM\u0130R HAREKET\u0130 NED\u0130R?<br \/>\n\u0130zmir B\u00fcy\u00fck\u015fehir Belediye Ba\u015fkan\u0131 Dr. Cemil Tugay, \u00a0kamusal alanlar\u0131n \u0130zmirlilerin iste\u011fi do\u011frultusunda daha nitelikli bir yap\u0131ya d\u00f6n\u00fc\u015fmesi i\u00e7in\u00a0G\u00fczel \u0130zmir Hareketi&#8217;ni ba\u015flatt\u0131. \u0130zmir B\u00fcy\u00fck\u015fehir Belediyesi \u00f6nderli\u011finde, mahalle sakinleri, yerel y\u00f6netimler, sivil toplum kurulu\u015flar\u0131, \u00fcniversiteler, tasar\u0131mc\u0131lar, gen\u00e7ler ve \u0130zmirlilerin kat\u0131l\u0131m\u0131yla kolektif \u00e7aban\u0131n hayata ge\u00e7irilmesi ama\u00e7land\u0131.\u2018\u0130zmir\u2019i Birlikte G\u00fczelle\u015ftirelim\u201d anlay\u0131\u015f\u0131n\u0131n temelde oldu\u011fu proje; \u0130zmir\u2019in hem kentsel hem de k\u0131rsal kamusal alanlar\u0131n\u0131 kapsayacak. Hareket, 8 ana tematik eylem \u00fczerinden ilerleyecek. Bunlar; kentsel bulu\u015fma noktalar\u0131, canlanan sokaklar, davetkar parklar\/ ye\u015fil alanlar, yeni nesil pazar yerleri, k\u0131y\u0131-k\u00f6\u015fe kentsel y\u00fczeyler, keyifli sosyal mekanlar, kentsel bellek noktalar\u0131, g\u00fcvenli okul \u00e7evreleri olarak belirlendi.<br \/>\nNELER YAPILDI?<br \/>\n\u0130lk proje uygulamas\u0131 G\u00fcvenli Okul \u00c7evreleri temas\u0131 kapsam\u0131nda Karaba\u011flar Cevdet G\u00fc\u00e7l\u00fcer \u0130lkokulu ve Yunus Emre Ortaokulu \u00e7evresinde ger\u00e7ekle\u015ftirildi. G\u00fcvenli okul \u00e7evresi olu\u015fturuldu ve 4238 sokak yayala\u015ft\u0131r\u0131larak oyun soka\u011f\u0131na d\u00f6n\u00fc\u015ft\u00fcr\u00fcld\u00fc. 4237 ve 4239 sokaklar tek y\u00f6ne \u00e7evrilerek okul \u00e7\u0131k\u0131\u015flar\u0131 rahatlat\u0131ld\u0131 ve trafik yava\u015flat\u0131ld\u0131. S\u0131rr\u0131 Atalay Caddesi\u2019ndeki okul ana giri\u015f aks\u0131 yaya alan\u0131 geni\u015fletildi. Sabit bekleyen manav kamyonu gibi b\u00fcy\u00fck ta\u015f\u0131tlar kald\u0131r\u0131ld\u0131. Okul \u00e7evresi boyunca yap\u0131lan delinat\u00f6r ve peyzaj \u00e7al\u0131\u015fmalar\u0131yla ara\u00e7 parklanmas\u0131 \u00f6nlendi. Peyzaj ve oturma birimleriyle kamusal kullan\u0131m art\u0131r\u0131ld\u0131. \u00a0Kat\u0131l\u0131mc\u0131l\u0131k anlay\u0131\u015f\u0131yla ba\u015flat\u0131lan hareket \u00e7er\u00e7evesinde yurtta\u015flar\u0131n ya\u015fad\u0131klar\u0131 mahallelerle ilgili talepleri al\u0131narak \u0130zmir\u2019in birlikte tasar\u0131m\u0131na devam ediliyor. Davetkar Parklar \/ Ye\u015fil Alanlar temas\u0131 kapsam\u0131nda, Ball\u0131kuyu Park Projesi i\u00e7in d\u00fczenlenen \u201cBall\u0131kuyu &#8211; K\u00fc\u00e7\u00fck Varyant\u0131 Birlikte Tasarl\u0131yoruz\u201d Anne-\u00c7ocuk Kat\u0131l\u0131mc\u0131 Tasar\u0131m At\u00f6lyesi\u2019yle Ball\u0131kuyu\u2019da ya\u015fayan yurtta\u015flarla bir araya gelindi. Mahalleliye nas\u0131l bir park istedikleri soruldu ve elde edilen veriler tasar\u0131mda dikkate al\u0131nd\u0131. Proje tasar\u0131m a\u015famas\u0131 tamamland\u0131, ilgili daire ba\u015fkanl\u0131klar\u0131 ile s\u00fcre\u00e7 devam ediyor. G\u00fcvenli Okul \u00c7evreleri ve Davetkar Parklar \/ Ye\u015fil Alanlar temalar\u0131 kapsam\u0131nda \u00c7i\u011fli \u015eirintepe Mahallesi G\u00fczeltepe \u0130lkokulu \u00e7evresinde tasarlanan projenin yerinde uygulamas\u0131 da en k\u0131sa s\u00fcrede tamamlanacak.\u00a0<\/p>\n<p>\u200bHaberin Al\u0131nt\u0131land\u0131\u011f\u0131 Kaynak: www.iskenderun.org<\/p>","protected":false},"excerpt":{"rendered":"<p>\u0130zmir B\u00fcy\u00fck\u015fehir Belediye Ba\u015fkan\u0131 Dr. Cemil Tugay\u2019\u0131n kat\u0131l\u0131mc\u0131 belediyecilik anlay\u0131\u015f\u0131yla \u0130zmirlilerin kamusal alanlardan daha nitelikli ve daha g\u00fcvenli bir \u015fekilde faydalanabilmeleri i\u00e7in ba\u015flatt\u0131\u011f\u0131 G\u00fczel \u0130zmir Hareketi s\u00fcr\u00fcyor.\u0130ZM\u0130R (\u0130GFA) &#8211; Ba\u015fkan Tugay, uzmanlar ve \u00fcniversite \u00f6\u011frencileriyle bir araya geldi\u011fi \u201cG\u00fczel \u0130zmir Hareketi B\u00fcy\u00fcyor, Kente Yay\u0131l\u0131yor\u201d panelinde konu\u015ftu. Gen\u00e7lere seslenen Tugay, \u201cSizler tasarlay\u0131n, sonra birlikte uygulayal\u0131m. Hepimiz k\u00f6\u015felerimize \u00e7ekildi\u011fimizde ke\u015fke bu \u015fehirde daha fazla s\u00f6z\u00fcm\u00fcz ge\u00e7se, daha fazla fikirlerimiz hayata ge\u00e7se diyoruz. \u0130\u015fte bu bir uygulama f\u0131rsat\u0131. Bu hareketin b\u00fcy\u00fcyerek geli\u015fece\u011fine inan\u0131yorum\u201d dedi. \u0130zmir B\u00fcy\u00fck\u015fehir Belediye Ba\u015fkan\u0131 Dr. Cemil Tugay, kamusal alanlar\u0131n daha nitelikli hale getirilmesi amac\u0131yla \u0130zmirlilerle birlikte kat\u0131l\u0131mc\u0131 belediyecilik anlay\u0131\u015f\u0131yla ba\u015flat\u0131lan G\u00fczel \u0130zmir Hareketi kapsam\u0131nda d\u00fczenlenen panele kat\u0131ld\u0131. Kemeralt\u0131 \u00c7ar\u015f\u0131s\u0131 Havra Soka\u011f\u0131\u2019nda yer alan Tarihi Ak\u0131n Pasaj\u0131\u2019ndaki \u201cG\u00fczel \u0130zmir Hareketi B\u00fcy\u00fcyor, Kente Yay\u0131l\u0131yor\u201d panelinde \u00fcniversite \u00f6\u011frencileri, tasar\u0131mc\u0131lar, \u015fehir planc\u0131lar\u0131, yerel y\u00f6netim temsilcileri ve b\u00fcrokratlar bulu\u015ftu. \u015eehir Planc\u0131s\u0131 Ali Faruk G\u00f6ksu\u2019nun moderat\u00f6rl\u00fc\u011f\u00fcnde yap\u0131lan panelde G\u00fczel \u0130zmir Hareketi Koordinat\u00f6r\u00fc Esra Y\u0131lmaz Keskin de \u0130zmir B\u00fcy\u00fck\u015fehir Belediyesi\u2019nin i\u015ftiraki Ege\u015fehir A\u015e b\u00fcnyesinde geli\u015ftirilen proje hakk\u0131nda bilgi verdi. Etkinlikte kat\u0131l\u0131mc\u0131lar aras\u0131nda fikir al\u0131\u015fveri\u015finde de bulunuldu. KATILIMCILIK VURGUSU Panelde konu\u015fan \u0130zmir B\u00fcy\u00fck\u015fehir Belediye Ba\u015fkan\u0131 Dr. Cemil Tugay, kat\u0131l\u0131mc\u0131 y\u00f6netim anlay\u0131\u015f\u0131n\u0131n \u00f6nemine dikkat \u00e7ekerek \u201cKat\u0131l\u0131mc\u0131l\u0131\u011f\u0131 pek \u00e7ok alanda sa\u011flamam\u0131z laz\u0131m. Bir birim kurduk. O birim kendisine G\u00fczel &hellip;<\/p>","protected":false},"author":1,"featured_media":0,"comment_status":"","ping_status":"open","sticky":false,"template":"","format":"standard","meta":{"_acf_changed":false,"footnotes":""},"categories":[24],"tags":[],"class_list":["post-73405","post","type-post","status-publish","format-standard","has-post-thumbnail","hentry","category-gundem"],"acf":[],"yoast_head":"<!-- This site is optimized with the Yoast SEO Premium plugin v26.6 (Yoast SEO v27.1.1) - https:\/\/yoast.com\/product\/yoast-seo-premium-wordpress\/ -->\n<title>Ba\u015fkan Tugay: Siz tasarlay\u0131n birlikte uygulayal\u0131m - Av. Deniz Can K\u0131z\u0131l<\/title>\n<meta name=\"robots\" content=\"index, follow, max-snippet:-1, max-image-preview:large, max-video-preview:-1\" \/>\n<link rel=\"canonical\" href=\"http:\/\/denizcankizil.tr\/ru\/haberler\/gundem\/baskan-tugay-siz-tasarlayin-birlikte-uygulayalim\/\" \/>\n<meta property=\"og:locale\" content=\"ru_RU\" \/>\n<meta property=\"og:type\" content=\"article\" \/>\n<meta property=\"og:title\" content=\"Ba\u015fkan Tugay: Siz tasarlay\u0131n birlikte uygulayal\u0131m\" \/>\n<meta property=\"og:description\" content=\"\u0130zmir B\u00fcy\u00fck\u015fehir Belediye Ba\u015fkan\u0131 Dr. Cemil Tugay\u2019\u0131n kat\u0131l\u0131mc\u0131 belediyecilik anlay\u0131\u015f\u0131yla \u0130zmirlilerin kamusal alanlardan daha nitelikli ve daha g\u00fcvenli bir \u015fekilde faydalanabilmeleri i\u00e7in ba\u015flatt\u0131\u011f\u0131 G\u00fczel \u0130zmir Hareketi s\u00fcr\u00fcyor.\u0130ZM\u0130R (\u0130GFA) &#8211; Ba\u015fkan Tugay, uzmanlar ve \u00fcniversite \u00f6\u011frencileriyle bir araya geldi\u011fi \u201cG\u00fczel \u0130zmir Hareketi B\u00fcy\u00fcyor, Kente Yay\u0131l\u0131yor\u201d panelinde konu\u015ftu. Gen\u00e7lere seslenen Tugay, \u201cSizler tasarlay\u0131n, sonra birlikte uygulayal\u0131m. Hepimiz k\u00f6\u015felerimize \u00e7ekildi\u011fimizde ke\u015fke bu \u015fehirde daha fazla s\u00f6z\u00fcm\u00fcz ge\u00e7se, daha fazla fikirlerimiz hayata ge\u00e7se diyoruz. \u0130\u015fte bu bir uygulama f\u0131rsat\u0131. Bu hareketin b\u00fcy\u00fcyerek geli\u015fece\u011fine inan\u0131yorum\u201d dedi. \u0130zmir B\u00fcy\u00fck\u015fehir Belediye Ba\u015fkan\u0131 Dr. Cemil Tugay, kamusal alanlar\u0131n daha nitelikli hale getirilmesi amac\u0131yla \u0130zmirlilerle birlikte kat\u0131l\u0131mc\u0131 belediyecilik anlay\u0131\u015f\u0131yla ba\u015flat\u0131lan G\u00fczel \u0130zmir Hareketi kapsam\u0131nda d\u00fczenlenen panele kat\u0131ld\u0131. Kemeralt\u0131 \u00c7ar\u015f\u0131s\u0131 Havra Soka\u011f\u0131\u2019nda yer alan Tarihi Ak\u0131n Pasaj\u0131\u2019ndaki \u201cG\u00fczel \u0130zmir Hareketi B\u00fcy\u00fcyor, Kente Yay\u0131l\u0131yor\u201d panelinde \u00fcniversite \u00f6\u011frencileri, tasar\u0131mc\u0131lar, \u015fehir planc\u0131lar\u0131, yerel y\u00f6netim temsilcileri ve b\u00fcrokratlar bulu\u015ftu. \u015eehir Planc\u0131s\u0131 Ali Faruk G\u00f6ksu\u2019nun moderat\u00f6rl\u00fc\u011f\u00fcnde yap\u0131lan panelde G\u00fczel \u0130zmir Hareketi Koordinat\u00f6r\u00fc Esra Y\u0131lmaz Keskin de \u0130zmir B\u00fcy\u00fck\u015fehir Belediyesi\u2019nin i\u015ftiraki Ege\u015fehir A\u015e b\u00fcnyesinde geli\u015ftirilen proje hakk\u0131nda bilgi verdi. Etkinlikte kat\u0131l\u0131mc\u0131lar aras\u0131nda fikir al\u0131\u015fveri\u015finde de bulunuldu. KATILIMCILIK VURGUSU Panelde konu\u015fan \u0130zmir B\u00fcy\u00fck\u015fehir Belediye Ba\u015fkan\u0131 Dr. Cemil Tugay, kat\u0131l\u0131mc\u0131 y\u00f6netim anlay\u0131\u015f\u0131n\u0131n \u00f6nemine dikkat \u00e7ekerek \u201cKat\u0131l\u0131mc\u0131l\u0131\u011f\u0131 pek \u00e7ok alanda sa\u011flamam\u0131z laz\u0131m. Bir birim kurduk. O birim kendisine G\u00fczel &hellip;\" \/>\n<meta property=\"og:url\" content=\"http:\/\/denizcankizil.tr\/ru\/haberler\/gundem\/baskan-tugay-siz-tasarlayin-birlikte-uygulayalim\/\" \/>\n<meta property=\"og:site_name\" content=\"Av. Deniz Can K\u0131z\u0131l\" \/>\n<meta property=\"article:published_time\" content=\"2025-05-02T05:42:22+00:00\" \/>\n<meta name=\"author\" content=\"admin\" \/>\n<meta name=\"twitter:card\" content=\"summary_large_image\" \/>\n<meta name=\"twitter:label1\" content=\"\u041d\u0430\u043f\u0438\u0441\u0430\u043d\u043e \u0430\u0432\u0442\u043e\u0440\u043e\u043c\" \/>\n\t<meta name=\"twitter:data1\" content=\"admin\" \/>\n\t<meta name=\"twitter:label2\" content=\"\u041f\u0440\u0438\u043c\u0435\u0440\u043d\u043e\u0435 \u0432\u0440\u0435\u043c\u044f \u0434\u043b\u044f \u0447\u0442\u0435\u043d\u0438\u044f\" \/>\n\t<meta name=\"twitter:data2\" content=\"15 \u043c\u0438\u043d\u0443\u0442\" \/>\n<script type=\"application\/ld+json\" class=\"yoast-schema-graph\">{\"@context\":\"https:\/\/schema.org\",\"@graph\":[{\"@type\":\"Article\",\"@id\":\"http:\/\/denizcankizil.tr\/ru\/haberler\/gundem\/baskan-tugay-siz-tasarlayin-birlikte-uygulayalim\/#article\",\"isPartOf\":{\"@id\":\"http:\/\/denizcankizil.tr\/ru\/haberler\/gundem\/baskan-tugay-siz-tasarlayin-birlikte-uygulayalim\/\"},\"author\":{\"name\":\"admin\",\"@id\":\"https:\/\/denizcankizil.tr\/de\/#\/schema\/person\/be3c05fe6a12686905512445d8185489\"},\"headline\":\"Ba\u015fkan Tugay: Siz tasarlay\u0131n birlikte uygulayal\u0131m\",\"datePublished\":\"2025-05-02T05:42:22+00:00\",\"mainEntityOfPage\":{\"@id\":\"http:\/\/denizcankizil.tr\/ru\/haberler\/gundem\/baskan-tugay-siz-tasarlayin-birlikte-uygulayalim\/\"},\"wordCount\":3101,\"publisher\":{\"@id\":\"https:\/\/denizcankizil.tr\/de\/#organization\"},\"articleSection\":[\"G\u00fcndem\"],\"inLanguage\":\"ru-RU\"},{\"@type\":\"WebPage\",\"@id\":\"http:\/\/denizcankizil.tr\/ru\/haberler\/gundem\/baskan-tugay-siz-tasarlayin-birlikte-uygulayalim\/\",\"url\":\"http:\/\/denizcankizil.tr\/ru\/haberler\/gundem\/baskan-tugay-siz-tasarlayin-birlikte-uygulayalim\/\",\"name\":\"Ba\u015fkan Tugay: Siz tasarlay\u0131n birlikte uygulayal\u0131m - Av. Deniz Can K\u0131z\u0131l\",\"isPartOf\":{\"@id\":\"https:\/\/denizcankizil.tr\/de\/#website\"},\"datePublished\":\"2025-05-02T05:42:22+00:00\",\"breadcrumb\":{\"@id\":\"http:\/\/denizcankizil.tr\/ru\/haberler\/gundem\/baskan-tugay-siz-tasarlayin-birlikte-uygulayalim\/#breadcrumb\"},\"inLanguage\":\"ru-RU\",\"potentialAction\":[{\"@type\":\"ReadAction\",\"target\":[\"http:\/\/denizcankizil.tr\/ru\/haberler\/gundem\/baskan-tugay-siz-tasarlayin-birlikte-uygulayalim\/\"]}]},{\"@type\":\"BreadcrumbList\",\"@id\":\"http:\/\/denizcankizil.tr\/ru\/haberler\/gundem\/baskan-tugay-siz-tasarlayin-birlikte-uygulayalim\/#breadcrumb\",\"itemListElement\":[{\"@type\":\"ListItem\",\"position\":1,\"name\":\"Home\",\"item\":\"https:\/\/denizcankizil.tr\/de\/\"},{\"@type\":\"ListItem\",\"position\":2,\"name\":\"Ba\u015fkan Tugay: Siz tasarlay\u0131n birlikte uygulayal\u0131m\"}]},{\"@type\":\"WebSite\",\"@id\":\"https:\/\/denizcankizil.tr\/de\/#website\",\"url\":\"https:\/\/denizcankizil.tr\/de\/\",\"name\":\"Av. Deniz Can K\u0131z\u0131l\",\"description\":\"Avukat Deniz Can K\u0131z\u0131l Antalya Barosu\",\"publisher\":{\"@id\":\"https:\/\/denizcankizil.tr\/de\/#organization\"},\"potentialAction\":[{\"@type\":\"SearchAction\",\"target\":{\"@type\":\"EntryPoint\",\"urlTemplate\":\"https:\/\/denizcankizil.tr\/de\/?s={search_term_string}\"},\"query-input\":{\"@type\":\"PropertyValueSpecification\",\"valueRequired\":true,\"valueName\":\"search_term_string\"}}],\"inLanguage\":\"ru-RU\"},{\"@type\":\"Organization\",\"@id\":\"https:\/\/denizcankizil.tr\/de\/#organization\",\"name\":\"Av. Deniz Can K\u0131z\u0131l\",\"url\":\"https:\/\/denizcankizil.tr\/de\/\",\"logo\":{\"@type\":\"ImageObject\",\"inLanguage\":\"ru-RU\",\"@id\":\"https:\/\/denizcankizil.tr\/de\/#\/schema\/logo\/image\/\",\"url\":\"http:\/\/denizcankizil.tr\/wp-content\/uploads\/2024\/10\/siyah-logo-svg.svg\",\"contentUrl\":\"http:\/\/denizcankizil.tr\/wp-content\/uploads\/2024\/10\/siyah-logo-svg.svg\",\"width\":1080,\"height\":1080,\"caption\":\"Av. Deniz Can K\u0131z\u0131l\"},\"image\":{\"@id\":\"https:\/\/denizcankizil.tr\/de\/#\/schema\/logo\/image\/\"}},{\"@type\":\"Person\",\"@id\":\"https:\/\/denizcankizil.tr\/de\/#\/schema\/person\/be3c05fe6a12686905512445d8185489\",\"name\":\"admin\",\"image\":{\"@type\":\"ImageObject\",\"inLanguage\":\"ru-RU\",\"@id\":\"https:\/\/denizcankizil.tr\/de\/#\/schema\/person\/image\/\",\"url\":\"https:\/\/secure.gravatar.com\/avatar\/c1fce94c830dc79107e174f890d7210541c4a63e8e5d816341794a2151c9d58c?s=96&d=mm&r=g\",\"contentUrl\":\"https:\/\/secure.gravatar.com\/avatar\/c1fce94c830dc79107e174f890d7210541c4a63e8e5d816341794a2151c9d58c?s=96&d=mm&r=g\",\"caption\":\"admin\"},\"sameAs\":[\"http:\/\/denizcankizil.tr\"],\"url\":\"https:\/\/www.iskenderun.org\/baskan-tugay-siz-tasarlayin-birlikte-uygulayalim\"}]}<\/script>\n<!-- \/ Yoast SEO Premium plugin. -->","yoast_head_json":{"title":"Ba\u015fkan Tugay: Siz tasarlay\u0131n birlikte uygulayal\u0131m - Av. Deniz Can K\u0131z\u0131l","robots":{"index":"index","follow":"follow","max-snippet":"max-snippet:-1","max-image-preview":"max-image-preview:large","max-video-preview":"max-video-preview:-1"},"canonical":"http:\/\/denizcankizil.tr\/ru\/haberler\/gundem\/baskan-tugay-siz-tasarlayin-birlikte-uygulayalim\/","og_locale":"ru_RU","og_type":"article","og_title":"Ba\u015fkan Tugay: Siz tasarlay\u0131n birlikte uygulayal\u0131m","og_description":"\u0130zmir B\u00fcy\u00fck\u015fehir Belediye Ba\u015fkan\u0131 Dr. Cemil Tugay\u2019\u0131n kat\u0131l\u0131mc\u0131 belediyecilik anlay\u0131\u015f\u0131yla \u0130zmirlilerin kamusal alanlardan daha nitelikli ve daha g\u00fcvenli bir \u015fekilde faydalanabilmeleri i\u00e7in ba\u015flatt\u0131\u011f\u0131 G\u00fczel \u0130zmir Hareketi s\u00fcr\u00fcyor.\u0130ZM\u0130R (\u0130GFA) &#8211; Ba\u015fkan Tugay, uzmanlar ve \u00fcniversite \u00f6\u011frencileriyle bir araya geldi\u011fi \u201cG\u00fczel \u0130zmir Hareketi B\u00fcy\u00fcyor, Kente Yay\u0131l\u0131yor\u201d panelinde konu\u015ftu. Gen\u00e7lere seslenen Tugay, \u201cSizler tasarlay\u0131n, sonra birlikte uygulayal\u0131m. Hepimiz k\u00f6\u015felerimize \u00e7ekildi\u011fimizde ke\u015fke bu \u015fehirde daha fazla s\u00f6z\u00fcm\u00fcz ge\u00e7se, daha fazla fikirlerimiz hayata ge\u00e7se diyoruz. \u0130\u015fte bu bir uygulama f\u0131rsat\u0131. Bu hareketin b\u00fcy\u00fcyerek geli\u015fece\u011fine inan\u0131yorum\u201d dedi. \u0130zmir B\u00fcy\u00fck\u015fehir Belediye Ba\u015fkan\u0131 Dr. Cemil Tugay, kamusal alanlar\u0131n daha nitelikli hale getirilmesi amac\u0131yla \u0130zmirlilerle birlikte kat\u0131l\u0131mc\u0131 belediyecilik anlay\u0131\u015f\u0131yla ba\u015flat\u0131lan G\u00fczel \u0130zmir Hareketi kapsam\u0131nda d\u00fczenlenen panele kat\u0131ld\u0131. Kemeralt\u0131 \u00c7ar\u015f\u0131s\u0131 Havra Soka\u011f\u0131\u2019nda yer alan Tarihi Ak\u0131n Pasaj\u0131\u2019ndaki \u201cG\u00fczel \u0130zmir Hareketi B\u00fcy\u00fcyor, Kente Yay\u0131l\u0131yor\u201d panelinde \u00fcniversite \u00f6\u011frencileri, tasar\u0131mc\u0131lar, \u015fehir planc\u0131lar\u0131, yerel y\u00f6netim temsilcileri ve b\u00fcrokratlar bulu\u015ftu. \u015eehir Planc\u0131s\u0131 Ali Faruk G\u00f6ksu\u2019nun moderat\u00f6rl\u00fc\u011f\u00fcnde yap\u0131lan panelde G\u00fczel \u0130zmir Hareketi Koordinat\u00f6r\u00fc Esra Y\u0131lmaz Keskin de \u0130zmir B\u00fcy\u00fck\u015fehir Belediyesi\u2019nin i\u015ftiraki Ege\u015fehir A\u015e b\u00fcnyesinde geli\u015ftirilen proje hakk\u0131nda bilgi verdi. Etkinlikte kat\u0131l\u0131mc\u0131lar aras\u0131nda fikir al\u0131\u015fveri\u015finde de bulunuldu. KATILIMCILIK VURGUSU Panelde konu\u015fan \u0130zmir B\u00fcy\u00fck\u015fehir Belediye Ba\u015fkan\u0131 Dr. Cemil Tugay, kat\u0131l\u0131mc\u0131 y\u00f6netim anlay\u0131\u015f\u0131n\u0131n \u00f6nemine dikkat \u00e7ekerek \u201cKat\u0131l\u0131mc\u0131l\u0131\u011f\u0131 pek \u00e7ok alanda sa\u011flamam\u0131z laz\u0131m. Bir birim kurduk. O birim kendisine G\u00fczel &hellip;","og_url":"http:\/\/denizcankizil.tr\/ru\/haberler\/gundem\/baskan-tugay-siz-tasarlayin-birlikte-uygulayalim\/","og_site_name":"Av. Deniz Can K\u0131z\u0131l","article_published_time":"2025-05-02T05:42:22+00:00","author":"admin","twitter_card":"summary_large_image","twitter_misc":{"\u041d\u0430\u043f\u0438\u0441\u0430\u043d\u043e \u0430\u0432\u0442\u043e\u0440\u043e\u043c":"admin","\u041f\u0440\u0438\u043c\u0435\u0440\u043d\u043e\u0435 \u0432\u0440\u0435\u043c\u044f \u0434\u043b\u044f \u0447\u0442\u0435\u043d\u0438\u044f":"15 \u043c\u0438\u043d\u0443\u0442"},"schema":{"@context":"https:\/\/schema.org","@graph":[{"@type":"Article","@id":"http:\/\/denizcankizil.tr\/ru\/haberler\/gundem\/baskan-tugay-siz-tasarlayin-birlikte-uygulayalim\/#article","isPartOf":{"@id":"http:\/\/denizcankizil.tr\/ru\/haberler\/gundem\/baskan-tugay-siz-tasarlayin-birlikte-uygulayalim\/"},"author":{"name":"admin","@id":"https:\/\/denizcankizil.tr\/de\/#\/schema\/person\/be3c05fe6a12686905512445d8185489"},"headline":"Ba\u015fkan Tugay: Siz tasarlay\u0131n birlikte uygulayal\u0131m","datePublished":"2025-05-02T05:42:22+00:00","mainEntityOfPage":{"@id":"http:\/\/denizcankizil.tr\/ru\/haberler\/gundem\/baskan-tugay-siz-tasarlayin-birlikte-uygulayalim\/"},"wordCount":3101,"publisher":{"@id":"https:\/\/denizcankizil.tr\/de\/#organization"},"articleSection":["G\u00fcndem"],"inLanguage":"ru-RU"},{"@type":"WebPage","@id":"http:\/\/denizcankizil.tr\/ru\/haberler\/gundem\/baskan-tugay-siz-tasarlayin-birlikte-uygulayalim\/","url":"http:\/\/denizcankizil.tr\/ru\/haberler\/gundem\/baskan-tugay-siz-tasarlayin-birlikte-uygulayalim\/","name":"Ba\u015fkan Tugay: Siz tasarlay\u0131n birlikte uygulayal\u0131m - Av. Deniz Can K\u0131z\u0131l","isPartOf":{"@id":"https:\/\/denizcankizil.tr\/de\/#website"},"datePublished":"2025-05-02T05:42:22+00:00","breadcrumb":{"@id":"http:\/\/denizcankizil.tr\/ru\/haberler\/gundem\/baskan-tugay-siz-tasarlayin-birlikte-uygulayalim\/#breadcrumb"},"inLanguage":"ru-RU","potentialAction":[{"@type":"ReadAction","target":["http:\/\/denizcankizil.tr\/ru\/haberler\/gundem\/baskan-tugay-siz-tasarlayin-birlikte-uygulayalim\/"]}]},{"@type":"BreadcrumbList","@id":"http:\/\/denizcankizil.tr\/ru\/haberler\/gundem\/baskan-tugay-siz-tasarlayin-birlikte-uygulayalim\/#breadcrumb","itemListElement":[{"@type":"ListItem","position":1,"name":"Home","item":"https:\/\/denizcankizil.tr\/de\/"},{"@type":"ListItem","position":2,"name":"Ba\u015fkan Tugay: Siz tasarlay\u0131n birlikte uygulayal\u0131m"}]},{"@type":"WebSite","@id":"https:\/\/denizcankizil.tr\/de\/#website","url":"https:\/\/denizcankizil.tr\/de\/","name":"Av. Deniz Can K\u0131z\u0131l","description":"Avukat Deniz Can K\u0131z\u0131l Antalya Barosu","publisher":{"@id":"https:\/\/denizcankizil.tr\/de\/#organization"},"potentialAction":[{"@type":"SearchAction","target":{"@type":"EntryPoint","urlTemplate":"https:\/\/denizcankizil.tr\/de\/?s={search_term_string}"},"query-input":{"@type":"PropertyValueSpecification","valueRequired":true,"valueName":"search_term_string"}}],"inLanguage":"ru-RU"},{"@type":"Organization","@id":"https:\/\/denizcankizil.tr\/de\/#organization","name":"Av. Deniz Can K\u0131z\u0131l","url":"https:\/\/denizcankizil.tr\/de\/","logo":{"@type":"ImageObject","inLanguage":"ru-RU","@id":"https:\/\/denizcankizil.tr\/de\/#\/schema\/logo\/image\/","url":"http:\/\/denizcankizil.tr\/wp-content\/uploads\/2024\/10\/siyah-logo-svg.svg","contentUrl":"http:\/\/denizcankizil.tr\/wp-content\/uploads\/2024\/10\/siyah-logo-svg.svg","width":1080,"height":1080,"caption":"Av. Deniz Can K\u0131z\u0131l"},"image":{"@id":"https:\/\/denizcankizil.tr\/de\/#\/schema\/logo\/image\/"}},{"@type":"Person","@id":"https:\/\/denizcankizil.tr\/de\/#\/schema\/person\/be3c05fe6a12686905512445d8185489","name":"\u0430\u0434\u043c\u0438\u043d","image":{"@type":"ImageObject","inLanguage":"ru-RU","@id":"https:\/\/denizcankizil.tr\/de\/#\/schema\/person\/image\/","url":"https:\/\/secure.gravatar.com\/avatar\/c1fce94c830dc79107e174f890d7210541c4a63e8e5d816341794a2151c9d58c?s=96&d=mm&r=g","contentUrl":"https:\/\/secure.gravatar.com\/avatar\/c1fce94c830dc79107e174f890d7210541c4a63e8e5d816341794a2151c9d58c?s=96&d=mm&r=g","caption":"admin"},"sameAs":["http:\/\/denizcankizil.tr"],"url":"https:\/\/www.iskenderun.org\/baskan-tugay-siz-tasarlayin-birlikte-uygulayalim"}]}},"_links":{"self":[{"href":"http:\/\/denizcankizil.tr\/ru\/wp-json\/wp\/v2\/posts\/73405","targetHints":{"allow":["GET"]}}],"collection":[{"href":"http:\/\/denizcankizil.tr\/ru\/wp-json\/wp\/v2\/posts"}],"about":[{"href":"http:\/\/denizcankizil.tr\/ru\/wp-json\/wp\/v2\/types\/post"}],"author":[{"embeddable":true,"href":"http:\/\/denizcankizil.tr\/ru\/wp-json\/wp\/v2\/users\/1"}],"replies":[{"embeddable":true,"href":"http:\/\/denizcankizil.tr\/ru\/wp-json\/wp\/v2\/comments?post=73405"}],"version-history":[{"count":0,"href":"http:\/\/denizcankizil.tr\/ru\/wp-json\/wp\/v2\/posts\/73405\/revisions"}],"wp:attachment":[{"href":"http:\/\/denizcankizil.tr\/ru\/wp-json\/wp\/v2\/media?parent=73405"}],"wp:term":[{"taxonomy":"category","embeddable":true,"href":"http:\/\/denizcankizil.tr\/ru\/wp-json\/wp\/v2\/categories?post=73405"},{"taxonomy":"post_tag","embeddable":true,"href":"http:\/\/denizcankizil.tr\/ru\/wp-json\/wp\/v2\/tags?post=73405"}],"curies":[{"name":"wp","href":"https:\/\/api.w.org\/{rel}","templated":true}]}}