{"id":72546,"date":"2025-05-01T14:09:00","date_gmt":"2025-05-01T11:09:00","guid":{"rendered":"https:\/\/denizcankizil.tr\/uncategorized-tr\/yargitay-12-ceza-dairesinin-2020-974-e-2021-3641-k-sayili-karari\/"},"modified":"2025-05-01T14:09:00","modified_gmt":"2025-05-01T11:09:00","slug":"yargitay-12-ceza-dairesinin-2020-974-e-2021-3641-k-sayili-karari","status":"publish","type":"post","link":"http:\/\/denizcankizil.tr\/ru\/hukukihaber\/yargitay-12-ceza-dairesinin-2020-974-e-2021-3641-k-sayili-karari\/","title":{"rendered":"Yarg\u0131tay 12. Ceza Dairesi&#8217;nin 2020\/974 E., 2021\/3641 K. say\u0131l\u0131 karar\u0131"},"content":{"rendered":"<p>T.C.<\/p>\n<p>Yarg\u0131tay\u00a0<\/p>\n<p>12. Ceza Dairesi<\/p>\n<p>2020\/974 E., 2021\/3641 K.<\/p>\n<p>&#8220;\u0130\u00e7tihat Metni&#8221;<\/p>\n<p>Mahkemesi :Asliye Ceza Mahkemesi<\/p>\n<p>Ki\u015filer aras\u0131ndaki konu\u015fmalar\u0131n dinlenmesi ve kayda al\u0131nmas\u0131 su\u00e7undan san\u0131\u011f\u0131n beraatine ili\u015fkin h\u00fck\u00fcm, kat\u0131lan taraf\u0131ndan temyiz edilmekle, dosya incelenerek gere\u011fi d\u00fc\u015f\u00fcn\u00fcld\u00fc:<\/p>\n<p>Yap\u0131lan yarg\u0131lamaya, incelenen dosya kapsam\u0131na g\u00f6re, kat\u0131lan\u0131n san\u0131k hakk\u0131nda mahkumiyet karar\u0131 verilmemesinin isabetsiz oldu\u011funa ili\u015fkin sair temyiz itirazlar\u0131n\u0131n reddine, ancak;<\/p>\n<p>\u015eikayet dilek\u00e7esi, san\u0131k hakk\u0131nda d\u00fczenlenen iddianame ve dosya kapsam\u0131na g\u00f6re, resmi nikahl\u0131 e\u015fi olan tan\u0131k H.\u2019\u00fcn sadakatinden ku\u015fkulanan ve aldat\u0131ld\u0131\u011f\u0131n\u0131 d\u00fc\u015f\u00fcnen san\u0131k &#8230;\u2019\u0131n, e\u015fine ait cep telefonuna gizlice y\u00fckledi\u011fi casus program arac\u0131l\u0131\u011f\u0131yla e\u015fi ile e\u015finin karde\u015fi olan kat\u0131lan &#8230;\u2019\u0131n yapt\u0131\u011f\u0131 telefon g\u00f6r\u00fc\u015fmelerini kay\u0131t alt\u0131na almas\u0131 nedeniyle TCK\u2019n\u0131n 133\/1. maddesindeki ki\u015filer aras\u0131ndaki konu\u015fmalar\u0131n dinlenmesi ve kayda al\u0131nmas\u0131 su\u00e7unu i\u015fledi\u011finin iddia edildi\u011fi olayda;<\/p>\n<p>Ses kay\u0131tlar\u0131n\u0131n \u00e7\u00f6z\u00fcm\u00fcne ili\u015fkin 26.05.2014 tarihli bilirki\u015fi raporu, dosyada mevcut di\u011fer delillerle birlikte de\u011ferlendirildi\u011finde; kat\u0131lan &#8230; ile kat\u0131lan\u0131n ablas\u0131 olan tan\u0131k H. aras\u0131ndaki g\u00f6r\u00fc\u015fmelerin y\u00fcz y\u00fcze de\u011fil, telefon arac\u0131l\u0131\u011f\u0131yla ger\u00e7ekle\u015fmesinden dolay\u0131 iddianamede ki\u015filer aras\u0131ndaki konu\u015fmalar\u0131n dinlenmesi ve kayda al\u0131nmas\u0131 su\u00e7u olarak nitelendirilen eylemin, iddianame anlat\u0131m\u0131 g\u00f6zetilerek, TCK\u2019n\u0131n 132. maddesindeki haberle\u015fmenin gizlili\u011fini ihlal su\u00e7u kapsam\u0131nda de\u011ferlendirilebilece\u011fi; ancak, kat\u0131lan\u0131n taraf\u0131 oldu\u011fu haberle\u015fme i\u00e7eriklerini, \u00fc\u00e7\u00fcnc\u00fc ki\u015fi ya da ki\u015filerle payla\u015ft\u0131\u011f\u0131 ve\/veya \u00e7o\u011faltarak da\u011f\u0131tt\u0131\u011f\u0131na ili\u015fkin hakk\u0131nda bir iddia ileri s\u00fcr\u00fclmeyen san\u0131\u011f\u0131n, kendisine ve aile birli\u011fine y\u00f6nelen, onurunu zedeleyen, haks\u0131z bir sald\u0131r\u0131 alt\u0131nda ve ba\u015fkaca \u015fekilde ispatlanmas\u0131 m\u00fcmk\u00fcn olmayan bir hal i\u00e7erisinde iken, kaybolma olas\u0131l\u0131\u011f\u0131 bulunan delillerin muhafazas\u0131n\u0131 sa\u011flay\u0131p, bo\u015fanma davas\u0131na sunarak, aile i\u00e7i ge\u00e7imsizli\u011fin kayna\u011f\u0131n\u0131n, kat\u0131lan\u0131n ablas\u0131n\u0131n yani e\u015finin g\u00fcven sars\u0131c\u0131 ve olumsuz davran\u0131\u015flar\u0131 oldu\u011funu ispatlama amac\u0131n\u0131 ta\u015f\u0131yan eylemlerinde, hukuka ayk\u0131r\u0131 hareket etti\u011fi bilinciyle davranmamas\u0131 nedeniyle san\u0131k hakk\u0131nda CMK&#8217;n\u0131n 223\/2-a maddesi gere\u011fince beraat karar\u0131 verilmesi gerekirken, ayn\u0131 Kanunun 223\/2-c maddesi gere\u011fince beraat h\u00fckm\u00fc kurulmas\u0131,<\/p>\n<p>Kanuna ayk\u0131r\u0131 olup, kat\u0131lan\u0131n temyiz itirazlar\u0131 bu itibarla yerinde g\u00f6r\u00fcld\u00fc\u011f\u00fcnden, h\u00fckm\u00fcn bu nedenle 5320 say\u0131l\u0131 Kanun\u2019un 8. maddesi uyar\u0131nca halen uygulanmakta olan 1412 say\u0131l\u0131 CMUK&#8217;un 321. maddesi gere\u011fince BOZULMASINA; ancak, yeniden yarg\u0131lama gerektirmeyen bu konuda, ayn\u0131 Kanunun 322. maddesi gere\u011fince karar verilmesi m\u00fcmk\u00fcn bulundu\u011fundan, ayn\u0131 maddenin verdi\u011fi yetkiye istinaden; h\u00fck\u00fcm f\u0131kras\u0131n\u0131n ilk paragraf\u0131n\u0131n \u201c\u0130ddianamede TCK\u2019n\u0131n 133. maddesindeki ki\u015filer aras\u0131ndaki konu\u015fmalar\u0131n dinlenmesi ve kayda al\u0131nmas\u0131 su\u00e7u olarak nitelendirilen eylemin, iddianame anlat\u0131m\u0131 ve dosya kapsam\u0131 g\u00f6zetilerek, TCK\u2019n\u0131n 132. maddesindeki haberle\u015fmenin gizlili\u011fini ihlal su\u00e7u kapsam\u0131nda de\u011ferlendirilebilece\u011fi; ancak, yap\u0131lan yarg\u0131lama sonunda, san\u0131\u011fa y\u00fcklenen fiilin kanunda su\u00e7 olarak tan\u0131mlanmam\u0131\u015f oldu\u011fu anla\u015f\u0131ld\u0131\u011f\u0131ndan, san\u0131\u011f\u0131n, CMK\u2019n\u0131n 223\/2-a maddesi gere\u011fince beraatine,\u201d olarak de\u011fi\u015ftirilmesi suretiyle, sair y\u00f6nleri usul ve kanuna uygun bulunan h\u00fckm\u00fcn D\u00dcZELT\u0130LEREK ONANMASINA, 14.04.2021 tarihinde oybirli\u011fiyle karar verildi.<\/p>\n<p>\u200bYarg\u0131tay 12. Ceza Dairesi&#8217;nin 14.04.2021 tarihli ve 2020\/974 E., 2021\/3641 K. say\u0131l\u0131 karar\u0131\u00a0Hukuki Haber<\/p>\n<p>Haberin Al\u0131nt\u0131land\u0131\u011f\u0131 Kaynak: www.hukukihaber.net<\/p>","protected":false},"excerpt":{"rendered":"<p>T.C. Yarg\u0131tay\u00a0 12. Ceza Dairesi 2020\/974 E., 2021\/3641 K. &#8220;\u0130\u00e7tihat Metni&#8221; Mahkemesi :Asliye Ceza Mahkemesi Ki\u015filer aras\u0131ndaki konu\u015fmalar\u0131n dinlenmesi ve kayda al\u0131nmas\u0131 su\u00e7undan san\u0131\u011f\u0131n beraatine ili\u015fkin h\u00fck\u00fcm, kat\u0131lan taraf\u0131ndan temyiz edilmekle, dosya incelenerek gere\u011fi d\u00fc\u015f\u00fcn\u00fcld\u00fc: Yap\u0131lan yarg\u0131lamaya, incelenen dosya kapsam\u0131na g\u00f6re, kat\u0131lan\u0131n san\u0131k hakk\u0131nda mahkumiyet karar\u0131 verilmemesinin isabetsiz oldu\u011funa ili\u015fkin sair temyiz itirazlar\u0131n\u0131n reddine, ancak; \u015eikayet dilek\u00e7esi, san\u0131k hakk\u0131nda d\u00fczenlenen iddianame ve dosya kapsam\u0131na g\u00f6re, resmi nikahl\u0131 e\u015fi olan tan\u0131k H.\u2019\u00fcn sadakatinden ku\u015fkulanan ve aldat\u0131ld\u0131\u011f\u0131n\u0131 d\u00fc\u015f\u00fcnen san\u0131k &#8230;\u2019\u0131n, e\u015fine ait cep telefonuna gizlice y\u00fckledi\u011fi casus program arac\u0131l\u0131\u011f\u0131yla e\u015fi ile e\u015finin karde\u015fi olan kat\u0131lan &#8230;\u2019\u0131n yapt\u0131\u011f\u0131 telefon g\u00f6r\u00fc\u015fmelerini kay\u0131t alt\u0131na almas\u0131 nedeniyle TCK\u2019n\u0131n 133\/1. maddesindeki ki\u015filer aras\u0131ndaki konu\u015fmalar\u0131n dinlenmesi ve kayda al\u0131nmas\u0131 su\u00e7unu i\u015fledi\u011finin iddia edildi\u011fi olayda; Ses kay\u0131tlar\u0131n\u0131n \u00e7\u00f6z\u00fcm\u00fcne ili\u015fkin 26.05.2014 tarihli bilirki\u015fi raporu, dosyada mevcut di\u011fer delillerle birlikte de\u011ferlendirildi\u011finde; kat\u0131lan &#8230; ile kat\u0131lan\u0131n ablas\u0131 olan tan\u0131k H. aras\u0131ndaki g\u00f6r\u00fc\u015fmelerin y\u00fcz y\u00fcze de\u011fil, telefon arac\u0131l\u0131\u011f\u0131yla ger\u00e7ekle\u015fmesinden dolay\u0131 iddianamede ki\u015filer aras\u0131ndaki konu\u015fmalar\u0131n dinlenmesi ve kayda al\u0131nmas\u0131 su\u00e7u olarak nitelendirilen eylemin, iddianame anlat\u0131m\u0131 g\u00f6zetilerek, TCK\u2019n\u0131n 132. maddesindeki haberle\u015fmenin gizlili\u011fini ihlal su\u00e7u kapsam\u0131nda de\u011ferlendirilebilece\u011fi; ancak, kat\u0131lan\u0131n taraf\u0131 oldu\u011fu haberle\u015fme i\u00e7eriklerini, \u00fc\u00e7\u00fcnc\u00fc ki\u015fi ya da ki\u015filerle payla\u015ft\u0131\u011f\u0131 ve\/veya \u00e7o\u011faltarak da\u011f\u0131tt\u0131\u011f\u0131na ili\u015fkin hakk\u0131nda bir iddia ileri s\u00fcr\u00fclmeyen san\u0131\u011f\u0131n, kendisine ve aile birli\u011fine y\u00f6nelen, onurunu zedeleyen, &hellip;<\/p>","protected":false},"author":3,"featured_media":0,"comment_status":"","ping_status":"open","sticky":false,"template":"","format":"standard","meta":{"_acf_changed":false,"footnotes":""},"categories":[27],"tags":[],"class_list":["post-72546","post","type-post","status-publish","format-standard","has-post-thumbnail","hentry","category-hukukihaber"],"acf":[],"yoast_head":"<!-- This site is optimized with the Yoast SEO Premium plugin v26.6 (Yoast SEO v27.1.1) - https:\/\/yoast.com\/product\/yoast-seo-premium-wordpress\/ -->\n<title>Yarg\u0131tay 12. Ceza Dairesi&#039;nin 2020\/974 E., 2021\/3641 K. say\u0131l\u0131 karar\u0131 - Av. Deniz Can K\u0131z\u0131l<\/title>\n<meta name=\"robots\" content=\"index, follow, max-snippet:-1, max-image-preview:large, max-video-preview:-1\" \/>\n<link rel=\"canonical\" href=\"http:\/\/denizcankizil.tr\/ru\/hukukihaber\/yargitay-12-ceza-dairesinin-2020-974-e-2021-3641-k-sayili-karari\/\" \/>\n<meta property=\"og:locale\" content=\"ru_RU\" \/>\n<meta property=\"og:type\" content=\"article\" \/>\n<meta property=\"og:title\" content=\"Yarg\u0131tay 12. Ceza Dairesi&#039;nin 2020\/974 E., 2021\/3641 K. say\u0131l\u0131 karar\u0131\" \/>\n<meta property=\"og:description\" content=\"T.C. Yarg\u0131tay\u00a0 12. Ceza Dairesi 2020\/974 E., 2021\/3641 K. &#8220;\u0130\u00e7tihat Metni&#8221; Mahkemesi :Asliye Ceza Mahkemesi Ki\u015filer aras\u0131ndaki konu\u015fmalar\u0131n dinlenmesi ve kayda al\u0131nmas\u0131 su\u00e7undan san\u0131\u011f\u0131n beraatine ili\u015fkin h\u00fck\u00fcm, kat\u0131lan taraf\u0131ndan temyiz edilmekle, dosya incelenerek gere\u011fi d\u00fc\u015f\u00fcn\u00fcld\u00fc: Yap\u0131lan yarg\u0131lamaya, incelenen dosya kapsam\u0131na g\u00f6re, kat\u0131lan\u0131n san\u0131k hakk\u0131nda mahkumiyet karar\u0131 verilmemesinin isabetsiz oldu\u011funa ili\u015fkin sair temyiz itirazlar\u0131n\u0131n reddine, ancak; \u015eikayet dilek\u00e7esi, san\u0131k hakk\u0131nda d\u00fczenlenen iddianame ve dosya kapsam\u0131na g\u00f6re, resmi nikahl\u0131 e\u015fi olan tan\u0131k H.\u2019\u00fcn sadakatinden ku\u015fkulanan ve aldat\u0131ld\u0131\u011f\u0131n\u0131 d\u00fc\u015f\u00fcnen san\u0131k &#8230;\u2019\u0131n, e\u015fine ait cep telefonuna gizlice y\u00fckledi\u011fi casus program arac\u0131l\u0131\u011f\u0131yla e\u015fi ile e\u015finin karde\u015fi olan kat\u0131lan &#8230;\u2019\u0131n yapt\u0131\u011f\u0131 telefon g\u00f6r\u00fc\u015fmelerini kay\u0131t alt\u0131na almas\u0131 nedeniyle TCK\u2019n\u0131n 133\/1. maddesindeki ki\u015filer aras\u0131ndaki konu\u015fmalar\u0131n dinlenmesi ve kayda al\u0131nmas\u0131 su\u00e7unu i\u015fledi\u011finin iddia edildi\u011fi olayda; Ses kay\u0131tlar\u0131n\u0131n \u00e7\u00f6z\u00fcm\u00fcne ili\u015fkin 26.05.2014 tarihli bilirki\u015fi raporu, dosyada mevcut di\u011fer delillerle birlikte de\u011ferlendirildi\u011finde; kat\u0131lan &#8230; ile kat\u0131lan\u0131n ablas\u0131 olan tan\u0131k H. aras\u0131ndaki g\u00f6r\u00fc\u015fmelerin y\u00fcz y\u00fcze de\u011fil, telefon arac\u0131l\u0131\u011f\u0131yla ger\u00e7ekle\u015fmesinden dolay\u0131 iddianamede ki\u015filer aras\u0131ndaki konu\u015fmalar\u0131n dinlenmesi ve kayda al\u0131nmas\u0131 su\u00e7u olarak nitelendirilen eylemin, iddianame anlat\u0131m\u0131 g\u00f6zetilerek, TCK\u2019n\u0131n 132. maddesindeki haberle\u015fmenin gizlili\u011fini ihlal su\u00e7u kapsam\u0131nda de\u011ferlendirilebilece\u011fi; ancak, kat\u0131lan\u0131n taraf\u0131 oldu\u011fu haberle\u015fme i\u00e7eriklerini, \u00fc\u00e7\u00fcnc\u00fc ki\u015fi ya da ki\u015filerle payla\u015ft\u0131\u011f\u0131 ve\/veya \u00e7o\u011faltarak da\u011f\u0131tt\u0131\u011f\u0131na ili\u015fkin hakk\u0131nda bir iddia ileri s\u00fcr\u00fclmeyen san\u0131\u011f\u0131n, kendisine ve aile birli\u011fine y\u00f6nelen, onurunu zedeleyen, &hellip;\" \/>\n<meta property=\"og:url\" content=\"http:\/\/denizcankizil.tr\/ru\/hukukihaber\/yargitay-12-ceza-dairesinin-2020-974-e-2021-3641-k-sayili-karari\/\" \/>\n<meta property=\"og:site_name\" content=\"Av. Deniz Can K\u0131z\u0131l\" \/>\n<meta property=\"article:published_time\" content=\"2025-05-01T11:09:00+00:00\" \/>\n<meta name=\"author\" content=\"Hukuki Haber.net\" \/>\n<meta name=\"twitter:card\" content=\"summary_large_image\" \/>\n<meta name=\"twitter:label1\" content=\"\u041d\u0430\u043f\u0438\u0441\u0430\u043d\u043e \u0430\u0432\u0442\u043e\u0440\u043e\u043c\" \/>\n\t<meta name=\"twitter:data1\" content=\"Hukuki Haber.net\" \/>\n\t<meta name=\"twitter:label2\" content=\"\u041f\u0440\u0438\u043c\u0435\u0440\u043d\u043e\u0435 \u0432\u0440\u0435\u043c\u044f \u0434\u043b\u044f \u0447\u0442\u0435\u043d\u0438\u044f\" \/>\n\t<meta name=\"twitter:data2\" content=\"3 \u043c\u0438\u043d\u0443\u0442\u044b\" \/>\n<script type=\"application\/ld+json\" class=\"yoast-schema-graph\">{\"@context\":\"https:\/\/schema.org\",\"@graph\":[{\"@type\":\"Article\",\"@id\":\"http:\/\/denizcankizil.tr\/ru\/hukukihaber\/yargitay-12-ceza-dairesinin-2020-974-e-2021-3641-k-sayili-karari\/#article\",\"isPartOf\":{\"@id\":\"http:\/\/denizcankizil.tr\/ru\/hukukihaber\/yargitay-12-ceza-dairesinin-2020-974-e-2021-3641-k-sayili-karari\/\"},\"author\":{\"name\":\"Hukuki Haber.net\",\"@id\":\"https:\/\/denizcankizil.tr\/#\/schema\/person\/001a271de994a0aa3f90eea084424822\"},\"headline\":\"Yarg\u0131tay 12. Ceza Dairesi&#8217;nin 2020\/974 E., 2021\/3641 K. say\u0131l\u0131 karar\u0131\",\"datePublished\":\"2025-05-01T11:09:00+00:00\",\"mainEntityOfPage\":{\"@id\":\"http:\/\/denizcankizil.tr\/ru\/hukukihaber\/yargitay-12-ceza-dairesinin-2020-974-e-2021-3641-k-sayili-karari\/\"},\"wordCount\":632,\"publisher\":{\"@id\":\"https:\/\/denizcankizil.tr\/#organization\"},\"articleSection\":[\"Hukuki Haberler\"],\"inLanguage\":\"ru-RU\"},{\"@type\":\"WebPage\",\"@id\":\"http:\/\/denizcankizil.tr\/ru\/hukukihaber\/yargitay-12-ceza-dairesinin-2020-974-e-2021-3641-k-sayili-karari\/\",\"url\":\"http:\/\/denizcankizil.tr\/ru\/hukukihaber\/yargitay-12-ceza-dairesinin-2020-974-e-2021-3641-k-sayili-karari\/\",\"name\":\"Yarg\u0131tay 12. Ceza Dairesi'nin 2020\/974 E., 2021\/3641 K. say\u0131l\u0131 karar\u0131 - Av. Deniz Can K\u0131z\u0131l\",\"isPartOf\":{\"@id\":\"https:\/\/denizcankizil.tr\/#website\"},\"datePublished\":\"2025-05-01T11:09:00+00:00\",\"breadcrumb\":{\"@id\":\"http:\/\/denizcankizil.tr\/ru\/hukukihaber\/yargitay-12-ceza-dairesinin-2020-974-e-2021-3641-k-sayili-karari\/#breadcrumb\"},\"inLanguage\":\"ru-RU\",\"potentialAction\":[{\"@type\":\"ReadAction\",\"target\":[\"http:\/\/denizcankizil.tr\/ru\/hukukihaber\/yargitay-12-ceza-dairesinin-2020-974-e-2021-3641-k-sayili-karari\/\"]}]},{\"@type\":\"BreadcrumbList\",\"@id\":\"http:\/\/denizcankizil.tr\/ru\/hukukihaber\/yargitay-12-ceza-dairesinin-2020-974-e-2021-3641-k-sayili-karari\/#breadcrumb\",\"itemListElement\":[{\"@type\":\"ListItem\",\"position\":1,\"name\":\"Home\",\"item\":\"https:\/\/denizcankizil.tr\/de\/\"},{\"@type\":\"ListItem\",\"position\":2,\"name\":\"Yarg\u0131tay 12. Ceza Dairesi&#8217;nin 2020\/974 E., 2021\/3641 K. say\u0131l\u0131 karar\u0131\"}]},{\"@type\":\"WebSite\",\"@id\":\"https:\/\/denizcankizil.tr\/#website\",\"url\":\"https:\/\/denizcankizil.tr\/\",\"name\":\"Av. Deniz Can K\u0131z\u0131l\",\"description\":\"Avukat Deniz Can K\u0131z\u0131l Antalya Barosu\",\"publisher\":{\"@id\":\"https:\/\/denizcankizil.tr\/#organization\"},\"potentialAction\":[{\"@type\":\"SearchAction\",\"target\":{\"@type\":\"EntryPoint\",\"urlTemplate\":\"https:\/\/denizcankizil.tr\/?s={search_term_string}\"},\"query-input\":{\"@type\":\"PropertyValueSpecification\",\"valueRequired\":true,\"valueName\":\"search_term_string\"}}],\"inLanguage\":\"ru-RU\"},{\"@type\":\"Organization\",\"@id\":\"https:\/\/denizcankizil.tr\/#organization\",\"name\":\"Av. Deniz Can K\u0131z\u0131l\",\"url\":\"https:\/\/denizcankizil.tr\/\",\"logo\":{\"@type\":\"ImageObject\",\"inLanguage\":\"ru-RU\",\"@id\":\"https:\/\/denizcankizil.tr\/#\/schema\/logo\/image\/\",\"url\":\"http:\/\/denizcankizil.tr\/wp-content\/uploads\/2024\/10\/siyah-logo-svg.svg\",\"contentUrl\":\"http:\/\/denizcankizil.tr\/wp-content\/uploads\/2024\/10\/siyah-logo-svg.svg\",\"width\":1080,\"height\":1080,\"caption\":\"Av. Deniz Can K\u0131z\u0131l\"},\"image\":{\"@id\":\"https:\/\/denizcankizil.tr\/#\/schema\/logo\/image\/\"}},{\"@type\":\"Person\",\"@id\":\"https:\/\/denizcankizil.tr\/#\/schema\/person\/001a271de994a0aa3f90eea084424822\",\"name\":\"Hukuki Haber.net\",\"image\":{\"@type\":\"ImageObject\",\"inLanguage\":\"ru-RU\",\"@id\":\"https:\/\/denizcankizil.tr\/#\/schema\/person\/image\/\",\"url\":\"https:\/\/secure.gravatar.com\/avatar\/57d8a49151495586611a149d29fc42865b951dc053a84709a3172ccb5abf3118?s=96&d=mm&r=g\",\"contentUrl\":\"https:\/\/secure.gravatar.com\/avatar\/57d8a49151495586611a149d29fc42865b951dc053a84709a3172ccb5abf3118?s=96&d=mm&r=g\",\"caption\":\"Hukuki Haber.net\"},\"sameAs\":[\"http:\/\/www.hukukihaber.net\"],\"url\":\"http:\/\/denizcankizil.tr\/ru\/author\/hukukihabernet\/\"}]}<\/script>\n<!-- \/ Yoast SEO Premium plugin. -->","yoast_head_json":{"title":"Yarg\u0131tay 12. Ceza Dairesi'nin 2020\/974 E., 2021\/3641 K. say\u0131l\u0131 karar\u0131 - Av. Deniz Can K\u0131z\u0131l","robots":{"index":"index","follow":"follow","max-snippet":"max-snippet:-1","max-image-preview":"max-image-preview:large","max-video-preview":"max-video-preview:-1"},"canonical":"http:\/\/denizcankizil.tr\/ru\/hukukihaber\/yargitay-12-ceza-dairesinin-2020-974-e-2021-3641-k-sayili-karari\/","og_locale":"ru_RU","og_type":"article","og_title":"Yarg\u0131tay 12. Ceza Dairesi'nin 2020\/974 E., 2021\/3641 K. say\u0131l\u0131 karar\u0131","og_description":"T.C. Yarg\u0131tay\u00a0 12. Ceza Dairesi 2020\/974 E., 2021\/3641 K. &#8220;\u0130\u00e7tihat Metni&#8221; Mahkemesi :Asliye Ceza Mahkemesi Ki\u015filer aras\u0131ndaki konu\u015fmalar\u0131n dinlenmesi ve kayda al\u0131nmas\u0131 su\u00e7undan san\u0131\u011f\u0131n beraatine ili\u015fkin h\u00fck\u00fcm, kat\u0131lan taraf\u0131ndan temyiz edilmekle, dosya incelenerek gere\u011fi d\u00fc\u015f\u00fcn\u00fcld\u00fc: Yap\u0131lan yarg\u0131lamaya, incelenen dosya kapsam\u0131na g\u00f6re, kat\u0131lan\u0131n san\u0131k hakk\u0131nda mahkumiyet karar\u0131 verilmemesinin isabetsiz oldu\u011funa ili\u015fkin sair temyiz itirazlar\u0131n\u0131n reddine, ancak; \u015eikayet dilek\u00e7esi, san\u0131k hakk\u0131nda d\u00fczenlenen iddianame ve dosya kapsam\u0131na g\u00f6re, resmi nikahl\u0131 e\u015fi olan tan\u0131k H.\u2019\u00fcn sadakatinden ku\u015fkulanan ve aldat\u0131ld\u0131\u011f\u0131n\u0131 d\u00fc\u015f\u00fcnen san\u0131k &#8230;\u2019\u0131n, e\u015fine ait cep telefonuna gizlice y\u00fckledi\u011fi casus program arac\u0131l\u0131\u011f\u0131yla e\u015fi ile e\u015finin karde\u015fi olan kat\u0131lan &#8230;\u2019\u0131n yapt\u0131\u011f\u0131 telefon g\u00f6r\u00fc\u015fmelerini kay\u0131t alt\u0131na almas\u0131 nedeniyle TCK\u2019n\u0131n 133\/1. maddesindeki ki\u015filer aras\u0131ndaki konu\u015fmalar\u0131n dinlenmesi ve kayda al\u0131nmas\u0131 su\u00e7unu i\u015fledi\u011finin iddia edildi\u011fi olayda; Ses kay\u0131tlar\u0131n\u0131n \u00e7\u00f6z\u00fcm\u00fcne ili\u015fkin 26.05.2014 tarihli bilirki\u015fi raporu, dosyada mevcut di\u011fer delillerle birlikte de\u011ferlendirildi\u011finde; kat\u0131lan &#8230; ile kat\u0131lan\u0131n ablas\u0131 olan tan\u0131k H. aras\u0131ndaki g\u00f6r\u00fc\u015fmelerin y\u00fcz y\u00fcze de\u011fil, telefon arac\u0131l\u0131\u011f\u0131yla ger\u00e7ekle\u015fmesinden dolay\u0131 iddianamede ki\u015filer aras\u0131ndaki konu\u015fmalar\u0131n dinlenmesi ve kayda al\u0131nmas\u0131 su\u00e7u olarak nitelendirilen eylemin, iddianame anlat\u0131m\u0131 g\u00f6zetilerek, TCK\u2019n\u0131n 132. maddesindeki haberle\u015fmenin gizlili\u011fini ihlal su\u00e7u kapsam\u0131nda de\u011ferlendirilebilece\u011fi; ancak, kat\u0131lan\u0131n taraf\u0131 oldu\u011fu haberle\u015fme i\u00e7eriklerini, \u00fc\u00e7\u00fcnc\u00fc ki\u015fi ya da ki\u015filerle payla\u015ft\u0131\u011f\u0131 ve\/veya \u00e7o\u011faltarak da\u011f\u0131tt\u0131\u011f\u0131na ili\u015fkin hakk\u0131nda bir iddia ileri s\u00fcr\u00fclmeyen san\u0131\u011f\u0131n, kendisine ve aile birli\u011fine y\u00f6nelen, onurunu zedeleyen, &hellip;","og_url":"http:\/\/denizcankizil.tr\/ru\/hukukihaber\/yargitay-12-ceza-dairesinin-2020-974-e-2021-3641-k-sayili-karari\/","og_site_name":"Av. Deniz Can K\u0131z\u0131l","article_published_time":"2025-05-01T11:09:00+00:00","author":"Hukuki Haber.net","twitter_card":"summary_large_image","twitter_misc":{"\u041d\u0430\u043f\u0438\u0441\u0430\u043d\u043e \u0430\u0432\u0442\u043e\u0440\u043e\u043c":"Hukuki Haber.net","\u041f\u0440\u0438\u043c\u0435\u0440\u043d\u043e\u0435 \u0432\u0440\u0435\u043c\u044f \u0434\u043b\u044f \u0447\u0442\u0435\u043d\u0438\u044f":"3 \u043c\u0438\u043d\u0443\u0442\u044b"},"schema":{"@context":"https:\/\/schema.org","@graph":[{"@type":"Article","@id":"http:\/\/denizcankizil.tr\/ru\/hukukihaber\/yargitay-12-ceza-dairesinin-2020-974-e-2021-3641-k-sayili-karari\/#article","isPartOf":{"@id":"http:\/\/denizcankizil.tr\/ru\/hukukihaber\/yargitay-12-ceza-dairesinin-2020-974-e-2021-3641-k-sayili-karari\/"},"author":{"name":"Hukuki Haber.net","@id":"https:\/\/denizcankizil.tr\/#\/schema\/person\/001a271de994a0aa3f90eea084424822"},"headline":"Yarg\u0131tay 12. Ceza Dairesi&#8217;nin 2020\/974 E., 2021\/3641 K. say\u0131l\u0131 karar\u0131","datePublished":"2025-05-01T11:09:00+00:00","mainEntityOfPage":{"@id":"http:\/\/denizcankizil.tr\/ru\/hukukihaber\/yargitay-12-ceza-dairesinin-2020-974-e-2021-3641-k-sayili-karari\/"},"wordCount":632,"publisher":{"@id":"https:\/\/denizcankizil.tr\/#organization"},"articleSection":["Hukuki Haberler"],"inLanguage":"ru-RU"},{"@type":"WebPage","@id":"http:\/\/denizcankizil.tr\/ru\/hukukihaber\/yargitay-12-ceza-dairesinin-2020-974-e-2021-3641-k-sayili-karari\/","url":"http:\/\/denizcankizil.tr\/ru\/hukukihaber\/yargitay-12-ceza-dairesinin-2020-974-e-2021-3641-k-sayili-karari\/","name":"Yarg\u0131tay 12. Ceza Dairesi'nin 2020\/974 E., 2021\/3641 K. say\u0131l\u0131 karar\u0131 - Av. Deniz Can K\u0131z\u0131l","isPartOf":{"@id":"https:\/\/denizcankizil.tr\/#website"},"datePublished":"2025-05-01T11:09:00+00:00","breadcrumb":{"@id":"http:\/\/denizcankizil.tr\/ru\/hukukihaber\/yargitay-12-ceza-dairesinin-2020-974-e-2021-3641-k-sayili-karari\/#breadcrumb"},"inLanguage":"ru-RU","potentialAction":[{"@type":"ReadAction","target":["http:\/\/denizcankizil.tr\/ru\/hukukihaber\/yargitay-12-ceza-dairesinin-2020-974-e-2021-3641-k-sayili-karari\/"]}]},{"@type":"BreadcrumbList","@id":"http:\/\/denizcankizil.tr\/ru\/hukukihaber\/yargitay-12-ceza-dairesinin-2020-974-e-2021-3641-k-sayili-karari\/#breadcrumb","itemListElement":[{"@type":"ListItem","position":1,"name":"Home","item":"https:\/\/denizcankizil.tr\/de\/"},{"@type":"ListItem","position":2,"name":"Yarg\u0131tay 12. Ceza Dairesi&#8217;nin 2020\/974 E., 2021\/3641 K. say\u0131l\u0131 karar\u0131"}]},{"@type":"WebSite","@id":"https:\/\/denizcankizil.tr\/#website","url":"https:\/\/denizcankizil.tr\/","name":"Av. Deniz Can K\u0131z\u0131l","description":"Avukat Deniz Can K\u0131z\u0131l Antalya Barosu","publisher":{"@id":"https:\/\/denizcankizil.tr\/#organization"},"potentialAction":[{"@type":"SearchAction","target":{"@type":"EntryPoint","urlTemplate":"https:\/\/denizcankizil.tr\/?s={search_term_string}"},"query-input":{"@type":"PropertyValueSpecification","valueRequired":true,"valueName":"search_term_string"}}],"inLanguage":"ru-RU"},{"@type":"Organization","@id":"https:\/\/denizcankizil.tr\/#organization","name":"Av. Deniz Can K\u0131z\u0131l","url":"https:\/\/denizcankizil.tr\/","logo":{"@type":"ImageObject","inLanguage":"ru-RU","@id":"https:\/\/denizcankizil.tr\/#\/schema\/logo\/image\/","url":"http:\/\/denizcankizil.tr\/wp-content\/uploads\/2024\/10\/siyah-logo-svg.svg","contentUrl":"http:\/\/denizcankizil.tr\/wp-content\/uploads\/2024\/10\/siyah-logo-svg.svg","width":1080,"height":1080,"caption":"Av. Deniz Can K\u0131z\u0131l"},"image":{"@id":"https:\/\/denizcankizil.tr\/#\/schema\/logo\/image\/"}},{"@type":"Person","@id":"https:\/\/denizcankizil.tr\/#\/schema\/person\/001a271de994a0aa3f90eea084424822","name":"Hukuki Haber.net","image":{"@type":"ImageObject","inLanguage":"ru-RU","@id":"https:\/\/denizcankizil.tr\/#\/schema\/person\/image\/","url":"https:\/\/secure.gravatar.com\/avatar\/57d8a49151495586611a149d29fc42865b951dc053a84709a3172ccb5abf3118?s=96&d=mm&r=g","contentUrl":"https:\/\/secure.gravatar.com\/avatar\/57d8a49151495586611a149d29fc42865b951dc053a84709a3172ccb5abf3118?s=96&d=mm&r=g","caption":"Hukuki Haber.net"},"sameAs":["http:\/\/www.hukukihaber.net"],"url":"http:\/\/denizcankizil.tr\/ru\/author\/hukukihabernet\/"}]}},"_links":{"self":[{"href":"http:\/\/denizcankizil.tr\/ru\/wp-json\/wp\/v2\/posts\/72546","targetHints":{"allow":["GET"]}}],"collection":[{"href":"http:\/\/denizcankizil.tr\/ru\/wp-json\/wp\/v2\/posts"}],"about":[{"href":"http:\/\/denizcankizil.tr\/ru\/wp-json\/wp\/v2\/types\/post"}],"author":[{"embeddable":true,"href":"http:\/\/denizcankizil.tr\/ru\/wp-json\/wp\/v2\/users\/3"}],"replies":[{"embeddable":true,"href":"http:\/\/denizcankizil.tr\/ru\/wp-json\/wp\/v2\/comments?post=72546"}],"version-history":[{"count":0,"href":"http:\/\/denizcankizil.tr\/ru\/wp-json\/wp\/v2\/posts\/72546\/revisions"}],"wp:attachment":[{"href":"http:\/\/denizcankizil.tr\/ru\/wp-json\/wp\/v2\/media?parent=72546"}],"wp:term":[{"taxonomy":"category","embeddable":true,"href":"http:\/\/denizcankizil.tr\/ru\/wp-json\/wp\/v2\/categories?post=72546"},{"taxonomy":"post_tag","embeddable":true,"href":"http:\/\/denizcankizil.tr\/ru\/wp-json\/wp\/v2\/tags?post=72546"}],"curies":[{"name":"wp","href":"https:\/\/api.w.org\/{rel}","templated":true}]}}