{"id":70383,"date":"2025-04-29T15:41:26","date_gmt":"2025-04-29T12:41:26","guid":{"rendered":"https:\/\/denizcankizil.tr\/uncategorized-tr\/yangin-egitimleri-suruyor\/"},"modified":"2025-04-29T15:41:26","modified_gmt":"2025-04-29T12:41:26","slug":"yangin-egitimleri-suruyor","status":"publish","type":"post","link":"http:\/\/denizcankizil.tr\/ru\/haberler\/antalya\/yangin-egitimleri-suruyor\/","title":{"rendered":"Yang\u0131n e\u011fitimleri s\u00fcr\u00fcyor"},"content":{"rendered":"<p>Antalya B\u00fcy\u00fck\u015fehir Belediyesi \u0130tfaiye Dairesi Ba\u015fkanl\u0131\u011f\u0131 taraf\u0131ndan Elmal\u0131 \u0130l\u00e7e Hizmet Birimi \u015eube M\u00fcd\u00fcrl\u00fc\u011f\u00fc birimlerinde g\u00f6revli belediye personeline yang\u0131n e\u011fitimi verildi.<br \/>\nElmal\u0131 Muhammed Hamdi Yaz\u0131r K\u00fclt\u00fcr Merkezi&#8217;nde ger\u00e7ekle\u015ftirilen teorik e\u011fitimin ard\u0131ndan bina bah\u00e7esinde de uygulamal\u0131 yang\u0131na m\u00fcdahale tatbikat\u0131 ger\u00e7ekle\u015ftirildi. B\u00fcy\u00fck\u015fehir Belediyesi itfaiye ekipleri e\u011fitim \u00e7al\u0131\u015fmalar\u0131 kapsam\u0131nda Finike Kaymakaml\u0131\u011f\u0131&#8217;nda g\u00f6revli personele de yang\u0131n \u00f6nleme ve s\u00f6nd\u00fcrme tekniklerine y\u00f6nelik bir e\u011fitim ger\u00e7ekle\u015ftirdi.<\/p>\n<p>\u00d6nce teorik e\u011fitim sonra uygulamal\u0131<br \/>\nE\u011fitimlerde yang\u0131nla m\u00fccadele, yang\u0131n an\u0131nda neler yap\u0131lmas\u0131 gerekti\u011fi ve yang\u0131n s\u00f6nd\u00fcrme cihazlar\u0131n\u0131n kullan\u0131m\u0131 gibi konularda bilgiler verildi. Yang\u0131nda \u00f6ncelikli olarak yap\u0131lacaklar ve al\u0131nmas\u0131 gereken tedbirlerin anlat\u0131ld\u0131\u011f\u0131 e\u011fitimde, teorik olarak verilen bilgiler yang\u0131n s\u00f6nd\u00fcrme tatbikat\u0131yla prati\u011fe ta\u015f\u0131nd\u0131. \u0130tfaiye ekipleri malzemeye g\u00f6re hangi yang\u0131n t\u00fcp\u00fcn\u00fcn se\u00e7ilmesi gerekti\u011fi, yang\u0131n t\u00fcplerinin nas\u0131l kullan\u0131laca\u011f\u0131, gaz ve duman dolu ortamda hareket tarz\u0131, yang\u0131nda kurtarma faaliyetleri konular\u0131nda belediye personelini bilgilendirdi.<\/p>\n<p>Kaynak: www.kanalv.com.tr Haber Sitesinden Al\u0131nm\u0131\u015ft\u0131r.<\/p>","protected":false},"excerpt":{"rendered":"<p>Antalya B\u00fcy\u00fck\u015fehir Belediyesi \u0130tfaiye Dairesi Ba\u015fkanl\u0131\u011f\u0131 taraf\u0131ndan Elmal\u0131 \u0130l\u00e7e Hizmet Birimi \u015eube M\u00fcd\u00fcrl\u00fc\u011f\u00fc birimlerinde g\u00f6revli belediye personeline yang\u0131n e\u011fitimi verildi. Elmal\u0131 Muhammed Hamdi Yaz\u0131r K\u00fclt\u00fcr Merkezi&#8217;nde ger\u00e7ekle\u015ftirilen teorik e\u011fitimin ard\u0131ndan bina bah\u00e7esinde de uygulamal\u0131 yang\u0131na m\u00fcdahale tatbikat\u0131 ger\u00e7ekle\u015ftirildi. B\u00fcy\u00fck\u015fehir Belediyesi itfaiye ekipleri e\u011fitim \u00e7al\u0131\u015fmalar\u0131 kapsam\u0131nda Finike Kaymakaml\u0131\u011f\u0131&#8217;nda g\u00f6revli personele de yang\u0131n \u00f6nleme ve s\u00f6nd\u00fcrme tekniklerine y\u00f6nelik bir e\u011fitim ger\u00e7ekle\u015ftirdi. \u00d6nce teorik e\u011fitim sonra uygulamal\u0131 E\u011fitimlerde yang\u0131nla m\u00fccadele, yang\u0131n an\u0131nda neler yap\u0131lmas\u0131 gerekti\u011fi ve yang\u0131n s\u00f6nd\u00fcrme cihazlar\u0131n\u0131n kullan\u0131m\u0131 gibi konularda bilgiler verildi. Yang\u0131nda \u00f6ncelikli olarak yap\u0131lacaklar ve al\u0131nmas\u0131 gereken tedbirlerin anlat\u0131ld\u0131\u011f\u0131 e\u011fitimde, teorik olarak verilen bilgiler yang\u0131n s\u00f6nd\u00fcrme tatbikat\u0131yla prati\u011fe ta\u015f\u0131nd\u0131. \u0130tfaiye ekipleri malzemeye g\u00f6re hangi yang\u0131n t\u00fcp\u00fcn\u00fcn se\u00e7ilmesi gerekti\u011fi, yang\u0131n t\u00fcplerinin nas\u0131l kullan\u0131laca\u011f\u0131, gaz ve duman dolu ortamda hareket tarz\u0131, yang\u0131nda kurtarma faaliyetleri konular\u0131nda belediye personelini bilgilendirdi. Kaynak: www.kanalv.com.tr Haber Sitesinden Al\u0131nm\u0131\u015ft\u0131r.<\/p>","protected":false},"author":4,"featured_media":70384,"comment_status":"","ping_status":"open","sticky":false,"template":"","format":"standard","meta":{"_acf_changed":false,"footnotes":""},"categories":[26],"tags":[],"class_list":["post-70383","post","type-post","status-publish","format-standard","has-post-thumbnail","hentry","category-antalya"],"acf":[],"yoast_head":"<!-- This site is optimized with the Yoast SEO Premium plugin v26.6 (Yoast SEO v27.1.1) - https:\/\/yoast.com\/product\/yoast-seo-premium-wordpress\/ -->\n<title>Yang\u0131n e\u011fitimleri s\u00fcr\u00fcyor - Av. Deniz Can K\u0131z\u0131l<\/title>\n<meta name=\"robots\" content=\"index, follow, max-snippet:-1, max-image-preview:large, max-video-preview:-1\" \/>\n<link rel=\"canonical\" href=\"http:\/\/denizcankizil.tr\/ru\/haberler\/antalya\/yangin-egitimleri-suruyor\/\" \/>\n<meta property=\"og:locale\" content=\"ru_RU\" \/>\n<meta property=\"og:type\" content=\"article\" \/>\n<meta property=\"og:title\" content=\"Yang\u0131n e\u011fitimleri s\u00fcr\u00fcyor\" \/>\n<meta property=\"og:description\" content=\"Antalya B\u00fcy\u00fck\u015fehir Belediyesi \u0130tfaiye Dairesi Ba\u015fkanl\u0131\u011f\u0131 taraf\u0131ndan Elmal\u0131 \u0130l\u00e7e Hizmet Birimi \u015eube M\u00fcd\u00fcrl\u00fc\u011f\u00fc birimlerinde g\u00f6revli belediye personeline yang\u0131n e\u011fitimi verildi. Elmal\u0131 Muhammed Hamdi Yaz\u0131r K\u00fclt\u00fcr Merkezi&#8217;nde ger\u00e7ekle\u015ftirilen teorik e\u011fitimin ard\u0131ndan bina bah\u00e7esinde de uygulamal\u0131 yang\u0131na m\u00fcdahale tatbikat\u0131 ger\u00e7ekle\u015ftirildi. B\u00fcy\u00fck\u015fehir Belediyesi itfaiye ekipleri e\u011fitim \u00e7al\u0131\u015fmalar\u0131 kapsam\u0131nda Finike Kaymakaml\u0131\u011f\u0131&#8217;nda g\u00f6revli personele de yang\u0131n \u00f6nleme ve s\u00f6nd\u00fcrme tekniklerine y\u00f6nelik bir e\u011fitim ger\u00e7ekle\u015ftirdi. \u00d6nce teorik e\u011fitim sonra uygulamal\u0131 E\u011fitimlerde yang\u0131nla m\u00fccadele, yang\u0131n an\u0131nda neler yap\u0131lmas\u0131 gerekti\u011fi ve yang\u0131n s\u00f6nd\u00fcrme cihazlar\u0131n\u0131n kullan\u0131m\u0131 gibi konularda bilgiler verildi. Yang\u0131nda \u00f6ncelikli olarak yap\u0131lacaklar ve al\u0131nmas\u0131 gereken tedbirlerin anlat\u0131ld\u0131\u011f\u0131 e\u011fitimde, teorik olarak verilen bilgiler yang\u0131n s\u00f6nd\u00fcrme tatbikat\u0131yla prati\u011fe ta\u015f\u0131nd\u0131. \u0130tfaiye ekipleri malzemeye g\u00f6re hangi yang\u0131n t\u00fcp\u00fcn\u00fcn se\u00e7ilmesi gerekti\u011fi, yang\u0131n t\u00fcplerinin nas\u0131l kullan\u0131laca\u011f\u0131, gaz ve duman dolu ortamda hareket tarz\u0131, yang\u0131nda kurtarma faaliyetleri konular\u0131nda belediye personelini bilgilendirdi. Kaynak: www.kanalv.com.tr Haber Sitesinden Al\u0131nm\u0131\u015ft\u0131r.\" \/>\n<meta property=\"og:url\" content=\"http:\/\/denizcankizil.tr\/ru\/haberler\/antalya\/yangin-egitimleri-suruyor\/\" \/>\n<meta property=\"og:site_name\" content=\"Av. Deniz Can K\u0131z\u0131l\" \/>\n<meta property=\"article:published_time\" content=\"2025-04-29T12:41:26+00:00\" \/>\n<meta property=\"og:image\" content=\"http:\/\/denizcankizil.tr\/wp-content\/uploads\/2025\/04\/6061-01-xBG9Uy.jpg\" \/>\n\t<meta property=\"og:image:width\" content=\"1280\" \/>\n\t<meta property=\"og:image:height\" content=\"720\" \/>\n\t<meta property=\"og:image:type\" content=\"image\/jpeg\" \/>\n<meta name=\"author\" content=\"Av. Deniz Can K\u0131z\u0131l\" \/>\n<meta name=\"twitter:card\" content=\"summary_large_image\" \/>\n<meta name=\"twitter:label1\" content=\"\u041d\u0430\u043f\u0438\u0441\u0430\u043d\u043e \u0430\u0432\u0442\u043e\u0440\u043e\u043c\" \/>\n\t<meta name=\"twitter:data1\" content=\"Av. Deniz Can K\u0131z\u0131l\" \/>\n\t<meta name=\"twitter:label2\" content=\"\u041f\u0440\u0438\u043c\u0435\u0440\u043d\u043e\u0435 \u0432\u0440\u0435\u043c\u044f \u0434\u043b\u044f \u0447\u0442\u0435\u043d\u0438\u044f\" \/>\n\t<meta name=\"twitter:data2\" content=\"1 \u043c\u0438\u043d\u0443\u0442\u0430\" \/>\n<script type=\"application\/ld+json\" class=\"yoast-schema-graph\">{\"@context\":\"https:\/\/schema.org\",\"@graph\":[{\"@type\":\"Article\",\"@id\":\"http:\/\/denizcankizil.tr\/ru\/haberler\/antalya\/yangin-egitimleri-suruyor\/#article\",\"isPartOf\":{\"@id\":\"http:\/\/denizcankizil.tr\/ru\/haberler\/antalya\/yangin-egitimleri-suruyor\/\"},\"author\":{\"name\":\"Av. Deniz Can K\u0131z\u0131l\",\"@id\":\"https:\/\/denizcankizil.tr\/#\/schema\/person\/5dc1b22991bd7ac833867c10afc9b0ff\"},\"headline\":\"Yang\u0131n e\u011fitimleri s\u00fcr\u00fcyor\",\"datePublished\":\"2025-04-29T12:41:26+00:00\",\"mainEntityOfPage\":{\"@id\":\"http:\/\/denizcankizil.tr\/ru\/haberler\/antalya\/yangin-egitimleri-suruyor\/\"},\"wordCount\":222,\"publisher\":{\"@id\":\"https:\/\/denizcankizil.tr\/#organization\"},\"image\":{\"@id\":\"http:\/\/denizcankizil.tr\/ru\/haberler\/antalya\/yangin-egitimleri-suruyor\/#primaryimage\"},\"thumbnailUrl\":\"http:\/\/denizcankizil.tr\/wp-content\/uploads\/2025\/04\/6061-01-xBG9Uy.jpg\",\"articleSection\":[\"Antalya\"],\"inLanguage\":\"ru-RU\"},{\"@type\":\"WebPage\",\"@id\":\"http:\/\/denizcankizil.tr\/ru\/haberler\/antalya\/yangin-egitimleri-suruyor\/\",\"url\":\"http:\/\/denizcankizil.tr\/ru\/haberler\/antalya\/yangin-egitimleri-suruyor\/\",\"name\":\"Yang\u0131n e\u011fitimleri s\u00fcr\u00fcyor - Av. Deniz Can K\u0131z\u0131l\",\"isPartOf\":{\"@id\":\"https:\/\/denizcankizil.tr\/#website\"},\"primaryImageOfPage\":{\"@id\":\"http:\/\/denizcankizil.tr\/ru\/haberler\/antalya\/yangin-egitimleri-suruyor\/#primaryimage\"},\"image\":{\"@id\":\"http:\/\/denizcankizil.tr\/ru\/haberler\/antalya\/yangin-egitimleri-suruyor\/#primaryimage\"},\"thumbnailUrl\":\"http:\/\/denizcankizil.tr\/wp-content\/uploads\/2025\/04\/6061-01-xBG9Uy.jpg\",\"datePublished\":\"2025-04-29T12:41:26+00:00\",\"breadcrumb\":{\"@id\":\"http:\/\/denizcankizil.tr\/ru\/haberler\/antalya\/yangin-egitimleri-suruyor\/#breadcrumb\"},\"inLanguage\":\"ru-RU\",\"potentialAction\":[{\"@type\":\"ReadAction\",\"target\":[\"http:\/\/denizcankizil.tr\/ru\/haberler\/antalya\/yangin-egitimleri-suruyor\/\"]}]},{\"@type\":\"ImageObject\",\"inLanguage\":\"ru-RU\",\"@id\":\"http:\/\/denizcankizil.tr\/ru\/haberler\/antalya\/yangin-egitimleri-suruyor\/#primaryimage\",\"url\":\"http:\/\/denizcankizil.tr\/wp-content\/uploads\/2025\/04\/6061-01-xBG9Uy.jpg\",\"contentUrl\":\"http:\/\/denizcankizil.tr\/wp-content\/uploads\/2025\/04\/6061-01-xBG9Uy.jpg\",\"width\":1280,\"height\":720},{\"@type\":\"BreadcrumbList\",\"@id\":\"http:\/\/denizcankizil.tr\/ru\/haberler\/antalya\/yangin-egitimleri-suruyor\/#breadcrumb\",\"itemListElement\":[{\"@type\":\"ListItem\",\"position\":1,\"name\":\"Home\",\"item\":\"https:\/\/denizcankizil.tr\/uk\/\"},{\"@type\":\"ListItem\",\"position\":2,\"name\":\"Yang\u0131n e\u011fitimleri s\u00fcr\u00fcyor\"}]},{\"@type\":\"WebSite\",\"@id\":\"https:\/\/denizcankizil.tr\/#website\",\"url\":\"https:\/\/denizcankizil.tr\/\",\"name\":\"Av. Deniz Can K\u0131z\u0131l\",\"description\":\"Avukat Deniz Can K\u0131z\u0131l Antalya Barosu\",\"publisher\":{\"@id\":\"https:\/\/denizcankizil.tr\/#organization\"},\"potentialAction\":[{\"@type\":\"SearchAction\",\"target\":{\"@type\":\"EntryPoint\",\"urlTemplate\":\"https:\/\/denizcankizil.tr\/?s={search_term_string}\"},\"query-input\":{\"@type\":\"PropertyValueSpecification\",\"valueRequired\":true,\"valueName\":\"search_term_string\"}}],\"inLanguage\":\"ru-RU\"},{\"@type\":\"Organization\",\"@id\":\"https:\/\/denizcankizil.tr\/#organization\",\"name\":\"Av. Deniz Can K\u0131z\u0131l\",\"url\":\"https:\/\/denizcankizil.tr\/\",\"logo\":{\"@type\":\"ImageObject\",\"inLanguage\":\"ru-RU\",\"@id\":\"https:\/\/denizcankizil.tr\/#\/schema\/logo\/image\/\",\"url\":\"http:\/\/denizcankizil.tr\/wp-content\/uploads\/2024\/10\/siyah-logo-svg.svg\",\"contentUrl\":\"http:\/\/denizcankizil.tr\/wp-content\/uploads\/2024\/10\/siyah-logo-svg.svg\",\"width\":1080,\"height\":1080,\"caption\":\"Av. Deniz Can K\u0131z\u0131l\"},\"image\":{\"@id\":\"https:\/\/denizcankizil.tr\/#\/schema\/logo\/image\/\"}},{\"@type\":\"Person\",\"@id\":\"https:\/\/denizcankizil.tr\/#\/schema\/person\/5dc1b22991bd7ac833867c10afc9b0ff\",\"name\":\"Av. Deniz Can K\u0131z\u0131l\",\"image\":{\"@type\":\"ImageObject\",\"inLanguage\":\"ru-RU\",\"@id\":\"https:\/\/denizcankizil.tr\/#\/schema\/person\/image\/\",\"url\":\"https:\/\/secure.gravatar.com\/avatar\/a0b128fb9855c79efc976d5640eedb31dc35ec297594d6016d2cf7c60e975bb6?s=96&d=mm&r=g\",\"contentUrl\":\"https:\/\/secure.gravatar.com\/avatar\/a0b128fb9855c79efc976d5640eedb31dc35ec297594d6016d2cf7c60e975bb6?s=96&d=mm&r=g\",\"caption\":\"Av. Deniz Can K\u0131z\u0131l\"},\"sameAs\":[\"http:\/\/www.denizcankizil.tr\"],\"url\":\"http:\/\/denizcankizil.tr\/ru\/author\/denizcankizil\/\"}]}<\/script>\n<!-- \/ Yoast SEO Premium plugin. -->","yoast_head_json":{"title":"Yang\u0131n e\u011fitimleri s\u00fcr\u00fcyor - Av. Deniz Can K\u0131z\u0131l","robots":{"index":"index","follow":"follow","max-snippet":"max-snippet:-1","max-image-preview":"max-image-preview:large","max-video-preview":"max-video-preview:-1"},"canonical":"http:\/\/denizcankizil.tr\/ru\/haberler\/antalya\/yangin-egitimleri-suruyor\/","og_locale":"ru_RU","og_type":"article","og_title":"Yang\u0131n e\u011fitimleri s\u00fcr\u00fcyor","og_description":"Antalya B\u00fcy\u00fck\u015fehir Belediyesi \u0130tfaiye Dairesi Ba\u015fkanl\u0131\u011f\u0131 taraf\u0131ndan Elmal\u0131 \u0130l\u00e7e Hizmet Birimi \u015eube M\u00fcd\u00fcrl\u00fc\u011f\u00fc birimlerinde g\u00f6revli belediye personeline yang\u0131n e\u011fitimi verildi. Elmal\u0131 Muhammed Hamdi Yaz\u0131r K\u00fclt\u00fcr Merkezi&#8217;nde ger\u00e7ekle\u015ftirilen teorik e\u011fitimin ard\u0131ndan bina bah\u00e7esinde de uygulamal\u0131 yang\u0131na m\u00fcdahale tatbikat\u0131 ger\u00e7ekle\u015ftirildi. B\u00fcy\u00fck\u015fehir Belediyesi itfaiye ekipleri e\u011fitim \u00e7al\u0131\u015fmalar\u0131 kapsam\u0131nda Finike Kaymakaml\u0131\u011f\u0131&#8217;nda g\u00f6revli personele de yang\u0131n \u00f6nleme ve s\u00f6nd\u00fcrme tekniklerine y\u00f6nelik bir e\u011fitim ger\u00e7ekle\u015ftirdi. \u00d6nce teorik e\u011fitim sonra uygulamal\u0131 E\u011fitimlerde yang\u0131nla m\u00fccadele, yang\u0131n an\u0131nda neler yap\u0131lmas\u0131 gerekti\u011fi ve yang\u0131n s\u00f6nd\u00fcrme cihazlar\u0131n\u0131n kullan\u0131m\u0131 gibi konularda bilgiler verildi. Yang\u0131nda \u00f6ncelikli olarak yap\u0131lacaklar ve al\u0131nmas\u0131 gereken tedbirlerin anlat\u0131ld\u0131\u011f\u0131 e\u011fitimde, teorik olarak verilen bilgiler yang\u0131n s\u00f6nd\u00fcrme tatbikat\u0131yla prati\u011fe ta\u015f\u0131nd\u0131. \u0130tfaiye ekipleri malzemeye g\u00f6re hangi yang\u0131n t\u00fcp\u00fcn\u00fcn se\u00e7ilmesi gerekti\u011fi, yang\u0131n t\u00fcplerinin nas\u0131l kullan\u0131laca\u011f\u0131, gaz ve duman dolu ortamda hareket tarz\u0131, yang\u0131nda kurtarma faaliyetleri konular\u0131nda belediye personelini bilgilendirdi. Kaynak: www.kanalv.com.tr Haber Sitesinden Al\u0131nm\u0131\u015ft\u0131r.","og_url":"http:\/\/denizcankizil.tr\/ru\/haberler\/antalya\/yangin-egitimleri-suruyor\/","og_site_name":"Av. Deniz Can K\u0131z\u0131l","article_published_time":"2025-04-29T12:41:26+00:00","og_image":[{"width":1280,"height":720,"url":"http:\/\/denizcankizil.tr\/wp-content\/uploads\/2025\/04\/6061-01-xBG9Uy.jpg","type":"image\/jpeg"}],"author":"Av. Deniz Can K\u0131z\u0131l","twitter_card":"summary_large_image","twitter_misc":{"\u041d\u0430\u043f\u0438\u0441\u0430\u043d\u043e \u0430\u0432\u0442\u043e\u0440\u043e\u043c":"Av. Deniz Can K\u0131z\u0131l","\u041f\u0440\u0438\u043c\u0435\u0440\u043d\u043e\u0435 \u0432\u0440\u0435\u043c\u044f \u0434\u043b\u044f \u0447\u0442\u0435\u043d\u0438\u044f":"1 \u043c\u0438\u043d\u0443\u0442\u0430"},"schema":{"@context":"https:\/\/schema.org","@graph":[{"@type":"Article","@id":"http:\/\/denizcankizil.tr\/ru\/haberler\/antalya\/yangin-egitimleri-suruyor\/#article","isPartOf":{"@id":"http:\/\/denizcankizil.tr\/ru\/haberler\/antalya\/yangin-egitimleri-suruyor\/"},"author":{"name":"Av. Deniz Can K\u0131z\u0131l","@id":"https:\/\/denizcankizil.tr\/#\/schema\/person\/5dc1b22991bd7ac833867c10afc9b0ff"},"headline":"Yang\u0131n e\u011fitimleri s\u00fcr\u00fcyor","datePublished":"2025-04-29T12:41:26+00:00","mainEntityOfPage":{"@id":"http:\/\/denizcankizil.tr\/ru\/haberler\/antalya\/yangin-egitimleri-suruyor\/"},"wordCount":222,"publisher":{"@id":"https:\/\/denizcankizil.tr\/#organization"},"image":{"@id":"http:\/\/denizcankizil.tr\/ru\/haberler\/antalya\/yangin-egitimleri-suruyor\/#primaryimage"},"thumbnailUrl":"http:\/\/denizcankizil.tr\/wp-content\/uploads\/2025\/04\/6061-01-xBG9Uy.jpg","articleSection":["Antalya"],"inLanguage":"ru-RU"},{"@type":"WebPage","@id":"http:\/\/denizcankizil.tr\/ru\/haberler\/antalya\/yangin-egitimleri-suruyor\/","url":"http:\/\/denizcankizil.tr\/ru\/haberler\/antalya\/yangin-egitimleri-suruyor\/","name":"Yang\u0131n e\u011fitimleri s\u00fcr\u00fcyor - Av. Deniz Can K\u0131z\u0131l","isPartOf":{"@id":"https:\/\/denizcankizil.tr\/#website"},"primaryImageOfPage":{"@id":"http:\/\/denizcankizil.tr\/ru\/haberler\/antalya\/yangin-egitimleri-suruyor\/#primaryimage"},"image":{"@id":"http:\/\/denizcankizil.tr\/ru\/haberler\/antalya\/yangin-egitimleri-suruyor\/#primaryimage"},"thumbnailUrl":"http:\/\/denizcankizil.tr\/wp-content\/uploads\/2025\/04\/6061-01-xBG9Uy.jpg","datePublished":"2025-04-29T12:41:26+00:00","breadcrumb":{"@id":"http:\/\/denizcankizil.tr\/ru\/haberler\/antalya\/yangin-egitimleri-suruyor\/#breadcrumb"},"inLanguage":"ru-RU","potentialAction":[{"@type":"ReadAction","target":["http:\/\/denizcankizil.tr\/ru\/haberler\/antalya\/yangin-egitimleri-suruyor\/"]}]},{"@type":"ImageObject","inLanguage":"ru-RU","@id":"http:\/\/denizcankizil.tr\/ru\/haberler\/antalya\/yangin-egitimleri-suruyor\/#primaryimage","url":"http:\/\/denizcankizil.tr\/wp-content\/uploads\/2025\/04\/6061-01-xBG9Uy.jpg","contentUrl":"http:\/\/denizcankizil.tr\/wp-content\/uploads\/2025\/04\/6061-01-xBG9Uy.jpg","width":1280,"height":720},{"@type":"BreadcrumbList","@id":"http:\/\/denizcankizil.tr\/ru\/haberler\/antalya\/yangin-egitimleri-suruyor\/#breadcrumb","itemListElement":[{"@type":"ListItem","position":1,"name":"Home","item":"https:\/\/denizcankizil.tr\/uk\/"},{"@type":"ListItem","position":2,"name":"Yang\u0131n e\u011fitimleri s\u00fcr\u00fcyor"}]},{"@type":"WebSite","@id":"https:\/\/denizcankizil.tr\/#website","url":"https:\/\/denizcankizil.tr\/","name":"Av. Deniz Can K\u0131z\u0131l","description":"Avukat Deniz Can K\u0131z\u0131l Antalya Barosu","publisher":{"@id":"https:\/\/denizcankizil.tr\/#organization"},"potentialAction":[{"@type":"SearchAction","target":{"@type":"EntryPoint","urlTemplate":"https:\/\/denizcankizil.tr\/?s={search_term_string}"},"query-input":{"@type":"PropertyValueSpecification","valueRequired":true,"valueName":"search_term_string"}}],"inLanguage":"ru-RU"},{"@type":"Organization","@id":"https:\/\/denizcankizil.tr\/#organization","name":"Av. Deniz Can K\u0131z\u0131l","url":"https:\/\/denizcankizil.tr\/","logo":{"@type":"ImageObject","inLanguage":"ru-RU","@id":"https:\/\/denizcankizil.tr\/#\/schema\/logo\/image\/","url":"http:\/\/denizcankizil.tr\/wp-content\/uploads\/2024\/10\/siyah-logo-svg.svg","contentUrl":"http:\/\/denizcankizil.tr\/wp-content\/uploads\/2024\/10\/siyah-logo-svg.svg","width":1080,"height":1080,"caption":"Av. Deniz Can K\u0131z\u0131l"},"image":{"@id":"https:\/\/denizcankizil.tr\/#\/schema\/logo\/image\/"}},{"@type":"Person","@id":"https:\/\/denizcankizil.tr\/#\/schema\/person\/5dc1b22991bd7ac833867c10afc9b0ff","name":"Av. Deniz Can K\u0131z\u0131l","image":{"@type":"ImageObject","inLanguage":"ru-RU","@id":"https:\/\/denizcankizil.tr\/#\/schema\/person\/image\/","url":"https:\/\/secure.gravatar.com\/avatar\/a0b128fb9855c79efc976d5640eedb31dc35ec297594d6016d2cf7c60e975bb6?s=96&d=mm&r=g","contentUrl":"https:\/\/secure.gravatar.com\/avatar\/a0b128fb9855c79efc976d5640eedb31dc35ec297594d6016d2cf7c60e975bb6?s=96&d=mm&r=g","caption":"Av. Deniz Can K\u0131z\u0131l"},"sameAs":["http:\/\/www.denizcankizil.tr"],"url":"http:\/\/denizcankizil.tr\/ru\/author\/denizcankizil\/"}]}},"_links":{"self":[{"href":"http:\/\/denizcankizil.tr\/ru\/wp-json\/wp\/v2\/posts\/70383","targetHints":{"allow":["GET"]}}],"collection":[{"href":"http:\/\/denizcankizil.tr\/ru\/wp-json\/wp\/v2\/posts"}],"about":[{"href":"http:\/\/denizcankizil.tr\/ru\/wp-json\/wp\/v2\/types\/post"}],"author":[{"embeddable":true,"href":"http:\/\/denizcankizil.tr\/ru\/wp-json\/wp\/v2\/users\/4"}],"replies":[{"embeddable":true,"href":"http:\/\/denizcankizil.tr\/ru\/wp-json\/wp\/v2\/comments?post=70383"}],"version-history":[{"count":0,"href":"http:\/\/denizcankizil.tr\/ru\/wp-json\/wp\/v2\/posts\/70383\/revisions"}],"wp:featuredmedia":[{"embeddable":true,"href":"http:\/\/denizcankizil.tr\/ru\/wp-json\/wp\/v2\/media\/70384"}],"wp:attachment":[{"href":"http:\/\/denizcankizil.tr\/ru\/wp-json\/wp\/v2\/media?parent=70383"}],"wp:term":[{"taxonomy":"category","embeddable":true,"href":"http:\/\/denizcankizil.tr\/ru\/wp-json\/wp\/v2\/categories?post=70383"},{"taxonomy":"post_tag","embeddable":true,"href":"http:\/\/denizcankizil.tr\/ru\/wp-json\/wp\/v2\/tags?post=70383"}],"curies":[{"name":"wp","href":"https:\/\/api.w.org\/{rel}","templated":true}]}}