{"id":70283,"date":"2025-04-29T12:42:29","date_gmt":"2025-04-29T09:42:29","guid":{"rendered":"https:\/\/denizcankizil.tr\/uncategorized-tr\/kahramanmarasta-afete-direncli-ilkokul-hizmete-girdi\/"},"modified":"2025-04-29T12:42:29","modified_gmt":"2025-04-29T09:42:29","slug":"kahramanmarasta-afete-direncli-ilkokul-hizmete-girdi","status":"publish","type":"post","link":"http:\/\/denizcankizil.tr\/ru\/haberler\/gundem\/kahramanmarasta-afete-direncli-ilkokul-hizmete-girdi\/","title":{"rendered":"Kahramanmara\u015f\u2019ta afete diren\u00e7li ilkokul hizmete girdi"},"content":{"rendered":"<p>\u00c7evre, \u015eehircilik ve \u0130klim De\u011fi\u015fikli\u011fi Bakanl\u0131\u011f\u0131 ve Azerbaycan i\u015f birli\u011fi ile Kahramanmara\u015f&#8217;ta 6 \u015eubat depremlerinin ard\u0131ndan Haydar Aliyev \u0130lkokulu in\u015fa edildi.ANKARA (\u0130GFA) &#8211;\u00a0Depremin merkez \u00fcss\u00fc Kahramanmara\u015f\u2019ta a\u011f\u0131r hasar alan Sezai Karako\u00e7 \u0130lkokulu yerine Azerbaycan Mahallesi\u2019nde TOK\u0130 ve Azerbaycan i\u015f birli\u011fiyle Haydar Aliyev \u0130lkokulu in\u015fa edildi. 20 derslik, 3 laboratuvar ve 3 ana s\u0131n\u0131f\u0131n\u0131n bulundu\u011fu ilkokulda, fen, teknoloji ve m\u00fczik at\u00f6lyeleri, k\u00fct\u00fcphane, spor salonu, revir ile oyun parklar\u0131 yer al\u0131yor.<br \/>\n\u201cKOR\u0130DORLARINDA EVLATLARIMIZIN NE\u015eES\u0130 YANKILANIYOR\u201d<br \/>\n\u00c7evre, \u015eehircilik ve \u0130klim De\u011fi\u015fikli\u011fi Bakan\u0131 Murat Kurum, Haydar Aliyev \u0130lkokulu\u2019nun g\u00f6r\u00fcnt\u00fclerini sosyal medya hesab\u0131ndan, \u201cBuras\u0131 Kahramanmara\u015f\u2019taki Haydar Aliyev \u0130lkokulu. Asr\u0131n felaketinin ard\u0131ndan afetlere diren\u00e7li, \u00e7ocuklar\u0131m\u0131z i\u00e7in g\u00fcvenli bir okul in\u015fa ettik. \u015eimdi koridorlar\u0131nda evlatlar\u0131m\u0131z\u0131n ne\u015fesi, heyecan\u0131, sevinci yank\u0131lan\u0131yor\u201d mesaj\u0131yla payla\u015ft\u0131.<\/p>\n<p>16 AYDA TAMAMLANDI<br \/>\nG\u00f6r\u00fcnt\u00fclerde yer alan okul m\u00fcd\u00fcr\u00fc Murat Demirci, \u201c16 ay gibi bir s\u00fcrede eski okulumuzun enkaz\u0131 kald\u0131r\u0131l\u0131p, yenisi \u00e7ok g\u00fczel bir \u015fekilde yap\u0131ld\u0131. G\u00fczel tasarlanm\u0131\u015f bir okul. Depremlerde \u00e7izik bile olmayaca\u011f\u0131n\u0131 d\u00fc\u015f\u00fcnd\u00fc\u011f\u00fcm\u00fcz kalitede bir bina yap\u0131lm\u0131\u015f. \u00c7ocuklar\u0131m\u0131z i\u00e7in merdiven g\u00fcvenli\u011fi bile d\u00fc\u015f\u00fcn\u00fclerek yap\u0131lm\u0131\u015f. S\u0131n\u0131flar\u0131m\u0131z ferah. \u015eu anda 400 \u00f6\u011frencimiz var. Mahallemizde yeni in\u015faatlar bitip insanlar yerle\u015fmeye ba\u015flad\u0131\u011f\u0131nda bu say\u0131 1500\u2019e ula\u015facak\u201d dedi.<\/p>\n<p>D\u0130CLE \u00d6\u011eRETMEN: \u00c7ALI\u015eMALARI HEYECANLA TAK\u0130P ETT\u0130K<br \/>\nOkulun \u00f6\u011fretmenlerinden Dicle Baran Ta\u015fdemir, depremin ard\u0131ndan okulun ve \u00f6\u011frencilerin ge\u00e7irdi\u011fi s\u00fcre\u00e7leri \u015f\u00f6yle anlatt\u0131: Misafir oldu\u011fumuz okulumuzun penceresinden yeni okulun in\u015faat\u0131n\u0131 g\u00f6r\u00fcyorduk. Her g\u00fcn \u2018bug\u00fcn \u00e7at\u0131s\u0131 yap\u0131ld\u0131, bug\u00fcn duvarlar\u0131na \u015fu yap\u0131ld\u0131\u2019 diye hep heyecanla takip ettik. \u00c7ok \u00e7abuk yap\u0131ld\u0131, zaman bize su gibi akt\u0131 ge\u00e7ti. B\u00fct\u00fcn Mara\u015f ad\u0131na \u00c7evre \u015eehircilik Bakanl\u0131\u011f\u0131\u2019na \u00e7ok te\u015fekk\u00fcr ediyoruz. Bizi \u00e7ok k\u0131sa bir s\u00fcrede o y\u0131k\u0131nt\u0131lardan kurtard\u0131. Her g\u00fcn o y\u0131k\u0131nt\u0131lar\u0131 g\u00f6rmek ger\u00e7ekten \u00e7ok zordu. Yeni evler, yeni umutlar, yeni arkada\u015flar bizim i\u00e7in \u00e7ok g\u00fczel oldu. K\u0131sa bir s\u00fcrede yaralar\u0131m\u0131z\u0131 sard\u0131\u011f\u0131 i\u00e7in \u00e7ok te\u015fekk\u00fcr ediyoruz. \u00a0<\/p>\n<p>\u201cBU OKULUN HER YER\u0130 \u00c7OK G\u00dcZEL, KO\u015eA KO\u015eA GEL\u0130YORUM\u201d<br \/>\nCeylin B\u00fcy\u00fckkurt, \u201cDepremden sonra okulum orta hasara d\u00fc\u015fm\u00fc\u015ft\u00fc. Her yeri \u00e7atlakt\u0131 i\u00e7i patlam\u0131\u015ft\u0131. Ben o s\u00fcre\u00e7te okulumu \u00f6zledim \u00e7al\u0131\u015fkan olmak i\u00e7in kitaplar\u0131m\u0131 okudum. Okuma yazmay\u0131 \u00f6\u011frenmeye ba\u015flad\u0131m. Ak\u015fam yatarken dua ettim; in\u015fallah okulum geri yap\u0131l\u0131r dedim ve yeniden okuluma ba\u015flad\u0131m\u201d dedi. \u00d6\u011frencilerden Erkan Can da \u201cBen okulumun yap\u0131l\u0131\u015f\u0131n\u0131 g\u00f6r\u00fcyordum, ne zaman bitecek diye soruyordum. Bu okulun her yeri \u00e7ok g\u00fczel, \u00e7ok be\u011feniyorum. Ko\u015fa ko\u015fa geliyorum\u201d \u015feklinde konu\u015ftu.<\/p>\n<p>Buras\u0131 Kahramanmara\u015f\u2019taki Haydar Aliyev \u0130lkokulu. ????????????????Asr\u0131n felaketinin ard\u0131ndan afetlere diren\u00e7li, \u00e7ocuklar\u0131m\u0131z i\u00e7in g\u00fcvenli bir okul in\u015fa ettik. \u015eimdi koridorlar\u0131nda evlatlar\u0131m\u0131z\u0131n ne\u015fesi, heyecan\u0131, sevinci yank\u0131lan\u0131yor. pic.twitter.com\/BX8q7HwQ2l\u2014 Murat KURUM (@murat_kurum) April 29, 2025<\/p>\n<p>\u200b\u00c7evre, \u015eehircilik ve \u0130klim De\u011fi\u015fikli\u011fi Bakanl\u0131\u011f\u0131 ve Azerbaycan i\u015f birli\u011fi ile Kahramanmara\u015f&#8217;ta 6 \u015eubat depremlerinin ard\u0131ndan Haydar Aliyev \u0130lkokulu in\u015fa edildi.ANKARA (\u0130GFA) &#8211;\u00a0Depremin merkez \u00fcss\u00fc Kahramanmara\u015f\u2019ta a\u011f\u0131r hasar alan Sezai Karako\u00e7 \u0130lkokulu yerine Azerbaycan Mahallesi\u2019nde TOK\u0130 ve Azerbaycan i\u015f birli\u011fiyle Haydar Aliyev \u0130lkokulu in\u015fa edildi. 20 derslik, 3 laboratuvar ve 3 ana s\u0131n\u0131f\u0131n\u0131n bulundu\u011fu ilkokulda, fen, teknoloji ve m\u00fczik at\u00f6lyeleri, k\u00fct\u00fcphane, spor salonu, revir ile oyun parklar\u0131 yer al\u0131yor.<br \/>\n\u201cKOR\u0130DORLARINDA EVLATLARIMIZIN NE\u015eES\u0130 YANKILANIYOR\u201d<br \/>\n\u00c7evre, \u015eehircilik ve \u0130klim De\u011fi\u015fikli\u011fi Bakan\u0131 Murat Kurum, Haydar Aliyev \u0130lkokulu\u2019nun g\u00f6r\u00fcnt\u00fclerini sosyal medya hesab\u0131ndan, \u201cBuras\u0131 Kahramanmara\u015f\u2019taki Haydar Aliyev \u0130lkokulu. Asr\u0131n felaketinin ard\u0131ndan afetlere diren\u00e7li, \u00e7ocuklar\u0131m\u0131z i\u00e7in g\u00fcvenli bir okul in\u015fa ettik. \u015eimdi koridorlar\u0131nda evlatlar\u0131m\u0131z\u0131n ne\u015fesi, heyecan\u0131, sevinci yank\u0131lan\u0131yor\u201d mesaj\u0131yla payla\u015ft\u0131.<\/p>\n<p>16 AYDA TAMAMLANDI<br \/>\nG\u00f6r\u00fcnt\u00fclerde yer alan okul m\u00fcd\u00fcr\u00fc Murat Demirci, \u201c16 ay gibi bir s\u00fcrede eski okulumuzun enkaz\u0131 kald\u0131r\u0131l\u0131p, yenisi \u00e7ok g\u00fczel bir \u015fekilde yap\u0131ld\u0131. G\u00fczel tasarlanm\u0131\u015f bir okul. Depremlerde \u00e7izik bile olmayaca\u011f\u0131n\u0131 d\u00fc\u015f\u00fcnd\u00fc\u011f\u00fcm\u00fcz kalitede bir bina yap\u0131lm\u0131\u015f. \u00c7ocuklar\u0131m\u0131z i\u00e7in merdiven g\u00fcvenli\u011fi bile d\u00fc\u015f\u00fcn\u00fclerek yap\u0131lm\u0131\u015f. S\u0131n\u0131flar\u0131m\u0131z ferah. \u015eu anda 400 \u00f6\u011frencimiz var. Mahallemizde yeni in\u015faatlar bitip insanlar yerle\u015fmeye ba\u015flad\u0131\u011f\u0131nda bu say\u0131 1500\u2019e ula\u015facak\u201d dedi.<\/p>\n<p>D\u0130CLE \u00d6\u011eRETMEN: \u00c7ALI\u015eMALARI HEYECANLA TAK\u0130P ETT\u0130K<br \/>\nOkulun \u00f6\u011fretmenlerinden Dicle Baran Ta\u015fdemir, depremin ard\u0131ndan okulun ve \u00f6\u011frencilerin ge\u00e7irdi\u011fi s\u00fcre\u00e7leri \u015f\u00f6yle anlatt\u0131: Misafir oldu\u011fumuz okulumuzun penceresinden yeni okulun in\u015faat\u0131n\u0131 g\u00f6r\u00fcyorduk. Her g\u00fcn \u2018bug\u00fcn \u00e7at\u0131s\u0131 yap\u0131ld\u0131, bug\u00fcn duvarlar\u0131na \u015fu yap\u0131ld\u0131\u2019 diye hep heyecanla takip ettik. \u00c7ok \u00e7abuk yap\u0131ld\u0131, zaman bize su gibi akt\u0131 ge\u00e7ti. B\u00fct\u00fcn Mara\u015f ad\u0131na \u00c7evre \u015eehircilik Bakanl\u0131\u011f\u0131\u2019na \u00e7ok te\u015fekk\u00fcr ediyoruz. Bizi \u00e7ok k\u0131sa bir s\u00fcrede o y\u0131k\u0131nt\u0131lardan kurtard\u0131. Her g\u00fcn o y\u0131k\u0131nt\u0131lar\u0131 g\u00f6rmek ger\u00e7ekten \u00e7ok zordu. Yeni evler, yeni umutlar, yeni arkada\u015flar bizim i\u00e7in \u00e7ok g\u00fczel oldu. K\u0131sa bir s\u00fcrede yaralar\u0131m\u0131z\u0131 sard\u0131\u011f\u0131 i\u00e7in \u00e7ok te\u015fekk\u00fcr ediyoruz. \u00a0<\/p>\n<p>\u201cBU OKULUN HER YER\u0130 \u00c7OK G\u00dcZEL, KO\u015eA KO\u015eA GEL\u0130YORUM\u201d<br \/>\nCeylin B\u00fcy\u00fckkurt, \u201cDepremden sonra okulum orta hasara d\u00fc\u015fm\u00fc\u015ft\u00fc. Her yeri \u00e7atlakt\u0131 i\u00e7i patlam\u0131\u015ft\u0131. Ben o s\u00fcre\u00e7te okulumu \u00f6zledim \u00e7al\u0131\u015fkan olmak i\u00e7in kitaplar\u0131m\u0131 okudum. Okuma yazmay\u0131 \u00f6\u011frenmeye ba\u015flad\u0131m. Ak\u015fam yatarken dua ettim; in\u015fallah okulum geri yap\u0131l\u0131r dedim ve yeniden okuluma ba\u015flad\u0131m\u201d dedi. \u00d6\u011frencilerden Erkan Can da \u201cBen okulumun yap\u0131l\u0131\u015f\u0131n\u0131 g\u00f6r\u00fcyordum, ne zaman bitecek diye soruyordum. Bu okulun her yeri \u00e7ok g\u00fczel, \u00e7ok be\u011feniyorum. Ko\u015fa ko\u015fa geliyorum\u201d \u015feklinde konu\u015ftu.<\/p>\n<p>Buras\u0131 Kahramanmara\u015f\u2019taki Haydar Aliyev \u0130lkokulu. ????????????????Asr\u0131n felaketinin ard\u0131ndan afetlere diren\u00e7li, \u00e7ocuklar\u0131m\u0131z i\u00e7in g\u00fcvenli bir okul in\u015fa ettik. \u015eimdi koridorlar\u0131nda evlatlar\u0131m\u0131z\u0131n ne\u015fesi, heyecan\u0131, sevinci yank\u0131lan\u0131yor. pic.twitter.com\/BX8q7HwQ2l\u2014 Murat KURUM (@murat_kurum) April 29, 2025\u00a0<\/p>\n<p>\u200bHaberin Al\u0131nt\u0131land\u0131\u011f\u0131 Kaynak: www.iskenderun.org<\/p>","protected":false},"excerpt":{"rendered":"<p>\u00c7evre, \u015eehircilik ve \u0130klim De\u011fi\u015fikli\u011fi Bakanl\u0131\u011f\u0131 ve Azerbaycan i\u015f birli\u011fi ile Kahramanmara\u015f&#8217;ta 6 \u015eubat depremlerinin ard\u0131ndan Haydar Aliyev \u0130lkokulu in\u015fa edildi.ANKARA (\u0130GFA) &#8211;\u00a0Depremin merkez \u00fcss\u00fc Kahramanmara\u015f\u2019ta a\u011f\u0131r hasar alan Sezai Karako\u00e7 \u0130lkokulu yerine Azerbaycan Mahallesi\u2019nde TOK\u0130 ve Azerbaycan i\u015f birli\u011fiyle Haydar Aliyev \u0130lkokulu in\u015fa edildi. 20 derslik, 3 laboratuvar ve 3 ana s\u0131n\u0131f\u0131n\u0131n bulundu\u011fu ilkokulda, fen, teknoloji ve m\u00fczik at\u00f6lyeleri, k\u00fct\u00fcphane, spor salonu, revir ile oyun parklar\u0131 yer al\u0131yor. \u201cKOR\u0130DORLARINDA EVLATLARIMIZIN NE\u015eES\u0130 YANKILANIYOR\u201d \u00c7evre, \u015eehircilik ve \u0130klim De\u011fi\u015fikli\u011fi Bakan\u0131 Murat Kurum, Haydar Aliyev \u0130lkokulu\u2019nun g\u00f6r\u00fcnt\u00fclerini sosyal medya hesab\u0131ndan, \u201cBuras\u0131 Kahramanmara\u015f\u2019taki Haydar Aliyev \u0130lkokulu. Asr\u0131n felaketinin ard\u0131ndan afetlere diren\u00e7li, \u00e7ocuklar\u0131m\u0131z i\u00e7in g\u00fcvenli bir okul in\u015fa ettik. \u015eimdi koridorlar\u0131nda evlatlar\u0131m\u0131z\u0131n ne\u015fesi, heyecan\u0131, sevinci yank\u0131lan\u0131yor\u201d mesaj\u0131yla payla\u015ft\u0131. 16 AYDA TAMAMLANDI G\u00f6r\u00fcnt\u00fclerde yer alan okul m\u00fcd\u00fcr\u00fc Murat Demirci, \u201c16 ay gibi bir s\u00fcrede eski okulumuzun enkaz\u0131 kald\u0131r\u0131l\u0131p, yenisi \u00e7ok g\u00fczel bir \u015fekilde yap\u0131ld\u0131. G\u00fczel tasarlanm\u0131\u015f bir okul. Depremlerde \u00e7izik bile olmayaca\u011f\u0131n\u0131 d\u00fc\u015f\u00fcnd\u00fc\u011f\u00fcm\u00fcz kalitede bir bina yap\u0131lm\u0131\u015f. \u00c7ocuklar\u0131m\u0131z i\u00e7in merdiven g\u00fcvenli\u011fi bile d\u00fc\u015f\u00fcn\u00fclerek yap\u0131lm\u0131\u015f. S\u0131n\u0131flar\u0131m\u0131z ferah. \u015eu anda 400 \u00f6\u011frencimiz var. Mahallemizde yeni in\u015faatlar bitip insanlar yerle\u015fmeye ba\u015flad\u0131\u011f\u0131nda bu say\u0131 1500\u2019e ula\u015facak\u201d dedi. D\u0130CLE \u00d6\u011eRETMEN: \u00c7ALI\u015eMALARI HEYECANLA TAK\u0130P ETT\u0130K Okulun \u00f6\u011fretmenlerinden Dicle Baran Ta\u015fdemir, depremin ard\u0131ndan okulun ve \u00f6\u011frencilerin ge\u00e7irdi\u011fi s\u00fcre\u00e7leri \u015f\u00f6yle anlatt\u0131: Misafir oldu\u011fumuz &hellip;<\/p>","protected":false},"author":1,"featured_media":0,"comment_status":"","ping_status":"open","sticky":false,"template":"","format":"standard","meta":{"_acf_changed":false,"footnotes":""},"categories":[24],"tags":[],"class_list":["post-70283","post","type-post","status-publish","format-standard","has-post-thumbnail","hentry","category-gundem"],"acf":[],"yoast_head":"<!-- This site is optimized with the Yoast SEO Premium plugin v26.6 (Yoast SEO v27.1.1) - https:\/\/yoast.com\/product\/yoast-seo-premium-wordpress\/ -->\n<title>Kahramanmara\u015f\u2019ta afete diren\u00e7li ilkokul hizmete girdi - Av. Deniz Can K\u0131z\u0131l<\/title>\n<meta name=\"robots\" content=\"index, follow, max-snippet:-1, max-image-preview:large, max-video-preview:-1\" \/>\n<link rel=\"canonical\" href=\"http:\/\/denizcankizil.tr\/ru\/haberler\/gundem\/kahramanmarasta-afete-direncli-ilkokul-hizmete-girdi\/\" \/>\n<meta property=\"og:locale\" content=\"ru_RU\" \/>\n<meta property=\"og:type\" content=\"article\" \/>\n<meta property=\"og:title\" content=\"Kahramanmara\u015f\u2019ta afete diren\u00e7li ilkokul hizmete girdi\" \/>\n<meta property=\"og:description\" content=\"\u00c7evre, \u015eehircilik ve \u0130klim De\u011fi\u015fikli\u011fi Bakanl\u0131\u011f\u0131 ve Azerbaycan i\u015f birli\u011fi ile Kahramanmara\u015f&#8217;ta 6 \u015eubat depremlerinin ard\u0131ndan Haydar Aliyev \u0130lkokulu in\u015fa edildi.ANKARA (\u0130GFA) &#8211;\u00a0Depremin merkez \u00fcss\u00fc Kahramanmara\u015f\u2019ta a\u011f\u0131r hasar alan Sezai Karako\u00e7 \u0130lkokulu yerine Azerbaycan Mahallesi\u2019nde TOK\u0130 ve Azerbaycan i\u015f birli\u011fiyle Haydar Aliyev \u0130lkokulu in\u015fa edildi. 20 derslik, 3 laboratuvar ve 3 ana s\u0131n\u0131f\u0131n\u0131n bulundu\u011fu ilkokulda, fen, teknoloji ve m\u00fczik at\u00f6lyeleri, k\u00fct\u00fcphane, spor salonu, revir ile oyun parklar\u0131 yer al\u0131yor. \u201cKOR\u0130DORLARINDA EVLATLARIMIZIN NE\u015eES\u0130 YANKILANIYOR\u201d \u00c7evre, \u015eehircilik ve \u0130klim De\u011fi\u015fikli\u011fi Bakan\u0131 Murat Kurum, Haydar Aliyev \u0130lkokulu\u2019nun g\u00f6r\u00fcnt\u00fclerini sosyal medya hesab\u0131ndan, \u201cBuras\u0131 Kahramanmara\u015f\u2019taki Haydar Aliyev \u0130lkokulu. Asr\u0131n felaketinin ard\u0131ndan afetlere diren\u00e7li, \u00e7ocuklar\u0131m\u0131z i\u00e7in g\u00fcvenli bir okul in\u015fa ettik. \u015eimdi koridorlar\u0131nda evlatlar\u0131m\u0131z\u0131n ne\u015fesi, heyecan\u0131, sevinci yank\u0131lan\u0131yor\u201d mesaj\u0131yla payla\u015ft\u0131. 16 AYDA TAMAMLANDI G\u00f6r\u00fcnt\u00fclerde yer alan okul m\u00fcd\u00fcr\u00fc Murat Demirci, \u201c16 ay gibi bir s\u00fcrede eski okulumuzun enkaz\u0131 kald\u0131r\u0131l\u0131p, yenisi \u00e7ok g\u00fczel bir \u015fekilde yap\u0131ld\u0131. G\u00fczel tasarlanm\u0131\u015f bir okul. Depremlerde \u00e7izik bile olmayaca\u011f\u0131n\u0131 d\u00fc\u015f\u00fcnd\u00fc\u011f\u00fcm\u00fcz kalitede bir bina yap\u0131lm\u0131\u015f. \u00c7ocuklar\u0131m\u0131z i\u00e7in merdiven g\u00fcvenli\u011fi bile d\u00fc\u015f\u00fcn\u00fclerek yap\u0131lm\u0131\u015f. S\u0131n\u0131flar\u0131m\u0131z ferah. \u015eu anda 400 \u00f6\u011frencimiz var. Mahallemizde yeni in\u015faatlar bitip insanlar yerle\u015fmeye ba\u015flad\u0131\u011f\u0131nda bu say\u0131 1500\u2019e ula\u015facak\u201d dedi. D\u0130CLE \u00d6\u011eRETMEN: \u00c7ALI\u015eMALARI HEYECANLA TAK\u0130P ETT\u0130K Okulun \u00f6\u011fretmenlerinden Dicle Baran Ta\u015fdemir, depremin ard\u0131ndan okulun ve \u00f6\u011frencilerin ge\u00e7irdi\u011fi s\u00fcre\u00e7leri \u015f\u00f6yle anlatt\u0131: Misafir oldu\u011fumuz &hellip;\" \/>\n<meta property=\"og:url\" content=\"http:\/\/denizcankizil.tr\/ru\/haberler\/gundem\/kahramanmarasta-afete-direncli-ilkokul-hizmete-girdi\/\" \/>\n<meta property=\"og:site_name\" content=\"Av. Deniz Can K\u0131z\u0131l\" \/>\n<meta property=\"article:published_time\" content=\"2025-04-29T09:42:29+00:00\" \/>\n<meta name=\"author\" content=\"admin\" \/>\n<meta name=\"twitter:card\" content=\"summary_large_image\" \/>\n<meta name=\"twitter:label1\" content=\"\u041d\u0430\u043f\u0438\u0441\u0430\u043d\u043e \u0430\u0432\u0442\u043e\u0440\u043e\u043c\" \/>\n\t<meta name=\"twitter:data1\" content=\"admin\" \/>\n\t<meta name=\"twitter:label2\" content=\"\u041f\u0440\u0438\u043c\u0435\u0440\u043d\u043e\u0435 \u0432\u0440\u0435\u043c\u044f \u0434\u043b\u044f \u0447\u0442\u0435\u043d\u0438\u044f\" \/>\n\t<meta name=\"twitter:data2\" content=\"6 \u043c\u0438\u043d\u0443\u0442\" \/>\n<script type=\"application\/ld+json\" class=\"yoast-schema-graph\">{\"@context\":\"https:\/\/schema.org\",\"@graph\":[{\"@type\":\"Article\",\"@id\":\"http:\/\/denizcankizil.tr\/ru\/haberler\/gundem\/kahramanmarasta-afete-direncli-ilkokul-hizmete-girdi\/#article\",\"isPartOf\":{\"@id\":\"http:\/\/denizcankizil.tr\/ru\/haberler\/gundem\/kahramanmarasta-afete-direncli-ilkokul-hizmete-girdi\/\"},\"author\":{\"name\":\"admin\",\"@id\":\"https:\/\/denizcankizil.tr\/de\/#\/schema\/person\/be3c05fe6a12686905512445d8185489\"},\"headline\":\"Kahramanmara\u015f\u2019ta afete diren\u00e7li ilkokul hizmete girdi\",\"datePublished\":\"2025-04-29T09:42:29+00:00\",\"mainEntityOfPage\":{\"@id\":\"http:\/\/denizcankizil.tr\/ru\/haberler\/gundem\/kahramanmarasta-afete-direncli-ilkokul-hizmete-girdi\/\"},\"wordCount\":1144,\"publisher\":{\"@id\":\"https:\/\/denizcankizil.tr\/de\/#organization\"},\"articleSection\":[\"G\u00fcndem\"],\"inLanguage\":\"ru-RU\"},{\"@type\":\"WebPage\",\"@id\":\"http:\/\/denizcankizil.tr\/ru\/haberler\/gundem\/kahramanmarasta-afete-direncli-ilkokul-hizmete-girdi\/\",\"url\":\"http:\/\/denizcankizil.tr\/ru\/haberler\/gundem\/kahramanmarasta-afete-direncli-ilkokul-hizmete-girdi\/\",\"name\":\"Kahramanmara\u015f\u2019ta afete diren\u00e7li ilkokul hizmete girdi - Av. Deniz Can K\u0131z\u0131l\",\"isPartOf\":{\"@id\":\"https:\/\/denizcankizil.tr\/de\/#website\"},\"datePublished\":\"2025-04-29T09:42:29+00:00\",\"breadcrumb\":{\"@id\":\"http:\/\/denizcankizil.tr\/ru\/haberler\/gundem\/kahramanmarasta-afete-direncli-ilkokul-hizmete-girdi\/#breadcrumb\"},\"inLanguage\":\"ru-RU\",\"potentialAction\":[{\"@type\":\"ReadAction\",\"target\":[\"http:\/\/denizcankizil.tr\/ru\/haberler\/gundem\/kahramanmarasta-afete-direncli-ilkokul-hizmete-girdi\/\"]}]},{\"@type\":\"BreadcrumbList\",\"@id\":\"http:\/\/denizcankizil.tr\/ru\/haberler\/gundem\/kahramanmarasta-afete-direncli-ilkokul-hizmete-girdi\/#breadcrumb\",\"itemListElement\":[{\"@type\":\"ListItem\",\"position\":1,\"name\":\"Home\",\"item\":\"https:\/\/denizcankizil.tr\/de\/\"},{\"@type\":\"ListItem\",\"position\":2,\"name\":\"Kahramanmara\u015f\u2019ta afete diren\u00e7li ilkokul hizmete girdi\"}]},{\"@type\":\"WebSite\",\"@id\":\"https:\/\/denizcankizil.tr\/de\/#website\",\"url\":\"https:\/\/denizcankizil.tr\/de\/\",\"name\":\"Av. Deniz Can K\u0131z\u0131l\",\"description\":\"Avukat Deniz Can K\u0131z\u0131l Antalya Barosu\",\"publisher\":{\"@id\":\"https:\/\/denizcankizil.tr\/de\/#organization\"},\"potentialAction\":[{\"@type\":\"SearchAction\",\"target\":{\"@type\":\"EntryPoint\",\"urlTemplate\":\"https:\/\/denizcankizil.tr\/de\/?s={search_term_string}\"},\"query-input\":{\"@type\":\"PropertyValueSpecification\",\"valueRequired\":true,\"valueName\":\"search_term_string\"}}],\"inLanguage\":\"ru-RU\"},{\"@type\":\"Organization\",\"@id\":\"https:\/\/denizcankizil.tr\/de\/#organization\",\"name\":\"Av. Deniz Can K\u0131z\u0131l\",\"url\":\"https:\/\/denizcankizil.tr\/de\/\",\"logo\":{\"@type\":\"ImageObject\",\"inLanguage\":\"ru-RU\",\"@id\":\"https:\/\/denizcankizil.tr\/de\/#\/schema\/logo\/image\/\",\"url\":\"http:\/\/denizcankizil.tr\/wp-content\/uploads\/2024\/10\/siyah-logo-svg.svg\",\"contentUrl\":\"http:\/\/denizcankizil.tr\/wp-content\/uploads\/2024\/10\/siyah-logo-svg.svg\",\"width\":1080,\"height\":1080,\"caption\":\"Av. Deniz Can K\u0131z\u0131l\"},\"image\":{\"@id\":\"https:\/\/denizcankizil.tr\/de\/#\/schema\/logo\/image\/\"}},{\"@type\":\"Person\",\"@id\":\"https:\/\/denizcankizil.tr\/de\/#\/schema\/person\/be3c05fe6a12686905512445d8185489\",\"name\":\"admin\",\"image\":{\"@type\":\"ImageObject\",\"inLanguage\":\"ru-RU\",\"@id\":\"https:\/\/denizcankizil.tr\/de\/#\/schema\/person\/image\/\",\"url\":\"https:\/\/secure.gravatar.com\/avatar\/c1fce94c830dc79107e174f890d7210541c4a63e8e5d816341794a2151c9d58c?s=96&d=mm&r=g\",\"contentUrl\":\"https:\/\/secure.gravatar.com\/avatar\/c1fce94c830dc79107e174f890d7210541c4a63e8e5d816341794a2151c9d58c?s=96&d=mm&r=g\",\"caption\":\"admin\"},\"sameAs\":[\"http:\/\/denizcankizil.tr\"],\"url\":\"https:\/\/www.iskenderun.org\/kahramanmarasta-afete-direncli-ilkokul-hizmete-girdi\"}]}<\/script>\n<!-- \/ Yoast SEO Premium plugin. -->","yoast_head_json":{"title":"Kahramanmara\u015f\u2019ta afete diren\u00e7li ilkokul hizmete girdi - Av. Deniz Can K\u0131z\u0131l","robots":{"index":"index","follow":"follow","max-snippet":"max-snippet:-1","max-image-preview":"max-image-preview:large","max-video-preview":"max-video-preview:-1"},"canonical":"http:\/\/denizcankizil.tr\/ru\/haberler\/gundem\/kahramanmarasta-afete-direncli-ilkokul-hizmete-girdi\/","og_locale":"ru_RU","og_type":"article","og_title":"Kahramanmara\u015f\u2019ta afete diren\u00e7li ilkokul hizmete girdi","og_description":"\u00c7evre, \u015eehircilik ve \u0130klim De\u011fi\u015fikli\u011fi Bakanl\u0131\u011f\u0131 ve Azerbaycan i\u015f birli\u011fi ile Kahramanmara\u015f&#8217;ta 6 \u015eubat depremlerinin ard\u0131ndan Haydar Aliyev \u0130lkokulu in\u015fa edildi.ANKARA (\u0130GFA) &#8211;\u00a0Depremin merkez \u00fcss\u00fc Kahramanmara\u015f\u2019ta a\u011f\u0131r hasar alan Sezai Karako\u00e7 \u0130lkokulu yerine Azerbaycan Mahallesi\u2019nde TOK\u0130 ve Azerbaycan i\u015f birli\u011fiyle Haydar Aliyev \u0130lkokulu in\u015fa edildi. 20 derslik, 3 laboratuvar ve 3 ana s\u0131n\u0131f\u0131n\u0131n bulundu\u011fu ilkokulda, fen, teknoloji ve m\u00fczik at\u00f6lyeleri, k\u00fct\u00fcphane, spor salonu, revir ile oyun parklar\u0131 yer al\u0131yor. \u201cKOR\u0130DORLARINDA EVLATLARIMIZIN NE\u015eES\u0130 YANKILANIYOR\u201d \u00c7evre, \u015eehircilik ve \u0130klim De\u011fi\u015fikli\u011fi Bakan\u0131 Murat Kurum, Haydar Aliyev \u0130lkokulu\u2019nun g\u00f6r\u00fcnt\u00fclerini sosyal medya hesab\u0131ndan, \u201cBuras\u0131 Kahramanmara\u015f\u2019taki Haydar Aliyev \u0130lkokulu. Asr\u0131n felaketinin ard\u0131ndan afetlere diren\u00e7li, \u00e7ocuklar\u0131m\u0131z i\u00e7in g\u00fcvenli bir okul in\u015fa ettik. \u015eimdi koridorlar\u0131nda evlatlar\u0131m\u0131z\u0131n ne\u015fesi, heyecan\u0131, sevinci yank\u0131lan\u0131yor\u201d mesaj\u0131yla payla\u015ft\u0131. 16 AYDA TAMAMLANDI G\u00f6r\u00fcnt\u00fclerde yer alan okul m\u00fcd\u00fcr\u00fc Murat Demirci, \u201c16 ay gibi bir s\u00fcrede eski okulumuzun enkaz\u0131 kald\u0131r\u0131l\u0131p, yenisi \u00e7ok g\u00fczel bir \u015fekilde yap\u0131ld\u0131. G\u00fczel tasarlanm\u0131\u015f bir okul. Depremlerde \u00e7izik bile olmayaca\u011f\u0131n\u0131 d\u00fc\u015f\u00fcnd\u00fc\u011f\u00fcm\u00fcz kalitede bir bina yap\u0131lm\u0131\u015f. \u00c7ocuklar\u0131m\u0131z i\u00e7in merdiven g\u00fcvenli\u011fi bile d\u00fc\u015f\u00fcn\u00fclerek yap\u0131lm\u0131\u015f. S\u0131n\u0131flar\u0131m\u0131z ferah. \u015eu anda 400 \u00f6\u011frencimiz var. Mahallemizde yeni in\u015faatlar bitip insanlar yerle\u015fmeye ba\u015flad\u0131\u011f\u0131nda bu say\u0131 1500\u2019e ula\u015facak\u201d dedi. D\u0130CLE \u00d6\u011eRETMEN: \u00c7ALI\u015eMALARI HEYECANLA TAK\u0130P ETT\u0130K Okulun \u00f6\u011fretmenlerinden Dicle Baran Ta\u015fdemir, depremin ard\u0131ndan okulun ve \u00f6\u011frencilerin ge\u00e7irdi\u011fi s\u00fcre\u00e7leri \u015f\u00f6yle anlatt\u0131: Misafir oldu\u011fumuz &hellip;","og_url":"http:\/\/denizcankizil.tr\/ru\/haberler\/gundem\/kahramanmarasta-afete-direncli-ilkokul-hizmete-girdi\/","og_site_name":"Av. Deniz Can K\u0131z\u0131l","article_published_time":"2025-04-29T09:42:29+00:00","author":"admin","twitter_card":"summary_large_image","twitter_misc":{"\u041d\u0430\u043f\u0438\u0441\u0430\u043d\u043e \u0430\u0432\u0442\u043e\u0440\u043e\u043c":"admin","\u041f\u0440\u0438\u043c\u0435\u0440\u043d\u043e\u0435 \u0432\u0440\u0435\u043c\u044f \u0434\u043b\u044f \u0447\u0442\u0435\u043d\u0438\u044f":"6 \u043c\u0438\u043d\u0443\u0442"},"schema":{"@context":"https:\/\/schema.org","@graph":[{"@type":"Article","@id":"http:\/\/denizcankizil.tr\/ru\/haberler\/gundem\/kahramanmarasta-afete-direncli-ilkokul-hizmete-girdi\/#article","isPartOf":{"@id":"http:\/\/denizcankizil.tr\/ru\/haberler\/gundem\/kahramanmarasta-afete-direncli-ilkokul-hizmete-girdi\/"},"author":{"name":"admin","@id":"https:\/\/denizcankizil.tr\/de\/#\/schema\/person\/be3c05fe6a12686905512445d8185489"},"headline":"Kahramanmara\u015f\u2019ta afete diren\u00e7li ilkokul hizmete girdi","datePublished":"2025-04-29T09:42:29+00:00","mainEntityOfPage":{"@id":"http:\/\/denizcankizil.tr\/ru\/haberler\/gundem\/kahramanmarasta-afete-direncli-ilkokul-hizmete-girdi\/"},"wordCount":1144,"publisher":{"@id":"https:\/\/denizcankizil.tr\/de\/#organization"},"articleSection":["G\u00fcndem"],"inLanguage":"ru-RU"},{"@type":"WebPage","@id":"http:\/\/denizcankizil.tr\/ru\/haberler\/gundem\/kahramanmarasta-afete-direncli-ilkokul-hizmete-girdi\/","url":"http:\/\/denizcankizil.tr\/ru\/haberler\/gundem\/kahramanmarasta-afete-direncli-ilkokul-hizmete-girdi\/","name":"Kahramanmara\u015f\u2019ta afete diren\u00e7li ilkokul hizmete girdi - Av. Deniz Can K\u0131z\u0131l","isPartOf":{"@id":"https:\/\/denizcankizil.tr\/de\/#website"},"datePublished":"2025-04-29T09:42:29+00:00","breadcrumb":{"@id":"http:\/\/denizcankizil.tr\/ru\/haberler\/gundem\/kahramanmarasta-afete-direncli-ilkokul-hizmete-girdi\/#breadcrumb"},"inLanguage":"ru-RU","potentialAction":[{"@type":"ReadAction","target":["http:\/\/denizcankizil.tr\/ru\/haberler\/gundem\/kahramanmarasta-afete-direncli-ilkokul-hizmete-girdi\/"]}]},{"@type":"BreadcrumbList","@id":"http:\/\/denizcankizil.tr\/ru\/haberler\/gundem\/kahramanmarasta-afete-direncli-ilkokul-hizmete-girdi\/#breadcrumb","itemListElement":[{"@type":"ListItem","position":1,"name":"Home","item":"https:\/\/denizcankizil.tr\/de\/"},{"@type":"ListItem","position":2,"name":"Kahramanmara\u015f\u2019ta afete diren\u00e7li ilkokul hizmete girdi"}]},{"@type":"WebSite","@id":"https:\/\/denizcankizil.tr\/de\/#website","url":"https:\/\/denizcankizil.tr\/de\/","name":"Av. Deniz Can K\u0131z\u0131l","description":"Avukat Deniz Can K\u0131z\u0131l Antalya Barosu","publisher":{"@id":"https:\/\/denizcankizil.tr\/de\/#organization"},"potentialAction":[{"@type":"SearchAction","target":{"@type":"EntryPoint","urlTemplate":"https:\/\/denizcankizil.tr\/de\/?s={search_term_string}"},"query-input":{"@type":"PropertyValueSpecification","valueRequired":true,"valueName":"search_term_string"}}],"inLanguage":"ru-RU"},{"@type":"Organization","@id":"https:\/\/denizcankizil.tr\/de\/#organization","name":"Av. Deniz Can K\u0131z\u0131l","url":"https:\/\/denizcankizil.tr\/de\/","logo":{"@type":"ImageObject","inLanguage":"ru-RU","@id":"https:\/\/denizcankizil.tr\/de\/#\/schema\/logo\/image\/","url":"http:\/\/denizcankizil.tr\/wp-content\/uploads\/2024\/10\/siyah-logo-svg.svg","contentUrl":"http:\/\/denizcankizil.tr\/wp-content\/uploads\/2024\/10\/siyah-logo-svg.svg","width":1080,"height":1080,"caption":"Av. Deniz Can K\u0131z\u0131l"},"image":{"@id":"https:\/\/denizcankizil.tr\/de\/#\/schema\/logo\/image\/"}},{"@type":"Person","@id":"https:\/\/denizcankizil.tr\/de\/#\/schema\/person\/be3c05fe6a12686905512445d8185489","name":"\u0430\u0434\u043c\u0438\u043d","image":{"@type":"ImageObject","inLanguage":"ru-RU","@id":"https:\/\/denizcankizil.tr\/de\/#\/schema\/person\/image\/","url":"https:\/\/secure.gravatar.com\/avatar\/c1fce94c830dc79107e174f890d7210541c4a63e8e5d816341794a2151c9d58c?s=96&d=mm&r=g","contentUrl":"https:\/\/secure.gravatar.com\/avatar\/c1fce94c830dc79107e174f890d7210541c4a63e8e5d816341794a2151c9d58c?s=96&d=mm&r=g","caption":"admin"},"sameAs":["http:\/\/denizcankizil.tr"],"url":"https:\/\/www.iskenderun.org\/kahramanmarasta-afete-direncli-ilkokul-hizmete-girdi"}]}},"_links":{"self":[{"href":"http:\/\/denizcankizil.tr\/ru\/wp-json\/wp\/v2\/posts\/70283","targetHints":{"allow":["GET"]}}],"collection":[{"href":"http:\/\/denizcankizil.tr\/ru\/wp-json\/wp\/v2\/posts"}],"about":[{"href":"http:\/\/denizcankizil.tr\/ru\/wp-json\/wp\/v2\/types\/post"}],"author":[{"embeddable":true,"href":"http:\/\/denizcankizil.tr\/ru\/wp-json\/wp\/v2\/users\/1"}],"replies":[{"embeddable":true,"href":"http:\/\/denizcankizil.tr\/ru\/wp-json\/wp\/v2\/comments?post=70283"}],"version-history":[{"count":0,"href":"http:\/\/denizcankizil.tr\/ru\/wp-json\/wp\/v2\/posts\/70283\/revisions"}],"wp:attachment":[{"href":"http:\/\/denizcankizil.tr\/ru\/wp-json\/wp\/v2\/media?parent=70283"}],"wp:term":[{"taxonomy":"category","embeddable":true,"href":"http:\/\/denizcankizil.tr\/ru\/wp-json\/wp\/v2\/categories?post=70283"},{"taxonomy":"post_tag","embeddable":true,"href":"http:\/\/denizcankizil.tr\/ru\/wp-json\/wp\/v2\/tags?post=70283"}],"curies":[{"name":"wp","href":"https:\/\/api.w.org\/{rel}","templated":true}]}}