{"id":70082,"date":"2025-04-29T09:41:41","date_gmt":"2025-04-29T06:41:41","guid":{"rendered":"https:\/\/denizcankizil.tr\/uncategorized-tr\/antalyada-ogrencileri-ve-velileri-urperten-goruntu-okulun-duvari-yan-yatti\/"},"modified":"2025-04-29T09:41:41","modified_gmt":"2025-04-29T06:41:41","slug":"antalyada-ogrencileri-ve-velileri-urperten-goruntu-okulun-duvari-yan-yatti","status":"publish","type":"post","link":"http:\/\/denizcankizil.tr\/ru\/haberler\/gundem\/antalyada-ogrencileri-ve-velileri-urperten-goruntu-okulun-duvari-yan-yatti\/","title":{"rendered":"Antalya\u2019da \u00f6\u011frencileri ve velileri \u00fcrperten g\u00f6r\u00fcnt\u00fc! Okulun duvar\u0131 yan yatt\u0131!"},"content":{"rendered":"<p>Antalya&#8217;n\u0131n Aksu il\u00e7esindeki Barbaros Mahallesinde bulunan Aksu Ortaokulu\u2019nun bah\u00e7e duvar\u0131n\u0131n d\u0131\u015far\u0131ya do\u011fru yan yatmas\u0131 hem velileri hem de \u00f6\u011frencilerde kayg\u0131 olu\u015fturdu. \u00dczerinde demir \u00e7itlerin bulundu\u011fu duvar\u0131n her an yatma riski ta\u015f\u0131d\u0131\u011f\u0131n\u0131 ifade eden veliler bir an \u00f6nce harekete ge\u00e7erek gerekli incelemelerin yap\u0131lmas\u0131n\u0131 istedi.<\/p>\n<p>END\u0130\u015eE KAYNA\u011eI OLDU<\/p>\n<p>Aksu Ortaokulu\u2019nda d\u0131\u015fa do\u011fru e\u011filen bah\u00e7e duvar\u0131 hem \u00f6\u011frenciler hem de veliler i\u00e7in b\u00fcy\u00fck bir endi\u015fe kayna\u011f\u0131 oldu. \u00dczerinde demir \u00e7itlerin yer ald\u0131\u011f\u0131 duvar\u0131n her an y\u0131k\u0131lma riski ta\u015f\u0131d\u0131\u011f\u0131 belirtilirken, \u00f6zellikle sabah ve ak\u015fam saatlerinde yo\u011fun olarak kullan\u0131lan yolun hemen yan\u0131nda bulunan duvar, s\u00fcr\u00fcc\u00fc ve yayalar\u0131 da tedirgin etti.<\/p>\n<p>AC\u0130L \u00d6NLEM \u00c7A\u011eRISI<\/p>\n<p>Antalya K\u00f6rfez Gazetesi muhabiri Ertu\u011frul G\u00fcn&#8217;\u00fcn haberine g\u00f6re; okulun bulundu\u011fu Barbaros Mahallesi\u2019nde ya\u015fayan vatanda\u015flar, yetkililerin bir an \u00f6nce harekete ge\u00e7mesini talep etti. Son d\u00f6nemde artan i\u015f kazalar\u0131 ve ihmallerin ard\u0131ndan b\u00f6yle bir tehlikenin g\u00f6z ard\u0131 edilmemesi gerekti\u011fini vurgulayan veliler, \u00e7ocuklar\u0131n\u0131n g\u00fcvenli\u011fi i\u00e7in acil \u00f6nlem al\u0131nmas\u0131n\u0131 istedi.<\/p>\n<p>DUVAR TAMAMEN YIKILAB\u0130L\u0130R<\/p>\n<p>Konuya ili\u015fkin de\u011ferlendirmede bulunan \u0130n\u015faat M\u00fchendisleri Odas\u0131 (\u0130MO) Antalya \u015eube Ba\u015fkan\u0131 Mehmet Soner Akdo\u011fan, duvarda ciddi i\u015f\u00e7ilik hatalar\u0131n\u0131n olabilece\u011fini savundu. Akdo\u011fan, \u201cPerde eksikli\u011fi var. D\u0131\u015far\u0131dan bak\u0131ld\u0131\u011f\u0131nda, yap\u0131lan hatan\u0131n s\u0131va ve boya ile kapat\u0131ld\u0131\u011f\u0131 g\u00f6r\u00fcl\u00fcyor. Olas\u0131 bir toprak yumu\u015famas\u0131nda duvar tamamen y\u0131k\u0131labilir. Sorumlular derhal harekete ge\u00e7meli ve gerekli kontroller yap\u0131lmal\u0131\u201d dedi.<\/p>\n<p>\u200bAntalya\u2019n\u0131n Aksu il\u00e7esinde bir okulun duvar\u0131n\u0131n d\u0131\u015far\u0131ya do\u011fru yan yatmas\u0131 \u00f6\u011frencileri ve velileri kayg\u0131land\u0131rd\u0131.\u00a0<\/p>\n<p>\u200bHaberin Al\u0131nt\u0131land\u0131\u011f\u0131 Kaynak: www.antalyakorfez.com<\/p>","protected":false},"excerpt":{"rendered":"<p>Antalya&#8217;n\u0131n Aksu il\u00e7esindeki Barbaros Mahallesinde bulunan Aksu Ortaokulu\u2019nun bah\u00e7e duvar\u0131n\u0131n d\u0131\u015far\u0131ya do\u011fru yan yatmas\u0131 hem velileri hem de \u00f6\u011frencilerde kayg\u0131 olu\u015fturdu. \u00dczerinde demir \u00e7itlerin bulundu\u011fu duvar\u0131n her an yatma riski ta\u015f\u0131d\u0131\u011f\u0131n\u0131 ifade eden veliler bir an \u00f6nce harekete ge\u00e7erek gerekli incelemelerin yap\u0131lmas\u0131n\u0131 istedi. END\u0130\u015eE KAYNA\u011eI OLDU Aksu Ortaokulu\u2019nda d\u0131\u015fa do\u011fru e\u011filen bah\u00e7e duvar\u0131 hem \u00f6\u011frenciler hem de veliler i\u00e7in b\u00fcy\u00fck bir endi\u015fe kayna\u011f\u0131 oldu. \u00dczerinde demir \u00e7itlerin yer ald\u0131\u011f\u0131 duvar\u0131n her an y\u0131k\u0131lma riski ta\u015f\u0131d\u0131\u011f\u0131 belirtilirken, \u00f6zellikle sabah ve ak\u015fam saatlerinde yo\u011fun olarak kullan\u0131lan yolun hemen yan\u0131nda bulunan duvar, s\u00fcr\u00fcc\u00fc ve yayalar\u0131 da tedirgin etti. AC\u0130L \u00d6NLEM \u00c7A\u011eRISI Antalya K\u00f6rfez Gazetesi muhabiri Ertu\u011frul G\u00fcn&#8217;\u00fcn haberine g\u00f6re; okulun bulundu\u011fu Barbaros Mahallesi\u2019nde ya\u015fayan vatanda\u015flar, yetkililerin bir an \u00f6nce harekete ge\u00e7mesini talep etti. Son d\u00f6nemde artan i\u015f kazalar\u0131 ve ihmallerin ard\u0131ndan b\u00f6yle bir tehlikenin g\u00f6z ard\u0131 edilmemesi gerekti\u011fini vurgulayan veliler, \u00e7ocuklar\u0131n\u0131n g\u00fcvenli\u011fi i\u00e7in acil \u00f6nlem al\u0131nmas\u0131n\u0131 istedi. DUVAR TAMAMEN YIKILAB\u0130L\u0130R Konuya ili\u015fkin de\u011ferlendirmede bulunan \u0130n\u015faat M\u00fchendisleri Odas\u0131 (\u0130MO) Antalya \u015eube Ba\u015fkan\u0131 Mehmet Soner Akdo\u011fan, duvarda ciddi i\u015f\u00e7ilik hatalar\u0131n\u0131n olabilece\u011fini savundu. Akdo\u011fan, \u201cPerde eksikli\u011fi var. D\u0131\u015far\u0131dan bak\u0131ld\u0131\u011f\u0131nda, yap\u0131lan hatan\u0131n s\u0131va ve boya ile kapat\u0131ld\u0131\u011f\u0131 g\u00f6r\u00fcl\u00fcyor. Olas\u0131 bir toprak yumu\u015famas\u0131nda duvar tamamen y\u0131k\u0131labilir. Sorumlular derhal harekete ge\u00e7meli ve gerekli kontroller yap\u0131lmal\u0131\u201d dedi. \u200bAntalya\u2019n\u0131n Aksu il\u00e7esinde &hellip;<\/p>","protected":false},"author":5,"featured_media":0,"comment_status":"","ping_status":"open","sticky":false,"template":"","format":"standard","meta":{"_acf_changed":false,"footnotes":""},"categories":[24],"tags":[],"class_list":["post-70082","post","type-post","status-publish","format-standard","has-post-thumbnail","hentry","category-gundem"],"acf":[],"yoast_head":"<!-- This site is optimized with the Yoast SEO Premium plugin v26.6 (Yoast SEO v27.1.1) - https:\/\/yoast.com\/product\/yoast-seo-premium-wordpress\/ -->\n<title>Antalya\u2019da \u00f6\u011frencileri ve velileri \u00fcrperten g\u00f6r\u00fcnt\u00fc! Okulun duvar\u0131 yan yatt\u0131! - Av. Deniz Can K\u0131z\u0131l<\/title>\n<meta name=\"robots\" content=\"index, follow, max-snippet:-1, max-image-preview:large, max-video-preview:-1\" \/>\n<link rel=\"canonical\" href=\"http:\/\/denizcankizil.tr\/ru\/haberler\/gundem\/antalyada-ogrencileri-ve-velileri-urperten-goruntu-okulun-duvari-yan-yatti\/\" \/>\n<meta property=\"og:locale\" content=\"ru_RU\" \/>\n<meta property=\"og:type\" content=\"article\" \/>\n<meta property=\"og:title\" content=\"Antalya\u2019da \u00f6\u011frencileri ve velileri \u00fcrperten g\u00f6r\u00fcnt\u00fc! Okulun duvar\u0131 yan yatt\u0131!\" \/>\n<meta property=\"og:description\" content=\"Antalya&#8217;n\u0131n Aksu il\u00e7esindeki Barbaros Mahallesinde bulunan Aksu Ortaokulu\u2019nun bah\u00e7e duvar\u0131n\u0131n d\u0131\u015far\u0131ya do\u011fru yan yatmas\u0131 hem velileri hem de \u00f6\u011frencilerde kayg\u0131 olu\u015fturdu. \u00dczerinde demir \u00e7itlerin bulundu\u011fu duvar\u0131n her an yatma riski ta\u015f\u0131d\u0131\u011f\u0131n\u0131 ifade eden veliler bir an \u00f6nce harekete ge\u00e7erek gerekli incelemelerin yap\u0131lmas\u0131n\u0131 istedi. END\u0130\u015eE KAYNA\u011eI OLDU Aksu Ortaokulu\u2019nda d\u0131\u015fa do\u011fru e\u011filen bah\u00e7e duvar\u0131 hem \u00f6\u011frenciler hem de veliler i\u00e7in b\u00fcy\u00fck bir endi\u015fe kayna\u011f\u0131 oldu. \u00dczerinde demir \u00e7itlerin yer ald\u0131\u011f\u0131 duvar\u0131n her an y\u0131k\u0131lma riski ta\u015f\u0131d\u0131\u011f\u0131 belirtilirken, \u00f6zellikle sabah ve ak\u015fam saatlerinde yo\u011fun olarak kullan\u0131lan yolun hemen yan\u0131nda bulunan duvar, s\u00fcr\u00fcc\u00fc ve yayalar\u0131 da tedirgin etti. AC\u0130L \u00d6NLEM \u00c7A\u011eRISI Antalya K\u00f6rfez Gazetesi muhabiri Ertu\u011frul G\u00fcn&#8217;\u00fcn haberine g\u00f6re; okulun bulundu\u011fu Barbaros Mahallesi\u2019nde ya\u015fayan vatanda\u015flar, yetkililerin bir an \u00f6nce harekete ge\u00e7mesini talep etti. Son d\u00f6nemde artan i\u015f kazalar\u0131 ve ihmallerin ard\u0131ndan b\u00f6yle bir tehlikenin g\u00f6z ard\u0131 edilmemesi gerekti\u011fini vurgulayan veliler, \u00e7ocuklar\u0131n\u0131n g\u00fcvenli\u011fi i\u00e7in acil \u00f6nlem al\u0131nmas\u0131n\u0131 istedi. DUVAR TAMAMEN YIKILAB\u0130L\u0130R Konuya ili\u015fkin de\u011ferlendirmede bulunan \u0130n\u015faat M\u00fchendisleri Odas\u0131 (\u0130MO) Antalya \u015eube Ba\u015fkan\u0131 Mehmet Soner Akdo\u011fan, duvarda ciddi i\u015f\u00e7ilik hatalar\u0131n\u0131n olabilece\u011fini savundu. Akdo\u011fan, \u201cPerde eksikli\u011fi var. D\u0131\u015far\u0131dan bak\u0131ld\u0131\u011f\u0131nda, yap\u0131lan hatan\u0131n s\u0131va ve boya ile kapat\u0131ld\u0131\u011f\u0131 g\u00f6r\u00fcl\u00fcyor. Olas\u0131 bir toprak yumu\u015famas\u0131nda duvar tamamen y\u0131k\u0131labilir. Sorumlular derhal harekete ge\u00e7meli ve gerekli kontroller yap\u0131lmal\u0131\u201d dedi. \u200bAntalya\u2019n\u0131n Aksu il\u00e7esinde &hellip;\" \/>\n<meta property=\"og:url\" content=\"http:\/\/denizcankizil.tr\/ru\/haberler\/gundem\/antalyada-ogrencileri-ve-velileri-urperten-goruntu-okulun-duvari-yan-yatti\/\" \/>\n<meta property=\"og:site_name\" content=\"Av. Deniz Can K\u0131z\u0131l\" \/>\n<meta property=\"article:published_time\" content=\"2025-04-29T06:41:41+00:00\" \/>\n<meta name=\"author\" content=\"Antalya K\u00f6rfez\" \/>\n<meta name=\"twitter:card\" content=\"summary_large_image\" \/>\n<meta name=\"twitter:label1\" content=\"\u041d\u0430\u043f\u0438\u0441\u0430\u043d\u043e \u0430\u0432\u0442\u043e\u0440\u043e\u043c\" \/>\n\t<meta name=\"twitter:data1\" content=\"Antalya K\u00f6rfez\" \/>\n\t<meta name=\"twitter:label2\" content=\"\u041f\u0440\u0438\u043c\u0435\u0440\u043d\u043e\u0435 \u0432\u0440\u0435\u043c\u044f \u0434\u043b\u044f \u0447\u0442\u0435\u043d\u0438\u044f\" \/>\n\t<meta name=\"twitter:data2\" content=\"2 \u043c\u0438\u043d\u0443\u0442\u044b\" \/>\n<script type=\"application\/ld+json\" class=\"yoast-schema-graph\">{\"@context\":\"https:\/\/schema.org\",\"@graph\":[{\"@type\":\"Article\",\"@id\":\"http:\/\/denizcankizil.tr\/ru\/haberler\/gundem\/antalyada-ogrencileri-ve-velileri-urperten-goruntu-okulun-duvari-yan-yatti\/#article\",\"isPartOf\":{\"@id\":\"http:\/\/denizcankizil.tr\/ru\/haberler\/gundem\/antalyada-ogrencileri-ve-velileri-urperten-goruntu-okulun-duvari-yan-yatti\/\"},\"author\":{\"name\":\"Antalya K\u00f6rfez\",\"@id\":\"https:\/\/denizcankizil.tr\/#\/schema\/person\/e1eb71bb4dd684d46563f0af307e1234\"},\"headline\":\"Antalya\u2019da \u00f6\u011frencileri ve velileri \u00fcrperten g\u00f6r\u00fcnt\u00fc! Okulun duvar\u0131 yan yatt\u0131!\",\"datePublished\":\"2025-04-29T06:41:41+00:00\",\"mainEntityOfPage\":{\"@id\":\"http:\/\/denizcankizil.tr\/ru\/haberler\/gundem\/antalyada-ogrencileri-ve-velileri-urperten-goruntu-okulun-duvari-yan-yatti\/\"},\"wordCount\":336,\"publisher\":{\"@id\":\"https:\/\/denizcankizil.tr\/#organization\"},\"articleSection\":[\"G\u00fcndem\"],\"inLanguage\":\"ru-RU\"},{\"@type\":\"WebPage\",\"@id\":\"http:\/\/denizcankizil.tr\/ru\/haberler\/gundem\/antalyada-ogrencileri-ve-velileri-urperten-goruntu-okulun-duvari-yan-yatti\/\",\"url\":\"http:\/\/denizcankizil.tr\/ru\/haberler\/gundem\/antalyada-ogrencileri-ve-velileri-urperten-goruntu-okulun-duvari-yan-yatti\/\",\"name\":\"Antalya\u2019da \u00f6\u011frencileri ve velileri \u00fcrperten g\u00f6r\u00fcnt\u00fc! Okulun duvar\u0131 yan yatt\u0131! - Av. Deniz Can K\u0131z\u0131l\",\"isPartOf\":{\"@id\":\"https:\/\/denizcankizil.tr\/#website\"},\"datePublished\":\"2025-04-29T06:41:41+00:00\",\"breadcrumb\":{\"@id\":\"http:\/\/denizcankizil.tr\/ru\/haberler\/gundem\/antalyada-ogrencileri-ve-velileri-urperten-goruntu-okulun-duvari-yan-yatti\/#breadcrumb\"},\"inLanguage\":\"ru-RU\",\"potentialAction\":[{\"@type\":\"ReadAction\",\"target\":[\"http:\/\/denizcankizil.tr\/ru\/haberler\/gundem\/antalyada-ogrencileri-ve-velileri-urperten-goruntu-okulun-duvari-yan-yatti\/\"]}]},{\"@type\":\"BreadcrumbList\",\"@id\":\"http:\/\/denizcankizil.tr\/ru\/haberler\/gundem\/antalyada-ogrencileri-ve-velileri-urperten-goruntu-okulun-duvari-yan-yatti\/#breadcrumb\",\"itemListElement\":[{\"@type\":\"ListItem\",\"position\":1,\"name\":\"Home\",\"item\":\"https:\/\/denizcankizil.tr\/de\/\"},{\"@type\":\"ListItem\",\"position\":2,\"name\":\"Antalya\u2019da \u00f6\u011frencileri ve velileri \u00fcrperten g\u00f6r\u00fcnt\u00fc! Okulun duvar\u0131 yan yatt\u0131!\"}]},{\"@type\":\"WebSite\",\"@id\":\"https:\/\/denizcankizil.tr\/#website\",\"url\":\"https:\/\/denizcankizil.tr\/\",\"name\":\"Av. Deniz Can K\u0131z\u0131l\",\"description\":\"Avukat Deniz Can K\u0131z\u0131l Antalya Barosu\",\"publisher\":{\"@id\":\"https:\/\/denizcankizil.tr\/#organization\"},\"potentialAction\":[{\"@type\":\"SearchAction\",\"target\":{\"@type\":\"EntryPoint\",\"urlTemplate\":\"https:\/\/denizcankizil.tr\/?s={search_term_string}\"},\"query-input\":{\"@type\":\"PropertyValueSpecification\",\"valueRequired\":true,\"valueName\":\"search_term_string\"}}],\"inLanguage\":\"ru-RU\"},{\"@type\":\"Organization\",\"@id\":\"https:\/\/denizcankizil.tr\/#organization\",\"name\":\"Av. Deniz Can K\u0131z\u0131l\",\"url\":\"https:\/\/denizcankizil.tr\/\",\"logo\":{\"@type\":\"ImageObject\",\"inLanguage\":\"ru-RU\",\"@id\":\"https:\/\/denizcankizil.tr\/#\/schema\/logo\/image\/\",\"url\":\"http:\/\/denizcankizil.tr\/wp-content\/uploads\/2024\/10\/siyah-logo-svg.svg\",\"contentUrl\":\"http:\/\/denizcankizil.tr\/wp-content\/uploads\/2024\/10\/siyah-logo-svg.svg\",\"width\":1080,\"height\":1080,\"caption\":\"Av. Deniz Can K\u0131z\u0131l\"},\"image\":{\"@id\":\"https:\/\/denizcankizil.tr\/#\/schema\/logo\/image\/\"}},{\"@type\":\"Person\",\"@id\":\"https:\/\/denizcankizil.tr\/#\/schema\/person\/e1eb71bb4dd684d46563f0af307e1234\",\"name\":\"Antalya K\u00f6rfez\",\"image\":{\"@type\":\"ImageObject\",\"inLanguage\":\"ru-RU\",\"@id\":\"https:\/\/denizcankizil.tr\/#\/schema\/person\/image\/\",\"url\":\"https:\/\/secure.gravatar.com\/avatar\/42b01982558a48a0b501fdcab6a408d3717ea5919095ee2e67b0e521799c5905?s=96&d=mm&r=g\",\"contentUrl\":\"https:\/\/secure.gravatar.com\/avatar\/42b01982558a48a0b501fdcab6a408d3717ea5919095ee2e67b0e521799c5905?s=96&d=mm&r=g\",\"caption\":\"Antalya K\u00f6rfez\"},\"sameAs\":[\"http:\/\/www.antalyakorfez.com\"],\"url\":\"https:\/\/www.antalyakorfez.com\/antalyada-ogrencileri-ve-velileri-urperten-goruntu-okulun-duvari-yan-yatti\"}]}<\/script>\n<!-- \/ Yoast SEO Premium plugin. -->","yoast_head_json":{"title":"Antalya\u2019da \u00f6\u011frencileri ve velileri \u00fcrperten g\u00f6r\u00fcnt\u00fc! Okulun duvar\u0131 yan yatt\u0131! - Av. Deniz Can K\u0131z\u0131l","robots":{"index":"index","follow":"follow","max-snippet":"max-snippet:-1","max-image-preview":"max-image-preview:large","max-video-preview":"max-video-preview:-1"},"canonical":"http:\/\/denizcankizil.tr\/ru\/haberler\/gundem\/antalyada-ogrencileri-ve-velileri-urperten-goruntu-okulun-duvari-yan-yatti\/","og_locale":"ru_RU","og_type":"article","og_title":"Antalya\u2019da \u00f6\u011frencileri ve velileri \u00fcrperten g\u00f6r\u00fcnt\u00fc! Okulun duvar\u0131 yan yatt\u0131!","og_description":"Antalya&#8217;n\u0131n Aksu il\u00e7esindeki Barbaros Mahallesinde bulunan Aksu Ortaokulu\u2019nun bah\u00e7e duvar\u0131n\u0131n d\u0131\u015far\u0131ya do\u011fru yan yatmas\u0131 hem velileri hem de \u00f6\u011frencilerde kayg\u0131 olu\u015fturdu. \u00dczerinde demir \u00e7itlerin bulundu\u011fu duvar\u0131n her an yatma riski ta\u015f\u0131d\u0131\u011f\u0131n\u0131 ifade eden veliler bir an \u00f6nce harekete ge\u00e7erek gerekli incelemelerin yap\u0131lmas\u0131n\u0131 istedi. END\u0130\u015eE KAYNA\u011eI OLDU Aksu Ortaokulu\u2019nda d\u0131\u015fa do\u011fru e\u011filen bah\u00e7e duvar\u0131 hem \u00f6\u011frenciler hem de veliler i\u00e7in b\u00fcy\u00fck bir endi\u015fe kayna\u011f\u0131 oldu. \u00dczerinde demir \u00e7itlerin yer ald\u0131\u011f\u0131 duvar\u0131n her an y\u0131k\u0131lma riski ta\u015f\u0131d\u0131\u011f\u0131 belirtilirken, \u00f6zellikle sabah ve ak\u015fam saatlerinde yo\u011fun olarak kullan\u0131lan yolun hemen yan\u0131nda bulunan duvar, s\u00fcr\u00fcc\u00fc ve yayalar\u0131 da tedirgin etti. AC\u0130L \u00d6NLEM \u00c7A\u011eRISI Antalya K\u00f6rfez Gazetesi muhabiri Ertu\u011frul G\u00fcn&#8217;\u00fcn haberine g\u00f6re; okulun bulundu\u011fu Barbaros Mahallesi\u2019nde ya\u015fayan vatanda\u015flar, yetkililerin bir an \u00f6nce harekete ge\u00e7mesini talep etti. Son d\u00f6nemde artan i\u015f kazalar\u0131 ve ihmallerin ard\u0131ndan b\u00f6yle bir tehlikenin g\u00f6z ard\u0131 edilmemesi gerekti\u011fini vurgulayan veliler, \u00e7ocuklar\u0131n\u0131n g\u00fcvenli\u011fi i\u00e7in acil \u00f6nlem al\u0131nmas\u0131n\u0131 istedi. DUVAR TAMAMEN YIKILAB\u0130L\u0130R Konuya ili\u015fkin de\u011ferlendirmede bulunan \u0130n\u015faat M\u00fchendisleri Odas\u0131 (\u0130MO) Antalya \u015eube Ba\u015fkan\u0131 Mehmet Soner Akdo\u011fan, duvarda ciddi i\u015f\u00e7ilik hatalar\u0131n\u0131n olabilece\u011fini savundu. Akdo\u011fan, \u201cPerde eksikli\u011fi var. D\u0131\u015far\u0131dan bak\u0131ld\u0131\u011f\u0131nda, yap\u0131lan hatan\u0131n s\u0131va ve boya ile kapat\u0131ld\u0131\u011f\u0131 g\u00f6r\u00fcl\u00fcyor. Olas\u0131 bir toprak yumu\u015famas\u0131nda duvar tamamen y\u0131k\u0131labilir. Sorumlular derhal harekete ge\u00e7meli ve gerekli kontroller yap\u0131lmal\u0131\u201d dedi. \u200bAntalya\u2019n\u0131n Aksu il\u00e7esinde &hellip;","og_url":"http:\/\/denizcankizil.tr\/ru\/haberler\/gundem\/antalyada-ogrencileri-ve-velileri-urperten-goruntu-okulun-duvari-yan-yatti\/","og_site_name":"Av. Deniz Can K\u0131z\u0131l","article_published_time":"2025-04-29T06:41:41+00:00","author":"Antalya K\u00f6rfez","twitter_card":"summary_large_image","twitter_misc":{"\u041d\u0430\u043f\u0438\u0441\u0430\u043d\u043e \u0430\u0432\u0442\u043e\u0440\u043e\u043c":"Antalya K\u00f6rfez","\u041f\u0440\u0438\u043c\u0435\u0440\u043d\u043e\u0435 \u0432\u0440\u0435\u043c\u044f \u0434\u043b\u044f \u0447\u0442\u0435\u043d\u0438\u044f":"2 \u043c\u0438\u043d\u0443\u0442\u044b"},"schema":{"@context":"https:\/\/schema.org","@graph":[{"@type":"Article","@id":"http:\/\/denizcankizil.tr\/ru\/haberler\/gundem\/antalyada-ogrencileri-ve-velileri-urperten-goruntu-okulun-duvari-yan-yatti\/#article","isPartOf":{"@id":"http:\/\/denizcankizil.tr\/ru\/haberler\/gundem\/antalyada-ogrencileri-ve-velileri-urperten-goruntu-okulun-duvari-yan-yatti\/"},"author":{"name":"Antalya K\u00f6rfez","@id":"https:\/\/denizcankizil.tr\/#\/schema\/person\/e1eb71bb4dd684d46563f0af307e1234"},"headline":"Antalya\u2019da \u00f6\u011frencileri ve velileri \u00fcrperten g\u00f6r\u00fcnt\u00fc! Okulun duvar\u0131 yan yatt\u0131!","datePublished":"2025-04-29T06:41:41+00:00","mainEntityOfPage":{"@id":"http:\/\/denizcankizil.tr\/ru\/haberler\/gundem\/antalyada-ogrencileri-ve-velileri-urperten-goruntu-okulun-duvari-yan-yatti\/"},"wordCount":336,"publisher":{"@id":"https:\/\/denizcankizil.tr\/#organization"},"articleSection":["G\u00fcndem"],"inLanguage":"ru-RU"},{"@type":"WebPage","@id":"http:\/\/denizcankizil.tr\/ru\/haberler\/gundem\/antalyada-ogrencileri-ve-velileri-urperten-goruntu-okulun-duvari-yan-yatti\/","url":"http:\/\/denizcankizil.tr\/ru\/haberler\/gundem\/antalyada-ogrencileri-ve-velileri-urperten-goruntu-okulun-duvari-yan-yatti\/","name":"Antalya\u2019da \u00f6\u011frencileri ve velileri \u00fcrperten g\u00f6r\u00fcnt\u00fc! Okulun duvar\u0131 yan yatt\u0131! - Av. Deniz Can K\u0131z\u0131l","isPartOf":{"@id":"https:\/\/denizcankizil.tr\/#website"},"datePublished":"2025-04-29T06:41:41+00:00","breadcrumb":{"@id":"http:\/\/denizcankizil.tr\/ru\/haberler\/gundem\/antalyada-ogrencileri-ve-velileri-urperten-goruntu-okulun-duvari-yan-yatti\/#breadcrumb"},"inLanguage":"ru-RU","potentialAction":[{"@type":"ReadAction","target":["http:\/\/denizcankizil.tr\/ru\/haberler\/gundem\/antalyada-ogrencileri-ve-velileri-urperten-goruntu-okulun-duvari-yan-yatti\/"]}]},{"@type":"BreadcrumbList","@id":"http:\/\/denizcankizil.tr\/ru\/haberler\/gundem\/antalyada-ogrencileri-ve-velileri-urperten-goruntu-okulun-duvari-yan-yatti\/#breadcrumb","itemListElement":[{"@type":"ListItem","position":1,"name":"Home","item":"https:\/\/denizcankizil.tr\/de\/"},{"@type":"ListItem","position":2,"name":"Antalya\u2019da \u00f6\u011frencileri ve velileri \u00fcrperten g\u00f6r\u00fcnt\u00fc! Okulun duvar\u0131 yan yatt\u0131!"}]},{"@type":"WebSite","@id":"https:\/\/denizcankizil.tr\/#website","url":"https:\/\/denizcankizil.tr\/","name":"Av. Deniz Can K\u0131z\u0131l","description":"Avukat Deniz Can K\u0131z\u0131l Antalya Barosu","publisher":{"@id":"https:\/\/denizcankizil.tr\/#organization"},"potentialAction":[{"@type":"SearchAction","target":{"@type":"EntryPoint","urlTemplate":"https:\/\/denizcankizil.tr\/?s={search_term_string}"},"query-input":{"@type":"PropertyValueSpecification","valueRequired":true,"valueName":"search_term_string"}}],"inLanguage":"ru-RU"},{"@type":"Organization","@id":"https:\/\/denizcankizil.tr\/#organization","name":"Av. Deniz Can K\u0131z\u0131l","url":"https:\/\/denizcankizil.tr\/","logo":{"@type":"ImageObject","inLanguage":"ru-RU","@id":"https:\/\/denizcankizil.tr\/#\/schema\/logo\/image\/","url":"http:\/\/denizcankizil.tr\/wp-content\/uploads\/2024\/10\/siyah-logo-svg.svg","contentUrl":"http:\/\/denizcankizil.tr\/wp-content\/uploads\/2024\/10\/siyah-logo-svg.svg","width":1080,"height":1080,"caption":"Av. Deniz Can K\u0131z\u0131l"},"image":{"@id":"https:\/\/denizcankizil.tr\/#\/schema\/logo\/image\/"}},{"@type":"Person","@id":"https:\/\/denizcankizil.tr\/#\/schema\/person\/e1eb71bb4dd684d46563f0af307e1234","name":"Antalya K\u00f6rfez","image":{"@type":"ImageObject","inLanguage":"ru-RU","@id":"https:\/\/denizcankizil.tr\/#\/schema\/person\/image\/","url":"https:\/\/secure.gravatar.com\/avatar\/42b01982558a48a0b501fdcab6a408d3717ea5919095ee2e67b0e521799c5905?s=96&d=mm&r=g","contentUrl":"https:\/\/secure.gravatar.com\/avatar\/42b01982558a48a0b501fdcab6a408d3717ea5919095ee2e67b0e521799c5905?s=96&d=mm&r=g","caption":"Antalya K\u00f6rfez"},"sameAs":["http:\/\/www.antalyakorfez.com"],"url":"https:\/\/www.antalyakorfez.com\/antalyada-ogrencileri-ve-velileri-urperten-goruntu-okulun-duvari-yan-yatti"}]}},"_links":{"self":[{"href":"http:\/\/denizcankizil.tr\/ru\/wp-json\/wp\/v2\/posts\/70082","targetHints":{"allow":["GET"]}}],"collection":[{"href":"http:\/\/denizcankizil.tr\/ru\/wp-json\/wp\/v2\/posts"}],"about":[{"href":"http:\/\/denizcankizil.tr\/ru\/wp-json\/wp\/v2\/types\/post"}],"author":[{"embeddable":true,"href":"http:\/\/denizcankizil.tr\/ru\/wp-json\/wp\/v2\/users\/5"}],"replies":[{"embeddable":true,"href":"http:\/\/denizcankizil.tr\/ru\/wp-json\/wp\/v2\/comments?post=70082"}],"version-history":[{"count":0,"href":"http:\/\/denizcankizil.tr\/ru\/wp-json\/wp\/v2\/posts\/70082\/revisions"}],"wp:attachment":[{"href":"http:\/\/denizcankizil.tr\/ru\/wp-json\/wp\/v2\/media?parent=70082"}],"wp:term":[{"taxonomy":"category","embeddable":true,"href":"http:\/\/denizcankizil.tr\/ru\/wp-json\/wp\/v2\/categories?post=70082"},{"taxonomy":"post_tag","embeddable":true,"href":"http:\/\/denizcankizil.tr\/ru\/wp-json\/wp\/v2\/tags?post=70082"}],"curies":[{"name":"wp","href":"https:\/\/api.w.org\/{rel}","templated":true}]}}