{"id":67991,"date":"2025-04-27T10:41:18","date_gmt":"2025-04-27T07:41:18","guid":{"rendered":"https:\/\/denizcankizil.tr\/uncategorized-tr\/alanyalilari-ayaga-kaldiran-projeye-bir-tepki-daha-chpden-alanya-cikarmasi\/"},"modified":"2025-04-27T10:41:18","modified_gmt":"2025-04-27T07:41:18","slug":"alanyalilari-ayaga-kaldiran-projeye-bir-tepki-daha-chpden-alanya-cikarmasi","status":"publish","type":"post","link":"http:\/\/denizcankizil.tr\/ru\/haberler\/gundem\/alanyalilari-ayaga-kaldiran-projeye-bir-tepki-daha-chpden-alanya-cikarmasi\/","title":{"rendered":"Alanyal\u0131lar\u0131 aya\u011fa kald\u0131ran projeye bir tepki daha: CHP\u2019den Alanya \u00e7\u0131karmas\u0131"},"content":{"rendered":"<p>Antalya\u2019n\u0131n Alanya il\u00e7esinde Ye\u015fil\u00f6z Mahallesinde Aytemiz Akaryak\u0131t Da\u011f\u0131t\u0131m taraf\u0131ndan yap\u0131lmas\u0131 planlanan yana\u015fma Dolfeni Tesisi Kapasite Art\u0131\u015f\u0131 Projesi b\u00fcy\u00fck tepki \u00e7ekmi\u015fti. Gemi yana\u015fma kapasitesinin 60 bin DWT\u2019den 160 bin DWT\u2019ye y\u00fckseltilece\u011fi projeye \u00c7ED olumlu karar\u0131 verildi. Proje hafta sonu projenin hayata ge\u00e7irilmek istenilen sahilde d\u00fczenlenen geni\u015f kat\u0131l\u0131ml\u0131 toplant\u0131 ile bir kez daha protesto edildi.<\/p>\n<p>\u00c7ED S\u00dcREC\u0130NE G\u0130R\u0130LD\u0130 <\/p>\n<p>Aytemiz Akaryak\u0131t Da\u011f\u0131t\u0131m A.\u015e., Alanya\u2019n\u0131n Ye\u015fil\u00f6z Mahallesi\u2019nde akaryak\u0131t ve LPG depolama alan\u0131 ile deniz yoluyla akaryak\u0131t ta\u015f\u0131mac\u0131l\u0131\u011f\u0131na y\u00f6nelik bir tesis kurmak i\u00e7in 2011 y\u0131l\u0131nda ba\u015fvuru yapt\u0131. Antalya \u00c7evre, \u015eehircilik ve \u0130klim De\u011fi\u015fikli\u011fi \u0130l M\u00fcd\u00fcrl\u00fc\u011f\u00fc, ayn\u0131 y\u0131l \u201c\u00c7ED Gerekli De\u011fildir\u201d belgesi vererek projenin ba\u015flat\u0131lmas\u0131na onay verdi. Ancak tesisin kapasite art\u0131\u015f\u0131 ihtiyac\u0131 do\u011funca 2013 y\u0131l\u0131nda yeni bir proje tan\u0131t\u0131m dosyas\u0131 haz\u0131rlanarak tekrar \u00c7ED s\u00fcrecine girildi.<\/p>\n<p>BAKANLIKTAN \u00d6NER\u0130<\/p>\n<p>Yetkili kurumlarca yap\u0131lan incelemeler sonucunda 20 A\u011fustos 2013 tarihinde ikinci kez \u201c\u00c7ED Gerekli De\u011fildir\u201d karar\u0131 al\u0131nd\u0131. \u0130lk planlamada akaryak\u0131t\u0131n \u015famand\u0131ra hatt\u0131 ile ta\u015f\u0131nmas\u0131 \u00f6ng\u00f6r\u00fcl\u00fcyordu. Ancak Ula\u015ft\u0131rma, Denizcilik ve Haberle\u015fme Bakanl\u0131\u011f\u0131, \u00fclke genelinde akaryak\u0131t ve LPG ta\u015f\u0131mac\u0131l\u0131\u011f\u0131n\u0131n deniz dibi boru hatlar\u0131 ile yap\u0131lmas\u0131n\u0131 \u00f6nerdi. Bu do\u011frultuda proje revize edilerek Gemi Yana\u015fma Dolfeni sistemi benimsendi. 2014 y\u0131l\u0131nda yap\u0131lan \u00c7ED ba\u015fvurusu sonucunda, Bakanl\u0131k 18 Eyl\u00fcl 2014 tarihinde \u201c\u00c7ED Olumlu\u201d karar\u0131 verdi.<\/p>\n<p>3 KATA YAKIN ARTI\u015e<\/p>\n<p>Kapasite art\u0131\u015f\u0131 sonras\u0131 Yana\u015fma Dolfeninin toplam 324,4 metre uzunlu\u011fa ula\u015farak 160.000 Dwt kapasiteli gemilerin yana\u015fabilece\u011fi bir tesis olaca\u011f\u0131 duyuruldu. Kleopatra Otelciler Derne\u011fi Ba\u015fkan\u0131 Servet \u015eakiro\u011flu, projenin turizm i\u00e7in b\u00fcy\u00fck bir risk bar\u0131nd\u0131rd\u0131\u011f\u0131n\u0131 ifade ederek \u00c7ED karar\u0131n\u0131 mahkemeye ta\u015f\u0131yacaklar\u0131n\u0131 belirtmi\u015fti.<\/p>\n<p>\u0130MZA KAMPANYASI<\/p>\n<p>Deniz kaplumba\u011falar\u0131 ve kum zambaklar\u0131 ile \u00fcnl\u00fc sahilde hayata ge\u00e7irilmek istenen proje bir yandan yarg\u0131ya tan\u0131\u015f\u0131rken di\u011fer taraftan da iptal edilmesi i\u00e7in imza kampanyas\u0131 ba\u015flat\u0131ld\u0131. 200 ki\u015finin hedeflendi\u011fi kampanyada \u015fuana kadar 170 imza topland\u0131. G\u00fcldane \u015eahin taraf\u0131ndan internet \u00fczerinden olarak ba\u015flat\u0131lan kampanyada birtak\u0131m \u00e7ekincelere de yer verildi.<\/p>\n<p>PORJE PROTESTO ED\u0130LD\u0130<\/p>\n<p>Antalya K\u00f6rfez Gazetesi muhabiri Ertu\u011frul G\u00fcn&#8217;\u00fcn haberine g\u00f6re; Dolfeni Tesisi Kapasite Art\u0131\u015f\u0131 Projesi hafta sonu b\u00f6lgede ger\u00e7ekle\u015ftirilen toplant\u0131 ile bir kez daha protesto edildi. Toplant\u0131ya CHP Antalya \u0130l Ba\u015fkan\u0131 Nail Kamac\u0131, PM \u00dcyesi \u015eeng\u00fcl Ye\u015fildal, Milletvekili Aliye Co\u015far, Alanya \u0130l\u00e7e Ba\u015fkan\u0131 B\u00fclent Kandemir, il\u00e7e y\u00f6neticileri, \u0130yi Parti \u0130l\u00e7e Ba\u015fkan\u0131, MHP \u0130l\u00e7e Ba\u015fkan\u0131, \u00e7evre mahallelerin Muhtarlar\u0131 ve mahalle sakinleri kat\u0131larak destek verdi.<\/p>\n<p>GELECE\u011eE SAH\u0130P \u00c7IKALIM<\/p>\n<p>Ba\u015fkan Kamac\u0131 konu\u015fmas\u0131nda, \u201cAytemiz Dolum Tesisi\u2019nin kapasitesinin art\u0131r\u0131lmas\u0131, Alanya&#8217;n\u0131n do\u011fas\u0131n\u0131n, ekolojik dengenin ve turizm potansiyelinin \u00fczerinde geri d\u00f6n\u00fclmez zararlara yol a\u00e7acak. Tar\u0131msal \u00fcretim cenneti, Avrupa turizminin g\u00f6zbebe\u011fi Alanya\u2019m\u0131z\u0131n gelece\u011fine sahip \u00e7\u0131kmaya davet ediyoruz\u201d dedi.<\/p>\n<p>KAPAS\u0130TE ARTI\u015eINA ONAY \u00c7IKMADI<\/p>\n<p>Milletvekili Aliye Co\u015far ise daha \u00f6nce verilen kararlara at\u0131fta bulundu. Co\u015far, \u201cProjede b\u00f6lge halk\u0131n\u0131n g\u00f6r\u00fc\u015f\u00fc al\u0131nmad\u0131. Projenin 2019 y\u0131l\u0131nda kapasite art\u0131\u015f\u0131na ili\u015fkin \u00c7evre \u015eehircilik ve \u0130klim De\u011fi\u015fikli\u011fi Bakanl\u0131\u011f\u0131\u2019n\u0131n \u00c7ED olumlu raporuna kar\u015f\u0131 verilen yarg\u0131 m\u00fccadelesi sonucu \u00c7ED olumlu raporu iptal edilerek kapasite art\u0131\u015f\u0131na onay \u00e7\u0131kmad\u0131.\u201d dedi.<\/p>\n<p>KAPAS\u0130TE ARTI\u015eINA KAR\u015eIYIZ<\/p>\n<p>Kesinle\u015fmi\u015f mahkeme karar\u0131na ra\u011fmen 2025 y\u0131l\u0131nda bakanl\u0131\u011f\u0131n kapasite art\u0131\u015f\u0131 i\u00e7in yine \u00c7ED olumlu raporu vermesi hukuka ayk\u0131r\u0131 oldu\u011funu belirten Co\u015far, \u201cTurizm ve tar\u0131m kenti Alanya \u0130l\u00e7emize telafisi g\u00fc\u00e7 zararlar verecek, gelece\u011fini etkileyecek Aytemiz Akaryak\u0131t A.\u015e.&#8217;ye ait dolum tesislerinde kapasite art\u0131\u015f\u0131na kar\u015f\u0131y\u0131z. Gazipa\u015fa\u2019dan Ka\u015f&#8217;a kadar Antalya\u2019m\u0131z\u0131n sahillerini, denizini ve ormanlar\u0131n\u0131 ranta ve talana kar\u015f\u0131 savunaca\u011f\u0131z.\u201d ifadelerine yer verdi.<\/p>\n<p>\u200bAntalya\u2019n\u0131n Alanya il\u00e7esinde Ye\u015fil\u00f6z Mahallesinde yap\u0131lmas\u0131 planlanan Yana\u015fma Dolfeni Tesisi Kapasite Art\u0131\u015f\u0131 Projesi d\u00fczenlenen toplant\u0131 ile bir kez daha protesto edildi. CHP il y\u00f6netimi il\u00e7eye \u00e7\u0131karma yaparak tam kadro destek verdi.\u00a0<\/p>\n<p>\u200bHaberin Al\u0131nt\u0131land\u0131\u011f\u0131 Kaynak: www.antalyakorfez.com<\/p>","protected":false},"excerpt":{"rendered":"<p>Antalya\u2019n\u0131n Alanya il\u00e7esinde Ye\u015fil\u00f6z Mahallesinde Aytemiz Akaryak\u0131t Da\u011f\u0131t\u0131m taraf\u0131ndan yap\u0131lmas\u0131 planlanan yana\u015fma Dolfeni Tesisi Kapasite Art\u0131\u015f\u0131 Projesi b\u00fcy\u00fck tepki \u00e7ekmi\u015fti. Gemi yana\u015fma kapasitesinin 60 bin DWT\u2019den 160 bin DWT\u2019ye y\u00fckseltilece\u011fi projeye \u00c7ED olumlu karar\u0131 verildi. Proje hafta sonu projenin hayata ge\u00e7irilmek istenilen sahilde d\u00fczenlenen geni\u015f kat\u0131l\u0131ml\u0131 toplant\u0131 ile bir kez daha protesto edildi. \u00c7ED S\u00dcREC\u0130NE G\u0130R\u0130LD\u0130 Aytemiz Akaryak\u0131t Da\u011f\u0131t\u0131m A.\u015e., Alanya\u2019n\u0131n Ye\u015fil\u00f6z Mahallesi\u2019nde akaryak\u0131t ve LPG depolama alan\u0131 ile deniz yoluyla akaryak\u0131t ta\u015f\u0131mac\u0131l\u0131\u011f\u0131na y\u00f6nelik bir tesis kurmak i\u00e7in 2011 y\u0131l\u0131nda ba\u015fvuru yapt\u0131. Antalya \u00c7evre, \u015eehircilik ve \u0130klim De\u011fi\u015fikli\u011fi \u0130l M\u00fcd\u00fcrl\u00fc\u011f\u00fc, ayn\u0131 y\u0131l \u201c\u00c7ED Gerekli De\u011fildir\u201d belgesi vererek projenin ba\u015flat\u0131lmas\u0131na onay verdi. Ancak tesisin kapasite art\u0131\u015f\u0131 ihtiyac\u0131 do\u011funca 2013 y\u0131l\u0131nda yeni bir proje tan\u0131t\u0131m dosyas\u0131 haz\u0131rlanarak tekrar \u00c7ED s\u00fcrecine girildi. BAKANLIKTAN \u00d6NER\u0130 Yetkili kurumlarca yap\u0131lan incelemeler sonucunda 20 A\u011fustos 2013 tarihinde ikinci kez \u201c\u00c7ED Gerekli De\u011fildir\u201d karar\u0131 al\u0131nd\u0131. \u0130lk planlamada akaryak\u0131t\u0131n \u015famand\u0131ra hatt\u0131 ile ta\u015f\u0131nmas\u0131 \u00f6ng\u00f6r\u00fcl\u00fcyordu. Ancak Ula\u015ft\u0131rma, Denizcilik ve Haberle\u015fme Bakanl\u0131\u011f\u0131, \u00fclke genelinde akaryak\u0131t ve LPG ta\u015f\u0131mac\u0131l\u0131\u011f\u0131n\u0131n deniz dibi boru hatlar\u0131 ile yap\u0131lmas\u0131n\u0131 \u00f6nerdi. Bu do\u011frultuda proje revize edilerek Gemi Yana\u015fma Dolfeni sistemi benimsendi. 2014 y\u0131l\u0131nda yap\u0131lan \u00c7ED ba\u015fvurusu sonucunda, Bakanl\u0131k 18 Eyl\u00fcl 2014 tarihinde \u201c\u00c7ED Olumlu\u201d karar\u0131 verdi. 3 KATA YAKIN ARTI\u015e Kapasite art\u0131\u015f\u0131 sonras\u0131 Yana\u015fma Dolfeninin toplam 324,4 &hellip;<\/p>","protected":false},"author":5,"featured_media":0,"comment_status":"","ping_status":"open","sticky":false,"template":"","format":"standard","meta":{"_acf_changed":false,"footnotes":""},"categories":[24],"tags":[],"class_list":["post-67991","post","type-post","status-publish","format-standard","has-post-thumbnail","hentry","category-gundem"],"acf":[],"yoast_head":"<!-- This site is optimized with the Yoast SEO Premium plugin v26.6 (Yoast SEO v27.1.1) - https:\/\/yoast.com\/product\/yoast-seo-premium-wordpress\/ -->\n<title>Alanyal\u0131lar\u0131 aya\u011fa kald\u0131ran projeye bir tepki daha: CHP\u2019den Alanya \u00e7\u0131karmas\u0131 - Av. Deniz Can K\u0131z\u0131l<\/title>\n<meta name=\"robots\" content=\"index, follow, max-snippet:-1, max-image-preview:large, max-video-preview:-1\" \/>\n<link rel=\"canonical\" href=\"http:\/\/denizcankizil.tr\/ru\/haberler\/gundem\/alanyalilari-ayaga-kaldiran-projeye-bir-tepki-daha-chpden-alanya-cikarmasi\/\" \/>\n<meta property=\"og:locale\" content=\"ru_RU\" \/>\n<meta property=\"og:type\" content=\"article\" \/>\n<meta property=\"og:title\" content=\"Alanyal\u0131lar\u0131 aya\u011fa kald\u0131ran projeye bir tepki daha: CHP\u2019den Alanya \u00e7\u0131karmas\u0131\" \/>\n<meta property=\"og:description\" content=\"Antalya\u2019n\u0131n Alanya il\u00e7esinde Ye\u015fil\u00f6z Mahallesinde Aytemiz Akaryak\u0131t Da\u011f\u0131t\u0131m taraf\u0131ndan yap\u0131lmas\u0131 planlanan yana\u015fma Dolfeni Tesisi Kapasite Art\u0131\u015f\u0131 Projesi b\u00fcy\u00fck tepki \u00e7ekmi\u015fti. Gemi yana\u015fma kapasitesinin 60 bin DWT\u2019den 160 bin DWT\u2019ye y\u00fckseltilece\u011fi projeye \u00c7ED olumlu karar\u0131 verildi. Proje hafta sonu projenin hayata ge\u00e7irilmek istenilen sahilde d\u00fczenlenen geni\u015f kat\u0131l\u0131ml\u0131 toplant\u0131 ile bir kez daha protesto edildi. \u00c7ED S\u00dcREC\u0130NE G\u0130R\u0130LD\u0130 Aytemiz Akaryak\u0131t Da\u011f\u0131t\u0131m A.\u015e., Alanya\u2019n\u0131n Ye\u015fil\u00f6z Mahallesi\u2019nde akaryak\u0131t ve LPG depolama alan\u0131 ile deniz yoluyla akaryak\u0131t ta\u015f\u0131mac\u0131l\u0131\u011f\u0131na y\u00f6nelik bir tesis kurmak i\u00e7in 2011 y\u0131l\u0131nda ba\u015fvuru yapt\u0131. Antalya \u00c7evre, \u015eehircilik ve \u0130klim De\u011fi\u015fikli\u011fi \u0130l M\u00fcd\u00fcrl\u00fc\u011f\u00fc, ayn\u0131 y\u0131l \u201c\u00c7ED Gerekli De\u011fildir\u201d belgesi vererek projenin ba\u015flat\u0131lmas\u0131na onay verdi. Ancak tesisin kapasite art\u0131\u015f\u0131 ihtiyac\u0131 do\u011funca 2013 y\u0131l\u0131nda yeni bir proje tan\u0131t\u0131m dosyas\u0131 haz\u0131rlanarak tekrar \u00c7ED s\u00fcrecine girildi. BAKANLIKTAN \u00d6NER\u0130 Yetkili kurumlarca yap\u0131lan incelemeler sonucunda 20 A\u011fustos 2013 tarihinde ikinci kez \u201c\u00c7ED Gerekli De\u011fildir\u201d karar\u0131 al\u0131nd\u0131. \u0130lk planlamada akaryak\u0131t\u0131n \u015famand\u0131ra hatt\u0131 ile ta\u015f\u0131nmas\u0131 \u00f6ng\u00f6r\u00fcl\u00fcyordu. Ancak Ula\u015ft\u0131rma, Denizcilik ve Haberle\u015fme Bakanl\u0131\u011f\u0131, \u00fclke genelinde akaryak\u0131t ve LPG ta\u015f\u0131mac\u0131l\u0131\u011f\u0131n\u0131n deniz dibi boru hatlar\u0131 ile yap\u0131lmas\u0131n\u0131 \u00f6nerdi. Bu do\u011frultuda proje revize edilerek Gemi Yana\u015fma Dolfeni sistemi benimsendi. 2014 y\u0131l\u0131nda yap\u0131lan \u00c7ED ba\u015fvurusu sonucunda, Bakanl\u0131k 18 Eyl\u00fcl 2014 tarihinde \u201c\u00c7ED Olumlu\u201d karar\u0131 verdi. 3 KATA YAKIN ARTI\u015e Kapasite art\u0131\u015f\u0131 sonras\u0131 Yana\u015fma Dolfeninin toplam 324,4 &hellip;\" \/>\n<meta property=\"og:url\" content=\"http:\/\/denizcankizil.tr\/ru\/haberler\/gundem\/alanyalilari-ayaga-kaldiran-projeye-bir-tepki-daha-chpden-alanya-cikarmasi\/\" \/>\n<meta property=\"og:site_name\" content=\"Av. Deniz Can K\u0131z\u0131l\" \/>\n<meta property=\"article:published_time\" content=\"2025-04-27T07:41:18+00:00\" \/>\n<meta name=\"author\" content=\"Antalya K\u00f6rfez\" \/>\n<meta name=\"twitter:card\" content=\"summary_large_image\" \/>\n<meta name=\"twitter:label1\" content=\"\u041d\u0430\u043f\u0438\u0441\u0430\u043d\u043e \u0430\u0432\u0442\u043e\u0440\u043e\u043c\" \/>\n\t<meta name=\"twitter:data1\" content=\"Antalya K\u00f6rfez\" \/>\n\t<meta name=\"twitter:label2\" content=\"\u041f\u0440\u0438\u043c\u0435\u0440\u043d\u043e\u0435 \u0432\u0440\u0435\u043c\u044f \u0434\u043b\u044f \u0447\u0442\u0435\u043d\u0438\u044f\" \/>\n\t<meta name=\"twitter:data2\" content=\"4 \u043c\u0438\u043d\u0443\u0442\u044b\" \/>\n<script type=\"application\/ld+json\" class=\"yoast-schema-graph\">{\"@context\":\"https:\/\/schema.org\",\"@graph\":[{\"@type\":\"Article\",\"@id\":\"http:\/\/denizcankizil.tr\/ru\/haberler\/gundem\/alanyalilari-ayaga-kaldiran-projeye-bir-tepki-daha-chpden-alanya-cikarmasi\/#article\",\"isPartOf\":{\"@id\":\"http:\/\/denizcankizil.tr\/ru\/haberler\/gundem\/alanyalilari-ayaga-kaldiran-projeye-bir-tepki-daha-chpden-alanya-cikarmasi\/\"},\"author\":{\"name\":\"Antalya K\u00f6rfez\",\"@id\":\"https:\/\/denizcankizil.tr\/de\/#\/schema\/person\/e1eb71bb4dd684d46563f0af307e1234\"},\"headline\":\"Alanyal\u0131lar\u0131 aya\u011fa kald\u0131ran projeye bir tepki daha: CHP\u2019den Alanya \u00e7\u0131karmas\u0131\",\"datePublished\":\"2025-04-27T07:41:18+00:00\",\"mainEntityOfPage\":{\"@id\":\"http:\/\/denizcankizil.tr\/ru\/haberler\/gundem\/alanyalilari-ayaga-kaldiran-projeye-bir-tepki-daha-chpden-alanya-cikarmasi\/\"},\"wordCount\":760,\"publisher\":{\"@id\":\"https:\/\/denizcankizil.tr\/de\/#organization\"},\"articleSection\":[\"G\u00fcndem\"],\"inLanguage\":\"ru-RU\"},{\"@type\":\"WebPage\",\"@id\":\"http:\/\/denizcankizil.tr\/ru\/haberler\/gundem\/alanyalilari-ayaga-kaldiran-projeye-bir-tepki-daha-chpden-alanya-cikarmasi\/\",\"url\":\"http:\/\/denizcankizil.tr\/ru\/haberler\/gundem\/alanyalilari-ayaga-kaldiran-projeye-bir-tepki-daha-chpden-alanya-cikarmasi\/\",\"name\":\"Alanyal\u0131lar\u0131 aya\u011fa kald\u0131ran projeye bir tepki daha: CHP\u2019den Alanya \u00e7\u0131karmas\u0131 - Av. Deniz Can K\u0131z\u0131l\",\"isPartOf\":{\"@id\":\"https:\/\/denizcankizil.tr\/de\/#website\"},\"datePublished\":\"2025-04-27T07:41:18+00:00\",\"breadcrumb\":{\"@id\":\"http:\/\/denizcankizil.tr\/ru\/haberler\/gundem\/alanyalilari-ayaga-kaldiran-projeye-bir-tepki-daha-chpden-alanya-cikarmasi\/#breadcrumb\"},\"inLanguage\":\"ru-RU\",\"potentialAction\":[{\"@type\":\"ReadAction\",\"target\":[\"http:\/\/denizcankizil.tr\/ru\/haberler\/gundem\/alanyalilari-ayaga-kaldiran-projeye-bir-tepki-daha-chpden-alanya-cikarmasi\/\"]}]},{\"@type\":\"BreadcrumbList\",\"@id\":\"http:\/\/denizcankizil.tr\/ru\/haberler\/gundem\/alanyalilari-ayaga-kaldiran-projeye-bir-tepki-daha-chpden-alanya-cikarmasi\/#breadcrumb\",\"itemListElement\":[{\"@type\":\"ListItem\",\"position\":1,\"name\":\"Home\",\"item\":\"https:\/\/denizcankizil.tr\/de\/\"},{\"@type\":\"ListItem\",\"position\":2,\"name\":\"Alanyal\u0131lar\u0131 aya\u011fa kald\u0131ran projeye bir tepki daha: CHP\u2019den Alanya \u00e7\u0131karmas\u0131\"}]},{\"@type\":\"WebSite\",\"@id\":\"https:\/\/denizcankizil.tr\/de\/#website\",\"url\":\"https:\/\/denizcankizil.tr\/de\/\",\"name\":\"Av. Deniz Can K\u0131z\u0131l\",\"description\":\"Avukat Deniz Can K\u0131z\u0131l Antalya Barosu\",\"publisher\":{\"@id\":\"https:\/\/denizcankizil.tr\/de\/#organization\"},\"potentialAction\":[{\"@type\":\"SearchAction\",\"target\":{\"@type\":\"EntryPoint\",\"urlTemplate\":\"https:\/\/denizcankizil.tr\/de\/?s={search_term_string}\"},\"query-input\":{\"@type\":\"PropertyValueSpecification\",\"valueRequired\":true,\"valueName\":\"search_term_string\"}}],\"inLanguage\":\"ru-RU\"},{\"@type\":\"Organization\",\"@id\":\"https:\/\/denizcankizil.tr\/de\/#organization\",\"name\":\"Av. Deniz Can K\u0131z\u0131l\",\"url\":\"https:\/\/denizcankizil.tr\/de\/\",\"logo\":{\"@type\":\"ImageObject\",\"inLanguage\":\"ru-RU\",\"@id\":\"https:\/\/denizcankizil.tr\/de\/#\/schema\/logo\/image\/\",\"url\":\"http:\/\/denizcankizil.tr\/wp-content\/uploads\/2024\/10\/siyah-logo-svg.svg\",\"contentUrl\":\"http:\/\/denizcankizil.tr\/wp-content\/uploads\/2024\/10\/siyah-logo-svg.svg\",\"width\":1080,\"height\":1080,\"caption\":\"Av. Deniz Can K\u0131z\u0131l\"},\"image\":{\"@id\":\"https:\/\/denizcankizil.tr\/de\/#\/schema\/logo\/image\/\"}},{\"@type\":\"Person\",\"@id\":\"https:\/\/denizcankizil.tr\/de\/#\/schema\/person\/e1eb71bb4dd684d46563f0af307e1234\",\"name\":\"Antalya K\u00f6rfez\",\"image\":{\"@type\":\"ImageObject\",\"inLanguage\":\"ru-RU\",\"@id\":\"https:\/\/denizcankizil.tr\/de\/#\/schema\/person\/image\/\",\"url\":\"https:\/\/secure.gravatar.com\/avatar\/42b01982558a48a0b501fdcab6a408d3717ea5919095ee2e67b0e521799c5905?s=96&d=mm&r=g\",\"contentUrl\":\"https:\/\/secure.gravatar.com\/avatar\/42b01982558a48a0b501fdcab6a408d3717ea5919095ee2e67b0e521799c5905?s=96&d=mm&r=g\",\"caption\":\"Antalya K\u00f6rfez\"},\"sameAs\":[\"http:\/\/www.antalyakorfez.com\"],\"url\":\"https:\/\/www.antalyakorfez.com\/alanyalilari-ayaga-kaldiran-projeye-bir-tepki-daha-chpden-alanya-cikarmasi\"}]}<\/script>\n<!-- \/ Yoast SEO Premium plugin. -->","yoast_head_json":{"title":"Alanyal\u0131lar\u0131 aya\u011fa kald\u0131ran projeye bir tepki daha: CHP\u2019den Alanya \u00e7\u0131karmas\u0131 - Av. Deniz Can K\u0131z\u0131l","robots":{"index":"index","follow":"follow","max-snippet":"max-snippet:-1","max-image-preview":"max-image-preview:large","max-video-preview":"max-video-preview:-1"},"canonical":"http:\/\/denizcankizil.tr\/ru\/haberler\/gundem\/alanyalilari-ayaga-kaldiran-projeye-bir-tepki-daha-chpden-alanya-cikarmasi\/","og_locale":"ru_RU","og_type":"article","og_title":"Alanyal\u0131lar\u0131 aya\u011fa kald\u0131ran projeye bir tepki daha: CHP\u2019den Alanya \u00e7\u0131karmas\u0131","og_description":"Antalya\u2019n\u0131n Alanya il\u00e7esinde Ye\u015fil\u00f6z Mahallesinde Aytemiz Akaryak\u0131t Da\u011f\u0131t\u0131m taraf\u0131ndan yap\u0131lmas\u0131 planlanan yana\u015fma Dolfeni Tesisi Kapasite Art\u0131\u015f\u0131 Projesi b\u00fcy\u00fck tepki \u00e7ekmi\u015fti. Gemi yana\u015fma kapasitesinin 60 bin DWT\u2019den 160 bin DWT\u2019ye y\u00fckseltilece\u011fi projeye \u00c7ED olumlu karar\u0131 verildi. Proje hafta sonu projenin hayata ge\u00e7irilmek istenilen sahilde d\u00fczenlenen geni\u015f kat\u0131l\u0131ml\u0131 toplant\u0131 ile bir kez daha protesto edildi. \u00c7ED S\u00dcREC\u0130NE G\u0130R\u0130LD\u0130 Aytemiz Akaryak\u0131t Da\u011f\u0131t\u0131m A.\u015e., Alanya\u2019n\u0131n Ye\u015fil\u00f6z Mahallesi\u2019nde akaryak\u0131t ve LPG depolama alan\u0131 ile deniz yoluyla akaryak\u0131t ta\u015f\u0131mac\u0131l\u0131\u011f\u0131na y\u00f6nelik bir tesis kurmak i\u00e7in 2011 y\u0131l\u0131nda ba\u015fvuru yapt\u0131. Antalya \u00c7evre, \u015eehircilik ve \u0130klim De\u011fi\u015fikli\u011fi \u0130l M\u00fcd\u00fcrl\u00fc\u011f\u00fc, ayn\u0131 y\u0131l \u201c\u00c7ED Gerekli De\u011fildir\u201d belgesi vererek projenin ba\u015flat\u0131lmas\u0131na onay verdi. Ancak tesisin kapasite art\u0131\u015f\u0131 ihtiyac\u0131 do\u011funca 2013 y\u0131l\u0131nda yeni bir proje tan\u0131t\u0131m dosyas\u0131 haz\u0131rlanarak tekrar \u00c7ED s\u00fcrecine girildi. BAKANLIKTAN \u00d6NER\u0130 Yetkili kurumlarca yap\u0131lan incelemeler sonucunda 20 A\u011fustos 2013 tarihinde ikinci kez \u201c\u00c7ED Gerekli De\u011fildir\u201d karar\u0131 al\u0131nd\u0131. \u0130lk planlamada akaryak\u0131t\u0131n \u015famand\u0131ra hatt\u0131 ile ta\u015f\u0131nmas\u0131 \u00f6ng\u00f6r\u00fcl\u00fcyordu. Ancak Ula\u015ft\u0131rma, Denizcilik ve Haberle\u015fme Bakanl\u0131\u011f\u0131, \u00fclke genelinde akaryak\u0131t ve LPG ta\u015f\u0131mac\u0131l\u0131\u011f\u0131n\u0131n deniz dibi boru hatlar\u0131 ile yap\u0131lmas\u0131n\u0131 \u00f6nerdi. Bu do\u011frultuda proje revize edilerek Gemi Yana\u015fma Dolfeni sistemi benimsendi. 2014 y\u0131l\u0131nda yap\u0131lan \u00c7ED ba\u015fvurusu sonucunda, Bakanl\u0131k 18 Eyl\u00fcl 2014 tarihinde \u201c\u00c7ED Olumlu\u201d karar\u0131 verdi. 3 KATA YAKIN ARTI\u015e Kapasite art\u0131\u015f\u0131 sonras\u0131 Yana\u015fma Dolfeninin toplam 324,4 &hellip;","og_url":"http:\/\/denizcankizil.tr\/ru\/haberler\/gundem\/alanyalilari-ayaga-kaldiran-projeye-bir-tepki-daha-chpden-alanya-cikarmasi\/","og_site_name":"Av. Deniz Can K\u0131z\u0131l","article_published_time":"2025-04-27T07:41:18+00:00","author":"Antalya K\u00f6rfez","twitter_card":"summary_large_image","twitter_misc":{"\u041d\u0430\u043f\u0438\u0441\u0430\u043d\u043e \u0430\u0432\u0442\u043e\u0440\u043e\u043c":"Antalya K\u00f6rfez","\u041f\u0440\u0438\u043c\u0435\u0440\u043d\u043e\u0435 \u0432\u0440\u0435\u043c\u044f \u0434\u043b\u044f \u0447\u0442\u0435\u043d\u0438\u044f":"4 \u043c\u0438\u043d\u0443\u0442\u044b"},"schema":{"@context":"https:\/\/schema.org","@graph":[{"@type":"Article","@id":"http:\/\/denizcankizil.tr\/ru\/haberler\/gundem\/alanyalilari-ayaga-kaldiran-projeye-bir-tepki-daha-chpden-alanya-cikarmasi\/#article","isPartOf":{"@id":"http:\/\/denizcankizil.tr\/ru\/haberler\/gundem\/alanyalilari-ayaga-kaldiran-projeye-bir-tepki-daha-chpden-alanya-cikarmasi\/"},"author":{"name":"Antalya K\u00f6rfez","@id":"https:\/\/denizcankizil.tr\/de\/#\/schema\/person\/e1eb71bb4dd684d46563f0af307e1234"},"headline":"Alanyal\u0131lar\u0131 aya\u011fa kald\u0131ran projeye bir tepki daha: CHP\u2019den Alanya \u00e7\u0131karmas\u0131","datePublished":"2025-04-27T07:41:18+00:00","mainEntityOfPage":{"@id":"http:\/\/denizcankizil.tr\/ru\/haberler\/gundem\/alanyalilari-ayaga-kaldiran-projeye-bir-tepki-daha-chpden-alanya-cikarmasi\/"},"wordCount":760,"publisher":{"@id":"https:\/\/denizcankizil.tr\/de\/#organization"},"articleSection":["G\u00fcndem"],"inLanguage":"ru-RU"},{"@type":"WebPage","@id":"http:\/\/denizcankizil.tr\/ru\/haberler\/gundem\/alanyalilari-ayaga-kaldiran-projeye-bir-tepki-daha-chpden-alanya-cikarmasi\/","url":"http:\/\/denizcankizil.tr\/ru\/haberler\/gundem\/alanyalilari-ayaga-kaldiran-projeye-bir-tepki-daha-chpden-alanya-cikarmasi\/","name":"Alanyal\u0131lar\u0131 aya\u011fa kald\u0131ran projeye bir tepki daha: CHP\u2019den Alanya \u00e7\u0131karmas\u0131 - Av. Deniz Can K\u0131z\u0131l","isPartOf":{"@id":"https:\/\/denizcankizil.tr\/de\/#website"},"datePublished":"2025-04-27T07:41:18+00:00","breadcrumb":{"@id":"http:\/\/denizcankizil.tr\/ru\/haberler\/gundem\/alanyalilari-ayaga-kaldiran-projeye-bir-tepki-daha-chpden-alanya-cikarmasi\/#breadcrumb"},"inLanguage":"ru-RU","potentialAction":[{"@type":"ReadAction","target":["http:\/\/denizcankizil.tr\/ru\/haberler\/gundem\/alanyalilari-ayaga-kaldiran-projeye-bir-tepki-daha-chpden-alanya-cikarmasi\/"]}]},{"@type":"BreadcrumbList","@id":"http:\/\/denizcankizil.tr\/ru\/haberler\/gundem\/alanyalilari-ayaga-kaldiran-projeye-bir-tepki-daha-chpden-alanya-cikarmasi\/#breadcrumb","itemListElement":[{"@type":"ListItem","position":1,"name":"Home","item":"https:\/\/denizcankizil.tr\/de\/"},{"@type":"ListItem","position":2,"name":"Alanyal\u0131lar\u0131 aya\u011fa kald\u0131ran projeye bir tepki daha: CHP\u2019den Alanya \u00e7\u0131karmas\u0131"}]},{"@type":"WebSite","@id":"https:\/\/denizcankizil.tr\/de\/#website","url":"https:\/\/denizcankizil.tr\/de\/","name":"Av. Deniz Can K\u0131z\u0131l","description":"Avukat Deniz Can K\u0131z\u0131l Antalya Barosu","publisher":{"@id":"https:\/\/denizcankizil.tr\/de\/#organization"},"potentialAction":[{"@type":"SearchAction","target":{"@type":"EntryPoint","urlTemplate":"https:\/\/denizcankizil.tr\/de\/?s={search_term_string}"},"query-input":{"@type":"PropertyValueSpecification","valueRequired":true,"valueName":"search_term_string"}}],"inLanguage":"ru-RU"},{"@type":"Organization","@id":"https:\/\/denizcankizil.tr\/de\/#organization","name":"Av. Deniz Can K\u0131z\u0131l","url":"https:\/\/denizcankizil.tr\/de\/","logo":{"@type":"ImageObject","inLanguage":"ru-RU","@id":"https:\/\/denizcankizil.tr\/de\/#\/schema\/logo\/image\/","url":"http:\/\/denizcankizil.tr\/wp-content\/uploads\/2024\/10\/siyah-logo-svg.svg","contentUrl":"http:\/\/denizcankizil.tr\/wp-content\/uploads\/2024\/10\/siyah-logo-svg.svg","width":1080,"height":1080,"caption":"Av. Deniz Can K\u0131z\u0131l"},"image":{"@id":"https:\/\/denizcankizil.tr\/de\/#\/schema\/logo\/image\/"}},{"@type":"Person","@id":"https:\/\/denizcankizil.tr\/de\/#\/schema\/person\/e1eb71bb4dd684d46563f0af307e1234","name":"Antalya K\u00f6rfez","image":{"@type":"ImageObject","inLanguage":"ru-RU","@id":"https:\/\/denizcankizil.tr\/de\/#\/schema\/person\/image\/","url":"https:\/\/secure.gravatar.com\/avatar\/42b01982558a48a0b501fdcab6a408d3717ea5919095ee2e67b0e521799c5905?s=96&d=mm&r=g","contentUrl":"https:\/\/secure.gravatar.com\/avatar\/42b01982558a48a0b501fdcab6a408d3717ea5919095ee2e67b0e521799c5905?s=96&d=mm&r=g","caption":"Antalya K\u00f6rfez"},"sameAs":["http:\/\/www.antalyakorfez.com"],"url":"https:\/\/www.antalyakorfez.com\/alanyalilari-ayaga-kaldiran-projeye-bir-tepki-daha-chpden-alanya-cikarmasi"}]}},"_links":{"self":[{"href":"http:\/\/denizcankizil.tr\/ru\/wp-json\/wp\/v2\/posts\/67991","targetHints":{"allow":["GET"]}}],"collection":[{"href":"http:\/\/denizcankizil.tr\/ru\/wp-json\/wp\/v2\/posts"}],"about":[{"href":"http:\/\/denizcankizil.tr\/ru\/wp-json\/wp\/v2\/types\/post"}],"author":[{"embeddable":true,"href":"http:\/\/denizcankizil.tr\/ru\/wp-json\/wp\/v2\/users\/5"}],"replies":[{"embeddable":true,"href":"http:\/\/denizcankizil.tr\/ru\/wp-json\/wp\/v2\/comments?post=67991"}],"version-history":[{"count":0,"href":"http:\/\/denizcankizil.tr\/ru\/wp-json\/wp\/v2\/posts\/67991\/revisions"}],"wp:attachment":[{"href":"http:\/\/denizcankizil.tr\/ru\/wp-json\/wp\/v2\/media?parent=67991"}],"wp:term":[{"taxonomy":"category","embeddable":true,"href":"http:\/\/denizcankizil.tr\/ru\/wp-json\/wp\/v2\/categories?post=67991"},{"taxonomy":"post_tag","embeddable":true,"href":"http:\/\/denizcankizil.tr\/ru\/wp-json\/wp\/v2\/tags?post=67991"}],"curies":[{"name":"wp","href":"https:\/\/api.w.org\/{rel}","templated":true}]}}