{"id":6465,"date":"2024-10-22T08:42:20","date_gmt":"2024-10-22T05:42:20","guid":{"rendered":"https:\/\/denizcankizil.tr\/uncategorized-tr\/edremit-belediyesinde-coskun-taskin-baskan-yardimcisi-oldu\/"},"modified":"2024-10-22T08:42:20","modified_gmt":"2024-10-22T05:42:20","slug":"edremit-belediyesinde-coskun-taskin-baskan-yardimcisi-oldu","status":"publish","type":"post","link":"http:\/\/denizcankizil.tr\/ru\/haberler\/gundem\/edremit-belediyesinde-coskun-taskin-baskan-yardimcisi-oldu\/","title":{"rendered":"Edremit Belediyesi\u2019nde Co\u015fkun Ta\u015fk\u0131n Ba\u015fkan Yard\u0131mc\u0131s\u0131 oldu"},"content":{"rendered":"<p>Edremit Belediye Ba\u015fkan\u0131 Mehmet Erta\u015f, CHP\u2019li Belediye meclis \u00dcyesi Co\u015fkun Ta\u015fk\u0131n\u2019\u0131 Belediye Ba\u015fkan Yard\u0131mc\u0131s\u0131 olarak g\u00f6revlendirdi.<\/p>\n<p>\u200bEdremit Belediye Ba\u015fkan\u0131 Mehmet Erta\u015f, CHP\u2019li Belediye meclis \u00dcyesi Co\u015fkun Ta\u015fk\u0131n\u2019\u0131 Belediye Ba\u015fkan Yard\u0131mc\u0131s\u0131 olarak g\u00f6revlendirdi.\u00a0<\/p>\n<p>\u200bHaberin Al\u0131nt\u0131land\u0131\u011f\u0131 Kaynak: www.iskenderun.org<\/p>","protected":false},"excerpt":{"rendered":"<p>Edremit Belediye Ba\u015fkan\u0131 Mehmet Erta\u015f, CHP\u2019li Belediye meclis \u00dcyesi Co\u015fkun Ta\u015fk\u0131n\u2019\u0131 Belediye Ba\u015fkan Yard\u0131mc\u0131s\u0131 olarak g\u00f6revlendirdi. \u200bEdremit Belediye Ba\u015fkan\u0131 Mehmet Erta\u015f, CHP\u2019li Belediye meclis \u00dcyesi Co\u015fkun Ta\u015fk\u0131n\u2019\u0131 Belediye Ba\u015fkan Yard\u0131mc\u0131s\u0131 olarak g\u00f6revlendirdi.\u00a0 \u200bHaberin Al\u0131nt\u0131land\u0131\u011f\u0131 Kaynak: www.iskenderun.org<\/p>","protected":false},"author":0,"featured_media":0,"comment_status":"open","ping_status":"open","sticky":false,"template":"","format":"standard","meta":{"_acf_changed":false,"footnotes":""},"categories":[24,535],"tags":[],"class_list":["post-6465","post","type-post","status-publish","format-standard","has-post-thumbnail","hentry","category-gundem","category-uncategorized-tr"],"acf":[],"yoast_head":"<!-- This site is optimized with the Yoast SEO Premium plugin v26.6 (Yoast SEO v27.1.1) - https:\/\/yoast.com\/product\/yoast-seo-premium-wordpress\/ -->\n<title>Edremit Belediyesi\u2019nde Co\u015fkun Ta\u015fk\u0131n Ba\u015fkan Yard\u0131mc\u0131s\u0131 oldu - Av. Deniz Can K\u0131z\u0131l<\/title>\n<meta name=\"robots\" content=\"index, follow, max-snippet:-1, max-image-preview:large, max-video-preview:-1\" \/>\n<link rel=\"canonical\" href=\"http:\/\/denizcankizil.tr\/ru\/haberler\/gundem\/edremit-belediyesinde-coskun-taskin-baskan-yardimcisi-oldu\/\" \/>\n<meta property=\"og:locale\" content=\"ru_RU\" \/>\n<meta property=\"og:type\" content=\"article\" \/>\n<meta property=\"og:title\" content=\"Edremit Belediyesi\u2019nde Co\u015fkun Ta\u015fk\u0131n Ba\u015fkan Yard\u0131mc\u0131s\u0131 oldu\" \/>\n<meta property=\"og:description\" content=\"Edremit Belediye Ba\u015fkan\u0131 Mehmet Erta\u015f, CHP\u2019li Belediye meclis \u00dcyesi Co\u015fkun Ta\u015fk\u0131n\u2019\u0131 Belediye Ba\u015fkan Yard\u0131mc\u0131s\u0131 olarak g\u00f6revlendirdi. \u200bEdremit Belediye Ba\u015fkan\u0131 Mehmet Erta\u015f, CHP\u2019li Belediye meclis \u00dcyesi Co\u015fkun Ta\u015fk\u0131n\u2019\u0131 Belediye Ba\u015fkan Yard\u0131mc\u0131s\u0131 olarak g\u00f6revlendirdi.\u00a0 \u200bHaberin Al\u0131nt\u0131land\u0131\u011f\u0131 Kaynak: www.iskenderun.org\" \/>\n<meta property=\"og:url\" content=\"http:\/\/denizcankizil.tr\/ru\/haberler\/gundem\/edremit-belediyesinde-coskun-taskin-baskan-yardimcisi-oldu\/\" \/>\n<meta property=\"og:site_name\" content=\"Av. Deniz Can K\u0131z\u0131l\" \/>\n<meta property=\"article:published_time\" content=\"2024-10-22T05:42:20+00:00\" \/>\n<meta name=\"twitter:card\" content=\"summary_large_image\" \/>\n<script type=\"application\/ld+json\" class=\"yoast-schema-graph\">{\"@context\":\"https:\/\/schema.org\",\"@graph\":[{\"@type\":\"Article\",\"@id\":\"http:\/\/denizcankizil.tr\/ru\/haberler\/gundem\/edremit-belediyesinde-coskun-taskin-baskan-yardimcisi-oldu\/#article\",\"isPartOf\":{\"@id\":\"http:\/\/denizcankizil.tr\/ru\/haberler\/gundem\/edremit-belediyesinde-coskun-taskin-baskan-yardimcisi-oldu\/\"},\"author\":{\"name\":\"\",\"@id\":\"\"},\"headline\":\"Edremit Belediyesi\u2019nde Co\u015fkun Ta\u015fk\u0131n Ba\u015fkan Yard\u0131mc\u0131s\u0131 oldu\",\"datePublished\":\"2024-10-22T05:42:20+00:00\",\"mainEntityOfPage\":{\"@id\":\"http:\/\/denizcankizil.tr\/ru\/haberler\/gundem\/edremit-belediyesinde-coskun-taskin-baskan-yardimcisi-oldu\/\"},\"wordCount\":72,\"commentCount\":0,\"publisher\":{\"@id\":\"https:\/\/denizcankizil.tr\/#organization\"},\"articleSection\":[\"G\u00fcndem\",\"Uncategorized\"],\"inLanguage\":\"ru-RU\",\"potentialAction\":[{\"@type\":\"CommentAction\",\"name\":\"Comment\",\"target\":[\"http:\/\/denizcankizil.tr\/ru\/haberler\/gundem\/edremit-belediyesinde-coskun-taskin-baskan-yardimcisi-oldu\/#respond\"]}]},{\"@type\":\"WebPage\",\"@id\":\"http:\/\/denizcankizil.tr\/ru\/haberler\/gundem\/edremit-belediyesinde-coskun-taskin-baskan-yardimcisi-oldu\/\",\"url\":\"http:\/\/denizcankizil.tr\/ru\/haberler\/gundem\/edremit-belediyesinde-coskun-taskin-baskan-yardimcisi-oldu\/\",\"name\":\"Edremit Belediyesi\u2019nde Co\u015fkun Ta\u015fk\u0131n Ba\u015fkan Yard\u0131mc\u0131s\u0131 oldu - Av. Deniz Can K\u0131z\u0131l\",\"isPartOf\":{\"@id\":\"https:\/\/denizcankizil.tr\/#website\"},\"datePublished\":\"2024-10-22T05:42:20+00:00\",\"breadcrumb\":{\"@id\":\"http:\/\/denizcankizil.tr\/ru\/haberler\/gundem\/edremit-belediyesinde-coskun-taskin-baskan-yardimcisi-oldu\/#breadcrumb\"},\"inLanguage\":\"ru-RU\",\"potentialAction\":[{\"@type\":\"ReadAction\",\"target\":[\"http:\/\/denizcankizil.tr\/ru\/haberler\/gundem\/edremit-belediyesinde-coskun-taskin-baskan-yardimcisi-oldu\/\"]}]},{\"@type\":\"BreadcrumbList\",\"@id\":\"http:\/\/denizcankizil.tr\/ru\/haberler\/gundem\/edremit-belediyesinde-coskun-taskin-baskan-yardimcisi-oldu\/#breadcrumb\",\"itemListElement\":[{\"@type\":\"ListItem\",\"position\":1,\"name\":\"Home\",\"item\":\"https:\/\/denizcankizil.tr\/uk\/\"},{\"@type\":\"ListItem\",\"position\":2,\"name\":\"Edremit Belediyesi\u2019nde Co\u015fkun Ta\u015fk\u0131n Ba\u015fkan Yard\u0131mc\u0131s\u0131 oldu\"}]},{\"@type\":\"WebSite\",\"@id\":\"https:\/\/denizcankizil.tr\/#website\",\"url\":\"https:\/\/denizcankizil.tr\/\",\"name\":\"Av. Deniz Can K\u0131z\u0131l\",\"description\":\"Avukat Deniz Can K\u0131z\u0131l Antalya Barosu\",\"publisher\":{\"@id\":\"https:\/\/denizcankizil.tr\/#organization\"},\"potentialAction\":[{\"@type\":\"SearchAction\",\"target\":{\"@type\":\"EntryPoint\",\"urlTemplate\":\"https:\/\/denizcankizil.tr\/?s={search_term_string}\"},\"query-input\":{\"@type\":\"PropertyValueSpecification\",\"valueRequired\":true,\"valueName\":\"search_term_string\"}}],\"inLanguage\":\"ru-RU\"},{\"@type\":\"Organization\",\"@id\":\"https:\/\/denizcankizil.tr\/#organization\",\"name\":\"Av. Deniz Can K\u0131z\u0131l\",\"url\":\"https:\/\/denizcankizil.tr\/\",\"logo\":{\"@type\":\"ImageObject\",\"inLanguage\":\"ru-RU\",\"@id\":\"https:\/\/denizcankizil.tr\/#\/schema\/logo\/image\/\",\"url\":\"http:\/\/denizcankizil.tr\/wp-content\/uploads\/2024\/10\/siyah-logo-svg.svg\",\"contentUrl\":\"http:\/\/denizcankizil.tr\/wp-content\/uploads\/2024\/10\/siyah-logo-svg.svg\",\"width\":1080,\"height\":1080,\"caption\":\"Av. Deniz Can K\u0131z\u0131l\"},\"image\":{\"@id\":\"https:\/\/denizcankizil.tr\/#\/schema\/logo\/image\/\"}}]}<\/script>\n<!-- \/ Yoast SEO Premium plugin. -->","yoast_head_json":{"title":"Edremit Belediyesi\u2019nde Co\u015fkun Ta\u015fk\u0131n Ba\u015fkan Yard\u0131mc\u0131s\u0131 oldu - Av. Deniz Can K\u0131z\u0131l","robots":{"index":"index","follow":"follow","max-snippet":"max-snippet:-1","max-image-preview":"max-image-preview:large","max-video-preview":"max-video-preview:-1"},"canonical":"http:\/\/denizcankizil.tr\/ru\/haberler\/gundem\/edremit-belediyesinde-coskun-taskin-baskan-yardimcisi-oldu\/","og_locale":"ru_RU","og_type":"article","og_title":"Edremit Belediyesi\u2019nde Co\u015fkun Ta\u015fk\u0131n Ba\u015fkan Yard\u0131mc\u0131s\u0131 oldu","og_description":"Edremit Belediye Ba\u015fkan\u0131 Mehmet Erta\u015f, CHP\u2019li Belediye meclis \u00dcyesi Co\u015fkun Ta\u015fk\u0131n\u2019\u0131 Belediye Ba\u015fkan Yard\u0131mc\u0131s\u0131 olarak g\u00f6revlendirdi. \u200bEdremit Belediye Ba\u015fkan\u0131 Mehmet Erta\u015f, CHP\u2019li Belediye meclis \u00dcyesi Co\u015fkun Ta\u015fk\u0131n\u2019\u0131 Belediye Ba\u015fkan Yard\u0131mc\u0131s\u0131 olarak g\u00f6revlendirdi.\u00a0 \u200bHaberin Al\u0131nt\u0131land\u0131\u011f\u0131 Kaynak: www.iskenderun.org","og_url":"http:\/\/denizcankizil.tr\/ru\/haberler\/gundem\/edremit-belediyesinde-coskun-taskin-baskan-yardimcisi-oldu\/","og_site_name":"Av. Deniz Can K\u0131z\u0131l","article_published_time":"2024-10-22T05:42:20+00:00","twitter_card":"summary_large_image","schema":{"@context":"https:\/\/schema.org","@graph":[{"@type":"Article","@id":"http:\/\/denizcankizil.tr\/ru\/haberler\/gundem\/edremit-belediyesinde-coskun-taskin-baskan-yardimcisi-oldu\/#article","isPartOf":{"@id":"http:\/\/denizcankizil.tr\/ru\/haberler\/gundem\/edremit-belediyesinde-coskun-taskin-baskan-yardimcisi-oldu\/"},"author":{"name":"","@id":""},"headline":"Edremit Belediyesi\u2019nde Co\u015fkun Ta\u015fk\u0131n Ba\u015fkan Yard\u0131mc\u0131s\u0131 oldu","datePublished":"2024-10-22T05:42:20+00:00","mainEntityOfPage":{"@id":"http:\/\/denizcankizil.tr\/ru\/haberler\/gundem\/edremit-belediyesinde-coskun-taskin-baskan-yardimcisi-oldu\/"},"wordCount":72,"commentCount":0,"publisher":{"@id":"https:\/\/denizcankizil.tr\/#organization"},"articleSection":["G\u00fcndem","Uncategorized"],"inLanguage":"ru-RU","potentialAction":[{"@type":"CommentAction","name":"Comment","target":["http:\/\/denizcankizil.tr\/ru\/haberler\/gundem\/edremit-belediyesinde-coskun-taskin-baskan-yardimcisi-oldu\/#respond"]}]},{"@type":"WebPage","@id":"http:\/\/denizcankizil.tr\/ru\/haberler\/gundem\/edremit-belediyesinde-coskun-taskin-baskan-yardimcisi-oldu\/","url":"http:\/\/denizcankizil.tr\/ru\/haberler\/gundem\/edremit-belediyesinde-coskun-taskin-baskan-yardimcisi-oldu\/","name":"Edremit Belediyesi\u2019nde Co\u015fkun Ta\u015fk\u0131n Ba\u015fkan Yard\u0131mc\u0131s\u0131 oldu - Av. Deniz Can K\u0131z\u0131l","isPartOf":{"@id":"https:\/\/denizcankizil.tr\/#website"},"datePublished":"2024-10-22T05:42:20+00:00","breadcrumb":{"@id":"http:\/\/denizcankizil.tr\/ru\/haberler\/gundem\/edremit-belediyesinde-coskun-taskin-baskan-yardimcisi-oldu\/#breadcrumb"},"inLanguage":"ru-RU","potentialAction":[{"@type":"ReadAction","target":["http:\/\/denizcankizil.tr\/ru\/haberler\/gundem\/edremit-belediyesinde-coskun-taskin-baskan-yardimcisi-oldu\/"]}]},{"@type":"BreadcrumbList","@id":"http:\/\/denizcankizil.tr\/ru\/haberler\/gundem\/edremit-belediyesinde-coskun-taskin-baskan-yardimcisi-oldu\/#breadcrumb","itemListElement":[{"@type":"ListItem","position":1,"name":"Home","item":"https:\/\/denizcankizil.tr\/uk\/"},{"@type":"ListItem","position":2,"name":"Edremit Belediyesi\u2019nde Co\u015fkun Ta\u015fk\u0131n Ba\u015fkan Yard\u0131mc\u0131s\u0131 oldu"}]},{"@type":"WebSite","@id":"https:\/\/denizcankizil.tr\/#website","url":"https:\/\/denizcankizil.tr\/","name":"Av. Deniz Can K\u0131z\u0131l","description":"Avukat Deniz Can K\u0131z\u0131l Antalya Barosu","publisher":{"@id":"https:\/\/denizcankizil.tr\/#organization"},"potentialAction":[{"@type":"SearchAction","target":{"@type":"EntryPoint","urlTemplate":"https:\/\/denizcankizil.tr\/?s={search_term_string}"},"query-input":{"@type":"PropertyValueSpecification","valueRequired":true,"valueName":"search_term_string"}}],"inLanguage":"ru-RU"},{"@type":"Organization","@id":"https:\/\/denizcankizil.tr\/#organization","name":"Av. Deniz Can K\u0131z\u0131l","url":"https:\/\/denizcankizil.tr\/","logo":{"@type":"ImageObject","inLanguage":"ru-RU","@id":"https:\/\/denizcankizil.tr\/#\/schema\/logo\/image\/","url":"http:\/\/denizcankizil.tr\/wp-content\/uploads\/2024\/10\/siyah-logo-svg.svg","contentUrl":"http:\/\/denizcankizil.tr\/wp-content\/uploads\/2024\/10\/siyah-logo-svg.svg","width":1080,"height":1080,"caption":"Av. Deniz Can K\u0131z\u0131l"},"image":{"@id":"https:\/\/denizcankizil.tr\/#\/schema\/logo\/image\/"}}]}},"_links":{"self":[{"href":"http:\/\/denizcankizil.tr\/ru\/wp-json\/wp\/v2\/posts\/6465","targetHints":{"allow":["GET"]}}],"collection":[{"href":"http:\/\/denizcankizil.tr\/ru\/wp-json\/wp\/v2\/posts"}],"about":[{"href":"http:\/\/denizcankizil.tr\/ru\/wp-json\/wp\/v2\/types\/post"}],"replies":[{"embeddable":true,"href":"http:\/\/denizcankizil.tr\/ru\/wp-json\/wp\/v2\/comments?post=6465"}],"version-history":[{"count":0,"href":"http:\/\/denizcankizil.tr\/ru\/wp-json\/wp\/v2\/posts\/6465\/revisions"}],"wp:attachment":[{"href":"http:\/\/denizcankizil.tr\/ru\/wp-json\/wp\/v2\/media?parent=6465"}],"wp:term":[{"taxonomy":"category","embeddable":true,"href":"http:\/\/denizcankizil.tr\/ru\/wp-json\/wp\/v2\/categories?post=6465"},{"taxonomy":"post_tag","embeddable":true,"href":"http:\/\/denizcankizil.tr\/ru\/wp-json\/wp\/v2\/tags?post=6465"}],"curies":[{"name":"wp","href":"https:\/\/api.w.org\/{rel}","templated":true}]}}