{"id":6211,"date":"2024-10-21T21:42:51","date_gmt":"2024-10-21T18:42:51","guid":{"rendered":"https:\/\/denizcankizil.tr\/uncategorized-tr\/sevenleri-yalniz-birakmadi\/"},"modified":"2024-10-21T21:42:51","modified_gmt":"2024-10-21T18:42:51","slug":"sevenleri-yalniz-birakmadi","status":"publish","type":"post","link":"http:\/\/denizcankizil.tr\/ru\/haberler\/gundem\/sevenleri-yalniz-birakmadi\/","title":{"rendered":"Sevenleri Yaln\u0131z B\u0131rakmad\u0131"},"content":{"rendered":"<p>Dodi E\u011fitim kurumlar\u0131n\u0131n sahibi G\u00fclser Yi\u011fit ile Psikiyatri uzman\u0131 Doktor Suat Yi\u011fit\u2019in yak\u0131\u015f\u0131kl\u0131 o\u011flu Gemi Kaptan\u0131 Do\u011fukan Yi\u011fit, Ira\u0131da ve Vlad\u0131m\u0131r Ananev\u0131\u2019nin g\u00fczel k\u0131zlar\u0131 kalp damar cerrahi uzman\u0131 Mar\u0131a ile unutulmaz bir gecede d\u00fcnya evine girdiler.<\/p>\n<p>Besime Mare&#8217;de ger\u00e7ekle\u015ftirilen d\u00fc\u011f\u00fcn t\u00f6reninde gen\u00e7 \u00e7iftin mutlulu\u011funa aileleri ve yak\u0131n dostlar\u0131 e\u015flik etti. Canl\u0131 m\u00fczik e\u015fli\u011finde Gelin ve damat, d\u00fc\u011f\u00fcn boyunca sahneden inmeyerek misafirleriyle birlikte bu \u00f6zel an\u0131n tad\u0131n\u0131 \u00e7\u0131kard\u0131lar. T\u00f6ren, ne\u015feli anlar ve unutulmaz hat\u0131ralarla dolu dolu ge\u00e7ti.<\/p>\n<p>\u200b\u0130skenderun\u2019un tan\u0131nm\u0131\u015f Yi\u011fit ailesinin yak\u0131\u015f\u0131kl\u0131 o\u011flu Do\u011fukan ile Ananev\u0131 ailesinin g\u00fczel k\u0131zlar\u0131 Mar\u0131a d\u00fczenlenen d\u00fc\u011f\u00fcn t\u00f6reni ile bir \u00f6m\u00fcr boyu mutlulu\u011fa evet dediler.\u00a0<\/p>\n<p>\u200bHaberin Al\u0131nt\u0131land\u0131\u011f\u0131 Kaynak: www.iskenderun.org<\/p>","protected":false},"excerpt":{"rendered":"<p>Dodi E\u011fitim kurumlar\u0131n\u0131n sahibi G\u00fclser Yi\u011fit ile Psikiyatri uzman\u0131 Doktor Suat Yi\u011fit\u2019in yak\u0131\u015f\u0131kl\u0131 o\u011flu Gemi Kaptan\u0131 Do\u011fukan Yi\u011fit, Ira\u0131da ve Vlad\u0131m\u0131r Ananev\u0131\u2019nin g\u00fczel k\u0131zlar\u0131 kalp damar cerrahi uzman\u0131 Mar\u0131a ile unutulmaz bir gecede d\u00fcnya evine girdiler. Besime Mare&#8217;de ger\u00e7ekle\u015ftirilen d\u00fc\u011f\u00fcn t\u00f6reninde gen\u00e7 \u00e7iftin mutlulu\u011funa aileleri ve yak\u0131n dostlar\u0131 e\u015flik etti. Canl\u0131 m\u00fczik e\u015fli\u011finde Gelin ve damat, d\u00fc\u011f\u00fcn boyunca sahneden inmeyerek misafirleriyle birlikte bu \u00f6zel an\u0131n tad\u0131n\u0131 \u00e7\u0131kard\u0131lar. T\u00f6ren, ne\u015feli anlar ve unutulmaz hat\u0131ralarla dolu dolu ge\u00e7ti. \u200b\u0130skenderun\u2019un tan\u0131nm\u0131\u015f Yi\u011fit ailesinin yak\u0131\u015f\u0131kl\u0131 o\u011flu Do\u011fukan ile Ananev\u0131 ailesinin g\u00fczel k\u0131zlar\u0131 Mar\u0131a d\u00fczenlenen d\u00fc\u011f\u00fcn t\u00f6reni ile bir \u00f6m\u00fcr boyu mutlulu\u011fa evet dediler.\u00a0 \u200bHaberin Al\u0131nt\u0131land\u0131\u011f\u0131 Kaynak: www.iskenderun.org<\/p>","protected":false},"author":0,"featured_media":0,"comment_status":"open","ping_status":"open","sticky":false,"template":"","format":"standard","meta":{"_acf_changed":false,"footnotes":""},"categories":[24,535],"tags":[],"class_list":["post-6211","post","type-post","status-publish","format-standard","has-post-thumbnail","hentry","category-gundem","category-uncategorized-tr"],"acf":[],"yoast_head":"<!-- This site is optimized with the Yoast SEO Premium plugin v26.6 (Yoast SEO v27.1.1) - https:\/\/yoast.com\/product\/yoast-seo-premium-wordpress\/ -->\n<title>Sevenleri Yaln\u0131z B\u0131rakmad\u0131 - Av. Deniz Can K\u0131z\u0131l<\/title>\n<meta name=\"robots\" content=\"index, follow, max-snippet:-1, max-image-preview:large, max-video-preview:-1\" \/>\n<link rel=\"canonical\" href=\"http:\/\/denizcankizil.tr\/ru\/haberler\/gundem\/sevenleri-yalniz-birakmadi\/\" \/>\n<meta property=\"og:locale\" content=\"ru_RU\" \/>\n<meta property=\"og:type\" content=\"article\" \/>\n<meta property=\"og:title\" content=\"Sevenleri Yaln\u0131z B\u0131rakmad\u0131\" \/>\n<meta property=\"og:description\" content=\"Dodi E\u011fitim kurumlar\u0131n\u0131n sahibi G\u00fclser Yi\u011fit ile Psikiyatri uzman\u0131 Doktor Suat Yi\u011fit\u2019in yak\u0131\u015f\u0131kl\u0131 o\u011flu Gemi Kaptan\u0131 Do\u011fukan Yi\u011fit, Ira\u0131da ve Vlad\u0131m\u0131r Ananev\u0131\u2019nin g\u00fczel k\u0131zlar\u0131 kalp damar cerrahi uzman\u0131 Mar\u0131a ile unutulmaz bir gecede d\u00fcnya evine girdiler. Besime Mare&#8217;de ger\u00e7ekle\u015ftirilen d\u00fc\u011f\u00fcn t\u00f6reninde gen\u00e7 \u00e7iftin mutlulu\u011funa aileleri ve yak\u0131n dostlar\u0131 e\u015flik etti. Canl\u0131 m\u00fczik e\u015fli\u011finde Gelin ve damat, d\u00fc\u011f\u00fcn boyunca sahneden inmeyerek misafirleriyle birlikte bu \u00f6zel an\u0131n tad\u0131n\u0131 \u00e7\u0131kard\u0131lar. T\u00f6ren, ne\u015feli anlar ve unutulmaz hat\u0131ralarla dolu dolu ge\u00e7ti. \u200b\u0130skenderun\u2019un tan\u0131nm\u0131\u015f Yi\u011fit ailesinin yak\u0131\u015f\u0131kl\u0131 o\u011flu Do\u011fukan ile Ananev\u0131 ailesinin g\u00fczel k\u0131zlar\u0131 Mar\u0131a d\u00fczenlenen d\u00fc\u011f\u00fcn t\u00f6reni ile bir \u00f6m\u00fcr boyu mutlulu\u011fa evet dediler.\u00a0 \u200bHaberin Al\u0131nt\u0131land\u0131\u011f\u0131 Kaynak: www.iskenderun.org\" \/>\n<meta property=\"og:url\" content=\"http:\/\/denizcankizil.tr\/ru\/haberler\/gundem\/sevenleri-yalniz-birakmadi\/\" \/>\n<meta property=\"og:site_name\" content=\"Av. Deniz Can K\u0131z\u0131l\" \/>\n<meta property=\"article:published_time\" content=\"2024-10-21T18:42:51+00:00\" \/>\n<meta name=\"twitter:card\" content=\"summary_large_image\" \/>\n<meta name=\"twitter:label1\" content=\"\u041f\u0440\u0438\u043c\u0435\u0440\u043d\u043e\u0435 \u0432\u0440\u0435\u043c\u044f \u0434\u043b\u044f \u0447\u0442\u0435\u043d\u0438\u044f\" \/>\n\t<meta name=\"twitter:data1\" content=\"1 \u043c\u0438\u043d\u0443\u0442\u0430\" \/>\n<script type=\"application\/ld+json\" class=\"yoast-schema-graph\">{\"@context\":\"https:\/\/schema.org\",\"@graph\":[{\"@type\":\"Article\",\"@id\":\"http:\/\/denizcankizil.tr\/ru\/haberler\/gundem\/sevenleri-yalniz-birakmadi\/#article\",\"isPartOf\":{\"@id\":\"http:\/\/denizcankizil.tr\/ru\/haberler\/gundem\/sevenleri-yalniz-birakmadi\/\"},\"author\":{\"name\":\"\",\"@id\":\"\"},\"headline\":\"Sevenleri Yaln\u0131z B\u0131rakmad\u0131\",\"datePublished\":\"2024-10-21T18:42:51+00:00\",\"mainEntityOfPage\":{\"@id\":\"http:\/\/denizcankizil.tr\/ru\/haberler\/gundem\/sevenleri-yalniz-birakmadi\/\"},\"wordCount\":164,\"commentCount\":0,\"publisher\":{\"@id\":\"https:\/\/denizcankizil.tr\/de\/#organization\"},\"articleSection\":[\"G\u00fcndem\",\"Uncategorized\"],\"inLanguage\":\"ru-RU\",\"potentialAction\":[{\"@type\":\"CommentAction\",\"name\":\"Comment\",\"target\":[\"http:\/\/denizcankizil.tr\/ru\/haberler\/gundem\/sevenleri-yalniz-birakmadi\/#respond\"]}]},{\"@type\":\"WebPage\",\"@id\":\"http:\/\/denizcankizil.tr\/ru\/haberler\/gundem\/sevenleri-yalniz-birakmadi\/\",\"url\":\"http:\/\/denizcankizil.tr\/ru\/haberler\/gundem\/sevenleri-yalniz-birakmadi\/\",\"name\":\"Sevenleri Yaln\u0131z B\u0131rakmad\u0131 - Av. Deniz Can K\u0131z\u0131l\",\"isPartOf\":{\"@id\":\"https:\/\/denizcankizil.tr\/de\/#website\"},\"datePublished\":\"2024-10-21T18:42:51+00:00\",\"breadcrumb\":{\"@id\":\"http:\/\/denizcankizil.tr\/ru\/haberler\/gundem\/sevenleri-yalniz-birakmadi\/#breadcrumb\"},\"inLanguage\":\"ru-RU\",\"potentialAction\":[{\"@type\":\"ReadAction\",\"target\":[\"http:\/\/denizcankizil.tr\/ru\/haberler\/gundem\/sevenleri-yalniz-birakmadi\/\"]}]},{\"@type\":\"BreadcrumbList\",\"@id\":\"http:\/\/denizcankizil.tr\/ru\/haberler\/gundem\/sevenleri-yalniz-birakmadi\/#breadcrumb\",\"itemListElement\":[{\"@type\":\"ListItem\",\"position\":1,\"name\":\"Home\",\"item\":\"https:\/\/denizcankizil.tr\/de\/\"},{\"@type\":\"ListItem\",\"position\":2,\"name\":\"Sevenleri Yaln\u0131z B\u0131rakmad\u0131\"}]},{\"@type\":\"WebSite\",\"@id\":\"https:\/\/denizcankizil.tr\/de\/#website\",\"url\":\"https:\/\/denizcankizil.tr\/de\/\",\"name\":\"Av. Deniz Can K\u0131z\u0131l\",\"description\":\"Avukat Deniz Can K\u0131z\u0131l Antalya Barosu\",\"publisher\":{\"@id\":\"https:\/\/denizcankizil.tr\/de\/#organization\"},\"potentialAction\":[{\"@type\":\"SearchAction\",\"target\":{\"@type\":\"EntryPoint\",\"urlTemplate\":\"https:\/\/denizcankizil.tr\/de\/?s={search_term_string}\"},\"query-input\":{\"@type\":\"PropertyValueSpecification\",\"valueRequired\":true,\"valueName\":\"search_term_string\"}}],\"inLanguage\":\"ru-RU\"},{\"@type\":\"Organization\",\"@id\":\"https:\/\/denizcankizil.tr\/de\/#organization\",\"name\":\"Av. Deniz Can K\u0131z\u0131l\",\"url\":\"https:\/\/denizcankizil.tr\/de\/\",\"logo\":{\"@type\":\"ImageObject\",\"inLanguage\":\"ru-RU\",\"@id\":\"https:\/\/denizcankizil.tr\/de\/#\/schema\/logo\/image\/\",\"url\":\"http:\/\/denizcankizil.tr\/wp-content\/uploads\/2024\/10\/siyah-logo-svg.svg\",\"contentUrl\":\"http:\/\/denizcankizil.tr\/wp-content\/uploads\/2024\/10\/siyah-logo-svg.svg\",\"width\":1080,\"height\":1080,\"caption\":\"Av. Deniz Can K\u0131z\u0131l\"},\"image\":{\"@id\":\"https:\/\/denizcankizil.tr\/de\/#\/schema\/logo\/image\/\"}}]}<\/script>\n<!-- \/ Yoast SEO Premium plugin. -->","yoast_head_json":{"title":"Sevenleri Yaln\u0131z B\u0131rakmad\u0131 - Av. Deniz Can K\u0131z\u0131l","robots":{"index":"index","follow":"follow","max-snippet":"max-snippet:-1","max-image-preview":"max-image-preview:large","max-video-preview":"max-video-preview:-1"},"canonical":"http:\/\/denizcankizil.tr\/ru\/haberler\/gundem\/sevenleri-yalniz-birakmadi\/","og_locale":"ru_RU","og_type":"article","og_title":"Sevenleri Yaln\u0131z B\u0131rakmad\u0131","og_description":"Dodi E\u011fitim kurumlar\u0131n\u0131n sahibi G\u00fclser Yi\u011fit ile Psikiyatri uzman\u0131 Doktor Suat Yi\u011fit\u2019in yak\u0131\u015f\u0131kl\u0131 o\u011flu Gemi Kaptan\u0131 Do\u011fukan Yi\u011fit, Ira\u0131da ve Vlad\u0131m\u0131r Ananev\u0131\u2019nin g\u00fczel k\u0131zlar\u0131 kalp damar cerrahi uzman\u0131 Mar\u0131a ile unutulmaz bir gecede d\u00fcnya evine girdiler. Besime Mare&#8217;de ger\u00e7ekle\u015ftirilen d\u00fc\u011f\u00fcn t\u00f6reninde gen\u00e7 \u00e7iftin mutlulu\u011funa aileleri ve yak\u0131n dostlar\u0131 e\u015flik etti. Canl\u0131 m\u00fczik e\u015fli\u011finde Gelin ve damat, d\u00fc\u011f\u00fcn boyunca sahneden inmeyerek misafirleriyle birlikte bu \u00f6zel an\u0131n tad\u0131n\u0131 \u00e7\u0131kard\u0131lar. T\u00f6ren, ne\u015feli anlar ve unutulmaz hat\u0131ralarla dolu dolu ge\u00e7ti. \u200b\u0130skenderun\u2019un tan\u0131nm\u0131\u015f Yi\u011fit ailesinin yak\u0131\u015f\u0131kl\u0131 o\u011flu Do\u011fukan ile Ananev\u0131 ailesinin g\u00fczel k\u0131zlar\u0131 Mar\u0131a d\u00fczenlenen d\u00fc\u011f\u00fcn t\u00f6reni ile bir \u00f6m\u00fcr boyu mutlulu\u011fa evet dediler.\u00a0 \u200bHaberin Al\u0131nt\u0131land\u0131\u011f\u0131 Kaynak: www.iskenderun.org","og_url":"http:\/\/denizcankizil.tr\/ru\/haberler\/gundem\/sevenleri-yalniz-birakmadi\/","og_site_name":"Av. Deniz Can K\u0131z\u0131l","article_published_time":"2024-10-21T18:42:51+00:00","twitter_card":"summary_large_image","twitter_misc":{"\u041f\u0440\u0438\u043c\u0435\u0440\u043d\u043e\u0435 \u0432\u0440\u0435\u043c\u044f \u0434\u043b\u044f \u0447\u0442\u0435\u043d\u0438\u044f":"1 \u043c\u0438\u043d\u0443\u0442\u0430"},"schema":{"@context":"https:\/\/schema.org","@graph":[{"@type":"Article","@id":"http:\/\/denizcankizil.tr\/ru\/haberler\/gundem\/sevenleri-yalniz-birakmadi\/#article","isPartOf":{"@id":"http:\/\/denizcankizil.tr\/ru\/haberler\/gundem\/sevenleri-yalniz-birakmadi\/"},"author":{"name":"","@id":""},"headline":"Sevenleri Yaln\u0131z B\u0131rakmad\u0131","datePublished":"2024-10-21T18:42:51+00:00","mainEntityOfPage":{"@id":"http:\/\/denizcankizil.tr\/ru\/haberler\/gundem\/sevenleri-yalniz-birakmadi\/"},"wordCount":164,"commentCount":0,"publisher":{"@id":"https:\/\/denizcankizil.tr\/de\/#organization"},"articleSection":["G\u00fcndem","Uncategorized"],"inLanguage":"ru-RU","potentialAction":[{"@type":"CommentAction","name":"Comment","target":["http:\/\/denizcankizil.tr\/ru\/haberler\/gundem\/sevenleri-yalniz-birakmadi\/#respond"]}]},{"@type":"WebPage","@id":"http:\/\/denizcankizil.tr\/ru\/haberler\/gundem\/sevenleri-yalniz-birakmadi\/","url":"http:\/\/denizcankizil.tr\/ru\/haberler\/gundem\/sevenleri-yalniz-birakmadi\/","name":"Sevenleri Yaln\u0131z B\u0131rakmad\u0131 - Av. Deniz Can K\u0131z\u0131l","isPartOf":{"@id":"https:\/\/denizcankizil.tr\/de\/#website"},"datePublished":"2024-10-21T18:42:51+00:00","breadcrumb":{"@id":"http:\/\/denizcankizil.tr\/ru\/haberler\/gundem\/sevenleri-yalniz-birakmadi\/#breadcrumb"},"inLanguage":"ru-RU","potentialAction":[{"@type":"ReadAction","target":["http:\/\/denizcankizil.tr\/ru\/haberler\/gundem\/sevenleri-yalniz-birakmadi\/"]}]},{"@type":"BreadcrumbList","@id":"http:\/\/denizcankizil.tr\/ru\/haberler\/gundem\/sevenleri-yalniz-birakmadi\/#breadcrumb","itemListElement":[{"@type":"ListItem","position":1,"name":"Home","item":"https:\/\/denizcankizil.tr\/de\/"},{"@type":"ListItem","position":2,"name":"Sevenleri Yaln\u0131z B\u0131rakmad\u0131"}]},{"@type":"WebSite","@id":"https:\/\/denizcankizil.tr\/de\/#website","url":"https:\/\/denizcankizil.tr\/de\/","name":"Av. Deniz Can K\u0131z\u0131l","description":"Avukat Deniz Can K\u0131z\u0131l Antalya Barosu","publisher":{"@id":"https:\/\/denizcankizil.tr\/de\/#organization"},"potentialAction":[{"@type":"SearchAction","target":{"@type":"EntryPoint","urlTemplate":"https:\/\/denizcankizil.tr\/de\/?s={search_term_string}"},"query-input":{"@type":"PropertyValueSpecification","valueRequired":true,"valueName":"search_term_string"}}],"inLanguage":"ru-RU"},{"@type":"Organization","@id":"https:\/\/denizcankizil.tr\/de\/#organization","name":"Av. Deniz Can K\u0131z\u0131l","url":"https:\/\/denizcankizil.tr\/de\/","logo":{"@type":"ImageObject","inLanguage":"ru-RU","@id":"https:\/\/denizcankizil.tr\/de\/#\/schema\/logo\/image\/","url":"http:\/\/denizcankizil.tr\/wp-content\/uploads\/2024\/10\/siyah-logo-svg.svg","contentUrl":"http:\/\/denizcankizil.tr\/wp-content\/uploads\/2024\/10\/siyah-logo-svg.svg","width":1080,"height":1080,"caption":"Av. Deniz Can K\u0131z\u0131l"},"image":{"@id":"https:\/\/denizcankizil.tr\/de\/#\/schema\/logo\/image\/"}}]}},"_links":{"self":[{"href":"http:\/\/denizcankizil.tr\/ru\/wp-json\/wp\/v2\/posts\/6211","targetHints":{"allow":["GET"]}}],"collection":[{"href":"http:\/\/denizcankizil.tr\/ru\/wp-json\/wp\/v2\/posts"}],"about":[{"href":"http:\/\/denizcankizil.tr\/ru\/wp-json\/wp\/v2\/types\/post"}],"replies":[{"embeddable":true,"href":"http:\/\/denizcankizil.tr\/ru\/wp-json\/wp\/v2\/comments?post=6211"}],"version-history":[{"count":0,"href":"http:\/\/denizcankizil.tr\/ru\/wp-json\/wp\/v2\/posts\/6211\/revisions"}],"wp:attachment":[{"href":"http:\/\/denizcankizil.tr\/ru\/wp-json\/wp\/v2\/media?parent=6211"}],"wp:term":[{"taxonomy":"category","embeddable":true,"href":"http:\/\/denizcankizil.tr\/ru\/wp-json\/wp\/v2\/categories?post=6211"},{"taxonomy":"post_tag","embeddable":true,"href":"http:\/\/denizcankizil.tr\/ru\/wp-json\/wp\/v2\/tags?post=6211"}],"curies":[{"name":"wp","href":"https:\/\/api.w.org\/{rel}","templated":true}]}}