{"id":60059,"date":"2025-04-19T11:42:21","date_gmt":"2025-04-19T08:42:21","guid":{"rendered":"https:\/\/denizcankizil.tr\/uncategorized-tr\/hatay-sinirinda-tira-yuklu-araclar-yandi\/"},"modified":"2025-04-19T11:42:21","modified_gmt":"2025-04-19T08:42:21","slug":"hatay-sinirinda-tira-yuklu-araclar-yandi","status":"publish","type":"post","link":"http:\/\/denizcankizil.tr\/ru\/haberler\/gundem\/hatay-sinirinda-tira-yuklu-araclar-yandi\/","title":{"rendered":"Hatay S\u0131n\u0131r\u0131nda TIR\u2019a y\u00fckl\u00fc ara\u00e7lar yand\u0131!"},"content":{"rendered":"<p>Edinilen bilgilere g\u00f6re yang\u0131n Reyhanl\u0131\u2019n\u0131n Cilveg\u00f6z\u00fc s\u0131n\u0131r kap\u0131s\u0131na yak\u0131n alanda park yerinde bulunan ara\u00e7lar\u0131n y\u00fckl\u00fc bulundu\u011fu TIR\u2019da meydana geldi. Hen\u00fcz bilinmeyen nedenle \u00e7\u0131kan yang\u0131n r\u00fczgar\u0131n etkisi ile di\u011fer ara\u00e7lara s\u0131\u00e7rad\u0131. \u00a0<\/p>\n<p>Di\u011fer TIR s\u00fcr\u00fcc\u00fclerinin ihbar\u0131 \u00fczerine b\u00f6lgeye \u00e7ok say\u0131da itfaiye ekibi sevk edildi. \u0130tfaiye erlerinin yo\u011fun \u00e7abas\u0131 sonucu yang\u0131n k\u0131sa s\u00fcrede s\u00f6nd\u00fcr\u00fcld\u00fc. Yang\u0131nda 6 adet &#8216;0&#8217; kilometre otomobil kullan\u0131lamaz hale geldi. Yaralanma ve can kayb\u0131n\u0131n olmad\u0131\u011f\u0131 yang\u0131n\u0131n \u00e7\u0131k\u0131\u015f nedeni ara\u015ft\u0131r\u0131l\u0131yor<\/p>\n<p>\u200bHatay\u2019\u0131n Reyhanl\u0131 il\u00e7esinde s\u0131n\u0131r kapas\u0131ndan ge\u00e7meyi beklerken park halindeki TIR\u2019\u0131n \u00fczerindeki s\u0131f\u0131r otomobiller hen\u00fcz bilinmeyen bir nedenle \u00e7\u0131kan yang\u0131n sonucu yand\u0131. \u0130tfaiyenin s\u00f6nd\u00fcrd\u00fc\u011f\u00fc yang\u0131nda 6 adet s\u0131f\u0131r otomobil kullan\u0131lamaz hale geldi.\u00a0<\/p>\n<p>\u200bHaberin Al\u0131nt\u0131land\u0131\u011f\u0131 Kaynak: www.iskenderun.org<\/p>","protected":false},"excerpt":{"rendered":"<p>Edinilen bilgilere g\u00f6re yang\u0131n Reyhanl\u0131\u2019n\u0131n Cilveg\u00f6z\u00fc s\u0131n\u0131r kap\u0131s\u0131na yak\u0131n alanda park yerinde bulunan ara\u00e7lar\u0131n y\u00fckl\u00fc bulundu\u011fu TIR\u2019da meydana geldi. Hen\u00fcz bilinmeyen nedenle \u00e7\u0131kan yang\u0131n r\u00fczgar\u0131n etkisi ile di\u011fer ara\u00e7lara s\u0131\u00e7rad\u0131. \u00a0 Di\u011fer TIR s\u00fcr\u00fcc\u00fclerinin ihbar\u0131 \u00fczerine b\u00f6lgeye \u00e7ok say\u0131da itfaiye ekibi sevk edildi. \u0130tfaiye erlerinin yo\u011fun \u00e7abas\u0131 sonucu yang\u0131n k\u0131sa s\u00fcrede s\u00f6nd\u00fcr\u00fcld\u00fc. Yang\u0131nda 6 adet &#8216;0&#8217; kilometre otomobil kullan\u0131lamaz hale geldi. Yaralanma ve can kayb\u0131n\u0131n olmad\u0131\u011f\u0131 yang\u0131n\u0131n \u00e7\u0131k\u0131\u015f nedeni ara\u015ft\u0131r\u0131l\u0131yor \u200bHatay\u2019\u0131n Reyhanl\u0131 il\u00e7esinde s\u0131n\u0131r kapas\u0131ndan ge\u00e7meyi beklerken park halindeki TIR\u2019\u0131n \u00fczerindeki s\u0131f\u0131r otomobiller hen\u00fcz bilinmeyen bir nedenle \u00e7\u0131kan yang\u0131n sonucu yand\u0131. \u0130tfaiyenin s\u00f6nd\u00fcrd\u00fc\u011f\u00fc yang\u0131nda 6 adet s\u0131f\u0131r otomobil kullan\u0131lamaz hale geldi.\u00a0 \u200bHaberin Al\u0131nt\u0131land\u0131\u011f\u0131 Kaynak: www.iskenderun.org<\/p>","protected":false},"author":1,"featured_media":0,"comment_status":"","ping_status":"open","sticky":false,"template":"","format":"standard","meta":{"_acf_changed":false,"footnotes":""},"categories":[24],"tags":[],"class_list":["post-60059","post","type-post","status-publish","format-standard","has-post-thumbnail","hentry","category-gundem"],"acf":[],"yoast_head":"<!-- This site is optimized with the Yoast SEO Premium plugin v26.6 (Yoast SEO v27.1.1) - https:\/\/yoast.com\/product\/yoast-seo-premium-wordpress\/ -->\n<title>Hatay S\u0131n\u0131r\u0131nda TIR\u2019a y\u00fckl\u00fc ara\u00e7lar yand\u0131! - Av. Deniz Can K\u0131z\u0131l<\/title>\n<meta name=\"robots\" content=\"index, follow, max-snippet:-1, max-image-preview:large, max-video-preview:-1\" \/>\n<link rel=\"canonical\" href=\"http:\/\/denizcankizil.tr\/ru\/haberler\/gundem\/hatay-sinirinda-tira-yuklu-araclar-yandi\/\" \/>\n<meta property=\"og:locale\" content=\"ru_RU\" \/>\n<meta property=\"og:type\" content=\"article\" \/>\n<meta property=\"og:title\" content=\"Hatay S\u0131n\u0131r\u0131nda TIR\u2019a y\u00fckl\u00fc ara\u00e7lar yand\u0131!\" \/>\n<meta property=\"og:description\" content=\"Edinilen bilgilere g\u00f6re yang\u0131n Reyhanl\u0131\u2019n\u0131n Cilveg\u00f6z\u00fc s\u0131n\u0131r kap\u0131s\u0131na yak\u0131n alanda park yerinde bulunan ara\u00e7lar\u0131n y\u00fckl\u00fc bulundu\u011fu TIR\u2019da meydana geldi. Hen\u00fcz bilinmeyen nedenle \u00e7\u0131kan yang\u0131n r\u00fczgar\u0131n etkisi ile di\u011fer ara\u00e7lara s\u0131\u00e7rad\u0131. \u00a0 Di\u011fer TIR s\u00fcr\u00fcc\u00fclerinin ihbar\u0131 \u00fczerine b\u00f6lgeye \u00e7ok say\u0131da itfaiye ekibi sevk edildi. \u0130tfaiye erlerinin yo\u011fun \u00e7abas\u0131 sonucu yang\u0131n k\u0131sa s\u00fcrede s\u00f6nd\u00fcr\u00fcld\u00fc. Yang\u0131nda 6 adet &#8216;0&#8217; kilometre otomobil kullan\u0131lamaz hale geldi. Yaralanma ve can kayb\u0131n\u0131n olmad\u0131\u011f\u0131 yang\u0131n\u0131n \u00e7\u0131k\u0131\u015f nedeni ara\u015ft\u0131r\u0131l\u0131yor \u200bHatay\u2019\u0131n Reyhanl\u0131 il\u00e7esinde s\u0131n\u0131r kapas\u0131ndan ge\u00e7meyi beklerken park halindeki TIR\u2019\u0131n \u00fczerindeki s\u0131f\u0131r otomobiller hen\u00fcz bilinmeyen bir nedenle \u00e7\u0131kan yang\u0131n sonucu yand\u0131. \u0130tfaiyenin s\u00f6nd\u00fcrd\u00fc\u011f\u00fc yang\u0131nda 6 adet s\u0131f\u0131r otomobil kullan\u0131lamaz hale geldi.\u00a0 \u200bHaberin Al\u0131nt\u0131land\u0131\u011f\u0131 Kaynak: www.iskenderun.org\" \/>\n<meta property=\"og:url\" content=\"http:\/\/denizcankizil.tr\/ru\/haberler\/gundem\/hatay-sinirinda-tira-yuklu-araclar-yandi\/\" \/>\n<meta property=\"og:site_name\" content=\"Av. Deniz Can K\u0131z\u0131l\" \/>\n<meta property=\"article:published_time\" content=\"2025-04-19T08:42:21+00:00\" \/>\n<meta name=\"author\" content=\"admin\" \/>\n<meta name=\"twitter:card\" content=\"summary_large_image\" \/>\n<meta name=\"twitter:label1\" content=\"\u041d\u0430\u043f\u0438\u0441\u0430\u043d\u043e \u0430\u0432\u0442\u043e\u0440\u043e\u043c\" \/>\n\t<meta name=\"twitter:data1\" content=\"admin\" \/>\n\t<meta name=\"twitter:label2\" content=\"\u041f\u0440\u0438\u043c\u0435\u0440\u043d\u043e\u0435 \u0432\u0440\u0435\u043c\u044f \u0434\u043b\u044f \u0447\u0442\u0435\u043d\u0438\u044f\" \/>\n\t<meta name=\"twitter:data2\" content=\"1 \u043c\u0438\u043d\u0443\u0442\u0430\" \/>\n<script type=\"application\/ld+json\" class=\"yoast-schema-graph\">{\"@context\":\"https:\/\/schema.org\",\"@graph\":[{\"@type\":\"Article\",\"@id\":\"http:\/\/denizcankizil.tr\/ru\/haberler\/gundem\/hatay-sinirinda-tira-yuklu-araclar-yandi\/#article\",\"isPartOf\":{\"@id\":\"http:\/\/denizcankizil.tr\/ru\/haberler\/gundem\/hatay-sinirinda-tira-yuklu-araclar-yandi\/\"},\"author\":{\"name\":\"admin\",\"@id\":\"https:\/\/denizcankizil.tr\/de\/#\/schema\/person\/be3c05fe6a12686905512445d8185489\"},\"headline\":\"Hatay S\u0131n\u0131r\u0131nda TIR\u2019a y\u00fckl\u00fc ara\u00e7lar yand\u0131!\",\"datePublished\":\"2025-04-19T08:42:21+00:00\",\"mainEntityOfPage\":{\"@id\":\"http:\/\/denizcankizil.tr\/ru\/haberler\/gundem\/hatay-sinirinda-tira-yuklu-araclar-yandi\/\"},\"wordCount\":179,\"publisher\":{\"@id\":\"https:\/\/denizcankizil.tr\/de\/#organization\"},\"articleSection\":[\"G\u00fcndem\"],\"inLanguage\":\"ru-RU\"},{\"@type\":\"WebPage\",\"@id\":\"http:\/\/denizcankizil.tr\/ru\/haberler\/gundem\/hatay-sinirinda-tira-yuklu-araclar-yandi\/\",\"url\":\"http:\/\/denizcankizil.tr\/ru\/haberler\/gundem\/hatay-sinirinda-tira-yuklu-araclar-yandi\/\",\"name\":\"Hatay S\u0131n\u0131r\u0131nda TIR\u2019a y\u00fckl\u00fc ara\u00e7lar yand\u0131! - Av. Deniz Can K\u0131z\u0131l\",\"isPartOf\":{\"@id\":\"https:\/\/denizcankizil.tr\/de\/#website\"},\"datePublished\":\"2025-04-19T08:42:21+00:00\",\"breadcrumb\":{\"@id\":\"http:\/\/denizcankizil.tr\/ru\/haberler\/gundem\/hatay-sinirinda-tira-yuklu-araclar-yandi\/#breadcrumb\"},\"inLanguage\":\"ru-RU\",\"potentialAction\":[{\"@type\":\"ReadAction\",\"target\":[\"http:\/\/denizcankizil.tr\/ru\/haberler\/gundem\/hatay-sinirinda-tira-yuklu-araclar-yandi\/\"]}]},{\"@type\":\"BreadcrumbList\",\"@id\":\"http:\/\/denizcankizil.tr\/ru\/haberler\/gundem\/hatay-sinirinda-tira-yuklu-araclar-yandi\/#breadcrumb\",\"itemListElement\":[{\"@type\":\"ListItem\",\"position\":1,\"name\":\"Home\",\"item\":\"https:\/\/denizcankizil.tr\/de\/\"},{\"@type\":\"ListItem\",\"position\":2,\"name\":\"Hatay S\u0131n\u0131r\u0131nda TIR\u2019a y\u00fckl\u00fc ara\u00e7lar yand\u0131!\"}]},{\"@type\":\"WebSite\",\"@id\":\"https:\/\/denizcankizil.tr\/de\/#website\",\"url\":\"https:\/\/denizcankizil.tr\/de\/\",\"name\":\"Av. Deniz Can K\u0131z\u0131l\",\"description\":\"Avukat Deniz Can K\u0131z\u0131l Antalya Barosu\",\"publisher\":{\"@id\":\"https:\/\/denizcankizil.tr\/de\/#organization\"},\"potentialAction\":[{\"@type\":\"SearchAction\",\"target\":{\"@type\":\"EntryPoint\",\"urlTemplate\":\"https:\/\/denizcankizil.tr\/de\/?s={search_term_string}\"},\"query-input\":{\"@type\":\"PropertyValueSpecification\",\"valueRequired\":true,\"valueName\":\"search_term_string\"}}],\"inLanguage\":\"ru-RU\"},{\"@type\":\"Organization\",\"@id\":\"https:\/\/denizcankizil.tr\/de\/#organization\",\"name\":\"Av. Deniz Can K\u0131z\u0131l\",\"url\":\"https:\/\/denizcankizil.tr\/de\/\",\"logo\":{\"@type\":\"ImageObject\",\"inLanguage\":\"ru-RU\",\"@id\":\"https:\/\/denizcankizil.tr\/de\/#\/schema\/logo\/image\/\",\"url\":\"http:\/\/denizcankizil.tr\/wp-content\/uploads\/2024\/10\/siyah-logo-svg.svg\",\"contentUrl\":\"http:\/\/denizcankizil.tr\/wp-content\/uploads\/2024\/10\/siyah-logo-svg.svg\",\"width\":1080,\"height\":1080,\"caption\":\"Av. Deniz Can K\u0131z\u0131l\"},\"image\":{\"@id\":\"https:\/\/denizcankizil.tr\/de\/#\/schema\/logo\/image\/\"}},{\"@type\":\"Person\",\"@id\":\"https:\/\/denizcankizil.tr\/de\/#\/schema\/person\/be3c05fe6a12686905512445d8185489\",\"name\":\"admin\",\"image\":{\"@type\":\"ImageObject\",\"inLanguage\":\"ru-RU\",\"@id\":\"https:\/\/denizcankizil.tr\/de\/#\/schema\/person\/image\/\",\"url\":\"https:\/\/secure.gravatar.com\/avatar\/c1fce94c830dc79107e174f890d7210541c4a63e8e5d816341794a2151c9d58c?s=96&d=mm&r=g\",\"contentUrl\":\"https:\/\/secure.gravatar.com\/avatar\/c1fce94c830dc79107e174f890d7210541c4a63e8e5d816341794a2151c9d58c?s=96&d=mm&r=g\",\"caption\":\"admin\"},\"sameAs\":[\"http:\/\/denizcankizil.tr\"],\"url\":\"https:\/\/www.iskenderun.org\/sifir-arabalar-kullanilmaz-hale-geldi\"}]}<\/script>\n<!-- \/ Yoast SEO Premium plugin. -->","yoast_head_json":{"title":"Hatay S\u0131n\u0131r\u0131nda TIR\u2019a y\u00fckl\u00fc ara\u00e7lar yand\u0131! - Av. Deniz Can K\u0131z\u0131l","robots":{"index":"index","follow":"follow","max-snippet":"max-snippet:-1","max-image-preview":"max-image-preview:large","max-video-preview":"max-video-preview:-1"},"canonical":"http:\/\/denizcankizil.tr\/ru\/haberler\/gundem\/hatay-sinirinda-tira-yuklu-araclar-yandi\/","og_locale":"ru_RU","og_type":"article","og_title":"Hatay S\u0131n\u0131r\u0131nda TIR\u2019a y\u00fckl\u00fc ara\u00e7lar yand\u0131!","og_description":"Edinilen bilgilere g\u00f6re yang\u0131n Reyhanl\u0131\u2019n\u0131n Cilveg\u00f6z\u00fc s\u0131n\u0131r kap\u0131s\u0131na yak\u0131n alanda park yerinde bulunan ara\u00e7lar\u0131n y\u00fckl\u00fc bulundu\u011fu TIR\u2019da meydana geldi. Hen\u00fcz bilinmeyen nedenle \u00e7\u0131kan yang\u0131n r\u00fczgar\u0131n etkisi ile di\u011fer ara\u00e7lara s\u0131\u00e7rad\u0131. \u00a0 Di\u011fer TIR s\u00fcr\u00fcc\u00fclerinin ihbar\u0131 \u00fczerine b\u00f6lgeye \u00e7ok say\u0131da itfaiye ekibi sevk edildi. \u0130tfaiye erlerinin yo\u011fun \u00e7abas\u0131 sonucu yang\u0131n k\u0131sa s\u00fcrede s\u00f6nd\u00fcr\u00fcld\u00fc. Yang\u0131nda 6 adet &#8216;0&#8217; kilometre otomobil kullan\u0131lamaz hale geldi. Yaralanma ve can kayb\u0131n\u0131n olmad\u0131\u011f\u0131 yang\u0131n\u0131n \u00e7\u0131k\u0131\u015f nedeni ara\u015ft\u0131r\u0131l\u0131yor \u200bHatay\u2019\u0131n Reyhanl\u0131 il\u00e7esinde s\u0131n\u0131r kapas\u0131ndan ge\u00e7meyi beklerken park halindeki TIR\u2019\u0131n \u00fczerindeki s\u0131f\u0131r otomobiller hen\u00fcz bilinmeyen bir nedenle \u00e7\u0131kan yang\u0131n sonucu yand\u0131. \u0130tfaiyenin s\u00f6nd\u00fcrd\u00fc\u011f\u00fc yang\u0131nda 6 adet s\u0131f\u0131r otomobil kullan\u0131lamaz hale geldi.\u00a0 \u200bHaberin Al\u0131nt\u0131land\u0131\u011f\u0131 Kaynak: www.iskenderun.org","og_url":"http:\/\/denizcankizil.tr\/ru\/haberler\/gundem\/hatay-sinirinda-tira-yuklu-araclar-yandi\/","og_site_name":"Av. Deniz Can K\u0131z\u0131l","article_published_time":"2025-04-19T08:42:21+00:00","author":"admin","twitter_card":"summary_large_image","twitter_misc":{"\u041d\u0430\u043f\u0438\u0441\u0430\u043d\u043e \u0430\u0432\u0442\u043e\u0440\u043e\u043c":"admin","\u041f\u0440\u0438\u043c\u0435\u0440\u043d\u043e\u0435 \u0432\u0440\u0435\u043c\u044f \u0434\u043b\u044f \u0447\u0442\u0435\u043d\u0438\u044f":"1 \u043c\u0438\u043d\u0443\u0442\u0430"},"schema":{"@context":"https:\/\/schema.org","@graph":[{"@type":"Article","@id":"http:\/\/denizcankizil.tr\/ru\/haberler\/gundem\/hatay-sinirinda-tira-yuklu-araclar-yandi\/#article","isPartOf":{"@id":"http:\/\/denizcankizil.tr\/ru\/haberler\/gundem\/hatay-sinirinda-tira-yuklu-araclar-yandi\/"},"author":{"name":"admin","@id":"https:\/\/denizcankizil.tr\/de\/#\/schema\/person\/be3c05fe6a12686905512445d8185489"},"headline":"Hatay S\u0131n\u0131r\u0131nda TIR\u2019a y\u00fckl\u00fc ara\u00e7lar yand\u0131!","datePublished":"2025-04-19T08:42:21+00:00","mainEntityOfPage":{"@id":"http:\/\/denizcankizil.tr\/ru\/haberler\/gundem\/hatay-sinirinda-tira-yuklu-araclar-yandi\/"},"wordCount":179,"publisher":{"@id":"https:\/\/denizcankizil.tr\/de\/#organization"},"articleSection":["G\u00fcndem"],"inLanguage":"ru-RU"},{"@type":"WebPage","@id":"http:\/\/denizcankizil.tr\/ru\/haberler\/gundem\/hatay-sinirinda-tira-yuklu-araclar-yandi\/","url":"http:\/\/denizcankizil.tr\/ru\/haberler\/gundem\/hatay-sinirinda-tira-yuklu-araclar-yandi\/","name":"Hatay S\u0131n\u0131r\u0131nda TIR\u2019a y\u00fckl\u00fc ara\u00e7lar yand\u0131! - Av. Deniz Can K\u0131z\u0131l","isPartOf":{"@id":"https:\/\/denizcankizil.tr\/de\/#website"},"datePublished":"2025-04-19T08:42:21+00:00","breadcrumb":{"@id":"http:\/\/denizcankizil.tr\/ru\/haberler\/gundem\/hatay-sinirinda-tira-yuklu-araclar-yandi\/#breadcrumb"},"inLanguage":"ru-RU","potentialAction":[{"@type":"ReadAction","target":["http:\/\/denizcankizil.tr\/ru\/haberler\/gundem\/hatay-sinirinda-tira-yuklu-araclar-yandi\/"]}]},{"@type":"BreadcrumbList","@id":"http:\/\/denizcankizil.tr\/ru\/haberler\/gundem\/hatay-sinirinda-tira-yuklu-araclar-yandi\/#breadcrumb","itemListElement":[{"@type":"ListItem","position":1,"name":"Home","item":"https:\/\/denizcankizil.tr\/de\/"},{"@type":"ListItem","position":2,"name":"Hatay S\u0131n\u0131r\u0131nda TIR\u2019a y\u00fckl\u00fc ara\u00e7lar yand\u0131!"}]},{"@type":"WebSite","@id":"https:\/\/denizcankizil.tr\/de\/#website","url":"https:\/\/denizcankizil.tr\/de\/","name":"Av. Deniz Can K\u0131z\u0131l","description":"Avukat Deniz Can K\u0131z\u0131l Antalya Barosu","publisher":{"@id":"https:\/\/denizcankizil.tr\/de\/#organization"},"potentialAction":[{"@type":"SearchAction","target":{"@type":"EntryPoint","urlTemplate":"https:\/\/denizcankizil.tr\/de\/?s={search_term_string}"},"query-input":{"@type":"PropertyValueSpecification","valueRequired":true,"valueName":"search_term_string"}}],"inLanguage":"ru-RU"},{"@type":"Organization","@id":"https:\/\/denizcankizil.tr\/de\/#organization","name":"Av. Deniz Can K\u0131z\u0131l","url":"https:\/\/denizcankizil.tr\/de\/","logo":{"@type":"ImageObject","inLanguage":"ru-RU","@id":"https:\/\/denizcankizil.tr\/de\/#\/schema\/logo\/image\/","url":"http:\/\/denizcankizil.tr\/wp-content\/uploads\/2024\/10\/siyah-logo-svg.svg","contentUrl":"http:\/\/denizcankizil.tr\/wp-content\/uploads\/2024\/10\/siyah-logo-svg.svg","width":1080,"height":1080,"caption":"Av. Deniz Can K\u0131z\u0131l"},"image":{"@id":"https:\/\/denizcankizil.tr\/de\/#\/schema\/logo\/image\/"}},{"@type":"Person","@id":"https:\/\/denizcankizil.tr\/de\/#\/schema\/person\/be3c05fe6a12686905512445d8185489","name":"\u0430\u0434\u043c\u0438\u043d","image":{"@type":"ImageObject","inLanguage":"ru-RU","@id":"https:\/\/denizcankizil.tr\/de\/#\/schema\/person\/image\/","url":"https:\/\/secure.gravatar.com\/avatar\/c1fce94c830dc79107e174f890d7210541c4a63e8e5d816341794a2151c9d58c?s=96&d=mm&r=g","contentUrl":"https:\/\/secure.gravatar.com\/avatar\/c1fce94c830dc79107e174f890d7210541c4a63e8e5d816341794a2151c9d58c?s=96&d=mm&r=g","caption":"admin"},"sameAs":["http:\/\/denizcankizil.tr"],"url":"https:\/\/www.iskenderun.org\/sifir-arabalar-kullanilmaz-hale-geldi"}]}},"_links":{"self":[{"href":"http:\/\/denizcankizil.tr\/ru\/wp-json\/wp\/v2\/posts\/60059","targetHints":{"allow":["GET"]}}],"collection":[{"href":"http:\/\/denizcankizil.tr\/ru\/wp-json\/wp\/v2\/posts"}],"about":[{"href":"http:\/\/denizcankizil.tr\/ru\/wp-json\/wp\/v2\/types\/post"}],"author":[{"embeddable":true,"href":"http:\/\/denizcankizil.tr\/ru\/wp-json\/wp\/v2\/users\/1"}],"replies":[{"embeddable":true,"href":"http:\/\/denizcankizil.tr\/ru\/wp-json\/wp\/v2\/comments?post=60059"}],"version-history":[{"count":0,"href":"http:\/\/denizcankizil.tr\/ru\/wp-json\/wp\/v2\/posts\/60059\/revisions"}],"wp:attachment":[{"href":"http:\/\/denizcankizil.tr\/ru\/wp-json\/wp\/v2\/media?parent=60059"}],"wp:term":[{"taxonomy":"category","embeddable":true,"href":"http:\/\/denizcankizil.tr\/ru\/wp-json\/wp\/v2\/categories?post=60059"},{"taxonomy":"post_tag","embeddable":true,"href":"http:\/\/denizcankizil.tr\/ru\/wp-json\/wp\/v2\/tags?post=60059"}],"curies":[{"name":"wp","href":"https:\/\/api.w.org\/{rel}","templated":true}]}}