{"id":58296,"date":"2025-04-17T09:42:07","date_gmt":"2025-04-17T06:42:07","guid":{"rendered":"https:\/\/denizcankizil.tr\/uncategorized-tr\/malatyada-zirai-don-magduriyeti\/"},"modified":"2025-04-17T09:42:07","modified_gmt":"2025-04-17T06:42:07","slug":"malatyada-zirai-don-magduriyeti","status":"publish","type":"post","link":"http:\/\/denizcankizil.tr\/ru\/haberler\/gundem\/malatyada-zirai-don-magduriyeti\/","title":{"rendered":"Malatya\u2019da zirai don ma\u011fduriyeti"},"content":{"rendered":"<p>34 ili kapsayan zirai donun etkilerini sahada g\u00f6rmek ve isti\u015farelerde bulunmak \u00fczere Tar\u0131m ve Orman Bakan\u0131 \u0130brahim Yumakl\u0131 ilk ziyaretini Malatya\u2019ya ger\u00e7ekle\u015ftirdi.MALATYA (\u0130GFA) &#8211;\u00a0Ge\u00e7ti\u011fimiz g\u00fcnlerde T\u00fcrkiye\u2019nin bir\u00e7ok b\u00f6lgesinde oldu\u011fu gibi Malatya\u2019da zirai dondan etkilenmi\u015fti. Umutlar\u0131n\u0131 kay\u0131s\u0131 bah\u00e7elerine ba\u011flayan Malatyal\u0131 \u00e7ift\u00e7ilerin sorunlar\u0131n\u0131 Tar\u0131m ve Orman Bakan\u0131 \u0130brahim Yumakl\u0131\u2019ya ileterek Malatya\u2019ya davet eden B\u00fcy\u00fck\u015fehir Belediye Ba\u015fkan\u0131 Sami Er, ertesi g\u00fcn zirai donun boyutlar\u0131n\u0131 \u0130stanbul ve Ankara\u2019da Cumhurba\u015fkan\u0131 Recep Tayyip Erdo\u011fan\u2019a iletmi\u015fti.<\/p>\n<p>Malatya ziyareti kapsam\u0131nda kay\u0131s\u0131 bah\u00e7elerinde saha taramas\u0131n\u0131 yapan Bakan Yumakl\u0131, daha sonra Malatya Valili\u011fi\u2019ne ge\u00e7erek, bir toplant\u0131 d\u00fczenledi.\u00a0<\/p>\n<p>Ger\u00e7ekle\u015ftirilen toplant\u0131 sonras\u0131nda Tar\u0131m ve Orman Bakan\u0131 \u0130brahim Yumakl\u0131 Malatya B\u00fcy\u00fck\u015fehir Belediye Ba\u015fkan\u0131 Sami Er\u2019i ziyaret ederek bir s\u00fcre g\u00f6r\u00fc\u015ft\u00fc.<\/p>\n<p>Ziyarette Tar\u0131m ve Orman Bakan\u0131 \u0130brahim Yumakl\u0131\u2019ya Malatya Valisi Seddar Yavuz, AK Parti Malatya Milletvekilleri B\u00fclent T\u00fcfenkci, \u0130nan\u00e7 Sira\u00e7 Kara \u00d6lmeztoprak,\u00a0 Abdurrahman Babacan, MHP Malatya Milletvekili Mehmet Celal Fendo\u011flu, il\u00e7e belediye ba\u015fkanlar\u0131 ile kalabal\u0131k bir heyet e\u015flik etti.<\/p>\n<p>Ziyaret s\u0131ras\u0131nda \u00e7ift\u00e7ilerin ma\u011fduriyetlerini ve zirai donun bah\u00e7elerdeki meyve a\u011fa\u00e7lar\u0131na vermi\u015f oldu\u011fu zarar\u0131 Say\u0131n Bakan\u0131n yerinde g\u00f6rd\u00fc\u011f\u00fcn\u00fc belirten Ba\u015fkan Er, \u201c\u00c7ift\u00e7ilerimizin ya\u015fam\u0131\u015f oldu\u011fu ma\u011fduriyeti \u00f6nce Say\u0131n Bakan\u0131m\u0131za ileterek Malatya\u2019m\u0131za davet ettim. Hemen ertesi g\u00fcn\u00fc konuyu detayl\u0131 bir \u015fekilde, gerek \u0130stanbul\u2019da gerekse de u\u00e7akla Ankara\u2019ya giderken Say\u0131n Cumhurba\u015fkan\u0131m\u0131za arz ettim.\u00a0 Sa\u011f olsunlar Say\u0131n Bakan\u0131m\u0131z zirai dondan etkilenen 34 il i\u00e7erisinde ilk ziyaretini ilimize ger\u00e7ekle\u015ftirdi. Bu ilgisinden dolay\u0131 ayr\u0131ca kendilerine te\u015fekk\u00fcr ediyorum. \u0130lgi ve desteklerinden dolay\u0131 ba\u015fta Say\u0131n Cumhurba\u015fkan\u0131m\u0131z Recep Tayyip Erdo\u011fan olmak \u00fczere, Say\u0131n Bakan\u0131m\u0131za ve derdimizi dert edinen herkese t\u00fcm hem\u015fehrilerimiz ad\u0131na te\u015fekk\u00fcr ediyorum\u201d dedi.<\/p>\n<p>\u200b34 ili kapsayan zirai donun etkilerini sahada g\u00f6rmek ve isti\u015farelerde bulunmak \u00fczere Tar\u0131m ve Orman Bakan\u0131 \u0130brahim Yumakl\u0131 ilk ziyaretini Malatya\u2019ya ger\u00e7ekle\u015ftirdi.MALATYA (\u0130GFA) &#8211;\u00a0Ge\u00e7ti\u011fimiz g\u00fcnlerde T\u00fcrkiye\u2019nin bir\u00e7ok b\u00f6lgesinde oldu\u011fu gibi Malatya\u2019da zirai dondan etkilenmi\u015fti. Umutlar\u0131n\u0131 kay\u0131s\u0131 bah\u00e7elerine ba\u011flayan Malatyal\u0131 \u00e7ift\u00e7ilerin sorunlar\u0131n\u0131 Tar\u0131m ve Orman Bakan\u0131 \u0130brahim Yumakl\u0131\u2019ya ileterek Malatya\u2019ya davet eden B\u00fcy\u00fck\u015fehir Belediye Ba\u015fkan\u0131 Sami Er, ertesi g\u00fcn zirai donun boyutlar\u0131n\u0131 \u0130stanbul ve Ankara\u2019da Cumhurba\u015fkan\u0131 Recep Tayyip Erdo\u011fan\u2019a iletmi\u015fti.<\/p>\n<p>Malatya ziyareti kapsam\u0131nda kay\u0131s\u0131 bah\u00e7elerinde saha taramas\u0131n\u0131 yapan Bakan Yumakl\u0131, daha sonra Malatya Valili\u011fi\u2019ne ge\u00e7erek, bir toplant\u0131 d\u00fczenledi.\u00a0<\/p>\n<p>Ger\u00e7ekle\u015ftirilen toplant\u0131 sonras\u0131nda Tar\u0131m ve Orman Bakan\u0131 \u0130brahim Yumakl\u0131 Malatya B\u00fcy\u00fck\u015fehir Belediye Ba\u015fkan\u0131 Sami Er\u2019i ziyaret ederek bir s\u00fcre g\u00f6r\u00fc\u015ft\u00fc.<\/p>\n<p>Ziyarette Tar\u0131m ve Orman Bakan\u0131 \u0130brahim Yumakl\u0131\u2019ya Malatya Valisi Seddar Yavuz, AK Parti Malatya Milletvekilleri B\u00fclent T\u00fcfenkci, \u0130nan\u00e7 Sira\u00e7 Kara \u00d6lmeztoprak,\u00a0 Abdurrahman Babacan, MHP Malatya Milletvekili Mehmet Celal Fendo\u011flu, il\u00e7e belediye ba\u015fkanlar\u0131 ile kalabal\u0131k bir heyet e\u015flik etti.<\/p>\n<p>Ziyaret s\u0131ras\u0131nda \u00e7ift\u00e7ilerin ma\u011fduriyetlerini ve zirai donun bah\u00e7elerdeki meyve a\u011fa\u00e7lar\u0131na vermi\u015f oldu\u011fu zarar\u0131 Say\u0131n Bakan\u0131n yerinde g\u00f6rd\u00fc\u011f\u00fcn\u00fc belirten Ba\u015fkan Er, \u201c\u00c7ift\u00e7ilerimizin ya\u015fam\u0131\u015f oldu\u011fu ma\u011fduriyeti \u00f6nce Say\u0131n Bakan\u0131m\u0131za ileterek Malatya\u2019m\u0131za davet ettim. Hemen ertesi g\u00fcn\u00fc konuyu detayl\u0131 bir \u015fekilde, gerek \u0130stanbul\u2019da gerekse de u\u00e7akla Ankara\u2019ya giderken Say\u0131n Cumhurba\u015fkan\u0131m\u0131za arz ettim.\u00a0 Sa\u011f olsunlar Say\u0131n Bakan\u0131m\u0131z zirai dondan etkilenen 34 il i\u00e7erisinde ilk ziyaretini ilimize ger\u00e7ekle\u015ftirdi. Bu ilgisinden dolay\u0131 ayr\u0131ca kendilerine te\u015fekk\u00fcr ediyorum. \u0130lgi ve desteklerinden dolay\u0131 ba\u015fta Say\u0131n Cumhurba\u015fkan\u0131m\u0131z Recep Tayyip Erdo\u011fan olmak \u00fczere, Say\u0131n Bakan\u0131m\u0131za ve derdimizi dert edinen herkese t\u00fcm hem\u015fehrilerimiz ad\u0131na te\u015fekk\u00fcr ediyorum\u201d dedi.\u00a0<\/p>\n<p>\u200bHaberin Al\u0131nt\u0131land\u0131\u011f\u0131 Kaynak: www.iskenderun.org<\/p>","protected":false},"excerpt":{"rendered":"<p>34 ili kapsayan zirai donun etkilerini sahada g\u00f6rmek ve isti\u015farelerde bulunmak \u00fczere Tar\u0131m ve Orman Bakan\u0131 \u0130brahim Yumakl\u0131 ilk ziyaretini Malatya\u2019ya ger\u00e7ekle\u015ftirdi.MALATYA (\u0130GFA) &#8211;\u00a0Ge\u00e7ti\u011fimiz g\u00fcnlerde T\u00fcrkiye\u2019nin bir\u00e7ok b\u00f6lgesinde oldu\u011fu gibi Malatya\u2019da zirai dondan etkilenmi\u015fti. Umutlar\u0131n\u0131 kay\u0131s\u0131 bah\u00e7elerine ba\u011flayan Malatyal\u0131 \u00e7ift\u00e7ilerin sorunlar\u0131n\u0131 Tar\u0131m ve Orman Bakan\u0131 \u0130brahim Yumakl\u0131\u2019ya ileterek Malatya\u2019ya davet eden B\u00fcy\u00fck\u015fehir Belediye Ba\u015fkan\u0131 Sami Er, ertesi g\u00fcn zirai donun boyutlar\u0131n\u0131 \u0130stanbul ve Ankara\u2019da Cumhurba\u015fkan\u0131 Recep Tayyip Erdo\u011fan\u2019a iletmi\u015fti. Malatya ziyareti kapsam\u0131nda kay\u0131s\u0131 bah\u00e7elerinde saha taramas\u0131n\u0131 yapan Bakan Yumakl\u0131, daha sonra Malatya Valili\u011fi\u2019ne ge\u00e7erek, bir toplant\u0131 d\u00fczenledi.\u00a0 Ger\u00e7ekle\u015ftirilen toplant\u0131 sonras\u0131nda Tar\u0131m ve Orman Bakan\u0131 \u0130brahim Yumakl\u0131 Malatya B\u00fcy\u00fck\u015fehir Belediye Ba\u015fkan\u0131 Sami Er\u2019i ziyaret ederek bir s\u00fcre g\u00f6r\u00fc\u015ft\u00fc. Ziyarette Tar\u0131m ve Orman Bakan\u0131 \u0130brahim Yumakl\u0131\u2019ya Malatya Valisi Seddar Yavuz, AK Parti Malatya Milletvekilleri B\u00fclent T\u00fcfenkci, \u0130nan\u00e7 Sira\u00e7 Kara \u00d6lmeztoprak,\u00a0 Abdurrahman Babacan, MHP Malatya Milletvekili Mehmet Celal Fendo\u011flu, il\u00e7e belediye ba\u015fkanlar\u0131 ile kalabal\u0131k bir heyet e\u015flik etti. Ziyaret s\u0131ras\u0131nda \u00e7ift\u00e7ilerin ma\u011fduriyetlerini ve zirai donun bah\u00e7elerdeki meyve a\u011fa\u00e7lar\u0131na vermi\u015f oldu\u011fu zarar\u0131 Say\u0131n Bakan\u0131n yerinde g\u00f6rd\u00fc\u011f\u00fcn\u00fc belirten Ba\u015fkan Er, \u201c\u00c7ift\u00e7ilerimizin ya\u015fam\u0131\u015f oldu\u011fu ma\u011fduriyeti \u00f6nce Say\u0131n Bakan\u0131m\u0131za ileterek Malatya\u2019m\u0131za davet ettim. Hemen ertesi g\u00fcn\u00fc konuyu detayl\u0131 bir \u015fekilde, gerek \u0130stanbul\u2019da gerekse de u\u00e7akla Ankara\u2019ya giderken Say\u0131n Cumhurba\u015fkan\u0131m\u0131za arz ettim.\u00a0 Sa\u011f olsunlar Say\u0131n Bakan\u0131m\u0131z zirai dondan &hellip;<\/p>","protected":false},"author":1,"featured_media":0,"comment_status":"","ping_status":"open","sticky":false,"template":"","format":"standard","meta":{"_acf_changed":false,"footnotes":""},"categories":[24],"tags":[],"class_list":["post-58296","post","type-post","status-publish","format-standard","has-post-thumbnail","hentry","category-gundem"],"acf":[],"yoast_head":"<!-- This site is optimized with the Yoast SEO Premium plugin v26.6 (Yoast SEO v27.1.1) - https:\/\/yoast.com\/product\/yoast-seo-premium-wordpress\/ -->\n<title>Malatya\u2019da zirai don ma\u011fduriyeti - Av. Deniz Can K\u0131z\u0131l<\/title>\n<meta name=\"robots\" content=\"index, follow, max-snippet:-1, max-image-preview:large, max-video-preview:-1\" \/>\n<link rel=\"canonical\" href=\"https:\/\/denizcankizil.tr\/ru\/haberler\/gundem\/malatyada-zirai-don-magduriyeti\/\" \/>\n<meta property=\"og:locale\" content=\"ru_RU\" \/>\n<meta property=\"og:type\" content=\"article\" \/>\n<meta property=\"og:title\" content=\"Malatya\u2019da zirai don ma\u011fduriyeti\" \/>\n<meta property=\"og:description\" content=\"34 ili kapsayan zirai donun etkilerini sahada g\u00f6rmek ve isti\u015farelerde bulunmak \u00fczere Tar\u0131m ve Orman Bakan\u0131 \u0130brahim Yumakl\u0131 ilk ziyaretini Malatya\u2019ya ger\u00e7ekle\u015ftirdi.MALATYA (\u0130GFA) &#8211;\u00a0Ge\u00e7ti\u011fimiz g\u00fcnlerde T\u00fcrkiye\u2019nin bir\u00e7ok b\u00f6lgesinde oldu\u011fu gibi Malatya\u2019da zirai dondan etkilenmi\u015fti. Umutlar\u0131n\u0131 kay\u0131s\u0131 bah\u00e7elerine ba\u011flayan Malatyal\u0131 \u00e7ift\u00e7ilerin sorunlar\u0131n\u0131 Tar\u0131m ve Orman Bakan\u0131 \u0130brahim Yumakl\u0131\u2019ya ileterek Malatya\u2019ya davet eden B\u00fcy\u00fck\u015fehir Belediye Ba\u015fkan\u0131 Sami Er, ertesi g\u00fcn zirai donun boyutlar\u0131n\u0131 \u0130stanbul ve Ankara\u2019da Cumhurba\u015fkan\u0131 Recep Tayyip Erdo\u011fan\u2019a iletmi\u015fti. Malatya ziyareti kapsam\u0131nda kay\u0131s\u0131 bah\u00e7elerinde saha taramas\u0131n\u0131 yapan Bakan Yumakl\u0131, daha sonra Malatya Valili\u011fi\u2019ne ge\u00e7erek, bir toplant\u0131 d\u00fczenledi.\u00a0 Ger\u00e7ekle\u015ftirilen toplant\u0131 sonras\u0131nda Tar\u0131m ve Orman Bakan\u0131 \u0130brahim Yumakl\u0131 Malatya B\u00fcy\u00fck\u015fehir Belediye Ba\u015fkan\u0131 Sami Er\u2019i ziyaret ederek bir s\u00fcre g\u00f6r\u00fc\u015ft\u00fc. Ziyarette Tar\u0131m ve Orman Bakan\u0131 \u0130brahim Yumakl\u0131\u2019ya Malatya Valisi Seddar Yavuz, AK Parti Malatya Milletvekilleri B\u00fclent T\u00fcfenkci, \u0130nan\u00e7 Sira\u00e7 Kara \u00d6lmeztoprak,\u00a0 Abdurrahman Babacan, MHP Malatya Milletvekili Mehmet Celal Fendo\u011flu, il\u00e7e belediye ba\u015fkanlar\u0131 ile kalabal\u0131k bir heyet e\u015flik etti. Ziyaret s\u0131ras\u0131nda \u00e7ift\u00e7ilerin ma\u011fduriyetlerini ve zirai donun bah\u00e7elerdeki meyve a\u011fa\u00e7lar\u0131na vermi\u015f oldu\u011fu zarar\u0131 Say\u0131n Bakan\u0131n yerinde g\u00f6rd\u00fc\u011f\u00fcn\u00fc belirten Ba\u015fkan Er, \u201c\u00c7ift\u00e7ilerimizin ya\u015fam\u0131\u015f oldu\u011fu ma\u011fduriyeti \u00f6nce Say\u0131n Bakan\u0131m\u0131za ileterek Malatya\u2019m\u0131za davet ettim. Hemen ertesi g\u00fcn\u00fc konuyu detayl\u0131 bir \u015fekilde, gerek \u0130stanbul\u2019da gerekse de u\u00e7akla Ankara\u2019ya giderken Say\u0131n Cumhurba\u015fkan\u0131m\u0131za arz ettim.\u00a0 Sa\u011f olsunlar Say\u0131n Bakan\u0131m\u0131z zirai dondan &hellip;\" \/>\n<meta property=\"og:url\" content=\"https:\/\/denizcankizil.tr\/ru\/haberler\/gundem\/malatyada-zirai-don-magduriyeti\/\" \/>\n<meta property=\"og:site_name\" content=\"Av. Deniz Can K\u0131z\u0131l\" \/>\n<meta property=\"article:published_time\" content=\"2025-04-17T06:42:07+00:00\" \/>\n<meta name=\"author\" content=\"admin\" \/>\n<meta name=\"twitter:card\" content=\"summary_large_image\" \/>\n<meta name=\"twitter:label1\" content=\"\u041d\u0430\u043f\u0438\u0441\u0430\u043d\u043e \u0430\u0432\u0442\u043e\u0440\u043e\u043c\" \/>\n\t<meta name=\"twitter:data1\" content=\"admin\" \/>\n\t<meta name=\"twitter:label2\" content=\"\u041f\u0440\u0438\u043c\u0435\u0440\u043d\u043e\u0435 \u0432\u0440\u0435\u043c\u044f \u0434\u043b\u044f \u0447\u0442\u0435\u043d\u0438\u044f\" \/>\n\t<meta name=\"twitter:data2\" content=\"4 \u043c\u0438\u043d\u0443\u0442\u044b\" \/>\n<script type=\"application\/ld+json\" class=\"yoast-schema-graph\">{\"@context\":\"https:\/\/schema.org\",\"@graph\":[{\"@type\":\"Article\",\"@id\":\"https:\/\/denizcankizil.tr\/de\/haberler\/gundem\/malatyada-zirai-don-magduriyeti\/#article\",\"isPartOf\":{\"@id\":\"https:\/\/denizcankizil.tr\/de\/haberler\/gundem\/malatyada-zirai-don-magduriyeti\/\"},\"author\":{\"name\":\"admin\",\"@id\":\"https:\/\/denizcankizil.tr\/de\/#\/schema\/person\/be3c05fe6a12686905512445d8185489\"},\"headline\":\"Malatya\u2019da zirai don ma\u011fduriyeti\",\"datePublished\":\"2025-04-17T06:42:07+00:00\",\"mainEntityOfPage\":{\"@id\":\"https:\/\/denizcankizil.tr\/de\/haberler\/gundem\/malatyada-zirai-don-magduriyeti\/\"},\"wordCount\":732,\"publisher\":{\"@id\":\"https:\/\/denizcankizil.tr\/de\/#organization\"},\"articleSection\":[\"G\u00fcndem\"],\"inLanguage\":\"ru-RU\"},{\"@type\":\"WebPage\",\"@id\":\"https:\/\/denizcankizil.tr\/de\/haberler\/gundem\/malatyada-zirai-don-magduriyeti\/\",\"url\":\"https:\/\/denizcankizil.tr\/de\/haberler\/gundem\/malatyada-zirai-don-magduriyeti\/\",\"name\":\"Malatya\u2019da zirai don ma\u011fduriyeti - Av. Deniz Can K\u0131z\u0131l\",\"isPartOf\":{\"@id\":\"https:\/\/denizcankizil.tr\/de\/#website\"},\"datePublished\":\"2025-04-17T06:42:07+00:00\",\"breadcrumb\":{\"@id\":\"https:\/\/denizcankizil.tr\/de\/haberler\/gundem\/malatyada-zirai-don-magduriyeti\/#breadcrumb\"},\"inLanguage\":\"ru-RU\",\"potentialAction\":[{\"@type\":\"ReadAction\",\"target\":[\"https:\/\/denizcankizil.tr\/de\/haberler\/gundem\/malatyada-zirai-don-magduriyeti\/\"]}]},{\"@type\":\"BreadcrumbList\",\"@id\":\"https:\/\/denizcankizil.tr\/de\/haberler\/gundem\/malatyada-zirai-don-magduriyeti\/#breadcrumb\",\"itemListElement\":[{\"@type\":\"ListItem\",\"position\":1,\"name\":\"Home\",\"item\":\"https:\/\/denizcankizil.tr\/de\/\"},{\"@type\":\"ListItem\",\"position\":2,\"name\":\"Malatya\u2019da zirai don ma\u011fduriyeti\"}]},{\"@type\":\"WebSite\",\"@id\":\"https:\/\/denizcankizil.tr\/de\/#website\",\"url\":\"https:\/\/denizcankizil.tr\/de\/\",\"name\":\"Av. Deniz Can K\u0131z\u0131l\",\"description\":\"Avukat Deniz Can K\u0131z\u0131l Antalya Barosu\",\"publisher\":{\"@id\":\"https:\/\/denizcankizil.tr\/de\/#organization\"},\"potentialAction\":[{\"@type\":\"SearchAction\",\"target\":{\"@type\":\"EntryPoint\",\"urlTemplate\":\"https:\/\/denizcankizil.tr\/de\/?s={search_term_string}\"},\"query-input\":{\"@type\":\"PropertyValueSpecification\",\"valueRequired\":true,\"valueName\":\"search_term_string\"}}],\"inLanguage\":\"ru-RU\"},{\"@type\":\"Organization\",\"@id\":\"https:\/\/denizcankizil.tr\/de\/#organization\",\"name\":\"Av. Deniz Can K\u0131z\u0131l\",\"url\":\"https:\/\/denizcankizil.tr\/de\/\",\"logo\":{\"@type\":\"ImageObject\",\"inLanguage\":\"ru-RU\",\"@id\":\"https:\/\/denizcankizil.tr\/de\/#\/schema\/logo\/image\/\",\"url\":\"http:\/\/denizcankizil.tr\/wp-content\/uploads\/2024\/10\/siyah-logo-svg.svg\",\"contentUrl\":\"http:\/\/denizcankizil.tr\/wp-content\/uploads\/2024\/10\/siyah-logo-svg.svg\",\"width\":1080,\"height\":1080,\"caption\":\"Av. Deniz Can K\u0131z\u0131l\"},\"image\":{\"@id\":\"https:\/\/denizcankizil.tr\/de\/#\/schema\/logo\/image\/\"}},{\"@type\":\"Person\",\"@id\":\"https:\/\/denizcankizil.tr\/de\/#\/schema\/person\/be3c05fe6a12686905512445d8185489\",\"name\":\"admin\",\"image\":{\"@type\":\"ImageObject\",\"inLanguage\":\"ru-RU\",\"@id\":\"https:\/\/denizcankizil.tr\/de\/#\/schema\/person\/image\/\",\"url\":\"https:\/\/secure.gravatar.com\/avatar\/c1fce94c830dc79107e174f890d7210541c4a63e8e5d816341794a2151c9d58c?s=96&d=mm&r=g\",\"contentUrl\":\"https:\/\/secure.gravatar.com\/avatar\/c1fce94c830dc79107e174f890d7210541c4a63e8e5d816341794a2151c9d58c?s=96&d=mm&r=g\",\"caption\":\"admin\"},\"sameAs\":[\"http:\/\/denizcankizil.tr\"],\"url\":\"https:\/\/www.iskenderun.org\/malatyada-zirai-don-magduriyeti\"}]}<\/script>\n<!-- \/ Yoast SEO Premium plugin. -->","yoast_head_json":{"title":"Malatya\u2019da zirai don ma\u011fduriyeti - Av. Deniz Can K\u0131z\u0131l","robots":{"index":"index","follow":"follow","max-snippet":"max-snippet:-1","max-image-preview":"max-image-preview:large","max-video-preview":"max-video-preview:-1"},"canonical":"https:\/\/denizcankizil.tr\/ru\/haberler\/gundem\/malatyada-zirai-don-magduriyeti\/","og_locale":"ru_RU","og_type":"article","og_title":"Malatya\u2019da zirai don ma\u011fduriyeti","og_description":"34 ili kapsayan zirai donun etkilerini sahada g\u00f6rmek ve isti\u015farelerde bulunmak \u00fczere Tar\u0131m ve Orman Bakan\u0131 \u0130brahim Yumakl\u0131 ilk ziyaretini Malatya\u2019ya ger\u00e7ekle\u015ftirdi.MALATYA (\u0130GFA) &#8211;\u00a0Ge\u00e7ti\u011fimiz g\u00fcnlerde T\u00fcrkiye\u2019nin bir\u00e7ok b\u00f6lgesinde oldu\u011fu gibi Malatya\u2019da zirai dondan etkilenmi\u015fti. Umutlar\u0131n\u0131 kay\u0131s\u0131 bah\u00e7elerine ba\u011flayan Malatyal\u0131 \u00e7ift\u00e7ilerin sorunlar\u0131n\u0131 Tar\u0131m ve Orman Bakan\u0131 \u0130brahim Yumakl\u0131\u2019ya ileterek Malatya\u2019ya davet eden B\u00fcy\u00fck\u015fehir Belediye Ba\u015fkan\u0131 Sami Er, ertesi g\u00fcn zirai donun boyutlar\u0131n\u0131 \u0130stanbul ve Ankara\u2019da Cumhurba\u015fkan\u0131 Recep Tayyip Erdo\u011fan\u2019a iletmi\u015fti. Malatya ziyareti kapsam\u0131nda kay\u0131s\u0131 bah\u00e7elerinde saha taramas\u0131n\u0131 yapan Bakan Yumakl\u0131, daha sonra Malatya Valili\u011fi\u2019ne ge\u00e7erek, bir toplant\u0131 d\u00fczenledi.\u00a0 Ger\u00e7ekle\u015ftirilen toplant\u0131 sonras\u0131nda Tar\u0131m ve Orman Bakan\u0131 \u0130brahim Yumakl\u0131 Malatya B\u00fcy\u00fck\u015fehir Belediye Ba\u015fkan\u0131 Sami Er\u2019i ziyaret ederek bir s\u00fcre g\u00f6r\u00fc\u015ft\u00fc. Ziyarette Tar\u0131m ve Orman Bakan\u0131 \u0130brahim Yumakl\u0131\u2019ya Malatya Valisi Seddar Yavuz, AK Parti Malatya Milletvekilleri B\u00fclent T\u00fcfenkci, \u0130nan\u00e7 Sira\u00e7 Kara \u00d6lmeztoprak,\u00a0 Abdurrahman Babacan, MHP Malatya Milletvekili Mehmet Celal Fendo\u011flu, il\u00e7e belediye ba\u015fkanlar\u0131 ile kalabal\u0131k bir heyet e\u015flik etti. Ziyaret s\u0131ras\u0131nda \u00e7ift\u00e7ilerin ma\u011fduriyetlerini ve zirai donun bah\u00e7elerdeki meyve a\u011fa\u00e7lar\u0131na vermi\u015f oldu\u011fu zarar\u0131 Say\u0131n Bakan\u0131n yerinde g\u00f6rd\u00fc\u011f\u00fcn\u00fc belirten Ba\u015fkan Er, \u201c\u00c7ift\u00e7ilerimizin ya\u015fam\u0131\u015f oldu\u011fu ma\u011fduriyeti \u00f6nce Say\u0131n Bakan\u0131m\u0131za ileterek Malatya\u2019m\u0131za davet ettim. Hemen ertesi g\u00fcn\u00fc konuyu detayl\u0131 bir \u015fekilde, gerek \u0130stanbul\u2019da gerekse de u\u00e7akla Ankara\u2019ya giderken Say\u0131n Cumhurba\u015fkan\u0131m\u0131za arz ettim.\u00a0 Sa\u011f olsunlar Say\u0131n Bakan\u0131m\u0131z zirai dondan &hellip;","og_url":"https:\/\/denizcankizil.tr\/ru\/haberler\/gundem\/malatyada-zirai-don-magduriyeti\/","og_site_name":"Av. Deniz Can K\u0131z\u0131l","article_published_time":"2025-04-17T06:42:07+00:00","author":"admin","twitter_card":"summary_large_image","twitter_misc":{"\u041d\u0430\u043f\u0438\u0441\u0430\u043d\u043e \u0430\u0432\u0442\u043e\u0440\u043e\u043c":"admin","\u041f\u0440\u0438\u043c\u0435\u0440\u043d\u043e\u0435 \u0432\u0440\u0435\u043c\u044f \u0434\u043b\u044f \u0447\u0442\u0435\u043d\u0438\u044f":"4 \u043c\u0438\u043d\u0443\u0442\u044b"},"schema":{"@context":"https:\/\/schema.org","@graph":[{"@type":"Article","@id":"https:\/\/denizcankizil.tr\/de\/haberler\/gundem\/malatyada-zirai-don-magduriyeti\/#article","isPartOf":{"@id":"https:\/\/denizcankizil.tr\/de\/haberler\/gundem\/malatyada-zirai-don-magduriyeti\/"},"author":{"name":"admin","@id":"https:\/\/denizcankizil.tr\/de\/#\/schema\/person\/be3c05fe6a12686905512445d8185489"},"headline":"Malatya\u2019da zirai don ma\u011fduriyeti","datePublished":"2025-04-17T06:42:07+00:00","mainEntityOfPage":{"@id":"https:\/\/denizcankizil.tr\/de\/haberler\/gundem\/malatyada-zirai-don-magduriyeti\/"},"wordCount":732,"publisher":{"@id":"https:\/\/denizcankizil.tr\/de\/#organization"},"articleSection":["G\u00fcndem"],"inLanguage":"ru-RU"},{"@type":"WebPage","@id":"https:\/\/denizcankizil.tr\/de\/haberler\/gundem\/malatyada-zirai-don-magduriyeti\/","url":"https:\/\/denizcankizil.tr\/de\/haberler\/gundem\/malatyada-zirai-don-magduriyeti\/","name":"Malatya\u2019da zirai don ma\u011fduriyeti - Av. Deniz Can K\u0131z\u0131l","isPartOf":{"@id":"https:\/\/denizcankizil.tr\/de\/#website"},"datePublished":"2025-04-17T06:42:07+00:00","breadcrumb":{"@id":"https:\/\/denizcankizil.tr\/de\/haberler\/gundem\/malatyada-zirai-don-magduriyeti\/#breadcrumb"},"inLanguage":"ru-RU","potentialAction":[{"@type":"ReadAction","target":["https:\/\/denizcankizil.tr\/de\/haberler\/gundem\/malatyada-zirai-don-magduriyeti\/"]}]},{"@type":"BreadcrumbList","@id":"https:\/\/denizcankizil.tr\/de\/haberler\/gundem\/malatyada-zirai-don-magduriyeti\/#breadcrumb","itemListElement":[{"@type":"ListItem","position":1,"name":"Home","item":"https:\/\/denizcankizil.tr\/de\/"},{"@type":"ListItem","position":2,"name":"Malatya\u2019da zirai don ma\u011fduriyeti"}]},{"@type":"WebSite","@id":"https:\/\/denizcankizil.tr\/de\/#website","url":"https:\/\/denizcankizil.tr\/de\/","name":"Av. Deniz Can K\u0131z\u0131l","description":"Avukat Deniz Can K\u0131z\u0131l Antalya Barosu","publisher":{"@id":"https:\/\/denizcankizil.tr\/de\/#organization"},"potentialAction":[{"@type":"SearchAction","target":{"@type":"EntryPoint","urlTemplate":"https:\/\/denizcankizil.tr\/de\/?s={search_term_string}"},"query-input":{"@type":"PropertyValueSpecification","valueRequired":true,"valueName":"search_term_string"}}],"inLanguage":"ru-RU"},{"@type":"Organization","@id":"https:\/\/denizcankizil.tr\/de\/#organization","name":"Av. Deniz Can K\u0131z\u0131l","url":"https:\/\/denizcankizil.tr\/de\/","logo":{"@type":"ImageObject","inLanguage":"ru-RU","@id":"https:\/\/denizcankizil.tr\/de\/#\/schema\/logo\/image\/","url":"http:\/\/denizcankizil.tr\/wp-content\/uploads\/2024\/10\/siyah-logo-svg.svg","contentUrl":"http:\/\/denizcankizil.tr\/wp-content\/uploads\/2024\/10\/siyah-logo-svg.svg","width":1080,"height":1080,"caption":"Av. Deniz Can K\u0131z\u0131l"},"image":{"@id":"https:\/\/denizcankizil.tr\/de\/#\/schema\/logo\/image\/"}},{"@type":"Person","@id":"https:\/\/denizcankizil.tr\/de\/#\/schema\/person\/be3c05fe6a12686905512445d8185489","name":"\u0430\u0434\u043c\u0438\u043d","image":{"@type":"ImageObject","inLanguage":"ru-RU","@id":"https:\/\/denizcankizil.tr\/de\/#\/schema\/person\/image\/","url":"https:\/\/secure.gravatar.com\/avatar\/c1fce94c830dc79107e174f890d7210541c4a63e8e5d816341794a2151c9d58c?s=96&d=mm&r=g","contentUrl":"https:\/\/secure.gravatar.com\/avatar\/c1fce94c830dc79107e174f890d7210541c4a63e8e5d816341794a2151c9d58c?s=96&d=mm&r=g","caption":"admin"},"sameAs":["http:\/\/denizcankizil.tr"],"url":"https:\/\/www.iskenderun.org\/malatyada-zirai-don-magduriyeti"}]}},"_links":{"self":[{"href":"http:\/\/denizcankizil.tr\/ru\/wp-json\/wp\/v2\/posts\/58296","targetHints":{"allow":["GET"]}}],"collection":[{"href":"http:\/\/denizcankizil.tr\/ru\/wp-json\/wp\/v2\/posts"}],"about":[{"href":"http:\/\/denizcankizil.tr\/ru\/wp-json\/wp\/v2\/types\/post"}],"author":[{"embeddable":true,"href":"http:\/\/denizcankizil.tr\/ru\/wp-json\/wp\/v2\/users\/1"}],"replies":[{"embeddable":true,"href":"http:\/\/denizcankizil.tr\/ru\/wp-json\/wp\/v2\/comments?post=58296"}],"version-history":[{"count":0,"href":"http:\/\/denizcankizil.tr\/ru\/wp-json\/wp\/v2\/posts\/58296\/revisions"}],"wp:attachment":[{"href":"http:\/\/denizcankizil.tr\/ru\/wp-json\/wp\/v2\/media?parent=58296"}],"wp:term":[{"taxonomy":"category","embeddable":true,"href":"http:\/\/denizcankizil.tr\/ru\/wp-json\/wp\/v2\/categories?post=58296"},{"taxonomy":"post_tag","embeddable":true,"href":"http:\/\/denizcankizil.tr\/ru\/wp-json\/wp\/v2\/tags?post=58296"}],"curies":[{"name":"wp","href":"https:\/\/api.w.org\/{rel}","templated":true}]}}