{"id":56374,"date":"2025-04-15T11:48:00","date_gmt":"2025-04-15T08:48:00","guid":{"rendered":"https:\/\/denizcankizil.tr\/uncategorized-tr\/adana-barosunda-ruhsat-toreni\/"},"modified":"2025-04-15T11:48:00","modified_gmt":"2025-04-15T08:48:00","slug":"adana-barosunda-ruhsat-toreni","status":"publish","type":"post","link":"http:\/\/denizcankizil.tr\/ru\/hukukihaber\/adana-barosunda-ruhsat-toreni\/","title":{"rendered":"Adana Barosu&#8217;nda ruhsat t\u00f6reni"},"content":{"rendered":"<p>T\u00f6rene Baro Ba\u015fkan\u0131 Av. Volkan B\u00f6ke, Y\u00f6netim Kurulu \u00dcyeleri Av. Bar\u0131s\u0327 Sog\u0306ukp\u0131nar, Av. Mehmet Go\u0308kberk, Av. Maide I\u0307ncesoy, Av. O\u0308zgu\u0308r Bar\u0131s\u0327 Telli, Av. Deniz Go\u0308kc\u0327e Kavakl\u0131 Ar\u0131kan, avukatlar, aileler ile misafirler kat\u0131ld\u0131.<\/p>\n<p>Ruhsat t\u00f6reninde konu\u015fan Ba\u015fkan Av. Volkan B\u00f6ke, \u201cAram\u0131za kat\u0131larak bizlere g\u00fc\u00e7 verecek olan gen\u00e7 meslekta\u015flar\u0131m\u0131za, onlar\u0131 bug\u00fcnlere getiren ailelerine ve stajyer avukatlar\u0131m\u0131za staj d\u00f6nemlerinde emek veren meslekta\u015flar\u0131ma te\u015fekk\u00fcr ederim.\u201d dedi.<\/p>\n<p>\u201cAVUKATLIK MESLE\u011e\u0130 B\u0130LG\u0130 VE DONANIM \u0130STEYEN VE \u0130\u00c7ER\u0130S\u0130NDE BULUNDU\u011eUMUZ \u00c7A\u011eA AYAK UYDURMA GEREKL\u0130L\u0130\u011e\u0130 OLAN B\u0130R MESLEKT\u0130R\u201d<\/p>\n<p>B\u00f6ke, \u201cBug\u00fcn 11 meslekta\u015f\u0131m\u0131z daha aram\u0131za kat\u0131larak bizlere g\u00fc\u00e7 verecek. Aram\u0131za kat\u0131larak bizlere g\u00fc\u00e7 verecek olan gen\u00e7 meslekta\u015flar\u0131m\u0131z\u0131n daha iyi ko\u015fullarda \u00e7al\u0131\u015fabilmeleri ad\u0131na Baro olarak elimizden geleni yapma gayretiyle hareket ediyoruz. Bu ama\u00e7la yeni bir mobil uygulama geli\u015ftirdik. \u015eu an bir\u00e7ok meslekta\u015f\u0131m\u0131z taraf\u0131ndan sorunsuz bir \u015fekilde kullan\u0131l\u0131yor. Avukatl\u0131k mesle\u011fi bilgi ve donan\u0131m isteyen ve i\u00e7erisinde bulundu\u011fumuz \u00e7a\u011fa ayak uydurma gereklili\u011fi olan bir meslektir. Bizler de bu gereklili\u011fin fark\u0131ndal\u0131\u011f\u0131yla \u00e7a\u011fa uygun olacak \u015fekilde emek verme hedefiyle hareket ediyoruz ve Adana Barosu y\u00f6netimi olarak bu do\u011frultuda yenilikler yap\u0131yoruz\u201d \u015feklinde konu\u015ftu.<\/p>\n<p>\u201cAVUKAT OLMADAN ADALET, ADALET OLMADAN DA DEVLET OLMAZ\u201d<\/p>\n<p>Ruhsat alan avukatlar\u0131 ve ailelerini kutlayan B\u00f6ke, \u201cAvukatl\u0131k, hayatla birlikte y\u00fcr\u00fct\u00fclen bir meslek de\u011fil, hayat\u0131n bizzat mesle\u011fe adand\u0131\u011f\u0131 bir ya\u015fam bi\u00e7imidir. Bu meslekte durmak insan\u0131 her zaman geriye g\u00f6t\u00fcr\u00fcr. Durarak de\u011fil, hep ileriye bakarak ve ilerlemek i\u00e7in \u00e7aba sarf ederek \u00e7al\u0131\u015fmak zorunday\u0131z. Avukatlar toplumun ayd\u0131nl\u0131k y\u00fcz\u00fcd\u00fcr. Avukat olmadan adalet, adalet olmadan da devlet olmaz. Bug\u00fcn ruhsatlar\u0131n\u0131 alarak mesle\u011fe ilk ad\u0131mlar\u0131n\u0131 atacak olan meslekta\u015flar\u0131m\u0131z\u0131n bu yolda daha sa\u011flam \u015fekilde ilerleyebilmeleri i\u00e7in her zaman yanlar\u0131nday\u0131z. Avukatl\u0131k And\u0131n\u0131 okuyarak ruhsat\u0131n\u0131 alacak olan gen\u00e7 meslekta\u015flar\u0131m\u0131z\u0131 tebrik ediyor ve uzun soluklu bir meslek ya\u015fam\u0131 diliyorum. Aram\u0131za ho\u015f geldiniz.\u201d c\u00fcmlelerine yer verdi.<\/p>\n<p>B\u00f6ke\u2019nin konu\u015fmas\u0131n\u0131n ard\u0131ndan ruhsat alan avukatlara c\u00fcbbeleri; Av. Sefa \u00dcn, Av. Kurtulu\u015f Do\u011fan, Av. Mehmet Alperen Duran, Av. Fidan \u00c7ak\u0131r, Av. Emre Kargao\u011flu, Av. Cebrail Uskuner, Av. Ramazan Co\u015fkun, Av. Vedat Tekg\u00f6z, Av. Rauf Ad\u0131yaman ve Av. Mehmet Ersava\u015f taraf\u0131ndan giydirildi.<\/p>\n<p>T\u00f6ren, ruhsat alan avukatlar\u0131n duygu ve d\u00fc\u015f\u00fcncelerini ifade etmelerinin ard\u0131ndan \u00e7ekilen toplu foto\u011frafla sona erdi.<\/p>\n<p>\u200bStaj d\u00f6nemlerini ba\u015far\u0131yla tamamlayan Furkan Ep\u00e7a\u00e7an, Mert Kaan Ye\u015fil, Deniz Kalao\u011flu, Ramazan Acarlar, Hasan Kaplan, Mikail Baysungur, Yunus Emre Akay, Zehre \u0130lbilgili, Onur Temel, Ay\u015feg\u00fcl G\u00fcler ve Hakan Mertcan i\u00e7in Adana Barosu Avukatlar Salonu\u2019nda ruhsat t\u00f6reni d\u00fczenlendi.\u00a0Hukuki Haber<\/p>","protected":false},"excerpt":{"rendered":"<p>T\u00f6rene Baro Ba\u015fkan\u0131 Av. Volkan B\u00f6ke, Y\u00f6netim Kurulu \u00dcyeleri Av. Bar\u0131s\u0327 Sog\u0306ukp\u0131nar, Av. Mehmet Go\u0308kberk, Av. Maide I\u0307ncesoy, Av. O\u0308zgu\u0308r Bar\u0131s\u0327 Telli, Av. Deniz Go\u0308kc\u0327e Kavakl\u0131 Ar\u0131kan, avukatlar, aileler ile misafirler kat\u0131ld\u0131. Ruhsat t\u00f6reninde konu\u015fan Ba\u015fkan Av. Volkan B\u00f6ke, \u201cAram\u0131za kat\u0131larak bizlere g\u00fc\u00e7 verecek olan gen\u00e7 meslekta\u015flar\u0131m\u0131za, onlar\u0131 bug\u00fcnlere getiren ailelerine ve stajyer avukatlar\u0131m\u0131za staj d\u00f6nemlerinde emek veren meslekta\u015flar\u0131ma te\u015fekk\u00fcr ederim.\u201d dedi. \u201cAVUKATLIK MESLE\u011e\u0130 B\u0130LG\u0130 VE DONANIM \u0130STEYEN VE \u0130\u00c7ER\u0130S\u0130NDE BULUNDU\u011eUMUZ \u00c7A\u011eA AYAK UYDURMA GEREKL\u0130L\u0130\u011e\u0130 OLAN B\u0130R MESLEKT\u0130R\u201d B\u00f6ke, \u201cBug\u00fcn 11 meslekta\u015f\u0131m\u0131z daha aram\u0131za kat\u0131larak bizlere g\u00fc\u00e7 verecek. Aram\u0131za kat\u0131larak bizlere g\u00fc\u00e7 verecek olan gen\u00e7 meslekta\u015flar\u0131m\u0131z\u0131n daha iyi ko\u015fullarda \u00e7al\u0131\u015fabilmeleri ad\u0131na Baro olarak elimizden geleni yapma gayretiyle hareket ediyoruz. Bu ama\u00e7la yeni bir mobil uygulama geli\u015ftirdik. \u015eu an bir\u00e7ok meslekta\u015f\u0131m\u0131z taraf\u0131ndan sorunsuz bir \u015fekilde kullan\u0131l\u0131yor. Avukatl\u0131k mesle\u011fi bilgi ve donan\u0131m isteyen ve i\u00e7erisinde bulundu\u011fumuz \u00e7a\u011fa ayak uydurma gereklili\u011fi olan bir meslektir. Bizler de bu gereklili\u011fin fark\u0131ndal\u0131\u011f\u0131yla \u00e7a\u011fa uygun olacak \u015fekilde emek verme hedefiyle hareket ediyoruz ve Adana Barosu y\u00f6netimi olarak bu do\u011frultuda yenilikler yap\u0131yoruz\u201d \u015feklinde konu\u015ftu. \u201cAVUKAT OLMADAN ADALET, ADALET OLMADAN DA DEVLET OLMAZ\u201d Ruhsat alan avukatlar\u0131 ve ailelerini kutlayan B\u00f6ke, \u201cAvukatl\u0131k, hayatla birlikte y\u00fcr\u00fct\u00fclen bir meslek de\u011fil, hayat\u0131n bizzat mesle\u011fe adand\u0131\u011f\u0131 bir ya\u015fam bi\u00e7imidir. Bu meslekte durmak insan\u0131 her &hellip;<\/p>","protected":false},"author":3,"featured_media":0,"comment_status":"","ping_status":"open","sticky":false,"template":"","format":"standard","meta":{"_acf_changed":false,"footnotes":""},"categories":[27],"tags":[],"class_list":["post-56374","post","type-post","status-publish","format-standard","has-post-thumbnail","hentry","category-hukukihaber"],"acf":[],"yoast_head":"<!-- This site is optimized with the Yoast SEO Premium plugin v26.6 (Yoast SEO v27.1.1) - https:\/\/yoast.com\/product\/yoast-seo-premium-wordpress\/ -->\n<title>Adana Barosu&#039;nda ruhsat t\u00f6reni - Av. Deniz Can K\u0131z\u0131l<\/title>\n<meta name=\"robots\" content=\"index, follow, max-snippet:-1, max-image-preview:large, max-video-preview:-1\" \/>\n<link rel=\"canonical\" href=\"http:\/\/denizcankizil.tr\/ru\/hukukihaber\/adana-barosunda-ruhsat-toreni\/\" \/>\n<meta property=\"og:locale\" content=\"ru_RU\" \/>\n<meta property=\"og:type\" content=\"article\" \/>\n<meta property=\"og:title\" content=\"Adana Barosu&#039;nda ruhsat t\u00f6reni\" \/>\n<meta property=\"og:description\" content=\"T\u00f6rene Baro Ba\u015fkan\u0131 Av. Volkan B\u00f6ke, Y\u00f6netim Kurulu \u00dcyeleri Av. Bar\u0131s\u0327 Sog\u0306ukp\u0131nar, Av. Mehmet Go\u0308kberk, Av. Maide I\u0307ncesoy, Av. O\u0308zgu\u0308r Bar\u0131s\u0327 Telli, Av. Deniz Go\u0308kc\u0327e Kavakl\u0131 Ar\u0131kan, avukatlar, aileler ile misafirler kat\u0131ld\u0131. Ruhsat t\u00f6reninde konu\u015fan Ba\u015fkan Av. Volkan B\u00f6ke, \u201cAram\u0131za kat\u0131larak bizlere g\u00fc\u00e7 verecek olan gen\u00e7 meslekta\u015flar\u0131m\u0131za, onlar\u0131 bug\u00fcnlere getiren ailelerine ve stajyer avukatlar\u0131m\u0131za staj d\u00f6nemlerinde emek veren meslekta\u015flar\u0131ma te\u015fekk\u00fcr ederim.\u201d dedi. \u201cAVUKATLIK MESLE\u011e\u0130 B\u0130LG\u0130 VE DONANIM \u0130STEYEN VE \u0130\u00c7ER\u0130S\u0130NDE BULUNDU\u011eUMUZ \u00c7A\u011eA AYAK UYDURMA GEREKL\u0130L\u0130\u011e\u0130 OLAN B\u0130R MESLEKT\u0130R\u201d B\u00f6ke, \u201cBug\u00fcn 11 meslekta\u015f\u0131m\u0131z daha aram\u0131za kat\u0131larak bizlere g\u00fc\u00e7 verecek. Aram\u0131za kat\u0131larak bizlere g\u00fc\u00e7 verecek olan gen\u00e7 meslekta\u015flar\u0131m\u0131z\u0131n daha iyi ko\u015fullarda \u00e7al\u0131\u015fabilmeleri ad\u0131na Baro olarak elimizden geleni yapma gayretiyle hareket ediyoruz. Bu ama\u00e7la yeni bir mobil uygulama geli\u015ftirdik. \u015eu an bir\u00e7ok meslekta\u015f\u0131m\u0131z taraf\u0131ndan sorunsuz bir \u015fekilde kullan\u0131l\u0131yor. Avukatl\u0131k mesle\u011fi bilgi ve donan\u0131m isteyen ve i\u00e7erisinde bulundu\u011fumuz \u00e7a\u011fa ayak uydurma gereklili\u011fi olan bir meslektir. Bizler de bu gereklili\u011fin fark\u0131ndal\u0131\u011f\u0131yla \u00e7a\u011fa uygun olacak \u015fekilde emek verme hedefiyle hareket ediyoruz ve Adana Barosu y\u00f6netimi olarak bu do\u011frultuda yenilikler yap\u0131yoruz\u201d \u015feklinde konu\u015ftu. \u201cAVUKAT OLMADAN ADALET, ADALET OLMADAN DA DEVLET OLMAZ\u201d Ruhsat alan avukatlar\u0131 ve ailelerini kutlayan B\u00f6ke, \u201cAvukatl\u0131k, hayatla birlikte y\u00fcr\u00fct\u00fclen bir meslek de\u011fil, hayat\u0131n bizzat mesle\u011fe adand\u0131\u011f\u0131 bir ya\u015fam bi\u00e7imidir. Bu meslekte durmak insan\u0131 her &hellip;\" \/>\n<meta property=\"og:url\" content=\"http:\/\/denizcankizil.tr\/ru\/hukukihaber\/adana-barosunda-ruhsat-toreni\/\" \/>\n<meta property=\"og:site_name\" content=\"Av. Deniz Can K\u0131z\u0131l\" \/>\n<meta property=\"article:published_time\" content=\"2025-04-15T08:48:00+00:00\" \/>\n<meta name=\"author\" content=\"Hukuki Haber.net\" \/>\n<meta name=\"twitter:card\" content=\"summary_large_image\" \/>\n<meta name=\"twitter:label1\" content=\"\u041d\u0430\u043f\u0438\u0441\u0430\u043d\u043e \u0430\u0432\u0442\u043e\u0440\u043e\u043c\" \/>\n\t<meta name=\"twitter:data1\" content=\"Hukuki Haber.net\" \/>\n\t<meta name=\"twitter:label2\" content=\"\u041f\u0440\u0438\u043c\u0435\u0440\u043d\u043e\u0435 \u0432\u0440\u0435\u043c\u044f \u0434\u043b\u044f \u0447\u0442\u0435\u043d\u0438\u044f\" \/>\n\t<meta name=\"twitter:data2\" content=\"3 \u043c\u0438\u043d\u0443\u0442\u044b\" \/>\n<script type=\"application\/ld+json\" class=\"yoast-schema-graph\">{\"@context\":\"https:\/\/schema.org\",\"@graph\":[{\"@type\":\"Article\",\"@id\":\"http:\/\/denizcankizil.tr\/de\/hukukihaber\/adana-barosunda-ruhsat-toreni\/#article\",\"isPartOf\":{\"@id\":\"http:\/\/denizcankizil.tr\/de\/hukukihaber\/adana-barosunda-ruhsat-toreni\/\"},\"author\":{\"name\":\"Hukuki Haber.net\",\"@id\":\"https:\/\/denizcankizil.tr\/de\/#\/schema\/person\/001a271de994a0aa3f90eea084424822\"},\"headline\":\"Adana Barosu&#8217;nda ruhsat t\u00f6reni\",\"datePublished\":\"2025-04-15T08:48:00+00:00\",\"mainEntityOfPage\":{\"@id\":\"http:\/\/denizcankizil.tr\/de\/hukukihaber\/adana-barosunda-ruhsat-toreni\/\"},\"wordCount\":526,\"publisher\":{\"@id\":\"https:\/\/denizcankizil.tr\/de\/#organization\"},\"articleSection\":[\"Hukuki Haberler\"],\"inLanguage\":\"ru-RU\"},{\"@type\":\"WebPage\",\"@id\":\"http:\/\/denizcankizil.tr\/de\/hukukihaber\/adana-barosunda-ruhsat-toreni\/\",\"url\":\"http:\/\/denizcankizil.tr\/de\/hukukihaber\/adana-barosunda-ruhsat-toreni\/\",\"name\":\"Adana Barosu'nda ruhsat t\u00f6reni - Av. Deniz Can K\u0131z\u0131l\",\"isPartOf\":{\"@id\":\"https:\/\/denizcankizil.tr\/de\/#website\"},\"datePublished\":\"2025-04-15T08:48:00+00:00\",\"breadcrumb\":{\"@id\":\"http:\/\/denizcankizil.tr\/de\/hukukihaber\/adana-barosunda-ruhsat-toreni\/#breadcrumb\"},\"inLanguage\":\"ru-RU\",\"potentialAction\":[{\"@type\":\"ReadAction\",\"target\":[\"http:\/\/denizcankizil.tr\/de\/hukukihaber\/adana-barosunda-ruhsat-toreni\/\"]}]},{\"@type\":\"BreadcrumbList\",\"@id\":\"http:\/\/denizcankizil.tr\/de\/hukukihaber\/adana-barosunda-ruhsat-toreni\/#breadcrumb\",\"itemListElement\":[{\"@type\":\"ListItem\",\"position\":1,\"name\":\"Home\",\"item\":\"https:\/\/denizcankizil.tr\/de\/\"},{\"@type\":\"ListItem\",\"position\":2,\"name\":\"Adana Barosu&#8217;nda ruhsat t\u00f6reni\"}]},{\"@type\":\"WebSite\",\"@id\":\"https:\/\/denizcankizil.tr\/de\/#website\",\"url\":\"https:\/\/denizcankizil.tr\/de\/\",\"name\":\"Av. Deniz Can K\u0131z\u0131l\",\"description\":\"Avukat Deniz Can K\u0131z\u0131l Antalya Barosu\",\"publisher\":{\"@id\":\"https:\/\/denizcankizil.tr\/de\/#organization\"},\"potentialAction\":[{\"@type\":\"SearchAction\",\"target\":{\"@type\":\"EntryPoint\",\"urlTemplate\":\"https:\/\/denizcankizil.tr\/de\/?s={search_term_string}\"},\"query-input\":{\"@type\":\"PropertyValueSpecification\",\"valueRequired\":true,\"valueName\":\"search_term_string\"}}],\"inLanguage\":\"ru-RU\"},{\"@type\":\"Organization\",\"@id\":\"https:\/\/denizcankizil.tr\/de\/#organization\",\"name\":\"Av. Deniz Can K\u0131z\u0131l\",\"url\":\"https:\/\/denizcankizil.tr\/de\/\",\"logo\":{\"@type\":\"ImageObject\",\"inLanguage\":\"ru-RU\",\"@id\":\"https:\/\/denizcankizil.tr\/de\/#\/schema\/logo\/image\/\",\"url\":\"http:\/\/denizcankizil.tr\/wp-content\/uploads\/2024\/10\/siyah-logo-svg.svg\",\"contentUrl\":\"http:\/\/denizcankizil.tr\/wp-content\/uploads\/2024\/10\/siyah-logo-svg.svg\",\"width\":1080,\"height\":1080,\"caption\":\"Av. Deniz Can K\u0131z\u0131l\"},\"image\":{\"@id\":\"https:\/\/denizcankizil.tr\/de\/#\/schema\/logo\/image\/\"}},{\"@type\":\"Person\",\"@id\":\"https:\/\/denizcankizil.tr\/de\/#\/schema\/person\/001a271de994a0aa3f90eea084424822\",\"name\":\"Hukuki Haber.net\",\"image\":{\"@type\":\"ImageObject\",\"inLanguage\":\"ru-RU\",\"@id\":\"https:\/\/denizcankizil.tr\/de\/#\/schema\/person\/image\/\",\"url\":\"https:\/\/secure.gravatar.com\/avatar\/57d8a49151495586611a149d29fc42865b951dc053a84709a3172ccb5abf3118?s=96&d=mm&r=g\",\"contentUrl\":\"https:\/\/secure.gravatar.com\/avatar\/57d8a49151495586611a149d29fc42865b951dc053a84709a3172ccb5abf3118?s=96&d=mm&r=g\",\"caption\":\"Hukuki Haber.net\"},\"sameAs\":[\"http:\/\/www.hukukihaber.net\"],\"url\":\"https:\/\/www.hukukihaber.net\/adana-barosunda-ruhsat-toreni-2025\"}]}<\/script>\n<!-- \/ Yoast SEO Premium plugin. -->","yoast_head_json":{"title":"Adana Barosu'nda ruhsat t\u00f6reni - Av. Deniz Can K\u0131z\u0131l","robots":{"index":"index","follow":"follow","max-snippet":"max-snippet:-1","max-image-preview":"max-image-preview:large","max-video-preview":"max-video-preview:-1"},"canonical":"http:\/\/denizcankizil.tr\/ru\/hukukihaber\/adana-barosunda-ruhsat-toreni\/","og_locale":"ru_RU","og_type":"article","og_title":"Adana Barosu'nda ruhsat t\u00f6reni","og_description":"T\u00f6rene Baro Ba\u015fkan\u0131 Av. Volkan B\u00f6ke, Y\u00f6netim Kurulu \u00dcyeleri Av. Bar\u0131s\u0327 Sog\u0306ukp\u0131nar, Av. Mehmet Go\u0308kberk, Av. Maide I\u0307ncesoy, Av. O\u0308zgu\u0308r Bar\u0131s\u0327 Telli, Av. Deniz Go\u0308kc\u0327e Kavakl\u0131 Ar\u0131kan, avukatlar, aileler ile misafirler kat\u0131ld\u0131. Ruhsat t\u00f6reninde konu\u015fan Ba\u015fkan Av. Volkan B\u00f6ke, \u201cAram\u0131za kat\u0131larak bizlere g\u00fc\u00e7 verecek olan gen\u00e7 meslekta\u015flar\u0131m\u0131za, onlar\u0131 bug\u00fcnlere getiren ailelerine ve stajyer avukatlar\u0131m\u0131za staj d\u00f6nemlerinde emek veren meslekta\u015flar\u0131ma te\u015fekk\u00fcr ederim.\u201d dedi. \u201cAVUKATLIK MESLE\u011e\u0130 B\u0130LG\u0130 VE DONANIM \u0130STEYEN VE \u0130\u00c7ER\u0130S\u0130NDE BULUNDU\u011eUMUZ \u00c7A\u011eA AYAK UYDURMA GEREKL\u0130L\u0130\u011e\u0130 OLAN B\u0130R MESLEKT\u0130R\u201d B\u00f6ke, \u201cBug\u00fcn 11 meslekta\u015f\u0131m\u0131z daha aram\u0131za kat\u0131larak bizlere g\u00fc\u00e7 verecek. Aram\u0131za kat\u0131larak bizlere g\u00fc\u00e7 verecek olan gen\u00e7 meslekta\u015flar\u0131m\u0131z\u0131n daha iyi ko\u015fullarda \u00e7al\u0131\u015fabilmeleri ad\u0131na Baro olarak elimizden geleni yapma gayretiyle hareket ediyoruz. Bu ama\u00e7la yeni bir mobil uygulama geli\u015ftirdik. \u015eu an bir\u00e7ok meslekta\u015f\u0131m\u0131z taraf\u0131ndan sorunsuz bir \u015fekilde kullan\u0131l\u0131yor. Avukatl\u0131k mesle\u011fi bilgi ve donan\u0131m isteyen ve i\u00e7erisinde bulundu\u011fumuz \u00e7a\u011fa ayak uydurma gereklili\u011fi olan bir meslektir. Bizler de bu gereklili\u011fin fark\u0131ndal\u0131\u011f\u0131yla \u00e7a\u011fa uygun olacak \u015fekilde emek verme hedefiyle hareket ediyoruz ve Adana Barosu y\u00f6netimi olarak bu do\u011frultuda yenilikler yap\u0131yoruz\u201d \u015feklinde konu\u015ftu. \u201cAVUKAT OLMADAN ADALET, ADALET OLMADAN DA DEVLET OLMAZ\u201d Ruhsat alan avukatlar\u0131 ve ailelerini kutlayan B\u00f6ke, \u201cAvukatl\u0131k, hayatla birlikte y\u00fcr\u00fct\u00fclen bir meslek de\u011fil, hayat\u0131n bizzat mesle\u011fe adand\u0131\u011f\u0131 bir ya\u015fam bi\u00e7imidir. Bu meslekte durmak insan\u0131 her &hellip;","og_url":"http:\/\/denizcankizil.tr\/ru\/hukukihaber\/adana-barosunda-ruhsat-toreni\/","og_site_name":"Av. Deniz Can K\u0131z\u0131l","article_published_time":"2025-04-15T08:48:00+00:00","author":"Hukuki Haber.net","twitter_card":"summary_large_image","twitter_misc":{"\u041d\u0430\u043f\u0438\u0441\u0430\u043d\u043e \u0430\u0432\u0442\u043e\u0440\u043e\u043c":"Hukuki Haber.net","\u041f\u0440\u0438\u043c\u0435\u0440\u043d\u043e\u0435 \u0432\u0440\u0435\u043c\u044f \u0434\u043b\u044f \u0447\u0442\u0435\u043d\u0438\u044f":"3 \u043c\u0438\u043d\u0443\u0442\u044b"},"schema":{"@context":"https:\/\/schema.org","@graph":[{"@type":"Article","@id":"http:\/\/denizcankizil.tr\/de\/hukukihaber\/adana-barosunda-ruhsat-toreni\/#article","isPartOf":{"@id":"http:\/\/denizcankizil.tr\/de\/hukukihaber\/adana-barosunda-ruhsat-toreni\/"},"author":{"name":"Hukuki Haber.net","@id":"https:\/\/denizcankizil.tr\/de\/#\/schema\/person\/001a271de994a0aa3f90eea084424822"},"headline":"Adana Barosu&#8217;nda ruhsat t\u00f6reni","datePublished":"2025-04-15T08:48:00+00:00","mainEntityOfPage":{"@id":"http:\/\/denizcankizil.tr\/de\/hukukihaber\/adana-barosunda-ruhsat-toreni\/"},"wordCount":526,"publisher":{"@id":"https:\/\/denizcankizil.tr\/de\/#organization"},"articleSection":["Hukuki Haberler"],"inLanguage":"ru-RU"},{"@type":"WebPage","@id":"http:\/\/denizcankizil.tr\/de\/hukukihaber\/adana-barosunda-ruhsat-toreni\/","url":"http:\/\/denizcankizil.tr\/de\/hukukihaber\/adana-barosunda-ruhsat-toreni\/","name":"Adana Barosu'nda ruhsat t\u00f6reni - Av. Deniz Can K\u0131z\u0131l","isPartOf":{"@id":"https:\/\/denizcankizil.tr\/de\/#website"},"datePublished":"2025-04-15T08:48:00+00:00","breadcrumb":{"@id":"http:\/\/denizcankizil.tr\/de\/hukukihaber\/adana-barosunda-ruhsat-toreni\/#breadcrumb"},"inLanguage":"ru-RU","potentialAction":[{"@type":"ReadAction","target":["http:\/\/denizcankizil.tr\/de\/hukukihaber\/adana-barosunda-ruhsat-toreni\/"]}]},{"@type":"BreadcrumbList","@id":"http:\/\/denizcankizil.tr\/de\/hukukihaber\/adana-barosunda-ruhsat-toreni\/#breadcrumb","itemListElement":[{"@type":"ListItem","position":1,"name":"Home","item":"https:\/\/denizcankizil.tr\/de\/"},{"@type":"ListItem","position":2,"name":"Adana Barosu&#8217;nda ruhsat t\u00f6reni"}]},{"@type":"WebSite","@id":"https:\/\/denizcankizil.tr\/de\/#website","url":"https:\/\/denizcankizil.tr\/de\/","name":"Av. Deniz Can K\u0131z\u0131l","description":"Avukat Deniz Can K\u0131z\u0131l Antalya Barosu","publisher":{"@id":"https:\/\/denizcankizil.tr\/de\/#organization"},"potentialAction":[{"@type":"SearchAction","target":{"@type":"EntryPoint","urlTemplate":"https:\/\/denizcankizil.tr\/de\/?s={search_term_string}"},"query-input":{"@type":"PropertyValueSpecification","valueRequired":true,"valueName":"search_term_string"}}],"inLanguage":"ru-RU"},{"@type":"Organization","@id":"https:\/\/denizcankizil.tr\/de\/#organization","name":"Av. Deniz Can K\u0131z\u0131l","url":"https:\/\/denizcankizil.tr\/de\/","logo":{"@type":"ImageObject","inLanguage":"ru-RU","@id":"https:\/\/denizcankizil.tr\/de\/#\/schema\/logo\/image\/","url":"http:\/\/denizcankizil.tr\/wp-content\/uploads\/2024\/10\/siyah-logo-svg.svg","contentUrl":"http:\/\/denizcankizil.tr\/wp-content\/uploads\/2024\/10\/siyah-logo-svg.svg","width":1080,"height":1080,"caption":"Av. Deniz Can K\u0131z\u0131l"},"image":{"@id":"https:\/\/denizcankizil.tr\/de\/#\/schema\/logo\/image\/"}},{"@type":"Person","@id":"https:\/\/denizcankizil.tr\/de\/#\/schema\/person\/001a271de994a0aa3f90eea084424822","name":"Hukuki Haber.net","image":{"@type":"ImageObject","inLanguage":"ru-RU","@id":"https:\/\/denizcankizil.tr\/de\/#\/schema\/person\/image\/","url":"https:\/\/secure.gravatar.com\/avatar\/57d8a49151495586611a149d29fc42865b951dc053a84709a3172ccb5abf3118?s=96&d=mm&r=g","contentUrl":"https:\/\/secure.gravatar.com\/avatar\/57d8a49151495586611a149d29fc42865b951dc053a84709a3172ccb5abf3118?s=96&d=mm&r=g","caption":"Hukuki Haber.net"},"sameAs":["http:\/\/www.hukukihaber.net"],"url":"https:\/\/www.hukukihaber.net\/adana-barosunda-ruhsat-toreni-2025"}]}},"_links":{"self":[{"href":"http:\/\/denizcankizil.tr\/ru\/wp-json\/wp\/v2\/posts\/56374","targetHints":{"allow":["GET"]}}],"collection":[{"href":"http:\/\/denizcankizil.tr\/ru\/wp-json\/wp\/v2\/posts"}],"about":[{"href":"http:\/\/denizcankizil.tr\/ru\/wp-json\/wp\/v2\/types\/post"}],"author":[{"embeddable":true,"href":"http:\/\/denizcankizil.tr\/ru\/wp-json\/wp\/v2\/users\/3"}],"replies":[{"embeddable":true,"href":"http:\/\/denizcankizil.tr\/ru\/wp-json\/wp\/v2\/comments?post=56374"}],"version-history":[{"count":0,"href":"http:\/\/denizcankizil.tr\/ru\/wp-json\/wp\/v2\/posts\/56374\/revisions"}],"wp:attachment":[{"href":"http:\/\/denizcankizil.tr\/ru\/wp-json\/wp\/v2\/media?parent=56374"}],"wp:term":[{"taxonomy":"category","embeddable":true,"href":"http:\/\/denizcankizil.tr\/ru\/wp-json\/wp\/v2\/categories?post=56374"},{"taxonomy":"post_tag","embeddable":true,"href":"http:\/\/denizcankizil.tr\/ru\/wp-json\/wp\/v2\/tags?post=56374"}],"curies":[{"name":"wp","href":"https:\/\/api.w.org\/{rel}","templated":true}]}}