{"id":53443,"date":"2025-04-12T12:42:01","date_gmt":"2025-04-12T09:42:01","guid":{"rendered":"https:\/\/denizcankizil.tr\/uncategorized-tr\/silahli-yaralama-olayinin-suphelileri-yakalandi\/"},"modified":"2025-04-12T12:42:01","modified_gmt":"2025-04-12T09:42:01","slug":"silahli-yaralama-olayinin-suphelileri-yakalandi","status":"publish","type":"post","link":"http:\/\/denizcankizil.tr\/ru\/haberler\/gundem\/silahli-yaralama-olayinin-suphelileri-yakalandi\/","title":{"rendered":"Silahl\u0131 Yaralama Olay\u0131n\u0131n \u015e\u00fcphelileri Yakaland\u0131"},"content":{"rendered":"<p>Kamuoyunda geni\u015f yank\u0131 uyand\u0131ran olay \u00fczerine \u0130skenderun \u0130l\u00e7e Emniyet M\u00fcd\u00fcrl\u00fc\u011f\u00fc ekipleri taraf\u0131ndan titizlikle y\u00fcr\u00fct\u00fclen operasyon sonucunda, \u015f\u00fcpheliler olayda kullan\u0131lan ruhsats\u0131z tabanca ve 3 adet 7.65 mm \u00e7ap\u0131nda fi\u015fekle birlikte yakalanarak g\u00f6zalt\u0131na al\u0131nd\u0131. \u015eah\u0131slar hakk\u0131nda adli i\u015flemlerin ba\u015flat\u0131ld\u0131\u011f\u0131 bildirildi.<\/p>\n<p>Hatay Emniyet M\u00fcd\u00fcrl\u00fc\u011f\u00fc yetkilileri, kamu d\u00fczenini tehdit eden olaylara kar\u015f\u0131 m\u00fccadelenin kararl\u0131l\u0131kla s\u00fcrd\u00fcr\u00fclece\u011fini vurgulad\u0131.<\/p>\n<p>\u200bHatay\u2019\u0131n \u0130skenderun il\u00e7esinde d\u00fcn \u00c7ay Mahallesi Uzun \u00c7ar\u015f\u0131da meydana gelen silahl\u0131 yaralama olay\u0131yla ilgili olarak y\u00fcr\u00fct\u00fclen \u00e7al\u0131\u015fmalar sonucunda, olay\u0131n \u015f\u00fcphelileri \u0130.E. ve U.Y. isimli \u015fah\u0131slar emniyet ekiplerince k\u0131sk\u0131vrak yakaland\u0131.\u00a0<\/p>\n<p>\u200bHaberin Al\u0131nt\u0131land\u0131\u011f\u0131 Kaynak: www.iskenderun.org<\/p>","protected":false},"excerpt":{"rendered":"<p>Kamuoyunda geni\u015f yank\u0131 uyand\u0131ran olay \u00fczerine \u0130skenderun \u0130l\u00e7e Emniyet M\u00fcd\u00fcrl\u00fc\u011f\u00fc ekipleri taraf\u0131ndan titizlikle y\u00fcr\u00fct\u00fclen operasyon sonucunda, \u015f\u00fcpheliler olayda kullan\u0131lan ruhsats\u0131z tabanca ve 3 adet 7.65 mm \u00e7ap\u0131nda fi\u015fekle birlikte yakalanarak g\u00f6zalt\u0131na al\u0131nd\u0131. \u015eah\u0131slar hakk\u0131nda adli i\u015flemlerin ba\u015flat\u0131ld\u0131\u011f\u0131 bildirildi. Hatay Emniyet M\u00fcd\u00fcrl\u00fc\u011f\u00fc yetkilileri, kamu d\u00fczenini tehdit eden olaylara kar\u015f\u0131 m\u00fccadelenin kararl\u0131l\u0131kla s\u00fcrd\u00fcr\u00fclece\u011fini vurgulad\u0131. \u200bHatay\u2019\u0131n \u0130skenderun il\u00e7esinde d\u00fcn \u00c7ay Mahallesi Uzun \u00c7ar\u015f\u0131da meydana gelen silahl\u0131 yaralama olay\u0131yla ilgili olarak y\u00fcr\u00fct\u00fclen \u00e7al\u0131\u015fmalar sonucunda, olay\u0131n \u015f\u00fcphelileri \u0130.E. ve U.Y. isimli \u015fah\u0131slar emniyet ekiplerince k\u0131sk\u0131vrak yakaland\u0131.\u00a0 \u200bHaberin Al\u0131nt\u0131land\u0131\u011f\u0131 Kaynak: www.iskenderun.org<\/p>","protected":false},"author":1,"featured_media":0,"comment_status":"","ping_status":"open","sticky":false,"template":"","format":"standard","meta":{"_acf_changed":false,"footnotes":""},"categories":[24],"tags":[],"class_list":["post-53443","post","type-post","status-publish","format-standard","has-post-thumbnail","hentry","category-gundem"],"acf":[],"yoast_head":"<!-- This site is optimized with the Yoast SEO Premium plugin v26.6 (Yoast SEO v27.1.1) - https:\/\/yoast.com\/product\/yoast-seo-premium-wordpress\/ -->\n<title>Silahl\u0131 Yaralama Olay\u0131n\u0131n \u015e\u00fcphelileri Yakaland\u0131 - Av. Deniz Can K\u0131z\u0131l<\/title>\n<meta name=\"robots\" content=\"index, follow, max-snippet:-1, max-image-preview:large, max-video-preview:-1\" \/>\n<link rel=\"canonical\" href=\"http:\/\/denizcankizil.tr\/ru\/haberler\/gundem\/silahli-yaralama-olayinin-suphelileri-yakalandi\/\" \/>\n<meta property=\"og:locale\" content=\"ru_RU\" \/>\n<meta property=\"og:type\" content=\"article\" \/>\n<meta property=\"og:title\" content=\"Silahl\u0131 Yaralama Olay\u0131n\u0131n \u015e\u00fcphelileri Yakaland\u0131\" \/>\n<meta property=\"og:description\" content=\"Kamuoyunda geni\u015f yank\u0131 uyand\u0131ran olay \u00fczerine \u0130skenderun \u0130l\u00e7e Emniyet M\u00fcd\u00fcrl\u00fc\u011f\u00fc ekipleri taraf\u0131ndan titizlikle y\u00fcr\u00fct\u00fclen operasyon sonucunda, \u015f\u00fcpheliler olayda kullan\u0131lan ruhsats\u0131z tabanca ve 3 adet 7.65 mm \u00e7ap\u0131nda fi\u015fekle birlikte yakalanarak g\u00f6zalt\u0131na al\u0131nd\u0131. \u015eah\u0131slar hakk\u0131nda adli i\u015flemlerin ba\u015flat\u0131ld\u0131\u011f\u0131 bildirildi. Hatay Emniyet M\u00fcd\u00fcrl\u00fc\u011f\u00fc yetkilileri, kamu d\u00fczenini tehdit eden olaylara kar\u015f\u0131 m\u00fccadelenin kararl\u0131l\u0131kla s\u00fcrd\u00fcr\u00fclece\u011fini vurgulad\u0131. \u200bHatay\u2019\u0131n \u0130skenderun il\u00e7esinde d\u00fcn \u00c7ay Mahallesi Uzun \u00c7ar\u015f\u0131da meydana gelen silahl\u0131 yaralama olay\u0131yla ilgili olarak y\u00fcr\u00fct\u00fclen \u00e7al\u0131\u015fmalar sonucunda, olay\u0131n \u015f\u00fcphelileri \u0130.E. ve U.Y. isimli \u015fah\u0131slar emniyet ekiplerince k\u0131sk\u0131vrak yakaland\u0131.\u00a0 \u200bHaberin Al\u0131nt\u0131land\u0131\u011f\u0131 Kaynak: www.iskenderun.org\" \/>\n<meta property=\"og:url\" content=\"http:\/\/denizcankizil.tr\/ru\/haberler\/gundem\/silahli-yaralama-olayinin-suphelileri-yakalandi\/\" \/>\n<meta property=\"og:site_name\" content=\"Av. Deniz Can K\u0131z\u0131l\" \/>\n<meta property=\"article:published_time\" content=\"2025-04-12T09:42:01+00:00\" \/>\n<meta name=\"author\" content=\"admin\" \/>\n<meta name=\"twitter:card\" content=\"summary_large_image\" \/>\n<meta name=\"twitter:label1\" content=\"\u041d\u0430\u043f\u0438\u0441\u0430\u043d\u043e \u0430\u0432\u0442\u043e\u0440\u043e\u043c\" \/>\n\t<meta name=\"twitter:data1\" content=\"admin\" \/>\n\t<meta name=\"twitter:label2\" content=\"\u041f\u0440\u0438\u043c\u0435\u0440\u043d\u043e\u0435 \u0432\u0440\u0435\u043c\u044f \u0434\u043b\u044f \u0447\u0442\u0435\u043d\u0438\u044f\" \/>\n\t<meta name=\"twitter:data2\" content=\"1 \u043c\u0438\u043d\u0443\u0442\u0430\" \/>\n<script type=\"application\/ld+json\" class=\"yoast-schema-graph\">{\"@context\":\"https:\/\/schema.org\",\"@graph\":[{\"@type\":\"Article\",\"@id\":\"http:\/\/denizcankizil.tr\/ru\/haberler\/gundem\/silahli-yaralama-olayinin-suphelileri-yakalandi\/#article\",\"isPartOf\":{\"@id\":\"http:\/\/denizcankizil.tr\/ru\/haberler\/gundem\/silahli-yaralama-olayinin-suphelileri-yakalandi\/\"},\"author\":{\"name\":\"admin\",\"@id\":\"https:\/\/denizcankizil.tr\/#\/schema\/person\/be3c05fe6a12686905512445d8185489\"},\"headline\":\"Silahl\u0131 Yaralama Olay\u0131n\u0131n \u015e\u00fcphelileri Yakaland\u0131\",\"datePublished\":\"2025-04-12T09:42:01+00:00\",\"mainEntityOfPage\":{\"@id\":\"http:\/\/denizcankizil.tr\/ru\/haberler\/gundem\/silahli-yaralama-olayinin-suphelileri-yakalandi\/\"},\"wordCount\":138,\"publisher\":{\"@id\":\"https:\/\/denizcankizil.tr\/#organization\"},\"articleSection\":[\"G\u00fcndem\"],\"inLanguage\":\"ru-RU\"},{\"@type\":\"WebPage\",\"@id\":\"http:\/\/denizcankizil.tr\/ru\/haberler\/gundem\/silahli-yaralama-olayinin-suphelileri-yakalandi\/\",\"url\":\"http:\/\/denizcankizil.tr\/ru\/haberler\/gundem\/silahli-yaralama-olayinin-suphelileri-yakalandi\/\",\"name\":\"Silahl\u0131 Yaralama Olay\u0131n\u0131n \u015e\u00fcphelileri Yakaland\u0131 - Av. Deniz Can K\u0131z\u0131l\",\"isPartOf\":{\"@id\":\"https:\/\/denizcankizil.tr\/#website\"},\"datePublished\":\"2025-04-12T09:42:01+00:00\",\"breadcrumb\":{\"@id\":\"http:\/\/denizcankizil.tr\/ru\/haberler\/gundem\/silahli-yaralama-olayinin-suphelileri-yakalandi\/#breadcrumb\"},\"inLanguage\":\"ru-RU\",\"potentialAction\":[{\"@type\":\"ReadAction\",\"target\":[\"http:\/\/denizcankizil.tr\/ru\/haberler\/gundem\/silahli-yaralama-olayinin-suphelileri-yakalandi\/\"]}]},{\"@type\":\"BreadcrumbList\",\"@id\":\"http:\/\/denizcankizil.tr\/ru\/haberler\/gundem\/silahli-yaralama-olayinin-suphelileri-yakalandi\/#breadcrumb\",\"itemListElement\":[{\"@type\":\"ListItem\",\"position\":1,\"name\":\"Home\",\"item\":\"https:\/\/denizcankizil.tr\/de\/\"},{\"@type\":\"ListItem\",\"position\":2,\"name\":\"Silahl\u0131 Yaralama Olay\u0131n\u0131n \u015e\u00fcphelileri Yakaland\u0131\"}]},{\"@type\":\"WebSite\",\"@id\":\"https:\/\/denizcankizil.tr\/#website\",\"url\":\"https:\/\/denizcankizil.tr\/\",\"name\":\"Av. Deniz Can K\u0131z\u0131l\",\"description\":\"Avukat Deniz Can K\u0131z\u0131l Antalya Barosu\",\"publisher\":{\"@id\":\"https:\/\/denizcankizil.tr\/#organization\"},\"potentialAction\":[{\"@type\":\"SearchAction\",\"target\":{\"@type\":\"EntryPoint\",\"urlTemplate\":\"https:\/\/denizcankizil.tr\/?s={search_term_string}\"},\"query-input\":{\"@type\":\"PropertyValueSpecification\",\"valueRequired\":true,\"valueName\":\"search_term_string\"}}],\"inLanguage\":\"ru-RU\"},{\"@type\":\"Organization\",\"@id\":\"https:\/\/denizcankizil.tr\/#organization\",\"name\":\"Av. Deniz Can K\u0131z\u0131l\",\"url\":\"https:\/\/denizcankizil.tr\/\",\"logo\":{\"@type\":\"ImageObject\",\"inLanguage\":\"ru-RU\",\"@id\":\"https:\/\/denizcankizil.tr\/#\/schema\/logo\/image\/\",\"url\":\"http:\/\/denizcankizil.tr\/wp-content\/uploads\/2024\/10\/siyah-logo-svg.svg\",\"contentUrl\":\"http:\/\/denizcankizil.tr\/wp-content\/uploads\/2024\/10\/siyah-logo-svg.svg\",\"width\":1080,\"height\":1080,\"caption\":\"Av. Deniz Can K\u0131z\u0131l\"},\"image\":{\"@id\":\"https:\/\/denizcankizil.tr\/#\/schema\/logo\/image\/\"}},{\"@type\":\"Person\",\"@id\":\"https:\/\/denizcankizil.tr\/#\/schema\/person\/be3c05fe6a12686905512445d8185489\",\"name\":\"admin\",\"image\":{\"@type\":\"ImageObject\",\"inLanguage\":\"ru-RU\",\"@id\":\"https:\/\/denizcankizil.tr\/#\/schema\/person\/image\/\",\"url\":\"https:\/\/secure.gravatar.com\/avatar\/c1fce94c830dc79107e174f890d7210541c4a63e8e5d816341794a2151c9d58c?s=96&d=mm&r=g\",\"contentUrl\":\"https:\/\/secure.gravatar.com\/avatar\/c1fce94c830dc79107e174f890d7210541c4a63e8e5d816341794a2151c9d58c?s=96&d=mm&r=g\",\"caption\":\"admin\"},\"sameAs\":[\"http:\/\/denizcankizil.tr\"],\"url\":\"https:\/\/www.iskenderun.org\/silahli-yaralama-olayinin-suphelileri-yakalandi\"}]}<\/script>\n<!-- \/ Yoast SEO Premium plugin. -->","yoast_head_json":{"title":"Silahl\u0131 Yaralama Olay\u0131n\u0131n \u015e\u00fcphelileri Yakaland\u0131 - Av. Deniz Can K\u0131z\u0131l","robots":{"index":"index","follow":"follow","max-snippet":"max-snippet:-1","max-image-preview":"max-image-preview:large","max-video-preview":"max-video-preview:-1"},"canonical":"http:\/\/denizcankizil.tr\/ru\/haberler\/gundem\/silahli-yaralama-olayinin-suphelileri-yakalandi\/","og_locale":"ru_RU","og_type":"article","og_title":"Silahl\u0131 Yaralama Olay\u0131n\u0131n \u015e\u00fcphelileri Yakaland\u0131","og_description":"Kamuoyunda geni\u015f yank\u0131 uyand\u0131ran olay \u00fczerine \u0130skenderun \u0130l\u00e7e Emniyet M\u00fcd\u00fcrl\u00fc\u011f\u00fc ekipleri taraf\u0131ndan titizlikle y\u00fcr\u00fct\u00fclen operasyon sonucunda, \u015f\u00fcpheliler olayda kullan\u0131lan ruhsats\u0131z tabanca ve 3 adet 7.65 mm \u00e7ap\u0131nda fi\u015fekle birlikte yakalanarak g\u00f6zalt\u0131na al\u0131nd\u0131. \u015eah\u0131slar hakk\u0131nda adli i\u015flemlerin ba\u015flat\u0131ld\u0131\u011f\u0131 bildirildi. Hatay Emniyet M\u00fcd\u00fcrl\u00fc\u011f\u00fc yetkilileri, kamu d\u00fczenini tehdit eden olaylara kar\u015f\u0131 m\u00fccadelenin kararl\u0131l\u0131kla s\u00fcrd\u00fcr\u00fclece\u011fini vurgulad\u0131. \u200bHatay\u2019\u0131n \u0130skenderun il\u00e7esinde d\u00fcn \u00c7ay Mahallesi Uzun \u00c7ar\u015f\u0131da meydana gelen silahl\u0131 yaralama olay\u0131yla ilgili olarak y\u00fcr\u00fct\u00fclen \u00e7al\u0131\u015fmalar sonucunda, olay\u0131n \u015f\u00fcphelileri \u0130.E. ve U.Y. isimli \u015fah\u0131slar emniyet ekiplerince k\u0131sk\u0131vrak yakaland\u0131.\u00a0 \u200bHaberin Al\u0131nt\u0131land\u0131\u011f\u0131 Kaynak: www.iskenderun.org","og_url":"http:\/\/denizcankizil.tr\/ru\/haberler\/gundem\/silahli-yaralama-olayinin-suphelileri-yakalandi\/","og_site_name":"Av. Deniz Can K\u0131z\u0131l","article_published_time":"2025-04-12T09:42:01+00:00","author":"admin","twitter_card":"summary_large_image","twitter_misc":{"\u041d\u0430\u043f\u0438\u0441\u0430\u043d\u043e \u0430\u0432\u0442\u043e\u0440\u043e\u043c":"admin","\u041f\u0440\u0438\u043c\u0435\u0440\u043d\u043e\u0435 \u0432\u0440\u0435\u043c\u044f \u0434\u043b\u044f \u0447\u0442\u0435\u043d\u0438\u044f":"1 \u043c\u0438\u043d\u0443\u0442\u0430"},"schema":{"@context":"https:\/\/schema.org","@graph":[{"@type":"Article","@id":"http:\/\/denizcankizil.tr\/ru\/haberler\/gundem\/silahli-yaralama-olayinin-suphelileri-yakalandi\/#article","isPartOf":{"@id":"http:\/\/denizcankizil.tr\/ru\/haberler\/gundem\/silahli-yaralama-olayinin-suphelileri-yakalandi\/"},"author":{"name":"admin","@id":"https:\/\/denizcankizil.tr\/#\/schema\/person\/be3c05fe6a12686905512445d8185489"},"headline":"Silahl\u0131 Yaralama Olay\u0131n\u0131n \u015e\u00fcphelileri Yakaland\u0131","datePublished":"2025-04-12T09:42:01+00:00","mainEntityOfPage":{"@id":"http:\/\/denizcankizil.tr\/ru\/haberler\/gundem\/silahli-yaralama-olayinin-suphelileri-yakalandi\/"},"wordCount":138,"publisher":{"@id":"https:\/\/denizcankizil.tr\/#organization"},"articleSection":["G\u00fcndem"],"inLanguage":"ru-RU"},{"@type":"WebPage","@id":"http:\/\/denizcankizil.tr\/ru\/haberler\/gundem\/silahli-yaralama-olayinin-suphelileri-yakalandi\/","url":"http:\/\/denizcankizil.tr\/ru\/haberler\/gundem\/silahli-yaralama-olayinin-suphelileri-yakalandi\/","name":"Silahl\u0131 Yaralama Olay\u0131n\u0131n \u015e\u00fcphelileri Yakaland\u0131 - Av. Deniz Can K\u0131z\u0131l","isPartOf":{"@id":"https:\/\/denizcankizil.tr\/#website"},"datePublished":"2025-04-12T09:42:01+00:00","breadcrumb":{"@id":"http:\/\/denizcankizil.tr\/ru\/haberler\/gundem\/silahli-yaralama-olayinin-suphelileri-yakalandi\/#breadcrumb"},"inLanguage":"ru-RU","potentialAction":[{"@type":"ReadAction","target":["http:\/\/denizcankizil.tr\/ru\/haberler\/gundem\/silahli-yaralama-olayinin-suphelileri-yakalandi\/"]}]},{"@type":"BreadcrumbList","@id":"http:\/\/denizcankizil.tr\/ru\/haberler\/gundem\/silahli-yaralama-olayinin-suphelileri-yakalandi\/#breadcrumb","itemListElement":[{"@type":"ListItem","position":1,"name":"Home","item":"https:\/\/denizcankizil.tr\/de\/"},{"@type":"ListItem","position":2,"name":"Silahl\u0131 Yaralama Olay\u0131n\u0131n \u015e\u00fcphelileri Yakaland\u0131"}]},{"@type":"WebSite","@id":"https:\/\/denizcankizil.tr\/#website","url":"https:\/\/denizcankizil.tr\/","name":"Av. Deniz Can K\u0131z\u0131l","description":"Avukat Deniz Can K\u0131z\u0131l Antalya Barosu","publisher":{"@id":"https:\/\/denizcankizil.tr\/#organization"},"potentialAction":[{"@type":"SearchAction","target":{"@type":"EntryPoint","urlTemplate":"https:\/\/denizcankizil.tr\/?s={search_term_string}"},"query-input":{"@type":"PropertyValueSpecification","valueRequired":true,"valueName":"search_term_string"}}],"inLanguage":"ru-RU"},{"@type":"Organization","@id":"https:\/\/denizcankizil.tr\/#organization","name":"Av. Deniz Can K\u0131z\u0131l","url":"https:\/\/denizcankizil.tr\/","logo":{"@type":"ImageObject","inLanguage":"ru-RU","@id":"https:\/\/denizcankizil.tr\/#\/schema\/logo\/image\/","url":"http:\/\/denizcankizil.tr\/wp-content\/uploads\/2024\/10\/siyah-logo-svg.svg","contentUrl":"http:\/\/denizcankizil.tr\/wp-content\/uploads\/2024\/10\/siyah-logo-svg.svg","width":1080,"height":1080,"caption":"Av. Deniz Can K\u0131z\u0131l"},"image":{"@id":"https:\/\/denizcankizil.tr\/#\/schema\/logo\/image\/"}},{"@type":"Person","@id":"https:\/\/denizcankizil.tr\/#\/schema\/person\/be3c05fe6a12686905512445d8185489","name":"\u0430\u0434\u043c\u0438\u043d","image":{"@type":"ImageObject","inLanguage":"ru-RU","@id":"https:\/\/denizcankizil.tr\/#\/schema\/person\/image\/","url":"https:\/\/secure.gravatar.com\/avatar\/c1fce94c830dc79107e174f890d7210541c4a63e8e5d816341794a2151c9d58c?s=96&d=mm&r=g","contentUrl":"https:\/\/secure.gravatar.com\/avatar\/c1fce94c830dc79107e174f890d7210541c4a63e8e5d816341794a2151c9d58c?s=96&d=mm&r=g","caption":"admin"},"sameAs":["http:\/\/denizcankizil.tr"],"url":"https:\/\/www.iskenderun.org\/silahli-yaralama-olayinin-suphelileri-yakalandi"}]}},"_links":{"self":[{"href":"http:\/\/denizcankizil.tr\/ru\/wp-json\/wp\/v2\/posts\/53443","targetHints":{"allow":["GET"]}}],"collection":[{"href":"http:\/\/denizcankizil.tr\/ru\/wp-json\/wp\/v2\/posts"}],"about":[{"href":"http:\/\/denizcankizil.tr\/ru\/wp-json\/wp\/v2\/types\/post"}],"author":[{"embeddable":true,"href":"http:\/\/denizcankizil.tr\/ru\/wp-json\/wp\/v2\/users\/1"}],"replies":[{"embeddable":true,"href":"http:\/\/denizcankizil.tr\/ru\/wp-json\/wp\/v2\/comments?post=53443"}],"version-history":[{"count":0,"href":"http:\/\/denizcankizil.tr\/ru\/wp-json\/wp\/v2\/posts\/53443\/revisions"}],"wp:attachment":[{"href":"http:\/\/denizcankizil.tr\/ru\/wp-json\/wp\/v2\/media?parent=53443"}],"wp:term":[{"taxonomy":"category","embeddable":true,"href":"http:\/\/denizcankizil.tr\/ru\/wp-json\/wp\/v2\/categories?post=53443"},{"taxonomy":"post_tag","embeddable":true,"href":"http:\/\/denizcankizil.tr\/ru\/wp-json\/wp\/v2\/tags?post=53443"}],"curies":[{"name":"wp","href":"https:\/\/api.w.org\/{rel}","templated":true}]}}