{"id":52579,"date":"2025-04-11T15:41:58","date_gmt":"2025-04-11T12:41:58","guid":{"rendered":"https:\/\/denizcankizil.tr\/uncategorized-tr\/izmirde-yazlik-yeni-istikamet-sakiz-adasi\/"},"modified":"2025-04-11T15:41:58","modified_gmt":"2025-04-11T12:41:58","slug":"izmirde-yazlik-yeni-istikamet-sakiz-adasi","status":"publish","type":"post","link":"http:\/\/denizcankizil.tr\/ru\/haberler\/gundem\/izmirde-yazlik-yeni-istikamet-sakiz-adasi\/","title":{"rendered":"\u0130zmir&#8217;de yazl\u0131k yeni istikamet Sak\u0131z Adas\u0131"},"content":{"rendered":"<p>\u0130zmir B\u00fcy\u00fck\u015fehir Belediyesi\u2019nin deniz turizmini canland\u0131rmak i\u00e7in \u0130ZDEN\u0130Z konforuyla s\u00fcrd\u00fcrd\u00fc\u011f\u00fc \u0130zmir\u2013Midilli seferlerine \u00c7e\u015fme-Sak\u0131z rotas\u0131 da eklendi. Yaz boyunca her g\u00fcn yap\u0131lacak Sak\u0131z Adas\u0131 seferleri 16 Nisan\u2019da ba\u015fl\u0131yor. Midilli turlar\u0131 ise Haziran ay\u0131nda ba\u015flayacak.\u0130ZM\u0130R (\u0130GFA) &#8211;\u00a0Ege\u2019nin iki yakas\u0131 aras\u0131nda dostlu\u011fu, sosyal, k\u00fclt\u00fcrel ve ekonomik ba\u011flar\u0131 g\u00fc\u00e7lendirmek amac\u0131yla \u0130zmir B\u00fcy\u00fck\u015fehir Belediyesi\u2019ne ba\u011fl\u0131 \u0130ZDEN\u0130Z (\u0130zmir Deniz \u0130\u015fletmecili\u011fi A\u015e) taraf\u0131ndan yap\u0131lan \u0130zmir- Midilli seferlerine bu y\u0131l \u00c7e\u015fme-Sak\u0131z seferleri de eklendi. TURYOL i\u015f birli\u011fiyle 16 Nisan\u2019da ba\u015flayacak \u00c7e\u015fme &#8211; Sak\u0131z seferleri i\u00e7in bilet sat\u0131\u015flar\u0131 ba\u015flad\u0131. \u00a0<br \/>\n\u00c7e\u015fme Ulusoy Liman\u0131\u2019ndan hareketle konforlu gemilerle yaz boyunca her g\u00fcn yap\u0131lacak seferler hava \u015fartlar\u0131na ba\u011fl\u0131 olarak yar\u0131m saat s\u00fcrecek.<br \/>\nF\u0130YAT TAR\u0130FES\u0130<br \/>\nYeti\u015fkinler i\u00e7in gidi\u015f \u2013 d\u00f6n\u00fc\u015f biletler 50 Euro olarak belirlendi. \u00c7e\u015fme \u2013 Sak\u0131z tek y\u00f6n 40 Euro, Sak\u0131z \u2013 \u00c7e\u015fme tek y\u00f6n ise 30 Euro. 6-12 ya\u015f aral\u0131\u011f\u0131nda \u00e7ocuklar i\u00e7in gidi\u015f \u2013 d\u00f6n\u00fc\u015f 35 Euro, \u00c7e\u015fme \u2013 Sak\u0131z tek y\u00f6n 30 Euro, Sak\u0131z \u2013 \u00c7e\u015fme tek y\u00f6n ise 25 Euro. 0-6 ya\u015f i\u00e7in ise gidi\u015f d\u00f6n\u00fc\u015f 25 Euro, \u00c7e\u015fme \u2013 Sak\u0131z 20 Euro, Sak\u0131z \u2013 \u00c7e\u015fme 20 Euro \u00fccret \u00f6denecek.<br \/>\nzmir-Midilli gemi turlar\u0131 kapsam\u0131nda 19 May\u0131s Gen\u00e7lik ve Spor Bayram\u0131 ile Kurban Bayram\u0131\u2019na \u00f6zel 17 May\u0131s Cumartesi ve 6 Haziran Cuma g\u00fcn\u00fc i\u00e7in \u00f6zel sefer d\u00fczenlenecek.<br \/>\n\u0130zmir-Midilli hatt\u0131nda d\u00fczenli seferler ise 20 Haziran\u2019da ba\u015flayacak.<\/p>\n<p>\u200b\u0130zmir B\u00fcy\u00fck\u015fehir Belediyesi\u2019nin deniz turizmini canland\u0131rmak i\u00e7in \u0130ZDEN\u0130Z konforuyla s\u00fcrd\u00fcrd\u00fc\u011f\u00fc \u0130zmir\u2013Midilli seferlerine \u00c7e\u015fme-Sak\u0131z rotas\u0131 da eklendi. Yaz boyunca her g\u00fcn yap\u0131lacak Sak\u0131z Adas\u0131 seferleri 16 Nisan\u2019da ba\u015fl\u0131yor. Midilli turlar\u0131 ise Haziran ay\u0131nda ba\u015flayacak.\u0130ZM\u0130R (\u0130GFA) &#8211;\u00a0Ege\u2019nin iki yakas\u0131 aras\u0131nda dostlu\u011fu, sosyal, k\u00fclt\u00fcrel ve ekonomik ba\u011flar\u0131 g\u00fc\u00e7lendirmek amac\u0131yla \u0130zmir B\u00fcy\u00fck\u015fehir Belediyesi\u2019ne ba\u011fl\u0131 \u0130ZDEN\u0130Z (\u0130zmir Deniz \u0130\u015fletmecili\u011fi A\u015e) taraf\u0131ndan yap\u0131lan \u0130zmir- Midilli seferlerine bu y\u0131l \u00c7e\u015fme-Sak\u0131z seferleri de eklendi. TURYOL i\u015f birli\u011fiyle 16 Nisan\u2019da ba\u015flayacak \u00c7e\u015fme &#8211; Sak\u0131z seferleri i\u00e7in bilet sat\u0131\u015flar\u0131 ba\u015flad\u0131. \u00a0<br \/>\n\u00c7e\u015fme Ulusoy Liman\u0131\u2019ndan hareketle konforlu gemilerle yaz boyunca her g\u00fcn yap\u0131lacak seferler hava \u015fartlar\u0131na ba\u011fl\u0131 olarak yar\u0131m saat s\u00fcrecek.<br \/>\nF\u0130YAT TAR\u0130FES\u0130<br \/>\nYeti\u015fkinler i\u00e7in gidi\u015f \u2013 d\u00f6n\u00fc\u015f biletler 50 Euro olarak belirlendi. \u00c7e\u015fme \u2013 Sak\u0131z tek y\u00f6n 40 Euro, Sak\u0131z \u2013 \u00c7e\u015fme tek y\u00f6n ise 30 Euro. 6-12 ya\u015f aral\u0131\u011f\u0131nda \u00e7ocuklar i\u00e7in gidi\u015f \u2013 d\u00f6n\u00fc\u015f 35 Euro, \u00c7e\u015fme \u2013 Sak\u0131z tek y\u00f6n 30 Euro, Sak\u0131z \u2013 \u00c7e\u015fme tek y\u00f6n ise 25 Euro. 0-6 ya\u015f i\u00e7in ise gidi\u015f d\u00f6n\u00fc\u015f 25 Euro, \u00c7e\u015fme \u2013 Sak\u0131z 20 Euro, Sak\u0131z \u2013 \u00c7e\u015fme 20 Euro \u00fccret \u00f6denecek.<br \/>\nzmir-Midilli gemi turlar\u0131 kapsam\u0131nda 19 May\u0131s Gen\u00e7lik ve Spor Bayram\u0131 ile Kurban Bayram\u0131\u2019na \u00f6zel 17 May\u0131s Cumartesi ve 6 Haziran Cuma g\u00fcn\u00fc i\u00e7in \u00f6zel sefer d\u00fczenlenecek.<br \/>\n\u0130zmir-Midilli hatt\u0131nda d\u00fczenli seferler ise 20 Haziran\u2019da ba\u015flayacak.\u00a0<\/p>\n<p>\u200bHaberin Al\u0131nt\u0131land\u0131\u011f\u0131 Kaynak: www.iskenderun.org<\/p>","protected":false},"excerpt":{"rendered":"<p>\u0130zmir B\u00fcy\u00fck\u015fehir Belediyesi\u2019nin deniz turizmini canland\u0131rmak i\u00e7in \u0130ZDEN\u0130Z konforuyla s\u00fcrd\u00fcrd\u00fc\u011f\u00fc \u0130zmir\u2013Midilli seferlerine \u00c7e\u015fme-Sak\u0131z rotas\u0131 da eklendi. Yaz boyunca her g\u00fcn yap\u0131lacak Sak\u0131z Adas\u0131 seferleri 16 Nisan\u2019da ba\u015fl\u0131yor. Midilli turlar\u0131 ise Haziran ay\u0131nda ba\u015flayacak.\u0130ZM\u0130R (\u0130GFA) &#8211;\u00a0Ege\u2019nin iki yakas\u0131 aras\u0131nda dostlu\u011fu, sosyal, k\u00fclt\u00fcrel ve ekonomik ba\u011flar\u0131 g\u00fc\u00e7lendirmek amac\u0131yla \u0130zmir B\u00fcy\u00fck\u015fehir Belediyesi\u2019ne ba\u011fl\u0131 \u0130ZDEN\u0130Z (\u0130zmir Deniz \u0130\u015fletmecili\u011fi A\u015e) taraf\u0131ndan yap\u0131lan \u0130zmir- Midilli seferlerine bu y\u0131l \u00c7e\u015fme-Sak\u0131z seferleri de eklendi. TURYOL i\u015f birli\u011fiyle 16 Nisan\u2019da ba\u015flayacak \u00c7e\u015fme &#8211; Sak\u0131z seferleri i\u00e7in bilet sat\u0131\u015flar\u0131 ba\u015flad\u0131. \u00a0 \u00c7e\u015fme Ulusoy Liman\u0131\u2019ndan hareketle konforlu gemilerle yaz boyunca her g\u00fcn yap\u0131lacak seferler hava \u015fartlar\u0131na ba\u011fl\u0131 olarak yar\u0131m saat s\u00fcrecek. F\u0130YAT TAR\u0130FES\u0130 Yeti\u015fkinler i\u00e7in gidi\u015f \u2013 d\u00f6n\u00fc\u015f biletler 50 Euro olarak belirlendi. \u00c7e\u015fme \u2013 Sak\u0131z tek y\u00f6n 40 Euro, Sak\u0131z \u2013 \u00c7e\u015fme tek y\u00f6n ise 30 Euro. 6-12 ya\u015f aral\u0131\u011f\u0131nda \u00e7ocuklar i\u00e7in gidi\u015f \u2013 d\u00f6n\u00fc\u015f 35 Euro, \u00c7e\u015fme \u2013 Sak\u0131z tek y\u00f6n 30 Euro, Sak\u0131z \u2013 \u00c7e\u015fme tek y\u00f6n ise 25 Euro. 0-6 ya\u015f i\u00e7in ise gidi\u015f d\u00f6n\u00fc\u015f 25 Euro, \u00c7e\u015fme \u2013 Sak\u0131z 20 Euro, Sak\u0131z \u2013 \u00c7e\u015fme 20 Euro \u00fccret \u00f6denecek. zmir-Midilli gemi turlar\u0131 kapsam\u0131nda 19 May\u0131s Gen\u00e7lik ve Spor Bayram\u0131 ile Kurban Bayram\u0131\u2019na \u00f6zel 17 May\u0131s Cumartesi ve 6 Haziran Cuma g\u00fcn\u00fc i\u00e7in \u00f6zel sefer d\u00fczenlenecek. \u0130zmir-Midilli hatt\u0131nda &hellip;<\/p>","protected":false},"author":1,"featured_media":0,"comment_status":"","ping_status":"open","sticky":false,"template":"","format":"standard","meta":{"_acf_changed":false,"footnotes":""},"categories":[24],"tags":[],"class_list":["post-52579","post","type-post","status-publish","format-standard","has-post-thumbnail","hentry","category-gundem"],"acf":[],"yoast_head":"<!-- This site is optimized with the Yoast SEO Premium plugin v26.6 (Yoast SEO v27.1.1) - https:\/\/yoast.com\/product\/yoast-seo-premium-wordpress\/ -->\n<title>\u0130zmir&#039;de yazl\u0131k yeni istikamet Sak\u0131z Adas\u0131 - Av. Deniz Can K\u0131z\u0131l<\/title>\n<meta name=\"robots\" content=\"index, follow, max-snippet:-1, max-image-preview:large, max-video-preview:-1\" \/>\n<link rel=\"canonical\" href=\"http:\/\/denizcankizil.tr\/ru\/haberler\/gundem\/izmirde-yazlik-yeni-istikamet-sakiz-adasi\/\" \/>\n<meta property=\"og:locale\" content=\"ru_RU\" \/>\n<meta property=\"og:type\" content=\"article\" \/>\n<meta property=\"og:title\" content=\"\u0130zmir&#039;de yazl\u0131k yeni istikamet Sak\u0131z Adas\u0131\" \/>\n<meta property=\"og:description\" content=\"\u0130zmir B\u00fcy\u00fck\u015fehir Belediyesi\u2019nin deniz turizmini canland\u0131rmak i\u00e7in \u0130ZDEN\u0130Z konforuyla s\u00fcrd\u00fcrd\u00fc\u011f\u00fc \u0130zmir\u2013Midilli seferlerine \u00c7e\u015fme-Sak\u0131z rotas\u0131 da eklendi. Yaz boyunca her g\u00fcn yap\u0131lacak Sak\u0131z Adas\u0131 seferleri 16 Nisan\u2019da ba\u015fl\u0131yor. Midilli turlar\u0131 ise Haziran ay\u0131nda ba\u015flayacak.\u0130ZM\u0130R (\u0130GFA) &#8211;\u00a0Ege\u2019nin iki yakas\u0131 aras\u0131nda dostlu\u011fu, sosyal, k\u00fclt\u00fcrel ve ekonomik ba\u011flar\u0131 g\u00fc\u00e7lendirmek amac\u0131yla \u0130zmir B\u00fcy\u00fck\u015fehir Belediyesi\u2019ne ba\u011fl\u0131 \u0130ZDEN\u0130Z (\u0130zmir Deniz \u0130\u015fletmecili\u011fi A\u015e) taraf\u0131ndan yap\u0131lan \u0130zmir- Midilli seferlerine bu y\u0131l \u00c7e\u015fme-Sak\u0131z seferleri de eklendi. TURYOL i\u015f birli\u011fiyle 16 Nisan\u2019da ba\u015flayacak \u00c7e\u015fme &#8211; Sak\u0131z seferleri i\u00e7in bilet sat\u0131\u015flar\u0131 ba\u015flad\u0131. \u00a0 \u00c7e\u015fme Ulusoy Liman\u0131\u2019ndan hareketle konforlu gemilerle yaz boyunca her g\u00fcn yap\u0131lacak seferler hava \u015fartlar\u0131na ba\u011fl\u0131 olarak yar\u0131m saat s\u00fcrecek. F\u0130YAT TAR\u0130FES\u0130 Yeti\u015fkinler i\u00e7in gidi\u015f \u2013 d\u00f6n\u00fc\u015f biletler 50 Euro olarak belirlendi. \u00c7e\u015fme \u2013 Sak\u0131z tek y\u00f6n 40 Euro, Sak\u0131z \u2013 \u00c7e\u015fme tek y\u00f6n ise 30 Euro. 6-12 ya\u015f aral\u0131\u011f\u0131nda \u00e7ocuklar i\u00e7in gidi\u015f \u2013 d\u00f6n\u00fc\u015f 35 Euro, \u00c7e\u015fme \u2013 Sak\u0131z tek y\u00f6n 30 Euro, Sak\u0131z \u2013 \u00c7e\u015fme tek y\u00f6n ise 25 Euro. 0-6 ya\u015f i\u00e7in ise gidi\u015f d\u00f6n\u00fc\u015f 25 Euro, \u00c7e\u015fme \u2013 Sak\u0131z 20 Euro, Sak\u0131z \u2013 \u00c7e\u015fme 20 Euro \u00fccret \u00f6denecek. zmir-Midilli gemi turlar\u0131 kapsam\u0131nda 19 May\u0131s Gen\u00e7lik ve Spor Bayram\u0131 ile Kurban Bayram\u0131\u2019na \u00f6zel 17 May\u0131s Cumartesi ve 6 Haziran Cuma g\u00fcn\u00fc i\u00e7in \u00f6zel sefer d\u00fczenlenecek. \u0130zmir-Midilli hatt\u0131nda &hellip;\" \/>\n<meta property=\"og:url\" content=\"http:\/\/denizcankizil.tr\/ru\/haberler\/gundem\/izmirde-yazlik-yeni-istikamet-sakiz-adasi\/\" \/>\n<meta property=\"og:site_name\" content=\"Av. Deniz Can K\u0131z\u0131l\" \/>\n<meta property=\"article:published_time\" content=\"2025-04-11T12:41:58+00:00\" \/>\n<meta name=\"author\" content=\"admin\" \/>\n<meta name=\"twitter:card\" content=\"summary_large_image\" \/>\n<meta name=\"twitter:label1\" content=\"\u041d\u0430\u043f\u0438\u0441\u0430\u043d\u043e \u0430\u0432\u0442\u043e\u0440\u043e\u043c\" \/>\n\t<meta name=\"twitter:data1\" content=\"admin\" \/>\n\t<meta name=\"twitter:label2\" content=\"\u041f\u0440\u0438\u043c\u0435\u0440\u043d\u043e\u0435 \u0432\u0440\u0435\u043c\u044f \u0434\u043b\u044f \u0447\u0442\u0435\u043d\u0438\u044f\" \/>\n\t<meta name=\"twitter:data2\" content=\"3 \u043c\u0438\u043d\u0443\u0442\u044b\" \/>\n<script type=\"application\/ld+json\" class=\"yoast-schema-graph\">{\"@context\":\"https:\/\/schema.org\",\"@graph\":[{\"@type\":\"Article\",\"@id\":\"http:\/\/denizcankizil.tr\/ru\/haberler\/gundem\/izmirde-yazlik-yeni-istikamet-sakiz-adasi\/#article\",\"isPartOf\":{\"@id\":\"http:\/\/denizcankizil.tr\/ru\/haberler\/gundem\/izmirde-yazlik-yeni-istikamet-sakiz-adasi\/\"},\"author\":{\"name\":\"admin\",\"@id\":\"https:\/\/denizcankizil.tr\/de\/#\/schema\/person\/be3c05fe6a12686905512445d8185489\"},\"headline\":\"\u0130zmir&#8217;de yazl\u0131k yeni istikamet Sak\u0131z Adas\u0131\",\"datePublished\":\"2025-04-11T12:41:58+00:00\",\"mainEntityOfPage\":{\"@id\":\"http:\/\/denizcankizil.tr\/ru\/haberler\/gundem\/izmirde-yazlik-yeni-istikamet-sakiz-adasi\/\"},\"wordCount\":575,\"publisher\":{\"@id\":\"https:\/\/denizcankizil.tr\/de\/#organization\"},\"articleSection\":[\"G\u00fcndem\"],\"inLanguage\":\"ru-RU\"},{\"@type\":\"WebPage\",\"@id\":\"http:\/\/denizcankizil.tr\/ru\/haberler\/gundem\/izmirde-yazlik-yeni-istikamet-sakiz-adasi\/\",\"url\":\"http:\/\/denizcankizil.tr\/ru\/haberler\/gundem\/izmirde-yazlik-yeni-istikamet-sakiz-adasi\/\",\"name\":\"\u0130zmir'de yazl\u0131k yeni istikamet Sak\u0131z Adas\u0131 - Av. Deniz Can K\u0131z\u0131l\",\"isPartOf\":{\"@id\":\"https:\/\/denizcankizil.tr\/de\/#website\"},\"datePublished\":\"2025-04-11T12:41:58+00:00\",\"breadcrumb\":{\"@id\":\"http:\/\/denizcankizil.tr\/ru\/haberler\/gundem\/izmirde-yazlik-yeni-istikamet-sakiz-adasi\/#breadcrumb\"},\"inLanguage\":\"ru-RU\",\"potentialAction\":[{\"@type\":\"ReadAction\",\"target\":[\"http:\/\/denizcankizil.tr\/ru\/haberler\/gundem\/izmirde-yazlik-yeni-istikamet-sakiz-adasi\/\"]}]},{\"@type\":\"BreadcrumbList\",\"@id\":\"http:\/\/denizcankizil.tr\/ru\/haberler\/gundem\/izmirde-yazlik-yeni-istikamet-sakiz-adasi\/#breadcrumb\",\"itemListElement\":[{\"@type\":\"ListItem\",\"position\":1,\"name\":\"Home\",\"item\":\"https:\/\/denizcankizil.tr\/de\/\"},{\"@type\":\"ListItem\",\"position\":2,\"name\":\"\u0130zmir&#8217;de yazl\u0131k yeni istikamet Sak\u0131z Adas\u0131\"}]},{\"@type\":\"WebSite\",\"@id\":\"https:\/\/denizcankizil.tr\/de\/#website\",\"url\":\"https:\/\/denizcankizil.tr\/de\/\",\"name\":\"Av. Deniz Can K\u0131z\u0131l\",\"description\":\"Avukat Deniz Can K\u0131z\u0131l Antalya Barosu\",\"publisher\":{\"@id\":\"https:\/\/denizcankizil.tr\/de\/#organization\"},\"potentialAction\":[{\"@type\":\"SearchAction\",\"target\":{\"@type\":\"EntryPoint\",\"urlTemplate\":\"https:\/\/denizcankizil.tr\/de\/?s={search_term_string}\"},\"query-input\":{\"@type\":\"PropertyValueSpecification\",\"valueRequired\":true,\"valueName\":\"search_term_string\"}}],\"inLanguage\":\"ru-RU\"},{\"@type\":\"Organization\",\"@id\":\"https:\/\/denizcankizil.tr\/de\/#organization\",\"name\":\"Av. Deniz Can K\u0131z\u0131l\",\"url\":\"https:\/\/denizcankizil.tr\/de\/\",\"logo\":{\"@type\":\"ImageObject\",\"inLanguage\":\"ru-RU\",\"@id\":\"https:\/\/denizcankizil.tr\/de\/#\/schema\/logo\/image\/\",\"url\":\"http:\/\/denizcankizil.tr\/wp-content\/uploads\/2024\/10\/siyah-logo-svg.svg\",\"contentUrl\":\"http:\/\/denizcankizil.tr\/wp-content\/uploads\/2024\/10\/siyah-logo-svg.svg\",\"width\":1080,\"height\":1080,\"caption\":\"Av. Deniz Can K\u0131z\u0131l\"},\"image\":{\"@id\":\"https:\/\/denizcankizil.tr\/de\/#\/schema\/logo\/image\/\"}},{\"@type\":\"Person\",\"@id\":\"https:\/\/denizcankizil.tr\/de\/#\/schema\/person\/be3c05fe6a12686905512445d8185489\",\"name\":\"admin\",\"image\":{\"@type\":\"ImageObject\",\"inLanguage\":\"ru-RU\",\"@id\":\"https:\/\/denizcankizil.tr\/de\/#\/schema\/person\/image\/\",\"url\":\"https:\/\/secure.gravatar.com\/avatar\/c1fce94c830dc79107e174f890d7210541c4a63e8e5d816341794a2151c9d58c?s=96&d=mm&r=g\",\"contentUrl\":\"https:\/\/secure.gravatar.com\/avatar\/c1fce94c830dc79107e174f890d7210541c4a63e8e5d816341794a2151c9d58c?s=96&d=mm&r=g\",\"caption\":\"admin\"},\"sameAs\":[\"http:\/\/denizcankizil.tr\"],\"url\":\"https:\/\/www.iskenderun.org\/izmirde-yazlik-yeni-istikamet-sakiz-adasi\"}]}<\/script>\n<!-- \/ Yoast SEO Premium plugin. -->","yoast_head_json":{"title":"\u0130zmir'de yazl\u0131k yeni istikamet Sak\u0131z Adas\u0131 - Av. Deniz Can K\u0131z\u0131l","robots":{"index":"index","follow":"follow","max-snippet":"max-snippet:-1","max-image-preview":"max-image-preview:large","max-video-preview":"max-video-preview:-1"},"canonical":"http:\/\/denizcankizil.tr\/ru\/haberler\/gundem\/izmirde-yazlik-yeni-istikamet-sakiz-adasi\/","og_locale":"ru_RU","og_type":"article","og_title":"\u0130zmir'de yazl\u0131k yeni istikamet Sak\u0131z Adas\u0131","og_description":"\u0130zmir B\u00fcy\u00fck\u015fehir Belediyesi\u2019nin deniz turizmini canland\u0131rmak i\u00e7in \u0130ZDEN\u0130Z konforuyla s\u00fcrd\u00fcrd\u00fc\u011f\u00fc \u0130zmir\u2013Midilli seferlerine \u00c7e\u015fme-Sak\u0131z rotas\u0131 da eklendi. Yaz boyunca her g\u00fcn yap\u0131lacak Sak\u0131z Adas\u0131 seferleri 16 Nisan\u2019da ba\u015fl\u0131yor. Midilli turlar\u0131 ise Haziran ay\u0131nda ba\u015flayacak.\u0130ZM\u0130R (\u0130GFA) &#8211;\u00a0Ege\u2019nin iki yakas\u0131 aras\u0131nda dostlu\u011fu, sosyal, k\u00fclt\u00fcrel ve ekonomik ba\u011flar\u0131 g\u00fc\u00e7lendirmek amac\u0131yla \u0130zmir B\u00fcy\u00fck\u015fehir Belediyesi\u2019ne ba\u011fl\u0131 \u0130ZDEN\u0130Z (\u0130zmir Deniz \u0130\u015fletmecili\u011fi A\u015e) taraf\u0131ndan yap\u0131lan \u0130zmir- Midilli seferlerine bu y\u0131l \u00c7e\u015fme-Sak\u0131z seferleri de eklendi. TURYOL i\u015f birli\u011fiyle 16 Nisan\u2019da ba\u015flayacak \u00c7e\u015fme &#8211; Sak\u0131z seferleri i\u00e7in bilet sat\u0131\u015flar\u0131 ba\u015flad\u0131. \u00a0 \u00c7e\u015fme Ulusoy Liman\u0131\u2019ndan hareketle konforlu gemilerle yaz boyunca her g\u00fcn yap\u0131lacak seferler hava \u015fartlar\u0131na ba\u011fl\u0131 olarak yar\u0131m saat s\u00fcrecek. F\u0130YAT TAR\u0130FES\u0130 Yeti\u015fkinler i\u00e7in gidi\u015f \u2013 d\u00f6n\u00fc\u015f biletler 50 Euro olarak belirlendi. \u00c7e\u015fme \u2013 Sak\u0131z tek y\u00f6n 40 Euro, Sak\u0131z \u2013 \u00c7e\u015fme tek y\u00f6n ise 30 Euro. 6-12 ya\u015f aral\u0131\u011f\u0131nda \u00e7ocuklar i\u00e7in gidi\u015f \u2013 d\u00f6n\u00fc\u015f 35 Euro, \u00c7e\u015fme \u2013 Sak\u0131z tek y\u00f6n 30 Euro, Sak\u0131z \u2013 \u00c7e\u015fme tek y\u00f6n ise 25 Euro. 0-6 ya\u015f i\u00e7in ise gidi\u015f d\u00f6n\u00fc\u015f 25 Euro, \u00c7e\u015fme \u2013 Sak\u0131z 20 Euro, Sak\u0131z \u2013 \u00c7e\u015fme 20 Euro \u00fccret \u00f6denecek. zmir-Midilli gemi turlar\u0131 kapsam\u0131nda 19 May\u0131s Gen\u00e7lik ve Spor Bayram\u0131 ile Kurban Bayram\u0131\u2019na \u00f6zel 17 May\u0131s Cumartesi ve 6 Haziran Cuma g\u00fcn\u00fc i\u00e7in \u00f6zel sefer d\u00fczenlenecek. \u0130zmir-Midilli hatt\u0131nda &hellip;","og_url":"http:\/\/denizcankizil.tr\/ru\/haberler\/gundem\/izmirde-yazlik-yeni-istikamet-sakiz-adasi\/","og_site_name":"Av. Deniz Can K\u0131z\u0131l","article_published_time":"2025-04-11T12:41:58+00:00","author":"admin","twitter_card":"summary_large_image","twitter_misc":{"\u041d\u0430\u043f\u0438\u0441\u0430\u043d\u043e \u0430\u0432\u0442\u043e\u0440\u043e\u043c":"admin","\u041f\u0440\u0438\u043c\u0435\u0440\u043d\u043e\u0435 \u0432\u0440\u0435\u043c\u044f \u0434\u043b\u044f \u0447\u0442\u0435\u043d\u0438\u044f":"3 \u043c\u0438\u043d\u0443\u0442\u044b"},"schema":{"@context":"https:\/\/schema.org","@graph":[{"@type":"Article","@id":"http:\/\/denizcankizil.tr\/ru\/haberler\/gundem\/izmirde-yazlik-yeni-istikamet-sakiz-adasi\/#article","isPartOf":{"@id":"http:\/\/denizcankizil.tr\/ru\/haberler\/gundem\/izmirde-yazlik-yeni-istikamet-sakiz-adasi\/"},"author":{"name":"admin","@id":"https:\/\/denizcankizil.tr\/de\/#\/schema\/person\/be3c05fe6a12686905512445d8185489"},"headline":"\u0130zmir&#8217;de yazl\u0131k yeni istikamet Sak\u0131z Adas\u0131","datePublished":"2025-04-11T12:41:58+00:00","mainEntityOfPage":{"@id":"http:\/\/denizcankizil.tr\/ru\/haberler\/gundem\/izmirde-yazlik-yeni-istikamet-sakiz-adasi\/"},"wordCount":575,"publisher":{"@id":"https:\/\/denizcankizil.tr\/de\/#organization"},"articleSection":["G\u00fcndem"],"inLanguage":"ru-RU"},{"@type":"WebPage","@id":"http:\/\/denizcankizil.tr\/ru\/haberler\/gundem\/izmirde-yazlik-yeni-istikamet-sakiz-adasi\/","url":"http:\/\/denizcankizil.tr\/ru\/haberler\/gundem\/izmirde-yazlik-yeni-istikamet-sakiz-adasi\/","name":"\u0130zmir'de yazl\u0131k yeni istikamet Sak\u0131z Adas\u0131 - Av. Deniz Can K\u0131z\u0131l","isPartOf":{"@id":"https:\/\/denizcankizil.tr\/de\/#website"},"datePublished":"2025-04-11T12:41:58+00:00","breadcrumb":{"@id":"http:\/\/denizcankizil.tr\/ru\/haberler\/gundem\/izmirde-yazlik-yeni-istikamet-sakiz-adasi\/#breadcrumb"},"inLanguage":"ru-RU","potentialAction":[{"@type":"ReadAction","target":["http:\/\/denizcankizil.tr\/ru\/haberler\/gundem\/izmirde-yazlik-yeni-istikamet-sakiz-adasi\/"]}]},{"@type":"BreadcrumbList","@id":"http:\/\/denizcankizil.tr\/ru\/haberler\/gundem\/izmirde-yazlik-yeni-istikamet-sakiz-adasi\/#breadcrumb","itemListElement":[{"@type":"ListItem","position":1,"name":"Home","item":"https:\/\/denizcankizil.tr\/de\/"},{"@type":"ListItem","position":2,"name":"\u0130zmir&#8217;de yazl\u0131k yeni istikamet Sak\u0131z Adas\u0131"}]},{"@type":"WebSite","@id":"https:\/\/denizcankizil.tr\/de\/#website","url":"https:\/\/denizcankizil.tr\/de\/","name":"Av. Deniz Can K\u0131z\u0131l","description":"Avukat Deniz Can K\u0131z\u0131l Antalya Barosu","publisher":{"@id":"https:\/\/denizcankizil.tr\/de\/#organization"},"potentialAction":[{"@type":"SearchAction","target":{"@type":"EntryPoint","urlTemplate":"https:\/\/denizcankizil.tr\/de\/?s={search_term_string}"},"query-input":{"@type":"PropertyValueSpecification","valueRequired":true,"valueName":"search_term_string"}}],"inLanguage":"ru-RU"},{"@type":"Organization","@id":"https:\/\/denizcankizil.tr\/de\/#organization","name":"Av. Deniz Can K\u0131z\u0131l","url":"https:\/\/denizcankizil.tr\/de\/","logo":{"@type":"ImageObject","inLanguage":"ru-RU","@id":"https:\/\/denizcankizil.tr\/de\/#\/schema\/logo\/image\/","url":"http:\/\/denizcankizil.tr\/wp-content\/uploads\/2024\/10\/siyah-logo-svg.svg","contentUrl":"http:\/\/denizcankizil.tr\/wp-content\/uploads\/2024\/10\/siyah-logo-svg.svg","width":1080,"height":1080,"caption":"Av. Deniz Can K\u0131z\u0131l"},"image":{"@id":"https:\/\/denizcankizil.tr\/de\/#\/schema\/logo\/image\/"}},{"@type":"Person","@id":"https:\/\/denizcankizil.tr\/de\/#\/schema\/person\/be3c05fe6a12686905512445d8185489","name":"\u0430\u0434\u043c\u0438\u043d","image":{"@type":"ImageObject","inLanguage":"ru-RU","@id":"https:\/\/denizcankizil.tr\/de\/#\/schema\/person\/image\/","url":"https:\/\/secure.gravatar.com\/avatar\/c1fce94c830dc79107e174f890d7210541c4a63e8e5d816341794a2151c9d58c?s=96&d=mm&r=g","contentUrl":"https:\/\/secure.gravatar.com\/avatar\/c1fce94c830dc79107e174f890d7210541c4a63e8e5d816341794a2151c9d58c?s=96&d=mm&r=g","caption":"admin"},"sameAs":["http:\/\/denizcankizil.tr"],"url":"https:\/\/www.iskenderun.org\/izmirde-yazlik-yeni-istikamet-sakiz-adasi"}]}},"_links":{"self":[{"href":"http:\/\/denizcankizil.tr\/ru\/wp-json\/wp\/v2\/posts\/52579","targetHints":{"allow":["GET"]}}],"collection":[{"href":"http:\/\/denizcankizil.tr\/ru\/wp-json\/wp\/v2\/posts"}],"about":[{"href":"http:\/\/denizcankizil.tr\/ru\/wp-json\/wp\/v2\/types\/post"}],"author":[{"embeddable":true,"href":"http:\/\/denizcankizil.tr\/ru\/wp-json\/wp\/v2\/users\/1"}],"replies":[{"embeddable":true,"href":"http:\/\/denizcankizil.tr\/ru\/wp-json\/wp\/v2\/comments?post=52579"}],"version-history":[{"count":0,"href":"http:\/\/denizcankizil.tr\/ru\/wp-json\/wp\/v2\/posts\/52579\/revisions"}],"wp:attachment":[{"href":"http:\/\/denizcankizil.tr\/ru\/wp-json\/wp\/v2\/media?parent=52579"}],"wp:term":[{"taxonomy":"category","embeddable":true,"href":"http:\/\/denizcankizil.tr\/ru\/wp-json\/wp\/v2\/categories?post=52579"},{"taxonomy":"post_tag","embeddable":true,"href":"http:\/\/denizcankizil.tr\/ru\/wp-json\/wp\/v2\/tags?post=52579"}],"curies":[{"name":"wp","href":"https:\/\/api.w.org\/{rel}","templated":true}]}}