{"id":50387,"date":"2025-04-09T12:42:19","date_gmt":"2025-04-09T09:42:19","guid":{"rendered":"https:\/\/denizcankizil.tr\/uncategorized-tr\/adana-yuregirde-o-isletmeye-idari-islem\/"},"modified":"2025-04-09T12:42:19","modified_gmt":"2025-04-09T09:42:19","slug":"adana-yuregirde-o-isletmeye-idari-islem","status":"publish","type":"post","link":"http:\/\/denizcankizil.tr\/ru\/haberler\/gundem\/adana-yuregirde-o-isletmeye-idari-islem\/","title":{"rendered":"Adana Y\u00fcre\u011fir&#8217;de o i\u015fletmeye idari i\u015flem!"},"content":{"rendered":"<p>Adana Y\u00fcre\u011fir\u2019de bir d\u00f6ner i\u015fletmesinde, sosyal medya g\u00f6r\u00fcnt\u00fcleri \u00fczerine yap\u0131lan denetimde hijyen kurallar\u0131na uyulmad\u0131\u011f\u0131 tespit edildi. Y\u00fcre\u011fir \u0130l\u00e7e M\u00fcd\u00fcrl\u00fc\u011f\u00fc ekipleri, hijyenik olmayan ko\u015fullar dolay\u0131s\u0131yla i\u015fletmeciye idari i\u015flem uygulad\u0131.ADANA (\u0130GFA) &#8211; Adana\u2019n\u0131n Y\u00fcre\u011fir il\u00e7esinde bir d\u00f6ner i\u015fletmesine ili\u015fkin sosyal medyada yer alan g\u00f6r\u00fcnt\u00fcler \u00fczerine harekete ge\u00e7en Y\u00fcre\u011fir \u0130l\u00e7e M\u00fcd\u00fcrl\u00fc\u011f\u00fc Kontrol G\u00f6revlisi ekipleri, i\u015fletmede kapsaml\u0131 bir denetim ger\u00e7ekle\u015ftirdi.<br \/>\nG\u0131da ve Kontrol Genel M\u00fcd\u00fcrl\u00fc\u011f\u00fc\u2019n\u00fcn a\u00e7\u0131klamas\u0131na g\u00f6re, denetimlerde g\u0131da g\u00fcvenli\u011fi ve hijyen kurallar\u0131na uyum kontrol edildi. Denetimlerde, kanatl\u0131 d\u00f6ner \u00fcretimi yapan i\u015fletmelerin hammadde temininden son \u00fcr\u00fcne kadar t\u00fcm a\u015famalarda izlenebilirlik kay\u0131tlar\u0131n\u0131 tutmas\u0131, mikrobiyolojik risklere kar\u015f\u0131 \u00fcretim yapmas\u0131 ve hijyen gerekliliklerine uymas\u0131 gerekti\u011fi vurguland\u0131.<\/p>\n<p>Pi\u015firme s\u0131ras\u0131nda merkezi s\u0131cakl\u0131\u011f\u0131n en az 72 \u00b0C\u2019ye ula\u015fmas\u0131, \u00e7i\u011f et ilavesi yap\u0131lmamas\u0131, d\u00f6nerin raf \u00f6mr\u00fcn\u00fcn 12 saati ge\u00e7memesi ve artan \u00fcr\u00fcnlerin tekrar kullan\u0131lmamas\u0131 gibi kurallara dikkat \u00e7ekilen incelemeler sonucunda, i\u015fletmenin hijyenik olmayan ko\u015fullarda faaliyet g\u00f6sterdi\u011fi tespit edildi ve i\u015fletmeciye yasa gere\u011fi idari i\u015flem uyguland\u0131.<br \/>\nG\u0131da ve Kontrol Genel M\u00fcd\u00fcrl\u00fc\u011f\u00fc, g\u0131da g\u00fcvenilirli\u011fi i\u00e7in denetimlerin aral\u0131ks\u0131z devam edece\u011fini kaydetti.<\/p>\n<p>\u200bAdana Y\u00fcre\u011fir\u2019de bir d\u00f6ner i\u015fletmesinde, sosyal medya g\u00f6r\u00fcnt\u00fcleri \u00fczerine yap\u0131lan denetimde hijyen kurallar\u0131na uyulmad\u0131\u011f\u0131 tespit edildi. Y\u00fcre\u011fir \u0130l\u00e7e M\u00fcd\u00fcrl\u00fc\u011f\u00fc ekipleri, hijyenik olmayan ko\u015fullar dolay\u0131s\u0131yla i\u015fletmeciye idari i\u015flem uygulad\u0131.ADANA (\u0130GFA) &#8211; Adana\u2019n\u0131n Y\u00fcre\u011fir il\u00e7esinde bir d\u00f6ner i\u015fletmesine ili\u015fkin sosyal medyada yer alan g\u00f6r\u00fcnt\u00fcler \u00fczerine harekete ge\u00e7en Y\u00fcre\u011fir \u0130l\u00e7e M\u00fcd\u00fcrl\u00fc\u011f\u00fc Kontrol G\u00f6revlisi ekipleri, i\u015fletmede kapsaml\u0131 bir denetim ger\u00e7ekle\u015ftirdi.<br \/>\nG\u0131da ve Kontrol Genel M\u00fcd\u00fcrl\u00fc\u011f\u00fc\u2019n\u00fcn a\u00e7\u0131klamas\u0131na g\u00f6re, denetimlerde g\u0131da g\u00fcvenli\u011fi ve hijyen kurallar\u0131na uyum kontrol edildi. Denetimlerde, kanatl\u0131 d\u00f6ner \u00fcretimi yapan i\u015fletmelerin hammadde temininden son \u00fcr\u00fcne kadar t\u00fcm a\u015famalarda izlenebilirlik kay\u0131tlar\u0131n\u0131 tutmas\u0131, mikrobiyolojik risklere kar\u015f\u0131 \u00fcretim yapmas\u0131 ve hijyen gerekliliklerine uymas\u0131 gerekti\u011fi vurguland\u0131.<\/p>\n<p>Pi\u015firme s\u0131ras\u0131nda merkezi s\u0131cakl\u0131\u011f\u0131n en az 72 \u00b0C\u2019ye ula\u015fmas\u0131, \u00e7i\u011f et ilavesi yap\u0131lmamas\u0131, d\u00f6nerin raf \u00f6mr\u00fcn\u00fcn 12 saati ge\u00e7memesi ve artan \u00fcr\u00fcnlerin tekrar kullan\u0131lmamas\u0131 gibi kurallara dikkat \u00e7ekilen incelemeler sonucunda, i\u015fletmenin hijyenik olmayan ko\u015fullarda faaliyet g\u00f6sterdi\u011fi tespit edildi ve i\u015fletmeciye yasa gere\u011fi idari i\u015flem uyguland\u0131.<br \/>\nG\u0131da ve Kontrol Genel M\u00fcd\u00fcrl\u00fc\u011f\u00fc, g\u0131da g\u00fcvenilirli\u011fi i\u00e7in denetimlerin aral\u0131ks\u0131z devam edece\u011fini kaydetti.\u00a0<\/p>\n<p>\u200bHaberin Al\u0131nt\u0131land\u0131\u011f\u0131 Kaynak: www.iskenderun.org<\/p>","protected":false},"excerpt":{"rendered":"<p>Adana Y\u00fcre\u011fir\u2019de bir d\u00f6ner i\u015fletmesinde, sosyal medya g\u00f6r\u00fcnt\u00fcleri \u00fczerine yap\u0131lan denetimde hijyen kurallar\u0131na uyulmad\u0131\u011f\u0131 tespit edildi. Y\u00fcre\u011fir \u0130l\u00e7e M\u00fcd\u00fcrl\u00fc\u011f\u00fc ekipleri, hijyenik olmayan ko\u015fullar dolay\u0131s\u0131yla i\u015fletmeciye idari i\u015flem uygulad\u0131.ADANA (\u0130GFA) &#8211; Adana\u2019n\u0131n Y\u00fcre\u011fir il\u00e7esinde bir d\u00f6ner i\u015fletmesine ili\u015fkin sosyal medyada yer alan g\u00f6r\u00fcnt\u00fcler \u00fczerine harekete ge\u00e7en Y\u00fcre\u011fir \u0130l\u00e7e M\u00fcd\u00fcrl\u00fc\u011f\u00fc Kontrol G\u00f6revlisi ekipleri, i\u015fletmede kapsaml\u0131 bir denetim ger\u00e7ekle\u015ftirdi. G\u0131da ve Kontrol Genel M\u00fcd\u00fcrl\u00fc\u011f\u00fc\u2019n\u00fcn a\u00e7\u0131klamas\u0131na g\u00f6re, denetimlerde g\u0131da g\u00fcvenli\u011fi ve hijyen kurallar\u0131na uyum kontrol edildi. Denetimlerde, kanatl\u0131 d\u00f6ner \u00fcretimi yapan i\u015fletmelerin hammadde temininden son \u00fcr\u00fcne kadar t\u00fcm a\u015famalarda izlenebilirlik kay\u0131tlar\u0131n\u0131 tutmas\u0131, mikrobiyolojik risklere kar\u015f\u0131 \u00fcretim yapmas\u0131 ve hijyen gerekliliklerine uymas\u0131 gerekti\u011fi vurguland\u0131. Pi\u015firme s\u0131ras\u0131nda merkezi s\u0131cakl\u0131\u011f\u0131n en az 72 \u00b0C\u2019ye ula\u015fmas\u0131, \u00e7i\u011f et ilavesi yap\u0131lmamas\u0131, d\u00f6nerin raf \u00f6mr\u00fcn\u00fcn 12 saati ge\u00e7memesi ve artan \u00fcr\u00fcnlerin tekrar kullan\u0131lmamas\u0131 gibi kurallara dikkat \u00e7ekilen incelemeler sonucunda, i\u015fletmenin hijyenik olmayan ko\u015fullarda faaliyet g\u00f6sterdi\u011fi tespit edildi ve i\u015fletmeciye yasa gere\u011fi idari i\u015flem uyguland\u0131. G\u0131da ve Kontrol Genel M\u00fcd\u00fcrl\u00fc\u011f\u00fc, g\u0131da g\u00fcvenilirli\u011fi i\u00e7in denetimlerin aral\u0131ks\u0131z devam edece\u011fini kaydetti. \u200bAdana Y\u00fcre\u011fir\u2019de bir d\u00f6ner i\u015fletmesinde, sosyal medya g\u00f6r\u00fcnt\u00fcleri \u00fczerine yap\u0131lan denetimde hijyen kurallar\u0131na uyulmad\u0131\u011f\u0131 tespit edildi. Y\u00fcre\u011fir \u0130l\u00e7e M\u00fcd\u00fcrl\u00fc\u011f\u00fc ekipleri, hijyenik olmayan ko\u015fullar dolay\u0131s\u0131yla i\u015fletmeciye idari i\u015flem uygulad\u0131.ADANA (\u0130GFA) &#8211; Adana\u2019n\u0131n Y\u00fcre\u011fir il\u00e7esinde bir d\u00f6ner i\u015fletmesine ili\u015fkin sosyal medyada yer alan g\u00f6r\u00fcnt\u00fcler \u00fczerine &hellip;<\/p>","protected":false},"author":1,"featured_media":0,"comment_status":"","ping_status":"open","sticky":false,"template":"","format":"standard","meta":{"_acf_changed":false,"footnotes":""},"categories":[24],"tags":[],"class_list":["post-50387","post","type-post","status-publish","format-standard","has-post-thumbnail","hentry","category-gundem"],"acf":[],"yoast_head":"<!-- This site is optimized with the Yoast SEO Premium plugin v26.6 (Yoast SEO v27.1.1) - https:\/\/yoast.com\/product\/yoast-seo-premium-wordpress\/ -->\n<title>Adana Y\u00fcre\u011fir&#039;de o i\u015fletmeye idari i\u015flem! - Av. Deniz Can K\u0131z\u0131l<\/title>\n<meta name=\"robots\" content=\"index, follow, max-snippet:-1, max-image-preview:large, max-video-preview:-1\" \/>\n<link rel=\"canonical\" href=\"http:\/\/denizcankizil.tr\/ru\/haberler\/gundem\/adana-yuregirde-o-isletmeye-idari-islem\/\" \/>\n<meta property=\"og:locale\" content=\"ru_RU\" \/>\n<meta property=\"og:type\" content=\"article\" \/>\n<meta property=\"og:title\" content=\"Adana Y\u00fcre\u011fir&#039;de o i\u015fletmeye idari i\u015flem!\" \/>\n<meta property=\"og:description\" content=\"Adana Y\u00fcre\u011fir\u2019de bir d\u00f6ner i\u015fletmesinde, sosyal medya g\u00f6r\u00fcnt\u00fcleri \u00fczerine yap\u0131lan denetimde hijyen kurallar\u0131na uyulmad\u0131\u011f\u0131 tespit edildi. Y\u00fcre\u011fir \u0130l\u00e7e M\u00fcd\u00fcrl\u00fc\u011f\u00fc ekipleri, hijyenik olmayan ko\u015fullar dolay\u0131s\u0131yla i\u015fletmeciye idari i\u015flem uygulad\u0131.ADANA (\u0130GFA) &#8211; Adana\u2019n\u0131n Y\u00fcre\u011fir il\u00e7esinde bir d\u00f6ner i\u015fletmesine ili\u015fkin sosyal medyada yer alan g\u00f6r\u00fcnt\u00fcler \u00fczerine harekete ge\u00e7en Y\u00fcre\u011fir \u0130l\u00e7e M\u00fcd\u00fcrl\u00fc\u011f\u00fc Kontrol G\u00f6revlisi ekipleri, i\u015fletmede kapsaml\u0131 bir denetim ger\u00e7ekle\u015ftirdi. G\u0131da ve Kontrol Genel M\u00fcd\u00fcrl\u00fc\u011f\u00fc\u2019n\u00fcn a\u00e7\u0131klamas\u0131na g\u00f6re, denetimlerde g\u0131da g\u00fcvenli\u011fi ve hijyen kurallar\u0131na uyum kontrol edildi. Denetimlerde, kanatl\u0131 d\u00f6ner \u00fcretimi yapan i\u015fletmelerin hammadde temininden son \u00fcr\u00fcne kadar t\u00fcm a\u015famalarda izlenebilirlik kay\u0131tlar\u0131n\u0131 tutmas\u0131, mikrobiyolojik risklere kar\u015f\u0131 \u00fcretim yapmas\u0131 ve hijyen gerekliliklerine uymas\u0131 gerekti\u011fi vurguland\u0131. Pi\u015firme s\u0131ras\u0131nda merkezi s\u0131cakl\u0131\u011f\u0131n en az 72 \u00b0C\u2019ye ula\u015fmas\u0131, \u00e7i\u011f et ilavesi yap\u0131lmamas\u0131, d\u00f6nerin raf \u00f6mr\u00fcn\u00fcn 12 saati ge\u00e7memesi ve artan \u00fcr\u00fcnlerin tekrar kullan\u0131lmamas\u0131 gibi kurallara dikkat \u00e7ekilen incelemeler sonucunda, i\u015fletmenin hijyenik olmayan ko\u015fullarda faaliyet g\u00f6sterdi\u011fi tespit edildi ve i\u015fletmeciye yasa gere\u011fi idari i\u015flem uyguland\u0131. G\u0131da ve Kontrol Genel M\u00fcd\u00fcrl\u00fc\u011f\u00fc, g\u0131da g\u00fcvenilirli\u011fi i\u00e7in denetimlerin aral\u0131ks\u0131z devam edece\u011fini kaydetti. \u200bAdana Y\u00fcre\u011fir\u2019de bir d\u00f6ner i\u015fletmesinde, sosyal medya g\u00f6r\u00fcnt\u00fcleri \u00fczerine yap\u0131lan denetimde hijyen kurallar\u0131na uyulmad\u0131\u011f\u0131 tespit edildi. Y\u00fcre\u011fir \u0130l\u00e7e M\u00fcd\u00fcrl\u00fc\u011f\u00fc ekipleri, hijyenik olmayan ko\u015fullar dolay\u0131s\u0131yla i\u015fletmeciye idari i\u015flem uygulad\u0131.ADANA (\u0130GFA) &#8211; Adana\u2019n\u0131n Y\u00fcre\u011fir il\u00e7esinde bir d\u00f6ner i\u015fletmesine ili\u015fkin sosyal medyada yer alan g\u00f6r\u00fcnt\u00fcler \u00fczerine &hellip;\" \/>\n<meta property=\"og:url\" content=\"http:\/\/denizcankizil.tr\/ru\/haberler\/gundem\/adana-yuregirde-o-isletmeye-idari-islem\/\" \/>\n<meta property=\"og:site_name\" content=\"Av. Deniz Can K\u0131z\u0131l\" \/>\n<meta property=\"article:published_time\" content=\"2025-04-09T09:42:19+00:00\" \/>\n<meta name=\"author\" content=\"admin\" \/>\n<meta name=\"twitter:card\" content=\"summary_large_image\" \/>\n<meta name=\"twitter:label1\" content=\"\u041d\u0430\u043f\u0438\u0441\u0430\u043d\u043e \u0430\u0432\u0442\u043e\u0440\u043e\u043c\" \/>\n\t<meta name=\"twitter:data1\" content=\"admin\" \/>\n\t<meta name=\"twitter:label2\" content=\"\u041f\u0440\u0438\u043c\u0435\u0440\u043d\u043e\u0435 \u0432\u0440\u0435\u043c\u044f \u0434\u043b\u044f \u0447\u0442\u0435\u043d\u0438\u044f\" \/>\n\t<meta name=\"twitter:data2\" content=\"3 \u043c\u0438\u043d\u0443\u0442\u044b\" \/>\n<script type=\"application\/ld+json\" class=\"yoast-schema-graph\">{\"@context\":\"https:\/\/schema.org\",\"@graph\":[{\"@type\":\"Article\",\"@id\":\"http:\/\/denizcankizil.tr\/ru\/haberler\/gundem\/adana-yuregirde-o-isletmeye-idari-islem\/#article\",\"isPartOf\":{\"@id\":\"http:\/\/denizcankizil.tr\/ru\/haberler\/gundem\/adana-yuregirde-o-isletmeye-idari-islem\/\"},\"author\":{\"name\":\"admin\",\"@id\":\"https:\/\/denizcankizil.tr\/de\/#\/schema\/person\/be3c05fe6a12686905512445d8185489\"},\"headline\":\"Adana Y\u00fcre\u011fir&#8217;de o i\u015fletmeye idari i\u015flem!\",\"datePublished\":\"2025-04-09T09:42:19+00:00\",\"mainEntityOfPage\":{\"@id\":\"http:\/\/denizcankizil.tr\/ru\/haberler\/gundem\/adana-yuregirde-o-isletmeye-idari-islem\/\"},\"wordCount\":515,\"publisher\":{\"@id\":\"https:\/\/denizcankizil.tr\/de\/#organization\"},\"articleSection\":[\"G\u00fcndem\"],\"inLanguage\":\"ru-RU\"},{\"@type\":\"WebPage\",\"@id\":\"http:\/\/denizcankizil.tr\/ru\/haberler\/gundem\/adana-yuregirde-o-isletmeye-idari-islem\/\",\"url\":\"http:\/\/denizcankizil.tr\/ru\/haberler\/gundem\/adana-yuregirde-o-isletmeye-idari-islem\/\",\"name\":\"Adana Y\u00fcre\u011fir'de o i\u015fletmeye idari i\u015flem! - Av. Deniz Can K\u0131z\u0131l\",\"isPartOf\":{\"@id\":\"https:\/\/denizcankizil.tr\/de\/#website\"},\"datePublished\":\"2025-04-09T09:42:19+00:00\",\"breadcrumb\":{\"@id\":\"http:\/\/denizcankizil.tr\/ru\/haberler\/gundem\/adana-yuregirde-o-isletmeye-idari-islem\/#breadcrumb\"},\"inLanguage\":\"ru-RU\",\"potentialAction\":[{\"@type\":\"ReadAction\",\"target\":[\"http:\/\/denizcankizil.tr\/ru\/haberler\/gundem\/adana-yuregirde-o-isletmeye-idari-islem\/\"]}]},{\"@type\":\"BreadcrumbList\",\"@id\":\"http:\/\/denizcankizil.tr\/ru\/haberler\/gundem\/adana-yuregirde-o-isletmeye-idari-islem\/#breadcrumb\",\"itemListElement\":[{\"@type\":\"ListItem\",\"position\":1,\"name\":\"Home\",\"item\":\"https:\/\/denizcankizil.tr\/de\/\"},{\"@type\":\"ListItem\",\"position\":2,\"name\":\"Adana Y\u00fcre\u011fir&#8217;de o i\u015fletmeye idari i\u015flem!\"}]},{\"@type\":\"WebSite\",\"@id\":\"https:\/\/denizcankizil.tr\/de\/#website\",\"url\":\"https:\/\/denizcankizil.tr\/de\/\",\"name\":\"Av. Deniz Can K\u0131z\u0131l\",\"description\":\"Avukat Deniz Can K\u0131z\u0131l Antalya Barosu\",\"publisher\":{\"@id\":\"https:\/\/denizcankizil.tr\/de\/#organization\"},\"potentialAction\":[{\"@type\":\"SearchAction\",\"target\":{\"@type\":\"EntryPoint\",\"urlTemplate\":\"https:\/\/denizcankizil.tr\/de\/?s={search_term_string}\"},\"query-input\":{\"@type\":\"PropertyValueSpecification\",\"valueRequired\":true,\"valueName\":\"search_term_string\"}}],\"inLanguage\":\"ru-RU\"},{\"@type\":\"Organization\",\"@id\":\"https:\/\/denizcankizil.tr\/de\/#organization\",\"name\":\"Av. Deniz Can K\u0131z\u0131l\",\"url\":\"https:\/\/denizcankizil.tr\/de\/\",\"logo\":{\"@type\":\"ImageObject\",\"inLanguage\":\"ru-RU\",\"@id\":\"https:\/\/denizcankizil.tr\/de\/#\/schema\/logo\/image\/\",\"url\":\"http:\/\/denizcankizil.tr\/wp-content\/uploads\/2024\/10\/siyah-logo-svg.svg\",\"contentUrl\":\"http:\/\/denizcankizil.tr\/wp-content\/uploads\/2024\/10\/siyah-logo-svg.svg\",\"width\":1080,\"height\":1080,\"caption\":\"Av. Deniz Can K\u0131z\u0131l\"},\"image\":{\"@id\":\"https:\/\/denizcankizil.tr\/de\/#\/schema\/logo\/image\/\"}},{\"@type\":\"Person\",\"@id\":\"https:\/\/denizcankizil.tr\/de\/#\/schema\/person\/be3c05fe6a12686905512445d8185489\",\"name\":\"admin\",\"image\":{\"@type\":\"ImageObject\",\"inLanguage\":\"ru-RU\",\"@id\":\"https:\/\/denizcankizil.tr\/de\/#\/schema\/person\/image\/\",\"url\":\"https:\/\/secure.gravatar.com\/avatar\/c1fce94c830dc79107e174f890d7210541c4a63e8e5d816341794a2151c9d58c?s=96&d=mm&r=g\",\"contentUrl\":\"https:\/\/secure.gravatar.com\/avatar\/c1fce94c830dc79107e174f890d7210541c4a63e8e5d816341794a2151c9d58c?s=96&d=mm&r=g\",\"caption\":\"admin\"},\"sameAs\":[\"http:\/\/denizcankizil.tr\"],\"url\":\"https:\/\/www.iskenderun.org\/adana-yuregirde-o-isletmeye-idari-islem\"}]}<\/script>\n<!-- \/ Yoast SEO Premium plugin. -->","yoast_head_json":{"title":"Adana Y\u00fcre\u011fir'de o i\u015fletmeye idari i\u015flem! - Av. Deniz Can K\u0131z\u0131l","robots":{"index":"index","follow":"follow","max-snippet":"max-snippet:-1","max-image-preview":"max-image-preview:large","max-video-preview":"max-video-preview:-1"},"canonical":"http:\/\/denizcankizil.tr\/ru\/haberler\/gundem\/adana-yuregirde-o-isletmeye-idari-islem\/","og_locale":"ru_RU","og_type":"article","og_title":"Adana Y\u00fcre\u011fir'de o i\u015fletmeye idari i\u015flem!","og_description":"Adana Y\u00fcre\u011fir\u2019de bir d\u00f6ner i\u015fletmesinde, sosyal medya g\u00f6r\u00fcnt\u00fcleri \u00fczerine yap\u0131lan denetimde hijyen kurallar\u0131na uyulmad\u0131\u011f\u0131 tespit edildi. Y\u00fcre\u011fir \u0130l\u00e7e M\u00fcd\u00fcrl\u00fc\u011f\u00fc ekipleri, hijyenik olmayan ko\u015fullar dolay\u0131s\u0131yla i\u015fletmeciye idari i\u015flem uygulad\u0131.ADANA (\u0130GFA) &#8211; Adana\u2019n\u0131n Y\u00fcre\u011fir il\u00e7esinde bir d\u00f6ner i\u015fletmesine ili\u015fkin sosyal medyada yer alan g\u00f6r\u00fcnt\u00fcler \u00fczerine harekete ge\u00e7en Y\u00fcre\u011fir \u0130l\u00e7e M\u00fcd\u00fcrl\u00fc\u011f\u00fc Kontrol G\u00f6revlisi ekipleri, i\u015fletmede kapsaml\u0131 bir denetim ger\u00e7ekle\u015ftirdi. G\u0131da ve Kontrol Genel M\u00fcd\u00fcrl\u00fc\u011f\u00fc\u2019n\u00fcn a\u00e7\u0131klamas\u0131na g\u00f6re, denetimlerde g\u0131da g\u00fcvenli\u011fi ve hijyen kurallar\u0131na uyum kontrol edildi. Denetimlerde, kanatl\u0131 d\u00f6ner \u00fcretimi yapan i\u015fletmelerin hammadde temininden son \u00fcr\u00fcne kadar t\u00fcm a\u015famalarda izlenebilirlik kay\u0131tlar\u0131n\u0131 tutmas\u0131, mikrobiyolojik risklere kar\u015f\u0131 \u00fcretim yapmas\u0131 ve hijyen gerekliliklerine uymas\u0131 gerekti\u011fi vurguland\u0131. Pi\u015firme s\u0131ras\u0131nda merkezi s\u0131cakl\u0131\u011f\u0131n en az 72 \u00b0C\u2019ye ula\u015fmas\u0131, \u00e7i\u011f et ilavesi yap\u0131lmamas\u0131, d\u00f6nerin raf \u00f6mr\u00fcn\u00fcn 12 saati ge\u00e7memesi ve artan \u00fcr\u00fcnlerin tekrar kullan\u0131lmamas\u0131 gibi kurallara dikkat \u00e7ekilen incelemeler sonucunda, i\u015fletmenin hijyenik olmayan ko\u015fullarda faaliyet g\u00f6sterdi\u011fi tespit edildi ve i\u015fletmeciye yasa gere\u011fi idari i\u015flem uyguland\u0131. G\u0131da ve Kontrol Genel M\u00fcd\u00fcrl\u00fc\u011f\u00fc, g\u0131da g\u00fcvenilirli\u011fi i\u00e7in denetimlerin aral\u0131ks\u0131z devam edece\u011fini kaydetti. \u200bAdana Y\u00fcre\u011fir\u2019de bir d\u00f6ner i\u015fletmesinde, sosyal medya g\u00f6r\u00fcnt\u00fcleri \u00fczerine yap\u0131lan denetimde hijyen kurallar\u0131na uyulmad\u0131\u011f\u0131 tespit edildi. Y\u00fcre\u011fir \u0130l\u00e7e M\u00fcd\u00fcrl\u00fc\u011f\u00fc ekipleri, hijyenik olmayan ko\u015fullar dolay\u0131s\u0131yla i\u015fletmeciye idari i\u015flem uygulad\u0131.ADANA (\u0130GFA) &#8211; Adana\u2019n\u0131n Y\u00fcre\u011fir il\u00e7esinde bir d\u00f6ner i\u015fletmesine ili\u015fkin sosyal medyada yer alan g\u00f6r\u00fcnt\u00fcler \u00fczerine &hellip;","og_url":"http:\/\/denizcankizil.tr\/ru\/haberler\/gundem\/adana-yuregirde-o-isletmeye-idari-islem\/","og_site_name":"Av. Deniz Can K\u0131z\u0131l","article_published_time":"2025-04-09T09:42:19+00:00","author":"admin","twitter_card":"summary_large_image","twitter_misc":{"\u041d\u0430\u043f\u0438\u0441\u0430\u043d\u043e \u0430\u0432\u0442\u043e\u0440\u043e\u043c":"admin","\u041f\u0440\u0438\u043c\u0435\u0440\u043d\u043e\u0435 \u0432\u0440\u0435\u043c\u044f \u0434\u043b\u044f \u0447\u0442\u0435\u043d\u0438\u044f":"3 \u043c\u0438\u043d\u0443\u0442\u044b"},"schema":{"@context":"https:\/\/schema.org","@graph":[{"@type":"Article","@id":"http:\/\/denizcankizil.tr\/ru\/haberler\/gundem\/adana-yuregirde-o-isletmeye-idari-islem\/#article","isPartOf":{"@id":"http:\/\/denizcankizil.tr\/ru\/haberler\/gundem\/adana-yuregirde-o-isletmeye-idari-islem\/"},"author":{"name":"admin","@id":"https:\/\/denizcankizil.tr\/de\/#\/schema\/person\/be3c05fe6a12686905512445d8185489"},"headline":"Adana Y\u00fcre\u011fir&#8217;de o i\u015fletmeye idari i\u015flem!","datePublished":"2025-04-09T09:42:19+00:00","mainEntityOfPage":{"@id":"http:\/\/denizcankizil.tr\/ru\/haberler\/gundem\/adana-yuregirde-o-isletmeye-idari-islem\/"},"wordCount":515,"publisher":{"@id":"https:\/\/denizcankizil.tr\/de\/#organization"},"articleSection":["G\u00fcndem"],"inLanguage":"ru-RU"},{"@type":"WebPage","@id":"http:\/\/denizcankizil.tr\/ru\/haberler\/gundem\/adana-yuregirde-o-isletmeye-idari-islem\/","url":"http:\/\/denizcankizil.tr\/ru\/haberler\/gundem\/adana-yuregirde-o-isletmeye-idari-islem\/","name":"Adana Y\u00fcre\u011fir'de o i\u015fletmeye idari i\u015flem! - Av. Deniz Can K\u0131z\u0131l","isPartOf":{"@id":"https:\/\/denizcankizil.tr\/de\/#website"},"datePublished":"2025-04-09T09:42:19+00:00","breadcrumb":{"@id":"http:\/\/denizcankizil.tr\/ru\/haberler\/gundem\/adana-yuregirde-o-isletmeye-idari-islem\/#breadcrumb"},"inLanguage":"ru-RU","potentialAction":[{"@type":"ReadAction","target":["http:\/\/denizcankizil.tr\/ru\/haberler\/gundem\/adana-yuregirde-o-isletmeye-idari-islem\/"]}]},{"@type":"BreadcrumbList","@id":"http:\/\/denizcankizil.tr\/ru\/haberler\/gundem\/adana-yuregirde-o-isletmeye-idari-islem\/#breadcrumb","itemListElement":[{"@type":"ListItem","position":1,"name":"Home","item":"https:\/\/denizcankizil.tr\/de\/"},{"@type":"ListItem","position":2,"name":"Adana Y\u00fcre\u011fir&#8217;de o i\u015fletmeye idari i\u015flem!"}]},{"@type":"WebSite","@id":"https:\/\/denizcankizil.tr\/de\/#website","url":"https:\/\/denizcankizil.tr\/de\/","name":"Av. Deniz Can K\u0131z\u0131l","description":"Avukat Deniz Can K\u0131z\u0131l Antalya Barosu","publisher":{"@id":"https:\/\/denizcankizil.tr\/de\/#organization"},"potentialAction":[{"@type":"SearchAction","target":{"@type":"EntryPoint","urlTemplate":"https:\/\/denizcankizil.tr\/de\/?s={search_term_string}"},"query-input":{"@type":"PropertyValueSpecification","valueRequired":true,"valueName":"search_term_string"}}],"inLanguage":"ru-RU"},{"@type":"Organization","@id":"https:\/\/denizcankizil.tr\/de\/#organization","name":"Av. Deniz Can K\u0131z\u0131l","url":"https:\/\/denizcankizil.tr\/de\/","logo":{"@type":"ImageObject","inLanguage":"ru-RU","@id":"https:\/\/denizcankizil.tr\/de\/#\/schema\/logo\/image\/","url":"http:\/\/denizcankizil.tr\/wp-content\/uploads\/2024\/10\/siyah-logo-svg.svg","contentUrl":"http:\/\/denizcankizil.tr\/wp-content\/uploads\/2024\/10\/siyah-logo-svg.svg","width":1080,"height":1080,"caption":"Av. Deniz Can K\u0131z\u0131l"},"image":{"@id":"https:\/\/denizcankizil.tr\/de\/#\/schema\/logo\/image\/"}},{"@type":"Person","@id":"https:\/\/denizcankizil.tr\/de\/#\/schema\/person\/be3c05fe6a12686905512445d8185489","name":"\u0430\u0434\u043c\u0438\u043d","image":{"@type":"ImageObject","inLanguage":"ru-RU","@id":"https:\/\/denizcankizil.tr\/de\/#\/schema\/person\/image\/","url":"https:\/\/secure.gravatar.com\/avatar\/c1fce94c830dc79107e174f890d7210541c4a63e8e5d816341794a2151c9d58c?s=96&d=mm&r=g","contentUrl":"https:\/\/secure.gravatar.com\/avatar\/c1fce94c830dc79107e174f890d7210541c4a63e8e5d816341794a2151c9d58c?s=96&d=mm&r=g","caption":"admin"},"sameAs":["http:\/\/denizcankizil.tr"],"url":"https:\/\/www.iskenderun.org\/adana-yuregirde-o-isletmeye-idari-islem"}]}},"_links":{"self":[{"href":"http:\/\/denizcankizil.tr\/ru\/wp-json\/wp\/v2\/posts\/50387","targetHints":{"allow":["GET"]}}],"collection":[{"href":"http:\/\/denizcankizil.tr\/ru\/wp-json\/wp\/v2\/posts"}],"about":[{"href":"http:\/\/denizcankizil.tr\/ru\/wp-json\/wp\/v2\/types\/post"}],"author":[{"embeddable":true,"href":"http:\/\/denizcankizil.tr\/ru\/wp-json\/wp\/v2\/users\/1"}],"replies":[{"embeddable":true,"href":"http:\/\/denizcankizil.tr\/ru\/wp-json\/wp\/v2\/comments?post=50387"}],"version-history":[{"count":0,"href":"http:\/\/denizcankizil.tr\/ru\/wp-json\/wp\/v2\/posts\/50387\/revisions"}],"wp:attachment":[{"href":"http:\/\/denizcankizil.tr\/ru\/wp-json\/wp\/v2\/media?parent=50387"}],"wp:term":[{"taxonomy":"category","embeddable":true,"href":"http:\/\/denizcankizil.tr\/ru\/wp-json\/wp\/v2\/categories?post=50387"},{"taxonomy":"post_tag","embeddable":true,"href":"http:\/\/denizcankizil.tr\/ru\/wp-json\/wp\/v2\/tags?post=50387"}],"curies":[{"name":"wp","href":"https:\/\/api.w.org\/{rel}","templated":true}]}}