{"id":48344,"date":"2025-04-07T15:42:57","date_gmt":"2025-04-07T12:42:57","guid":{"rendered":"https:\/\/denizcankizil.tr\/uncategorized-tr\/fareli-koyun-muzisyenleri-ilk-kez-sahnede\/"},"modified":"2025-04-07T15:42:57","modified_gmt":"2025-04-07T12:42:57","slug":"fareli-koyun-muzisyenleri-ilk-kez-sahnede","status":"publish","type":"post","link":"http:\/\/denizcankizil.tr\/ru\/haberler\/gundem\/fareli-koyun-muzisyenleri-ilk-kez-sahnede\/","title":{"rendered":"\u201cFareli K\u00f6y\u00fcn M\u00fczisyenleri\u201d ilk kez sahnede!"},"content":{"rendered":"<p>\u00c7anakkale Belediyesi Tiyatro Toplulu\u011fu \u00c7ocuk Tiyatrosu Birimi taraf\u0131ndan haz\u0131rlanan \u201cFareli K\u00f6y\u00fcn M\u00fczisyenleri\u201d isimli oyun ilk g\u00f6sterimi yap\u0131ld\u0131.\u00c7ANAKKALE (\u0130GFA) &#8211; \u00c7anakkale Belediyesi Tiyatro Toplulu\u011fu \u00c7ocuk Tiyatrosu Birimi taraf\u0131ndan haz\u0131rlanan \u201cFareli K\u00f6y\u00fcn M\u00fczisyenleri\u201d isimli oyun ilk g\u00f6steriminde izleyicilerden tam not ald\u0131.<br \/>\n6 Nisan 2025 Pazar g\u00fcn\u00fc \u00c7anakkale Belediyesi K\u00fclt\u00fcr Merkezi&#8217;nde sahnelenen oyuna, \u00e7ocuklar ve aileleri b\u00fcy\u00fck ilgi g\u00f6sterdi. \u00d6ney Olcaytu&#8217;nun y\u00f6netti\u011fi oyun, b\u00fcy\u00fck alk\u0131\u015f ald\u0131.<br \/>\nFareli K\u00f6y\u00fcn M\u00fczisyenleri, 20 Nisan 2025 Pazar g\u00fcn\u00fc saat 15.00&#8217;te \u00c7anakkale Belediyesi K\u00fclt\u00fcr Merkezi&#8217;nde yeniden izleyicilerle bulu\u015facak.<\/p>\n<p>\u200b\u00c7anakkale Belediyesi Tiyatro Toplulu\u011fu \u00c7ocuk Tiyatrosu Birimi taraf\u0131ndan haz\u0131rlanan \u201cFareli K\u00f6y\u00fcn M\u00fczisyenleri\u201d isimli oyun ilk g\u00f6sterimi yap\u0131ld\u0131.\u00c7ANAKKALE (\u0130GFA) &#8211; \u00c7anakkale Belediyesi Tiyatro Toplulu\u011fu \u00c7ocuk Tiyatrosu Birimi taraf\u0131ndan haz\u0131rlanan \u201cFareli K\u00f6y\u00fcn M\u00fczisyenleri\u201d isimli oyun ilk g\u00f6steriminde izleyicilerden tam not ald\u0131.<br \/>\n6 Nisan 2025 Pazar g\u00fcn\u00fc \u00c7anakkale Belediyesi K\u00fclt\u00fcr Merkezi&#8217;nde sahnelenen oyuna, \u00e7ocuklar ve aileleri b\u00fcy\u00fck ilgi g\u00f6sterdi. \u00d6ney Olcaytu&#8217;nun y\u00f6netti\u011fi oyun, b\u00fcy\u00fck alk\u0131\u015f ald\u0131.<br \/>\nFareli K\u00f6y\u00fcn M\u00fczisyenleri, 20 Nisan 2025 Pazar g\u00fcn\u00fc saat 15.00&#8217;te \u00c7anakkale Belediyesi K\u00fclt\u00fcr Merkezi&#8217;nde yeniden izleyicilerle bulu\u015facak.\u00a0<\/p>\n<p>\u200bHaberin Al\u0131nt\u0131land\u0131\u011f\u0131 Kaynak: www.iskenderun.org<\/p>","protected":false},"excerpt":{"rendered":"<p>\u00c7anakkale Belediyesi Tiyatro Toplulu\u011fu \u00c7ocuk Tiyatrosu Birimi taraf\u0131ndan haz\u0131rlanan \u201cFareli K\u00f6y\u00fcn M\u00fczisyenleri\u201d isimli oyun ilk g\u00f6sterimi yap\u0131ld\u0131.\u00c7ANAKKALE (\u0130GFA) &#8211; \u00c7anakkale Belediyesi Tiyatro Toplulu\u011fu \u00c7ocuk Tiyatrosu Birimi taraf\u0131ndan haz\u0131rlanan \u201cFareli K\u00f6y\u00fcn M\u00fczisyenleri\u201d isimli oyun ilk g\u00f6steriminde izleyicilerden tam not ald\u0131. 6 Nisan 2025 Pazar g\u00fcn\u00fc \u00c7anakkale Belediyesi K\u00fclt\u00fcr Merkezi&#8217;nde sahnelenen oyuna, \u00e7ocuklar ve aileleri b\u00fcy\u00fck ilgi g\u00f6sterdi. \u00d6ney Olcaytu&#8217;nun y\u00f6netti\u011fi oyun, b\u00fcy\u00fck alk\u0131\u015f ald\u0131. Fareli K\u00f6y\u00fcn M\u00fczisyenleri, 20 Nisan 2025 Pazar g\u00fcn\u00fc saat 15.00&#8217;te \u00c7anakkale Belediyesi K\u00fclt\u00fcr Merkezi&#8217;nde yeniden izleyicilerle bulu\u015facak. \u200b\u00c7anakkale Belediyesi Tiyatro Toplulu\u011fu \u00c7ocuk Tiyatrosu Birimi taraf\u0131ndan haz\u0131rlanan \u201cFareli K\u00f6y\u00fcn M\u00fczisyenleri\u201d isimli oyun ilk g\u00f6sterimi yap\u0131ld\u0131.\u00c7ANAKKALE (\u0130GFA) &#8211; \u00c7anakkale Belediyesi Tiyatro Toplulu\u011fu \u00c7ocuk Tiyatrosu Birimi taraf\u0131ndan haz\u0131rlanan \u201cFareli K\u00f6y\u00fcn M\u00fczisyenleri\u201d isimli oyun ilk g\u00f6steriminde izleyicilerden tam not ald\u0131. 6 Nisan 2025 Pazar g\u00fcn\u00fc \u00c7anakkale Belediyesi K\u00fclt\u00fcr Merkezi&#8217;nde sahnelenen oyuna, \u00e7ocuklar ve aileleri b\u00fcy\u00fck ilgi g\u00f6sterdi. \u00d6ney Olcaytu&#8217;nun y\u00f6netti\u011fi oyun, b\u00fcy\u00fck alk\u0131\u015f ald\u0131. Fareli K\u00f6y\u00fcn M\u00fczisyenleri, 20 Nisan 2025 Pazar g\u00fcn\u00fc saat 15.00&#8217;te \u00c7anakkale Belediyesi K\u00fclt\u00fcr Merkezi&#8217;nde yeniden izleyicilerle bulu\u015facak.\u00a0 \u200bHaberin Al\u0131nt\u0131land\u0131\u011f\u0131 Kaynak: www.iskenderun.org<\/p>","protected":false},"author":1,"featured_media":0,"comment_status":"","ping_status":"open","sticky":false,"template":"","format":"standard","meta":{"_acf_changed":false,"footnotes":""},"categories":[24],"tags":[],"class_list":["post-48344","post","type-post","status-publish","format-standard","has-post-thumbnail","hentry","category-gundem"],"acf":[],"yoast_head":"<!-- This site is optimized with the Yoast SEO Premium plugin v26.6 (Yoast SEO v27.1.1) - https:\/\/yoast.com\/product\/yoast-seo-premium-wordpress\/ -->\n<title>\u201cFareli K\u00f6y\u00fcn M\u00fczisyenleri\u201d ilk kez sahnede! - Av. Deniz Can K\u0131z\u0131l<\/title>\n<meta name=\"robots\" content=\"index, follow, max-snippet:-1, max-image-preview:large, max-video-preview:-1\" \/>\n<link rel=\"canonical\" href=\"http:\/\/denizcankizil.tr\/ru\/haberler\/gundem\/fareli-koyun-muzisyenleri-ilk-kez-sahnede\/\" \/>\n<meta property=\"og:locale\" content=\"ru_RU\" \/>\n<meta property=\"og:type\" content=\"article\" \/>\n<meta property=\"og:title\" content=\"\u201cFareli K\u00f6y\u00fcn M\u00fczisyenleri\u201d ilk kez sahnede!\" \/>\n<meta property=\"og:description\" content=\"\u00c7anakkale Belediyesi Tiyatro Toplulu\u011fu \u00c7ocuk Tiyatrosu Birimi taraf\u0131ndan haz\u0131rlanan \u201cFareli K\u00f6y\u00fcn M\u00fczisyenleri\u201d isimli oyun ilk g\u00f6sterimi yap\u0131ld\u0131.\u00c7ANAKKALE (\u0130GFA) &#8211; \u00c7anakkale Belediyesi Tiyatro Toplulu\u011fu \u00c7ocuk Tiyatrosu Birimi taraf\u0131ndan haz\u0131rlanan \u201cFareli K\u00f6y\u00fcn M\u00fczisyenleri\u201d isimli oyun ilk g\u00f6steriminde izleyicilerden tam not ald\u0131. 6 Nisan 2025 Pazar g\u00fcn\u00fc \u00c7anakkale Belediyesi K\u00fclt\u00fcr Merkezi&#8217;nde sahnelenen oyuna, \u00e7ocuklar ve aileleri b\u00fcy\u00fck ilgi g\u00f6sterdi. \u00d6ney Olcaytu&#8217;nun y\u00f6netti\u011fi oyun, b\u00fcy\u00fck alk\u0131\u015f ald\u0131. Fareli K\u00f6y\u00fcn M\u00fczisyenleri, 20 Nisan 2025 Pazar g\u00fcn\u00fc saat 15.00&#8217;te \u00c7anakkale Belediyesi K\u00fclt\u00fcr Merkezi&#8217;nde yeniden izleyicilerle bulu\u015facak. \u200b\u00c7anakkale Belediyesi Tiyatro Toplulu\u011fu \u00c7ocuk Tiyatrosu Birimi taraf\u0131ndan haz\u0131rlanan \u201cFareli K\u00f6y\u00fcn M\u00fczisyenleri\u201d isimli oyun ilk g\u00f6sterimi yap\u0131ld\u0131.\u00c7ANAKKALE (\u0130GFA) &#8211; \u00c7anakkale Belediyesi Tiyatro Toplulu\u011fu \u00c7ocuk Tiyatrosu Birimi taraf\u0131ndan haz\u0131rlanan \u201cFareli K\u00f6y\u00fcn M\u00fczisyenleri\u201d isimli oyun ilk g\u00f6steriminde izleyicilerden tam not ald\u0131. 6 Nisan 2025 Pazar g\u00fcn\u00fc \u00c7anakkale Belediyesi K\u00fclt\u00fcr Merkezi&#8217;nde sahnelenen oyuna, \u00e7ocuklar ve aileleri b\u00fcy\u00fck ilgi g\u00f6sterdi. \u00d6ney Olcaytu&#8217;nun y\u00f6netti\u011fi oyun, b\u00fcy\u00fck alk\u0131\u015f ald\u0131. Fareli K\u00f6y\u00fcn M\u00fczisyenleri, 20 Nisan 2025 Pazar g\u00fcn\u00fc saat 15.00&#8217;te \u00c7anakkale Belediyesi K\u00fclt\u00fcr Merkezi&#8217;nde yeniden izleyicilerle bulu\u015facak.\u00a0 \u200bHaberin Al\u0131nt\u0131land\u0131\u011f\u0131 Kaynak: www.iskenderun.org\" \/>\n<meta property=\"og:url\" content=\"http:\/\/denizcankizil.tr\/ru\/haberler\/gundem\/fareli-koyun-muzisyenleri-ilk-kez-sahnede\/\" \/>\n<meta property=\"og:site_name\" content=\"Av. Deniz Can K\u0131z\u0131l\" \/>\n<meta property=\"article:published_time\" content=\"2025-04-07T12:42:57+00:00\" \/>\n<meta name=\"author\" content=\"admin\" \/>\n<meta name=\"twitter:card\" content=\"summary_large_image\" \/>\n<meta name=\"twitter:label1\" content=\"\u041d\u0430\u043f\u0438\u0441\u0430\u043d\u043e \u0430\u0432\u0442\u043e\u0440\u043e\u043c\" \/>\n\t<meta name=\"twitter:data1\" content=\"admin\" \/>\n\t<meta name=\"twitter:label2\" content=\"\u041f\u0440\u0438\u043c\u0435\u0440\u043d\u043e\u0435 \u0432\u0440\u0435\u043c\u044f \u0434\u043b\u044f \u0447\u0442\u0435\u043d\u0438\u044f\" \/>\n\t<meta name=\"twitter:data2\" content=\"1 \u043c\u0438\u043d\u0443\u0442\u0430\" \/>\n<script type=\"application\/ld+json\" class=\"yoast-schema-graph\">{\"@context\":\"https:\/\/schema.org\",\"@graph\":[{\"@type\":\"Article\",\"@id\":\"http:\/\/denizcankizil.tr\/de\/haberler\/gundem\/fareli-koyun-muzisyenleri-ilk-kez-sahnede\/#article\",\"isPartOf\":{\"@id\":\"http:\/\/denizcankizil.tr\/de\/haberler\/gundem\/fareli-koyun-muzisyenleri-ilk-kez-sahnede\/\"},\"author\":{\"name\":\"admin\",\"@id\":\"https:\/\/denizcankizil.tr\/de\/#\/schema\/person\/be3c05fe6a12686905512445d8185489\"},\"headline\":\"\u201cFareli K\u00f6y\u00fcn M\u00fczisyenleri\u201d ilk kez sahnede!\",\"datePublished\":\"2025-04-07T12:42:57+00:00\",\"mainEntityOfPage\":{\"@id\":\"http:\/\/denizcankizil.tr\/de\/haberler\/gundem\/fareli-koyun-muzisyenleri-ilk-kez-sahnede\/\"},\"wordCount\":241,\"publisher\":{\"@id\":\"https:\/\/denizcankizil.tr\/de\/#organization\"},\"articleSection\":[\"G\u00fcndem\"],\"inLanguage\":\"ru-RU\"},{\"@type\":\"WebPage\",\"@id\":\"http:\/\/denizcankizil.tr\/de\/haberler\/gundem\/fareli-koyun-muzisyenleri-ilk-kez-sahnede\/\",\"url\":\"http:\/\/denizcankizil.tr\/de\/haberler\/gundem\/fareli-koyun-muzisyenleri-ilk-kez-sahnede\/\",\"name\":\"\u201cFareli K\u00f6y\u00fcn M\u00fczisyenleri\u201d ilk kez sahnede! - Av. Deniz Can K\u0131z\u0131l\",\"isPartOf\":{\"@id\":\"https:\/\/denizcankizil.tr\/de\/#website\"},\"datePublished\":\"2025-04-07T12:42:57+00:00\",\"breadcrumb\":{\"@id\":\"http:\/\/denizcankizil.tr\/de\/haberler\/gundem\/fareli-koyun-muzisyenleri-ilk-kez-sahnede\/#breadcrumb\"},\"inLanguage\":\"ru-RU\",\"potentialAction\":[{\"@type\":\"ReadAction\",\"target\":[\"http:\/\/denizcankizil.tr\/de\/haberler\/gundem\/fareli-koyun-muzisyenleri-ilk-kez-sahnede\/\"]}]},{\"@type\":\"BreadcrumbList\",\"@id\":\"http:\/\/denizcankizil.tr\/de\/haberler\/gundem\/fareli-koyun-muzisyenleri-ilk-kez-sahnede\/#breadcrumb\",\"itemListElement\":[{\"@type\":\"ListItem\",\"position\":1,\"name\":\"Home\",\"item\":\"https:\/\/denizcankizil.tr\/de\/\"},{\"@type\":\"ListItem\",\"position\":2,\"name\":\"\u201cFareli K\u00f6y\u00fcn M\u00fczisyenleri\u201d ilk kez sahnede!\"}]},{\"@type\":\"WebSite\",\"@id\":\"https:\/\/denizcankizil.tr\/de\/#website\",\"url\":\"https:\/\/denizcankizil.tr\/de\/\",\"name\":\"Av. Deniz Can K\u0131z\u0131l\",\"description\":\"Avukat Deniz Can K\u0131z\u0131l Antalya Barosu\",\"publisher\":{\"@id\":\"https:\/\/denizcankizil.tr\/de\/#organization\"},\"potentialAction\":[{\"@type\":\"SearchAction\",\"target\":{\"@type\":\"EntryPoint\",\"urlTemplate\":\"https:\/\/denizcankizil.tr\/de\/?s={search_term_string}\"},\"query-input\":{\"@type\":\"PropertyValueSpecification\",\"valueRequired\":true,\"valueName\":\"search_term_string\"}}],\"inLanguage\":\"ru-RU\"},{\"@type\":\"Organization\",\"@id\":\"https:\/\/denizcankizil.tr\/de\/#organization\",\"name\":\"Av. Deniz Can K\u0131z\u0131l\",\"url\":\"https:\/\/denizcankizil.tr\/de\/\",\"logo\":{\"@type\":\"ImageObject\",\"inLanguage\":\"ru-RU\",\"@id\":\"https:\/\/denizcankizil.tr\/de\/#\/schema\/logo\/image\/\",\"url\":\"http:\/\/denizcankizil.tr\/wp-content\/uploads\/2024\/10\/siyah-logo-svg.svg\",\"contentUrl\":\"http:\/\/denizcankizil.tr\/wp-content\/uploads\/2024\/10\/siyah-logo-svg.svg\",\"width\":1080,\"height\":1080,\"caption\":\"Av. Deniz Can K\u0131z\u0131l\"},\"image\":{\"@id\":\"https:\/\/denizcankizil.tr\/de\/#\/schema\/logo\/image\/\"}},{\"@type\":\"Person\",\"@id\":\"https:\/\/denizcankizil.tr\/de\/#\/schema\/person\/be3c05fe6a12686905512445d8185489\",\"name\":\"admin\",\"image\":{\"@type\":\"ImageObject\",\"inLanguage\":\"ru-RU\",\"@id\":\"https:\/\/denizcankizil.tr\/de\/#\/schema\/person\/image\/\",\"url\":\"https:\/\/secure.gravatar.com\/avatar\/c1fce94c830dc79107e174f890d7210541c4a63e8e5d816341794a2151c9d58c?s=96&d=mm&r=g\",\"contentUrl\":\"https:\/\/secure.gravatar.com\/avatar\/c1fce94c830dc79107e174f890d7210541c4a63e8e5d816341794a2151c9d58c?s=96&d=mm&r=g\",\"caption\":\"admin\"},\"sameAs\":[\"http:\/\/denizcankizil.tr\"],\"url\":\"https:\/\/www.iskenderun.org\/fareli-koyun-muzisyenleri-ilk-kez-sahnede\"}]}<\/script>\n<!-- \/ Yoast SEO Premium plugin. -->","yoast_head_json":{"title":"\u201cFareli K\u00f6y\u00fcn M\u00fczisyenleri\u201d ilk kez sahnede! - Av. Deniz Can K\u0131z\u0131l","robots":{"index":"index","follow":"follow","max-snippet":"max-snippet:-1","max-image-preview":"max-image-preview:large","max-video-preview":"max-video-preview:-1"},"canonical":"http:\/\/denizcankizil.tr\/ru\/haberler\/gundem\/fareli-koyun-muzisyenleri-ilk-kez-sahnede\/","og_locale":"ru_RU","og_type":"article","og_title":"\u201cFareli K\u00f6y\u00fcn M\u00fczisyenleri\u201d ilk kez sahnede!","og_description":"\u00c7anakkale Belediyesi Tiyatro Toplulu\u011fu \u00c7ocuk Tiyatrosu Birimi taraf\u0131ndan haz\u0131rlanan \u201cFareli K\u00f6y\u00fcn M\u00fczisyenleri\u201d isimli oyun ilk g\u00f6sterimi yap\u0131ld\u0131.\u00c7ANAKKALE (\u0130GFA) &#8211; \u00c7anakkale Belediyesi Tiyatro Toplulu\u011fu \u00c7ocuk Tiyatrosu Birimi taraf\u0131ndan haz\u0131rlanan \u201cFareli K\u00f6y\u00fcn M\u00fczisyenleri\u201d isimli oyun ilk g\u00f6steriminde izleyicilerden tam not ald\u0131. 6 Nisan 2025 Pazar g\u00fcn\u00fc \u00c7anakkale Belediyesi K\u00fclt\u00fcr Merkezi&#8217;nde sahnelenen oyuna, \u00e7ocuklar ve aileleri b\u00fcy\u00fck ilgi g\u00f6sterdi. \u00d6ney Olcaytu&#8217;nun y\u00f6netti\u011fi oyun, b\u00fcy\u00fck alk\u0131\u015f ald\u0131. Fareli K\u00f6y\u00fcn M\u00fczisyenleri, 20 Nisan 2025 Pazar g\u00fcn\u00fc saat 15.00&#8217;te \u00c7anakkale Belediyesi K\u00fclt\u00fcr Merkezi&#8217;nde yeniden izleyicilerle bulu\u015facak. \u200b\u00c7anakkale Belediyesi Tiyatro Toplulu\u011fu \u00c7ocuk Tiyatrosu Birimi taraf\u0131ndan haz\u0131rlanan \u201cFareli K\u00f6y\u00fcn M\u00fczisyenleri\u201d isimli oyun ilk g\u00f6sterimi yap\u0131ld\u0131.\u00c7ANAKKALE (\u0130GFA) &#8211; \u00c7anakkale Belediyesi Tiyatro Toplulu\u011fu \u00c7ocuk Tiyatrosu Birimi taraf\u0131ndan haz\u0131rlanan \u201cFareli K\u00f6y\u00fcn M\u00fczisyenleri\u201d isimli oyun ilk g\u00f6steriminde izleyicilerden tam not ald\u0131. 6 Nisan 2025 Pazar g\u00fcn\u00fc \u00c7anakkale Belediyesi K\u00fclt\u00fcr Merkezi&#8217;nde sahnelenen oyuna, \u00e7ocuklar ve aileleri b\u00fcy\u00fck ilgi g\u00f6sterdi. \u00d6ney Olcaytu&#8217;nun y\u00f6netti\u011fi oyun, b\u00fcy\u00fck alk\u0131\u015f ald\u0131. Fareli K\u00f6y\u00fcn M\u00fczisyenleri, 20 Nisan 2025 Pazar g\u00fcn\u00fc saat 15.00&#8217;te \u00c7anakkale Belediyesi K\u00fclt\u00fcr Merkezi&#8217;nde yeniden izleyicilerle bulu\u015facak.\u00a0 \u200bHaberin Al\u0131nt\u0131land\u0131\u011f\u0131 Kaynak: www.iskenderun.org","og_url":"http:\/\/denizcankizil.tr\/ru\/haberler\/gundem\/fareli-koyun-muzisyenleri-ilk-kez-sahnede\/","og_site_name":"Av. Deniz Can K\u0131z\u0131l","article_published_time":"2025-04-07T12:42:57+00:00","author":"admin","twitter_card":"summary_large_image","twitter_misc":{"\u041d\u0430\u043f\u0438\u0441\u0430\u043d\u043e \u0430\u0432\u0442\u043e\u0440\u043e\u043c":"admin","\u041f\u0440\u0438\u043c\u0435\u0440\u043d\u043e\u0435 \u0432\u0440\u0435\u043c\u044f \u0434\u043b\u044f \u0447\u0442\u0435\u043d\u0438\u044f":"1 \u043c\u0438\u043d\u0443\u0442\u0430"},"schema":{"@context":"https:\/\/schema.org","@graph":[{"@type":"Article","@id":"http:\/\/denizcankizil.tr\/de\/haberler\/gundem\/fareli-koyun-muzisyenleri-ilk-kez-sahnede\/#article","isPartOf":{"@id":"http:\/\/denizcankizil.tr\/de\/haberler\/gundem\/fareli-koyun-muzisyenleri-ilk-kez-sahnede\/"},"author":{"name":"admin","@id":"https:\/\/denizcankizil.tr\/de\/#\/schema\/person\/be3c05fe6a12686905512445d8185489"},"headline":"\u201cFareli K\u00f6y\u00fcn M\u00fczisyenleri\u201d ilk kez sahnede!","datePublished":"2025-04-07T12:42:57+00:00","mainEntityOfPage":{"@id":"http:\/\/denizcankizil.tr\/de\/haberler\/gundem\/fareli-koyun-muzisyenleri-ilk-kez-sahnede\/"},"wordCount":241,"publisher":{"@id":"https:\/\/denizcankizil.tr\/de\/#organization"},"articleSection":["G\u00fcndem"],"inLanguage":"ru-RU"},{"@type":"WebPage","@id":"http:\/\/denizcankizil.tr\/de\/haberler\/gundem\/fareli-koyun-muzisyenleri-ilk-kez-sahnede\/","url":"http:\/\/denizcankizil.tr\/de\/haberler\/gundem\/fareli-koyun-muzisyenleri-ilk-kez-sahnede\/","name":"\u201cFareli K\u00f6y\u00fcn M\u00fczisyenleri\u201d ilk kez sahnede! - Av. Deniz Can K\u0131z\u0131l","isPartOf":{"@id":"https:\/\/denizcankizil.tr\/de\/#website"},"datePublished":"2025-04-07T12:42:57+00:00","breadcrumb":{"@id":"http:\/\/denizcankizil.tr\/de\/haberler\/gundem\/fareli-koyun-muzisyenleri-ilk-kez-sahnede\/#breadcrumb"},"inLanguage":"ru-RU","potentialAction":[{"@type":"ReadAction","target":["http:\/\/denizcankizil.tr\/de\/haberler\/gundem\/fareli-koyun-muzisyenleri-ilk-kez-sahnede\/"]}]},{"@type":"BreadcrumbList","@id":"http:\/\/denizcankizil.tr\/de\/haberler\/gundem\/fareli-koyun-muzisyenleri-ilk-kez-sahnede\/#breadcrumb","itemListElement":[{"@type":"ListItem","position":1,"name":"Home","item":"https:\/\/denizcankizil.tr\/de\/"},{"@type":"ListItem","position":2,"name":"\u201cFareli K\u00f6y\u00fcn M\u00fczisyenleri\u201d ilk kez sahnede!"}]},{"@type":"WebSite","@id":"https:\/\/denizcankizil.tr\/de\/#website","url":"https:\/\/denizcankizil.tr\/de\/","name":"Av. Deniz Can K\u0131z\u0131l","description":"Avukat Deniz Can K\u0131z\u0131l Antalya Barosu","publisher":{"@id":"https:\/\/denizcankizil.tr\/de\/#organization"},"potentialAction":[{"@type":"SearchAction","target":{"@type":"EntryPoint","urlTemplate":"https:\/\/denizcankizil.tr\/de\/?s={search_term_string}"},"query-input":{"@type":"PropertyValueSpecification","valueRequired":true,"valueName":"search_term_string"}}],"inLanguage":"ru-RU"},{"@type":"Organization","@id":"https:\/\/denizcankizil.tr\/de\/#organization","name":"Av. Deniz Can K\u0131z\u0131l","url":"https:\/\/denizcankizil.tr\/de\/","logo":{"@type":"ImageObject","inLanguage":"ru-RU","@id":"https:\/\/denizcankizil.tr\/de\/#\/schema\/logo\/image\/","url":"http:\/\/denizcankizil.tr\/wp-content\/uploads\/2024\/10\/siyah-logo-svg.svg","contentUrl":"http:\/\/denizcankizil.tr\/wp-content\/uploads\/2024\/10\/siyah-logo-svg.svg","width":1080,"height":1080,"caption":"Av. Deniz Can K\u0131z\u0131l"},"image":{"@id":"https:\/\/denizcankizil.tr\/de\/#\/schema\/logo\/image\/"}},{"@type":"Person","@id":"https:\/\/denizcankizil.tr\/de\/#\/schema\/person\/be3c05fe6a12686905512445d8185489","name":"\u0430\u0434\u043c\u0438\u043d","image":{"@type":"ImageObject","inLanguage":"ru-RU","@id":"https:\/\/denizcankizil.tr\/de\/#\/schema\/person\/image\/","url":"https:\/\/secure.gravatar.com\/avatar\/c1fce94c830dc79107e174f890d7210541c4a63e8e5d816341794a2151c9d58c?s=96&d=mm&r=g","contentUrl":"https:\/\/secure.gravatar.com\/avatar\/c1fce94c830dc79107e174f890d7210541c4a63e8e5d816341794a2151c9d58c?s=96&d=mm&r=g","caption":"admin"},"sameAs":["http:\/\/denizcankizil.tr"],"url":"https:\/\/www.iskenderun.org\/fareli-koyun-muzisyenleri-ilk-kez-sahnede"}]}},"_links":{"self":[{"href":"http:\/\/denizcankizil.tr\/ru\/wp-json\/wp\/v2\/posts\/48344","targetHints":{"allow":["GET"]}}],"collection":[{"href":"http:\/\/denizcankizil.tr\/ru\/wp-json\/wp\/v2\/posts"}],"about":[{"href":"http:\/\/denizcankizil.tr\/ru\/wp-json\/wp\/v2\/types\/post"}],"author":[{"embeddable":true,"href":"http:\/\/denizcankizil.tr\/ru\/wp-json\/wp\/v2\/users\/1"}],"replies":[{"embeddable":true,"href":"http:\/\/denizcankizil.tr\/ru\/wp-json\/wp\/v2\/comments?post=48344"}],"version-history":[{"count":0,"href":"http:\/\/denizcankizil.tr\/ru\/wp-json\/wp\/v2\/posts\/48344\/revisions"}],"wp:attachment":[{"href":"http:\/\/denizcankizil.tr\/ru\/wp-json\/wp\/v2\/media?parent=48344"}],"wp:term":[{"taxonomy":"category","embeddable":true,"href":"http:\/\/denizcankizil.tr\/ru\/wp-json\/wp\/v2\/categories?post=48344"},{"taxonomy":"post_tag","embeddable":true,"href":"http:\/\/denizcankizil.tr\/ru\/wp-json\/wp\/v2\/tags?post=48344"}],"curies":[{"name":"wp","href":"https:\/\/api.w.org\/{rel}","templated":true}]}}