{"id":46397,"date":"2025-04-05T16:41:18","date_gmt":"2025-04-05T13:41:18","guid":{"rendered":"https:\/\/denizcankizil.tr\/uncategorized-tr\/ankara-notlari-1\/"},"modified":"2025-04-05T16:41:18","modified_gmt":"2025-04-05T13:41:18","slug":"ankara-notlari-1","status":"publish","type":"post","link":"http:\/\/denizcankizil.tr\/ru\/haberler\/gundem\/ankara-notlari-1\/","title":{"rendered":"Ankara notlar\u0131-1"},"content":{"rendered":"<p>Nisan ay\u0131 olmas\u0131na ra\u011fmen so\u011fuk bir Ankara g\u00fcn\u00fc. Bahar gelmesine gelmi\u015f, a\u011fa\u00e7lar \u00e7i\u00e7e\u011fe durmu\u015f ama Ankara hen\u00fcz k\u0131\u015f\u0131n etkisini atamam\u0131\u015f.<br \/>\nYar\u0131n CHP&#8217;nin 21. Ola\u011fan\u00fcst\u00fc Kurultay\u0131 var. CHP Genel Merkezi saat 08.30 itibariyle sakin. Teker teker gelen CHP personeli, rutinini ger\u00e7ekle\u015ftiriyor.<br \/>\nBuna kar\u015f\u0131l\u0131k S\u00f6\u011f\u00fct\u00f6z\u00fc&#8217;nde bulunan Genel Merkez binas\u0131n\u0131n kar\u015f\u0131s\u0131nda bulunan cafeIer, hen\u00fcz a\u00e7\u0131lmam\u0131\u015f olsa da Genel Merkezin a\u00e7\u0131lmas\u0131n\u0131 bekleyen insanlar\u0131 a\u011f\u0131rl\u0131yor.<\/p>\n<p>Buradan da bug\u00fcn CHP Genel Merkezinin hareketli bir g\u00fcn\u00a0ya\u015fayaca\u011f\u0131 \u00e7\u0131kar\u0131m\u0131n\u0131 yap\u0131yoruz.<br \/>\nGittik\u00e7e artan ve 19 Mart sonras\u0131nda doru\u011fa \u00e7\u0131karak kitlesel eyleme neden olan bask\u0131lar ve \u00f6zellikle de CHP Genel Merkezine kayyum atanmas\u0131 riskine kar\u015f\u0131l\u0131k al\u0131nan Ola\u011fan\u00fcst\u00fc Kurultay karar\u0131, a\u015fina oldu\u011fumuz \u00e7eki\u015fmelerin aksine, birlik, beraberlik vurgusunun \u00f6ne \u00e7\u0131kmas\u0131na neden oluyor.<br \/>\nAsl\u0131nda, bayrama da denk gelen ge\u00e7ti\u011fimiz hafta hareketli saatler ya\u015fanm\u0131\u015ft\u0131.<br \/>\nKemal K\u0131l\u0131\u00e7daro\u011flu&#8217;nun Genel Ba\u015fkanl\u0131\u011f\u0131, G\u00f6khan G\u00fcnayd\u0131n&#8217;\u0131n TBMM Grup Ba\u015fkanl\u0131\u011f\u0131, Ekrem \u0130mamo\u011flu&#8217;nun da Cumhurba\u015fkan\u0131 adayl\u0131\u011f\u0131, kulislerde f\u0131s\u0131ldanan senaryolardan birisiydi \u00f6rne\u011fin.<\/p>\n<p>Ancak, Kemal K\u0131l\u0131\u00e7daro\u011flu&#8217;nun &#8220;aday de\u011filim&#8221; \u00e7\u0131k\u0131\u015f\u0131 bu s\u00f6ylentilerin tamam\u0131n\u0131 bo\u015fa d\u00fc\u015f\u00fcrd\u00fc ve kurultay mecras\u0131nda akmaya ba\u015flad\u0131.<br \/>\nBir di\u011fer \u00f6nemli nokta da, \u00d6zg\u00fcr \u00d6zel&#8217;in bu kurultayda Parti Meclisi (PM) se\u00e7imi i\u00e7in blok liste isteyece\u011fi, bu yollarda PM&#8217;de ciddi de\u011fi\u015fikliklere gidebilece\u011fi konusuydu.<br \/>\nD\u00fcn itibariyle PM se\u00e7iminin \u00e7ar\u015faf liste olaca\u011f\u0131 bilgisi f\u0131s\u0131ldand\u0131 kulislere.<br \/>\nB\u00f6ylece 21. Ola\u011fan\u00fcst\u00fc Kurultay&#8217;\u0131n ana m\u00fccadele alan\u0131 haline gelece\u011fi belli oldu.<br \/>\n\u015eimdilik genel kan\u0131, \u00d6zg\u00fcr \u00d6zel&#8217;in PM&#8217;de esastan bir de\u011fi\u015fik yapmayaca\u011f\u0131, anahtar listesini\u00a0mevcut yap\u0131 \u00fczerine kuraca\u011f\u0131 y\u00f6n\u00fcnde.<\/p>\n<p>Tabi bu arada Muratpa\u015fa Belediye Ba\u015fkan\u0131 \u00dcmit Uysal&#8217;\u0131n Genel Ba\u015fkan adayl\u0131\u011f\u0131 da var.<br \/>\nBu konuda herkesin sordu\u011fu ilk soru, &#8220;adayl\u0131k i\u00e7in yeterli imzay\u0131 toplayabilir mi?&#8221;\u00a0<br \/>\nBu haks\u0131z bir soru.<br \/>\nAyn\u0131 \u00dcmit Uysal, t\u00fcz\u00fck kurultay\u0131nda haz\u0131rlad\u0131klar\u0131 de\u011fi\u015fiklik tasar\u0131s\u0131na 120&#8217;den fazla imza toplam\u0131\u015ft\u0131.<br \/>\nBurada da imza sorunu olmayacakt\u0131r.<br \/>\nSonras\u0131 m\u0131?<br \/>\nSonras\u0131n\u0131 her beraber izleyece\u011fiz.<br \/>\nSon olarak, Antalya delegasyonundan PM&#8217;ye giren olacak m\u0131, olursa kim olur.<\/p>\n<p>Sa\u011fda, solda dillendirilen isimlere bakmay\u0131n.<br \/>\n\u015eu anda PM adayl\u0131\u011f\u0131n\u0131 dillendiren isim yok. Herkes, ayn\u0131 c\u00fcmlenin arkas\u0131na saklan\u0131yor.<br \/>\n&#8220;Partim g\u00f6rev verirse&#8221;<br \/>\n\u00dcmit Uysal d\u0131\u015f\u0131nda kimse \u00e7\u0131k\u0131p da, &#8220;ben var\u0131m&#8221; demiyor.<br \/>\n\u0130yi de, a\u00e7\u0131lmayan talebin g\u00f6revi mi olur?<br \/>\nHele de CHP&#8217;de??<\/p>\n<p>\u200bNisan ay\u0131 olmas\u0131na ra\u011fmen so\u011fuk bir Ankara g\u00fcn\u00fc. Bahar gelmesine gelmi\u015f, a\u011fa\u00e7lar \u00e7i\u00e7e\u011fe durmu\u015f ama Ankara hen\u00fcz k\u0131\u015f\u0131n etkisini atamam\u0131\u015f.<br \/>\nYar\u0131n CHP&#8217;nin 21. Ola\u011fan\u00fcst\u00fc Kurultay\u0131 var. CHP Genel Merkezi saat 08.30 itibariyle sakin. Teker teker gelen CHP personeli, rutinini ger\u00e7ekle\u015ftiriyor.<br \/>\nBuna kar\u015f\u0131l\u0131k S\u00f6\u011f\u00fct\u00f6z\u00fc&#8217;nde bulunan Genel Merkez binas\u0131n\u0131n kar\u015f\u0131s\u0131nda bulunan cafeIer, hen\u00fcz a\u00e7\u0131lmam\u0131\u015f olsa da Genel Merkezin a\u00e7\u0131lmas\u0131n\u0131 bekleyen insanlar\u0131 a\u011f\u0131rl\u0131yor.<\/p>\n<p>Buradan da bug\u00fcn CHP Genel Merkezinin hareketli bir g\u00fcn\u00a0ya\u015fayaca\u011f\u0131 \u00e7\u0131kar\u0131m\u0131n\u0131 yap\u0131yoruz.<br \/>\nGittik\u00e7e artan ve 19 Mart sonras\u0131nda doru\u011fa \u00e7\u0131karak kitlesel eyleme neden olan bask\u0131lar ve \u00f6zellikle de CHP Genel Merkezine kayyum atanmas\u0131 riskine kar\u015f\u0131l\u0131k al\u0131nan Ola\u011fan\u00fcst\u00fc Kurultay karar\u0131, a\u015fina oldu\u011fumuz \u00e7eki\u015fmelerin aksine, birlik, beraberlik vurgusunun \u00f6ne \u00e7\u0131kmas\u0131na neden oluyor.<br \/>\nAsl\u0131nda, bayrama da denk gelen ge\u00e7ti\u011fimiz hafta hareketli saatler ya\u015fanm\u0131\u015ft\u0131.<br \/>\nKemal K\u0131l\u0131\u00e7daro\u011flu&#8217;nun Genel Ba\u015fkanl\u0131\u011f\u0131, G\u00f6khan G\u00fcnayd\u0131n&#8217;\u0131n TBMM Grup Ba\u015fkanl\u0131\u011f\u0131, Ekrem \u0130mamo\u011flu&#8217;nun da Cumhurba\u015fkan\u0131 adayl\u0131\u011f\u0131, kulislerde f\u0131s\u0131ldanan senaryolardan birisiydi \u00f6rne\u011fin.<\/p>\n<p>Ancak, Kemal K\u0131l\u0131\u00e7daro\u011flu&#8217;nun &#8220;aday de\u011filim&#8221; \u00e7\u0131k\u0131\u015f\u0131 bu s\u00f6ylentilerin tamam\u0131n\u0131 bo\u015fa d\u00fc\u015f\u00fcrd\u00fc ve kurultay mecras\u0131nda akmaya ba\u015flad\u0131.<br \/>\nBir di\u011fer \u00f6nemli nokta da, \u00d6zg\u00fcr \u00d6zel&#8217;in bu kurultayda Parti Meclisi (PM) se\u00e7imi i\u00e7in blok liste isteyece\u011fi, bu yollarda PM&#8217;de ciddi de\u011fi\u015fikliklere gidebilece\u011fi konusuydu.<br \/>\nD\u00fcn itibariyle PM se\u00e7iminin \u00e7ar\u015faf liste olaca\u011f\u0131 bilgisi f\u0131s\u0131ldand\u0131 kulislere.<br \/>\nB\u00f6ylece 21. Ola\u011fan\u00fcst\u00fc Kurultay&#8217;\u0131n ana m\u00fccadele alan\u0131 haline gelece\u011fi belli oldu.<br \/>\n\u015eimdilik genel kan\u0131, \u00d6zg\u00fcr \u00d6zel&#8217;in PM&#8217;de esastan bir de\u011fi\u015fik yapmayaca\u011f\u0131, anahtar listesini\u00a0mevcut yap\u0131 \u00fczerine kuraca\u011f\u0131 y\u00f6n\u00fcnde.<\/p>\n<p>Tabi bu arada Muratpa\u015fa Belediye Ba\u015fkan\u0131 \u00dcmit Uysal&#8217;\u0131n Genel Ba\u015fkan adayl\u0131\u011f\u0131 da var.<br \/>\nBu konuda herkesin sordu\u011fu ilk soru, &#8220;adayl\u0131k i\u00e7in yeterli imzay\u0131 toplayabilir mi?&#8221;\u00a0<br \/>\nBu haks\u0131z bir soru.<br \/>\nAyn\u0131 \u00dcmit Uysal, t\u00fcz\u00fck kurultay\u0131nda haz\u0131rlad\u0131klar\u0131 de\u011fi\u015fiklik tasar\u0131s\u0131na 120&#8217;den fazla imza toplam\u0131\u015ft\u0131.<br \/>\nBurada da imza sorunu olmayacakt\u0131r.<br \/>\nSonras\u0131 m\u0131?<br \/>\nSonras\u0131n\u0131 her beraber izleyece\u011fiz.<br \/>\nSon olarak, Antalya delegasyonundan PM&#8217;ye giren olacak m\u0131, olursa kim olur.<\/p>\n<p>Sa\u011fda, solda dillendirilen isimlere bakmay\u0131n.<br \/>\n\u015eu anda PM adayl\u0131\u011f\u0131n\u0131 dillendiren isim yok. Herkes, ayn\u0131 c\u00fcmlenin arkas\u0131na saklan\u0131yor.<br \/>\n&#8220;Partim g\u00f6rev verirse&#8221;<br \/>\n\u00dcmit Uysal d\u0131\u015f\u0131nda kimse \u00e7\u0131k\u0131p da, &#8220;ben var\u0131m&#8221; demiyor.<br \/>\n\u0130yi de, a\u00e7\u0131lmayan talebin g\u00f6revi mi olur?<br \/>\nHele de CHP&#8217;de??\u00a0<\/p>\n<p>\u200bHaberin Al\u0131nt\u0131land\u0131\u011f\u0131 Kaynak: www.antalyakorfez.com<\/p>","protected":false},"excerpt":{"rendered":"<p>Nisan ay\u0131 olmas\u0131na ra\u011fmen so\u011fuk bir Ankara g\u00fcn\u00fc. Bahar gelmesine gelmi\u015f, a\u011fa\u00e7lar \u00e7i\u00e7e\u011fe durmu\u015f ama Ankara hen\u00fcz k\u0131\u015f\u0131n etkisini atamam\u0131\u015f. Yar\u0131n CHP&#8217;nin 21. Ola\u011fan\u00fcst\u00fc Kurultay\u0131 var. CHP Genel Merkezi saat 08.30 itibariyle sakin. Teker teker gelen CHP personeli, rutinini ger\u00e7ekle\u015ftiriyor. Buna kar\u015f\u0131l\u0131k S\u00f6\u011f\u00fct\u00f6z\u00fc&#8217;nde bulunan Genel Merkez binas\u0131n\u0131n kar\u015f\u0131s\u0131nda bulunan cafeIer, hen\u00fcz a\u00e7\u0131lmam\u0131\u015f olsa da Genel Merkezin a\u00e7\u0131lmas\u0131n\u0131 bekleyen insanlar\u0131 a\u011f\u0131rl\u0131yor. Buradan da bug\u00fcn CHP Genel Merkezinin hareketli bir g\u00fcn\u00a0ya\u015fayaca\u011f\u0131 \u00e7\u0131kar\u0131m\u0131n\u0131 yap\u0131yoruz. Gittik\u00e7e artan ve 19 Mart sonras\u0131nda doru\u011fa \u00e7\u0131karak kitlesel eyleme neden olan bask\u0131lar ve \u00f6zellikle de CHP Genel Merkezine kayyum atanmas\u0131 riskine kar\u015f\u0131l\u0131k al\u0131nan Ola\u011fan\u00fcst\u00fc Kurultay karar\u0131, a\u015fina oldu\u011fumuz \u00e7eki\u015fmelerin aksine, birlik, beraberlik vurgusunun \u00f6ne \u00e7\u0131kmas\u0131na neden oluyor. Asl\u0131nda, bayrama da denk gelen ge\u00e7ti\u011fimiz hafta hareketli saatler ya\u015fanm\u0131\u015ft\u0131. Kemal K\u0131l\u0131\u00e7daro\u011flu&#8217;nun Genel Ba\u015fkanl\u0131\u011f\u0131, G\u00f6khan G\u00fcnayd\u0131n&#8217;\u0131n TBMM Grup Ba\u015fkanl\u0131\u011f\u0131, Ekrem \u0130mamo\u011flu&#8217;nun da Cumhurba\u015fkan\u0131 adayl\u0131\u011f\u0131, kulislerde f\u0131s\u0131ldanan senaryolardan birisiydi \u00f6rne\u011fin. Ancak, Kemal K\u0131l\u0131\u00e7daro\u011flu&#8217;nun &#8220;aday de\u011filim&#8221; \u00e7\u0131k\u0131\u015f\u0131 bu s\u00f6ylentilerin tamam\u0131n\u0131 bo\u015fa d\u00fc\u015f\u00fcrd\u00fc ve kurultay mecras\u0131nda akmaya ba\u015flad\u0131. Bir di\u011fer \u00f6nemli nokta da, \u00d6zg\u00fcr \u00d6zel&#8217;in bu kurultayda Parti Meclisi (PM) se\u00e7imi i\u00e7in blok liste isteyece\u011fi, bu yollarda PM&#8217;de ciddi de\u011fi\u015fikliklere gidebilece\u011fi konusuydu. D\u00fcn itibariyle PM se\u00e7iminin \u00e7ar\u015faf liste olaca\u011f\u0131 bilgisi f\u0131s\u0131ldand\u0131 kulislere. B\u00f6ylece 21. Ola\u011fan\u00fcst\u00fc Kurultay&#8217;\u0131n ana m\u00fccadele alan\u0131 haline gelece\u011fi belli oldu. \u015eimdilik &hellip;<\/p>","protected":false},"author":5,"featured_media":0,"comment_status":"","ping_status":"open","sticky":false,"template":"","format":"standard","meta":{"_acf_changed":false,"footnotes":""},"categories":[24],"tags":[],"class_list":["post-46397","post","type-post","status-publish","format-standard","has-post-thumbnail","hentry","category-gundem"],"acf":[],"yoast_head":"<!-- This site is optimized with the Yoast SEO Premium plugin v26.6 (Yoast SEO v27.1.1) - https:\/\/yoast.com\/product\/yoast-seo-premium-wordpress\/ -->\n<title>Ankara notlar\u0131-1 - Av. Deniz Can K\u0131z\u0131l<\/title>\n<meta name=\"robots\" content=\"index, follow, max-snippet:-1, max-image-preview:large, max-video-preview:-1\" \/>\n<link rel=\"canonical\" href=\"http:\/\/denizcankizil.tr\/ru\/haberler\/gundem\/ankara-notlari-1\/\" \/>\n<meta property=\"og:locale\" content=\"ru_RU\" \/>\n<meta property=\"og:type\" content=\"article\" \/>\n<meta property=\"og:title\" content=\"Ankara notlar\u0131-1\" \/>\n<meta property=\"og:description\" content=\"Nisan ay\u0131 olmas\u0131na ra\u011fmen so\u011fuk bir Ankara g\u00fcn\u00fc. Bahar gelmesine gelmi\u015f, a\u011fa\u00e7lar \u00e7i\u00e7e\u011fe durmu\u015f ama Ankara hen\u00fcz k\u0131\u015f\u0131n etkisini atamam\u0131\u015f. Yar\u0131n CHP&#8217;nin 21. Ola\u011fan\u00fcst\u00fc Kurultay\u0131 var. CHP Genel Merkezi saat 08.30 itibariyle sakin. Teker teker gelen CHP personeli, rutinini ger\u00e7ekle\u015ftiriyor. Buna kar\u015f\u0131l\u0131k S\u00f6\u011f\u00fct\u00f6z\u00fc&#8217;nde bulunan Genel Merkez binas\u0131n\u0131n kar\u015f\u0131s\u0131nda bulunan cafeIer, hen\u00fcz a\u00e7\u0131lmam\u0131\u015f olsa da Genel Merkezin a\u00e7\u0131lmas\u0131n\u0131 bekleyen insanlar\u0131 a\u011f\u0131rl\u0131yor. Buradan da bug\u00fcn CHP Genel Merkezinin hareketli bir g\u00fcn\u00a0ya\u015fayaca\u011f\u0131 \u00e7\u0131kar\u0131m\u0131n\u0131 yap\u0131yoruz. Gittik\u00e7e artan ve 19 Mart sonras\u0131nda doru\u011fa \u00e7\u0131karak kitlesel eyleme neden olan bask\u0131lar ve \u00f6zellikle de CHP Genel Merkezine kayyum atanmas\u0131 riskine kar\u015f\u0131l\u0131k al\u0131nan Ola\u011fan\u00fcst\u00fc Kurultay karar\u0131, a\u015fina oldu\u011fumuz \u00e7eki\u015fmelerin aksine, birlik, beraberlik vurgusunun \u00f6ne \u00e7\u0131kmas\u0131na neden oluyor. Asl\u0131nda, bayrama da denk gelen ge\u00e7ti\u011fimiz hafta hareketli saatler ya\u015fanm\u0131\u015ft\u0131. Kemal K\u0131l\u0131\u00e7daro\u011flu&#8217;nun Genel Ba\u015fkanl\u0131\u011f\u0131, G\u00f6khan G\u00fcnayd\u0131n&#8217;\u0131n TBMM Grup Ba\u015fkanl\u0131\u011f\u0131, Ekrem \u0130mamo\u011flu&#8217;nun da Cumhurba\u015fkan\u0131 adayl\u0131\u011f\u0131, kulislerde f\u0131s\u0131ldanan senaryolardan birisiydi \u00f6rne\u011fin. Ancak, Kemal K\u0131l\u0131\u00e7daro\u011flu&#8217;nun &#8220;aday de\u011filim&#8221; \u00e7\u0131k\u0131\u015f\u0131 bu s\u00f6ylentilerin tamam\u0131n\u0131 bo\u015fa d\u00fc\u015f\u00fcrd\u00fc ve kurultay mecras\u0131nda akmaya ba\u015flad\u0131. Bir di\u011fer \u00f6nemli nokta da, \u00d6zg\u00fcr \u00d6zel&#8217;in bu kurultayda Parti Meclisi (PM) se\u00e7imi i\u00e7in blok liste isteyece\u011fi, bu yollarda PM&#8217;de ciddi de\u011fi\u015fikliklere gidebilece\u011fi konusuydu. D\u00fcn itibariyle PM se\u00e7iminin \u00e7ar\u015faf liste olaca\u011f\u0131 bilgisi f\u0131s\u0131ldand\u0131 kulislere. B\u00f6ylece 21. Ola\u011fan\u00fcst\u00fc Kurultay&#8217;\u0131n ana m\u00fccadele alan\u0131 haline gelece\u011fi belli oldu. \u015eimdilik &hellip;\" \/>\n<meta property=\"og:url\" content=\"http:\/\/denizcankizil.tr\/ru\/haberler\/gundem\/ankara-notlari-1\/\" \/>\n<meta property=\"og:site_name\" content=\"Av. Deniz Can K\u0131z\u0131l\" \/>\n<meta property=\"article:published_time\" content=\"2025-04-05T13:41:18+00:00\" \/>\n<meta name=\"author\" content=\"Antalya K\u00f6rfez\" \/>\n<meta name=\"twitter:card\" content=\"summary_large_image\" \/>\n<meta name=\"twitter:label1\" content=\"\u041d\u0430\u043f\u0438\u0441\u0430\u043d\u043e \u0430\u0432\u0442\u043e\u0440\u043e\u043c\" \/>\n\t<meta name=\"twitter:data1\" content=\"Antalya K\u00f6rfez\" \/>\n\t<meta name=\"twitter:label2\" content=\"\u041f\u0440\u0438\u043c\u0435\u0440\u043d\u043e\u0435 \u0432\u0440\u0435\u043c\u044f \u0434\u043b\u044f \u0447\u0442\u0435\u043d\u0438\u044f\" \/>\n\t<meta name=\"twitter:data2\" content=\"5 \u043c\u0438\u043d\u0443\u0442\" \/>\n<script type=\"application\/ld+json\" class=\"yoast-schema-graph\">{\"@context\":\"https:\/\/schema.org\",\"@graph\":[{\"@type\":\"Article\",\"@id\":\"http:\/\/denizcankizil.tr\/ru\/haberler\/gundem\/ankara-notlari-1\/#article\",\"isPartOf\":{\"@id\":\"http:\/\/denizcankizil.tr\/ru\/haberler\/gundem\/ankara-notlari-1\/\"},\"author\":{\"name\":\"Antalya K\u00f6rfez\",\"@id\":\"https:\/\/denizcankizil.tr\/#\/schema\/person\/e1eb71bb4dd684d46563f0af307e1234\"},\"headline\":\"Ankara notlar\u0131-1\",\"datePublished\":\"2025-04-05T13:41:18+00:00\",\"mainEntityOfPage\":{\"@id\":\"http:\/\/denizcankizil.tr\/ru\/haberler\/gundem\/ankara-notlari-1\/\"},\"wordCount\":931,\"publisher\":{\"@id\":\"https:\/\/denizcankizil.tr\/#organization\"},\"articleSection\":[\"G\u00fcndem\"],\"inLanguage\":\"ru-RU\"},{\"@type\":\"WebPage\",\"@id\":\"http:\/\/denizcankizil.tr\/ru\/haberler\/gundem\/ankara-notlari-1\/\",\"url\":\"http:\/\/denizcankizil.tr\/ru\/haberler\/gundem\/ankara-notlari-1\/\",\"name\":\"Ankara notlar\u0131-1 - Av. Deniz Can K\u0131z\u0131l\",\"isPartOf\":{\"@id\":\"https:\/\/denizcankizil.tr\/#website\"},\"datePublished\":\"2025-04-05T13:41:18+00:00\",\"breadcrumb\":{\"@id\":\"http:\/\/denizcankizil.tr\/ru\/haberler\/gundem\/ankara-notlari-1\/#breadcrumb\"},\"inLanguage\":\"ru-RU\",\"potentialAction\":[{\"@type\":\"ReadAction\",\"target\":[\"http:\/\/denizcankizil.tr\/ru\/haberler\/gundem\/ankara-notlari-1\/\"]}]},{\"@type\":\"BreadcrumbList\",\"@id\":\"http:\/\/denizcankizil.tr\/ru\/haberler\/gundem\/ankara-notlari-1\/#breadcrumb\",\"itemListElement\":[{\"@type\":\"ListItem\",\"position\":1,\"name\":\"Home\",\"item\":\"https:\/\/denizcankizil.tr\/de\/\"},{\"@type\":\"ListItem\",\"position\":2,\"name\":\"Ankara notlar\u0131-1\"}]},{\"@type\":\"WebSite\",\"@id\":\"https:\/\/denizcankizil.tr\/#website\",\"url\":\"https:\/\/denizcankizil.tr\/\",\"name\":\"Av. Deniz Can K\u0131z\u0131l\",\"description\":\"Avukat Deniz Can K\u0131z\u0131l Antalya Barosu\",\"publisher\":{\"@id\":\"https:\/\/denizcankizil.tr\/#organization\"},\"potentialAction\":[{\"@type\":\"SearchAction\",\"target\":{\"@type\":\"EntryPoint\",\"urlTemplate\":\"https:\/\/denizcankizil.tr\/?s={search_term_string}\"},\"query-input\":{\"@type\":\"PropertyValueSpecification\",\"valueRequired\":true,\"valueName\":\"search_term_string\"}}],\"inLanguage\":\"ru-RU\"},{\"@type\":\"Organization\",\"@id\":\"https:\/\/denizcankizil.tr\/#organization\",\"name\":\"Av. Deniz Can K\u0131z\u0131l\",\"url\":\"https:\/\/denizcankizil.tr\/\",\"logo\":{\"@type\":\"ImageObject\",\"inLanguage\":\"ru-RU\",\"@id\":\"https:\/\/denizcankizil.tr\/#\/schema\/logo\/image\/\",\"url\":\"http:\/\/denizcankizil.tr\/wp-content\/uploads\/2024\/10\/siyah-logo-svg.svg\",\"contentUrl\":\"http:\/\/denizcankizil.tr\/wp-content\/uploads\/2024\/10\/siyah-logo-svg.svg\",\"width\":1080,\"height\":1080,\"caption\":\"Av. Deniz Can K\u0131z\u0131l\"},\"image\":{\"@id\":\"https:\/\/denizcankizil.tr\/#\/schema\/logo\/image\/\"}},{\"@type\":\"Person\",\"@id\":\"https:\/\/denizcankizil.tr\/#\/schema\/person\/e1eb71bb4dd684d46563f0af307e1234\",\"name\":\"Antalya K\u00f6rfez\",\"image\":{\"@type\":\"ImageObject\",\"inLanguage\":\"ru-RU\",\"@id\":\"https:\/\/denizcankizil.tr\/#\/schema\/person\/image\/\",\"url\":\"https:\/\/secure.gravatar.com\/avatar\/42b01982558a48a0b501fdcab6a408d3717ea5919095ee2e67b0e521799c5905?s=96&d=mm&r=g\",\"contentUrl\":\"https:\/\/secure.gravatar.com\/avatar\/42b01982558a48a0b501fdcab6a408d3717ea5919095ee2e67b0e521799c5905?s=96&d=mm&r=g\",\"caption\":\"Antalya K\u00f6rfez\"},\"sameAs\":[\"http:\/\/www.antalyakorfez.com\"],\"url\":\"https:\/\/www.antalyakorfez.com\/ankara-notlari-1\"}]}<\/script>\n<!-- \/ Yoast SEO Premium plugin. -->","yoast_head_json":{"title":"Ankara notlar\u0131-1 - Av. Deniz Can K\u0131z\u0131l","robots":{"index":"index","follow":"follow","max-snippet":"max-snippet:-1","max-image-preview":"max-image-preview:large","max-video-preview":"max-video-preview:-1"},"canonical":"http:\/\/denizcankizil.tr\/ru\/haberler\/gundem\/ankara-notlari-1\/","og_locale":"ru_RU","og_type":"article","og_title":"Ankara notlar\u0131-1","og_description":"Nisan ay\u0131 olmas\u0131na ra\u011fmen so\u011fuk bir Ankara g\u00fcn\u00fc. Bahar gelmesine gelmi\u015f, a\u011fa\u00e7lar \u00e7i\u00e7e\u011fe durmu\u015f ama Ankara hen\u00fcz k\u0131\u015f\u0131n etkisini atamam\u0131\u015f. Yar\u0131n CHP&#8217;nin 21. Ola\u011fan\u00fcst\u00fc Kurultay\u0131 var. CHP Genel Merkezi saat 08.30 itibariyle sakin. Teker teker gelen CHP personeli, rutinini ger\u00e7ekle\u015ftiriyor. Buna kar\u015f\u0131l\u0131k S\u00f6\u011f\u00fct\u00f6z\u00fc&#8217;nde bulunan Genel Merkez binas\u0131n\u0131n kar\u015f\u0131s\u0131nda bulunan cafeIer, hen\u00fcz a\u00e7\u0131lmam\u0131\u015f olsa da Genel Merkezin a\u00e7\u0131lmas\u0131n\u0131 bekleyen insanlar\u0131 a\u011f\u0131rl\u0131yor. Buradan da bug\u00fcn CHP Genel Merkezinin hareketli bir g\u00fcn\u00a0ya\u015fayaca\u011f\u0131 \u00e7\u0131kar\u0131m\u0131n\u0131 yap\u0131yoruz. Gittik\u00e7e artan ve 19 Mart sonras\u0131nda doru\u011fa \u00e7\u0131karak kitlesel eyleme neden olan bask\u0131lar ve \u00f6zellikle de CHP Genel Merkezine kayyum atanmas\u0131 riskine kar\u015f\u0131l\u0131k al\u0131nan Ola\u011fan\u00fcst\u00fc Kurultay karar\u0131, a\u015fina oldu\u011fumuz \u00e7eki\u015fmelerin aksine, birlik, beraberlik vurgusunun \u00f6ne \u00e7\u0131kmas\u0131na neden oluyor. Asl\u0131nda, bayrama da denk gelen ge\u00e7ti\u011fimiz hafta hareketli saatler ya\u015fanm\u0131\u015ft\u0131. Kemal K\u0131l\u0131\u00e7daro\u011flu&#8217;nun Genel Ba\u015fkanl\u0131\u011f\u0131, G\u00f6khan G\u00fcnayd\u0131n&#8217;\u0131n TBMM Grup Ba\u015fkanl\u0131\u011f\u0131, Ekrem \u0130mamo\u011flu&#8217;nun da Cumhurba\u015fkan\u0131 adayl\u0131\u011f\u0131, kulislerde f\u0131s\u0131ldanan senaryolardan birisiydi \u00f6rne\u011fin. Ancak, Kemal K\u0131l\u0131\u00e7daro\u011flu&#8217;nun &#8220;aday de\u011filim&#8221; \u00e7\u0131k\u0131\u015f\u0131 bu s\u00f6ylentilerin tamam\u0131n\u0131 bo\u015fa d\u00fc\u015f\u00fcrd\u00fc ve kurultay mecras\u0131nda akmaya ba\u015flad\u0131. Bir di\u011fer \u00f6nemli nokta da, \u00d6zg\u00fcr \u00d6zel&#8217;in bu kurultayda Parti Meclisi (PM) se\u00e7imi i\u00e7in blok liste isteyece\u011fi, bu yollarda PM&#8217;de ciddi de\u011fi\u015fikliklere gidebilece\u011fi konusuydu. D\u00fcn itibariyle PM se\u00e7iminin \u00e7ar\u015faf liste olaca\u011f\u0131 bilgisi f\u0131s\u0131ldand\u0131 kulislere. B\u00f6ylece 21. Ola\u011fan\u00fcst\u00fc Kurultay&#8217;\u0131n ana m\u00fccadele alan\u0131 haline gelece\u011fi belli oldu. \u015eimdilik &hellip;","og_url":"http:\/\/denizcankizil.tr\/ru\/haberler\/gundem\/ankara-notlari-1\/","og_site_name":"Av. Deniz Can K\u0131z\u0131l","article_published_time":"2025-04-05T13:41:18+00:00","author":"Antalya K\u00f6rfez","twitter_card":"summary_large_image","twitter_misc":{"\u041d\u0430\u043f\u0438\u0441\u0430\u043d\u043e \u0430\u0432\u0442\u043e\u0440\u043e\u043c":"Antalya K\u00f6rfez","\u041f\u0440\u0438\u043c\u0435\u0440\u043d\u043e\u0435 \u0432\u0440\u0435\u043c\u044f \u0434\u043b\u044f \u0447\u0442\u0435\u043d\u0438\u044f":"5 \u043c\u0438\u043d\u0443\u0442"},"schema":{"@context":"https:\/\/schema.org","@graph":[{"@type":"Article","@id":"http:\/\/denizcankizil.tr\/ru\/haberler\/gundem\/ankara-notlari-1\/#article","isPartOf":{"@id":"http:\/\/denizcankizil.tr\/ru\/haberler\/gundem\/ankara-notlari-1\/"},"author":{"name":"Antalya K\u00f6rfez","@id":"https:\/\/denizcankizil.tr\/#\/schema\/person\/e1eb71bb4dd684d46563f0af307e1234"},"headline":"Ankara notlar\u0131-1","datePublished":"2025-04-05T13:41:18+00:00","mainEntityOfPage":{"@id":"http:\/\/denizcankizil.tr\/ru\/haberler\/gundem\/ankara-notlari-1\/"},"wordCount":931,"publisher":{"@id":"https:\/\/denizcankizil.tr\/#organization"},"articleSection":["G\u00fcndem"],"inLanguage":"ru-RU"},{"@type":"WebPage","@id":"http:\/\/denizcankizil.tr\/ru\/haberler\/gundem\/ankara-notlari-1\/","url":"http:\/\/denizcankizil.tr\/ru\/haberler\/gundem\/ankara-notlari-1\/","name":"Ankara notlar\u0131-1 - Av. Deniz Can K\u0131z\u0131l","isPartOf":{"@id":"https:\/\/denizcankizil.tr\/#website"},"datePublished":"2025-04-05T13:41:18+00:00","breadcrumb":{"@id":"http:\/\/denizcankizil.tr\/ru\/haberler\/gundem\/ankara-notlari-1\/#breadcrumb"},"inLanguage":"ru-RU","potentialAction":[{"@type":"ReadAction","target":["http:\/\/denizcankizil.tr\/ru\/haberler\/gundem\/ankara-notlari-1\/"]}]},{"@type":"BreadcrumbList","@id":"http:\/\/denizcankizil.tr\/ru\/haberler\/gundem\/ankara-notlari-1\/#breadcrumb","itemListElement":[{"@type":"ListItem","position":1,"name":"Home","item":"https:\/\/denizcankizil.tr\/de\/"},{"@type":"ListItem","position":2,"name":"Ankara notlar\u0131-1"}]},{"@type":"WebSite","@id":"https:\/\/denizcankizil.tr\/#website","url":"https:\/\/denizcankizil.tr\/","name":"Av. Deniz Can K\u0131z\u0131l","description":"Avukat Deniz Can K\u0131z\u0131l Antalya Barosu","publisher":{"@id":"https:\/\/denizcankizil.tr\/#organization"},"potentialAction":[{"@type":"SearchAction","target":{"@type":"EntryPoint","urlTemplate":"https:\/\/denizcankizil.tr\/?s={search_term_string}"},"query-input":{"@type":"PropertyValueSpecification","valueRequired":true,"valueName":"search_term_string"}}],"inLanguage":"ru-RU"},{"@type":"Organization","@id":"https:\/\/denizcankizil.tr\/#organization","name":"Av. Deniz Can K\u0131z\u0131l","url":"https:\/\/denizcankizil.tr\/","logo":{"@type":"ImageObject","inLanguage":"ru-RU","@id":"https:\/\/denizcankizil.tr\/#\/schema\/logo\/image\/","url":"http:\/\/denizcankizil.tr\/wp-content\/uploads\/2024\/10\/siyah-logo-svg.svg","contentUrl":"http:\/\/denizcankizil.tr\/wp-content\/uploads\/2024\/10\/siyah-logo-svg.svg","width":1080,"height":1080,"caption":"Av. Deniz Can K\u0131z\u0131l"},"image":{"@id":"https:\/\/denizcankizil.tr\/#\/schema\/logo\/image\/"}},{"@type":"Person","@id":"https:\/\/denizcankizil.tr\/#\/schema\/person\/e1eb71bb4dd684d46563f0af307e1234","name":"Antalya K\u00f6rfez","image":{"@type":"ImageObject","inLanguage":"ru-RU","@id":"https:\/\/denizcankizil.tr\/#\/schema\/person\/image\/","url":"https:\/\/secure.gravatar.com\/avatar\/42b01982558a48a0b501fdcab6a408d3717ea5919095ee2e67b0e521799c5905?s=96&d=mm&r=g","contentUrl":"https:\/\/secure.gravatar.com\/avatar\/42b01982558a48a0b501fdcab6a408d3717ea5919095ee2e67b0e521799c5905?s=96&d=mm&r=g","caption":"Antalya K\u00f6rfez"},"sameAs":["http:\/\/www.antalyakorfez.com"],"url":"https:\/\/www.antalyakorfez.com\/ankara-notlari-1"}]}},"_links":{"self":[{"href":"http:\/\/denizcankizil.tr\/ru\/wp-json\/wp\/v2\/posts\/46397","targetHints":{"allow":["GET"]}}],"collection":[{"href":"http:\/\/denizcankizil.tr\/ru\/wp-json\/wp\/v2\/posts"}],"about":[{"href":"http:\/\/denizcankizil.tr\/ru\/wp-json\/wp\/v2\/types\/post"}],"author":[{"embeddable":true,"href":"http:\/\/denizcankizil.tr\/ru\/wp-json\/wp\/v2\/users\/5"}],"replies":[{"embeddable":true,"href":"http:\/\/denizcankizil.tr\/ru\/wp-json\/wp\/v2\/comments?post=46397"}],"version-history":[{"count":0,"href":"http:\/\/denizcankizil.tr\/ru\/wp-json\/wp\/v2\/posts\/46397\/revisions"}],"wp:attachment":[{"href":"http:\/\/denizcankizil.tr\/ru\/wp-json\/wp\/v2\/media?parent=46397"}],"wp:term":[{"taxonomy":"category","embeddable":true,"href":"http:\/\/denizcankizil.tr\/ru\/wp-json\/wp\/v2\/categories?post=46397"},{"taxonomy":"post_tag","embeddable":true,"href":"http:\/\/denizcankizil.tr\/ru\/wp-json\/wp\/v2\/tags?post=46397"}],"curies":[{"name":"wp","href":"https:\/\/api.w.org\/{rel}","templated":true}]}}