{"id":42267,"date":"2025-04-01T15:24:24","date_gmt":"2025-04-01T12:24:24","guid":{"rendered":"https:\/\/denizcankizil.tr\/uncategorized-tr\/mukerrir-sucluluk-olgusu-nedenleri-ve-sonuclari\/"},"modified":"2025-04-01T15:24:24","modified_gmt":"2025-04-01T12:24:24","slug":"mukerrir-sucluluk-olgusu-nedenleri-ve-sonuclari","status":"publish","type":"post","link":"http:\/\/denizcankizil.tr\/ru\/koseyazilari\/degerlendirme\/mukerrir-sucluluk-olgusu-nedenleri-ve-sonuclari\/","title":{"rendered":"M\u00fckerrir Su\u00e7luluk Olgusu: Nedenleri ve Sonu\u00e7lar\u0131"},"content":{"rendered":"<p> <strong>M\u00fckerrir Su\u00e7luluk Olgusu: Nedenleri ve Sonu\u00e7lar\u0131<\/strong><\/p>\n<p>M\u00fckerrir su\u00e7luluk, ceza hukuku alan\u0131nda \u00f6nemli bir \u200bkavram olup, bireylerin tekrar eden su\u00e7 i\u015fleme e\u011filimlerini\u200b ifade etmektedir. Bu olgu, yaln\u0131zca bireysel \u2063davran\u0131\u015flar\u0131n analiziyle s\u0131n\u0131rl\u0131 kalmay\u0131p, <a href=\"https:\/\/denizcankizil.tr\/ru\/seo\/instagram-unluleri-ile-normal-unluler-arasindaki-fark-nedir-bunlarin-avukatlari-unlulerin-hangi-davalarina-bakar-antalyada-bu-davalar-hangi-il-ve-ilcelerdeki-hangi-mahkemelerde-gorulur\/\" title=\"\u0130nstagram \u00dcnl\u00fcleri ile Normal \u00dcnl\u00fcler Aras\u0131ndaki Fark Nedir? Bunlar\u0131n Avukatlar\u0131, \u00fcnl\u00fclerin hangi davalar\u0131na bakar? Antalya&#039;da bu davalar hangi il ve il\u00e7elerdeki hangi mahkemelerde g\u00f6r\u00fcl\u00fcr?\">ayn\u0131 zamanda \u2062toplumsal<\/a>, ekonomik ve psikolojik fakt\u00f6rlerin\u200c etkile\u015fimiyle \u015fekillenen karma\u015f\u0131k\u200d bir\u200b yap\u0131ya sahiptir. M\u00fckerrir \u200csu\u00e7lulu\u011fun nedenleri, \u2062bireyin\u2063 ge\u00e7mi\u015f \u2063deneyimlerinden, \u00e7evresel \u2063etmenlerden ve sosyoekonomik \u200cko\u015fullardan kaynaklanabilirken, sonu\u00e7lar\u0131 da hem birey hem de toplum a\u00e7\u0131s\u0131ndan ciddi sonu\u00e7lar do\u011furabilmektedir. Bu makalede, m\u00fckerrir su\u00e7lulu\u011fun temel \u2063nedenleri ve bu olgunun bireyler ve toplum \u00fczerindeki etkileri detayl\u0131 \u2063bir \u015fekilde incelenecek, \u200cayr\u0131ca \u2064bu durumun \u200b\u00f6nlenmesine y\u00f6nelik \u2063stratejiler\u200d \u00fczerinde durulacakt\u0131r. \u200dCeza adalet \u200csisteminin bu olguyu nas\u0131l ele ald\u0131\u011f\u0131 ve rehabilitasyon s\u00fcre\u00e7lerinin\u200b \u00f6nemi de tart\u0131\u015f\u0131lacak\u2064 konular aras\u0131nda yer alacakt\u0131r.<br \/><img decoding=\"async\" class=\"kimage_class lazyload\" data-src=\"https:\/\/denizcankizil.tr\/wp-content\/uploads\/2024\/10\/ii_200.jpg\" alt=\"M\u00fckerrir Su\u00e7luluk\u2063 Kavram\u0131n\u0131n Tan\u0131m\u0131 ve \u00d6nemi\" src=\"data:image\/svg+xml;base64,PHN2ZyB3aWR0aD0iMSIgaGVpZ2h0PSIxIiB4bWxucz0iaHR0cDovL3d3dy53My5vcmcvMjAwMC9zdmciPjwvc3ZnPg==\"><\/p>\n<h2 id=\"mukerrir-sucluluk-kavraminin-tanimi-ve-onemi\">M\u00fckerrir Su\u00e7luluk \u2064Kavram\u0131n\u0131n Tan\u0131m\u0131 ve \u00d6nemi<\/h2>\n<section>\n<p>M\u00fckerrir su\u00e7luluk, bir ki\u015finin belirli\u200b bir su\u00e7u birden fazla kez\u200d i\u015flemesi durumunu ifade eder. Bu kavram, ceza hukuku \u2064a\u00e7\u0131s\u0131ndan\u2062 \u00f6nemli bir yere sahiptir \u00e7\u00fcnk\u00fc m\u00fckerrir su\u00e7lular, toplum i\u00e7in\u200b daha b\u00fcy\u00fck\u200c bir tehdit\u2063 olu\u015fturabilirler. \u200dM\u00fckerrir su\u00e7lulu\u011fun tan\u0131m\u0131, yaln\u0131zca su\u00e7un \u200dtekrar\u0131n\u0131 de\u011fil, ayn\u0131 zamanda su\u00e7un niteli\u011fini \u200bve failin su\u00e7\u200b i\u015fleme e\u011filimlerini de kapsar.<\/p>\n<p>Bu kavram\u0131n \u00f6nemi,\u2064 ceza adalet \u200bsisteminin\u2062 etkinli\u011fini art\u0131rma \u00e7abalar\u0131yla \u200cdo\u011frudan ili\u015fkilidir. M\u00fckerrir su\u00e7lular\u0131n \u200btespiti ve rehabilitasyonu,su\u00e7 oranlar\u0131n\u0131n\u200d azalt\u0131lmas\u0131 a\u00e7\u0131s\u0131ndan\u200c kritik bir rol oynamaktad\u0131r. Bu ba\u011flamda, m\u00fckerrir su\u00e7lulu\u011fun nedenleri ve sonu\u00e7lar\u0131 \u00fczerinde durmak,\u2063 hem toplumsal g\u00fcvenli\u011fi sa\u011flamak \u200bhem\u200b de bireylerin yeniden \u200dtopluma kazand\u0131r\u0131lmas\u0131 a\u00e7\u0131s\u0131ndan\u2062 gereklidir.<\/p>\n<p>M\u00fckerrir su\u00e7lulu\u011fun nedenleri aras\u0131nda \u015funlar yer alabilir:<\/p>\n<ul>\n<li>Psikolojik fakt\u00f6rler<\/li>\n<li>Sosyal \u00e7evre etkileri<\/li>\n<li>Ekonomik ko\u015fullar<\/li>\n<li>Su\u00e7un \u2062kolay eri\u015filebilirli\u011fi<\/li>\n<\/ul>\n<p>Sonu\u00e7lar\u0131 ise, <a href=\"https:\/\/denizcankizil.tr\/ru\/seo\/konyaalti-ve-muratpasada-is-hukuku-ve-isci-avukatligi\/\" title=\"Konyaalt\u0131 ve Muratpa\u015fa&#039;da \u0130\u015f Hukuku ve  \u00dcnl\u00fc \u0130\u015f\u00e7i Avukatl\u0131\u011f\u0131\">yaln\u0131zca bireyler i\u00e7in de\u011fil<\/a>, \u200btoplum i\u00e7in de ciddi etkiler do\u011furabilir. bu \u2063etkiler aras\u0131nda:<\/p>\n<ul>\n<li>Toplumsal \u2063g\u00fcvenlikte azalma<\/li>\n<li>Ceza infaz sisteminin y\u00fcklenmesi<\/li>\n<li>Toplumda su\u00e7 alg\u0131s\u0131n\u0131n artmas\u0131<\/li>\n<\/ul>\n<p>Sonu\u00e7\u200c olarak, m\u00fckerrir su\u00e7luluk kavram\u0131, ceza hukuku uygulamalar\u0131 \u200dve\u200c toplumsal \u2062g\u00fcvenlik\u2062 a\u00e7\u0131s\u0131ndan \u200cdikkate \u200dal\u0131nmas\u0131 gereken \u00f6nemli bir\u2063 unsurdur. Bu kavram\u0131n derinlemesine incelenmesi, hem su\u00e7un \u00f6nlenmesi\u2064 hem de \u200bsu\u00e7lular\u0131n\u200b rehabilitasyonu \u2063i\u00e7in gerekli\u200c stratejilerin \u200dgeli\u015ftirilmesine katk\u0131 sa\u011flayacakt\u0131r.<\/p>\n<\/section>\n<p><img decoding=\"async\" class=\"kimage_class lazyload\" data-src=\"https:\/\/denizcankizil.tr\/wp-content\/uploads\/2024\/10\/o04aha.jpg\" alt=\"M\u00fckerrir Su\u00e7lulu\u011fun \u200cNedenleri: Bireysel ve\u2062 Sosyal Fakt\u00f6rler\" src=\"data:image\/svg+xml;base64,PHN2ZyB3aWR0aD0iMSIgaGVpZ2h0PSIxIiB4bWxucz0iaHR0cDovL3d3dy53My5vcmcvMjAwMC9zdmciPjwvc3ZnPg==\"><\/p>\n<h2 id=\"mukerrir-suclulugun-nedenleri-bireysel-ve-sosyal-faktorler\">M\u00fckerrir Su\u00e7lulu\u011fun Nedenleri: Bireysel ve\u2063 Sosyal Fakt\u00f6rler<\/h2>\n<section>\n<p>M\u00fckerrir su\u00e7luluk, \u200dbireylerin tekrar eden su\u00e7 davran\u0131\u015flar\u0131 sergilemesi \u200ddurumunu ifade eder. Bu olgunun arkas\u0131nda yatan nedenler, bireysel ve sosyal fakt\u00f6rler olarak iki ana ba\u015fl\u0131k alt\u0131nda\u2062 incelenebilir. Bireysel \u2063fakt\u00f6rler,\u200d ki\u015finin psikolojik durumu, ge\u00e7mi\u015f deneyimleri \u200dve ki\u015fisel \u00f6zellikleri ile \u2062do\u011frudan ili\u015fkilidir.\u00d6te yandan, sosyal fakt\u00f6rler, \u2062bireyin ya\u015fad\u0131\u011f\u0131 \u00e7evre, aile yap\u0131s\u0131 \u2062ve\u2062 toplumsal normlarla ba\u011flant\u0131l\u0131d\u0131r.<\/p>\n<p><strong>Bireysel fakt\u00f6rler<\/strong> aras\u0131nda, <a href=\"https:\/\/denizcankizil.tr\/ru\/koseyazilari\/degerlendirme\/intihar-olaylarinin-psikolojik-ve-sosyal-boyutlari\/\" title=\"\u0130ntihar Olaylar\u0131n\u0131n Psikolojik ve Sosyal Boyutlar\u0131\">a\u015fa\u011f\u0131daki unsurlar\u2062 \u00f6ne \u00e7\u0131kmaktad\u0131r<\/a>:<\/p>\n<ul>\n<li>Psikolojik bozukluklar:\u2063 Depresyon, anksiyete gibi durumlar, bireyin su\u00e7 \u200bi\u015fleme e\u011filimini art\u0131rabilir.<\/li>\n<li>Alkol\u200b ve madde \u2063ba\u011f\u0131ml\u0131l\u0131\u011f\u0131: Bu t\u00fcr\u200d ba\u011f\u0131ml\u0131l\u0131klar, bireyin\u2064 karar verme yetisini olumsuz etkileyerek su\u00e7 \u2062i\u015fleme olas\u0131l\u0131\u011f\u0131n\u0131 y\u00fckseltebilir.<\/li>\n<li>Ge\u00e7mi\u015f travmalar:\u200c \u00c7ocukluk d\u00f6neminde ya\u015fanan \u2064olumsuz deneyimler,bireyin su\u00e7 davran\u0131\u015flar\u0131n\u0131 tetikleyebilir.<\/li>\n<\/ul>\n<p><strong>Sosyal\u200c fakt\u00f6rler<\/strong> \u2063 ise, bireyin \u00e7evresiyle olan ili\u015fkilerini \u2062ve toplumsal yap\u0131y\u0131 kapsamaktad\u0131r:<\/p>\n<ul>\n<li>Aile \u2062yap\u0131s\u0131: Aile i\u00e7indeki ileti\u015fim eksiklikleri \u200dve \u200columsuz ili\u015fkiler, bireyin su\u00e7\u200b i\u015fleme \u2063e\u011filimini art\u0131rabilir.<\/li>\n<li>Ekonomik durum: Maddi zorluklar, bireyleri su\u00e7a y\u00f6nlendiren\u200b \u00f6nemli bir \u200betken olabilir.<\/li>\n<li>Toplumsal\u2064 normlar: Su\u00e7un normalle\u015fti\u011fi bir \u00e7evrede \u2062b\u00fcy\u00fcyen \u200dbireyler, su\u00e7 i\u015fleme davran\u0131\u015flar\u0131n\u0131 daha kolay\u200b benimseyebilir.<\/li>\n<\/ul>\n<p>Sonu\u00e7 olarak,\u200c m\u00fckerrir\u200c su\u00e7lulu\u011fun nedenleri\u200d karma\u015f\u0131k bir yap\u0131dad\u0131r\u2064 ve bireysel ile \u200csosyal fakt\u00f6rlerin etkile\u015fimi, bu \u2063olgunun anla\u015f\u0131lmas\u0131nda kritik\u2062 bir \u2064rol oynamaktad\u0131r. Bu nedenle, \u2064su\u00e7un \u00f6nlenmesi ve bireylerin rehabilitasyonu \u200bi\u00e7in \u00e7ok y\u00f6nl\u00fc bir yakla\u015f\u0131m benimsenmesi gerekmektedir.<\/p>\n<\/section>\n<p><img decoding=\"async\" class=\"kimage_class lazyload\" data-src=\"https:\/\/denizcankizil.tr\/wp-content\/uploads\/2024\/10\/3984-antalyada-sigorta-hukuku-avukatinin-gorev-alanlari.jpg\" alt=\"M\u00fckerrir Su\u00e7lulu\u011fun Ceza Hukuku \u200bA\u00e7\u0131s\u0131ndan De\u011ferlendirilmesi\" src=\"data:image\/svg+xml;base64,PHN2ZyB3aWR0aD0iMSIgaGVpZ2h0PSIxIiB4bWxucz0iaHR0cDovL3d3dy53My5vcmcvMjAwMC9zdmciPjwvc3ZnPg==\"><\/p>\n<h2 id=\"mukerrir-suclulugun-ceza-hukuku-acisindan-degerlendirilmesi\">M\u00fckerrir su\u00e7lulu\u011fun \u2062Ceza Hukuku A\u00e7\u0131s\u0131ndan\u2062 De\u011ferlendirilmesi<\/h2>\n<p><strong>M\u00fckerrir su\u00e7luluk<\/strong>, ceza hukuku a\u00e7\u0131s\u0131ndan \u00f6nemli \u200bbir kavramd\u0131r ve su\u00e7 i\u015fleyen bireylerin tekrar eden su\u00e7 faaliyetleri ile karakterize edilir. Bu durum, yaln\u0131zca bireylerin \u200cceza\u2063 sorumlulu\u011funu de\u011fil, \u2063ayn\u0131\u2064 zamanda toplumun g\u00fcvenli\u011fini \u200cde tehdit eden bir olgu \u200bolarak de\u011ferlendirilmektedir.\u2063 M\u00fckerrir\u200b su\u00e7lulu\u011fun\u200d nedenleri aras\u0131nda, bireyin sosyal \u00e7evresi,\u2062 psikolojik durumlar\u0131 ve ekonomik ko\u015fullar\u0131 gibi fakt\u00f6rler yer almaktad\u0131r. Bu fakt\u00f6rler, bireyin su\u00e7a \u2064y\u00f6nelmesinde etkili olabilmektedir.<\/p>\n<p>Ceza hukuku\u2063 a\u00e7\u0131s\u0131ndan \u200cm\u00fckerrir\u2063 su\u00e7lulu\u011fun sonu\u00e7lar\u0131, \u2064ceza\u200c infaz sisteminde farkl\u0131 uygulamalara yol\u200b a\u00e7maktad\u0131r. \u200cM\u00fckerrir su\u00e7lular,\u200d genellikle daha a\u011f\u0131r cezalara \u00e7arpt\u0131r\u0131lmakta ve bu\u2064 durum,\u200c ceza \u2063adalet sisteminin i\u015fleyi\u015fini etkilemektedir. Ayr\u0131ca, m\u00fckerrir su\u00e7lular\u0131n rehabilitasyon s\u00fcre\u00e7leri, \u200bilk kez\u2064 su\u00e7 i\u015fleyen bireylere g\u00f6re daha karma\u015f\u0131k hale gelmektedir. Bu ba\u011flamda, m\u00fckerrir \u200bsu\u00e7lulu\u011fun \u00f6nlenmesi i\u00e7in \u00e7e\u015fitli stratejilerin geli\u015ftirilmesi\u2064 gerekmektedir.<\/p>\n<ul>\n<li><strong>Toplumsal fark\u0131ndal\u0131k:<\/strong> \u200b M\u00fckerrir su\u00e7lulu\u011fun \u00f6nlenmesi i\u00e7in \u200dtoplumda bilin\u00e7lendirme \u00e7al\u0131\u015fmalar\u0131 \u200cyap\u0131lmal\u0131d\u0131r.<\/li>\n<li><strong>Rehabilitasyon\u2063 programlar\u0131:<\/strong> \u2063Su\u00e7lular\u0131n topluma kazand\u0131r\u0131lmas\u0131\u2062 amac\u0131yla\u200b etkili rehabilitasyon \u200bprogramlar\u0131 \u200bolu\u015fturulmal\u0131d\u0131r.<\/li>\n<li><strong>Psiko-sosyal destek:<\/strong> \u200dM\u00fckerrir su\u00e7lulara\u2063 y\u00f6nelik psikolojik destek hizmetleri sa\u011flanmal\u0131d\u0131r.<\/li>\n<\/ul>\n<p>Sonu\u00e7 olarak, \u200b,\u200b hem bireysel \u2062hem de toplumsal boyutlar\u0131yla ele al\u0131nmas\u0131 \u200bgereken\u200d bir konudur.bu olgunun \u200canla\u015f\u0131lmas\u0131, su\u00e7un \u00f6nlenmesi ve ceza adalet sisteminin etkinli\u011finin art\u0131r\u0131lmas\u0131\u200b a\u00e7\u0131s\u0131ndan\u200c b\u00fcy\u00fck \u00f6nem ta\u015f\u0131maktad\u0131r.<\/p>\n<p><img decoding=\"async\" class=\"kimage_class lazyload\" data-src=\"https:\/\/denizcankizil.tr\/wp-content\/uploads\/2024\/10\/H7KLQ-253D.jpg\" alt=\"M\u00fckerrir \u2064Su\u00e7lulu\u011fun Toplumsal sonu\u00e7lar\u0131 ve Etkileri\" src=\"data:image\/svg+xml;base64,PHN2ZyB3aWR0aD0iMSIgaGVpZ2h0PSIxIiB4bWxucz0iaHR0cDovL3d3dy53My5vcmcvMjAwMC9zdmciPjwvc3ZnPg==\"><\/p>\n<h2 id=\"mukerrir-suclulugun-toplumsal-sonuclari-ve-etkileri\">M\u00fckerrir\u200b Su\u00e7lulu\u011fun Toplumsal\u2063 Sonu\u00e7lar\u0131 ve Etkileri<\/h2>\n<section>\n<p>M\u00fckerrir su\u00e7luluk, bireylerin s\u00fcrekli olarak\u200c su\u00e7\u2063 i\u015fleme e\u011filiminde\u2064 olmalar\u0131 durumunu ifade eder. Bu\u200b olgu,yaln\u0131zca bireyler \u00fczerinde\u2064 de\u011fil,ayn\u0131 \u2062zamanda toplum \u00fczerinde de\u2063 derin \u200cetkiler yaratmaktad\u0131r.M\u00fckerrir su\u00e7lular\u0131n varl\u0131\u011f\u0131, toplumsal g\u00fcvenli\u011fi \u2062tehdit eden bir unsur olarak \u00f6ne \u00e7\u0131kmakta\u2064 ve \u00e7e\u015fitli sosyal sorunlara \u2064yol a\u00e7maktad\u0131r.<\/p>\n<p>Bu \u2062ba\u011flamda, m\u00fckerrir su\u00e7lulu\u011fun \u200dtoplumsal \u2062sonu\u00e7lar\u0131 aras\u0131nda \u015funlar yer almaktad\u0131r:<\/p>\n<ul>\n<li><strong>G\u00fcvenlik\u2062 Sorunlar\u0131:<\/strong> \u2062M\u00fckerrir su\u00e7lular, \u200btoplumda korku ve\u2064 g\u00fcvensizlik yaratmakta, bu da bireylerin sosyal ya\u015famlar\u0131n\u0131 olumsuz\u2062 etkilemektedir.<\/li>\n<li><strong>Ekonomik\u2062 Y\u00fck:<\/strong> \u2063Su\u00e7 \u2064oranlar\u0131n\u0131n artmas\u0131,g\u00fcvenlik\u2064 harcamalar\u0131n\u0131 art\u0131rmakta ve dolay\u0131s\u0131yla\u2063 ekonomik kaynaklar\u0131n \u200dba\u015fka\u2063 alanlara y\u00f6nlendirilmesini engellemektedir.<\/li>\n<li><strong>Toplumsal D\u0131\u015flanma:<\/strong> M\u00fckerrir \u2063su\u00e7lular, toplum taraf\u0131ndan d\u0131\u015flanma riski \u2062ta\u015f\u0131makta, bu durum ise onlar\u0131n rehabilitasyon s\u00fcre\u00e7lerini zorla\u015ft\u0131rmaktad\u0131r.<\/li>\n<\/ul>\n<p>Ayr\u0131ca, m\u00fckerrir su\u00e7lulu\u011fun etkileri, toplumun genel \u200bpsikolojik yap\u0131s\u0131n\u0131\u2062 da etkilemektedir. S\u00fcrekli su\u00e7 \u2062i\u015fleyen bireylerin\u2062 varl\u0131\u011f\u0131, toplumda \u2062adalet duygusunu zay\u0131flatmakta ve bireylerin sosyal normlara olan g\u00fcvenini sarsmaktad\u0131r.\u200b Bu\u200c nedenle, m\u00fckerrir su\u00e7lulu\u011fun \u00f6nlenmesi ve rehabilitasyonu, <a href=\"https:\/\/denizcankizil.tr\/ru\/koseyazilari\/degerlendirme\/mulkiyet-hakkina-saldiri-devam-ediyor\/\" title=\"M\u00fclkiyet Hakk\u0131na Sald\u0131r\u0131 Devam Ediyor\">sadece bireyler i\u00e7in de\u011fil<\/a>, t\u00fcm toplum\u200b i\u00e7in kritik bir \u00f6neme \u200dsahiptir.<\/p>\n<\/section>\n<p><img decoding=\"async\" class=\"kimage_class lazyload\" data-src=\"https:\/\/denizcankizil.tr\/wp-content\/uploads\/2024\/10\/4376-antalyada-tuketici-hukuku-avukatlarinin-sorumluluklari.jpg\" alt=\"M\u00fckerrir Su\u00e7lulu\u011fun \u00d6nlenmesi: Politika ve stratejiler\" src=\"data:image\/svg+xml;base64,PHN2ZyB3aWR0aD0iMSIgaGVpZ2h0PSIxIiB4bWxucz0iaHR0cDovL3d3dy53My5vcmcvMjAwMC9zdmciPjwvc3ZnPg==\"><\/p>\n<h2 id=\"mukerrir-suclulugun-onlenmesi-politika-ve-stratejiler\">M\u00fckerrir Su\u00e7lulu\u011fun\u200d \u00d6nlenmesi: Politika ve Stratejiler<\/h2>\n<section>\n<p>M\u00fckerrir su\u00e7lulu\u011fun \u00f6nlenmesi, \u200btoplum g\u00fcvenli\u011fini sa\u011flamak ve su\u00e7 oranlar\u0131n\u0131 azaltmak\u2063 amac\u0131yla hayati bir \u2064\u00f6neme sahiptir. Bu ba\u011flamda, etkili politikalar\u0131n ve \u2063stratejilerin geli\u015ftirilmesi \u2064gerekmektedir. A\u015fa\u011f\u0131da, \u2062m\u00fckerrir su\u00e7lulu\u011fun \u00f6nlenmesine \u2063y\u00f6nelik baz\u0131 temel yakla\u015f\u0131mlar \u2063s\u0131ralanm\u0131\u015ft\u0131r:<\/p>\n<ul>\n<li><strong>E\u011fitim ve Fark\u0131ndal\u0131k Programlar\u0131:<\/strong> Su\u00e7\u200b i\u015fleme e\u011filiminde olan \u200dbireylerin, toplumsal\u200d normlar ve\u2063 yasalar hakk\u0131nda\u200c bilin\u00e7lendirilmesi, su\u00e7un\u2063 \u00f6nlenmesinde \u00f6nemli bir rol oynamaktad\u0131r.<\/li>\n<li><strong>Rehabilitasyon ve \u200bYeniden Entegrasyon:<\/strong> Su\u00e7lular\u0131n topluma kazand\u0131r\u0131lmas\u0131 i\u00e7in rehabilitasyon programlar\u0131n\u0131n uygulanmas\u0131, m\u00fckerrir su\u00e7lulu\u011fun azalt\u0131lmas\u0131nda \u2064etkili\u200b bir\u2063 strateji olarak \u00f6ne \u00e7\u0131kmaktad\u0131r.<\/li>\n<li><strong>Toplum Destek Programlar\u0131:<\/strong> Su\u00e7 \u2063oranlar\u0131n\u0131n \u200dy\u00fcksek oldu\u011fu b\u00f6lgelerde,sosyal\u2064 destek ve ekonomik f\u0131rsatlar\u0131n art\u0131r\u0131lmas\u0131,bireylerin su\u00e7a y\u00f6nelme\u2063 riskini\u2064 azaltabilir.<\/li>\n<li><strong>Hukuki D\u00fczenlemeler:<\/strong> M\u00fckerrir su\u00e7lulara\u2064 y\u00f6nelik daha etkili hukuki yapt\u0131r\u0131mlar\u0131n\u2064 uygulanmas\u0131, cayd\u0131r\u0131c\u0131l\u0131\u011f\u0131\u2063 art\u0131rarak su\u00e7 i\u015fleme olas\u0131l\u0131\u011f\u0131n\u0131 d\u00fc\u015f\u00fcrebilir.<\/li>\n<\/ul>\n<p>Bu stratejilerin uygulanmas\u0131, m\u00fckerrir\u200b su\u00e7lulu\u011fun \u00f6nlenmesi konusunda \u00f6nemli bir\u2063 ad\u0131m te\u015fkil etmektedir. Toplumun \u200ct\u00fcm \u200dkesimlerinin bu s\u00fcre\u00e7te\u2063 aktif rol almas\u0131, \u200csu\u00e7un \u2062k\u00f6k nedenlerinin\u2064 ortadan kald\u0131r\u0131lmas\u0131na katk\u0131 sa\u011flayacakt\u0131r.<\/p>\n<\/section>\n<p><img decoding=\"async\" class=\"kimage_class lazyload\" data-src=\"https:\/\/denizcankizil.tr\/wp-content\/uploads\/2024\/10\/puo6A-253D.jpg\" alt=\"M\u00fckerrir Su\u00e7luluk\u200d ile M\u00fccadelede \u200dYarg\u0131 Sisteminin Rol\u00fc\" src=\"data:image\/svg+xml;base64,PHN2ZyB3aWR0aD0iMSIgaGVpZ2h0PSIxIiB4bWxucz0iaHR0cDovL3d3dy53My5vcmcvMjAwMC9zdmciPjwvc3ZnPg==\"><\/p>\n<h2 id=\"mukerrir-sucluluk-ile-mucadelede-yargi-sisteminin-rolu\">M\u00fckerrir Su\u00e7luluk ile M\u00fccadelede Yarg\u0131 Sisteminin Rol\u00fc<\/h2>\n<section>\n<p>M\u00fckerrir su\u00e7luluk, bireylerin tekrar\u2063 eden su\u00e7 davran\u0131\u015flar\u0131 sergilemesi\u2064 durumunu ifade \u2064eder. \u200dBu olgu, yaln\u0131zca bireysel\u200c bir\u2064 sorun de\u011fil,\u200d ayn\u0131 zamanda toplumsal bir mesele \u200colarak da kar\u015f\u0131m\u0131za \u00e7\u0131kmaktad\u0131r. Yarg\u0131 sisteminin bu ba\u011flamda\u2062 \u00fcstlendi\u011fi\u200d rol, su\u00e7lular\u0131n rehabilitasyonu ve \u200btoplum g\u00fcvenli\u011finin sa\u011flanmas\u0131\u200c a\u00e7\u0131s\u0131ndan b\u00fcy\u00fck \u00f6nem ta\u015f\u0131maktad\u0131r.<\/p>\n<p>Yarg\u0131 \u200dsisteminin m\u00fckerrir su\u00e7lulukla m\u00fccadeledeki i\u015flevleri aras\u0131nda\u2062 \u015funlar yer almaktad\u0131r:<\/p>\n<ul>\n<li><strong>\u00d6nleyici Tedbirler:<\/strong> su\u00e7 i\u015fleme e\u011filiminde \u2064olan bireyler i\u00e7in rehabilitasyon \u2062programlar\u0131 ve e\u011fitim f\u0131rsatlar\u0131 sunarak, tekrar \u2063su\u00e7 i\u015fleme olas\u0131l\u0131\u011f\u0131n\u0131 azaltmak.<\/li>\n<li><strong>Ceza politikalar\u0131:<\/strong> M\u00fckerrir \u200bsu\u00e7lulara y\u00f6nelik daha etkili\u200c ceza y\u00f6ntemleri \u200cgeli\u015ftirerek, cayd\u0131r\u0131c\u0131l\u0131\u011f\u0131 \u2062art\u0131rmak.<\/li>\n<li><strong>Toplumsal Bilin\u00e7lendirme:<\/strong> Su\u00e7un nedenleri ve sonu\u00e7lar\u0131 hakk\u0131nda toplumu bilgilendirerek, su\u00e7un \u00f6nlenmesine y\u00f6nelik \u2063fark\u0131ndal\u0131k olu\u015fturmak.<\/li>\n<\/ul>\n<p>Bu ba\u011flamda, yarg\u0131 sisteminin etkinli\u011fi, yaln\u0131zca cezai yapt\u0131r\u0131mlarla s\u0131n\u0131rl\u0131 kalmamal\u0131; ayn\u0131 zamanda bireylerin topluma\u200d yeniden kazand\u0131r\u0131lmas\u0131 i\u00e7in\u2063 gerekli destek mekanizmalar\u0131n\u0131n da \u200cdevreye\u2062 girmesi gerekmektedir. B\u00f6ylece,m\u00fckerrir su\u00e7luluk olgusunun \u00fcstesinden gelinmesi \u200dm\u00fcmk\u00fcn hale gelecektir.<\/p>\n<\/section>\n<p>M\u00fckerrir \u200csu\u00e7luluk \u200bolgusu, \u200cceza hukuku ve sosyal bilimler \u200da\u00e7\u0131s\u0131ndan \u00f6nemli \u200dbir konu olarak kar\u015f\u0131m\u0131za\u200b \u00e7\u0131kmaktad\u0131r. bu olgunun nedenleri,bireysel ve toplumsal dinamiklerin \u200cetkile\u015fimiyle \u015fekillenmekte; \u2062sonu\u00e7lar\u0131\u2064 ise hem su\u00e7lu bireyler hem de \u2064toplum i\u00e7in derin etkiler do\u011furmaktad\u0131r. \u200cSu\u00e7lulu\u011fun tekrar\u0131, yaln\u0131zca bireysel bir \u2064sorun de\u011fil, ayn\u0131 zamanda toplumsal bir \u2062mesele olarak \u200bele al\u0131nmal\u0131d\u0131r.\u200b bu ba\u011flamda,\u2063 m\u00fckerrir \u200bsu\u00e7lulu\u011fun \u00f6nlenmesi ve rehabilitasyonu i\u00e7in \u2064etkili stratejilerin\u2062 geli\u015ftirilmesi, hukuk sisteminin ve\u200d sosyal politikalar\u0131n \u200d\u00f6ncelikli hedefleri aras\u0131nda yer\u200d almal\u0131d\u0131r.Gelecek ara\u015ft\u0131rmalar, bu olgunun daha iyi\u200d anla\u015f\u0131lmas\u0131na \u2062ve \u00e7\u00f6z\u00fcm \u2064yollar\u0131n\u0131n belirlenmesine katk\u0131 \u2063sa\u011flayacak nitelikte olmal\u0131d\u0131r. sonu\u00e7 olarak, m\u00fckerrir su\u00e7luluk olgusu, hem\u2062 bireysel hem de toplumsal \u200cd\u00fczeyde ele al\u0131nmas\u0131\u200c gereken karma\u015f\u0131k bir\u200d fenomendir\u200d ve bu alandaki \u00e7al\u0131\u015fmalar,\u2064 adalet \u2064sisteminin etkinli\u011fini\u200b art\u0131rma\u2063 yolunda \u00f6nemli bir\u2062 ad\u0131m te\u015fkil \u2064edecektir. <\/p>","protected":false},"excerpt":{"rendered":"<p>M\u00fckerrir su\u00e7luluk olgusu, bireylerin tekrar eden su\u00e7 davran\u0131\u015flar\u0131n\u0131 ifade eder. Bu durumun nedenleri aras\u0131nda sosyal, ekonomik ve psikolojik fakt\u00f6rler yer al\u0131rken, sonu\u00e7lar\u0131 ise toplumda g\u00fcvenlik kayb\u0131 ve ceza adalet sisteminin y\u00fcklenmesi \u015feklinde ortaya \u00e7\u0131kar.<\/p>","protected":false},"author":4,"featured_media":0,"comment_status":"open","ping_status":"open","sticky":false,"template":"","format":"standard","meta":{"_acf_changed":false,"footnotes":""},"categories":[22],"tags":[],"class_list":["post-42267","post","type-post","status-publish","format-standard","hentry","category-degerlendirme"],"acf":[],"yoast_head":"<!-- This site is optimized with the Yoast SEO Premium plugin v26.6 (Yoast SEO v27.1.1) - https:\/\/yoast.com\/product\/yoast-seo-premium-wordpress\/ -->\n<title>M\u00fckerrir Su\u00e7luluk Olgusu: Nedenleri ve Sonu\u00e7lar\u0131 - Av. Deniz Can K\u0131z\u0131l<\/title>\n<meta name=\"robots\" content=\"index, follow, max-snippet:-1, max-image-preview:large, max-video-preview:-1\" \/>\n<link rel=\"canonical\" href=\"http:\/\/denizcankizil.tr\/ru\/koseyazilari\/degerlendirme\/mukerrir-sucluluk-olgusu-nedenleri-ve-sonuclari\/\" \/>\n<meta property=\"og:locale\" content=\"ru_RU\" \/>\n<meta property=\"og:type\" content=\"article\" \/>\n<meta property=\"og:title\" content=\"M\u00fckerrir Su\u00e7luluk Olgusu: Nedenleri ve Sonu\u00e7lar\u0131\" \/>\n<meta property=\"og:description\" content=\"M\u00fckerrir su\u00e7luluk olgusu, bireylerin tekrar eden su\u00e7 davran\u0131\u015flar\u0131n\u0131 ifade eder. Bu durumun nedenleri aras\u0131nda sosyal, ekonomik ve psikolojik fakt\u00f6rler yer al\u0131rken, sonu\u00e7lar\u0131 ise toplumda g\u00fcvenlik kayb\u0131 ve ceza adalet sisteminin y\u00fcklenmesi \u015feklinde ortaya \u00e7\u0131kar.\" \/>\n<meta property=\"og:url\" content=\"http:\/\/denizcankizil.tr\/ru\/koseyazilari\/degerlendirme\/mukerrir-sucluluk-olgusu-nedenleri-ve-sonuclari\/\" \/>\n<meta property=\"og:site_name\" content=\"Av. Deniz Can K\u0131z\u0131l\" \/>\n<meta property=\"article:published_time\" content=\"2025-04-01T12:24:24+00:00\" \/>\n<meta property=\"og:image\" content=\"https:\/\/denizcankizil.tr\/wp-content\/uploads\/2024\/10\/ii_200.jpg\" \/>\n<meta name=\"author\" content=\"Av. Deniz Can K\u0131z\u0131l\" \/>\n<meta name=\"twitter:card\" content=\"summary_large_image\" \/>\n<meta name=\"twitter:label1\" content=\"\u041d\u0430\u043f\u0438\u0441\u0430\u043d\u043e \u0430\u0432\u0442\u043e\u0440\u043e\u043c\" \/>\n\t<meta name=\"twitter:data1\" content=\"Av. Deniz Can K\u0131z\u0131l\" \/>\n\t<meta name=\"twitter:label2\" content=\"\u041f\u0440\u0438\u043c\u0435\u0440\u043d\u043e\u0435 \u0432\u0440\u0435\u043c\u044f \u0434\u043b\u044f \u0447\u0442\u0435\u043d\u0438\u044f\" \/>\n\t<meta name=\"twitter:data2\" content=\"9 \u043c\u0438\u043d\u0443\u0442\" \/>\n<script type=\"application\/ld+json\" class=\"yoast-schema-graph\">{\"@context\":\"https:\/\/schema.org\",\"@graph\":[{\"@type\":\"Article\",\"@id\":\"http:\/\/denizcankizil.tr\/ru\/koseyazilari\/degerlendirme\/mukerrir-sucluluk-olgusu-nedenleri-ve-sonuclari\/#article\",\"isPartOf\":{\"@id\":\"http:\/\/denizcankizil.tr\/ru\/koseyazilari\/degerlendirme\/mukerrir-sucluluk-olgusu-nedenleri-ve-sonuclari\/\"},\"author\":{\"name\":\"Av. Deniz Can K\u0131z\u0131l\",\"@id\":\"https:\/\/denizcankizil.tr\/#\/schema\/person\/5dc1b22991bd7ac833867c10afc9b0ff\"},\"headline\":\"M\u00fckerrir Su\u00e7luluk Olgusu: Nedenleri ve Sonu\u00e7lar\u0131\",\"datePublished\":\"2025-04-01T12:24:24+00:00\",\"mainEntityOfPage\":{\"@id\":\"http:\/\/denizcankizil.tr\/ru\/koseyazilari\/degerlendirme\/mukerrir-sucluluk-olgusu-nedenleri-ve-sonuclari\/\"},\"wordCount\":1812,\"commentCount\":0,\"publisher\":{\"@id\":\"https:\/\/denizcankizil.tr\/#organization\"},\"image\":{\"@id\":\"http:\/\/denizcankizil.tr\/ru\/koseyazilari\/degerlendirme\/mukerrir-sucluluk-olgusu-nedenleri-ve-sonuclari\/#primaryimage\"},\"thumbnailUrl\":\"https:\/\/denizcankizil.tr\/wp-content\/uploads\/2024\/10\/ii_200.jpg\",\"articleSection\":[\"De\u011ferlendirme\"],\"inLanguage\":\"ru-RU\",\"potentialAction\":[{\"@type\":\"CommentAction\",\"name\":\"Comment\",\"target\":[\"http:\/\/denizcankizil.tr\/ru\/koseyazilari\/degerlendirme\/mukerrir-sucluluk-olgusu-nedenleri-ve-sonuclari\/#respond\"]}]},{\"@type\":\"WebPage\",\"@id\":\"http:\/\/denizcankizil.tr\/ru\/koseyazilari\/degerlendirme\/mukerrir-sucluluk-olgusu-nedenleri-ve-sonuclari\/\",\"url\":\"http:\/\/denizcankizil.tr\/ru\/koseyazilari\/degerlendirme\/mukerrir-sucluluk-olgusu-nedenleri-ve-sonuclari\/\",\"name\":\"M\u00fckerrir Su\u00e7luluk Olgusu: Nedenleri ve Sonu\u00e7lar\u0131 - Av. Deniz Can K\u0131z\u0131l\",\"isPartOf\":{\"@id\":\"https:\/\/denizcankizil.tr\/#website\"},\"primaryImageOfPage\":{\"@id\":\"http:\/\/denizcankizil.tr\/ru\/koseyazilari\/degerlendirme\/mukerrir-sucluluk-olgusu-nedenleri-ve-sonuclari\/#primaryimage\"},\"image\":{\"@id\":\"http:\/\/denizcankizil.tr\/ru\/koseyazilari\/degerlendirme\/mukerrir-sucluluk-olgusu-nedenleri-ve-sonuclari\/#primaryimage\"},\"thumbnailUrl\":\"https:\/\/denizcankizil.tr\/wp-content\/uploads\/2024\/10\/ii_200.jpg\",\"datePublished\":\"2025-04-01T12:24:24+00:00\",\"breadcrumb\":{\"@id\":\"http:\/\/denizcankizil.tr\/ru\/koseyazilari\/degerlendirme\/mukerrir-sucluluk-olgusu-nedenleri-ve-sonuclari\/#breadcrumb\"},\"inLanguage\":\"ru-RU\",\"potentialAction\":[{\"@type\":\"ReadAction\",\"target\":[\"http:\/\/denizcankizil.tr\/ru\/koseyazilari\/degerlendirme\/mukerrir-sucluluk-olgusu-nedenleri-ve-sonuclari\/\"]}]},{\"@type\":\"ImageObject\",\"inLanguage\":\"ru-RU\",\"@id\":\"http:\/\/denizcankizil.tr\/ru\/koseyazilari\/degerlendirme\/mukerrir-sucluluk-olgusu-nedenleri-ve-sonuclari\/#primaryimage\",\"url\":\"https:\/\/denizcankizil.tr\/wp-content\/uploads\/2024\/10\/ii_200.jpg\",\"contentUrl\":\"https:\/\/denizcankizil.tr\/wp-content\/uploads\/2024\/10\/ii_200.jpg\"},{\"@type\":\"BreadcrumbList\",\"@id\":\"http:\/\/denizcankizil.tr\/ru\/koseyazilari\/degerlendirme\/mukerrir-sucluluk-olgusu-nedenleri-ve-sonuclari\/#breadcrumb\",\"itemListElement\":[{\"@type\":\"ListItem\",\"position\":1,\"name\":\"Home\",\"item\":\"https:\/\/denizcankizil.tr\/de\/\"},{\"@type\":\"ListItem\",\"position\":2,\"name\":\"M\u00fckerrir Su\u00e7luluk Olgusu: Nedenleri ve Sonu\u00e7lar\u0131\"}]},{\"@type\":\"WebSite\",\"@id\":\"https:\/\/denizcankizil.tr\/#website\",\"url\":\"https:\/\/denizcankizil.tr\/\",\"name\":\"Av. Deniz Can K\u0131z\u0131l\",\"description\":\"Avukat Deniz Can K\u0131z\u0131l Antalya Barosu\",\"publisher\":{\"@id\":\"https:\/\/denizcankizil.tr\/#organization\"},\"potentialAction\":[{\"@type\":\"SearchAction\",\"target\":{\"@type\":\"EntryPoint\",\"urlTemplate\":\"https:\/\/denizcankizil.tr\/?s={search_term_string}\"},\"query-input\":{\"@type\":\"PropertyValueSpecification\",\"valueRequired\":true,\"valueName\":\"search_term_string\"}}],\"inLanguage\":\"ru-RU\"},{\"@type\":\"Organization\",\"@id\":\"https:\/\/denizcankizil.tr\/#organization\",\"name\":\"Av. Deniz Can K\u0131z\u0131l\",\"url\":\"https:\/\/denizcankizil.tr\/\",\"logo\":{\"@type\":\"ImageObject\",\"inLanguage\":\"ru-RU\",\"@id\":\"https:\/\/denizcankizil.tr\/#\/schema\/logo\/image\/\",\"url\":\"http:\/\/denizcankizil.tr\/wp-content\/uploads\/2024\/10\/siyah-logo-svg.svg\",\"contentUrl\":\"http:\/\/denizcankizil.tr\/wp-content\/uploads\/2024\/10\/siyah-logo-svg.svg\",\"width\":1080,\"height\":1080,\"caption\":\"Av. Deniz Can K\u0131z\u0131l\"},\"image\":{\"@id\":\"https:\/\/denizcankizil.tr\/#\/schema\/logo\/image\/\"}},{\"@type\":\"Person\",\"@id\":\"https:\/\/denizcankizil.tr\/#\/schema\/person\/5dc1b22991bd7ac833867c10afc9b0ff\",\"name\":\"Av. Deniz Can K\u0131z\u0131l\",\"image\":{\"@type\":\"ImageObject\",\"inLanguage\":\"ru-RU\",\"@id\":\"https:\/\/denizcankizil.tr\/#\/schema\/person\/image\/\",\"url\":\"https:\/\/secure.gravatar.com\/avatar\/a0b128fb9855c79efc976d5640eedb31dc35ec297594d6016d2cf7c60e975bb6?s=96&d=mm&r=g\",\"contentUrl\":\"https:\/\/secure.gravatar.com\/avatar\/a0b128fb9855c79efc976d5640eedb31dc35ec297594d6016d2cf7c60e975bb6?s=96&d=mm&r=g\",\"caption\":\"Av. Deniz Can K\u0131z\u0131l\"},\"sameAs\":[\"http:\/\/www.denizcankizil.tr\"],\"url\":\"http:\/\/denizcankizil.tr\/ru\/author\/denizcankizil\/\"}]}<\/script>\n<!-- \/ Yoast SEO Premium plugin. -->","yoast_head_json":{"title":"M\u00fckerrir Su\u00e7luluk Olgusu: Nedenleri ve Sonu\u00e7lar\u0131 - Av. Deniz Can K\u0131z\u0131l","robots":{"index":"index","follow":"follow","max-snippet":"max-snippet:-1","max-image-preview":"max-image-preview:large","max-video-preview":"max-video-preview:-1"},"canonical":"http:\/\/denizcankizil.tr\/ru\/koseyazilari\/degerlendirme\/mukerrir-sucluluk-olgusu-nedenleri-ve-sonuclari\/","og_locale":"ru_RU","og_type":"article","og_title":"M\u00fckerrir Su\u00e7luluk Olgusu: Nedenleri ve Sonu\u00e7lar\u0131","og_description":"M\u00fckerrir su\u00e7luluk olgusu, bireylerin tekrar eden su\u00e7 davran\u0131\u015flar\u0131n\u0131 ifade eder. Bu durumun nedenleri aras\u0131nda sosyal, ekonomik ve psikolojik fakt\u00f6rler yer al\u0131rken, sonu\u00e7lar\u0131 ise toplumda g\u00fcvenlik kayb\u0131 ve ceza adalet sisteminin y\u00fcklenmesi \u015feklinde ortaya \u00e7\u0131kar.","og_url":"http:\/\/denizcankizil.tr\/ru\/koseyazilari\/degerlendirme\/mukerrir-sucluluk-olgusu-nedenleri-ve-sonuclari\/","og_site_name":"Av. Deniz Can K\u0131z\u0131l","article_published_time":"2025-04-01T12:24:24+00:00","og_image":[{"url":"https:\/\/denizcankizil.tr\/wp-content\/uploads\/2024\/10\/ii_200.jpg","type":"","width":"","height":""}],"author":"Av. Deniz Can K\u0131z\u0131l","twitter_card":"summary_large_image","twitter_misc":{"\u041d\u0430\u043f\u0438\u0441\u0430\u043d\u043e \u0430\u0432\u0442\u043e\u0440\u043e\u043c":"Av. Deniz Can K\u0131z\u0131l","\u041f\u0440\u0438\u043c\u0435\u0440\u043d\u043e\u0435 \u0432\u0440\u0435\u043c\u044f \u0434\u043b\u044f \u0447\u0442\u0435\u043d\u0438\u044f":"9 \u043c\u0438\u043d\u0443\u0442"},"schema":{"@context":"https:\/\/schema.org","@graph":[{"@type":"Article","@id":"http:\/\/denizcankizil.tr\/ru\/koseyazilari\/degerlendirme\/mukerrir-sucluluk-olgusu-nedenleri-ve-sonuclari\/#article","isPartOf":{"@id":"http:\/\/denizcankizil.tr\/ru\/koseyazilari\/degerlendirme\/mukerrir-sucluluk-olgusu-nedenleri-ve-sonuclari\/"},"author":{"name":"Av. Deniz Can K\u0131z\u0131l","@id":"https:\/\/denizcankizil.tr\/#\/schema\/person\/5dc1b22991bd7ac833867c10afc9b0ff"},"headline":"M\u00fckerrir Su\u00e7luluk Olgusu: Nedenleri ve Sonu\u00e7lar\u0131","datePublished":"2025-04-01T12:24:24+00:00","mainEntityOfPage":{"@id":"http:\/\/denizcankizil.tr\/ru\/koseyazilari\/degerlendirme\/mukerrir-sucluluk-olgusu-nedenleri-ve-sonuclari\/"},"wordCount":1812,"commentCount":0,"publisher":{"@id":"https:\/\/denizcankizil.tr\/#organization"},"image":{"@id":"http:\/\/denizcankizil.tr\/ru\/koseyazilari\/degerlendirme\/mukerrir-sucluluk-olgusu-nedenleri-ve-sonuclari\/#primaryimage"},"thumbnailUrl":"https:\/\/denizcankizil.tr\/wp-content\/uploads\/2024\/10\/ii_200.jpg","articleSection":["De\u011ferlendirme"],"inLanguage":"ru-RU","potentialAction":[{"@type":"CommentAction","name":"Comment","target":["http:\/\/denizcankizil.tr\/ru\/koseyazilari\/degerlendirme\/mukerrir-sucluluk-olgusu-nedenleri-ve-sonuclari\/#respond"]}]},{"@type":"WebPage","@id":"http:\/\/denizcankizil.tr\/ru\/koseyazilari\/degerlendirme\/mukerrir-sucluluk-olgusu-nedenleri-ve-sonuclari\/","url":"http:\/\/denizcankizil.tr\/ru\/koseyazilari\/degerlendirme\/mukerrir-sucluluk-olgusu-nedenleri-ve-sonuclari\/","name":"M\u00fckerrir Su\u00e7luluk Olgusu: Nedenleri ve Sonu\u00e7lar\u0131 - Av. Deniz Can K\u0131z\u0131l","isPartOf":{"@id":"https:\/\/denizcankizil.tr\/#website"},"primaryImageOfPage":{"@id":"http:\/\/denizcankizil.tr\/ru\/koseyazilari\/degerlendirme\/mukerrir-sucluluk-olgusu-nedenleri-ve-sonuclari\/#primaryimage"},"image":{"@id":"http:\/\/denizcankizil.tr\/ru\/koseyazilari\/degerlendirme\/mukerrir-sucluluk-olgusu-nedenleri-ve-sonuclari\/#primaryimage"},"thumbnailUrl":"https:\/\/denizcankizil.tr\/wp-content\/uploads\/2024\/10\/ii_200.jpg","datePublished":"2025-04-01T12:24:24+00:00","breadcrumb":{"@id":"http:\/\/denizcankizil.tr\/ru\/koseyazilari\/degerlendirme\/mukerrir-sucluluk-olgusu-nedenleri-ve-sonuclari\/#breadcrumb"},"inLanguage":"ru-RU","potentialAction":[{"@type":"ReadAction","target":["http:\/\/denizcankizil.tr\/ru\/koseyazilari\/degerlendirme\/mukerrir-sucluluk-olgusu-nedenleri-ve-sonuclari\/"]}]},{"@type":"ImageObject","inLanguage":"ru-RU","@id":"http:\/\/denizcankizil.tr\/ru\/koseyazilari\/degerlendirme\/mukerrir-sucluluk-olgusu-nedenleri-ve-sonuclari\/#primaryimage","url":"https:\/\/denizcankizil.tr\/wp-content\/uploads\/2024\/10\/ii_200.jpg","contentUrl":"https:\/\/denizcankizil.tr\/wp-content\/uploads\/2024\/10\/ii_200.jpg"},{"@type":"BreadcrumbList","@id":"http:\/\/denizcankizil.tr\/ru\/koseyazilari\/degerlendirme\/mukerrir-sucluluk-olgusu-nedenleri-ve-sonuclari\/#breadcrumb","itemListElement":[{"@type":"ListItem","position":1,"name":"Home","item":"https:\/\/denizcankizil.tr\/de\/"},{"@type":"ListItem","position":2,"name":"M\u00fckerrir Su\u00e7luluk Olgusu: Nedenleri ve Sonu\u00e7lar\u0131"}]},{"@type":"WebSite","@id":"https:\/\/denizcankizil.tr\/#website","url":"https:\/\/denizcankizil.tr\/","name":"Av. Deniz Can K\u0131z\u0131l","description":"Avukat Deniz Can K\u0131z\u0131l Antalya Barosu","publisher":{"@id":"https:\/\/denizcankizil.tr\/#organization"},"potentialAction":[{"@type":"SearchAction","target":{"@type":"EntryPoint","urlTemplate":"https:\/\/denizcankizil.tr\/?s={search_term_string}"},"query-input":{"@type":"PropertyValueSpecification","valueRequired":true,"valueName":"search_term_string"}}],"inLanguage":"ru-RU"},{"@type":"Organization","@id":"https:\/\/denizcankizil.tr\/#organization","name":"Av. Deniz Can K\u0131z\u0131l","url":"https:\/\/denizcankizil.tr\/","logo":{"@type":"ImageObject","inLanguage":"ru-RU","@id":"https:\/\/denizcankizil.tr\/#\/schema\/logo\/image\/","url":"http:\/\/denizcankizil.tr\/wp-content\/uploads\/2024\/10\/siyah-logo-svg.svg","contentUrl":"http:\/\/denizcankizil.tr\/wp-content\/uploads\/2024\/10\/siyah-logo-svg.svg","width":1080,"height":1080,"caption":"Av. Deniz Can K\u0131z\u0131l"},"image":{"@id":"https:\/\/denizcankizil.tr\/#\/schema\/logo\/image\/"}},{"@type":"Person","@id":"https:\/\/denizcankizil.tr\/#\/schema\/person\/5dc1b22991bd7ac833867c10afc9b0ff","name":"Av. Deniz Can K\u0131z\u0131l","image":{"@type":"ImageObject","inLanguage":"ru-RU","@id":"https:\/\/denizcankizil.tr\/#\/schema\/person\/image\/","url":"https:\/\/secure.gravatar.com\/avatar\/a0b128fb9855c79efc976d5640eedb31dc35ec297594d6016d2cf7c60e975bb6?s=96&d=mm&r=g","contentUrl":"https:\/\/secure.gravatar.com\/avatar\/a0b128fb9855c79efc976d5640eedb31dc35ec297594d6016d2cf7c60e975bb6?s=96&d=mm&r=g","caption":"Av. Deniz Can K\u0131z\u0131l"},"sameAs":["http:\/\/www.denizcankizil.tr"],"url":"http:\/\/denizcankizil.tr\/ru\/author\/denizcankizil\/"}]}},"_links":{"self":[{"href":"http:\/\/denizcankizil.tr\/ru\/wp-json\/wp\/v2\/posts\/42267","targetHints":{"allow":["GET"]}}],"collection":[{"href":"http:\/\/denizcankizil.tr\/ru\/wp-json\/wp\/v2\/posts"}],"about":[{"href":"http:\/\/denizcankizil.tr\/ru\/wp-json\/wp\/v2\/types\/post"}],"author":[{"embeddable":true,"href":"http:\/\/denizcankizil.tr\/ru\/wp-json\/wp\/v2\/users\/4"}],"replies":[{"embeddable":true,"href":"http:\/\/denizcankizil.tr\/ru\/wp-json\/wp\/v2\/comments?post=42267"}],"version-history":[{"count":0,"href":"http:\/\/denizcankizil.tr\/ru\/wp-json\/wp\/v2\/posts\/42267\/revisions"}],"wp:attachment":[{"href":"http:\/\/denizcankizil.tr\/ru\/wp-json\/wp\/v2\/media?parent=42267"}],"wp:term":[{"taxonomy":"category","embeddable":true,"href":"http:\/\/denizcankizil.tr\/ru\/wp-json\/wp\/v2\/categories?post=42267"},{"taxonomy":"post_tag","embeddable":true,"href":"http:\/\/denizcankizil.tr\/ru\/wp-json\/wp\/v2\/tags?post=42267"}],"curies":[{"name":"wp","href":"https:\/\/api.w.org\/{rel}","templated":true}]}}