{"id":42262,"date":"2025-04-01T14:42:13","date_gmt":"2025-04-01T11:42:13","guid":{"rendered":"https:\/\/denizcankizil.tr\/uncategorized-tr\/bakirkoyde-kroniklesmis-altyapi-sorunu-cozuldu\/"},"modified":"2025-04-01T14:42:13","modified_gmt":"2025-04-01T11:42:13","slug":"bakirkoyde-kroniklesmis-altyapi-sorunu-cozuldu","status":"publish","type":"post","link":"http:\/\/denizcankizil.tr\/ru\/haberler\/gundem\/bakirkoyde-kroniklesmis-altyapi-sorunu-cozuldu\/","title":{"rendered":"Bak\u0131rk\u00f6y\u2019de Kronikle\u015fmi\u015f Altyap\u0131 Sorunu \u00c7\u00f6z\u00fcld\u00fc!"},"content":{"rendered":"<p>Bak\u0131rk\u00f6y Belediye Ba\u015fkan\u0131 Do\u00e7. Dr. Ay\u015feg\u00fcl Oval\u0131o\u011flu\u2019nun hayata ge\u00e7irdi\u011fi mahalle bulu\u015fmalar\u0131, bir talebi daha kar\u015f\u0131lad\u0131. Bulu\u015fmada Cevizlik Mahallesi Hamdipa\u015fa Mektebi Sokak\u2019ta ya\u015fayan vatanda\u015flar\u0131n dile getirdi\u011fi kronikle\u015fmi\u015f at\u0131k su bask\u0131n\u0131 sorunu, \u0130stanbul Su ve Kanalizasyon \u0130daresi (\u0130SK\u0130) ve Bak\u0131rk\u00f6y Belediyesi Fen \u0130\u015fleri M\u00fcd\u00fcrl\u00fc\u011f\u00fc\u2019n\u00fcn ortak \u00e7al\u0131\u015fmas\u0131 sonucunda \u00e7\u00f6z\u00fcme kavu\u015ftu.<\/p>\n<p>\u200bBak\u0131rk\u00f6y Belediye Ba\u015fkan\u0131 Do\u00e7. Dr. Ay\u015feg\u00fcl Oval\u0131o\u011flu\u2019nun hayata ge\u00e7irdi\u011fi mahalle bulu\u015fmalar\u0131, bir talebi daha kar\u015f\u0131lad\u0131. Bulu\u015fmada Cevizlik Mahallesi Hamdipa\u015fa Mektebi Sokak\u2019ta ya\u015fayan vatanda\u015flar\u0131n dile getirdi\u011fi kronikle\u015fmi\u015f at\u0131k su bask\u0131n\u0131 sorunu, \u0130stanbul Su ve Kanalizasyon \u0130daresi (\u0130SK\u0130) ve Bak\u0131rk\u00f6y Belediyesi Fen \u0130\u015fleri M\u00fcd\u00fcrl\u00fc\u011f\u00fc\u2019n\u00fcn ortak \u00e7al\u0131\u015fmas\u0131 sonucunda \u00e7\u00f6z\u00fcme kavu\u015ftu.\u00a0<\/p>\n<p>\u200bHaberin Al\u0131nt\u0131land\u0131\u011f\u0131 Kaynak: www.iskenderun.org<\/p>","protected":false},"excerpt":{"rendered":"<p>Bak\u0131rk\u00f6y Belediye Ba\u015fkan\u0131 Do\u00e7. Dr. Ay\u015feg\u00fcl Oval\u0131o\u011flu\u2019nun hayata ge\u00e7irdi\u011fi mahalle bulu\u015fmalar\u0131, bir talebi daha kar\u015f\u0131lad\u0131. Bulu\u015fmada Cevizlik Mahallesi Hamdipa\u015fa Mektebi Sokak\u2019ta ya\u015fayan vatanda\u015flar\u0131n dile getirdi\u011fi kronikle\u015fmi\u015f at\u0131k su bask\u0131n\u0131 sorunu, \u0130stanbul Su ve Kanalizasyon \u0130daresi (\u0130SK\u0130) ve Bak\u0131rk\u00f6y Belediyesi Fen \u0130\u015fleri M\u00fcd\u00fcrl\u00fc\u011f\u00fc\u2019n\u00fcn ortak \u00e7al\u0131\u015fmas\u0131 sonucunda \u00e7\u00f6z\u00fcme kavu\u015ftu. \u200bBak\u0131rk\u00f6y Belediye Ba\u015fkan\u0131 Do\u00e7. Dr. Ay\u015feg\u00fcl Oval\u0131o\u011flu\u2019nun hayata ge\u00e7irdi\u011fi mahalle bulu\u015fmalar\u0131, bir talebi daha kar\u015f\u0131lad\u0131. Bulu\u015fmada Cevizlik Mahallesi Hamdipa\u015fa Mektebi Sokak\u2019ta ya\u015fayan vatanda\u015flar\u0131n dile getirdi\u011fi kronikle\u015fmi\u015f at\u0131k su bask\u0131n\u0131 sorunu, \u0130stanbul Su ve Kanalizasyon \u0130daresi (\u0130SK\u0130) ve Bak\u0131rk\u00f6y Belediyesi Fen \u0130\u015fleri M\u00fcd\u00fcrl\u00fc\u011f\u00fc\u2019n\u00fcn ortak \u00e7al\u0131\u015fmas\u0131 sonucunda \u00e7\u00f6z\u00fcme kavu\u015ftu.\u00a0 \u200bHaberin Al\u0131nt\u0131land\u0131\u011f\u0131 Kaynak: www.iskenderun.org<\/p>","protected":false},"author":1,"featured_media":0,"comment_status":"","ping_status":"open","sticky":false,"template":"","format":"standard","meta":{"_acf_changed":false,"footnotes":""},"categories":[24],"tags":[],"class_list":["post-42262","post","type-post","status-publish","format-standard","has-post-thumbnail","hentry","category-gundem"],"acf":[],"yoast_head":"<!-- This site is optimized with the Yoast SEO Premium plugin v26.6 (Yoast SEO v27.1.1) - https:\/\/yoast.com\/product\/yoast-seo-premium-wordpress\/ -->\n<title>Bak\u0131rk\u00f6y\u2019de Kronikle\u015fmi\u015f Altyap\u0131 Sorunu \u00c7\u00f6z\u00fcld\u00fc! - Av. Deniz Can K\u0131z\u0131l<\/title>\n<meta name=\"robots\" content=\"index, follow, max-snippet:-1, max-image-preview:large, max-video-preview:-1\" \/>\n<link rel=\"canonical\" href=\"http:\/\/denizcankizil.tr\/ru\/haberler\/gundem\/bakirkoyde-kroniklesmis-altyapi-sorunu-cozuldu\/\" \/>\n<meta property=\"og:locale\" content=\"ru_RU\" \/>\n<meta property=\"og:type\" content=\"article\" \/>\n<meta property=\"og:title\" content=\"Bak\u0131rk\u00f6y\u2019de Kronikle\u015fmi\u015f Altyap\u0131 Sorunu \u00c7\u00f6z\u00fcld\u00fc!\" \/>\n<meta property=\"og:description\" content=\"Bak\u0131rk\u00f6y Belediye Ba\u015fkan\u0131 Do\u00e7. Dr. Ay\u015feg\u00fcl Oval\u0131o\u011flu\u2019nun hayata ge\u00e7irdi\u011fi mahalle bulu\u015fmalar\u0131, bir talebi daha kar\u015f\u0131lad\u0131. Bulu\u015fmada Cevizlik Mahallesi Hamdipa\u015fa Mektebi Sokak\u2019ta ya\u015fayan vatanda\u015flar\u0131n dile getirdi\u011fi kronikle\u015fmi\u015f at\u0131k su bask\u0131n\u0131 sorunu, \u0130stanbul Su ve Kanalizasyon \u0130daresi (\u0130SK\u0130) ve Bak\u0131rk\u00f6y Belediyesi Fen \u0130\u015fleri M\u00fcd\u00fcrl\u00fc\u011f\u00fc\u2019n\u00fcn ortak \u00e7al\u0131\u015fmas\u0131 sonucunda \u00e7\u00f6z\u00fcme kavu\u015ftu. \u200bBak\u0131rk\u00f6y Belediye Ba\u015fkan\u0131 Do\u00e7. Dr. Ay\u015feg\u00fcl Oval\u0131o\u011flu\u2019nun hayata ge\u00e7irdi\u011fi mahalle bulu\u015fmalar\u0131, bir talebi daha kar\u015f\u0131lad\u0131. Bulu\u015fmada Cevizlik Mahallesi Hamdipa\u015fa Mektebi Sokak\u2019ta ya\u015fayan vatanda\u015flar\u0131n dile getirdi\u011fi kronikle\u015fmi\u015f at\u0131k su bask\u0131n\u0131 sorunu, \u0130stanbul Su ve Kanalizasyon \u0130daresi (\u0130SK\u0130) ve Bak\u0131rk\u00f6y Belediyesi Fen \u0130\u015fleri M\u00fcd\u00fcrl\u00fc\u011f\u00fc\u2019n\u00fcn ortak \u00e7al\u0131\u015fmas\u0131 sonucunda \u00e7\u00f6z\u00fcme kavu\u015ftu.\u00a0 \u200bHaberin Al\u0131nt\u0131land\u0131\u011f\u0131 Kaynak: www.iskenderun.org\" \/>\n<meta property=\"og:url\" content=\"http:\/\/denizcankizil.tr\/ru\/haberler\/gundem\/bakirkoyde-kroniklesmis-altyapi-sorunu-cozuldu\/\" \/>\n<meta property=\"og:site_name\" content=\"Av. Deniz Can K\u0131z\u0131l\" \/>\n<meta property=\"article:published_time\" content=\"2025-04-01T11:42:13+00:00\" \/>\n<meta name=\"author\" content=\"admin\" \/>\n<meta name=\"twitter:card\" content=\"summary_large_image\" \/>\n<meta name=\"twitter:label1\" content=\"\u041d\u0430\u043f\u0438\u0441\u0430\u043d\u043e \u0430\u0432\u0442\u043e\u0440\u043e\u043c\" \/>\n\t<meta name=\"twitter:data1\" content=\"admin\" \/>\n\t<meta name=\"twitter:label2\" content=\"\u041f\u0440\u0438\u043c\u0435\u0440\u043d\u043e\u0435 \u0432\u0440\u0435\u043c\u044f \u0434\u043b\u044f \u0447\u0442\u0435\u043d\u0438\u044f\" \/>\n\t<meta name=\"twitter:data2\" content=\"1 \u043c\u0438\u043d\u0443\u0442\u0430\" \/>\n<script type=\"application\/ld+json\" class=\"yoast-schema-graph\">{\"@context\":\"https:\/\/schema.org\",\"@graph\":[{\"@type\":\"Article\",\"@id\":\"http:\/\/denizcankizil.tr\/ru\/haberler\/gundem\/bakirkoyde-kroniklesmis-altyapi-sorunu-cozuldu\/#article\",\"isPartOf\":{\"@id\":\"http:\/\/denizcankizil.tr\/ru\/haberler\/gundem\/bakirkoyde-kroniklesmis-altyapi-sorunu-cozuldu\/\"},\"author\":{\"name\":\"admin\",\"@id\":\"https:\/\/denizcankizil.tr\/#\/schema\/person\/be3c05fe6a12686905512445d8185489\"},\"headline\":\"Bak\u0131rk\u00f6y\u2019de Kronikle\u015fmi\u015f Altyap\u0131 Sorunu \u00c7\u00f6z\u00fcld\u00fc!\",\"datePublished\":\"2025-04-01T11:42:13+00:00\",\"mainEntityOfPage\":{\"@id\":\"http:\/\/denizcankizil.tr\/ru\/haberler\/gundem\/bakirkoyde-kroniklesmis-altyapi-sorunu-cozuldu\/\"},\"wordCount\":174,\"publisher\":{\"@id\":\"https:\/\/denizcankizil.tr\/#organization\"},\"articleSection\":[\"G\u00fcndem\"],\"inLanguage\":\"ru-RU\"},{\"@type\":\"WebPage\",\"@id\":\"http:\/\/denizcankizil.tr\/ru\/haberler\/gundem\/bakirkoyde-kroniklesmis-altyapi-sorunu-cozuldu\/\",\"url\":\"http:\/\/denizcankizil.tr\/ru\/haberler\/gundem\/bakirkoyde-kroniklesmis-altyapi-sorunu-cozuldu\/\",\"name\":\"Bak\u0131rk\u00f6y\u2019de Kronikle\u015fmi\u015f Altyap\u0131 Sorunu \u00c7\u00f6z\u00fcld\u00fc! - Av. Deniz Can K\u0131z\u0131l\",\"isPartOf\":{\"@id\":\"https:\/\/denizcankizil.tr\/#website\"},\"datePublished\":\"2025-04-01T11:42:13+00:00\",\"breadcrumb\":{\"@id\":\"http:\/\/denizcankizil.tr\/ru\/haberler\/gundem\/bakirkoyde-kroniklesmis-altyapi-sorunu-cozuldu\/#breadcrumb\"},\"inLanguage\":\"ru-RU\",\"potentialAction\":[{\"@type\":\"ReadAction\",\"target\":[\"http:\/\/denizcankizil.tr\/ru\/haberler\/gundem\/bakirkoyde-kroniklesmis-altyapi-sorunu-cozuldu\/\"]}]},{\"@type\":\"BreadcrumbList\",\"@id\":\"http:\/\/denizcankizil.tr\/ru\/haberler\/gundem\/bakirkoyde-kroniklesmis-altyapi-sorunu-cozuldu\/#breadcrumb\",\"itemListElement\":[{\"@type\":\"ListItem\",\"position\":1,\"name\":\"Home\",\"item\":\"https:\/\/denizcankizil.tr\/de\/\"},{\"@type\":\"ListItem\",\"position\":2,\"name\":\"Bak\u0131rk\u00f6y\u2019de Kronikle\u015fmi\u015f Altyap\u0131 Sorunu \u00c7\u00f6z\u00fcld\u00fc!\"}]},{\"@type\":\"WebSite\",\"@id\":\"https:\/\/denizcankizil.tr\/#website\",\"url\":\"https:\/\/denizcankizil.tr\/\",\"name\":\"Av. Deniz Can K\u0131z\u0131l\",\"description\":\"Avukat Deniz Can K\u0131z\u0131l Antalya Barosu\",\"publisher\":{\"@id\":\"https:\/\/denizcankizil.tr\/#organization\"},\"potentialAction\":[{\"@type\":\"SearchAction\",\"target\":{\"@type\":\"EntryPoint\",\"urlTemplate\":\"https:\/\/denizcankizil.tr\/?s={search_term_string}\"},\"query-input\":{\"@type\":\"PropertyValueSpecification\",\"valueRequired\":true,\"valueName\":\"search_term_string\"}}],\"inLanguage\":\"ru-RU\"},{\"@type\":\"Organization\",\"@id\":\"https:\/\/denizcankizil.tr\/#organization\",\"name\":\"Av. Deniz Can K\u0131z\u0131l\",\"url\":\"https:\/\/denizcankizil.tr\/\",\"logo\":{\"@type\":\"ImageObject\",\"inLanguage\":\"ru-RU\",\"@id\":\"https:\/\/denizcankizil.tr\/#\/schema\/logo\/image\/\",\"url\":\"http:\/\/denizcankizil.tr\/wp-content\/uploads\/2024\/10\/siyah-logo-svg.svg\",\"contentUrl\":\"http:\/\/denizcankizil.tr\/wp-content\/uploads\/2024\/10\/siyah-logo-svg.svg\",\"width\":1080,\"height\":1080,\"caption\":\"Av. Deniz Can K\u0131z\u0131l\"},\"image\":{\"@id\":\"https:\/\/denizcankizil.tr\/#\/schema\/logo\/image\/\"}},{\"@type\":\"Person\",\"@id\":\"https:\/\/denizcankizil.tr\/#\/schema\/person\/be3c05fe6a12686905512445d8185489\",\"name\":\"admin\",\"image\":{\"@type\":\"ImageObject\",\"inLanguage\":\"ru-RU\",\"@id\":\"https:\/\/denizcankizil.tr\/#\/schema\/person\/image\/\",\"url\":\"https:\/\/secure.gravatar.com\/avatar\/c1fce94c830dc79107e174f890d7210541c4a63e8e5d816341794a2151c9d58c?s=96&d=mm&r=g\",\"contentUrl\":\"https:\/\/secure.gravatar.com\/avatar\/c1fce94c830dc79107e174f890d7210541c4a63e8e5d816341794a2151c9d58c?s=96&d=mm&r=g\",\"caption\":\"admin\"},\"sameAs\":[\"http:\/\/denizcankizil.tr\"],\"url\":\"https:\/\/www.iskenderun.org\/bakirkoyde-kroniklesmis-altyapi-sorunu-cozuldu\"}]}<\/script>\n<!-- \/ Yoast SEO Premium plugin. -->","yoast_head_json":{"title":"Bak\u0131rk\u00f6y\u2019de Kronikle\u015fmi\u015f Altyap\u0131 Sorunu \u00c7\u00f6z\u00fcld\u00fc! - Av. Deniz Can K\u0131z\u0131l","robots":{"index":"index","follow":"follow","max-snippet":"max-snippet:-1","max-image-preview":"max-image-preview:large","max-video-preview":"max-video-preview:-1"},"canonical":"http:\/\/denizcankizil.tr\/ru\/haberler\/gundem\/bakirkoyde-kroniklesmis-altyapi-sorunu-cozuldu\/","og_locale":"ru_RU","og_type":"article","og_title":"Bak\u0131rk\u00f6y\u2019de Kronikle\u015fmi\u015f Altyap\u0131 Sorunu \u00c7\u00f6z\u00fcld\u00fc!","og_description":"Bak\u0131rk\u00f6y Belediye Ba\u015fkan\u0131 Do\u00e7. Dr. Ay\u015feg\u00fcl Oval\u0131o\u011flu\u2019nun hayata ge\u00e7irdi\u011fi mahalle bulu\u015fmalar\u0131, bir talebi daha kar\u015f\u0131lad\u0131. Bulu\u015fmada Cevizlik Mahallesi Hamdipa\u015fa Mektebi Sokak\u2019ta ya\u015fayan vatanda\u015flar\u0131n dile getirdi\u011fi kronikle\u015fmi\u015f at\u0131k su bask\u0131n\u0131 sorunu, \u0130stanbul Su ve Kanalizasyon \u0130daresi (\u0130SK\u0130) ve Bak\u0131rk\u00f6y Belediyesi Fen \u0130\u015fleri M\u00fcd\u00fcrl\u00fc\u011f\u00fc\u2019n\u00fcn ortak \u00e7al\u0131\u015fmas\u0131 sonucunda \u00e7\u00f6z\u00fcme kavu\u015ftu. \u200bBak\u0131rk\u00f6y Belediye Ba\u015fkan\u0131 Do\u00e7. Dr. Ay\u015feg\u00fcl Oval\u0131o\u011flu\u2019nun hayata ge\u00e7irdi\u011fi mahalle bulu\u015fmalar\u0131, bir talebi daha kar\u015f\u0131lad\u0131. Bulu\u015fmada Cevizlik Mahallesi Hamdipa\u015fa Mektebi Sokak\u2019ta ya\u015fayan vatanda\u015flar\u0131n dile getirdi\u011fi kronikle\u015fmi\u015f at\u0131k su bask\u0131n\u0131 sorunu, \u0130stanbul Su ve Kanalizasyon \u0130daresi (\u0130SK\u0130) ve Bak\u0131rk\u00f6y Belediyesi Fen \u0130\u015fleri M\u00fcd\u00fcrl\u00fc\u011f\u00fc\u2019n\u00fcn ortak \u00e7al\u0131\u015fmas\u0131 sonucunda \u00e7\u00f6z\u00fcme kavu\u015ftu.\u00a0 \u200bHaberin Al\u0131nt\u0131land\u0131\u011f\u0131 Kaynak: www.iskenderun.org","og_url":"http:\/\/denizcankizil.tr\/ru\/haberler\/gundem\/bakirkoyde-kroniklesmis-altyapi-sorunu-cozuldu\/","og_site_name":"Av. Deniz Can K\u0131z\u0131l","article_published_time":"2025-04-01T11:42:13+00:00","author":"admin","twitter_card":"summary_large_image","twitter_misc":{"\u041d\u0430\u043f\u0438\u0441\u0430\u043d\u043e \u0430\u0432\u0442\u043e\u0440\u043e\u043c":"admin","\u041f\u0440\u0438\u043c\u0435\u0440\u043d\u043e\u0435 \u0432\u0440\u0435\u043c\u044f \u0434\u043b\u044f \u0447\u0442\u0435\u043d\u0438\u044f":"1 \u043c\u0438\u043d\u0443\u0442\u0430"},"schema":{"@context":"https:\/\/schema.org","@graph":[{"@type":"Article","@id":"http:\/\/denizcankizil.tr\/ru\/haberler\/gundem\/bakirkoyde-kroniklesmis-altyapi-sorunu-cozuldu\/#article","isPartOf":{"@id":"http:\/\/denizcankizil.tr\/ru\/haberler\/gundem\/bakirkoyde-kroniklesmis-altyapi-sorunu-cozuldu\/"},"author":{"name":"admin","@id":"https:\/\/denizcankizil.tr\/#\/schema\/person\/be3c05fe6a12686905512445d8185489"},"headline":"Bak\u0131rk\u00f6y\u2019de Kronikle\u015fmi\u015f Altyap\u0131 Sorunu \u00c7\u00f6z\u00fcld\u00fc!","datePublished":"2025-04-01T11:42:13+00:00","mainEntityOfPage":{"@id":"http:\/\/denizcankizil.tr\/ru\/haberler\/gundem\/bakirkoyde-kroniklesmis-altyapi-sorunu-cozuldu\/"},"wordCount":174,"publisher":{"@id":"https:\/\/denizcankizil.tr\/#organization"},"articleSection":["G\u00fcndem"],"inLanguage":"ru-RU"},{"@type":"WebPage","@id":"http:\/\/denizcankizil.tr\/ru\/haberler\/gundem\/bakirkoyde-kroniklesmis-altyapi-sorunu-cozuldu\/","url":"http:\/\/denizcankizil.tr\/ru\/haberler\/gundem\/bakirkoyde-kroniklesmis-altyapi-sorunu-cozuldu\/","name":"Bak\u0131rk\u00f6y\u2019de Kronikle\u015fmi\u015f Altyap\u0131 Sorunu \u00c7\u00f6z\u00fcld\u00fc! - Av. Deniz Can K\u0131z\u0131l","isPartOf":{"@id":"https:\/\/denizcankizil.tr\/#website"},"datePublished":"2025-04-01T11:42:13+00:00","breadcrumb":{"@id":"http:\/\/denizcankizil.tr\/ru\/haberler\/gundem\/bakirkoyde-kroniklesmis-altyapi-sorunu-cozuldu\/#breadcrumb"},"inLanguage":"ru-RU","potentialAction":[{"@type":"ReadAction","target":["http:\/\/denizcankizil.tr\/ru\/haberler\/gundem\/bakirkoyde-kroniklesmis-altyapi-sorunu-cozuldu\/"]}]},{"@type":"BreadcrumbList","@id":"http:\/\/denizcankizil.tr\/ru\/haberler\/gundem\/bakirkoyde-kroniklesmis-altyapi-sorunu-cozuldu\/#breadcrumb","itemListElement":[{"@type":"ListItem","position":1,"name":"Home","item":"https:\/\/denizcankizil.tr\/de\/"},{"@type":"ListItem","position":2,"name":"Bak\u0131rk\u00f6y\u2019de Kronikle\u015fmi\u015f Altyap\u0131 Sorunu \u00c7\u00f6z\u00fcld\u00fc!"}]},{"@type":"WebSite","@id":"https:\/\/denizcankizil.tr\/#website","url":"https:\/\/denizcankizil.tr\/","name":"Av. Deniz Can K\u0131z\u0131l","description":"Avukat Deniz Can K\u0131z\u0131l Antalya Barosu","publisher":{"@id":"https:\/\/denizcankizil.tr\/#organization"},"potentialAction":[{"@type":"SearchAction","target":{"@type":"EntryPoint","urlTemplate":"https:\/\/denizcankizil.tr\/?s={search_term_string}"},"query-input":{"@type":"PropertyValueSpecification","valueRequired":true,"valueName":"search_term_string"}}],"inLanguage":"ru-RU"},{"@type":"Organization","@id":"https:\/\/denizcankizil.tr\/#organization","name":"Av. Deniz Can K\u0131z\u0131l","url":"https:\/\/denizcankizil.tr\/","logo":{"@type":"ImageObject","inLanguage":"ru-RU","@id":"https:\/\/denizcankizil.tr\/#\/schema\/logo\/image\/","url":"http:\/\/denizcankizil.tr\/wp-content\/uploads\/2024\/10\/siyah-logo-svg.svg","contentUrl":"http:\/\/denizcankizil.tr\/wp-content\/uploads\/2024\/10\/siyah-logo-svg.svg","width":1080,"height":1080,"caption":"Av. Deniz Can K\u0131z\u0131l"},"image":{"@id":"https:\/\/denizcankizil.tr\/#\/schema\/logo\/image\/"}},{"@type":"Person","@id":"https:\/\/denizcankizil.tr\/#\/schema\/person\/be3c05fe6a12686905512445d8185489","name":"\u0430\u0434\u043c\u0438\u043d","image":{"@type":"ImageObject","inLanguage":"ru-RU","@id":"https:\/\/denizcankizil.tr\/#\/schema\/person\/image\/","url":"https:\/\/secure.gravatar.com\/avatar\/c1fce94c830dc79107e174f890d7210541c4a63e8e5d816341794a2151c9d58c?s=96&d=mm&r=g","contentUrl":"https:\/\/secure.gravatar.com\/avatar\/c1fce94c830dc79107e174f890d7210541c4a63e8e5d816341794a2151c9d58c?s=96&d=mm&r=g","caption":"admin"},"sameAs":["http:\/\/denizcankizil.tr"],"url":"https:\/\/www.iskenderun.org\/bakirkoyde-kroniklesmis-altyapi-sorunu-cozuldu"}]}},"_links":{"self":[{"href":"http:\/\/denizcankizil.tr\/ru\/wp-json\/wp\/v2\/posts\/42262","targetHints":{"allow":["GET"]}}],"collection":[{"href":"http:\/\/denizcankizil.tr\/ru\/wp-json\/wp\/v2\/posts"}],"about":[{"href":"http:\/\/denizcankizil.tr\/ru\/wp-json\/wp\/v2\/types\/post"}],"author":[{"embeddable":true,"href":"http:\/\/denizcankizil.tr\/ru\/wp-json\/wp\/v2\/users\/1"}],"replies":[{"embeddable":true,"href":"http:\/\/denizcankizil.tr\/ru\/wp-json\/wp\/v2\/comments?post=42262"}],"version-history":[{"count":0,"href":"http:\/\/denizcankizil.tr\/ru\/wp-json\/wp\/v2\/posts\/42262\/revisions"}],"wp:attachment":[{"href":"http:\/\/denizcankizil.tr\/ru\/wp-json\/wp\/v2\/media?parent=42262"}],"wp:term":[{"taxonomy":"category","embeddable":true,"href":"http:\/\/denizcankizil.tr\/ru\/wp-json\/wp\/v2\/categories?post=42262"},{"taxonomy":"post_tag","embeddable":true,"href":"http:\/\/denizcankizil.tr\/ru\/wp-json\/wp\/v2\/tags?post=42262"}],"curies":[{"name":"wp","href":"https:\/\/api.w.org\/{rel}","templated":true}]}}