{"id":4047,"date":"2024-10-18T14:18:03","date_gmt":"2024-10-18T11:18:03","guid":{"rendered":"https:\/\/denizcankizil.tr\/uncategorized-tr\/iskenderun-korfez-musiki-dernegi-sezona-basladi\/"},"modified":"2024-10-18T14:18:03","modified_gmt":"2024-10-18T11:18:03","slug":"iskenderun-korfez-musiki-dernegi-sezona-basladi","status":"publish","type":"post","link":"http:\/\/denizcankizil.tr\/ru\/haberler\/gundem\/iskenderun-korfez-musiki-dernegi-sezona-basladi\/","title":{"rendered":"\u0130skenderun K\u00f6rfez Musiki Derne\u011fi, sezona ba\u015flad\u0131&#8230;"},"content":{"rendered":"<p>Yeni sezonun \u2018hay\u0131rl\u0131 ve u\u011furlu olmas\u0131\u2019 dile\u011finde bulunan \u0130skenderun K\u00f6rfez Musiki Derne\u011fi Ba\u015fkan\u0131 B\u00fclent Keske, herkese sa\u011fl\u0131k ve huzurla Musikiyle u\u011fra\u015fmay\u0131 temenni etti.<\/p>\n<p>Ba\u015fkan Keske, m\u00fczik \u00e7al\u0131\u015fmalar\u0131 yapabilmeleri i\u00e7in Mavi Salonu tahsis etmesinden dolay\u0131 \u0130skenderun Ticaret ve Sanayi Odas\u0131 y\u00f6netimine te\u015fekk\u00fcr ederek eskiden oldu\u011fu gibi m\u00fczik icras\u0131yla, muhtelif konserlerle aktif bir dernek olmaya devam edeceklerini s\u00f6yledi.<\/p>\n<p>\u015eef Mustafa Duran da m\u00fczi\u011fe g\u00f6n\u00fcl vermi\u015f \u00fcyeleriyle birlikte yeni sezonda birbirinden de\u011ferli eserleri icra etmek \u00fczere \u00e7al\u0131\u015fmalara ba\u015flaman\u0131n mutlulu\u011funu ya\u015fad\u0131klar\u0131n\u0131 ifade etti.<\/p>\n<p>\u015eef Mustafa Duran \u00f6ndeli\u011finde, sahnedeki m\u00fczisyenler e\u015fli\u011finde, solistler Esen \u015eahin ve Tuncay Ata\u015f, bir birinden g\u00fczel eserleri seslendirdiler. Dernek \u00fcyeleri ve m\u00fczik severler de yeni sezonun ilk m\u00fczik icras\u0131ndan olduk\u00e7a memnun oldu ve keyifli bir ortamda \u00e7al\u0131\u015fmalara ba\u015flad\u0131lar.<\/p>\n<p>\u200b\u0130skenderun K\u00f6rfez Musiki Derne\u011fi, yeni sezonda \u00fcyeleri ve m\u00fczik severleriyle, Ticaret ve Sanayi Odas\u0131 Mavi Salon&#8217;da m\u00fczik \u00e7al\u0131\u015fmalar\u0131na ba\u015flad\u0131.\u00a0<\/p>\n<p>\u200bHaberin Al\u0131nt\u0131land\u0131\u011f\u0131 Kaynak: www.iskenderun.org<\/p>","protected":false},"excerpt":{"rendered":"<p>Yeni sezonun \u2018hay\u0131rl\u0131 ve u\u011furlu olmas\u0131\u2019 dile\u011finde bulunan \u0130skenderun K\u00f6rfez Musiki Derne\u011fi Ba\u015fkan\u0131 B\u00fclent Keske, herkese sa\u011fl\u0131k ve huzurla Musikiyle u\u011fra\u015fmay\u0131 temenni etti. Ba\u015fkan Keske, m\u00fczik \u00e7al\u0131\u015fmalar\u0131 yapabilmeleri i\u00e7in Mavi Salonu tahsis etmesinden dolay\u0131 \u0130skenderun Ticaret ve Sanayi Odas\u0131 y\u00f6netimine te\u015fekk\u00fcr ederek eskiden oldu\u011fu gibi m\u00fczik icras\u0131yla, muhtelif konserlerle aktif bir dernek olmaya devam edeceklerini s\u00f6yledi. \u015eef Mustafa Duran da m\u00fczi\u011fe g\u00f6n\u00fcl vermi\u015f \u00fcyeleriyle birlikte yeni sezonda birbirinden de\u011ferli eserleri icra etmek \u00fczere \u00e7al\u0131\u015fmalara ba\u015flaman\u0131n mutlulu\u011funu ya\u015fad\u0131klar\u0131n\u0131 ifade etti. \u015eef Mustafa Duran \u00f6ndeli\u011finde, sahnedeki m\u00fczisyenler e\u015fli\u011finde, solistler Esen \u015eahin ve Tuncay Ata\u015f, bir birinden g\u00fczel eserleri seslendirdiler. Dernek \u00fcyeleri ve m\u00fczik severler de yeni sezonun ilk m\u00fczik icras\u0131ndan olduk\u00e7a memnun oldu ve keyifli bir ortamda \u00e7al\u0131\u015fmalara ba\u015flad\u0131lar. \u200b\u0130skenderun K\u00f6rfez Musiki Derne\u011fi, yeni sezonda \u00fcyeleri ve m\u00fczik severleriyle, Ticaret ve Sanayi Odas\u0131 Mavi Salon&#8217;da m\u00fczik \u00e7al\u0131\u015fmalar\u0131na ba\u015flad\u0131.\u00a0 \u200bHaberin Al\u0131nt\u0131land\u0131\u011f\u0131 Kaynak: www.iskenderun.org<\/p>","protected":false},"author":0,"featured_media":0,"comment_status":"open","ping_status":"open","sticky":false,"template":"","format":"standard","meta":{"_acf_changed":false,"footnotes":""},"categories":[24,535],"tags":[],"class_list":["post-4047","post","type-post","status-publish","format-standard","has-post-thumbnail","hentry","category-gundem","category-uncategorized-tr"],"acf":[],"yoast_head":"<!-- This site is optimized with the Yoast SEO Premium plugin v26.6 (Yoast SEO v27.1.1) - https:\/\/yoast.com\/product\/yoast-seo-premium-wordpress\/ -->\n<title>\u0130skenderun K\u00f6rfez Musiki Derne\u011fi, sezona ba\u015flad\u0131... - Av. Deniz Can K\u0131z\u0131l<\/title>\n<meta name=\"robots\" content=\"index, follow, max-snippet:-1, max-image-preview:large, max-video-preview:-1\" \/>\n<link rel=\"canonical\" href=\"https:\/\/denizcankizil.tr\/ru\/haberler\/gundem\/iskenderun-korfez-musiki-dernegi-sezona-basladi\/\" \/>\n<meta property=\"og:locale\" content=\"ru_RU\" \/>\n<meta property=\"og:type\" content=\"article\" \/>\n<meta property=\"og:title\" content=\"\u0130skenderun K\u00f6rfez Musiki Derne\u011fi, sezona ba\u015flad\u0131...\" \/>\n<meta property=\"og:description\" content=\"Yeni sezonun \u2018hay\u0131rl\u0131 ve u\u011furlu olmas\u0131\u2019 dile\u011finde bulunan \u0130skenderun K\u00f6rfez Musiki Derne\u011fi Ba\u015fkan\u0131 B\u00fclent Keske, herkese sa\u011fl\u0131k ve huzurla Musikiyle u\u011fra\u015fmay\u0131 temenni etti. Ba\u015fkan Keske, m\u00fczik \u00e7al\u0131\u015fmalar\u0131 yapabilmeleri i\u00e7in Mavi Salonu tahsis etmesinden dolay\u0131 \u0130skenderun Ticaret ve Sanayi Odas\u0131 y\u00f6netimine te\u015fekk\u00fcr ederek eskiden oldu\u011fu gibi m\u00fczik icras\u0131yla, muhtelif konserlerle aktif bir dernek olmaya devam edeceklerini s\u00f6yledi. \u015eef Mustafa Duran da m\u00fczi\u011fe g\u00f6n\u00fcl vermi\u015f \u00fcyeleriyle birlikte yeni sezonda birbirinden de\u011ferli eserleri icra etmek \u00fczere \u00e7al\u0131\u015fmalara ba\u015flaman\u0131n mutlulu\u011funu ya\u015fad\u0131klar\u0131n\u0131 ifade etti. \u015eef Mustafa Duran \u00f6ndeli\u011finde, sahnedeki m\u00fczisyenler e\u015fli\u011finde, solistler Esen \u015eahin ve Tuncay Ata\u015f, bir birinden g\u00fczel eserleri seslendirdiler. Dernek \u00fcyeleri ve m\u00fczik severler de yeni sezonun ilk m\u00fczik icras\u0131ndan olduk\u00e7a memnun oldu ve keyifli bir ortamda \u00e7al\u0131\u015fmalara ba\u015flad\u0131lar. \u200b\u0130skenderun K\u00f6rfez Musiki Derne\u011fi, yeni sezonda \u00fcyeleri ve m\u00fczik severleriyle, Ticaret ve Sanayi Odas\u0131 Mavi Salon&#8217;da m\u00fczik \u00e7al\u0131\u015fmalar\u0131na ba\u015flad\u0131.\u00a0 \u200bHaberin Al\u0131nt\u0131land\u0131\u011f\u0131 Kaynak: www.iskenderun.org\" \/>\n<meta property=\"og:url\" content=\"https:\/\/denizcankizil.tr\/ru\/haberler\/gundem\/iskenderun-korfez-musiki-dernegi-sezona-basladi\/\" \/>\n<meta property=\"og:site_name\" content=\"Av. Deniz Can K\u0131z\u0131l\" \/>\n<meta property=\"article:published_time\" content=\"2024-10-18T11:18:03+00:00\" \/>\n<meta name=\"twitter:card\" content=\"summary_large_image\" \/>\n<meta name=\"twitter:label1\" content=\"\u041f\u0440\u0438\u043c\u0435\u0440\u043d\u043e\u0435 \u0432\u0440\u0435\u043c\u044f \u0434\u043b\u044f \u0447\u0442\u0435\u043d\u0438\u044f\" \/>\n\t<meta name=\"twitter:data1\" content=\"1 \u043c\u0438\u043d\u0443\u0442\u0430\" \/>\n<script type=\"application\/ld+json\" class=\"yoast-schema-graph\">{\"@context\":\"https:\/\/schema.org\",\"@graph\":[{\"@type\":\"Article\",\"@id\":\"https:\/\/denizcankizil.tr\/de\/haberler\/gundem\/iskenderun-korfez-musiki-dernegi-sezona-basladi\/#article\",\"isPartOf\":{\"@id\":\"https:\/\/denizcankizil.tr\/de\/haberler\/gundem\/iskenderun-korfez-musiki-dernegi-sezona-basladi\/\"},\"author\":{\"name\":\"\",\"@id\":\"\"},\"headline\":\"\u0130skenderun K\u00f6rfez Musiki Derne\u011fi, sezona ba\u015flad\u0131&#8230;\",\"datePublished\":\"2024-10-18T11:18:03+00:00\",\"mainEntityOfPage\":{\"@id\":\"https:\/\/denizcankizil.tr\/de\/haberler\/gundem\/iskenderun-korfez-musiki-dernegi-sezona-basladi\/\"},\"wordCount\":207,\"commentCount\":0,\"publisher\":{\"@id\":\"https:\/\/denizcankizil.tr\/#organization\"},\"articleSection\":[\"G\u00fcndem\",\"Uncategorized\"],\"inLanguage\":\"ru-RU\",\"potentialAction\":[{\"@type\":\"CommentAction\",\"name\":\"Comment\",\"target\":[\"https:\/\/denizcankizil.tr\/de\/haberler\/gundem\/iskenderun-korfez-musiki-dernegi-sezona-basladi\/#respond\"]}]},{\"@type\":\"WebPage\",\"@id\":\"https:\/\/denizcankizil.tr\/de\/haberler\/gundem\/iskenderun-korfez-musiki-dernegi-sezona-basladi\/\",\"url\":\"https:\/\/denizcankizil.tr\/de\/haberler\/gundem\/iskenderun-korfez-musiki-dernegi-sezona-basladi\/\",\"name\":\"\u0130skenderun K\u00f6rfez Musiki Derne\u011fi, sezona ba\u015flad\u0131... - Av. Deniz Can K\u0131z\u0131l\",\"isPartOf\":{\"@id\":\"https:\/\/denizcankizil.tr\/#website\"},\"datePublished\":\"2024-10-18T11:18:03+00:00\",\"breadcrumb\":{\"@id\":\"https:\/\/denizcankizil.tr\/de\/haberler\/gundem\/iskenderun-korfez-musiki-dernegi-sezona-basladi\/#breadcrumb\"},\"inLanguage\":\"ru-RU\",\"potentialAction\":[{\"@type\":\"ReadAction\",\"target\":[\"https:\/\/denizcankizil.tr\/de\/haberler\/gundem\/iskenderun-korfez-musiki-dernegi-sezona-basladi\/\"]}]},{\"@type\":\"BreadcrumbList\",\"@id\":\"https:\/\/denizcankizil.tr\/de\/haberler\/gundem\/iskenderun-korfez-musiki-dernegi-sezona-basladi\/#breadcrumb\",\"itemListElement\":[{\"@type\":\"ListItem\",\"position\":1,\"name\":\"Home\",\"item\":\"https:\/\/denizcankizil.tr\/de\/\"},{\"@type\":\"ListItem\",\"position\":2,\"name\":\"\u0130skenderun K\u00f6rfez Musiki Derne\u011fi, sezona ba\u015flad\u0131&#8230;\"}]},{\"@type\":\"WebSite\",\"@id\":\"https:\/\/denizcankizil.tr\/#website\",\"url\":\"https:\/\/denizcankizil.tr\/\",\"name\":\"Av. Deniz Can K\u0131z\u0131l\",\"description\":\"Avukat Deniz Can K\u0131z\u0131l Antalya Barosu\",\"publisher\":{\"@id\":\"https:\/\/denizcankizil.tr\/#organization\"},\"potentialAction\":[{\"@type\":\"SearchAction\",\"target\":{\"@type\":\"EntryPoint\",\"urlTemplate\":\"https:\/\/denizcankizil.tr\/?s={search_term_string}\"},\"query-input\":{\"@type\":\"PropertyValueSpecification\",\"valueRequired\":true,\"valueName\":\"search_term_string\"}}],\"inLanguage\":\"ru-RU\"},{\"@type\":\"Organization\",\"@id\":\"https:\/\/denizcankizil.tr\/#organization\",\"name\":\"Av. Deniz Can K\u0131z\u0131l\",\"url\":\"https:\/\/denizcankizil.tr\/\",\"logo\":{\"@type\":\"ImageObject\",\"inLanguage\":\"ru-RU\",\"@id\":\"https:\/\/denizcankizil.tr\/#\/schema\/logo\/image\/\",\"url\":\"http:\/\/denizcankizil.tr\/wp-content\/uploads\/2024\/10\/siyah-logo-svg.svg\",\"contentUrl\":\"http:\/\/denizcankizil.tr\/wp-content\/uploads\/2024\/10\/siyah-logo-svg.svg\",\"width\":1080,\"height\":1080,\"caption\":\"Av. Deniz Can K\u0131z\u0131l\"},\"image\":{\"@id\":\"https:\/\/denizcankizil.tr\/#\/schema\/logo\/image\/\"}}]}<\/script>\n<!-- \/ Yoast SEO Premium plugin. -->","yoast_head_json":{"title":"\u0130skenderun K\u00f6rfez Musiki Derne\u011fi, sezona ba\u015flad\u0131... - Av. Deniz Can K\u0131z\u0131l","robots":{"index":"index","follow":"follow","max-snippet":"max-snippet:-1","max-image-preview":"max-image-preview:large","max-video-preview":"max-video-preview:-1"},"canonical":"https:\/\/denizcankizil.tr\/ru\/haberler\/gundem\/iskenderun-korfez-musiki-dernegi-sezona-basladi\/","og_locale":"ru_RU","og_type":"article","og_title":"\u0130skenderun K\u00f6rfez Musiki Derne\u011fi, sezona ba\u015flad\u0131...","og_description":"Yeni sezonun \u2018hay\u0131rl\u0131 ve u\u011furlu olmas\u0131\u2019 dile\u011finde bulunan \u0130skenderun K\u00f6rfez Musiki Derne\u011fi Ba\u015fkan\u0131 B\u00fclent Keske, herkese sa\u011fl\u0131k ve huzurla Musikiyle u\u011fra\u015fmay\u0131 temenni etti. Ba\u015fkan Keske, m\u00fczik \u00e7al\u0131\u015fmalar\u0131 yapabilmeleri i\u00e7in Mavi Salonu tahsis etmesinden dolay\u0131 \u0130skenderun Ticaret ve Sanayi Odas\u0131 y\u00f6netimine te\u015fekk\u00fcr ederek eskiden oldu\u011fu gibi m\u00fczik icras\u0131yla, muhtelif konserlerle aktif bir dernek olmaya devam edeceklerini s\u00f6yledi. \u015eef Mustafa Duran da m\u00fczi\u011fe g\u00f6n\u00fcl vermi\u015f \u00fcyeleriyle birlikte yeni sezonda birbirinden de\u011ferli eserleri icra etmek \u00fczere \u00e7al\u0131\u015fmalara ba\u015flaman\u0131n mutlulu\u011funu ya\u015fad\u0131klar\u0131n\u0131 ifade etti. \u015eef Mustafa Duran \u00f6ndeli\u011finde, sahnedeki m\u00fczisyenler e\u015fli\u011finde, solistler Esen \u015eahin ve Tuncay Ata\u015f, bir birinden g\u00fczel eserleri seslendirdiler. Dernek \u00fcyeleri ve m\u00fczik severler de yeni sezonun ilk m\u00fczik icras\u0131ndan olduk\u00e7a memnun oldu ve keyifli bir ortamda \u00e7al\u0131\u015fmalara ba\u015flad\u0131lar. \u200b\u0130skenderun K\u00f6rfez Musiki Derne\u011fi, yeni sezonda \u00fcyeleri ve m\u00fczik severleriyle, Ticaret ve Sanayi Odas\u0131 Mavi Salon&#8217;da m\u00fczik \u00e7al\u0131\u015fmalar\u0131na ba\u015flad\u0131.\u00a0 \u200bHaberin Al\u0131nt\u0131land\u0131\u011f\u0131 Kaynak: www.iskenderun.org","og_url":"https:\/\/denizcankizil.tr\/ru\/haberler\/gundem\/iskenderun-korfez-musiki-dernegi-sezona-basladi\/","og_site_name":"Av. Deniz Can K\u0131z\u0131l","article_published_time":"2024-10-18T11:18:03+00:00","twitter_card":"summary_large_image","twitter_misc":{"\u041f\u0440\u0438\u043c\u0435\u0440\u043d\u043e\u0435 \u0432\u0440\u0435\u043c\u044f \u0434\u043b\u044f \u0447\u0442\u0435\u043d\u0438\u044f":"1 \u043c\u0438\u043d\u0443\u0442\u0430"},"schema":{"@context":"https:\/\/schema.org","@graph":[{"@type":"Article","@id":"https:\/\/denizcankizil.tr\/de\/haberler\/gundem\/iskenderun-korfez-musiki-dernegi-sezona-basladi\/#article","isPartOf":{"@id":"https:\/\/denizcankizil.tr\/de\/haberler\/gundem\/iskenderun-korfez-musiki-dernegi-sezona-basladi\/"},"author":{"name":"","@id":""},"headline":"\u0130skenderun K\u00f6rfez Musiki Derne\u011fi, sezona ba\u015flad\u0131&#8230;","datePublished":"2024-10-18T11:18:03+00:00","mainEntityOfPage":{"@id":"https:\/\/denizcankizil.tr\/de\/haberler\/gundem\/iskenderun-korfez-musiki-dernegi-sezona-basladi\/"},"wordCount":207,"commentCount":0,"publisher":{"@id":"https:\/\/denizcankizil.tr\/#organization"},"articleSection":["G\u00fcndem","Uncategorized"],"inLanguage":"ru-RU","potentialAction":[{"@type":"CommentAction","name":"Comment","target":["https:\/\/denizcankizil.tr\/de\/haberler\/gundem\/iskenderun-korfez-musiki-dernegi-sezona-basladi\/#respond"]}]},{"@type":"WebPage","@id":"https:\/\/denizcankizil.tr\/de\/haberler\/gundem\/iskenderun-korfez-musiki-dernegi-sezona-basladi\/","url":"https:\/\/denizcankizil.tr\/de\/haberler\/gundem\/iskenderun-korfez-musiki-dernegi-sezona-basladi\/","name":"\u0130skenderun K\u00f6rfez Musiki Derne\u011fi, sezona ba\u015flad\u0131... - Av. Deniz Can K\u0131z\u0131l","isPartOf":{"@id":"https:\/\/denizcankizil.tr\/#website"},"datePublished":"2024-10-18T11:18:03+00:00","breadcrumb":{"@id":"https:\/\/denizcankizil.tr\/de\/haberler\/gundem\/iskenderun-korfez-musiki-dernegi-sezona-basladi\/#breadcrumb"},"inLanguage":"ru-RU","potentialAction":[{"@type":"ReadAction","target":["https:\/\/denizcankizil.tr\/de\/haberler\/gundem\/iskenderun-korfez-musiki-dernegi-sezona-basladi\/"]}]},{"@type":"BreadcrumbList","@id":"https:\/\/denizcankizil.tr\/de\/haberler\/gundem\/iskenderun-korfez-musiki-dernegi-sezona-basladi\/#breadcrumb","itemListElement":[{"@type":"ListItem","position":1,"name":"Home","item":"https:\/\/denizcankizil.tr\/de\/"},{"@type":"ListItem","position":2,"name":"\u0130skenderun K\u00f6rfez Musiki Derne\u011fi, sezona ba\u015flad\u0131&#8230;"}]},{"@type":"WebSite","@id":"https:\/\/denizcankizil.tr\/#website","url":"https:\/\/denizcankizil.tr\/","name":"Av. Deniz Can K\u0131z\u0131l","description":"Avukat Deniz Can K\u0131z\u0131l Antalya Barosu","publisher":{"@id":"https:\/\/denizcankizil.tr\/#organization"},"potentialAction":[{"@type":"SearchAction","target":{"@type":"EntryPoint","urlTemplate":"https:\/\/denizcankizil.tr\/?s={search_term_string}"},"query-input":{"@type":"PropertyValueSpecification","valueRequired":true,"valueName":"search_term_string"}}],"inLanguage":"ru-RU"},{"@type":"Organization","@id":"https:\/\/denizcankizil.tr\/#organization","name":"Av. Deniz Can K\u0131z\u0131l","url":"https:\/\/denizcankizil.tr\/","logo":{"@type":"ImageObject","inLanguage":"ru-RU","@id":"https:\/\/denizcankizil.tr\/#\/schema\/logo\/image\/","url":"http:\/\/denizcankizil.tr\/wp-content\/uploads\/2024\/10\/siyah-logo-svg.svg","contentUrl":"http:\/\/denizcankizil.tr\/wp-content\/uploads\/2024\/10\/siyah-logo-svg.svg","width":1080,"height":1080,"caption":"Av. Deniz Can K\u0131z\u0131l"},"image":{"@id":"https:\/\/denizcankizil.tr\/#\/schema\/logo\/image\/"}}]}},"_links":{"self":[{"href":"http:\/\/denizcankizil.tr\/ru\/wp-json\/wp\/v2\/posts\/4047","targetHints":{"allow":["GET"]}}],"collection":[{"href":"http:\/\/denizcankizil.tr\/ru\/wp-json\/wp\/v2\/posts"}],"about":[{"href":"http:\/\/denizcankizil.tr\/ru\/wp-json\/wp\/v2\/types\/post"}],"replies":[{"embeddable":true,"href":"http:\/\/denizcankizil.tr\/ru\/wp-json\/wp\/v2\/comments?post=4047"}],"version-history":[{"count":0,"href":"http:\/\/denizcankizil.tr\/ru\/wp-json\/wp\/v2\/posts\/4047\/revisions"}],"wp:attachment":[{"href":"http:\/\/denizcankizil.tr\/ru\/wp-json\/wp\/v2\/media?parent=4047"}],"wp:term":[{"taxonomy":"category","embeddable":true,"href":"http:\/\/denizcankizil.tr\/ru\/wp-json\/wp\/v2\/categories?post=4047"},{"taxonomy":"post_tag","embeddable":true,"href":"http:\/\/denizcankizil.tr\/ru\/wp-json\/wp\/v2\/tags?post=4047"}],"curies":[{"name":"wp","href":"https:\/\/api.w.org\/{rel}","templated":true}]}}