{"id":39007,"date":"2025-03-29T09:42:04","date_gmt":"2025-03-29T06:42:04","guid":{"rendered":"https:\/\/denizcankizil.tr\/uncategorized-tr\/evlerde-bayram-temizligi\/"},"modified":"2025-03-29T09:42:04","modified_gmt":"2025-03-29T06:42:04","slug":"evlerde-bayram-temizligi","status":"publish","type":"post","link":"http:\/\/denizcankizil.tr\/ru\/haberler\/gundem\/evlerde-bayram-temizligi\/","title":{"rendered":"Evlerde bayram temizli\u011fi"},"content":{"rendered":"<p>Ke\u00e7i\u00f6ren Belediyesi, bayram \u00f6ncesi engelli ve ya\u015fl\u0131lara y\u00f6nelik y\u00fcr\u00fctt\u00fc\u011f\u00fc evde temizlik hizmeti ile y\u00fczleri g\u00fcld\u00fcrd\u00fc. Ev temizli\u011fi yapamayan engelli ve 65 ya\u015f \u00fcst\u00fc ya\u015fl\u0131 vatanda\u015flar\u0131n ya\u015fam\u0131n\u0131 kolayla\u015ft\u0131rmak i\u00e7in verilen hizmet kapsam\u0131nda onlarca evde bayram temizli\u011fi yap\u0131ld\u0131.<\/p>\n<p>\u200bKe\u00e7i\u00f6ren Belediyesi, bayram \u00f6ncesi engelli ve ya\u015fl\u0131lara y\u00f6nelik y\u00fcr\u00fctt\u00fc\u011f\u00fc evde temizlik hizmeti ile y\u00fczleri g\u00fcld\u00fcrd\u00fc. Ev temizli\u011fi yapamayan engelli ve 65 ya\u015f \u00fcst\u00fc ya\u015fl\u0131 vatanda\u015flar\u0131n ya\u015fam\u0131n\u0131 kolayla\u015ft\u0131rmak i\u00e7in verilen hizmet kapsam\u0131nda onlarca evde bayram temizli\u011fi yap\u0131ld\u0131.\u00a0<\/p>\n<p>\u200bHaberin Al\u0131nt\u0131land\u0131\u011f\u0131 Kaynak: www.iskenderun.org<\/p>","protected":false},"excerpt":{"rendered":"<p>Ke\u00e7i\u00f6ren Belediyesi, bayram \u00f6ncesi engelli ve ya\u015fl\u0131lara y\u00f6nelik y\u00fcr\u00fctt\u00fc\u011f\u00fc evde temizlik hizmeti ile y\u00fczleri g\u00fcld\u00fcrd\u00fc. Ev temizli\u011fi yapamayan engelli ve 65 ya\u015f \u00fcst\u00fc ya\u015fl\u0131 vatanda\u015flar\u0131n ya\u015fam\u0131n\u0131 kolayla\u015ft\u0131rmak i\u00e7in verilen hizmet kapsam\u0131nda onlarca evde bayram temizli\u011fi yap\u0131ld\u0131. \u200bKe\u00e7i\u00f6ren Belediyesi, bayram \u00f6ncesi engelli ve ya\u015fl\u0131lara y\u00f6nelik y\u00fcr\u00fctt\u00fc\u011f\u00fc evde temizlik hizmeti ile y\u00fczleri g\u00fcld\u00fcrd\u00fc. Ev temizli\u011fi yapamayan engelli ve 65 ya\u015f \u00fcst\u00fc ya\u015fl\u0131 vatanda\u015flar\u0131n ya\u015fam\u0131n\u0131 kolayla\u015ft\u0131rmak i\u00e7in verilen hizmet kapsam\u0131nda onlarca evde bayram temizli\u011fi yap\u0131ld\u0131.\u00a0 \u200bHaberin Al\u0131nt\u0131land\u0131\u011f\u0131 Kaynak: www.iskenderun.org<\/p>","protected":false},"author":1,"featured_media":0,"comment_status":"","ping_status":"open","sticky":false,"template":"","format":"standard","meta":{"_acf_changed":false,"footnotes":""},"categories":[24],"tags":[],"class_list":["post-39007","post","type-post","status-publish","format-standard","has-post-thumbnail","hentry","category-gundem"],"acf":[],"yoast_head":"<!-- This site is optimized with the Yoast SEO Premium plugin v26.6 (Yoast SEO v27.1.1) - https:\/\/yoast.com\/product\/yoast-seo-premium-wordpress\/ -->\n<title>Evlerde bayram temizli\u011fi - Av. Deniz Can K\u0131z\u0131l<\/title>\n<meta name=\"robots\" content=\"index, follow, max-snippet:-1, max-image-preview:large, max-video-preview:-1\" \/>\n<link rel=\"canonical\" href=\"http:\/\/denizcankizil.tr\/ru\/haberler\/gundem\/evlerde-bayram-temizligi\/\" \/>\n<meta property=\"og:locale\" content=\"ru_RU\" \/>\n<meta property=\"og:type\" content=\"article\" \/>\n<meta property=\"og:title\" content=\"Evlerde bayram temizli\u011fi\" \/>\n<meta property=\"og:description\" content=\"Ke\u00e7i\u00f6ren Belediyesi, bayram \u00f6ncesi engelli ve ya\u015fl\u0131lara y\u00f6nelik y\u00fcr\u00fctt\u00fc\u011f\u00fc evde temizlik hizmeti ile y\u00fczleri g\u00fcld\u00fcrd\u00fc. Ev temizli\u011fi yapamayan engelli ve 65 ya\u015f \u00fcst\u00fc ya\u015fl\u0131 vatanda\u015flar\u0131n ya\u015fam\u0131n\u0131 kolayla\u015ft\u0131rmak i\u00e7in verilen hizmet kapsam\u0131nda onlarca evde bayram temizli\u011fi yap\u0131ld\u0131. \u200bKe\u00e7i\u00f6ren Belediyesi, bayram \u00f6ncesi engelli ve ya\u015fl\u0131lara y\u00f6nelik y\u00fcr\u00fctt\u00fc\u011f\u00fc evde temizlik hizmeti ile y\u00fczleri g\u00fcld\u00fcrd\u00fc. Ev temizli\u011fi yapamayan engelli ve 65 ya\u015f \u00fcst\u00fc ya\u015fl\u0131 vatanda\u015flar\u0131n ya\u015fam\u0131n\u0131 kolayla\u015ft\u0131rmak i\u00e7in verilen hizmet kapsam\u0131nda onlarca evde bayram temizli\u011fi yap\u0131ld\u0131.\u00a0 \u200bHaberin Al\u0131nt\u0131land\u0131\u011f\u0131 Kaynak: www.iskenderun.org\" \/>\n<meta property=\"og:url\" content=\"http:\/\/denizcankizil.tr\/ru\/haberler\/gundem\/evlerde-bayram-temizligi\/\" \/>\n<meta property=\"og:site_name\" content=\"Av. Deniz Can K\u0131z\u0131l\" \/>\n<meta property=\"article:published_time\" content=\"2025-03-29T06:42:04+00:00\" \/>\n<meta name=\"author\" content=\"admin\" \/>\n<meta name=\"twitter:card\" content=\"summary_large_image\" \/>\n<meta name=\"twitter:label1\" content=\"\u041d\u0430\u043f\u0438\u0441\u0430\u043d\u043e \u0430\u0432\u0442\u043e\u0440\u043e\u043c\" \/>\n\t<meta name=\"twitter:data1\" content=\"admin\" \/>\n\t<meta name=\"twitter:label2\" content=\"\u041f\u0440\u0438\u043c\u0435\u0440\u043d\u043e\u0435 \u0432\u0440\u0435\u043c\u044f \u0434\u043b\u044f \u0447\u0442\u0435\u043d\u0438\u044f\" \/>\n\t<meta name=\"twitter:data2\" content=\"1 \u043c\u0438\u043d\u0443\u0442\u0430\" \/>\n<script type=\"application\/ld+json\" class=\"yoast-schema-graph\">{\"@context\":\"https:\/\/schema.org\",\"@graph\":[{\"@type\":\"Article\",\"@id\":\"http:\/\/denizcankizil.tr\/de\/haberler\/gundem\/evlerde-bayram-temizligi\/#article\",\"isPartOf\":{\"@id\":\"http:\/\/denizcankizil.tr\/de\/haberler\/gundem\/evlerde-bayram-temizligi\/\"},\"author\":{\"name\":\"admin\",\"@id\":\"https:\/\/denizcankizil.tr\/#\/schema\/person\/be3c05fe6a12686905512445d8185489\"},\"headline\":\"Evlerde bayram temizli\u011fi\",\"datePublished\":\"2025-03-29T06:42:04+00:00\",\"mainEntityOfPage\":{\"@id\":\"http:\/\/denizcankizil.tr\/de\/haberler\/gundem\/evlerde-bayram-temizligi\/\"},\"wordCount\":126,\"publisher\":{\"@id\":\"https:\/\/denizcankizil.tr\/#organization\"},\"articleSection\":[\"G\u00fcndem\"],\"inLanguage\":\"ru-RU\"},{\"@type\":\"WebPage\",\"@id\":\"http:\/\/denizcankizil.tr\/de\/haberler\/gundem\/evlerde-bayram-temizligi\/\",\"url\":\"http:\/\/denizcankizil.tr\/de\/haberler\/gundem\/evlerde-bayram-temizligi\/\",\"name\":\"Evlerde bayram temizli\u011fi - Av. Deniz Can K\u0131z\u0131l\",\"isPartOf\":{\"@id\":\"https:\/\/denizcankizil.tr\/#website\"},\"datePublished\":\"2025-03-29T06:42:04+00:00\",\"breadcrumb\":{\"@id\":\"http:\/\/denizcankizil.tr\/de\/haberler\/gundem\/evlerde-bayram-temizligi\/#breadcrumb\"},\"inLanguage\":\"ru-RU\",\"potentialAction\":[{\"@type\":\"ReadAction\",\"target\":[\"http:\/\/denizcankizil.tr\/de\/haberler\/gundem\/evlerde-bayram-temizligi\/\"]}]},{\"@type\":\"BreadcrumbList\",\"@id\":\"http:\/\/denizcankizil.tr\/de\/haberler\/gundem\/evlerde-bayram-temizligi\/#breadcrumb\",\"itemListElement\":[{\"@type\":\"ListItem\",\"position\":1,\"name\":\"Home\",\"item\":\"https:\/\/denizcankizil.tr\/de\/\"},{\"@type\":\"ListItem\",\"position\":2,\"name\":\"Evlerde bayram temizli\u011fi\"}]},{\"@type\":\"WebSite\",\"@id\":\"https:\/\/denizcankizil.tr\/#website\",\"url\":\"https:\/\/denizcankizil.tr\/\",\"name\":\"Av. Deniz Can K\u0131z\u0131l\",\"description\":\"Avukat Deniz Can K\u0131z\u0131l Antalya Barosu\",\"publisher\":{\"@id\":\"https:\/\/denizcankizil.tr\/#organization\"},\"potentialAction\":[{\"@type\":\"SearchAction\",\"target\":{\"@type\":\"EntryPoint\",\"urlTemplate\":\"https:\/\/denizcankizil.tr\/?s={search_term_string}\"},\"query-input\":{\"@type\":\"PropertyValueSpecification\",\"valueRequired\":true,\"valueName\":\"search_term_string\"}}],\"inLanguage\":\"ru-RU\"},{\"@type\":\"Organization\",\"@id\":\"https:\/\/denizcankizil.tr\/#organization\",\"name\":\"Av. Deniz Can K\u0131z\u0131l\",\"url\":\"https:\/\/denizcankizil.tr\/\",\"logo\":{\"@type\":\"ImageObject\",\"inLanguage\":\"ru-RU\",\"@id\":\"https:\/\/denizcankizil.tr\/#\/schema\/logo\/image\/\",\"url\":\"http:\/\/denizcankizil.tr\/wp-content\/uploads\/2024\/10\/siyah-logo-svg.svg\",\"contentUrl\":\"http:\/\/denizcankizil.tr\/wp-content\/uploads\/2024\/10\/siyah-logo-svg.svg\",\"width\":1080,\"height\":1080,\"caption\":\"Av. Deniz Can K\u0131z\u0131l\"},\"image\":{\"@id\":\"https:\/\/denizcankizil.tr\/#\/schema\/logo\/image\/\"}},{\"@type\":\"Person\",\"@id\":\"https:\/\/denizcankizil.tr\/#\/schema\/person\/be3c05fe6a12686905512445d8185489\",\"name\":\"admin\",\"image\":{\"@type\":\"ImageObject\",\"inLanguage\":\"ru-RU\",\"@id\":\"https:\/\/denizcankizil.tr\/#\/schema\/person\/image\/\",\"url\":\"https:\/\/secure.gravatar.com\/avatar\/c1fce94c830dc79107e174f890d7210541c4a63e8e5d816341794a2151c9d58c?s=96&d=mm&r=g\",\"contentUrl\":\"https:\/\/secure.gravatar.com\/avatar\/c1fce94c830dc79107e174f890d7210541c4a63e8e5d816341794a2151c9d58c?s=96&d=mm&r=g\",\"caption\":\"admin\"},\"sameAs\":[\"http:\/\/denizcankizil.tr\"],\"url\":\"https:\/\/www.iskenderun.org\/evlerde-bayram-temizligi\"}]}<\/script>\n<!-- \/ Yoast SEO Premium plugin. -->","yoast_head_json":{"title":"Evlerde bayram temizli\u011fi - Av. Deniz Can K\u0131z\u0131l","robots":{"index":"index","follow":"follow","max-snippet":"max-snippet:-1","max-image-preview":"max-image-preview:large","max-video-preview":"max-video-preview:-1"},"canonical":"http:\/\/denizcankizil.tr\/ru\/haberler\/gundem\/evlerde-bayram-temizligi\/","og_locale":"ru_RU","og_type":"article","og_title":"Evlerde bayram temizli\u011fi","og_description":"Ke\u00e7i\u00f6ren Belediyesi, bayram \u00f6ncesi engelli ve ya\u015fl\u0131lara y\u00f6nelik y\u00fcr\u00fctt\u00fc\u011f\u00fc evde temizlik hizmeti ile y\u00fczleri g\u00fcld\u00fcrd\u00fc. Ev temizli\u011fi yapamayan engelli ve 65 ya\u015f \u00fcst\u00fc ya\u015fl\u0131 vatanda\u015flar\u0131n ya\u015fam\u0131n\u0131 kolayla\u015ft\u0131rmak i\u00e7in verilen hizmet kapsam\u0131nda onlarca evde bayram temizli\u011fi yap\u0131ld\u0131. \u200bKe\u00e7i\u00f6ren Belediyesi, bayram \u00f6ncesi engelli ve ya\u015fl\u0131lara y\u00f6nelik y\u00fcr\u00fctt\u00fc\u011f\u00fc evde temizlik hizmeti ile y\u00fczleri g\u00fcld\u00fcrd\u00fc. Ev temizli\u011fi yapamayan engelli ve 65 ya\u015f \u00fcst\u00fc ya\u015fl\u0131 vatanda\u015flar\u0131n ya\u015fam\u0131n\u0131 kolayla\u015ft\u0131rmak i\u00e7in verilen hizmet kapsam\u0131nda onlarca evde bayram temizli\u011fi yap\u0131ld\u0131.\u00a0 \u200bHaberin Al\u0131nt\u0131land\u0131\u011f\u0131 Kaynak: www.iskenderun.org","og_url":"http:\/\/denizcankizil.tr\/ru\/haberler\/gundem\/evlerde-bayram-temizligi\/","og_site_name":"Av. Deniz Can K\u0131z\u0131l","article_published_time":"2025-03-29T06:42:04+00:00","author":"admin","twitter_card":"summary_large_image","twitter_misc":{"\u041d\u0430\u043f\u0438\u0441\u0430\u043d\u043e \u0430\u0432\u0442\u043e\u0440\u043e\u043c":"admin","\u041f\u0440\u0438\u043c\u0435\u0440\u043d\u043e\u0435 \u0432\u0440\u0435\u043c\u044f \u0434\u043b\u044f \u0447\u0442\u0435\u043d\u0438\u044f":"1 \u043c\u0438\u043d\u0443\u0442\u0430"},"schema":{"@context":"https:\/\/schema.org","@graph":[{"@type":"Article","@id":"http:\/\/denizcankizil.tr\/de\/haberler\/gundem\/evlerde-bayram-temizligi\/#article","isPartOf":{"@id":"http:\/\/denizcankizil.tr\/de\/haberler\/gundem\/evlerde-bayram-temizligi\/"},"author":{"name":"admin","@id":"https:\/\/denizcankizil.tr\/#\/schema\/person\/be3c05fe6a12686905512445d8185489"},"headline":"Evlerde bayram temizli\u011fi","datePublished":"2025-03-29T06:42:04+00:00","mainEntityOfPage":{"@id":"http:\/\/denizcankizil.tr\/de\/haberler\/gundem\/evlerde-bayram-temizligi\/"},"wordCount":126,"publisher":{"@id":"https:\/\/denizcankizil.tr\/#organization"},"articleSection":["G\u00fcndem"],"inLanguage":"ru-RU"},{"@type":"WebPage","@id":"http:\/\/denizcankizil.tr\/de\/haberler\/gundem\/evlerde-bayram-temizligi\/","url":"http:\/\/denizcankizil.tr\/de\/haberler\/gundem\/evlerde-bayram-temizligi\/","name":"Evlerde bayram temizli\u011fi - Av. Deniz Can K\u0131z\u0131l","isPartOf":{"@id":"https:\/\/denizcankizil.tr\/#website"},"datePublished":"2025-03-29T06:42:04+00:00","breadcrumb":{"@id":"http:\/\/denizcankizil.tr\/de\/haberler\/gundem\/evlerde-bayram-temizligi\/#breadcrumb"},"inLanguage":"ru-RU","potentialAction":[{"@type":"ReadAction","target":["http:\/\/denizcankizil.tr\/de\/haberler\/gundem\/evlerde-bayram-temizligi\/"]}]},{"@type":"BreadcrumbList","@id":"http:\/\/denizcankizil.tr\/de\/haberler\/gundem\/evlerde-bayram-temizligi\/#breadcrumb","itemListElement":[{"@type":"ListItem","position":1,"name":"Home","item":"https:\/\/denizcankizil.tr\/de\/"},{"@type":"ListItem","position":2,"name":"Evlerde bayram temizli\u011fi"}]},{"@type":"WebSite","@id":"https:\/\/denizcankizil.tr\/#website","url":"https:\/\/denizcankizil.tr\/","name":"Av. Deniz Can K\u0131z\u0131l","description":"Avukat Deniz Can K\u0131z\u0131l Antalya Barosu","publisher":{"@id":"https:\/\/denizcankizil.tr\/#organization"},"potentialAction":[{"@type":"SearchAction","target":{"@type":"EntryPoint","urlTemplate":"https:\/\/denizcankizil.tr\/?s={search_term_string}"},"query-input":{"@type":"PropertyValueSpecification","valueRequired":true,"valueName":"search_term_string"}}],"inLanguage":"ru-RU"},{"@type":"Organization","@id":"https:\/\/denizcankizil.tr\/#organization","name":"Av. Deniz Can K\u0131z\u0131l","url":"https:\/\/denizcankizil.tr\/","logo":{"@type":"ImageObject","inLanguage":"ru-RU","@id":"https:\/\/denizcankizil.tr\/#\/schema\/logo\/image\/","url":"http:\/\/denizcankizil.tr\/wp-content\/uploads\/2024\/10\/siyah-logo-svg.svg","contentUrl":"http:\/\/denizcankizil.tr\/wp-content\/uploads\/2024\/10\/siyah-logo-svg.svg","width":1080,"height":1080,"caption":"Av. Deniz Can K\u0131z\u0131l"},"image":{"@id":"https:\/\/denizcankizil.tr\/#\/schema\/logo\/image\/"}},{"@type":"Person","@id":"https:\/\/denizcankizil.tr\/#\/schema\/person\/be3c05fe6a12686905512445d8185489","name":"\u0430\u0434\u043c\u0438\u043d","image":{"@type":"ImageObject","inLanguage":"ru-RU","@id":"https:\/\/denizcankizil.tr\/#\/schema\/person\/image\/","url":"https:\/\/secure.gravatar.com\/avatar\/c1fce94c830dc79107e174f890d7210541c4a63e8e5d816341794a2151c9d58c?s=96&d=mm&r=g","contentUrl":"https:\/\/secure.gravatar.com\/avatar\/c1fce94c830dc79107e174f890d7210541c4a63e8e5d816341794a2151c9d58c?s=96&d=mm&r=g","caption":"admin"},"sameAs":["http:\/\/denizcankizil.tr"],"url":"https:\/\/www.iskenderun.org\/evlerde-bayram-temizligi"}]}},"_links":{"self":[{"href":"http:\/\/denizcankizil.tr\/ru\/wp-json\/wp\/v2\/posts\/39007","targetHints":{"allow":["GET"]}}],"collection":[{"href":"http:\/\/denizcankizil.tr\/ru\/wp-json\/wp\/v2\/posts"}],"about":[{"href":"http:\/\/denizcankizil.tr\/ru\/wp-json\/wp\/v2\/types\/post"}],"author":[{"embeddable":true,"href":"http:\/\/denizcankizil.tr\/ru\/wp-json\/wp\/v2\/users\/1"}],"replies":[{"embeddable":true,"href":"http:\/\/denizcankizil.tr\/ru\/wp-json\/wp\/v2\/comments?post=39007"}],"version-history":[{"count":0,"href":"http:\/\/denizcankizil.tr\/ru\/wp-json\/wp\/v2\/posts\/39007\/revisions"}],"wp:attachment":[{"href":"http:\/\/denizcankizil.tr\/ru\/wp-json\/wp\/v2\/media?parent=39007"}],"wp:term":[{"taxonomy":"category","embeddable":true,"href":"http:\/\/denizcankizil.tr\/ru\/wp-json\/wp\/v2\/categories?post=39007"},{"taxonomy":"post_tag","embeddable":true,"href":"http:\/\/denizcankizil.tr\/ru\/wp-json\/wp\/v2\/tags?post=39007"}],"curies":[{"name":"wp","href":"https:\/\/api.w.org\/{rel}","templated":true}]}}