{"id":38006,"date":"2025-03-28T10:44:28","date_gmt":"2025-03-28T07:44:28","guid":{"rendered":"https:\/\/denizcankizil.tr\/uncategorized-tr\/antalyada-protestolara-pikachu-da-katildi\/"},"modified":"2025-03-28T10:44:28","modified_gmt":"2025-03-28T07:44:28","slug":"antalyada-protestolara-pikachu-da-katildi","status":"publish","type":"post","link":"http:\/\/denizcankizil.tr\/ru\/haberler\/antalya\/antalyada-protestolara-pikachu-da-katildi\/","title":{"rendered":"Antalya&#8217;da protestolara &#8216;Pikachu&#8217; da kat\u0131ld\u0131"},"content":{"rendered":"<p>\u0130BB Ba\u015fkan\u0131 Ekrem \u0130mamo\u011flu&#8217;nun tutuklanmas\u0131n\u0131 protesto eden grup, Antalya&#8217;da ak\u015fam saatlerinde Cumhuriyet Meydan\u0131ndan y\u00fcr\u00fcy\u00fc\u015fe ba\u015flad\u0131. Akdeniz \u00dcniversitesi ana giri\u015f kap\u0131s\u0131 \u00f6n\u00fcne kadar gelen grup, burada bir s\u00fcre bekledi. Polis ekiplerinin m\u00fcdahale etmedi\u011fi grup, \u00f6nce oturma eylemi yapt\u0131. G\u00f6stericiler, m\u00fczik a\u00e7arak dans etmenin yan\u0131 s\u0131ra voleybol oynad\u0131. Grubun da\u011f\u0131lmas\u0131 y\u00f6n\u00fcnde anons yapan polis ekiplerini dinlemeyen g\u00f6stericilerden baz\u0131lar\u0131 ise uzun e\u015fek de oynad\u0131. Gece yar\u0131s\u0131 yine anons yapan polis ekipleri son uyar\u0131n\u0131n yap\u0131ld\u0131\u011f\u0131n\u0131 belirtmesine ra\u011fmen g\u00f6stericiler da\u011f\u0131lmazken, engelli bir g\u00f6sterici ile di\u011fer g\u00f6stericiler aras\u0131nda tart\u0131\u015fma ya\u015fand\u0131. G\u00f6steride yer alan baz\u0131 vatanda\u015flar tekerlekli sandalyeli engelli genci alandan uzakla\u015ft\u0131rarak ortam\u0131 sakinle\u015ftirmeye \u00e7al\u0131\u015ft\u0131. Saatin ilerlemesiyle gruptan baz\u0131lar\u0131 da\u011f\u0131l\u0131rken, polis ekipleri g\u00f6stericilerin sakin bir \u015fekilde da\u011f\u0131lmas\u0131n\u0131 beklemeye devam etti.<\/p>\n<p>CHP HEYET\u0130 \u0130LE GRUP ARASINDA TARTI\u015eMA<\/p>\n<p>Alana gelen CHP Antalya \u0130l Ba\u015fkan\u0131 Nail Kamac\u0131 ve CHP heyeti bir s\u00fcre g\u00f6stericilerle birlikte hareket etti. Polis ekipleriyle g\u00f6r\u00fc\u015fen ve saat 23.00 s\u0131ralar\u0131nda da\u011f\u0131lacaklar\u0131n\u0131 belirten CHP heyetiyle di\u011fer g\u00f6stericiler aras\u0131nda g\u00f6r\u00fc\u015f farkl\u0131l\u0131\u011f\u0131ndan dolay\u0131 s\u00f6zl\u00fc tart\u0131\u015fma ya\u015fand\u0131. CHP heyeti da\u011f\u0131lmalar\u0131n\u0131 isterken di\u011fer g\u00f6stericiler bunu kabul etmedi. Bunun \u00fczerine CHP heyeti alandan ayr\u0131ld\u0131.<\/p>\n<p>P\u0130KACHU VE ANGRY B\u0130RDS KOST\u00dcML\u00dc G\u00d6STER\u0130C\u0130LER<\/p>\n<p>Bu arada, d\u00fcn ak\u015fam yap\u0131lan g\u00f6sterilere kat\u0131lan \u00e7izgi film karakteri &#8216;Pikachu&#8217; kost\u00fcml\u00fc bir g\u00f6sterici bug\u00fcn de eyleme kat\u0131ld\u0131. G\u00f6steri alan\u0131na geldi\u011fi anda ilgi ve alakan\u0131n \u00fczerine \u00e7evrildi\u011fi &#8216;Pikachu&#8217; di\u011fer g\u00f6stericilerle foto\u011fraf \u00e7ekimi ger\u00e7ekle\u015ftirdi. Ayr\u0131ca alanda &#8216;Angry Birds&#8217; kost\u00fcml\u00fc bir g\u00f6sterici de yer al\u0131rken o da bol bol foto\u011fraf \u00e7ektirdi.<\/p>\n<p>Kaynak: www.kanalv.com.tr Haber Sitesinden Al\u0131nm\u0131\u015ft\u0131r.<\/p>","protected":false},"excerpt":{"rendered":"<p>\u0130BB Ba\u015fkan\u0131 Ekrem \u0130mamo\u011flu&#8217;nun tutuklanmas\u0131n\u0131 protesto eden grup, Antalya&#8217;da ak\u015fam saatlerinde Cumhuriyet Meydan\u0131ndan y\u00fcr\u00fcy\u00fc\u015fe ba\u015flad\u0131. Akdeniz \u00dcniversitesi ana giri\u015f kap\u0131s\u0131 \u00f6n\u00fcne kadar gelen grup, burada bir s\u00fcre bekledi. Polis ekiplerinin m\u00fcdahale etmedi\u011fi grup, \u00f6nce oturma eylemi yapt\u0131. G\u00f6stericiler, m\u00fczik a\u00e7arak dans etmenin yan\u0131 s\u0131ra voleybol oynad\u0131. Grubun da\u011f\u0131lmas\u0131 y\u00f6n\u00fcnde anons yapan polis ekiplerini dinlemeyen g\u00f6stericilerden baz\u0131lar\u0131 ise uzun e\u015fek de oynad\u0131. Gece yar\u0131s\u0131 yine anons yapan polis ekipleri son uyar\u0131n\u0131n yap\u0131ld\u0131\u011f\u0131n\u0131 belirtmesine ra\u011fmen g\u00f6stericiler da\u011f\u0131lmazken, engelli bir g\u00f6sterici ile di\u011fer g\u00f6stericiler aras\u0131nda tart\u0131\u015fma ya\u015fand\u0131. G\u00f6steride yer alan baz\u0131 vatanda\u015flar tekerlekli sandalyeli engelli genci alandan uzakla\u015ft\u0131rarak ortam\u0131 sakinle\u015ftirmeye \u00e7al\u0131\u015ft\u0131. Saatin ilerlemesiyle gruptan baz\u0131lar\u0131 da\u011f\u0131l\u0131rken, polis ekipleri g\u00f6stericilerin sakin bir \u015fekilde da\u011f\u0131lmas\u0131n\u0131 beklemeye devam etti. CHP HEYET\u0130 \u0130LE GRUP ARASINDA TARTI\u015eMA Alana gelen CHP Antalya \u0130l Ba\u015fkan\u0131 Nail Kamac\u0131 ve CHP heyeti bir s\u00fcre g\u00f6stericilerle birlikte hareket etti. Polis ekipleriyle g\u00f6r\u00fc\u015fen ve saat 23.00 s\u0131ralar\u0131nda da\u011f\u0131lacaklar\u0131n\u0131 belirten CHP heyetiyle di\u011fer g\u00f6stericiler aras\u0131nda g\u00f6r\u00fc\u015f farkl\u0131l\u0131\u011f\u0131ndan dolay\u0131 s\u00f6zl\u00fc tart\u0131\u015fma ya\u015fand\u0131. CHP heyeti da\u011f\u0131lmalar\u0131n\u0131 isterken di\u011fer g\u00f6stericiler bunu kabul etmedi. Bunun \u00fczerine CHP heyeti alandan ayr\u0131ld\u0131. P\u0130KACHU VE ANGRY B\u0130RDS KOST\u00dcML\u00dc G\u00d6STER\u0130C\u0130LER Bu arada, d\u00fcn ak\u015fam yap\u0131lan g\u00f6sterilere kat\u0131lan \u00e7izgi film karakteri &#8216;Pikachu&#8217; kost\u00fcml\u00fc bir g\u00f6sterici bug\u00fcn de eyleme kat\u0131ld\u0131. G\u00f6steri alan\u0131na geldi\u011fi anda ilgi &hellip;<\/p>","protected":false},"author":4,"featured_media":38007,"comment_status":"","ping_status":"open","sticky":false,"template":"","format":"standard","meta":{"_acf_changed":false,"footnotes":""},"categories":[26],"tags":[],"class_list":["post-38006","post","type-post","status-publish","format-standard","has-post-thumbnail","hentry","category-antalya"],"acf":[],"yoast_head":"<!-- This site is optimized with the Yoast SEO Premium plugin v26.6 (Yoast SEO v27.1.1) - https:\/\/yoast.com\/product\/yoast-seo-premium-wordpress\/ -->\n<title>Antalya&#039;da protestolara &#039;Pikachu&#039; da kat\u0131ld\u0131 - Av. Deniz Can K\u0131z\u0131l<\/title>\n<meta name=\"robots\" content=\"index, follow, max-snippet:-1, max-image-preview:large, max-video-preview:-1\" \/>\n<link rel=\"canonical\" href=\"https:\/\/denizcankizil.tr\/ru\/haberler\/antalya\/antalyada-protestolara-pikachu-da-katildi\/\" \/>\n<meta property=\"og:locale\" content=\"ru_RU\" \/>\n<meta property=\"og:type\" content=\"article\" \/>\n<meta property=\"og:title\" content=\"Antalya&#039;da protestolara &#039;Pikachu&#039; da kat\u0131ld\u0131\" \/>\n<meta property=\"og:description\" content=\"\u0130BB Ba\u015fkan\u0131 Ekrem \u0130mamo\u011flu&#8217;nun tutuklanmas\u0131n\u0131 protesto eden grup, Antalya&#8217;da ak\u015fam saatlerinde Cumhuriyet Meydan\u0131ndan y\u00fcr\u00fcy\u00fc\u015fe ba\u015flad\u0131. Akdeniz \u00dcniversitesi ana giri\u015f kap\u0131s\u0131 \u00f6n\u00fcne kadar gelen grup, burada bir s\u00fcre bekledi. Polis ekiplerinin m\u00fcdahale etmedi\u011fi grup, \u00f6nce oturma eylemi yapt\u0131. G\u00f6stericiler, m\u00fczik a\u00e7arak dans etmenin yan\u0131 s\u0131ra voleybol oynad\u0131. Grubun da\u011f\u0131lmas\u0131 y\u00f6n\u00fcnde anons yapan polis ekiplerini dinlemeyen g\u00f6stericilerden baz\u0131lar\u0131 ise uzun e\u015fek de oynad\u0131. Gece yar\u0131s\u0131 yine anons yapan polis ekipleri son uyar\u0131n\u0131n yap\u0131ld\u0131\u011f\u0131n\u0131 belirtmesine ra\u011fmen g\u00f6stericiler da\u011f\u0131lmazken, engelli bir g\u00f6sterici ile di\u011fer g\u00f6stericiler aras\u0131nda tart\u0131\u015fma ya\u015fand\u0131. G\u00f6steride yer alan baz\u0131 vatanda\u015flar tekerlekli sandalyeli engelli genci alandan uzakla\u015ft\u0131rarak ortam\u0131 sakinle\u015ftirmeye \u00e7al\u0131\u015ft\u0131. Saatin ilerlemesiyle gruptan baz\u0131lar\u0131 da\u011f\u0131l\u0131rken, polis ekipleri g\u00f6stericilerin sakin bir \u015fekilde da\u011f\u0131lmas\u0131n\u0131 beklemeye devam etti. CHP HEYET\u0130 \u0130LE GRUP ARASINDA TARTI\u015eMA Alana gelen CHP Antalya \u0130l Ba\u015fkan\u0131 Nail Kamac\u0131 ve CHP heyeti bir s\u00fcre g\u00f6stericilerle birlikte hareket etti. Polis ekipleriyle g\u00f6r\u00fc\u015fen ve saat 23.00 s\u0131ralar\u0131nda da\u011f\u0131lacaklar\u0131n\u0131 belirten CHP heyetiyle di\u011fer g\u00f6stericiler aras\u0131nda g\u00f6r\u00fc\u015f farkl\u0131l\u0131\u011f\u0131ndan dolay\u0131 s\u00f6zl\u00fc tart\u0131\u015fma ya\u015fand\u0131. CHP heyeti da\u011f\u0131lmalar\u0131n\u0131 isterken di\u011fer g\u00f6stericiler bunu kabul etmedi. Bunun \u00fczerine CHP heyeti alandan ayr\u0131ld\u0131. P\u0130KACHU VE ANGRY B\u0130RDS KOST\u00dcML\u00dc G\u00d6STER\u0130C\u0130LER Bu arada, d\u00fcn ak\u015fam yap\u0131lan g\u00f6sterilere kat\u0131lan \u00e7izgi film karakteri &#8216;Pikachu&#8217; kost\u00fcml\u00fc bir g\u00f6sterici bug\u00fcn de eyleme kat\u0131ld\u0131. G\u00f6steri alan\u0131na geldi\u011fi anda ilgi &hellip;\" \/>\n<meta property=\"og:url\" content=\"https:\/\/denizcankizil.tr\/ru\/haberler\/antalya\/antalyada-protestolara-pikachu-da-katildi\/\" \/>\n<meta property=\"og:site_name\" content=\"Av. Deniz Can K\u0131z\u0131l\" \/>\n<meta property=\"article:published_time\" content=\"2025-03-28T07:44:28+00:00\" \/>\n<meta property=\"og:image\" content=\"https:\/\/denizcankizil.tr\/wp-content\/uploads\/2025\/03\/5775-01-g9VCMu.jpeg\" \/>\n\t<meta property=\"og:image:width\" content=\"1280\" \/>\n\t<meta property=\"og:image:height\" content=\"720\" \/>\n\t<meta property=\"og:image:type\" content=\"image\/jpeg\" \/>\n<meta name=\"author\" content=\"Av. Deniz Can K\u0131z\u0131l\" \/>\n<meta name=\"twitter:card\" content=\"summary_large_image\" \/>\n<meta name=\"twitter:label1\" content=\"\u041d\u0430\u043f\u0438\u0441\u0430\u043d\u043e \u0430\u0432\u0442\u043e\u0440\u043e\u043c\" \/>\n\t<meta name=\"twitter:data1\" content=\"Av. Deniz Can K\u0131z\u0131l\" \/>\n\t<meta name=\"twitter:label2\" content=\"\u041f\u0440\u0438\u043c\u0435\u0440\u043d\u043e\u0435 \u0432\u0440\u0435\u043c\u044f \u0434\u043b\u044f \u0447\u0442\u0435\u043d\u0438\u044f\" \/>\n\t<meta name=\"twitter:data2\" content=\"2 \u043c\u0438\u043d\u0443\u0442\u044b\" \/>\n<script type=\"application\/ld+json\" class=\"yoast-schema-graph\">{\"@context\":\"https:\/\/schema.org\",\"@graph\":[{\"@type\":\"Article\",\"@id\":\"https:\/\/denizcankizil.tr\/uk\/haberler\/antalya\/antalyada-protestolara-pikachu-da-katildi\/#article\",\"isPartOf\":{\"@id\":\"https:\/\/denizcankizil.tr\/uk\/haberler\/antalya\/antalyada-protestolara-pikachu-da-katildi\/\"},\"author\":{\"name\":\"Av. Deniz Can K\u0131z\u0131l\",\"@id\":\"https:\/\/denizcankizil.tr\/#\/schema\/person\/5dc1b22991bd7ac833867c10afc9b0ff\"},\"headline\":\"Antalya&#8217;da protestolara &#8216;Pikachu&#8217; da kat\u0131ld\u0131\",\"datePublished\":\"2025-03-28T07:44:28+00:00\",\"mainEntityOfPage\":{\"@id\":\"https:\/\/denizcankizil.tr\/uk\/haberler\/antalya\/antalyada-protestolara-pikachu-da-katildi\/\"},\"wordCount\":349,\"publisher\":{\"@id\":\"https:\/\/denizcankizil.tr\/#organization\"},\"image\":{\"@id\":\"https:\/\/denizcankizil.tr\/uk\/haberler\/antalya\/antalyada-protestolara-pikachu-da-katildi\/#primaryimage\"},\"thumbnailUrl\":\"http:\/\/denizcankizil.tr\/wp-content\/uploads\/2025\/03\/5775-01-g9VCMu.jpeg\",\"articleSection\":[\"Antalya\"],\"inLanguage\":\"ru-RU\"},{\"@type\":\"WebPage\",\"@id\":\"https:\/\/denizcankizil.tr\/uk\/haberler\/antalya\/antalyada-protestolara-pikachu-da-katildi\/\",\"url\":\"https:\/\/denizcankizil.tr\/uk\/haberler\/antalya\/antalyada-protestolara-pikachu-da-katildi\/\",\"name\":\"Antalya'da protestolara 'Pikachu' da kat\u0131ld\u0131 - Av. Deniz Can K\u0131z\u0131l\",\"isPartOf\":{\"@id\":\"https:\/\/denizcankizil.tr\/#website\"},\"primaryImageOfPage\":{\"@id\":\"https:\/\/denizcankizil.tr\/uk\/haberler\/antalya\/antalyada-protestolara-pikachu-da-katildi\/#primaryimage\"},\"image\":{\"@id\":\"https:\/\/denizcankizil.tr\/uk\/haberler\/antalya\/antalyada-protestolara-pikachu-da-katildi\/#primaryimage\"},\"thumbnailUrl\":\"http:\/\/denizcankizil.tr\/wp-content\/uploads\/2025\/03\/5775-01-g9VCMu.jpeg\",\"datePublished\":\"2025-03-28T07:44:28+00:00\",\"breadcrumb\":{\"@id\":\"https:\/\/denizcankizil.tr\/uk\/haberler\/antalya\/antalyada-protestolara-pikachu-da-katildi\/#breadcrumb\"},\"inLanguage\":\"ru-RU\",\"potentialAction\":[{\"@type\":\"ReadAction\",\"target\":[\"https:\/\/denizcankizil.tr\/uk\/haberler\/antalya\/antalyada-protestolara-pikachu-da-katildi\/\"]}]},{\"@type\":\"ImageObject\",\"inLanguage\":\"ru-RU\",\"@id\":\"https:\/\/denizcankizil.tr\/uk\/haberler\/antalya\/antalyada-protestolara-pikachu-da-katildi\/#primaryimage\",\"url\":\"http:\/\/denizcankizil.tr\/wp-content\/uploads\/2025\/03\/5775-01-g9VCMu.jpeg\",\"contentUrl\":\"http:\/\/denizcankizil.tr\/wp-content\/uploads\/2025\/03\/5775-01-g9VCMu.jpeg\",\"width\":1280,\"height\":720},{\"@type\":\"BreadcrumbList\",\"@id\":\"https:\/\/denizcankizil.tr\/uk\/haberler\/antalya\/antalyada-protestolara-pikachu-da-katildi\/#breadcrumb\",\"itemListElement\":[{\"@type\":\"ListItem\",\"position\":1,\"name\":\"Home\",\"item\":\"https:\/\/denizcankizil.tr\/de\/\"},{\"@type\":\"ListItem\",\"position\":2,\"name\":\"Antalya&#8217;da protestolara &#8216;Pikachu&#8217; da kat\u0131ld\u0131\"}]},{\"@type\":\"WebSite\",\"@id\":\"https:\/\/denizcankizil.tr\/#website\",\"url\":\"https:\/\/denizcankizil.tr\/\",\"name\":\"Av. Deniz Can K\u0131z\u0131l\",\"description\":\"Avukat Deniz Can K\u0131z\u0131l Antalya Barosu\",\"publisher\":{\"@id\":\"https:\/\/denizcankizil.tr\/#organization\"},\"potentialAction\":[{\"@type\":\"SearchAction\",\"target\":{\"@type\":\"EntryPoint\",\"urlTemplate\":\"https:\/\/denizcankizil.tr\/?s={search_term_string}\"},\"query-input\":{\"@type\":\"PropertyValueSpecification\",\"valueRequired\":true,\"valueName\":\"search_term_string\"}}],\"inLanguage\":\"ru-RU\"},{\"@type\":\"Organization\",\"@id\":\"https:\/\/denizcankizil.tr\/#organization\",\"name\":\"Av. Deniz Can K\u0131z\u0131l\",\"url\":\"https:\/\/denizcankizil.tr\/\",\"logo\":{\"@type\":\"ImageObject\",\"inLanguage\":\"ru-RU\",\"@id\":\"https:\/\/denizcankizil.tr\/#\/schema\/logo\/image\/\",\"url\":\"http:\/\/denizcankizil.tr\/wp-content\/uploads\/2024\/10\/siyah-logo-svg.svg\",\"contentUrl\":\"http:\/\/denizcankizil.tr\/wp-content\/uploads\/2024\/10\/siyah-logo-svg.svg\",\"width\":1080,\"height\":1080,\"caption\":\"Av. Deniz Can K\u0131z\u0131l\"},\"image\":{\"@id\":\"https:\/\/denizcankizil.tr\/#\/schema\/logo\/image\/\"}},{\"@type\":\"Person\",\"@id\":\"https:\/\/denizcankizil.tr\/#\/schema\/person\/5dc1b22991bd7ac833867c10afc9b0ff\",\"name\":\"Av. Deniz Can K\u0131z\u0131l\",\"image\":{\"@type\":\"ImageObject\",\"inLanguage\":\"ru-RU\",\"@id\":\"https:\/\/denizcankizil.tr\/#\/schema\/person\/image\/\",\"url\":\"https:\/\/secure.gravatar.com\/avatar\/a0b128fb9855c79efc976d5640eedb31dc35ec297594d6016d2cf7c60e975bb6?s=96&d=mm&r=g\",\"contentUrl\":\"https:\/\/secure.gravatar.com\/avatar\/a0b128fb9855c79efc976d5640eedb31dc35ec297594d6016d2cf7c60e975bb6?s=96&d=mm&r=g\",\"caption\":\"Av. Deniz Can K\u0131z\u0131l\"},\"sameAs\":[\"http:\/\/www.denizcankizil.tr\"],\"url\":\"http:\/\/denizcankizil.tr\/ru\/author\/denizcankizil\/\"}]}<\/script>\n<!-- \/ Yoast SEO Premium plugin. -->","yoast_head_json":{"title":"Antalya'da protestolara 'Pikachu' da kat\u0131ld\u0131 - Av. Deniz Can K\u0131z\u0131l","robots":{"index":"index","follow":"follow","max-snippet":"max-snippet:-1","max-image-preview":"max-image-preview:large","max-video-preview":"max-video-preview:-1"},"canonical":"https:\/\/denizcankizil.tr\/ru\/haberler\/antalya\/antalyada-protestolara-pikachu-da-katildi\/","og_locale":"ru_RU","og_type":"article","og_title":"Antalya'da protestolara 'Pikachu' da kat\u0131ld\u0131","og_description":"\u0130BB Ba\u015fkan\u0131 Ekrem \u0130mamo\u011flu&#8217;nun tutuklanmas\u0131n\u0131 protesto eden grup, Antalya&#8217;da ak\u015fam saatlerinde Cumhuriyet Meydan\u0131ndan y\u00fcr\u00fcy\u00fc\u015fe ba\u015flad\u0131. Akdeniz \u00dcniversitesi ana giri\u015f kap\u0131s\u0131 \u00f6n\u00fcne kadar gelen grup, burada bir s\u00fcre bekledi. Polis ekiplerinin m\u00fcdahale etmedi\u011fi grup, \u00f6nce oturma eylemi yapt\u0131. G\u00f6stericiler, m\u00fczik a\u00e7arak dans etmenin yan\u0131 s\u0131ra voleybol oynad\u0131. Grubun da\u011f\u0131lmas\u0131 y\u00f6n\u00fcnde anons yapan polis ekiplerini dinlemeyen g\u00f6stericilerden baz\u0131lar\u0131 ise uzun e\u015fek de oynad\u0131. Gece yar\u0131s\u0131 yine anons yapan polis ekipleri son uyar\u0131n\u0131n yap\u0131ld\u0131\u011f\u0131n\u0131 belirtmesine ra\u011fmen g\u00f6stericiler da\u011f\u0131lmazken, engelli bir g\u00f6sterici ile di\u011fer g\u00f6stericiler aras\u0131nda tart\u0131\u015fma ya\u015fand\u0131. G\u00f6steride yer alan baz\u0131 vatanda\u015flar tekerlekli sandalyeli engelli genci alandan uzakla\u015ft\u0131rarak ortam\u0131 sakinle\u015ftirmeye \u00e7al\u0131\u015ft\u0131. Saatin ilerlemesiyle gruptan baz\u0131lar\u0131 da\u011f\u0131l\u0131rken, polis ekipleri g\u00f6stericilerin sakin bir \u015fekilde da\u011f\u0131lmas\u0131n\u0131 beklemeye devam etti. CHP HEYET\u0130 \u0130LE GRUP ARASINDA TARTI\u015eMA Alana gelen CHP Antalya \u0130l Ba\u015fkan\u0131 Nail Kamac\u0131 ve CHP heyeti bir s\u00fcre g\u00f6stericilerle birlikte hareket etti. Polis ekipleriyle g\u00f6r\u00fc\u015fen ve saat 23.00 s\u0131ralar\u0131nda da\u011f\u0131lacaklar\u0131n\u0131 belirten CHP heyetiyle di\u011fer g\u00f6stericiler aras\u0131nda g\u00f6r\u00fc\u015f farkl\u0131l\u0131\u011f\u0131ndan dolay\u0131 s\u00f6zl\u00fc tart\u0131\u015fma ya\u015fand\u0131. CHP heyeti da\u011f\u0131lmalar\u0131n\u0131 isterken di\u011fer g\u00f6stericiler bunu kabul etmedi. Bunun \u00fczerine CHP heyeti alandan ayr\u0131ld\u0131. P\u0130KACHU VE ANGRY B\u0130RDS KOST\u00dcML\u00dc G\u00d6STER\u0130C\u0130LER Bu arada, d\u00fcn ak\u015fam yap\u0131lan g\u00f6sterilere kat\u0131lan \u00e7izgi film karakteri &#8216;Pikachu&#8217; kost\u00fcml\u00fc bir g\u00f6sterici bug\u00fcn de eyleme kat\u0131ld\u0131. G\u00f6steri alan\u0131na geldi\u011fi anda ilgi &hellip;","og_url":"https:\/\/denizcankizil.tr\/ru\/haberler\/antalya\/antalyada-protestolara-pikachu-da-katildi\/","og_site_name":"Av. Deniz Can K\u0131z\u0131l","article_published_time":"2025-03-28T07:44:28+00:00","og_image":[{"width":1280,"height":720,"url":"https:\/\/denizcankizil.tr\/wp-content\/uploads\/2025\/03\/5775-01-g9VCMu.jpeg","type":"image\/jpeg"}],"author":"Av. Deniz Can K\u0131z\u0131l","twitter_card":"summary_large_image","twitter_misc":{"\u041d\u0430\u043f\u0438\u0441\u0430\u043d\u043e \u0430\u0432\u0442\u043e\u0440\u043e\u043c":"Av. Deniz Can K\u0131z\u0131l","\u041f\u0440\u0438\u043c\u0435\u0440\u043d\u043e\u0435 \u0432\u0440\u0435\u043c\u044f \u0434\u043b\u044f \u0447\u0442\u0435\u043d\u0438\u044f":"2 \u043c\u0438\u043d\u0443\u0442\u044b"},"schema":{"@context":"https:\/\/schema.org","@graph":[{"@type":"Article","@id":"https:\/\/denizcankizil.tr\/uk\/haberler\/antalya\/antalyada-protestolara-pikachu-da-katildi\/#article","isPartOf":{"@id":"https:\/\/denizcankizil.tr\/uk\/haberler\/antalya\/antalyada-protestolara-pikachu-da-katildi\/"},"author":{"name":"Av. Deniz Can K\u0131z\u0131l","@id":"https:\/\/denizcankizil.tr\/#\/schema\/person\/5dc1b22991bd7ac833867c10afc9b0ff"},"headline":"Antalya&#8217;da protestolara &#8216;Pikachu&#8217; da kat\u0131ld\u0131","datePublished":"2025-03-28T07:44:28+00:00","mainEntityOfPage":{"@id":"https:\/\/denizcankizil.tr\/uk\/haberler\/antalya\/antalyada-protestolara-pikachu-da-katildi\/"},"wordCount":349,"publisher":{"@id":"https:\/\/denizcankizil.tr\/#organization"},"image":{"@id":"https:\/\/denizcankizil.tr\/uk\/haberler\/antalya\/antalyada-protestolara-pikachu-da-katildi\/#primaryimage"},"thumbnailUrl":"http:\/\/denizcankizil.tr\/wp-content\/uploads\/2025\/03\/5775-01-g9VCMu.jpeg","articleSection":["Antalya"],"inLanguage":"ru-RU"},{"@type":"WebPage","@id":"https:\/\/denizcankizil.tr\/uk\/haberler\/antalya\/antalyada-protestolara-pikachu-da-katildi\/","url":"https:\/\/denizcankizil.tr\/uk\/haberler\/antalya\/antalyada-protestolara-pikachu-da-katildi\/","name":"Antalya'da protestolara 'Pikachu' da kat\u0131ld\u0131 - Av. Deniz Can K\u0131z\u0131l","isPartOf":{"@id":"https:\/\/denizcankizil.tr\/#website"},"primaryImageOfPage":{"@id":"https:\/\/denizcankizil.tr\/uk\/haberler\/antalya\/antalyada-protestolara-pikachu-da-katildi\/#primaryimage"},"image":{"@id":"https:\/\/denizcankizil.tr\/uk\/haberler\/antalya\/antalyada-protestolara-pikachu-da-katildi\/#primaryimage"},"thumbnailUrl":"http:\/\/denizcankizil.tr\/wp-content\/uploads\/2025\/03\/5775-01-g9VCMu.jpeg","datePublished":"2025-03-28T07:44:28+00:00","breadcrumb":{"@id":"https:\/\/denizcankizil.tr\/uk\/haberler\/antalya\/antalyada-protestolara-pikachu-da-katildi\/#breadcrumb"},"inLanguage":"ru-RU","potentialAction":[{"@type":"ReadAction","target":["https:\/\/denizcankizil.tr\/uk\/haberler\/antalya\/antalyada-protestolara-pikachu-da-katildi\/"]}]},{"@type":"ImageObject","inLanguage":"ru-RU","@id":"https:\/\/denizcankizil.tr\/uk\/haberler\/antalya\/antalyada-protestolara-pikachu-da-katildi\/#primaryimage","url":"http:\/\/denizcankizil.tr\/wp-content\/uploads\/2025\/03\/5775-01-g9VCMu.jpeg","contentUrl":"http:\/\/denizcankizil.tr\/wp-content\/uploads\/2025\/03\/5775-01-g9VCMu.jpeg","width":1280,"height":720},{"@type":"BreadcrumbList","@id":"https:\/\/denizcankizil.tr\/uk\/haberler\/antalya\/antalyada-protestolara-pikachu-da-katildi\/#breadcrumb","itemListElement":[{"@type":"ListItem","position":1,"name":"Home","item":"https:\/\/denizcankizil.tr\/de\/"},{"@type":"ListItem","position":2,"name":"Antalya&#8217;da protestolara &#8216;Pikachu&#8217; da kat\u0131ld\u0131"}]},{"@type":"WebSite","@id":"https:\/\/denizcankizil.tr\/#website","url":"https:\/\/denizcankizil.tr\/","name":"Av. Deniz Can K\u0131z\u0131l","description":"Avukat Deniz Can K\u0131z\u0131l Antalya Barosu","publisher":{"@id":"https:\/\/denizcankizil.tr\/#organization"},"potentialAction":[{"@type":"SearchAction","target":{"@type":"EntryPoint","urlTemplate":"https:\/\/denizcankizil.tr\/?s={search_term_string}"},"query-input":{"@type":"PropertyValueSpecification","valueRequired":true,"valueName":"search_term_string"}}],"inLanguage":"ru-RU"},{"@type":"Organization","@id":"https:\/\/denizcankizil.tr\/#organization","name":"Av. Deniz Can K\u0131z\u0131l","url":"https:\/\/denizcankizil.tr\/","logo":{"@type":"ImageObject","inLanguage":"ru-RU","@id":"https:\/\/denizcankizil.tr\/#\/schema\/logo\/image\/","url":"http:\/\/denizcankizil.tr\/wp-content\/uploads\/2024\/10\/siyah-logo-svg.svg","contentUrl":"http:\/\/denizcankizil.tr\/wp-content\/uploads\/2024\/10\/siyah-logo-svg.svg","width":1080,"height":1080,"caption":"Av. Deniz Can K\u0131z\u0131l"},"image":{"@id":"https:\/\/denizcankizil.tr\/#\/schema\/logo\/image\/"}},{"@type":"Person","@id":"https:\/\/denizcankizil.tr\/#\/schema\/person\/5dc1b22991bd7ac833867c10afc9b0ff","name":"Av. Deniz Can K\u0131z\u0131l","image":{"@type":"ImageObject","inLanguage":"ru-RU","@id":"https:\/\/denizcankizil.tr\/#\/schema\/person\/image\/","url":"https:\/\/secure.gravatar.com\/avatar\/a0b128fb9855c79efc976d5640eedb31dc35ec297594d6016d2cf7c60e975bb6?s=96&d=mm&r=g","contentUrl":"https:\/\/secure.gravatar.com\/avatar\/a0b128fb9855c79efc976d5640eedb31dc35ec297594d6016d2cf7c60e975bb6?s=96&d=mm&r=g","caption":"Av. Deniz Can K\u0131z\u0131l"},"sameAs":["http:\/\/www.denizcankizil.tr"],"url":"http:\/\/denizcankizil.tr\/ru\/author\/denizcankizil\/"}]}},"_links":{"self":[{"href":"http:\/\/denizcankizil.tr\/ru\/wp-json\/wp\/v2\/posts\/38006","targetHints":{"allow":["GET"]}}],"collection":[{"href":"http:\/\/denizcankizil.tr\/ru\/wp-json\/wp\/v2\/posts"}],"about":[{"href":"http:\/\/denizcankizil.tr\/ru\/wp-json\/wp\/v2\/types\/post"}],"author":[{"embeddable":true,"href":"http:\/\/denizcankizil.tr\/ru\/wp-json\/wp\/v2\/users\/4"}],"replies":[{"embeddable":true,"href":"http:\/\/denizcankizil.tr\/ru\/wp-json\/wp\/v2\/comments?post=38006"}],"version-history":[{"count":0,"href":"http:\/\/denizcankizil.tr\/ru\/wp-json\/wp\/v2\/posts\/38006\/revisions"}],"wp:featuredmedia":[{"embeddable":true,"href":"http:\/\/denizcankizil.tr\/ru\/wp-json\/wp\/v2\/media\/38007"}],"wp:attachment":[{"href":"http:\/\/denizcankizil.tr\/ru\/wp-json\/wp\/v2\/media?parent=38006"}],"wp:term":[{"taxonomy":"category","embeddable":true,"href":"http:\/\/denizcankizil.tr\/ru\/wp-json\/wp\/v2\/categories?post=38006"},{"taxonomy":"post_tag","embeddable":true,"href":"http:\/\/denizcankizil.tr\/ru\/wp-json\/wp\/v2\/tags?post=38006"}],"curies":[{"name":"wp","href":"https:\/\/api.w.org\/{rel}","templated":true}]}}