{"id":37252,"date":"2025-03-27T12:42:09","date_gmt":"2025-03-27T09:42:09","guid":{"rendered":"https:\/\/denizcankizil.tr\/uncategorized-tr\/antalyada-gerilim-suruyor-milletvekili-adayi-tutuklandi\/"},"modified":"2025-03-27T12:42:09","modified_gmt":"2025-03-27T09:42:09","slug":"antalyada-gerilim-suruyor-milletvekili-adayi-tutuklandi","status":"publish","type":"post","link":"http:\/\/denizcankizil.tr\/ru\/haberler\/gundem\/antalyada-gerilim-suruyor-milletvekili-adayi-tutuklandi\/","title":{"rendered":"Antalya&#8217;da gerilim s\u00fcr\u00fcyor: Milletvekili aday\u0131 tutukland\u0131"},"content":{"rendered":"<p>\u0130stanbul B\u00fcy\u00fck\u015fehir Belediyesi Ba\u015fkan\u0131 Ekrem \u0130mamo\u011flu\u2019nun g\u00f6zalt\u0131na al\u0131nmas\u0131 ve akabinde de tutuklanmas\u0131n\u0131n ard\u0131ndan T\u00fcrkiye genelinde ba\u015flayan protestolar g\u00fcn ge\u00e7tik\u00e7e alevlenmeye devam ediyor. 7 g\u00fcnd\u00fcr s\u00fcren protestolarda Antalya\u2019da dahil olmak \u00fczere T\u00fcrkiye\u2019nin her kentinde gen\u00e7lisinden ya\u015fl\u0131s\u0131na, bas\u0131n mensubundan avukat\u0131na kadar bir\u00e7ok isim g\u00f6zalt\u0131na al\u0131narak tutuklad\u0131. TBMM 28.D\u00f6nem Zafer Partisi Antalya Milletvekili Aday Aday\u0131 ve Turan Bilimler Akademisi Antalya \u0130l Ba\u015fkan\u0131 Ata Boyac\u0131\u2019da tutuklanan isimlerin aras\u0131nda yer ald\u0131. Boyac\u0131\u2019n\u0131n 24 Mart\u2019ta g\u00f6zalt\u0131na al\u0131nd\u0131\u011f\u0131 26 Mart g\u00fcn\u00fc de tutukland\u0131 \u00f6\u011frenildi.<\/p>\n<p>G\u00d6ZALTI KARARI OLMAKSIZIN TUTULDU\u011eU \u0130DD\u0130ASI\u2026 <\/p>\n<p>Boyac\u0131, 24 Mart ak\u015fam\u0131 saat 20.00 civar\u0131nda, 2911 Say\u0131l\u0131 Toplant\u0131 ve G\u00f6steri Y\u00fcr\u00fcy\u00fc\u015fleri Kanunu\u2019na muhalefet etti\u011fi iddias\u0131yla g\u00f6zalt\u0131na al\u0131nd\u0131. Uncal\u0131 Emniyet M\u00fcd\u00fcrl\u00fc\u011f\u00fc G\u00fcvenlik B\u00fcro\u2019ya g\u00f6t\u00fcr\u00fclen gen\u00e7, arkada\u015flar\u0131n\u0131n aktard\u0131\u011f\u0131na g\u00f6re, burada saatlerce g\u00f6zalt\u0131 karar\u0131 olmaks\u0131z\u0131n tutuldu ve avukat\u0131yla g\u00f6r\u00fc\u015ft\u00fcr\u00fclmedi. S\u00fcrecin hukuksuz i\u015fledi\u011fini iddia eden arkada\u015flar\u0131, Boyac\u0131\u2019n\u0131n durumuna dikkat \u00e7ekmek i\u00e7in sosyal medyada \u00e7a\u011fr\u0131lar yapt\u0131.<\/p>\n<p>\u201cO\u011eLUM CEZAEV\u0130NE G\u00d6NDER\u0130LD\u0130\u201d <\/p>\n<p>Ata Boyac\u0131\u2019n\u0131n annesi de sosyal medyada yapt\u0131\u011f\u0131 bir payla\u015f\u0131mda o\u011flunun tutukland\u0131\u011f\u0131n\u0131 \u015fu s\u00f6zlerle dile getirdi:<\/p>\n<p>\u201cBen Ata Boyac\u0131\u2019n\u0131n annesiyim. O\u011flum 3 g\u00fcn karakolda tutulduktan sonra bug\u00fcn hakim kar\u015f\u0131s\u0131na \u00e7\u0131kt\u0131. Bir ceza almad\u0131 ama kanuna ayk\u0131r\u0131 toplant\u0131 ve y\u00fcr\u00fcy\u00fc\u015f yapmaktan dolay\u0131 tutuklanarak kapal\u0131 cezaevine g\u00f6nderildi.\u201d<\/p>\n<p>DAHA \u00d6NCE DE G\u00d6ZALTINA ALINMI\u015e <\/p>\n<p>Boyac\u0131\u2019n\u0131n arkada\u015flar\u0131, gen\u00e7 ismin \u00fclkesinde hak, hukuk ve adalet aray\u0131\u015f\u0131 i\u00e7inde oldu\u011funu belirterek\u00a0g\u00f6zalt\u0131 ve tutuklama s\u00fcrecinin \u015feffaf bir \u015fekilde y\u00fcr\u00fct\u00fclmedi\u011fini belirtti. Boyac\u0131\u2019n\u0131n daha \u00f6nce de 2023 y\u0131l\u0131nda H\u00dcDA-PAR\u00a0binas\u0131 \u00f6n\u00fcnde \u201cbozkurt\u201d i\u015fareti yapt\u0131\u011f\u0131 i\u00e7in g\u00f6zalt\u0131na al\u0131nd\u0131\u011f\u0131 \u00f6\u011frenildi.<\/p>\n<p>\u200bEkrem \u0130mamo\u011flu protestolar\u0131 Antalya\u2019da s\u00fcr\u00fcyor. \u00d6zellikle ak\u015famlar\u0131 Akdeniz \u00dcniversitesi \u00e7evresinde gerilimi y\u00fcksek protestolar ya\u015fan\u0131yor. Eylemler s\u0131ras\u0131nda 24 Mart\u2019ta g\u00f6zalt\u0131na al\u0131nan Antalya Milletvekili Aday\u0131 d\u00fcn (26 Mart) tutukland\u0131\u00a0<\/p>\n<p>\u200bHaberin Al\u0131nt\u0131land\u0131\u011f\u0131 Kaynak: www.antalyakorfez.com<\/p>","protected":false},"excerpt":{"rendered":"<p>\u0130stanbul B\u00fcy\u00fck\u015fehir Belediyesi Ba\u015fkan\u0131 Ekrem \u0130mamo\u011flu\u2019nun g\u00f6zalt\u0131na al\u0131nmas\u0131 ve akabinde de tutuklanmas\u0131n\u0131n ard\u0131ndan T\u00fcrkiye genelinde ba\u015flayan protestolar g\u00fcn ge\u00e7tik\u00e7e alevlenmeye devam ediyor. 7 g\u00fcnd\u00fcr s\u00fcren protestolarda Antalya\u2019da dahil olmak \u00fczere T\u00fcrkiye\u2019nin her kentinde gen\u00e7lisinden ya\u015fl\u0131s\u0131na, bas\u0131n mensubundan avukat\u0131na kadar bir\u00e7ok isim g\u00f6zalt\u0131na al\u0131narak tutuklad\u0131. TBMM 28.D\u00f6nem Zafer Partisi Antalya Milletvekili Aday Aday\u0131 ve Turan Bilimler Akademisi Antalya \u0130l Ba\u015fkan\u0131 Ata Boyac\u0131\u2019da tutuklanan isimlerin aras\u0131nda yer ald\u0131. Boyac\u0131\u2019n\u0131n 24 Mart\u2019ta g\u00f6zalt\u0131na al\u0131nd\u0131\u011f\u0131 26 Mart g\u00fcn\u00fc de tutukland\u0131 \u00f6\u011frenildi. G\u00d6ZALTI KARARI OLMAKSIZIN TUTULDU\u011eU \u0130DD\u0130ASI\u2026 Boyac\u0131, 24 Mart ak\u015fam\u0131 saat 20.00 civar\u0131nda, 2911 Say\u0131l\u0131 Toplant\u0131 ve G\u00f6steri Y\u00fcr\u00fcy\u00fc\u015fleri Kanunu\u2019na muhalefet etti\u011fi iddias\u0131yla g\u00f6zalt\u0131na al\u0131nd\u0131. Uncal\u0131 Emniyet M\u00fcd\u00fcrl\u00fc\u011f\u00fc G\u00fcvenlik B\u00fcro\u2019ya g\u00f6t\u00fcr\u00fclen gen\u00e7, arkada\u015flar\u0131n\u0131n aktard\u0131\u011f\u0131na g\u00f6re, burada saatlerce g\u00f6zalt\u0131 karar\u0131 olmaks\u0131z\u0131n tutuldu ve avukat\u0131yla g\u00f6r\u00fc\u015ft\u00fcr\u00fclmedi. S\u00fcrecin hukuksuz i\u015fledi\u011fini iddia eden arkada\u015flar\u0131, Boyac\u0131\u2019n\u0131n durumuna dikkat \u00e7ekmek i\u00e7in sosyal medyada \u00e7a\u011fr\u0131lar yapt\u0131. \u201cO\u011eLUM CEZAEV\u0130NE G\u00d6NDER\u0130LD\u0130\u201d Ata Boyac\u0131\u2019n\u0131n annesi de sosyal medyada yapt\u0131\u011f\u0131 bir payla\u015f\u0131mda o\u011flunun tutukland\u0131\u011f\u0131n\u0131 \u015fu s\u00f6zlerle dile getirdi: \u201cBen Ata Boyac\u0131\u2019n\u0131n annesiyim. O\u011flum 3 g\u00fcn karakolda tutulduktan sonra bug\u00fcn hakim kar\u015f\u0131s\u0131na \u00e7\u0131kt\u0131. Bir ceza almad\u0131 ama kanuna ayk\u0131r\u0131 toplant\u0131 ve y\u00fcr\u00fcy\u00fc\u015f yapmaktan dolay\u0131 tutuklanarak kapal\u0131 cezaevine g\u00f6nderildi.\u201d DAHA \u00d6NCE DE G\u00d6ZALTINA ALINMI\u015e Boyac\u0131\u2019n\u0131n arkada\u015flar\u0131, gen\u00e7 ismin \u00fclkesinde hak, hukuk ve adalet aray\u0131\u015f\u0131 i\u00e7inde oldu\u011funu belirterek\u00a0g\u00f6zalt\u0131 &hellip;<\/p>","protected":false},"author":5,"featured_media":0,"comment_status":"","ping_status":"open","sticky":false,"template":"","format":"standard","meta":{"_acf_changed":false,"footnotes":""},"categories":[24],"tags":[],"class_list":["post-37252","post","type-post","status-publish","format-standard","has-post-thumbnail","hentry","category-gundem"],"acf":[],"yoast_head":"<!-- This site is optimized with the Yoast SEO Premium plugin v26.6 (Yoast SEO v27.1.1) - https:\/\/yoast.com\/product\/yoast-seo-premium-wordpress\/ -->\n<title>Antalya&#039;da gerilim s\u00fcr\u00fcyor: Milletvekili aday\u0131 tutukland\u0131 - Av. Deniz Can K\u0131z\u0131l<\/title>\n<meta name=\"robots\" content=\"index, follow, max-snippet:-1, max-image-preview:large, max-video-preview:-1\" \/>\n<link rel=\"canonical\" href=\"http:\/\/denizcankizil.tr\/ru\/haberler\/gundem\/antalyada-gerilim-suruyor-milletvekili-adayi-tutuklandi\/\" \/>\n<meta property=\"og:locale\" content=\"ru_RU\" \/>\n<meta property=\"og:type\" content=\"article\" \/>\n<meta property=\"og:title\" content=\"Antalya&#039;da gerilim s\u00fcr\u00fcyor: Milletvekili aday\u0131 tutukland\u0131\" \/>\n<meta property=\"og:description\" content=\"\u0130stanbul B\u00fcy\u00fck\u015fehir Belediyesi Ba\u015fkan\u0131 Ekrem \u0130mamo\u011flu\u2019nun g\u00f6zalt\u0131na al\u0131nmas\u0131 ve akabinde de tutuklanmas\u0131n\u0131n ard\u0131ndan T\u00fcrkiye genelinde ba\u015flayan protestolar g\u00fcn ge\u00e7tik\u00e7e alevlenmeye devam ediyor. 7 g\u00fcnd\u00fcr s\u00fcren protestolarda Antalya\u2019da dahil olmak \u00fczere T\u00fcrkiye\u2019nin her kentinde gen\u00e7lisinden ya\u015fl\u0131s\u0131na, bas\u0131n mensubundan avukat\u0131na kadar bir\u00e7ok isim g\u00f6zalt\u0131na al\u0131narak tutuklad\u0131. TBMM 28.D\u00f6nem Zafer Partisi Antalya Milletvekili Aday Aday\u0131 ve Turan Bilimler Akademisi Antalya \u0130l Ba\u015fkan\u0131 Ata Boyac\u0131\u2019da tutuklanan isimlerin aras\u0131nda yer ald\u0131. Boyac\u0131\u2019n\u0131n 24 Mart\u2019ta g\u00f6zalt\u0131na al\u0131nd\u0131\u011f\u0131 26 Mart g\u00fcn\u00fc de tutukland\u0131 \u00f6\u011frenildi. G\u00d6ZALTI KARARI OLMAKSIZIN TUTULDU\u011eU \u0130DD\u0130ASI\u2026 Boyac\u0131, 24 Mart ak\u015fam\u0131 saat 20.00 civar\u0131nda, 2911 Say\u0131l\u0131 Toplant\u0131 ve G\u00f6steri Y\u00fcr\u00fcy\u00fc\u015fleri Kanunu\u2019na muhalefet etti\u011fi iddias\u0131yla g\u00f6zalt\u0131na al\u0131nd\u0131. Uncal\u0131 Emniyet M\u00fcd\u00fcrl\u00fc\u011f\u00fc G\u00fcvenlik B\u00fcro\u2019ya g\u00f6t\u00fcr\u00fclen gen\u00e7, arkada\u015flar\u0131n\u0131n aktard\u0131\u011f\u0131na g\u00f6re, burada saatlerce g\u00f6zalt\u0131 karar\u0131 olmaks\u0131z\u0131n tutuldu ve avukat\u0131yla g\u00f6r\u00fc\u015ft\u00fcr\u00fclmedi. S\u00fcrecin hukuksuz i\u015fledi\u011fini iddia eden arkada\u015flar\u0131, Boyac\u0131\u2019n\u0131n durumuna dikkat \u00e7ekmek i\u00e7in sosyal medyada \u00e7a\u011fr\u0131lar yapt\u0131. \u201cO\u011eLUM CEZAEV\u0130NE G\u00d6NDER\u0130LD\u0130\u201d Ata Boyac\u0131\u2019n\u0131n annesi de sosyal medyada yapt\u0131\u011f\u0131 bir payla\u015f\u0131mda o\u011flunun tutukland\u0131\u011f\u0131n\u0131 \u015fu s\u00f6zlerle dile getirdi: \u201cBen Ata Boyac\u0131\u2019n\u0131n annesiyim. O\u011flum 3 g\u00fcn karakolda tutulduktan sonra bug\u00fcn hakim kar\u015f\u0131s\u0131na \u00e7\u0131kt\u0131. Bir ceza almad\u0131 ama kanuna ayk\u0131r\u0131 toplant\u0131 ve y\u00fcr\u00fcy\u00fc\u015f yapmaktan dolay\u0131 tutuklanarak kapal\u0131 cezaevine g\u00f6nderildi.\u201d DAHA \u00d6NCE DE G\u00d6ZALTINA ALINMI\u015e Boyac\u0131\u2019n\u0131n arkada\u015flar\u0131, gen\u00e7 ismin \u00fclkesinde hak, hukuk ve adalet aray\u0131\u015f\u0131 i\u00e7inde oldu\u011funu belirterek\u00a0g\u00f6zalt\u0131 &hellip;\" \/>\n<meta property=\"og:url\" content=\"http:\/\/denizcankizil.tr\/ru\/haberler\/gundem\/antalyada-gerilim-suruyor-milletvekili-adayi-tutuklandi\/\" \/>\n<meta property=\"og:site_name\" content=\"Av. Deniz Can K\u0131z\u0131l\" \/>\n<meta property=\"article:published_time\" content=\"2025-03-27T09:42:09+00:00\" \/>\n<meta name=\"author\" content=\"Antalya K\u00f6rfez\" \/>\n<meta name=\"twitter:card\" content=\"summary_large_image\" \/>\n<meta name=\"twitter:label1\" content=\"\u041d\u0430\u043f\u0438\u0441\u0430\u043d\u043e \u0430\u0432\u0442\u043e\u0440\u043e\u043c\" \/>\n\t<meta name=\"twitter:data1\" content=\"Antalya K\u00f6rfez\" \/>\n\t<meta name=\"twitter:label2\" content=\"\u041f\u0440\u0438\u043c\u0435\u0440\u043d\u043e\u0435 \u0432\u0440\u0435\u043c\u044f \u0434\u043b\u044f \u0447\u0442\u0435\u043d\u0438\u044f\" \/>\n\t<meta name=\"twitter:data2\" content=\"2 \u043c\u0438\u043d\u0443\u0442\u044b\" \/>\n<script type=\"application\/ld+json\" class=\"yoast-schema-graph\">{\"@context\":\"https:\/\/schema.org\",\"@graph\":[{\"@type\":\"Article\",\"@id\":\"http:\/\/denizcankizil.tr\/ru\/haberler\/gundem\/antalyada-gerilim-suruyor-milletvekili-adayi-tutuklandi\/#article\",\"isPartOf\":{\"@id\":\"http:\/\/denizcankizil.tr\/ru\/haberler\/gundem\/antalyada-gerilim-suruyor-milletvekili-adayi-tutuklandi\/\"},\"author\":{\"name\":\"Antalya K\u00f6rfez\",\"@id\":\"https:\/\/denizcankizil.tr\/de\/#\/schema\/person\/e1eb71bb4dd684d46563f0af307e1234\"},\"headline\":\"Antalya&#8217;da gerilim s\u00fcr\u00fcyor: Milletvekili aday\u0131 tutukland\u0131\",\"datePublished\":\"2025-03-27T09:42:09+00:00\",\"mainEntityOfPage\":{\"@id\":\"http:\/\/denizcankizil.tr\/ru\/haberler\/gundem\/antalyada-gerilim-suruyor-milletvekili-adayi-tutuklandi\/\"},\"wordCount\":408,\"publisher\":{\"@id\":\"https:\/\/denizcankizil.tr\/de\/#organization\"},\"articleSection\":[\"G\u00fcndem\"],\"inLanguage\":\"ru-RU\"},{\"@type\":\"WebPage\",\"@id\":\"http:\/\/denizcankizil.tr\/ru\/haberler\/gundem\/antalyada-gerilim-suruyor-milletvekili-adayi-tutuklandi\/\",\"url\":\"http:\/\/denizcankizil.tr\/ru\/haberler\/gundem\/antalyada-gerilim-suruyor-milletvekili-adayi-tutuklandi\/\",\"name\":\"Antalya'da gerilim s\u00fcr\u00fcyor: Milletvekili aday\u0131 tutukland\u0131 - Av. Deniz Can K\u0131z\u0131l\",\"isPartOf\":{\"@id\":\"https:\/\/denizcankizil.tr\/de\/#website\"},\"datePublished\":\"2025-03-27T09:42:09+00:00\",\"breadcrumb\":{\"@id\":\"http:\/\/denizcankizil.tr\/ru\/haberler\/gundem\/antalyada-gerilim-suruyor-milletvekili-adayi-tutuklandi\/#breadcrumb\"},\"inLanguage\":\"ru-RU\",\"potentialAction\":[{\"@type\":\"ReadAction\",\"target\":[\"http:\/\/denizcankizil.tr\/ru\/haberler\/gundem\/antalyada-gerilim-suruyor-milletvekili-adayi-tutuklandi\/\"]}]},{\"@type\":\"BreadcrumbList\",\"@id\":\"http:\/\/denizcankizil.tr\/ru\/haberler\/gundem\/antalyada-gerilim-suruyor-milletvekili-adayi-tutuklandi\/#breadcrumb\",\"itemListElement\":[{\"@type\":\"ListItem\",\"position\":1,\"name\":\"Home\",\"item\":\"https:\/\/denizcankizil.tr\/de\/\"},{\"@type\":\"ListItem\",\"position\":2,\"name\":\"Antalya&#8217;da gerilim s\u00fcr\u00fcyor: Milletvekili aday\u0131 tutukland\u0131\"}]},{\"@type\":\"WebSite\",\"@id\":\"https:\/\/denizcankizil.tr\/de\/#website\",\"url\":\"https:\/\/denizcankizil.tr\/de\/\",\"name\":\"Av. Deniz Can K\u0131z\u0131l\",\"description\":\"Avukat Deniz Can K\u0131z\u0131l Antalya Barosu\",\"publisher\":{\"@id\":\"https:\/\/denizcankizil.tr\/de\/#organization\"},\"potentialAction\":[{\"@type\":\"SearchAction\",\"target\":{\"@type\":\"EntryPoint\",\"urlTemplate\":\"https:\/\/denizcankizil.tr\/de\/?s={search_term_string}\"},\"query-input\":{\"@type\":\"PropertyValueSpecification\",\"valueRequired\":true,\"valueName\":\"search_term_string\"}}],\"inLanguage\":\"ru-RU\"},{\"@type\":\"Organization\",\"@id\":\"https:\/\/denizcankizil.tr\/de\/#organization\",\"name\":\"Av. Deniz Can K\u0131z\u0131l\",\"url\":\"https:\/\/denizcankizil.tr\/de\/\",\"logo\":{\"@type\":\"ImageObject\",\"inLanguage\":\"ru-RU\",\"@id\":\"https:\/\/denizcankizil.tr\/de\/#\/schema\/logo\/image\/\",\"url\":\"http:\/\/denizcankizil.tr\/wp-content\/uploads\/2024\/10\/siyah-logo-svg.svg\",\"contentUrl\":\"http:\/\/denizcankizil.tr\/wp-content\/uploads\/2024\/10\/siyah-logo-svg.svg\",\"width\":1080,\"height\":1080,\"caption\":\"Av. Deniz Can K\u0131z\u0131l\"},\"image\":{\"@id\":\"https:\/\/denizcankizil.tr\/de\/#\/schema\/logo\/image\/\"}},{\"@type\":\"Person\",\"@id\":\"https:\/\/denizcankizil.tr\/de\/#\/schema\/person\/e1eb71bb4dd684d46563f0af307e1234\",\"name\":\"Antalya K\u00f6rfez\",\"image\":{\"@type\":\"ImageObject\",\"inLanguage\":\"ru-RU\",\"@id\":\"https:\/\/denizcankizil.tr\/de\/#\/schema\/person\/image\/\",\"url\":\"https:\/\/secure.gravatar.com\/avatar\/42b01982558a48a0b501fdcab6a408d3717ea5919095ee2e67b0e521799c5905?s=96&d=mm&r=g\",\"contentUrl\":\"https:\/\/secure.gravatar.com\/avatar\/42b01982558a48a0b501fdcab6a408d3717ea5919095ee2e67b0e521799c5905?s=96&d=mm&r=g\",\"caption\":\"Antalya K\u00f6rfez\"},\"sameAs\":[\"http:\/\/www.antalyakorfez.com\"],\"url\":\"https:\/\/www.antalyakorfez.com\/antalyada-gerilim-suruyor-milletvekili-adayi-tutuklandi\"}]}<\/script>\n<!-- \/ Yoast SEO Premium plugin. -->","yoast_head_json":{"title":"Antalya'da gerilim s\u00fcr\u00fcyor: Milletvekili aday\u0131 tutukland\u0131 - Av. Deniz Can K\u0131z\u0131l","robots":{"index":"index","follow":"follow","max-snippet":"max-snippet:-1","max-image-preview":"max-image-preview:large","max-video-preview":"max-video-preview:-1"},"canonical":"http:\/\/denizcankizil.tr\/ru\/haberler\/gundem\/antalyada-gerilim-suruyor-milletvekili-adayi-tutuklandi\/","og_locale":"ru_RU","og_type":"article","og_title":"Antalya'da gerilim s\u00fcr\u00fcyor: Milletvekili aday\u0131 tutukland\u0131","og_description":"\u0130stanbul B\u00fcy\u00fck\u015fehir Belediyesi Ba\u015fkan\u0131 Ekrem \u0130mamo\u011flu\u2019nun g\u00f6zalt\u0131na al\u0131nmas\u0131 ve akabinde de tutuklanmas\u0131n\u0131n ard\u0131ndan T\u00fcrkiye genelinde ba\u015flayan protestolar g\u00fcn ge\u00e7tik\u00e7e alevlenmeye devam ediyor. 7 g\u00fcnd\u00fcr s\u00fcren protestolarda Antalya\u2019da dahil olmak \u00fczere T\u00fcrkiye\u2019nin her kentinde gen\u00e7lisinden ya\u015fl\u0131s\u0131na, bas\u0131n mensubundan avukat\u0131na kadar bir\u00e7ok isim g\u00f6zalt\u0131na al\u0131narak tutuklad\u0131. TBMM 28.D\u00f6nem Zafer Partisi Antalya Milletvekili Aday Aday\u0131 ve Turan Bilimler Akademisi Antalya \u0130l Ba\u015fkan\u0131 Ata Boyac\u0131\u2019da tutuklanan isimlerin aras\u0131nda yer ald\u0131. Boyac\u0131\u2019n\u0131n 24 Mart\u2019ta g\u00f6zalt\u0131na al\u0131nd\u0131\u011f\u0131 26 Mart g\u00fcn\u00fc de tutukland\u0131 \u00f6\u011frenildi. G\u00d6ZALTI KARARI OLMAKSIZIN TUTULDU\u011eU \u0130DD\u0130ASI\u2026 Boyac\u0131, 24 Mart ak\u015fam\u0131 saat 20.00 civar\u0131nda, 2911 Say\u0131l\u0131 Toplant\u0131 ve G\u00f6steri Y\u00fcr\u00fcy\u00fc\u015fleri Kanunu\u2019na muhalefet etti\u011fi iddias\u0131yla g\u00f6zalt\u0131na al\u0131nd\u0131. Uncal\u0131 Emniyet M\u00fcd\u00fcrl\u00fc\u011f\u00fc G\u00fcvenlik B\u00fcro\u2019ya g\u00f6t\u00fcr\u00fclen gen\u00e7, arkada\u015flar\u0131n\u0131n aktard\u0131\u011f\u0131na g\u00f6re, burada saatlerce g\u00f6zalt\u0131 karar\u0131 olmaks\u0131z\u0131n tutuldu ve avukat\u0131yla g\u00f6r\u00fc\u015ft\u00fcr\u00fclmedi. S\u00fcrecin hukuksuz i\u015fledi\u011fini iddia eden arkada\u015flar\u0131, Boyac\u0131\u2019n\u0131n durumuna dikkat \u00e7ekmek i\u00e7in sosyal medyada \u00e7a\u011fr\u0131lar yapt\u0131. \u201cO\u011eLUM CEZAEV\u0130NE G\u00d6NDER\u0130LD\u0130\u201d Ata Boyac\u0131\u2019n\u0131n annesi de sosyal medyada yapt\u0131\u011f\u0131 bir payla\u015f\u0131mda o\u011flunun tutukland\u0131\u011f\u0131n\u0131 \u015fu s\u00f6zlerle dile getirdi: \u201cBen Ata Boyac\u0131\u2019n\u0131n annesiyim. O\u011flum 3 g\u00fcn karakolda tutulduktan sonra bug\u00fcn hakim kar\u015f\u0131s\u0131na \u00e7\u0131kt\u0131. Bir ceza almad\u0131 ama kanuna ayk\u0131r\u0131 toplant\u0131 ve y\u00fcr\u00fcy\u00fc\u015f yapmaktan dolay\u0131 tutuklanarak kapal\u0131 cezaevine g\u00f6nderildi.\u201d DAHA \u00d6NCE DE G\u00d6ZALTINA ALINMI\u015e Boyac\u0131\u2019n\u0131n arkada\u015flar\u0131, gen\u00e7 ismin \u00fclkesinde hak, hukuk ve adalet aray\u0131\u015f\u0131 i\u00e7inde oldu\u011funu belirterek\u00a0g\u00f6zalt\u0131 &hellip;","og_url":"http:\/\/denizcankizil.tr\/ru\/haberler\/gundem\/antalyada-gerilim-suruyor-milletvekili-adayi-tutuklandi\/","og_site_name":"Av. Deniz Can K\u0131z\u0131l","article_published_time":"2025-03-27T09:42:09+00:00","author":"Antalya K\u00f6rfez","twitter_card":"summary_large_image","twitter_misc":{"\u041d\u0430\u043f\u0438\u0441\u0430\u043d\u043e \u0430\u0432\u0442\u043e\u0440\u043e\u043c":"Antalya K\u00f6rfez","\u041f\u0440\u0438\u043c\u0435\u0440\u043d\u043e\u0435 \u0432\u0440\u0435\u043c\u044f \u0434\u043b\u044f \u0447\u0442\u0435\u043d\u0438\u044f":"2 \u043c\u0438\u043d\u0443\u0442\u044b"},"schema":{"@context":"https:\/\/schema.org","@graph":[{"@type":"Article","@id":"http:\/\/denizcankizil.tr\/ru\/haberler\/gundem\/antalyada-gerilim-suruyor-milletvekili-adayi-tutuklandi\/#article","isPartOf":{"@id":"http:\/\/denizcankizil.tr\/ru\/haberler\/gundem\/antalyada-gerilim-suruyor-milletvekili-adayi-tutuklandi\/"},"author":{"name":"Antalya K\u00f6rfez","@id":"https:\/\/denizcankizil.tr\/de\/#\/schema\/person\/e1eb71bb4dd684d46563f0af307e1234"},"headline":"Antalya&#8217;da gerilim s\u00fcr\u00fcyor: Milletvekili aday\u0131 tutukland\u0131","datePublished":"2025-03-27T09:42:09+00:00","mainEntityOfPage":{"@id":"http:\/\/denizcankizil.tr\/ru\/haberler\/gundem\/antalyada-gerilim-suruyor-milletvekili-adayi-tutuklandi\/"},"wordCount":408,"publisher":{"@id":"https:\/\/denizcankizil.tr\/de\/#organization"},"articleSection":["G\u00fcndem"],"inLanguage":"ru-RU"},{"@type":"WebPage","@id":"http:\/\/denizcankizil.tr\/ru\/haberler\/gundem\/antalyada-gerilim-suruyor-milletvekili-adayi-tutuklandi\/","url":"http:\/\/denizcankizil.tr\/ru\/haberler\/gundem\/antalyada-gerilim-suruyor-milletvekili-adayi-tutuklandi\/","name":"Antalya'da gerilim s\u00fcr\u00fcyor: Milletvekili aday\u0131 tutukland\u0131 - Av. Deniz Can K\u0131z\u0131l","isPartOf":{"@id":"https:\/\/denizcankizil.tr\/de\/#website"},"datePublished":"2025-03-27T09:42:09+00:00","breadcrumb":{"@id":"http:\/\/denizcankizil.tr\/ru\/haberler\/gundem\/antalyada-gerilim-suruyor-milletvekili-adayi-tutuklandi\/#breadcrumb"},"inLanguage":"ru-RU","potentialAction":[{"@type":"ReadAction","target":["http:\/\/denizcankizil.tr\/ru\/haberler\/gundem\/antalyada-gerilim-suruyor-milletvekili-adayi-tutuklandi\/"]}]},{"@type":"BreadcrumbList","@id":"http:\/\/denizcankizil.tr\/ru\/haberler\/gundem\/antalyada-gerilim-suruyor-milletvekili-adayi-tutuklandi\/#breadcrumb","itemListElement":[{"@type":"ListItem","position":1,"name":"Home","item":"https:\/\/denizcankizil.tr\/de\/"},{"@type":"ListItem","position":2,"name":"Antalya&#8217;da gerilim s\u00fcr\u00fcyor: Milletvekili aday\u0131 tutukland\u0131"}]},{"@type":"WebSite","@id":"https:\/\/denizcankizil.tr\/de\/#website","url":"https:\/\/denizcankizil.tr\/de\/","name":"Av. Deniz Can K\u0131z\u0131l","description":"Avukat Deniz Can K\u0131z\u0131l Antalya Barosu","publisher":{"@id":"https:\/\/denizcankizil.tr\/de\/#organization"},"potentialAction":[{"@type":"SearchAction","target":{"@type":"EntryPoint","urlTemplate":"https:\/\/denizcankizil.tr\/de\/?s={search_term_string}"},"query-input":{"@type":"PropertyValueSpecification","valueRequired":true,"valueName":"search_term_string"}}],"inLanguage":"ru-RU"},{"@type":"Organization","@id":"https:\/\/denizcankizil.tr\/de\/#organization","name":"Av. Deniz Can K\u0131z\u0131l","url":"https:\/\/denizcankizil.tr\/de\/","logo":{"@type":"ImageObject","inLanguage":"ru-RU","@id":"https:\/\/denizcankizil.tr\/de\/#\/schema\/logo\/image\/","url":"http:\/\/denizcankizil.tr\/wp-content\/uploads\/2024\/10\/siyah-logo-svg.svg","contentUrl":"http:\/\/denizcankizil.tr\/wp-content\/uploads\/2024\/10\/siyah-logo-svg.svg","width":1080,"height":1080,"caption":"Av. Deniz Can K\u0131z\u0131l"},"image":{"@id":"https:\/\/denizcankizil.tr\/de\/#\/schema\/logo\/image\/"}},{"@type":"Person","@id":"https:\/\/denizcankizil.tr\/de\/#\/schema\/person\/e1eb71bb4dd684d46563f0af307e1234","name":"Antalya K\u00f6rfez","image":{"@type":"ImageObject","inLanguage":"ru-RU","@id":"https:\/\/denizcankizil.tr\/de\/#\/schema\/person\/image\/","url":"https:\/\/secure.gravatar.com\/avatar\/42b01982558a48a0b501fdcab6a408d3717ea5919095ee2e67b0e521799c5905?s=96&d=mm&r=g","contentUrl":"https:\/\/secure.gravatar.com\/avatar\/42b01982558a48a0b501fdcab6a408d3717ea5919095ee2e67b0e521799c5905?s=96&d=mm&r=g","caption":"Antalya K\u00f6rfez"},"sameAs":["http:\/\/www.antalyakorfez.com"],"url":"https:\/\/www.antalyakorfez.com\/antalyada-gerilim-suruyor-milletvekili-adayi-tutuklandi"}]}},"_links":{"self":[{"href":"http:\/\/denizcankizil.tr\/ru\/wp-json\/wp\/v2\/posts\/37252","targetHints":{"allow":["GET"]}}],"collection":[{"href":"http:\/\/denizcankizil.tr\/ru\/wp-json\/wp\/v2\/posts"}],"about":[{"href":"http:\/\/denizcankizil.tr\/ru\/wp-json\/wp\/v2\/types\/post"}],"author":[{"embeddable":true,"href":"http:\/\/denizcankizil.tr\/ru\/wp-json\/wp\/v2\/users\/5"}],"replies":[{"embeddable":true,"href":"http:\/\/denizcankizil.tr\/ru\/wp-json\/wp\/v2\/comments?post=37252"}],"version-history":[{"count":0,"href":"http:\/\/denizcankizil.tr\/ru\/wp-json\/wp\/v2\/posts\/37252\/revisions"}],"wp:attachment":[{"href":"http:\/\/denizcankizil.tr\/ru\/wp-json\/wp\/v2\/media?parent=37252"}],"wp:term":[{"taxonomy":"category","embeddable":true,"href":"http:\/\/denizcankizil.tr\/ru\/wp-json\/wp\/v2\/categories?post=37252"},{"taxonomy":"post_tag","embeddable":true,"href":"http:\/\/denizcankizil.tr\/ru\/wp-json\/wp\/v2\/tags?post=37252"}],"curies":[{"name":"wp","href":"https:\/\/api.w.org\/{rel}","templated":true}]}}