{"id":36905,"date":"2025-03-25T11:42:20","date_gmt":"2025-03-25T08:42:20","guid":{"rendered":"https:\/\/denizcankizil.tr\/uncategorized-tr\/hayri-culhaci-kimdir-sabanci-holding-yeni-yonetim-kurulu-baskani-mi\/"},"modified":"2025-03-25T11:42:20","modified_gmt":"2025-03-25T08:42:20","slug":"hayri-culhaci-kimdir-sabanci-holding-yeni-yonetim-kurulu-baskani-mi","status":"publish","type":"post","link":"http:\/\/denizcankizil.tr\/ru\/haberler\/gundem\/hayri-culhaci-kimdir-sabanci-holding-yeni-yonetim-kurulu-baskani-mi\/","title":{"rendered":"Hayri \u00c7ulhac\u0131 Kimdir? Sabanc\u0131 Holding Yeni Y\u00f6netim Kurulu Ba\u015fkan\u0131 M\u0131?"},"content":{"rendered":"<p>Sabanc\u0131 Holding, Ola\u011fan Genel Kurul toplant\u0131s\u0131nda y\u00f6netim de\u011fi\u015fikli\u011fine imza at\u0131yor. 2004 y\u0131l\u0131ndan itibaren Y\u00f6netim Kurulu Ba\u015fkanl\u0131\u011f\u0131 yapan G\u00fcler Sabanc\u0131 g\u00f6revini devrediyor. Peki, yeni Y\u00f6netim Kurulu Ba\u015fkan\u0131 olmas\u0131 beklenen Hayri \u00c7ulhac\u0131 kimdir? \u0130\u015fte hakk\u0131nda merak edilenler\u2026<\/p>\n<p>Hayri \u00c7ulhac\u0131 Kimdir?<\/p>\n<p>Sabanc\u0131 Toplulu\u011fu\u2019nun deneyimli bir ismi olan Hayri \u00c7ulhac\u0131, T\u00fcrkiye\u2019nin finans d\u00fcnyas\u0131nda y\u0131llar boyunca \u00f6nemli g\u00f6revlerde bulunan bir i\u015f insan\u0131d\u0131r.<\/p>\n<p>1956 y\u0131l\u0131nda Ankara\u2019da d\u00fcnyaya gelen Hayri \u00c7ulhac\u0131, ilk, orta ve lise e\u011fitimini de burada tamamlam\u0131\u015ft\u0131r. Yine ayn\u0131 \u015fehirde Ankara \u00dcniversitesi Siyasal Bilgiler Fak\u00fcltesi\u2019nde lisans e\u011fitimi alm\u0131\u015f ve 1978 y\u0131l\u0131nda mezun olmu\u015ftur.<\/p>\n<p>Mezuniyetinden sonra kamu sekt\u00f6r\u00fcnde \u00e7al\u0131\u015fmaya ba\u015flayarak kariyerinin ilk ad\u0131m\u0131n\u0131 atm\u0131\u015ft\u0131r. Bu kapsamda 1979 y\u0131l\u0131nda Maliye Bakanl\u0131\u011f\u0131\u2019nda Hesap Uzman\u0131 olarak g\u00f6rev alm\u0131\u015ft\u0131r.<\/p>\n<p>G\u00f6sterdi\u011fi ba\u015far\u0131larla k\u0131sa s\u00fcrede y\u00fckselerek Daire Ba\u015fkanl\u0131\u011f\u0131 g\u00f6revine getirilmi\u015ftir. Bu durum finansal sistemleri detayl\u0131 \u015fekilde \u00f6\u011frenmesini sa\u011flam\u0131\u015f ve kariyerinin temel ta\u015flar\u0131n\u0131 atm\u0131\u015ft\u0131r.<\/p>\n<p>Daha sonra 1986 y\u0131l\u0131nda Amerika Birle\u015fik Devletleri\u2019nin Northeastern \u00dcniversitesi\u2019nde \u0130\u015fletme alan\u0131nda y\u00fcksek lisans e\u011fitimini tamamlam\u0131\u015ft\u0131r.<\/p>\n<p>T\u00fcrkiye\u2019ye d\u00f6nd\u00fckten sonra \u00f6zel sekt\u00f6re ge\u00e7i\u015f yapm\u0131\u015f ve 1990 y\u0131l\u0131nda Akbank\u2019ta Genel M\u00fcd\u00fcr Yard\u0131mc\u0131s\u0131 olarak g\u00f6reve ba\u015flam\u0131\u015ft\u0131r.<\/p>\n<p>Kariyer hayat\u0131 boyunca bir\u00e7ok farkl\u0131 g\u00f6revde \u00e7al\u0131\u015fan Hayri \u00c7ulhac\u0131; \u00f6zellikle kurumsal ileti\u015fim, yat\u0131r\u0131mc\u0131 ili\u015fkileri ve strateji gibi alanlarda kendini geli\u015ftirmi\u015f ve bankan\u0131n ilerleyi\u015finde vizyoner bir katk\u0131da bulunmu\u015ftur.<\/p>\n<p>\u00c7ulhac\u0131\u2019n\u0131n Akbank kariyeri yaln\u0131zca y\u00f6netici pozisyonlarla s\u0131n\u0131rl\u0131 kalmam\u0131\u015f zamanla Y\u00f6netim Kurulu Ba\u015fkan Dan\u0131\u015fmanl\u0131\u011f\u0131 ve Y\u00f6netim Kurulu Murahhas \u00dcyeli\u011fi gibi olduk\u00e7a \u00f6nemli g\u00f6revlerde bulunmu\u015ftur.<\/p>\n<p>2010 y\u0131l\u0131nda ise Akbank Y\u00f6netim Kurulu Ba\u015fkan Vekili olarak g\u00f6rev yapmaya ba\u015flam\u0131\u015ft\u0131r. Bu pozisyonda 10 y\u0131l \u00e7al\u0131\u015ft\u0131ktan sonra emekli olmu\u015ftur.<\/p>\n<p>Fakat emekli olmas\u0131na ra\u011fmen i\u015f d\u00fcnyas\u0131ndan tamamen kopmam\u0131\u015ft\u0131r. Son olarak Sabanc\u0131 Vakf\u0131 M\u00fctevelli Heyeti \u00dcyesi ve Ba\u015fkan Yard\u0131mc\u0131s\u0131 olarak g\u00f6rev alm\u0131\u015ft\u0131r.<\/p>\n<p>Bu sayede hem sosyal sorumluluk projelerinde hem kurumsal y\u00f6netim anlam\u0131nda sahip oldu\u011fu bilgi ve deneyimleri payla\u015fm\u0131\u015ft\u0131r.<\/p>\n<p>Merak edilen Hayri \u00c7ulhac\u0131 kimdir sorusunu yan\u0131tlad\u0131ktan sonra merak edilenlerle devam edelim\u2026<\/p>\n<p>Hayri \u00c7ulhac\u0131 Ka\u00e7 Ya\u015f\u0131nda?<\/p>\n<p>1956 y\u0131l\u0131nda Ankara\u2019da d\u00fcnyaya gelen Hayri \u00c7ulhac\u0131 2025 y\u0131l\u0131 itibariyla 69 ya\u015f\u0131ndad\u0131r. Uzun y\u0131llar boyunca T\u00fcrkiye\u2019nin finans, ekonomi ve kurumsal y\u00f6netim alanlar\u0131na \u00f6nemli katk\u0131larda bulunmu\u015ftur.<\/p>\n<p>Disiplinli \u00e7al\u0131\u015fma anlay\u0131\u015f\u0131na sahip olan \u00c7ulhac\u0131, stratejik vizyonuyla tan\u0131nan bir isimdir.<\/p>\n<p>Hayri \u00c7ulhac\u0131 Mesle\u011fi<\/p>\n<p>Hayri \u00c7ulhac\u0131\u2019n\u0131n mesle\u011fi en genel anlamda bankac\u0131 ve \u00fcst d\u00fczey y\u00f6netici olarak tan\u0131mlanabilir. Kariyer hayat\u0131 boyunca bir\u00e7ok alanda g\u00f6rev alan \u00c7ulhac\u0131, hem kamu hem \u00f6zel sekt\u00f6rde g\u00f6revlerde bulunmu\u015ftur.<\/p>\n<p>Y\u00fcksek sorumluluk gerektiren g\u00f6revlerde bulunan Hayri \u00c7ulhac\u0131, finans d\u00fcnyas\u0131n\u0131n stratejik karar s\u00fcre\u00e7lerinde etkin bir rol oynam\u0131\u015ft\u0131r.<\/p>\n<p>G\u00fcncel olarak daha \u00e7ok dan\u0131\u015fmanl\u0131k, y\u00f6neticilik ve vak\u0131f \u00e7al\u0131\u015fmalar\u0131 gibi g\u00f6revlerle i\u015f d\u00fcnyas\u0131nda aktif olarak yer almaktad\u0131r.<\/p>\n<p>Hayri \u00c7ulhac\u0131 G\u00f6revleri<\/p>\n<p>Kariyer hayat\u0131 boyunca bir\u00e7ok farkl\u0131 pozisyon ve kritik g\u00f6revde rol alan Hayri \u00c7ulhac\u0131\u2019n\u0131n g\u00fcn\u00fcm\u00fcze kadar \u00e7al\u0131\u015ft\u0131\u011f\u0131 kurumlar merak ediliyor.<\/p>\n<p>Hayri \u00c7ulhac\u0131\u2019n\u0131n \u00e7al\u0131\u015ft\u0131\u011f\u0131 kurumlar \u015fu \u015fekildedir:<\/p>\n<p> Akbank \u2013 Genel M\u00fcd\u00fcr Yard\u0131mc\u0131s\u0131, Y\u00f6netim Kurulu Murahhas \u00dcyeli\u011fi, Y\u00f6netim Kurulu Ba\u015fkan Vekili, Denetim Komitesi Ba\u015fkanl\u0131\u011f\u0131, Kurumsal Y\u00f6netim Komitesi Ba\u015fkanl\u0131\u011f\u0131, \u00dcst D\u00fczey Risk Komitesi Ba\u015fkanl\u0131\u011f\u0131<br \/>\n Aksigorta A.\u015e. \u2013 Y\u00f6netim Kurulu \u00dcyesi<br \/>\n Avivasa \u2013 Y\u00f6netim Kurulu \u00dcyesi<br \/>\n Ak Yat\u0131r\u0131m Menkul De\u011ferler A.\u015e. \u2013 Y\u00f6netim Kurulu Ba\u015fkan\u0131<br \/>\n Ak Portf\u00f6y Y\u00f6netimi A.\u015e. \u2013 Y\u00f6netim Kurulu Ba\u015fkan\u0131<br \/>\n Sabanc\u0131 Holding \u2013 M\u00fctevelli Heyeti \u00fcyesi ve Ba\u015fkan Yard\u0131mc\u0131s\u0131<\/p>\n<p>Sabanc\u0131 Holding\u2019in Y\u00f6netim Kurulu Ba\u015fkan\u0131 Oluyor!<\/p>\n<p>T\u00fcrkiye\u2019nin \u00f6nde gelen sanayi ve finans gruplar\u0131ndan biri olan Sabanc\u0131 Holding, 27 Mart 2025 tarihinde Ola\u011fan Genel Kurul toplant\u0131s\u0131nda tarihi bir de\u011fi\u015fime imza atacak.<\/p>\n<p>2004 y\u0131l\u0131ndan itibaren Sabanc\u0131 Holding Y\u00f6netim Kurulu Ba\u015fkan\u0131 olarak g\u00f6rev yapan G\u00fcler Sabanc\u0131 g\u00f6revini b\u0131rak\u0131yor.<\/p>\n<p>G\u00fcler Sabanc\u0131\u2019n\u0131n yerine Sabanc\u0131 Toplulu\u011fu\u2019nun deneyimli isimlerinden Hayri \u00c7ulhac\u0131\u2019n\u0131n getirilmesi bekleniyor.<\/p>\n<p>Bu yaz\u0131m\u0131zda Hayri \u00c7ulhac\u0131 kimdir sorusu etraf\u0131nda merak edilenleri sizinle payla\u015ft\u0131k\u2026<\/p>\n<p>\u200bSabanc\u0131 Holding&#8217;in Y\u00f6netim Kurulu Ba\u015fkan\u0131 olmas\u0131 beklenen Hayri \u00c7ulhac\u0131 kimdir? \u0130\u015fte detaylar&#8230;\u00a0<\/p>\n<p>\u200bHaberin Al\u0131nt\u0131land\u0131\u011f\u0131 Kaynak: www.antalyakorfez.com<\/p>","protected":false},"excerpt":{"rendered":"<p>Sabanc\u0131 Holding, Ola\u011fan Genel Kurul toplant\u0131s\u0131nda y\u00f6netim de\u011fi\u015fikli\u011fine imza at\u0131yor. 2004 y\u0131l\u0131ndan itibaren Y\u00f6netim Kurulu Ba\u015fkanl\u0131\u011f\u0131 yapan G\u00fcler Sabanc\u0131 g\u00f6revini devrediyor. Peki, yeni Y\u00f6netim Kurulu Ba\u015fkan\u0131 olmas\u0131 beklenen Hayri \u00c7ulhac\u0131 kimdir? \u0130\u015fte hakk\u0131nda merak edilenler\u2026 Hayri \u00c7ulhac\u0131 Kimdir? Sabanc\u0131 Toplulu\u011fu\u2019nun deneyimli bir ismi olan Hayri \u00c7ulhac\u0131, T\u00fcrkiye\u2019nin finans d\u00fcnyas\u0131nda y\u0131llar boyunca \u00f6nemli g\u00f6revlerde bulunan bir i\u015f insan\u0131d\u0131r. 1956 y\u0131l\u0131nda Ankara\u2019da d\u00fcnyaya gelen Hayri \u00c7ulhac\u0131, ilk, orta ve lise e\u011fitimini de burada tamamlam\u0131\u015ft\u0131r. Yine ayn\u0131 \u015fehirde Ankara \u00dcniversitesi Siyasal Bilgiler Fak\u00fcltesi\u2019nde lisans e\u011fitimi alm\u0131\u015f ve 1978 y\u0131l\u0131nda mezun olmu\u015ftur. Mezuniyetinden sonra kamu sekt\u00f6r\u00fcnde \u00e7al\u0131\u015fmaya ba\u015flayarak kariyerinin ilk ad\u0131m\u0131n\u0131 atm\u0131\u015ft\u0131r. Bu kapsamda 1979 y\u0131l\u0131nda Maliye Bakanl\u0131\u011f\u0131\u2019nda Hesap Uzman\u0131 olarak g\u00f6rev alm\u0131\u015ft\u0131r. G\u00f6sterdi\u011fi ba\u015far\u0131larla k\u0131sa s\u00fcrede y\u00fckselerek Daire Ba\u015fkanl\u0131\u011f\u0131 g\u00f6revine getirilmi\u015ftir. Bu durum finansal sistemleri detayl\u0131 \u015fekilde \u00f6\u011frenmesini sa\u011flam\u0131\u015f ve kariyerinin temel ta\u015flar\u0131n\u0131 atm\u0131\u015ft\u0131r. Daha sonra 1986 y\u0131l\u0131nda Amerika Birle\u015fik Devletleri\u2019nin Northeastern \u00dcniversitesi\u2019nde \u0130\u015fletme alan\u0131nda y\u00fcksek lisans e\u011fitimini tamamlam\u0131\u015ft\u0131r. T\u00fcrkiye\u2019ye d\u00f6nd\u00fckten sonra \u00f6zel sekt\u00f6re ge\u00e7i\u015f yapm\u0131\u015f ve 1990 y\u0131l\u0131nda Akbank\u2019ta Genel M\u00fcd\u00fcr Yard\u0131mc\u0131s\u0131 olarak g\u00f6reve ba\u015flam\u0131\u015ft\u0131r. Kariyer hayat\u0131 boyunca bir\u00e7ok farkl\u0131 g\u00f6revde \u00e7al\u0131\u015fan Hayri \u00c7ulhac\u0131; \u00f6zellikle kurumsal ileti\u015fim, yat\u0131r\u0131mc\u0131 ili\u015fkileri ve strateji gibi alanlarda kendini geli\u015ftirmi\u015f ve bankan\u0131n ilerleyi\u015finde vizyoner bir katk\u0131da bulunmu\u015ftur. \u00c7ulhac\u0131\u2019n\u0131n Akbank kariyeri yaln\u0131zca y\u00f6netici pozisyonlarla s\u0131n\u0131rl\u0131 kalmam\u0131\u015f zamanla Y\u00f6netim &hellip;<\/p>","protected":false},"author":5,"featured_media":0,"comment_status":"","ping_status":"open","sticky":false,"template":"","format":"standard","meta":{"_acf_changed":false,"footnotes":""},"categories":[24],"tags":[],"class_list":["post-36905","post","type-post","status-publish","format-standard","has-post-thumbnail","hentry","category-gundem"],"acf":[],"yoast_head":"<!-- This site is optimized with the Yoast SEO Premium plugin v26.6 (Yoast SEO v27.1.1) - https:\/\/yoast.com\/product\/yoast-seo-premium-wordpress\/ -->\n<title>Hayri \u00c7ulhac\u0131 Kimdir? Sabanc\u0131 Holding Yeni Y\u00f6netim Kurulu Ba\u015fkan\u0131 M\u0131? - Av. Deniz Can K\u0131z\u0131l<\/title>\n<meta name=\"robots\" content=\"index, follow, max-snippet:-1, max-image-preview:large, max-video-preview:-1\" \/>\n<link rel=\"canonical\" href=\"http:\/\/denizcankizil.tr\/ru\/haberler\/gundem\/hayri-culhaci-kimdir-sabanci-holding-yeni-yonetim-kurulu-baskani-mi\/\" \/>\n<meta property=\"og:locale\" content=\"ru_RU\" \/>\n<meta property=\"og:type\" content=\"article\" \/>\n<meta property=\"og:title\" content=\"Hayri \u00c7ulhac\u0131 Kimdir? Sabanc\u0131 Holding Yeni Y\u00f6netim Kurulu Ba\u015fkan\u0131 M\u0131?\" \/>\n<meta property=\"og:description\" content=\"Sabanc\u0131 Holding, Ola\u011fan Genel Kurul toplant\u0131s\u0131nda y\u00f6netim de\u011fi\u015fikli\u011fine imza at\u0131yor. 2004 y\u0131l\u0131ndan itibaren Y\u00f6netim Kurulu Ba\u015fkanl\u0131\u011f\u0131 yapan G\u00fcler Sabanc\u0131 g\u00f6revini devrediyor. Peki, yeni Y\u00f6netim Kurulu Ba\u015fkan\u0131 olmas\u0131 beklenen Hayri \u00c7ulhac\u0131 kimdir? \u0130\u015fte hakk\u0131nda merak edilenler\u2026 Hayri \u00c7ulhac\u0131 Kimdir? Sabanc\u0131 Toplulu\u011fu\u2019nun deneyimli bir ismi olan Hayri \u00c7ulhac\u0131, T\u00fcrkiye\u2019nin finans d\u00fcnyas\u0131nda y\u0131llar boyunca \u00f6nemli g\u00f6revlerde bulunan bir i\u015f insan\u0131d\u0131r. 1956 y\u0131l\u0131nda Ankara\u2019da d\u00fcnyaya gelen Hayri \u00c7ulhac\u0131, ilk, orta ve lise e\u011fitimini de burada tamamlam\u0131\u015ft\u0131r. Yine ayn\u0131 \u015fehirde Ankara \u00dcniversitesi Siyasal Bilgiler Fak\u00fcltesi\u2019nde lisans e\u011fitimi alm\u0131\u015f ve 1978 y\u0131l\u0131nda mezun olmu\u015ftur. Mezuniyetinden sonra kamu sekt\u00f6r\u00fcnde \u00e7al\u0131\u015fmaya ba\u015flayarak kariyerinin ilk ad\u0131m\u0131n\u0131 atm\u0131\u015ft\u0131r. Bu kapsamda 1979 y\u0131l\u0131nda Maliye Bakanl\u0131\u011f\u0131\u2019nda Hesap Uzman\u0131 olarak g\u00f6rev alm\u0131\u015ft\u0131r. G\u00f6sterdi\u011fi ba\u015far\u0131larla k\u0131sa s\u00fcrede y\u00fckselerek Daire Ba\u015fkanl\u0131\u011f\u0131 g\u00f6revine getirilmi\u015ftir. Bu durum finansal sistemleri detayl\u0131 \u015fekilde \u00f6\u011frenmesini sa\u011flam\u0131\u015f ve kariyerinin temel ta\u015flar\u0131n\u0131 atm\u0131\u015ft\u0131r. Daha sonra 1986 y\u0131l\u0131nda Amerika Birle\u015fik Devletleri\u2019nin Northeastern \u00dcniversitesi\u2019nde \u0130\u015fletme alan\u0131nda y\u00fcksek lisans e\u011fitimini tamamlam\u0131\u015ft\u0131r. T\u00fcrkiye\u2019ye d\u00f6nd\u00fckten sonra \u00f6zel sekt\u00f6re ge\u00e7i\u015f yapm\u0131\u015f ve 1990 y\u0131l\u0131nda Akbank\u2019ta Genel M\u00fcd\u00fcr Yard\u0131mc\u0131s\u0131 olarak g\u00f6reve ba\u015flam\u0131\u015ft\u0131r. Kariyer hayat\u0131 boyunca bir\u00e7ok farkl\u0131 g\u00f6revde \u00e7al\u0131\u015fan Hayri \u00c7ulhac\u0131; \u00f6zellikle kurumsal ileti\u015fim, yat\u0131r\u0131mc\u0131 ili\u015fkileri ve strateji gibi alanlarda kendini geli\u015ftirmi\u015f ve bankan\u0131n ilerleyi\u015finde vizyoner bir katk\u0131da bulunmu\u015ftur. \u00c7ulhac\u0131\u2019n\u0131n Akbank kariyeri yaln\u0131zca y\u00f6netici pozisyonlarla s\u0131n\u0131rl\u0131 kalmam\u0131\u015f zamanla Y\u00f6netim &hellip;\" \/>\n<meta property=\"og:url\" content=\"http:\/\/denizcankizil.tr\/ru\/haberler\/gundem\/hayri-culhaci-kimdir-sabanci-holding-yeni-yonetim-kurulu-baskani-mi\/\" \/>\n<meta property=\"og:site_name\" content=\"Av. Deniz Can K\u0131z\u0131l\" \/>\n<meta property=\"article:published_time\" content=\"2025-03-25T08:42:20+00:00\" \/>\n<meta name=\"author\" content=\"Antalya K\u00f6rfez\" \/>\n<meta name=\"twitter:card\" content=\"summary_large_image\" \/>\n<meta name=\"twitter:label1\" content=\"\u041d\u0430\u043f\u0438\u0441\u0430\u043d\u043e \u0430\u0432\u0442\u043e\u0440\u043e\u043c\" \/>\n\t<meta name=\"twitter:data1\" content=\"Antalya K\u00f6rfez\" \/>\n\t<meta name=\"twitter:label2\" content=\"\u041f\u0440\u0438\u043c\u0435\u0440\u043d\u043e\u0435 \u0432\u0440\u0435\u043c\u044f \u0434\u043b\u044f \u0447\u0442\u0435\u043d\u0438\u044f\" \/>\n\t<meta name=\"twitter:data2\" content=\"4 \u043c\u0438\u043d\u0443\u0442\u044b\" \/>\n<script type=\"application\/ld+json\" class=\"yoast-schema-graph\">{\"@context\":\"https:\/\/schema.org\",\"@graph\":[{\"@type\":\"Article\",\"@id\":\"http:\/\/denizcankizil.tr\/ru\/haberler\/gundem\/hayri-culhaci-kimdir-sabanci-holding-yeni-yonetim-kurulu-baskani-mi\/#article\",\"isPartOf\":{\"@id\":\"http:\/\/denizcankizil.tr\/ru\/haberler\/gundem\/hayri-culhaci-kimdir-sabanci-holding-yeni-yonetim-kurulu-baskani-mi\/\"},\"author\":{\"name\":\"Antalya K\u00f6rfez\",\"@id\":\"https:\/\/denizcankizil.tr\/de\/#\/schema\/person\/e1eb71bb4dd684d46563f0af307e1234\"},\"headline\":\"Hayri \u00c7ulhac\u0131 Kimdir? Sabanc\u0131 Holding Yeni Y\u00f6netim Kurulu Ba\u015fkan\u0131 M\u0131?\",\"datePublished\":\"2025-03-25T08:42:20+00:00\",\"mainEntityOfPage\":{\"@id\":\"http:\/\/denizcankizil.tr\/ru\/haberler\/gundem\/hayri-culhaci-kimdir-sabanci-holding-yeni-yonetim-kurulu-baskani-mi\/\"},\"wordCount\":834,\"publisher\":{\"@id\":\"https:\/\/denizcankizil.tr\/de\/#organization\"},\"articleSection\":[\"G\u00fcndem\"],\"inLanguage\":\"ru-RU\"},{\"@type\":\"WebPage\",\"@id\":\"http:\/\/denizcankizil.tr\/ru\/haberler\/gundem\/hayri-culhaci-kimdir-sabanci-holding-yeni-yonetim-kurulu-baskani-mi\/\",\"url\":\"http:\/\/denizcankizil.tr\/ru\/haberler\/gundem\/hayri-culhaci-kimdir-sabanci-holding-yeni-yonetim-kurulu-baskani-mi\/\",\"name\":\"Hayri \u00c7ulhac\u0131 Kimdir? Sabanc\u0131 Holding Yeni Y\u00f6netim Kurulu Ba\u015fkan\u0131 M\u0131? - Av. Deniz Can K\u0131z\u0131l\",\"isPartOf\":{\"@id\":\"https:\/\/denizcankizil.tr\/de\/#website\"},\"datePublished\":\"2025-03-25T08:42:20+00:00\",\"breadcrumb\":{\"@id\":\"http:\/\/denizcankizil.tr\/ru\/haberler\/gundem\/hayri-culhaci-kimdir-sabanci-holding-yeni-yonetim-kurulu-baskani-mi\/#breadcrumb\"},\"inLanguage\":\"ru-RU\",\"potentialAction\":[{\"@type\":\"ReadAction\",\"target\":[\"http:\/\/denizcankizil.tr\/ru\/haberler\/gundem\/hayri-culhaci-kimdir-sabanci-holding-yeni-yonetim-kurulu-baskani-mi\/\"]}]},{\"@type\":\"BreadcrumbList\",\"@id\":\"http:\/\/denizcankizil.tr\/ru\/haberler\/gundem\/hayri-culhaci-kimdir-sabanci-holding-yeni-yonetim-kurulu-baskani-mi\/#breadcrumb\",\"itemListElement\":[{\"@type\":\"ListItem\",\"position\":1,\"name\":\"Home\",\"item\":\"https:\/\/denizcankizil.tr\/de\/\"},{\"@type\":\"ListItem\",\"position\":2,\"name\":\"Hayri \u00c7ulhac\u0131 Kimdir? Sabanc\u0131 Holding Yeni Y\u00f6netim Kurulu Ba\u015fkan\u0131 M\u0131?\"}]},{\"@type\":\"WebSite\",\"@id\":\"https:\/\/denizcankizil.tr\/de\/#website\",\"url\":\"https:\/\/denizcankizil.tr\/de\/\",\"name\":\"Av. Deniz Can K\u0131z\u0131l\",\"description\":\"Avukat Deniz Can K\u0131z\u0131l Antalya Barosu\",\"publisher\":{\"@id\":\"https:\/\/denizcankizil.tr\/de\/#organization\"},\"potentialAction\":[{\"@type\":\"SearchAction\",\"target\":{\"@type\":\"EntryPoint\",\"urlTemplate\":\"https:\/\/denizcankizil.tr\/de\/?s={search_term_string}\"},\"query-input\":{\"@type\":\"PropertyValueSpecification\",\"valueRequired\":true,\"valueName\":\"search_term_string\"}}],\"inLanguage\":\"ru-RU\"},{\"@type\":\"Organization\",\"@id\":\"https:\/\/denizcankizil.tr\/de\/#organization\",\"name\":\"Av. Deniz Can K\u0131z\u0131l\",\"url\":\"https:\/\/denizcankizil.tr\/de\/\",\"logo\":{\"@type\":\"ImageObject\",\"inLanguage\":\"ru-RU\",\"@id\":\"https:\/\/denizcankizil.tr\/de\/#\/schema\/logo\/image\/\",\"url\":\"http:\/\/denizcankizil.tr\/wp-content\/uploads\/2024\/10\/siyah-logo-svg.svg\",\"contentUrl\":\"http:\/\/denizcankizil.tr\/wp-content\/uploads\/2024\/10\/siyah-logo-svg.svg\",\"width\":1080,\"height\":1080,\"caption\":\"Av. Deniz Can K\u0131z\u0131l\"},\"image\":{\"@id\":\"https:\/\/denizcankizil.tr\/de\/#\/schema\/logo\/image\/\"}},{\"@type\":\"Person\",\"@id\":\"https:\/\/denizcankizil.tr\/de\/#\/schema\/person\/e1eb71bb4dd684d46563f0af307e1234\",\"name\":\"Antalya K\u00f6rfez\",\"image\":{\"@type\":\"ImageObject\",\"inLanguage\":\"ru-RU\",\"@id\":\"https:\/\/denizcankizil.tr\/de\/#\/schema\/person\/image\/\",\"url\":\"https:\/\/secure.gravatar.com\/avatar\/42b01982558a48a0b501fdcab6a408d3717ea5919095ee2e67b0e521799c5905?s=96&d=mm&r=g\",\"contentUrl\":\"https:\/\/secure.gravatar.com\/avatar\/42b01982558a48a0b501fdcab6a408d3717ea5919095ee2e67b0e521799c5905?s=96&d=mm&r=g\",\"caption\":\"Antalya K\u00f6rfez\"},\"sameAs\":[\"http:\/\/www.antalyakorfez.com\"],\"url\":\"https:\/\/www.antalyakorfez.com\/hayri-culhaci-kimdir\"}]}<\/script>\n<!-- \/ Yoast SEO Premium plugin. -->","yoast_head_json":{"title":"Hayri \u00c7ulhac\u0131 Kimdir? Sabanc\u0131 Holding Yeni Y\u00f6netim Kurulu Ba\u015fkan\u0131 M\u0131? - Av. Deniz Can K\u0131z\u0131l","robots":{"index":"index","follow":"follow","max-snippet":"max-snippet:-1","max-image-preview":"max-image-preview:large","max-video-preview":"max-video-preview:-1"},"canonical":"http:\/\/denizcankizil.tr\/ru\/haberler\/gundem\/hayri-culhaci-kimdir-sabanci-holding-yeni-yonetim-kurulu-baskani-mi\/","og_locale":"ru_RU","og_type":"article","og_title":"Hayri \u00c7ulhac\u0131 Kimdir? Sabanc\u0131 Holding Yeni Y\u00f6netim Kurulu Ba\u015fkan\u0131 M\u0131?","og_description":"Sabanc\u0131 Holding, Ola\u011fan Genel Kurul toplant\u0131s\u0131nda y\u00f6netim de\u011fi\u015fikli\u011fine imza at\u0131yor. 2004 y\u0131l\u0131ndan itibaren Y\u00f6netim Kurulu Ba\u015fkanl\u0131\u011f\u0131 yapan G\u00fcler Sabanc\u0131 g\u00f6revini devrediyor. Peki, yeni Y\u00f6netim Kurulu Ba\u015fkan\u0131 olmas\u0131 beklenen Hayri \u00c7ulhac\u0131 kimdir? \u0130\u015fte hakk\u0131nda merak edilenler\u2026 Hayri \u00c7ulhac\u0131 Kimdir? Sabanc\u0131 Toplulu\u011fu\u2019nun deneyimli bir ismi olan Hayri \u00c7ulhac\u0131, T\u00fcrkiye\u2019nin finans d\u00fcnyas\u0131nda y\u0131llar boyunca \u00f6nemli g\u00f6revlerde bulunan bir i\u015f insan\u0131d\u0131r. 1956 y\u0131l\u0131nda Ankara\u2019da d\u00fcnyaya gelen Hayri \u00c7ulhac\u0131, ilk, orta ve lise e\u011fitimini de burada tamamlam\u0131\u015ft\u0131r. Yine ayn\u0131 \u015fehirde Ankara \u00dcniversitesi Siyasal Bilgiler Fak\u00fcltesi\u2019nde lisans e\u011fitimi alm\u0131\u015f ve 1978 y\u0131l\u0131nda mezun olmu\u015ftur. Mezuniyetinden sonra kamu sekt\u00f6r\u00fcnde \u00e7al\u0131\u015fmaya ba\u015flayarak kariyerinin ilk ad\u0131m\u0131n\u0131 atm\u0131\u015ft\u0131r. Bu kapsamda 1979 y\u0131l\u0131nda Maliye Bakanl\u0131\u011f\u0131\u2019nda Hesap Uzman\u0131 olarak g\u00f6rev alm\u0131\u015ft\u0131r. G\u00f6sterdi\u011fi ba\u015far\u0131larla k\u0131sa s\u00fcrede y\u00fckselerek Daire Ba\u015fkanl\u0131\u011f\u0131 g\u00f6revine getirilmi\u015ftir. Bu durum finansal sistemleri detayl\u0131 \u015fekilde \u00f6\u011frenmesini sa\u011flam\u0131\u015f ve kariyerinin temel ta\u015flar\u0131n\u0131 atm\u0131\u015ft\u0131r. Daha sonra 1986 y\u0131l\u0131nda Amerika Birle\u015fik Devletleri\u2019nin Northeastern \u00dcniversitesi\u2019nde \u0130\u015fletme alan\u0131nda y\u00fcksek lisans e\u011fitimini tamamlam\u0131\u015ft\u0131r. T\u00fcrkiye\u2019ye d\u00f6nd\u00fckten sonra \u00f6zel sekt\u00f6re ge\u00e7i\u015f yapm\u0131\u015f ve 1990 y\u0131l\u0131nda Akbank\u2019ta Genel M\u00fcd\u00fcr Yard\u0131mc\u0131s\u0131 olarak g\u00f6reve ba\u015flam\u0131\u015ft\u0131r. Kariyer hayat\u0131 boyunca bir\u00e7ok farkl\u0131 g\u00f6revde \u00e7al\u0131\u015fan Hayri \u00c7ulhac\u0131; \u00f6zellikle kurumsal ileti\u015fim, yat\u0131r\u0131mc\u0131 ili\u015fkileri ve strateji gibi alanlarda kendini geli\u015ftirmi\u015f ve bankan\u0131n ilerleyi\u015finde vizyoner bir katk\u0131da bulunmu\u015ftur. \u00c7ulhac\u0131\u2019n\u0131n Akbank kariyeri yaln\u0131zca y\u00f6netici pozisyonlarla s\u0131n\u0131rl\u0131 kalmam\u0131\u015f zamanla Y\u00f6netim &hellip;","og_url":"http:\/\/denizcankizil.tr\/ru\/haberler\/gundem\/hayri-culhaci-kimdir-sabanci-holding-yeni-yonetim-kurulu-baskani-mi\/","og_site_name":"Av. Deniz Can K\u0131z\u0131l","article_published_time":"2025-03-25T08:42:20+00:00","author":"Antalya K\u00f6rfez","twitter_card":"summary_large_image","twitter_misc":{"\u041d\u0430\u043f\u0438\u0441\u0430\u043d\u043e \u0430\u0432\u0442\u043e\u0440\u043e\u043c":"Antalya K\u00f6rfez","\u041f\u0440\u0438\u043c\u0435\u0440\u043d\u043e\u0435 \u0432\u0440\u0435\u043c\u044f \u0434\u043b\u044f \u0447\u0442\u0435\u043d\u0438\u044f":"4 \u043c\u0438\u043d\u0443\u0442\u044b"},"schema":{"@context":"https:\/\/schema.org","@graph":[{"@type":"Article","@id":"http:\/\/denizcankizil.tr\/ru\/haberler\/gundem\/hayri-culhaci-kimdir-sabanci-holding-yeni-yonetim-kurulu-baskani-mi\/#article","isPartOf":{"@id":"http:\/\/denizcankizil.tr\/ru\/haberler\/gundem\/hayri-culhaci-kimdir-sabanci-holding-yeni-yonetim-kurulu-baskani-mi\/"},"author":{"name":"Antalya K\u00f6rfez","@id":"https:\/\/denizcankizil.tr\/de\/#\/schema\/person\/e1eb71bb4dd684d46563f0af307e1234"},"headline":"Hayri \u00c7ulhac\u0131 Kimdir? Sabanc\u0131 Holding Yeni Y\u00f6netim Kurulu Ba\u015fkan\u0131 M\u0131?","datePublished":"2025-03-25T08:42:20+00:00","mainEntityOfPage":{"@id":"http:\/\/denizcankizil.tr\/ru\/haberler\/gundem\/hayri-culhaci-kimdir-sabanci-holding-yeni-yonetim-kurulu-baskani-mi\/"},"wordCount":834,"publisher":{"@id":"https:\/\/denizcankizil.tr\/de\/#organization"},"articleSection":["G\u00fcndem"],"inLanguage":"ru-RU"},{"@type":"WebPage","@id":"http:\/\/denizcankizil.tr\/ru\/haberler\/gundem\/hayri-culhaci-kimdir-sabanci-holding-yeni-yonetim-kurulu-baskani-mi\/","url":"http:\/\/denizcankizil.tr\/ru\/haberler\/gundem\/hayri-culhaci-kimdir-sabanci-holding-yeni-yonetim-kurulu-baskani-mi\/","name":"Hayri \u00c7ulhac\u0131 Kimdir? Sabanc\u0131 Holding Yeni Y\u00f6netim Kurulu Ba\u015fkan\u0131 M\u0131? - Av. Deniz Can K\u0131z\u0131l","isPartOf":{"@id":"https:\/\/denizcankizil.tr\/de\/#website"},"datePublished":"2025-03-25T08:42:20+00:00","breadcrumb":{"@id":"http:\/\/denizcankizil.tr\/ru\/haberler\/gundem\/hayri-culhaci-kimdir-sabanci-holding-yeni-yonetim-kurulu-baskani-mi\/#breadcrumb"},"inLanguage":"ru-RU","potentialAction":[{"@type":"ReadAction","target":["http:\/\/denizcankizil.tr\/ru\/haberler\/gundem\/hayri-culhaci-kimdir-sabanci-holding-yeni-yonetim-kurulu-baskani-mi\/"]}]},{"@type":"BreadcrumbList","@id":"http:\/\/denizcankizil.tr\/ru\/haberler\/gundem\/hayri-culhaci-kimdir-sabanci-holding-yeni-yonetim-kurulu-baskani-mi\/#breadcrumb","itemListElement":[{"@type":"ListItem","position":1,"name":"Home","item":"https:\/\/denizcankizil.tr\/de\/"},{"@type":"ListItem","position":2,"name":"Hayri \u00c7ulhac\u0131 Kimdir? Sabanc\u0131 Holding Yeni Y\u00f6netim Kurulu Ba\u015fkan\u0131 M\u0131?"}]},{"@type":"WebSite","@id":"https:\/\/denizcankizil.tr\/de\/#website","url":"https:\/\/denizcankizil.tr\/de\/","name":"Av. Deniz Can K\u0131z\u0131l","description":"Avukat Deniz Can K\u0131z\u0131l Antalya Barosu","publisher":{"@id":"https:\/\/denizcankizil.tr\/de\/#organization"},"potentialAction":[{"@type":"SearchAction","target":{"@type":"EntryPoint","urlTemplate":"https:\/\/denizcankizil.tr\/de\/?s={search_term_string}"},"query-input":{"@type":"PropertyValueSpecification","valueRequired":true,"valueName":"search_term_string"}}],"inLanguage":"ru-RU"},{"@type":"Organization","@id":"https:\/\/denizcankizil.tr\/de\/#organization","name":"Av. Deniz Can K\u0131z\u0131l","url":"https:\/\/denizcankizil.tr\/de\/","logo":{"@type":"ImageObject","inLanguage":"ru-RU","@id":"https:\/\/denizcankizil.tr\/de\/#\/schema\/logo\/image\/","url":"http:\/\/denizcankizil.tr\/wp-content\/uploads\/2024\/10\/siyah-logo-svg.svg","contentUrl":"http:\/\/denizcankizil.tr\/wp-content\/uploads\/2024\/10\/siyah-logo-svg.svg","width":1080,"height":1080,"caption":"Av. Deniz Can K\u0131z\u0131l"},"image":{"@id":"https:\/\/denizcankizil.tr\/de\/#\/schema\/logo\/image\/"}},{"@type":"Person","@id":"https:\/\/denizcankizil.tr\/de\/#\/schema\/person\/e1eb71bb4dd684d46563f0af307e1234","name":"Antalya K\u00f6rfez","image":{"@type":"ImageObject","inLanguage":"ru-RU","@id":"https:\/\/denizcankizil.tr\/de\/#\/schema\/person\/image\/","url":"https:\/\/secure.gravatar.com\/avatar\/42b01982558a48a0b501fdcab6a408d3717ea5919095ee2e67b0e521799c5905?s=96&d=mm&r=g","contentUrl":"https:\/\/secure.gravatar.com\/avatar\/42b01982558a48a0b501fdcab6a408d3717ea5919095ee2e67b0e521799c5905?s=96&d=mm&r=g","caption":"Antalya K\u00f6rfez"},"sameAs":["http:\/\/www.antalyakorfez.com"],"url":"https:\/\/www.antalyakorfez.com\/hayri-culhaci-kimdir"}]}},"_links":{"self":[{"href":"http:\/\/denizcankizil.tr\/ru\/wp-json\/wp\/v2\/posts\/36905","targetHints":{"allow":["GET"]}}],"collection":[{"href":"http:\/\/denizcankizil.tr\/ru\/wp-json\/wp\/v2\/posts"}],"about":[{"href":"http:\/\/denizcankizil.tr\/ru\/wp-json\/wp\/v2\/types\/post"}],"author":[{"embeddable":true,"href":"http:\/\/denizcankizil.tr\/ru\/wp-json\/wp\/v2\/users\/5"}],"replies":[{"embeddable":true,"href":"http:\/\/denizcankizil.tr\/ru\/wp-json\/wp\/v2\/comments?post=36905"}],"version-history":[{"count":0,"href":"http:\/\/denizcankizil.tr\/ru\/wp-json\/wp\/v2\/posts\/36905\/revisions"}],"wp:attachment":[{"href":"http:\/\/denizcankizil.tr\/ru\/wp-json\/wp\/v2\/media?parent=36905"}],"wp:term":[{"taxonomy":"category","embeddable":true,"href":"http:\/\/denizcankizil.tr\/ru\/wp-json\/wp\/v2\/categories?post=36905"},{"taxonomy":"post_tag","embeddable":true,"href":"http:\/\/denizcankizil.tr\/ru\/wp-json\/wp\/v2\/tags?post=36905"}],"curies":[{"name":"wp","href":"https:\/\/api.w.org\/{rel}","templated":true}]}}