{"id":36618,"date":"2025-03-23T09:41:33","date_gmt":"2025-03-23T06:41:33","guid":{"rendered":"https:\/\/denizcankizil.tr\/uncategorized-tr\/9-ilde-343-supheli-gozaltina-alindi\/"},"modified":"2025-03-23T09:41:33","modified_gmt":"2025-03-23T06:41:33","slug":"9-ilde-343-supheli-gozaltina-alindi","status":"publish","type":"post","link":"http:\/\/denizcankizil.tr\/ru\/haberler\/gundem\/9-ilde-343-supheli-gozaltina-alindi\/","title":{"rendered":"9 ilde 343 \u015f\u00fcpheli g\u00f6zalt\u0131na al\u0131nd\u0131"},"content":{"rendered":"<p>\u0130stanbul Cumhuriyet Ba\u015fsavc\u0131l\u0131\u011f\u0131nca y\u00fcr\u00fct\u00fclen \u0130stanbul B\u00fcy\u00fck\u015fehir Belediyesi soru\u015fturmas\u0131 ile ilgili d\u00fcn gece 9 ilde meydana gelen eylemlerde 343 \u015f\u00fcpheli yakaland\u0131.ANKARA (\u0130GFA) &#8211;\u00a0\u0130\u00e7i\u015fleri Bakan\u0131 Ali Yerlikaya, sosyal medya hesab\u0131ndan, \u0130stanbul Cumhuriyet Ba\u015fsavc\u0131l\u0131\u011f\u0131&#8217;nca y\u00fcr\u00fct\u00fclen \u0130stanbul B\u00fcy\u00fck\u015fehir Belediyesi soru\u015fturmas\u0131 ile ilgili d\u00fcn gece \u0130stanbul, Ankara, \u0130zmir, Adana, Antalya, \u00c7anakkale, Eski\u015fehir, Konya ve Edirne&#8217;de meydana gelen eylemlerde 343 \u015f\u00fcpheli yakaland\u0131\u011f\u0131n\u0131 a\u00e7\u0131klad\u0131.<br \/>\nBakan Yerlikaya payla\u015f\u0131m\u0131nda ayr\u0131a &#8221;Toplumsal d\u00fczeni bozmaya, milletimizin huzurunu ve g\u00fcvenli\u011fini tehdit etmeye, karga\u015fa ve provokasyon pe\u015finde ko\u015fanlara asla f\u0131rsat verilmeyecek, kesinlikle g\u00f6z yumulmayacakt\u0131r. Huzur ve g\u00fcvenli\u011fimizin teminat\u0131 olan polislerimiz gece g\u00fcnd\u00fcz demeden g\u00f6revlerinin ba\u015f\u0131ndalar&#8221; ifadelerine yer verdi.\u00a0<\/p>\n<p>https:\/\/twitter.com\/AliYerlikaya\/status\/1903369109779185717<\/p>\n<p>\u200b\u0130stanbul Cumhuriyet Ba\u015fsavc\u0131l\u0131\u011f\u0131nca y\u00fcr\u00fct\u00fclen \u0130stanbul B\u00fcy\u00fck\u015fehir Belediyesi soru\u015fturmas\u0131 ile ilgili d\u00fcn gece 9 ilde meydana gelen eylemlerde 343 \u015f\u00fcpheli yakaland\u0131.ANKARA (\u0130GFA) &#8211;\u00a0\u0130\u00e7i\u015fleri Bakan\u0131 Ali Yerlikaya, sosyal medya hesab\u0131ndan, \u0130stanbul Cumhuriyet Ba\u015fsavc\u0131l\u0131\u011f\u0131&#8217;nca y\u00fcr\u00fct\u00fclen \u0130stanbul B\u00fcy\u00fck\u015fehir Belediyesi soru\u015fturmas\u0131 ile ilgili d\u00fcn gece \u0130stanbul, Ankara, \u0130zmir, Adana, Antalya, \u00c7anakkale, Eski\u015fehir, Konya ve Edirne&#8217;de meydana gelen eylemlerde 343 \u015f\u00fcpheli yakaland\u0131\u011f\u0131n\u0131 a\u00e7\u0131klad\u0131.<br \/>\nBakan Yerlikaya payla\u015f\u0131m\u0131nda ayr\u0131a &#8221;Toplumsal d\u00fczeni bozmaya, milletimizin huzurunu ve g\u00fcvenli\u011fini tehdit etmeye, karga\u015fa ve provokasyon pe\u015finde ko\u015fanlara asla f\u0131rsat verilmeyecek, kesinlikle g\u00f6z yumulmayacakt\u0131r. Huzur ve g\u00fcvenli\u011fimizin teminat\u0131 olan polislerimiz gece g\u00fcnd\u00fcz demeden g\u00f6revlerinin ba\u015f\u0131ndalar&#8221; ifadelerine yer verdi.\u00a0<\/p>\n<p>https:\/\/twitter.com\/AliYerlikaya\/status\/1903369109779185717\u00a0<\/p>\n<p>\u200bHaberin Al\u0131nt\u0131land\u0131\u011f\u0131 Kaynak: www.iskenderun.org<\/p>","protected":false},"excerpt":{"rendered":"<p>\u0130stanbul Cumhuriyet Ba\u015fsavc\u0131l\u0131\u011f\u0131nca y\u00fcr\u00fct\u00fclen \u0130stanbul B\u00fcy\u00fck\u015fehir Belediyesi soru\u015fturmas\u0131 ile ilgili d\u00fcn gece 9 ilde meydana gelen eylemlerde 343 \u015f\u00fcpheli yakaland\u0131.ANKARA (\u0130GFA) &#8211;\u00a0\u0130\u00e7i\u015fleri Bakan\u0131 Ali Yerlikaya, sosyal medya hesab\u0131ndan, \u0130stanbul Cumhuriyet Ba\u015fsavc\u0131l\u0131\u011f\u0131&#8217;nca y\u00fcr\u00fct\u00fclen \u0130stanbul B\u00fcy\u00fck\u015fehir Belediyesi soru\u015fturmas\u0131 ile ilgili d\u00fcn gece \u0130stanbul, Ankara, \u0130zmir, Adana, Antalya, \u00c7anakkale, Eski\u015fehir, Konya ve Edirne&#8217;de meydana gelen eylemlerde 343 \u015f\u00fcpheli yakaland\u0131\u011f\u0131n\u0131 a\u00e7\u0131klad\u0131. Bakan Yerlikaya payla\u015f\u0131m\u0131nda ayr\u0131a &#8221;Toplumsal d\u00fczeni bozmaya, milletimizin huzurunu ve g\u00fcvenli\u011fini tehdit etmeye, karga\u015fa ve provokasyon pe\u015finde ko\u015fanlara asla f\u0131rsat verilmeyecek, kesinlikle g\u00f6z yumulmayacakt\u0131r. Huzur ve g\u00fcvenli\u011fimizin teminat\u0131 olan polislerimiz gece g\u00fcnd\u00fcz demeden g\u00f6revlerinin ba\u015f\u0131ndalar&#8221; ifadelerine yer verdi.\u00a0 https:\/\/twitter.com\/AliYerlikaya\/status\/1903369109779185717 \u200b\u0130stanbul Cumhuriyet Ba\u015fsavc\u0131l\u0131\u011f\u0131nca y\u00fcr\u00fct\u00fclen \u0130stanbul B\u00fcy\u00fck\u015fehir Belediyesi soru\u015fturmas\u0131 ile ilgili d\u00fcn gece 9 ilde meydana gelen eylemlerde 343 \u015f\u00fcpheli yakaland\u0131.ANKARA (\u0130GFA) &#8211;\u00a0\u0130\u00e7i\u015fleri Bakan\u0131 Ali Yerlikaya, sosyal medya hesab\u0131ndan, \u0130stanbul Cumhuriyet Ba\u015fsavc\u0131l\u0131\u011f\u0131&#8217;nca y\u00fcr\u00fct\u00fclen \u0130stanbul B\u00fcy\u00fck\u015fehir Belediyesi soru\u015fturmas\u0131 ile ilgili d\u00fcn gece \u0130stanbul, Ankara, \u0130zmir, Adana, Antalya, \u00c7anakkale, Eski\u015fehir, Konya ve Edirne&#8217;de meydana gelen eylemlerde 343 \u015f\u00fcpheli yakaland\u0131\u011f\u0131n\u0131 a\u00e7\u0131klad\u0131. Bakan Yerlikaya payla\u015f\u0131m\u0131nda ayr\u0131a &#8221;Toplumsal d\u00fczeni bozmaya, milletimizin huzurunu ve g\u00fcvenli\u011fini tehdit etmeye, karga\u015fa ve provokasyon pe\u015finde ko\u015fanlara asla f\u0131rsat verilmeyecek, kesinlikle g\u00f6z yumulmayacakt\u0131r. Huzur ve g\u00fcvenli\u011fimizin teminat\u0131 olan polislerimiz gece g\u00fcnd\u00fcz demeden g\u00f6revlerinin ba\u015f\u0131ndalar&#8221; ifadelerine yer verdi.\u00a0 https:\/\/twitter.com\/AliYerlikaya\/status\/1903369109779185717\u00a0 \u200bHaberin Al\u0131nt\u0131land\u0131\u011f\u0131 Kaynak: www.iskenderun.org<\/p>","protected":false},"author":1,"featured_media":0,"comment_status":"","ping_status":"open","sticky":false,"template":"","format":"standard","meta":{"_acf_changed":false,"footnotes":""},"categories":[24],"tags":[],"class_list":["post-36618","post","type-post","status-publish","format-standard","has-post-thumbnail","hentry","category-gundem"],"acf":[],"yoast_head":"<!-- This site is optimized with the Yoast SEO Premium plugin v26.6 (Yoast SEO v27.1.1) - https:\/\/yoast.com\/product\/yoast-seo-premium-wordpress\/ -->\n<title>9 ilde 343 \u015f\u00fcpheli g\u00f6zalt\u0131na al\u0131nd\u0131 - Av. Deniz Can K\u0131z\u0131l<\/title>\n<meta name=\"robots\" content=\"index, follow, max-snippet:-1, max-image-preview:large, max-video-preview:-1\" \/>\n<link rel=\"canonical\" href=\"http:\/\/denizcankizil.tr\/ru\/haberler\/gundem\/9-ilde-343-supheli-gozaltina-alindi\/\" \/>\n<meta property=\"og:locale\" content=\"ru_RU\" \/>\n<meta property=\"og:type\" content=\"article\" \/>\n<meta property=\"og:title\" content=\"9 ilde 343 \u015f\u00fcpheli g\u00f6zalt\u0131na al\u0131nd\u0131\" \/>\n<meta property=\"og:description\" content=\"\u0130stanbul Cumhuriyet Ba\u015fsavc\u0131l\u0131\u011f\u0131nca y\u00fcr\u00fct\u00fclen \u0130stanbul B\u00fcy\u00fck\u015fehir Belediyesi soru\u015fturmas\u0131 ile ilgili d\u00fcn gece 9 ilde meydana gelen eylemlerde 343 \u015f\u00fcpheli yakaland\u0131.ANKARA (\u0130GFA) &#8211;\u00a0\u0130\u00e7i\u015fleri Bakan\u0131 Ali Yerlikaya, sosyal medya hesab\u0131ndan, \u0130stanbul Cumhuriyet Ba\u015fsavc\u0131l\u0131\u011f\u0131&#8217;nca y\u00fcr\u00fct\u00fclen \u0130stanbul B\u00fcy\u00fck\u015fehir Belediyesi soru\u015fturmas\u0131 ile ilgili d\u00fcn gece \u0130stanbul, Ankara, \u0130zmir, Adana, Antalya, \u00c7anakkale, Eski\u015fehir, Konya ve Edirne&#8217;de meydana gelen eylemlerde 343 \u015f\u00fcpheli yakaland\u0131\u011f\u0131n\u0131 a\u00e7\u0131klad\u0131. Bakan Yerlikaya payla\u015f\u0131m\u0131nda ayr\u0131a &#8221;Toplumsal d\u00fczeni bozmaya, milletimizin huzurunu ve g\u00fcvenli\u011fini tehdit etmeye, karga\u015fa ve provokasyon pe\u015finde ko\u015fanlara asla f\u0131rsat verilmeyecek, kesinlikle g\u00f6z yumulmayacakt\u0131r. Huzur ve g\u00fcvenli\u011fimizin teminat\u0131 olan polislerimiz gece g\u00fcnd\u00fcz demeden g\u00f6revlerinin ba\u015f\u0131ndalar&#8221; ifadelerine yer verdi.\u00a0 https:\/\/twitter.com\/AliYerlikaya\/status\/1903369109779185717 \u200b\u0130stanbul Cumhuriyet Ba\u015fsavc\u0131l\u0131\u011f\u0131nca y\u00fcr\u00fct\u00fclen \u0130stanbul B\u00fcy\u00fck\u015fehir Belediyesi soru\u015fturmas\u0131 ile ilgili d\u00fcn gece 9 ilde meydana gelen eylemlerde 343 \u015f\u00fcpheli yakaland\u0131.ANKARA (\u0130GFA) &#8211;\u00a0\u0130\u00e7i\u015fleri Bakan\u0131 Ali Yerlikaya, sosyal medya hesab\u0131ndan, \u0130stanbul Cumhuriyet Ba\u015fsavc\u0131l\u0131\u011f\u0131&#8217;nca y\u00fcr\u00fct\u00fclen \u0130stanbul B\u00fcy\u00fck\u015fehir Belediyesi soru\u015fturmas\u0131 ile ilgili d\u00fcn gece \u0130stanbul, Ankara, \u0130zmir, Adana, Antalya, \u00c7anakkale, Eski\u015fehir, Konya ve Edirne&#8217;de meydana gelen eylemlerde 343 \u015f\u00fcpheli yakaland\u0131\u011f\u0131n\u0131 a\u00e7\u0131klad\u0131. Bakan Yerlikaya payla\u015f\u0131m\u0131nda ayr\u0131a &#8221;Toplumsal d\u00fczeni bozmaya, milletimizin huzurunu ve g\u00fcvenli\u011fini tehdit etmeye, karga\u015fa ve provokasyon pe\u015finde ko\u015fanlara asla f\u0131rsat verilmeyecek, kesinlikle g\u00f6z yumulmayacakt\u0131r. Huzur ve g\u00fcvenli\u011fimizin teminat\u0131 olan polislerimiz gece g\u00fcnd\u00fcz demeden g\u00f6revlerinin ba\u015f\u0131ndalar&#8221; ifadelerine yer verdi.\u00a0 https:\/\/twitter.com\/AliYerlikaya\/status\/1903369109779185717\u00a0 \u200bHaberin Al\u0131nt\u0131land\u0131\u011f\u0131 Kaynak: www.iskenderun.org\" \/>\n<meta property=\"og:url\" content=\"http:\/\/denizcankizil.tr\/ru\/haberler\/gundem\/9-ilde-343-supheli-gozaltina-alindi\/\" \/>\n<meta property=\"og:site_name\" content=\"Av. Deniz Can K\u0131z\u0131l\" \/>\n<meta property=\"article:published_time\" content=\"2025-03-23T06:41:33+00:00\" \/>\n<meta name=\"author\" content=\"admin\" \/>\n<meta name=\"twitter:card\" content=\"summary_large_image\" \/>\n<meta name=\"twitter:label1\" content=\"\u041d\u0430\u043f\u0438\u0441\u0430\u043d\u043e \u0430\u0432\u0442\u043e\u0440\u043e\u043c\" \/>\n\t<meta name=\"twitter:data1\" content=\"admin\" \/>\n\t<meta name=\"twitter:label2\" content=\"\u041f\u0440\u0438\u043c\u0435\u0440\u043d\u043e\u0435 \u0432\u0440\u0435\u043c\u044f \u0434\u043b\u044f \u0447\u0442\u0435\u043d\u0438\u044f\" \/>\n\t<meta name=\"twitter:data2\" content=\"1 \u043c\u0438\u043d\u0443\u0442\u0430\" \/>\n<script type=\"application\/ld+json\" class=\"yoast-schema-graph\">{\"@context\":\"https:\/\/schema.org\",\"@graph\":[{\"@type\":\"Article\",\"@id\":\"http:\/\/denizcankizil.tr\/ru\/haberler\/gundem\/9-ilde-343-supheli-gozaltina-alindi\/#article\",\"isPartOf\":{\"@id\":\"http:\/\/denizcankizil.tr\/ru\/haberler\/gundem\/9-ilde-343-supheli-gozaltina-alindi\/\"},\"author\":{\"name\":\"admin\",\"@id\":\"https:\/\/denizcankizil.tr\/de\/#\/schema\/person\/be3c05fe6a12686905512445d8185489\"},\"headline\":\"9 ilde 343 \u015f\u00fcpheli g\u00f6zalt\u0131na al\u0131nd\u0131\",\"datePublished\":\"2025-03-23T06:41:33+00:00\",\"mainEntityOfPage\":{\"@id\":\"http:\/\/denizcankizil.tr\/ru\/haberler\/gundem\/9-ilde-343-supheli-gozaltina-alindi\/\"},\"wordCount\":305,\"publisher\":{\"@id\":\"https:\/\/denizcankizil.tr\/de\/#organization\"},\"articleSection\":[\"G\u00fcndem\"],\"inLanguage\":\"ru-RU\"},{\"@type\":\"WebPage\",\"@id\":\"http:\/\/denizcankizil.tr\/ru\/haberler\/gundem\/9-ilde-343-supheli-gozaltina-alindi\/\",\"url\":\"http:\/\/denizcankizil.tr\/ru\/haberler\/gundem\/9-ilde-343-supheli-gozaltina-alindi\/\",\"name\":\"9 ilde 343 \u015f\u00fcpheli g\u00f6zalt\u0131na al\u0131nd\u0131 - Av. Deniz Can K\u0131z\u0131l\",\"isPartOf\":{\"@id\":\"https:\/\/denizcankizil.tr\/de\/#website\"},\"datePublished\":\"2025-03-23T06:41:33+00:00\",\"breadcrumb\":{\"@id\":\"http:\/\/denizcankizil.tr\/ru\/haberler\/gundem\/9-ilde-343-supheli-gozaltina-alindi\/#breadcrumb\"},\"inLanguage\":\"ru-RU\",\"potentialAction\":[{\"@type\":\"ReadAction\",\"target\":[\"http:\/\/denizcankizil.tr\/ru\/haberler\/gundem\/9-ilde-343-supheli-gozaltina-alindi\/\"]}]},{\"@type\":\"BreadcrumbList\",\"@id\":\"http:\/\/denizcankizil.tr\/ru\/haberler\/gundem\/9-ilde-343-supheli-gozaltina-alindi\/#breadcrumb\",\"itemListElement\":[{\"@type\":\"ListItem\",\"position\":1,\"name\":\"Home\",\"item\":\"https:\/\/denizcankizil.tr\/de\/\"},{\"@type\":\"ListItem\",\"position\":2,\"name\":\"9 ilde 343 \u015f\u00fcpheli g\u00f6zalt\u0131na al\u0131nd\u0131\"}]},{\"@type\":\"WebSite\",\"@id\":\"https:\/\/denizcankizil.tr\/de\/#website\",\"url\":\"https:\/\/denizcankizil.tr\/de\/\",\"name\":\"Av. Deniz Can K\u0131z\u0131l\",\"description\":\"Avukat Deniz Can K\u0131z\u0131l Antalya Barosu\",\"publisher\":{\"@id\":\"https:\/\/denizcankizil.tr\/de\/#organization\"},\"potentialAction\":[{\"@type\":\"SearchAction\",\"target\":{\"@type\":\"EntryPoint\",\"urlTemplate\":\"https:\/\/denizcankizil.tr\/de\/?s={search_term_string}\"},\"query-input\":{\"@type\":\"PropertyValueSpecification\",\"valueRequired\":true,\"valueName\":\"search_term_string\"}}],\"inLanguage\":\"ru-RU\"},{\"@type\":\"Organization\",\"@id\":\"https:\/\/denizcankizil.tr\/de\/#organization\",\"name\":\"Av. Deniz Can K\u0131z\u0131l\",\"url\":\"https:\/\/denizcankizil.tr\/de\/\",\"logo\":{\"@type\":\"ImageObject\",\"inLanguage\":\"ru-RU\",\"@id\":\"https:\/\/denizcankizil.tr\/de\/#\/schema\/logo\/image\/\",\"url\":\"http:\/\/denizcankizil.tr\/wp-content\/uploads\/2024\/10\/siyah-logo-svg.svg\",\"contentUrl\":\"http:\/\/denizcankizil.tr\/wp-content\/uploads\/2024\/10\/siyah-logo-svg.svg\",\"width\":1080,\"height\":1080,\"caption\":\"Av. Deniz Can K\u0131z\u0131l\"},\"image\":{\"@id\":\"https:\/\/denizcankizil.tr\/de\/#\/schema\/logo\/image\/\"}},{\"@type\":\"Person\",\"@id\":\"https:\/\/denizcankizil.tr\/de\/#\/schema\/person\/be3c05fe6a12686905512445d8185489\",\"name\":\"admin\",\"image\":{\"@type\":\"ImageObject\",\"inLanguage\":\"ru-RU\",\"@id\":\"https:\/\/denizcankizil.tr\/de\/#\/schema\/person\/image\/\",\"url\":\"https:\/\/secure.gravatar.com\/avatar\/c1fce94c830dc79107e174f890d7210541c4a63e8e5d816341794a2151c9d58c?s=96&d=mm&r=g\",\"contentUrl\":\"https:\/\/secure.gravatar.com\/avatar\/c1fce94c830dc79107e174f890d7210541c4a63e8e5d816341794a2151c9d58c?s=96&d=mm&r=g\",\"caption\":\"admin\"},\"sameAs\":[\"http:\/\/denizcankizil.tr\"],\"url\":\"https:\/\/www.iskenderun.org\/9-ilde-343-supheli-gozaltina-alindi\"}]}<\/script>\n<!-- \/ Yoast SEO Premium plugin. -->","yoast_head_json":{"title":"9 ilde 343 \u015f\u00fcpheli g\u00f6zalt\u0131na al\u0131nd\u0131 - Av. Deniz Can K\u0131z\u0131l","robots":{"index":"index","follow":"follow","max-snippet":"max-snippet:-1","max-image-preview":"max-image-preview:large","max-video-preview":"max-video-preview:-1"},"canonical":"http:\/\/denizcankizil.tr\/ru\/haberler\/gundem\/9-ilde-343-supheli-gozaltina-alindi\/","og_locale":"ru_RU","og_type":"article","og_title":"9 ilde 343 \u015f\u00fcpheli g\u00f6zalt\u0131na al\u0131nd\u0131","og_description":"\u0130stanbul Cumhuriyet Ba\u015fsavc\u0131l\u0131\u011f\u0131nca y\u00fcr\u00fct\u00fclen \u0130stanbul B\u00fcy\u00fck\u015fehir Belediyesi soru\u015fturmas\u0131 ile ilgili d\u00fcn gece 9 ilde meydana gelen eylemlerde 343 \u015f\u00fcpheli yakaland\u0131.ANKARA (\u0130GFA) &#8211;\u00a0\u0130\u00e7i\u015fleri Bakan\u0131 Ali Yerlikaya, sosyal medya hesab\u0131ndan, \u0130stanbul Cumhuriyet Ba\u015fsavc\u0131l\u0131\u011f\u0131&#8217;nca y\u00fcr\u00fct\u00fclen \u0130stanbul B\u00fcy\u00fck\u015fehir Belediyesi soru\u015fturmas\u0131 ile ilgili d\u00fcn gece \u0130stanbul, Ankara, \u0130zmir, Adana, Antalya, \u00c7anakkale, Eski\u015fehir, Konya ve Edirne&#8217;de meydana gelen eylemlerde 343 \u015f\u00fcpheli yakaland\u0131\u011f\u0131n\u0131 a\u00e7\u0131klad\u0131. Bakan Yerlikaya payla\u015f\u0131m\u0131nda ayr\u0131a &#8221;Toplumsal d\u00fczeni bozmaya, milletimizin huzurunu ve g\u00fcvenli\u011fini tehdit etmeye, karga\u015fa ve provokasyon pe\u015finde ko\u015fanlara asla f\u0131rsat verilmeyecek, kesinlikle g\u00f6z yumulmayacakt\u0131r. Huzur ve g\u00fcvenli\u011fimizin teminat\u0131 olan polislerimiz gece g\u00fcnd\u00fcz demeden g\u00f6revlerinin ba\u015f\u0131ndalar&#8221; ifadelerine yer verdi.\u00a0 https:\/\/twitter.com\/AliYerlikaya\/status\/1903369109779185717 \u200b\u0130stanbul Cumhuriyet Ba\u015fsavc\u0131l\u0131\u011f\u0131nca y\u00fcr\u00fct\u00fclen \u0130stanbul B\u00fcy\u00fck\u015fehir Belediyesi soru\u015fturmas\u0131 ile ilgili d\u00fcn gece 9 ilde meydana gelen eylemlerde 343 \u015f\u00fcpheli yakaland\u0131.ANKARA (\u0130GFA) &#8211;\u00a0\u0130\u00e7i\u015fleri Bakan\u0131 Ali Yerlikaya, sosyal medya hesab\u0131ndan, \u0130stanbul Cumhuriyet Ba\u015fsavc\u0131l\u0131\u011f\u0131&#8217;nca y\u00fcr\u00fct\u00fclen \u0130stanbul B\u00fcy\u00fck\u015fehir Belediyesi soru\u015fturmas\u0131 ile ilgili d\u00fcn gece \u0130stanbul, Ankara, \u0130zmir, Adana, Antalya, \u00c7anakkale, Eski\u015fehir, Konya ve Edirne&#8217;de meydana gelen eylemlerde 343 \u015f\u00fcpheli yakaland\u0131\u011f\u0131n\u0131 a\u00e7\u0131klad\u0131. Bakan Yerlikaya payla\u015f\u0131m\u0131nda ayr\u0131a &#8221;Toplumsal d\u00fczeni bozmaya, milletimizin huzurunu ve g\u00fcvenli\u011fini tehdit etmeye, karga\u015fa ve provokasyon pe\u015finde ko\u015fanlara asla f\u0131rsat verilmeyecek, kesinlikle g\u00f6z yumulmayacakt\u0131r. Huzur ve g\u00fcvenli\u011fimizin teminat\u0131 olan polislerimiz gece g\u00fcnd\u00fcz demeden g\u00f6revlerinin ba\u015f\u0131ndalar&#8221; ifadelerine yer verdi.\u00a0 https:\/\/twitter.com\/AliYerlikaya\/status\/1903369109779185717\u00a0 \u200bHaberin Al\u0131nt\u0131land\u0131\u011f\u0131 Kaynak: www.iskenderun.org","og_url":"http:\/\/denizcankizil.tr\/ru\/haberler\/gundem\/9-ilde-343-supheli-gozaltina-alindi\/","og_site_name":"Av. Deniz Can K\u0131z\u0131l","article_published_time":"2025-03-23T06:41:33+00:00","author":"admin","twitter_card":"summary_large_image","twitter_misc":{"\u041d\u0430\u043f\u0438\u0441\u0430\u043d\u043e \u0430\u0432\u0442\u043e\u0440\u043e\u043c":"admin","\u041f\u0440\u0438\u043c\u0435\u0440\u043d\u043e\u0435 \u0432\u0440\u0435\u043c\u044f \u0434\u043b\u044f \u0447\u0442\u0435\u043d\u0438\u044f":"1 \u043c\u0438\u043d\u0443\u0442\u0430"},"schema":{"@context":"https:\/\/schema.org","@graph":[{"@type":"Article","@id":"http:\/\/denizcankizil.tr\/ru\/haberler\/gundem\/9-ilde-343-supheli-gozaltina-alindi\/#article","isPartOf":{"@id":"http:\/\/denizcankizil.tr\/ru\/haberler\/gundem\/9-ilde-343-supheli-gozaltina-alindi\/"},"author":{"name":"admin","@id":"https:\/\/denizcankizil.tr\/de\/#\/schema\/person\/be3c05fe6a12686905512445d8185489"},"headline":"9 ilde 343 \u015f\u00fcpheli g\u00f6zalt\u0131na al\u0131nd\u0131","datePublished":"2025-03-23T06:41:33+00:00","mainEntityOfPage":{"@id":"http:\/\/denizcankizil.tr\/ru\/haberler\/gundem\/9-ilde-343-supheli-gozaltina-alindi\/"},"wordCount":305,"publisher":{"@id":"https:\/\/denizcankizil.tr\/de\/#organization"},"articleSection":["G\u00fcndem"],"inLanguage":"ru-RU"},{"@type":"WebPage","@id":"http:\/\/denizcankizil.tr\/ru\/haberler\/gundem\/9-ilde-343-supheli-gozaltina-alindi\/","url":"http:\/\/denizcankizil.tr\/ru\/haberler\/gundem\/9-ilde-343-supheli-gozaltina-alindi\/","name":"9 ilde 343 \u015f\u00fcpheli g\u00f6zalt\u0131na al\u0131nd\u0131 - Av. Deniz Can K\u0131z\u0131l","isPartOf":{"@id":"https:\/\/denizcankizil.tr\/de\/#website"},"datePublished":"2025-03-23T06:41:33+00:00","breadcrumb":{"@id":"http:\/\/denizcankizil.tr\/ru\/haberler\/gundem\/9-ilde-343-supheli-gozaltina-alindi\/#breadcrumb"},"inLanguage":"ru-RU","potentialAction":[{"@type":"ReadAction","target":["http:\/\/denizcankizil.tr\/ru\/haberler\/gundem\/9-ilde-343-supheli-gozaltina-alindi\/"]}]},{"@type":"BreadcrumbList","@id":"http:\/\/denizcankizil.tr\/ru\/haberler\/gundem\/9-ilde-343-supheli-gozaltina-alindi\/#breadcrumb","itemListElement":[{"@type":"ListItem","position":1,"name":"Home","item":"https:\/\/denizcankizil.tr\/de\/"},{"@type":"ListItem","position":2,"name":"9 ilde 343 \u015f\u00fcpheli g\u00f6zalt\u0131na al\u0131nd\u0131"}]},{"@type":"WebSite","@id":"https:\/\/denizcankizil.tr\/de\/#website","url":"https:\/\/denizcankizil.tr\/de\/","name":"Av. Deniz Can K\u0131z\u0131l","description":"Avukat Deniz Can K\u0131z\u0131l Antalya Barosu","publisher":{"@id":"https:\/\/denizcankizil.tr\/de\/#organization"},"potentialAction":[{"@type":"SearchAction","target":{"@type":"EntryPoint","urlTemplate":"https:\/\/denizcankizil.tr\/de\/?s={search_term_string}"},"query-input":{"@type":"PropertyValueSpecification","valueRequired":true,"valueName":"search_term_string"}}],"inLanguage":"ru-RU"},{"@type":"Organization","@id":"https:\/\/denizcankizil.tr\/de\/#organization","name":"Av. Deniz Can K\u0131z\u0131l","url":"https:\/\/denizcankizil.tr\/de\/","logo":{"@type":"ImageObject","inLanguage":"ru-RU","@id":"https:\/\/denizcankizil.tr\/de\/#\/schema\/logo\/image\/","url":"http:\/\/denizcankizil.tr\/wp-content\/uploads\/2024\/10\/siyah-logo-svg.svg","contentUrl":"http:\/\/denizcankizil.tr\/wp-content\/uploads\/2024\/10\/siyah-logo-svg.svg","width":1080,"height":1080,"caption":"Av. Deniz Can K\u0131z\u0131l"},"image":{"@id":"https:\/\/denizcankizil.tr\/de\/#\/schema\/logo\/image\/"}},{"@type":"Person","@id":"https:\/\/denizcankizil.tr\/de\/#\/schema\/person\/be3c05fe6a12686905512445d8185489","name":"\u0430\u0434\u043c\u0438\u043d","image":{"@type":"ImageObject","inLanguage":"ru-RU","@id":"https:\/\/denizcankizil.tr\/de\/#\/schema\/person\/image\/","url":"https:\/\/secure.gravatar.com\/avatar\/c1fce94c830dc79107e174f890d7210541c4a63e8e5d816341794a2151c9d58c?s=96&d=mm&r=g","contentUrl":"https:\/\/secure.gravatar.com\/avatar\/c1fce94c830dc79107e174f890d7210541c4a63e8e5d816341794a2151c9d58c?s=96&d=mm&r=g","caption":"admin"},"sameAs":["http:\/\/denizcankizil.tr"],"url":"https:\/\/www.iskenderun.org\/9-ilde-343-supheli-gozaltina-alindi"}]}},"_links":{"self":[{"href":"http:\/\/denizcankizil.tr\/ru\/wp-json\/wp\/v2\/posts\/36618","targetHints":{"allow":["GET"]}}],"collection":[{"href":"http:\/\/denizcankizil.tr\/ru\/wp-json\/wp\/v2\/posts"}],"about":[{"href":"http:\/\/denizcankizil.tr\/ru\/wp-json\/wp\/v2\/types\/post"}],"author":[{"embeddable":true,"href":"http:\/\/denizcankizil.tr\/ru\/wp-json\/wp\/v2\/users\/1"}],"replies":[{"embeddable":true,"href":"http:\/\/denizcankizil.tr\/ru\/wp-json\/wp\/v2\/comments?post=36618"}],"version-history":[{"count":0,"href":"http:\/\/denizcankizil.tr\/ru\/wp-json\/wp\/v2\/posts\/36618\/revisions"}],"wp:attachment":[{"href":"http:\/\/denizcankizil.tr\/ru\/wp-json\/wp\/v2\/media?parent=36618"}],"wp:term":[{"taxonomy":"category","embeddable":true,"href":"http:\/\/denizcankizil.tr\/ru\/wp-json\/wp\/v2\/categories?post=36618"},{"taxonomy":"post_tag","embeddable":true,"href":"http:\/\/denizcankizil.tr\/ru\/wp-json\/wp\/v2\/tags?post=36618"}],"curies":[{"name":"wp","href":"https:\/\/api.w.org\/{rel}","templated":true}]}}