{"id":36544,"date":"2025-03-22T08:00:00","date_gmt":"2025-03-22T05:00:00","guid":{"rendered":"https:\/\/denizcankizil.tr\/uncategorized-tr\/gazeteci-ismail-saymaza-ev-hapsi\/"},"modified":"2025-03-22T08:00:00","modified_gmt":"2025-03-22T05:00:00","slug":"gazeteci-ismail-saymaza-ev-hapsi","status":"publish","type":"post","link":"http:\/\/denizcankizil.tr\/ru\/hukukihaber\/gazeteci-ismail-saymaza-ev-hapsi\/","title":{"rendered":"Gazeteci \u0130smail Saymaz\u2019a ev hapsi"},"content":{"rendered":"<p>\u0130stanbul Cumhuriyet Ba\u015fsavc\u0131l\u0131\u011f\u0131 taraf\u0131ndan Gezi Park\u0131 olaylar\u0131na ili\u015fkin y\u00fcr\u00fct\u00fclen soru\u015fturma kapsam\u0131nda gazeteci \u0130smail Saymaz \u00e7ar\u015famba g\u00fcn\u00fc \u201cT\u00fcrkiye Cumhuriyeti h\u00fck\u00fcmetini ortadan kald\u0131rmaya te\u015febb\u00fcs\u201d su\u00e7undan g\u00f6zalt\u0131na al\u0131nm\u0131\u015ft\u0131.<\/p>\n<p>Emniyetteki ifade i\u015flemleri tamamlanan Saymaz d\u00fcn sabah saatlerinde \u00c7a\u011flayan\u2019daki \u0130stanbul Adalet Saray\u0131\u2019na sevk edildi. Saymaz savc\u0131l\u0131k ifadesinin ard\u0131ndan \u201cev hapsi\u201d \u015feklinde adli kontrol talebiyle sulh ceza h\u00e2kimli\u011fine sevk edildi. N\u00f6bet\u00e7i h\u00e2kimlikteki i\u015flemlerini ard\u0131ndan Saymaz hakk\u0131nda \u201cev hapsi\u201d adli kontrol\u00fc uygulanmas\u0131na karar verildi.<\/p>\n<p>Saymaz\u2019\u0131n h\u00e2kimlik ifadesinde \u201cGezi Park\u0131 eylemlerini organize etti\u011fi s\u00f6ylenen ki\u015filerle ba\u011f\u0131m yoktur\u201d dedi\u011fi belirtildi.<\/p>\n<p>&#8216;GAZETEC\u0130L\u0130K FAAL\u0130YET\u0130 KAPSAMINDA G\u00d6R\u00dc\u015eMELER YAPTIM&#8217;<\/p>\n<p>Saymaz&#8217;\u0131n Sulh Ceza Hakimli\u011fi\u2019ndeki ifadesinde, &#8220;Gezi Park\u0131 eylemlerini organize etti\u011fi s\u00f6ylenen ki\u015filerle herhangi bir ba\u011f\u0131m yoktur. Osman Kavala, Can Atalay ve M\u00fccella Yap\u0131c\u0131 ile yaln\u0131zca gazetecilik \u00e7er\u00e7evesinde g\u00f6r\u00fc\u015fm\u00fc\u015f\u00fcmd\u00fcr. Osman Kavala isimli \u015fah\u0131sla g\u00f6r\u00fc\u015fmem Gezi Park\u0131 eylemlerinden 1,5 y\u0131l sonra ger\u00e7ekle\u015fmi\u015ftir. Bunun nedeni de Gezi Park\u0131 eylemleriyle ilgili haber yapmak istememdir; bu haber de 2 g\u00fcn sonra yay\u0131mlanm\u0131\u015ft\u0131r. Can Atalay ile Taksim\u2019i yayala\u015ft\u0131rma projesinde avukat oldu\u011fu i\u00e7in g\u00f6r\u00fc\u015ft\u00fcm. Dosyada bulunan tape kay\u0131tlar\u0131 Gezi olaylar\u0131yla alakal\u0131 de\u011fildir; bu g\u00f6r\u00fc\u015fmeler Gezi Park\u0131 eylemlerinden 8 ay veya 1 y\u0131l sonra yap\u0131lm\u0131\u015ft\u0131r. Bu g\u00f6r\u00fc\u015fmelerde ben aranm\u0131\u015ft\u0131m. Ben Gezi Park\u0131 eylemlerinin ne organize edilmesinde ne de yayg\u0131nla\u015ft\u0131r\u0131lmas\u0131nda bulundum. Ben sadece gazetecilik faaliyeti \u00e7er\u00e7evesinde haber yapmak amac\u0131yla g\u00f6r\u00fc\u015fmeler yapt\u0131m. Sosyal medya payla\u015f\u0131mlar\u0131m ise Gezi Park\u0131 eylemlerine ili\u015fkin haber i\u00e7eriklidir. Hi\u00e7bir \u015fekilde soka\u011fa davet ve iktidara kar\u015f\u0131 protestoya veya kanun d\u0131\u015f\u0131 bir eyleme \u00e7a\u011fr\u0131 yapmad\u0131m. Bu tweetlerim aras\u0131nda baz\u0131 \u015fiddet olaylar\u0131n\u0131 ele\u015ftirdim. Yine tweetlerimde FET\u00d6\u2019c\u00fc polisler taraf\u0131ndan yap\u0131lan \u00e7ad\u0131r eylemleri ve yo\u011fun gaz s\u0131kma olaylar\u0131n\u0131 da ele\u015ftirdim. Hakk\u0131mda \u0130stanbul Cumhuriyet Ba\u015fsavc\u0131l\u0131\u011f\u0131&#8217;nca soru\u015fturma y\u00fcr\u00fct\u00fcld\u00fc\u011f\u00fcn\u00fc haftalar \u00f6ncesinden haber alm\u0131\u015ft\u0131m. Bu soru\u015fturma 14 \u015eubat 2025 tarihinde ba\u015flam\u0131\u015ft\u0131r. Bunu bilmeme ra\u011fmen Londra, Paris ve Frankfurt\u2019a gidip geri geldim. Ka\u00e7ma \u015f\u00fcphem yoktur. Uzun y\u0131llard\u0131r sabit ikametgah sahibiyim, bilinen ve tan\u0131nan bir gazeteciyim. Hakk\u0131mda istenen adli kontrol tedbirinin reddine karar verilerek, direkt serbest b\u0131rak\u0131lmam\u0131 talep ederim&#8221; c\u00fcmlelerini kulland\u0131\u011f\u0131 bilgisi edinildi.<\/p>\n<p>\u200bGezi Park\u0131 eylemleri soru\u015fturmas\u0131 kapsam\u0131nda g\u00f6zalt\u0131na al\u0131nan gazeteci \u0130smail Saymaz\u2019a \u201cev hapsi\u201d verildi.\u00a0Hukuki Haber<\/p>\n<p>Haberin Al\u0131nt\u0131land\u0131\u011f\u0131 Kaynak: www.hukukihaber.net<\/p>","protected":false},"excerpt":{"rendered":"<p>\u0130stanbul Cumhuriyet Ba\u015fsavc\u0131l\u0131\u011f\u0131 taraf\u0131ndan Gezi Park\u0131 olaylar\u0131na ili\u015fkin y\u00fcr\u00fct\u00fclen soru\u015fturma kapsam\u0131nda gazeteci \u0130smail Saymaz \u00e7ar\u015famba g\u00fcn\u00fc \u201cT\u00fcrkiye Cumhuriyeti h\u00fck\u00fcmetini ortadan kald\u0131rmaya te\u015febb\u00fcs\u201d su\u00e7undan g\u00f6zalt\u0131na al\u0131nm\u0131\u015ft\u0131. Emniyetteki ifade i\u015flemleri tamamlanan Saymaz d\u00fcn sabah saatlerinde \u00c7a\u011flayan\u2019daki \u0130stanbul Adalet Saray\u0131\u2019na sevk edildi. Saymaz savc\u0131l\u0131k ifadesinin ard\u0131ndan \u201cev hapsi\u201d \u015feklinde adli kontrol talebiyle sulh ceza h\u00e2kimli\u011fine sevk edildi. N\u00f6bet\u00e7i h\u00e2kimlikteki i\u015flemlerini ard\u0131ndan Saymaz hakk\u0131nda \u201cev hapsi\u201d adli kontrol\u00fc uygulanmas\u0131na karar verildi. Saymaz\u2019\u0131n h\u00e2kimlik ifadesinde \u201cGezi Park\u0131 eylemlerini organize etti\u011fi s\u00f6ylenen ki\u015filerle ba\u011f\u0131m yoktur\u201d dedi\u011fi belirtildi. &#8216;GAZETEC\u0130L\u0130K FAAL\u0130YET\u0130 KAPSAMINDA G\u00d6R\u00dc\u015eMELER YAPTIM&#8217; Saymaz&#8217;\u0131n Sulh Ceza Hakimli\u011fi\u2019ndeki ifadesinde, &#8220;Gezi Park\u0131 eylemlerini organize etti\u011fi s\u00f6ylenen ki\u015filerle herhangi bir ba\u011f\u0131m yoktur. Osman Kavala, Can Atalay ve M\u00fccella Yap\u0131c\u0131 ile yaln\u0131zca gazetecilik \u00e7er\u00e7evesinde g\u00f6r\u00fc\u015fm\u00fc\u015f\u00fcmd\u00fcr. Osman Kavala isimli \u015fah\u0131sla g\u00f6r\u00fc\u015fmem Gezi Park\u0131 eylemlerinden 1,5 y\u0131l sonra ger\u00e7ekle\u015fmi\u015ftir. Bunun nedeni de Gezi Park\u0131 eylemleriyle ilgili haber yapmak istememdir; bu haber de 2 g\u00fcn sonra yay\u0131mlanm\u0131\u015ft\u0131r. Can Atalay ile Taksim\u2019i yayala\u015ft\u0131rma projesinde avukat oldu\u011fu i\u00e7in g\u00f6r\u00fc\u015ft\u00fcm. Dosyada bulunan tape kay\u0131tlar\u0131 Gezi olaylar\u0131yla alakal\u0131 de\u011fildir; bu g\u00f6r\u00fc\u015fmeler Gezi Park\u0131 eylemlerinden 8 ay veya 1 y\u0131l sonra yap\u0131lm\u0131\u015ft\u0131r. Bu g\u00f6r\u00fc\u015fmelerde ben aranm\u0131\u015ft\u0131m. Ben Gezi Park\u0131 eylemlerinin ne organize edilmesinde ne de yayg\u0131nla\u015ft\u0131r\u0131lmas\u0131nda bulundum. Ben sadece gazetecilik faaliyeti \u00e7er\u00e7evesinde haber yapmak amac\u0131yla g\u00f6r\u00fc\u015fmeler yapt\u0131m. Sosyal medya &hellip;<\/p>","protected":false},"author":3,"featured_media":0,"comment_status":"","ping_status":"open","sticky":false,"template":"","format":"standard","meta":{"_acf_changed":false,"footnotes":""},"categories":[27],"tags":[],"class_list":["post-36544","post","type-post","status-publish","format-standard","has-post-thumbnail","hentry","category-hukukihaber"],"acf":[],"yoast_head":"<!-- This site is optimized with the Yoast SEO Premium plugin v26.6 (Yoast SEO v27.1.1) - https:\/\/yoast.com\/product\/yoast-seo-premium-wordpress\/ -->\n<title>Gazeteci \u0130smail Saymaz\u2019a ev hapsi - Av. Deniz Can K\u0131z\u0131l<\/title>\n<meta name=\"robots\" content=\"index, follow, max-snippet:-1, max-image-preview:large, max-video-preview:-1\" \/>\n<link rel=\"canonical\" href=\"http:\/\/denizcankizil.tr\/ru\/hukukihaber\/gazeteci-ismail-saymaza-ev-hapsi\/\" \/>\n<meta property=\"og:locale\" content=\"ru_RU\" \/>\n<meta property=\"og:type\" content=\"article\" \/>\n<meta property=\"og:title\" content=\"Gazeteci \u0130smail Saymaz\u2019a ev hapsi\" \/>\n<meta property=\"og:description\" content=\"\u0130stanbul Cumhuriyet Ba\u015fsavc\u0131l\u0131\u011f\u0131 taraf\u0131ndan Gezi Park\u0131 olaylar\u0131na ili\u015fkin y\u00fcr\u00fct\u00fclen soru\u015fturma kapsam\u0131nda gazeteci \u0130smail Saymaz \u00e7ar\u015famba g\u00fcn\u00fc \u201cT\u00fcrkiye Cumhuriyeti h\u00fck\u00fcmetini ortadan kald\u0131rmaya te\u015febb\u00fcs\u201d su\u00e7undan g\u00f6zalt\u0131na al\u0131nm\u0131\u015ft\u0131. Emniyetteki ifade i\u015flemleri tamamlanan Saymaz d\u00fcn sabah saatlerinde \u00c7a\u011flayan\u2019daki \u0130stanbul Adalet Saray\u0131\u2019na sevk edildi. Saymaz savc\u0131l\u0131k ifadesinin ard\u0131ndan \u201cev hapsi\u201d \u015feklinde adli kontrol talebiyle sulh ceza h\u00e2kimli\u011fine sevk edildi. N\u00f6bet\u00e7i h\u00e2kimlikteki i\u015flemlerini ard\u0131ndan Saymaz hakk\u0131nda \u201cev hapsi\u201d adli kontrol\u00fc uygulanmas\u0131na karar verildi. Saymaz\u2019\u0131n h\u00e2kimlik ifadesinde \u201cGezi Park\u0131 eylemlerini organize etti\u011fi s\u00f6ylenen ki\u015filerle ba\u011f\u0131m yoktur\u201d dedi\u011fi belirtildi. &#8216;GAZETEC\u0130L\u0130K FAAL\u0130YET\u0130 KAPSAMINDA G\u00d6R\u00dc\u015eMELER YAPTIM&#8217; Saymaz&#8217;\u0131n Sulh Ceza Hakimli\u011fi\u2019ndeki ifadesinde, &#8220;Gezi Park\u0131 eylemlerini organize etti\u011fi s\u00f6ylenen ki\u015filerle herhangi bir ba\u011f\u0131m yoktur. Osman Kavala, Can Atalay ve M\u00fccella Yap\u0131c\u0131 ile yaln\u0131zca gazetecilik \u00e7er\u00e7evesinde g\u00f6r\u00fc\u015fm\u00fc\u015f\u00fcmd\u00fcr. Osman Kavala isimli \u015fah\u0131sla g\u00f6r\u00fc\u015fmem Gezi Park\u0131 eylemlerinden 1,5 y\u0131l sonra ger\u00e7ekle\u015fmi\u015ftir. Bunun nedeni de Gezi Park\u0131 eylemleriyle ilgili haber yapmak istememdir; bu haber de 2 g\u00fcn sonra yay\u0131mlanm\u0131\u015ft\u0131r. Can Atalay ile Taksim\u2019i yayala\u015ft\u0131rma projesinde avukat oldu\u011fu i\u00e7in g\u00f6r\u00fc\u015ft\u00fcm. Dosyada bulunan tape kay\u0131tlar\u0131 Gezi olaylar\u0131yla alakal\u0131 de\u011fildir; bu g\u00f6r\u00fc\u015fmeler Gezi Park\u0131 eylemlerinden 8 ay veya 1 y\u0131l sonra yap\u0131lm\u0131\u015ft\u0131r. Bu g\u00f6r\u00fc\u015fmelerde ben aranm\u0131\u015ft\u0131m. Ben Gezi Park\u0131 eylemlerinin ne organize edilmesinde ne de yayg\u0131nla\u015ft\u0131r\u0131lmas\u0131nda bulundum. Ben sadece gazetecilik faaliyeti \u00e7er\u00e7evesinde haber yapmak amac\u0131yla g\u00f6r\u00fc\u015fmeler yapt\u0131m. Sosyal medya &hellip;\" \/>\n<meta property=\"og:url\" content=\"http:\/\/denizcankizil.tr\/ru\/hukukihaber\/gazeteci-ismail-saymaza-ev-hapsi\/\" \/>\n<meta property=\"og:site_name\" content=\"Av. Deniz Can K\u0131z\u0131l\" \/>\n<meta property=\"article:published_time\" content=\"2025-03-22T05:00:00+00:00\" \/>\n<meta name=\"author\" content=\"Hukuki Haber.net\" \/>\n<meta name=\"twitter:card\" content=\"summary_large_image\" \/>\n<meta name=\"twitter:label1\" content=\"\u041d\u0430\u043f\u0438\u0441\u0430\u043d\u043e \u0430\u0432\u0442\u043e\u0440\u043e\u043c\" \/>\n\t<meta name=\"twitter:data1\" content=\"Hukuki Haber.net\" \/>\n\t<meta name=\"twitter:label2\" content=\"\u041f\u0440\u0438\u043c\u0435\u0440\u043d\u043e\u0435 \u0432\u0440\u0435\u043c\u044f \u0434\u043b\u044f \u0447\u0442\u0435\u043d\u0438\u044f\" \/>\n\t<meta name=\"twitter:data2\" content=\"2 \u043c\u0438\u043d\u0443\u0442\u044b\" \/>\n<script type=\"application\/ld+json\" class=\"yoast-schema-graph\">{\"@context\":\"https:\/\/schema.org\",\"@graph\":[{\"@type\":\"Article\",\"@id\":\"http:\/\/denizcankizil.tr\/ru\/hukukihaber\/gazeteci-ismail-saymaza-ev-hapsi\/#article\",\"isPartOf\":{\"@id\":\"http:\/\/denizcankizil.tr\/ru\/hukukihaber\/gazeteci-ismail-saymaza-ev-hapsi\/\"},\"author\":{\"name\":\"Hukuki Haber.net\",\"@id\":\"https:\/\/denizcankizil.tr\/#\/schema\/person\/001a271de994a0aa3f90eea084424822\"},\"headline\":\"Gazeteci \u0130smail Saymaz\u2019a ev hapsi\",\"datePublished\":\"2025-03-22T05:00:00+00:00\",\"mainEntityOfPage\":{\"@id\":\"http:\/\/denizcankizil.tr\/ru\/hukukihaber\/gazeteci-ismail-saymaza-ev-hapsi\/\"},\"wordCount\":484,\"publisher\":{\"@id\":\"https:\/\/denizcankizil.tr\/#organization\"},\"articleSection\":[\"Hukuki Haberler\"],\"inLanguage\":\"ru-RU\"},{\"@type\":\"WebPage\",\"@id\":\"http:\/\/denizcankizil.tr\/ru\/hukukihaber\/gazeteci-ismail-saymaza-ev-hapsi\/\",\"url\":\"http:\/\/denizcankizil.tr\/ru\/hukukihaber\/gazeteci-ismail-saymaza-ev-hapsi\/\",\"name\":\"Gazeteci \u0130smail Saymaz\u2019a ev hapsi - Av. Deniz Can K\u0131z\u0131l\",\"isPartOf\":{\"@id\":\"https:\/\/denizcankizil.tr\/#website\"},\"datePublished\":\"2025-03-22T05:00:00+00:00\",\"breadcrumb\":{\"@id\":\"http:\/\/denizcankizil.tr\/ru\/hukukihaber\/gazeteci-ismail-saymaza-ev-hapsi\/#breadcrumb\"},\"inLanguage\":\"ru-RU\",\"potentialAction\":[{\"@type\":\"ReadAction\",\"target\":[\"http:\/\/denizcankizil.tr\/ru\/hukukihaber\/gazeteci-ismail-saymaza-ev-hapsi\/\"]}]},{\"@type\":\"BreadcrumbList\",\"@id\":\"http:\/\/denizcankizil.tr\/ru\/hukukihaber\/gazeteci-ismail-saymaza-ev-hapsi\/#breadcrumb\",\"itemListElement\":[{\"@type\":\"ListItem\",\"position\":1,\"name\":\"Home\",\"item\":\"https:\/\/denizcankizil.tr\/uk\/\"},{\"@type\":\"ListItem\",\"position\":2,\"name\":\"Gazeteci \u0130smail Saymaz\u2019a ev hapsi\"}]},{\"@type\":\"WebSite\",\"@id\":\"https:\/\/denizcankizil.tr\/#website\",\"url\":\"https:\/\/denizcankizil.tr\/\",\"name\":\"Av. Deniz Can K\u0131z\u0131l\",\"description\":\"Avukat Deniz Can K\u0131z\u0131l Antalya Barosu\",\"publisher\":{\"@id\":\"https:\/\/denizcankizil.tr\/#organization\"},\"potentialAction\":[{\"@type\":\"SearchAction\",\"target\":{\"@type\":\"EntryPoint\",\"urlTemplate\":\"https:\/\/denizcankizil.tr\/?s={search_term_string}\"},\"query-input\":{\"@type\":\"PropertyValueSpecification\",\"valueRequired\":true,\"valueName\":\"search_term_string\"}}],\"inLanguage\":\"ru-RU\"},{\"@type\":\"Organization\",\"@id\":\"https:\/\/denizcankizil.tr\/#organization\",\"name\":\"Av. Deniz Can K\u0131z\u0131l\",\"url\":\"https:\/\/denizcankizil.tr\/\",\"logo\":{\"@type\":\"ImageObject\",\"inLanguage\":\"ru-RU\",\"@id\":\"https:\/\/denizcankizil.tr\/#\/schema\/logo\/image\/\",\"url\":\"http:\/\/denizcankizil.tr\/wp-content\/uploads\/2024\/10\/siyah-logo-svg.svg\",\"contentUrl\":\"http:\/\/denizcankizil.tr\/wp-content\/uploads\/2024\/10\/siyah-logo-svg.svg\",\"width\":1080,\"height\":1080,\"caption\":\"Av. Deniz Can K\u0131z\u0131l\"},\"image\":{\"@id\":\"https:\/\/denizcankizil.tr\/#\/schema\/logo\/image\/\"}},{\"@type\":\"Person\",\"@id\":\"https:\/\/denizcankizil.tr\/#\/schema\/person\/001a271de994a0aa3f90eea084424822\",\"name\":\"Hukuki Haber.net\",\"image\":{\"@type\":\"ImageObject\",\"inLanguage\":\"ru-RU\",\"@id\":\"https:\/\/denizcankizil.tr\/#\/schema\/person\/image\/\",\"url\":\"https:\/\/secure.gravatar.com\/avatar\/57d8a49151495586611a149d29fc42865b951dc053a84709a3172ccb5abf3118?s=96&d=mm&r=g\",\"contentUrl\":\"https:\/\/secure.gravatar.com\/avatar\/57d8a49151495586611a149d29fc42865b951dc053a84709a3172ccb5abf3118?s=96&d=mm&r=g\",\"caption\":\"Hukuki Haber.net\"},\"sameAs\":[\"http:\/\/www.hukukihaber.net\"],\"url\":\"https:\/\/www.hukukihaber.net\/gazeteci-ismail-saymaza-ev-hapsi\"}]}<\/script>\n<!-- \/ Yoast SEO Premium plugin. -->","yoast_head_json":{"title":"Gazeteci \u0130smail Saymaz\u2019a ev hapsi - Av. Deniz Can K\u0131z\u0131l","robots":{"index":"index","follow":"follow","max-snippet":"max-snippet:-1","max-image-preview":"max-image-preview:large","max-video-preview":"max-video-preview:-1"},"canonical":"http:\/\/denizcankizil.tr\/ru\/hukukihaber\/gazeteci-ismail-saymaza-ev-hapsi\/","og_locale":"ru_RU","og_type":"article","og_title":"Gazeteci \u0130smail Saymaz\u2019a ev hapsi","og_description":"\u0130stanbul Cumhuriyet Ba\u015fsavc\u0131l\u0131\u011f\u0131 taraf\u0131ndan Gezi Park\u0131 olaylar\u0131na ili\u015fkin y\u00fcr\u00fct\u00fclen soru\u015fturma kapsam\u0131nda gazeteci \u0130smail Saymaz \u00e7ar\u015famba g\u00fcn\u00fc \u201cT\u00fcrkiye Cumhuriyeti h\u00fck\u00fcmetini ortadan kald\u0131rmaya te\u015febb\u00fcs\u201d su\u00e7undan g\u00f6zalt\u0131na al\u0131nm\u0131\u015ft\u0131. Emniyetteki ifade i\u015flemleri tamamlanan Saymaz d\u00fcn sabah saatlerinde \u00c7a\u011flayan\u2019daki \u0130stanbul Adalet Saray\u0131\u2019na sevk edildi. Saymaz savc\u0131l\u0131k ifadesinin ard\u0131ndan \u201cev hapsi\u201d \u015feklinde adli kontrol talebiyle sulh ceza h\u00e2kimli\u011fine sevk edildi. N\u00f6bet\u00e7i h\u00e2kimlikteki i\u015flemlerini ard\u0131ndan Saymaz hakk\u0131nda \u201cev hapsi\u201d adli kontrol\u00fc uygulanmas\u0131na karar verildi. Saymaz\u2019\u0131n h\u00e2kimlik ifadesinde \u201cGezi Park\u0131 eylemlerini organize etti\u011fi s\u00f6ylenen ki\u015filerle ba\u011f\u0131m yoktur\u201d dedi\u011fi belirtildi. &#8216;GAZETEC\u0130L\u0130K FAAL\u0130YET\u0130 KAPSAMINDA G\u00d6R\u00dc\u015eMELER YAPTIM&#8217; Saymaz&#8217;\u0131n Sulh Ceza Hakimli\u011fi\u2019ndeki ifadesinde, &#8220;Gezi Park\u0131 eylemlerini organize etti\u011fi s\u00f6ylenen ki\u015filerle herhangi bir ba\u011f\u0131m yoktur. Osman Kavala, Can Atalay ve M\u00fccella Yap\u0131c\u0131 ile yaln\u0131zca gazetecilik \u00e7er\u00e7evesinde g\u00f6r\u00fc\u015fm\u00fc\u015f\u00fcmd\u00fcr. Osman Kavala isimli \u015fah\u0131sla g\u00f6r\u00fc\u015fmem Gezi Park\u0131 eylemlerinden 1,5 y\u0131l sonra ger\u00e7ekle\u015fmi\u015ftir. Bunun nedeni de Gezi Park\u0131 eylemleriyle ilgili haber yapmak istememdir; bu haber de 2 g\u00fcn sonra yay\u0131mlanm\u0131\u015ft\u0131r. Can Atalay ile Taksim\u2019i yayala\u015ft\u0131rma projesinde avukat oldu\u011fu i\u00e7in g\u00f6r\u00fc\u015ft\u00fcm. Dosyada bulunan tape kay\u0131tlar\u0131 Gezi olaylar\u0131yla alakal\u0131 de\u011fildir; bu g\u00f6r\u00fc\u015fmeler Gezi Park\u0131 eylemlerinden 8 ay veya 1 y\u0131l sonra yap\u0131lm\u0131\u015ft\u0131r. Bu g\u00f6r\u00fc\u015fmelerde ben aranm\u0131\u015ft\u0131m. Ben Gezi Park\u0131 eylemlerinin ne organize edilmesinde ne de yayg\u0131nla\u015ft\u0131r\u0131lmas\u0131nda bulundum. Ben sadece gazetecilik faaliyeti \u00e7er\u00e7evesinde haber yapmak amac\u0131yla g\u00f6r\u00fc\u015fmeler yapt\u0131m. Sosyal medya &hellip;","og_url":"http:\/\/denizcankizil.tr\/ru\/hukukihaber\/gazeteci-ismail-saymaza-ev-hapsi\/","og_site_name":"Av. Deniz Can K\u0131z\u0131l","article_published_time":"2025-03-22T05:00:00+00:00","author":"Hukuki Haber.net","twitter_card":"summary_large_image","twitter_misc":{"\u041d\u0430\u043f\u0438\u0441\u0430\u043d\u043e \u0430\u0432\u0442\u043e\u0440\u043e\u043c":"Hukuki Haber.net","\u041f\u0440\u0438\u043c\u0435\u0440\u043d\u043e\u0435 \u0432\u0440\u0435\u043c\u044f \u0434\u043b\u044f \u0447\u0442\u0435\u043d\u0438\u044f":"2 \u043c\u0438\u043d\u0443\u0442\u044b"},"schema":{"@context":"https:\/\/schema.org","@graph":[{"@type":"Article","@id":"http:\/\/denizcankizil.tr\/ru\/hukukihaber\/gazeteci-ismail-saymaza-ev-hapsi\/#article","isPartOf":{"@id":"http:\/\/denizcankizil.tr\/ru\/hukukihaber\/gazeteci-ismail-saymaza-ev-hapsi\/"},"author":{"name":"Hukuki Haber.net","@id":"https:\/\/denizcankizil.tr\/#\/schema\/person\/001a271de994a0aa3f90eea084424822"},"headline":"Gazeteci \u0130smail Saymaz\u2019a ev hapsi","datePublished":"2025-03-22T05:00:00+00:00","mainEntityOfPage":{"@id":"http:\/\/denizcankizil.tr\/ru\/hukukihaber\/gazeteci-ismail-saymaza-ev-hapsi\/"},"wordCount":484,"publisher":{"@id":"https:\/\/denizcankizil.tr\/#organization"},"articleSection":["Hukuki Haberler"],"inLanguage":"ru-RU"},{"@type":"WebPage","@id":"http:\/\/denizcankizil.tr\/ru\/hukukihaber\/gazeteci-ismail-saymaza-ev-hapsi\/","url":"http:\/\/denizcankizil.tr\/ru\/hukukihaber\/gazeteci-ismail-saymaza-ev-hapsi\/","name":"Gazeteci \u0130smail Saymaz\u2019a ev hapsi - Av. Deniz Can K\u0131z\u0131l","isPartOf":{"@id":"https:\/\/denizcankizil.tr\/#website"},"datePublished":"2025-03-22T05:00:00+00:00","breadcrumb":{"@id":"http:\/\/denizcankizil.tr\/ru\/hukukihaber\/gazeteci-ismail-saymaza-ev-hapsi\/#breadcrumb"},"inLanguage":"ru-RU","potentialAction":[{"@type":"ReadAction","target":["http:\/\/denizcankizil.tr\/ru\/hukukihaber\/gazeteci-ismail-saymaza-ev-hapsi\/"]}]},{"@type":"BreadcrumbList","@id":"http:\/\/denizcankizil.tr\/ru\/hukukihaber\/gazeteci-ismail-saymaza-ev-hapsi\/#breadcrumb","itemListElement":[{"@type":"ListItem","position":1,"name":"Home","item":"https:\/\/denizcankizil.tr\/uk\/"},{"@type":"ListItem","position":2,"name":"Gazeteci \u0130smail Saymaz\u2019a ev hapsi"}]},{"@type":"WebSite","@id":"https:\/\/denizcankizil.tr\/#website","url":"https:\/\/denizcankizil.tr\/","name":"Av. Deniz Can K\u0131z\u0131l","description":"Avukat Deniz Can K\u0131z\u0131l Antalya Barosu","publisher":{"@id":"https:\/\/denizcankizil.tr\/#organization"},"potentialAction":[{"@type":"SearchAction","target":{"@type":"EntryPoint","urlTemplate":"https:\/\/denizcankizil.tr\/?s={search_term_string}"},"query-input":{"@type":"PropertyValueSpecification","valueRequired":true,"valueName":"search_term_string"}}],"inLanguage":"ru-RU"},{"@type":"Organization","@id":"https:\/\/denizcankizil.tr\/#organization","name":"Av. Deniz Can K\u0131z\u0131l","url":"https:\/\/denizcankizil.tr\/","logo":{"@type":"ImageObject","inLanguage":"ru-RU","@id":"https:\/\/denizcankizil.tr\/#\/schema\/logo\/image\/","url":"http:\/\/denizcankizil.tr\/wp-content\/uploads\/2024\/10\/siyah-logo-svg.svg","contentUrl":"http:\/\/denizcankizil.tr\/wp-content\/uploads\/2024\/10\/siyah-logo-svg.svg","width":1080,"height":1080,"caption":"Av. Deniz Can K\u0131z\u0131l"},"image":{"@id":"https:\/\/denizcankizil.tr\/#\/schema\/logo\/image\/"}},{"@type":"Person","@id":"https:\/\/denizcankizil.tr\/#\/schema\/person\/001a271de994a0aa3f90eea084424822","name":"Hukuki Haber.net","image":{"@type":"ImageObject","inLanguage":"ru-RU","@id":"https:\/\/denizcankizil.tr\/#\/schema\/person\/image\/","url":"https:\/\/secure.gravatar.com\/avatar\/57d8a49151495586611a149d29fc42865b951dc053a84709a3172ccb5abf3118?s=96&d=mm&r=g","contentUrl":"https:\/\/secure.gravatar.com\/avatar\/57d8a49151495586611a149d29fc42865b951dc053a84709a3172ccb5abf3118?s=96&d=mm&r=g","caption":"Hukuki Haber.net"},"sameAs":["http:\/\/www.hukukihaber.net"],"url":"https:\/\/www.hukukihaber.net\/gazeteci-ismail-saymaza-ev-hapsi"}]}},"_links":{"self":[{"href":"http:\/\/denizcankizil.tr\/ru\/wp-json\/wp\/v2\/posts\/36544","targetHints":{"allow":["GET"]}}],"collection":[{"href":"http:\/\/denizcankizil.tr\/ru\/wp-json\/wp\/v2\/posts"}],"about":[{"href":"http:\/\/denizcankizil.tr\/ru\/wp-json\/wp\/v2\/types\/post"}],"author":[{"embeddable":true,"href":"http:\/\/denizcankizil.tr\/ru\/wp-json\/wp\/v2\/users\/3"}],"replies":[{"embeddable":true,"href":"http:\/\/denizcankizil.tr\/ru\/wp-json\/wp\/v2\/comments?post=36544"}],"version-history":[{"count":0,"href":"http:\/\/denizcankizil.tr\/ru\/wp-json\/wp\/v2\/posts\/36544\/revisions"}],"wp:attachment":[{"href":"http:\/\/denizcankizil.tr\/ru\/wp-json\/wp\/v2\/media?parent=36544"}],"wp:term":[{"taxonomy":"category","embeddable":true,"href":"http:\/\/denizcankizil.tr\/ru\/wp-json\/wp\/v2\/categories?post=36544"},{"taxonomy":"post_tag","embeddable":true,"href":"http:\/\/denizcankizil.tr\/ru\/wp-json\/wp\/v2\/tags?post=36544"}],"curies":[{"name":"wp","href":"https:\/\/api.w.org\/{rel}","templated":true}]}}