{"id":36324,"date":"2025-03-19T16:41:15","date_gmt":"2025-03-19T13:41:15","guid":{"rendered":"https:\/\/denizcankizil.tr\/uncategorized-tr\/yavru-akdeniz-foku-denizle-bulustu\/"},"modified":"2025-03-19T16:41:15","modified_gmt":"2025-03-19T13:41:15","slug":"yavru-akdeniz-foku-denizle-bulustu","status":"publish","type":"post","link":"http:\/\/denizcankizil.tr\/ru\/haberler\/antalya\/yavru-akdeniz-foku-denizle-bulustu\/","title":{"rendered":"Yavru Akdeniz foku denizle bulu\u015ftu"},"content":{"rendered":"<p>Sualt\u0131 Ara\u015ft\u0131rmalar\u0131 Derne\u011fi- Akdeniz Foku Ara\u015ft\u0131rma Grubu (SAD-AFAG) ara\u015ft\u0131rmac\u0131lar\u0131 taraf\u0131ndan Antalya&#8217;n\u0131n Konyaalt\u0131 il\u00e7esine ba\u011fl\u0131 \u00c7alt\u0131cak Sahili\u2019nde 4 Aral\u0131k 2024&#8217;te f\u0131rt\u0131nal\u0131 havada annesinden ayr\u0131 kalm\u0131\u015f yavru fok, \u00f6l\u00fcm- kal\u0131m sava\u015f\u0131 verirken bulundu. Yavru fok, yerinde yap\u0131lan g\u00f6zlemler ve ayr\u0131nt\u0131l\u0131 de\u011ferlendirmenin ard\u0131ndan 8 Aral\u0131k 2024 tarihinde bulundu\u011fu yerden al\u0131narak rehabilitasyon i\u00e7in Eski\u015fehir B\u00fcy\u00fck\u015fehir Belediyesi Hayvanat Bah\u00e7esi&#8217;ne g\u00f6t\u00fcr\u00fcld\u00fc. Yavru foku rehabilite etmek amac\u0131yla iki kurumun birlikte planlad\u0131\u011f\u0131 ortak \u00e7al\u0131\u015fma s\u00fcreci, titizlikle y\u00fcr\u00fct\u00fcld\u00fc. Do\u011fa Koruma ve Milli Parklar (DKMP) yetkililerinin koordinasyonu ile yavru fok Eski\u015fehir Hayvanat Bah\u00e7esi&#8217;nde bak\u0131m s\u00fcrecine al\u0131nd\u0131. \u00d6nce g\u00fcnde 6 defa beslenmeyle ba\u015flanan, ard\u0131ndan kat\u0131 g\u0131daya ge\u00e7en, sonras\u0131nda avlanma hareketleriyle sal\u0131ma haz\u0131r hale gelen yavru fok, 101 g\u00fcn\u00fcn sonunda rehabilitasyon s\u00fcrecini tamamlad\u0131.<\/p>\n<p>DEN\u0130ZE D\u00d6NMEKTE ZORLANDI<\/p>\n<p>Yavru fok, bug\u00fcn Antalya&#8217;n\u0131n Kemer il\u00e7esine ba\u011fl\u0131 \u00c7\u0131ral\u0131 mevkiine getirilerek Olympos Sahili\u2019nden denize b\u0131rak\u0131ld\u0131. Sahile b\u0131rak\u0131lan yavru fok, ilk olarak farkl\u0131 noktalara giderek \u00f6lmek \u00fczereyken kurtar\u0131ld\u0131\u011f\u0131 denize d\u00f6nmekte zorland\u0131. Yetkililerin de yard\u0131m\u0131yla yakla\u015f\u0131k 30 dakikan\u0131n ard\u0131ndan yavru fok, Akdeniz&#8217;in mavi sular\u0131na girdi. Yavru fokun s\u0131rt\u0131na tak\u0131lan uydu vericisi sayesinde takip edilebilece\u011fi belirtildi. Fokun denize sal\u0131nmas\u0131na Do\u011fa Koruma ve Milli Parklar 6&#8217;nc\u0131 B\u00f6lge M\u00fcd\u00fcrl\u00fc\u011f\u00fc Biyolojik \u00c7e\u015fitlilik ve Ekosistem Hizmetleri \u015eube M\u00fcd\u00fcr\u00fc Ersan Berbero\u011flu, Av ve Yaban Hayat\u0131 \u015eube M\u00fcd\u00fcr\u00fc Tamer Y\u0131lmaz, Beyda\u011flar\u0131 Sahil Milli Park M\u00fcd\u00fcr\u00fc U\u011fur Toruno\u011flu ile SAD-AFAG ve Eski\u015fehir B\u00fcy\u00fck\u015fehir Belediyesi Hayvanat Bah\u00e7esi yetkilileri kat\u0131ld\u0131.<\/p>\n<p>&#8216;HAB\u0130TAT KAYBI SEBEB\u0130YLE C\u0130DD\u0130 TRAVMALAR YA\u015eIYORLAR&#8217;<\/p>\n<p>Yavru foku \u00c7alt\u0131cak mevkiindeki kayal\u0131k alandan kurtaran SAD-AFAG&#8217;da g\u00f6revli \u00c7evre Bilim Uzman\u0131 Dr. Nesimi Ozan Veryeri, &#8220;4 Aral\u0131k 2024 tarihinde, \u00c7alt\u0131cak mevkiinde, \u00f6lmek \u00fczere bulunan yavru Akdeniz fokunun ilk yard\u0131m m\u00fcdahalesi yap\u0131ld\u0131 ve suya b\u0131rak\u0131ld\u0131. Ancak yap\u0131lan izleme \u00e7al\u0131\u015fmas\u0131nda habitat\u0131n uygun olmamas\u0131 nedeniyle yavru fok anneyle iyi ba\u011flant\u0131 kuramad\u0131\u011f\u0131, anne fokun yavru foka besleme ve bak\u0131m konusunda yetersiz kald\u0131\u011f\u0131 ve son dakikada yavru fok kayalar\u0131n aras\u0131nda par\u00e7alanmak \u00fczereyken bir karar alarak bu canl\u0131n\u0131n al\u0131nmas\u0131 gerekti\u011fi karar\u0131 al\u0131nd\u0131 ve 8 Aral\u0131k&#8217;ta Eski\u015fehir Hayvanat Bah\u00e7esi\u2019ne yavru fok transfer edildi. Bu canl\u0131lar art\u0131k k\u0131y\u0131lar\u0131m\u0131zda ya\u015fayabilme ve \u00fcreme noktas\u0131nda habitat kayb\u0131 sebebiyle ciddi travmalar ya\u015f\u0131yor. Bu canl\u0131n\u0131n rehabilitasyona veya kurtarma operasyonuna konu olmas\u0131n\u0131n sebebi yasa d\u0131\u015f\u0131 yap\u0131la\u015fma, a\u015f\u0131r\u0131 yap\u0131la\u015fma, plans\u0131z yap\u0131la\u015fma gibi s\u00fcre\u00e7ler ve habitat kayb\u0131d\u0131r. Bug\u00fcn \u015fimdi o cennet denize tekrar d\u00f6nd\u00fc. D\u00f6nerken \u00e7ok zorland\u0131. \u00c7\u00fcnk\u00fc \u00f6lmek \u00fczere oldu\u011fu bir ortama tekrar birka\u00e7 dakika i\u00e7iri\u015finde d\u00f6nmesi gerekiyordu. Bunu yapmakta zorlanmas\u0131 ve ona \u00f6\u011fretildi\u011fi gibi bir ma\u011fara aray\u0131\u015f\u0131 bizim i\u00e7in bundan sonraki s\u00fcrecin sa\u011fl\u0131kl\u0131 gidece\u011finin ayr\u0131ca i\u015faretidir&#8221; dedi.<\/p>\n<p>&#8216;101 G\u00dcNL\u00dcK ZORLU S\u00dcREC\u0130 TAMAMLADIK&#8217;<\/p>\n<p>Eski\u015fehir B\u00fcy\u00fck\u015fehir Belediyesi Veteriner \u0130\u015fleri Daire Ba\u015fkan\u0131 Nurben Fatma Koptekin, T\u00fcrkiye&#8217;de koruma projeleri y\u00fcr\u00fcten tek hayvanat bah\u00e7esi olduklar\u0131n\u0131 s\u00f6yledi. Koptekin, &#8220;T\u00fcm koruma projeleri EAZA (Avrupa Hayvanat Bah\u00e7eleri ve Akvaryumlar Birli\u011fi) \u00e7al\u0131\u015fmalar\u0131m\u0131z kapsam\u0131nda 2020 y\u0131l\u0131nda ba\u015flad\u0131 ve koruma projelerimizin b\u00fct\u00e7elendirilmesi hayvanat bah\u00e7esi b\u00fct\u00e7esinden de\u011fil, tamamen ziyaret\u00e7i gelirlerinin, bilet gelirlerinin belediye meclis karar\u0131yla y\u00fczde 5&#8217;inin aktar\u0131ld\u0131\u011f\u0131 koruma fonundan kar\u015f\u0131lanmaktad\u0131r. 8 Aral\u0131k 2024 tarihinde Eski\u015fehir Hayvanat Bah\u00e7esi&#8217;ne DKMP yetkilileriyle teslim edilen Akdeniz fokumuzun 101 g\u00fcnl\u00fck rehabilitasyon s\u00fcreci de bu fondan kar\u015f\u0131land\u0131. Eski\u015fehir Hayvanat Bah\u00e7esi ekibi 10 y\u0131ll\u0131k bir rehabilitasyon s\u00fcreci tecr\u00fcbesine, 5 y\u0131ll\u0131k da alanda koruma faaliyetleri tecr\u00fcbesine sahip bir ekiptir. Bu nedenle bu fokumuzu bug\u00fcn ba\u015far\u0131yla hep birlikte do\u011fas\u0131na geri d\u00f6nd\u00fcrd\u00fc\u011f\u00fcm\u00fcz i\u00e7in ger\u00e7ekten \u00e7ok mutluyuz. Akdeniz foku gibi \u00fclkemizde koruma alt\u0131nda bulunan t\u00fcrlere zarar verilmesi hakk\u0131nda \u00e7evre kanununda 557 bin 212 liral\u0131k bir idari para ceza bulunmakta ve ayn\u0131 zamanda adli olarak da hapis cezas\u0131 bulunmaktad\u0131r&#8221; diye konu\u015ftu.<\/p>\n<p>Kaynak: www.kanalv.com.tr Haber Sitesinden Al\u0131nm\u0131\u015ft\u0131r.<\/p>","protected":false},"excerpt":{"rendered":"<p>Sualt\u0131 Ara\u015ft\u0131rmalar\u0131 Derne\u011fi- Akdeniz Foku Ara\u015ft\u0131rma Grubu (SAD-AFAG) ara\u015ft\u0131rmac\u0131lar\u0131 taraf\u0131ndan Antalya&#8217;n\u0131n Konyaalt\u0131 il\u00e7esine ba\u011fl\u0131 \u00c7alt\u0131cak Sahili\u2019nde 4 Aral\u0131k 2024&#8217;te f\u0131rt\u0131nal\u0131 havada annesinden ayr\u0131 kalm\u0131\u015f yavru fok, \u00f6l\u00fcm- kal\u0131m sava\u015f\u0131 verirken bulundu. Yavru fok, yerinde yap\u0131lan g\u00f6zlemler ve ayr\u0131nt\u0131l\u0131 de\u011ferlendirmenin ard\u0131ndan 8 Aral\u0131k 2024 tarihinde bulundu\u011fu yerden al\u0131narak rehabilitasyon i\u00e7in Eski\u015fehir B\u00fcy\u00fck\u015fehir Belediyesi Hayvanat Bah\u00e7esi&#8217;ne g\u00f6t\u00fcr\u00fcld\u00fc. Yavru foku rehabilite etmek amac\u0131yla iki kurumun birlikte planlad\u0131\u011f\u0131 ortak \u00e7al\u0131\u015fma s\u00fcreci, titizlikle y\u00fcr\u00fct\u00fcld\u00fc. Do\u011fa Koruma ve Milli Parklar (DKMP) yetkililerinin koordinasyonu ile yavru fok Eski\u015fehir Hayvanat Bah\u00e7esi&#8217;nde bak\u0131m s\u00fcrecine al\u0131nd\u0131. \u00d6nce g\u00fcnde 6 defa beslenmeyle ba\u015flanan, ard\u0131ndan kat\u0131 g\u0131daya ge\u00e7en, sonras\u0131nda avlanma hareketleriyle sal\u0131ma haz\u0131r hale gelen yavru fok, 101 g\u00fcn\u00fcn sonunda rehabilitasyon s\u00fcrecini tamamlad\u0131. DEN\u0130ZE D\u00d6NMEKTE ZORLANDI Yavru fok, bug\u00fcn Antalya&#8217;n\u0131n Kemer il\u00e7esine ba\u011fl\u0131 \u00c7\u0131ral\u0131 mevkiine getirilerek Olympos Sahili\u2019nden denize b\u0131rak\u0131ld\u0131. Sahile b\u0131rak\u0131lan yavru fok, ilk olarak farkl\u0131 noktalara giderek \u00f6lmek \u00fczereyken kurtar\u0131ld\u0131\u011f\u0131 denize d\u00f6nmekte zorland\u0131. Yetkililerin de yard\u0131m\u0131yla yakla\u015f\u0131k 30 dakikan\u0131n ard\u0131ndan yavru fok, Akdeniz&#8217;in mavi sular\u0131na girdi. Yavru fokun s\u0131rt\u0131na tak\u0131lan uydu vericisi sayesinde takip edilebilece\u011fi belirtildi. Fokun denize sal\u0131nmas\u0131na Do\u011fa Koruma ve Milli Parklar 6&#8217;nc\u0131 B\u00f6lge M\u00fcd\u00fcrl\u00fc\u011f\u00fc Biyolojik \u00c7e\u015fitlilik ve Ekosistem Hizmetleri \u015eube M\u00fcd\u00fcr\u00fc Ersan Berbero\u011flu, Av ve Yaban Hayat\u0131 \u015eube M\u00fcd\u00fcr\u00fc Tamer Y\u0131lmaz, Beyda\u011flar\u0131 Sahil Milli Park M\u00fcd\u00fcr\u00fc U\u011fur &hellip;<\/p>","protected":false},"author":4,"featured_media":36325,"comment_status":"","ping_status":"open","sticky":false,"template":"","format":"standard","meta":{"_acf_changed":false,"footnotes":""},"categories":[26],"tags":[],"class_list":["post-36324","post","type-post","status-publish","format-standard","has-post-thumbnail","hentry","category-antalya"],"acf":[],"yoast_head":"<!-- This site is optimized with the Yoast SEO Premium plugin v26.6 (Yoast SEO v27.1.1) - https:\/\/yoast.com\/product\/yoast-seo-premium-wordpress\/ -->\n<title>Yavru Akdeniz foku denizle bulu\u015ftu - Av. Deniz Can K\u0131z\u0131l<\/title>\n<meta name=\"robots\" content=\"index, follow, max-snippet:-1, max-image-preview:large, max-video-preview:-1\" \/>\n<link rel=\"canonical\" href=\"http:\/\/denizcankizil.tr\/ru\/haberler\/antalya\/yavru-akdeniz-foku-denizle-bulustu\/\" \/>\n<meta property=\"og:locale\" content=\"ru_RU\" \/>\n<meta property=\"og:type\" content=\"article\" \/>\n<meta property=\"og:title\" content=\"Yavru Akdeniz foku denizle bulu\u015ftu\" \/>\n<meta property=\"og:description\" content=\"Sualt\u0131 Ara\u015ft\u0131rmalar\u0131 Derne\u011fi- Akdeniz Foku Ara\u015ft\u0131rma Grubu (SAD-AFAG) ara\u015ft\u0131rmac\u0131lar\u0131 taraf\u0131ndan Antalya&#8217;n\u0131n Konyaalt\u0131 il\u00e7esine ba\u011fl\u0131 \u00c7alt\u0131cak Sahili\u2019nde 4 Aral\u0131k 2024&#8217;te f\u0131rt\u0131nal\u0131 havada annesinden ayr\u0131 kalm\u0131\u015f yavru fok, \u00f6l\u00fcm- kal\u0131m sava\u015f\u0131 verirken bulundu. Yavru fok, yerinde yap\u0131lan g\u00f6zlemler ve ayr\u0131nt\u0131l\u0131 de\u011ferlendirmenin ard\u0131ndan 8 Aral\u0131k 2024 tarihinde bulundu\u011fu yerden al\u0131narak rehabilitasyon i\u00e7in Eski\u015fehir B\u00fcy\u00fck\u015fehir Belediyesi Hayvanat Bah\u00e7esi&#8217;ne g\u00f6t\u00fcr\u00fcld\u00fc. Yavru foku rehabilite etmek amac\u0131yla iki kurumun birlikte planlad\u0131\u011f\u0131 ortak \u00e7al\u0131\u015fma s\u00fcreci, titizlikle y\u00fcr\u00fct\u00fcld\u00fc. Do\u011fa Koruma ve Milli Parklar (DKMP) yetkililerinin koordinasyonu ile yavru fok Eski\u015fehir Hayvanat Bah\u00e7esi&#8217;nde bak\u0131m s\u00fcrecine al\u0131nd\u0131. \u00d6nce g\u00fcnde 6 defa beslenmeyle ba\u015flanan, ard\u0131ndan kat\u0131 g\u0131daya ge\u00e7en, sonras\u0131nda avlanma hareketleriyle sal\u0131ma haz\u0131r hale gelen yavru fok, 101 g\u00fcn\u00fcn sonunda rehabilitasyon s\u00fcrecini tamamlad\u0131. DEN\u0130ZE D\u00d6NMEKTE ZORLANDI Yavru fok, bug\u00fcn Antalya&#8217;n\u0131n Kemer il\u00e7esine ba\u011fl\u0131 \u00c7\u0131ral\u0131 mevkiine getirilerek Olympos Sahili\u2019nden denize b\u0131rak\u0131ld\u0131. Sahile b\u0131rak\u0131lan yavru fok, ilk olarak farkl\u0131 noktalara giderek \u00f6lmek \u00fczereyken kurtar\u0131ld\u0131\u011f\u0131 denize d\u00f6nmekte zorland\u0131. Yetkililerin de yard\u0131m\u0131yla yakla\u015f\u0131k 30 dakikan\u0131n ard\u0131ndan yavru fok, Akdeniz&#8217;in mavi sular\u0131na girdi. Yavru fokun s\u0131rt\u0131na tak\u0131lan uydu vericisi sayesinde takip edilebilece\u011fi belirtildi. Fokun denize sal\u0131nmas\u0131na Do\u011fa Koruma ve Milli Parklar 6&#8217;nc\u0131 B\u00f6lge M\u00fcd\u00fcrl\u00fc\u011f\u00fc Biyolojik \u00c7e\u015fitlilik ve Ekosistem Hizmetleri \u015eube M\u00fcd\u00fcr\u00fc Ersan Berbero\u011flu, Av ve Yaban Hayat\u0131 \u015eube M\u00fcd\u00fcr\u00fc Tamer Y\u0131lmaz, Beyda\u011flar\u0131 Sahil Milli Park M\u00fcd\u00fcr\u00fc U\u011fur &hellip;\" \/>\n<meta property=\"og:url\" content=\"http:\/\/denizcankizil.tr\/ru\/haberler\/antalya\/yavru-akdeniz-foku-denizle-bulustu\/\" \/>\n<meta property=\"og:site_name\" content=\"Av. Deniz Can K\u0131z\u0131l\" \/>\n<meta property=\"article:published_time\" content=\"2025-03-19T13:41:15+00:00\" \/>\n<meta property=\"og:image\" content=\"http:\/\/denizcankizil.tr\/wp-content\/uploads\/2025\/03\/5601-01-z6w8qO.jpeg\" \/>\n\t<meta property=\"og:image:width\" content=\"1280\" \/>\n\t<meta property=\"og:image:height\" content=\"720\" \/>\n\t<meta property=\"og:image:type\" content=\"image\/jpeg\" \/>\n<meta name=\"author\" content=\"Av. Deniz Can K\u0131z\u0131l\" \/>\n<meta name=\"twitter:card\" content=\"summary_large_image\" \/>\n<meta name=\"twitter:label1\" content=\"\u041d\u0430\u043f\u0438\u0441\u0430\u043d\u043e \u0430\u0432\u0442\u043e\u0440\u043e\u043c\" \/>\n\t<meta name=\"twitter:data1\" content=\"Av. Deniz Can K\u0131z\u0131l\" \/>\n\t<meta name=\"twitter:label2\" content=\"\u041f\u0440\u0438\u043c\u0435\u0440\u043d\u043e\u0435 \u0432\u0440\u0435\u043c\u044f \u0434\u043b\u044f \u0447\u0442\u0435\u043d\u0438\u044f\" \/>\n\t<meta name=\"twitter:data2\" content=\"4 \u043c\u0438\u043d\u0443\u0442\u044b\" \/>\n<script type=\"application\/ld+json\" class=\"yoast-schema-graph\">{\"@context\":\"https:\/\/schema.org\",\"@graph\":[{\"@type\":\"Article\",\"@id\":\"http:\/\/denizcankizil.tr\/ru\/haberler\/antalya\/yavru-akdeniz-foku-denizle-bulustu\/#article\",\"isPartOf\":{\"@id\":\"http:\/\/denizcankizil.tr\/ru\/haberler\/antalya\/yavru-akdeniz-foku-denizle-bulustu\/\"},\"author\":{\"name\":\"Av. Deniz Can K\u0131z\u0131l\",\"@id\":\"https:\/\/denizcankizil.tr\/#\/schema\/person\/5dc1b22991bd7ac833867c10afc9b0ff\"},\"headline\":\"Yavru Akdeniz foku denizle bulu\u015ftu\",\"datePublished\":\"2025-03-19T13:41:15+00:00\",\"mainEntityOfPage\":{\"@id\":\"http:\/\/denizcankizil.tr\/ru\/haberler\/antalya\/yavru-akdeniz-foku-denizle-bulustu\/\"},\"wordCount\":789,\"publisher\":{\"@id\":\"https:\/\/denizcankizil.tr\/#organization\"},\"image\":{\"@id\":\"http:\/\/denizcankizil.tr\/ru\/haberler\/antalya\/yavru-akdeniz-foku-denizle-bulustu\/#primaryimage\"},\"thumbnailUrl\":\"http:\/\/denizcankizil.tr\/wp-content\/uploads\/2025\/03\/5601-01-z6w8qO.jpeg\",\"articleSection\":[\"Antalya\"],\"inLanguage\":\"ru-RU\"},{\"@type\":\"WebPage\",\"@id\":\"http:\/\/denizcankizil.tr\/ru\/haberler\/antalya\/yavru-akdeniz-foku-denizle-bulustu\/\",\"url\":\"http:\/\/denizcankizil.tr\/ru\/haberler\/antalya\/yavru-akdeniz-foku-denizle-bulustu\/\",\"name\":\"Yavru Akdeniz foku denizle bulu\u015ftu - Av. Deniz Can K\u0131z\u0131l\",\"isPartOf\":{\"@id\":\"https:\/\/denizcankizil.tr\/#website\"},\"primaryImageOfPage\":{\"@id\":\"http:\/\/denizcankizil.tr\/ru\/haberler\/antalya\/yavru-akdeniz-foku-denizle-bulustu\/#primaryimage\"},\"image\":{\"@id\":\"http:\/\/denizcankizil.tr\/ru\/haberler\/antalya\/yavru-akdeniz-foku-denizle-bulustu\/#primaryimage\"},\"thumbnailUrl\":\"http:\/\/denizcankizil.tr\/wp-content\/uploads\/2025\/03\/5601-01-z6w8qO.jpeg\",\"datePublished\":\"2025-03-19T13:41:15+00:00\",\"breadcrumb\":{\"@id\":\"http:\/\/denizcankizil.tr\/ru\/haberler\/antalya\/yavru-akdeniz-foku-denizle-bulustu\/#breadcrumb\"},\"inLanguage\":\"ru-RU\",\"potentialAction\":[{\"@type\":\"ReadAction\",\"target\":[\"http:\/\/denizcankizil.tr\/ru\/haberler\/antalya\/yavru-akdeniz-foku-denizle-bulustu\/\"]}]},{\"@type\":\"ImageObject\",\"inLanguage\":\"ru-RU\",\"@id\":\"http:\/\/denizcankizil.tr\/ru\/haberler\/antalya\/yavru-akdeniz-foku-denizle-bulustu\/#primaryimage\",\"url\":\"http:\/\/denizcankizil.tr\/wp-content\/uploads\/2025\/03\/5601-01-z6w8qO.jpeg\",\"contentUrl\":\"http:\/\/denizcankizil.tr\/wp-content\/uploads\/2025\/03\/5601-01-z6w8qO.jpeg\",\"width\":1280,\"height\":720},{\"@type\":\"BreadcrumbList\",\"@id\":\"http:\/\/denizcankizil.tr\/ru\/haberler\/antalya\/yavru-akdeniz-foku-denizle-bulustu\/#breadcrumb\",\"itemListElement\":[{\"@type\":\"ListItem\",\"position\":1,\"name\":\"Home\",\"item\":\"https:\/\/denizcankizil.tr\/de\/\"},{\"@type\":\"ListItem\",\"position\":2,\"name\":\"Yavru Akdeniz foku denizle bulu\u015ftu\"}]},{\"@type\":\"WebSite\",\"@id\":\"https:\/\/denizcankizil.tr\/#website\",\"url\":\"https:\/\/denizcankizil.tr\/\",\"name\":\"Av. Deniz Can K\u0131z\u0131l\",\"description\":\"Avukat Deniz Can K\u0131z\u0131l Antalya Barosu\",\"publisher\":{\"@id\":\"https:\/\/denizcankizil.tr\/#organization\"},\"potentialAction\":[{\"@type\":\"SearchAction\",\"target\":{\"@type\":\"EntryPoint\",\"urlTemplate\":\"https:\/\/denizcankizil.tr\/?s={search_term_string}\"},\"query-input\":{\"@type\":\"PropertyValueSpecification\",\"valueRequired\":true,\"valueName\":\"search_term_string\"}}],\"inLanguage\":\"ru-RU\"},{\"@type\":\"Organization\",\"@id\":\"https:\/\/denizcankizil.tr\/#organization\",\"name\":\"Av. Deniz Can K\u0131z\u0131l\",\"url\":\"https:\/\/denizcankizil.tr\/\",\"logo\":{\"@type\":\"ImageObject\",\"inLanguage\":\"ru-RU\",\"@id\":\"https:\/\/denizcankizil.tr\/#\/schema\/logo\/image\/\",\"url\":\"http:\/\/denizcankizil.tr\/wp-content\/uploads\/2024\/10\/siyah-logo-svg.svg\",\"contentUrl\":\"http:\/\/denizcankizil.tr\/wp-content\/uploads\/2024\/10\/siyah-logo-svg.svg\",\"width\":1080,\"height\":1080,\"caption\":\"Av. Deniz Can K\u0131z\u0131l\"},\"image\":{\"@id\":\"https:\/\/denizcankizil.tr\/#\/schema\/logo\/image\/\"}},{\"@type\":\"Person\",\"@id\":\"https:\/\/denizcankizil.tr\/#\/schema\/person\/5dc1b22991bd7ac833867c10afc9b0ff\",\"name\":\"Av. Deniz Can K\u0131z\u0131l\",\"image\":{\"@type\":\"ImageObject\",\"inLanguage\":\"ru-RU\",\"@id\":\"https:\/\/denizcankizil.tr\/#\/schema\/person\/image\/\",\"url\":\"https:\/\/secure.gravatar.com\/avatar\/a0b128fb9855c79efc976d5640eedb31dc35ec297594d6016d2cf7c60e975bb6?s=96&d=mm&r=g\",\"contentUrl\":\"https:\/\/secure.gravatar.com\/avatar\/a0b128fb9855c79efc976d5640eedb31dc35ec297594d6016d2cf7c60e975bb6?s=96&d=mm&r=g\",\"caption\":\"Av. Deniz Can K\u0131z\u0131l\"},\"sameAs\":[\"http:\/\/www.denizcankizil.tr\"],\"url\":\"http:\/\/denizcankizil.tr\/ru\/author\/denizcankizil\/\"}]}<\/script>\n<!-- \/ Yoast SEO Premium plugin. -->","yoast_head_json":{"title":"Yavru Akdeniz foku denizle bulu\u015ftu - Av. Deniz Can K\u0131z\u0131l","robots":{"index":"index","follow":"follow","max-snippet":"max-snippet:-1","max-image-preview":"max-image-preview:large","max-video-preview":"max-video-preview:-1"},"canonical":"http:\/\/denizcankizil.tr\/ru\/haberler\/antalya\/yavru-akdeniz-foku-denizle-bulustu\/","og_locale":"ru_RU","og_type":"article","og_title":"Yavru Akdeniz foku denizle bulu\u015ftu","og_description":"Sualt\u0131 Ara\u015ft\u0131rmalar\u0131 Derne\u011fi- Akdeniz Foku Ara\u015ft\u0131rma Grubu (SAD-AFAG) ara\u015ft\u0131rmac\u0131lar\u0131 taraf\u0131ndan Antalya&#8217;n\u0131n Konyaalt\u0131 il\u00e7esine ba\u011fl\u0131 \u00c7alt\u0131cak Sahili\u2019nde 4 Aral\u0131k 2024&#8217;te f\u0131rt\u0131nal\u0131 havada annesinden ayr\u0131 kalm\u0131\u015f yavru fok, \u00f6l\u00fcm- kal\u0131m sava\u015f\u0131 verirken bulundu. Yavru fok, yerinde yap\u0131lan g\u00f6zlemler ve ayr\u0131nt\u0131l\u0131 de\u011ferlendirmenin ard\u0131ndan 8 Aral\u0131k 2024 tarihinde bulundu\u011fu yerden al\u0131narak rehabilitasyon i\u00e7in Eski\u015fehir B\u00fcy\u00fck\u015fehir Belediyesi Hayvanat Bah\u00e7esi&#8217;ne g\u00f6t\u00fcr\u00fcld\u00fc. Yavru foku rehabilite etmek amac\u0131yla iki kurumun birlikte planlad\u0131\u011f\u0131 ortak \u00e7al\u0131\u015fma s\u00fcreci, titizlikle y\u00fcr\u00fct\u00fcld\u00fc. Do\u011fa Koruma ve Milli Parklar (DKMP) yetkililerinin koordinasyonu ile yavru fok Eski\u015fehir Hayvanat Bah\u00e7esi&#8217;nde bak\u0131m s\u00fcrecine al\u0131nd\u0131. \u00d6nce g\u00fcnde 6 defa beslenmeyle ba\u015flanan, ard\u0131ndan kat\u0131 g\u0131daya ge\u00e7en, sonras\u0131nda avlanma hareketleriyle sal\u0131ma haz\u0131r hale gelen yavru fok, 101 g\u00fcn\u00fcn sonunda rehabilitasyon s\u00fcrecini tamamlad\u0131. DEN\u0130ZE D\u00d6NMEKTE ZORLANDI Yavru fok, bug\u00fcn Antalya&#8217;n\u0131n Kemer il\u00e7esine ba\u011fl\u0131 \u00c7\u0131ral\u0131 mevkiine getirilerek Olympos Sahili\u2019nden denize b\u0131rak\u0131ld\u0131. Sahile b\u0131rak\u0131lan yavru fok, ilk olarak farkl\u0131 noktalara giderek \u00f6lmek \u00fczereyken kurtar\u0131ld\u0131\u011f\u0131 denize d\u00f6nmekte zorland\u0131. Yetkililerin de yard\u0131m\u0131yla yakla\u015f\u0131k 30 dakikan\u0131n ard\u0131ndan yavru fok, Akdeniz&#8217;in mavi sular\u0131na girdi. Yavru fokun s\u0131rt\u0131na tak\u0131lan uydu vericisi sayesinde takip edilebilece\u011fi belirtildi. Fokun denize sal\u0131nmas\u0131na Do\u011fa Koruma ve Milli Parklar 6&#8217;nc\u0131 B\u00f6lge M\u00fcd\u00fcrl\u00fc\u011f\u00fc Biyolojik \u00c7e\u015fitlilik ve Ekosistem Hizmetleri \u015eube M\u00fcd\u00fcr\u00fc Ersan Berbero\u011flu, Av ve Yaban Hayat\u0131 \u015eube M\u00fcd\u00fcr\u00fc Tamer Y\u0131lmaz, Beyda\u011flar\u0131 Sahil Milli Park M\u00fcd\u00fcr\u00fc U\u011fur &hellip;","og_url":"http:\/\/denizcankizil.tr\/ru\/haberler\/antalya\/yavru-akdeniz-foku-denizle-bulustu\/","og_site_name":"Av. Deniz Can K\u0131z\u0131l","article_published_time":"2025-03-19T13:41:15+00:00","og_image":[{"width":1280,"height":720,"url":"http:\/\/denizcankizil.tr\/wp-content\/uploads\/2025\/03\/5601-01-z6w8qO.jpeg","type":"image\/jpeg"}],"author":"Av. Deniz Can K\u0131z\u0131l","twitter_card":"summary_large_image","twitter_misc":{"\u041d\u0430\u043f\u0438\u0441\u0430\u043d\u043e \u0430\u0432\u0442\u043e\u0440\u043e\u043c":"Av. Deniz Can K\u0131z\u0131l","\u041f\u0440\u0438\u043c\u0435\u0440\u043d\u043e\u0435 \u0432\u0440\u0435\u043c\u044f \u0434\u043b\u044f \u0447\u0442\u0435\u043d\u0438\u044f":"4 \u043c\u0438\u043d\u0443\u0442\u044b"},"schema":{"@context":"https:\/\/schema.org","@graph":[{"@type":"Article","@id":"http:\/\/denizcankizil.tr\/ru\/haberler\/antalya\/yavru-akdeniz-foku-denizle-bulustu\/#article","isPartOf":{"@id":"http:\/\/denizcankizil.tr\/ru\/haberler\/antalya\/yavru-akdeniz-foku-denizle-bulustu\/"},"author":{"name":"Av. Deniz Can K\u0131z\u0131l","@id":"https:\/\/denizcankizil.tr\/#\/schema\/person\/5dc1b22991bd7ac833867c10afc9b0ff"},"headline":"Yavru Akdeniz foku denizle bulu\u015ftu","datePublished":"2025-03-19T13:41:15+00:00","mainEntityOfPage":{"@id":"http:\/\/denizcankizil.tr\/ru\/haberler\/antalya\/yavru-akdeniz-foku-denizle-bulustu\/"},"wordCount":789,"publisher":{"@id":"https:\/\/denizcankizil.tr\/#organization"},"image":{"@id":"http:\/\/denizcankizil.tr\/ru\/haberler\/antalya\/yavru-akdeniz-foku-denizle-bulustu\/#primaryimage"},"thumbnailUrl":"http:\/\/denizcankizil.tr\/wp-content\/uploads\/2025\/03\/5601-01-z6w8qO.jpeg","articleSection":["Antalya"],"inLanguage":"ru-RU"},{"@type":"WebPage","@id":"http:\/\/denizcankizil.tr\/ru\/haberler\/antalya\/yavru-akdeniz-foku-denizle-bulustu\/","url":"http:\/\/denizcankizil.tr\/ru\/haberler\/antalya\/yavru-akdeniz-foku-denizle-bulustu\/","name":"Yavru Akdeniz foku denizle bulu\u015ftu - Av. Deniz Can K\u0131z\u0131l","isPartOf":{"@id":"https:\/\/denizcankizil.tr\/#website"},"primaryImageOfPage":{"@id":"http:\/\/denizcankizil.tr\/ru\/haberler\/antalya\/yavru-akdeniz-foku-denizle-bulustu\/#primaryimage"},"image":{"@id":"http:\/\/denizcankizil.tr\/ru\/haberler\/antalya\/yavru-akdeniz-foku-denizle-bulustu\/#primaryimage"},"thumbnailUrl":"http:\/\/denizcankizil.tr\/wp-content\/uploads\/2025\/03\/5601-01-z6w8qO.jpeg","datePublished":"2025-03-19T13:41:15+00:00","breadcrumb":{"@id":"http:\/\/denizcankizil.tr\/ru\/haberler\/antalya\/yavru-akdeniz-foku-denizle-bulustu\/#breadcrumb"},"inLanguage":"ru-RU","potentialAction":[{"@type":"ReadAction","target":["http:\/\/denizcankizil.tr\/ru\/haberler\/antalya\/yavru-akdeniz-foku-denizle-bulustu\/"]}]},{"@type":"ImageObject","inLanguage":"ru-RU","@id":"http:\/\/denizcankizil.tr\/ru\/haberler\/antalya\/yavru-akdeniz-foku-denizle-bulustu\/#primaryimage","url":"http:\/\/denizcankizil.tr\/wp-content\/uploads\/2025\/03\/5601-01-z6w8qO.jpeg","contentUrl":"http:\/\/denizcankizil.tr\/wp-content\/uploads\/2025\/03\/5601-01-z6w8qO.jpeg","width":1280,"height":720},{"@type":"BreadcrumbList","@id":"http:\/\/denizcankizil.tr\/ru\/haberler\/antalya\/yavru-akdeniz-foku-denizle-bulustu\/#breadcrumb","itemListElement":[{"@type":"ListItem","position":1,"name":"Home","item":"https:\/\/denizcankizil.tr\/de\/"},{"@type":"ListItem","position":2,"name":"Yavru Akdeniz foku denizle bulu\u015ftu"}]},{"@type":"WebSite","@id":"https:\/\/denizcankizil.tr\/#website","url":"https:\/\/denizcankizil.tr\/","name":"Av. Deniz Can K\u0131z\u0131l","description":"Avukat Deniz Can K\u0131z\u0131l Antalya Barosu","publisher":{"@id":"https:\/\/denizcankizil.tr\/#organization"},"potentialAction":[{"@type":"SearchAction","target":{"@type":"EntryPoint","urlTemplate":"https:\/\/denizcankizil.tr\/?s={search_term_string}"},"query-input":{"@type":"PropertyValueSpecification","valueRequired":true,"valueName":"search_term_string"}}],"inLanguage":"ru-RU"},{"@type":"Organization","@id":"https:\/\/denizcankizil.tr\/#organization","name":"Av. Deniz Can K\u0131z\u0131l","url":"https:\/\/denizcankizil.tr\/","logo":{"@type":"ImageObject","inLanguage":"ru-RU","@id":"https:\/\/denizcankizil.tr\/#\/schema\/logo\/image\/","url":"http:\/\/denizcankizil.tr\/wp-content\/uploads\/2024\/10\/siyah-logo-svg.svg","contentUrl":"http:\/\/denizcankizil.tr\/wp-content\/uploads\/2024\/10\/siyah-logo-svg.svg","width":1080,"height":1080,"caption":"Av. Deniz Can K\u0131z\u0131l"},"image":{"@id":"https:\/\/denizcankizil.tr\/#\/schema\/logo\/image\/"}},{"@type":"Person","@id":"https:\/\/denizcankizil.tr\/#\/schema\/person\/5dc1b22991bd7ac833867c10afc9b0ff","name":"Av. Deniz Can K\u0131z\u0131l","image":{"@type":"ImageObject","inLanguage":"ru-RU","@id":"https:\/\/denizcankizil.tr\/#\/schema\/person\/image\/","url":"https:\/\/secure.gravatar.com\/avatar\/a0b128fb9855c79efc976d5640eedb31dc35ec297594d6016d2cf7c60e975bb6?s=96&d=mm&r=g","contentUrl":"https:\/\/secure.gravatar.com\/avatar\/a0b128fb9855c79efc976d5640eedb31dc35ec297594d6016d2cf7c60e975bb6?s=96&d=mm&r=g","caption":"Av. Deniz Can K\u0131z\u0131l"},"sameAs":["http:\/\/www.denizcankizil.tr"],"url":"http:\/\/denizcankizil.tr\/ru\/author\/denizcankizil\/"}]}},"_links":{"self":[{"href":"http:\/\/denizcankizil.tr\/ru\/wp-json\/wp\/v2\/posts\/36324","targetHints":{"allow":["GET"]}}],"collection":[{"href":"http:\/\/denizcankizil.tr\/ru\/wp-json\/wp\/v2\/posts"}],"about":[{"href":"http:\/\/denizcankizil.tr\/ru\/wp-json\/wp\/v2\/types\/post"}],"author":[{"embeddable":true,"href":"http:\/\/denizcankizil.tr\/ru\/wp-json\/wp\/v2\/users\/4"}],"replies":[{"embeddable":true,"href":"http:\/\/denizcankizil.tr\/ru\/wp-json\/wp\/v2\/comments?post=36324"}],"version-history":[{"count":0,"href":"http:\/\/denizcankizil.tr\/ru\/wp-json\/wp\/v2\/posts\/36324\/revisions"}],"wp:featuredmedia":[{"embeddable":true,"href":"http:\/\/denizcankizil.tr\/ru\/wp-json\/wp\/v2\/media\/36325"}],"wp:attachment":[{"href":"http:\/\/denizcankizil.tr\/ru\/wp-json\/wp\/v2\/media?parent=36324"}],"wp:term":[{"taxonomy":"category","embeddable":true,"href":"http:\/\/denizcankizil.tr\/ru\/wp-json\/wp\/v2\/categories?post=36324"},{"taxonomy":"post_tag","embeddable":true,"href":"http:\/\/denizcankizil.tr\/ru\/wp-json\/wp\/v2\/tags?post=36324"}],"curies":[{"name":"wp","href":"https:\/\/api.w.org\/{rel}","templated":true}]}}