{"id":36251,"date":"2025-03-19T07:41:24","date_gmt":"2025-03-19T04:41:24","guid":{"rendered":"https:\/\/denizcankizil.tr\/uncategorized-tr\/mansur-yavas-cumhurbaskanligi-adayligini-askiya-aldi\/"},"modified":"2025-03-19T07:41:24","modified_gmt":"2025-03-19T04:41:24","slug":"mansur-yavas-cumhurbaskanligi-adayligini-askiya-aldi","status":"publish","type":"post","link":"http:\/\/denizcankizil.tr\/ru\/haberler\/gundem\/mansur-yavas-cumhurbaskanligi-adayligini-askiya-aldi\/","title":{"rendered":"Mansur Yava\u015f Cumhurba\u015fkanl\u0131\u011f\u0131 adayl\u0131\u011f\u0131n\u0131 ask\u0131ya ald\u0131!"},"content":{"rendered":"<p>Ankara B\u00fcy\u00fck\u015fehir Belediye Ba\u015fkan\u0131 Mansur Yava\u015f, \u0130stanbul \u00dcniversitesi&#8217;nin Ekrem \u0130mamo\u011flu&#8217;nun diplomas\u0131n\u0131 iptal etme karar\u0131 sonras\u0131nda kendisinin ald\u0131\u011f\u0131 karar\u0131 duyurdu. Yava\u015f, &#8220;B\u00f6ylesine hukuksuz bir s\u00fcre\u00e7te daha \u00f6nce \u00fc\u00e7l\u00fc masada ifade etti\u011fim \u201cCumhurba\u015fkanl\u0131\u011f\u0131 adayl\u0131\u011f\u0131m\u0131 g\u00fcn\u00fc gelince de\u011ferlendirece\u011fim\u201d karar\u0131m\u0131, bu hukuksuzluk ortadan kalkana kadar ASKIYA alaca\u011f\u0131m\u0131 da kamuoyuna ilan ediyorum&#8221; dedi.ANKARA (\u0130GFA) &#8211; Ankara B\u00fcy\u00fck\u015fehir Belediye Ba\u015fkan\u0131 Mansur Yava\u015f, \u0130stanbul B\u00fcy\u00fck\u015fehir Belediye Ba\u015fkan\u0131 Ekrem \u0130mamo\u011flu\u2019nun diplomas\u0131n\u0131n iptal edilmesi karar\u0131na ili\u015fkin a\u00e7\u0131klamalarda bulundu.<br \/>\nBa\u015fkan Yava\u015f, \u201cCumhurba\u015fkanl\u0131\u011f\u0131 adayl\u0131\u011f\u0131m\u0131 g\u00fcn\u00fc gelince de\u011ferlendirece\u011fim\u201d karar\u0131n\u0131, hukuksuzluk ortadan kalkana kadar ask\u0131ya ald\u0131\u011f\u0131n\u0131 duyurdu.<br \/>\nSosyal medya hesab\u0131ndan payla\u015f\u0131mda bulunan Ba\u015fkan Yava\u015f, Ekrem \u0130mamo\u011flu\u2019nun hukuka ve t\u00fcm mevzuata uygun diplomas\u0131n\u0131n iptal edilmesine ili\u015fkin karar sonras\u0131 T\u00fcrkiye demokrasisi maalesef bir ba\u015fka evreye ge\u00e7ti\u011fini kaydederek,\u00a0 \u0130stanbul \u00dcniversitesi\u2019nin verdi\u011fi karara tepki g\u00f6sterdi.<br \/>\n&#8220;\u0130mamo\u011flu\u2019nun hukuk ve demokrasi d\u0131\u015f\u0131 bir zorlama ile adayl\u0131k hakk\u0131n\u0131n elinden al\u0131nmas\u0131na sessiz kalaca\u011f\u0131m\u0131z\u0131 ya da bundan ho\u015flanaca\u011f\u0131m\u0131z\u0131 kimse d\u00fc\u015f\u00fcnmesin&#8221; diyen Yava\u015f, &#8220;Ben Ekrem Ba\u015fkan\u0131m\u0131za yap\u0131lan bu haks\u0131zl\u0131\u011f\u0131 kabul etmiyorum. T\u00fcm bu hukuki ve siyasi s\u00fcrecin her dakikas\u0131nda Ekrem Ba\u015fkan\u0131m\u0131z\u0131n yan\u0131nda olaca\u011f\u0131m\u0131, b\u00f6ylesine hukuksuz bir s\u00fcre\u00e7te daha \u00f6nce \u00fc\u00e7l\u00fc masada ifade etti\u011fim \u201cCumhurba\u015fkanl\u0131\u011f\u0131 adayl\u0131\u011f\u0131m\u0131 g\u00fcn\u00fc gelince de\u011ferlendirece\u011fim\u201d karar\u0131m\u0131, bu hukuksuzluk ortadan kalkana kadar ASKIYA alaca\u011f\u0131m\u0131 da kamuoyuna ilan ediyorum&#8221; dedi.<\/p>\n<p>https:\/\/twitter.com\/mansuryavas06\/status\/1902023781390147676<\/p>\n<p>Yava\u015f, &#8220;CHP i\u00e7indeki dayan\u0131\u015fma duygumuzu ise kimse k\u00fc\u00e7\u00fcmsemesin ve bizlerin, en b\u00fcy\u00fck makamlar kar\u015f\u0131s\u0131nda bile bu birlikteli\u011fi kaybetmeyece\u011fimizi unutmas\u0131n. Hele, \u2018selden k\u00fct\u00fck kapmaya\u2019 \u00e7al\u0131\u015fanlarla bizleri ayn\u0131 tutmaya kalkmas\u0131nlar. T\u00fcrkiye\u2019de hukukun \u00fcst\u00fcnl\u00fc\u011f\u00fcne g\u00f6lge d\u00fc\u015f\u00fcren her ad\u0131m\u0131n kar\u015f\u0131s\u0131nda olmaya, adalet ve demokrasi m\u00fccadelesini s\u00fcrd\u00fcrmeye devam edece\u011fiz. Ekrem ba\u015fkan\u0131m; hakl\u0131 m\u00fccadelenizin sonuna kadar yan\u0131n\u0131zday\u0131z&#8221; ifadelerini kulland\u0131.<\/p>\n<p>\u200bAnkara B\u00fcy\u00fck\u015fehir Belediye Ba\u015fkan\u0131 Mansur Yava\u015f, \u0130stanbul \u00dcniversitesi&#8217;nin Ekrem \u0130mamo\u011flu&#8217;nun diplomas\u0131n\u0131 iptal etme karar\u0131 sonras\u0131nda kendisinin ald\u0131\u011f\u0131 karar\u0131 duyurdu. Yava\u015f, &#8220;B\u00f6ylesine hukuksuz bir s\u00fcre\u00e7te daha \u00f6nce \u00fc\u00e7l\u00fc masada ifade etti\u011fim \u201cCumhurba\u015fkanl\u0131\u011f\u0131 adayl\u0131\u011f\u0131m\u0131 g\u00fcn\u00fc gelince de\u011ferlendirece\u011fim\u201d karar\u0131m\u0131, bu hukuksuzluk ortadan kalkana kadar ASKIYA alaca\u011f\u0131m\u0131 da kamuoyuna ilan ediyorum&#8221; dedi.ANKARA (\u0130GFA) &#8211; Ankara B\u00fcy\u00fck\u015fehir Belediye Ba\u015fkan\u0131 Mansur Yava\u015f, \u0130stanbul B\u00fcy\u00fck\u015fehir Belediye Ba\u015fkan\u0131 Ekrem \u0130mamo\u011flu\u2019nun diplomas\u0131n\u0131n iptal edilmesi karar\u0131na ili\u015fkin a\u00e7\u0131klamalarda bulundu.<br \/>\nBa\u015fkan Yava\u015f, \u201cCumhurba\u015fkanl\u0131\u011f\u0131 adayl\u0131\u011f\u0131m\u0131 g\u00fcn\u00fc gelince de\u011ferlendirece\u011fim\u201d karar\u0131n\u0131, hukuksuzluk ortadan kalkana kadar ask\u0131ya ald\u0131\u011f\u0131n\u0131 duyurdu.<br \/>\nSosyal medya hesab\u0131ndan payla\u015f\u0131mda bulunan Ba\u015fkan Yava\u015f, Ekrem \u0130mamo\u011flu\u2019nun hukuka ve t\u00fcm mevzuata uygun diplomas\u0131n\u0131n iptal edilmesine ili\u015fkin karar sonras\u0131 T\u00fcrkiye demokrasisi maalesef bir ba\u015fka evreye ge\u00e7ti\u011fini kaydederek,\u00a0 \u0130stanbul \u00dcniversitesi\u2019nin verdi\u011fi karara tepki g\u00f6sterdi.<br \/>\n&#8220;\u0130mamo\u011flu\u2019nun hukuk ve demokrasi d\u0131\u015f\u0131 bir zorlama ile adayl\u0131k hakk\u0131n\u0131n elinden al\u0131nmas\u0131na sessiz kalaca\u011f\u0131m\u0131z\u0131 ya da bundan ho\u015flanaca\u011f\u0131m\u0131z\u0131 kimse d\u00fc\u015f\u00fcnmesin&#8221; diyen Yava\u015f, &#8220;Ben Ekrem Ba\u015fkan\u0131m\u0131za yap\u0131lan bu haks\u0131zl\u0131\u011f\u0131 kabul etmiyorum. T\u00fcm bu hukuki ve siyasi s\u00fcrecin her dakikas\u0131nda Ekrem Ba\u015fkan\u0131m\u0131z\u0131n yan\u0131nda olaca\u011f\u0131m\u0131, b\u00f6ylesine hukuksuz bir s\u00fcre\u00e7te daha \u00f6nce \u00fc\u00e7l\u00fc masada ifade etti\u011fim \u201cCumhurba\u015fkanl\u0131\u011f\u0131 adayl\u0131\u011f\u0131m\u0131 g\u00fcn\u00fc gelince de\u011ferlendirece\u011fim\u201d karar\u0131m\u0131, bu hukuksuzluk ortadan kalkana kadar ASKIYA alaca\u011f\u0131m\u0131 da kamuoyuna ilan ediyorum&#8221; dedi.<\/p>\n<p>https:\/\/twitter.com\/mansuryavas06\/status\/1902023781390147676<\/p>\n<p>Yava\u015f, &#8220;CHP i\u00e7indeki dayan\u0131\u015fma duygumuzu ise kimse k\u00fc\u00e7\u00fcmsemesin ve bizlerin, en b\u00fcy\u00fck makamlar kar\u015f\u0131s\u0131nda bile bu birlikteli\u011fi kaybetmeyece\u011fimizi unutmas\u0131n. Hele, \u2018selden k\u00fct\u00fck kapmaya\u2019 \u00e7al\u0131\u015fanlarla bizleri ayn\u0131 tutmaya kalkmas\u0131nlar. T\u00fcrkiye\u2019de hukukun \u00fcst\u00fcnl\u00fc\u011f\u00fcne g\u00f6lge d\u00fc\u015f\u00fcren her ad\u0131m\u0131n kar\u015f\u0131s\u0131nda olmaya, adalet ve demokrasi m\u00fccadelesini s\u00fcrd\u00fcrmeye devam edece\u011fiz. Ekrem ba\u015fkan\u0131m; hakl\u0131 m\u00fccadelenizin sonuna kadar yan\u0131n\u0131zday\u0131z&#8221; ifadelerini kulland\u0131.\u00a0<\/p>\n<p>\u200bHaberin Al\u0131nt\u0131land\u0131\u011f\u0131 Kaynak: www.iskenderun.org<\/p>","protected":false},"excerpt":{"rendered":"<p>Ankara B\u00fcy\u00fck\u015fehir Belediye Ba\u015fkan\u0131 Mansur Yava\u015f, \u0130stanbul \u00dcniversitesi&#8217;nin Ekrem \u0130mamo\u011flu&#8217;nun diplomas\u0131n\u0131 iptal etme karar\u0131 sonras\u0131nda kendisinin ald\u0131\u011f\u0131 karar\u0131 duyurdu. Yava\u015f, &#8220;B\u00f6ylesine hukuksuz bir s\u00fcre\u00e7te daha \u00f6nce \u00fc\u00e7l\u00fc masada ifade etti\u011fim \u201cCumhurba\u015fkanl\u0131\u011f\u0131 adayl\u0131\u011f\u0131m\u0131 g\u00fcn\u00fc gelince de\u011ferlendirece\u011fim\u201d karar\u0131m\u0131, bu hukuksuzluk ortadan kalkana kadar ASKIYA alaca\u011f\u0131m\u0131 da kamuoyuna ilan ediyorum&#8221; dedi.ANKARA (\u0130GFA) &#8211; Ankara B\u00fcy\u00fck\u015fehir Belediye Ba\u015fkan\u0131 Mansur Yava\u015f, \u0130stanbul B\u00fcy\u00fck\u015fehir Belediye Ba\u015fkan\u0131 Ekrem \u0130mamo\u011flu\u2019nun diplomas\u0131n\u0131n iptal edilmesi karar\u0131na ili\u015fkin a\u00e7\u0131klamalarda bulundu. Ba\u015fkan Yava\u015f, \u201cCumhurba\u015fkanl\u0131\u011f\u0131 adayl\u0131\u011f\u0131m\u0131 g\u00fcn\u00fc gelince de\u011ferlendirece\u011fim\u201d karar\u0131n\u0131, hukuksuzluk ortadan kalkana kadar ask\u0131ya ald\u0131\u011f\u0131n\u0131 duyurdu. Sosyal medya hesab\u0131ndan payla\u015f\u0131mda bulunan Ba\u015fkan Yava\u015f, Ekrem \u0130mamo\u011flu\u2019nun hukuka ve t\u00fcm mevzuata uygun diplomas\u0131n\u0131n iptal edilmesine ili\u015fkin karar sonras\u0131 T\u00fcrkiye demokrasisi maalesef bir ba\u015fka evreye ge\u00e7ti\u011fini kaydederek,\u00a0 \u0130stanbul \u00dcniversitesi\u2019nin verdi\u011fi karara tepki g\u00f6sterdi. &#8220;\u0130mamo\u011flu\u2019nun hukuk ve demokrasi d\u0131\u015f\u0131 bir zorlama ile adayl\u0131k hakk\u0131n\u0131n elinden al\u0131nmas\u0131na sessiz kalaca\u011f\u0131m\u0131z\u0131 ya da bundan ho\u015flanaca\u011f\u0131m\u0131z\u0131 kimse d\u00fc\u015f\u00fcnmesin&#8221; diyen Yava\u015f, &#8220;Ben Ekrem Ba\u015fkan\u0131m\u0131za yap\u0131lan bu haks\u0131zl\u0131\u011f\u0131 kabul etmiyorum. T\u00fcm bu hukuki ve siyasi s\u00fcrecin her dakikas\u0131nda Ekrem Ba\u015fkan\u0131m\u0131z\u0131n yan\u0131nda olaca\u011f\u0131m\u0131, b\u00f6ylesine hukuksuz bir s\u00fcre\u00e7te daha \u00f6nce \u00fc\u00e7l\u00fc masada ifade etti\u011fim \u201cCumhurba\u015fkanl\u0131\u011f\u0131 adayl\u0131\u011f\u0131m\u0131 g\u00fcn\u00fc gelince de\u011ferlendirece\u011fim\u201d karar\u0131m\u0131, bu hukuksuzluk ortadan kalkana kadar ASKIYA alaca\u011f\u0131m\u0131 da kamuoyuna ilan ediyorum&#8221; dedi. https:\/\/twitter.com\/mansuryavas06\/status\/1902023781390147676 Yava\u015f, &#8220;CHP i\u00e7indeki dayan\u0131\u015fma duygumuzu ise kimse k\u00fc\u00e7\u00fcmsemesin ve bizlerin, en &hellip;<\/p>","protected":false},"author":1,"featured_media":0,"comment_status":"","ping_status":"open","sticky":false,"template":"","format":"standard","meta":{"_acf_changed":false,"footnotes":""},"categories":[24],"tags":[],"class_list":["post-36251","post","type-post","status-publish","format-standard","has-post-thumbnail","hentry","category-gundem"],"acf":[],"yoast_head":"<!-- This site is optimized with the Yoast SEO Premium plugin v26.6 (Yoast SEO v27.1.1) - https:\/\/yoast.com\/product\/yoast-seo-premium-wordpress\/ -->\n<title>Mansur Yava\u015f Cumhurba\u015fkanl\u0131\u011f\u0131 adayl\u0131\u011f\u0131n\u0131 ask\u0131ya ald\u0131! - Av. Deniz Can K\u0131z\u0131l<\/title>\n<meta name=\"robots\" content=\"index, follow, max-snippet:-1, max-image-preview:large, max-video-preview:-1\" \/>\n<link rel=\"canonical\" href=\"http:\/\/denizcankizil.tr\/ru\/haberler\/gundem\/mansur-yavas-cumhurbaskanligi-adayligini-askiya-aldi\/\" \/>\n<meta property=\"og:locale\" content=\"ru_RU\" \/>\n<meta property=\"og:type\" content=\"article\" \/>\n<meta property=\"og:title\" content=\"Mansur Yava\u015f Cumhurba\u015fkanl\u0131\u011f\u0131 adayl\u0131\u011f\u0131n\u0131 ask\u0131ya ald\u0131!\" \/>\n<meta property=\"og:description\" content=\"Ankara B\u00fcy\u00fck\u015fehir Belediye Ba\u015fkan\u0131 Mansur Yava\u015f, \u0130stanbul \u00dcniversitesi&#8217;nin Ekrem \u0130mamo\u011flu&#8217;nun diplomas\u0131n\u0131 iptal etme karar\u0131 sonras\u0131nda kendisinin ald\u0131\u011f\u0131 karar\u0131 duyurdu. Yava\u015f, &#8220;B\u00f6ylesine hukuksuz bir s\u00fcre\u00e7te daha \u00f6nce \u00fc\u00e7l\u00fc masada ifade etti\u011fim \u201cCumhurba\u015fkanl\u0131\u011f\u0131 adayl\u0131\u011f\u0131m\u0131 g\u00fcn\u00fc gelince de\u011ferlendirece\u011fim\u201d karar\u0131m\u0131, bu hukuksuzluk ortadan kalkana kadar ASKIYA alaca\u011f\u0131m\u0131 da kamuoyuna ilan ediyorum&#8221; dedi.ANKARA (\u0130GFA) &#8211; Ankara B\u00fcy\u00fck\u015fehir Belediye Ba\u015fkan\u0131 Mansur Yava\u015f, \u0130stanbul B\u00fcy\u00fck\u015fehir Belediye Ba\u015fkan\u0131 Ekrem \u0130mamo\u011flu\u2019nun diplomas\u0131n\u0131n iptal edilmesi karar\u0131na ili\u015fkin a\u00e7\u0131klamalarda bulundu. Ba\u015fkan Yava\u015f, \u201cCumhurba\u015fkanl\u0131\u011f\u0131 adayl\u0131\u011f\u0131m\u0131 g\u00fcn\u00fc gelince de\u011ferlendirece\u011fim\u201d karar\u0131n\u0131, hukuksuzluk ortadan kalkana kadar ask\u0131ya ald\u0131\u011f\u0131n\u0131 duyurdu. Sosyal medya hesab\u0131ndan payla\u015f\u0131mda bulunan Ba\u015fkan Yava\u015f, Ekrem \u0130mamo\u011flu\u2019nun hukuka ve t\u00fcm mevzuata uygun diplomas\u0131n\u0131n iptal edilmesine ili\u015fkin karar sonras\u0131 T\u00fcrkiye demokrasisi maalesef bir ba\u015fka evreye ge\u00e7ti\u011fini kaydederek,\u00a0 \u0130stanbul \u00dcniversitesi\u2019nin verdi\u011fi karara tepki g\u00f6sterdi. &#8220;\u0130mamo\u011flu\u2019nun hukuk ve demokrasi d\u0131\u015f\u0131 bir zorlama ile adayl\u0131k hakk\u0131n\u0131n elinden al\u0131nmas\u0131na sessiz kalaca\u011f\u0131m\u0131z\u0131 ya da bundan ho\u015flanaca\u011f\u0131m\u0131z\u0131 kimse d\u00fc\u015f\u00fcnmesin&#8221; diyen Yava\u015f, &#8220;Ben Ekrem Ba\u015fkan\u0131m\u0131za yap\u0131lan bu haks\u0131zl\u0131\u011f\u0131 kabul etmiyorum. T\u00fcm bu hukuki ve siyasi s\u00fcrecin her dakikas\u0131nda Ekrem Ba\u015fkan\u0131m\u0131z\u0131n yan\u0131nda olaca\u011f\u0131m\u0131, b\u00f6ylesine hukuksuz bir s\u00fcre\u00e7te daha \u00f6nce \u00fc\u00e7l\u00fc masada ifade etti\u011fim \u201cCumhurba\u015fkanl\u0131\u011f\u0131 adayl\u0131\u011f\u0131m\u0131 g\u00fcn\u00fc gelince de\u011ferlendirece\u011fim\u201d karar\u0131m\u0131, bu hukuksuzluk ortadan kalkana kadar ASKIYA alaca\u011f\u0131m\u0131 da kamuoyuna ilan ediyorum&#8221; dedi. https:\/\/twitter.com\/mansuryavas06\/status\/1902023781390147676 Yava\u015f, &#8220;CHP i\u00e7indeki dayan\u0131\u015fma duygumuzu ise kimse k\u00fc\u00e7\u00fcmsemesin ve bizlerin, en &hellip;\" \/>\n<meta property=\"og:url\" content=\"http:\/\/denizcankizil.tr\/ru\/haberler\/gundem\/mansur-yavas-cumhurbaskanligi-adayligini-askiya-aldi\/\" \/>\n<meta property=\"og:site_name\" content=\"Av. Deniz Can K\u0131z\u0131l\" \/>\n<meta property=\"article:published_time\" content=\"2025-03-19T04:41:24+00:00\" \/>\n<meta name=\"author\" content=\"admin\" \/>\n<meta name=\"twitter:card\" content=\"summary_large_image\" \/>\n<meta name=\"twitter:label1\" content=\"\u041d\u0430\u043f\u0438\u0441\u0430\u043d\u043e \u0430\u0432\u0442\u043e\u0440\u043e\u043c\" \/>\n\t<meta name=\"twitter:data1\" content=\"admin\" \/>\n\t<meta name=\"twitter:label2\" content=\"\u041f\u0440\u0438\u043c\u0435\u0440\u043d\u043e\u0435 \u0432\u0440\u0435\u043c\u044f \u0434\u043b\u044f \u0447\u0442\u0435\u043d\u0438\u044f\" \/>\n\t<meta name=\"twitter:data2\" content=\"4 \u043c\u0438\u043d\u0443\u0442\u044b\" \/>\n<script type=\"application\/ld+json\" class=\"yoast-schema-graph\">{\"@context\":\"https:\/\/schema.org\",\"@graph\":[{\"@type\":\"Article\",\"@id\":\"http:\/\/denizcankizil.tr\/de\/haberler\/gundem\/mansur-yavas-cumhurbaskanligi-adayligini-askiya-aldi\/#article\",\"isPartOf\":{\"@id\":\"http:\/\/denizcankizil.tr\/de\/haberler\/gundem\/mansur-yavas-cumhurbaskanligi-adayligini-askiya-aldi\/\"},\"author\":{\"name\":\"admin\",\"@id\":\"https:\/\/denizcankizil.tr\/de\/#\/schema\/person\/be3c05fe6a12686905512445d8185489\"},\"headline\":\"Mansur Yava\u015f Cumhurba\u015fkanl\u0131\u011f\u0131 adayl\u0131\u011f\u0131n\u0131 ask\u0131ya ald\u0131!\",\"datePublished\":\"2025-03-19T04:41:24+00:00\",\"mainEntityOfPage\":{\"@id\":\"http:\/\/denizcankizil.tr\/de\/haberler\/gundem\/mansur-yavas-cumhurbaskanligi-adayligini-askiya-aldi\/\"},\"wordCount\":775,\"publisher\":{\"@id\":\"https:\/\/denizcankizil.tr\/de\/#organization\"},\"articleSection\":[\"G\u00fcndem\"],\"inLanguage\":\"ru-RU\"},{\"@type\":\"WebPage\",\"@id\":\"http:\/\/denizcankizil.tr\/de\/haberler\/gundem\/mansur-yavas-cumhurbaskanligi-adayligini-askiya-aldi\/\",\"url\":\"http:\/\/denizcankizil.tr\/de\/haberler\/gundem\/mansur-yavas-cumhurbaskanligi-adayligini-askiya-aldi\/\",\"name\":\"Mansur Yava\u015f Cumhurba\u015fkanl\u0131\u011f\u0131 adayl\u0131\u011f\u0131n\u0131 ask\u0131ya ald\u0131! - Av. Deniz Can K\u0131z\u0131l\",\"isPartOf\":{\"@id\":\"https:\/\/denizcankizil.tr\/de\/#website\"},\"datePublished\":\"2025-03-19T04:41:24+00:00\",\"breadcrumb\":{\"@id\":\"http:\/\/denizcankizil.tr\/de\/haberler\/gundem\/mansur-yavas-cumhurbaskanligi-adayligini-askiya-aldi\/#breadcrumb\"},\"inLanguage\":\"ru-RU\",\"potentialAction\":[{\"@type\":\"ReadAction\",\"target\":[\"http:\/\/denizcankizil.tr\/de\/haberler\/gundem\/mansur-yavas-cumhurbaskanligi-adayligini-askiya-aldi\/\"]}]},{\"@type\":\"BreadcrumbList\",\"@id\":\"http:\/\/denizcankizil.tr\/de\/haberler\/gundem\/mansur-yavas-cumhurbaskanligi-adayligini-askiya-aldi\/#breadcrumb\",\"itemListElement\":[{\"@type\":\"ListItem\",\"position\":1,\"name\":\"Home\",\"item\":\"https:\/\/denizcankizil.tr\/de\/\"},{\"@type\":\"ListItem\",\"position\":2,\"name\":\"Mansur Yava\u015f Cumhurba\u015fkanl\u0131\u011f\u0131 adayl\u0131\u011f\u0131n\u0131 ask\u0131ya ald\u0131!\"}]},{\"@type\":\"WebSite\",\"@id\":\"https:\/\/denizcankizil.tr\/de\/#website\",\"url\":\"https:\/\/denizcankizil.tr\/de\/\",\"name\":\"Av. Deniz Can K\u0131z\u0131l\",\"description\":\"Avukat Deniz Can K\u0131z\u0131l Antalya Barosu\",\"publisher\":{\"@id\":\"https:\/\/denizcankizil.tr\/de\/#organization\"},\"potentialAction\":[{\"@type\":\"SearchAction\",\"target\":{\"@type\":\"EntryPoint\",\"urlTemplate\":\"https:\/\/denizcankizil.tr\/de\/?s={search_term_string}\"},\"query-input\":{\"@type\":\"PropertyValueSpecification\",\"valueRequired\":true,\"valueName\":\"search_term_string\"}}],\"inLanguage\":\"ru-RU\"},{\"@type\":\"Organization\",\"@id\":\"https:\/\/denizcankizil.tr\/de\/#organization\",\"name\":\"Av. Deniz Can K\u0131z\u0131l\",\"url\":\"https:\/\/denizcankizil.tr\/de\/\",\"logo\":{\"@type\":\"ImageObject\",\"inLanguage\":\"ru-RU\",\"@id\":\"https:\/\/denizcankizil.tr\/de\/#\/schema\/logo\/image\/\",\"url\":\"http:\/\/denizcankizil.tr\/wp-content\/uploads\/2024\/10\/siyah-logo-svg.svg\",\"contentUrl\":\"http:\/\/denizcankizil.tr\/wp-content\/uploads\/2024\/10\/siyah-logo-svg.svg\",\"width\":1080,\"height\":1080,\"caption\":\"Av. Deniz Can K\u0131z\u0131l\"},\"image\":{\"@id\":\"https:\/\/denizcankizil.tr\/de\/#\/schema\/logo\/image\/\"}},{\"@type\":\"Person\",\"@id\":\"https:\/\/denizcankizil.tr\/de\/#\/schema\/person\/be3c05fe6a12686905512445d8185489\",\"name\":\"admin\",\"image\":{\"@type\":\"ImageObject\",\"inLanguage\":\"ru-RU\",\"@id\":\"https:\/\/denizcankizil.tr\/de\/#\/schema\/person\/image\/\",\"url\":\"https:\/\/secure.gravatar.com\/avatar\/c1fce94c830dc79107e174f890d7210541c4a63e8e5d816341794a2151c9d58c?s=96&d=mm&r=g\",\"contentUrl\":\"https:\/\/secure.gravatar.com\/avatar\/c1fce94c830dc79107e174f890d7210541c4a63e8e5d816341794a2151c9d58c?s=96&d=mm&r=g\",\"caption\":\"admin\"},\"sameAs\":[\"http:\/\/denizcankizil.tr\"],\"url\":\"https:\/\/www.iskenderun.org\/mansur-yavas-cumhurbaskanligi-adayligini-askiya-aldi\"}]}<\/script>\n<!-- \/ Yoast SEO Premium plugin. -->","yoast_head_json":{"title":"Mansur Yava\u015f Cumhurba\u015fkanl\u0131\u011f\u0131 adayl\u0131\u011f\u0131n\u0131 ask\u0131ya ald\u0131! - Av. Deniz Can K\u0131z\u0131l","robots":{"index":"index","follow":"follow","max-snippet":"max-snippet:-1","max-image-preview":"max-image-preview:large","max-video-preview":"max-video-preview:-1"},"canonical":"http:\/\/denizcankizil.tr\/ru\/haberler\/gundem\/mansur-yavas-cumhurbaskanligi-adayligini-askiya-aldi\/","og_locale":"ru_RU","og_type":"article","og_title":"Mansur Yava\u015f Cumhurba\u015fkanl\u0131\u011f\u0131 adayl\u0131\u011f\u0131n\u0131 ask\u0131ya ald\u0131!","og_description":"Ankara B\u00fcy\u00fck\u015fehir Belediye Ba\u015fkan\u0131 Mansur Yava\u015f, \u0130stanbul \u00dcniversitesi&#8217;nin Ekrem \u0130mamo\u011flu&#8217;nun diplomas\u0131n\u0131 iptal etme karar\u0131 sonras\u0131nda kendisinin ald\u0131\u011f\u0131 karar\u0131 duyurdu. Yava\u015f, &#8220;B\u00f6ylesine hukuksuz bir s\u00fcre\u00e7te daha \u00f6nce \u00fc\u00e7l\u00fc masada ifade etti\u011fim \u201cCumhurba\u015fkanl\u0131\u011f\u0131 adayl\u0131\u011f\u0131m\u0131 g\u00fcn\u00fc gelince de\u011ferlendirece\u011fim\u201d karar\u0131m\u0131, bu hukuksuzluk ortadan kalkana kadar ASKIYA alaca\u011f\u0131m\u0131 da kamuoyuna ilan ediyorum&#8221; dedi.ANKARA (\u0130GFA) &#8211; Ankara B\u00fcy\u00fck\u015fehir Belediye Ba\u015fkan\u0131 Mansur Yava\u015f, \u0130stanbul B\u00fcy\u00fck\u015fehir Belediye Ba\u015fkan\u0131 Ekrem \u0130mamo\u011flu\u2019nun diplomas\u0131n\u0131n iptal edilmesi karar\u0131na ili\u015fkin a\u00e7\u0131klamalarda bulundu. Ba\u015fkan Yava\u015f, \u201cCumhurba\u015fkanl\u0131\u011f\u0131 adayl\u0131\u011f\u0131m\u0131 g\u00fcn\u00fc gelince de\u011ferlendirece\u011fim\u201d karar\u0131n\u0131, hukuksuzluk ortadan kalkana kadar ask\u0131ya ald\u0131\u011f\u0131n\u0131 duyurdu. Sosyal medya hesab\u0131ndan payla\u015f\u0131mda bulunan Ba\u015fkan Yava\u015f, Ekrem \u0130mamo\u011flu\u2019nun hukuka ve t\u00fcm mevzuata uygun diplomas\u0131n\u0131n iptal edilmesine ili\u015fkin karar sonras\u0131 T\u00fcrkiye demokrasisi maalesef bir ba\u015fka evreye ge\u00e7ti\u011fini kaydederek,\u00a0 \u0130stanbul \u00dcniversitesi\u2019nin verdi\u011fi karara tepki g\u00f6sterdi. &#8220;\u0130mamo\u011flu\u2019nun hukuk ve demokrasi d\u0131\u015f\u0131 bir zorlama ile adayl\u0131k hakk\u0131n\u0131n elinden al\u0131nmas\u0131na sessiz kalaca\u011f\u0131m\u0131z\u0131 ya da bundan ho\u015flanaca\u011f\u0131m\u0131z\u0131 kimse d\u00fc\u015f\u00fcnmesin&#8221; diyen Yava\u015f, &#8220;Ben Ekrem Ba\u015fkan\u0131m\u0131za yap\u0131lan bu haks\u0131zl\u0131\u011f\u0131 kabul etmiyorum. T\u00fcm bu hukuki ve siyasi s\u00fcrecin her dakikas\u0131nda Ekrem Ba\u015fkan\u0131m\u0131z\u0131n yan\u0131nda olaca\u011f\u0131m\u0131, b\u00f6ylesine hukuksuz bir s\u00fcre\u00e7te daha \u00f6nce \u00fc\u00e7l\u00fc masada ifade etti\u011fim \u201cCumhurba\u015fkanl\u0131\u011f\u0131 adayl\u0131\u011f\u0131m\u0131 g\u00fcn\u00fc gelince de\u011ferlendirece\u011fim\u201d karar\u0131m\u0131, bu hukuksuzluk ortadan kalkana kadar ASKIYA alaca\u011f\u0131m\u0131 da kamuoyuna ilan ediyorum&#8221; dedi. https:\/\/twitter.com\/mansuryavas06\/status\/1902023781390147676 Yava\u015f, &#8220;CHP i\u00e7indeki dayan\u0131\u015fma duygumuzu ise kimse k\u00fc\u00e7\u00fcmsemesin ve bizlerin, en &hellip;","og_url":"http:\/\/denizcankizil.tr\/ru\/haberler\/gundem\/mansur-yavas-cumhurbaskanligi-adayligini-askiya-aldi\/","og_site_name":"Av. Deniz Can K\u0131z\u0131l","article_published_time":"2025-03-19T04:41:24+00:00","author":"admin","twitter_card":"summary_large_image","twitter_misc":{"\u041d\u0430\u043f\u0438\u0441\u0430\u043d\u043e \u0430\u0432\u0442\u043e\u0440\u043e\u043c":"admin","\u041f\u0440\u0438\u043c\u0435\u0440\u043d\u043e\u0435 \u0432\u0440\u0435\u043c\u044f \u0434\u043b\u044f \u0447\u0442\u0435\u043d\u0438\u044f":"4 \u043c\u0438\u043d\u0443\u0442\u044b"},"schema":{"@context":"https:\/\/schema.org","@graph":[{"@type":"Article","@id":"http:\/\/denizcankizil.tr\/de\/haberler\/gundem\/mansur-yavas-cumhurbaskanligi-adayligini-askiya-aldi\/#article","isPartOf":{"@id":"http:\/\/denizcankizil.tr\/de\/haberler\/gundem\/mansur-yavas-cumhurbaskanligi-adayligini-askiya-aldi\/"},"author":{"name":"admin","@id":"https:\/\/denizcankizil.tr\/de\/#\/schema\/person\/be3c05fe6a12686905512445d8185489"},"headline":"Mansur Yava\u015f Cumhurba\u015fkanl\u0131\u011f\u0131 adayl\u0131\u011f\u0131n\u0131 ask\u0131ya ald\u0131!","datePublished":"2025-03-19T04:41:24+00:00","mainEntityOfPage":{"@id":"http:\/\/denizcankizil.tr\/de\/haberler\/gundem\/mansur-yavas-cumhurbaskanligi-adayligini-askiya-aldi\/"},"wordCount":775,"publisher":{"@id":"https:\/\/denizcankizil.tr\/de\/#organization"},"articleSection":["G\u00fcndem"],"inLanguage":"ru-RU"},{"@type":"WebPage","@id":"http:\/\/denizcankizil.tr\/de\/haberler\/gundem\/mansur-yavas-cumhurbaskanligi-adayligini-askiya-aldi\/","url":"http:\/\/denizcankizil.tr\/de\/haberler\/gundem\/mansur-yavas-cumhurbaskanligi-adayligini-askiya-aldi\/","name":"Mansur Yava\u015f Cumhurba\u015fkanl\u0131\u011f\u0131 adayl\u0131\u011f\u0131n\u0131 ask\u0131ya ald\u0131! - Av. Deniz Can K\u0131z\u0131l","isPartOf":{"@id":"https:\/\/denizcankizil.tr\/de\/#website"},"datePublished":"2025-03-19T04:41:24+00:00","breadcrumb":{"@id":"http:\/\/denizcankizil.tr\/de\/haberler\/gundem\/mansur-yavas-cumhurbaskanligi-adayligini-askiya-aldi\/#breadcrumb"},"inLanguage":"ru-RU","potentialAction":[{"@type":"ReadAction","target":["http:\/\/denizcankizil.tr\/de\/haberler\/gundem\/mansur-yavas-cumhurbaskanligi-adayligini-askiya-aldi\/"]}]},{"@type":"BreadcrumbList","@id":"http:\/\/denizcankizil.tr\/de\/haberler\/gundem\/mansur-yavas-cumhurbaskanligi-adayligini-askiya-aldi\/#breadcrumb","itemListElement":[{"@type":"ListItem","position":1,"name":"Home","item":"https:\/\/denizcankizil.tr\/de\/"},{"@type":"ListItem","position":2,"name":"Mansur Yava\u015f Cumhurba\u015fkanl\u0131\u011f\u0131 adayl\u0131\u011f\u0131n\u0131 ask\u0131ya ald\u0131!"}]},{"@type":"WebSite","@id":"https:\/\/denizcankizil.tr\/de\/#website","url":"https:\/\/denizcankizil.tr\/de\/","name":"Av. Deniz Can K\u0131z\u0131l","description":"Avukat Deniz Can K\u0131z\u0131l Antalya Barosu","publisher":{"@id":"https:\/\/denizcankizil.tr\/de\/#organization"},"potentialAction":[{"@type":"SearchAction","target":{"@type":"EntryPoint","urlTemplate":"https:\/\/denizcankizil.tr\/de\/?s={search_term_string}"},"query-input":{"@type":"PropertyValueSpecification","valueRequired":true,"valueName":"search_term_string"}}],"inLanguage":"ru-RU"},{"@type":"Organization","@id":"https:\/\/denizcankizil.tr\/de\/#organization","name":"Av. Deniz Can K\u0131z\u0131l","url":"https:\/\/denizcankizil.tr\/de\/","logo":{"@type":"ImageObject","inLanguage":"ru-RU","@id":"https:\/\/denizcankizil.tr\/de\/#\/schema\/logo\/image\/","url":"http:\/\/denizcankizil.tr\/wp-content\/uploads\/2024\/10\/siyah-logo-svg.svg","contentUrl":"http:\/\/denizcankizil.tr\/wp-content\/uploads\/2024\/10\/siyah-logo-svg.svg","width":1080,"height":1080,"caption":"Av. Deniz Can K\u0131z\u0131l"},"image":{"@id":"https:\/\/denizcankizil.tr\/de\/#\/schema\/logo\/image\/"}},{"@type":"Person","@id":"https:\/\/denizcankizil.tr\/de\/#\/schema\/person\/be3c05fe6a12686905512445d8185489","name":"\u0430\u0434\u043c\u0438\u043d","image":{"@type":"ImageObject","inLanguage":"ru-RU","@id":"https:\/\/denizcankizil.tr\/de\/#\/schema\/person\/image\/","url":"https:\/\/secure.gravatar.com\/avatar\/c1fce94c830dc79107e174f890d7210541c4a63e8e5d816341794a2151c9d58c?s=96&d=mm&r=g","contentUrl":"https:\/\/secure.gravatar.com\/avatar\/c1fce94c830dc79107e174f890d7210541c4a63e8e5d816341794a2151c9d58c?s=96&d=mm&r=g","caption":"admin"},"sameAs":["http:\/\/denizcankizil.tr"],"url":"https:\/\/www.iskenderun.org\/mansur-yavas-cumhurbaskanligi-adayligini-askiya-aldi"}]}},"_links":{"self":[{"href":"http:\/\/denizcankizil.tr\/ru\/wp-json\/wp\/v2\/posts\/36251","targetHints":{"allow":["GET"]}}],"collection":[{"href":"http:\/\/denizcankizil.tr\/ru\/wp-json\/wp\/v2\/posts"}],"about":[{"href":"http:\/\/denizcankizil.tr\/ru\/wp-json\/wp\/v2\/types\/post"}],"author":[{"embeddable":true,"href":"http:\/\/denizcankizil.tr\/ru\/wp-json\/wp\/v2\/users\/1"}],"replies":[{"embeddable":true,"href":"http:\/\/denizcankizil.tr\/ru\/wp-json\/wp\/v2\/comments?post=36251"}],"version-history":[{"count":0,"href":"http:\/\/denizcankizil.tr\/ru\/wp-json\/wp\/v2\/posts\/36251\/revisions"}],"wp:attachment":[{"href":"http:\/\/denizcankizil.tr\/ru\/wp-json\/wp\/v2\/media?parent=36251"}],"wp:term":[{"taxonomy":"category","embeddable":true,"href":"http:\/\/denizcankizil.tr\/ru\/wp-json\/wp\/v2\/categories?post=36251"},{"taxonomy":"post_tag","embeddable":true,"href":"http:\/\/denizcankizil.tr\/ru\/wp-json\/wp\/v2\/tags?post=36251"}],"curies":[{"name":"wp","href":"https:\/\/api.w.org\/{rel}","templated":true}]}}