{"id":35703,"date":"2025-03-14T17:41:19","date_gmt":"2025-03-14T14:41:19","guid":{"rendered":"https:\/\/denizcankizil.tr\/uncategorized-tr\/soguk-havalar-geri-donuyor-antalyada-hava-6-dereceye-kadar-dusecek\/"},"modified":"2025-03-16T00:42:13","modified_gmt":"2025-03-15T21:42:13","slug":"soguk-havalar-geri-donuyor-antalyada-hava-6-dereceye-kadar-dusecek","status":"publish","type":"post","link":"http:\/\/denizcankizil.tr\/ru\/haberler\/gundem\/soguk-havalar-geri-donuyor-antalyada-hava-6-dereceye-kadar-dusecek\/","title":{"rendered":"So\u011fuk havalar geri d\u00f6n\u00fcyor! Antalya\u2019da hava 6 dereceye kadar d\u00fc\u015fecek"},"content":{"rendered":"<p>Meteorolojiden yap\u0131lan a\u00e7\u0131klamada, Bat\u0131 Akdeniz B\u00f6lgesi&#8217;nin 19 Mart&#8217;tan itibaren Balkanlar \u00fczerinden gelecek so\u011fuk ve ya\u011f\u0131\u015fl\u0131 havan\u0131n etkisine girmesinin beklendi\u011fi kaydedildi. 1 hafta etkili olmas\u0131 beklenen so\u011fuk hava nedeniyle zirai don uyar\u0131s\u0131nda bulunuldu.<\/p>\n<p>SO\u011eUK HAVALAR GER\u0130 D\u00d6N\u00dcYOR\u00a0<\/p>\n<p>Meteoroloji 4. B\u00f6lge M\u00fcd\u00fcrl\u00fc\u011f\u00fc\u2019nden yap\u0131lan a\u00e7\u0131klama \u015f\u00f6yle: &#8220;Son meteorolojik de\u011ferlendirmelere g\u00f6re; B\u00f6lgemizin (Antalya-Mu\u011fla-Isparta-Burdur) 19 Mart 2025 \u00c7ar\u015famba g\u00fcn\u00fcnden itibaren Balkanlar \u00fczerinden gelecek so\u011fuk ve ya\u011f\u0131\u015fl\u0131 havan\u0131n etkisi alt\u0131na girmesi beklenmektedir. Hava s\u0131cakl\u0131klar\u0131n\u0131n b\u00f6lgemiz genelinde hissedilir derecede (10 \u00b0C il\u00e2 15 \u00b0C) azalarak mevsim normallerinin alt\u0131na d\u00fc\u015fece\u011fi tahmin edilmektedir. So\u011fuk ve ya\u011f\u0131\u015fl\u0131 havan\u0131n, b\u00f6lgemiz genelinde 24 Mart 2025 Pazartesi g\u00fcn\u00fcne kadar etkili olmas\u0131 beklenmektedir. Ya\u011f\u0131\u015flar\u0131n k\u0131y\u0131 kesimlerde genellikle ya\u011fmur ve sa\u011fanak, \u00e7ar\u015famba g\u00fcn\u00fcnden itibaren i\u00e7 kesimlerde karla kar\u0131\u015f\u0131k ya\u011fmur ve kar \u015feklinde olaca\u011f\u0131 tahmin edilmektedir.<\/p>\n<p>EN D\u00dc\u015e\u00dcK SICAKLIK 6 DERECE OLACAK<\/p>\n<p>1 haftal\u0131k periyotta en d\u00fc\u015f\u00fck hava s\u0131cakl\u0131klar\u0131n\u0131n Antalya&#8217;da 6, Burdur&#8217;da eksi 2, Isparta&#8217;da eksi 4 dereceyi bulaca\u011f\u0131 kaydedilirken, Mevsim normallerinin 10 \u00b0C ila 15 \u00b0C derece \u00fczerinde seyreden hava s\u0131cakl\u0131klar\u0131n\u0131n, ani d\u00fc\u015f\u00fc\u015f ile birlikte tar\u0131msal faaliyetlerin oldu\u011fu b\u00f6lgemizde zirai don hadiselerinin meydana gelebilece\u011fi de\u011ferlendirilmektedir. \u00c7evre, \u015eehircilik ve \u0130klim De\u011fi\u015fikli\u011fi Bakanl\u0131\u011f\u0131 Meteoroloji Genel M\u00fcd\u00fcrl\u00fc\u011f\u00fc taraf\u0131ndan kar ya\u011f\u0131\u015f\u0131, zirai don ve buzlanma hadiseleri ile ilgili haz\u0131rlan\u0131p yay\u0131nlanacak olan tahmin ve meteorolojik erken uyar\u0131lar\u0131n takip edilmesi \u00f6nem arz etmektedir\u201d ifadeleri kullan\u0131ld\u0131.\u00a0<br \/>\n\u00a0<\/p>\n<p>\u200bMeteoroloji 4. B\u00f6lge M\u00fcd\u00fcrl\u00fc\u011f\u00fc\u2019nden yap\u0131lan a\u00e7\u0131klamada 19 Mart tarihinden itibaren Balkanlardan gelen so\u011fuk hava dalgas\u0131 Antalya\u2019y\u0131 etkisi alt\u0131na alacak. Hava s\u0131cakl\u0131klar\u0131n\u0131n 6 dereceye kadar d\u00fc\u015fmesi bekleniyor.\u00a0<\/p>\n<p>\u200bHaberin Al\u0131nt\u0131land\u0131\u011f\u0131 Kaynak: www.antalyakorfez.com<\/p>","protected":false},"excerpt":{"rendered":"<p>Meteorolojiden yap\u0131lan a\u00e7\u0131klamada, Bat\u0131 Akdeniz B\u00f6lgesi&#8217;nin 19 Mart&#8217;tan itibaren Balkanlar \u00fczerinden gelecek so\u011fuk ve ya\u011f\u0131\u015fl\u0131 havan\u0131n etkisine girmesinin beklendi\u011fi kaydedildi. 1 hafta etkili olmas\u0131 beklenen so\u011fuk hava nedeniyle zirai don uyar\u0131s\u0131nda bulunuldu. SO\u011eUK HAVALAR GER\u0130 D\u00d6N\u00dcYOR\u00a0 Meteoroloji 4. B\u00f6lge M\u00fcd\u00fcrl\u00fc\u011f\u00fc\u2019nden yap\u0131lan a\u00e7\u0131klama \u015f\u00f6yle: &#8220;Son meteorolojik de\u011ferlendirmelere g\u00f6re; B\u00f6lgemizin (Antalya-Mu\u011fla-Isparta-Burdur) 19 Mart 2025 \u00c7ar\u015famba g\u00fcn\u00fcnden itibaren Balkanlar \u00fczerinden gelecek so\u011fuk ve ya\u011f\u0131\u015fl\u0131 havan\u0131n etkisi alt\u0131na girmesi beklenmektedir. Hava s\u0131cakl\u0131klar\u0131n\u0131n b\u00f6lgemiz genelinde hissedilir derecede (10 \u00b0C il\u00e2 15 \u00b0C) azalarak mevsim normallerinin alt\u0131na d\u00fc\u015fece\u011fi tahmin edilmektedir. So\u011fuk ve ya\u011f\u0131\u015fl\u0131 havan\u0131n, b\u00f6lgemiz genelinde 24 Mart 2025 Pazartesi g\u00fcn\u00fcne kadar etkili olmas\u0131 beklenmektedir. Ya\u011f\u0131\u015flar\u0131n k\u0131y\u0131 kesimlerde genellikle ya\u011fmur ve sa\u011fanak, \u00e7ar\u015famba g\u00fcn\u00fcnden itibaren i\u00e7 kesimlerde karla kar\u0131\u015f\u0131k ya\u011fmur ve kar \u015feklinde olaca\u011f\u0131 tahmin edilmektedir. EN D\u00dc\u015e\u00dcK SICAKLIK 6 DERECE OLACAK 1 haftal\u0131k periyotta en d\u00fc\u015f\u00fck hava s\u0131cakl\u0131klar\u0131n\u0131n Antalya&#8217;da 6, Burdur&#8217;da eksi 2, Isparta&#8217;da eksi 4 dereceyi bulaca\u011f\u0131 kaydedilirken, Mevsim normallerinin 10 \u00b0C ila 15 \u00b0C derece \u00fczerinde seyreden hava s\u0131cakl\u0131klar\u0131n\u0131n, ani d\u00fc\u015f\u00fc\u015f ile birlikte tar\u0131msal faaliyetlerin oldu\u011fu b\u00f6lgemizde zirai don hadiselerinin meydana gelebilece\u011fi de\u011ferlendirilmektedir. \u00c7evre, \u015eehircilik ve \u0130klim De\u011fi\u015fikli\u011fi Bakanl\u0131\u011f\u0131 Meteoroloji Genel M\u00fcd\u00fcrl\u00fc\u011f\u00fc taraf\u0131ndan kar ya\u011f\u0131\u015f\u0131, zirai don ve buzlanma hadiseleri ile ilgili haz\u0131rlan\u0131p yay\u0131nlanacak olan tahmin ve meteorolojik erken uyar\u0131lar\u0131n takip edilmesi \u00f6nem &hellip;<\/p>","protected":false},"author":5,"featured_media":0,"comment_status":"closed","ping_status":"open","sticky":false,"template":"","format":"standard","meta":{"_acf_changed":false,"footnotes":""},"categories":[24],"tags":[],"class_list":["post-35703","post","type-post","status-publish","format-standard","has-post-thumbnail","hentry","category-gundem"],"acf":[],"yoast_head":"<!-- This site is optimized with the Yoast SEO Premium plugin v26.6 (Yoast SEO v27.1.1) - https:\/\/yoast.com\/product\/yoast-seo-premium-wordpress\/ -->\n<title>So\u011fuk havalar geri d\u00f6n\u00fcyor! Antalya\u2019da hava 6 dereceye kadar d\u00fc\u015fecek - Av. Deniz Can K\u0131z\u0131l<\/title>\n<meta name=\"robots\" content=\"index, follow, max-snippet:-1, max-image-preview:large, max-video-preview:-1\" \/>\n<link rel=\"canonical\" href=\"http:\/\/denizcankizil.tr\/ru\/haberler\/gundem\/soguk-havalar-geri-donuyor-antalyada-hava-6-dereceye-kadar-dusecek\/\" \/>\n<meta property=\"og:locale\" content=\"ru_RU\" \/>\n<meta property=\"og:type\" content=\"article\" \/>\n<meta property=\"og:title\" content=\"So\u011fuk havalar geri d\u00f6n\u00fcyor! Antalya\u2019da hava 6 dereceye kadar d\u00fc\u015fecek\" \/>\n<meta property=\"og:description\" content=\"Meteorolojiden yap\u0131lan a\u00e7\u0131klamada, Bat\u0131 Akdeniz B\u00f6lgesi&#8217;nin 19 Mart&#8217;tan itibaren Balkanlar \u00fczerinden gelecek so\u011fuk ve ya\u011f\u0131\u015fl\u0131 havan\u0131n etkisine girmesinin beklendi\u011fi kaydedildi. 1 hafta etkili olmas\u0131 beklenen so\u011fuk hava nedeniyle zirai don uyar\u0131s\u0131nda bulunuldu. SO\u011eUK HAVALAR GER\u0130 D\u00d6N\u00dcYOR\u00a0 Meteoroloji 4. B\u00f6lge M\u00fcd\u00fcrl\u00fc\u011f\u00fc\u2019nden yap\u0131lan a\u00e7\u0131klama \u015f\u00f6yle: &#8220;Son meteorolojik de\u011ferlendirmelere g\u00f6re; B\u00f6lgemizin (Antalya-Mu\u011fla-Isparta-Burdur) 19 Mart 2025 \u00c7ar\u015famba g\u00fcn\u00fcnden itibaren Balkanlar \u00fczerinden gelecek so\u011fuk ve ya\u011f\u0131\u015fl\u0131 havan\u0131n etkisi alt\u0131na girmesi beklenmektedir. Hava s\u0131cakl\u0131klar\u0131n\u0131n b\u00f6lgemiz genelinde hissedilir derecede (10 \u00b0C il\u00e2 15 \u00b0C) azalarak mevsim normallerinin alt\u0131na d\u00fc\u015fece\u011fi tahmin edilmektedir. So\u011fuk ve ya\u011f\u0131\u015fl\u0131 havan\u0131n, b\u00f6lgemiz genelinde 24 Mart 2025 Pazartesi g\u00fcn\u00fcne kadar etkili olmas\u0131 beklenmektedir. Ya\u011f\u0131\u015flar\u0131n k\u0131y\u0131 kesimlerde genellikle ya\u011fmur ve sa\u011fanak, \u00e7ar\u015famba g\u00fcn\u00fcnden itibaren i\u00e7 kesimlerde karla kar\u0131\u015f\u0131k ya\u011fmur ve kar \u015feklinde olaca\u011f\u0131 tahmin edilmektedir. EN D\u00dc\u015e\u00dcK SICAKLIK 6 DERECE OLACAK 1 haftal\u0131k periyotta en d\u00fc\u015f\u00fck hava s\u0131cakl\u0131klar\u0131n\u0131n Antalya&#8217;da 6, Burdur&#8217;da eksi 2, Isparta&#8217;da eksi 4 dereceyi bulaca\u011f\u0131 kaydedilirken, Mevsim normallerinin 10 \u00b0C ila 15 \u00b0C derece \u00fczerinde seyreden hava s\u0131cakl\u0131klar\u0131n\u0131n, ani d\u00fc\u015f\u00fc\u015f ile birlikte tar\u0131msal faaliyetlerin oldu\u011fu b\u00f6lgemizde zirai don hadiselerinin meydana gelebilece\u011fi de\u011ferlendirilmektedir. \u00c7evre, \u015eehircilik ve \u0130klim De\u011fi\u015fikli\u011fi Bakanl\u0131\u011f\u0131 Meteoroloji Genel M\u00fcd\u00fcrl\u00fc\u011f\u00fc taraf\u0131ndan kar ya\u011f\u0131\u015f\u0131, zirai don ve buzlanma hadiseleri ile ilgili haz\u0131rlan\u0131p yay\u0131nlanacak olan tahmin ve meteorolojik erken uyar\u0131lar\u0131n takip edilmesi \u00f6nem &hellip;\" \/>\n<meta property=\"og:url\" content=\"http:\/\/denizcankizil.tr\/ru\/haberler\/gundem\/soguk-havalar-geri-donuyor-antalyada-hava-6-dereceye-kadar-dusecek\/\" \/>\n<meta property=\"og:site_name\" content=\"Av. Deniz Can K\u0131z\u0131l\" \/>\n<meta property=\"article:published_time\" content=\"2025-03-14T14:41:19+00:00\" \/>\n<meta property=\"article:modified_time\" content=\"2025-03-15T21:42:13+00:00\" \/>\n<meta name=\"author\" content=\"Antalya K\u00f6rfez\" \/>\n<meta name=\"twitter:card\" content=\"summary_large_image\" \/>\n<meta name=\"twitter:label1\" content=\"\u041d\u0430\u043f\u0438\u0441\u0430\u043d\u043e \u0430\u0432\u0442\u043e\u0440\u043e\u043c\" \/>\n\t<meta name=\"twitter:data1\" content=\"Antalya K\u00f6rfez\" \/>\n\t<meta name=\"twitter:label2\" content=\"\u041f\u0440\u0438\u043c\u0435\u0440\u043d\u043e\u0435 \u0432\u0440\u0435\u043c\u044f \u0434\u043b\u044f \u0447\u0442\u0435\u043d\u0438\u044f\" \/>\n\t<meta name=\"twitter:data2\" content=\"2 \u043c\u0438\u043d\u0443\u0442\u044b\" \/>\n<script type=\"application\/ld+json\" class=\"yoast-schema-graph\">{\"@context\":\"https:\/\/schema.org\",\"@graph\":[{\"@type\":\"Article\",\"@id\":\"http:\/\/denizcankizil.tr\/ru\/haberler\/gundem\/soguk-havalar-geri-donuyor-antalyada-hava-6-dereceye-kadar-dusecek\/#article\",\"isPartOf\":{\"@id\":\"http:\/\/denizcankizil.tr\/ru\/haberler\/gundem\/soguk-havalar-geri-donuyor-antalyada-hava-6-dereceye-kadar-dusecek\/\"},\"author\":{\"name\":\"Antalya K\u00f6rfez\",\"@id\":\"https:\/\/denizcankizil.tr\/#\/schema\/person\/e1eb71bb4dd684d46563f0af307e1234\"},\"headline\":\"So\u011fuk havalar geri d\u00f6n\u00fcyor! Antalya\u2019da hava 6 dereceye kadar d\u00fc\u015fecek\",\"datePublished\":\"2025-03-14T14:41:19+00:00\",\"dateModified\":\"2025-03-15T21:42:13+00:00\",\"mainEntityOfPage\":{\"@id\":\"http:\/\/denizcankizil.tr\/ru\/haberler\/gundem\/soguk-havalar-geri-donuyor-antalyada-hava-6-dereceye-kadar-dusecek\/\"},\"wordCount\":334,\"publisher\":{\"@id\":\"https:\/\/denizcankizil.tr\/#organization\"},\"articleSection\":[\"G\u00fcndem\"],\"inLanguage\":\"ru-RU\"},{\"@type\":\"WebPage\",\"@id\":\"http:\/\/denizcankizil.tr\/ru\/haberler\/gundem\/soguk-havalar-geri-donuyor-antalyada-hava-6-dereceye-kadar-dusecek\/\",\"url\":\"http:\/\/denizcankizil.tr\/ru\/haberler\/gundem\/soguk-havalar-geri-donuyor-antalyada-hava-6-dereceye-kadar-dusecek\/\",\"name\":\"So\u011fuk havalar geri d\u00f6n\u00fcyor! Antalya\u2019da hava 6 dereceye kadar d\u00fc\u015fecek - Av. Deniz Can K\u0131z\u0131l\",\"isPartOf\":{\"@id\":\"https:\/\/denizcankizil.tr\/#website\"},\"datePublished\":\"2025-03-14T14:41:19+00:00\",\"dateModified\":\"2025-03-15T21:42:13+00:00\",\"breadcrumb\":{\"@id\":\"http:\/\/denizcankizil.tr\/ru\/haberler\/gundem\/soguk-havalar-geri-donuyor-antalyada-hava-6-dereceye-kadar-dusecek\/#breadcrumb\"},\"inLanguage\":\"ru-RU\",\"potentialAction\":[{\"@type\":\"ReadAction\",\"target\":[\"http:\/\/denizcankizil.tr\/ru\/haberler\/gundem\/soguk-havalar-geri-donuyor-antalyada-hava-6-dereceye-kadar-dusecek\/\"]}]},{\"@type\":\"BreadcrumbList\",\"@id\":\"http:\/\/denizcankizil.tr\/ru\/haberler\/gundem\/soguk-havalar-geri-donuyor-antalyada-hava-6-dereceye-kadar-dusecek\/#breadcrumb\",\"itemListElement\":[{\"@type\":\"ListItem\",\"position\":1,\"name\":\"Home\",\"item\":\"https:\/\/denizcankizil.tr\/de\/\"},{\"@type\":\"ListItem\",\"position\":2,\"name\":\"So\u011fuk havalar geri d\u00f6n\u00fcyor! Antalya\u2019da hava 6 dereceye kadar d\u00fc\u015fecek\"}]},{\"@type\":\"WebSite\",\"@id\":\"https:\/\/denizcankizil.tr\/#website\",\"url\":\"https:\/\/denizcankizil.tr\/\",\"name\":\"Av. Deniz Can K\u0131z\u0131l\",\"description\":\"Avukat Deniz Can K\u0131z\u0131l Antalya Barosu\",\"publisher\":{\"@id\":\"https:\/\/denizcankizil.tr\/#organization\"},\"potentialAction\":[{\"@type\":\"SearchAction\",\"target\":{\"@type\":\"EntryPoint\",\"urlTemplate\":\"https:\/\/denizcankizil.tr\/?s={search_term_string}\"},\"query-input\":{\"@type\":\"PropertyValueSpecification\",\"valueRequired\":true,\"valueName\":\"search_term_string\"}}],\"inLanguage\":\"ru-RU\"},{\"@type\":\"Organization\",\"@id\":\"https:\/\/denizcankizil.tr\/#organization\",\"name\":\"Av. Deniz Can K\u0131z\u0131l\",\"url\":\"https:\/\/denizcankizil.tr\/\",\"logo\":{\"@type\":\"ImageObject\",\"inLanguage\":\"ru-RU\",\"@id\":\"https:\/\/denizcankizil.tr\/#\/schema\/logo\/image\/\",\"url\":\"http:\/\/denizcankizil.tr\/wp-content\/uploads\/2024\/10\/siyah-logo-svg.svg\",\"contentUrl\":\"http:\/\/denizcankizil.tr\/wp-content\/uploads\/2024\/10\/siyah-logo-svg.svg\",\"width\":1080,\"height\":1080,\"caption\":\"Av. Deniz Can K\u0131z\u0131l\"},\"image\":{\"@id\":\"https:\/\/denizcankizil.tr\/#\/schema\/logo\/image\/\"}},{\"@type\":\"Person\",\"@id\":\"https:\/\/denizcankizil.tr\/#\/schema\/person\/e1eb71bb4dd684d46563f0af307e1234\",\"name\":\"Antalya K\u00f6rfez\",\"image\":{\"@type\":\"ImageObject\",\"inLanguage\":\"ru-RU\",\"@id\":\"https:\/\/denizcankizil.tr\/#\/schema\/person\/image\/\",\"url\":\"https:\/\/secure.gravatar.com\/avatar\/42b01982558a48a0b501fdcab6a408d3717ea5919095ee2e67b0e521799c5905?s=96&d=mm&r=g\",\"contentUrl\":\"https:\/\/secure.gravatar.com\/avatar\/42b01982558a48a0b501fdcab6a408d3717ea5919095ee2e67b0e521799c5905?s=96&d=mm&r=g\",\"caption\":\"Antalya K\u00f6rfez\"},\"sameAs\":[\"http:\/\/www.antalyakorfez.com\"],\"url\":\"https:\/\/www.antalyakorfez.com\/soguk-havalar-geri-donuyor-antalyada-hava-6-dereceye-kadar-dusecek\"}]}<\/script>\n<!-- \/ Yoast SEO Premium plugin. -->","yoast_head_json":{"title":"So\u011fuk havalar geri d\u00f6n\u00fcyor! Antalya\u2019da hava 6 dereceye kadar d\u00fc\u015fecek - Av. Deniz Can K\u0131z\u0131l","robots":{"index":"index","follow":"follow","max-snippet":"max-snippet:-1","max-image-preview":"max-image-preview:large","max-video-preview":"max-video-preview:-1"},"canonical":"http:\/\/denizcankizil.tr\/ru\/haberler\/gundem\/soguk-havalar-geri-donuyor-antalyada-hava-6-dereceye-kadar-dusecek\/","og_locale":"ru_RU","og_type":"article","og_title":"So\u011fuk havalar geri d\u00f6n\u00fcyor! Antalya\u2019da hava 6 dereceye kadar d\u00fc\u015fecek","og_description":"Meteorolojiden yap\u0131lan a\u00e7\u0131klamada, Bat\u0131 Akdeniz B\u00f6lgesi&#8217;nin 19 Mart&#8217;tan itibaren Balkanlar \u00fczerinden gelecek so\u011fuk ve ya\u011f\u0131\u015fl\u0131 havan\u0131n etkisine girmesinin beklendi\u011fi kaydedildi. 1 hafta etkili olmas\u0131 beklenen so\u011fuk hava nedeniyle zirai don uyar\u0131s\u0131nda bulunuldu. SO\u011eUK HAVALAR GER\u0130 D\u00d6N\u00dcYOR\u00a0 Meteoroloji 4. B\u00f6lge M\u00fcd\u00fcrl\u00fc\u011f\u00fc\u2019nden yap\u0131lan a\u00e7\u0131klama \u015f\u00f6yle: &#8220;Son meteorolojik de\u011ferlendirmelere g\u00f6re; B\u00f6lgemizin (Antalya-Mu\u011fla-Isparta-Burdur) 19 Mart 2025 \u00c7ar\u015famba g\u00fcn\u00fcnden itibaren Balkanlar \u00fczerinden gelecek so\u011fuk ve ya\u011f\u0131\u015fl\u0131 havan\u0131n etkisi alt\u0131na girmesi beklenmektedir. Hava s\u0131cakl\u0131klar\u0131n\u0131n b\u00f6lgemiz genelinde hissedilir derecede (10 \u00b0C il\u00e2 15 \u00b0C) azalarak mevsim normallerinin alt\u0131na d\u00fc\u015fece\u011fi tahmin edilmektedir. So\u011fuk ve ya\u011f\u0131\u015fl\u0131 havan\u0131n, b\u00f6lgemiz genelinde 24 Mart 2025 Pazartesi g\u00fcn\u00fcne kadar etkili olmas\u0131 beklenmektedir. Ya\u011f\u0131\u015flar\u0131n k\u0131y\u0131 kesimlerde genellikle ya\u011fmur ve sa\u011fanak, \u00e7ar\u015famba g\u00fcn\u00fcnden itibaren i\u00e7 kesimlerde karla kar\u0131\u015f\u0131k ya\u011fmur ve kar \u015feklinde olaca\u011f\u0131 tahmin edilmektedir. EN D\u00dc\u015e\u00dcK SICAKLIK 6 DERECE OLACAK 1 haftal\u0131k periyotta en d\u00fc\u015f\u00fck hava s\u0131cakl\u0131klar\u0131n\u0131n Antalya&#8217;da 6, Burdur&#8217;da eksi 2, Isparta&#8217;da eksi 4 dereceyi bulaca\u011f\u0131 kaydedilirken, Mevsim normallerinin 10 \u00b0C ila 15 \u00b0C derece \u00fczerinde seyreden hava s\u0131cakl\u0131klar\u0131n\u0131n, ani d\u00fc\u015f\u00fc\u015f ile birlikte tar\u0131msal faaliyetlerin oldu\u011fu b\u00f6lgemizde zirai don hadiselerinin meydana gelebilece\u011fi de\u011ferlendirilmektedir. \u00c7evre, \u015eehircilik ve \u0130klim De\u011fi\u015fikli\u011fi Bakanl\u0131\u011f\u0131 Meteoroloji Genel M\u00fcd\u00fcrl\u00fc\u011f\u00fc taraf\u0131ndan kar ya\u011f\u0131\u015f\u0131, zirai don ve buzlanma hadiseleri ile ilgili haz\u0131rlan\u0131p yay\u0131nlanacak olan tahmin ve meteorolojik erken uyar\u0131lar\u0131n takip edilmesi \u00f6nem &hellip;","og_url":"http:\/\/denizcankizil.tr\/ru\/haberler\/gundem\/soguk-havalar-geri-donuyor-antalyada-hava-6-dereceye-kadar-dusecek\/","og_site_name":"Av. Deniz Can K\u0131z\u0131l","article_published_time":"2025-03-14T14:41:19+00:00","article_modified_time":"2025-03-15T21:42:13+00:00","author":"Antalya K\u00f6rfez","twitter_card":"summary_large_image","twitter_misc":{"\u041d\u0430\u043f\u0438\u0441\u0430\u043d\u043e \u0430\u0432\u0442\u043e\u0440\u043e\u043c":"Antalya K\u00f6rfez","\u041f\u0440\u0438\u043c\u0435\u0440\u043d\u043e\u0435 \u0432\u0440\u0435\u043c\u044f \u0434\u043b\u044f \u0447\u0442\u0435\u043d\u0438\u044f":"2 \u043c\u0438\u043d\u0443\u0442\u044b"},"schema":{"@context":"https:\/\/schema.org","@graph":[{"@type":"Article","@id":"http:\/\/denizcankizil.tr\/ru\/haberler\/gundem\/soguk-havalar-geri-donuyor-antalyada-hava-6-dereceye-kadar-dusecek\/#article","isPartOf":{"@id":"http:\/\/denizcankizil.tr\/ru\/haberler\/gundem\/soguk-havalar-geri-donuyor-antalyada-hava-6-dereceye-kadar-dusecek\/"},"author":{"name":"Antalya K\u00f6rfez","@id":"https:\/\/denizcankizil.tr\/#\/schema\/person\/e1eb71bb4dd684d46563f0af307e1234"},"headline":"So\u011fuk havalar geri d\u00f6n\u00fcyor! Antalya\u2019da hava 6 dereceye kadar d\u00fc\u015fecek","datePublished":"2025-03-14T14:41:19+00:00","dateModified":"2025-03-15T21:42:13+00:00","mainEntityOfPage":{"@id":"http:\/\/denizcankizil.tr\/ru\/haberler\/gundem\/soguk-havalar-geri-donuyor-antalyada-hava-6-dereceye-kadar-dusecek\/"},"wordCount":334,"publisher":{"@id":"https:\/\/denizcankizil.tr\/#organization"},"articleSection":["G\u00fcndem"],"inLanguage":"ru-RU"},{"@type":"WebPage","@id":"http:\/\/denizcankizil.tr\/ru\/haberler\/gundem\/soguk-havalar-geri-donuyor-antalyada-hava-6-dereceye-kadar-dusecek\/","url":"http:\/\/denizcankizil.tr\/ru\/haberler\/gundem\/soguk-havalar-geri-donuyor-antalyada-hava-6-dereceye-kadar-dusecek\/","name":"So\u011fuk havalar geri d\u00f6n\u00fcyor! Antalya\u2019da hava 6 dereceye kadar d\u00fc\u015fecek - Av. Deniz Can K\u0131z\u0131l","isPartOf":{"@id":"https:\/\/denizcankizil.tr\/#website"},"datePublished":"2025-03-14T14:41:19+00:00","dateModified":"2025-03-15T21:42:13+00:00","breadcrumb":{"@id":"http:\/\/denizcankizil.tr\/ru\/haberler\/gundem\/soguk-havalar-geri-donuyor-antalyada-hava-6-dereceye-kadar-dusecek\/#breadcrumb"},"inLanguage":"ru-RU","potentialAction":[{"@type":"ReadAction","target":["http:\/\/denizcankizil.tr\/ru\/haberler\/gundem\/soguk-havalar-geri-donuyor-antalyada-hava-6-dereceye-kadar-dusecek\/"]}]},{"@type":"BreadcrumbList","@id":"http:\/\/denizcankizil.tr\/ru\/haberler\/gundem\/soguk-havalar-geri-donuyor-antalyada-hava-6-dereceye-kadar-dusecek\/#breadcrumb","itemListElement":[{"@type":"ListItem","position":1,"name":"Home","item":"https:\/\/denizcankizil.tr\/de\/"},{"@type":"ListItem","position":2,"name":"So\u011fuk havalar geri d\u00f6n\u00fcyor! Antalya\u2019da hava 6 dereceye kadar d\u00fc\u015fecek"}]},{"@type":"WebSite","@id":"https:\/\/denizcankizil.tr\/#website","url":"https:\/\/denizcankizil.tr\/","name":"Av. Deniz Can K\u0131z\u0131l","description":"Avukat Deniz Can K\u0131z\u0131l Antalya Barosu","publisher":{"@id":"https:\/\/denizcankizil.tr\/#organization"},"potentialAction":[{"@type":"SearchAction","target":{"@type":"EntryPoint","urlTemplate":"https:\/\/denizcankizil.tr\/?s={search_term_string}"},"query-input":{"@type":"PropertyValueSpecification","valueRequired":true,"valueName":"search_term_string"}}],"inLanguage":"ru-RU"},{"@type":"Organization","@id":"https:\/\/denizcankizil.tr\/#organization","name":"Av. Deniz Can K\u0131z\u0131l","url":"https:\/\/denizcankizil.tr\/","logo":{"@type":"ImageObject","inLanguage":"ru-RU","@id":"https:\/\/denizcankizil.tr\/#\/schema\/logo\/image\/","url":"http:\/\/denizcankizil.tr\/wp-content\/uploads\/2024\/10\/siyah-logo-svg.svg","contentUrl":"http:\/\/denizcankizil.tr\/wp-content\/uploads\/2024\/10\/siyah-logo-svg.svg","width":1080,"height":1080,"caption":"Av. Deniz Can K\u0131z\u0131l"},"image":{"@id":"https:\/\/denizcankizil.tr\/#\/schema\/logo\/image\/"}},{"@type":"Person","@id":"https:\/\/denizcankizil.tr\/#\/schema\/person\/e1eb71bb4dd684d46563f0af307e1234","name":"Antalya K\u00f6rfez","image":{"@type":"ImageObject","inLanguage":"ru-RU","@id":"https:\/\/denizcankizil.tr\/#\/schema\/person\/image\/","url":"https:\/\/secure.gravatar.com\/avatar\/42b01982558a48a0b501fdcab6a408d3717ea5919095ee2e67b0e521799c5905?s=96&d=mm&r=g","contentUrl":"https:\/\/secure.gravatar.com\/avatar\/42b01982558a48a0b501fdcab6a408d3717ea5919095ee2e67b0e521799c5905?s=96&d=mm&r=g","caption":"Antalya K\u00f6rfez"},"sameAs":["http:\/\/www.antalyakorfez.com"],"url":"https:\/\/www.antalyakorfez.com\/soguk-havalar-geri-donuyor-antalyada-hava-6-dereceye-kadar-dusecek"}]}},"_links":{"self":[{"href":"http:\/\/denizcankizil.tr\/ru\/wp-json\/wp\/v2\/posts\/35703","targetHints":{"allow":["GET"]}}],"collection":[{"href":"http:\/\/denizcankizil.tr\/ru\/wp-json\/wp\/v2\/posts"}],"about":[{"href":"http:\/\/denizcankizil.tr\/ru\/wp-json\/wp\/v2\/types\/post"}],"author":[{"embeddable":true,"href":"http:\/\/denizcankizil.tr\/ru\/wp-json\/wp\/v2\/users\/5"}],"replies":[{"embeddable":true,"href":"http:\/\/denizcankizil.tr\/ru\/wp-json\/wp\/v2\/comments?post=35703"}],"version-history":[{"count":1,"href":"http:\/\/denizcankizil.tr\/ru\/wp-json\/wp\/v2\/posts\/35703\/revisions"}],"predecessor-version":[{"id":35817,"href":"http:\/\/denizcankizil.tr\/ru\/wp-json\/wp\/v2\/posts\/35703\/revisions\/35817"}],"wp:attachment":[{"href":"http:\/\/denizcankizil.tr\/ru\/wp-json\/wp\/v2\/media?parent=35703"}],"wp:term":[{"taxonomy":"category","embeddable":true,"href":"http:\/\/denizcankizil.tr\/ru\/wp-json\/wp\/v2\/categories?post=35703"},{"taxonomy":"post_tag","embeddable":true,"href":"http:\/\/denizcankizil.tr\/ru\/wp-json\/wp\/v2\/tags?post=35703"}],"curies":[{"name":"wp","href":"https:\/\/api.w.org\/{rel}","templated":true}]}}