{"id":35271,"date":"2025-03-10T15:09:50","date_gmt":"2025-03-10T12:09:50","guid":{"rendered":"https:\/\/denizcankizil.tr\/uncategorized-tr\/beraat-kararina-ragmen-tutukluluk-hukuki-cerceve-ve-uygulama\/"},"modified":"2025-03-10T15:09:50","modified_gmt":"2025-03-10T12:09:50","slug":"beraat-kararina-ragmen-tutukluluk-hukuki-cerceve-ve-uygulama","status":"publish","type":"post","link":"http:\/\/denizcankizil.tr\/ru\/koseyazilari\/degerlendirme\/beraat-kararina-ragmen-tutukluluk-hukuki-cerceve-ve-uygulama\/","title":{"rendered":"Beraat Karar\u0131na Ra\u011fmen Tutukluluk: Hukuki \u00c7er\u00e7eve ve Uygulama"},"content":{"rendered":"<p> <strong>Beraat karar\u0131na Ra\u011fmen Tutukluluk: Hukuki \u00c7er\u00e7eve\u200d ve Uygulama<\/strong><\/p>\n<p>Hukuk sisteminin \u2062temel ilkelerinden biri, bireylerin masumiyet karinesidir. Bu ilke, bir ki\u015finin su\u00e7lu oldu\u011fu kan\u0131tlanmad\u0131k\u00e7a masum say\u0131lmas\u0131n\u0131 \u00f6ng\u00f6rmektedir. Ancak, beraat karar\u0131 verilmesine\u200d ra\u011fmen\u200c tutukluluk halinin devam etmesi,\u2062 T\u00fcrk hukuk sisteminde\u2064 \u00f6nemli \u200cbir tart\u0131\u015fma konusu haline \u2063gelmi\u015ftir.Bu durum, hem bireylerin \u00f6zg\u00fcrl\u00fck\u200d haklar\u0131n\u0131n ihlali riski ta\u015f\u0131makta\u200b hem de adaletin tecellisi a\u00e7\u0131s\u0131ndan\u2064 ciddi sorunlar yaratmaktad\u0131r. <\/p>\n<p>Bu makalede,\u200d beraat karar\u0131na ra\u011fmen\u200c tutukluluk halinin hukuki \u00e7er\u00e7evesi\u2063 ve uygulamadaki\u2062 yans\u0131malar\u0131 ele al\u0131nacakt\u0131r. \u00d6ncelikle, \u200dberaat karar\u0131n\u0131n hukuki niteli\u011fi ve sonu\u00e7lar\u0131 \u00fczerinde durulacak; ard\u0131ndan, tutukluluk halinin devam etmesine ili\u015fkin yasal d\u00fczenlemeler ve Yarg\u0131tay i\u00e7tihatlar\u0131 incelenecektir. Son olarak, bu durumun pratikteki \u200dyans\u0131malar\u0131 ve\u200b bireylerin haklar\u0131 \u00fczerindeki etkileri de\u011ferlendirilecektir. Bu \u2062ba\u011flamda, hukukun \u00fcst\u00fcnl\u00fc\u011f\u00fc ilkesinin ve bireysel haklar\u0131n korunmas\u0131n\u0131n \u00f6nemi vurgulanacakt\u0131r.<br \/><img decoding=\"async\" class=\"kimage_class lazyload\" data-src=\"https:\/\/denizcankizil.tr\/wp-content\/uploads\/2024\/10\/bJieI-253D.jpg\" alt=\"Beraat Karar\u0131n\u0131n Anlam\u0131 ve Hukuki Dayana\u011f\u0131\" src=\"data:image\/svg+xml;base64,PHN2ZyB3aWR0aD0iMSIgaGVpZ2h0PSIxIiB4bWxucz0iaHR0cDovL3d3dy53My5vcmcvMjAwMC9zdmciPjwvc3ZnPg==\"><\/p>\n<h2 id=\"beraat-kararinin-anlami-ve-hukuki-dayanagi\">Beraat Karar\u0131n\u0131n Anlam\u0131 ve hukuki Dayana\u011f\u0131<\/h2>\n<section>\n<p>Beraat karar\u0131, bir ki\u015finin\u2062 su\u00e7lamalardan akland\u0131\u011f\u0131n\u0131 ve ceza\u2063 sorumlulu\u011funun bulunmad\u0131\u011f\u0131n\u0131 ifade eden hukuki bir\u200c sonu\u00e7tur. \u2063Bu karar, mahkeme taraf\u0131ndan verilen bir \u2064h\u00fck\u00fcm olup, san\u0131\u011f\u0131n\u200c su\u00e7 i\u015fledi\u011fine dair yeterli delil bulunmad\u0131\u011f\u0131 durumlarda verilir. \u200cBeraat, ceza muhakemesi s\u00fcrecinin \u00f6nemli bir a\u015famas\u0131d\u0131r ve san\u0131\u011f\u0131n masumiyet karinesinin bir\u200b yans\u0131mas\u0131 olarak kabul edilir.<\/p>\n<p>Beraat karar\u0131n\u0131n hukuki dayana\u011f\u0131, T\u00fcrk Ceza Kanunu ve Ceza Muhakemesi Kanunu&#8217;nda yer alan d\u00fczenlemelere\u2062 dayanmaktad\u0131r.\u200b \u00d6zellikle, <strong>Ceza Muhakemesi Kanunu<\/strong>\u2019nun 223.\u2064 maddesi, beraat \u2062karar\u0131n\u0131n verilmesi i\u00e7in gerekli \u015fartlar\u0131 belirlemektedir.\u2063 Bu maddeye g\u00f6re, san\u0131\u011f\u0131n su\u00e7 i\u015fledi\u011fine dair <a href=\"https:\/\/denizcankizil.tr\/ru\/seo\/antalyada-sahtecilik-suclarina-bakan-avukat-ve-mahkemeler\/\" title=\"Antalya&#039;da Sahtecilik Su\u00e7lar\u0131na Bakan Avukat ve ...ler\">delil yetersizli\u011fi<\/a> durumunda beraat \u200ckarar\u0131 verilir. Ayr\u0131ca, beraat karar\u0131, san\u0131\u011f\u0131n su\u00e7suzlu\u011funu \u200dkan\u0131tlamasa da,\u200b mahkeme taraf\u0131ndan su\u00e7lamalar\u0131n ge\u00e7ersiz\u2064 k\u0131l\u0131nd\u0131\u011f\u0131n\u0131 g\u00f6sterir.<\/p>\n<p>Beraat karar\u0131n\u0131n sonu\u00e7lar\u0131 aras\u0131nda, san\u0131\u011f\u0131n ceza almamas\u0131 ve su\u00e7lamalardan tamamen kurtulmas\u0131 yer\u2064 al\u0131r. \u2063Ancak, beraat \u200ckarar\u0131 verilmi\u015f olsa bile, san\u0131\u011f\u0131n tutukluluk hali devam edebilir. Bu durum, tutuklulu\u011fun hukuki\u2063 gerek\u00e7eleri ve mahkeme kararlar\u0131 \u2064ile ili\u015fkilidir. \u2064\u00d6rne\u011fin, san\u0131\u011f\u0131n ka\u00e7ma riski, delil\u200b karartma ihtimali \u200cveya ba\u015fka bir su\u00e7la\u2062 ilgili devam eden bir \u2063soru\u015fturma \u2064gibi nedenler, tutuklulu\u011fun\u2063 s\u00fcrmesine yol a\u00e7abilir.<\/p>\n<p>Sonu\u00e7 olarak, \u2062beraat karar\u0131, ceza muhakemesi s\u00fcrecinde \u00f6nemli bir yer tutmakta olup, san\u0131\u011f\u0131n su\u00e7suzlu\u011funu\u2062 kan\u0131tlamaktan\u200c ziyade, su\u00e7lamalar\u0131n ge\u00e7ersiz \u2062k\u0131l\u0131nd\u0131\u011f\u0131n\u0131 g\u00f6stermektedir. Ancak, tutukluluk durumu, beraat karar\u0131na ra\u011fmen devam edebilir ve bu \u2064durum, hukukun genel\u2062 ilkeleri \u00e7er\u00e7evesinde de\u011ferlendirilmelidir.<\/p>\n<\/section>\n<p><img decoding=\"async\" class=\"kimage_class lazyload\" data-src=\"https:\/\/denizcankizil.tr\/wp-content\/uploads\/2024\/10\/ii_200.jpg\" alt=\"Tutukluluk Halinin Hukuki \u00c7er\u00e7evesi\" src=\"data:image\/svg+xml;base64,PHN2ZyB3aWR0aD0iMSIgaGVpZ2h0PSIxIiB4bWxucz0iaHR0cDovL3d3dy53My5vcmcvMjAwMC9zdmciPjwvc3ZnPg==\"><\/p>\n<h2 id=\"tutukluluk-halinin-hukuki-cercevesi\">Tutukluluk Halinin Hukuki \u200c\u00c7er\u00e7evesi<\/h2>\n<section>\n<p>Tutukluluk, ceza yarg\u0131lamas\u0131\u200d s\u00fcrecinde \u2062\u00f6nemli bir hukuki durumdur ve \u200dbireylerin \u00f6zg\u00fcrl\u00fcklerini k\u0131s\u0131tlayan\u200c bir\u200d tedbirdir.T\u00fcrk\u200b Ceza Kanunu ve Ceza Muhakemesi Kanunu \u00e7er\u00e7evesinde, tutukluluk halinin uygulanmas\u0131 belirli ko\u015fullara ba\u011fl\u0131d\u0131r. Bu ba\u011flamda, tutukluluk, yaln\u0131zca\u200c su\u00e7un \u2063a\u011f\u0131rl\u0131\u011f\u0131 ve delil durumu gibi unsurlar g\u00f6z \u00f6n\u00fcnde\u2063 bulundurularak de\u011fil, ayn\u0131 zamanda san\u0131\u011f\u0131n ka\u00e7ma riski, \u200cdelil karartma\u2063 ihtimali ve toplumun g\u00fcvenli\u011fi gibi fakt\u00f6rler de dikkate\u200c al\u0131narak de\u011ferlendirilmelidir.<\/p>\n<p>Hukuki \u00e7er\u00e7eve i\u00e7erisinde, beraat \u2064karar\u0131 verilmesine ra\u011fmen tutukluluk halinin devam etmesi, \u200cbaz\u0131 durumlarda m\u00fcmk\u00fcn olabilmektedir. bu \u2063durum, \u2064\u00f6zellikle a\u015fa\u011f\u0131daki \u200dhallerde ortaya \u00e7\u0131kabilir:<\/p>\n<ul>\n<li><strong>Yeni Delillerin Ortaya \u00c7\u0131kmas\u0131:<\/strong> Beraat karar\u0131\u2062 verilmi\u015f olsa bile, yeni delillerin bulunmas\u0131 tutuklulu\u011fun devam\u0131n\u0131\u2063 gerektirebilir.<\/li>\n<li><strong>Ba\u015fka Bir Su\u00e7laman\u0131n\u2064 Bulunmas\u0131:<\/strong> San\u0131\u011f\u0131n ba\u015fka bir \u200csu\u00e7lamayla kar\u015f\u0131 kar\u015f\u0131ya kalmas\u0131 durumunda,\u200d tutukluluk hali devam edebilir.<\/li>\n<li><strong>ka\u00e7ma Riski:<\/strong> San\u0131\u011f\u0131n tutukluluk halinin devam\u0131, ka\u00e7ma riski ta\u015f\u0131d\u0131\u011f\u0131\u2062 durumlarda da s\u00f6z konusu olabilir.<\/li>\n<\/ul>\n<p>Sonu\u00e7 olarak, tutukluluk halinin hukuki \u00e7er\u00e7evesi, bireylerin haklar\u0131n\u0131 koruma\u200b amac\u0131 g\u00fcderken,\u200c ayn\u0131 zamanda toplumun g\u00fcvenli\u011fini sa\u011flamak ad\u0131na da \u00f6nemli bir denge kurmaktad\u0131r. Bu denge, yarg\u0131 organlar\u0131n\u0131n takdirine ba\u011fl\u0131 olarak \u200dde\u011fi\u015fiklik g\u00f6sterebilir ve her bir olay\u0131n kendi\u2063 \u00f6zel ko\u015fullar\u0131 \u00e7er\u00e7evesinde de\u011ferlendirilmesi gerekmektedir.<\/p>\n<\/section>\n<p><img decoding=\"async\" class=\"kimage_class lazyload\" data-src=\"https:\/\/denizcankizil.tr\/wp-content\/uploads\/2024\/10\/o04aha.jpg\" alt=\"Beraat Karar\u0131na\u2064 Ra\u011fmen Tutukluluk \u2064Uygulamalar\u0131n\u0131n \u0130ncelenmesi\" src=\"data:image\/svg+xml;base64,PHN2ZyB3aWR0aD0iMSIgaGVpZ2h0PSIxIiB4bWxucz0iaHR0cDovL3d3dy53My5vcmcvMjAwMC9zdmciPjwvc3ZnPg==\"><\/p>\n<h2 id=\"beraat-kararina-ragmen-tutukluluk-uygulamalarinin-incelenmesi\">Beraat Karar\u0131na Ra\u011fmen Tutukluluk Uygulamalar\u0131n\u0131n \u0130ncelenmesi<\/h2>\n<p><strong>Beraat karar\u0131, \u200bbir ki\u015finin su\u00e7lamalardan akland\u0131\u011f\u0131n\u0131 g\u00f6steren \u00f6nemli bir hukuki belgedir. Ancak, beraat karar\u0131na ra\u011fmen tutukluluk uygulamalar\u0131, T\u00fcrk hukuk sisteminde tart\u0131\u015fmal\u0131 bir konu olarak \u00f6ne \u00e7\u0131kmaktad\u0131r.<\/strong><\/p>\n<p>bu durum, \u00f6zellikle a\u015fa\u011f\u0131daki nedenlerden kaynaklanabilir:<\/p>\n<ul>\n<li><strong>Delil Yetersizli\u011fi:<\/strong> Beraat karar\u0131, su\u00e7un ispat edilemedi\u011fi anlam\u0131na \u200dgelirken, tutukluluk halinin devam etmesi, \u200dba\u015fka \u2062delillerin veya \u200byeni geli\u015fmelerin ortaya \u200d\u00e7\u0131kma ihtimaline \u200ddayanabilir.<\/li>\n<li><strong>Ka\u00e7ma Riski:<\/strong> Mahkeme, beraat karar\u0131 verse bile, san\u0131\u011f\u0131n ka\u00e7ma ihtimalini g\u00f6z \u00f6n\u00fcnde bulundurarak tutuklulu\u011fun devam\u0131na karar verebilir.<\/li>\n<li><strong>Toplum G\u00fcvenli\u011fi:<\/strong> Bazen, san\u0131\u011f\u0131n serbest b\u0131rak\u0131lmas\u0131 durumunda toplumda\u200b huzursuzluk\u2064 yaratabilece\u011fi\u2064 d\u00fc\u015f\u00fcn\u00fclerek tutukluluk s\u00fcreci uzat\u0131labilir.<\/li>\n<\/ul>\n<p>Bu \u2062ba\u011flamda, beraat\u200c karar\u0131na ra\u011fmen tutukluluk uygulamalar\u0131, \u200dhukukun\u200d \u00fcst\u00fcnl\u00fc\u011f\u00fc ve adil yarg\u0131lanma hakk\u0131 \u200da\u00e7\u0131s\u0131ndan \u00f6nemli bir tart\u0131\u015fma konusudur. Mahkemelerin, <a href=\"https:\/\/denizcankizil.tr\/ru\/hukukihaber\/dilan-polat-hakkinda-tahliye-karari\/\" title=\"Dilan Polat hakk\u0131nda tahliye karar\u0131\">tutukluluk halinin devam\u0131<\/a>na ili\u015fkin kararlar\u0131n\u0131 verirken, hukuki \u200c\u00e7er\u00e7eveye uygun \u2063hareket etmeleri \u2064ve bireylerin haklar\u0131n\u0131 g\u00f6zetmeleri gerekmektedir.\u2062 Bu durum, adaletin \u2062sa\u011flanmas\u0131 ve bireylerin haklar\u0131n\u0131n \u2062korunmas\u0131 \u200ba\u00e7\u0131s\u0131ndan kritik bir \u00f6neme sahiptir.<\/p>\n<p><img decoding=\"async\" class=\"kimage_class lazyload\" data-src=\"https:\/\/denizcankizil.tr\/wp-content\/uploads\/2024\/10\/2JauI-253D.jpg\" alt=\"Yarg\u0131tay \u0130\u00e7tihatlar\u0131 \u2062I\u015f\u0131\u011f\u0131nda \u200dBeraat ve Tutukluluk \u0130li\u015fkisi\" src=\"data:image\/svg+xml;base64,PHN2ZyB3aWR0aD0iMSIgaGVpZ2h0PSIxIiB4bWxucz0iaHR0cDovL3d3dy53My5vcmcvMjAwMC9zdmciPjwvc3ZnPg==\"><\/p>\n<h2 id=\"yargitay-ictihatlari-isiginda-beraat-ve-tutukluluk-iliskisi\">Yarg\u0131tay \u0130\u00e7tihatlar\u0131 \u200bI\u015f\u0131\u011f\u0131nda Beraat ve Tutukluluk \u0130li\u015fkisi<\/h2>\n<p><strong>Yarg\u0131tay i\u00e7tihatlar\u0131,beraat karar\u0131\u2063 verilmesine ra\u011fmen tutukluluk halinin\u2063 devam \u2063etmesi durumunu \u200bele al\u0131rken,hukukun \u2063temel ilkeleri ve bireylerin haklar\u0131 \u200ca\u00e7\u0131s\u0131ndan \u00f6nemli bir \u00e7er\u00e7eve sunmaktad\u0131r.<\/strong> beraat karar\u0131, san\u0131\u011f\u0131n su\u00e7lamalardan akland\u0131\u011f\u0131n\u0131 \u200bg\u00f6sterirken, \u2062tutukluluk halinin devam\u0131, \u00e7e\u015fitli \u200bhukuki \u200dgerek\u00e7elere dayand\u0131r\u0131labilir.\u200b Bu ba\u011flamda,Yarg\u0131tay\u2019\u0131n\u200c i\u00e7tihatlar\u0131,tutuklulu\u011fun hukuki dayanaklar\u0131n\u0131 \u2062ve s\u0131n\u0131rlar\u0131n\u0131 belirlemekte\u200c \u00f6nemli\u200b bir rol oynamaktad\u0131r.<\/p>\n<p><strong>Yarg\u0131tay\u2019\u0131n kararlar\u0131 do\u011frultusunda, beraat karar\u0131 verilmi\u015f olsa \u200bbile, tutukluluk \u2062halinin devam etmesine \u2063neden olabilecek baz\u0131 \u2064durumlar \u015funlard\u0131r:<\/strong><\/p>\n<ul>\n<li>San\u0131\u011f\u0131n ka\u00e7ma \u015f\u00fcphesi bulunmas\u0131<\/li>\n<li>Delil \u2064karartma\u2064 ihtimali<\/li>\n<li>Su\u00e7un niteli\u011fi ve a\u011f\u0131rl\u0131\u011f\u0131<\/li>\n<li>San\u0131\u011f\u0131n tekrar su\u00e7 i\u015fleme olas\u0131l\u0131\u011f\u0131<\/li>\n<\/ul>\n<p><strong>Bu unsurlar, tutuklulu\u011fun devam\u0131 i\u00e7in ge\u00e7erli birer gerek\u00e7e olarak de\u011ferlendirilebilir. \u200dYarg\u0131tay, <a href=\"https:\/\/denizcankizil.tr\/ru\/seo\/antalyada-kisisel-verilerin-korunmasi-hukuku-avukati-hangi-dava-turlerine-bakar-kvkk-dava-turlerinin-tamami-antalyadaki-adliye-ve-mahkemeler-listesi-nelerdir-antalyanin-ilceleri-hangileridir\/\" title=\"Antalya&#039;da Ki\u015fisel Verilerin Korunmas\u0131 Hukuku Avukat\u0131 Hangi Dava T\u00fcrlerine Bakar ? KVKK Dava T\u00fcrlerinin Tamam\u0131. Antalya&#039;daki Adliye ve ...ler Listesi Nelerdir? Antalya&#039;n\u0131n il\u00e7eleri hangileridir?\">bu t\u00fcr durumlarda<\/a>, bireylerin \u2064\u00f6zg\u00fcrl\u00fck haklar\u0131n\u0131 koruma amac\u0131yla, tutuklulu\u011fun istisnai bir tedbir\u200c oldu\u011funu vurgulamaktad\u0131r.<\/strong> Dolay\u0131s\u0131yla, beraat karar\u0131 verilmi\u015f olsa bile,\u200d tutukluluk halinin devam\u0131, somut olay\u0131n\u200c \u00f6zelliklerine ba\u011fl\u0131 olarak \u200chukuken m\u00fcmk\u00fcn olabilmektedir. bu durum, adaletin sa\u011flanmas\u0131 ve kamu g\u00fcvenli\u011finin korunmas\u0131 a\u00e7\u0131s\u0131ndan \u00f6nemli bir dengeyi ifade etmektedir.<\/p>\n<p><img decoding=\"async\" class=\"kimage_class lazyload\" data-src=\"https:\/\/denizcankizil.tr\/wp-content\/uploads\/2024\/10\/4382-antalyada-ticaret-hukuku-avukatlarinin-yetki-alanlari.jpg\" alt=\"Hukuki G\u00fcvence ve Beraat Sonras\u0131 Tutukluluk Durumu\" src=\"data:image\/svg+xml;base64,PHN2ZyB3aWR0aD0iMSIgaGVpZ2h0PSIxIiB4bWxucz0iaHR0cDovL3d3dy53My5vcmcvMjAwMC9zdmciPjwvc3ZnPg==\"><\/p>\n<h2 id=\"hukuki-guvence-ve-beraat-sonrasi-tutukluluk-durumu\">Hukuki\u200c G\u00fcvence\u2064 ve Beraat Sonras\u0131 Tutukluluk Durumu<\/h2>\n<section>\n<p>Beraat karar\u0131, bir ki\u015finin su\u00e7lamalardan akland\u0131\u011f\u0131n\u0131 g\u00f6steren\u200b \u00f6nemli bir hukuki belgedir. Ancak, beraat karar\u0131 verilmesine \u200dra\u011fmen, baz\u0131 durumlarda tutukluluk halinin devam etmesi s\u00f6z\u2062 konusu \u2063olabilir.Bu durum, \u2064hukukun \u00e7e\u015fitli y\u00f6nleriyle ba\u011flant\u0131l\u0131d\u0131r \u200bve belirli ko\u015fullar alt\u0131nda\u2064 ge\u00e7erlilik kazan\u0131r.<\/p>\n<p>Hukuki g\u00fcvence a\u00e7\u0131s\u0131ndan, beraat karar\u0131, \u2063san\u0131\u011f\u0131n su\u00e7suzlu\u011funu kan\u0131tlar.Ancak, <strong>tutuklulu\u011fun \u2064devam etmesi<\/strong> i\u00e7in baz\u0131 hukuki gerek\u00e7eler \u2062\u00f6ne s\u00fcr\u00fclebilir. Bu gerek\u00e7eler aras\u0131nda:<\/p>\n<ul>\n<li>Yeni\u2064 delillerin ortaya \u00e7\u0131kmas\u0131<\/li>\n<li>San\u0131\u011f\u0131n ka\u00e7ma ihtimali<\/li>\n<li>Su\u00e7un niteli\u011fi ve ciddiyeti<\/li>\n<\/ul>\n<p>bu ba\u011flamda, \u2062beraat \u2064karar\u0131 verilmi\u015f olsa bile, tutukluluk durumu, mahkeme\u2062 taraf\u0131ndan\u200c yeniden de\u011ferlendirilebilir. Mahkeme,\u2064 san\u0131\u011f\u0131n tutukluluk halinin devam edip etmeyece\u011fine karar verirken, yukar\u0131da belirtilen hususlar\u0131 dikkate\u2063 al\u0131r. Dolay\u0131s\u0131yla, beraat karar\u0131, otomatik olarak serbest b\u0131rak\u0131lmay\u0131 garanti etmez; \u2064her\u2063 durum kendi i\u00e7inde \u200cde\u011ferlendirilmelidir.<\/p>\n<\/section>\n<p><img decoding=\"async\" class=\"kimage_class lazyload\" data-src=\"https:\/\/denizcankizil.tr\/wp-content\/uploads\/2024\/10\/YhAY-253D.jpg\" alt=\"Uygulamada Kar\u015f\u0131la\u015f\u0131lan \u2064Sorunlar ve \u200d\u00c7\u00f6z\u00fcm \u00d6nerileri\" src=\"data:image\/svg+xml;base64,PHN2ZyB3aWR0aD0iMSIgaGVpZ2h0PSIxIiB4bWxucz0iaHR0cDovL3d3dy53My5vcmcvMjAwMC9zdmciPjwvc3ZnPg==\"><\/p>\n<h2 id=\"uygulamada-karsilasilan-sorunlar-ve-cozum-onerileri\">Uygulamada Kar\u015f\u0131la\u015f\u0131lan Sorunlar ve \u00c7\u00f6z\u00fcm \u00d6nerileri<\/h2>\n<section>\n<p>Beraat karar\u0131na ra\u011fmen tutukluluk durumu, T\u00fcrk hukuk sisteminde \u00f6nemli bir sorun\u2062 te\u015fkil etmektedir. Bu durum, hem bireylerin haklar\u0131n\u0131n ihlali anlam\u0131na gelirken hem de adaletin sa\u011flanmas\u0131nda ciddi \u200caksakl\u0131klara yol a\u00e7maktad\u0131r.Uygulamada \u200dkar\u015f\u0131la\u015f\u0131lan ba\u015fl\u0131ca sorunlar aras\u0131nda, tutukluluk halinin devam ettirilmesi i\u00e7in yeterli \u200chukuki gerek\u00e7elerin sunulmamas\u0131 ve\u2062 mahkemelerin \u2063beraat \u2064kararlar\u0131n\u0131 yeterince dikkate almamas\u0131 yer almaktad\u0131r.<\/p>\n<p>Bu sorunlar\u0131n \u00e7\u00f6z\u00fcm\u00fcne y\u00f6nelik \u00f6neriler a\u015fa\u011f\u0131da s\u0131ralanm\u0131\u015ft\u0131r:<\/p>\n<ul>\n<li><strong>Hukuki E\u011fitim\u200b ve \u2062Bilin\u00e7lendirme:<\/strong> Mahkeme ve savc\u0131l\u0131k personelinin beraat kararlar\u0131n\u0131n \u00f6nemi konusunda\u200d e\u011fitilmesi, uygulamada daha dikkatli ve adil kararlar al\u0131nmas\u0131na katk\u0131 sa\u011flayabilir.<\/li>\n<li><strong>Denetim Mekanizmalar\u0131n\u0131n G\u00fc\u00e7lendirilmesi:<\/strong> \u2062Tutukluluk \u2064s\u00fcrelerinin denetimi i\u00e7in ba\u011f\u0131ms\u0131z bir mekanizma olu\u015fturulmas\u0131, keyfi tutuklamalar\u0131n \u00f6n\u00fcne ge\u00e7ebilir.<\/li>\n<li><strong>Yasal D\u00fczenlemelerin G\u00f6zden\u2064 Ge\u00e7irilmesi:<\/strong> Mevcut yasalar\u0131n, beraat kararlar\u0131n\u0131n uygulanmas\u0131n\u0131 daha etkin\u200d hale getirecek \u015fekilde revize\u2063 edilmesi gerekmektedir.<\/li>\n<li><strong>Hukuki Yard\u0131m\u0131n\u2064 Art\u0131r\u0131lmas\u0131:<\/strong> Tutuklu bireylerin haklar\u0131n\u0131 savunabilmeleri \u2063i\u00e7in yeterli hukuki destek almalar\u0131 sa\u011flanmal\u0131d\u0131r.<\/li>\n<\/ul>\n<p>Sonu\u00e7\u2063 olarak, beraat karar\u0131na\u2063 ra\u011fmen tutukluluk durumu, T\u00fcrk \u200bhukuk sisteminde\u2063 \u00e7\u00f6z\u00fclmesi gereken \u00f6nemli bir meseledir. Yukar\u0131da belirtilen \u00f6nerilerin hayata ge\u00e7irilmesi, adaletin sa\u011flanmas\u0131 ve bireylerin haklar\u0131n\u0131n korunmas\u0131 a\u00e7\u0131s\u0131ndan b\u00fcy\u00fck \u00f6nem ta\u015f\u0131maktad\u0131r.<\/p>\n<\/section>\n<p>Sonu\u00e7 olarak, \u200cberaat karar\u0131na ra\u011fmen tutukluluk \u2064hali, T\u00fcrk\u2063 hukuk sisteminde \u00f6nemli\u2063 bir tart\u0131\u015fma konusu olarak kar\u015f\u0131m\u0131za \u00e7\u0131kmaktad\u0131r.Bu durum, ceza muhakemesi hukukunun temel \u2062ilkeleri ile\u2062 bireylerin haklar\u0131 aras\u0131nda bir\u2063 denge kurma gereklili\u011fini ortaya koymaktad\u0131r. Beraat karar\u0131, bir ki\u015finin su\u00e7suzlu\u011funu g\u00f6sterirken, tutukluluk halinin devam etmesi, hukukun \u00fcst\u00fcnl\u00fc\u011f\u00fc ilkesine ve adil yarg\u0131lanma hakk\u0131na ayk\u0131r\u0131\u2063 sonu\u00e7lar do\u011furabilir. <\/p>\n<p>Bu ba\u011flamda, <a href=\"https:\/\/denizcankizil.tr\/ru\/koseyazilari\/degerlendirme\/somut-olaylar-baglaminda-manevi-unsurlarin-degerlendirilmesi\/\" title=\"Somut Olaylar Ba\u011flam\u0131nda Manevi Unsurlar\u0131n De\u011ferlendirilmesi\">yarg\u0131 organlar\u0131n\u0131n ve hukuk uygulay\u0131c\u0131lar\u0131n\u0131n<\/a>,\u200c beraat kararlar\u0131n\u0131n ard\u0131ndan tutukluluk halinin\u2064 devam etmesi \u2062durumunda, hukuki \u2064\u00e7er\u00e7eveyi titizlikle de\u011ferlendirmeleri ve bireylerin haklar\u0131n\u0131 \u200bkoruma y\u00fck\u00fcml\u00fcl\u00fc\u011f\u00fcn\u00fc\u200b g\u00f6z \u00f6n\u00fcnde bulundurmalar\u0131 b\u00fcy\u00fck \u00f6nem ta\u015f\u0131maktad\u0131r. Gelecekte, bu konudaki uygulamalar\u0131n daha net bir \u00e7er\u00e7eveye oturtulmas\u0131, hem bireylerin \u2062haklar\u0131n\u0131n g\u00fcvence\u2062 alt\u0131na al\u0131nmas\u0131 hem \u200bde adaletin sa\u011flanmas\u0131 a\u00e7\u0131s\u0131ndan kritik bir ad\u0131m olacakt\u0131r. T\u00fcrk hukuk \u200csisteminin bu t\u00fcr karma\u015f\u0131k meselelerle\u2062 ba\u015fa \u00e7\u0131kabilmesi, hukukun evrensel ilkelerine ba\u011fl\u0131 kal\u0131narak ger\u00e7ekle\u015ftirilecek reformlarla m\u00fcmk\u00fcn olacakt\u0131r. <\/p>","protected":false},"excerpt":{"rendered":"<p>Beraat karar\u0131na ra\u011fmen tutukluluk durumu, T\u00fcrk hukuk sisteminde \u00f6nemli bir tart\u0131\u015fma konusudur. Bu durum, hukukun \u00fcst\u00fcnl\u00fc\u011f\u00fc ilkesine ayk\u0131r\u0131 olabilece\u011fi gibi, tutuklulu\u011fun gereklili\u011fi ve s\u00fcreklili\u011fi a\u00e7\u0131s\u0131ndan da \u00e7e\u015fitli hukuki sorunlar do\u011furabilir.<\/p>","protected":false},"author":4,"featured_media":0,"comment_status":"open","ping_status":"open","sticky":false,"template":"","format":"standard","meta":{"_acf_changed":false,"footnotes":""},"categories":[22],"tags":[],"class_list":["post-35271","post","type-post","status-publish","format-standard","hentry","category-degerlendirme"],"acf":[],"yoast_head":"<!-- This site is optimized with the Yoast SEO Premium plugin v26.6 (Yoast SEO v27.1.1) - https:\/\/yoast.com\/product\/yoast-seo-premium-wordpress\/ -->\n<title>Beraat Karar\u0131na Ra\u011fmen Tutukluluk: Hukuki \u00c7er\u00e7eve ve Uygulama - Av. Deniz Can K\u0131z\u0131l<\/title>\n<meta name=\"robots\" content=\"index, follow, max-snippet:-1, max-image-preview:large, max-video-preview:-1\" \/>\n<link rel=\"canonical\" href=\"http:\/\/denizcankizil.tr\/ru\/koseyazilari\/degerlendirme\/beraat-kararina-ragmen-tutukluluk-hukuki-cerceve-ve-uygulama\/\" \/>\n<meta property=\"og:locale\" content=\"ru_RU\" \/>\n<meta property=\"og:type\" content=\"article\" \/>\n<meta property=\"og:title\" content=\"Beraat Karar\u0131na Ra\u011fmen Tutukluluk: Hukuki \u00c7er\u00e7eve ve Uygulama\" \/>\n<meta property=\"og:description\" content=\"Beraat karar\u0131na ra\u011fmen tutukluluk durumu, T\u00fcrk hukuk sisteminde \u00f6nemli bir tart\u0131\u015fma konusudur. Bu durum, hukukun \u00fcst\u00fcnl\u00fc\u011f\u00fc ilkesine ayk\u0131r\u0131 olabilece\u011fi gibi, tutuklulu\u011fun gereklili\u011fi ve s\u00fcreklili\u011fi a\u00e7\u0131s\u0131ndan da \u00e7e\u015fitli hukuki sorunlar do\u011furabilir.\" \/>\n<meta property=\"og:url\" content=\"http:\/\/denizcankizil.tr\/ru\/koseyazilari\/degerlendirme\/beraat-kararina-ragmen-tutukluluk-hukuki-cerceve-ve-uygulama\/\" \/>\n<meta property=\"og:site_name\" content=\"Av. Deniz Can K\u0131z\u0131l\" \/>\n<meta property=\"article:published_time\" content=\"2025-03-10T12:09:50+00:00\" \/>\n<meta property=\"og:image\" content=\"https:\/\/denizcankizil.tr\/wp-content\/uploads\/2024\/10\/bJieI-253D.jpg\" \/>\n<meta name=\"author\" content=\"Av. Deniz Can K\u0131z\u0131l\" \/>\n<meta name=\"twitter:card\" content=\"summary_large_image\" \/>\n<meta name=\"twitter:label1\" content=\"\u041d\u0430\u043f\u0438\u0441\u0430\u043d\u043e \u0430\u0432\u0442\u043e\u0440\u043e\u043c\" \/>\n\t<meta name=\"twitter:data1\" content=\"Av. Deniz Can K\u0131z\u0131l\" \/>\n\t<meta name=\"twitter:label2\" content=\"\u041f\u0440\u0438\u043c\u0435\u0440\u043d\u043e\u0435 \u0432\u0440\u0435\u043c\u044f \u0434\u043b\u044f \u0447\u0442\u0435\u043d\u0438\u044f\" \/>\n\t<meta name=\"twitter:data2\" content=\"8 \u043c\u0438\u043d\u0443\u0442\" \/>\n<script type=\"application\/ld+json\" class=\"yoast-schema-graph\">{\"@context\":\"https:\/\/schema.org\",\"@graph\":[{\"@type\":\"Article\",\"@id\":\"http:\/\/denizcankizil.tr\/ru\/koseyazilari\/degerlendirme\/beraat-kararina-ragmen-tutukluluk-hukuki-cerceve-ve-uygulama\/#article\",\"isPartOf\":{\"@id\":\"http:\/\/denizcankizil.tr\/ru\/koseyazilari\/degerlendirme\/beraat-kararina-ragmen-tutukluluk-hukuki-cerceve-ve-uygulama\/\"},\"author\":{\"name\":\"Av. Deniz Can K\u0131z\u0131l\",\"@id\":\"https:\/\/denizcankizil.tr\/de\/#\/schema\/person\/5dc1b22991bd7ac833867c10afc9b0ff\"},\"headline\":\"Beraat Karar\u0131na Ra\u011fmen Tutukluluk: Hukuki \u00c7er\u00e7eve ve Uygulama\",\"datePublished\":\"2025-03-10T12:09:50+00:00\",\"mainEntityOfPage\":{\"@id\":\"http:\/\/denizcankizil.tr\/ru\/koseyazilari\/degerlendirme\/beraat-kararina-ragmen-tutukluluk-hukuki-cerceve-ve-uygulama\/\"},\"wordCount\":1711,\"commentCount\":0,\"publisher\":{\"@id\":\"https:\/\/denizcankizil.tr\/de\/#organization\"},\"image\":{\"@id\":\"http:\/\/denizcankizil.tr\/ru\/koseyazilari\/degerlendirme\/beraat-kararina-ragmen-tutukluluk-hukuki-cerceve-ve-uygulama\/#primaryimage\"},\"thumbnailUrl\":\"https:\/\/denizcankizil.tr\/wp-content\/uploads\/2024\/10\/bJieI-253D.jpg\",\"articleSection\":[\"De\u011ferlendirme\"],\"inLanguage\":\"ru-RU\",\"potentialAction\":[{\"@type\":\"CommentAction\",\"name\":\"Comment\",\"target\":[\"http:\/\/denizcankizil.tr\/ru\/koseyazilari\/degerlendirme\/beraat-kararina-ragmen-tutukluluk-hukuki-cerceve-ve-uygulama\/#respond\"]}]},{\"@type\":\"WebPage\",\"@id\":\"http:\/\/denizcankizil.tr\/ru\/koseyazilari\/degerlendirme\/beraat-kararina-ragmen-tutukluluk-hukuki-cerceve-ve-uygulama\/\",\"url\":\"http:\/\/denizcankizil.tr\/ru\/koseyazilari\/degerlendirme\/beraat-kararina-ragmen-tutukluluk-hukuki-cerceve-ve-uygulama\/\",\"name\":\"Beraat Karar\u0131na Ra\u011fmen Tutukluluk: Hukuki \u00c7er\u00e7eve ve Uygulama - Av. Deniz Can K\u0131z\u0131l\",\"isPartOf\":{\"@id\":\"https:\/\/denizcankizil.tr\/de\/#website\"},\"primaryImageOfPage\":{\"@id\":\"http:\/\/denizcankizil.tr\/ru\/koseyazilari\/degerlendirme\/beraat-kararina-ragmen-tutukluluk-hukuki-cerceve-ve-uygulama\/#primaryimage\"},\"image\":{\"@id\":\"http:\/\/denizcankizil.tr\/ru\/koseyazilari\/degerlendirme\/beraat-kararina-ragmen-tutukluluk-hukuki-cerceve-ve-uygulama\/#primaryimage\"},\"thumbnailUrl\":\"https:\/\/denizcankizil.tr\/wp-content\/uploads\/2024\/10\/bJieI-253D.jpg\",\"datePublished\":\"2025-03-10T12:09:50+00:00\",\"breadcrumb\":{\"@id\":\"http:\/\/denizcankizil.tr\/ru\/koseyazilari\/degerlendirme\/beraat-kararina-ragmen-tutukluluk-hukuki-cerceve-ve-uygulama\/#breadcrumb\"},\"inLanguage\":\"ru-RU\",\"potentialAction\":[{\"@type\":\"ReadAction\",\"target\":[\"http:\/\/denizcankizil.tr\/ru\/koseyazilari\/degerlendirme\/beraat-kararina-ragmen-tutukluluk-hukuki-cerceve-ve-uygulama\/\"]}]},{\"@type\":\"ImageObject\",\"inLanguage\":\"ru-RU\",\"@id\":\"http:\/\/denizcankizil.tr\/ru\/koseyazilari\/degerlendirme\/beraat-kararina-ragmen-tutukluluk-hukuki-cerceve-ve-uygulama\/#primaryimage\",\"url\":\"https:\/\/denizcankizil.tr\/wp-content\/uploads\/2024\/10\/bJieI-253D.jpg\",\"contentUrl\":\"https:\/\/denizcankizil.tr\/wp-content\/uploads\/2024\/10\/bJieI-253D.jpg\"},{\"@type\":\"BreadcrumbList\",\"@id\":\"http:\/\/denizcankizil.tr\/ru\/koseyazilari\/degerlendirme\/beraat-kararina-ragmen-tutukluluk-hukuki-cerceve-ve-uygulama\/#breadcrumb\",\"itemListElement\":[{\"@type\":\"ListItem\",\"position\":1,\"name\":\"Home\",\"item\":\"https:\/\/denizcankizil.tr\/de\/\"},{\"@type\":\"ListItem\",\"position\":2,\"name\":\"Beraat Karar\u0131na Ra\u011fmen Tutukluluk: Hukuki \u00c7er\u00e7eve ve Uygulama\"}]},{\"@type\":\"WebSite\",\"@id\":\"https:\/\/denizcankizil.tr\/de\/#website\",\"url\":\"https:\/\/denizcankizil.tr\/de\/\",\"name\":\"Av. Deniz Can K\u0131z\u0131l\",\"description\":\"Avukat Deniz Can K\u0131z\u0131l Antalya Barosu\",\"publisher\":{\"@id\":\"https:\/\/denizcankizil.tr\/de\/#organization\"},\"potentialAction\":[{\"@type\":\"SearchAction\",\"target\":{\"@type\":\"EntryPoint\",\"urlTemplate\":\"https:\/\/denizcankizil.tr\/de\/?s={search_term_string}\"},\"query-input\":{\"@type\":\"PropertyValueSpecification\",\"valueRequired\":true,\"valueName\":\"search_term_string\"}}],\"inLanguage\":\"ru-RU\"},{\"@type\":\"Organization\",\"@id\":\"https:\/\/denizcankizil.tr\/de\/#organization\",\"name\":\"Av. Deniz Can K\u0131z\u0131l\",\"url\":\"https:\/\/denizcankizil.tr\/de\/\",\"logo\":{\"@type\":\"ImageObject\",\"inLanguage\":\"ru-RU\",\"@id\":\"https:\/\/denizcankizil.tr\/de\/#\/schema\/logo\/image\/\",\"url\":\"http:\/\/denizcankizil.tr\/wp-content\/uploads\/2024\/10\/siyah-logo-svg.svg\",\"contentUrl\":\"http:\/\/denizcankizil.tr\/wp-content\/uploads\/2024\/10\/siyah-logo-svg.svg\",\"width\":1080,\"height\":1080,\"caption\":\"Av. Deniz Can K\u0131z\u0131l\"},\"image\":{\"@id\":\"https:\/\/denizcankizil.tr\/de\/#\/schema\/logo\/image\/\"}},{\"@type\":\"Person\",\"@id\":\"https:\/\/denizcankizil.tr\/de\/#\/schema\/person\/5dc1b22991bd7ac833867c10afc9b0ff\",\"name\":\"Av. Deniz Can K\u0131z\u0131l\",\"image\":{\"@type\":\"ImageObject\",\"inLanguage\":\"ru-RU\",\"@id\":\"https:\/\/denizcankizil.tr\/de\/#\/schema\/person\/image\/\",\"url\":\"https:\/\/secure.gravatar.com\/avatar\/a0b128fb9855c79efc976d5640eedb31dc35ec297594d6016d2cf7c60e975bb6?s=96&d=mm&r=g\",\"contentUrl\":\"https:\/\/secure.gravatar.com\/avatar\/a0b128fb9855c79efc976d5640eedb31dc35ec297594d6016d2cf7c60e975bb6?s=96&d=mm&r=g\",\"caption\":\"Av. Deniz Can K\u0131z\u0131l\"},\"sameAs\":[\"http:\/\/www.denizcankizil.tr\"],\"url\":\"http:\/\/denizcankizil.tr\/ru\/author\/denizcankizil\/\"}]}<\/script>\n<!-- \/ Yoast SEO Premium plugin. -->","yoast_head_json":{"title":"Beraat Karar\u0131na Ra\u011fmen Tutukluluk: Hukuki \u00c7er\u00e7eve ve Uygulama - Av. Deniz Can K\u0131z\u0131l","robots":{"index":"index","follow":"follow","max-snippet":"max-snippet:-1","max-image-preview":"max-image-preview:large","max-video-preview":"max-video-preview:-1"},"canonical":"http:\/\/denizcankizil.tr\/ru\/koseyazilari\/degerlendirme\/beraat-kararina-ragmen-tutukluluk-hukuki-cerceve-ve-uygulama\/","og_locale":"ru_RU","og_type":"article","og_title":"Beraat Karar\u0131na Ra\u011fmen Tutukluluk: Hukuki \u00c7er\u00e7eve ve Uygulama","og_description":"Beraat karar\u0131na ra\u011fmen tutukluluk durumu, T\u00fcrk hukuk sisteminde \u00f6nemli bir tart\u0131\u015fma konusudur. Bu durum, hukukun \u00fcst\u00fcnl\u00fc\u011f\u00fc ilkesine ayk\u0131r\u0131 olabilece\u011fi gibi, tutuklulu\u011fun gereklili\u011fi ve s\u00fcreklili\u011fi a\u00e7\u0131s\u0131ndan da \u00e7e\u015fitli hukuki sorunlar do\u011furabilir.","og_url":"http:\/\/denizcankizil.tr\/ru\/koseyazilari\/degerlendirme\/beraat-kararina-ragmen-tutukluluk-hukuki-cerceve-ve-uygulama\/","og_site_name":"Av. Deniz Can K\u0131z\u0131l","article_published_time":"2025-03-10T12:09:50+00:00","og_image":[{"url":"https:\/\/denizcankizil.tr\/wp-content\/uploads\/2024\/10\/bJieI-253D.jpg","type":"","width":"","height":""}],"author":"Av. Deniz Can K\u0131z\u0131l","twitter_card":"summary_large_image","twitter_misc":{"\u041d\u0430\u043f\u0438\u0441\u0430\u043d\u043e \u0430\u0432\u0442\u043e\u0440\u043e\u043c":"Av. Deniz Can K\u0131z\u0131l","\u041f\u0440\u0438\u043c\u0435\u0440\u043d\u043e\u0435 \u0432\u0440\u0435\u043c\u044f \u0434\u043b\u044f \u0447\u0442\u0435\u043d\u0438\u044f":"8 \u043c\u0438\u043d\u0443\u0442"},"schema":{"@context":"https:\/\/schema.org","@graph":[{"@type":"Article","@id":"http:\/\/denizcankizil.tr\/ru\/koseyazilari\/degerlendirme\/beraat-kararina-ragmen-tutukluluk-hukuki-cerceve-ve-uygulama\/#article","isPartOf":{"@id":"http:\/\/denizcankizil.tr\/ru\/koseyazilari\/degerlendirme\/beraat-kararina-ragmen-tutukluluk-hukuki-cerceve-ve-uygulama\/"},"author":{"name":"Av. Deniz Can K\u0131z\u0131l","@id":"https:\/\/denizcankizil.tr\/de\/#\/schema\/person\/5dc1b22991bd7ac833867c10afc9b0ff"},"headline":"Beraat Karar\u0131na Ra\u011fmen Tutukluluk: Hukuki \u00c7er\u00e7eve ve Uygulama","datePublished":"2025-03-10T12:09:50+00:00","mainEntityOfPage":{"@id":"http:\/\/denizcankizil.tr\/ru\/koseyazilari\/degerlendirme\/beraat-kararina-ragmen-tutukluluk-hukuki-cerceve-ve-uygulama\/"},"wordCount":1711,"commentCount":0,"publisher":{"@id":"https:\/\/denizcankizil.tr\/de\/#organization"},"image":{"@id":"http:\/\/denizcankizil.tr\/ru\/koseyazilari\/degerlendirme\/beraat-kararina-ragmen-tutukluluk-hukuki-cerceve-ve-uygulama\/#primaryimage"},"thumbnailUrl":"https:\/\/denizcankizil.tr\/wp-content\/uploads\/2024\/10\/bJieI-253D.jpg","articleSection":["De\u011ferlendirme"],"inLanguage":"ru-RU","potentialAction":[{"@type":"CommentAction","name":"Comment","target":["http:\/\/denizcankizil.tr\/ru\/koseyazilari\/degerlendirme\/beraat-kararina-ragmen-tutukluluk-hukuki-cerceve-ve-uygulama\/#respond"]}]},{"@type":"WebPage","@id":"http:\/\/denizcankizil.tr\/ru\/koseyazilari\/degerlendirme\/beraat-kararina-ragmen-tutukluluk-hukuki-cerceve-ve-uygulama\/","url":"http:\/\/denizcankizil.tr\/ru\/koseyazilari\/degerlendirme\/beraat-kararina-ragmen-tutukluluk-hukuki-cerceve-ve-uygulama\/","name":"Beraat Karar\u0131na Ra\u011fmen Tutukluluk: Hukuki \u00c7er\u00e7eve ve Uygulama - Av. Deniz Can K\u0131z\u0131l","isPartOf":{"@id":"https:\/\/denizcankizil.tr\/de\/#website"},"primaryImageOfPage":{"@id":"http:\/\/denizcankizil.tr\/ru\/koseyazilari\/degerlendirme\/beraat-kararina-ragmen-tutukluluk-hukuki-cerceve-ve-uygulama\/#primaryimage"},"image":{"@id":"http:\/\/denizcankizil.tr\/ru\/koseyazilari\/degerlendirme\/beraat-kararina-ragmen-tutukluluk-hukuki-cerceve-ve-uygulama\/#primaryimage"},"thumbnailUrl":"https:\/\/denizcankizil.tr\/wp-content\/uploads\/2024\/10\/bJieI-253D.jpg","datePublished":"2025-03-10T12:09:50+00:00","breadcrumb":{"@id":"http:\/\/denizcankizil.tr\/ru\/koseyazilari\/degerlendirme\/beraat-kararina-ragmen-tutukluluk-hukuki-cerceve-ve-uygulama\/#breadcrumb"},"inLanguage":"ru-RU","potentialAction":[{"@type":"ReadAction","target":["http:\/\/denizcankizil.tr\/ru\/koseyazilari\/degerlendirme\/beraat-kararina-ragmen-tutukluluk-hukuki-cerceve-ve-uygulama\/"]}]},{"@type":"ImageObject","inLanguage":"ru-RU","@id":"http:\/\/denizcankizil.tr\/ru\/koseyazilari\/degerlendirme\/beraat-kararina-ragmen-tutukluluk-hukuki-cerceve-ve-uygulama\/#primaryimage","url":"https:\/\/denizcankizil.tr\/wp-content\/uploads\/2024\/10\/bJieI-253D.jpg","contentUrl":"https:\/\/denizcankizil.tr\/wp-content\/uploads\/2024\/10\/bJieI-253D.jpg"},{"@type":"BreadcrumbList","@id":"http:\/\/denizcankizil.tr\/ru\/koseyazilari\/degerlendirme\/beraat-kararina-ragmen-tutukluluk-hukuki-cerceve-ve-uygulama\/#breadcrumb","itemListElement":[{"@type":"ListItem","position":1,"name":"Home","item":"https:\/\/denizcankizil.tr\/de\/"},{"@type":"ListItem","position":2,"name":"Beraat Karar\u0131na Ra\u011fmen Tutukluluk: Hukuki \u00c7er\u00e7eve ve Uygulama"}]},{"@type":"WebSite","@id":"https:\/\/denizcankizil.tr\/de\/#website","url":"https:\/\/denizcankizil.tr\/de\/","name":"Av. Deniz Can K\u0131z\u0131l","description":"Avukat Deniz Can K\u0131z\u0131l Antalya Barosu","publisher":{"@id":"https:\/\/denizcankizil.tr\/de\/#organization"},"potentialAction":[{"@type":"SearchAction","target":{"@type":"EntryPoint","urlTemplate":"https:\/\/denizcankizil.tr\/de\/?s={search_term_string}"},"query-input":{"@type":"PropertyValueSpecification","valueRequired":true,"valueName":"search_term_string"}}],"inLanguage":"ru-RU"},{"@type":"Organization","@id":"https:\/\/denizcankizil.tr\/de\/#organization","name":"Av. Deniz Can K\u0131z\u0131l","url":"https:\/\/denizcankizil.tr\/de\/","logo":{"@type":"ImageObject","inLanguage":"ru-RU","@id":"https:\/\/denizcankizil.tr\/de\/#\/schema\/logo\/image\/","url":"http:\/\/denizcankizil.tr\/wp-content\/uploads\/2024\/10\/siyah-logo-svg.svg","contentUrl":"http:\/\/denizcankizil.tr\/wp-content\/uploads\/2024\/10\/siyah-logo-svg.svg","width":1080,"height":1080,"caption":"Av. Deniz Can K\u0131z\u0131l"},"image":{"@id":"https:\/\/denizcankizil.tr\/de\/#\/schema\/logo\/image\/"}},{"@type":"Person","@id":"https:\/\/denizcankizil.tr\/de\/#\/schema\/person\/5dc1b22991bd7ac833867c10afc9b0ff","name":"Av. Deniz Can K\u0131z\u0131l","image":{"@type":"ImageObject","inLanguage":"ru-RU","@id":"https:\/\/denizcankizil.tr\/de\/#\/schema\/person\/image\/","url":"https:\/\/secure.gravatar.com\/avatar\/a0b128fb9855c79efc976d5640eedb31dc35ec297594d6016d2cf7c60e975bb6?s=96&d=mm&r=g","contentUrl":"https:\/\/secure.gravatar.com\/avatar\/a0b128fb9855c79efc976d5640eedb31dc35ec297594d6016d2cf7c60e975bb6?s=96&d=mm&r=g","caption":"Av. Deniz Can K\u0131z\u0131l"},"sameAs":["http:\/\/www.denizcankizil.tr"],"url":"http:\/\/denizcankizil.tr\/ru\/author\/denizcankizil\/"}]}},"_links":{"self":[{"href":"http:\/\/denizcankizil.tr\/ru\/wp-json\/wp\/v2\/posts\/35271","targetHints":{"allow":["GET"]}}],"collection":[{"href":"http:\/\/denizcankizil.tr\/ru\/wp-json\/wp\/v2\/posts"}],"about":[{"href":"http:\/\/denizcankizil.tr\/ru\/wp-json\/wp\/v2\/types\/post"}],"author":[{"embeddable":true,"href":"http:\/\/denizcankizil.tr\/ru\/wp-json\/wp\/v2\/users\/4"}],"replies":[{"embeddable":true,"href":"http:\/\/denizcankizil.tr\/ru\/wp-json\/wp\/v2\/comments?post=35271"}],"version-history":[{"count":0,"href":"http:\/\/denizcankizil.tr\/ru\/wp-json\/wp\/v2\/posts\/35271\/revisions"}],"wp:attachment":[{"href":"http:\/\/denizcankizil.tr\/ru\/wp-json\/wp\/v2\/media?parent=35271"}],"wp:term":[{"taxonomy":"category","embeddable":true,"href":"http:\/\/denizcankizil.tr\/ru\/wp-json\/wp\/v2\/categories?post=35271"},{"taxonomy":"post_tag","embeddable":true,"href":"http:\/\/denizcankizil.tr\/ru\/wp-json\/wp\/v2\/tags?post=35271"}],"curies":[{"name":"wp","href":"https:\/\/api.w.org\/{rel}","templated":true}]}}